{"id":48247,"date":"2023-12-18T13:33:14","date_gmt":"2023-12-18T11:33:14","guid":{"rendered":"https:\/\/www.laguiadepamplona.com\/actualidad\/?p=48247"},"modified":"2023-12-18T13:33:14","modified_gmt":"2023-12-18T11:33:14","slug":"la-adecuacion-del-espacio-entre-las-calles-bosquecillo-taconera-y-navas-de-tolosa-potenciara-la-relacion-peatonal-con-los-jardines-de-la-taconera","status":"publish","type":"post","link":"https:\/\/www.laguiadepamplona.com\/actualidad\/la-adecuacion-del-espacio-entre-las-calles-bosquecillo-taconera-y-navas-de-tolosa-potenciara-la-relacion-peatonal-con-los-jardines-de-la-taconera\/","title":{"rendered":"La adecuaci\u00f3n del espacio entre las calles Bosquecillo, Taconera y Navas de Tolosa potenciar\u00e1 la relaci\u00f3n peatonal con los jardines de la Taconera"},"content":{"rendered":"<h2>La Junta de Gobierno Local aprueba la licitaci\u00f3n de la redacci\u00f3n del proyecto de adecuaci\u00f3n y renovaci\u00f3n de redes de la zona<\/h2>\n<p><!--more--><\/p>\n<p>La Junta de Gobierno Local ha aprobado la licitaci\u00f3n de la redacci\u00f3n del proyecto de adecuaci\u00f3n y renovaci\u00f3n de redes en la zona del Bosquecillo, en el Primer Ensanche. La licitaci\u00f3n, por un importe m\u00e1ximo de 102.850 euros, incluye la redacci\u00f3n del proyecto y, en su caso, la direcci\u00f3n de obra, con 51.425 euros destinados a cada parte. El plazo de ejecuci\u00f3n ser\u00e1 de 90 d\u00edas naturales.<br \/>\n<script async src=\"\/\/pagead2.googlesyndication.com\/pagead\/js\/adsbygoogle.js\"><\/script><br \/>\n<!-- Noticias La Guia de Pamplona --><br \/>\n<ins class=\"adsbygoogle\"\nstyle=\"display:block\"\ndata-ad-client=\"ca-pub-6943679897239327\"\ndata-ad-slot=\"7048180777\"\ndata-ad-format=\"auto\"><\/ins><br \/>\n<script>\n(adsbygoogle = window.adsbygoogle || []).push({});\n<\/script><\/p>\n<p>El proyecto de adecuaci\u00f3n abarca el \u00e1rea comprendida entre las calles Bosquecillo, Taconera y Navas de Tolosa, en la trasera del hotel Tres Reyes. Esa zona ha tenido distintas intervenciones de reurbanizaci\u00f3n y alberga los aseos p\u00fablicos y un quiosco \u2013 cafeter\u00eda en concesi\u00f3n. Las obras que se plantean incluyen la mejora del suelo y subsuelo, la pavimentaci\u00f3n de un tramo junto a la acera de Navas de Tolosa, la renovaci\u00f3n del alumbrado p\u00fablico y el saneamiento del quiosco. Se valorar\u00e1 la posibilidad de un nuevo acceso de los aseos p\u00fablicos hacia el Bosquecillo.<\/p>\n<p>La licitaci\u00f3n del proyecto contempla tres criterios de adjudicaci\u00f3n: la propuesta t\u00e9cnica, que puede valorarse con un m\u00e1ximo de 50 puntos; la oferta econ\u00f3mica, con 40 puntos; y el criterio social, que otorga 10 puntos si se cumplen las condiciones estipuladas.<br \/>\n<script async src=\"\/\/pagead2.googlesyndication.com\/pagead\/js\/adsbygoogle.js\"><\/script><br \/>\n<!-- Noticias La Guia de Pamplona --><br \/>\n<ins class=\"adsbygoogle\"\nstyle=\"display:block\"\ndata-ad-client=\"ca-pub-6943679897239327\"\ndata-ad-slot=\"7048180777\"\ndata-ad-format=\"auto\"><\/ins><br \/>\n<script>\n(adsbygoogle = window.adsbygoogle || []).push({});\n<\/script><\/p>\n<p>El proyecto que se redacte deber\u00e1 tener en cuenta el estudio realizado este a\u00f1o sobre el estado del arbolado y las actuaciones recomendables tanto en la masa vegetal como el suelo y el subsuelo. Adem\u00e1s, deber\u00e1 contar con la posible ubicaci\u00f3n en la zona norte de los restos del convento de San Francisco; de hecho, todo el \u00e1mbito est\u00e1 incluido en la zona arqueol\u00f3gica B del Plan Municipal.<\/p>\n<p>El objetivo principal es la mejora de la masa vegetal, favorecer el paseo y la estancia de viandantes y potenciar la relaci\u00f3n peatonal con los jardines de la Taconera a trav\u00e9s de la renovada calle Bosquecillo.<\/p>\n","protected":false},"excerpt":{"rendered":"<p>La Junta de Gobierno Local aprueba la licitaci\u00f3n de la redacci\u00f3n del proyecto de adecuaci\u00f3n y renovaci\u00f3n de redes de la zona<\/p>\n","protected":false},"author":1,"featured_media":48248,"comment_status":"open","ping_status":"closed","sticky":false,"template":"","format":"standard","meta":{"footnotes":""},"categories":[2],"tags":[],"class_list":["post-48247","post","type-post","status-publish","format-standard","has-post-thumbnail","hentry","category-ayuntamiento-pamplona"],"yoast_head":"<!-- This site is optimized with the Yoast SEO plugin v27.3 - https:\/\/yoast.com\/product\/yoast-seo-wordpress\/ -->\n<title>La adecuaci\u00f3n del espacio entre las calles Bosquecillo, Taconera y Navas de Tolosa potenciar\u00e1 la relaci\u00f3n peatonal con los jardines de la Taconera<\/title>\n<meta name=\"description\" content=\"La Junta de Gobierno Local aprueba la licitaci\u00f3n de la redacci\u00f3n del proyecto de adecuaci\u00f3n y renovaci\u00f3n de redes de la zona\" \/>\n<meta name=\"robots\" content=\"index, follow, max-snippet:-1, max-image-preview:large, max-video-preview:-1\" \/>\n<link rel=\"canonical\" href=\"https:\/\/www.laguiadepamplona.com\/actualidad\/la-adecuacion-del-espacio-entre-las-calles-bosquecillo-taconera-y-navas-de-tolosa-potenciara-la-relacion-peatonal-con-los-jardines-de-la-taconera\/\" \/>\n<meta property=\"og:locale\" content=\"es_ES\" \/>\n<meta property=\"og:type\" content=\"article\" \/>\n<meta property=\"og:title\" content=\"La adecuaci\u00f3n del espacio entre las calles Bosquecillo, Taconera y Navas de Tolosa potenciar\u00e1 la relaci\u00f3n peatonal con los jardines de la Taconera\" \/>\n<meta property=\"og:description\" content=\"La Junta de Gobierno Local aprueba la licitaci\u00f3n de la redacci\u00f3n del proyecto de adecuaci\u00f3n y renovaci\u00f3n de redes de la zona\" \/>\n<meta property=\"og:url\" content=\"https:\/\/www.laguiadepamplona.com\/actualidad\/la-adecuacion-del-espacio-entre-las-calles-bosquecillo-taconera-y-navas-de-tolosa-potenciara-la-relacion-peatonal-con-los-jardines-de-la-taconera\/\" \/>\n<meta property=\"og:site_name\" content=\"La Gu\u00eda de Pamplona\" \/>\n<meta property=\"article:publisher\" content=\"https:\/\/www.facebook.com\/laguiadepamplonacom-133175176762273\/?ref=hl\" \/>\n<meta property=\"article:published_time\" content=\"2023-12-18T11:33:14+00:00\" \/>\n<meta property=\"og:image\" content=\"https:\/\/www.laguiadepamplona.com\/actualidad\/wp-content\/uploads\/2023\/12\/23.12.18_bosquecillo.webp\" \/>\n\t<meta property=\"og:image:width\" content=\"1160\" \/>\n\t<meta property=\"og:image:height\" content=\"848\" \/>\n\t<meta property=\"og:image:type\" content=\"image\/webp\" \/>\n<meta name=\"author\" content=\"La Gu\u00eda de Pamplona\" \/>\n<meta name=\"twitter:card\" content=\"summary_large_image\" \/>\n<meta name=\"twitter:creator\" content=\"@LaGuiadPamplona\" \/>\n<meta name=\"twitter:site\" content=\"@LaGuiadPamplona\" \/>\n<meta name=\"twitter:label1\" content=\"Escrito por\" \/>\n\t<meta name=\"twitter:data1\" content=\"La Gu\u00eda de Pamplona\" \/>\n\t<meta name=\"twitter:label2\" content=\"Tiempo de lectura\" \/>\n\t<meta name=\"twitter:data2\" content=\"2 minutos\" \/>\n<script type=\"application\/ld+json\" class=\"yoast-schema-graph\">{\"@context\":\"https:\\\/\\\/schema.org\",\"@graph\":[{\"@type\":\"Article\",\"@id\":\"https:\\\/\\\/www.laguiadepamplona.com\\\/actualidad\\\/la-adecuacion-del-espacio-entre-las-calles-bosquecillo-taconera-y-navas-de-tolosa-potenciara-la-relacion-peatonal-con-los-jardines-de-la-taconera\\\/#article\",\"isPartOf\":{\"@id\":\"https:\\\/\\\/www.laguiadepamplona.com\\\/actualidad\\\/la-adecuacion-del-espacio-entre-las-calles-bosquecillo-taconera-y-navas-de-tolosa-potenciara-la-relacion-peatonal-con-los-jardines-de-la-taconera\\\/\"},\"author\":{\"name\":\"La Gu\u00eda de Pamplona\",\"@id\":\"https:\\\/\\\/www.laguiadepamplona.com\\\/actualidad\\\/#\\\/schema\\\/person\\\/efe887376f0213d4657c93adc50b1fdb\"},\"headline\":\"La adecuaci\u00f3n del espacio entre las calles Bosquecillo, Taconera y Navas de Tolosa potenciar\u00e1 la relaci\u00f3n peatonal con los jardines de la Taconera\",\"datePublished\":\"2023-12-18T11:33:14+00:00\",\"mainEntityOfPage\":{\"@id\":\"https:\\\/\\\/www.laguiadepamplona.com\\\/actualidad\\\/la-adecuacion-del-espacio-entre-las-calles-bosquecillo-taconera-y-navas-de-tolosa-potenciara-la-relacion-peatonal-con-los-jardines-de-la-taconera\\\/\"},\"wordCount\":380,\"commentCount\":0,\"publisher\":{\"@id\":\"https:\\\/\\\/www.laguiadepamplona.com\\\/actualidad\\\/#organization\"},\"image\":{\"@id\":\"https:\\\/\\\/www.laguiadepamplona.com\\\/actualidad\\\/la-adecuacion-del-espacio-entre-las-calles-bosquecillo-taconera-y-navas-de-tolosa-potenciara-la-relacion-peatonal-con-los-jardines-de-la-taconera\\\/#primaryimage\"},\"thumbnailUrl\":\"https:\\\/\\\/www.laguiadepamplona.com\\\/actualidad\\\/wp-content\\\/uploads\\\/2023\\\/12\\\/23.12.18_bosquecillo.webp\",\"articleSection\":[\"Ayto Pamplona\"],\"inLanguage\":\"es\",\"potentialAction\":[{\"@type\":\"CommentAction\",\"name\":\"Comment\",\"target\":[\"https:\\\/\\\/www.laguiadepamplona.com\\\/actualidad\\\/la-adecuacion-del-espacio-entre-las-calles-bosquecillo-taconera-y-navas-de-tolosa-potenciara-la-relacion-peatonal-con-los-jardines-de-la-taconera\\\/#respond\"]}]},{\"@type\":\"WebPage\",\"@id\":\"https:\\\/\\\/www.laguiadepamplona.com\\\/actualidad\\\/la-adecuacion-del-espacio-entre-las-calles-bosquecillo-taconera-y-navas-de-tolosa-potenciara-la-relacion-peatonal-con-los-jardines-de-la-taconera\\\/\",\"url\":\"https:\\\/\\\/www.laguiadepamplona.com\\\/actualidad\\\/la-adecuacion-del-espacio-entre-las-calles-bosquecillo-taconera-y-navas-de-tolosa-potenciara-la-relacion-peatonal-con-los-jardines-de-la-taconera\\\/\",\"name\":\"La adecuaci\u00f3n del espacio entre las calles Bosquecillo, Taconera y Navas de Tolosa potenciar\u00e1 la relaci\u00f3n peatonal con los jardines de la Taconera\",\"isPartOf\":{\"@id\":\"https:\\\/\\\/www.laguiadepamplona.com\\\/actualidad\\\/#website\"},\"primaryImageOfPage\":{\"@id\":\"https:\\\/\\\/www.laguiadepamplona.com\\\/actualidad\\\/la-adecuacion-del-espacio-entre-las-calles-bosquecillo-taconera-y-navas-de-tolosa-potenciara-la-relacion-peatonal-con-los-jardines-de-la-taconera\\\/#primaryimage\"},\"image\":{\"@id\":\"https:\\\/\\\/www.laguiadepamplona.com\\\/actualidad\\\/la-adecuacion-del-espacio-entre-las-calles-bosquecillo-taconera-y-navas-de-tolosa-potenciara-la-relacion-peatonal-con-los-jardines-de-la-taconera\\\/#primaryimage\"},\"thumbnailUrl\":\"https:\\\/\\\/www.laguiadepamplona.com\\\/actualidad\\\/wp-content\\\/uploads\\\/2023\\\/12\\\/23.12.18_bosquecillo.webp\",\"datePublished\":\"2023-12-18T11:33:14+00:00\",\"description\":\"La Junta de Gobierno Local aprueba la licitaci\u00f3n de la redacci\u00f3n del proyecto de adecuaci\u00f3n y renovaci\u00f3n de redes de la zona\",\"breadcrumb\":{\"@id\":\"https:\\\/\\\/www.laguiadepamplona.com\\\/actualidad\\\/la-adecuacion-del-espacio-entre-las-calles-bosquecillo-taconera-y-navas-de-tolosa-potenciara-la-relacion-peatonal-con-los-jardines-de-la-taconera\\\/#breadcrumb\"},\"inLanguage\":\"es\",\"potentialAction\":[{\"@type\":\"ReadAction\",\"target\":[\"https:\\\/\\\/www.laguiadepamplona.com\\\/actualidad\\\/la-adecuacion-del-espacio-entre-las-calles-bosquecillo-taconera-y-navas-de-tolosa-potenciara-la-relacion-peatonal-con-los-jardines-de-la-taconera\\\/\"]}]},{\"@type\":\"ImageObject\",\"inLanguage\":\"es\",\"@id\":\"https:\\\/\\\/www.laguiadepamplona.com\\\/actualidad\\\/la-adecuacion-del-espacio-entre-las-calles-bosquecillo-taconera-y-navas-de-tolosa-potenciara-la-relacion-peatonal-con-los-jardines-de-la-taconera\\\/#primaryimage\",\"url\":\"https:\\\/\\\/www.laguiadepamplona.com\\\/actualidad\\\/wp-content\\\/uploads\\\/2023\\\/12\\\/23.12.18_bosquecillo.webp\",\"contentUrl\":\"https:\\\/\\\/www.laguiadepamplona.com\\\/actualidad\\\/wp-content\\\/uploads\\\/2023\\\/12\\\/23.12.18_bosquecillo.webp\",\"width\":1160,\"height\":848,\"caption\":\"bosquecillo\"},{\"@type\":\"BreadcrumbList\",\"@id\":\"https:\\\/\\\/www.laguiadepamplona.com\\\/actualidad\\\/la-adecuacion-del-espacio-entre-las-calles-bosquecillo-taconera-y-navas-de-tolosa-potenciara-la-relacion-peatonal-con-los-jardines-de-la-taconera\\\/#breadcrumb\",\"itemListElement\":[{\"@type\":\"ListItem\",\"position\":1,\"name\":\"Portada\",\"item\":\"https:\\\/\\\/www.laguiadepamplona.com\\\/actualidad\\\/\"},{\"@type\":\"ListItem\",\"position\":2,\"name\":\"La adecuaci\u00f3n del espacio entre las calles Bosquecillo, Taconera y Navas de Tolosa potenciar\u00e1 la relaci\u00f3n peatonal con los jardines de la Taconera\"}]},{\"@type\":\"WebSite\",\"@id\":\"https:\\\/\\\/www.laguiadepamplona.com\\\/actualidad\\\/#website\",\"url\":\"https:\\\/\\\/www.laguiadepamplona.com\\\/actualidad\\\/\",\"name\":\"La gu\u00eda de Pamplona\",\"description\":\"Noticias de Pamplona\",\"publisher\":{\"@id\":\"https:\\\/\\\/www.laguiadepamplona.com\\\/actualidad\\\/#organization\"},\"potentialAction\":[{\"@type\":\"SearchAction\",\"target\":{\"@type\":\"EntryPoint\",\"urlTemplate\":\"https:\\\/\\\/www.laguiadepamplona.com\\\/actualidad\\\/?s={search_term_string}\"},\"query-input\":{\"@type\":\"PropertyValueSpecification\",\"valueRequired\":true,\"valueName\":\"search_term_string\"}}],\"inLanguage\":\"es\"},{\"@type\":\"Organization\",\"@id\":\"https:\\\/\\\/www.laguiadepamplona.com\\\/actualidad\\\/#organization\",\"name\":\"La Gu\u00eda de Pamplona \\\/ Noticias\",\"url\":\"https:\\\/\\\/www.laguiadepamplona.com\\\/actualidad\\\/\",\"logo\":{\"@type\":\"ImageObject\",\"inLanguage\":\"es\",\"@id\":\"https:\\\/\\\/www.laguiadepamplona.com\\\/actualidad\\\/#\\\/schema\\\/logo\\\/image\\\/\",\"url\":\"https:\\\/\\\/www.laguiadepamplona.com\\\/actualidad\\\/wp-content\\\/uploads\\\/2018\\\/11\\\/logo-laguiadepamplona18-web1.png\",\"contentUrl\":\"https:\\\/\\\/www.laguiadepamplona.com\\\/actualidad\\\/wp-content\\\/uploads\\\/2018\\\/11\\\/logo-laguiadepamplona18-web1.png\",\"width\":600,\"height\":196,\"caption\":\"La Gu\u00eda de Pamplona \\\/ Noticias\"},\"image\":{\"@id\":\"https:\\\/\\\/www.laguiadepamplona.com\\\/actualidad\\\/#\\\/schema\\\/logo\\\/image\\\/\"},\"sameAs\":[\"https:\\\/\\\/www.facebook.com\\\/laguiadepamplonacom-133175176762273\\\/?ref=hl\",\"https:\\\/\\\/x.com\\\/LaGuiadPamplona\",\"https:\\\/\\\/www.instagram.com\\\/la_guia_de_pamplona\\\/\",\"https:\\\/\\\/www.youtube.com\\\/user\\\/laguiadepamplona\"]},{\"@type\":\"Person\",\"@id\":\"https:\\\/\\\/www.laguiadepamplona.com\\\/actualidad\\\/#\\\/schema\\\/person\\\/efe887376f0213d4657c93adc50b1fdb\",\"name\":\"La Gu\u00eda de Pamplona\",\"image\":{\"@type\":\"ImageObject\",\"inLanguage\":\"es\",\"@id\":\"https:\\\/\\\/secure.gravatar.com\\\/avatar\\\/b6992f131dc8d30ab0dff15446e9d346d9dbd95992de0fef795073f5ea83a81c?s=96&d=mm&r=g\",\"url\":\"https:\\\/\\\/secure.gravatar.com\\\/avatar\\\/b6992f131dc8d30ab0dff15446e9d346d9dbd95992de0fef795073f5ea83a81c?s=96&d=mm&r=g\",\"contentUrl\":\"https:\\\/\\\/secure.gravatar.com\\\/avatar\\\/b6992f131dc8d30ab0dff15446e9d346d9dbd95992de0fef795073f5ea83a81c?s=96&d=mm&r=g\",\"caption\":\"La Gu\u00eda de Pamplona\"}}]}<\/script>\n<!-- \/ Yoast SEO plugin. -->","yoast_head_json":{"title":"La adecuaci\u00f3n del espacio entre las calles Bosquecillo, Taconera y Navas de Tolosa potenciar\u00e1 la relaci\u00f3n peatonal con los jardines de la Taconera","description":"La Junta de Gobierno Local aprueba la licitaci\u00f3n de la redacci\u00f3n del proyecto de adecuaci\u00f3n y renovaci\u00f3n de redes de la zona","robots":{"index":"index","follow":"follow","max-snippet":"max-snippet:-1","max-image-preview":"max-image-preview:large","max-video-preview":"max-video-preview:-1"},"canonical":"https:\/\/www.laguiadepamplona.com\/actualidad\/la-adecuacion-del-espacio-entre-las-calles-bosquecillo-taconera-y-navas-de-tolosa-potenciara-la-relacion-peatonal-con-los-jardines-de-la-taconera\/","og_locale":"es_ES","og_type":"article","og_title":"La adecuaci\u00f3n del espacio entre las calles Bosquecillo, Taconera y Navas de Tolosa potenciar\u00e1 la relaci\u00f3n peatonal con los jardines de la Taconera","og_description":"La Junta de Gobierno Local aprueba la licitaci\u00f3n de la redacci\u00f3n del proyecto de adecuaci\u00f3n y renovaci\u00f3n de redes de la zona","og_url":"https:\/\/www.laguiadepamplona.com\/actualidad\/la-adecuacion-del-espacio-entre-las-calles-bosquecillo-taconera-y-navas-de-tolosa-potenciara-la-relacion-peatonal-con-los-jardines-de-la-taconera\/","og_site_name":"La Gu\u00eda de Pamplona","article_publisher":"https:\/\/www.facebook.com\/laguiadepamplonacom-133175176762273\/?ref=hl","article_published_time":"2023-12-18T11:33:14+00:00","og_image":[{"width":1160,"height":848,"url":"https:\/\/www.laguiadepamplona.com\/actualidad\/wp-content\/uploads\/2023\/12\/23.12.18_bosquecillo.webp","type":"image\/webp"}],"author":"La Gu\u00eda de Pamplona","twitter_card":"summary_large_image","twitter_creator":"@LaGuiadPamplona","twitter_site":"@LaGuiadPamplona","twitter_misc":{"Escrito por":"La Gu\u00eda de Pamplona","Tiempo de lectura":"2 minutos"},"schema":{"@context":"https:\/\/schema.org","@graph":[{"@type":"Article","@id":"https:\/\/www.laguiadepamplona.com\/actualidad\/la-adecuacion-del-espacio-entre-las-calles-bosquecillo-taconera-y-navas-de-tolosa-potenciara-la-relacion-peatonal-con-los-jardines-de-la-taconera\/#article","isPartOf":{"@id":"https:\/\/www.laguiadepamplona.com\/actualidad\/la-adecuacion-del-espacio-entre-las-calles-bosquecillo-taconera-y-navas-de-tolosa-potenciara-la-relacion-peatonal-con-los-jardines-de-la-taconera\/"},"author":{"name":"La Gu\u00eda de Pamplona","@id":"https:\/\/www.laguiadepamplona.com\/actualidad\/#\/schema\/person\/efe887376f0213d4657c93adc50b1fdb"},"headline":"La adecuaci\u00f3n del espacio entre las calles Bosquecillo, Taconera y Navas de Tolosa potenciar\u00e1 la relaci\u00f3n peatonal con los jardines de la Taconera","datePublished":"2023-12-18T11:33:14+00:00","mainEntityOfPage":{"@id":"https:\/\/www.laguiadepamplona.com\/actualidad\/la-adecuacion-del-espacio-entre-las-calles-bosquecillo-taconera-y-navas-de-tolosa-potenciara-la-relacion-peatonal-con-los-jardines-de-la-taconera\/"},"wordCount":380,"commentCount":0,"publisher":{"@id":"https:\/\/www.laguiadepamplona.com\/actualidad\/#organization"},"image":{"@id":"https:\/\/www.laguiadepamplona.com\/actualidad\/la-adecuacion-del-espacio-entre-las-calles-bosquecillo-taconera-y-navas-de-tolosa-potenciara-la-relacion-peatonal-con-los-jardines-de-la-taconera\/#primaryimage"},"thumbnailUrl":"https:\/\/www.laguiadepamplona.com\/actualidad\/wp-content\/uploads\/2023\/12\/23.12.18_bosquecillo.webp","articleSection":["Ayto Pamplona"],"inLanguage":"es","potentialAction":[{"@type":"CommentAction","name":"Comment","target":["https:\/\/www.laguiadepamplona.com\/actualidad\/la-adecuacion-del-espacio-entre-las-calles-bosquecillo-taconera-y-navas-de-tolosa-potenciara-la-relacion-peatonal-con-los-jardines-de-la-taconera\/#respond"]}]},{"@type":"WebPage","@id":"https:\/\/www.laguiadepamplona.com\/actualidad\/la-adecuacion-del-espacio-entre-las-calles-bosquecillo-taconera-y-navas-de-tolosa-potenciara-la-relacion-peatonal-con-los-jardines-de-la-taconera\/","url":"https:\/\/www.laguiadepamplona.com\/actualidad\/la-adecuacion-del-espacio-entre-las-calles-bosquecillo-taconera-y-navas-de-tolosa-potenciara-la-relacion-peatonal-con-los-jardines-de-la-taconera\/","name":"La adecuaci\u00f3n del espacio entre las calles Bosquecillo, Taconera y Navas de Tolosa potenciar\u00e1 la relaci\u00f3n peatonal con los jardines de la Taconera","isPartOf":{"@id":"https:\/\/www.laguiadepamplona.com\/actualidad\/#website"},"primaryImageOfPage":{"@id":"https:\/\/www.laguiadepamplona.com\/actualidad\/la-adecuacion-del-espacio-entre-las-calles-bosquecillo-taconera-y-navas-de-tolosa-potenciara-la-relacion-peatonal-con-los-jardines-de-la-taconera\/#primaryimage"},"image":{"@id":"https:\/\/www.laguiadepamplona.com\/actualidad\/la-adecuacion-del-espacio-entre-las-calles-bosquecillo-taconera-y-navas-de-tolosa-potenciara-la-relacion-peatonal-con-los-jardines-de-la-taconera\/#primaryimage"},"thumbnailUrl":"https:\/\/www.laguiadepamplona.com\/actualidad\/wp-content\/uploads\/2023\/12\/23.12.18_bosquecillo.webp","datePublished":"2023-12-18T11:33:14+00:00","description":"La Junta de Gobierno Local aprueba la licitaci\u00f3n de la redacci\u00f3n del proyecto de adecuaci\u00f3n y renovaci\u00f3n de redes de la zona","breadcrumb":{"@id":"https:\/\/www.laguiadepamplona.com\/actualidad\/la-adecuacion-del-espacio-entre-las-calles-bosquecillo-taconera-y-navas-de-tolosa-potenciara-la-relacion-peatonal-con-los-jardines-de-la-taconera\/#breadcrumb"},"inLanguage":"es","potentialAction":[{"@type":"ReadAction","target":["https:\/\/www.laguiadepamplona.com\/actualidad\/la-adecuacion-del-espacio-entre-las-calles-bosquecillo-taconera-y-navas-de-tolosa-potenciara-la-relacion-peatonal-con-los-jardines-de-la-taconera\/"]}]},{"@type":"ImageObject","inLanguage":"es","@id":"https:\/\/www.laguiadepamplona.com\/actualidad\/la-adecuacion-del-espacio-entre-las-calles-bosquecillo-taconera-y-navas-de-tolosa-potenciara-la-relacion-peatonal-con-los-jardines-de-la-taconera\/#primaryimage","url":"https:\/\/www.laguiadepamplona.com\/actualidad\/wp-content\/uploads\/2023\/12\/23.12.18_bosquecillo.webp","contentUrl":"https:\/\/www.laguiadepamplona.com\/actualidad\/wp-content\/uploads\/2023\/12\/23.12.18_bosquecillo.webp","width":1160,"height":848,"caption":"bosquecillo"},{"@type":"BreadcrumbList","@id":"https:\/\/www.laguiadepamplona.com\/actualidad\/la-adecuacion-del-espacio-entre-las-calles-bosquecillo-taconera-y-navas-de-tolosa-potenciara-la-relacion-peatonal-con-los-jardines-de-la-taconera\/#breadcrumb","itemListElement":[{"@type":"ListItem","position":1,"name":"Portada","item":"https:\/\/www.laguiadepamplona.com\/actualidad\/"},{"@type":"ListItem","position":2,"name":"La adecuaci\u00f3n del espacio entre las calles Bosquecillo, Taconera y Navas de Tolosa potenciar\u00e1 la relaci\u00f3n peatonal con los jardines de la Taconera"}]},{"@type":"WebSite","@id":"https:\/\/www.laguiadepamplona.com\/actualidad\/#website","url":"https:\/\/www.laguiadepamplona.com\/actualidad\/","name":"La gu\u00eda de Pamplona","description":"Noticias de Pamplona","publisher":{"@id":"https:\/\/www.laguiadepamplona.com\/actualidad\/#organization"},"potentialAction":[{"@type":"SearchAction","target":{"@type":"EntryPoint","urlTemplate":"https:\/\/www.laguiadepamplona.com\/actualidad\/?s={search_term_string}"},"query-input":{"@type":"PropertyValueSpecification","valueRequired":true,"valueName":"search_term_string"}}],"inLanguage":"es"},{"@type":"Organization","@id":"https:\/\/www.laguiadepamplona.com\/actualidad\/#organization","name":"La Gu\u00eda de Pamplona \/ Noticias","url":"https:\/\/www.laguiadepamplona.com\/actualidad\/","logo":{"@type":"ImageObject","inLanguage":"es","@id":"https:\/\/www.laguiadepamplona.com\/actualidad\/#\/schema\/logo\/image\/","url":"https:\/\/www.laguiadepamplona.com\/actualidad\/wp-content\/uploads\/2018\/11\/logo-laguiadepamplona18-web1.png","contentUrl":"https:\/\/www.laguiadepamplona.com\/actualidad\/wp-content\/uploads\/2018\/11\/logo-laguiadepamplona18-web1.png","width":600,"height":196,"caption":"La Gu\u00eda de Pamplona \/ Noticias"},"image":{"@id":"https:\/\/www.laguiadepamplona.com\/actualidad\/#\/schema\/logo\/image\/"},"sameAs":["https:\/\/www.facebook.com\/laguiadepamplonacom-133175176762273\/?ref=hl","https:\/\/x.com\/LaGuiadPamplona","https:\/\/www.instagram.com\/la_guia_de_pamplona\/","https:\/\/www.youtube.com\/user\/laguiadepamplona"]},{"@type":"Person","@id":"https:\/\/www.laguiadepamplona.com\/actualidad\/#\/schema\/person\/efe887376f0213d4657c93adc50b1fdb","name":"La Gu\u00eda de Pamplona","image":{"@type":"ImageObject","inLanguage":"es","@id":"https:\/\/secure.gravatar.com\/avatar\/b6992f131dc8d30ab0dff15446e9d346d9dbd95992de0fef795073f5ea83a81c?s=96&d=mm&r=g","url":"https:\/\/secure.gravatar.com\/avatar\/b6992f131dc8d30ab0dff15446e9d346d9dbd95992de0fef795073f5ea83a81c?s=96&d=mm&r=g","contentUrl":"https:\/\/secure.gravatar.com\/avatar\/b6992f131dc8d30ab0dff15446e9d346d9dbd95992de0fef795073f5ea83a81c?s=96&d=mm&r=g","caption":"La Gu\u00eda de Pamplona"}}]}},"post_mailing_queue_ids":[],"_links":{"self":[{"href":"https:\/\/www.laguiadepamplona.com\/actualidad\/wp-json\/wp\/v2\/posts\/48247","targetHints":{"allow":["GET"]}}],"collection":[{"href":"https:\/\/www.laguiadepamplona.com\/actualidad\/wp-json\/wp\/v2\/posts"}],"about":[{"href":"https:\/\/www.laguiadepamplona.com\/actualidad\/wp-json\/wp\/v2\/types\/post"}],"author":[{"embeddable":true,"href":"https:\/\/www.laguiadepamplona.com\/actualidad\/wp-json\/wp\/v2\/users\/1"}],"replies":[{"embeddable":true,"href":"https:\/\/www.laguiadepamplona.com\/actualidad\/wp-json\/wp\/v2\/comments?post=48247"}],"version-history":[{"count":1,"href":"https:\/\/www.laguiadepamplona.com\/actualidad\/wp-json\/wp\/v2\/posts\/48247\/revisions"}],"predecessor-version":[{"id":48249,"href":"https:\/\/www.laguiadepamplona.com\/actualidad\/wp-json\/wp\/v2\/posts\/48247\/revisions\/48249"}],"wp:featuredmedia":[{"embeddable":true,"href":"https:\/\/www.laguiadepamplona.com\/actualidad\/wp-json\/wp\/v2\/media\/48248"}],"wp:attachment":[{"href":"https:\/\/www.laguiadepamplona.com\/actualidad\/wp-json\/wp\/v2\/media?parent=48247"}],"wp:term":[{"taxonomy":"category","embeddable":true,"href":"https:\/\/www.laguiadepamplona.com\/actualidad\/wp-json\/wp\/v2\/categories?post=48247"},{"taxonomy":"post_tag","embeddable":true,"href":"https:\/\/www.laguiadepamplona.com\/actualidad\/wp-json\/wp\/v2\/tags?post=48247"}],"curies":[{"name":"wp","href":"https:\/\/api.w.org\/{rel}","templated":true}]}}