{"id":48244,"date":"2023-12-18T13:30:47","date_gmt":"2023-12-18T11:30:47","guid":{"rendered":"https:\/\/www.laguiadepamplona.com\/actualidad\/?p=48244"},"modified":"2023-12-18T13:30:47","modified_gmt":"2023-12-18T11:30:47","slug":"pamplona-aprueba-el-i-plan-estrategico-de-accesibilidad-integral-que-recoge-mas-de-60-actuaciones-para-ser-una-ciudad-mas-accesible-y-sin-barreras","status":"publish","type":"post","link":"https:\/\/www.laguiadepamplona.com\/actualidad\/pamplona-aprueba-el-i-plan-estrategico-de-accesibilidad-integral-que-recoge-mas-de-60-actuaciones-para-ser-una-ciudad-mas-accesible-y-sin-barreras\/","title":{"rendered":"Pamplona aprueba el I Plan Estrat\u00e9gico de Accesibilidad Integral que recoge m\u00e1s de 60 actuaciones para ser una ciudad m\u00e1s accesible y sin barreras"},"content":{"rendered":"<h2>La Junta de Gobierno Local ha aprobado esta ma\u00f1ana un documento que engloba propuestas para mejorar edificios, espacios y servicios p\u00fablicos<\/h2>\n<p><!--more--><\/p>\n<p>Pamplona cuenta ya con el I Plan Estrat\u00e9gico de Accesibilidad Integral de Pamplona, que con horizonte temporal 2028, persigue la accesibilidad universal para todas las personas, con independencia de sus posibles limitaciones f\u00edsicas, sensoriales o cognitivas, de su edad y de cualquier otra circunstancia de car\u00e1cter permanente o temporal que pueda dificultarles desarrollar su vida de manera plena y aut\u00f3noma.<\/p>\n<p>El texto aprobado hoy por la Junta de Gobierno Local ha sido sometido a un proceso de participaci\u00f3n y colaboraci\u00f3n con m\u00e1s de 34 colectivos relacionados con el \u00e1mbito de la discapacidad y las \u00e1reas municipales y entidades supramunicipales con relaci\u00f3n y responsabilidad con la mejora de las condiciones de accesibilidad en todos o en parte de los \u00e1mbitos de an\u00e1lisis del Plan, as\u00ed como ciudadan\u00eda a t\u00edtulo personal. Con car\u00e1cter transversal, recoge 65 propuestas de actuaci\u00f3n orientadas a hacer m\u00e1s accesible la ciudad, sus espacios p\u00fablicos, los edificios de titularidad municipal, los servicios que ofrece el Ayuntamiento y las herramientas de comunicaci\u00f3n entre \u00e9ste y la ciudadan\u00eda. Adem\u00e1s de las actuaciones concretas, el plan prev\u00e9 la pr\u00f3xima creaci\u00f3n de un Consejo de Accesibilidad Integral de Pamplona como \u00f3rgano que lidere las labores de planificaci\u00f3n, a trav\u00e9s de planes operativos anuales, y de seguimiento, con participaci\u00f3n activa de diferentes sectores.<br \/>\n<script async src=\"\/\/pagead2.googlesyndication.com\/pagead\/js\/adsbygoogle.js\"><\/script><br \/>\n<!-- Noticias La Guia de Pamplona --><br \/>\n<ins class=\"adsbygoogle\"\nstyle=\"display:block\"\ndata-ad-client=\"ca-pub-6943679897239327\"\ndata-ad-slot=\"7048180777\"\ndata-ad-format=\"auto\"><\/ins><br \/>\n<script>\n(adsbygoogle = window.adsbygoogle || []).push({});\n<\/script><\/p>\n<p>El documento aprobado no se limita a salvar barreras f\u00edsicas, sino que aborda todos los aspectos que puedan limitar la igualdad de derechos y deberes de las personas que tengan alg\u00fan tipo de discapacidad o limitaci\u00f3n debida a la edad o a una circunstancia limitante de car\u00e1cter temporal. As\u00ed, suma a la mera accesibilidad f\u00edsica la accesibilidad sensorial, la cognitiva y la tecnol\u00f3gica mediante cinco l\u00edneas estrat\u00e9gicas: accesibilidad en el espacio p\u00fablico; en los edificios de uso p\u00fablico y titularidad municipal; en los elementos de transporte p\u00fablico; en las herramientas municipales de comunicaci\u00f3n; y en los servicios municipales.<\/p>\n<p>El texto dise\u00f1a estrategias para corresponsabilizar al conjunto de la sociedad en materia de accesibilidad y est\u00e1 alineado con la Agenda Urbana Pamplona 2030, que persigue un modelo de ciudad verde, igualitaria, inclusiva, accesible, participativa y que promueva la convivencia y la perspectiva de edad.<br \/>\n<script async src=\"\/\/pagead2.googlesyndication.com\/pagead\/js\/adsbygoogle.js\"><\/script><br \/>\n<!-- Noticias La Guia de Pamplona --><br \/>\n<ins class=\"adsbygoogle\"\nstyle=\"display:block\"\ndata-ad-client=\"ca-pub-6943679897239327\"\ndata-ad-slot=\"7048180777\"\ndata-ad-format=\"auto\"><\/ins><br \/>\n<script>\n(adsbygoogle = window.adsbygoogle || []).push({});\n<\/script><\/p>\n<p><strong>Algunas l\u00edneas de trabajo<\/strong><\/p>\n<p>En lo que se refiere a garantizar la accesibilidad en el espacio p\u00fablico, el documento aprobado plantea esa necesidad de accesibilidad en itinerarios y espacios peatonales, en el mobiliario urbano, en la se\u00f1alizaci\u00f3n, en los aseos p\u00fablicos, en los circuitos de gimnasia, calistenia y parques de juego, en la infraestructura ciclista y su relaci\u00f3n con el espacio peatonal y en los espacios de aparcamiento para personas con movilidad reducida. Para ello se buscar\u00e1 la adaptaci\u00f3n a la normativa m\u00e1s actual de vados en pasos peatonales, las mejoras en el acceso y utilizaci\u00f3n de ascensores urbanos, la adaptaci\u00f3n de los sem\u00e1foros, la revisi\u00f3n y sustituci\u00f3n paulatina del mobiliario urbano no adaptado a la \u00faltima normativa o el incremento de la dotaci\u00f3n de aseos accesibles, por ejemplo.<br \/>\n<script async src=\"\/\/pagead2.googlesyndication.com\/pagead\/js\/adsbygoogle.js\"><\/script><br \/>\n<!-- Noticias La Guia de Pamplona --><br \/>\n<ins class=\"adsbygoogle\"\nstyle=\"display:block\"\ndata-ad-client=\"ca-pub-6943679897239327\"\ndata-ad-slot=\"7048180777\"\ndata-ad-format=\"auto\"><\/ins><br \/>\n<script>\n(adsbygoogle = window.adsbygoogle || []).push({});\n<\/script><\/p>\n<p>En la accesibilidad en edificios de uso p\u00fablico, se busca una estrategia definida de intervenci\u00f3n en la adecuaci\u00f3n de los inmuebles municipales, mejorando su se\u00f1alizaci\u00f3n universal y su accesibilidad f\u00edsica. As\u00ed, se intervendr\u00e1 en accesos, ascensores, escaleras y rampas y aseos o mostradores de atenci\u00f3n al p\u00fablico para personas con movilidad reducida, pero tambi\u00e9n en la adaptaci\u00f3n de locales a necesidades auditivas y otras necesidades sensoriales en general.<\/p>\n<p>En la adaptaci\u00f3n de servicios municipales para lograr un trato adecuado a toda la ciudadan\u00eda y, en especial, a aquellas personas que tienen alg\u00fan tipo de discapacidad y a las personas de m\u00e1s edad, se busca una simplificaci\u00f3n y mejora de los tr\u00e1mites con la Administraci\u00f3n adem\u00e1s de la garant\u00eda de acceso a cursos y programas culturales, al ocio, deporte y actividades recreativas, facilitando la participaci\u00f3n en procesos, convocatorias de subvenciones y ayudas.<br \/>\n<script async src=\"\/\/pagead2.googlesyndication.com\/pagead\/js\/adsbygoogle.js\"><\/script><br \/>\n<!-- Noticias La Guia de Pamplona --><br \/>\n<ins class=\"adsbygoogle\"\nstyle=\"display:block\"\ndata-ad-client=\"ca-pub-6943679897239327\"\ndata-ad-slot=\"7048180777\"\ndata-ad-format=\"auto\"><\/ins><br \/>\n<script>\n(adsbygoogle = window.adsbygoogle || []).push({});\n<\/script><\/p>\n<p>Tambi\u00e9n se trabajar\u00e1 en la mejora de las herramientas municipales de comunicaci\u00f3n, para garantizar que todas las personas puedan tener acceso a la informaci\u00f3n municipal, a trav\u00e9s de herramientas digitales o comunicaciones presenciales mediante lenguaje claro, t\u00e9cnicas de lectura f\u00e1cil, y la accesibilidad en publicaciones, aplicaciones, webs municipales y formularios, para que todas las personas puedan buscar la informaci\u00f3n que requieran y emplearla sin necesidad de intermediaci\u00f3n.<\/p>\n<p>Por \u00faltimo, el plan aborda tambi\u00e9n la accesibilidad en el transporte p\u00fablico, para lo que plantea un contacto estrecho con la Mancomunidad de la Comarca de Pamplona, a fin de lograr paradas y autobuses accesibles sensorial y cognitivamente, y mejorar los entornos de las paradas de autob\u00fas y de taxi.<\/p>\n","protected":false},"excerpt":{"rendered":"<p>La Junta de Gobierno Local ha aprobado esta ma\u00f1ana un documento que engloba propuestas para mejorar edificios, espacios y servicios p\u00fablicos<\/p>\n","protected":false},"author":1,"featured_media":48245,"comment_status":"open","ping_status":"closed","sticky":false,"template":"","format":"standard","meta":{"footnotes":""},"categories":[2],"tags":[],"class_list":["post-48244","post","type-post","status-publish","format-standard","has-post-thumbnail","hentry","category-ayuntamiento-pamplona"],"yoast_head":"<!-- This site is optimized with the Yoast SEO plugin v27.3 - https:\/\/yoast.com\/product\/yoast-seo-wordpress\/ -->\n<title>Pamplona aprueba el I Plan Estrat\u00e9gico de Accesibilidad Integral que recoge m\u00e1s de 60 actuaciones para ser una ciudad m\u00e1s accesible y sin barreras<\/title>\n<meta name=\"description\" content=\"La Junta de Gobierno Local ha aprobado esta ma\u00f1ana un documento que engloba propuestas para mejorar edificios, espacios y servicios p\u00fablicos\" \/>\n<meta name=\"robots\" content=\"index, follow, max-snippet:-1, max-image-preview:large, max-video-preview:-1\" \/>\n<link rel=\"canonical\" href=\"https:\/\/www.laguiadepamplona.com\/actualidad\/pamplona-aprueba-el-i-plan-estrategico-de-accesibilidad-integral-que-recoge-mas-de-60-actuaciones-para-ser-una-ciudad-mas-accesible-y-sin-barreras\/\" \/>\n<meta property=\"og:locale\" content=\"es_ES\" \/>\n<meta property=\"og:type\" content=\"article\" \/>\n<meta property=\"og:title\" content=\"Pamplona aprueba el I Plan Estrat\u00e9gico de Accesibilidad Integral que recoge m\u00e1s de 60 actuaciones para ser una ciudad m\u00e1s accesible y sin barreras\" \/>\n<meta property=\"og:description\" content=\"La Junta de Gobierno Local ha aprobado esta ma\u00f1ana un documento que engloba propuestas para mejorar edificios, espacios y servicios p\u00fablicos\" \/>\n<meta property=\"og:url\" content=\"https:\/\/www.laguiadepamplona.com\/actualidad\/pamplona-aprueba-el-i-plan-estrategico-de-accesibilidad-integral-que-recoge-mas-de-60-actuaciones-para-ser-una-ciudad-mas-accesible-y-sin-barreras\/\" \/>\n<meta property=\"og:site_name\" content=\"La Gu\u00eda de Pamplona\" \/>\n<meta property=\"article:publisher\" content=\"https:\/\/www.facebook.com\/laguiadepamplonacom-133175176762273\/?ref=hl\" \/>\n<meta property=\"article:published_time\" content=\"2023-12-18T11:30:47+00:00\" \/>\n<meta property=\"og:image\" content=\"https:\/\/www.laguiadepamplona.com\/actualidad\/wp-content\/uploads\/2023\/12\/2023_09_18-ascensor-trinitarios_Q5A2203.webp\" \/>\n\t<meta property=\"og:image:width\" content=\"1200\" \/>\n\t<meta property=\"og:image:height\" content=\"800\" \/>\n\t<meta property=\"og:image:type\" content=\"image\/webp\" \/>\n<meta name=\"author\" content=\"La Gu\u00eda de Pamplona\" \/>\n<meta name=\"twitter:card\" content=\"summary_large_image\" \/>\n<meta name=\"twitter:creator\" content=\"@LaGuiadPamplona\" \/>\n<meta name=\"twitter:site\" content=\"@LaGuiadPamplona\" \/>\n<meta name=\"twitter:label1\" content=\"Escrito por\" \/>\n\t<meta name=\"twitter:data1\" content=\"La Gu\u00eda de Pamplona\" \/>\n\t<meta name=\"twitter:label2\" content=\"Tiempo de lectura\" \/>\n\t<meta name=\"twitter:data2\" content=\"4 minutos\" \/>\n<script type=\"application\/ld+json\" class=\"yoast-schema-graph\">{\"@context\":\"https:\\\/\\\/schema.org\",\"@graph\":[{\"@type\":\"Article\",\"@id\":\"https:\\\/\\\/www.laguiadepamplona.com\\\/actualidad\\\/pamplona-aprueba-el-i-plan-estrategico-de-accesibilidad-integral-que-recoge-mas-de-60-actuaciones-para-ser-una-ciudad-mas-accesible-y-sin-barreras\\\/#article\",\"isPartOf\":{\"@id\":\"https:\\\/\\\/www.laguiadepamplona.com\\\/actualidad\\\/pamplona-aprueba-el-i-plan-estrategico-de-accesibilidad-integral-que-recoge-mas-de-60-actuaciones-para-ser-una-ciudad-mas-accesible-y-sin-barreras\\\/\"},\"author\":{\"name\":\"La Gu\u00eda de Pamplona\",\"@id\":\"https:\\\/\\\/www.laguiadepamplona.com\\\/actualidad\\\/#\\\/schema\\\/person\\\/efe887376f0213d4657c93adc50b1fdb\"},\"headline\":\"Pamplona aprueba el I Plan Estrat\u00e9gico de Accesibilidad Integral que recoge m\u00e1s de 60 actuaciones para ser una ciudad m\u00e1s accesible y sin barreras\",\"datePublished\":\"2023-12-18T11:30:47+00:00\",\"mainEntityOfPage\":{\"@id\":\"https:\\\/\\\/www.laguiadepamplona.com\\\/actualidad\\\/pamplona-aprueba-el-i-plan-estrategico-de-accesibilidad-integral-que-recoge-mas-de-60-actuaciones-para-ser-una-ciudad-mas-accesible-y-sin-barreras\\\/\"},\"wordCount\":866,\"commentCount\":0,\"publisher\":{\"@id\":\"https:\\\/\\\/www.laguiadepamplona.com\\\/actualidad\\\/#organization\"},\"image\":{\"@id\":\"https:\\\/\\\/www.laguiadepamplona.com\\\/actualidad\\\/pamplona-aprueba-el-i-plan-estrategico-de-accesibilidad-integral-que-recoge-mas-de-60-actuaciones-para-ser-una-ciudad-mas-accesible-y-sin-barreras\\\/#primaryimage\"},\"thumbnailUrl\":\"https:\\\/\\\/www.laguiadepamplona.com\\\/actualidad\\\/wp-content\\\/uploads\\\/2023\\\/12\\\/2023_09_18-ascensor-trinitarios_Q5A2203.webp\",\"articleSection\":[\"Ayto Pamplona\"],\"inLanguage\":\"es\",\"potentialAction\":[{\"@type\":\"CommentAction\",\"name\":\"Comment\",\"target\":[\"https:\\\/\\\/www.laguiadepamplona.com\\\/actualidad\\\/pamplona-aprueba-el-i-plan-estrategico-de-accesibilidad-integral-que-recoge-mas-de-60-actuaciones-para-ser-una-ciudad-mas-accesible-y-sin-barreras\\\/#respond\"]}]},{\"@type\":\"WebPage\",\"@id\":\"https:\\\/\\\/www.laguiadepamplona.com\\\/actualidad\\\/pamplona-aprueba-el-i-plan-estrategico-de-accesibilidad-integral-que-recoge-mas-de-60-actuaciones-para-ser-una-ciudad-mas-accesible-y-sin-barreras\\\/\",\"url\":\"https:\\\/\\\/www.laguiadepamplona.com\\\/actualidad\\\/pamplona-aprueba-el-i-plan-estrategico-de-accesibilidad-integral-que-recoge-mas-de-60-actuaciones-para-ser-una-ciudad-mas-accesible-y-sin-barreras\\\/\",\"name\":\"Pamplona aprueba el I Plan Estrat\u00e9gico de Accesibilidad Integral que recoge m\u00e1s de 60 actuaciones para ser una ciudad m\u00e1s accesible y sin barreras\",\"isPartOf\":{\"@id\":\"https:\\\/\\\/www.laguiadepamplona.com\\\/actualidad\\\/#website\"},\"primaryImageOfPage\":{\"@id\":\"https:\\\/\\\/www.laguiadepamplona.com\\\/actualidad\\\/pamplona-aprueba-el-i-plan-estrategico-de-accesibilidad-integral-que-recoge-mas-de-60-actuaciones-para-ser-una-ciudad-mas-accesible-y-sin-barreras\\\/#primaryimage\"},\"image\":{\"@id\":\"https:\\\/\\\/www.laguiadepamplona.com\\\/actualidad\\\/pamplona-aprueba-el-i-plan-estrategico-de-accesibilidad-integral-que-recoge-mas-de-60-actuaciones-para-ser-una-ciudad-mas-accesible-y-sin-barreras\\\/#primaryimage\"},\"thumbnailUrl\":\"https:\\\/\\\/www.laguiadepamplona.com\\\/actualidad\\\/wp-content\\\/uploads\\\/2023\\\/12\\\/2023_09_18-ascensor-trinitarios_Q5A2203.webp\",\"datePublished\":\"2023-12-18T11:30:47+00:00\",\"description\":\"La Junta de Gobierno Local ha aprobado esta ma\u00f1ana un documento que engloba propuestas para mejorar edificios, espacios y servicios p\u00fablicos\",\"breadcrumb\":{\"@id\":\"https:\\\/\\\/www.laguiadepamplona.com\\\/actualidad\\\/pamplona-aprueba-el-i-plan-estrategico-de-accesibilidad-integral-que-recoge-mas-de-60-actuaciones-para-ser-una-ciudad-mas-accesible-y-sin-barreras\\\/#breadcrumb\"},\"inLanguage\":\"es\",\"potentialAction\":[{\"@type\":\"ReadAction\",\"target\":[\"https:\\\/\\\/www.laguiadepamplona.com\\\/actualidad\\\/pamplona-aprueba-el-i-plan-estrategico-de-accesibilidad-integral-que-recoge-mas-de-60-actuaciones-para-ser-una-ciudad-mas-accesible-y-sin-barreras\\\/\"]}]},{\"@type\":\"ImageObject\",\"inLanguage\":\"es\",\"@id\":\"https:\\\/\\\/www.laguiadepamplona.com\\\/actualidad\\\/pamplona-aprueba-el-i-plan-estrategico-de-accesibilidad-integral-que-recoge-mas-de-60-actuaciones-para-ser-una-ciudad-mas-accesible-y-sin-barreras\\\/#primaryimage\",\"url\":\"https:\\\/\\\/www.laguiadepamplona.com\\\/actualidad\\\/wp-content\\\/uploads\\\/2023\\\/12\\\/2023_09_18-ascensor-trinitarios_Q5A2203.webp\",\"contentUrl\":\"https:\\\/\\\/www.laguiadepamplona.com\\\/actualidad\\\/wp-content\\\/uploads\\\/2023\\\/12\\\/2023_09_18-ascensor-trinitarios_Q5A2203.webp\",\"width\":1200,\"height\":800,\"caption\":\"ascensores\"},{\"@type\":\"BreadcrumbList\",\"@id\":\"https:\\\/\\\/www.laguiadepamplona.com\\\/actualidad\\\/pamplona-aprueba-el-i-plan-estrategico-de-accesibilidad-integral-que-recoge-mas-de-60-actuaciones-para-ser-una-ciudad-mas-accesible-y-sin-barreras\\\/#breadcrumb\",\"itemListElement\":[{\"@type\":\"ListItem\",\"position\":1,\"name\":\"Portada\",\"item\":\"https:\\\/\\\/www.laguiadepamplona.com\\\/actualidad\\\/\"},{\"@type\":\"ListItem\",\"position\":2,\"name\":\"Pamplona aprueba el I Plan Estrat\u00e9gico de Accesibilidad Integral que recoge m\u00e1s de 60 actuaciones para ser una ciudad m\u00e1s accesible y sin barreras\"}]},{\"@type\":\"WebSite\",\"@id\":\"https:\\\/\\\/www.laguiadepamplona.com\\\/actualidad\\\/#website\",\"url\":\"https:\\\/\\\/www.laguiadepamplona.com\\\/actualidad\\\/\",\"name\":\"La gu\u00eda de Pamplona\",\"description\":\"Noticias de Pamplona\",\"publisher\":{\"@id\":\"https:\\\/\\\/www.laguiadepamplona.com\\\/actualidad\\\/#organization\"},\"potentialAction\":[{\"@type\":\"SearchAction\",\"target\":{\"@type\":\"EntryPoint\",\"urlTemplate\":\"https:\\\/\\\/www.laguiadepamplona.com\\\/actualidad\\\/?s={search_term_string}\"},\"query-input\":{\"@type\":\"PropertyValueSpecification\",\"valueRequired\":true,\"valueName\":\"search_term_string\"}}],\"inLanguage\":\"es\"},{\"@type\":\"Organization\",\"@id\":\"https:\\\/\\\/www.laguiadepamplona.com\\\/actualidad\\\/#organization\",\"name\":\"La Gu\u00eda de Pamplona \\\/ Noticias\",\"url\":\"https:\\\/\\\/www.laguiadepamplona.com\\\/actualidad\\\/\",\"logo\":{\"@type\":\"ImageObject\",\"inLanguage\":\"es\",\"@id\":\"https:\\\/\\\/www.laguiadepamplona.com\\\/actualidad\\\/#\\\/schema\\\/logo\\\/image\\\/\",\"url\":\"https:\\\/\\\/www.laguiadepamplona.com\\\/actualidad\\\/wp-content\\\/uploads\\\/2018\\\/11\\\/logo-laguiadepamplona18-web1.png\",\"contentUrl\":\"https:\\\/\\\/www.laguiadepamplona.com\\\/actualidad\\\/wp-content\\\/uploads\\\/2018\\\/11\\\/logo-laguiadepamplona18-web1.png\",\"width\":600,\"height\":196,\"caption\":\"La Gu\u00eda de Pamplona \\\/ Noticias\"},\"image\":{\"@id\":\"https:\\\/\\\/www.laguiadepamplona.com\\\/actualidad\\\/#\\\/schema\\\/logo\\\/image\\\/\"},\"sameAs\":[\"https:\\\/\\\/www.facebook.com\\\/laguiadepamplonacom-133175176762273\\\/?ref=hl\",\"https:\\\/\\\/x.com\\\/LaGuiadPamplona\",\"https:\\\/\\\/www.instagram.com\\\/la_guia_de_pamplona\\\/\",\"https:\\\/\\\/www.youtube.com\\\/user\\\/laguiadepamplona\"]},{\"@type\":\"Person\",\"@id\":\"https:\\\/\\\/www.laguiadepamplona.com\\\/actualidad\\\/#\\\/schema\\\/person\\\/efe887376f0213d4657c93adc50b1fdb\",\"name\":\"La Gu\u00eda de Pamplona\",\"image\":{\"@type\":\"ImageObject\",\"inLanguage\":\"es\",\"@id\":\"https:\\\/\\\/secure.gravatar.com\\\/avatar\\\/b6992f131dc8d30ab0dff15446e9d346d9dbd95992de0fef795073f5ea83a81c?s=96&d=mm&r=g\",\"url\":\"https:\\\/\\\/secure.gravatar.com\\\/avatar\\\/b6992f131dc8d30ab0dff15446e9d346d9dbd95992de0fef795073f5ea83a81c?s=96&d=mm&r=g\",\"contentUrl\":\"https:\\\/\\\/secure.gravatar.com\\\/avatar\\\/b6992f131dc8d30ab0dff15446e9d346d9dbd95992de0fef795073f5ea83a81c?s=96&d=mm&r=g\",\"caption\":\"La Gu\u00eda de Pamplona\"}}]}<\/script>\n<!-- \/ Yoast SEO plugin. -->","yoast_head_json":{"title":"Pamplona aprueba el I Plan Estrat\u00e9gico de Accesibilidad Integral que recoge m\u00e1s de 60 actuaciones para ser una ciudad m\u00e1s accesible y sin barreras","description":"La Junta de Gobierno Local ha aprobado esta ma\u00f1ana un documento que engloba propuestas para mejorar edificios, espacios y servicios p\u00fablicos","robots":{"index":"index","follow":"follow","max-snippet":"max-snippet:-1","max-image-preview":"max-image-preview:large","max-video-preview":"max-video-preview:-1"},"canonical":"https:\/\/www.laguiadepamplona.com\/actualidad\/pamplona-aprueba-el-i-plan-estrategico-de-accesibilidad-integral-que-recoge-mas-de-60-actuaciones-para-ser-una-ciudad-mas-accesible-y-sin-barreras\/","og_locale":"es_ES","og_type":"article","og_title":"Pamplona aprueba el I Plan Estrat\u00e9gico de Accesibilidad Integral que recoge m\u00e1s de 60 actuaciones para ser una ciudad m\u00e1s accesible y sin barreras","og_description":"La Junta de Gobierno Local ha aprobado esta ma\u00f1ana un documento que engloba propuestas para mejorar edificios, espacios y servicios p\u00fablicos","og_url":"https:\/\/www.laguiadepamplona.com\/actualidad\/pamplona-aprueba-el-i-plan-estrategico-de-accesibilidad-integral-que-recoge-mas-de-60-actuaciones-para-ser-una-ciudad-mas-accesible-y-sin-barreras\/","og_site_name":"La Gu\u00eda de Pamplona","article_publisher":"https:\/\/www.facebook.com\/laguiadepamplonacom-133175176762273\/?ref=hl","article_published_time":"2023-12-18T11:30:47+00:00","og_image":[{"width":1200,"height":800,"url":"https:\/\/www.laguiadepamplona.com\/actualidad\/wp-content\/uploads\/2023\/12\/2023_09_18-ascensor-trinitarios_Q5A2203.webp","type":"image\/webp"}],"author":"La Gu\u00eda de Pamplona","twitter_card":"summary_large_image","twitter_creator":"@LaGuiadPamplona","twitter_site":"@LaGuiadPamplona","twitter_misc":{"Escrito por":"La Gu\u00eda de Pamplona","Tiempo de lectura":"4 minutos"},"schema":{"@context":"https:\/\/schema.org","@graph":[{"@type":"Article","@id":"https:\/\/www.laguiadepamplona.com\/actualidad\/pamplona-aprueba-el-i-plan-estrategico-de-accesibilidad-integral-que-recoge-mas-de-60-actuaciones-para-ser-una-ciudad-mas-accesible-y-sin-barreras\/#article","isPartOf":{"@id":"https:\/\/www.laguiadepamplona.com\/actualidad\/pamplona-aprueba-el-i-plan-estrategico-de-accesibilidad-integral-que-recoge-mas-de-60-actuaciones-para-ser-una-ciudad-mas-accesible-y-sin-barreras\/"},"author":{"name":"La Gu\u00eda de Pamplona","@id":"https:\/\/www.laguiadepamplona.com\/actualidad\/#\/schema\/person\/efe887376f0213d4657c93adc50b1fdb"},"headline":"Pamplona aprueba el I Plan Estrat\u00e9gico de Accesibilidad Integral que recoge m\u00e1s de 60 actuaciones para ser una ciudad m\u00e1s accesible y sin barreras","datePublished":"2023-12-18T11:30:47+00:00","mainEntityOfPage":{"@id":"https:\/\/www.laguiadepamplona.com\/actualidad\/pamplona-aprueba-el-i-plan-estrategico-de-accesibilidad-integral-que-recoge-mas-de-60-actuaciones-para-ser-una-ciudad-mas-accesible-y-sin-barreras\/"},"wordCount":866,"commentCount":0,"publisher":{"@id":"https:\/\/www.laguiadepamplona.com\/actualidad\/#organization"},"image":{"@id":"https:\/\/www.laguiadepamplona.com\/actualidad\/pamplona-aprueba-el-i-plan-estrategico-de-accesibilidad-integral-que-recoge-mas-de-60-actuaciones-para-ser-una-ciudad-mas-accesible-y-sin-barreras\/#primaryimage"},"thumbnailUrl":"https:\/\/www.laguiadepamplona.com\/actualidad\/wp-content\/uploads\/2023\/12\/2023_09_18-ascensor-trinitarios_Q5A2203.webp","articleSection":["Ayto Pamplona"],"inLanguage":"es","potentialAction":[{"@type":"CommentAction","name":"Comment","target":["https:\/\/www.laguiadepamplona.com\/actualidad\/pamplona-aprueba-el-i-plan-estrategico-de-accesibilidad-integral-que-recoge-mas-de-60-actuaciones-para-ser-una-ciudad-mas-accesible-y-sin-barreras\/#respond"]}]},{"@type":"WebPage","@id":"https:\/\/www.laguiadepamplona.com\/actualidad\/pamplona-aprueba-el-i-plan-estrategico-de-accesibilidad-integral-que-recoge-mas-de-60-actuaciones-para-ser-una-ciudad-mas-accesible-y-sin-barreras\/","url":"https:\/\/www.laguiadepamplona.com\/actualidad\/pamplona-aprueba-el-i-plan-estrategico-de-accesibilidad-integral-que-recoge-mas-de-60-actuaciones-para-ser-una-ciudad-mas-accesible-y-sin-barreras\/","name":"Pamplona aprueba el I Plan Estrat\u00e9gico de Accesibilidad Integral que recoge m\u00e1s de 60 actuaciones para ser una ciudad m\u00e1s accesible y sin barreras","isPartOf":{"@id":"https:\/\/www.laguiadepamplona.com\/actualidad\/#website"},"primaryImageOfPage":{"@id":"https:\/\/www.laguiadepamplona.com\/actualidad\/pamplona-aprueba-el-i-plan-estrategico-de-accesibilidad-integral-que-recoge-mas-de-60-actuaciones-para-ser-una-ciudad-mas-accesible-y-sin-barreras\/#primaryimage"},"image":{"@id":"https:\/\/www.laguiadepamplona.com\/actualidad\/pamplona-aprueba-el-i-plan-estrategico-de-accesibilidad-integral-que-recoge-mas-de-60-actuaciones-para-ser-una-ciudad-mas-accesible-y-sin-barreras\/#primaryimage"},"thumbnailUrl":"https:\/\/www.laguiadepamplona.com\/actualidad\/wp-content\/uploads\/2023\/12\/2023_09_18-ascensor-trinitarios_Q5A2203.webp","datePublished":"2023-12-18T11:30:47+00:00","description":"La Junta de Gobierno Local ha aprobado esta ma\u00f1ana un documento que engloba propuestas para mejorar edificios, espacios y servicios p\u00fablicos","breadcrumb":{"@id":"https:\/\/www.laguiadepamplona.com\/actualidad\/pamplona-aprueba-el-i-plan-estrategico-de-accesibilidad-integral-que-recoge-mas-de-60-actuaciones-para-ser-una-ciudad-mas-accesible-y-sin-barreras\/#breadcrumb"},"inLanguage":"es","potentialAction":[{"@type":"ReadAction","target":["https:\/\/www.laguiadepamplona.com\/actualidad\/pamplona-aprueba-el-i-plan-estrategico-de-accesibilidad-integral-que-recoge-mas-de-60-actuaciones-para-ser-una-ciudad-mas-accesible-y-sin-barreras\/"]}]},{"@type":"ImageObject","inLanguage":"es","@id":"https:\/\/www.laguiadepamplona.com\/actualidad\/pamplona-aprueba-el-i-plan-estrategico-de-accesibilidad-integral-que-recoge-mas-de-60-actuaciones-para-ser-una-ciudad-mas-accesible-y-sin-barreras\/#primaryimage","url":"https:\/\/www.laguiadepamplona.com\/actualidad\/wp-content\/uploads\/2023\/12\/2023_09_18-ascensor-trinitarios_Q5A2203.webp","contentUrl":"https:\/\/www.laguiadepamplona.com\/actualidad\/wp-content\/uploads\/2023\/12\/2023_09_18-ascensor-trinitarios_Q5A2203.webp","width":1200,"height":800,"caption":"ascensores"},{"@type":"BreadcrumbList","@id":"https:\/\/www.laguiadepamplona.com\/actualidad\/pamplona-aprueba-el-i-plan-estrategico-de-accesibilidad-integral-que-recoge-mas-de-60-actuaciones-para-ser-una-ciudad-mas-accesible-y-sin-barreras\/#breadcrumb","itemListElement":[{"@type":"ListItem","position":1,"name":"Portada","item":"https:\/\/www.laguiadepamplona.com\/actualidad\/"},{"@type":"ListItem","position":2,"name":"Pamplona aprueba el I Plan Estrat\u00e9gico de Accesibilidad Integral que recoge m\u00e1s de 60 actuaciones para ser una ciudad m\u00e1s accesible y sin barreras"}]},{"@type":"WebSite","@id":"https:\/\/www.laguiadepamplona.com\/actualidad\/#website","url":"https:\/\/www.laguiadepamplona.com\/actualidad\/","name":"La gu\u00eda de Pamplona","description":"Noticias de Pamplona","publisher":{"@id":"https:\/\/www.laguiadepamplona.com\/actualidad\/#organization"},"potentialAction":[{"@type":"SearchAction","target":{"@type":"EntryPoint","urlTemplate":"https:\/\/www.laguiadepamplona.com\/actualidad\/?s={search_term_string}"},"query-input":{"@type":"PropertyValueSpecification","valueRequired":true,"valueName":"search_term_string"}}],"inLanguage":"es"},{"@type":"Organization","@id":"https:\/\/www.laguiadepamplona.com\/actualidad\/#organization","name":"La Gu\u00eda de Pamplona \/ Noticias","url":"https:\/\/www.laguiadepamplona.com\/actualidad\/","logo":{"@type":"ImageObject","inLanguage":"es","@id":"https:\/\/www.laguiadepamplona.com\/actualidad\/#\/schema\/logo\/image\/","url":"https:\/\/www.laguiadepamplona.com\/actualidad\/wp-content\/uploads\/2018\/11\/logo-laguiadepamplona18-web1.png","contentUrl":"https:\/\/www.laguiadepamplona.com\/actualidad\/wp-content\/uploads\/2018\/11\/logo-laguiadepamplona18-web1.png","width":600,"height":196,"caption":"La Gu\u00eda de Pamplona \/ Noticias"},"image":{"@id":"https:\/\/www.laguiadepamplona.com\/actualidad\/#\/schema\/logo\/image\/"},"sameAs":["https:\/\/www.facebook.com\/laguiadepamplonacom-133175176762273\/?ref=hl","https:\/\/x.com\/LaGuiadPamplona","https:\/\/www.instagram.com\/la_guia_de_pamplona\/","https:\/\/www.youtube.com\/user\/laguiadepamplona"]},{"@type":"Person","@id":"https:\/\/www.laguiadepamplona.com\/actualidad\/#\/schema\/person\/efe887376f0213d4657c93adc50b1fdb","name":"La Gu\u00eda de Pamplona","image":{"@type":"ImageObject","inLanguage":"es","@id":"https:\/\/secure.gravatar.com\/avatar\/b6992f131dc8d30ab0dff15446e9d346d9dbd95992de0fef795073f5ea83a81c?s=96&d=mm&r=g","url":"https:\/\/secure.gravatar.com\/avatar\/b6992f131dc8d30ab0dff15446e9d346d9dbd95992de0fef795073f5ea83a81c?s=96&d=mm&r=g","contentUrl":"https:\/\/secure.gravatar.com\/avatar\/b6992f131dc8d30ab0dff15446e9d346d9dbd95992de0fef795073f5ea83a81c?s=96&d=mm&r=g","caption":"La Gu\u00eda de Pamplona"}}]}},"post_mailing_queue_ids":[],"_links":{"self":[{"href":"https:\/\/www.laguiadepamplona.com\/actualidad\/wp-json\/wp\/v2\/posts\/48244","targetHints":{"allow":["GET"]}}],"collection":[{"href":"https:\/\/www.laguiadepamplona.com\/actualidad\/wp-json\/wp\/v2\/posts"}],"about":[{"href":"https:\/\/www.laguiadepamplona.com\/actualidad\/wp-json\/wp\/v2\/types\/post"}],"author":[{"embeddable":true,"href":"https:\/\/www.laguiadepamplona.com\/actualidad\/wp-json\/wp\/v2\/users\/1"}],"replies":[{"embeddable":true,"href":"https:\/\/www.laguiadepamplona.com\/actualidad\/wp-json\/wp\/v2\/comments?post=48244"}],"version-history":[{"count":1,"href":"https:\/\/www.laguiadepamplona.com\/actualidad\/wp-json\/wp\/v2\/posts\/48244\/revisions"}],"predecessor-version":[{"id":48246,"href":"https:\/\/www.laguiadepamplona.com\/actualidad\/wp-json\/wp\/v2\/posts\/48244\/revisions\/48246"}],"wp:featuredmedia":[{"embeddable":true,"href":"https:\/\/www.laguiadepamplona.com\/actualidad\/wp-json\/wp\/v2\/media\/48245"}],"wp:attachment":[{"href":"https:\/\/www.laguiadepamplona.com\/actualidad\/wp-json\/wp\/v2\/media?parent=48244"}],"wp:term":[{"taxonomy":"category","embeddable":true,"href":"https:\/\/www.laguiadepamplona.com\/actualidad\/wp-json\/wp\/v2\/categories?post=48244"},{"taxonomy":"post_tag","embeddable":true,"href":"https:\/\/www.laguiadepamplona.com\/actualidad\/wp-json\/wp\/v2\/tags?post=48244"}],"curies":[{"name":"wp","href":"https:\/\/api.w.org\/{rel}","templated":true}]}}