{"id":48230,"date":"2023-12-15T18:17:12","date_gmt":"2023-12-15T16:17:12","guid":{"rendered":"https:\/\/www.laguiadepamplona.com\/actualidad\/?p=48230"},"modified":"2023-12-15T18:17:12","modified_gmt":"2023-12-15T16:17:12","slug":"pamplona-participa-en-madrid-en-la-jornada-tecnica-y-la-asamblea-general-de-la-red-de-ciudades-por-la-bicicleta","status":"publish","type":"post","link":"https:\/\/www.laguiadepamplona.com\/actualidad\/pamplona-participa-en-madrid-en-la-jornada-tecnica-y-la-asamblea-general-de-la-red-de-ciudades-por-la-bicicleta\/","title":{"rendered":"Pamplona participa en Madrid en la Jornada t\u00e9cnica y la Asamblea General de la Red de Ciudades por la Bicicleta"},"content":{"rendered":"<h2>El Servicio de Movilidad presenta el programa de formaci\u00f3n ciclista municipal como buena pr\u00e1ctica de impulso a la movilidad ciclista<\/h2>\n<p><!--more--><\/p>\n<p>Pamplona ha participado esta semana en la Jornada t\u00e9cnica anual de la red de Ciudades por la Bicicleta y en la Asamblea General, celebradas en el Ministerio de Transportes y Movilidad Sostenible en Madrid. Pamplona ha sido seleccionada para explicar su experiencia y buen hacer en materia de formaci\u00f3n ciclista, junto a otras tres ciudades (Vitoria, Tarrasa y Elche) y la isla de Tenerife, como experiencia a escala territorial. La red reconoce a Pamplona entre las ciudades que mejor est\u00e1n impulsando el uso de la bicicleta, en concreto, a trav\u00e9s de la formaci\u00f3n.<br \/>\n<script async src=\"\/\/pagead2.googlesyndication.com\/pagead\/js\/adsbygoogle.js\"><\/script><br \/>\n<!-- Noticias La Guia de Pamplona --><br \/>\n<ins class=\"adsbygoogle\"\nstyle=\"display:block\"\ndata-ad-client=\"ca-pub-6943679897239327\"\ndata-ad-slot=\"7048180777\"\ndata-ad-format=\"auto\"><\/ins><br \/>\n<script>\n(adsbygoogle = window.adsbygoogle || []).push({});\n<\/script><\/p>\n<p>En la Jornada T\u00e9cnica, con el t\u00edtulo \u2018Estrategias de formaci\u00f3n ciclista en ciudades y territorios\u2019, la responsable del Servicio de Movilidad, Maribel G\u00f3mez, ha presentado el programa de formaci\u00f3n ciclista municipal, como experiencia de buenas pr\u00e1cticas de estrategias locales de impulso a movilidad ciclista. Los programas formativos de Pamplona destacan por su estabilidad en el tiempo y el presupuesto que se destina. El programa escolar, por ejemplo, forma cada curso a unos 1.500 escolares de media, y en el curso 21-22 se alcanzaron los 2.500 formados en circulaci\u00f3n ciclista urbana segura y responsable.<\/p>\n<p>Este programa escolar se enmarca en un conjunto de estrategias integradas encaminadas a impulsar el uso de la bicicleta como medio de transporte cotidiano, tanto en adolescentes como en adultos, educando as\u00ed para que las futuras generaciones establezcan h\u00e1bitos de movilidad saludables y sostenibles y para que, en la actualidad, las personas adultas cambien de h\u00e1bitos y dejen el coche para coger la bicicleta.<br \/>\n<script async src=\"\/\/pagead2.googlesyndication.com\/pagead\/js\/adsbygoogle.js\"><\/script><br \/>\n<!-- Noticias La Guia de Pamplona --><br \/>\n<ins class=\"adsbygoogle\"\nstyle=\"display:block\"\ndata-ad-client=\"ca-pub-6943679897239327\"\ndata-ad-slot=\"7048180777\"\ndata-ad-format=\"auto\"><\/ins><br \/>\n<script>\n(adsbygoogle = window.adsbygoogle || []).push({});\n<\/script><\/p>\n<p>El fomento del uso de la bicicleta es una de las claves de GoGreen Pamplona, la Estrategia de Transici\u00f3n Energ\u00e9tica y Cambio Clim\u00e1tico 2030, que tiene por objetivo una ciudad m\u00e1s sostenible, innovadora y descarbonizada.<\/p>\n","protected":false},"excerpt":{"rendered":"<p>El Servicio de Movilidad presenta el programa de formaci\u00f3n ciclista municipal como buena pr\u00e1ctica de impulso a la movilidad ciclista<\/p>\n","protected":false},"author":1,"featured_media":47676,"comment_status":"open","ping_status":"closed","sticky":false,"template":"","format":"standard","meta":{"footnotes":""},"categories":[2],"tags":[],"class_list":["post-48230","post","type-post","status-publish","format-standard","has-post-thumbnail","hentry","category-ayuntamiento-pamplona"],"yoast_head":"<!-- This site is optimized with the Yoast SEO plugin v27.3 - https:\/\/yoast.com\/product\/yoast-seo-wordpress\/ -->\n<title>Pamplona participa en Madrid en la Jornada t\u00e9cnica y la Asamblea General de la Red de Ciudades por la Bicicleta<\/title>\n<meta name=\"description\" content=\"El Servicio de Movilidad presenta el programa de formaci\u00f3n ciclista municipal como buena pr\u00e1ctica de impulso a la movilidad ciclista\" \/>\n<meta name=\"robots\" content=\"index, follow, max-snippet:-1, max-image-preview:large, max-video-preview:-1\" \/>\n<link rel=\"canonical\" href=\"https:\/\/www.laguiadepamplona.com\/actualidad\/pamplona-participa-en-madrid-en-la-jornada-tecnica-y-la-asamblea-general-de-la-red-de-ciudades-por-la-bicicleta\/\" \/>\n<meta property=\"og:locale\" content=\"es_ES\" \/>\n<meta property=\"og:type\" content=\"article\" \/>\n<meta property=\"og:title\" content=\"Pamplona participa en Madrid en la Jornada t\u00e9cnica y la Asamblea General de la Red de Ciudades por la Bicicleta\" \/>\n<meta property=\"og:description\" content=\"El Servicio de Movilidad presenta el programa de formaci\u00f3n ciclista municipal como buena pr\u00e1ctica de impulso a la movilidad ciclista\" \/>\n<meta property=\"og:url\" content=\"https:\/\/www.laguiadepamplona.com\/actualidad\/pamplona-participa-en-madrid-en-la-jornada-tecnica-y-la-asamblea-general-de-la-red-de-ciudades-por-la-bicicleta\/\" \/>\n<meta property=\"og:site_name\" content=\"La Gu\u00eda de Pamplona\" \/>\n<meta property=\"article:publisher\" content=\"https:\/\/www.facebook.com\/laguiadepamplonacom-133175176762273\/?ref=hl\" \/>\n<meta property=\"article:published_time\" content=\"2023-12-15T16:17:12+00:00\" \/>\n<meta property=\"og:image\" content=\"https:\/\/www.laguiadepamplona.com\/actualidad\/wp-content\/uploads\/2023\/10\/foto-bici_0.webp\" \/>\n\t<meta property=\"og:image:width\" content=\"1200\" \/>\n\t<meta property=\"og:image:height\" content=\"800\" \/>\n\t<meta property=\"og:image:type\" content=\"image\/webp\" \/>\n<meta name=\"author\" content=\"La Gu\u00eda de Pamplona\" \/>\n<meta name=\"twitter:card\" content=\"summary_large_image\" \/>\n<meta name=\"twitter:creator\" content=\"@LaGuiadPamplona\" \/>\n<meta name=\"twitter:site\" content=\"@LaGuiadPamplona\" \/>\n<meta name=\"twitter:label1\" content=\"Escrito por\" \/>\n\t<meta name=\"twitter:data1\" content=\"La Gu\u00eda de Pamplona\" \/>\n\t<meta name=\"twitter:label2\" content=\"Tiempo de lectura\" \/>\n\t<meta name=\"twitter:data2\" content=\"2 minutos\" \/>\n<script type=\"application\/ld+json\" class=\"yoast-schema-graph\">{\"@context\":\"https:\\\/\\\/schema.org\",\"@graph\":[{\"@type\":\"Article\",\"@id\":\"https:\\\/\\\/www.laguiadepamplona.com\\\/actualidad\\\/pamplona-participa-en-madrid-en-la-jornada-tecnica-y-la-asamblea-general-de-la-red-de-ciudades-por-la-bicicleta\\\/#article\",\"isPartOf\":{\"@id\":\"https:\\\/\\\/www.laguiadepamplona.com\\\/actualidad\\\/pamplona-participa-en-madrid-en-la-jornada-tecnica-y-la-asamblea-general-de-la-red-de-ciudades-por-la-bicicleta\\\/\"},\"author\":{\"name\":\"La Gu\u00eda de Pamplona\",\"@id\":\"https:\\\/\\\/www.laguiadepamplona.com\\\/actualidad\\\/#\\\/schema\\\/person\\\/efe887376f0213d4657c93adc50b1fdb\"},\"headline\":\"Pamplona participa en Madrid en la Jornada t\u00e9cnica y la Asamblea General de la Red de Ciudades por la Bicicleta\",\"datePublished\":\"2023-12-15T16:17:12+00:00\",\"mainEntityOfPage\":{\"@id\":\"https:\\\/\\\/www.laguiadepamplona.com\\\/actualidad\\\/pamplona-participa-en-madrid-en-la-jornada-tecnica-y-la-asamblea-general-de-la-red-de-ciudades-por-la-bicicleta\\\/\"},\"wordCount\":343,\"commentCount\":0,\"publisher\":{\"@id\":\"https:\\\/\\\/www.laguiadepamplona.com\\\/actualidad\\\/#organization\"},\"image\":{\"@id\":\"https:\\\/\\\/www.laguiadepamplona.com\\\/actualidad\\\/pamplona-participa-en-madrid-en-la-jornada-tecnica-y-la-asamblea-general-de-la-red-de-ciudades-por-la-bicicleta\\\/#primaryimage\"},\"thumbnailUrl\":\"https:\\\/\\\/www.laguiadepamplona.com\\\/actualidad\\\/wp-content\\\/uploads\\\/2023\\\/10\\\/foto-bici_0.webp\",\"articleSection\":[\"Ayto Pamplona\"],\"inLanguage\":\"es\",\"potentialAction\":[{\"@type\":\"CommentAction\",\"name\":\"Comment\",\"target\":[\"https:\\\/\\\/www.laguiadepamplona.com\\\/actualidad\\\/pamplona-participa-en-madrid-en-la-jornada-tecnica-y-la-asamblea-general-de-la-red-de-ciudades-por-la-bicicleta\\\/#respond\"]}]},{\"@type\":\"WebPage\",\"@id\":\"https:\\\/\\\/www.laguiadepamplona.com\\\/actualidad\\\/pamplona-participa-en-madrid-en-la-jornada-tecnica-y-la-asamblea-general-de-la-red-de-ciudades-por-la-bicicleta\\\/\",\"url\":\"https:\\\/\\\/www.laguiadepamplona.com\\\/actualidad\\\/pamplona-participa-en-madrid-en-la-jornada-tecnica-y-la-asamblea-general-de-la-red-de-ciudades-por-la-bicicleta\\\/\",\"name\":\"Pamplona participa en Madrid en la Jornada t\u00e9cnica y la Asamblea General de la Red de Ciudades por la Bicicleta\",\"isPartOf\":{\"@id\":\"https:\\\/\\\/www.laguiadepamplona.com\\\/actualidad\\\/#website\"},\"primaryImageOfPage\":{\"@id\":\"https:\\\/\\\/www.laguiadepamplona.com\\\/actualidad\\\/pamplona-participa-en-madrid-en-la-jornada-tecnica-y-la-asamblea-general-de-la-red-de-ciudades-por-la-bicicleta\\\/#primaryimage\"},\"image\":{\"@id\":\"https:\\\/\\\/www.laguiadepamplona.com\\\/actualidad\\\/pamplona-participa-en-madrid-en-la-jornada-tecnica-y-la-asamblea-general-de-la-red-de-ciudades-por-la-bicicleta\\\/#primaryimage\"},\"thumbnailUrl\":\"https:\\\/\\\/www.laguiadepamplona.com\\\/actualidad\\\/wp-content\\\/uploads\\\/2023\\\/10\\\/foto-bici_0.webp\",\"datePublished\":\"2023-12-15T16:17:12+00:00\",\"description\":\"El Servicio de Movilidad presenta el programa de formaci\u00f3n ciclista municipal como buena pr\u00e1ctica de impulso a la movilidad ciclista\",\"breadcrumb\":{\"@id\":\"https:\\\/\\\/www.laguiadepamplona.com\\\/actualidad\\\/pamplona-participa-en-madrid-en-la-jornada-tecnica-y-la-asamblea-general-de-la-red-de-ciudades-por-la-bicicleta\\\/#breadcrumb\"},\"inLanguage\":\"es\",\"potentialAction\":[{\"@type\":\"ReadAction\",\"target\":[\"https:\\\/\\\/www.laguiadepamplona.com\\\/actualidad\\\/pamplona-participa-en-madrid-en-la-jornada-tecnica-y-la-asamblea-general-de-la-red-de-ciudades-por-la-bicicleta\\\/\"]}]},{\"@type\":\"ImageObject\",\"inLanguage\":\"es\",\"@id\":\"https:\\\/\\\/www.laguiadepamplona.com\\\/actualidad\\\/pamplona-participa-en-madrid-en-la-jornada-tecnica-y-la-asamblea-general-de-la-red-de-ciudades-por-la-bicicleta\\\/#primaryimage\",\"url\":\"https:\\\/\\\/www.laguiadepamplona.com\\\/actualidad\\\/wp-content\\\/uploads\\\/2023\\\/10\\\/foto-bici_0.webp\",\"contentUrl\":\"https:\\\/\\\/www.laguiadepamplona.com\\\/actualidad\\\/wp-content\\\/uploads\\\/2023\\\/10\\\/foto-bici_0.webp\",\"width\":1200,\"height\":800,\"caption\":\"carril bici\"},{\"@type\":\"BreadcrumbList\",\"@id\":\"https:\\\/\\\/www.laguiadepamplona.com\\\/actualidad\\\/pamplona-participa-en-madrid-en-la-jornada-tecnica-y-la-asamblea-general-de-la-red-de-ciudades-por-la-bicicleta\\\/#breadcrumb\",\"itemListElement\":[{\"@type\":\"ListItem\",\"position\":1,\"name\":\"Portada\",\"item\":\"https:\\\/\\\/www.laguiadepamplona.com\\\/actualidad\\\/\"},{\"@type\":\"ListItem\",\"position\":2,\"name\":\"Pamplona participa en Madrid en la Jornada t\u00e9cnica y la Asamblea General de la Red de Ciudades por la Bicicleta\"}]},{\"@type\":\"WebSite\",\"@id\":\"https:\\\/\\\/www.laguiadepamplona.com\\\/actualidad\\\/#website\",\"url\":\"https:\\\/\\\/www.laguiadepamplona.com\\\/actualidad\\\/\",\"name\":\"La gu\u00eda de Pamplona\",\"description\":\"Noticias de Pamplona\",\"publisher\":{\"@id\":\"https:\\\/\\\/www.laguiadepamplona.com\\\/actualidad\\\/#organization\"},\"potentialAction\":[{\"@type\":\"SearchAction\",\"target\":{\"@type\":\"EntryPoint\",\"urlTemplate\":\"https:\\\/\\\/www.laguiadepamplona.com\\\/actualidad\\\/?s={search_term_string}\"},\"query-input\":{\"@type\":\"PropertyValueSpecification\",\"valueRequired\":true,\"valueName\":\"search_term_string\"}}],\"inLanguage\":\"es\"},{\"@type\":\"Organization\",\"@id\":\"https:\\\/\\\/www.laguiadepamplona.com\\\/actualidad\\\/#organization\",\"name\":\"La Gu\u00eda de Pamplona \\\/ Noticias\",\"url\":\"https:\\\/\\\/www.laguiadepamplona.com\\\/actualidad\\\/\",\"logo\":{\"@type\":\"ImageObject\",\"inLanguage\":\"es\",\"@id\":\"https:\\\/\\\/www.laguiadepamplona.com\\\/actualidad\\\/#\\\/schema\\\/logo\\\/image\\\/\",\"url\":\"https:\\\/\\\/www.laguiadepamplona.com\\\/actualidad\\\/wp-content\\\/uploads\\\/2018\\\/11\\\/logo-laguiadepamplona18-web1.png\",\"contentUrl\":\"https:\\\/\\\/www.laguiadepamplona.com\\\/actualidad\\\/wp-content\\\/uploads\\\/2018\\\/11\\\/logo-laguiadepamplona18-web1.png\",\"width\":600,\"height\":196,\"caption\":\"La Gu\u00eda de Pamplona \\\/ Noticias\"},\"image\":{\"@id\":\"https:\\\/\\\/www.laguiadepamplona.com\\\/actualidad\\\/#\\\/schema\\\/logo\\\/image\\\/\"},\"sameAs\":[\"https:\\\/\\\/www.facebook.com\\\/laguiadepamplonacom-133175176762273\\\/?ref=hl\",\"https:\\\/\\\/x.com\\\/LaGuiadPamplona\",\"https:\\\/\\\/www.instagram.com\\\/la_guia_de_pamplona\\\/\",\"https:\\\/\\\/www.youtube.com\\\/user\\\/laguiadepamplona\"]},{\"@type\":\"Person\",\"@id\":\"https:\\\/\\\/www.laguiadepamplona.com\\\/actualidad\\\/#\\\/schema\\\/person\\\/efe887376f0213d4657c93adc50b1fdb\",\"name\":\"La Gu\u00eda de Pamplona\",\"image\":{\"@type\":\"ImageObject\",\"inLanguage\":\"es\",\"@id\":\"https:\\\/\\\/secure.gravatar.com\\\/avatar\\\/b6992f131dc8d30ab0dff15446e9d346d9dbd95992de0fef795073f5ea83a81c?s=96&d=mm&r=g\",\"url\":\"https:\\\/\\\/secure.gravatar.com\\\/avatar\\\/b6992f131dc8d30ab0dff15446e9d346d9dbd95992de0fef795073f5ea83a81c?s=96&d=mm&r=g\",\"contentUrl\":\"https:\\\/\\\/secure.gravatar.com\\\/avatar\\\/b6992f131dc8d30ab0dff15446e9d346d9dbd95992de0fef795073f5ea83a81c?s=96&d=mm&r=g\",\"caption\":\"La Gu\u00eda de Pamplona\"}}]}<\/script>\n<!-- \/ Yoast SEO plugin. -->","yoast_head_json":{"title":"Pamplona participa en Madrid en la Jornada t\u00e9cnica y la Asamblea General de la Red de Ciudades por la Bicicleta","description":"El Servicio de Movilidad presenta el programa de formaci\u00f3n ciclista municipal como buena pr\u00e1ctica de impulso a la movilidad ciclista","robots":{"index":"index","follow":"follow","max-snippet":"max-snippet:-1","max-image-preview":"max-image-preview:large","max-video-preview":"max-video-preview:-1"},"canonical":"https:\/\/www.laguiadepamplona.com\/actualidad\/pamplona-participa-en-madrid-en-la-jornada-tecnica-y-la-asamblea-general-de-la-red-de-ciudades-por-la-bicicleta\/","og_locale":"es_ES","og_type":"article","og_title":"Pamplona participa en Madrid en la Jornada t\u00e9cnica y la Asamblea General de la Red de Ciudades por la Bicicleta","og_description":"El Servicio de Movilidad presenta el programa de formaci\u00f3n ciclista municipal como buena pr\u00e1ctica de impulso a la movilidad ciclista","og_url":"https:\/\/www.laguiadepamplona.com\/actualidad\/pamplona-participa-en-madrid-en-la-jornada-tecnica-y-la-asamblea-general-de-la-red-de-ciudades-por-la-bicicleta\/","og_site_name":"La Gu\u00eda de Pamplona","article_publisher":"https:\/\/www.facebook.com\/laguiadepamplonacom-133175176762273\/?ref=hl","article_published_time":"2023-12-15T16:17:12+00:00","og_image":[{"width":1200,"height":800,"url":"https:\/\/www.laguiadepamplona.com\/actualidad\/wp-content\/uploads\/2023\/10\/foto-bici_0.webp","type":"image\/webp"}],"author":"La Gu\u00eda de Pamplona","twitter_card":"summary_large_image","twitter_creator":"@LaGuiadPamplona","twitter_site":"@LaGuiadPamplona","twitter_misc":{"Escrito por":"La Gu\u00eda de Pamplona","Tiempo de lectura":"2 minutos"},"schema":{"@context":"https:\/\/schema.org","@graph":[{"@type":"Article","@id":"https:\/\/www.laguiadepamplona.com\/actualidad\/pamplona-participa-en-madrid-en-la-jornada-tecnica-y-la-asamblea-general-de-la-red-de-ciudades-por-la-bicicleta\/#article","isPartOf":{"@id":"https:\/\/www.laguiadepamplona.com\/actualidad\/pamplona-participa-en-madrid-en-la-jornada-tecnica-y-la-asamblea-general-de-la-red-de-ciudades-por-la-bicicleta\/"},"author":{"name":"La Gu\u00eda de Pamplona","@id":"https:\/\/www.laguiadepamplona.com\/actualidad\/#\/schema\/person\/efe887376f0213d4657c93adc50b1fdb"},"headline":"Pamplona participa en Madrid en la Jornada t\u00e9cnica y la Asamblea General de la Red de Ciudades por la Bicicleta","datePublished":"2023-12-15T16:17:12+00:00","mainEntityOfPage":{"@id":"https:\/\/www.laguiadepamplona.com\/actualidad\/pamplona-participa-en-madrid-en-la-jornada-tecnica-y-la-asamblea-general-de-la-red-de-ciudades-por-la-bicicleta\/"},"wordCount":343,"commentCount":0,"publisher":{"@id":"https:\/\/www.laguiadepamplona.com\/actualidad\/#organization"},"image":{"@id":"https:\/\/www.laguiadepamplona.com\/actualidad\/pamplona-participa-en-madrid-en-la-jornada-tecnica-y-la-asamblea-general-de-la-red-de-ciudades-por-la-bicicleta\/#primaryimage"},"thumbnailUrl":"https:\/\/www.laguiadepamplona.com\/actualidad\/wp-content\/uploads\/2023\/10\/foto-bici_0.webp","articleSection":["Ayto Pamplona"],"inLanguage":"es","potentialAction":[{"@type":"CommentAction","name":"Comment","target":["https:\/\/www.laguiadepamplona.com\/actualidad\/pamplona-participa-en-madrid-en-la-jornada-tecnica-y-la-asamblea-general-de-la-red-de-ciudades-por-la-bicicleta\/#respond"]}]},{"@type":"WebPage","@id":"https:\/\/www.laguiadepamplona.com\/actualidad\/pamplona-participa-en-madrid-en-la-jornada-tecnica-y-la-asamblea-general-de-la-red-de-ciudades-por-la-bicicleta\/","url":"https:\/\/www.laguiadepamplona.com\/actualidad\/pamplona-participa-en-madrid-en-la-jornada-tecnica-y-la-asamblea-general-de-la-red-de-ciudades-por-la-bicicleta\/","name":"Pamplona participa en Madrid en la Jornada t\u00e9cnica y la Asamblea General de la Red de Ciudades por la Bicicleta","isPartOf":{"@id":"https:\/\/www.laguiadepamplona.com\/actualidad\/#website"},"primaryImageOfPage":{"@id":"https:\/\/www.laguiadepamplona.com\/actualidad\/pamplona-participa-en-madrid-en-la-jornada-tecnica-y-la-asamblea-general-de-la-red-de-ciudades-por-la-bicicleta\/#primaryimage"},"image":{"@id":"https:\/\/www.laguiadepamplona.com\/actualidad\/pamplona-participa-en-madrid-en-la-jornada-tecnica-y-la-asamblea-general-de-la-red-de-ciudades-por-la-bicicleta\/#primaryimage"},"thumbnailUrl":"https:\/\/www.laguiadepamplona.com\/actualidad\/wp-content\/uploads\/2023\/10\/foto-bici_0.webp","datePublished":"2023-12-15T16:17:12+00:00","description":"El Servicio de Movilidad presenta el programa de formaci\u00f3n ciclista municipal como buena pr\u00e1ctica de impulso a la movilidad ciclista","breadcrumb":{"@id":"https:\/\/www.laguiadepamplona.com\/actualidad\/pamplona-participa-en-madrid-en-la-jornada-tecnica-y-la-asamblea-general-de-la-red-de-ciudades-por-la-bicicleta\/#breadcrumb"},"inLanguage":"es","potentialAction":[{"@type":"ReadAction","target":["https:\/\/www.laguiadepamplona.com\/actualidad\/pamplona-participa-en-madrid-en-la-jornada-tecnica-y-la-asamblea-general-de-la-red-de-ciudades-por-la-bicicleta\/"]}]},{"@type":"ImageObject","inLanguage":"es","@id":"https:\/\/www.laguiadepamplona.com\/actualidad\/pamplona-participa-en-madrid-en-la-jornada-tecnica-y-la-asamblea-general-de-la-red-de-ciudades-por-la-bicicleta\/#primaryimage","url":"https:\/\/www.laguiadepamplona.com\/actualidad\/wp-content\/uploads\/2023\/10\/foto-bici_0.webp","contentUrl":"https:\/\/www.laguiadepamplona.com\/actualidad\/wp-content\/uploads\/2023\/10\/foto-bici_0.webp","width":1200,"height":800,"caption":"carril bici"},{"@type":"BreadcrumbList","@id":"https:\/\/www.laguiadepamplona.com\/actualidad\/pamplona-participa-en-madrid-en-la-jornada-tecnica-y-la-asamblea-general-de-la-red-de-ciudades-por-la-bicicleta\/#breadcrumb","itemListElement":[{"@type":"ListItem","position":1,"name":"Portada","item":"https:\/\/www.laguiadepamplona.com\/actualidad\/"},{"@type":"ListItem","position":2,"name":"Pamplona participa en Madrid en la Jornada t\u00e9cnica y la Asamblea General de la Red de Ciudades por la Bicicleta"}]},{"@type":"WebSite","@id":"https:\/\/www.laguiadepamplona.com\/actualidad\/#website","url":"https:\/\/www.laguiadepamplona.com\/actualidad\/","name":"La gu\u00eda de Pamplona","description":"Noticias de Pamplona","publisher":{"@id":"https:\/\/www.laguiadepamplona.com\/actualidad\/#organization"},"potentialAction":[{"@type":"SearchAction","target":{"@type":"EntryPoint","urlTemplate":"https:\/\/www.laguiadepamplona.com\/actualidad\/?s={search_term_string}"},"query-input":{"@type":"PropertyValueSpecification","valueRequired":true,"valueName":"search_term_string"}}],"inLanguage":"es"},{"@type":"Organization","@id":"https:\/\/www.laguiadepamplona.com\/actualidad\/#organization","name":"La Gu\u00eda de Pamplona \/ Noticias","url":"https:\/\/www.laguiadepamplona.com\/actualidad\/","logo":{"@type":"ImageObject","inLanguage":"es","@id":"https:\/\/www.laguiadepamplona.com\/actualidad\/#\/schema\/logo\/image\/","url":"https:\/\/www.laguiadepamplona.com\/actualidad\/wp-content\/uploads\/2018\/11\/logo-laguiadepamplona18-web1.png","contentUrl":"https:\/\/www.laguiadepamplona.com\/actualidad\/wp-content\/uploads\/2018\/11\/logo-laguiadepamplona18-web1.png","width":600,"height":196,"caption":"La Gu\u00eda de Pamplona \/ Noticias"},"image":{"@id":"https:\/\/www.laguiadepamplona.com\/actualidad\/#\/schema\/logo\/image\/"},"sameAs":["https:\/\/www.facebook.com\/laguiadepamplonacom-133175176762273\/?ref=hl","https:\/\/x.com\/LaGuiadPamplona","https:\/\/www.instagram.com\/la_guia_de_pamplona\/","https:\/\/www.youtube.com\/user\/laguiadepamplona"]},{"@type":"Person","@id":"https:\/\/www.laguiadepamplona.com\/actualidad\/#\/schema\/person\/efe887376f0213d4657c93adc50b1fdb","name":"La Gu\u00eda de Pamplona","image":{"@type":"ImageObject","inLanguage":"es","@id":"https:\/\/secure.gravatar.com\/avatar\/b6992f131dc8d30ab0dff15446e9d346d9dbd95992de0fef795073f5ea83a81c?s=96&d=mm&r=g","url":"https:\/\/secure.gravatar.com\/avatar\/b6992f131dc8d30ab0dff15446e9d346d9dbd95992de0fef795073f5ea83a81c?s=96&d=mm&r=g","contentUrl":"https:\/\/secure.gravatar.com\/avatar\/b6992f131dc8d30ab0dff15446e9d346d9dbd95992de0fef795073f5ea83a81c?s=96&d=mm&r=g","caption":"La Gu\u00eda de Pamplona"}}]}},"post_mailing_queue_ids":[],"_links":{"self":[{"href":"https:\/\/www.laguiadepamplona.com\/actualidad\/wp-json\/wp\/v2\/posts\/48230","targetHints":{"allow":["GET"]}}],"collection":[{"href":"https:\/\/www.laguiadepamplona.com\/actualidad\/wp-json\/wp\/v2\/posts"}],"about":[{"href":"https:\/\/www.laguiadepamplona.com\/actualidad\/wp-json\/wp\/v2\/types\/post"}],"author":[{"embeddable":true,"href":"https:\/\/www.laguiadepamplona.com\/actualidad\/wp-json\/wp\/v2\/users\/1"}],"replies":[{"embeddable":true,"href":"https:\/\/www.laguiadepamplona.com\/actualidad\/wp-json\/wp\/v2\/comments?post=48230"}],"version-history":[{"count":1,"href":"https:\/\/www.laguiadepamplona.com\/actualidad\/wp-json\/wp\/v2\/posts\/48230\/revisions"}],"predecessor-version":[{"id":48231,"href":"https:\/\/www.laguiadepamplona.com\/actualidad\/wp-json\/wp\/v2\/posts\/48230\/revisions\/48231"}],"wp:featuredmedia":[{"embeddable":true,"href":"https:\/\/www.laguiadepamplona.com\/actualidad\/wp-json\/wp\/v2\/media\/47676"}],"wp:attachment":[{"href":"https:\/\/www.laguiadepamplona.com\/actualidad\/wp-json\/wp\/v2\/media?parent=48230"}],"wp:term":[{"taxonomy":"category","embeddable":true,"href":"https:\/\/www.laguiadepamplona.com\/actualidad\/wp-json\/wp\/v2\/categories?post=48230"},{"taxonomy":"post_tag","embeddable":true,"href":"https:\/\/www.laguiadepamplona.com\/actualidad\/wp-json\/wp\/v2\/tags?post=48230"}],"curies":[{"name":"wp","href":"https:\/\/api.w.org\/{rel}","templated":true}]}}