{"id":4822,"date":"2015-02-19T14:59:25","date_gmt":"2015-02-19T12:59:25","guid":{"rendered":"http:\/\/laguiadepamplona.com\/actualidad\/?p=4822"},"modified":"2015-02-19T14:59:25","modified_gmt":"2015-02-19T12:59:25","slug":"convocados-los-concursos-de-dibujo-y-fotografia-digital-descubre-la-energia-y-cuentalo-en-los-que-puede-participar-alumnado-de-centros-publicos-y-concertados","status":"publish","type":"post","link":"https:\/\/www.laguiadepamplona.com\/actualidad\/convocados-los-concursos-de-dibujo-y-fotografia-digital-descubre-la-energia-y-cuentalo-en-los-que-puede-participar-alumnado-de-centros-publicos-y-concertados\/","title":{"rendered":"Convocados los concursos de dibujo y fotograf\u00eda digital \u2018Descubre la energ\u00eda y cu\u00e9ntalo\u2019, en los que puede participar alumnado de centros p\u00fablicos y concertados"},"content":{"rendered":"<h4>Es obligatorio haber participado este curso en los talleres de energ\u00eda que oferta el Ayuntamiento a estudiantes de Primaria y Secundaria<\/h4>\n<p><a href=\"http:\/\/laguiadepamplona.com\/actualidad\/wp-content\/uploads\/2015\/02\/concursodescubrelaenergia.jpg\"><img loading=\"lazy\" decoding=\"async\" class=\"alignleft size-medium wp-image-4823\" src=\"http:\/\/laguiadepamplona.com\/actualidad\/wp-content\/uploads\/2015\/02\/concursodescubrelaenergia-300x225.jpg\" alt=\"OLYMPUS DIGITAL CAMERA\" width=\"300\" height=\"225\" \/><\/a>El Ayuntamiento de Pamplona, a trav\u00e9s de la Agencia Energ\u00e9tica Municipal, ha convocado un a\u00f1o m\u00e1s los concursos de dibujo y fotograf\u00eda digital\u00a0 \u2018Descubre la energ\u00eda y cu\u00e9ntalo\u2019, dirigidos a estudiantes de centros educativos p\u00fablicos y concertados de Pamplona. El concurso de dibujo cumple su quinta edici\u00f3n y en \u00e9l podr\u00e1n participar alumnos de 5\u00ba y 6\u00ba de Primaria. Por su parte, la cuarta edici\u00f3n del concurso de fotograf\u00eda est\u00e1 dirigida a estudiantes de 3\u00ba y 4\u00ba de Secundaria.<\/p>\n<p>Los trabajos para ambos concursos se podr\u00e1n presentar hasta el 29 de mayo, a trav\u00e9s de los propios colegios que ser\u00e1n quienes remitan los dibujos y fotograf\u00edas a la Agencia Energ\u00e9tica Municipal. El tema sobre el que versar\u00e1n los trabajos es el ahorro de energ\u00eda y el cuidado del medio ambiente. Es obligatorio que quienes presentan los trabajos para ambos concursos hayan participado en los talleres \u2018Descubre la energ\u00eda y cu\u00e9ntalo\u2019, que ofrece el Ayuntamiento de Pamplona en el curso 2014 \u2013 2015.<\/p>\n<p>Desde el a\u00f1o 2001 en Educaci\u00f3n Primaria y desde 2005 en Secundaria, el Ayuntamiento de Pamplona ofrece talleres de energ\u00eda en los colegios, con el objetivo principal de promover actitudes de consumo responsable de energ\u00eda. Adem\u00e1s, se pretende con ellos facilitar herramientas al profesorado para abordar esta cuesti\u00f3n tan importante en nuestros d\u00edas y tan directamente relacionada con la contaminaci\u00f3n ambiental y el cambio clim\u00e1tico.<\/p>\n<p><strong>Concurso de dibujo<\/strong><\/p>\n<p>Los dibujos ser\u00e1n a color de estilo y t\u00e9cnicas libres, y se podr\u00e1 utilizar cualquier material colorante (l\u00e1pices de color, rotuladores, recortes para collage&#8230;). El trabajo deber\u00e1 presentarse en cartulina o papel tama\u00f1o A3. Se han establecido tres premios para repartir entre las mejores obras, que consistir\u00e1n en un diploma y en material deportivo o de ocio. Quien gane el concurso de dibujo ser\u00e1 premiado con una tablet, qui\u00e9n quede en segunda posici\u00f3n obtendr\u00e1 una bicicleta y el estudiante que quede en tercer lugar recibir\u00e1 un mp3.<\/p>\n<p>El procedimiento para entregar los trabajos ser\u00e1 el siguiente. Primero, los estudiantes participantes entregar\u00e1n las obras al profesor encargado del aula en cada centro.\u00a0 Posteriormente, el profesor los remitir\u00e1 en sobre cerrado a la Agencia Energ\u00e9tica del Ayuntamiento de Pamplona mediante correo ordinario (Edificio Monasterio Viejo de San Pedro. Final c\/Uzt\u00e1rroz s\/n, 1\u00aa planta. 31014 Pamplona). En el reverso del dibujo deber\u00e1n figurar el nombre completo del estudiante, la edad, el curso y el centro escolar al que pertenece. La candidatura de cada colegio se presentar\u00e1 en sobre cerrado en el que, adem\u00e1s de la direcci\u00f3n, llevar\u00e1 rotulado en el exterior la leyenda \u2018CONCURSO DE DIBUJO DESCUBRE LA ENERG\u00cdA Y CU\u00c9NTALO\u2019, e indicar\u00e1 el centro educativo que lo env\u00eda y la persona de contacto.<\/p>\n<p><strong>Concurso de fotograf\u00eda digital<\/strong><\/p>\n<p>Los participantes en el concurso de fotograf\u00eda digital solo podr\u00e1n presentar una instant\u00e1nea, un \u00fanico trabajo que muestre su particular y personal visi\u00f3n sobre el ahorro de energ\u00eda y el cuidado del medio ambiente. Los ganadores obtendr\u00e1n un diploma y material deportivo o de ocio. Para el autor de la mejor imagen habr\u00e1 una c\u00e1mara de fotos, para el segundo una bicicleta y para el tercero un mp3.<\/p>\n<p>Las fotograf\u00edas deben ser entregadas al profesor encargado del aula en cada centro y, posteriormente, este las remitir\u00e1 en un CD o DVD a la Agencia Energ\u00e9tica del Ayuntamiento de Pamplona mediante correo ordinario (Edificio Monasterio Viejo de San Pedro. Final c\/Uzt\u00e1rroz s\/n, 1\u00aa planta. 31014 Pamplona). Las fotograf\u00edas enviadas deber\u00e1n recoger el nombre completo del estudiante autor de la imagen, la edad, el curso y el centro escolar al que pertenece. La candidatura de cada colegio se presentar\u00e1 en un CD \/ DVD en el que, adem\u00e1s de la direcci\u00f3n postal, llevar\u00e1 rotulado en el exterior la leyenda \u2018CONCURSO DE FOTOGRAF\u00cdA DESCUBRE LA ENERG\u00cdA Y CU\u00c9NTALO\u2019, e indicar\u00e1 el centro educativo que lo env\u00eda y la persona de contacto.<\/p>\n<p><strong>Descubre la energ\u00eda y cu\u00e9ntalo. Concursos escolares de fotograf\u00eda y dibujo<\/strong><\/p>\n<ul>\n<li><strong>V Concurso Escolar de Dibujo \u2018Descubre la energ\u00eda y cu\u00e9ntalo\u2019 para estudiantes de 5\u00ba y 6\u00ba de Educaci\u00f3n Primaria de centros educativos p\u00fablicos y concertados de Pamplona<\/strong>\n<ul>\n<li>Tema: \u2018Ahorro de energ\u00eda y cuidado del medio ambiente<\/li>\n<li>Los dibujos se entregar\u00e1n al profesor encargado del aula en cada centro y, posteriormente, este lo remitir\u00e1 en sobre cerrado a la Agencia Energ\u00e9tica del Ayuntamiento de Pamplona mediante correo ordinario. En el reverso del dibujo deber\u00e1n figurar el nombre completo del autor, la edad, el curso y el centro escolar al que pertenece. La candidatura de cada colegio se presentar\u00e1 en sobre cerrado en el que, adem\u00e1s de la direcci\u00f3n, llevar\u00e1 rotulado en el exterior la leyenda \u2018CONCURSO DE DIBUJO DESCUBRE LA ENERG\u00cdA Y CU\u00c9NTALO\u2019, e indicar\u00e1 el centro educativo que lo env\u00eda y la persona de contacto<\/li>\n<li>Premios: diploma y material deportivo o de ocio (para el primer premio una tablet, para el segundo una bicicleta y para el tercero un mp3)<\/li>\n<li>Presentaci\u00f3n de trabajos <span style=\"text-decoration: underline;\">hasta el 29 de mayo<\/span><\/li>\n<\/ul>\n<\/li>\n<li><strong>IV Concurso Escolar de Fotograf\u00eda Digital \u2018Descubre la energ\u00eda y cu\u00e9ntalo\u2019 para estudiantes de 3\u00ba y 4\u00ba de Educaci\u00f3n Secundaria de centros educativos p\u00fablicos y concertados de Pamplona<\/strong>\n<ul>\n<li>Tema: \u2018Ahorro de energ\u00eda y cuidado del medio ambiente<\/li>\n<li>Las fotograf\u00edas deben ser entregadas al profesor encargado del aula en cada centro y, posteriormente, este las remitir\u00e1 en un CD o DVD a la Agencia Energ\u00e9tica del Ayuntamiento de Pamplona mediante correo ordinario. Las fotograf\u00edas enviadas deber\u00e1n recoger el nombre completo del autor, la edad, el curso y el centro escolar al que pertenece. La candidatura de cada colegio se presentar\u00e1 en un CD \/ DVD en el que, adem\u00e1s de la direcci\u00f3n postal, llevar\u00e1 rotulado en el exterior la leyenda \u2018CONCURSO DE FOTOGRAF\u00cdA DESCUBRE LA ENERG\u00cdA Y CU\u00c9NTALO\u2019, e indicar\u00e1 el centro educativo que lo env\u00eda y la persona de contacto<\/li>\n<li>Premios: diploma y material deportivo o de ocio (para el primer premio una m\u00e1quina de fotos, para el segundo una bicicleta y para el tercero un mp3)<\/li>\n<li>Presentaci\u00f3n de trabajos <span style=\"text-decoration: underline;\">hasta el 29 de mayo<\/span><\/li>\n<\/ul>\n<\/li>\n<\/ul>\n<p>&nbsp;<\/p>\n","protected":false},"excerpt":{"rendered":"<p>Es obligatorio haber participado este curso en los talleres de energ\u00eda que oferta el Ayuntamiento a estudiantes de Primaria y Secundaria El Ayuntamiento de Pamplona, a trav\u00e9s de la Agencia&#8230;<\/p>\n","protected":false},"author":1,"featured_media":4823,"comment_status":"closed","ping_status":"open","sticky":false,"template":"","format":"standard","meta":{"footnotes":""},"categories":[2],"tags":[5,4281,6,509,4282,995,534,4283,8,9],"class_list":["post-4822","post","type-post","status-publish","format-standard","has-post-thumbnail","hentry","category-ayuntamiento-pamplona","tag-actualidad","tag-agencia-energetica","tag-ayto-pamplona","tag-ayuntamiento-de-pamplona","tag-centros-publicos","tag-descubre-la-energia-y-cuentalo","tag-dibujos","tag-fotografia-digital","tag-noticias","tag-pamplona"],"yoast_head":"<!-- This site is optimized with the Yoast SEO plugin v27.5 - https:\/\/yoast.com\/product\/yoast-seo-wordpress\/ -->\n<title>Convocados los concursos de dibujo y fotograf\u00eda digital \u2018Descubre la energ\u00eda y cu\u00e9ntalo\u2019, en los que puede participar alumnado de centros p\u00fablicos y concertados<\/title>\n<meta name=\"robots\" content=\"index, follow, max-snippet:-1, max-image-preview:large, max-video-preview:-1\" \/>\n<link rel=\"canonical\" href=\"https:\/\/www.laguiadepamplona.com\/actualidad\/convocados-los-concursos-de-dibujo-y-fotografia-digital-descubre-la-energia-y-cuentalo-en-los-que-puede-participar-alumnado-de-centros-publicos-y-concertados\/\" \/>\n<meta property=\"og:locale\" content=\"es_ES\" \/>\n<meta property=\"og:type\" content=\"article\" \/>\n<meta property=\"og:title\" content=\"Convocados los concursos de dibujo y fotograf\u00eda digital \u2018Descubre la energ\u00eda y cu\u00e9ntalo\u2019, en los que puede participar alumnado de centros p\u00fablicos y concertados\" \/>\n<meta property=\"og:description\" content=\"Es obligatorio haber participado este curso en los talleres de energ\u00eda que oferta el Ayuntamiento a estudiantes de Primaria y Secundaria El Ayuntamiento de Pamplona, a trav\u00e9s de la Agencia...\" \/>\n<meta property=\"og:url\" content=\"https:\/\/www.laguiadepamplona.com\/actualidad\/convocados-los-concursos-de-dibujo-y-fotografia-digital-descubre-la-energia-y-cuentalo-en-los-que-puede-participar-alumnado-de-centros-publicos-y-concertados\/\" \/>\n<meta property=\"og:site_name\" content=\"La Gu\u00eda de Pamplona\" \/>\n<meta property=\"article:publisher\" content=\"https:\/\/www.facebook.com\/laguiadepamplonacom-133175176762273\/?ref=hl\" \/>\n<meta property=\"article:published_time\" content=\"2015-02-19T12:59:25+00:00\" \/>\n<meta name=\"author\" content=\"La Gu\u00eda de Pamplona\" \/>\n<meta name=\"twitter:card\" content=\"summary_large_image\" \/>\n<meta name=\"twitter:creator\" content=\"@LaGuiadPamplona\" \/>\n<meta name=\"twitter:site\" content=\"@LaGuiadPamplona\" \/>\n<meta name=\"twitter:label1\" content=\"Escrito por\" \/>\n\t<meta name=\"twitter:data1\" content=\"La Gu\u00eda de Pamplona\" \/>\n\t<meta name=\"twitter:label2\" content=\"Tiempo de lectura\" \/>\n\t<meta name=\"twitter:data2\" content=\"5 minutos\" \/>\n<script type=\"application\/ld+json\" class=\"yoast-schema-graph\">{\"@context\":\"https:\\\/\\\/schema.org\",\"@graph\":[{\"@type\":\"Article\",\"@id\":\"https:\\\/\\\/www.laguiadepamplona.com\\\/actualidad\\\/convocados-los-concursos-de-dibujo-y-fotografia-digital-descubre-la-energia-y-cuentalo-en-los-que-puede-participar-alumnado-de-centros-publicos-y-concertados\\\/#article\",\"isPartOf\":{\"@id\":\"https:\\\/\\\/www.laguiadepamplona.com\\\/actualidad\\\/convocados-los-concursos-de-dibujo-y-fotografia-digital-descubre-la-energia-y-cuentalo-en-los-que-puede-participar-alumnado-de-centros-publicos-y-concertados\\\/\"},\"author\":{\"name\":\"La Gu\u00eda de Pamplona\",\"@id\":\"https:\\\/\\\/www.laguiadepamplona.com\\\/actualidad\\\/#\\\/schema\\\/person\\\/efe887376f0213d4657c93adc50b1fdb\"},\"headline\":\"Convocados los concursos de dibujo y fotograf\u00eda digital \u2018Descubre la energ\u00eda y cu\u00e9ntalo\u2019, en los que puede participar alumnado de centros p\u00fablicos y concertados\",\"datePublished\":\"2015-02-19T12:59:25+00:00\",\"mainEntityOfPage\":{\"@id\":\"https:\\\/\\\/www.laguiadepamplona.com\\\/actualidad\\\/convocados-los-concursos-de-dibujo-y-fotografia-digital-descubre-la-energia-y-cuentalo-en-los-que-puede-participar-alumnado-de-centros-publicos-y-concertados\\\/\"},\"wordCount\":1120,\"publisher\":{\"@id\":\"https:\\\/\\\/www.laguiadepamplona.com\\\/actualidad\\\/#organization\"},\"image\":{\"@id\":\"https:\\\/\\\/www.laguiadepamplona.com\\\/actualidad\\\/convocados-los-concursos-de-dibujo-y-fotografia-digital-descubre-la-energia-y-cuentalo-en-los-que-puede-participar-alumnado-de-centros-publicos-y-concertados\\\/#primaryimage\"},\"thumbnailUrl\":\"\",\"keywords\":[\"actualidad\",\"agencia energ\u00e9tica\",\"ayto pamplona\",\"Ayuntamiento de Pamplona\",\"centros publicos\",\"Descubre la energ\u00eda y cu\u00e9ntalo\u2019\",\"dibujos\",\"fotograf\u00eda digital\",\"noticias\",\"pamplona\"],\"articleSection\":[\"Ayto Pamplona\"],\"inLanguage\":\"es\"},{\"@type\":\"WebPage\",\"@id\":\"https:\\\/\\\/www.laguiadepamplona.com\\\/actualidad\\\/convocados-los-concursos-de-dibujo-y-fotografia-digital-descubre-la-energia-y-cuentalo-en-los-que-puede-participar-alumnado-de-centros-publicos-y-concertados\\\/\",\"url\":\"https:\\\/\\\/www.laguiadepamplona.com\\\/actualidad\\\/convocados-los-concursos-de-dibujo-y-fotografia-digital-descubre-la-energia-y-cuentalo-en-los-que-puede-participar-alumnado-de-centros-publicos-y-concertados\\\/\",\"name\":\"Convocados los concursos de dibujo y fotograf\u00eda digital \u2018Descubre la energ\u00eda y cu\u00e9ntalo\u2019, en los que puede participar alumnado de centros p\u00fablicos y concertados\",\"isPartOf\":{\"@id\":\"https:\\\/\\\/www.laguiadepamplona.com\\\/actualidad\\\/#website\"},\"primaryImageOfPage\":{\"@id\":\"https:\\\/\\\/www.laguiadepamplona.com\\\/actualidad\\\/convocados-los-concursos-de-dibujo-y-fotografia-digital-descubre-la-energia-y-cuentalo-en-los-que-puede-participar-alumnado-de-centros-publicos-y-concertados\\\/#primaryimage\"},\"image\":{\"@id\":\"https:\\\/\\\/www.laguiadepamplona.com\\\/actualidad\\\/convocados-los-concursos-de-dibujo-y-fotografia-digital-descubre-la-energia-y-cuentalo-en-los-que-puede-participar-alumnado-de-centros-publicos-y-concertados\\\/#primaryimage\"},\"thumbnailUrl\":\"\",\"datePublished\":\"2015-02-19T12:59:25+00:00\",\"breadcrumb\":{\"@id\":\"https:\\\/\\\/www.laguiadepamplona.com\\\/actualidad\\\/convocados-los-concursos-de-dibujo-y-fotografia-digital-descubre-la-energia-y-cuentalo-en-los-que-puede-participar-alumnado-de-centros-publicos-y-concertados\\\/#breadcrumb\"},\"inLanguage\":\"es\",\"potentialAction\":[{\"@type\":\"ReadAction\",\"target\":[\"https:\\\/\\\/www.laguiadepamplona.com\\\/actualidad\\\/convocados-los-concursos-de-dibujo-y-fotografia-digital-descubre-la-energia-y-cuentalo-en-los-que-puede-participar-alumnado-de-centros-publicos-y-concertados\\\/\"]}]},{\"@type\":\"ImageObject\",\"inLanguage\":\"es\",\"@id\":\"https:\\\/\\\/www.laguiadepamplona.com\\\/actualidad\\\/convocados-los-concursos-de-dibujo-y-fotografia-digital-descubre-la-energia-y-cuentalo-en-los-que-puede-participar-alumnado-de-centros-publicos-y-concertados\\\/#primaryimage\",\"url\":\"\",\"contentUrl\":\"\"},{\"@type\":\"BreadcrumbList\",\"@id\":\"https:\\\/\\\/www.laguiadepamplona.com\\\/actualidad\\\/convocados-los-concursos-de-dibujo-y-fotografia-digital-descubre-la-energia-y-cuentalo-en-los-que-puede-participar-alumnado-de-centros-publicos-y-concertados\\\/#breadcrumb\",\"itemListElement\":[{\"@type\":\"ListItem\",\"position\":1,\"name\":\"Portada\",\"item\":\"https:\\\/\\\/www.laguiadepamplona.com\\\/actualidad\\\/\"},{\"@type\":\"ListItem\",\"position\":2,\"name\":\"Convocados los concursos de dibujo y fotograf\u00eda digital \u2018Descubre la energ\u00eda y cu\u00e9ntalo\u2019, en los que puede participar alumnado de centros p\u00fablicos y concertados\"}]},{\"@type\":\"WebSite\",\"@id\":\"https:\\\/\\\/www.laguiadepamplona.com\\\/actualidad\\\/#website\",\"url\":\"https:\\\/\\\/www.laguiadepamplona.com\\\/actualidad\\\/\",\"name\":\"La gu\u00eda de Pamplona\",\"description\":\"Noticias de Pamplona\",\"publisher\":{\"@id\":\"https:\\\/\\\/www.laguiadepamplona.com\\\/actualidad\\\/#organization\"},\"potentialAction\":[{\"@type\":\"SearchAction\",\"target\":{\"@type\":\"EntryPoint\",\"urlTemplate\":\"https:\\\/\\\/www.laguiadepamplona.com\\\/actualidad\\\/?s={search_term_string}\"},\"query-input\":{\"@type\":\"PropertyValueSpecification\",\"valueRequired\":true,\"valueName\":\"search_term_string\"}}],\"inLanguage\":\"es\"},{\"@type\":\"Organization\",\"@id\":\"https:\\\/\\\/www.laguiadepamplona.com\\\/actualidad\\\/#organization\",\"name\":\"La Gu\u00eda de Pamplona \\\/ Noticias\",\"url\":\"https:\\\/\\\/www.laguiadepamplona.com\\\/actualidad\\\/\",\"logo\":{\"@type\":\"ImageObject\",\"inLanguage\":\"es\",\"@id\":\"https:\\\/\\\/www.laguiadepamplona.com\\\/actualidad\\\/#\\\/schema\\\/logo\\\/image\\\/\",\"url\":\"https:\\\/\\\/www.laguiadepamplona.com\\\/actualidad\\\/wp-content\\\/uploads\\\/2018\\\/11\\\/logo-laguiadepamplona18-web1.png\",\"contentUrl\":\"https:\\\/\\\/www.laguiadepamplona.com\\\/actualidad\\\/wp-content\\\/uploads\\\/2018\\\/11\\\/logo-laguiadepamplona18-web1.png\",\"width\":600,\"height\":196,\"caption\":\"La Gu\u00eda de Pamplona \\\/ Noticias\"},\"image\":{\"@id\":\"https:\\\/\\\/www.laguiadepamplona.com\\\/actualidad\\\/#\\\/schema\\\/logo\\\/image\\\/\"},\"sameAs\":[\"https:\\\/\\\/www.facebook.com\\\/laguiadepamplonacom-133175176762273\\\/?ref=hl\",\"https:\\\/\\\/x.com\\\/LaGuiadPamplona\",\"https:\\\/\\\/www.instagram.com\\\/la_guia_de_pamplona\\\/\",\"https:\\\/\\\/www.youtube.com\\\/user\\\/laguiadepamplona\"]},{\"@type\":\"Person\",\"@id\":\"https:\\\/\\\/www.laguiadepamplona.com\\\/actualidad\\\/#\\\/schema\\\/person\\\/efe887376f0213d4657c93adc50b1fdb\",\"name\":\"La Gu\u00eda de Pamplona\",\"image\":{\"@type\":\"ImageObject\",\"inLanguage\":\"es\",\"@id\":\"https:\\\/\\\/secure.gravatar.com\\\/avatar\\\/b6992f131dc8d30ab0dff15446e9d346d9dbd95992de0fef795073f5ea83a81c?s=96&d=mm&r=g\",\"url\":\"https:\\\/\\\/secure.gravatar.com\\\/avatar\\\/b6992f131dc8d30ab0dff15446e9d346d9dbd95992de0fef795073f5ea83a81c?s=96&d=mm&r=g\",\"contentUrl\":\"https:\\\/\\\/secure.gravatar.com\\\/avatar\\\/b6992f131dc8d30ab0dff15446e9d346d9dbd95992de0fef795073f5ea83a81c?s=96&d=mm&r=g\",\"caption\":\"La Gu\u00eda de Pamplona\"}}]}<\/script>\n<!-- \/ Yoast SEO plugin. -->","yoast_head_json":{"title":"Convocados los concursos de dibujo y fotograf\u00eda digital \u2018Descubre la energ\u00eda y cu\u00e9ntalo\u2019, en los que puede participar alumnado de centros p\u00fablicos y concertados","robots":{"index":"index","follow":"follow","max-snippet":"max-snippet:-1","max-image-preview":"max-image-preview:large","max-video-preview":"max-video-preview:-1"},"canonical":"https:\/\/www.laguiadepamplona.com\/actualidad\/convocados-los-concursos-de-dibujo-y-fotografia-digital-descubre-la-energia-y-cuentalo-en-los-que-puede-participar-alumnado-de-centros-publicos-y-concertados\/","og_locale":"es_ES","og_type":"article","og_title":"Convocados los concursos de dibujo y fotograf\u00eda digital \u2018Descubre la energ\u00eda y cu\u00e9ntalo\u2019, en los que puede participar alumnado de centros p\u00fablicos y concertados","og_description":"Es obligatorio haber participado este curso en los talleres de energ\u00eda que oferta el Ayuntamiento a estudiantes de Primaria y Secundaria El Ayuntamiento de Pamplona, a trav\u00e9s de la Agencia...","og_url":"https:\/\/www.laguiadepamplona.com\/actualidad\/convocados-los-concursos-de-dibujo-y-fotografia-digital-descubre-la-energia-y-cuentalo-en-los-que-puede-participar-alumnado-de-centros-publicos-y-concertados\/","og_site_name":"La Gu\u00eda de Pamplona","article_publisher":"https:\/\/www.facebook.com\/laguiadepamplonacom-133175176762273\/?ref=hl","article_published_time":"2015-02-19T12:59:25+00:00","author":"La Gu\u00eda de Pamplona","twitter_card":"summary_large_image","twitter_creator":"@LaGuiadPamplona","twitter_site":"@LaGuiadPamplona","twitter_misc":{"Escrito por":"La Gu\u00eda de Pamplona","Tiempo de lectura":"5 minutos"},"schema":{"@context":"https:\/\/schema.org","@graph":[{"@type":"Article","@id":"https:\/\/www.laguiadepamplona.com\/actualidad\/convocados-los-concursos-de-dibujo-y-fotografia-digital-descubre-la-energia-y-cuentalo-en-los-que-puede-participar-alumnado-de-centros-publicos-y-concertados\/#article","isPartOf":{"@id":"https:\/\/www.laguiadepamplona.com\/actualidad\/convocados-los-concursos-de-dibujo-y-fotografia-digital-descubre-la-energia-y-cuentalo-en-los-que-puede-participar-alumnado-de-centros-publicos-y-concertados\/"},"author":{"name":"La Gu\u00eda de Pamplona","@id":"https:\/\/www.laguiadepamplona.com\/actualidad\/#\/schema\/person\/efe887376f0213d4657c93adc50b1fdb"},"headline":"Convocados los concursos de dibujo y fotograf\u00eda digital \u2018Descubre la energ\u00eda y cu\u00e9ntalo\u2019, en los que puede participar alumnado de centros p\u00fablicos y concertados","datePublished":"2015-02-19T12:59:25+00:00","mainEntityOfPage":{"@id":"https:\/\/www.laguiadepamplona.com\/actualidad\/convocados-los-concursos-de-dibujo-y-fotografia-digital-descubre-la-energia-y-cuentalo-en-los-que-puede-participar-alumnado-de-centros-publicos-y-concertados\/"},"wordCount":1120,"publisher":{"@id":"https:\/\/www.laguiadepamplona.com\/actualidad\/#organization"},"image":{"@id":"https:\/\/www.laguiadepamplona.com\/actualidad\/convocados-los-concursos-de-dibujo-y-fotografia-digital-descubre-la-energia-y-cuentalo-en-los-que-puede-participar-alumnado-de-centros-publicos-y-concertados\/#primaryimage"},"thumbnailUrl":"","keywords":["actualidad","agencia energ\u00e9tica","ayto pamplona","Ayuntamiento de Pamplona","centros publicos","Descubre la energ\u00eda y cu\u00e9ntalo\u2019","dibujos","fotograf\u00eda digital","noticias","pamplona"],"articleSection":["Ayto Pamplona"],"inLanguage":"es"},{"@type":"WebPage","@id":"https:\/\/www.laguiadepamplona.com\/actualidad\/convocados-los-concursos-de-dibujo-y-fotografia-digital-descubre-la-energia-y-cuentalo-en-los-que-puede-participar-alumnado-de-centros-publicos-y-concertados\/","url":"https:\/\/www.laguiadepamplona.com\/actualidad\/convocados-los-concursos-de-dibujo-y-fotografia-digital-descubre-la-energia-y-cuentalo-en-los-que-puede-participar-alumnado-de-centros-publicos-y-concertados\/","name":"Convocados los concursos de dibujo y fotograf\u00eda digital \u2018Descubre la energ\u00eda y cu\u00e9ntalo\u2019, en los que puede participar alumnado de centros p\u00fablicos y concertados","isPartOf":{"@id":"https:\/\/www.laguiadepamplona.com\/actualidad\/#website"},"primaryImageOfPage":{"@id":"https:\/\/www.laguiadepamplona.com\/actualidad\/convocados-los-concursos-de-dibujo-y-fotografia-digital-descubre-la-energia-y-cuentalo-en-los-que-puede-participar-alumnado-de-centros-publicos-y-concertados\/#primaryimage"},"image":{"@id":"https:\/\/www.laguiadepamplona.com\/actualidad\/convocados-los-concursos-de-dibujo-y-fotografia-digital-descubre-la-energia-y-cuentalo-en-los-que-puede-participar-alumnado-de-centros-publicos-y-concertados\/#primaryimage"},"thumbnailUrl":"","datePublished":"2015-02-19T12:59:25+00:00","breadcrumb":{"@id":"https:\/\/www.laguiadepamplona.com\/actualidad\/convocados-los-concursos-de-dibujo-y-fotografia-digital-descubre-la-energia-y-cuentalo-en-los-que-puede-participar-alumnado-de-centros-publicos-y-concertados\/#breadcrumb"},"inLanguage":"es","potentialAction":[{"@type":"ReadAction","target":["https:\/\/www.laguiadepamplona.com\/actualidad\/convocados-los-concursos-de-dibujo-y-fotografia-digital-descubre-la-energia-y-cuentalo-en-los-que-puede-participar-alumnado-de-centros-publicos-y-concertados\/"]}]},{"@type":"ImageObject","inLanguage":"es","@id":"https:\/\/www.laguiadepamplona.com\/actualidad\/convocados-los-concursos-de-dibujo-y-fotografia-digital-descubre-la-energia-y-cuentalo-en-los-que-puede-participar-alumnado-de-centros-publicos-y-concertados\/#primaryimage","url":"","contentUrl":""},{"@type":"BreadcrumbList","@id":"https:\/\/www.laguiadepamplona.com\/actualidad\/convocados-los-concursos-de-dibujo-y-fotografia-digital-descubre-la-energia-y-cuentalo-en-los-que-puede-participar-alumnado-de-centros-publicos-y-concertados\/#breadcrumb","itemListElement":[{"@type":"ListItem","position":1,"name":"Portada","item":"https:\/\/www.laguiadepamplona.com\/actualidad\/"},{"@type":"ListItem","position":2,"name":"Convocados los concursos de dibujo y fotograf\u00eda digital \u2018Descubre la energ\u00eda y cu\u00e9ntalo\u2019, en los que puede participar alumnado de centros p\u00fablicos y concertados"}]},{"@type":"WebSite","@id":"https:\/\/www.laguiadepamplona.com\/actualidad\/#website","url":"https:\/\/www.laguiadepamplona.com\/actualidad\/","name":"La gu\u00eda de Pamplona","description":"Noticias de Pamplona","publisher":{"@id":"https:\/\/www.laguiadepamplona.com\/actualidad\/#organization"},"potentialAction":[{"@type":"SearchAction","target":{"@type":"EntryPoint","urlTemplate":"https:\/\/www.laguiadepamplona.com\/actualidad\/?s={search_term_string}"},"query-input":{"@type":"PropertyValueSpecification","valueRequired":true,"valueName":"search_term_string"}}],"inLanguage":"es"},{"@type":"Organization","@id":"https:\/\/www.laguiadepamplona.com\/actualidad\/#organization","name":"La Gu\u00eda de Pamplona \/ Noticias","url":"https:\/\/www.laguiadepamplona.com\/actualidad\/","logo":{"@type":"ImageObject","inLanguage":"es","@id":"https:\/\/www.laguiadepamplona.com\/actualidad\/#\/schema\/logo\/image\/","url":"https:\/\/www.laguiadepamplona.com\/actualidad\/wp-content\/uploads\/2018\/11\/logo-laguiadepamplona18-web1.png","contentUrl":"https:\/\/www.laguiadepamplona.com\/actualidad\/wp-content\/uploads\/2018\/11\/logo-laguiadepamplona18-web1.png","width":600,"height":196,"caption":"La Gu\u00eda de Pamplona \/ Noticias"},"image":{"@id":"https:\/\/www.laguiadepamplona.com\/actualidad\/#\/schema\/logo\/image\/"},"sameAs":["https:\/\/www.facebook.com\/laguiadepamplonacom-133175176762273\/?ref=hl","https:\/\/x.com\/LaGuiadPamplona","https:\/\/www.instagram.com\/la_guia_de_pamplona\/","https:\/\/www.youtube.com\/user\/laguiadepamplona"]},{"@type":"Person","@id":"https:\/\/www.laguiadepamplona.com\/actualidad\/#\/schema\/person\/efe887376f0213d4657c93adc50b1fdb","name":"La Gu\u00eda de Pamplona","image":{"@type":"ImageObject","inLanguage":"es","@id":"https:\/\/secure.gravatar.com\/avatar\/b6992f131dc8d30ab0dff15446e9d346d9dbd95992de0fef795073f5ea83a81c?s=96&d=mm&r=g","url":"https:\/\/secure.gravatar.com\/avatar\/b6992f131dc8d30ab0dff15446e9d346d9dbd95992de0fef795073f5ea83a81c?s=96&d=mm&r=g","contentUrl":"https:\/\/secure.gravatar.com\/avatar\/b6992f131dc8d30ab0dff15446e9d346d9dbd95992de0fef795073f5ea83a81c?s=96&d=mm&r=g","caption":"La Gu\u00eda de Pamplona"}}]}},"post_mailing_queue_ids":[],"_links":{"self":[{"href":"https:\/\/www.laguiadepamplona.com\/actualidad\/wp-json\/wp\/v2\/posts\/4822","targetHints":{"allow":["GET"]}}],"collection":[{"href":"https:\/\/www.laguiadepamplona.com\/actualidad\/wp-json\/wp\/v2\/posts"}],"about":[{"href":"https:\/\/www.laguiadepamplona.com\/actualidad\/wp-json\/wp\/v2\/types\/post"}],"author":[{"embeddable":true,"href":"https:\/\/www.laguiadepamplona.com\/actualidad\/wp-json\/wp\/v2\/users\/1"}],"replies":[{"embeddable":true,"href":"https:\/\/www.laguiadepamplona.com\/actualidad\/wp-json\/wp\/v2\/comments?post=4822"}],"version-history":[{"count":0,"href":"https:\/\/www.laguiadepamplona.com\/actualidad\/wp-json\/wp\/v2\/posts\/4822\/revisions"}],"wp:featuredmedia":[{"embeddable":true,"href":"https:\/\/www.laguiadepamplona.com\/actualidad\/wp-json\/"}],"wp:attachment":[{"href":"https:\/\/www.laguiadepamplona.com\/actualidad\/wp-json\/wp\/v2\/media?parent=4822"}],"wp:term":[{"taxonomy":"category","embeddable":true,"href":"https:\/\/www.laguiadepamplona.com\/actualidad\/wp-json\/wp\/v2\/categories?post=4822"},{"taxonomy":"post_tag","embeddable":true,"href":"https:\/\/www.laguiadepamplona.com\/actualidad\/wp-json\/wp\/v2\/tags?post=4822"}],"curies":[{"name":"wp","href":"https:\/\/api.w.org\/{rel}","templated":true}]}}