{"id":482,"date":"2014-02-17T13:21:16","date_gmt":"2014-02-17T12:21:16","guid":{"rendered":"http:\/\/laguiadepamplona.es\/noticias\/?p=482"},"modified":"2014-02-17T13:21:16","modified_gmt":"2014-02-17T12:21:16","slug":"el-ayuntamiento-autorizara-suplementos-en-calzada-para-instalar-terrazas-en-ambitos-generales-delimitados-con-el-objetivo-de-reordenarlos-para-mejorar-el-espacio-urbano","status":"publish","type":"post","link":"https:\/\/www.laguiadepamplona.com\/actualidad\/el-ayuntamiento-autorizara-suplementos-en-calzada-para-instalar-terrazas-en-ambitos-generales-delimitados-con-el-objetivo-de-reordenarlos-para-mejorar-el-espacio-urbano\/","title":{"rendered":"El Ayuntamiento autorizar\u00e1 suplementos en calzada para instalar terrazas en \u00e1mbitos generales delimitados con el objetivo de reordenarlos para mejorar el espacio urbano"},"content":{"rendered":"<h6>Se modificar\u00e1 la ordenanza de terrazas que solo permit\u00eda esos suplementos en caso de aceras con una anchura inferior a los 2,65 metros<\/h6>\n<p><a href=\"http:\/\/laguiadepamplona.es\/noticias\/wp-content\/uploads\/2014\/01\/01_Pamplona.jpg\"><img loading=\"lazy\" decoding=\"async\" class=\"alignleft size-medium wp-image-113\" alt=\"01_Pamplona\" src=\"http:\/\/laguiadepamplona.es\/noticias\/wp-content\/uploads\/2014\/01\/01_Pamplona-300x225.jpg\" width=\"300\" height=\"225\" \/><\/a>El Ayuntamiento de Pamplona va a modificar la ordenanza de terrazas para ampliar los supuestos de colocaci\u00f3n de estas instalaciones en calzadas. Hasta ahora s\u00f3lo se permit\u00eda y autorizaba el uso de suplementos en calzada si la acera ten\u00eda una anchura inferior a los 2,65 metros. La modificaci\u00f3n, expuesta en la Comisi\u00f3n de Presidencia por el concejal delegado de Seguridad Ciudadana, Ignacio Polo, y el director de Seguridad Ciudadana, Alberto Margallo, incluye la posibilidad de autorizar esos suplementos cuando se apruebe la utilizaci\u00f3n de la calzada por terrazas para un \u00e1mbito general delimitado y con el objetivo de ordenarlo para mejorar el espacio urbano.<\/p>\n<p>La modificaci\u00f3n afecta sobre todo al punto 1 del art\u00edculo 10.3. En \u00e9l se ampl\u00edan los supuestos para que el \u00f3rgano municipal competente, excepcionalmente y de forma motivada, pueda autorizar la colocaci\u00f3n de suplementos de calzadas para realizar sobre ellas la instalaci\u00f3n de terrazas en caso de dos supuestos. Se mantiene el requisito, en el apartado \u2018a\u2019 de que las aceras no tengan las dimensiones suficientes para la instalaci\u00f3n de las terrazas seg\u00fan las condiciones establecidas en el art\u00edculo 9 de la propia ordenanza. Y se a\u00f1ade un apartado \u2018b\u2019, para incluir una autorizaci\u00f3n cuando se apruebe la utilizaci\u00f3n de la calzada por terrazas para un \u00e1mbito general delimitado y con el objetivo de ordenarlo para mejorar el espacio urbano.<\/p>\n<p>Asimismo se modifica el punto 5 de ese mismo art\u00edculo, que establece una serie de reglas para la instalaci\u00f3n de suplementos de terrazas en calzada, para que sea de obligado cumplimento salvo en el caso de que se hubiera aprobado el r\u00e9gimen de utilizaci\u00f3n previsto en el apartado 1.b.<\/p>\n<p><strong>Un a\u00f1o en vigor<\/strong><\/p>\n<p>El 26 de enero del a\u00f1o pasado entr\u00f3 en vigor la ordenanza reguladores de la instalaci\u00f3n de terrazas y otros elementos asociados al comercio y a la hosteler\u00eda en la v\u00eda p\u00fablica. Con su aplicaci\u00f3n, el Ayuntamiento se ha puesto de manifiesto la dificultad existente para ocupar plazas de aparcamiento con terrazas o suplementos de terrazas en calles en las que puedan proponerse proyectos de car\u00e1cter global que mejoren el uso del mismo, potenciando al mismo tiempo la actividad econ\u00f3mica.<\/p>\n<p>La vigente regulaci\u00f3n permite dicha ocupaci\u00f3n de plazas de aparcamiento solo cuando no es posible implantar terrazas en la acera. Por tanto, en sentido contrario, se entiende que la terraza es posible cuando, garantizando la anchura m\u00ednima establecida para el tr\u00e1nsito peatonal, cabe el m\u00f3dulo de terraza m\u00ednimo. En la pr\u00e1ctica, esa circunstancia deriva en que solo se pueden ocupar plazas de aparcamiento cuando existen aceras estrechas, inferiores a 2,65 metros de anchura.<\/p>\n<p>La modificaci\u00f3n trata de dar respuesta al hecho de que en determinadas circunstancias y lugares y lugares puede ser de inter\u00e9s p\u00fablico mejorar algunos espacios permitiendo aplicar la anchura de la acera con la ocupaci\u00f3n de plazas de aparcamiento para implantar terrazas. Con car\u00e1cter general, esto se permite cuando se reurbaniza una calle o plaza, pero con estos cambios en la norma, se pretende que tambi\u00e9n se permita cuando dicha reurbanizaci\u00f3n no tenga lugar.<\/p>\n<p>&nbsp;<\/p>\n<div>\n<p><strong>Modificaci\u00f3n de la Ordenanza reguladora de la instalaci\u00f3n de terrazas y otros elementos asociados al comercio y a la hosteler\u00eda en la v\u00eda p\u00fablica<\/strong><\/p>\n<\/div>\n<p><b>Art\u00edculo 10.3. Ocupaci\u00f3n de la calzada por las terrazas<\/b><\/p>\n<ul>\n<li>1. Excepcionalmente y de forma motivada, el \u00f3rgano municipal competente podr\u00e1 autorizar la colocaci\u00f3n de suplementos de calzadas para realizar sobre ellas la instalaci\u00f3n de la terraza en los siguientes supuestos:<\/li>\n<\/ul>\n<p>A, Cuando las aceras no tengan las dimensiones suficientes para la instalaci\u00f3n de terrazas seg\u00fan las condiciones establecidas en el art\u00edculo 9.<\/p>\n<p>B, Cuando se apruebe la utilizaci\u00f3n de la calzada por terrazas para un \u00e1mbito general delimitado y con el objetivo de ordenarlo para mejorar el espacio urbano.<\/p>\n<p>&nbsp;<\/p>\n","protected":false},"excerpt":{"rendered":"<p>Se modificar\u00e1 la ordenanza de terrazas que solo permit\u00eda esos suplementos en caso de aceras con una anchura inferior a los 2,65 metros El Ayuntamiento de Pamplona va a modificar&#8230;<\/p>\n","protected":false},"author":1,"featured_media":113,"comment_status":"open","ping_status":"open","sticky":false,"template":"","format":"standard","meta":{"footnotes":""},"categories":[2],"tags":[5,6,8,9],"class_list":["post-482","post","type-post","status-publish","format-standard","has-post-thumbnail","hentry","category-ayuntamiento-pamplona","tag-actualidad","tag-ayto-pamplona","tag-noticias","tag-pamplona"],"yoast_head":"<!-- This site is optimized with the Yoast SEO plugin v27.5 - https:\/\/yoast.com\/product\/yoast-seo-wordpress\/ -->\n<title>El Ayuntamiento autorizar\u00e1 suplementos en calzada para instalar terrazas en \u00e1mbitos generales delimitados con el objetivo de reordenarlos para mejorar el espacio urbano<\/title>\n<meta name=\"robots\" content=\"index, follow, max-snippet:-1, max-image-preview:large, max-video-preview:-1\" \/>\n<link rel=\"canonical\" href=\"https:\/\/www.laguiadepamplona.com\/actualidad\/el-ayuntamiento-autorizara-suplementos-en-calzada-para-instalar-terrazas-en-ambitos-generales-delimitados-con-el-objetivo-de-reordenarlos-para-mejorar-el-espacio-urbano\/\" \/>\n<meta property=\"og:locale\" content=\"es_ES\" \/>\n<meta property=\"og:type\" content=\"article\" \/>\n<meta property=\"og:title\" content=\"El Ayuntamiento autorizar\u00e1 suplementos en calzada para instalar terrazas en \u00e1mbitos generales delimitados con el objetivo de reordenarlos para mejorar el espacio urbano\" \/>\n<meta property=\"og:description\" content=\"Se modificar\u00e1 la ordenanza de terrazas que solo permit\u00eda esos suplementos en caso de aceras con una anchura inferior a los 2,65 metros El Ayuntamiento de Pamplona va a modificar...\" \/>\n<meta property=\"og:url\" content=\"https:\/\/www.laguiadepamplona.com\/actualidad\/el-ayuntamiento-autorizara-suplementos-en-calzada-para-instalar-terrazas-en-ambitos-generales-delimitados-con-el-objetivo-de-reordenarlos-para-mejorar-el-espacio-urbano\/\" \/>\n<meta property=\"og:site_name\" content=\"La Gu\u00eda de Pamplona\" \/>\n<meta property=\"article:publisher\" content=\"https:\/\/www.facebook.com\/laguiadepamplonacom-133175176762273\/?ref=hl\" \/>\n<meta property=\"article:published_time\" content=\"2014-02-17T12:21:16+00:00\" \/>\n<meta name=\"author\" content=\"La Gu\u00eda de Pamplona\" \/>\n<meta name=\"twitter:card\" content=\"summary_large_image\" \/>\n<meta name=\"twitter:creator\" content=\"@LaGuiadPamplona\" \/>\n<meta name=\"twitter:site\" content=\"@LaGuiadPamplona\" \/>\n<meta name=\"twitter:label1\" content=\"Escrito por\" \/>\n\t<meta name=\"twitter:data1\" content=\"La Gu\u00eda de Pamplona\" \/>\n\t<meta name=\"twitter:label2\" content=\"Tiempo de lectura\" \/>\n\t<meta name=\"twitter:data2\" content=\"3 minutos\" \/>\n<script type=\"application\/ld+json\" class=\"yoast-schema-graph\">{\"@context\":\"https:\\\/\\\/schema.org\",\"@graph\":[{\"@type\":\"Article\",\"@id\":\"https:\\\/\\\/www.laguiadepamplona.com\\\/actualidad\\\/el-ayuntamiento-autorizara-suplementos-en-calzada-para-instalar-terrazas-en-ambitos-generales-delimitados-con-el-objetivo-de-reordenarlos-para-mejorar-el-espacio-urbano\\\/#article\",\"isPartOf\":{\"@id\":\"https:\\\/\\\/www.laguiadepamplona.com\\\/actualidad\\\/el-ayuntamiento-autorizara-suplementos-en-calzada-para-instalar-terrazas-en-ambitos-generales-delimitados-con-el-objetivo-de-reordenarlos-para-mejorar-el-espacio-urbano\\\/\"},\"author\":{\"name\":\"La Gu\u00eda de Pamplona\",\"@id\":\"https:\\\/\\\/www.laguiadepamplona.com\\\/actualidad\\\/#\\\/schema\\\/person\\\/efe887376f0213d4657c93adc50b1fdb\"},\"headline\":\"El Ayuntamiento autorizar\u00e1 suplementos en calzada para instalar terrazas en \u00e1mbitos generales delimitados con el objetivo de reordenarlos para mejorar el espacio urbano\",\"datePublished\":\"2014-02-17T12:21:16+00:00\",\"mainEntityOfPage\":{\"@id\":\"https:\\\/\\\/www.laguiadepamplona.com\\\/actualidad\\\/el-ayuntamiento-autorizara-suplementos-en-calzada-para-instalar-terrazas-en-ambitos-generales-delimitados-con-el-objetivo-de-reordenarlos-para-mejorar-el-espacio-urbano\\\/\"},\"wordCount\":713,\"commentCount\":0,\"publisher\":{\"@id\":\"https:\\\/\\\/www.laguiadepamplona.com\\\/actualidad\\\/#organization\"},\"image\":{\"@id\":\"https:\\\/\\\/www.laguiadepamplona.com\\\/actualidad\\\/el-ayuntamiento-autorizara-suplementos-en-calzada-para-instalar-terrazas-en-ambitos-generales-delimitados-con-el-objetivo-de-reordenarlos-para-mejorar-el-espacio-urbano\\\/#primaryimage\"},\"thumbnailUrl\":\"\",\"keywords\":[\"actualidad\",\"ayto pamplona\",\"noticias\",\"pamplona\"],\"articleSection\":[\"Ayto Pamplona\"],\"inLanguage\":\"es\",\"potentialAction\":[{\"@type\":\"CommentAction\",\"name\":\"Comment\",\"target\":[\"https:\\\/\\\/www.laguiadepamplona.com\\\/actualidad\\\/el-ayuntamiento-autorizara-suplementos-en-calzada-para-instalar-terrazas-en-ambitos-generales-delimitados-con-el-objetivo-de-reordenarlos-para-mejorar-el-espacio-urbano\\\/#respond\"]}]},{\"@type\":\"WebPage\",\"@id\":\"https:\\\/\\\/www.laguiadepamplona.com\\\/actualidad\\\/el-ayuntamiento-autorizara-suplementos-en-calzada-para-instalar-terrazas-en-ambitos-generales-delimitados-con-el-objetivo-de-reordenarlos-para-mejorar-el-espacio-urbano\\\/\",\"url\":\"https:\\\/\\\/www.laguiadepamplona.com\\\/actualidad\\\/el-ayuntamiento-autorizara-suplementos-en-calzada-para-instalar-terrazas-en-ambitos-generales-delimitados-con-el-objetivo-de-reordenarlos-para-mejorar-el-espacio-urbano\\\/\",\"name\":\"El Ayuntamiento autorizar\u00e1 suplementos en calzada para instalar terrazas en \u00e1mbitos generales delimitados con el objetivo de reordenarlos para mejorar el espacio urbano\",\"isPartOf\":{\"@id\":\"https:\\\/\\\/www.laguiadepamplona.com\\\/actualidad\\\/#website\"},\"primaryImageOfPage\":{\"@id\":\"https:\\\/\\\/www.laguiadepamplona.com\\\/actualidad\\\/el-ayuntamiento-autorizara-suplementos-en-calzada-para-instalar-terrazas-en-ambitos-generales-delimitados-con-el-objetivo-de-reordenarlos-para-mejorar-el-espacio-urbano\\\/#primaryimage\"},\"image\":{\"@id\":\"https:\\\/\\\/www.laguiadepamplona.com\\\/actualidad\\\/el-ayuntamiento-autorizara-suplementos-en-calzada-para-instalar-terrazas-en-ambitos-generales-delimitados-con-el-objetivo-de-reordenarlos-para-mejorar-el-espacio-urbano\\\/#primaryimage\"},\"thumbnailUrl\":\"\",\"datePublished\":\"2014-02-17T12:21:16+00:00\",\"breadcrumb\":{\"@id\":\"https:\\\/\\\/www.laguiadepamplona.com\\\/actualidad\\\/el-ayuntamiento-autorizara-suplementos-en-calzada-para-instalar-terrazas-en-ambitos-generales-delimitados-con-el-objetivo-de-reordenarlos-para-mejorar-el-espacio-urbano\\\/#breadcrumb\"},\"inLanguage\":\"es\",\"potentialAction\":[{\"@type\":\"ReadAction\",\"target\":[\"https:\\\/\\\/www.laguiadepamplona.com\\\/actualidad\\\/el-ayuntamiento-autorizara-suplementos-en-calzada-para-instalar-terrazas-en-ambitos-generales-delimitados-con-el-objetivo-de-reordenarlos-para-mejorar-el-espacio-urbano\\\/\"]}]},{\"@type\":\"ImageObject\",\"inLanguage\":\"es\",\"@id\":\"https:\\\/\\\/www.laguiadepamplona.com\\\/actualidad\\\/el-ayuntamiento-autorizara-suplementos-en-calzada-para-instalar-terrazas-en-ambitos-generales-delimitados-con-el-objetivo-de-reordenarlos-para-mejorar-el-espacio-urbano\\\/#primaryimage\",\"url\":\"\",\"contentUrl\":\"\"},{\"@type\":\"BreadcrumbList\",\"@id\":\"https:\\\/\\\/www.laguiadepamplona.com\\\/actualidad\\\/el-ayuntamiento-autorizara-suplementos-en-calzada-para-instalar-terrazas-en-ambitos-generales-delimitados-con-el-objetivo-de-reordenarlos-para-mejorar-el-espacio-urbano\\\/#breadcrumb\",\"itemListElement\":[{\"@type\":\"ListItem\",\"position\":1,\"name\":\"Portada\",\"item\":\"https:\\\/\\\/www.laguiadepamplona.com\\\/actualidad\\\/\"},{\"@type\":\"ListItem\",\"position\":2,\"name\":\"El Ayuntamiento autorizar\u00e1 suplementos en calzada para instalar terrazas en \u00e1mbitos generales delimitados con el objetivo de reordenarlos para mejorar el espacio urbano\"}]},{\"@type\":\"WebSite\",\"@id\":\"https:\\\/\\\/www.laguiadepamplona.com\\\/actualidad\\\/#website\",\"url\":\"https:\\\/\\\/www.laguiadepamplona.com\\\/actualidad\\\/\",\"name\":\"La gu\u00eda de Pamplona\",\"description\":\"Noticias de Pamplona\",\"publisher\":{\"@id\":\"https:\\\/\\\/www.laguiadepamplona.com\\\/actualidad\\\/#organization\"},\"potentialAction\":[{\"@type\":\"SearchAction\",\"target\":{\"@type\":\"EntryPoint\",\"urlTemplate\":\"https:\\\/\\\/www.laguiadepamplona.com\\\/actualidad\\\/?s={search_term_string}\"},\"query-input\":{\"@type\":\"PropertyValueSpecification\",\"valueRequired\":true,\"valueName\":\"search_term_string\"}}],\"inLanguage\":\"es\"},{\"@type\":\"Organization\",\"@id\":\"https:\\\/\\\/www.laguiadepamplona.com\\\/actualidad\\\/#organization\",\"name\":\"La Gu\u00eda de Pamplona \\\/ Noticias\",\"url\":\"https:\\\/\\\/www.laguiadepamplona.com\\\/actualidad\\\/\",\"logo\":{\"@type\":\"ImageObject\",\"inLanguage\":\"es\",\"@id\":\"https:\\\/\\\/www.laguiadepamplona.com\\\/actualidad\\\/#\\\/schema\\\/logo\\\/image\\\/\",\"url\":\"https:\\\/\\\/www.laguiadepamplona.com\\\/actualidad\\\/wp-content\\\/uploads\\\/2018\\\/11\\\/logo-laguiadepamplona18-web1.png\",\"contentUrl\":\"https:\\\/\\\/www.laguiadepamplona.com\\\/actualidad\\\/wp-content\\\/uploads\\\/2018\\\/11\\\/logo-laguiadepamplona18-web1.png\",\"width\":600,\"height\":196,\"caption\":\"La Gu\u00eda de Pamplona \\\/ Noticias\"},\"image\":{\"@id\":\"https:\\\/\\\/www.laguiadepamplona.com\\\/actualidad\\\/#\\\/schema\\\/logo\\\/image\\\/\"},\"sameAs\":[\"https:\\\/\\\/www.facebook.com\\\/laguiadepamplonacom-133175176762273\\\/?ref=hl\",\"https:\\\/\\\/x.com\\\/LaGuiadPamplona\",\"https:\\\/\\\/www.instagram.com\\\/la_guia_de_pamplona\\\/\",\"https:\\\/\\\/www.youtube.com\\\/user\\\/laguiadepamplona\"]},{\"@type\":\"Person\",\"@id\":\"https:\\\/\\\/www.laguiadepamplona.com\\\/actualidad\\\/#\\\/schema\\\/person\\\/efe887376f0213d4657c93adc50b1fdb\",\"name\":\"La Gu\u00eda de Pamplona\",\"image\":{\"@type\":\"ImageObject\",\"inLanguage\":\"es\",\"@id\":\"https:\\\/\\\/secure.gravatar.com\\\/avatar\\\/b6992f131dc8d30ab0dff15446e9d346d9dbd95992de0fef795073f5ea83a81c?s=96&d=mm&r=g\",\"url\":\"https:\\\/\\\/secure.gravatar.com\\\/avatar\\\/b6992f131dc8d30ab0dff15446e9d346d9dbd95992de0fef795073f5ea83a81c?s=96&d=mm&r=g\",\"contentUrl\":\"https:\\\/\\\/secure.gravatar.com\\\/avatar\\\/b6992f131dc8d30ab0dff15446e9d346d9dbd95992de0fef795073f5ea83a81c?s=96&d=mm&r=g\",\"caption\":\"La Gu\u00eda de Pamplona\"}}]}<\/script>\n<!-- \/ Yoast SEO plugin. -->","yoast_head_json":{"title":"El Ayuntamiento autorizar\u00e1 suplementos en calzada para instalar terrazas en \u00e1mbitos generales delimitados con el objetivo de reordenarlos para mejorar el espacio urbano","robots":{"index":"index","follow":"follow","max-snippet":"max-snippet:-1","max-image-preview":"max-image-preview:large","max-video-preview":"max-video-preview:-1"},"canonical":"https:\/\/www.laguiadepamplona.com\/actualidad\/el-ayuntamiento-autorizara-suplementos-en-calzada-para-instalar-terrazas-en-ambitos-generales-delimitados-con-el-objetivo-de-reordenarlos-para-mejorar-el-espacio-urbano\/","og_locale":"es_ES","og_type":"article","og_title":"El Ayuntamiento autorizar\u00e1 suplementos en calzada para instalar terrazas en \u00e1mbitos generales delimitados con el objetivo de reordenarlos para mejorar el espacio urbano","og_description":"Se modificar\u00e1 la ordenanza de terrazas que solo permit\u00eda esos suplementos en caso de aceras con una anchura inferior a los 2,65 metros El Ayuntamiento de Pamplona va a modificar...","og_url":"https:\/\/www.laguiadepamplona.com\/actualidad\/el-ayuntamiento-autorizara-suplementos-en-calzada-para-instalar-terrazas-en-ambitos-generales-delimitados-con-el-objetivo-de-reordenarlos-para-mejorar-el-espacio-urbano\/","og_site_name":"La Gu\u00eda de Pamplona","article_publisher":"https:\/\/www.facebook.com\/laguiadepamplonacom-133175176762273\/?ref=hl","article_published_time":"2014-02-17T12:21:16+00:00","author":"La Gu\u00eda de Pamplona","twitter_card":"summary_large_image","twitter_creator":"@LaGuiadPamplona","twitter_site":"@LaGuiadPamplona","twitter_misc":{"Escrito por":"La Gu\u00eda de Pamplona","Tiempo de lectura":"3 minutos"},"schema":{"@context":"https:\/\/schema.org","@graph":[{"@type":"Article","@id":"https:\/\/www.laguiadepamplona.com\/actualidad\/el-ayuntamiento-autorizara-suplementos-en-calzada-para-instalar-terrazas-en-ambitos-generales-delimitados-con-el-objetivo-de-reordenarlos-para-mejorar-el-espacio-urbano\/#article","isPartOf":{"@id":"https:\/\/www.laguiadepamplona.com\/actualidad\/el-ayuntamiento-autorizara-suplementos-en-calzada-para-instalar-terrazas-en-ambitos-generales-delimitados-con-el-objetivo-de-reordenarlos-para-mejorar-el-espacio-urbano\/"},"author":{"name":"La Gu\u00eda de Pamplona","@id":"https:\/\/www.laguiadepamplona.com\/actualidad\/#\/schema\/person\/efe887376f0213d4657c93adc50b1fdb"},"headline":"El Ayuntamiento autorizar\u00e1 suplementos en calzada para instalar terrazas en \u00e1mbitos generales delimitados con el objetivo de reordenarlos para mejorar el espacio urbano","datePublished":"2014-02-17T12:21:16+00:00","mainEntityOfPage":{"@id":"https:\/\/www.laguiadepamplona.com\/actualidad\/el-ayuntamiento-autorizara-suplementos-en-calzada-para-instalar-terrazas-en-ambitos-generales-delimitados-con-el-objetivo-de-reordenarlos-para-mejorar-el-espacio-urbano\/"},"wordCount":713,"commentCount":0,"publisher":{"@id":"https:\/\/www.laguiadepamplona.com\/actualidad\/#organization"},"image":{"@id":"https:\/\/www.laguiadepamplona.com\/actualidad\/el-ayuntamiento-autorizara-suplementos-en-calzada-para-instalar-terrazas-en-ambitos-generales-delimitados-con-el-objetivo-de-reordenarlos-para-mejorar-el-espacio-urbano\/#primaryimage"},"thumbnailUrl":"","keywords":["actualidad","ayto pamplona","noticias","pamplona"],"articleSection":["Ayto Pamplona"],"inLanguage":"es","potentialAction":[{"@type":"CommentAction","name":"Comment","target":["https:\/\/www.laguiadepamplona.com\/actualidad\/el-ayuntamiento-autorizara-suplementos-en-calzada-para-instalar-terrazas-en-ambitos-generales-delimitados-con-el-objetivo-de-reordenarlos-para-mejorar-el-espacio-urbano\/#respond"]}]},{"@type":"WebPage","@id":"https:\/\/www.laguiadepamplona.com\/actualidad\/el-ayuntamiento-autorizara-suplementos-en-calzada-para-instalar-terrazas-en-ambitos-generales-delimitados-con-el-objetivo-de-reordenarlos-para-mejorar-el-espacio-urbano\/","url":"https:\/\/www.laguiadepamplona.com\/actualidad\/el-ayuntamiento-autorizara-suplementos-en-calzada-para-instalar-terrazas-en-ambitos-generales-delimitados-con-el-objetivo-de-reordenarlos-para-mejorar-el-espacio-urbano\/","name":"El Ayuntamiento autorizar\u00e1 suplementos en calzada para instalar terrazas en \u00e1mbitos generales delimitados con el objetivo de reordenarlos para mejorar el espacio urbano","isPartOf":{"@id":"https:\/\/www.laguiadepamplona.com\/actualidad\/#website"},"primaryImageOfPage":{"@id":"https:\/\/www.laguiadepamplona.com\/actualidad\/el-ayuntamiento-autorizara-suplementos-en-calzada-para-instalar-terrazas-en-ambitos-generales-delimitados-con-el-objetivo-de-reordenarlos-para-mejorar-el-espacio-urbano\/#primaryimage"},"image":{"@id":"https:\/\/www.laguiadepamplona.com\/actualidad\/el-ayuntamiento-autorizara-suplementos-en-calzada-para-instalar-terrazas-en-ambitos-generales-delimitados-con-el-objetivo-de-reordenarlos-para-mejorar-el-espacio-urbano\/#primaryimage"},"thumbnailUrl":"","datePublished":"2014-02-17T12:21:16+00:00","breadcrumb":{"@id":"https:\/\/www.laguiadepamplona.com\/actualidad\/el-ayuntamiento-autorizara-suplementos-en-calzada-para-instalar-terrazas-en-ambitos-generales-delimitados-con-el-objetivo-de-reordenarlos-para-mejorar-el-espacio-urbano\/#breadcrumb"},"inLanguage":"es","potentialAction":[{"@type":"ReadAction","target":["https:\/\/www.laguiadepamplona.com\/actualidad\/el-ayuntamiento-autorizara-suplementos-en-calzada-para-instalar-terrazas-en-ambitos-generales-delimitados-con-el-objetivo-de-reordenarlos-para-mejorar-el-espacio-urbano\/"]}]},{"@type":"ImageObject","inLanguage":"es","@id":"https:\/\/www.laguiadepamplona.com\/actualidad\/el-ayuntamiento-autorizara-suplementos-en-calzada-para-instalar-terrazas-en-ambitos-generales-delimitados-con-el-objetivo-de-reordenarlos-para-mejorar-el-espacio-urbano\/#primaryimage","url":"","contentUrl":""},{"@type":"BreadcrumbList","@id":"https:\/\/www.laguiadepamplona.com\/actualidad\/el-ayuntamiento-autorizara-suplementos-en-calzada-para-instalar-terrazas-en-ambitos-generales-delimitados-con-el-objetivo-de-reordenarlos-para-mejorar-el-espacio-urbano\/#breadcrumb","itemListElement":[{"@type":"ListItem","position":1,"name":"Portada","item":"https:\/\/www.laguiadepamplona.com\/actualidad\/"},{"@type":"ListItem","position":2,"name":"El Ayuntamiento autorizar\u00e1 suplementos en calzada para instalar terrazas en \u00e1mbitos generales delimitados con el objetivo de reordenarlos para mejorar el espacio urbano"}]},{"@type":"WebSite","@id":"https:\/\/www.laguiadepamplona.com\/actualidad\/#website","url":"https:\/\/www.laguiadepamplona.com\/actualidad\/","name":"La gu\u00eda de Pamplona","description":"Noticias de Pamplona","publisher":{"@id":"https:\/\/www.laguiadepamplona.com\/actualidad\/#organization"},"potentialAction":[{"@type":"SearchAction","target":{"@type":"EntryPoint","urlTemplate":"https:\/\/www.laguiadepamplona.com\/actualidad\/?s={search_term_string}"},"query-input":{"@type":"PropertyValueSpecification","valueRequired":true,"valueName":"search_term_string"}}],"inLanguage":"es"},{"@type":"Organization","@id":"https:\/\/www.laguiadepamplona.com\/actualidad\/#organization","name":"La Gu\u00eda de Pamplona \/ Noticias","url":"https:\/\/www.laguiadepamplona.com\/actualidad\/","logo":{"@type":"ImageObject","inLanguage":"es","@id":"https:\/\/www.laguiadepamplona.com\/actualidad\/#\/schema\/logo\/image\/","url":"https:\/\/www.laguiadepamplona.com\/actualidad\/wp-content\/uploads\/2018\/11\/logo-laguiadepamplona18-web1.png","contentUrl":"https:\/\/www.laguiadepamplona.com\/actualidad\/wp-content\/uploads\/2018\/11\/logo-laguiadepamplona18-web1.png","width":600,"height":196,"caption":"La Gu\u00eda de Pamplona \/ Noticias"},"image":{"@id":"https:\/\/www.laguiadepamplona.com\/actualidad\/#\/schema\/logo\/image\/"},"sameAs":["https:\/\/www.facebook.com\/laguiadepamplonacom-133175176762273\/?ref=hl","https:\/\/x.com\/LaGuiadPamplona","https:\/\/www.instagram.com\/la_guia_de_pamplona\/","https:\/\/www.youtube.com\/user\/laguiadepamplona"]},{"@type":"Person","@id":"https:\/\/www.laguiadepamplona.com\/actualidad\/#\/schema\/person\/efe887376f0213d4657c93adc50b1fdb","name":"La Gu\u00eda de Pamplona","image":{"@type":"ImageObject","inLanguage":"es","@id":"https:\/\/secure.gravatar.com\/avatar\/b6992f131dc8d30ab0dff15446e9d346d9dbd95992de0fef795073f5ea83a81c?s=96&d=mm&r=g","url":"https:\/\/secure.gravatar.com\/avatar\/b6992f131dc8d30ab0dff15446e9d346d9dbd95992de0fef795073f5ea83a81c?s=96&d=mm&r=g","contentUrl":"https:\/\/secure.gravatar.com\/avatar\/b6992f131dc8d30ab0dff15446e9d346d9dbd95992de0fef795073f5ea83a81c?s=96&d=mm&r=g","caption":"La Gu\u00eda de Pamplona"}}]}},"post_mailing_queue_ids":[],"_links":{"self":[{"href":"https:\/\/www.laguiadepamplona.com\/actualidad\/wp-json\/wp\/v2\/posts\/482","targetHints":{"allow":["GET"]}}],"collection":[{"href":"https:\/\/www.laguiadepamplona.com\/actualidad\/wp-json\/wp\/v2\/posts"}],"about":[{"href":"https:\/\/www.laguiadepamplona.com\/actualidad\/wp-json\/wp\/v2\/types\/post"}],"author":[{"embeddable":true,"href":"https:\/\/www.laguiadepamplona.com\/actualidad\/wp-json\/wp\/v2\/users\/1"}],"replies":[{"embeddable":true,"href":"https:\/\/www.laguiadepamplona.com\/actualidad\/wp-json\/wp\/v2\/comments?post=482"}],"version-history":[{"count":0,"href":"https:\/\/www.laguiadepamplona.com\/actualidad\/wp-json\/wp\/v2\/posts\/482\/revisions"}],"wp:featuredmedia":[{"embeddable":true,"href":"https:\/\/www.laguiadepamplona.com\/actualidad\/wp-json\/"}],"wp:attachment":[{"href":"https:\/\/www.laguiadepamplona.com\/actualidad\/wp-json\/wp\/v2\/media?parent=482"}],"wp:term":[{"taxonomy":"category","embeddable":true,"href":"https:\/\/www.laguiadepamplona.com\/actualidad\/wp-json\/wp\/v2\/categories?post=482"},{"taxonomy":"post_tag","embeddable":true,"href":"https:\/\/www.laguiadepamplona.com\/actualidad\/wp-json\/wp\/v2\/tags?post=482"}],"curies":[{"name":"wp","href":"https:\/\/api.w.org\/{rel}","templated":true}]}}