{"id":48118,"date":"2023-11-28T18:12:21","date_gmt":"2023-11-28T16:12:21","guid":{"rendered":"https:\/\/www.laguiadepamplona.com\/actualidad\/?p=48118"},"modified":"2023-11-28T18:12:21","modified_gmt":"2023-11-28T16:12:21","slug":"el-ayuntamiento-inicia-el-procedimiento-para-disolver-la-sociedad-publica-sad-pamplona-sl-y-unificar-el-servicio-municipal-de-atencion-domiciliaria","status":"publish","type":"post","link":"https:\/\/www.laguiadepamplona.com\/actualidad\/el-ayuntamiento-inicia-el-procedimiento-para-disolver-la-sociedad-publica-sad-pamplona-sl-y-unificar-el-servicio-municipal-de-atencion-domiciliaria\/","title":{"rendered":"El Ayuntamiento inicia el procedimiento para disolver la sociedad p\u00fablica SAD Pamplona SL y unificar el servicio municipal de atenci\u00f3n domiciliaria"},"content":{"rendered":"<h3>Actualmente, la gesti\u00f3n de la plantilla es mixta, con la mayor\u00eda del personal dependiente del Ayuntamiento y otra parte dependiente de la empresa p\u00fablica<\/h3>\n<p><!--more--><\/p>\n<p>El Ayuntamiento de Pamplona va a iniciar el procedimiento para unificar el modelo de gesti\u00f3n del servicio municipal de atenci\u00f3n domiciliaria, disolviendo la empresa p\u00fablica SAD Pamplona SL, creada hace dos a\u00f1os para realizar ese servicio. El servicio municipal de atenci\u00f3n domiciliaria atiende a m\u00e1s de 650 personas usuarias y en \u00e9l trabajan en la actualidad casi 200 profesionales, que volver\u00e1n a depender en su totalidad del Ayuntamiento de Pamplona.<\/p>\n<p>La empresa p\u00fablica SAD Pamplona SL comenz\u00f3 a funcionar el 1 de noviembre de 2021, tras aprobar el Pleno municipal su creaci\u00f3n. Se buscaba cambiar el modelo de gesti\u00f3n de la atenci\u00f3n domiciliaria, que el Ayuntamiento realizaba con personal propio para prestar el servicio de manera m\u00e1s eficaz y eficiente, atendiendo a las recomendaciones dadas por la C\u00e1mara de Comptos y a los informes de auditor\u00eda externa del servicio.<br \/>\n<script async src=\"\/\/pagead2.googlesyndication.com\/pagead\/js\/adsbygoogle.js\"><\/script><br \/>\n<!-- Noticias La Guia de Pamplona --><br \/>\n<ins class=\"adsbygoogle\"\nstyle=\"display:block\"\ndata-ad-client=\"ca-pub-6943679897239327\"\ndata-ad-slot=\"7048180777\"\ndata-ad-format=\"auto\"><\/ins><br \/>\n<script>\n(adsbygoogle = window.adsbygoogle || []).push({});\n<\/script><\/p>\n<p>Una sentencia judicial reconoci\u00f3 a varias trabajadoras de la sociedad p\u00fablica el derecho a incorporarse al Ayuntamiento dentro de la plantilla municipal, lo que provoc\u00f3 que el servicio se prestar\u00e1 tanto por el propio Consistorio como por la sociedad p\u00fablica. As\u00ed, el servicio se viene gestionando bajo una f\u00f3rmula mixta, con una parte mayoritaria de la plantilla dependiente del Ayuntamiento de Pamplona, en torno a 160 trabajadoras, y una parte minoritaria, en torno a una treintena, dependiente de la empresa p\u00fablica.<\/p>\n<p>La creaci\u00f3n de SAD Pamplona SL buscaba aunar bajo una \u00fanica f\u00f3rmula de gesti\u00f3n la prestaci\u00f3n del servicio de atenci\u00f3n domiciliaria para mejorarlo, ganar eficiencia y calidad, y reducir y agilizar el tr\u00e1mite administrativo. Vista la imposibilidad de una gesti\u00f3n \u00fanica, se ha considerado que es el momento de evaluar y mantener la idea inicial de buscar una f\u00f3rmula unitaria. Por ello, se va a proponer volver a la gesti\u00f3n \u00fanica por parte del Ayuntamiento de Pamplona.<br \/>\n<script async src=\"\/\/pagead2.googlesyndication.com\/pagead\/js\/adsbygoogle.js\"><\/script><br \/>\n<!-- Noticias La Guia de Pamplona --><br \/>\n<ins class=\"adsbygoogle\"\nstyle=\"display:block\"\ndata-ad-client=\"ca-pub-6943679897239327\"\ndata-ad-slot=\"7048180777\"\ndata-ad-format=\"auto\"><\/ins><br \/>\n<script>\n(adsbygoogle = window.adsbygoogle || []).push({});\n<\/script><\/p>\n<p>El procedimiento de disoluci\u00f3n de la sociedad SAD Pamplona SL viene recogido en el T\u00edtulo X del Real Decreto Legislativo 1\/2010, de 2 de julio, por el que se aprueba el texto refundido de la Ley de Sociedades de Capital. La normativa se\u00f1ala que podr\u00e1 disolverse por mero acuerdo de la Junta General adoptado con los requisitos establecidos para la modificaci\u00f3n de los estatutos. Asimismo, se requieren actuaciones de abono de posibles deudas, cese autom\u00e1tico de administradores, designaci\u00f3n de liquidadores y aprobaci\u00f3n del balance final por la propia Junta General. Por \u00faltimo, se debe formalizar la escritura p\u00fablica de disoluci\u00f3n y ejecutar la cancelaci\u00f3n registral.<\/p>\n","protected":false},"excerpt":{"rendered":"<p>Actualmente, la gesti\u00f3n de la plantilla es mixta, con la mayor\u00eda del personal dependiente del Ayuntamiento y otra parte dependiente de la empresa p\u00fablica<\/p>\n","protected":false},"author":1,"featured_media":48119,"comment_status":"open","ping_status":"closed","sticky":false,"template":"","format":"standard","meta":{"footnotes":""},"categories":[2],"tags":[],"class_list":["post-48118","post","type-post","status-publish","format-standard","has-post-thumbnail","hentry","category-ayuntamiento-pamplona"],"yoast_head":"<!-- This site is optimized with the Yoast SEO plugin v27.3 - https:\/\/yoast.com\/product\/yoast-seo-wordpress\/ -->\n<title>El Ayuntamiento inicia el procedimiento para disolver la sociedad p\u00fablica SAD Pamplona SL y unificar el servicio municipal de atenci\u00f3n domiciliaria<\/title>\n<meta name=\"description\" content=\"Actualmente, la gesti\u00f3n de la plantilla es mixta, con la mayor\u00eda del personal dependiente del Ayuntamiento y otra parte dependiente de la empresa p\u00fablica\" \/>\n<meta name=\"robots\" content=\"index, follow, max-snippet:-1, max-image-preview:large, max-video-preview:-1\" \/>\n<link rel=\"canonical\" href=\"https:\/\/www.laguiadepamplona.com\/actualidad\/el-ayuntamiento-inicia-el-procedimiento-para-disolver-la-sociedad-publica-sad-pamplona-sl-y-unificar-el-servicio-municipal-de-atencion-domiciliaria\/\" \/>\n<meta property=\"og:locale\" content=\"es_ES\" \/>\n<meta property=\"og:type\" content=\"article\" \/>\n<meta property=\"og:title\" content=\"El Ayuntamiento inicia el procedimiento para disolver la sociedad p\u00fablica SAD Pamplona SL y unificar el servicio municipal de atenci\u00f3n domiciliaria\" \/>\n<meta property=\"og:description\" content=\"Actualmente, la gesti\u00f3n de la plantilla es mixta, con la mayor\u00eda del personal dependiente del Ayuntamiento y otra parte dependiente de la empresa p\u00fablica\" \/>\n<meta property=\"og:url\" content=\"https:\/\/www.laguiadepamplona.com\/actualidad\/el-ayuntamiento-inicia-el-procedimiento-para-disolver-la-sociedad-publica-sad-pamplona-sl-y-unificar-el-servicio-municipal-de-atencion-domiciliaria\/\" \/>\n<meta property=\"og:site_name\" content=\"La Gu\u00eda de Pamplona\" \/>\n<meta property=\"article:publisher\" content=\"https:\/\/www.facebook.com\/laguiadepamplonacom-133175176762273\/?ref=hl\" \/>\n<meta property=\"article:published_time\" content=\"2023-11-28T16:12:21+00:00\" \/>\n<meta property=\"og:image\" content=\"https:\/\/www.laguiadepamplona.com\/actualidad\/wp-content\/uploads\/2023\/11\/emad_tercera_edad_atencion_domicilio_apoyo_03_0.webp\" \/>\n\t<meta property=\"og:image:width\" content=\"1200\" \/>\n\t<meta property=\"og:image:height\" content=\"800\" \/>\n\t<meta property=\"og:image:type\" content=\"image\/webp\" \/>\n<meta name=\"author\" content=\"La Gu\u00eda de Pamplona\" \/>\n<meta name=\"twitter:card\" content=\"summary_large_image\" \/>\n<meta name=\"twitter:creator\" content=\"@LaGuiadPamplona\" \/>\n<meta name=\"twitter:site\" content=\"@LaGuiadPamplona\" \/>\n<meta name=\"twitter:label1\" content=\"Escrito por\" \/>\n\t<meta name=\"twitter:data1\" content=\"La Gu\u00eda de Pamplona\" \/>\n\t<meta name=\"twitter:label2\" content=\"Tiempo de lectura\" \/>\n\t<meta name=\"twitter:data2\" content=\"2 minutos\" \/>\n<script type=\"application\/ld+json\" class=\"yoast-schema-graph\">{\"@context\":\"https:\\\/\\\/schema.org\",\"@graph\":[{\"@type\":\"Article\",\"@id\":\"https:\\\/\\\/www.laguiadepamplona.com\\\/actualidad\\\/el-ayuntamiento-inicia-el-procedimiento-para-disolver-la-sociedad-publica-sad-pamplona-sl-y-unificar-el-servicio-municipal-de-atencion-domiciliaria\\\/#article\",\"isPartOf\":{\"@id\":\"https:\\\/\\\/www.laguiadepamplona.com\\\/actualidad\\\/el-ayuntamiento-inicia-el-procedimiento-para-disolver-la-sociedad-publica-sad-pamplona-sl-y-unificar-el-servicio-municipal-de-atencion-domiciliaria\\\/\"},\"author\":{\"name\":\"La Gu\u00eda de Pamplona\",\"@id\":\"https:\\\/\\\/www.laguiadepamplona.com\\\/actualidad\\\/#\\\/schema\\\/person\\\/efe887376f0213d4657c93adc50b1fdb\"},\"headline\":\"El Ayuntamiento inicia el procedimiento para disolver la sociedad p\u00fablica SAD Pamplona SL y unificar el servicio municipal de atenci\u00f3n domiciliaria\",\"datePublished\":\"2023-11-28T16:12:21+00:00\",\"mainEntityOfPage\":{\"@id\":\"https:\\\/\\\/www.laguiadepamplona.com\\\/actualidad\\\/el-ayuntamiento-inicia-el-procedimiento-para-disolver-la-sociedad-publica-sad-pamplona-sl-y-unificar-el-servicio-municipal-de-atencion-domiciliaria\\\/\"},\"wordCount\":482,\"commentCount\":0,\"publisher\":{\"@id\":\"https:\\\/\\\/www.laguiadepamplona.com\\\/actualidad\\\/#organization\"},\"image\":{\"@id\":\"https:\\\/\\\/www.laguiadepamplona.com\\\/actualidad\\\/el-ayuntamiento-inicia-el-procedimiento-para-disolver-la-sociedad-publica-sad-pamplona-sl-y-unificar-el-servicio-municipal-de-atencion-domiciliaria\\\/#primaryimage\"},\"thumbnailUrl\":\"https:\\\/\\\/www.laguiadepamplona.com\\\/actualidad\\\/wp-content\\\/uploads\\\/2023\\\/11\\\/emad_tercera_edad_atencion_domicilio_apoyo_03_0.webp\",\"articleSection\":[\"Ayto Pamplona\"],\"inLanguage\":\"es\",\"potentialAction\":[{\"@type\":\"CommentAction\",\"name\":\"Comment\",\"target\":[\"https:\\\/\\\/www.laguiadepamplona.com\\\/actualidad\\\/el-ayuntamiento-inicia-el-procedimiento-para-disolver-la-sociedad-publica-sad-pamplona-sl-y-unificar-el-servicio-municipal-de-atencion-domiciliaria\\\/#respond\"]}]},{\"@type\":\"WebPage\",\"@id\":\"https:\\\/\\\/www.laguiadepamplona.com\\\/actualidad\\\/el-ayuntamiento-inicia-el-procedimiento-para-disolver-la-sociedad-publica-sad-pamplona-sl-y-unificar-el-servicio-municipal-de-atencion-domiciliaria\\\/\",\"url\":\"https:\\\/\\\/www.laguiadepamplona.com\\\/actualidad\\\/el-ayuntamiento-inicia-el-procedimiento-para-disolver-la-sociedad-publica-sad-pamplona-sl-y-unificar-el-servicio-municipal-de-atencion-domiciliaria\\\/\",\"name\":\"El Ayuntamiento inicia el procedimiento para disolver la sociedad p\u00fablica SAD Pamplona SL y unificar el servicio municipal de atenci\u00f3n domiciliaria\",\"isPartOf\":{\"@id\":\"https:\\\/\\\/www.laguiadepamplona.com\\\/actualidad\\\/#website\"},\"primaryImageOfPage\":{\"@id\":\"https:\\\/\\\/www.laguiadepamplona.com\\\/actualidad\\\/el-ayuntamiento-inicia-el-procedimiento-para-disolver-la-sociedad-publica-sad-pamplona-sl-y-unificar-el-servicio-municipal-de-atencion-domiciliaria\\\/#primaryimage\"},\"image\":{\"@id\":\"https:\\\/\\\/www.laguiadepamplona.com\\\/actualidad\\\/el-ayuntamiento-inicia-el-procedimiento-para-disolver-la-sociedad-publica-sad-pamplona-sl-y-unificar-el-servicio-municipal-de-atencion-domiciliaria\\\/#primaryimage\"},\"thumbnailUrl\":\"https:\\\/\\\/www.laguiadepamplona.com\\\/actualidad\\\/wp-content\\\/uploads\\\/2023\\\/11\\\/emad_tercera_edad_atencion_domicilio_apoyo_03_0.webp\",\"datePublished\":\"2023-11-28T16:12:21+00:00\",\"description\":\"Actualmente, la gesti\u00f3n de la plantilla es mixta, con la mayor\u00eda del personal dependiente del Ayuntamiento y otra parte dependiente de la empresa p\u00fablica\",\"breadcrumb\":{\"@id\":\"https:\\\/\\\/www.laguiadepamplona.com\\\/actualidad\\\/el-ayuntamiento-inicia-el-procedimiento-para-disolver-la-sociedad-publica-sad-pamplona-sl-y-unificar-el-servicio-municipal-de-atencion-domiciliaria\\\/#breadcrumb\"},\"inLanguage\":\"es\",\"potentialAction\":[{\"@type\":\"ReadAction\",\"target\":[\"https:\\\/\\\/www.laguiadepamplona.com\\\/actualidad\\\/el-ayuntamiento-inicia-el-procedimiento-para-disolver-la-sociedad-publica-sad-pamplona-sl-y-unificar-el-servicio-municipal-de-atencion-domiciliaria\\\/\"]}]},{\"@type\":\"ImageObject\",\"inLanguage\":\"es\",\"@id\":\"https:\\\/\\\/www.laguiadepamplona.com\\\/actualidad\\\/el-ayuntamiento-inicia-el-procedimiento-para-disolver-la-sociedad-publica-sad-pamplona-sl-y-unificar-el-servicio-municipal-de-atencion-domiciliaria\\\/#primaryimage\",\"url\":\"https:\\\/\\\/www.laguiadepamplona.com\\\/actualidad\\\/wp-content\\\/uploads\\\/2023\\\/11\\\/emad_tercera_edad_atencion_domicilio_apoyo_03_0.webp\",\"contentUrl\":\"https:\\\/\\\/www.laguiadepamplona.com\\\/actualidad\\\/wp-content\\\/uploads\\\/2023\\\/11\\\/emad_tercera_edad_atencion_domicilio_apoyo_03_0.webp\",\"width\":1200,\"height\":800,\"caption\":\"emad tercera edad\"},{\"@type\":\"BreadcrumbList\",\"@id\":\"https:\\\/\\\/www.laguiadepamplona.com\\\/actualidad\\\/el-ayuntamiento-inicia-el-procedimiento-para-disolver-la-sociedad-publica-sad-pamplona-sl-y-unificar-el-servicio-municipal-de-atencion-domiciliaria\\\/#breadcrumb\",\"itemListElement\":[{\"@type\":\"ListItem\",\"position\":1,\"name\":\"Portada\",\"item\":\"https:\\\/\\\/www.laguiadepamplona.com\\\/actualidad\\\/\"},{\"@type\":\"ListItem\",\"position\":2,\"name\":\"El Ayuntamiento inicia el procedimiento para disolver la sociedad p\u00fablica SAD Pamplona SL y unificar el servicio municipal de atenci\u00f3n domiciliaria\"}]},{\"@type\":\"WebSite\",\"@id\":\"https:\\\/\\\/www.laguiadepamplona.com\\\/actualidad\\\/#website\",\"url\":\"https:\\\/\\\/www.laguiadepamplona.com\\\/actualidad\\\/\",\"name\":\"La gu\u00eda de Pamplona\",\"description\":\"Noticias de Pamplona\",\"publisher\":{\"@id\":\"https:\\\/\\\/www.laguiadepamplona.com\\\/actualidad\\\/#organization\"},\"potentialAction\":[{\"@type\":\"SearchAction\",\"target\":{\"@type\":\"EntryPoint\",\"urlTemplate\":\"https:\\\/\\\/www.laguiadepamplona.com\\\/actualidad\\\/?s={search_term_string}\"},\"query-input\":{\"@type\":\"PropertyValueSpecification\",\"valueRequired\":true,\"valueName\":\"search_term_string\"}}],\"inLanguage\":\"es\"},{\"@type\":\"Organization\",\"@id\":\"https:\\\/\\\/www.laguiadepamplona.com\\\/actualidad\\\/#organization\",\"name\":\"La Gu\u00eda de Pamplona \\\/ Noticias\",\"url\":\"https:\\\/\\\/www.laguiadepamplona.com\\\/actualidad\\\/\",\"logo\":{\"@type\":\"ImageObject\",\"inLanguage\":\"es\",\"@id\":\"https:\\\/\\\/www.laguiadepamplona.com\\\/actualidad\\\/#\\\/schema\\\/logo\\\/image\\\/\",\"url\":\"https:\\\/\\\/www.laguiadepamplona.com\\\/actualidad\\\/wp-content\\\/uploads\\\/2018\\\/11\\\/logo-laguiadepamplona18-web1.png\",\"contentUrl\":\"https:\\\/\\\/www.laguiadepamplona.com\\\/actualidad\\\/wp-content\\\/uploads\\\/2018\\\/11\\\/logo-laguiadepamplona18-web1.png\",\"width\":600,\"height\":196,\"caption\":\"La Gu\u00eda de Pamplona \\\/ Noticias\"},\"image\":{\"@id\":\"https:\\\/\\\/www.laguiadepamplona.com\\\/actualidad\\\/#\\\/schema\\\/logo\\\/image\\\/\"},\"sameAs\":[\"https:\\\/\\\/www.facebook.com\\\/laguiadepamplonacom-133175176762273\\\/?ref=hl\",\"https:\\\/\\\/x.com\\\/LaGuiadPamplona\",\"https:\\\/\\\/www.instagram.com\\\/la_guia_de_pamplona\\\/\",\"https:\\\/\\\/www.youtube.com\\\/user\\\/laguiadepamplona\"]},{\"@type\":\"Person\",\"@id\":\"https:\\\/\\\/www.laguiadepamplona.com\\\/actualidad\\\/#\\\/schema\\\/person\\\/efe887376f0213d4657c93adc50b1fdb\",\"name\":\"La Gu\u00eda de Pamplona\",\"image\":{\"@type\":\"ImageObject\",\"inLanguage\":\"es\",\"@id\":\"https:\\\/\\\/secure.gravatar.com\\\/avatar\\\/b6992f131dc8d30ab0dff15446e9d346d9dbd95992de0fef795073f5ea83a81c?s=96&d=mm&r=g\",\"url\":\"https:\\\/\\\/secure.gravatar.com\\\/avatar\\\/b6992f131dc8d30ab0dff15446e9d346d9dbd95992de0fef795073f5ea83a81c?s=96&d=mm&r=g\",\"contentUrl\":\"https:\\\/\\\/secure.gravatar.com\\\/avatar\\\/b6992f131dc8d30ab0dff15446e9d346d9dbd95992de0fef795073f5ea83a81c?s=96&d=mm&r=g\",\"caption\":\"La Gu\u00eda de Pamplona\"}}]}<\/script>\n<!-- \/ Yoast SEO plugin. -->","yoast_head_json":{"title":"El Ayuntamiento inicia el procedimiento para disolver la sociedad p\u00fablica SAD Pamplona SL y unificar el servicio municipal de atenci\u00f3n domiciliaria","description":"Actualmente, la gesti\u00f3n de la plantilla es mixta, con la mayor\u00eda del personal dependiente del Ayuntamiento y otra parte dependiente de la empresa p\u00fablica","robots":{"index":"index","follow":"follow","max-snippet":"max-snippet:-1","max-image-preview":"max-image-preview:large","max-video-preview":"max-video-preview:-1"},"canonical":"https:\/\/www.laguiadepamplona.com\/actualidad\/el-ayuntamiento-inicia-el-procedimiento-para-disolver-la-sociedad-publica-sad-pamplona-sl-y-unificar-el-servicio-municipal-de-atencion-domiciliaria\/","og_locale":"es_ES","og_type":"article","og_title":"El Ayuntamiento inicia el procedimiento para disolver la sociedad p\u00fablica SAD Pamplona SL y unificar el servicio municipal de atenci\u00f3n domiciliaria","og_description":"Actualmente, la gesti\u00f3n de la plantilla es mixta, con la mayor\u00eda del personal dependiente del Ayuntamiento y otra parte dependiente de la empresa p\u00fablica","og_url":"https:\/\/www.laguiadepamplona.com\/actualidad\/el-ayuntamiento-inicia-el-procedimiento-para-disolver-la-sociedad-publica-sad-pamplona-sl-y-unificar-el-servicio-municipal-de-atencion-domiciliaria\/","og_site_name":"La Gu\u00eda de Pamplona","article_publisher":"https:\/\/www.facebook.com\/laguiadepamplonacom-133175176762273\/?ref=hl","article_published_time":"2023-11-28T16:12:21+00:00","og_image":[{"width":1200,"height":800,"url":"https:\/\/www.laguiadepamplona.com\/actualidad\/wp-content\/uploads\/2023\/11\/emad_tercera_edad_atencion_domicilio_apoyo_03_0.webp","type":"image\/webp"}],"author":"La Gu\u00eda de Pamplona","twitter_card":"summary_large_image","twitter_creator":"@LaGuiadPamplona","twitter_site":"@LaGuiadPamplona","twitter_misc":{"Escrito por":"La Gu\u00eda de Pamplona","Tiempo de lectura":"2 minutos"},"schema":{"@context":"https:\/\/schema.org","@graph":[{"@type":"Article","@id":"https:\/\/www.laguiadepamplona.com\/actualidad\/el-ayuntamiento-inicia-el-procedimiento-para-disolver-la-sociedad-publica-sad-pamplona-sl-y-unificar-el-servicio-municipal-de-atencion-domiciliaria\/#article","isPartOf":{"@id":"https:\/\/www.laguiadepamplona.com\/actualidad\/el-ayuntamiento-inicia-el-procedimiento-para-disolver-la-sociedad-publica-sad-pamplona-sl-y-unificar-el-servicio-municipal-de-atencion-domiciliaria\/"},"author":{"name":"La Gu\u00eda de Pamplona","@id":"https:\/\/www.laguiadepamplona.com\/actualidad\/#\/schema\/person\/efe887376f0213d4657c93adc50b1fdb"},"headline":"El Ayuntamiento inicia el procedimiento para disolver la sociedad p\u00fablica SAD Pamplona SL y unificar el servicio municipal de atenci\u00f3n domiciliaria","datePublished":"2023-11-28T16:12:21+00:00","mainEntityOfPage":{"@id":"https:\/\/www.laguiadepamplona.com\/actualidad\/el-ayuntamiento-inicia-el-procedimiento-para-disolver-la-sociedad-publica-sad-pamplona-sl-y-unificar-el-servicio-municipal-de-atencion-domiciliaria\/"},"wordCount":482,"commentCount":0,"publisher":{"@id":"https:\/\/www.laguiadepamplona.com\/actualidad\/#organization"},"image":{"@id":"https:\/\/www.laguiadepamplona.com\/actualidad\/el-ayuntamiento-inicia-el-procedimiento-para-disolver-la-sociedad-publica-sad-pamplona-sl-y-unificar-el-servicio-municipal-de-atencion-domiciliaria\/#primaryimage"},"thumbnailUrl":"https:\/\/www.laguiadepamplona.com\/actualidad\/wp-content\/uploads\/2023\/11\/emad_tercera_edad_atencion_domicilio_apoyo_03_0.webp","articleSection":["Ayto Pamplona"],"inLanguage":"es","potentialAction":[{"@type":"CommentAction","name":"Comment","target":["https:\/\/www.laguiadepamplona.com\/actualidad\/el-ayuntamiento-inicia-el-procedimiento-para-disolver-la-sociedad-publica-sad-pamplona-sl-y-unificar-el-servicio-municipal-de-atencion-domiciliaria\/#respond"]}]},{"@type":"WebPage","@id":"https:\/\/www.laguiadepamplona.com\/actualidad\/el-ayuntamiento-inicia-el-procedimiento-para-disolver-la-sociedad-publica-sad-pamplona-sl-y-unificar-el-servicio-municipal-de-atencion-domiciliaria\/","url":"https:\/\/www.laguiadepamplona.com\/actualidad\/el-ayuntamiento-inicia-el-procedimiento-para-disolver-la-sociedad-publica-sad-pamplona-sl-y-unificar-el-servicio-municipal-de-atencion-domiciliaria\/","name":"El Ayuntamiento inicia el procedimiento para disolver la sociedad p\u00fablica SAD Pamplona SL y unificar el servicio municipal de atenci\u00f3n domiciliaria","isPartOf":{"@id":"https:\/\/www.laguiadepamplona.com\/actualidad\/#website"},"primaryImageOfPage":{"@id":"https:\/\/www.laguiadepamplona.com\/actualidad\/el-ayuntamiento-inicia-el-procedimiento-para-disolver-la-sociedad-publica-sad-pamplona-sl-y-unificar-el-servicio-municipal-de-atencion-domiciliaria\/#primaryimage"},"image":{"@id":"https:\/\/www.laguiadepamplona.com\/actualidad\/el-ayuntamiento-inicia-el-procedimiento-para-disolver-la-sociedad-publica-sad-pamplona-sl-y-unificar-el-servicio-municipal-de-atencion-domiciliaria\/#primaryimage"},"thumbnailUrl":"https:\/\/www.laguiadepamplona.com\/actualidad\/wp-content\/uploads\/2023\/11\/emad_tercera_edad_atencion_domicilio_apoyo_03_0.webp","datePublished":"2023-11-28T16:12:21+00:00","description":"Actualmente, la gesti\u00f3n de la plantilla es mixta, con la mayor\u00eda del personal dependiente del Ayuntamiento y otra parte dependiente de la empresa p\u00fablica","breadcrumb":{"@id":"https:\/\/www.laguiadepamplona.com\/actualidad\/el-ayuntamiento-inicia-el-procedimiento-para-disolver-la-sociedad-publica-sad-pamplona-sl-y-unificar-el-servicio-municipal-de-atencion-domiciliaria\/#breadcrumb"},"inLanguage":"es","potentialAction":[{"@type":"ReadAction","target":["https:\/\/www.laguiadepamplona.com\/actualidad\/el-ayuntamiento-inicia-el-procedimiento-para-disolver-la-sociedad-publica-sad-pamplona-sl-y-unificar-el-servicio-municipal-de-atencion-domiciliaria\/"]}]},{"@type":"ImageObject","inLanguage":"es","@id":"https:\/\/www.laguiadepamplona.com\/actualidad\/el-ayuntamiento-inicia-el-procedimiento-para-disolver-la-sociedad-publica-sad-pamplona-sl-y-unificar-el-servicio-municipal-de-atencion-domiciliaria\/#primaryimage","url":"https:\/\/www.laguiadepamplona.com\/actualidad\/wp-content\/uploads\/2023\/11\/emad_tercera_edad_atencion_domicilio_apoyo_03_0.webp","contentUrl":"https:\/\/www.laguiadepamplona.com\/actualidad\/wp-content\/uploads\/2023\/11\/emad_tercera_edad_atencion_domicilio_apoyo_03_0.webp","width":1200,"height":800,"caption":"emad tercera edad"},{"@type":"BreadcrumbList","@id":"https:\/\/www.laguiadepamplona.com\/actualidad\/el-ayuntamiento-inicia-el-procedimiento-para-disolver-la-sociedad-publica-sad-pamplona-sl-y-unificar-el-servicio-municipal-de-atencion-domiciliaria\/#breadcrumb","itemListElement":[{"@type":"ListItem","position":1,"name":"Portada","item":"https:\/\/www.laguiadepamplona.com\/actualidad\/"},{"@type":"ListItem","position":2,"name":"El Ayuntamiento inicia el procedimiento para disolver la sociedad p\u00fablica SAD Pamplona SL y unificar el servicio municipal de atenci\u00f3n domiciliaria"}]},{"@type":"WebSite","@id":"https:\/\/www.laguiadepamplona.com\/actualidad\/#website","url":"https:\/\/www.laguiadepamplona.com\/actualidad\/","name":"La gu\u00eda de Pamplona","description":"Noticias de Pamplona","publisher":{"@id":"https:\/\/www.laguiadepamplona.com\/actualidad\/#organization"},"potentialAction":[{"@type":"SearchAction","target":{"@type":"EntryPoint","urlTemplate":"https:\/\/www.laguiadepamplona.com\/actualidad\/?s={search_term_string}"},"query-input":{"@type":"PropertyValueSpecification","valueRequired":true,"valueName":"search_term_string"}}],"inLanguage":"es"},{"@type":"Organization","@id":"https:\/\/www.laguiadepamplona.com\/actualidad\/#organization","name":"La Gu\u00eda de Pamplona \/ Noticias","url":"https:\/\/www.laguiadepamplona.com\/actualidad\/","logo":{"@type":"ImageObject","inLanguage":"es","@id":"https:\/\/www.laguiadepamplona.com\/actualidad\/#\/schema\/logo\/image\/","url":"https:\/\/www.laguiadepamplona.com\/actualidad\/wp-content\/uploads\/2018\/11\/logo-laguiadepamplona18-web1.png","contentUrl":"https:\/\/www.laguiadepamplona.com\/actualidad\/wp-content\/uploads\/2018\/11\/logo-laguiadepamplona18-web1.png","width":600,"height":196,"caption":"La Gu\u00eda de Pamplona \/ Noticias"},"image":{"@id":"https:\/\/www.laguiadepamplona.com\/actualidad\/#\/schema\/logo\/image\/"},"sameAs":["https:\/\/www.facebook.com\/laguiadepamplonacom-133175176762273\/?ref=hl","https:\/\/x.com\/LaGuiadPamplona","https:\/\/www.instagram.com\/la_guia_de_pamplona\/","https:\/\/www.youtube.com\/user\/laguiadepamplona"]},{"@type":"Person","@id":"https:\/\/www.laguiadepamplona.com\/actualidad\/#\/schema\/person\/efe887376f0213d4657c93adc50b1fdb","name":"La Gu\u00eda de Pamplona","image":{"@type":"ImageObject","inLanguage":"es","@id":"https:\/\/secure.gravatar.com\/avatar\/b6992f131dc8d30ab0dff15446e9d346d9dbd95992de0fef795073f5ea83a81c?s=96&d=mm&r=g","url":"https:\/\/secure.gravatar.com\/avatar\/b6992f131dc8d30ab0dff15446e9d346d9dbd95992de0fef795073f5ea83a81c?s=96&d=mm&r=g","contentUrl":"https:\/\/secure.gravatar.com\/avatar\/b6992f131dc8d30ab0dff15446e9d346d9dbd95992de0fef795073f5ea83a81c?s=96&d=mm&r=g","caption":"La Gu\u00eda de Pamplona"}}]}},"post_mailing_queue_ids":[],"_links":{"self":[{"href":"https:\/\/www.laguiadepamplona.com\/actualidad\/wp-json\/wp\/v2\/posts\/48118","targetHints":{"allow":["GET"]}}],"collection":[{"href":"https:\/\/www.laguiadepamplona.com\/actualidad\/wp-json\/wp\/v2\/posts"}],"about":[{"href":"https:\/\/www.laguiadepamplona.com\/actualidad\/wp-json\/wp\/v2\/types\/post"}],"author":[{"embeddable":true,"href":"https:\/\/www.laguiadepamplona.com\/actualidad\/wp-json\/wp\/v2\/users\/1"}],"replies":[{"embeddable":true,"href":"https:\/\/www.laguiadepamplona.com\/actualidad\/wp-json\/wp\/v2\/comments?post=48118"}],"version-history":[{"count":1,"href":"https:\/\/www.laguiadepamplona.com\/actualidad\/wp-json\/wp\/v2\/posts\/48118\/revisions"}],"predecessor-version":[{"id":48120,"href":"https:\/\/www.laguiadepamplona.com\/actualidad\/wp-json\/wp\/v2\/posts\/48118\/revisions\/48120"}],"wp:featuredmedia":[{"embeddable":true,"href":"https:\/\/www.laguiadepamplona.com\/actualidad\/wp-json\/wp\/v2\/media\/48119"}],"wp:attachment":[{"href":"https:\/\/www.laguiadepamplona.com\/actualidad\/wp-json\/wp\/v2\/media?parent=48118"}],"wp:term":[{"taxonomy":"category","embeddable":true,"href":"https:\/\/www.laguiadepamplona.com\/actualidad\/wp-json\/wp\/v2\/categories?post=48118"},{"taxonomy":"post_tag","embeddable":true,"href":"https:\/\/www.laguiadepamplona.com\/actualidad\/wp-json\/wp\/v2\/tags?post=48118"}],"curies":[{"name":"wp","href":"https:\/\/api.w.org\/{rel}","templated":true}]}}