{"id":4809,"date":"2015-02-18T14:30:45","date_gmt":"2015-02-18T12:30:45","guid":{"rendered":"http:\/\/laguiadepamplona.com\/actualidad\/?p=4809"},"modified":"2015-02-18T14:30:45","modified_gmt":"2015-02-18T12:30:45","slug":"el-ciclo-municipal-teatreves-presenta-manana-en-civivox-iturrama-la-obra-la-entrevista-de-la-mano-de-la-compania-el-bucle-con-maiken-beitia-y-leire-ruiz","status":"publish","type":"post","link":"https:\/\/www.laguiadepamplona.com\/actualidad\/el-ciclo-municipal-teatreves-presenta-manana-en-civivox-iturrama-la-obra-la-entrevista-de-la-mano-de-la-compania-el-bucle-con-maiken-beitia-y-leire-ruiz\/","title":{"rendered":"El ciclo municipal \u2018Teatreves\u2019 presenta ma\u00f1ana en Civivox Iturrama la obra \u2018La entrevista\u2019 de la mano de la compa\u00f1\u00eda El Bucle, con Maiken Beitia y Leire Ruiz"},"content":{"rendered":"<h4>El espect\u00e1culo, tercero de la programaci\u00f3n, comenzar\u00e1 a las siete y media de la tarde y las entradas cuestan 6 euros<\/h4>\n<p><a href=\"http:\/\/laguiadepamplona.com\/actualidad\/wp-content\/uploads\/2015\/02\/La-entrevista.-El-Bucle.jpg\"><img loading=\"lazy\" decoding=\"async\" class=\"alignleft size-medium wp-image-4810\" src=\"http:\/\/laguiadepamplona.com\/actualidad\/wp-content\/uploads\/2015\/02\/La-entrevista.-El-Bucle-300x115.jpg\" alt=\"La entrevista. El Bucle\" width=\"300\" height=\"115\" \/><\/a>Contin\u00faa ma\u00f1ana jueves en Civivox Iturrama el ciclo municipal \u2018Teatreves. Tardes de teatro\u2019, que incluye cuatro funciones a cargo de compa\u00f1\u00edas de teatro profesionales navarras. En esta ocasi\u00f3n se subir\u00e1 al escenario la compa\u00f1\u00eda El Bucle con la obra \u2018La entrevista\u2019. El espect\u00e1culo podr\u00e1 verse a partir de las siete y media de la tarde y las entradas pueden adquirirse directamente en el centro municipal o en <a href=\"http:\/\/www.pamplona.es\/\" target=\"_blank\">www.pamplona.es<\/a> al precio de 6 euros.<\/p>\n<p>La obra cuenta la historia de Esther, una veintea\u00f1era que no llega a fin de mes y que se presenta a una entrevista de trabajo para un puesto que podr\u00eda solucionarle la vida. All\u00ed se enfrentar\u00e1 a Inma, una ejecutiva implacable acostumbrada a analizar a la gente y encontrar sus trapos sucios. La entrevista se convertir\u00e1 en un aut\u00e9ntico duelo en el que chocar\u00e1n distintos caracteres y generaciones, dando lugar a un espect\u00e1culo lleno de risas, llantos y giros inesperados.<\/p>\n<p>El autor de la obra es Juanjo Ram\u00edrez y la interpretaci\u00f3n correr\u00e1 a cargo de Maiken Beitia y Leire Ruiz. Las dos actrices navarras crearon el a\u00f1o pasado su propia productora teatral, El Bucle, con la intenci\u00f3n de impulsar proyectos de distintos g\u00e9neros en escenarios de dentro y fuera de la Comunidad Foral. Antes de la entrevista produjeron \u2018Nosotras\u2019, un drama acerca de dos hermanas separadas por el rencor y la crueldad gestadas durante la Guerra Civil. Maiken Beitia lleva a\u00f1os dedic\u00e1ndose profesionalmente a la actividad art\u00edstica, y ha participado en numerosos espect\u00e1culos teatrales y en teleseries como \u2018Cuentos de terror\u2019, \u2018Juntos y revueltos\u2019, \u2018Ertzainak\u2019, \u2018Euskolegas\u2019 o \u2018Goenkale\u2019 en ETB, adem\u00e1s de aparecer en series tan conocidas como \u2018Amar en tiempos revueltos\u2019, \u2018Hospital central\u2019 o \u2018Periodistas\u2019. Leire Ruiz es conocida sobre todo por su trabajo en el programa \u2018Vaya semanita\u2019 de ETB, en el que ha interpretado a todo tipo de personajes.<\/p>\n<p>El ciclo \u2018Teatreves\u2019 finalizar\u00e1 el pr\u00f3ximo jueves d\u00eda 26 con \u2018Idiotas contemplando la nieve\u2019, obra que pondr\u00e1 en escena la compa\u00f1\u00eda de la Escuela Navarra de Teatro (ENT\/NAE) en Civivox Iturrama a las siete y media de la tarde. Las entradas est\u00e1n ya a la venta en el propio civivox y en www.pamplona.es a un precio de 6 euros.<\/p>\n<p>&nbsp;<\/p>\n<p><strong>ciclo \u2018Teatreves. Tardes de teatro\u2019<\/strong><\/p>\n<p><strong>Civivox Iturrama. Entradas: 6 euros (en civivox y en <a href=\"http:\/\/www.pamplona.es\/\" target=\"_blank\">www.pamplona.es<\/a>)<\/strong><\/p>\n<p>&nbsp;<\/p>\n<ul>\n<li><strong>\u2018La entrevista\u2019. El Bucle<\/strong>\n<ul>\n<li>Jueves 19 de febrero. 19.30 horas<\/li>\n<\/ul>\n<\/li>\n<li><strong>\u2018Idiotas contemplando la nieve\u2019. ENT \/ NAE<\/strong>\n<ul>\n<li>Jueves 26 de febrero. 19.30 horas<\/li>\n<\/ul>\n<\/li>\n<\/ul>\n<p>&nbsp;<\/p>\n","protected":false},"excerpt":{"rendered":"<p>El espect\u00e1culo, tercero de la programaci\u00f3n, comenzar\u00e1 a las siete y media de la tarde y las entradas cuestan 6 euros Contin\u00faa ma\u00f1ana jueves en Civivox Iturrama el ciclo municipal&#8230;<\/p>\n","protected":false},"author":1,"featured_media":4810,"comment_status":"closed","ping_status":"open","sticky":false,"template":"","format":"standard","meta":{"footnotes":""},"categories":[2],"tags":[5,6,509,64,8,9,1126,4202,4271],"class_list":["post-4809","post","type-post","status-publish","format-standard","has-post-thumbnail","hentry","category-ayuntamiento-pamplona","tag-actualidad","tag-ayto-pamplona","tag-ayuntamiento-de-pamplona","tag-civivox-iturrama","tag-noticias","tag-pamplona","tag-tardes-de-teatro","tag-teatreves","tag-la-entrevista-el-bucle"],"yoast_head":"<!-- This site is optimized with the Yoast SEO plugin v27.5 - https:\/\/yoast.com\/product\/yoast-seo-wordpress\/ -->\n<title>El ciclo municipal \u2018Teatreves\u2019 presenta ma\u00f1ana en Civivox Iturrama la obra \u2018La entrevista\u2019 de la mano de la compa\u00f1\u00eda El Bucle, con Maiken Beitia y Leire Ruiz<\/title>\n<meta name=\"robots\" content=\"index, follow, max-snippet:-1, max-image-preview:large, max-video-preview:-1\" \/>\n<link rel=\"canonical\" href=\"https:\/\/www.laguiadepamplona.com\/actualidad\/el-ciclo-municipal-teatreves-presenta-manana-en-civivox-iturrama-la-obra-la-entrevista-de-la-mano-de-la-compania-el-bucle-con-maiken-beitia-y-leire-ruiz\/\" \/>\n<meta property=\"og:locale\" content=\"es_ES\" \/>\n<meta property=\"og:type\" content=\"article\" \/>\n<meta property=\"og:title\" content=\"El ciclo municipal \u2018Teatreves\u2019 presenta ma\u00f1ana en Civivox Iturrama la obra \u2018La entrevista\u2019 de la mano de la compa\u00f1\u00eda El Bucle, con Maiken Beitia y Leire Ruiz\" \/>\n<meta property=\"og:description\" content=\"El espect\u00e1culo, tercero de la programaci\u00f3n, comenzar\u00e1 a las siete y media de la tarde y las entradas cuestan 6 euros Contin\u00faa ma\u00f1ana jueves en Civivox Iturrama el ciclo municipal...\" \/>\n<meta property=\"og:url\" content=\"https:\/\/www.laguiadepamplona.com\/actualidad\/el-ciclo-municipal-teatreves-presenta-manana-en-civivox-iturrama-la-obra-la-entrevista-de-la-mano-de-la-compania-el-bucle-con-maiken-beitia-y-leire-ruiz\/\" \/>\n<meta property=\"og:site_name\" content=\"La Gu\u00eda de Pamplona\" \/>\n<meta property=\"article:publisher\" content=\"https:\/\/www.facebook.com\/laguiadepamplonacom-133175176762273\/?ref=hl\" \/>\n<meta property=\"article:published_time\" content=\"2015-02-18T12:30:45+00:00\" \/>\n<meta name=\"author\" content=\"La Gu\u00eda de Pamplona\" \/>\n<meta name=\"twitter:card\" content=\"summary_large_image\" \/>\n<meta name=\"twitter:creator\" content=\"@LaGuiadPamplona\" \/>\n<meta name=\"twitter:site\" content=\"@LaGuiadPamplona\" \/>\n<meta name=\"twitter:label1\" content=\"Escrito por\" \/>\n\t<meta name=\"twitter:data1\" content=\"La Gu\u00eda de Pamplona\" \/>\n\t<meta name=\"twitter:label2\" content=\"Tiempo de lectura\" \/>\n\t<meta name=\"twitter:data2\" content=\"2 minutos\" \/>\n<script type=\"application\/ld+json\" class=\"yoast-schema-graph\">{\"@context\":\"https:\\\/\\\/schema.org\",\"@graph\":[{\"@type\":\"Article\",\"@id\":\"https:\\\/\\\/www.laguiadepamplona.com\\\/actualidad\\\/el-ciclo-municipal-teatreves-presenta-manana-en-civivox-iturrama-la-obra-la-entrevista-de-la-mano-de-la-compania-el-bucle-con-maiken-beitia-y-leire-ruiz\\\/#article\",\"isPartOf\":{\"@id\":\"https:\\\/\\\/www.laguiadepamplona.com\\\/actualidad\\\/el-ciclo-municipal-teatreves-presenta-manana-en-civivox-iturrama-la-obra-la-entrevista-de-la-mano-de-la-compania-el-bucle-con-maiken-beitia-y-leire-ruiz\\\/\"},\"author\":{\"name\":\"La Gu\u00eda de Pamplona\",\"@id\":\"https:\\\/\\\/www.laguiadepamplona.com\\\/actualidad\\\/#\\\/schema\\\/person\\\/efe887376f0213d4657c93adc50b1fdb\"},\"headline\":\"El ciclo municipal \u2018Teatreves\u2019 presenta ma\u00f1ana en Civivox Iturrama la obra \u2018La entrevista\u2019 de la mano de la compa\u00f1\u00eda El Bucle, con Maiken Beitia y Leire Ruiz\",\"datePublished\":\"2015-02-18T12:30:45+00:00\",\"mainEntityOfPage\":{\"@id\":\"https:\\\/\\\/www.laguiadepamplona.com\\\/actualidad\\\/el-ciclo-municipal-teatreves-presenta-manana-en-civivox-iturrama-la-obra-la-entrevista-de-la-mano-de-la-compania-el-bucle-con-maiken-beitia-y-leire-ruiz\\\/\"},\"wordCount\":479,\"publisher\":{\"@id\":\"https:\\\/\\\/www.laguiadepamplona.com\\\/actualidad\\\/#organization\"},\"image\":{\"@id\":\"https:\\\/\\\/www.laguiadepamplona.com\\\/actualidad\\\/el-ciclo-municipal-teatreves-presenta-manana-en-civivox-iturrama-la-obra-la-entrevista-de-la-mano-de-la-compania-el-bucle-con-maiken-beitia-y-leire-ruiz\\\/#primaryimage\"},\"thumbnailUrl\":\"\",\"keywords\":[\"actualidad\",\"ayto pamplona\",\"Ayuntamiento de Pamplona\",\"civivox iturrama\",\"noticias\",\"pamplona\",\"tardes de teatro\",\"Teatreves\",\"\u2018La entrevista\u2019. El Bucle\"],\"articleSection\":[\"Ayto Pamplona\"],\"inLanguage\":\"es\"},{\"@type\":\"WebPage\",\"@id\":\"https:\\\/\\\/www.laguiadepamplona.com\\\/actualidad\\\/el-ciclo-municipal-teatreves-presenta-manana-en-civivox-iturrama-la-obra-la-entrevista-de-la-mano-de-la-compania-el-bucle-con-maiken-beitia-y-leire-ruiz\\\/\",\"url\":\"https:\\\/\\\/www.laguiadepamplona.com\\\/actualidad\\\/el-ciclo-municipal-teatreves-presenta-manana-en-civivox-iturrama-la-obra-la-entrevista-de-la-mano-de-la-compania-el-bucle-con-maiken-beitia-y-leire-ruiz\\\/\",\"name\":\"El ciclo municipal \u2018Teatreves\u2019 presenta ma\u00f1ana en Civivox Iturrama la obra \u2018La entrevista\u2019 de la mano de la compa\u00f1\u00eda El Bucle, con Maiken Beitia y Leire Ruiz\",\"isPartOf\":{\"@id\":\"https:\\\/\\\/www.laguiadepamplona.com\\\/actualidad\\\/#website\"},\"primaryImageOfPage\":{\"@id\":\"https:\\\/\\\/www.laguiadepamplona.com\\\/actualidad\\\/el-ciclo-municipal-teatreves-presenta-manana-en-civivox-iturrama-la-obra-la-entrevista-de-la-mano-de-la-compania-el-bucle-con-maiken-beitia-y-leire-ruiz\\\/#primaryimage\"},\"image\":{\"@id\":\"https:\\\/\\\/www.laguiadepamplona.com\\\/actualidad\\\/el-ciclo-municipal-teatreves-presenta-manana-en-civivox-iturrama-la-obra-la-entrevista-de-la-mano-de-la-compania-el-bucle-con-maiken-beitia-y-leire-ruiz\\\/#primaryimage\"},\"thumbnailUrl\":\"\",\"datePublished\":\"2015-02-18T12:30:45+00:00\",\"breadcrumb\":{\"@id\":\"https:\\\/\\\/www.laguiadepamplona.com\\\/actualidad\\\/el-ciclo-municipal-teatreves-presenta-manana-en-civivox-iturrama-la-obra-la-entrevista-de-la-mano-de-la-compania-el-bucle-con-maiken-beitia-y-leire-ruiz\\\/#breadcrumb\"},\"inLanguage\":\"es\",\"potentialAction\":[{\"@type\":\"ReadAction\",\"target\":[\"https:\\\/\\\/www.laguiadepamplona.com\\\/actualidad\\\/el-ciclo-municipal-teatreves-presenta-manana-en-civivox-iturrama-la-obra-la-entrevista-de-la-mano-de-la-compania-el-bucle-con-maiken-beitia-y-leire-ruiz\\\/\"]}]},{\"@type\":\"ImageObject\",\"inLanguage\":\"es\",\"@id\":\"https:\\\/\\\/www.laguiadepamplona.com\\\/actualidad\\\/el-ciclo-municipal-teatreves-presenta-manana-en-civivox-iturrama-la-obra-la-entrevista-de-la-mano-de-la-compania-el-bucle-con-maiken-beitia-y-leire-ruiz\\\/#primaryimage\",\"url\":\"\",\"contentUrl\":\"\"},{\"@type\":\"BreadcrumbList\",\"@id\":\"https:\\\/\\\/www.laguiadepamplona.com\\\/actualidad\\\/el-ciclo-municipal-teatreves-presenta-manana-en-civivox-iturrama-la-obra-la-entrevista-de-la-mano-de-la-compania-el-bucle-con-maiken-beitia-y-leire-ruiz\\\/#breadcrumb\",\"itemListElement\":[{\"@type\":\"ListItem\",\"position\":1,\"name\":\"Portada\",\"item\":\"https:\\\/\\\/www.laguiadepamplona.com\\\/actualidad\\\/\"},{\"@type\":\"ListItem\",\"position\":2,\"name\":\"El ciclo municipal \u2018Teatreves\u2019 presenta ma\u00f1ana en Civivox Iturrama la obra \u2018La entrevista\u2019 de la mano de la compa\u00f1\u00eda El Bucle, con Maiken Beitia y Leire Ruiz\"}]},{\"@type\":\"WebSite\",\"@id\":\"https:\\\/\\\/www.laguiadepamplona.com\\\/actualidad\\\/#website\",\"url\":\"https:\\\/\\\/www.laguiadepamplona.com\\\/actualidad\\\/\",\"name\":\"La gu\u00eda de Pamplona\",\"description\":\"Noticias de Pamplona\",\"publisher\":{\"@id\":\"https:\\\/\\\/www.laguiadepamplona.com\\\/actualidad\\\/#organization\"},\"potentialAction\":[{\"@type\":\"SearchAction\",\"target\":{\"@type\":\"EntryPoint\",\"urlTemplate\":\"https:\\\/\\\/www.laguiadepamplona.com\\\/actualidad\\\/?s={search_term_string}\"},\"query-input\":{\"@type\":\"PropertyValueSpecification\",\"valueRequired\":true,\"valueName\":\"search_term_string\"}}],\"inLanguage\":\"es\"},{\"@type\":\"Organization\",\"@id\":\"https:\\\/\\\/www.laguiadepamplona.com\\\/actualidad\\\/#organization\",\"name\":\"La Gu\u00eda de Pamplona \\\/ Noticias\",\"url\":\"https:\\\/\\\/www.laguiadepamplona.com\\\/actualidad\\\/\",\"logo\":{\"@type\":\"ImageObject\",\"inLanguage\":\"es\",\"@id\":\"https:\\\/\\\/www.laguiadepamplona.com\\\/actualidad\\\/#\\\/schema\\\/logo\\\/image\\\/\",\"url\":\"https:\\\/\\\/www.laguiadepamplona.com\\\/actualidad\\\/wp-content\\\/uploads\\\/2018\\\/11\\\/logo-laguiadepamplona18-web1.png\",\"contentUrl\":\"https:\\\/\\\/www.laguiadepamplona.com\\\/actualidad\\\/wp-content\\\/uploads\\\/2018\\\/11\\\/logo-laguiadepamplona18-web1.png\",\"width\":600,\"height\":196,\"caption\":\"La Gu\u00eda de Pamplona \\\/ Noticias\"},\"image\":{\"@id\":\"https:\\\/\\\/www.laguiadepamplona.com\\\/actualidad\\\/#\\\/schema\\\/logo\\\/image\\\/\"},\"sameAs\":[\"https:\\\/\\\/www.facebook.com\\\/laguiadepamplonacom-133175176762273\\\/?ref=hl\",\"https:\\\/\\\/x.com\\\/LaGuiadPamplona\",\"https:\\\/\\\/www.instagram.com\\\/la_guia_de_pamplona\\\/\",\"https:\\\/\\\/www.youtube.com\\\/user\\\/laguiadepamplona\"]},{\"@type\":\"Person\",\"@id\":\"https:\\\/\\\/www.laguiadepamplona.com\\\/actualidad\\\/#\\\/schema\\\/person\\\/efe887376f0213d4657c93adc50b1fdb\",\"name\":\"La Gu\u00eda de Pamplona\",\"image\":{\"@type\":\"ImageObject\",\"inLanguage\":\"es\",\"@id\":\"https:\\\/\\\/secure.gravatar.com\\\/avatar\\\/b6992f131dc8d30ab0dff15446e9d346d9dbd95992de0fef795073f5ea83a81c?s=96&d=mm&r=g\",\"url\":\"https:\\\/\\\/secure.gravatar.com\\\/avatar\\\/b6992f131dc8d30ab0dff15446e9d346d9dbd95992de0fef795073f5ea83a81c?s=96&d=mm&r=g\",\"contentUrl\":\"https:\\\/\\\/secure.gravatar.com\\\/avatar\\\/b6992f131dc8d30ab0dff15446e9d346d9dbd95992de0fef795073f5ea83a81c?s=96&d=mm&r=g\",\"caption\":\"La Gu\u00eda de Pamplona\"}}]}<\/script>\n<!-- \/ Yoast SEO plugin. -->","yoast_head_json":{"title":"El ciclo municipal \u2018Teatreves\u2019 presenta ma\u00f1ana en Civivox Iturrama la obra \u2018La entrevista\u2019 de la mano de la compa\u00f1\u00eda El Bucle, con Maiken Beitia y Leire Ruiz","robots":{"index":"index","follow":"follow","max-snippet":"max-snippet:-1","max-image-preview":"max-image-preview:large","max-video-preview":"max-video-preview:-1"},"canonical":"https:\/\/www.laguiadepamplona.com\/actualidad\/el-ciclo-municipal-teatreves-presenta-manana-en-civivox-iturrama-la-obra-la-entrevista-de-la-mano-de-la-compania-el-bucle-con-maiken-beitia-y-leire-ruiz\/","og_locale":"es_ES","og_type":"article","og_title":"El ciclo municipal \u2018Teatreves\u2019 presenta ma\u00f1ana en Civivox Iturrama la obra \u2018La entrevista\u2019 de la mano de la compa\u00f1\u00eda El Bucle, con Maiken Beitia y Leire Ruiz","og_description":"El espect\u00e1culo, tercero de la programaci\u00f3n, comenzar\u00e1 a las siete y media de la tarde y las entradas cuestan 6 euros Contin\u00faa ma\u00f1ana jueves en Civivox Iturrama el ciclo municipal...","og_url":"https:\/\/www.laguiadepamplona.com\/actualidad\/el-ciclo-municipal-teatreves-presenta-manana-en-civivox-iturrama-la-obra-la-entrevista-de-la-mano-de-la-compania-el-bucle-con-maiken-beitia-y-leire-ruiz\/","og_site_name":"La Gu\u00eda de Pamplona","article_publisher":"https:\/\/www.facebook.com\/laguiadepamplonacom-133175176762273\/?ref=hl","article_published_time":"2015-02-18T12:30:45+00:00","author":"La Gu\u00eda de Pamplona","twitter_card":"summary_large_image","twitter_creator":"@LaGuiadPamplona","twitter_site":"@LaGuiadPamplona","twitter_misc":{"Escrito por":"La Gu\u00eda de Pamplona","Tiempo de lectura":"2 minutos"},"schema":{"@context":"https:\/\/schema.org","@graph":[{"@type":"Article","@id":"https:\/\/www.laguiadepamplona.com\/actualidad\/el-ciclo-municipal-teatreves-presenta-manana-en-civivox-iturrama-la-obra-la-entrevista-de-la-mano-de-la-compania-el-bucle-con-maiken-beitia-y-leire-ruiz\/#article","isPartOf":{"@id":"https:\/\/www.laguiadepamplona.com\/actualidad\/el-ciclo-municipal-teatreves-presenta-manana-en-civivox-iturrama-la-obra-la-entrevista-de-la-mano-de-la-compania-el-bucle-con-maiken-beitia-y-leire-ruiz\/"},"author":{"name":"La Gu\u00eda de Pamplona","@id":"https:\/\/www.laguiadepamplona.com\/actualidad\/#\/schema\/person\/efe887376f0213d4657c93adc50b1fdb"},"headline":"El ciclo municipal \u2018Teatreves\u2019 presenta ma\u00f1ana en Civivox Iturrama la obra \u2018La entrevista\u2019 de la mano de la compa\u00f1\u00eda El Bucle, con Maiken Beitia y Leire Ruiz","datePublished":"2015-02-18T12:30:45+00:00","mainEntityOfPage":{"@id":"https:\/\/www.laguiadepamplona.com\/actualidad\/el-ciclo-municipal-teatreves-presenta-manana-en-civivox-iturrama-la-obra-la-entrevista-de-la-mano-de-la-compania-el-bucle-con-maiken-beitia-y-leire-ruiz\/"},"wordCount":479,"publisher":{"@id":"https:\/\/www.laguiadepamplona.com\/actualidad\/#organization"},"image":{"@id":"https:\/\/www.laguiadepamplona.com\/actualidad\/el-ciclo-municipal-teatreves-presenta-manana-en-civivox-iturrama-la-obra-la-entrevista-de-la-mano-de-la-compania-el-bucle-con-maiken-beitia-y-leire-ruiz\/#primaryimage"},"thumbnailUrl":"","keywords":["actualidad","ayto pamplona","Ayuntamiento de Pamplona","civivox iturrama","noticias","pamplona","tardes de teatro","Teatreves","\u2018La entrevista\u2019. El Bucle"],"articleSection":["Ayto Pamplona"],"inLanguage":"es"},{"@type":"WebPage","@id":"https:\/\/www.laguiadepamplona.com\/actualidad\/el-ciclo-municipal-teatreves-presenta-manana-en-civivox-iturrama-la-obra-la-entrevista-de-la-mano-de-la-compania-el-bucle-con-maiken-beitia-y-leire-ruiz\/","url":"https:\/\/www.laguiadepamplona.com\/actualidad\/el-ciclo-municipal-teatreves-presenta-manana-en-civivox-iturrama-la-obra-la-entrevista-de-la-mano-de-la-compania-el-bucle-con-maiken-beitia-y-leire-ruiz\/","name":"El ciclo municipal \u2018Teatreves\u2019 presenta ma\u00f1ana en Civivox Iturrama la obra \u2018La entrevista\u2019 de la mano de la compa\u00f1\u00eda El Bucle, con Maiken Beitia y Leire Ruiz","isPartOf":{"@id":"https:\/\/www.laguiadepamplona.com\/actualidad\/#website"},"primaryImageOfPage":{"@id":"https:\/\/www.laguiadepamplona.com\/actualidad\/el-ciclo-municipal-teatreves-presenta-manana-en-civivox-iturrama-la-obra-la-entrevista-de-la-mano-de-la-compania-el-bucle-con-maiken-beitia-y-leire-ruiz\/#primaryimage"},"image":{"@id":"https:\/\/www.laguiadepamplona.com\/actualidad\/el-ciclo-municipal-teatreves-presenta-manana-en-civivox-iturrama-la-obra-la-entrevista-de-la-mano-de-la-compania-el-bucle-con-maiken-beitia-y-leire-ruiz\/#primaryimage"},"thumbnailUrl":"","datePublished":"2015-02-18T12:30:45+00:00","breadcrumb":{"@id":"https:\/\/www.laguiadepamplona.com\/actualidad\/el-ciclo-municipal-teatreves-presenta-manana-en-civivox-iturrama-la-obra-la-entrevista-de-la-mano-de-la-compania-el-bucle-con-maiken-beitia-y-leire-ruiz\/#breadcrumb"},"inLanguage":"es","potentialAction":[{"@type":"ReadAction","target":["https:\/\/www.laguiadepamplona.com\/actualidad\/el-ciclo-municipal-teatreves-presenta-manana-en-civivox-iturrama-la-obra-la-entrevista-de-la-mano-de-la-compania-el-bucle-con-maiken-beitia-y-leire-ruiz\/"]}]},{"@type":"ImageObject","inLanguage":"es","@id":"https:\/\/www.laguiadepamplona.com\/actualidad\/el-ciclo-municipal-teatreves-presenta-manana-en-civivox-iturrama-la-obra-la-entrevista-de-la-mano-de-la-compania-el-bucle-con-maiken-beitia-y-leire-ruiz\/#primaryimage","url":"","contentUrl":""},{"@type":"BreadcrumbList","@id":"https:\/\/www.laguiadepamplona.com\/actualidad\/el-ciclo-municipal-teatreves-presenta-manana-en-civivox-iturrama-la-obra-la-entrevista-de-la-mano-de-la-compania-el-bucle-con-maiken-beitia-y-leire-ruiz\/#breadcrumb","itemListElement":[{"@type":"ListItem","position":1,"name":"Portada","item":"https:\/\/www.laguiadepamplona.com\/actualidad\/"},{"@type":"ListItem","position":2,"name":"El ciclo municipal \u2018Teatreves\u2019 presenta ma\u00f1ana en Civivox Iturrama la obra \u2018La entrevista\u2019 de la mano de la compa\u00f1\u00eda El Bucle, con Maiken Beitia y Leire Ruiz"}]},{"@type":"WebSite","@id":"https:\/\/www.laguiadepamplona.com\/actualidad\/#website","url":"https:\/\/www.laguiadepamplona.com\/actualidad\/","name":"La gu\u00eda de Pamplona","description":"Noticias de Pamplona","publisher":{"@id":"https:\/\/www.laguiadepamplona.com\/actualidad\/#organization"},"potentialAction":[{"@type":"SearchAction","target":{"@type":"EntryPoint","urlTemplate":"https:\/\/www.laguiadepamplona.com\/actualidad\/?s={search_term_string}"},"query-input":{"@type":"PropertyValueSpecification","valueRequired":true,"valueName":"search_term_string"}}],"inLanguage":"es"},{"@type":"Organization","@id":"https:\/\/www.laguiadepamplona.com\/actualidad\/#organization","name":"La Gu\u00eda de Pamplona \/ Noticias","url":"https:\/\/www.laguiadepamplona.com\/actualidad\/","logo":{"@type":"ImageObject","inLanguage":"es","@id":"https:\/\/www.laguiadepamplona.com\/actualidad\/#\/schema\/logo\/image\/","url":"https:\/\/www.laguiadepamplona.com\/actualidad\/wp-content\/uploads\/2018\/11\/logo-laguiadepamplona18-web1.png","contentUrl":"https:\/\/www.laguiadepamplona.com\/actualidad\/wp-content\/uploads\/2018\/11\/logo-laguiadepamplona18-web1.png","width":600,"height":196,"caption":"La Gu\u00eda de Pamplona \/ Noticias"},"image":{"@id":"https:\/\/www.laguiadepamplona.com\/actualidad\/#\/schema\/logo\/image\/"},"sameAs":["https:\/\/www.facebook.com\/laguiadepamplonacom-133175176762273\/?ref=hl","https:\/\/x.com\/LaGuiadPamplona","https:\/\/www.instagram.com\/la_guia_de_pamplona\/","https:\/\/www.youtube.com\/user\/laguiadepamplona"]},{"@type":"Person","@id":"https:\/\/www.laguiadepamplona.com\/actualidad\/#\/schema\/person\/efe887376f0213d4657c93adc50b1fdb","name":"La Gu\u00eda de Pamplona","image":{"@type":"ImageObject","inLanguage":"es","@id":"https:\/\/secure.gravatar.com\/avatar\/b6992f131dc8d30ab0dff15446e9d346d9dbd95992de0fef795073f5ea83a81c?s=96&d=mm&r=g","url":"https:\/\/secure.gravatar.com\/avatar\/b6992f131dc8d30ab0dff15446e9d346d9dbd95992de0fef795073f5ea83a81c?s=96&d=mm&r=g","contentUrl":"https:\/\/secure.gravatar.com\/avatar\/b6992f131dc8d30ab0dff15446e9d346d9dbd95992de0fef795073f5ea83a81c?s=96&d=mm&r=g","caption":"La Gu\u00eda de Pamplona"}}]}},"post_mailing_queue_ids":[],"_links":{"self":[{"href":"https:\/\/www.laguiadepamplona.com\/actualidad\/wp-json\/wp\/v2\/posts\/4809","targetHints":{"allow":["GET"]}}],"collection":[{"href":"https:\/\/www.laguiadepamplona.com\/actualidad\/wp-json\/wp\/v2\/posts"}],"about":[{"href":"https:\/\/www.laguiadepamplona.com\/actualidad\/wp-json\/wp\/v2\/types\/post"}],"author":[{"embeddable":true,"href":"https:\/\/www.laguiadepamplona.com\/actualidad\/wp-json\/wp\/v2\/users\/1"}],"replies":[{"embeddable":true,"href":"https:\/\/www.laguiadepamplona.com\/actualidad\/wp-json\/wp\/v2\/comments?post=4809"}],"version-history":[{"count":0,"href":"https:\/\/www.laguiadepamplona.com\/actualidad\/wp-json\/wp\/v2\/posts\/4809\/revisions"}],"wp:featuredmedia":[{"embeddable":true,"href":"https:\/\/www.laguiadepamplona.com\/actualidad\/wp-json\/"}],"wp:attachment":[{"href":"https:\/\/www.laguiadepamplona.com\/actualidad\/wp-json\/wp\/v2\/media?parent=4809"}],"wp:term":[{"taxonomy":"category","embeddable":true,"href":"https:\/\/www.laguiadepamplona.com\/actualidad\/wp-json\/wp\/v2\/categories?post=4809"},{"taxonomy":"post_tag","embeddable":true,"href":"https:\/\/www.laguiadepamplona.com\/actualidad\/wp-json\/wp\/v2\/tags?post=4809"}],"curies":[{"name":"wp","href":"https:\/\/api.w.org\/{rel}","templated":true}]}}