{"id":47900,"date":"2023-11-13T18:19:55","date_gmt":"2023-11-13T16:19:55","guid":{"rendered":"https:\/\/www.laguiadepamplona.com\/actualidad\/?p=47900"},"modified":"2023-11-13T18:19:55","modified_gmt":"2023-11-13T16:19:55","slug":"el-ayuntamiento-de-pamplona-programa-14-foros-de-barrio-desde-noviembre-hasta-marzo-para-recabar-la-opinion-de-la-ciudadania-sobre-la-situacion-de-su-vecindario","status":"publish","type":"post","link":"https:\/\/www.laguiadepamplona.com\/actualidad\/el-ayuntamiento-de-pamplona-programa-14-foros-de-barrio-desde-noviembre-hasta-marzo-para-recabar-la-opinion-de-la-ciudadania-sobre-la-situacion-de-su-vecindario\/","title":{"rendered":"El Ayuntamiento de Pamplona programa 14 foros de barrio desde noviembre hasta marzo para recabar la opini\u00f3n de la ciudadan\u00eda sobre la situaci\u00f3n de su vecindario"},"content":{"rendered":"<h3>Las reuniones contar\u00e1n con la presencia de la alcaldesa Ibarrola y el concejal o concejala de barrio correspondiente, adem\u00e1s de personal t\u00e9cnico<\/h3>\n<p><!--more--><\/p>\n<p>De noviembre a finales de marzo, el Ayuntamiento de Pamplona se reunir\u00e1 con el vecindario de toda la ciudad, a trav\u00e9s de los ya tradicionales foros de barrio. Estos encuentros permiten a la ciudadan\u00eda trasladar al Consistorio su opini\u00f3n, sus sugerencias y sus demandas. Pero, adem\u00e1s, este espacio sirve para ofrecer a la poblaci\u00f3n informaci\u00f3n en primera persona sobre proyectos e iniciativas municipales pensadas para cada barrio.\u00a0 En estos cinco pr\u00f3ximos meses, se llevar\u00e1n a cabo los 14 foros de barrio existentes, en la que ser\u00e1 la primera ronda de contactos directamente con la ciudadan\u00eda, en la que participar\u00e1n la alcaldesa Cristina Ibarrola, el concejal o concejala de barrio asignado para cada zona y personal t\u00e9cnico municipal.<br \/>\n<script async src=\"\/\/pagead2.googlesyndication.com\/pagead\/js\/adsbygoogle.js\"><\/script><br \/>\n<!-- Noticias La Guia de Pamplona --><br \/>\n<ins class=\"adsbygoogle\"\nstyle=\"display:block\"\ndata-ad-client=\"ca-pub-6943679897239327\"\ndata-ad-slot=\"7048180777\"\ndata-ad-format=\"auto\"><\/ins><br \/>\n<script>\n(adsbygoogle = window.adsbygoogle || []).push({});\n<\/script><\/p>\n<p>El primer foro se realizar\u00e1 en Erripaga\u00f1a-Beloso-Bidezar esta pr\u00f3xima semana, el d\u00eda 21. Y, el diciembre, el d\u00eda 19, ser\u00e1 el turno de los Ensanches. Tras las fiestas navide\u00f1as se retomar\u00e1n las reuniones, a raz\u00f3n de una por semana, que se llevar\u00e1n a cabo preferentemente los martes en espacios p\u00fablicos como los Civivox, los centros comunitarios o colegios p\u00fablicos de los barrios. Los foros de barrio tendr\u00e1n entrada libre hasta completar aforo. En ellos podr\u00e1n participar tanto los vecinos y vecinas como asociaciones, entidades u otras personas de la ciudad. Las reuniones se celebrar\u00e1n siempre en el mismo horario, de 18.30 a 20.30 horas. Para quienes no puedan acudir presencialmente, la sesi\u00f3n ser\u00e1 accesible online a trav\u00e9s del canal municipal de YouTube del \u00e1rea de relaciones Ciudadanas, Participaci\u00f3n y Mayores. Para fomentar la conversaci\u00f3n en redes sociales se establecer\u00e1n hashtag de cobertura y cabr\u00e1 la posibilidad de presentar preguntas a distancia. No obstante, durante la jornada se dar\u00e1 prioridad a las preguntas planteadas previamente. En este sentido, la ciudadan\u00eda podr\u00e1 presentar sus cuestiones hasta el jueves anterior a cada foro, a trav\u00e9s del correo electr\u00f3nico <a href=\"mailto:participacionciudadana@pamplona.es\">participacionciudadana@pamplona.es<\/a>. De esta forma, los responsables municipales podr\u00e1n recabar toda la informaci\u00f3n disponible para presentarla en el encuentro de barrio.<\/p>\n<p>Cada barrio de la ciudad tiene asignado un concejal de referencia, a quien podr\u00e1n dirigirse para trasladarle sus consultas o propuestas. Ese concejal ser\u00e1 quien dirija cada una de las reuniones, puesto que es el primer contacto entre el vecindario y el Ayuntamiento. Las personas y asociaciones interesadas pueden contactar con ellos a trav\u00e9s del correo electr\u00f3nico y del tel\u00e9fono, tal y como se recoge en la <a href=\"https:\/\/www.pamplona.es\/ayuntamiento\/varios\/concejales-de-barrio-del-ayuntamiento-de-pamplona\" target=\"_blank\" rel=\"noopener\">web municipal<\/a>.<br \/>\n<script async src=\"\/\/pagead2.googlesyndication.com\/pagead\/js\/adsbygoogle.js\"><\/script><br \/>\n<!-- Noticias La Guia de Pamplona --><br \/>\n<ins class=\"adsbygoogle\"\nstyle=\"display:block\"\ndata-ad-client=\"ca-pub-6943679897239327\"\ndata-ad-slot=\"7048180777\"\ndata-ad-format=\"auto\"><\/ins><br \/>\n<script>\n(adsbygoogle = window.adsbygoogle || []).push({});\n<\/script><\/p>\n<p>&nbsp;<\/p>\n<h3>Calendario de los Foros de Barrio. Horario de 18.30 a 20.30 horas<\/h3>\n<ul>\n<li>21 de noviembre. <strong>Erripaga\u00f1a-Beloso-Bidezar<\/strong>\n<ul>\n<li>Concejala de barrio: Clara Garc\u00eda-Vali\u00f1o<\/li>\n<\/ul>\n<\/li>\n<li>19 de diciembre. <strong>Ensanches<\/strong>\n<ul>\n<li>Concejal de barrio: Carlos Salvador<\/li>\n<\/ul>\n<\/li>\n<li>9 de enero. <strong>Iturrama<\/strong>\n<ul>\n<li>Concejal de barrio: Ra\u00fal Armend\u00e1riz<\/li>\n<\/ul>\n<\/li>\n<li>16 de enero. <strong>Mendillorri<\/strong>\n<ul>\n<li>Concejala de barrio: Clara Garc\u00eda-Vali\u00f1o<\/li>\n<\/ul>\n<\/li>\n<li>25 de enero. <strong>Milagrosa-Azpilaga\u00f1a<\/strong>\n<ul>\n<li>Concejala de barrio: Mar\u00eda Caballero<\/li>\n<\/ul>\n<\/li>\n<li>30 de enero. <strong>San Jorge<\/strong>\n<ul>\n<li>Concejala de barrio: Mar\u00eda Ech\u00e1varri<\/li>\n<\/ul>\n<\/li>\n<li>6 de febrero. <strong>San Juan<\/strong>\n<ul>\n<li>Concejal de barrio: Aitor Silgado<\/li>\n<\/ul>\n<\/li>\n<li>15 de febrero. <strong>Santa Mar\u00eda La Real-Lezkairu<\/strong>\n<ul>\n<li>Concejala de barrio: Mar\u00eda Caballero<\/li>\n<\/ul>\n<\/li>\n<li>20 de febrero. <strong>Txantrea<\/strong>\n<ul>\n<li>Concejal de barrio: Javier Labairu<\/li>\n<\/ul>\n<\/li>\n<li>27 de febrero. <strong>Buztintxuri<\/strong>\n<ul>\n<li>Concejala de barrio: Mar\u00eda Ech\u00e1varri<\/li>\n<\/ul>\n<\/li>\n<li>5 de marzo. <strong>Casco Viejo<\/strong>\n<ul>\n<li>Concejal de barrio: Aitor Silgado<\/li>\n<\/ul>\n<\/li>\n<li>12 de marzo. <strong>Etxabakoitz<\/strong>.\n<ul>\n<li>Concejala de barrio: Izaskun Zozaya<\/li>\n<\/ul>\n<\/li>\n<li>19 de marzo. <strong>Rochapea<\/strong>\n<ul>\n<li>Concejal de barrio: Javier Labairu<\/li>\n<\/ul>\n<\/li>\n<li>26 de marzo. <strong>Ermitaga\u00f1a-Mendebaldea<\/strong>\n<ul>\n<li>Concejala de barrio: Izaskun Zozaya<\/li>\n<\/ul>\n<\/li>\n<\/ul>\n","protected":false},"excerpt":{"rendered":"<p>Las reuniones contar\u00e1n con la presencia de la alcaldesa Ibarrola y el concejal o concejala de barrio correspondiente, adem\u00e1s de personal t\u00e9cnico<\/p>\n","protected":false},"author":1,"featured_media":47901,"comment_status":"open","ping_status":"closed","sticky":false,"template":"","format":"standard","meta":{"footnotes":""},"categories":[2],"tags":[],"class_list":["post-47900","post","type-post","status-publish","format-standard","has-post-thumbnail","hentry","category-ayuntamiento-pamplona"],"yoast_head":"<!-- This site is optimized with the Yoast SEO plugin v27.3 - https:\/\/yoast.com\/product\/yoast-seo-wordpress\/ -->\n<title>El Ayuntamiento de Pamplona programa 14 foros de barrio desde noviembre hasta marzo para recabar la opini\u00f3n de la ciudadan\u00eda sobre la situaci\u00f3n de su vecindario<\/title>\n<meta name=\"description\" content=\"Las reuniones contar\u00e1n con la presencia de la alcaldesa Ibarrola y el concejal o concejala de barrio correspondiente, adem\u00e1s de personal t\u00e9cnico\" \/>\n<meta name=\"robots\" content=\"index, follow, max-snippet:-1, max-image-preview:large, max-video-preview:-1\" \/>\n<link rel=\"canonical\" href=\"https:\/\/www.laguiadepamplona.com\/actualidad\/el-ayuntamiento-de-pamplona-programa-14-foros-de-barrio-desde-noviembre-hasta-marzo-para-recabar-la-opinion-de-la-ciudadania-sobre-la-situacion-de-su-vecindario\/\" \/>\n<meta property=\"og:locale\" content=\"es_ES\" \/>\n<meta property=\"og:type\" content=\"article\" \/>\n<meta property=\"og:title\" content=\"El Ayuntamiento de Pamplona programa 14 foros de barrio desde noviembre hasta marzo para recabar la opini\u00f3n de la ciudadan\u00eda sobre la situaci\u00f3n de su vecindario\" \/>\n<meta property=\"og:description\" content=\"Las reuniones contar\u00e1n con la presencia de la alcaldesa Ibarrola y el concejal o concejala de barrio correspondiente, adem\u00e1s de personal t\u00e9cnico\" \/>\n<meta property=\"og:url\" content=\"https:\/\/www.laguiadepamplona.com\/actualidad\/el-ayuntamiento-de-pamplona-programa-14-foros-de-barrio-desde-noviembre-hasta-marzo-para-recabar-la-opinion-de-la-ciudadania-sobre-la-situacion-de-su-vecindario\/\" \/>\n<meta property=\"og:site_name\" content=\"La Gu\u00eda de Pamplona\" \/>\n<meta property=\"article:publisher\" content=\"https:\/\/www.facebook.com\/laguiadepamplonacom-133175176762273\/?ref=hl\" \/>\n<meta property=\"article:published_time\" content=\"2023-11-13T16:19:55+00:00\" \/>\n<meta property=\"og:image\" content=\"https:\/\/www.laguiadepamplona.com\/actualidad\/wp-content\/uploads\/2023\/11\/FORO-DE-BARRIO.webp\" \/>\n\t<meta property=\"og:image:width\" content=\"1200\" \/>\n\t<meta property=\"og:image:height\" content=\"800\" \/>\n\t<meta property=\"og:image:type\" content=\"image\/webp\" \/>\n<meta name=\"author\" content=\"La Gu\u00eda de Pamplona\" \/>\n<meta name=\"twitter:card\" content=\"summary_large_image\" \/>\n<meta name=\"twitter:creator\" content=\"@LaGuiadPamplona\" \/>\n<meta name=\"twitter:site\" content=\"@LaGuiadPamplona\" \/>\n<meta name=\"twitter:label1\" content=\"Escrito por\" \/>\n\t<meta name=\"twitter:data1\" content=\"La Gu\u00eda de Pamplona\" \/>\n\t<meta name=\"twitter:label2\" content=\"Tiempo de lectura\" \/>\n\t<meta name=\"twitter:data2\" content=\"3 minutos\" \/>\n<script type=\"application\/ld+json\" class=\"yoast-schema-graph\">{\"@context\":\"https:\\\/\\\/schema.org\",\"@graph\":[{\"@type\":\"Article\",\"@id\":\"https:\\\/\\\/www.laguiadepamplona.com\\\/actualidad\\\/el-ayuntamiento-de-pamplona-programa-14-foros-de-barrio-desde-noviembre-hasta-marzo-para-recabar-la-opinion-de-la-ciudadania-sobre-la-situacion-de-su-vecindario\\\/#article\",\"isPartOf\":{\"@id\":\"https:\\\/\\\/www.laguiadepamplona.com\\\/actualidad\\\/el-ayuntamiento-de-pamplona-programa-14-foros-de-barrio-desde-noviembre-hasta-marzo-para-recabar-la-opinion-de-la-ciudadania-sobre-la-situacion-de-su-vecindario\\\/\"},\"author\":{\"name\":\"La Gu\u00eda de Pamplona\",\"@id\":\"https:\\\/\\\/www.laguiadepamplona.com\\\/actualidad\\\/#\\\/schema\\\/person\\\/efe887376f0213d4657c93adc50b1fdb\"},\"headline\":\"El Ayuntamiento de Pamplona programa 14 foros de barrio desde noviembre hasta marzo para recabar la opini\u00f3n de la ciudadan\u00eda sobre la situaci\u00f3n de su vecindario\",\"datePublished\":\"2023-11-13T16:19:55+00:00\",\"mainEntityOfPage\":{\"@id\":\"https:\\\/\\\/www.laguiadepamplona.com\\\/actualidad\\\/el-ayuntamiento-de-pamplona-programa-14-foros-de-barrio-desde-noviembre-hasta-marzo-para-recabar-la-opinion-de-la-ciudadania-sobre-la-situacion-de-su-vecindario\\\/\"},\"wordCount\":624,\"commentCount\":0,\"publisher\":{\"@id\":\"https:\\\/\\\/www.laguiadepamplona.com\\\/actualidad\\\/#organization\"},\"image\":{\"@id\":\"https:\\\/\\\/www.laguiadepamplona.com\\\/actualidad\\\/el-ayuntamiento-de-pamplona-programa-14-foros-de-barrio-desde-noviembre-hasta-marzo-para-recabar-la-opinion-de-la-ciudadania-sobre-la-situacion-de-su-vecindario\\\/#primaryimage\"},\"thumbnailUrl\":\"https:\\\/\\\/www.laguiadepamplona.com\\\/actualidad\\\/wp-content\\\/uploads\\\/2023\\\/11\\\/FORO-DE-BARRIO.webp\",\"articleSection\":[\"Ayto Pamplona\"],\"inLanguage\":\"es\",\"potentialAction\":[{\"@type\":\"CommentAction\",\"name\":\"Comment\",\"target\":[\"https:\\\/\\\/www.laguiadepamplona.com\\\/actualidad\\\/el-ayuntamiento-de-pamplona-programa-14-foros-de-barrio-desde-noviembre-hasta-marzo-para-recabar-la-opinion-de-la-ciudadania-sobre-la-situacion-de-su-vecindario\\\/#respond\"]}]},{\"@type\":\"WebPage\",\"@id\":\"https:\\\/\\\/www.laguiadepamplona.com\\\/actualidad\\\/el-ayuntamiento-de-pamplona-programa-14-foros-de-barrio-desde-noviembre-hasta-marzo-para-recabar-la-opinion-de-la-ciudadania-sobre-la-situacion-de-su-vecindario\\\/\",\"url\":\"https:\\\/\\\/www.laguiadepamplona.com\\\/actualidad\\\/el-ayuntamiento-de-pamplona-programa-14-foros-de-barrio-desde-noviembre-hasta-marzo-para-recabar-la-opinion-de-la-ciudadania-sobre-la-situacion-de-su-vecindario\\\/\",\"name\":\"El Ayuntamiento de Pamplona programa 14 foros de barrio desde noviembre hasta marzo para recabar la opini\u00f3n de la ciudadan\u00eda sobre la situaci\u00f3n de su vecindario\",\"isPartOf\":{\"@id\":\"https:\\\/\\\/www.laguiadepamplona.com\\\/actualidad\\\/#website\"},\"primaryImageOfPage\":{\"@id\":\"https:\\\/\\\/www.laguiadepamplona.com\\\/actualidad\\\/el-ayuntamiento-de-pamplona-programa-14-foros-de-barrio-desde-noviembre-hasta-marzo-para-recabar-la-opinion-de-la-ciudadania-sobre-la-situacion-de-su-vecindario\\\/#primaryimage\"},\"image\":{\"@id\":\"https:\\\/\\\/www.laguiadepamplona.com\\\/actualidad\\\/el-ayuntamiento-de-pamplona-programa-14-foros-de-barrio-desde-noviembre-hasta-marzo-para-recabar-la-opinion-de-la-ciudadania-sobre-la-situacion-de-su-vecindario\\\/#primaryimage\"},\"thumbnailUrl\":\"https:\\\/\\\/www.laguiadepamplona.com\\\/actualidad\\\/wp-content\\\/uploads\\\/2023\\\/11\\\/FORO-DE-BARRIO.webp\",\"datePublished\":\"2023-11-13T16:19:55+00:00\",\"description\":\"Las reuniones contar\u00e1n con la presencia de la alcaldesa Ibarrola y el concejal o concejala de barrio correspondiente, adem\u00e1s de personal t\u00e9cnico\",\"breadcrumb\":{\"@id\":\"https:\\\/\\\/www.laguiadepamplona.com\\\/actualidad\\\/el-ayuntamiento-de-pamplona-programa-14-foros-de-barrio-desde-noviembre-hasta-marzo-para-recabar-la-opinion-de-la-ciudadania-sobre-la-situacion-de-su-vecindario\\\/#breadcrumb\"},\"inLanguage\":\"es\",\"potentialAction\":[{\"@type\":\"ReadAction\",\"target\":[\"https:\\\/\\\/www.laguiadepamplona.com\\\/actualidad\\\/el-ayuntamiento-de-pamplona-programa-14-foros-de-barrio-desde-noviembre-hasta-marzo-para-recabar-la-opinion-de-la-ciudadania-sobre-la-situacion-de-su-vecindario\\\/\"]}]},{\"@type\":\"ImageObject\",\"inLanguage\":\"es\",\"@id\":\"https:\\\/\\\/www.laguiadepamplona.com\\\/actualidad\\\/el-ayuntamiento-de-pamplona-programa-14-foros-de-barrio-desde-noviembre-hasta-marzo-para-recabar-la-opinion-de-la-ciudadania-sobre-la-situacion-de-su-vecindario\\\/#primaryimage\",\"url\":\"https:\\\/\\\/www.laguiadepamplona.com\\\/actualidad\\\/wp-content\\\/uploads\\\/2023\\\/11\\\/FORO-DE-BARRIO.webp\",\"contentUrl\":\"https:\\\/\\\/www.laguiadepamplona.com\\\/actualidad\\\/wp-content\\\/uploads\\\/2023\\\/11\\\/FORO-DE-BARRIO.webp\",\"width\":1200,\"height\":800,\"caption\":\"foro de barrio\"},{\"@type\":\"BreadcrumbList\",\"@id\":\"https:\\\/\\\/www.laguiadepamplona.com\\\/actualidad\\\/el-ayuntamiento-de-pamplona-programa-14-foros-de-barrio-desde-noviembre-hasta-marzo-para-recabar-la-opinion-de-la-ciudadania-sobre-la-situacion-de-su-vecindario\\\/#breadcrumb\",\"itemListElement\":[{\"@type\":\"ListItem\",\"position\":1,\"name\":\"Portada\",\"item\":\"https:\\\/\\\/www.laguiadepamplona.com\\\/actualidad\\\/\"},{\"@type\":\"ListItem\",\"position\":2,\"name\":\"El Ayuntamiento de Pamplona programa 14 foros de barrio desde noviembre hasta marzo para recabar la opini\u00f3n de la ciudadan\u00eda sobre la situaci\u00f3n de su vecindario\"}]},{\"@type\":\"WebSite\",\"@id\":\"https:\\\/\\\/www.laguiadepamplona.com\\\/actualidad\\\/#website\",\"url\":\"https:\\\/\\\/www.laguiadepamplona.com\\\/actualidad\\\/\",\"name\":\"La gu\u00eda de Pamplona\",\"description\":\"Noticias de Pamplona\",\"publisher\":{\"@id\":\"https:\\\/\\\/www.laguiadepamplona.com\\\/actualidad\\\/#organization\"},\"potentialAction\":[{\"@type\":\"SearchAction\",\"target\":{\"@type\":\"EntryPoint\",\"urlTemplate\":\"https:\\\/\\\/www.laguiadepamplona.com\\\/actualidad\\\/?s={search_term_string}\"},\"query-input\":{\"@type\":\"PropertyValueSpecification\",\"valueRequired\":true,\"valueName\":\"search_term_string\"}}],\"inLanguage\":\"es\"},{\"@type\":\"Organization\",\"@id\":\"https:\\\/\\\/www.laguiadepamplona.com\\\/actualidad\\\/#organization\",\"name\":\"La Gu\u00eda de Pamplona \\\/ Noticias\",\"url\":\"https:\\\/\\\/www.laguiadepamplona.com\\\/actualidad\\\/\",\"logo\":{\"@type\":\"ImageObject\",\"inLanguage\":\"es\",\"@id\":\"https:\\\/\\\/www.laguiadepamplona.com\\\/actualidad\\\/#\\\/schema\\\/logo\\\/image\\\/\",\"url\":\"https:\\\/\\\/www.laguiadepamplona.com\\\/actualidad\\\/wp-content\\\/uploads\\\/2018\\\/11\\\/logo-laguiadepamplona18-web1.png\",\"contentUrl\":\"https:\\\/\\\/www.laguiadepamplona.com\\\/actualidad\\\/wp-content\\\/uploads\\\/2018\\\/11\\\/logo-laguiadepamplona18-web1.png\",\"width\":600,\"height\":196,\"caption\":\"La Gu\u00eda de Pamplona \\\/ Noticias\"},\"image\":{\"@id\":\"https:\\\/\\\/www.laguiadepamplona.com\\\/actualidad\\\/#\\\/schema\\\/logo\\\/image\\\/\"},\"sameAs\":[\"https:\\\/\\\/www.facebook.com\\\/laguiadepamplonacom-133175176762273\\\/?ref=hl\",\"https:\\\/\\\/x.com\\\/LaGuiadPamplona\",\"https:\\\/\\\/www.instagram.com\\\/la_guia_de_pamplona\\\/\",\"https:\\\/\\\/www.youtube.com\\\/user\\\/laguiadepamplona\"]},{\"@type\":\"Person\",\"@id\":\"https:\\\/\\\/www.laguiadepamplona.com\\\/actualidad\\\/#\\\/schema\\\/person\\\/efe887376f0213d4657c93adc50b1fdb\",\"name\":\"La Gu\u00eda de Pamplona\",\"image\":{\"@type\":\"ImageObject\",\"inLanguage\":\"es\",\"@id\":\"https:\\\/\\\/secure.gravatar.com\\\/avatar\\\/b6992f131dc8d30ab0dff15446e9d346d9dbd95992de0fef795073f5ea83a81c?s=96&d=mm&r=g\",\"url\":\"https:\\\/\\\/secure.gravatar.com\\\/avatar\\\/b6992f131dc8d30ab0dff15446e9d346d9dbd95992de0fef795073f5ea83a81c?s=96&d=mm&r=g\",\"contentUrl\":\"https:\\\/\\\/secure.gravatar.com\\\/avatar\\\/b6992f131dc8d30ab0dff15446e9d346d9dbd95992de0fef795073f5ea83a81c?s=96&d=mm&r=g\",\"caption\":\"La Gu\u00eda de Pamplona\"}}]}<\/script>\n<!-- \/ Yoast SEO plugin. -->","yoast_head_json":{"title":"El Ayuntamiento de Pamplona programa 14 foros de barrio desde noviembre hasta marzo para recabar la opini\u00f3n de la ciudadan\u00eda sobre la situaci\u00f3n de su vecindario","description":"Las reuniones contar\u00e1n con la presencia de la alcaldesa Ibarrola y el concejal o concejala de barrio correspondiente, adem\u00e1s de personal t\u00e9cnico","robots":{"index":"index","follow":"follow","max-snippet":"max-snippet:-1","max-image-preview":"max-image-preview:large","max-video-preview":"max-video-preview:-1"},"canonical":"https:\/\/www.laguiadepamplona.com\/actualidad\/el-ayuntamiento-de-pamplona-programa-14-foros-de-barrio-desde-noviembre-hasta-marzo-para-recabar-la-opinion-de-la-ciudadania-sobre-la-situacion-de-su-vecindario\/","og_locale":"es_ES","og_type":"article","og_title":"El Ayuntamiento de Pamplona programa 14 foros de barrio desde noviembre hasta marzo para recabar la opini\u00f3n de la ciudadan\u00eda sobre la situaci\u00f3n de su vecindario","og_description":"Las reuniones contar\u00e1n con la presencia de la alcaldesa Ibarrola y el concejal o concejala de barrio correspondiente, adem\u00e1s de personal t\u00e9cnico","og_url":"https:\/\/www.laguiadepamplona.com\/actualidad\/el-ayuntamiento-de-pamplona-programa-14-foros-de-barrio-desde-noviembre-hasta-marzo-para-recabar-la-opinion-de-la-ciudadania-sobre-la-situacion-de-su-vecindario\/","og_site_name":"La Gu\u00eda de Pamplona","article_publisher":"https:\/\/www.facebook.com\/laguiadepamplonacom-133175176762273\/?ref=hl","article_published_time":"2023-11-13T16:19:55+00:00","og_image":[{"width":1200,"height":800,"url":"https:\/\/www.laguiadepamplona.com\/actualidad\/wp-content\/uploads\/2023\/11\/FORO-DE-BARRIO.webp","type":"image\/webp"}],"author":"La Gu\u00eda de Pamplona","twitter_card":"summary_large_image","twitter_creator":"@LaGuiadPamplona","twitter_site":"@LaGuiadPamplona","twitter_misc":{"Escrito por":"La Gu\u00eda de Pamplona","Tiempo de lectura":"3 minutos"},"schema":{"@context":"https:\/\/schema.org","@graph":[{"@type":"Article","@id":"https:\/\/www.laguiadepamplona.com\/actualidad\/el-ayuntamiento-de-pamplona-programa-14-foros-de-barrio-desde-noviembre-hasta-marzo-para-recabar-la-opinion-de-la-ciudadania-sobre-la-situacion-de-su-vecindario\/#article","isPartOf":{"@id":"https:\/\/www.laguiadepamplona.com\/actualidad\/el-ayuntamiento-de-pamplona-programa-14-foros-de-barrio-desde-noviembre-hasta-marzo-para-recabar-la-opinion-de-la-ciudadania-sobre-la-situacion-de-su-vecindario\/"},"author":{"name":"La Gu\u00eda de Pamplona","@id":"https:\/\/www.laguiadepamplona.com\/actualidad\/#\/schema\/person\/efe887376f0213d4657c93adc50b1fdb"},"headline":"El Ayuntamiento de Pamplona programa 14 foros de barrio desde noviembre hasta marzo para recabar la opini\u00f3n de la ciudadan\u00eda sobre la situaci\u00f3n de su vecindario","datePublished":"2023-11-13T16:19:55+00:00","mainEntityOfPage":{"@id":"https:\/\/www.laguiadepamplona.com\/actualidad\/el-ayuntamiento-de-pamplona-programa-14-foros-de-barrio-desde-noviembre-hasta-marzo-para-recabar-la-opinion-de-la-ciudadania-sobre-la-situacion-de-su-vecindario\/"},"wordCount":624,"commentCount":0,"publisher":{"@id":"https:\/\/www.laguiadepamplona.com\/actualidad\/#organization"},"image":{"@id":"https:\/\/www.laguiadepamplona.com\/actualidad\/el-ayuntamiento-de-pamplona-programa-14-foros-de-barrio-desde-noviembre-hasta-marzo-para-recabar-la-opinion-de-la-ciudadania-sobre-la-situacion-de-su-vecindario\/#primaryimage"},"thumbnailUrl":"https:\/\/www.laguiadepamplona.com\/actualidad\/wp-content\/uploads\/2023\/11\/FORO-DE-BARRIO.webp","articleSection":["Ayto Pamplona"],"inLanguage":"es","potentialAction":[{"@type":"CommentAction","name":"Comment","target":["https:\/\/www.laguiadepamplona.com\/actualidad\/el-ayuntamiento-de-pamplona-programa-14-foros-de-barrio-desde-noviembre-hasta-marzo-para-recabar-la-opinion-de-la-ciudadania-sobre-la-situacion-de-su-vecindario\/#respond"]}]},{"@type":"WebPage","@id":"https:\/\/www.laguiadepamplona.com\/actualidad\/el-ayuntamiento-de-pamplona-programa-14-foros-de-barrio-desde-noviembre-hasta-marzo-para-recabar-la-opinion-de-la-ciudadania-sobre-la-situacion-de-su-vecindario\/","url":"https:\/\/www.laguiadepamplona.com\/actualidad\/el-ayuntamiento-de-pamplona-programa-14-foros-de-barrio-desde-noviembre-hasta-marzo-para-recabar-la-opinion-de-la-ciudadania-sobre-la-situacion-de-su-vecindario\/","name":"El Ayuntamiento de Pamplona programa 14 foros de barrio desde noviembre hasta marzo para recabar la opini\u00f3n de la ciudadan\u00eda sobre la situaci\u00f3n de su vecindario","isPartOf":{"@id":"https:\/\/www.laguiadepamplona.com\/actualidad\/#website"},"primaryImageOfPage":{"@id":"https:\/\/www.laguiadepamplona.com\/actualidad\/el-ayuntamiento-de-pamplona-programa-14-foros-de-barrio-desde-noviembre-hasta-marzo-para-recabar-la-opinion-de-la-ciudadania-sobre-la-situacion-de-su-vecindario\/#primaryimage"},"image":{"@id":"https:\/\/www.laguiadepamplona.com\/actualidad\/el-ayuntamiento-de-pamplona-programa-14-foros-de-barrio-desde-noviembre-hasta-marzo-para-recabar-la-opinion-de-la-ciudadania-sobre-la-situacion-de-su-vecindario\/#primaryimage"},"thumbnailUrl":"https:\/\/www.laguiadepamplona.com\/actualidad\/wp-content\/uploads\/2023\/11\/FORO-DE-BARRIO.webp","datePublished":"2023-11-13T16:19:55+00:00","description":"Las reuniones contar\u00e1n con la presencia de la alcaldesa Ibarrola y el concejal o concejala de barrio correspondiente, adem\u00e1s de personal t\u00e9cnico","breadcrumb":{"@id":"https:\/\/www.laguiadepamplona.com\/actualidad\/el-ayuntamiento-de-pamplona-programa-14-foros-de-barrio-desde-noviembre-hasta-marzo-para-recabar-la-opinion-de-la-ciudadania-sobre-la-situacion-de-su-vecindario\/#breadcrumb"},"inLanguage":"es","potentialAction":[{"@type":"ReadAction","target":["https:\/\/www.laguiadepamplona.com\/actualidad\/el-ayuntamiento-de-pamplona-programa-14-foros-de-barrio-desde-noviembre-hasta-marzo-para-recabar-la-opinion-de-la-ciudadania-sobre-la-situacion-de-su-vecindario\/"]}]},{"@type":"ImageObject","inLanguage":"es","@id":"https:\/\/www.laguiadepamplona.com\/actualidad\/el-ayuntamiento-de-pamplona-programa-14-foros-de-barrio-desde-noviembre-hasta-marzo-para-recabar-la-opinion-de-la-ciudadania-sobre-la-situacion-de-su-vecindario\/#primaryimage","url":"https:\/\/www.laguiadepamplona.com\/actualidad\/wp-content\/uploads\/2023\/11\/FORO-DE-BARRIO.webp","contentUrl":"https:\/\/www.laguiadepamplona.com\/actualidad\/wp-content\/uploads\/2023\/11\/FORO-DE-BARRIO.webp","width":1200,"height":800,"caption":"foro de barrio"},{"@type":"BreadcrumbList","@id":"https:\/\/www.laguiadepamplona.com\/actualidad\/el-ayuntamiento-de-pamplona-programa-14-foros-de-barrio-desde-noviembre-hasta-marzo-para-recabar-la-opinion-de-la-ciudadania-sobre-la-situacion-de-su-vecindario\/#breadcrumb","itemListElement":[{"@type":"ListItem","position":1,"name":"Portada","item":"https:\/\/www.laguiadepamplona.com\/actualidad\/"},{"@type":"ListItem","position":2,"name":"El Ayuntamiento de Pamplona programa 14 foros de barrio desde noviembre hasta marzo para recabar la opini\u00f3n de la ciudadan\u00eda sobre la situaci\u00f3n de su vecindario"}]},{"@type":"WebSite","@id":"https:\/\/www.laguiadepamplona.com\/actualidad\/#website","url":"https:\/\/www.laguiadepamplona.com\/actualidad\/","name":"La gu\u00eda de Pamplona","description":"Noticias de Pamplona","publisher":{"@id":"https:\/\/www.laguiadepamplona.com\/actualidad\/#organization"},"potentialAction":[{"@type":"SearchAction","target":{"@type":"EntryPoint","urlTemplate":"https:\/\/www.laguiadepamplona.com\/actualidad\/?s={search_term_string}"},"query-input":{"@type":"PropertyValueSpecification","valueRequired":true,"valueName":"search_term_string"}}],"inLanguage":"es"},{"@type":"Organization","@id":"https:\/\/www.laguiadepamplona.com\/actualidad\/#organization","name":"La Gu\u00eda de Pamplona \/ Noticias","url":"https:\/\/www.laguiadepamplona.com\/actualidad\/","logo":{"@type":"ImageObject","inLanguage":"es","@id":"https:\/\/www.laguiadepamplona.com\/actualidad\/#\/schema\/logo\/image\/","url":"https:\/\/www.laguiadepamplona.com\/actualidad\/wp-content\/uploads\/2018\/11\/logo-laguiadepamplona18-web1.png","contentUrl":"https:\/\/www.laguiadepamplona.com\/actualidad\/wp-content\/uploads\/2018\/11\/logo-laguiadepamplona18-web1.png","width":600,"height":196,"caption":"La Gu\u00eda de Pamplona \/ Noticias"},"image":{"@id":"https:\/\/www.laguiadepamplona.com\/actualidad\/#\/schema\/logo\/image\/"},"sameAs":["https:\/\/www.facebook.com\/laguiadepamplonacom-133175176762273\/?ref=hl","https:\/\/x.com\/LaGuiadPamplona","https:\/\/www.instagram.com\/la_guia_de_pamplona\/","https:\/\/www.youtube.com\/user\/laguiadepamplona"]},{"@type":"Person","@id":"https:\/\/www.laguiadepamplona.com\/actualidad\/#\/schema\/person\/efe887376f0213d4657c93adc50b1fdb","name":"La Gu\u00eda de Pamplona","image":{"@type":"ImageObject","inLanguage":"es","@id":"https:\/\/secure.gravatar.com\/avatar\/b6992f131dc8d30ab0dff15446e9d346d9dbd95992de0fef795073f5ea83a81c?s=96&d=mm&r=g","url":"https:\/\/secure.gravatar.com\/avatar\/b6992f131dc8d30ab0dff15446e9d346d9dbd95992de0fef795073f5ea83a81c?s=96&d=mm&r=g","contentUrl":"https:\/\/secure.gravatar.com\/avatar\/b6992f131dc8d30ab0dff15446e9d346d9dbd95992de0fef795073f5ea83a81c?s=96&d=mm&r=g","caption":"La Gu\u00eda de Pamplona"}}]}},"post_mailing_queue_ids":[],"_links":{"self":[{"href":"https:\/\/www.laguiadepamplona.com\/actualidad\/wp-json\/wp\/v2\/posts\/47900","targetHints":{"allow":["GET"]}}],"collection":[{"href":"https:\/\/www.laguiadepamplona.com\/actualidad\/wp-json\/wp\/v2\/posts"}],"about":[{"href":"https:\/\/www.laguiadepamplona.com\/actualidad\/wp-json\/wp\/v2\/types\/post"}],"author":[{"embeddable":true,"href":"https:\/\/www.laguiadepamplona.com\/actualidad\/wp-json\/wp\/v2\/users\/1"}],"replies":[{"embeddable":true,"href":"https:\/\/www.laguiadepamplona.com\/actualidad\/wp-json\/wp\/v2\/comments?post=47900"}],"version-history":[{"count":1,"href":"https:\/\/www.laguiadepamplona.com\/actualidad\/wp-json\/wp\/v2\/posts\/47900\/revisions"}],"predecessor-version":[{"id":47902,"href":"https:\/\/www.laguiadepamplona.com\/actualidad\/wp-json\/wp\/v2\/posts\/47900\/revisions\/47902"}],"wp:featuredmedia":[{"embeddable":true,"href":"https:\/\/www.laguiadepamplona.com\/actualidad\/wp-json\/wp\/v2\/media\/47901"}],"wp:attachment":[{"href":"https:\/\/www.laguiadepamplona.com\/actualidad\/wp-json\/wp\/v2\/media?parent=47900"}],"wp:term":[{"taxonomy":"category","embeddable":true,"href":"https:\/\/www.laguiadepamplona.com\/actualidad\/wp-json\/wp\/v2\/categories?post=47900"},{"taxonomy":"post_tag","embeddable":true,"href":"https:\/\/www.laguiadepamplona.com\/actualidad\/wp-json\/wp\/v2\/tags?post=47900"}],"curies":[{"name":"wp","href":"https:\/\/api.w.org\/{rel}","templated":true}]}}