{"id":47889,"date":"2023-11-10T18:19:00","date_gmt":"2023-11-10T16:19:00","guid":{"rendered":"https:\/\/www.laguiadepamplona.com\/actualidad\/?p=47889"},"modified":"2023-11-10T18:19:00","modified_gmt":"2023-11-10T16:19:00","slug":"el-ayuntamiento-de-pamplona-se-reune-con-el-equipo-que-presento-la-propuesta-zip-para-la-reurbanizacion-del-paseo-de-sarasate","status":"publish","type":"post","link":"https:\/\/www.laguiadepamplona.com\/actualidad\/el-ayuntamiento-de-pamplona-se-reune-con-el-equipo-que-presento-la-propuesta-zip-para-la-reurbanizacion-del-paseo-de-sarasate\/","title":{"rendered":"El Ayuntamiento de Pamplona se re\u00fane con el equipo que present\u00f3 la propuesta \u2018ZIP\u2019 para la reurbanizaci\u00f3n del paseo de Sarasate"},"content":{"rendered":"<h3>El Ayuntamiento ha encargado a ese equipo un informe sobre el impacto del arbolado en su propuesta de plataforma \u00fanica<\/h3>\n<p><!--more--><\/p>\n<p>El Ayuntamiento de Pamplona, a trav\u00e9s de personal t\u00e9cnico municipal del \u00e1rea de Gobierno Estrat\u00e9gico y Conservaci\u00f3n Urbana, ha mantenido en el d\u00eda de hoy una reuni\u00f3n de trabajo con el equipo que present\u00f3 la propuesta \u2018ZIP\u2019 para la reforma del paseo de Sarasate, seleccionada en el concurso de ideas convocado en 2019. El encuentro ha incluido una visita al propio paseo de Sarasate para, principalmente, conocer y comprobar la situaci\u00f3n de su arbolado.<br \/>\n<script async src=\"\/\/pagead2.googlesyndication.com\/pagead\/js\/adsbygoogle.js\"><\/script><br \/>\n<!-- Noticias La Guia de Pamplona --><br \/>\n<ins class=\"adsbygoogle\"\nstyle=\"display:block\"\ndata-ad-client=\"ca-pub-6943679897239327\"\ndata-ad-slot=\"7048180777\"\ndata-ad-format=\"auto\"><\/ins><br \/>\n<script>\n(adsbygoogle = window.adsbygoogle || []).push({});\n<\/script><\/p>\n<p>El Ayuntamiento de Pamplona ha aportado 15.000 euros al equipo dirigido por Luis Beri\u00e1in y compuesto por Conchita Ruiz, Aritz S\u00e1ez y Gerard Yubero para que realicen un informe sobre el impacto del arbolado. \u2018ZIP\u2019 fue una de las tres opciones seleccionadas en ese concurso de ideas y es la que tiene un mayor respaldo entre los grupos municipales. \u2018ZIP\u2019 propone un paseo de Sarasate en plataforma \u00fanica completa, como espacio natural conectado al corredor verde del parque de la Taconera. La propuesta presentada se basa en la peatonalizaci\u00f3n del paseo dando prioridad al peat\u00f3n en todo el \u00e1mbito y con una urbanizaci\u00f3n al mismo nivel, renaturaliz\u00e1ndo el paseo con el aumento del arbolado y revalorizando el simbolismo hist\u00f3rico &#8211; institucional del eje Palacio\/Gobierno de Navarra-Monumento a los Fueros y Parlamento de Navarra.<br \/>\n<script async src=\"\/\/pagead2.googlesyndication.com\/pagead\/js\/adsbygoogle.js\"><\/script><br \/>\n<!-- Noticias La Guia de Pamplona --><br \/>\n<ins class=\"adsbygoogle\"\nstyle=\"display:block\"\ndata-ad-client=\"ca-pub-6943679897239327\"\ndata-ad-slot=\"7048180777\"\ndata-ad-format=\"auto\"><\/ins><br \/>\n<script>\n(adsbygoogle = window.adsbygoogle || []).push({});\n<\/script><\/p>\n<p>Paralelamente a ese informe solicitado al equipo que present\u00f3 la propuesta \u2018ZIP\u2019, personal t\u00e9cnico municipal est\u00e1 elaborando un informa interno sobre el estado actual del arbolado. Adem\u00e1s, tal y como anunci\u00f3 la alcaldesa de Pamplona, Cristina Ibarrola, se va a crear una comisi\u00f3n espec\u00edfica con representaci\u00f3n de todos los grupos municipales para intentar desbloquear el proyecto de reforma y reurbanizaci\u00f3n del paseo de Sarasate.<\/p>\n","protected":false},"excerpt":{"rendered":"<p>El Ayuntamiento ha encargado a ese equipo un informe sobre el impacto del arbolado en su propuesta de plataforma \u00fanica<\/p>\n","protected":false},"author":1,"featured_media":47890,"comment_status":"open","ping_status":"closed","sticky":false,"template":"","format":"standard","meta":{"footnotes":""},"categories":[2],"tags":[],"class_list":["post-47889","post","type-post","status-publish","format-standard","has-post-thumbnail","hentry","category-ayuntamiento-pamplona"],"yoast_head":"<!-- This site is optimized with the Yoast SEO plugin v27.3 - https:\/\/yoast.com\/product\/yoast-seo-wordpress\/ -->\n<title>El Ayuntamiento de Pamplona se re\u00fane con el equipo que present\u00f3 la propuesta \u2018ZIP\u2019 para la reurbanizaci\u00f3n del paseo de Sarasate<\/title>\n<meta name=\"description\" content=\"El Ayuntamiento ha encargado a ese equipo un informe sobre el impacto del arbolado en su propuesta de plataforma \u00fanica\" \/>\n<meta name=\"robots\" content=\"index, follow, max-snippet:-1, max-image-preview:large, max-video-preview:-1\" \/>\n<link rel=\"canonical\" href=\"https:\/\/www.laguiadepamplona.com\/actualidad\/el-ayuntamiento-de-pamplona-se-reune-con-el-equipo-que-presento-la-propuesta-zip-para-la-reurbanizacion-del-paseo-de-sarasate\/\" \/>\n<meta property=\"og:locale\" content=\"es_ES\" \/>\n<meta property=\"og:type\" content=\"article\" \/>\n<meta property=\"og:title\" content=\"El Ayuntamiento de Pamplona se re\u00fane con el equipo que present\u00f3 la propuesta \u2018ZIP\u2019 para la reurbanizaci\u00f3n del paseo de Sarasate\" \/>\n<meta property=\"og:description\" content=\"El Ayuntamiento ha encargado a ese equipo un informe sobre el impacto del arbolado en su propuesta de plataforma \u00fanica\" \/>\n<meta property=\"og:url\" content=\"https:\/\/www.laguiadepamplona.com\/actualidad\/el-ayuntamiento-de-pamplona-se-reune-con-el-equipo-que-presento-la-propuesta-zip-para-la-reurbanizacion-del-paseo-de-sarasate\/\" \/>\n<meta property=\"og:site_name\" content=\"La Gu\u00eda de Pamplona\" \/>\n<meta property=\"article:publisher\" content=\"https:\/\/www.facebook.com\/laguiadepamplonacom-133175176762273\/?ref=hl\" \/>\n<meta property=\"article:published_time\" content=\"2023-11-10T16:19:00+00:00\" \/>\n<meta property=\"og:image\" content=\"https:\/\/www.laguiadepamplona.com\/actualidad\/wp-content\/uploads\/2023\/11\/2023_11_10-P-Sarasate-tecnicos_Q5A8758.webp\" \/>\n\t<meta property=\"og:image:width\" content=\"1200\" \/>\n\t<meta property=\"og:image:height\" content=\"800\" \/>\n\t<meta property=\"og:image:type\" content=\"image\/webp\" \/>\n<meta name=\"author\" content=\"La Gu\u00eda de Pamplona\" \/>\n<meta name=\"twitter:card\" content=\"summary_large_image\" \/>\n<meta name=\"twitter:creator\" content=\"@LaGuiadPamplona\" \/>\n<meta name=\"twitter:site\" content=\"@LaGuiadPamplona\" \/>\n<meta name=\"twitter:label1\" content=\"Escrito por\" \/>\n\t<meta name=\"twitter:data1\" content=\"La Gu\u00eda de Pamplona\" \/>\n\t<meta name=\"twitter:label2\" content=\"Tiempo de lectura\" \/>\n\t<meta name=\"twitter:data2\" content=\"2 minutos\" \/>\n<script type=\"application\/ld+json\" class=\"yoast-schema-graph\">{\"@context\":\"https:\\\/\\\/schema.org\",\"@graph\":[{\"@type\":\"Article\",\"@id\":\"https:\\\/\\\/www.laguiadepamplona.com\\\/actualidad\\\/el-ayuntamiento-de-pamplona-se-reune-con-el-equipo-que-presento-la-propuesta-zip-para-la-reurbanizacion-del-paseo-de-sarasate\\\/#article\",\"isPartOf\":{\"@id\":\"https:\\\/\\\/www.laguiadepamplona.com\\\/actualidad\\\/el-ayuntamiento-de-pamplona-se-reune-con-el-equipo-que-presento-la-propuesta-zip-para-la-reurbanizacion-del-paseo-de-sarasate\\\/\"},\"author\":{\"name\":\"La Gu\u00eda de Pamplona\",\"@id\":\"https:\\\/\\\/www.laguiadepamplona.com\\\/actualidad\\\/#\\\/schema\\\/person\\\/efe887376f0213d4657c93adc50b1fdb\"},\"headline\":\"El Ayuntamiento de Pamplona se re\u00fane con el equipo que present\u00f3 la propuesta \u2018ZIP\u2019 para la reurbanizaci\u00f3n del paseo de Sarasate\",\"datePublished\":\"2023-11-10T16:19:00+00:00\",\"mainEntityOfPage\":{\"@id\":\"https:\\\/\\\/www.laguiadepamplona.com\\\/actualidad\\\/el-ayuntamiento-de-pamplona-se-reune-con-el-equipo-que-presento-la-propuesta-zip-para-la-reurbanizacion-del-paseo-de-sarasate\\\/\"},\"wordCount\":333,\"commentCount\":0,\"publisher\":{\"@id\":\"https:\\\/\\\/www.laguiadepamplona.com\\\/actualidad\\\/#organization\"},\"image\":{\"@id\":\"https:\\\/\\\/www.laguiadepamplona.com\\\/actualidad\\\/el-ayuntamiento-de-pamplona-se-reune-con-el-equipo-que-presento-la-propuesta-zip-para-la-reurbanizacion-del-paseo-de-sarasate\\\/#primaryimage\"},\"thumbnailUrl\":\"https:\\\/\\\/www.laguiadepamplona.com\\\/actualidad\\\/wp-content\\\/uploads\\\/2023\\\/11\\\/2023_11_10-P-Sarasate-tecnicos_Q5A8758.webp\",\"articleSection\":[\"Ayto Pamplona\"],\"inLanguage\":\"es\",\"potentialAction\":[{\"@type\":\"CommentAction\",\"name\":\"Comment\",\"target\":[\"https:\\\/\\\/www.laguiadepamplona.com\\\/actualidad\\\/el-ayuntamiento-de-pamplona-se-reune-con-el-equipo-que-presento-la-propuesta-zip-para-la-reurbanizacion-del-paseo-de-sarasate\\\/#respond\"]}]},{\"@type\":\"WebPage\",\"@id\":\"https:\\\/\\\/www.laguiadepamplona.com\\\/actualidad\\\/el-ayuntamiento-de-pamplona-se-reune-con-el-equipo-que-presento-la-propuesta-zip-para-la-reurbanizacion-del-paseo-de-sarasate\\\/\",\"url\":\"https:\\\/\\\/www.laguiadepamplona.com\\\/actualidad\\\/el-ayuntamiento-de-pamplona-se-reune-con-el-equipo-que-presento-la-propuesta-zip-para-la-reurbanizacion-del-paseo-de-sarasate\\\/\",\"name\":\"El Ayuntamiento de Pamplona se re\u00fane con el equipo que present\u00f3 la propuesta \u2018ZIP\u2019 para la reurbanizaci\u00f3n del paseo de Sarasate\",\"isPartOf\":{\"@id\":\"https:\\\/\\\/www.laguiadepamplona.com\\\/actualidad\\\/#website\"},\"primaryImageOfPage\":{\"@id\":\"https:\\\/\\\/www.laguiadepamplona.com\\\/actualidad\\\/el-ayuntamiento-de-pamplona-se-reune-con-el-equipo-que-presento-la-propuesta-zip-para-la-reurbanizacion-del-paseo-de-sarasate\\\/#primaryimage\"},\"image\":{\"@id\":\"https:\\\/\\\/www.laguiadepamplona.com\\\/actualidad\\\/el-ayuntamiento-de-pamplona-se-reune-con-el-equipo-que-presento-la-propuesta-zip-para-la-reurbanizacion-del-paseo-de-sarasate\\\/#primaryimage\"},\"thumbnailUrl\":\"https:\\\/\\\/www.laguiadepamplona.com\\\/actualidad\\\/wp-content\\\/uploads\\\/2023\\\/11\\\/2023_11_10-P-Sarasate-tecnicos_Q5A8758.webp\",\"datePublished\":\"2023-11-10T16:19:00+00:00\",\"description\":\"El Ayuntamiento ha encargado a ese equipo un informe sobre el impacto del arbolado en su propuesta de plataforma \u00fanica\",\"breadcrumb\":{\"@id\":\"https:\\\/\\\/www.laguiadepamplona.com\\\/actualidad\\\/el-ayuntamiento-de-pamplona-se-reune-con-el-equipo-que-presento-la-propuesta-zip-para-la-reurbanizacion-del-paseo-de-sarasate\\\/#breadcrumb\"},\"inLanguage\":\"es\",\"potentialAction\":[{\"@type\":\"ReadAction\",\"target\":[\"https:\\\/\\\/www.laguiadepamplona.com\\\/actualidad\\\/el-ayuntamiento-de-pamplona-se-reune-con-el-equipo-que-presento-la-propuesta-zip-para-la-reurbanizacion-del-paseo-de-sarasate\\\/\"]}]},{\"@type\":\"ImageObject\",\"inLanguage\":\"es\",\"@id\":\"https:\\\/\\\/www.laguiadepamplona.com\\\/actualidad\\\/el-ayuntamiento-de-pamplona-se-reune-con-el-equipo-que-presento-la-propuesta-zip-para-la-reurbanizacion-del-paseo-de-sarasate\\\/#primaryimage\",\"url\":\"https:\\\/\\\/www.laguiadepamplona.com\\\/actualidad\\\/wp-content\\\/uploads\\\/2023\\\/11\\\/2023_11_10-P-Sarasate-tecnicos_Q5A8758.webp\",\"contentUrl\":\"https:\\\/\\\/www.laguiadepamplona.com\\\/actualidad\\\/wp-content\\\/uploads\\\/2023\\\/11\\\/2023_11_10-P-Sarasate-tecnicos_Q5A8758.webp\",\"width\":1200,\"height\":800,\"caption\":\"paseo sarasate t\u00e9cnicos\"},{\"@type\":\"BreadcrumbList\",\"@id\":\"https:\\\/\\\/www.laguiadepamplona.com\\\/actualidad\\\/el-ayuntamiento-de-pamplona-se-reune-con-el-equipo-que-presento-la-propuesta-zip-para-la-reurbanizacion-del-paseo-de-sarasate\\\/#breadcrumb\",\"itemListElement\":[{\"@type\":\"ListItem\",\"position\":1,\"name\":\"Portada\",\"item\":\"https:\\\/\\\/www.laguiadepamplona.com\\\/actualidad\\\/\"},{\"@type\":\"ListItem\",\"position\":2,\"name\":\"El Ayuntamiento de Pamplona se re\u00fane con el equipo que present\u00f3 la propuesta \u2018ZIP\u2019 para la reurbanizaci\u00f3n del paseo de Sarasate\"}]},{\"@type\":\"WebSite\",\"@id\":\"https:\\\/\\\/www.laguiadepamplona.com\\\/actualidad\\\/#website\",\"url\":\"https:\\\/\\\/www.laguiadepamplona.com\\\/actualidad\\\/\",\"name\":\"La gu\u00eda de Pamplona\",\"description\":\"Noticias de Pamplona\",\"publisher\":{\"@id\":\"https:\\\/\\\/www.laguiadepamplona.com\\\/actualidad\\\/#organization\"},\"potentialAction\":[{\"@type\":\"SearchAction\",\"target\":{\"@type\":\"EntryPoint\",\"urlTemplate\":\"https:\\\/\\\/www.laguiadepamplona.com\\\/actualidad\\\/?s={search_term_string}\"},\"query-input\":{\"@type\":\"PropertyValueSpecification\",\"valueRequired\":true,\"valueName\":\"search_term_string\"}}],\"inLanguage\":\"es\"},{\"@type\":\"Organization\",\"@id\":\"https:\\\/\\\/www.laguiadepamplona.com\\\/actualidad\\\/#organization\",\"name\":\"La Gu\u00eda de Pamplona \\\/ Noticias\",\"url\":\"https:\\\/\\\/www.laguiadepamplona.com\\\/actualidad\\\/\",\"logo\":{\"@type\":\"ImageObject\",\"inLanguage\":\"es\",\"@id\":\"https:\\\/\\\/www.laguiadepamplona.com\\\/actualidad\\\/#\\\/schema\\\/logo\\\/image\\\/\",\"url\":\"https:\\\/\\\/www.laguiadepamplona.com\\\/actualidad\\\/wp-content\\\/uploads\\\/2018\\\/11\\\/logo-laguiadepamplona18-web1.png\",\"contentUrl\":\"https:\\\/\\\/www.laguiadepamplona.com\\\/actualidad\\\/wp-content\\\/uploads\\\/2018\\\/11\\\/logo-laguiadepamplona18-web1.png\",\"width\":600,\"height\":196,\"caption\":\"La Gu\u00eda de Pamplona \\\/ Noticias\"},\"image\":{\"@id\":\"https:\\\/\\\/www.laguiadepamplona.com\\\/actualidad\\\/#\\\/schema\\\/logo\\\/image\\\/\"},\"sameAs\":[\"https:\\\/\\\/www.facebook.com\\\/laguiadepamplonacom-133175176762273\\\/?ref=hl\",\"https:\\\/\\\/x.com\\\/LaGuiadPamplona\",\"https:\\\/\\\/www.instagram.com\\\/la_guia_de_pamplona\\\/\",\"https:\\\/\\\/www.youtube.com\\\/user\\\/laguiadepamplona\"]},{\"@type\":\"Person\",\"@id\":\"https:\\\/\\\/www.laguiadepamplona.com\\\/actualidad\\\/#\\\/schema\\\/person\\\/efe887376f0213d4657c93adc50b1fdb\",\"name\":\"La Gu\u00eda de Pamplona\",\"image\":{\"@type\":\"ImageObject\",\"inLanguage\":\"es\",\"@id\":\"https:\\\/\\\/secure.gravatar.com\\\/avatar\\\/b6992f131dc8d30ab0dff15446e9d346d9dbd95992de0fef795073f5ea83a81c?s=96&d=mm&r=g\",\"url\":\"https:\\\/\\\/secure.gravatar.com\\\/avatar\\\/b6992f131dc8d30ab0dff15446e9d346d9dbd95992de0fef795073f5ea83a81c?s=96&d=mm&r=g\",\"contentUrl\":\"https:\\\/\\\/secure.gravatar.com\\\/avatar\\\/b6992f131dc8d30ab0dff15446e9d346d9dbd95992de0fef795073f5ea83a81c?s=96&d=mm&r=g\",\"caption\":\"La Gu\u00eda de Pamplona\"}}]}<\/script>\n<!-- \/ Yoast SEO plugin. -->","yoast_head_json":{"title":"El Ayuntamiento de Pamplona se re\u00fane con el equipo que present\u00f3 la propuesta \u2018ZIP\u2019 para la reurbanizaci\u00f3n del paseo de Sarasate","description":"El Ayuntamiento ha encargado a ese equipo un informe sobre el impacto del arbolado en su propuesta de plataforma \u00fanica","robots":{"index":"index","follow":"follow","max-snippet":"max-snippet:-1","max-image-preview":"max-image-preview:large","max-video-preview":"max-video-preview:-1"},"canonical":"https:\/\/www.laguiadepamplona.com\/actualidad\/el-ayuntamiento-de-pamplona-se-reune-con-el-equipo-que-presento-la-propuesta-zip-para-la-reurbanizacion-del-paseo-de-sarasate\/","og_locale":"es_ES","og_type":"article","og_title":"El Ayuntamiento de Pamplona se re\u00fane con el equipo que present\u00f3 la propuesta \u2018ZIP\u2019 para la reurbanizaci\u00f3n del paseo de Sarasate","og_description":"El Ayuntamiento ha encargado a ese equipo un informe sobre el impacto del arbolado en su propuesta de plataforma \u00fanica","og_url":"https:\/\/www.laguiadepamplona.com\/actualidad\/el-ayuntamiento-de-pamplona-se-reune-con-el-equipo-que-presento-la-propuesta-zip-para-la-reurbanizacion-del-paseo-de-sarasate\/","og_site_name":"La Gu\u00eda de Pamplona","article_publisher":"https:\/\/www.facebook.com\/laguiadepamplonacom-133175176762273\/?ref=hl","article_published_time":"2023-11-10T16:19:00+00:00","og_image":[{"width":1200,"height":800,"url":"https:\/\/www.laguiadepamplona.com\/actualidad\/wp-content\/uploads\/2023\/11\/2023_11_10-P-Sarasate-tecnicos_Q5A8758.webp","type":"image\/webp"}],"author":"La Gu\u00eda de Pamplona","twitter_card":"summary_large_image","twitter_creator":"@LaGuiadPamplona","twitter_site":"@LaGuiadPamplona","twitter_misc":{"Escrito por":"La Gu\u00eda de Pamplona","Tiempo de lectura":"2 minutos"},"schema":{"@context":"https:\/\/schema.org","@graph":[{"@type":"Article","@id":"https:\/\/www.laguiadepamplona.com\/actualidad\/el-ayuntamiento-de-pamplona-se-reune-con-el-equipo-que-presento-la-propuesta-zip-para-la-reurbanizacion-del-paseo-de-sarasate\/#article","isPartOf":{"@id":"https:\/\/www.laguiadepamplona.com\/actualidad\/el-ayuntamiento-de-pamplona-se-reune-con-el-equipo-que-presento-la-propuesta-zip-para-la-reurbanizacion-del-paseo-de-sarasate\/"},"author":{"name":"La Gu\u00eda de Pamplona","@id":"https:\/\/www.laguiadepamplona.com\/actualidad\/#\/schema\/person\/efe887376f0213d4657c93adc50b1fdb"},"headline":"El Ayuntamiento de Pamplona se re\u00fane con el equipo que present\u00f3 la propuesta \u2018ZIP\u2019 para la reurbanizaci\u00f3n del paseo de Sarasate","datePublished":"2023-11-10T16:19:00+00:00","mainEntityOfPage":{"@id":"https:\/\/www.laguiadepamplona.com\/actualidad\/el-ayuntamiento-de-pamplona-se-reune-con-el-equipo-que-presento-la-propuesta-zip-para-la-reurbanizacion-del-paseo-de-sarasate\/"},"wordCount":333,"commentCount":0,"publisher":{"@id":"https:\/\/www.laguiadepamplona.com\/actualidad\/#organization"},"image":{"@id":"https:\/\/www.laguiadepamplona.com\/actualidad\/el-ayuntamiento-de-pamplona-se-reune-con-el-equipo-que-presento-la-propuesta-zip-para-la-reurbanizacion-del-paseo-de-sarasate\/#primaryimage"},"thumbnailUrl":"https:\/\/www.laguiadepamplona.com\/actualidad\/wp-content\/uploads\/2023\/11\/2023_11_10-P-Sarasate-tecnicos_Q5A8758.webp","articleSection":["Ayto Pamplona"],"inLanguage":"es","potentialAction":[{"@type":"CommentAction","name":"Comment","target":["https:\/\/www.laguiadepamplona.com\/actualidad\/el-ayuntamiento-de-pamplona-se-reune-con-el-equipo-que-presento-la-propuesta-zip-para-la-reurbanizacion-del-paseo-de-sarasate\/#respond"]}]},{"@type":"WebPage","@id":"https:\/\/www.laguiadepamplona.com\/actualidad\/el-ayuntamiento-de-pamplona-se-reune-con-el-equipo-que-presento-la-propuesta-zip-para-la-reurbanizacion-del-paseo-de-sarasate\/","url":"https:\/\/www.laguiadepamplona.com\/actualidad\/el-ayuntamiento-de-pamplona-se-reune-con-el-equipo-que-presento-la-propuesta-zip-para-la-reurbanizacion-del-paseo-de-sarasate\/","name":"El Ayuntamiento de Pamplona se re\u00fane con el equipo que present\u00f3 la propuesta \u2018ZIP\u2019 para la reurbanizaci\u00f3n del paseo de Sarasate","isPartOf":{"@id":"https:\/\/www.laguiadepamplona.com\/actualidad\/#website"},"primaryImageOfPage":{"@id":"https:\/\/www.laguiadepamplona.com\/actualidad\/el-ayuntamiento-de-pamplona-se-reune-con-el-equipo-que-presento-la-propuesta-zip-para-la-reurbanizacion-del-paseo-de-sarasate\/#primaryimage"},"image":{"@id":"https:\/\/www.laguiadepamplona.com\/actualidad\/el-ayuntamiento-de-pamplona-se-reune-con-el-equipo-que-presento-la-propuesta-zip-para-la-reurbanizacion-del-paseo-de-sarasate\/#primaryimage"},"thumbnailUrl":"https:\/\/www.laguiadepamplona.com\/actualidad\/wp-content\/uploads\/2023\/11\/2023_11_10-P-Sarasate-tecnicos_Q5A8758.webp","datePublished":"2023-11-10T16:19:00+00:00","description":"El Ayuntamiento ha encargado a ese equipo un informe sobre el impacto del arbolado en su propuesta de plataforma \u00fanica","breadcrumb":{"@id":"https:\/\/www.laguiadepamplona.com\/actualidad\/el-ayuntamiento-de-pamplona-se-reune-con-el-equipo-que-presento-la-propuesta-zip-para-la-reurbanizacion-del-paseo-de-sarasate\/#breadcrumb"},"inLanguage":"es","potentialAction":[{"@type":"ReadAction","target":["https:\/\/www.laguiadepamplona.com\/actualidad\/el-ayuntamiento-de-pamplona-se-reune-con-el-equipo-que-presento-la-propuesta-zip-para-la-reurbanizacion-del-paseo-de-sarasate\/"]}]},{"@type":"ImageObject","inLanguage":"es","@id":"https:\/\/www.laguiadepamplona.com\/actualidad\/el-ayuntamiento-de-pamplona-se-reune-con-el-equipo-que-presento-la-propuesta-zip-para-la-reurbanizacion-del-paseo-de-sarasate\/#primaryimage","url":"https:\/\/www.laguiadepamplona.com\/actualidad\/wp-content\/uploads\/2023\/11\/2023_11_10-P-Sarasate-tecnicos_Q5A8758.webp","contentUrl":"https:\/\/www.laguiadepamplona.com\/actualidad\/wp-content\/uploads\/2023\/11\/2023_11_10-P-Sarasate-tecnicos_Q5A8758.webp","width":1200,"height":800,"caption":"paseo sarasate t\u00e9cnicos"},{"@type":"BreadcrumbList","@id":"https:\/\/www.laguiadepamplona.com\/actualidad\/el-ayuntamiento-de-pamplona-se-reune-con-el-equipo-que-presento-la-propuesta-zip-para-la-reurbanizacion-del-paseo-de-sarasate\/#breadcrumb","itemListElement":[{"@type":"ListItem","position":1,"name":"Portada","item":"https:\/\/www.laguiadepamplona.com\/actualidad\/"},{"@type":"ListItem","position":2,"name":"El Ayuntamiento de Pamplona se re\u00fane con el equipo que present\u00f3 la propuesta \u2018ZIP\u2019 para la reurbanizaci\u00f3n del paseo de Sarasate"}]},{"@type":"WebSite","@id":"https:\/\/www.laguiadepamplona.com\/actualidad\/#website","url":"https:\/\/www.laguiadepamplona.com\/actualidad\/","name":"La gu\u00eda de Pamplona","description":"Noticias de Pamplona","publisher":{"@id":"https:\/\/www.laguiadepamplona.com\/actualidad\/#organization"},"potentialAction":[{"@type":"SearchAction","target":{"@type":"EntryPoint","urlTemplate":"https:\/\/www.laguiadepamplona.com\/actualidad\/?s={search_term_string}"},"query-input":{"@type":"PropertyValueSpecification","valueRequired":true,"valueName":"search_term_string"}}],"inLanguage":"es"},{"@type":"Organization","@id":"https:\/\/www.laguiadepamplona.com\/actualidad\/#organization","name":"La Gu\u00eda de Pamplona \/ Noticias","url":"https:\/\/www.laguiadepamplona.com\/actualidad\/","logo":{"@type":"ImageObject","inLanguage":"es","@id":"https:\/\/www.laguiadepamplona.com\/actualidad\/#\/schema\/logo\/image\/","url":"https:\/\/www.laguiadepamplona.com\/actualidad\/wp-content\/uploads\/2018\/11\/logo-laguiadepamplona18-web1.png","contentUrl":"https:\/\/www.laguiadepamplona.com\/actualidad\/wp-content\/uploads\/2018\/11\/logo-laguiadepamplona18-web1.png","width":600,"height":196,"caption":"La Gu\u00eda de Pamplona \/ Noticias"},"image":{"@id":"https:\/\/www.laguiadepamplona.com\/actualidad\/#\/schema\/logo\/image\/"},"sameAs":["https:\/\/www.facebook.com\/laguiadepamplonacom-133175176762273\/?ref=hl","https:\/\/x.com\/LaGuiadPamplona","https:\/\/www.instagram.com\/la_guia_de_pamplona\/","https:\/\/www.youtube.com\/user\/laguiadepamplona"]},{"@type":"Person","@id":"https:\/\/www.laguiadepamplona.com\/actualidad\/#\/schema\/person\/efe887376f0213d4657c93adc50b1fdb","name":"La Gu\u00eda de Pamplona","image":{"@type":"ImageObject","inLanguage":"es","@id":"https:\/\/secure.gravatar.com\/avatar\/b6992f131dc8d30ab0dff15446e9d346d9dbd95992de0fef795073f5ea83a81c?s=96&d=mm&r=g","url":"https:\/\/secure.gravatar.com\/avatar\/b6992f131dc8d30ab0dff15446e9d346d9dbd95992de0fef795073f5ea83a81c?s=96&d=mm&r=g","contentUrl":"https:\/\/secure.gravatar.com\/avatar\/b6992f131dc8d30ab0dff15446e9d346d9dbd95992de0fef795073f5ea83a81c?s=96&d=mm&r=g","caption":"La Gu\u00eda de Pamplona"}}]}},"post_mailing_queue_ids":[],"_links":{"self":[{"href":"https:\/\/www.laguiadepamplona.com\/actualidad\/wp-json\/wp\/v2\/posts\/47889","targetHints":{"allow":["GET"]}}],"collection":[{"href":"https:\/\/www.laguiadepamplona.com\/actualidad\/wp-json\/wp\/v2\/posts"}],"about":[{"href":"https:\/\/www.laguiadepamplona.com\/actualidad\/wp-json\/wp\/v2\/types\/post"}],"author":[{"embeddable":true,"href":"https:\/\/www.laguiadepamplona.com\/actualidad\/wp-json\/wp\/v2\/users\/1"}],"replies":[{"embeddable":true,"href":"https:\/\/www.laguiadepamplona.com\/actualidad\/wp-json\/wp\/v2\/comments?post=47889"}],"version-history":[{"count":1,"href":"https:\/\/www.laguiadepamplona.com\/actualidad\/wp-json\/wp\/v2\/posts\/47889\/revisions"}],"predecessor-version":[{"id":47891,"href":"https:\/\/www.laguiadepamplona.com\/actualidad\/wp-json\/wp\/v2\/posts\/47889\/revisions\/47891"}],"wp:featuredmedia":[{"embeddable":true,"href":"https:\/\/www.laguiadepamplona.com\/actualidad\/wp-json\/wp\/v2\/media\/47890"}],"wp:attachment":[{"href":"https:\/\/www.laguiadepamplona.com\/actualidad\/wp-json\/wp\/v2\/media?parent=47889"}],"wp:term":[{"taxonomy":"category","embeddable":true,"href":"https:\/\/www.laguiadepamplona.com\/actualidad\/wp-json\/wp\/v2\/categories?post=47889"},{"taxonomy":"post_tag","embeddable":true,"href":"https:\/\/www.laguiadepamplona.com\/actualidad\/wp-json\/wp\/v2\/tags?post=47889"}],"curies":[{"name":"wp","href":"https:\/\/api.w.org\/{rel}","templated":true}]}}