{"id":47884,"date":"2023-11-10T18:14:25","date_gmt":"2023-11-10T16:14:25","guid":{"rendered":"https:\/\/www.laguiadepamplona.com\/actualidad\/?p=47884"},"modified":"2023-11-10T18:14:25","modified_gmt":"2023-11-10T16:14:25","slug":"el-artista-catalan-alvar-calvet-reivindica-el-fluir-del-agua-como-termometro-de-la-salud-de-los-rios-en-su-exposicion-tierra-presa","status":"publish","type":"post","link":"https:\/\/www.laguiadepamplona.com\/actualidad\/el-artista-catalan-alvar-calvet-reivindica-el-fluir-del-agua-como-termometro-de-la-salud-de-los-rios-en-su-exposicion-tierra-presa\/","title":{"rendered":"El artista catal\u00e1n \u00c0lvar Calvet reivindica el fluir del agua como term\u00f3metro de la salud de los r\u00edos en su exposici\u00f3n \u2018Tierra presa\u2019"},"content":{"rendered":"<h3 class=\"2Subtitulo\"><span style=\"font-size: 12.0pt;\">La muestra, que juega los sedimentos del delta del Ebro y del r\u00edo Arga, puede visitarse en el Horno de la Ciudadela hasta el 17 de diciembre<\/span><!--more--><\/h3>\n<p class=\"MsoNormal\">Presas, pantanos, esclusas y dem\u00e1s elementos artificiales quiebran e interrumpen el fluir natural del agua de los r\u00edos, modificando su curso natural y acumulando sedimentos donde no deber\u00eda haberlos, en detrimento de aquellos lugares como los deltas, que a d\u00eda de hoy se encuentran en recesi\u00f3n, y donde esa tierra arrastrada por las aguas juega un papel fundamental. \u00c9sa es la idea que sobrevuela la exposici\u00f3n \u2018Tierra presa\u2019, del artista catal\u00e1n \u00c0lvar Calvet, que trae hasta el Horno de la Ciudadela sedimentos del r\u00edo Ebro como una llamada de atenci\u00f3n sobre la salud de los r\u00edos en la actualidad. La muestra, que podr\u00e1 visitarse hasta el 17 de diciembre, combina obras in\u00e9ditas y otras tra\u00eddas de otras exposiciones, \u201ccomo si esos objetos fueran tambi\u00e9n sedimentos que se acumulan en un delta\u201d. La exposici\u00f3n ha sido presentada esta ma\u00f1ana por e<span lang=\"ES-TRAD\" style=\"mso-ansi-language: ES-TRAD;\">l director del \u00e1rea de Cultura del Ayuntamiento de Pamplona, Rudy Goroskieta, y el artista autor de la obra, \u00c0lvar Calvet.<\/span><\/p>\n<p><script async src=\"\/\/pagead2.googlesyndication.com\/pagead\/js\/adsbygoogle.js\"><\/script><br \/>\n<!-- Noticias La Guia de Pamplona --><br \/>\n<ins class=\"adsbygoogle\"\nstyle=\"display:block\"\ndata-ad-client=\"ca-pub-6943679897239327\"\ndata-ad-slot=\"7048180777\"\ndata-ad-format=\"auto\"><\/ins><br \/>\n<script>\n(adsbygoogle = window.adsbygoogle || []).push({});\n<\/script><\/p>\n<p class=\"3Texto\">En \u2018Tierra presa\u2019, Calvet juega con el misticismo, la religi\u00f3n y el papel del sanador del agua, con la importancia del discurrir de los r\u00edos, de sus orillas, de sus desembocaduras y toda la tierra f\u00e9rtil que crea y arrastra. Lo hace cerrando un tri\u00e1ngulo con especial significado, que arranc\u00f3 en Manresa y le llev\u00f3 a Amposta, para desembocar ahora en Pamplona. Los lugares, de hecho, no est\u00e1n elegidos al azar. Entendiendo el agua como un elemento sanador, que da vida, el viaje comienza en Manresa, lugar en el que San Ignacio de Loyola fue curado de sus heridas; heridas infringidas en la capital navarra. La parada en Amposta se debe a que es la \u00faltima localidad antes del delta, donde el r\u00edo Ebro alcanza su plenitud y donde es posible analizar la situaci\u00f3n final de los sedimentos. De ah\u00ed surge, precisamente, el v\u00eddeo que \u00c0lvar Calvet trae a Pamplona que lleva por t\u00edtulo \u2018El Delta sin sedimentos es la muerta del Delta\u2019.<\/p>\n<p class=\"3Texto\">Todo ese bagaje es el que el artista recopila para su exposici\u00f3n en el Horno, en la que se podr\u00e1 ver un c\u00f3ctel de elementos de protesta, en torno a la situaci\u00f3n de los r\u00edos, y religiosos, en torno a la vida de San Ignacio de Loyola. Adem\u00e1s del video \u2018El Delta sin sedimentos es la muerta del Delta\u2019, a Pamplona traer\u00e1 181 monedas \u2018Tierra presa\u2019, realizadas con sedimentos del r\u00edo Arga. El n\u00famero de monedas se corresponde con el n\u00famero de embalses, presas y pantanos de la cuenca del Ebro. Las monedas est\u00e1n acu\u00f1adas en el anverso con el nombre de la exposici\u00f3n y en el reverso con la frase que da nombre al v\u00eddeo y que sirve de hilo conductor de la muestra.<\/p>\n<p class=\"3Texto\">En este juego m\u00edstico y ecol\u00f3gico, se expondr\u00e1 tambi\u00e9n un pan de la Cruz del Tort, realizado a partir de un molde con la cruz g\u00f3tica original de Manresa, y una copia de la cabeza de San Ignacio de Loyola extra\u00edda del grupo escult\u00f3rico de Joan Flotats que se encuentra en la calle San Ignacio de Pamplona. La copia se ha realizado con sedimentos sacados del r\u00edo Arga sin cocer. Adem\u00e1s de la copia expuesta en la exposici\u00f3n, se ha realizado otra que se llevar\u00e1 en peregrinaje al r\u00edo Arga para depositarla en el propio r\u00edo. A todo ello se suma una jarra y una palangana, tambi\u00e9n realizadas con sedimentos, similar a las que antiguamente se usaban para limpiar la ropa o para depositar productos preciados.<\/p>\n<p><script async src=\"\/\/pagead2.googlesyndication.com\/pagead\/js\/adsbygoogle.js\"><\/script><br \/>\n<!-- Noticias La Guia de Pamplona --><br \/>\n<ins class=\"adsbygoogle\"\nstyle=\"display:block\"\ndata-ad-client=\"ca-pub-6943679897239327\"\ndata-ad-slot=\"7048180777\"\ndata-ad-format=\"auto\"><\/ins><br \/>\n<script>\n(adsbygoogle = window.adsbygoogle || []).push({});\n<\/script><\/p>\n<p class=\"4Ladillo\"><strong>Obras anteriores<\/strong><\/p>\n<p class=\"3Texto\">A todas estas obras con un doble sentido, se suman creaciones tra\u00eddas de exposiciones anteriores, como un remo quemado, una cruz quemada, un bodeg\u00f3n y otras 30 monedas hechas con terracota. Tambi\u00e9n se podr\u00e1 contemplar una instalaci\u00f3n con cubos y sacos de sedimentos, y un pend\u00f3n con la frase \u2018Volem lo riu viu\u2019 (Queremos el r\u00edo vivo).<\/p>\n<p class=\"3Texto\">La muestra contar\u00e1 con una serie de acciones que la complementan. As\u00ed, el d\u00eda 18 habr\u00e1 una conferencia impartida por los autores del libro \u2018Terra presa\u2019, Josep Joan Segarra y Carme Pons, sobre los sedimentos y la retenci\u00f3n de los mismos en los pantanos y en las orillas por la falta de caudal. El \u00faltimo d\u00eda de la exposici\u00f3n, se realizar\u00e1 una peregrinaci\u00f3n al r\u00edo Arga para aportar al r\u00edo de nuevo los sedimentos recogidos en la exposici\u00f3n.<\/p>\n","protected":false},"excerpt":{"rendered":"<p>La muestra, que juega los sedimentos del delta del Ebro y del r\u00edo Arga, puede visitarse en el Horno de la Ciudadela hasta el 17 de diciembre<\/p>\n","protected":false},"author":1,"featured_media":47885,"comment_status":"open","ping_status":"closed","sticky":false,"template":"","format":"standard","meta":{"footnotes":""},"categories":[2],"tags":[],"class_list":["post-47884","post","type-post","status-publish","format-standard","has-post-thumbnail","hentry","category-ayuntamiento-pamplona"],"yoast_head":"<!-- This site is optimized with the Yoast SEO plugin v27.3 - https:\/\/yoast.com\/product\/yoast-seo-wordpress\/ -->\n<title>El artista catal\u00e1n \u00c0lvar Calvet reivindica el fluir del agua como term\u00f3metro de la salud de los r\u00edos en su exposici\u00f3n \u2018Tierra presa\u2019<\/title>\n<meta name=\"description\" content=\"La muestra, que juega los sedimentos del delta del Ebro y del r\u00edo Arga, puede visitarse en el Horno de la Ciudadela hasta el 17 de diciembre\" \/>\n<meta name=\"robots\" content=\"index, follow, max-snippet:-1, max-image-preview:large, max-video-preview:-1\" \/>\n<link rel=\"canonical\" href=\"https:\/\/www.laguiadepamplona.com\/actualidad\/el-artista-catalan-alvar-calvet-reivindica-el-fluir-del-agua-como-termometro-de-la-salud-de-los-rios-en-su-exposicion-tierra-presa\/\" \/>\n<meta property=\"og:locale\" content=\"es_ES\" \/>\n<meta property=\"og:type\" content=\"article\" \/>\n<meta property=\"og:title\" content=\"El artista catal\u00e1n \u00c0lvar Calvet reivindica el fluir del agua como term\u00f3metro de la salud de los r\u00edos en su exposici\u00f3n \u2018Tierra presa\u2019\" \/>\n<meta property=\"og:description\" content=\"La muestra, que juega los sedimentos del delta del Ebro y del r\u00edo Arga, puede visitarse en el Horno de la Ciudadela hasta el 17 de diciembre\" \/>\n<meta property=\"og:url\" content=\"https:\/\/www.laguiadepamplona.com\/actualidad\/el-artista-catalan-alvar-calvet-reivindica-el-fluir-del-agua-como-termometro-de-la-salud-de-los-rios-en-su-exposicion-tierra-presa\/\" \/>\n<meta property=\"og:site_name\" content=\"La Gu\u00eda de Pamplona\" \/>\n<meta property=\"article:publisher\" content=\"https:\/\/www.facebook.com\/laguiadepamplonacom-133175176762273\/?ref=hl\" \/>\n<meta property=\"article:published_time\" content=\"2023-11-10T16:14:25+00:00\" \/>\n<meta property=\"og:image\" content=\"https:\/\/www.laguiadepamplona.com\/actualidad\/wp-content\/uploads\/2023\/11\/horno-ciudadela.webp\" \/>\n\t<meta property=\"og:image:width\" content=\"1200\" \/>\n\t<meta property=\"og:image:height\" content=\"675\" \/>\n\t<meta property=\"og:image:type\" content=\"image\/webp\" \/>\n<meta name=\"author\" content=\"La Gu\u00eda de Pamplona\" \/>\n<meta name=\"twitter:card\" content=\"summary_large_image\" \/>\n<meta name=\"twitter:creator\" content=\"@LaGuiadPamplona\" \/>\n<meta name=\"twitter:site\" content=\"@LaGuiadPamplona\" \/>\n<meta name=\"twitter:label1\" content=\"Escrito por\" \/>\n\t<meta name=\"twitter:data1\" content=\"La Gu\u00eda de Pamplona\" \/>\n\t<meta name=\"twitter:label2\" content=\"Tiempo de lectura\" \/>\n\t<meta name=\"twitter:data2\" content=\"4 minutos\" \/>\n<script type=\"application\/ld+json\" class=\"yoast-schema-graph\">{\"@context\":\"https:\\\/\\\/schema.org\",\"@graph\":[{\"@type\":\"Article\",\"@id\":\"https:\\\/\\\/www.laguiadepamplona.com\\\/actualidad\\\/el-artista-catalan-alvar-calvet-reivindica-el-fluir-del-agua-como-termometro-de-la-salud-de-los-rios-en-su-exposicion-tierra-presa\\\/#article\",\"isPartOf\":{\"@id\":\"https:\\\/\\\/www.laguiadepamplona.com\\\/actualidad\\\/el-artista-catalan-alvar-calvet-reivindica-el-fluir-del-agua-como-termometro-de-la-salud-de-los-rios-en-su-exposicion-tierra-presa\\\/\"},\"author\":{\"name\":\"La Gu\u00eda de Pamplona\",\"@id\":\"https:\\\/\\\/www.laguiadepamplona.com\\\/actualidad\\\/#\\\/schema\\\/person\\\/efe887376f0213d4657c93adc50b1fdb\"},\"headline\":\"El artista catal\u00e1n \u00c0lvar Calvet reivindica el fluir del agua como term\u00f3metro de la salud de los r\u00edos en su exposici\u00f3n \u2018Tierra presa\u2019\",\"datePublished\":\"2023-11-10T16:14:25+00:00\",\"mainEntityOfPage\":{\"@id\":\"https:\\\/\\\/www.laguiadepamplona.com\\\/actualidad\\\/el-artista-catalan-alvar-calvet-reivindica-el-fluir-del-agua-como-termometro-de-la-salud-de-los-rios-en-su-exposicion-tierra-presa\\\/\"},\"wordCount\":823,\"commentCount\":0,\"publisher\":{\"@id\":\"https:\\\/\\\/www.laguiadepamplona.com\\\/actualidad\\\/#organization\"},\"image\":{\"@id\":\"https:\\\/\\\/www.laguiadepamplona.com\\\/actualidad\\\/el-artista-catalan-alvar-calvet-reivindica-el-fluir-del-agua-como-termometro-de-la-salud-de-los-rios-en-su-exposicion-tierra-presa\\\/#primaryimage\"},\"thumbnailUrl\":\"https:\\\/\\\/www.laguiadepamplona.com\\\/actualidad\\\/wp-content\\\/uploads\\\/2023\\\/11\\\/horno-ciudadela.webp\",\"articleSection\":[\"Ayto Pamplona\"],\"inLanguage\":\"es\",\"potentialAction\":[{\"@type\":\"CommentAction\",\"name\":\"Comment\",\"target\":[\"https:\\\/\\\/www.laguiadepamplona.com\\\/actualidad\\\/el-artista-catalan-alvar-calvet-reivindica-el-fluir-del-agua-como-termometro-de-la-salud-de-los-rios-en-su-exposicion-tierra-presa\\\/#respond\"]}]},{\"@type\":\"WebPage\",\"@id\":\"https:\\\/\\\/www.laguiadepamplona.com\\\/actualidad\\\/el-artista-catalan-alvar-calvet-reivindica-el-fluir-del-agua-como-termometro-de-la-salud-de-los-rios-en-su-exposicion-tierra-presa\\\/\",\"url\":\"https:\\\/\\\/www.laguiadepamplona.com\\\/actualidad\\\/el-artista-catalan-alvar-calvet-reivindica-el-fluir-del-agua-como-termometro-de-la-salud-de-los-rios-en-su-exposicion-tierra-presa\\\/\",\"name\":\"El artista catal\u00e1n \u00c0lvar Calvet reivindica el fluir del agua como term\u00f3metro de la salud de los r\u00edos en su exposici\u00f3n \u2018Tierra presa\u2019\",\"isPartOf\":{\"@id\":\"https:\\\/\\\/www.laguiadepamplona.com\\\/actualidad\\\/#website\"},\"primaryImageOfPage\":{\"@id\":\"https:\\\/\\\/www.laguiadepamplona.com\\\/actualidad\\\/el-artista-catalan-alvar-calvet-reivindica-el-fluir-del-agua-como-termometro-de-la-salud-de-los-rios-en-su-exposicion-tierra-presa\\\/#primaryimage\"},\"image\":{\"@id\":\"https:\\\/\\\/www.laguiadepamplona.com\\\/actualidad\\\/el-artista-catalan-alvar-calvet-reivindica-el-fluir-del-agua-como-termometro-de-la-salud-de-los-rios-en-su-exposicion-tierra-presa\\\/#primaryimage\"},\"thumbnailUrl\":\"https:\\\/\\\/www.laguiadepamplona.com\\\/actualidad\\\/wp-content\\\/uploads\\\/2023\\\/11\\\/horno-ciudadela.webp\",\"datePublished\":\"2023-11-10T16:14:25+00:00\",\"description\":\"La muestra, que juega los sedimentos del delta del Ebro y del r\u00edo Arga, puede visitarse en el Horno de la Ciudadela hasta el 17 de diciembre\",\"breadcrumb\":{\"@id\":\"https:\\\/\\\/www.laguiadepamplona.com\\\/actualidad\\\/el-artista-catalan-alvar-calvet-reivindica-el-fluir-del-agua-como-termometro-de-la-salud-de-los-rios-en-su-exposicion-tierra-presa\\\/#breadcrumb\"},\"inLanguage\":\"es\",\"potentialAction\":[{\"@type\":\"ReadAction\",\"target\":[\"https:\\\/\\\/www.laguiadepamplona.com\\\/actualidad\\\/el-artista-catalan-alvar-calvet-reivindica-el-fluir-del-agua-como-termometro-de-la-salud-de-los-rios-en-su-exposicion-tierra-presa\\\/\"]}]},{\"@type\":\"ImageObject\",\"inLanguage\":\"es\",\"@id\":\"https:\\\/\\\/www.laguiadepamplona.com\\\/actualidad\\\/el-artista-catalan-alvar-calvet-reivindica-el-fluir-del-agua-como-termometro-de-la-salud-de-los-rios-en-su-exposicion-tierra-presa\\\/#primaryimage\",\"url\":\"https:\\\/\\\/www.laguiadepamplona.com\\\/actualidad\\\/wp-content\\\/uploads\\\/2023\\\/11\\\/horno-ciudadela.webp\",\"contentUrl\":\"https:\\\/\\\/www.laguiadepamplona.com\\\/actualidad\\\/wp-content\\\/uploads\\\/2023\\\/11\\\/horno-ciudadela.webp\",\"width\":1200,\"height\":675,\"caption\":\"horno ciudadela\"},{\"@type\":\"BreadcrumbList\",\"@id\":\"https:\\\/\\\/www.laguiadepamplona.com\\\/actualidad\\\/el-artista-catalan-alvar-calvet-reivindica-el-fluir-del-agua-como-termometro-de-la-salud-de-los-rios-en-su-exposicion-tierra-presa\\\/#breadcrumb\",\"itemListElement\":[{\"@type\":\"ListItem\",\"position\":1,\"name\":\"Portada\",\"item\":\"https:\\\/\\\/www.laguiadepamplona.com\\\/actualidad\\\/\"},{\"@type\":\"ListItem\",\"position\":2,\"name\":\"El artista catal\u00e1n \u00c0lvar Calvet reivindica el fluir del agua como term\u00f3metro de la salud de los r\u00edos en su exposici\u00f3n \u2018Tierra presa\u2019\"}]},{\"@type\":\"WebSite\",\"@id\":\"https:\\\/\\\/www.laguiadepamplona.com\\\/actualidad\\\/#website\",\"url\":\"https:\\\/\\\/www.laguiadepamplona.com\\\/actualidad\\\/\",\"name\":\"La gu\u00eda de Pamplona\",\"description\":\"Noticias de Pamplona\",\"publisher\":{\"@id\":\"https:\\\/\\\/www.laguiadepamplona.com\\\/actualidad\\\/#organization\"},\"potentialAction\":[{\"@type\":\"SearchAction\",\"target\":{\"@type\":\"EntryPoint\",\"urlTemplate\":\"https:\\\/\\\/www.laguiadepamplona.com\\\/actualidad\\\/?s={search_term_string}\"},\"query-input\":{\"@type\":\"PropertyValueSpecification\",\"valueRequired\":true,\"valueName\":\"search_term_string\"}}],\"inLanguage\":\"es\"},{\"@type\":\"Organization\",\"@id\":\"https:\\\/\\\/www.laguiadepamplona.com\\\/actualidad\\\/#organization\",\"name\":\"La Gu\u00eda de Pamplona \\\/ Noticias\",\"url\":\"https:\\\/\\\/www.laguiadepamplona.com\\\/actualidad\\\/\",\"logo\":{\"@type\":\"ImageObject\",\"inLanguage\":\"es\",\"@id\":\"https:\\\/\\\/www.laguiadepamplona.com\\\/actualidad\\\/#\\\/schema\\\/logo\\\/image\\\/\",\"url\":\"https:\\\/\\\/www.laguiadepamplona.com\\\/actualidad\\\/wp-content\\\/uploads\\\/2018\\\/11\\\/logo-laguiadepamplona18-web1.png\",\"contentUrl\":\"https:\\\/\\\/www.laguiadepamplona.com\\\/actualidad\\\/wp-content\\\/uploads\\\/2018\\\/11\\\/logo-laguiadepamplona18-web1.png\",\"width\":600,\"height\":196,\"caption\":\"La Gu\u00eda de Pamplona \\\/ Noticias\"},\"image\":{\"@id\":\"https:\\\/\\\/www.laguiadepamplona.com\\\/actualidad\\\/#\\\/schema\\\/logo\\\/image\\\/\"},\"sameAs\":[\"https:\\\/\\\/www.facebook.com\\\/laguiadepamplonacom-133175176762273\\\/?ref=hl\",\"https:\\\/\\\/x.com\\\/LaGuiadPamplona\",\"https:\\\/\\\/www.instagram.com\\\/la_guia_de_pamplona\\\/\",\"https:\\\/\\\/www.youtube.com\\\/user\\\/laguiadepamplona\"]},{\"@type\":\"Person\",\"@id\":\"https:\\\/\\\/www.laguiadepamplona.com\\\/actualidad\\\/#\\\/schema\\\/person\\\/efe887376f0213d4657c93adc50b1fdb\",\"name\":\"La Gu\u00eda de Pamplona\",\"image\":{\"@type\":\"ImageObject\",\"inLanguage\":\"es\",\"@id\":\"https:\\\/\\\/secure.gravatar.com\\\/avatar\\\/b6992f131dc8d30ab0dff15446e9d346d9dbd95992de0fef795073f5ea83a81c?s=96&d=mm&r=g\",\"url\":\"https:\\\/\\\/secure.gravatar.com\\\/avatar\\\/b6992f131dc8d30ab0dff15446e9d346d9dbd95992de0fef795073f5ea83a81c?s=96&d=mm&r=g\",\"contentUrl\":\"https:\\\/\\\/secure.gravatar.com\\\/avatar\\\/b6992f131dc8d30ab0dff15446e9d346d9dbd95992de0fef795073f5ea83a81c?s=96&d=mm&r=g\",\"caption\":\"La Gu\u00eda de Pamplona\"}}]}<\/script>\n<!-- \/ Yoast SEO plugin. -->","yoast_head_json":{"title":"El artista catal\u00e1n \u00c0lvar Calvet reivindica el fluir del agua como term\u00f3metro de la salud de los r\u00edos en su exposici\u00f3n \u2018Tierra presa\u2019","description":"La muestra, que juega los sedimentos del delta del Ebro y del r\u00edo Arga, puede visitarse en el Horno de la Ciudadela hasta el 17 de diciembre","robots":{"index":"index","follow":"follow","max-snippet":"max-snippet:-1","max-image-preview":"max-image-preview:large","max-video-preview":"max-video-preview:-1"},"canonical":"https:\/\/www.laguiadepamplona.com\/actualidad\/el-artista-catalan-alvar-calvet-reivindica-el-fluir-del-agua-como-termometro-de-la-salud-de-los-rios-en-su-exposicion-tierra-presa\/","og_locale":"es_ES","og_type":"article","og_title":"El artista catal\u00e1n \u00c0lvar Calvet reivindica el fluir del agua como term\u00f3metro de la salud de los r\u00edos en su exposici\u00f3n \u2018Tierra presa\u2019","og_description":"La muestra, que juega los sedimentos del delta del Ebro y del r\u00edo Arga, puede visitarse en el Horno de la Ciudadela hasta el 17 de diciembre","og_url":"https:\/\/www.laguiadepamplona.com\/actualidad\/el-artista-catalan-alvar-calvet-reivindica-el-fluir-del-agua-como-termometro-de-la-salud-de-los-rios-en-su-exposicion-tierra-presa\/","og_site_name":"La Gu\u00eda de Pamplona","article_publisher":"https:\/\/www.facebook.com\/laguiadepamplonacom-133175176762273\/?ref=hl","article_published_time":"2023-11-10T16:14:25+00:00","og_image":[{"width":1200,"height":675,"url":"https:\/\/www.laguiadepamplona.com\/actualidad\/wp-content\/uploads\/2023\/11\/horno-ciudadela.webp","type":"image\/webp"}],"author":"La Gu\u00eda de Pamplona","twitter_card":"summary_large_image","twitter_creator":"@LaGuiadPamplona","twitter_site":"@LaGuiadPamplona","twitter_misc":{"Escrito por":"La Gu\u00eda de Pamplona","Tiempo de lectura":"4 minutos"},"schema":{"@context":"https:\/\/schema.org","@graph":[{"@type":"Article","@id":"https:\/\/www.laguiadepamplona.com\/actualidad\/el-artista-catalan-alvar-calvet-reivindica-el-fluir-del-agua-como-termometro-de-la-salud-de-los-rios-en-su-exposicion-tierra-presa\/#article","isPartOf":{"@id":"https:\/\/www.laguiadepamplona.com\/actualidad\/el-artista-catalan-alvar-calvet-reivindica-el-fluir-del-agua-como-termometro-de-la-salud-de-los-rios-en-su-exposicion-tierra-presa\/"},"author":{"name":"La Gu\u00eda de Pamplona","@id":"https:\/\/www.laguiadepamplona.com\/actualidad\/#\/schema\/person\/efe887376f0213d4657c93adc50b1fdb"},"headline":"El artista catal\u00e1n \u00c0lvar Calvet reivindica el fluir del agua como term\u00f3metro de la salud de los r\u00edos en su exposici\u00f3n \u2018Tierra presa\u2019","datePublished":"2023-11-10T16:14:25+00:00","mainEntityOfPage":{"@id":"https:\/\/www.laguiadepamplona.com\/actualidad\/el-artista-catalan-alvar-calvet-reivindica-el-fluir-del-agua-como-termometro-de-la-salud-de-los-rios-en-su-exposicion-tierra-presa\/"},"wordCount":823,"commentCount":0,"publisher":{"@id":"https:\/\/www.laguiadepamplona.com\/actualidad\/#organization"},"image":{"@id":"https:\/\/www.laguiadepamplona.com\/actualidad\/el-artista-catalan-alvar-calvet-reivindica-el-fluir-del-agua-como-termometro-de-la-salud-de-los-rios-en-su-exposicion-tierra-presa\/#primaryimage"},"thumbnailUrl":"https:\/\/www.laguiadepamplona.com\/actualidad\/wp-content\/uploads\/2023\/11\/horno-ciudadela.webp","articleSection":["Ayto Pamplona"],"inLanguage":"es","potentialAction":[{"@type":"CommentAction","name":"Comment","target":["https:\/\/www.laguiadepamplona.com\/actualidad\/el-artista-catalan-alvar-calvet-reivindica-el-fluir-del-agua-como-termometro-de-la-salud-de-los-rios-en-su-exposicion-tierra-presa\/#respond"]}]},{"@type":"WebPage","@id":"https:\/\/www.laguiadepamplona.com\/actualidad\/el-artista-catalan-alvar-calvet-reivindica-el-fluir-del-agua-como-termometro-de-la-salud-de-los-rios-en-su-exposicion-tierra-presa\/","url":"https:\/\/www.laguiadepamplona.com\/actualidad\/el-artista-catalan-alvar-calvet-reivindica-el-fluir-del-agua-como-termometro-de-la-salud-de-los-rios-en-su-exposicion-tierra-presa\/","name":"El artista catal\u00e1n \u00c0lvar Calvet reivindica el fluir del agua como term\u00f3metro de la salud de los r\u00edos en su exposici\u00f3n \u2018Tierra presa\u2019","isPartOf":{"@id":"https:\/\/www.laguiadepamplona.com\/actualidad\/#website"},"primaryImageOfPage":{"@id":"https:\/\/www.laguiadepamplona.com\/actualidad\/el-artista-catalan-alvar-calvet-reivindica-el-fluir-del-agua-como-termometro-de-la-salud-de-los-rios-en-su-exposicion-tierra-presa\/#primaryimage"},"image":{"@id":"https:\/\/www.laguiadepamplona.com\/actualidad\/el-artista-catalan-alvar-calvet-reivindica-el-fluir-del-agua-como-termometro-de-la-salud-de-los-rios-en-su-exposicion-tierra-presa\/#primaryimage"},"thumbnailUrl":"https:\/\/www.laguiadepamplona.com\/actualidad\/wp-content\/uploads\/2023\/11\/horno-ciudadela.webp","datePublished":"2023-11-10T16:14:25+00:00","description":"La muestra, que juega los sedimentos del delta del Ebro y del r\u00edo Arga, puede visitarse en el Horno de la Ciudadela hasta el 17 de diciembre","breadcrumb":{"@id":"https:\/\/www.laguiadepamplona.com\/actualidad\/el-artista-catalan-alvar-calvet-reivindica-el-fluir-del-agua-como-termometro-de-la-salud-de-los-rios-en-su-exposicion-tierra-presa\/#breadcrumb"},"inLanguage":"es","potentialAction":[{"@type":"ReadAction","target":["https:\/\/www.laguiadepamplona.com\/actualidad\/el-artista-catalan-alvar-calvet-reivindica-el-fluir-del-agua-como-termometro-de-la-salud-de-los-rios-en-su-exposicion-tierra-presa\/"]}]},{"@type":"ImageObject","inLanguage":"es","@id":"https:\/\/www.laguiadepamplona.com\/actualidad\/el-artista-catalan-alvar-calvet-reivindica-el-fluir-del-agua-como-termometro-de-la-salud-de-los-rios-en-su-exposicion-tierra-presa\/#primaryimage","url":"https:\/\/www.laguiadepamplona.com\/actualidad\/wp-content\/uploads\/2023\/11\/horno-ciudadela.webp","contentUrl":"https:\/\/www.laguiadepamplona.com\/actualidad\/wp-content\/uploads\/2023\/11\/horno-ciudadela.webp","width":1200,"height":675,"caption":"horno ciudadela"},{"@type":"BreadcrumbList","@id":"https:\/\/www.laguiadepamplona.com\/actualidad\/el-artista-catalan-alvar-calvet-reivindica-el-fluir-del-agua-como-termometro-de-la-salud-de-los-rios-en-su-exposicion-tierra-presa\/#breadcrumb","itemListElement":[{"@type":"ListItem","position":1,"name":"Portada","item":"https:\/\/www.laguiadepamplona.com\/actualidad\/"},{"@type":"ListItem","position":2,"name":"El artista catal\u00e1n \u00c0lvar Calvet reivindica el fluir del agua como term\u00f3metro de la salud de los r\u00edos en su exposici\u00f3n \u2018Tierra presa\u2019"}]},{"@type":"WebSite","@id":"https:\/\/www.laguiadepamplona.com\/actualidad\/#website","url":"https:\/\/www.laguiadepamplona.com\/actualidad\/","name":"La gu\u00eda de Pamplona","description":"Noticias de Pamplona","publisher":{"@id":"https:\/\/www.laguiadepamplona.com\/actualidad\/#organization"},"potentialAction":[{"@type":"SearchAction","target":{"@type":"EntryPoint","urlTemplate":"https:\/\/www.laguiadepamplona.com\/actualidad\/?s={search_term_string}"},"query-input":{"@type":"PropertyValueSpecification","valueRequired":true,"valueName":"search_term_string"}}],"inLanguage":"es"},{"@type":"Organization","@id":"https:\/\/www.laguiadepamplona.com\/actualidad\/#organization","name":"La Gu\u00eda de Pamplona \/ Noticias","url":"https:\/\/www.laguiadepamplona.com\/actualidad\/","logo":{"@type":"ImageObject","inLanguage":"es","@id":"https:\/\/www.laguiadepamplona.com\/actualidad\/#\/schema\/logo\/image\/","url":"https:\/\/www.laguiadepamplona.com\/actualidad\/wp-content\/uploads\/2018\/11\/logo-laguiadepamplona18-web1.png","contentUrl":"https:\/\/www.laguiadepamplona.com\/actualidad\/wp-content\/uploads\/2018\/11\/logo-laguiadepamplona18-web1.png","width":600,"height":196,"caption":"La Gu\u00eda de Pamplona \/ Noticias"},"image":{"@id":"https:\/\/www.laguiadepamplona.com\/actualidad\/#\/schema\/logo\/image\/"},"sameAs":["https:\/\/www.facebook.com\/laguiadepamplonacom-133175176762273\/?ref=hl","https:\/\/x.com\/LaGuiadPamplona","https:\/\/www.instagram.com\/la_guia_de_pamplona\/","https:\/\/www.youtube.com\/user\/laguiadepamplona"]},{"@type":"Person","@id":"https:\/\/www.laguiadepamplona.com\/actualidad\/#\/schema\/person\/efe887376f0213d4657c93adc50b1fdb","name":"La Gu\u00eda de Pamplona","image":{"@type":"ImageObject","inLanguage":"es","@id":"https:\/\/secure.gravatar.com\/avatar\/b6992f131dc8d30ab0dff15446e9d346d9dbd95992de0fef795073f5ea83a81c?s=96&d=mm&r=g","url":"https:\/\/secure.gravatar.com\/avatar\/b6992f131dc8d30ab0dff15446e9d346d9dbd95992de0fef795073f5ea83a81c?s=96&d=mm&r=g","contentUrl":"https:\/\/secure.gravatar.com\/avatar\/b6992f131dc8d30ab0dff15446e9d346d9dbd95992de0fef795073f5ea83a81c?s=96&d=mm&r=g","caption":"La Gu\u00eda de Pamplona"}}]}},"post_mailing_queue_ids":[],"_links":{"self":[{"href":"https:\/\/www.laguiadepamplona.com\/actualidad\/wp-json\/wp\/v2\/posts\/47884","targetHints":{"allow":["GET"]}}],"collection":[{"href":"https:\/\/www.laguiadepamplona.com\/actualidad\/wp-json\/wp\/v2\/posts"}],"about":[{"href":"https:\/\/www.laguiadepamplona.com\/actualidad\/wp-json\/wp\/v2\/types\/post"}],"author":[{"embeddable":true,"href":"https:\/\/www.laguiadepamplona.com\/actualidad\/wp-json\/wp\/v2\/users\/1"}],"replies":[{"embeddable":true,"href":"https:\/\/www.laguiadepamplona.com\/actualidad\/wp-json\/wp\/v2\/comments?post=47884"}],"version-history":[{"count":1,"href":"https:\/\/www.laguiadepamplona.com\/actualidad\/wp-json\/wp\/v2\/posts\/47884\/revisions"}],"predecessor-version":[{"id":47886,"href":"https:\/\/www.laguiadepamplona.com\/actualidad\/wp-json\/wp\/v2\/posts\/47884\/revisions\/47886"}],"wp:featuredmedia":[{"embeddable":true,"href":"https:\/\/www.laguiadepamplona.com\/actualidad\/wp-json\/wp\/v2\/media\/47885"}],"wp:attachment":[{"href":"https:\/\/www.laguiadepamplona.com\/actualidad\/wp-json\/wp\/v2\/media?parent=47884"}],"wp:term":[{"taxonomy":"category","embeddable":true,"href":"https:\/\/www.laguiadepamplona.com\/actualidad\/wp-json\/wp\/v2\/categories?post=47884"},{"taxonomy":"post_tag","embeddable":true,"href":"https:\/\/www.laguiadepamplona.com\/actualidad\/wp-json\/wp\/v2\/tags?post=47884"}],"curies":[{"name":"wp","href":"https:\/\/api.w.org\/{rel}","templated":true}]}}