{"id":47882,"date":"2023-11-09T18:25:53","date_gmt":"2023-11-09T16:25:53","guid":{"rendered":"https:\/\/www.laguiadepamplona.com\/actualidad\/?p=47882"},"modified":"2023-11-09T18:25:53","modified_gmt":"2023-11-09T16:25:53","slug":"propuesta-de-actividades-organizadas-por-el-ayuntamiento-de-pamplona-del-10-al-13-de-noviembre-con-plazas-libres","status":"publish","type":"post","link":"https:\/\/www.laguiadepamplona.com\/actualidad\/propuesta-de-actividades-organizadas-por-el-ayuntamiento-de-pamplona-del-10-al-13-de-noviembre-con-plazas-libres\/","title":{"rendered":"Propuesta de actividades organizadas por el Ayuntamiento de Pamplona del 10 al 13 de noviembre con plazas libres"},"content":{"rendered":"<p><!--more--><\/p>\n<h3><strong>VIERNES 10 DE NOVIEMBRE<\/strong><\/h3>\n<p><a href=\"https:\/\/www.pamplona.es\/actualidad\/eventos\/club-de-cine-milagrosa-arrosadia-proyeccion-cinematografica800-balas-de-alex-de\">Club de cine Milagrosa \u2013 Arrosad\u00eda. Proyecci\u00f3n cinematogr\u00e1fica. \u2018800 balas\u2019, de \u00c1lex de la Iglesia. Biblioteca P\u00fablica de Milagrosa<\/a>, 17 horas. Inscripci\u00f3n en el club de cine, en la biblioteca, en el 948 24 54 60 o en <a href=\"mailto:biblimil@navarra.es\">biblimil@navarra.es<\/a><\/p>\n<p>Texas Hollywood es un polvoriento poblado del Oeste donde hace ya d\u00e9cadas que no se ruedan pel\u00edculas. All\u00ed malvive Juli\u00e1n, un veterano especialista de cine que est\u00e1 de vuelta de todo. Con \u00e9l trabajan otros marginados y nost\u00e1lgicos sin remedio. Se ganan la vida recreando pat\u00e9ticas escenas de acci\u00f3n para los escasos turistas guiris que visitan la zona. De la noche a la ma\u00f1ana, la vida de estos pobres diablos da un vuelco con la aparici\u00f3n de Carlos, un ni\u00f1o que asegura ser nieto de Juli\u00e1n.<\/p>\n<p><a href=\"https:\/\/www.pamplona.es\/actualidad\/eventos\/taller-intergeneracional-taller-creativo-con-nuestros-mayores-cestas-guardatodo\">Taller intergeneracional. Taller creativo con nuestros mayores. Cestas guardatodo. Civivox Iturrama,<\/a> 17.30 horas. Entrada: 4 euros, con inscripci\u00f3n previa en el 010, la red Civivox o <a href=\"http:\/\/www.pamplonaescultura.es\">www.pamplonaescultura.es<\/a><\/p>\n<p>Taller para ni\u00f1as y ni\u00f1os y sus abuelas y abuelos en el que aprenderemos a utilizar diferentes materiales para crear objetos creativos de manera sencilla y divertida. Intercambiaremos an\u00e9cdotas y recuerdos divertidos con nuestros mayores a la vez que creamos de manera conjunta objetos decorativos que podremos llevarnos a casa. Para menores de 6 a 12 a\u00f1os. Con Diana Arboni\u00e9s, de La Crafetera.<\/p>\n<p><a href=\"https:\/\/www.pamplona.es\/actualidad\/eventos\/cafeteando-karaoke-casa-de-la-juventud-37\">Cafeteando. Karaoke. Casa de la Juventud<\/a>, 18.30 horas. Actividad con entrada libre<\/p>\n<p>La Casa de la Juventud propone para este viernes una de las actividades m\u00e1s habituales y m\u00e1s concurridas. Vuelven los viernes de karaoke para pasar un buen rato cantando \u00e9xitos actuales y canciones de toda la vida en un ambiente alegre y divertido, con diferentes juegos para dinamizar una tarde de lo m\u00e1s musical.<\/p>\n<p><a href=\"https:\/\/www.pamplona.es\/actualidad\/eventos\/ciclo-de-la-sociedad-de-ciencias-naturales-gorosti-conferencia-biblioteca-1\">Ciclo de la Sociedad de Ciencias Naturales Gorosti. Charla. Biblioteca P\u00fablica de Txantrea<\/a><strong>, 19 horas. Entrada libre, hasta completar el aforo<\/strong><\/p>\n<p><strong>Gorosti cumple 40 a\u00f1os<\/strong>\u00a0y para celebrarlo dar\u00e1 una serie de charlas del 6 al 10 de noviembre sobre diferente tem\u00e1tica, pero siempre relacionadas con la naturaleza. El ciclo se cerrar\u00e1 el viernes con un charla sobre la flora de las zonas h\u00famedas de la Cuenca de Pamplona.<br \/>\nLa impartir\u00e1 \u00d3scar P\u00e9rez, miembro de la secci\u00f3n de Bot\u00e1nica de Gorosti.<\/p>\n<p><a href=\"https:\/\/www.pamplona.es\/actualidad\/eventos\/presentacion-de-proyecto-audiovisual-los-txicos-de-la-stafeta-casa-de-la\">Presentaci\u00f3n de proyecto audiovisual. Los txicos de la Stafeta. Casa de la Juventud,<\/a> 19 horas. Entrada libre<\/p>\n<p>Se proyectar\u00e1n diferentes sketches y el p\u00fablico que asista podr\u00e1 conocer a las personas y el trabajo que hay detr\u00e1s de cada v\u00eddeo, adem\u00e1s de preguntar dudas y hacer propuestas. \u2018Los txicos de la Stafeta\u2019 es un proyecto que arrancan un grupo de amigas y amigos en abril de 2023, ruedan y producen v\u00eddeos cortos semanalmente (en castellano y euskera) que publican los viernes en las diferentes redes sociales.<\/p>\n<p><a href=\"https:\/\/www.pamplona.es\/actualidad\/eventos\/xxv-muestra-de-teatro-de-aqui-room-con-speculum-vitae-civivox-iturrama\">XXV Muestra de Teatro de Aqu\u00ed. \u2018The room\u2019, con Speculum Vitae. Civivox Iturrama,<\/a> 20 horas. Entrada libre, previa inscripci\u00f3n en el 010, la red Civivox o <a href=\"http:\/\/www.pamplonaescultura.es\">www.pamplonaescultura.es<\/a><\/p>\n<p>Scott es brillante, el hijo ideal, el estudiante ideal, el novio ideal, el chico ideal. Sin embargo, Scott va a conocer \u00abThe Room\u00bb, el tugurio m\u00e1s oscuro y peligroso de la ciudad donde cualquier fantas\u00eda o perversi\u00f3n es posible, donde la \u00fanica regla es hacer y probar todo lo que desees, aunque como todo, tiene un precio. Junto a sus habitantes va a experimentar en sus propias carnes los placeres, las miserias y los demonios que la sociedad no quiere que vea, que la sociedad no quiere ni si quiera que sepa que existen.<br \/>\n<script async src=\"\/\/pagead2.googlesyndication.com\/pagead\/js\/adsbygoogle.js\"><\/script><br \/>\n<!-- Noticias La Guia de Pamplona --><br \/>\n<ins class=\"adsbygoogle\"\nstyle=\"display:block\"\ndata-ad-client=\"ca-pub-6943679897239327\"\ndata-ad-slot=\"7048180777\"\ndata-ad-format=\"auto\"><\/ins><br \/>\n<script>\n(adsbygoogle = window.adsbygoogle || []).push({});\n<\/script><\/p>\n<p>&nbsp;<\/p>\n<h3><strong>S\u00c1BADO 11 DE NOVIEMBRE<\/strong><\/h3>\n<p><a href=\"https:\/\/www.pamplona.es\/actualidad\/eventos\/taller-de-literatura-en-euskera-hitzen-mintegia-escritura-partir-de-la-lectura\">Taller literario en euskera. Escritura a partir de la lectura. Patxi Zubizarreta. Palacio del Condestable<\/a>, 10 horas. Inscripci\u00f3n gratuita previa en el tel\u00e9fono 010<\/p>\n<p>El objetivo principal del Seminario de las Palabras es ofrecer recursos para fomentar la creaci\u00f3n literaria de autor\u00eda novel en euskera. Tambi\u00e9n que los escritores y escritoras se conozcan y sean part\u00edcipes de los procesos y las din\u00e1micas. Dirigido a personas euskaldunes mayores de 16 a\u00f1os.<\/p>\n<p><a href=\"https:\/\/www.pamplona.es\/actualidad\/eventos\/festival-mapping-experiencia-artistica-para-familias-y-primera-infancia-cine\">Festival Mapping, experiencia art\u00edstica para familias y primera infancia. Cine para primera infancia. Minimach de animaci\u00f3n. Civivox Mendillorri<\/a>, 10.30 y 12 horas. Entrada libre, previa retirada de invitaciones en el 010, la red Civivox o <a href=\"http:\/\/www.pamplonaescultura.es\">www.pamplonaescultura.es<\/a><\/p>\n<p>Dibujos animados en 3D y cortos ilustrados conforman este programa de po\u00e9ticas historias de la secci\u00f3n a concurso del festival. Adem\u00e1s, el p\u00fablico se integra como jurado de esta secci\u00f3n junto a otras familias que participan en la experiencia. Un cine plural y creativo que pretende integrar creaciones cinematogr\u00e1ficas de diversas partes del mundo, con el objetivo de entretener, educar la percepci\u00f3n visual y estimular la imaginaci\u00f3n. Actividad dinamizada por Teatro Para\u00edso. Para menores entre 2 y 4 a\u00f1os.<\/p>\n<p><a href=\"https:\/\/www.pamplona.es\/actualidad\/eventos\/cuentos-y-mucho-mas-teatro-de-titeres-cuenta-conmigo-beti-lagun-con-rosa\">Cuentos y mucho m\u00e1s. Teatro de t\u00edteres. \u2018Cuenta conmigo \/ Beti Lagun\u2019, con Rosa Mart\u00ednez &amp; Lagunak. Civivox Jus la Rocha<\/a>, 12 horas (castellano) y 18 horas (euskera). Entrada libre, previa retirada de invitaciones en el 010, la red Civivox o <a href=\"http:\/\/www.pamplonaescultura.es\">www.pamplonaescultura.es<\/a><\/p>\n<p>Una obra sobre la amistad, con t\u00edteres, canciones y la participaci\u00f3n del p\u00fablico. Un viaje m\u00e1gico al mar y a la monta\u00f1a. En esta ocasi\u00f3n, acompa\u00f1aremos a Burbuja, un peque\u00f1o pulpo perdido, en su aventura marina donde aprender\u00e1 el equilibrio entre no tener miedo a lo desconocido y la prudencia para no correr riesgos innecesarios; y con el oso Roberto y el zorro Fox iremos a la monta\u00f1a donde veremos c\u00f3mo se forja la amistad entre ambos. Para p\u00fablico infantil a partir de 3 a\u00f1os.<\/p>\n<p><a href=\"https:\/\/www.pamplona.es\/actualidad\/eventos\/el-legado-de-sarasate-cuentacuentos-el-genio-de-pablo-sarasate-civivox\">El legado de Sarasate. Cuentacuentos. El genio de Pablo Sarasate. Civivox Condestable<\/a>, 12 horas. Entrada libre, previa retirada de invitaciones en el 010, la red Civivox o <a href=\"http:\/\/www.pamplonaescultura.es\">www.pamplonaescultura.es<\/a><\/p>\n<p>\u00bfSab\u00edais que una vez, de tanto frotar su viol\u00edn con el arco, a Sarasate se le apareci\u00f3 un genio que le concedi\u00f3 tres deseos? No s\u00e9 si ser\u00e1 del todo cierto, pero yo os lo cuento. Con Sergio de Andr\u00e9s. Para p\u00fablicao infantil mayor de 4 a\u00f1os.<\/p>\n<p><a href=\"https:\/\/www.pamplona.es\/actualidad\/eventos\/tarde-de-ocio-otaku-day-casa-de-la-juventud-0\">Tarde de ocio. Otaku Day. Casa de la Juventud<\/a>, de 17 a 21 horas. Inscripci\u00f3n previa en la Casa de la Juventud o en el tel\u00e9fono 948 23 35 12<\/p>\n<p>Un a\u00f1o m\u00e1s vuelve el Otaku Day a la Casa de la Juventud, una tarde de ocio y cultura relacionada con la cultura japonesa y otaku de la mano de la Asociaci\u00f3n Navar-Manga. Como en otras ediciones, no faltar\u00e1n los videojuegos y concursos, este a\u00f1o con alguna novedad como el torneo de videojuegos \u2018Street Fighter VI\u2019 y el Concurso \u2018Adivina el opening\u2019.<\/p>\n<p><a href=\"https:\/\/www.pamplona.es\/actualidad\/eventos\/asociacion-navarra-de-amigos-de-polonia-concierto-cantando-juntos-canciones-de\">Asociaci\u00f3n Navarra de Amigos de Polonia. Concierto. Cantando juntos canciones de nuestra tierra. Civivox San Jorge<\/a>, 18.30 horas. Entrada libre, hasta completar el aforo<\/p>\n<p>Este concierto supone un encuentro con la m\u00fasica pop polaca de los a\u00f1os 80 y 90 del siglo pasado. Juntos cantaremos canciones populares de nuestra tierra que todos los residentes polacos conocemos y otros temas con letras en espa\u00f1ol. Una velada protagonizada por distintos artistas polacos que promete mucha diversi\u00f3n e integraci\u00f3n de las comunidades. Previamente tendr\u00e1 lugar la entrega de premios a los galardonados en el concurso del D\u00eda de la Independencia de Polonia.<\/p>\n<p><a href=\"https:\/\/www.pamplona.es\/actualidad\/eventos\/100-anos-de-la-warner-proyeccion-cinematografica-el-cantor-de-jazz-de-alan\">100 a\u00f1os de la Warner. Proyecci\u00f3n cinematogr\u00e1fica. \u2018El cantor de jazz\u2019, de Alan Crosland. Civivox Condestable<\/a>, 19 horas. Entrada: 2 euros, previa inscripci\u00f3n en el 010, la red Civivox o en <a href=\"http:\/\/www.pamplonaescultura.es\">www.pamplonaescultura.es<\/a><\/p>\n<p>Primer film sonoro. La Warner Bros. Pictures, que por entonces pasaba problemas financieros, fue el primer estudio en sacar un filme sonoro, que alternaba la voz y canciones de Al Jolson con subt\u00edtulos. Por supuesto, e independientemente de la calidad art\u00edstica del filme, se convirti\u00f3 en un gran \u00e9xito de taquilla. La pel\u00edcula ser\u00e1 presentada por Alberto Ca\u00f1ada.<\/p>\n<p><a href=\"https:\/\/www.pamplona.es\/actualidad\/eventos\/xxv-muestra-de-teatro-de-aqui-las-senoritas-de-avignon-con-el-aula-de-teatro-jus\">XXV Muestra de Teatro de Aqu\u00ed. \u2018Las se\u00f1oritas de Avignon\u2019, con el Aula de Teatro Jus la Rotxa. Civivox Iturrama<\/a>, 20 horas. Entrada libre, previa inscripci\u00f3n en el 010, la red Civivox o <a href=\"http:\/\/www.pamplonaescultura.es\">www.pamplonaescultura.es<\/a><\/p>\n<p>Comedia costumbrista que nos pone en escena la vida de las inquilinas de un prostibulo cuya vida depende de la voluntad de los hombres que acuden al prost\u00edbulo y no de sus deseos como personas. Aborda, por tanto, el tema de la b\u00fasqueda de la felicidad en seres cuya condici\u00f3n social la hace imposible. Representa la sociedad espa\u00f1ola de principios del siglo XX, con la presencia de Pablo Picasso en sus comienzos como pintor y visitante del prost\u00edbulo, que retrata las frustaciones de estas \u2018se\u00f1oritas\u2019 de la calle Avi\u00f1\u00f3n.<br \/>\n<script async src=\"\/\/pagead2.googlesyndication.com\/pagead\/js\/adsbygoogle.js\"><\/script><br \/>\n<!-- Noticias La Guia de Pamplona --><br \/>\n<ins class=\"adsbygoogle\"\nstyle=\"display:block\"\ndata-ad-client=\"ca-pub-6943679897239327\"\ndata-ad-slot=\"7048180777\"\ndata-ad-format=\"auto\"><\/ins><br \/>\n<script>\n(adsbygoogle = window.adsbygoogle || []).push({});\n<\/script><\/p>\n<p>&nbsp;<\/p>\n<h3><strong>DOMINGO 12 DE NOVIEMBRE<\/strong><\/h3>\n<p><a href=\"https:\/\/www.pamplona.es\/actualidad\/eventos\/dianas-matinales-domingos-txistularis-y-gaiteros-121123\">Dianas. Txistularis y gaiteros municipales. San Juan y Azpilaga\u00f1a,<\/a> desde las 9 horas. Libre participaci\u00f3n<\/p>\n<p>Las tradicionales\u00a0<strong>dianas matinales<\/strong>\u00a0de los domingos, a cargo de los<strong>\u00a0txistularis y gaiteros de Pamplona<\/strong>, vuelven a las calles de la ciudad desde noviembre de 2023 a junio de 2024. Este domingo los txistularis municipales estar\u00e1n en el barrio de San Juan y los gaiteros municipales en Azpilaga\u00f1a. Durante las pr\u00f3ximas semanas, sonar\u00e1n por <strong>diferentes barrios de la ciudad.<\/strong><\/p>\n<p><a href=\"https:\/\/www.pamplona.es\/actualidad\/eventos\/xxv-muestra-de-teatro-de-aqui-la-venganza-de-don-mendo-con-la-barberia-civivox\">XXV Muestra de Teatro de Aqu\u00ed. \u2018La venganza de Don Mendo\u2019, con La Barber\u00eda. Civivox Mendillorri<\/a>, 20 horas. Entrada libre, previa inscripci\u00f3n en el 010, la red Civivox o <a href=\"http:\/\/www.pamplonaescultura.es\">www.pamplonaescultura.es<\/a><\/p>\n<p>Comedia cl\u00e1sica del teatro espa\u00f1ol. Ambientada en la Espa\u00f1a Medieval, la historia sigue a Don Mendo, un noble deshonrado por el enga\u00f1o de su amada Magdalena. Don Mendo urde una elaborada venganza desencadenando una trama llena de equ\u00edvocos, identidades falsas y enredos amorosos.<br \/>\n<script async src=\"\/\/pagead2.googlesyndication.com\/pagead\/js\/adsbygoogle.js\"><\/script><br \/>\n<!-- Noticias La Guia de Pamplona --><br \/>\n<ins class=\"adsbygoogle\"\nstyle=\"display:block\"\ndata-ad-client=\"ca-pub-6943679897239327\"\ndata-ad-slot=\"7048180777\"\ndata-ad-format=\"auto\"><\/ins><br \/>\n<script>\n(adsbygoogle = window.adsbygoogle || []).push({});\n<\/script><\/p>\n<p>&nbsp;<\/p>\n<h3><strong>LUNES 13 DE NOVIEMBRE<\/strong><\/h3>\n<p><a href=\"https:\/\/www.pamplona.es\/actualidad\/eventos\/presentacion-de-libro-gente-corriente-en-tiempos-convulsos-la-vida-cotidiana-en\">Presentaci\u00f3n de libro. \u2018Gente corriente en tiempos convulsos: la vida cotidiana en el Pa\u00eds Vasco, 1931 \u2013 1939\u2019, de Santiago de Pablo. Biblioteca P\u00fablica de San Francisco<\/a>, 18.30 horas. Inscripciones en la biblioteca, en el 948 210 524 o en <a href=\"mailto:biblisfr@navarra.es\">biblisfr@navarra.es<\/a><\/p>\n<p>Presentaci\u00f3n del libro \u2018Gente corriente en tiempos convulsos: la vida cotidiana en el Pa\u00eds Vasco, 1931-1939\u2019, del catedr\u00e1tico de Historia Contempor\u00e1nea de la UPV\/EHU, Santiago de Pablo. El libro trata no solo de los aspectos cotidianos de la historia del Pa\u00eds Vasco durante el periodo 1931-1939, sino tambi\u00e9n de muchos aspectos de la sociedad navarra de la \u00e9poca.<\/p>\n<p><a href=\"https:\/\/www.pamplona.es\/actualidad\/eventos\/conferencia-que-esta-pasando-en-gaza-biblioteca-publica-de-txantrea-19-horas\">Conferencia. \u2018\u00bfQu\u00e9 est\u00e1 pasando en Gaza?\u2019 Biblioteca P\u00fablica de Txantrea<\/a>, 19 horas. Entrada libre, hasta completar el aforo<\/p>\n<p>Charla organizada por la asociaci\u00f3n Kaskallueta que contar\u00e1 con la presencia de Javier Moreno, del comit\u00e9 navarro de Unrwa, la agencia de Naciones Unidas para la poblaci\u00f3n refugiada de Palestina, que nos ayudar\u00e1 a desentra\u00f1ar qu\u00e9 est\u00e1 ocurriendo en el conflicto israel\u00ed y palestino.<\/p>\n","protected":false},"excerpt":{"rendered":"","protected":false},"author":1,"featured_media":36074,"comment_status":"open","ping_status":"closed","sticky":false,"template":"","format":"standard","meta":{"footnotes":""},"categories":[2],"tags":[],"class_list":["post-47882","post","type-post","status-publish","format-standard","has-post-thumbnail","hentry","category-ayuntamiento-pamplona"],"yoast_head":"<!-- This site is optimized with the Yoast SEO plugin v27.3 - https:\/\/yoast.com\/product\/yoast-seo-wordpress\/ -->\n<title>Propuesta de actividades organizadas por el Ayuntamiento de Pamplona del 10 al 13 de noviembre con plazas libres<\/title>\n<meta name=\"robots\" content=\"index, follow, max-snippet:-1, max-image-preview:large, max-video-preview:-1\" \/>\n<link rel=\"canonical\" href=\"https:\/\/www.laguiadepamplona.com\/actualidad\/propuesta-de-actividades-organizadas-por-el-ayuntamiento-de-pamplona-del-10-al-13-de-noviembre-con-plazas-libres\/\" \/>\n<meta property=\"og:locale\" content=\"es_ES\" \/>\n<meta property=\"og:type\" content=\"article\" \/>\n<meta property=\"og:title\" content=\"Propuesta de actividades organizadas por el Ayuntamiento de Pamplona del 10 al 13 de noviembre con plazas libres\" \/>\n<meta property=\"og:url\" content=\"https:\/\/www.laguiadepamplona.com\/actualidad\/propuesta-de-actividades-organizadas-por-el-ayuntamiento-de-pamplona-del-10-al-13-de-noviembre-con-plazas-libres\/\" \/>\n<meta property=\"og:site_name\" content=\"La Gu\u00eda de Pamplona\" \/>\n<meta property=\"article:publisher\" content=\"https:\/\/www.facebook.com\/laguiadepamplonacom-133175176762273\/?ref=hl\" \/>\n<meta property=\"article:published_time\" content=\"2023-11-09T16:25:53+00:00\" \/>\n<meta property=\"og:image\" content=\"https:\/\/www.laguiadepamplona.com\/actualidad\/wp-content\/uploads\/2021\/08\/ayuntamiento-pamplona2.jpg\" \/>\n\t<meta property=\"og:image:width\" content=\"1920\" \/>\n\t<meta property=\"og:image:height\" content=\"1080\" \/>\n\t<meta property=\"og:image:type\" content=\"image\/jpeg\" \/>\n<meta name=\"author\" content=\"La Gu\u00eda de Pamplona\" \/>\n<meta name=\"twitter:card\" content=\"summary_large_image\" \/>\n<meta name=\"twitter:creator\" content=\"@LaGuiadPamplona\" \/>\n<meta name=\"twitter:site\" content=\"@LaGuiadPamplona\" \/>\n<meta name=\"twitter:label1\" content=\"Escrito por\" \/>\n\t<meta name=\"twitter:data1\" content=\"La Gu\u00eda de Pamplona\" \/>\n\t<meta name=\"twitter:label2\" content=\"Tiempo de lectura\" \/>\n\t<meta name=\"twitter:data2\" content=\"8 minutos\" \/>\n<script type=\"application\/ld+json\" class=\"yoast-schema-graph\">{\"@context\":\"https:\\\/\\\/schema.org\",\"@graph\":[{\"@type\":\"Article\",\"@id\":\"https:\\\/\\\/www.laguiadepamplona.com\\\/actualidad\\\/propuesta-de-actividades-organizadas-por-el-ayuntamiento-de-pamplona-del-10-al-13-de-noviembre-con-plazas-libres\\\/#article\",\"isPartOf\":{\"@id\":\"https:\\\/\\\/www.laguiadepamplona.com\\\/actualidad\\\/propuesta-de-actividades-organizadas-por-el-ayuntamiento-de-pamplona-del-10-al-13-de-noviembre-con-plazas-libres\\\/\"},\"author\":{\"name\":\"La Gu\u00eda de Pamplona\",\"@id\":\"https:\\\/\\\/www.laguiadepamplona.com\\\/actualidad\\\/#\\\/schema\\\/person\\\/efe887376f0213d4657c93adc50b1fdb\"},\"headline\":\"Propuesta de actividades organizadas por el Ayuntamiento de Pamplona del 10 al 13 de noviembre con plazas libres\",\"datePublished\":\"2023-11-09T16:25:53+00:00\",\"mainEntityOfPage\":{\"@id\":\"https:\\\/\\\/www.laguiadepamplona.com\\\/actualidad\\\/propuesta-de-actividades-organizadas-por-el-ayuntamiento-de-pamplona-del-10-al-13-de-noviembre-con-plazas-libres\\\/\"},\"wordCount\":1796,\"commentCount\":0,\"publisher\":{\"@id\":\"https:\\\/\\\/www.laguiadepamplona.com\\\/actualidad\\\/#organization\"},\"image\":{\"@id\":\"https:\\\/\\\/www.laguiadepamplona.com\\\/actualidad\\\/propuesta-de-actividades-organizadas-por-el-ayuntamiento-de-pamplona-del-10-al-13-de-noviembre-con-plazas-libres\\\/#primaryimage\"},\"thumbnailUrl\":\"https:\\\/\\\/www.laguiadepamplona.com\\\/actualidad\\\/wp-content\\\/uploads\\\/2021\\\/08\\\/ayuntamiento-pamplona2.jpg\",\"articleSection\":[\"Ayto Pamplona\"],\"inLanguage\":\"es\",\"potentialAction\":[{\"@type\":\"CommentAction\",\"name\":\"Comment\",\"target\":[\"https:\\\/\\\/www.laguiadepamplona.com\\\/actualidad\\\/propuesta-de-actividades-organizadas-por-el-ayuntamiento-de-pamplona-del-10-al-13-de-noviembre-con-plazas-libres\\\/#respond\"]}]},{\"@type\":\"WebPage\",\"@id\":\"https:\\\/\\\/www.laguiadepamplona.com\\\/actualidad\\\/propuesta-de-actividades-organizadas-por-el-ayuntamiento-de-pamplona-del-10-al-13-de-noviembre-con-plazas-libres\\\/\",\"url\":\"https:\\\/\\\/www.laguiadepamplona.com\\\/actualidad\\\/propuesta-de-actividades-organizadas-por-el-ayuntamiento-de-pamplona-del-10-al-13-de-noviembre-con-plazas-libres\\\/\",\"name\":\"Propuesta de actividades organizadas por el Ayuntamiento de Pamplona del 10 al 13 de noviembre con plazas libres\",\"isPartOf\":{\"@id\":\"https:\\\/\\\/www.laguiadepamplona.com\\\/actualidad\\\/#website\"},\"primaryImageOfPage\":{\"@id\":\"https:\\\/\\\/www.laguiadepamplona.com\\\/actualidad\\\/propuesta-de-actividades-organizadas-por-el-ayuntamiento-de-pamplona-del-10-al-13-de-noviembre-con-plazas-libres\\\/#primaryimage\"},\"image\":{\"@id\":\"https:\\\/\\\/www.laguiadepamplona.com\\\/actualidad\\\/propuesta-de-actividades-organizadas-por-el-ayuntamiento-de-pamplona-del-10-al-13-de-noviembre-con-plazas-libres\\\/#primaryimage\"},\"thumbnailUrl\":\"https:\\\/\\\/www.laguiadepamplona.com\\\/actualidad\\\/wp-content\\\/uploads\\\/2021\\\/08\\\/ayuntamiento-pamplona2.jpg\",\"datePublished\":\"2023-11-09T16:25:53+00:00\",\"breadcrumb\":{\"@id\":\"https:\\\/\\\/www.laguiadepamplona.com\\\/actualidad\\\/propuesta-de-actividades-organizadas-por-el-ayuntamiento-de-pamplona-del-10-al-13-de-noviembre-con-plazas-libres\\\/#breadcrumb\"},\"inLanguage\":\"es\",\"potentialAction\":[{\"@type\":\"ReadAction\",\"target\":[\"https:\\\/\\\/www.laguiadepamplona.com\\\/actualidad\\\/propuesta-de-actividades-organizadas-por-el-ayuntamiento-de-pamplona-del-10-al-13-de-noviembre-con-plazas-libres\\\/\"]}]},{\"@type\":\"ImageObject\",\"inLanguage\":\"es\",\"@id\":\"https:\\\/\\\/www.laguiadepamplona.com\\\/actualidad\\\/propuesta-de-actividades-organizadas-por-el-ayuntamiento-de-pamplona-del-10-al-13-de-noviembre-con-plazas-libres\\\/#primaryimage\",\"url\":\"https:\\\/\\\/www.laguiadepamplona.com\\\/actualidad\\\/wp-content\\\/uploads\\\/2021\\\/08\\\/ayuntamiento-pamplona2.jpg\",\"contentUrl\":\"https:\\\/\\\/www.laguiadepamplona.com\\\/actualidad\\\/wp-content\\\/uploads\\\/2021\\\/08\\\/ayuntamiento-pamplona2.jpg\",\"width\":1920,\"height\":1080,\"caption\":\"ayuntamiento pamplona\"},{\"@type\":\"BreadcrumbList\",\"@id\":\"https:\\\/\\\/www.laguiadepamplona.com\\\/actualidad\\\/propuesta-de-actividades-organizadas-por-el-ayuntamiento-de-pamplona-del-10-al-13-de-noviembre-con-plazas-libres\\\/#breadcrumb\",\"itemListElement\":[{\"@type\":\"ListItem\",\"position\":1,\"name\":\"Portada\",\"item\":\"https:\\\/\\\/www.laguiadepamplona.com\\\/actualidad\\\/\"},{\"@type\":\"ListItem\",\"position\":2,\"name\":\"Propuesta de actividades organizadas por el Ayuntamiento de Pamplona del 10 al 13 de noviembre con plazas libres\"}]},{\"@type\":\"WebSite\",\"@id\":\"https:\\\/\\\/www.laguiadepamplona.com\\\/actualidad\\\/#website\",\"url\":\"https:\\\/\\\/www.laguiadepamplona.com\\\/actualidad\\\/\",\"name\":\"La gu\u00eda de Pamplona\",\"description\":\"Noticias de Pamplona\",\"publisher\":{\"@id\":\"https:\\\/\\\/www.laguiadepamplona.com\\\/actualidad\\\/#organization\"},\"potentialAction\":[{\"@type\":\"SearchAction\",\"target\":{\"@type\":\"EntryPoint\",\"urlTemplate\":\"https:\\\/\\\/www.laguiadepamplona.com\\\/actualidad\\\/?s={search_term_string}\"},\"query-input\":{\"@type\":\"PropertyValueSpecification\",\"valueRequired\":true,\"valueName\":\"search_term_string\"}}],\"inLanguage\":\"es\"},{\"@type\":\"Organization\",\"@id\":\"https:\\\/\\\/www.laguiadepamplona.com\\\/actualidad\\\/#organization\",\"name\":\"La Gu\u00eda de Pamplona \\\/ Noticias\",\"url\":\"https:\\\/\\\/www.laguiadepamplona.com\\\/actualidad\\\/\",\"logo\":{\"@type\":\"ImageObject\",\"inLanguage\":\"es\",\"@id\":\"https:\\\/\\\/www.laguiadepamplona.com\\\/actualidad\\\/#\\\/schema\\\/logo\\\/image\\\/\",\"url\":\"https:\\\/\\\/www.laguiadepamplona.com\\\/actualidad\\\/wp-content\\\/uploads\\\/2018\\\/11\\\/logo-laguiadepamplona18-web1.png\",\"contentUrl\":\"https:\\\/\\\/www.laguiadepamplona.com\\\/actualidad\\\/wp-content\\\/uploads\\\/2018\\\/11\\\/logo-laguiadepamplona18-web1.png\",\"width\":600,\"height\":196,\"caption\":\"La Gu\u00eda de Pamplona \\\/ Noticias\"},\"image\":{\"@id\":\"https:\\\/\\\/www.laguiadepamplona.com\\\/actualidad\\\/#\\\/schema\\\/logo\\\/image\\\/\"},\"sameAs\":[\"https:\\\/\\\/www.facebook.com\\\/laguiadepamplonacom-133175176762273\\\/?ref=hl\",\"https:\\\/\\\/x.com\\\/LaGuiadPamplona\",\"https:\\\/\\\/www.instagram.com\\\/la_guia_de_pamplona\\\/\",\"https:\\\/\\\/www.youtube.com\\\/user\\\/laguiadepamplona\"]},{\"@type\":\"Person\",\"@id\":\"https:\\\/\\\/www.laguiadepamplona.com\\\/actualidad\\\/#\\\/schema\\\/person\\\/efe887376f0213d4657c93adc50b1fdb\",\"name\":\"La Gu\u00eda de Pamplona\",\"image\":{\"@type\":\"ImageObject\",\"inLanguage\":\"es\",\"@id\":\"https:\\\/\\\/secure.gravatar.com\\\/avatar\\\/b6992f131dc8d30ab0dff15446e9d346d9dbd95992de0fef795073f5ea83a81c?s=96&d=mm&r=g\",\"url\":\"https:\\\/\\\/secure.gravatar.com\\\/avatar\\\/b6992f131dc8d30ab0dff15446e9d346d9dbd95992de0fef795073f5ea83a81c?s=96&d=mm&r=g\",\"contentUrl\":\"https:\\\/\\\/secure.gravatar.com\\\/avatar\\\/b6992f131dc8d30ab0dff15446e9d346d9dbd95992de0fef795073f5ea83a81c?s=96&d=mm&r=g\",\"caption\":\"La Gu\u00eda de Pamplona\"}}]}<\/script>\n<!-- \/ Yoast SEO plugin. -->","yoast_head_json":{"title":"Propuesta de actividades organizadas por el Ayuntamiento de Pamplona del 10 al 13 de noviembre con plazas libres","robots":{"index":"index","follow":"follow","max-snippet":"max-snippet:-1","max-image-preview":"max-image-preview:large","max-video-preview":"max-video-preview:-1"},"canonical":"https:\/\/www.laguiadepamplona.com\/actualidad\/propuesta-de-actividades-organizadas-por-el-ayuntamiento-de-pamplona-del-10-al-13-de-noviembre-con-plazas-libres\/","og_locale":"es_ES","og_type":"article","og_title":"Propuesta de actividades organizadas por el Ayuntamiento de Pamplona del 10 al 13 de noviembre con plazas libres","og_url":"https:\/\/www.laguiadepamplona.com\/actualidad\/propuesta-de-actividades-organizadas-por-el-ayuntamiento-de-pamplona-del-10-al-13-de-noviembre-con-plazas-libres\/","og_site_name":"La Gu\u00eda de Pamplona","article_publisher":"https:\/\/www.facebook.com\/laguiadepamplonacom-133175176762273\/?ref=hl","article_published_time":"2023-11-09T16:25:53+00:00","og_image":[{"width":1920,"height":1080,"url":"https:\/\/www.laguiadepamplona.com\/actualidad\/wp-content\/uploads\/2021\/08\/ayuntamiento-pamplona2.jpg","type":"image\/jpeg"}],"author":"La Gu\u00eda de Pamplona","twitter_card":"summary_large_image","twitter_creator":"@LaGuiadPamplona","twitter_site":"@LaGuiadPamplona","twitter_misc":{"Escrito por":"La Gu\u00eda de Pamplona","Tiempo de lectura":"8 minutos"},"schema":{"@context":"https:\/\/schema.org","@graph":[{"@type":"Article","@id":"https:\/\/www.laguiadepamplona.com\/actualidad\/propuesta-de-actividades-organizadas-por-el-ayuntamiento-de-pamplona-del-10-al-13-de-noviembre-con-plazas-libres\/#article","isPartOf":{"@id":"https:\/\/www.laguiadepamplona.com\/actualidad\/propuesta-de-actividades-organizadas-por-el-ayuntamiento-de-pamplona-del-10-al-13-de-noviembre-con-plazas-libres\/"},"author":{"name":"La Gu\u00eda de Pamplona","@id":"https:\/\/www.laguiadepamplona.com\/actualidad\/#\/schema\/person\/efe887376f0213d4657c93adc50b1fdb"},"headline":"Propuesta de actividades organizadas por el Ayuntamiento de Pamplona del 10 al 13 de noviembre con plazas libres","datePublished":"2023-11-09T16:25:53+00:00","mainEntityOfPage":{"@id":"https:\/\/www.laguiadepamplona.com\/actualidad\/propuesta-de-actividades-organizadas-por-el-ayuntamiento-de-pamplona-del-10-al-13-de-noviembre-con-plazas-libres\/"},"wordCount":1796,"commentCount":0,"publisher":{"@id":"https:\/\/www.laguiadepamplona.com\/actualidad\/#organization"},"image":{"@id":"https:\/\/www.laguiadepamplona.com\/actualidad\/propuesta-de-actividades-organizadas-por-el-ayuntamiento-de-pamplona-del-10-al-13-de-noviembre-con-plazas-libres\/#primaryimage"},"thumbnailUrl":"https:\/\/www.laguiadepamplona.com\/actualidad\/wp-content\/uploads\/2021\/08\/ayuntamiento-pamplona2.jpg","articleSection":["Ayto Pamplona"],"inLanguage":"es","potentialAction":[{"@type":"CommentAction","name":"Comment","target":["https:\/\/www.laguiadepamplona.com\/actualidad\/propuesta-de-actividades-organizadas-por-el-ayuntamiento-de-pamplona-del-10-al-13-de-noviembre-con-plazas-libres\/#respond"]}]},{"@type":"WebPage","@id":"https:\/\/www.laguiadepamplona.com\/actualidad\/propuesta-de-actividades-organizadas-por-el-ayuntamiento-de-pamplona-del-10-al-13-de-noviembre-con-plazas-libres\/","url":"https:\/\/www.laguiadepamplona.com\/actualidad\/propuesta-de-actividades-organizadas-por-el-ayuntamiento-de-pamplona-del-10-al-13-de-noviembre-con-plazas-libres\/","name":"Propuesta de actividades organizadas por el Ayuntamiento de Pamplona del 10 al 13 de noviembre con plazas libres","isPartOf":{"@id":"https:\/\/www.laguiadepamplona.com\/actualidad\/#website"},"primaryImageOfPage":{"@id":"https:\/\/www.laguiadepamplona.com\/actualidad\/propuesta-de-actividades-organizadas-por-el-ayuntamiento-de-pamplona-del-10-al-13-de-noviembre-con-plazas-libres\/#primaryimage"},"image":{"@id":"https:\/\/www.laguiadepamplona.com\/actualidad\/propuesta-de-actividades-organizadas-por-el-ayuntamiento-de-pamplona-del-10-al-13-de-noviembre-con-plazas-libres\/#primaryimage"},"thumbnailUrl":"https:\/\/www.laguiadepamplona.com\/actualidad\/wp-content\/uploads\/2021\/08\/ayuntamiento-pamplona2.jpg","datePublished":"2023-11-09T16:25:53+00:00","breadcrumb":{"@id":"https:\/\/www.laguiadepamplona.com\/actualidad\/propuesta-de-actividades-organizadas-por-el-ayuntamiento-de-pamplona-del-10-al-13-de-noviembre-con-plazas-libres\/#breadcrumb"},"inLanguage":"es","potentialAction":[{"@type":"ReadAction","target":["https:\/\/www.laguiadepamplona.com\/actualidad\/propuesta-de-actividades-organizadas-por-el-ayuntamiento-de-pamplona-del-10-al-13-de-noviembre-con-plazas-libres\/"]}]},{"@type":"ImageObject","inLanguage":"es","@id":"https:\/\/www.laguiadepamplona.com\/actualidad\/propuesta-de-actividades-organizadas-por-el-ayuntamiento-de-pamplona-del-10-al-13-de-noviembre-con-plazas-libres\/#primaryimage","url":"https:\/\/www.laguiadepamplona.com\/actualidad\/wp-content\/uploads\/2021\/08\/ayuntamiento-pamplona2.jpg","contentUrl":"https:\/\/www.laguiadepamplona.com\/actualidad\/wp-content\/uploads\/2021\/08\/ayuntamiento-pamplona2.jpg","width":1920,"height":1080,"caption":"ayuntamiento pamplona"},{"@type":"BreadcrumbList","@id":"https:\/\/www.laguiadepamplona.com\/actualidad\/propuesta-de-actividades-organizadas-por-el-ayuntamiento-de-pamplona-del-10-al-13-de-noviembre-con-plazas-libres\/#breadcrumb","itemListElement":[{"@type":"ListItem","position":1,"name":"Portada","item":"https:\/\/www.laguiadepamplona.com\/actualidad\/"},{"@type":"ListItem","position":2,"name":"Propuesta de actividades organizadas por el Ayuntamiento de Pamplona del 10 al 13 de noviembre con plazas libres"}]},{"@type":"WebSite","@id":"https:\/\/www.laguiadepamplona.com\/actualidad\/#website","url":"https:\/\/www.laguiadepamplona.com\/actualidad\/","name":"La gu\u00eda de Pamplona","description":"Noticias de Pamplona","publisher":{"@id":"https:\/\/www.laguiadepamplona.com\/actualidad\/#organization"},"potentialAction":[{"@type":"SearchAction","target":{"@type":"EntryPoint","urlTemplate":"https:\/\/www.laguiadepamplona.com\/actualidad\/?s={search_term_string}"},"query-input":{"@type":"PropertyValueSpecification","valueRequired":true,"valueName":"search_term_string"}}],"inLanguage":"es"},{"@type":"Organization","@id":"https:\/\/www.laguiadepamplona.com\/actualidad\/#organization","name":"La Gu\u00eda de Pamplona \/ Noticias","url":"https:\/\/www.laguiadepamplona.com\/actualidad\/","logo":{"@type":"ImageObject","inLanguage":"es","@id":"https:\/\/www.laguiadepamplona.com\/actualidad\/#\/schema\/logo\/image\/","url":"https:\/\/www.laguiadepamplona.com\/actualidad\/wp-content\/uploads\/2018\/11\/logo-laguiadepamplona18-web1.png","contentUrl":"https:\/\/www.laguiadepamplona.com\/actualidad\/wp-content\/uploads\/2018\/11\/logo-laguiadepamplona18-web1.png","width":600,"height":196,"caption":"La Gu\u00eda de Pamplona \/ Noticias"},"image":{"@id":"https:\/\/www.laguiadepamplona.com\/actualidad\/#\/schema\/logo\/image\/"},"sameAs":["https:\/\/www.facebook.com\/laguiadepamplonacom-133175176762273\/?ref=hl","https:\/\/x.com\/LaGuiadPamplona","https:\/\/www.instagram.com\/la_guia_de_pamplona\/","https:\/\/www.youtube.com\/user\/laguiadepamplona"]},{"@type":"Person","@id":"https:\/\/www.laguiadepamplona.com\/actualidad\/#\/schema\/person\/efe887376f0213d4657c93adc50b1fdb","name":"La Gu\u00eda de Pamplona","image":{"@type":"ImageObject","inLanguage":"es","@id":"https:\/\/secure.gravatar.com\/avatar\/b6992f131dc8d30ab0dff15446e9d346d9dbd95992de0fef795073f5ea83a81c?s=96&d=mm&r=g","url":"https:\/\/secure.gravatar.com\/avatar\/b6992f131dc8d30ab0dff15446e9d346d9dbd95992de0fef795073f5ea83a81c?s=96&d=mm&r=g","contentUrl":"https:\/\/secure.gravatar.com\/avatar\/b6992f131dc8d30ab0dff15446e9d346d9dbd95992de0fef795073f5ea83a81c?s=96&d=mm&r=g","caption":"La Gu\u00eda de Pamplona"}}]}},"post_mailing_queue_ids":[],"_links":{"self":[{"href":"https:\/\/www.laguiadepamplona.com\/actualidad\/wp-json\/wp\/v2\/posts\/47882","targetHints":{"allow":["GET"]}}],"collection":[{"href":"https:\/\/www.laguiadepamplona.com\/actualidad\/wp-json\/wp\/v2\/posts"}],"about":[{"href":"https:\/\/www.laguiadepamplona.com\/actualidad\/wp-json\/wp\/v2\/types\/post"}],"author":[{"embeddable":true,"href":"https:\/\/www.laguiadepamplona.com\/actualidad\/wp-json\/wp\/v2\/users\/1"}],"replies":[{"embeddable":true,"href":"https:\/\/www.laguiadepamplona.com\/actualidad\/wp-json\/wp\/v2\/comments?post=47882"}],"version-history":[{"count":1,"href":"https:\/\/www.laguiadepamplona.com\/actualidad\/wp-json\/wp\/v2\/posts\/47882\/revisions"}],"predecessor-version":[{"id":47883,"href":"https:\/\/www.laguiadepamplona.com\/actualidad\/wp-json\/wp\/v2\/posts\/47882\/revisions\/47883"}],"wp:featuredmedia":[{"embeddable":true,"href":"https:\/\/www.laguiadepamplona.com\/actualidad\/wp-json\/wp\/v2\/media\/36074"}],"wp:attachment":[{"href":"https:\/\/www.laguiadepamplona.com\/actualidad\/wp-json\/wp\/v2\/media?parent=47882"}],"wp:term":[{"taxonomy":"category","embeddable":true,"href":"https:\/\/www.laguiadepamplona.com\/actualidad\/wp-json\/wp\/v2\/categories?post=47882"},{"taxonomy":"post_tag","embeddable":true,"href":"https:\/\/www.laguiadepamplona.com\/actualidad\/wp-json\/wp\/v2\/tags?post=47882"}],"curies":[{"name":"wp","href":"https:\/\/api.w.org\/{rel}","templated":true}]}}