{"id":47880,"date":"2023-11-09T18:24:06","date_gmt":"2023-11-09T16:24:06","guid":{"rendered":"https:\/\/www.laguiadepamplona.com\/actualidad\/?p=47880"},"modified":"2023-11-09T18:24:06","modified_gmt":"2023-11-09T16:24:06","slug":"el-ayuntamiento-de-pamplona-convoca-pruebas-selectivas-para-confeccionar-listas-para-la-contratacion-temporal-de-tecnico-de-grado-medio","status":"publish","type":"post","link":"https:\/\/www.laguiadepamplona.com\/actualidad\/el-ayuntamiento-de-pamplona-convoca-pruebas-selectivas-para-confeccionar-listas-para-la-contratacion-temporal-de-tecnico-de-grado-medio\/","title":{"rendered":"El Ayuntamiento de Pamplona convoca pruebas selectivas para confeccionar listas para la contrataci\u00f3n temporal de t\u00e9cnico de Grado Medio"},"content":{"rendered":"<h3>Tambi\u00e9n se constituir\u00e1 una lista para la formaci\u00f3n en situaci\u00f3n de servicios especiales, entre el personal funcionario<\/h3>\n<p><!--more--><\/p>\n<p>El Ayuntamiento de Pamplona ha convocado un proceso selectivo para confeccionar sendas listas de personas disponibles para la contrataci\u00f3n temporal y para la formaci\u00f3n de t\u00e9cnico de Grado Medio, en los \u00e1mbitos de Participaci\u00f3n, Juventud, Acci\u00f3n Comunitaria, Igualdad y Diversidad Cultural. Las inscripciones podr\u00e1n realizarse hasta el 20 de este mes. Las bases completas de la convocatoria pueden consultarse en la <a href=\"https:\/\/sedeelectronica.pamplona.es\/FichaTramite.aspx?id=EP3000049&amp;Idioma=1\" target=\"_blank\" rel=\"noopener\">ficha de tr\u00e1mite de la web municipal<\/a>.<br \/>\n<script async src=\"\/\/pagead2.googlesyndication.com\/pagead\/js\/adsbygoogle.js\"><\/script><br \/>\n<!-- Noticias La Guia de Pamplona --><br \/>\n<ins class=\"adsbygoogle\"\nstyle=\"display:block\"\ndata-ad-client=\"ca-pub-6943679897239327\"\ndata-ad-slot=\"7048180777\"\ndata-ad-format=\"auto\"><\/ins><br \/>\n<script>\n(adsbygoogle = window.adsbygoogle || []).push({});\n<\/script><\/p>\n<p>Para poder optar al proceso de selecci\u00f3n de personas para la formaci\u00f3n en situaci\u00f3n de servicios especiales es preciso ostentar la condici\u00f3n de personal fijo al servicio del Ayuntamiento de Pamplona. En el caso de la lista para la contrataci\u00f3n temporal, \u00e9sta est\u00e1 abierta a todas aquellas personas que cuenten con un t\u00edtulo de diplomatura o grado universitario, de Ingenier\u00eda T\u00e9cnica, Arquitectura T\u00e9cnica o t\u00edtulos declarados equivalentes. Adem\u00e1s, ser\u00e1 necesario no hallarse inhabilitado para el ejercicio de funciones p\u00fablicas y contar con la capacidad f\u00edsica y ps\u00edquica necesaria para el ejercicio de las correspondientes funciones.<\/p>\n<p>Las personas interesadas deber\u00e1n presentar la solicitud de <a href=\"https:\/\/sedeelectronica.pamplona.es\/FichaTramite.aspx?id=EP3000049&amp;Idioma=1\" target=\"_blank\" rel=\"noopener\">forma telem\u00e1tica<\/a> y abonar una tasa de 11 euros. La solicitud deber\u00e1 ir acompa\u00f1ada de una fotocopia del DNI, una copia de la titulaci\u00f3n exigida, y una fotocopia del t\u00edtulo de nivel C1 de euskera o equivalente, en su caso, as\u00ed como la documentaci\u00f3n que acredita una discapacidad reconocida, si la tuviera.<br \/>\n<script async src=\"\/\/pagead2.googlesyndication.com\/pagead\/js\/adsbygoogle.js\"><\/script><br \/>\n<!-- Noticias La Guia de Pamplona --><br \/>\n<ins class=\"adsbygoogle\"\nstyle=\"display:block\"\ndata-ad-client=\"ca-pub-6943679897239327\"\ndata-ad-slot=\"7048180777\"\ndata-ad-format=\"auto\"><\/ins><br \/>\n<script>\n(adsbygoogle = window.adsbygoogle || []).push({});\n<\/script><\/p>\n<p>Quienes resulten admitidos en el proceso deber\u00e1n superar un examen tipo test con varias alternativas de respuesta sobre el temario desglosado en la convocatoria. En \u00e9l se exige, entre otros aspectos, tener conocimientos de la ley del Procedimiento Administrativo Com\u00fan a las Administraciones P\u00fablicas, as\u00ed como varias ordenanzas, reglamentos y planes del Ayuntamiento de Pamplona en materia de subvenciones, participaci\u00f3n ciudadana, juventud, diversidad cultural.<\/p>\n","protected":false},"excerpt":{"rendered":"<p>Tambi\u00e9n se constituir\u00e1 una lista para la formaci\u00f3n en situaci\u00f3n de servicios especiales, entre el personal funcionario<\/p>\n","protected":false},"author":1,"featured_media":43423,"comment_status":"open","ping_status":"closed","sticky":false,"template":"","format":"standard","meta":{"footnotes":""},"categories":[2],"tags":[],"class_list":["post-47880","post","type-post","status-publish","format-standard","has-post-thumbnail","hentry","category-ayuntamiento-pamplona"],"yoast_head":"<!-- This site is optimized with the Yoast SEO plugin v27.3 - https:\/\/yoast.com\/product\/yoast-seo-wordpress\/ -->\n<title>El Ayuntamiento de Pamplona convoca pruebas selectivas para confeccionar listas para la contrataci\u00f3n temporal de t\u00e9cnico de Grado Medio<\/title>\n<meta name=\"description\" content=\"Tambi\u00e9n se constituir\u00e1 una lista para la formaci\u00f3n en situaci\u00f3n de servicios especiales, entre el personal funcionario\" \/>\n<meta name=\"robots\" content=\"index, follow, max-snippet:-1, max-image-preview:large, max-video-preview:-1\" \/>\n<link rel=\"canonical\" href=\"https:\/\/www.laguiadepamplona.com\/actualidad\/el-ayuntamiento-de-pamplona-convoca-pruebas-selectivas-para-confeccionar-listas-para-la-contratacion-temporal-de-tecnico-de-grado-medio\/\" \/>\n<meta property=\"og:locale\" content=\"es_ES\" \/>\n<meta property=\"og:type\" content=\"article\" \/>\n<meta property=\"og:title\" content=\"El Ayuntamiento de Pamplona convoca pruebas selectivas para confeccionar listas para la contrataci\u00f3n temporal de t\u00e9cnico de Grado Medio\" \/>\n<meta property=\"og:description\" content=\"Tambi\u00e9n se constituir\u00e1 una lista para la formaci\u00f3n en situaci\u00f3n de servicios especiales, entre el personal funcionario\" \/>\n<meta property=\"og:url\" content=\"https:\/\/www.laguiadepamplona.com\/actualidad\/el-ayuntamiento-de-pamplona-convoca-pruebas-selectivas-para-confeccionar-listas-para-la-contratacion-temporal-de-tecnico-de-grado-medio\/\" \/>\n<meta property=\"og:site_name\" content=\"La Gu\u00eda de Pamplona\" \/>\n<meta property=\"article:publisher\" content=\"https:\/\/www.facebook.com\/laguiadepamplonacom-133175176762273\/?ref=hl\" \/>\n<meta property=\"article:published_time\" content=\"2023-11-09T16:24:06+00:00\" \/>\n<meta property=\"og:image\" content=\"https:\/\/www.laguiadepamplona.com\/actualidad\/wp-content\/uploads\/2023\/04\/examen.jpg\" \/>\n\t<meta property=\"og:image:width\" content=\"600\" \/>\n\t<meta property=\"og:image:height\" content=\"300\" \/>\n\t<meta property=\"og:image:type\" content=\"image\/jpeg\" \/>\n<meta name=\"author\" content=\"La Gu\u00eda de Pamplona\" \/>\n<meta name=\"twitter:card\" content=\"summary_large_image\" \/>\n<meta name=\"twitter:creator\" content=\"@LaGuiadPamplona\" \/>\n<meta name=\"twitter:site\" content=\"@LaGuiadPamplona\" \/>\n<meta name=\"twitter:label1\" content=\"Escrito por\" \/>\n\t<meta name=\"twitter:data1\" content=\"La Gu\u00eda de Pamplona\" \/>\n\t<meta name=\"twitter:label2\" content=\"Tiempo de lectura\" \/>\n\t<meta name=\"twitter:data2\" content=\"2 minutos\" \/>\n<script type=\"application\/ld+json\" class=\"yoast-schema-graph\">{\"@context\":\"https:\\\/\\\/schema.org\",\"@graph\":[{\"@type\":\"Article\",\"@id\":\"https:\\\/\\\/www.laguiadepamplona.com\\\/actualidad\\\/el-ayuntamiento-de-pamplona-convoca-pruebas-selectivas-para-confeccionar-listas-para-la-contratacion-temporal-de-tecnico-de-grado-medio\\\/#article\",\"isPartOf\":{\"@id\":\"https:\\\/\\\/www.laguiadepamplona.com\\\/actualidad\\\/el-ayuntamiento-de-pamplona-convoca-pruebas-selectivas-para-confeccionar-listas-para-la-contratacion-temporal-de-tecnico-de-grado-medio\\\/\"},\"author\":{\"name\":\"La Gu\u00eda de Pamplona\",\"@id\":\"https:\\\/\\\/www.laguiadepamplona.com\\\/actualidad\\\/#\\\/schema\\\/person\\\/efe887376f0213d4657c93adc50b1fdb\"},\"headline\":\"El Ayuntamiento de Pamplona convoca pruebas selectivas para confeccionar listas para la contrataci\u00f3n temporal de t\u00e9cnico de Grado Medio\",\"datePublished\":\"2023-11-09T16:24:06+00:00\",\"mainEntityOfPage\":{\"@id\":\"https:\\\/\\\/www.laguiadepamplona.com\\\/actualidad\\\/el-ayuntamiento-de-pamplona-convoca-pruebas-selectivas-para-confeccionar-listas-para-la-contratacion-temporal-de-tecnico-de-grado-medio\\\/\"},\"wordCount\":357,\"commentCount\":0,\"publisher\":{\"@id\":\"https:\\\/\\\/www.laguiadepamplona.com\\\/actualidad\\\/#organization\"},\"image\":{\"@id\":\"https:\\\/\\\/www.laguiadepamplona.com\\\/actualidad\\\/el-ayuntamiento-de-pamplona-convoca-pruebas-selectivas-para-confeccionar-listas-para-la-contratacion-temporal-de-tecnico-de-grado-medio\\\/#primaryimage\"},\"thumbnailUrl\":\"https:\\\/\\\/www.laguiadepamplona.com\\\/actualidad\\\/wp-content\\\/uploads\\\/2023\\\/04\\\/examen.jpg\",\"articleSection\":[\"Ayto Pamplona\"],\"inLanguage\":\"es\",\"potentialAction\":[{\"@type\":\"CommentAction\",\"name\":\"Comment\",\"target\":[\"https:\\\/\\\/www.laguiadepamplona.com\\\/actualidad\\\/el-ayuntamiento-de-pamplona-convoca-pruebas-selectivas-para-confeccionar-listas-para-la-contratacion-temporal-de-tecnico-de-grado-medio\\\/#respond\"]}]},{\"@type\":\"WebPage\",\"@id\":\"https:\\\/\\\/www.laguiadepamplona.com\\\/actualidad\\\/el-ayuntamiento-de-pamplona-convoca-pruebas-selectivas-para-confeccionar-listas-para-la-contratacion-temporal-de-tecnico-de-grado-medio\\\/\",\"url\":\"https:\\\/\\\/www.laguiadepamplona.com\\\/actualidad\\\/el-ayuntamiento-de-pamplona-convoca-pruebas-selectivas-para-confeccionar-listas-para-la-contratacion-temporal-de-tecnico-de-grado-medio\\\/\",\"name\":\"El Ayuntamiento de Pamplona convoca pruebas selectivas para confeccionar listas para la contrataci\u00f3n temporal de t\u00e9cnico de Grado Medio\",\"isPartOf\":{\"@id\":\"https:\\\/\\\/www.laguiadepamplona.com\\\/actualidad\\\/#website\"},\"primaryImageOfPage\":{\"@id\":\"https:\\\/\\\/www.laguiadepamplona.com\\\/actualidad\\\/el-ayuntamiento-de-pamplona-convoca-pruebas-selectivas-para-confeccionar-listas-para-la-contratacion-temporal-de-tecnico-de-grado-medio\\\/#primaryimage\"},\"image\":{\"@id\":\"https:\\\/\\\/www.laguiadepamplona.com\\\/actualidad\\\/el-ayuntamiento-de-pamplona-convoca-pruebas-selectivas-para-confeccionar-listas-para-la-contratacion-temporal-de-tecnico-de-grado-medio\\\/#primaryimage\"},\"thumbnailUrl\":\"https:\\\/\\\/www.laguiadepamplona.com\\\/actualidad\\\/wp-content\\\/uploads\\\/2023\\\/04\\\/examen.jpg\",\"datePublished\":\"2023-11-09T16:24:06+00:00\",\"description\":\"Tambi\u00e9n se constituir\u00e1 una lista para la formaci\u00f3n en situaci\u00f3n de servicios especiales, entre el personal funcionario\",\"breadcrumb\":{\"@id\":\"https:\\\/\\\/www.laguiadepamplona.com\\\/actualidad\\\/el-ayuntamiento-de-pamplona-convoca-pruebas-selectivas-para-confeccionar-listas-para-la-contratacion-temporal-de-tecnico-de-grado-medio\\\/#breadcrumb\"},\"inLanguage\":\"es\",\"potentialAction\":[{\"@type\":\"ReadAction\",\"target\":[\"https:\\\/\\\/www.laguiadepamplona.com\\\/actualidad\\\/el-ayuntamiento-de-pamplona-convoca-pruebas-selectivas-para-confeccionar-listas-para-la-contratacion-temporal-de-tecnico-de-grado-medio\\\/\"]}]},{\"@type\":\"ImageObject\",\"inLanguage\":\"es\",\"@id\":\"https:\\\/\\\/www.laguiadepamplona.com\\\/actualidad\\\/el-ayuntamiento-de-pamplona-convoca-pruebas-selectivas-para-confeccionar-listas-para-la-contratacion-temporal-de-tecnico-de-grado-medio\\\/#primaryimage\",\"url\":\"https:\\\/\\\/www.laguiadepamplona.com\\\/actualidad\\\/wp-content\\\/uploads\\\/2023\\\/04\\\/examen.jpg\",\"contentUrl\":\"https:\\\/\\\/www.laguiadepamplona.com\\\/actualidad\\\/wp-content\\\/uploads\\\/2023\\\/04\\\/examen.jpg\",\"width\":600,\"height\":300},{\"@type\":\"BreadcrumbList\",\"@id\":\"https:\\\/\\\/www.laguiadepamplona.com\\\/actualidad\\\/el-ayuntamiento-de-pamplona-convoca-pruebas-selectivas-para-confeccionar-listas-para-la-contratacion-temporal-de-tecnico-de-grado-medio\\\/#breadcrumb\",\"itemListElement\":[{\"@type\":\"ListItem\",\"position\":1,\"name\":\"Portada\",\"item\":\"https:\\\/\\\/www.laguiadepamplona.com\\\/actualidad\\\/\"},{\"@type\":\"ListItem\",\"position\":2,\"name\":\"El Ayuntamiento de Pamplona convoca pruebas selectivas para confeccionar listas para la contrataci\u00f3n temporal de t\u00e9cnico de Grado Medio\"}]},{\"@type\":\"WebSite\",\"@id\":\"https:\\\/\\\/www.laguiadepamplona.com\\\/actualidad\\\/#website\",\"url\":\"https:\\\/\\\/www.laguiadepamplona.com\\\/actualidad\\\/\",\"name\":\"La gu\u00eda de Pamplona\",\"description\":\"Noticias de Pamplona\",\"publisher\":{\"@id\":\"https:\\\/\\\/www.laguiadepamplona.com\\\/actualidad\\\/#organization\"},\"potentialAction\":[{\"@type\":\"SearchAction\",\"target\":{\"@type\":\"EntryPoint\",\"urlTemplate\":\"https:\\\/\\\/www.laguiadepamplona.com\\\/actualidad\\\/?s={search_term_string}\"},\"query-input\":{\"@type\":\"PropertyValueSpecification\",\"valueRequired\":true,\"valueName\":\"search_term_string\"}}],\"inLanguage\":\"es\"},{\"@type\":\"Organization\",\"@id\":\"https:\\\/\\\/www.laguiadepamplona.com\\\/actualidad\\\/#organization\",\"name\":\"La Gu\u00eda de Pamplona \\\/ Noticias\",\"url\":\"https:\\\/\\\/www.laguiadepamplona.com\\\/actualidad\\\/\",\"logo\":{\"@type\":\"ImageObject\",\"inLanguage\":\"es\",\"@id\":\"https:\\\/\\\/www.laguiadepamplona.com\\\/actualidad\\\/#\\\/schema\\\/logo\\\/image\\\/\",\"url\":\"https:\\\/\\\/www.laguiadepamplona.com\\\/actualidad\\\/wp-content\\\/uploads\\\/2018\\\/11\\\/logo-laguiadepamplona18-web1.png\",\"contentUrl\":\"https:\\\/\\\/www.laguiadepamplona.com\\\/actualidad\\\/wp-content\\\/uploads\\\/2018\\\/11\\\/logo-laguiadepamplona18-web1.png\",\"width\":600,\"height\":196,\"caption\":\"La Gu\u00eda de Pamplona \\\/ Noticias\"},\"image\":{\"@id\":\"https:\\\/\\\/www.laguiadepamplona.com\\\/actualidad\\\/#\\\/schema\\\/logo\\\/image\\\/\"},\"sameAs\":[\"https:\\\/\\\/www.facebook.com\\\/laguiadepamplonacom-133175176762273\\\/?ref=hl\",\"https:\\\/\\\/x.com\\\/LaGuiadPamplona\",\"https:\\\/\\\/www.instagram.com\\\/la_guia_de_pamplona\\\/\",\"https:\\\/\\\/www.youtube.com\\\/user\\\/laguiadepamplona\"]},{\"@type\":\"Person\",\"@id\":\"https:\\\/\\\/www.laguiadepamplona.com\\\/actualidad\\\/#\\\/schema\\\/person\\\/efe887376f0213d4657c93adc50b1fdb\",\"name\":\"La Gu\u00eda de Pamplona\",\"image\":{\"@type\":\"ImageObject\",\"inLanguage\":\"es\",\"@id\":\"https:\\\/\\\/secure.gravatar.com\\\/avatar\\\/b6992f131dc8d30ab0dff15446e9d346d9dbd95992de0fef795073f5ea83a81c?s=96&d=mm&r=g\",\"url\":\"https:\\\/\\\/secure.gravatar.com\\\/avatar\\\/b6992f131dc8d30ab0dff15446e9d346d9dbd95992de0fef795073f5ea83a81c?s=96&d=mm&r=g\",\"contentUrl\":\"https:\\\/\\\/secure.gravatar.com\\\/avatar\\\/b6992f131dc8d30ab0dff15446e9d346d9dbd95992de0fef795073f5ea83a81c?s=96&d=mm&r=g\",\"caption\":\"La Gu\u00eda de Pamplona\"}}]}<\/script>\n<!-- \/ Yoast SEO plugin. -->","yoast_head_json":{"title":"El Ayuntamiento de Pamplona convoca pruebas selectivas para confeccionar listas para la contrataci\u00f3n temporal de t\u00e9cnico de Grado Medio","description":"Tambi\u00e9n se constituir\u00e1 una lista para la formaci\u00f3n en situaci\u00f3n de servicios especiales, entre el personal funcionario","robots":{"index":"index","follow":"follow","max-snippet":"max-snippet:-1","max-image-preview":"max-image-preview:large","max-video-preview":"max-video-preview:-1"},"canonical":"https:\/\/www.laguiadepamplona.com\/actualidad\/el-ayuntamiento-de-pamplona-convoca-pruebas-selectivas-para-confeccionar-listas-para-la-contratacion-temporal-de-tecnico-de-grado-medio\/","og_locale":"es_ES","og_type":"article","og_title":"El Ayuntamiento de Pamplona convoca pruebas selectivas para confeccionar listas para la contrataci\u00f3n temporal de t\u00e9cnico de Grado Medio","og_description":"Tambi\u00e9n se constituir\u00e1 una lista para la formaci\u00f3n en situaci\u00f3n de servicios especiales, entre el personal funcionario","og_url":"https:\/\/www.laguiadepamplona.com\/actualidad\/el-ayuntamiento-de-pamplona-convoca-pruebas-selectivas-para-confeccionar-listas-para-la-contratacion-temporal-de-tecnico-de-grado-medio\/","og_site_name":"La Gu\u00eda de Pamplona","article_publisher":"https:\/\/www.facebook.com\/laguiadepamplonacom-133175176762273\/?ref=hl","article_published_time":"2023-11-09T16:24:06+00:00","og_image":[{"width":600,"height":300,"url":"https:\/\/www.laguiadepamplona.com\/actualidad\/wp-content\/uploads\/2023\/04\/examen.jpg","type":"image\/jpeg"}],"author":"La Gu\u00eda de Pamplona","twitter_card":"summary_large_image","twitter_creator":"@LaGuiadPamplona","twitter_site":"@LaGuiadPamplona","twitter_misc":{"Escrito por":"La Gu\u00eda de Pamplona","Tiempo de lectura":"2 minutos"},"schema":{"@context":"https:\/\/schema.org","@graph":[{"@type":"Article","@id":"https:\/\/www.laguiadepamplona.com\/actualidad\/el-ayuntamiento-de-pamplona-convoca-pruebas-selectivas-para-confeccionar-listas-para-la-contratacion-temporal-de-tecnico-de-grado-medio\/#article","isPartOf":{"@id":"https:\/\/www.laguiadepamplona.com\/actualidad\/el-ayuntamiento-de-pamplona-convoca-pruebas-selectivas-para-confeccionar-listas-para-la-contratacion-temporal-de-tecnico-de-grado-medio\/"},"author":{"name":"La Gu\u00eda de Pamplona","@id":"https:\/\/www.laguiadepamplona.com\/actualidad\/#\/schema\/person\/efe887376f0213d4657c93adc50b1fdb"},"headline":"El Ayuntamiento de Pamplona convoca pruebas selectivas para confeccionar listas para la contrataci\u00f3n temporal de t\u00e9cnico de Grado Medio","datePublished":"2023-11-09T16:24:06+00:00","mainEntityOfPage":{"@id":"https:\/\/www.laguiadepamplona.com\/actualidad\/el-ayuntamiento-de-pamplona-convoca-pruebas-selectivas-para-confeccionar-listas-para-la-contratacion-temporal-de-tecnico-de-grado-medio\/"},"wordCount":357,"commentCount":0,"publisher":{"@id":"https:\/\/www.laguiadepamplona.com\/actualidad\/#organization"},"image":{"@id":"https:\/\/www.laguiadepamplona.com\/actualidad\/el-ayuntamiento-de-pamplona-convoca-pruebas-selectivas-para-confeccionar-listas-para-la-contratacion-temporal-de-tecnico-de-grado-medio\/#primaryimage"},"thumbnailUrl":"https:\/\/www.laguiadepamplona.com\/actualidad\/wp-content\/uploads\/2023\/04\/examen.jpg","articleSection":["Ayto Pamplona"],"inLanguage":"es","potentialAction":[{"@type":"CommentAction","name":"Comment","target":["https:\/\/www.laguiadepamplona.com\/actualidad\/el-ayuntamiento-de-pamplona-convoca-pruebas-selectivas-para-confeccionar-listas-para-la-contratacion-temporal-de-tecnico-de-grado-medio\/#respond"]}]},{"@type":"WebPage","@id":"https:\/\/www.laguiadepamplona.com\/actualidad\/el-ayuntamiento-de-pamplona-convoca-pruebas-selectivas-para-confeccionar-listas-para-la-contratacion-temporal-de-tecnico-de-grado-medio\/","url":"https:\/\/www.laguiadepamplona.com\/actualidad\/el-ayuntamiento-de-pamplona-convoca-pruebas-selectivas-para-confeccionar-listas-para-la-contratacion-temporal-de-tecnico-de-grado-medio\/","name":"El Ayuntamiento de Pamplona convoca pruebas selectivas para confeccionar listas para la contrataci\u00f3n temporal de t\u00e9cnico de Grado Medio","isPartOf":{"@id":"https:\/\/www.laguiadepamplona.com\/actualidad\/#website"},"primaryImageOfPage":{"@id":"https:\/\/www.laguiadepamplona.com\/actualidad\/el-ayuntamiento-de-pamplona-convoca-pruebas-selectivas-para-confeccionar-listas-para-la-contratacion-temporal-de-tecnico-de-grado-medio\/#primaryimage"},"image":{"@id":"https:\/\/www.laguiadepamplona.com\/actualidad\/el-ayuntamiento-de-pamplona-convoca-pruebas-selectivas-para-confeccionar-listas-para-la-contratacion-temporal-de-tecnico-de-grado-medio\/#primaryimage"},"thumbnailUrl":"https:\/\/www.laguiadepamplona.com\/actualidad\/wp-content\/uploads\/2023\/04\/examen.jpg","datePublished":"2023-11-09T16:24:06+00:00","description":"Tambi\u00e9n se constituir\u00e1 una lista para la formaci\u00f3n en situaci\u00f3n de servicios especiales, entre el personal funcionario","breadcrumb":{"@id":"https:\/\/www.laguiadepamplona.com\/actualidad\/el-ayuntamiento-de-pamplona-convoca-pruebas-selectivas-para-confeccionar-listas-para-la-contratacion-temporal-de-tecnico-de-grado-medio\/#breadcrumb"},"inLanguage":"es","potentialAction":[{"@type":"ReadAction","target":["https:\/\/www.laguiadepamplona.com\/actualidad\/el-ayuntamiento-de-pamplona-convoca-pruebas-selectivas-para-confeccionar-listas-para-la-contratacion-temporal-de-tecnico-de-grado-medio\/"]}]},{"@type":"ImageObject","inLanguage":"es","@id":"https:\/\/www.laguiadepamplona.com\/actualidad\/el-ayuntamiento-de-pamplona-convoca-pruebas-selectivas-para-confeccionar-listas-para-la-contratacion-temporal-de-tecnico-de-grado-medio\/#primaryimage","url":"https:\/\/www.laguiadepamplona.com\/actualidad\/wp-content\/uploads\/2023\/04\/examen.jpg","contentUrl":"https:\/\/www.laguiadepamplona.com\/actualidad\/wp-content\/uploads\/2023\/04\/examen.jpg","width":600,"height":300},{"@type":"BreadcrumbList","@id":"https:\/\/www.laguiadepamplona.com\/actualidad\/el-ayuntamiento-de-pamplona-convoca-pruebas-selectivas-para-confeccionar-listas-para-la-contratacion-temporal-de-tecnico-de-grado-medio\/#breadcrumb","itemListElement":[{"@type":"ListItem","position":1,"name":"Portada","item":"https:\/\/www.laguiadepamplona.com\/actualidad\/"},{"@type":"ListItem","position":2,"name":"El Ayuntamiento de Pamplona convoca pruebas selectivas para confeccionar listas para la contrataci\u00f3n temporal de t\u00e9cnico de Grado Medio"}]},{"@type":"WebSite","@id":"https:\/\/www.laguiadepamplona.com\/actualidad\/#website","url":"https:\/\/www.laguiadepamplona.com\/actualidad\/","name":"La gu\u00eda de Pamplona","description":"Noticias de Pamplona","publisher":{"@id":"https:\/\/www.laguiadepamplona.com\/actualidad\/#organization"},"potentialAction":[{"@type":"SearchAction","target":{"@type":"EntryPoint","urlTemplate":"https:\/\/www.laguiadepamplona.com\/actualidad\/?s={search_term_string}"},"query-input":{"@type":"PropertyValueSpecification","valueRequired":true,"valueName":"search_term_string"}}],"inLanguage":"es"},{"@type":"Organization","@id":"https:\/\/www.laguiadepamplona.com\/actualidad\/#organization","name":"La Gu\u00eda de Pamplona \/ Noticias","url":"https:\/\/www.laguiadepamplona.com\/actualidad\/","logo":{"@type":"ImageObject","inLanguage":"es","@id":"https:\/\/www.laguiadepamplona.com\/actualidad\/#\/schema\/logo\/image\/","url":"https:\/\/www.laguiadepamplona.com\/actualidad\/wp-content\/uploads\/2018\/11\/logo-laguiadepamplona18-web1.png","contentUrl":"https:\/\/www.laguiadepamplona.com\/actualidad\/wp-content\/uploads\/2018\/11\/logo-laguiadepamplona18-web1.png","width":600,"height":196,"caption":"La Gu\u00eda de Pamplona \/ Noticias"},"image":{"@id":"https:\/\/www.laguiadepamplona.com\/actualidad\/#\/schema\/logo\/image\/"},"sameAs":["https:\/\/www.facebook.com\/laguiadepamplonacom-133175176762273\/?ref=hl","https:\/\/x.com\/LaGuiadPamplona","https:\/\/www.instagram.com\/la_guia_de_pamplona\/","https:\/\/www.youtube.com\/user\/laguiadepamplona"]},{"@type":"Person","@id":"https:\/\/www.laguiadepamplona.com\/actualidad\/#\/schema\/person\/efe887376f0213d4657c93adc50b1fdb","name":"La Gu\u00eda de Pamplona","image":{"@type":"ImageObject","inLanguage":"es","@id":"https:\/\/secure.gravatar.com\/avatar\/b6992f131dc8d30ab0dff15446e9d346d9dbd95992de0fef795073f5ea83a81c?s=96&d=mm&r=g","url":"https:\/\/secure.gravatar.com\/avatar\/b6992f131dc8d30ab0dff15446e9d346d9dbd95992de0fef795073f5ea83a81c?s=96&d=mm&r=g","contentUrl":"https:\/\/secure.gravatar.com\/avatar\/b6992f131dc8d30ab0dff15446e9d346d9dbd95992de0fef795073f5ea83a81c?s=96&d=mm&r=g","caption":"La Gu\u00eda de Pamplona"}}]}},"post_mailing_queue_ids":[],"_links":{"self":[{"href":"https:\/\/www.laguiadepamplona.com\/actualidad\/wp-json\/wp\/v2\/posts\/47880","targetHints":{"allow":["GET"]}}],"collection":[{"href":"https:\/\/www.laguiadepamplona.com\/actualidad\/wp-json\/wp\/v2\/posts"}],"about":[{"href":"https:\/\/www.laguiadepamplona.com\/actualidad\/wp-json\/wp\/v2\/types\/post"}],"author":[{"embeddable":true,"href":"https:\/\/www.laguiadepamplona.com\/actualidad\/wp-json\/wp\/v2\/users\/1"}],"replies":[{"embeddable":true,"href":"https:\/\/www.laguiadepamplona.com\/actualidad\/wp-json\/wp\/v2\/comments?post=47880"}],"version-history":[{"count":1,"href":"https:\/\/www.laguiadepamplona.com\/actualidad\/wp-json\/wp\/v2\/posts\/47880\/revisions"}],"predecessor-version":[{"id":47881,"href":"https:\/\/www.laguiadepamplona.com\/actualidad\/wp-json\/wp\/v2\/posts\/47880\/revisions\/47881"}],"wp:featuredmedia":[{"embeddable":true,"href":"https:\/\/www.laguiadepamplona.com\/actualidad\/wp-json\/wp\/v2\/media\/43423"}],"wp:attachment":[{"href":"https:\/\/www.laguiadepamplona.com\/actualidad\/wp-json\/wp\/v2\/media?parent=47880"}],"wp:term":[{"taxonomy":"category","embeddable":true,"href":"https:\/\/www.laguiadepamplona.com\/actualidad\/wp-json\/wp\/v2\/categories?post=47880"},{"taxonomy":"post_tag","embeddable":true,"href":"https:\/\/www.laguiadepamplona.com\/actualidad\/wp-json\/wp\/v2\/tags?post=47880"}],"curies":[{"name":"wp","href":"https:\/\/api.w.org\/{rel}","templated":true}]}}