{"id":47877,"date":"2023-11-09T18:22:30","date_gmt":"2023-11-09T16:22:30","guid":{"rendered":"https:\/\/www.laguiadepamplona.com\/actualidad\/?p=47877"},"modified":"2023-11-09T18:22:30","modified_gmt":"2023-11-09T16:22:30","slug":"la-alcaldesa-conoce-el-trabajo-que-la-asociacion-de-belenistas-de-pamplona-esta-realizando-para-elaborar-el-belen-que-se-expondra-en-el-zaguan-de-la-casa-consistorial","status":"publish","type":"post","link":"https:\/\/www.laguiadepamplona.com\/actualidad\/la-alcaldesa-conoce-el-trabajo-que-la-asociacion-de-belenistas-de-pamplona-esta-realizando-para-elaborar-el-belen-que-se-expondra-en-el-zaguan-de-la-casa-consistorial\/","title":{"rendered":"La alcaldesa conoce el trabajo que la Asociaci\u00f3n de Belenistas de Pamplona est\u00e1 realizando para elaborar el bel\u00e9n que se expondr\u00e1 en el zagu\u00e1n de la Casa Consistorial"},"content":{"rendered":"<p><!--more--><\/p>\n<p>La alcaldesa Cristina Ibarrola visit\u00f3 ayer por la tarde la sede de la Asociaci\u00f3n de Belenistas de Pamplona para conocer de primera mano el trabajo que est\u00e1n realizando en la creaci\u00f3n de los belenes que tradicionalmente se exponen en fechas navide\u00f1as. El presidente de la Asociaci\u00f3n de Belenistas de Pamplona, Pedro Javier Mart\u00ednez, le descubri\u00f3 algunos de los detalles que est\u00e1n ultimando para bel\u00e9n del zagu\u00e1n de la Casa Consistorial, que se podr\u00e1 visitar a partir del 29 de noviembre.<br \/>\n<script async src=\"\/\/pagead2.googlesyndication.com\/pagead\/js\/adsbygoogle.js\"><\/script><br \/>\n<!-- Noticias La Guia de Pamplona --><br \/>\n<ins class=\"adsbygoogle\"\nstyle=\"display:block\"\ndata-ad-client=\"ca-pub-6943679897239327\"\ndata-ad-slot=\"7048180777\"\ndata-ad-format=\"auto\"><\/ins><br \/>\n<script>\n(adsbygoogle = window.adsbygoogle || []).push({});\n<\/script><\/p>\n<p>Hace unas semanas, la alcaldesa de Pamplona recibi\u00f3 en su despacho de la Casa Consistorial al presidente y la vicepresidenta de la asociaci\u00f3n, que este a\u00f1o cumple su 70 aniversario. Con ese motivo, del 28 de noviembre al 1 de diciembre, Pamplona acoger\u00e1 el LXII Congreso Nacional Belenista, organizado por la Federaci\u00f3n Espa\u00f1ola de Belenistas.<\/p>\n","protected":false},"excerpt":{"rendered":"","protected":false},"author":1,"featured_media":47878,"comment_status":"open","ping_status":"closed","sticky":false,"template":"","format":"standard","meta":{"footnotes":""},"categories":[2],"tags":[],"class_list":["post-47877","post","type-post","status-publish","format-standard","has-post-thumbnail","hentry","category-ayuntamiento-pamplona"],"yoast_head":"<!-- This site is optimized with the Yoast SEO plugin v27.3 - https:\/\/yoast.com\/product\/yoast-seo-wordpress\/ -->\n<title>La alcaldesa conoce el trabajo que la Asociaci\u00f3n de Belenistas de Pamplona est\u00e1 realizando para elaborar el bel\u00e9n que se expondr\u00e1 en el zagu\u00e1n de la Casa Consistorial<\/title>\n<meta name=\"description\" content=\"Hace unas semanas, la alcaldesa de Pamplona recibi\u00f3 en su despacho de la Casa Consistorial al presidente y la vicepresidenta de la asociaci\u00f3n\" \/>\n<meta name=\"robots\" content=\"index, follow, max-snippet:-1, max-image-preview:large, max-video-preview:-1\" \/>\n<link rel=\"canonical\" href=\"https:\/\/www.laguiadepamplona.com\/actualidad\/la-alcaldesa-conoce-el-trabajo-que-la-asociacion-de-belenistas-de-pamplona-esta-realizando-para-elaborar-el-belen-que-se-expondra-en-el-zaguan-de-la-casa-consistorial\/\" \/>\n<meta property=\"og:locale\" content=\"es_ES\" \/>\n<meta property=\"og:type\" content=\"article\" \/>\n<meta property=\"og:title\" content=\"La alcaldesa conoce el trabajo que la Asociaci\u00f3n de Belenistas de Pamplona est\u00e1 realizando para elaborar el bel\u00e9n que se expondr\u00e1 en el zagu\u00e1n de la Casa Consistorial\" \/>\n<meta property=\"og:description\" content=\"Hace unas semanas, la alcaldesa de Pamplona recibi\u00f3 en su despacho de la Casa Consistorial al presidente y la vicepresidenta de la asociaci\u00f3n\" \/>\n<meta property=\"og:url\" content=\"https:\/\/www.laguiadepamplona.com\/actualidad\/la-alcaldesa-conoce-el-trabajo-que-la-asociacion-de-belenistas-de-pamplona-esta-realizando-para-elaborar-el-belen-que-se-expondra-en-el-zaguan-de-la-casa-consistorial\/\" \/>\n<meta property=\"og:site_name\" content=\"La Gu\u00eda de Pamplona\" \/>\n<meta property=\"article:publisher\" content=\"https:\/\/www.facebook.com\/laguiadepamplonacom-133175176762273\/?ref=hl\" \/>\n<meta property=\"article:published_time\" content=\"2023-11-09T16:22:30+00:00\" \/>\n<meta property=\"og:image\" content=\"https:\/\/www.laguiadepamplona.com\/actualidad\/wp-content\/uploads\/2023\/11\/asociacionbelenistasnb9979_0.webp\" \/>\n\t<meta property=\"og:image:width\" content=\"1200\" \/>\n\t<meta property=\"og:image:height\" content=\"800\" \/>\n\t<meta property=\"og:image:type\" content=\"image\/webp\" \/>\n<meta name=\"author\" content=\"La Gu\u00eda de Pamplona\" \/>\n<meta name=\"twitter:card\" content=\"summary_large_image\" \/>\n<meta name=\"twitter:creator\" content=\"@LaGuiadPamplona\" \/>\n<meta name=\"twitter:site\" content=\"@LaGuiadPamplona\" \/>\n<meta name=\"twitter:label1\" content=\"Escrito por\" \/>\n\t<meta name=\"twitter:data1\" content=\"La Gu\u00eda de Pamplona\" \/>\n\t<meta name=\"twitter:label2\" content=\"Tiempo de lectura\" \/>\n\t<meta name=\"twitter:data2\" content=\"1 minuto\" \/>\n<script type=\"application\/ld+json\" class=\"yoast-schema-graph\">{\"@context\":\"https:\\\/\\\/schema.org\",\"@graph\":[{\"@type\":\"Article\",\"@id\":\"https:\\\/\\\/www.laguiadepamplona.com\\\/actualidad\\\/la-alcaldesa-conoce-el-trabajo-que-la-asociacion-de-belenistas-de-pamplona-esta-realizando-para-elaborar-el-belen-que-se-expondra-en-el-zaguan-de-la-casa-consistorial\\\/#article\",\"isPartOf\":{\"@id\":\"https:\\\/\\\/www.laguiadepamplona.com\\\/actualidad\\\/la-alcaldesa-conoce-el-trabajo-que-la-asociacion-de-belenistas-de-pamplona-esta-realizando-para-elaborar-el-belen-que-se-expondra-en-el-zaguan-de-la-casa-consistorial\\\/\"},\"author\":{\"name\":\"La Gu\u00eda de Pamplona\",\"@id\":\"https:\\\/\\\/www.laguiadepamplona.com\\\/actualidad\\\/#\\\/schema\\\/person\\\/efe887376f0213d4657c93adc50b1fdb\"},\"headline\":\"La alcaldesa conoce el trabajo que la Asociaci\u00f3n de Belenistas de Pamplona est\u00e1 realizando para elaborar el bel\u00e9n que se expondr\u00e1 en el zagu\u00e1n de la Casa Consistorial\",\"datePublished\":\"2023-11-09T16:22:30+00:00\",\"mainEntityOfPage\":{\"@id\":\"https:\\\/\\\/www.laguiadepamplona.com\\\/actualidad\\\/la-alcaldesa-conoce-el-trabajo-que-la-asociacion-de-belenistas-de-pamplona-esta-realizando-para-elaborar-el-belen-que-se-expondra-en-el-zaguan-de-la-casa-consistorial\\\/\"},\"wordCount\":175,\"commentCount\":0,\"publisher\":{\"@id\":\"https:\\\/\\\/www.laguiadepamplona.com\\\/actualidad\\\/#organization\"},\"image\":{\"@id\":\"https:\\\/\\\/www.laguiadepamplona.com\\\/actualidad\\\/la-alcaldesa-conoce-el-trabajo-que-la-asociacion-de-belenistas-de-pamplona-esta-realizando-para-elaborar-el-belen-que-se-expondra-en-el-zaguan-de-la-casa-consistorial\\\/#primaryimage\"},\"thumbnailUrl\":\"https:\\\/\\\/www.laguiadepamplona.com\\\/actualidad\\\/wp-content\\\/uploads\\\/2023\\\/11\\\/asociacionbelenistasnb9979_0.webp\",\"articleSection\":[\"Ayto Pamplona\"],\"inLanguage\":\"es\",\"potentialAction\":[{\"@type\":\"CommentAction\",\"name\":\"Comment\",\"target\":[\"https:\\\/\\\/www.laguiadepamplona.com\\\/actualidad\\\/la-alcaldesa-conoce-el-trabajo-que-la-asociacion-de-belenistas-de-pamplona-esta-realizando-para-elaborar-el-belen-que-se-expondra-en-el-zaguan-de-la-casa-consistorial\\\/#respond\"]}]},{\"@type\":\"WebPage\",\"@id\":\"https:\\\/\\\/www.laguiadepamplona.com\\\/actualidad\\\/la-alcaldesa-conoce-el-trabajo-que-la-asociacion-de-belenistas-de-pamplona-esta-realizando-para-elaborar-el-belen-que-se-expondra-en-el-zaguan-de-la-casa-consistorial\\\/\",\"url\":\"https:\\\/\\\/www.laguiadepamplona.com\\\/actualidad\\\/la-alcaldesa-conoce-el-trabajo-que-la-asociacion-de-belenistas-de-pamplona-esta-realizando-para-elaborar-el-belen-que-se-expondra-en-el-zaguan-de-la-casa-consistorial\\\/\",\"name\":\"La alcaldesa conoce el trabajo que la Asociaci\u00f3n de Belenistas de Pamplona est\u00e1 realizando para elaborar el bel\u00e9n que se expondr\u00e1 en el zagu\u00e1n de la Casa Consistorial\",\"isPartOf\":{\"@id\":\"https:\\\/\\\/www.laguiadepamplona.com\\\/actualidad\\\/#website\"},\"primaryImageOfPage\":{\"@id\":\"https:\\\/\\\/www.laguiadepamplona.com\\\/actualidad\\\/la-alcaldesa-conoce-el-trabajo-que-la-asociacion-de-belenistas-de-pamplona-esta-realizando-para-elaborar-el-belen-que-se-expondra-en-el-zaguan-de-la-casa-consistorial\\\/#primaryimage\"},\"image\":{\"@id\":\"https:\\\/\\\/www.laguiadepamplona.com\\\/actualidad\\\/la-alcaldesa-conoce-el-trabajo-que-la-asociacion-de-belenistas-de-pamplona-esta-realizando-para-elaborar-el-belen-que-se-expondra-en-el-zaguan-de-la-casa-consistorial\\\/#primaryimage\"},\"thumbnailUrl\":\"https:\\\/\\\/www.laguiadepamplona.com\\\/actualidad\\\/wp-content\\\/uploads\\\/2023\\\/11\\\/asociacionbelenistasnb9979_0.webp\",\"datePublished\":\"2023-11-09T16:22:30+00:00\",\"description\":\"Hace unas semanas, la alcaldesa de Pamplona recibi\u00f3 en su despacho de la Casa Consistorial al presidente y la vicepresidenta de la asociaci\u00f3n\",\"breadcrumb\":{\"@id\":\"https:\\\/\\\/www.laguiadepamplona.com\\\/actualidad\\\/la-alcaldesa-conoce-el-trabajo-que-la-asociacion-de-belenistas-de-pamplona-esta-realizando-para-elaborar-el-belen-que-se-expondra-en-el-zaguan-de-la-casa-consistorial\\\/#breadcrumb\"},\"inLanguage\":\"es\",\"potentialAction\":[{\"@type\":\"ReadAction\",\"target\":[\"https:\\\/\\\/www.laguiadepamplona.com\\\/actualidad\\\/la-alcaldesa-conoce-el-trabajo-que-la-asociacion-de-belenistas-de-pamplona-esta-realizando-para-elaborar-el-belen-que-se-expondra-en-el-zaguan-de-la-casa-consistorial\\\/\"]}]},{\"@type\":\"ImageObject\",\"inLanguage\":\"es\",\"@id\":\"https:\\\/\\\/www.laguiadepamplona.com\\\/actualidad\\\/la-alcaldesa-conoce-el-trabajo-que-la-asociacion-de-belenistas-de-pamplona-esta-realizando-para-elaborar-el-belen-que-se-expondra-en-el-zaguan-de-la-casa-consistorial\\\/#primaryimage\",\"url\":\"https:\\\/\\\/www.laguiadepamplona.com\\\/actualidad\\\/wp-content\\\/uploads\\\/2023\\\/11\\\/asociacionbelenistasnb9979_0.webp\",\"contentUrl\":\"https:\\\/\\\/www.laguiadepamplona.com\\\/actualidad\\\/wp-content\\\/uploads\\\/2023\\\/11\\\/asociacionbelenistasnb9979_0.webp\",\"width\":1200,\"height\":800},{\"@type\":\"BreadcrumbList\",\"@id\":\"https:\\\/\\\/www.laguiadepamplona.com\\\/actualidad\\\/la-alcaldesa-conoce-el-trabajo-que-la-asociacion-de-belenistas-de-pamplona-esta-realizando-para-elaborar-el-belen-que-se-expondra-en-el-zaguan-de-la-casa-consistorial\\\/#breadcrumb\",\"itemListElement\":[{\"@type\":\"ListItem\",\"position\":1,\"name\":\"Portada\",\"item\":\"https:\\\/\\\/www.laguiadepamplona.com\\\/actualidad\\\/\"},{\"@type\":\"ListItem\",\"position\":2,\"name\":\"La alcaldesa conoce el trabajo que la Asociaci\u00f3n de Belenistas de Pamplona est\u00e1 realizando para elaborar el bel\u00e9n que se expondr\u00e1 en el zagu\u00e1n de la Casa Consistorial\"}]},{\"@type\":\"WebSite\",\"@id\":\"https:\\\/\\\/www.laguiadepamplona.com\\\/actualidad\\\/#website\",\"url\":\"https:\\\/\\\/www.laguiadepamplona.com\\\/actualidad\\\/\",\"name\":\"La gu\u00eda de Pamplona\",\"description\":\"Noticias de Pamplona\",\"publisher\":{\"@id\":\"https:\\\/\\\/www.laguiadepamplona.com\\\/actualidad\\\/#organization\"},\"potentialAction\":[{\"@type\":\"SearchAction\",\"target\":{\"@type\":\"EntryPoint\",\"urlTemplate\":\"https:\\\/\\\/www.laguiadepamplona.com\\\/actualidad\\\/?s={search_term_string}\"},\"query-input\":{\"@type\":\"PropertyValueSpecification\",\"valueRequired\":true,\"valueName\":\"search_term_string\"}}],\"inLanguage\":\"es\"},{\"@type\":\"Organization\",\"@id\":\"https:\\\/\\\/www.laguiadepamplona.com\\\/actualidad\\\/#organization\",\"name\":\"La Gu\u00eda de Pamplona \\\/ Noticias\",\"url\":\"https:\\\/\\\/www.laguiadepamplona.com\\\/actualidad\\\/\",\"logo\":{\"@type\":\"ImageObject\",\"inLanguage\":\"es\",\"@id\":\"https:\\\/\\\/www.laguiadepamplona.com\\\/actualidad\\\/#\\\/schema\\\/logo\\\/image\\\/\",\"url\":\"https:\\\/\\\/www.laguiadepamplona.com\\\/actualidad\\\/wp-content\\\/uploads\\\/2018\\\/11\\\/logo-laguiadepamplona18-web1.png\",\"contentUrl\":\"https:\\\/\\\/www.laguiadepamplona.com\\\/actualidad\\\/wp-content\\\/uploads\\\/2018\\\/11\\\/logo-laguiadepamplona18-web1.png\",\"width\":600,\"height\":196,\"caption\":\"La Gu\u00eda de Pamplona \\\/ Noticias\"},\"image\":{\"@id\":\"https:\\\/\\\/www.laguiadepamplona.com\\\/actualidad\\\/#\\\/schema\\\/logo\\\/image\\\/\"},\"sameAs\":[\"https:\\\/\\\/www.facebook.com\\\/laguiadepamplonacom-133175176762273\\\/?ref=hl\",\"https:\\\/\\\/x.com\\\/LaGuiadPamplona\",\"https:\\\/\\\/www.instagram.com\\\/la_guia_de_pamplona\\\/\",\"https:\\\/\\\/www.youtube.com\\\/user\\\/laguiadepamplona\"]},{\"@type\":\"Person\",\"@id\":\"https:\\\/\\\/www.laguiadepamplona.com\\\/actualidad\\\/#\\\/schema\\\/person\\\/efe887376f0213d4657c93adc50b1fdb\",\"name\":\"La Gu\u00eda de Pamplona\",\"image\":{\"@type\":\"ImageObject\",\"inLanguage\":\"es\",\"@id\":\"https:\\\/\\\/secure.gravatar.com\\\/avatar\\\/b6992f131dc8d30ab0dff15446e9d346d9dbd95992de0fef795073f5ea83a81c?s=96&d=mm&r=g\",\"url\":\"https:\\\/\\\/secure.gravatar.com\\\/avatar\\\/b6992f131dc8d30ab0dff15446e9d346d9dbd95992de0fef795073f5ea83a81c?s=96&d=mm&r=g\",\"contentUrl\":\"https:\\\/\\\/secure.gravatar.com\\\/avatar\\\/b6992f131dc8d30ab0dff15446e9d346d9dbd95992de0fef795073f5ea83a81c?s=96&d=mm&r=g\",\"caption\":\"La Gu\u00eda de Pamplona\"}}]}<\/script>\n<!-- \/ Yoast SEO plugin. -->","yoast_head_json":{"title":"La alcaldesa conoce el trabajo que la Asociaci\u00f3n de Belenistas de Pamplona est\u00e1 realizando para elaborar el bel\u00e9n que se expondr\u00e1 en el zagu\u00e1n de la Casa Consistorial","description":"Hace unas semanas, la alcaldesa de Pamplona recibi\u00f3 en su despacho de la Casa Consistorial al presidente y la vicepresidenta de la asociaci\u00f3n","robots":{"index":"index","follow":"follow","max-snippet":"max-snippet:-1","max-image-preview":"max-image-preview:large","max-video-preview":"max-video-preview:-1"},"canonical":"https:\/\/www.laguiadepamplona.com\/actualidad\/la-alcaldesa-conoce-el-trabajo-que-la-asociacion-de-belenistas-de-pamplona-esta-realizando-para-elaborar-el-belen-que-se-expondra-en-el-zaguan-de-la-casa-consistorial\/","og_locale":"es_ES","og_type":"article","og_title":"La alcaldesa conoce el trabajo que la Asociaci\u00f3n de Belenistas de Pamplona est\u00e1 realizando para elaborar el bel\u00e9n que se expondr\u00e1 en el zagu\u00e1n de la Casa Consistorial","og_description":"Hace unas semanas, la alcaldesa de Pamplona recibi\u00f3 en su despacho de la Casa Consistorial al presidente y la vicepresidenta de la asociaci\u00f3n","og_url":"https:\/\/www.laguiadepamplona.com\/actualidad\/la-alcaldesa-conoce-el-trabajo-que-la-asociacion-de-belenistas-de-pamplona-esta-realizando-para-elaborar-el-belen-que-se-expondra-en-el-zaguan-de-la-casa-consistorial\/","og_site_name":"La Gu\u00eda de Pamplona","article_publisher":"https:\/\/www.facebook.com\/laguiadepamplonacom-133175176762273\/?ref=hl","article_published_time":"2023-11-09T16:22:30+00:00","og_image":[{"width":1200,"height":800,"url":"https:\/\/www.laguiadepamplona.com\/actualidad\/wp-content\/uploads\/2023\/11\/asociacionbelenistasnb9979_0.webp","type":"image\/webp"}],"author":"La Gu\u00eda de Pamplona","twitter_card":"summary_large_image","twitter_creator":"@LaGuiadPamplona","twitter_site":"@LaGuiadPamplona","twitter_misc":{"Escrito por":"La Gu\u00eda de Pamplona","Tiempo de lectura":"1 minuto"},"schema":{"@context":"https:\/\/schema.org","@graph":[{"@type":"Article","@id":"https:\/\/www.laguiadepamplona.com\/actualidad\/la-alcaldesa-conoce-el-trabajo-que-la-asociacion-de-belenistas-de-pamplona-esta-realizando-para-elaborar-el-belen-que-se-expondra-en-el-zaguan-de-la-casa-consistorial\/#article","isPartOf":{"@id":"https:\/\/www.laguiadepamplona.com\/actualidad\/la-alcaldesa-conoce-el-trabajo-que-la-asociacion-de-belenistas-de-pamplona-esta-realizando-para-elaborar-el-belen-que-se-expondra-en-el-zaguan-de-la-casa-consistorial\/"},"author":{"name":"La Gu\u00eda de Pamplona","@id":"https:\/\/www.laguiadepamplona.com\/actualidad\/#\/schema\/person\/efe887376f0213d4657c93adc50b1fdb"},"headline":"La alcaldesa conoce el trabajo que la Asociaci\u00f3n de Belenistas de Pamplona est\u00e1 realizando para elaborar el bel\u00e9n que se expondr\u00e1 en el zagu\u00e1n de la Casa Consistorial","datePublished":"2023-11-09T16:22:30+00:00","mainEntityOfPage":{"@id":"https:\/\/www.laguiadepamplona.com\/actualidad\/la-alcaldesa-conoce-el-trabajo-que-la-asociacion-de-belenistas-de-pamplona-esta-realizando-para-elaborar-el-belen-que-se-expondra-en-el-zaguan-de-la-casa-consistorial\/"},"wordCount":175,"commentCount":0,"publisher":{"@id":"https:\/\/www.laguiadepamplona.com\/actualidad\/#organization"},"image":{"@id":"https:\/\/www.laguiadepamplona.com\/actualidad\/la-alcaldesa-conoce-el-trabajo-que-la-asociacion-de-belenistas-de-pamplona-esta-realizando-para-elaborar-el-belen-que-se-expondra-en-el-zaguan-de-la-casa-consistorial\/#primaryimage"},"thumbnailUrl":"https:\/\/www.laguiadepamplona.com\/actualidad\/wp-content\/uploads\/2023\/11\/asociacionbelenistasnb9979_0.webp","articleSection":["Ayto Pamplona"],"inLanguage":"es","potentialAction":[{"@type":"CommentAction","name":"Comment","target":["https:\/\/www.laguiadepamplona.com\/actualidad\/la-alcaldesa-conoce-el-trabajo-que-la-asociacion-de-belenistas-de-pamplona-esta-realizando-para-elaborar-el-belen-que-se-expondra-en-el-zaguan-de-la-casa-consistorial\/#respond"]}]},{"@type":"WebPage","@id":"https:\/\/www.laguiadepamplona.com\/actualidad\/la-alcaldesa-conoce-el-trabajo-que-la-asociacion-de-belenistas-de-pamplona-esta-realizando-para-elaborar-el-belen-que-se-expondra-en-el-zaguan-de-la-casa-consistorial\/","url":"https:\/\/www.laguiadepamplona.com\/actualidad\/la-alcaldesa-conoce-el-trabajo-que-la-asociacion-de-belenistas-de-pamplona-esta-realizando-para-elaborar-el-belen-que-se-expondra-en-el-zaguan-de-la-casa-consistorial\/","name":"La alcaldesa conoce el trabajo que la Asociaci\u00f3n de Belenistas de Pamplona est\u00e1 realizando para elaborar el bel\u00e9n que se expondr\u00e1 en el zagu\u00e1n de la Casa Consistorial","isPartOf":{"@id":"https:\/\/www.laguiadepamplona.com\/actualidad\/#website"},"primaryImageOfPage":{"@id":"https:\/\/www.laguiadepamplona.com\/actualidad\/la-alcaldesa-conoce-el-trabajo-que-la-asociacion-de-belenistas-de-pamplona-esta-realizando-para-elaborar-el-belen-que-se-expondra-en-el-zaguan-de-la-casa-consistorial\/#primaryimage"},"image":{"@id":"https:\/\/www.laguiadepamplona.com\/actualidad\/la-alcaldesa-conoce-el-trabajo-que-la-asociacion-de-belenistas-de-pamplona-esta-realizando-para-elaborar-el-belen-que-se-expondra-en-el-zaguan-de-la-casa-consistorial\/#primaryimage"},"thumbnailUrl":"https:\/\/www.laguiadepamplona.com\/actualidad\/wp-content\/uploads\/2023\/11\/asociacionbelenistasnb9979_0.webp","datePublished":"2023-11-09T16:22:30+00:00","description":"Hace unas semanas, la alcaldesa de Pamplona recibi\u00f3 en su despacho de la Casa Consistorial al presidente y la vicepresidenta de la asociaci\u00f3n","breadcrumb":{"@id":"https:\/\/www.laguiadepamplona.com\/actualidad\/la-alcaldesa-conoce-el-trabajo-que-la-asociacion-de-belenistas-de-pamplona-esta-realizando-para-elaborar-el-belen-que-se-expondra-en-el-zaguan-de-la-casa-consistorial\/#breadcrumb"},"inLanguage":"es","potentialAction":[{"@type":"ReadAction","target":["https:\/\/www.laguiadepamplona.com\/actualidad\/la-alcaldesa-conoce-el-trabajo-que-la-asociacion-de-belenistas-de-pamplona-esta-realizando-para-elaborar-el-belen-que-se-expondra-en-el-zaguan-de-la-casa-consistorial\/"]}]},{"@type":"ImageObject","inLanguage":"es","@id":"https:\/\/www.laguiadepamplona.com\/actualidad\/la-alcaldesa-conoce-el-trabajo-que-la-asociacion-de-belenistas-de-pamplona-esta-realizando-para-elaborar-el-belen-que-se-expondra-en-el-zaguan-de-la-casa-consistorial\/#primaryimage","url":"https:\/\/www.laguiadepamplona.com\/actualidad\/wp-content\/uploads\/2023\/11\/asociacionbelenistasnb9979_0.webp","contentUrl":"https:\/\/www.laguiadepamplona.com\/actualidad\/wp-content\/uploads\/2023\/11\/asociacionbelenistasnb9979_0.webp","width":1200,"height":800},{"@type":"BreadcrumbList","@id":"https:\/\/www.laguiadepamplona.com\/actualidad\/la-alcaldesa-conoce-el-trabajo-que-la-asociacion-de-belenistas-de-pamplona-esta-realizando-para-elaborar-el-belen-que-se-expondra-en-el-zaguan-de-la-casa-consistorial\/#breadcrumb","itemListElement":[{"@type":"ListItem","position":1,"name":"Portada","item":"https:\/\/www.laguiadepamplona.com\/actualidad\/"},{"@type":"ListItem","position":2,"name":"La alcaldesa conoce el trabajo que la Asociaci\u00f3n de Belenistas de Pamplona est\u00e1 realizando para elaborar el bel\u00e9n que se expondr\u00e1 en el zagu\u00e1n de la Casa Consistorial"}]},{"@type":"WebSite","@id":"https:\/\/www.laguiadepamplona.com\/actualidad\/#website","url":"https:\/\/www.laguiadepamplona.com\/actualidad\/","name":"La gu\u00eda de Pamplona","description":"Noticias de Pamplona","publisher":{"@id":"https:\/\/www.laguiadepamplona.com\/actualidad\/#organization"},"potentialAction":[{"@type":"SearchAction","target":{"@type":"EntryPoint","urlTemplate":"https:\/\/www.laguiadepamplona.com\/actualidad\/?s={search_term_string}"},"query-input":{"@type":"PropertyValueSpecification","valueRequired":true,"valueName":"search_term_string"}}],"inLanguage":"es"},{"@type":"Organization","@id":"https:\/\/www.laguiadepamplona.com\/actualidad\/#organization","name":"La Gu\u00eda de Pamplona \/ Noticias","url":"https:\/\/www.laguiadepamplona.com\/actualidad\/","logo":{"@type":"ImageObject","inLanguage":"es","@id":"https:\/\/www.laguiadepamplona.com\/actualidad\/#\/schema\/logo\/image\/","url":"https:\/\/www.laguiadepamplona.com\/actualidad\/wp-content\/uploads\/2018\/11\/logo-laguiadepamplona18-web1.png","contentUrl":"https:\/\/www.laguiadepamplona.com\/actualidad\/wp-content\/uploads\/2018\/11\/logo-laguiadepamplona18-web1.png","width":600,"height":196,"caption":"La Gu\u00eda de Pamplona \/ Noticias"},"image":{"@id":"https:\/\/www.laguiadepamplona.com\/actualidad\/#\/schema\/logo\/image\/"},"sameAs":["https:\/\/www.facebook.com\/laguiadepamplonacom-133175176762273\/?ref=hl","https:\/\/x.com\/LaGuiadPamplona","https:\/\/www.instagram.com\/la_guia_de_pamplona\/","https:\/\/www.youtube.com\/user\/laguiadepamplona"]},{"@type":"Person","@id":"https:\/\/www.laguiadepamplona.com\/actualidad\/#\/schema\/person\/efe887376f0213d4657c93adc50b1fdb","name":"La Gu\u00eda de Pamplona","image":{"@type":"ImageObject","inLanguage":"es","@id":"https:\/\/secure.gravatar.com\/avatar\/b6992f131dc8d30ab0dff15446e9d346d9dbd95992de0fef795073f5ea83a81c?s=96&d=mm&r=g","url":"https:\/\/secure.gravatar.com\/avatar\/b6992f131dc8d30ab0dff15446e9d346d9dbd95992de0fef795073f5ea83a81c?s=96&d=mm&r=g","contentUrl":"https:\/\/secure.gravatar.com\/avatar\/b6992f131dc8d30ab0dff15446e9d346d9dbd95992de0fef795073f5ea83a81c?s=96&d=mm&r=g","caption":"La Gu\u00eda de Pamplona"}}]}},"post_mailing_queue_ids":[],"_links":{"self":[{"href":"https:\/\/www.laguiadepamplona.com\/actualidad\/wp-json\/wp\/v2\/posts\/47877","targetHints":{"allow":["GET"]}}],"collection":[{"href":"https:\/\/www.laguiadepamplona.com\/actualidad\/wp-json\/wp\/v2\/posts"}],"about":[{"href":"https:\/\/www.laguiadepamplona.com\/actualidad\/wp-json\/wp\/v2\/types\/post"}],"author":[{"embeddable":true,"href":"https:\/\/www.laguiadepamplona.com\/actualidad\/wp-json\/wp\/v2\/users\/1"}],"replies":[{"embeddable":true,"href":"https:\/\/www.laguiadepamplona.com\/actualidad\/wp-json\/wp\/v2\/comments?post=47877"}],"version-history":[{"count":1,"href":"https:\/\/www.laguiadepamplona.com\/actualidad\/wp-json\/wp\/v2\/posts\/47877\/revisions"}],"predecessor-version":[{"id":47879,"href":"https:\/\/www.laguiadepamplona.com\/actualidad\/wp-json\/wp\/v2\/posts\/47877\/revisions\/47879"}],"wp:featuredmedia":[{"embeddable":true,"href":"https:\/\/www.laguiadepamplona.com\/actualidad\/wp-json\/wp\/v2\/media\/47878"}],"wp:attachment":[{"href":"https:\/\/www.laguiadepamplona.com\/actualidad\/wp-json\/wp\/v2\/media?parent=47877"}],"wp:term":[{"taxonomy":"category","embeddable":true,"href":"https:\/\/www.laguiadepamplona.com\/actualidad\/wp-json\/wp\/v2\/categories?post=47877"},{"taxonomy":"post_tag","embeddable":true,"href":"https:\/\/www.laguiadepamplona.com\/actualidad\/wp-json\/wp\/v2\/tags?post=47877"}],"curies":[{"name":"wp","href":"https:\/\/api.w.org\/{rel}","templated":true}]}}