{"id":47871,"date":"2023-11-09T18:17:25","date_gmt":"2023-11-09T16:17:25","guid":{"rendered":"https:\/\/www.laguiadepamplona.com\/actualidad\/?p=47871"},"modified":"2023-11-09T18:17:25","modified_gmt":"2023-11-09T16:17:25","slug":"el-otaku-day-vuelve-este-sabado-a-la-casa-de-la-juventud-con-una-tarde-de-actividades-gratuitas-centradas-en-la-cultura-japonesa","status":"publish","type":"post","link":"https:\/\/www.laguiadepamplona.com\/actualidad\/el-otaku-day-vuelve-este-sabado-a-la-casa-de-la-juventud-con-una-tarde-de-actividades-gratuitas-centradas-en-la-cultura-japonesa\/","title":{"rendered":"El Otaku Day vuelve este s\u00e1bado a la Casa de la Juventud con una tarde de actividades gratuitas centradas en la cultura japonesa"},"content":{"rendered":"<h3>La Asociaci\u00f3n Navar-Manga ha programado torneos de videojuegos y concursos de canciones o aviones de papel, adem\u00e1s de un trivial tem\u00e1tico<\/h3>\n<p><!--more--><\/p>\n<p>La Casa de la Juventud acoge este s\u00e1bado una nueva tarde de ocio dirigida j\u00f3venes entre 12 y 30 a\u00f1os. La cultura japonesa volver\u00e1 a ser protagonista en una nueva edici\u00f3n del Otaku Day, que llega de la mano de la asociaci\u00f3n Navar-Manga. Desde las 17 hasta las 21 horas, se han programado torneos de videojuegos, un trivial otaku, un concurso de lanzamiento de aviones de papel y un concurso para adivinar canciones de series de anime. Todas las actividades son gratuitas, aunque se requiere inscripci\u00f3n previa en la Casa de la Juventud o en el 948 23 35 12.<\/p>\n<p>Desde primera hora de la tarde, se habilitar\u00e1 una \u2018Zona Gamer\u2019 en la sala de exposiciones de la Casa de la Juventud, donde se instalar\u00e1n diferentes consolas tanto actuales (Nintendo Switch, PlayStation\u2026) como antiguos para jugar a los \u00faltimos videojuegos o a otros retro. El primer torneo que se disputar\u00e1 ser\u00e1 el de Super Smash Bros Ultimate en Nintendo Switch, a partir de las 17.15 horas, con un m\u00e1ximo de 32 participantes. A las 18 horas, se ha previsto un Trivial Otaku para demostrar lo que se sabe de pel\u00edculas y series de animaci\u00f3n japonesa.<br \/>\n<script async src=\"\/\/pagead2.googlesyndication.com\/pagead\/js\/adsbygoogle.js\"><\/script><br \/>\n<!-- Noticias La Guia de Pamplona --><br \/>\n<ins class=\"adsbygoogle\"\nstyle=\"display:block\"\ndata-ad-client=\"ca-pub-6943679897239327\"\ndata-ad-slot=\"7048180777\"\ndata-ad-format=\"auto\"><\/ins><br \/>\n<script>\n(adsbygoogle = window.adsbygoogle || []).push({});\n<\/script><\/p>\n<p>A las 18.30 horas, tendr\u00e1 lugar una de las novedades de esta edici\u00f3n, el torneo de videojuegos Street Fighter VI en PlayStation 4, tambi\u00e9n con un m\u00e1ximo de 32 participantes. A las 19.15 horas, con el tradicional arte japon\u00e9s del origami se crear\u00e1n aviones de papel con lo que se competir\u00e1 en un concurso de lanzamiento de esos aviones. Se dar\u00e1n 20 minutos para construir el avi\u00f3n y se ver\u00e1 qui\u00e9n llega m\u00e1s lejos. Por \u00faltimo, a las 19.45 horas, antes de la entrega de premios, la otra novedad de la tarde, el concurso \u2018Adivina el opening\u2019 para tratar de adivinar canciones de series. Podr\u00e1n participar un m\u00e1ximo de 10 participantes o grupos de participantes.<\/p>\n<p>Navar-Manga es una asociaci\u00f3n cultural fundada en 2006 con el objetivo de fomentar el manga, el anime y la cultura japonesa. Entre otras actividades, organizan y colaboran en eventos de cultura japonesa tanto en Navarra, con este Otaku Day Pamplona, con el Otaku Day Bara\u00f1\u00e1in o con Pamplona Anime, como en otras autonom\u00edas, con el Japan Weekend Bilbao y el Japan Weekend Burgos.<br \/>\n<script async src=\"\/\/pagead2.googlesyndication.com\/pagead\/js\/adsbygoogle.js\"><\/script><br \/>\n<!-- Noticias La Guia de Pamplona --><br \/>\n<ins class=\"adsbygoogle\"\nstyle=\"display:block\"\ndata-ad-client=\"ca-pub-6943679897239327\"\ndata-ad-slot=\"7048180777\"\ndata-ad-format=\"auto\"><\/ins><br \/>\n<script>\n(adsbygoogle = window.adsbygoogle || []).push({});\n<\/script><\/p>\n<p>&nbsp;<\/p>\n<h3>Tarde de ocio. Otaku Day. Casa de la Juventud. S\u00e1bado 11 de noviembre, de 17 a 21 horas<\/h3>\n<ul>\n<li>17:10 &#8211; 20:30 horas. Zona Gamer\n<ul>\n<li>En esta sala podr\u00e1s jugar a tus videojuegos favoritos: FIFA 2023, TEKKEN 2023, MARIO BROS&#8230;<\/li>\n<\/ul>\n<\/li>\n<li>17:15 horas. Torneo de videojuegos \u201cSuper Smash Bros Ultimate\u201d\n<ul>\n<li>No importa si lo sabes todo sobre la serie o est\u00e1s empezando en el mundo de Smash, esta es tu oportunidad para unirte a la comunidad gamer de Pamplona y vivir la emoci\u00f3n del combate.<\/li>\n<\/ul>\n<\/li>\n<li>18:00 horas. Trivial Otaku\n<ul>\n<li>\u00bfTe apasiona el anime? Demuestra cu\u00e1nto sabes de pel\u00edculas y series de animaci\u00f3n japonesa en este divertido trivial.<\/li>\n<\/ul>\n<\/li>\n<li>18:30 horas. Torneo de videojuegos \u201cStreet Fighter VI\u201d\n<ul>\n<li>\u00a1No te pierdas la emoci\u00f3n de este torneo imprescindible para toda persona fan\u00e1tica de los juegos de lucha! \u00a1Ven y \u00fanete a la diversi\u00f3n!<\/li>\n<\/ul>\n<\/li>\n<li>19:15 horas. Concurso \u201cLanzamiento de Aviones de papel\u201d\n<ul>\n<li>\u00a1Dise\u00f1a el avi\u00f3n de papel perfecto y hazlo volar lo m\u00e1s lejos que puedas!<\/li>\n<\/ul>\n<\/li>\n<li>19:45 horas. Concurso \u201cAdivina el Opening\u201d\n<ul>\n<li>\u00bfPuedes adivinar de qu\u00e9 serie se trata antes de que suene el pr\u00f3ximo acorde? Escucha la canci\u00f3n y prep\u00e1rate para el desaf\u00edo.<\/li>\n<\/ul>\n<\/li>\n<li>20:45 horas. Entrega de premios<\/li>\n<\/ul>\n","protected":false},"excerpt":{"rendered":"<p>La Asociaci\u00f3n Navar-Manga ha programado torneos de videojuegos y concursos de canciones o aviones de papel, adem\u00e1s de un trivial tem\u00e1tico<\/p>\n","protected":false},"author":1,"featured_media":47872,"comment_status":"open","ping_status":"closed","sticky":false,"template":"","format":"standard","meta":{"footnotes":""},"categories":[2],"tags":[],"class_list":["post-47871","post","type-post","status-publish","format-standard","has-post-thumbnail","hentry","category-ayuntamiento-pamplona"],"yoast_head":"<!-- This site is optimized with the Yoast SEO plugin v27.3 - https:\/\/yoast.com\/product\/yoast-seo-wordpress\/ -->\n<title>El Otaku Day vuelve este s\u00e1bado a la Casa de la Juventud con una tarde de actividades gratuitas centradas en la cultura japonesa<\/title>\n<meta name=\"description\" content=\"La Asociaci\u00f3n Navar-Manga ha programado torneos de videojuegos y concursos de canciones o aviones de papel, adem\u00e1s de un trivial tem\u00e1tico\" \/>\n<meta name=\"robots\" content=\"index, follow, max-snippet:-1, max-image-preview:large, max-video-preview:-1\" \/>\n<link rel=\"canonical\" href=\"https:\/\/www.laguiadepamplona.com\/actualidad\/el-otaku-day-vuelve-este-sabado-a-la-casa-de-la-juventud-con-una-tarde-de-actividades-gratuitas-centradas-en-la-cultura-japonesa\/\" \/>\n<meta property=\"og:locale\" content=\"es_ES\" \/>\n<meta property=\"og:type\" content=\"article\" \/>\n<meta property=\"og:title\" content=\"El Otaku Day vuelve este s\u00e1bado a la Casa de la Juventud con una tarde de actividades gratuitas centradas en la cultura japonesa\" \/>\n<meta property=\"og:description\" content=\"La Asociaci\u00f3n Navar-Manga ha programado torneos de videojuegos y concursos de canciones o aviones de papel, adem\u00e1s de un trivial tem\u00e1tico\" \/>\n<meta property=\"og:url\" content=\"https:\/\/www.laguiadepamplona.com\/actualidad\/el-otaku-day-vuelve-este-sabado-a-la-casa-de-la-juventud-con-una-tarde-de-actividades-gratuitas-centradas-en-la-cultura-japonesa\/\" \/>\n<meta property=\"og:site_name\" content=\"La Gu\u00eda de Pamplona\" \/>\n<meta property=\"article:publisher\" content=\"https:\/\/www.facebook.com\/laguiadepamplonacom-133175176762273\/?ref=hl\" \/>\n<meta property=\"article:published_time\" content=\"2023-11-09T16:17:25+00:00\" \/>\n<meta property=\"og:image\" content=\"https:\/\/www.laguiadepamplona.com\/actualidad\/wp-content\/uploads\/2023\/11\/otaku.webp\" \/>\n\t<meta property=\"og:image:width\" content=\"1200\" \/>\n\t<meta property=\"og:image:height\" content=\"1200\" \/>\n\t<meta property=\"og:image:type\" content=\"image\/webp\" \/>\n<meta name=\"author\" content=\"La Gu\u00eda de Pamplona\" \/>\n<meta name=\"twitter:card\" content=\"summary_large_image\" \/>\n<meta name=\"twitter:creator\" content=\"@LaGuiadPamplona\" \/>\n<meta name=\"twitter:site\" content=\"@LaGuiadPamplona\" \/>\n<meta name=\"twitter:label1\" content=\"Escrito por\" \/>\n\t<meta name=\"twitter:data1\" content=\"La Gu\u00eda de Pamplona\" \/>\n\t<meta name=\"twitter:label2\" content=\"Tiempo de lectura\" \/>\n\t<meta name=\"twitter:data2\" content=\"3 minutos\" \/>\n<script type=\"application\/ld+json\" class=\"yoast-schema-graph\">{\"@context\":\"https:\\\/\\\/schema.org\",\"@graph\":[{\"@type\":\"Article\",\"@id\":\"https:\\\/\\\/www.laguiadepamplona.com\\\/actualidad\\\/el-otaku-day-vuelve-este-sabado-a-la-casa-de-la-juventud-con-una-tarde-de-actividades-gratuitas-centradas-en-la-cultura-japonesa\\\/#article\",\"isPartOf\":{\"@id\":\"https:\\\/\\\/www.laguiadepamplona.com\\\/actualidad\\\/el-otaku-day-vuelve-este-sabado-a-la-casa-de-la-juventud-con-una-tarde-de-actividades-gratuitas-centradas-en-la-cultura-japonesa\\\/\"},\"author\":{\"name\":\"La Gu\u00eda de Pamplona\",\"@id\":\"https:\\\/\\\/www.laguiadepamplona.com\\\/actualidad\\\/#\\\/schema\\\/person\\\/efe887376f0213d4657c93adc50b1fdb\"},\"headline\":\"El Otaku Day vuelve este s\u00e1bado a la Casa de la Juventud con una tarde de actividades gratuitas centradas en la cultura japonesa\",\"datePublished\":\"2023-11-09T16:17:25+00:00\",\"mainEntityOfPage\":{\"@id\":\"https:\\\/\\\/www.laguiadepamplona.com\\\/actualidad\\\/el-otaku-day-vuelve-este-sabado-a-la-casa-de-la-juventud-con-una-tarde-de-actividades-gratuitas-centradas-en-la-cultura-japonesa\\\/\"},\"wordCount\":623,\"commentCount\":0,\"publisher\":{\"@id\":\"https:\\\/\\\/www.laguiadepamplona.com\\\/actualidad\\\/#organization\"},\"image\":{\"@id\":\"https:\\\/\\\/www.laguiadepamplona.com\\\/actualidad\\\/el-otaku-day-vuelve-este-sabado-a-la-casa-de-la-juventud-con-una-tarde-de-actividades-gratuitas-centradas-en-la-cultura-japonesa\\\/#primaryimage\"},\"thumbnailUrl\":\"https:\\\/\\\/www.laguiadepamplona.com\\\/actualidad\\\/wp-content\\\/uploads\\\/2023\\\/11\\\/otaku.webp\",\"articleSection\":[\"Ayto Pamplona\"],\"inLanguage\":\"es\",\"potentialAction\":[{\"@type\":\"CommentAction\",\"name\":\"Comment\",\"target\":[\"https:\\\/\\\/www.laguiadepamplona.com\\\/actualidad\\\/el-otaku-day-vuelve-este-sabado-a-la-casa-de-la-juventud-con-una-tarde-de-actividades-gratuitas-centradas-en-la-cultura-japonesa\\\/#respond\"]}]},{\"@type\":\"WebPage\",\"@id\":\"https:\\\/\\\/www.laguiadepamplona.com\\\/actualidad\\\/el-otaku-day-vuelve-este-sabado-a-la-casa-de-la-juventud-con-una-tarde-de-actividades-gratuitas-centradas-en-la-cultura-japonesa\\\/\",\"url\":\"https:\\\/\\\/www.laguiadepamplona.com\\\/actualidad\\\/el-otaku-day-vuelve-este-sabado-a-la-casa-de-la-juventud-con-una-tarde-de-actividades-gratuitas-centradas-en-la-cultura-japonesa\\\/\",\"name\":\"El Otaku Day vuelve este s\u00e1bado a la Casa de la Juventud con una tarde de actividades gratuitas centradas en la cultura japonesa\",\"isPartOf\":{\"@id\":\"https:\\\/\\\/www.laguiadepamplona.com\\\/actualidad\\\/#website\"},\"primaryImageOfPage\":{\"@id\":\"https:\\\/\\\/www.laguiadepamplona.com\\\/actualidad\\\/el-otaku-day-vuelve-este-sabado-a-la-casa-de-la-juventud-con-una-tarde-de-actividades-gratuitas-centradas-en-la-cultura-japonesa\\\/#primaryimage\"},\"image\":{\"@id\":\"https:\\\/\\\/www.laguiadepamplona.com\\\/actualidad\\\/el-otaku-day-vuelve-este-sabado-a-la-casa-de-la-juventud-con-una-tarde-de-actividades-gratuitas-centradas-en-la-cultura-japonesa\\\/#primaryimage\"},\"thumbnailUrl\":\"https:\\\/\\\/www.laguiadepamplona.com\\\/actualidad\\\/wp-content\\\/uploads\\\/2023\\\/11\\\/otaku.webp\",\"datePublished\":\"2023-11-09T16:17:25+00:00\",\"description\":\"La Asociaci\u00f3n Navar-Manga ha programado torneos de videojuegos y concursos de canciones o aviones de papel, adem\u00e1s de un trivial tem\u00e1tico\",\"breadcrumb\":{\"@id\":\"https:\\\/\\\/www.laguiadepamplona.com\\\/actualidad\\\/el-otaku-day-vuelve-este-sabado-a-la-casa-de-la-juventud-con-una-tarde-de-actividades-gratuitas-centradas-en-la-cultura-japonesa\\\/#breadcrumb\"},\"inLanguage\":\"es\",\"potentialAction\":[{\"@type\":\"ReadAction\",\"target\":[\"https:\\\/\\\/www.laguiadepamplona.com\\\/actualidad\\\/el-otaku-day-vuelve-este-sabado-a-la-casa-de-la-juventud-con-una-tarde-de-actividades-gratuitas-centradas-en-la-cultura-japonesa\\\/\"]}]},{\"@type\":\"ImageObject\",\"inLanguage\":\"es\",\"@id\":\"https:\\\/\\\/www.laguiadepamplona.com\\\/actualidad\\\/el-otaku-day-vuelve-este-sabado-a-la-casa-de-la-juventud-con-una-tarde-de-actividades-gratuitas-centradas-en-la-cultura-japonesa\\\/#primaryimage\",\"url\":\"https:\\\/\\\/www.laguiadepamplona.com\\\/actualidad\\\/wp-content\\\/uploads\\\/2023\\\/11\\\/otaku.webp\",\"contentUrl\":\"https:\\\/\\\/www.laguiadepamplona.com\\\/actualidad\\\/wp-content\\\/uploads\\\/2023\\\/11\\\/otaku.webp\",\"width\":1200,\"height\":1200,\"caption\":\"otaku\"},{\"@type\":\"BreadcrumbList\",\"@id\":\"https:\\\/\\\/www.laguiadepamplona.com\\\/actualidad\\\/el-otaku-day-vuelve-este-sabado-a-la-casa-de-la-juventud-con-una-tarde-de-actividades-gratuitas-centradas-en-la-cultura-japonesa\\\/#breadcrumb\",\"itemListElement\":[{\"@type\":\"ListItem\",\"position\":1,\"name\":\"Portada\",\"item\":\"https:\\\/\\\/www.laguiadepamplona.com\\\/actualidad\\\/\"},{\"@type\":\"ListItem\",\"position\":2,\"name\":\"El Otaku Day vuelve este s\u00e1bado a la Casa de la Juventud con una tarde de actividades gratuitas centradas en la cultura japonesa\"}]},{\"@type\":\"WebSite\",\"@id\":\"https:\\\/\\\/www.laguiadepamplona.com\\\/actualidad\\\/#website\",\"url\":\"https:\\\/\\\/www.laguiadepamplona.com\\\/actualidad\\\/\",\"name\":\"La gu\u00eda de Pamplona\",\"description\":\"Noticias de Pamplona\",\"publisher\":{\"@id\":\"https:\\\/\\\/www.laguiadepamplona.com\\\/actualidad\\\/#organization\"},\"potentialAction\":[{\"@type\":\"SearchAction\",\"target\":{\"@type\":\"EntryPoint\",\"urlTemplate\":\"https:\\\/\\\/www.laguiadepamplona.com\\\/actualidad\\\/?s={search_term_string}\"},\"query-input\":{\"@type\":\"PropertyValueSpecification\",\"valueRequired\":true,\"valueName\":\"search_term_string\"}}],\"inLanguage\":\"es\"},{\"@type\":\"Organization\",\"@id\":\"https:\\\/\\\/www.laguiadepamplona.com\\\/actualidad\\\/#organization\",\"name\":\"La Gu\u00eda de Pamplona \\\/ Noticias\",\"url\":\"https:\\\/\\\/www.laguiadepamplona.com\\\/actualidad\\\/\",\"logo\":{\"@type\":\"ImageObject\",\"inLanguage\":\"es\",\"@id\":\"https:\\\/\\\/www.laguiadepamplona.com\\\/actualidad\\\/#\\\/schema\\\/logo\\\/image\\\/\",\"url\":\"https:\\\/\\\/www.laguiadepamplona.com\\\/actualidad\\\/wp-content\\\/uploads\\\/2018\\\/11\\\/logo-laguiadepamplona18-web1.png\",\"contentUrl\":\"https:\\\/\\\/www.laguiadepamplona.com\\\/actualidad\\\/wp-content\\\/uploads\\\/2018\\\/11\\\/logo-laguiadepamplona18-web1.png\",\"width\":600,\"height\":196,\"caption\":\"La Gu\u00eda de Pamplona \\\/ Noticias\"},\"image\":{\"@id\":\"https:\\\/\\\/www.laguiadepamplona.com\\\/actualidad\\\/#\\\/schema\\\/logo\\\/image\\\/\"},\"sameAs\":[\"https:\\\/\\\/www.facebook.com\\\/laguiadepamplonacom-133175176762273\\\/?ref=hl\",\"https:\\\/\\\/x.com\\\/LaGuiadPamplona\",\"https:\\\/\\\/www.instagram.com\\\/la_guia_de_pamplona\\\/\",\"https:\\\/\\\/www.youtube.com\\\/user\\\/laguiadepamplona\"]},{\"@type\":\"Person\",\"@id\":\"https:\\\/\\\/www.laguiadepamplona.com\\\/actualidad\\\/#\\\/schema\\\/person\\\/efe887376f0213d4657c93adc50b1fdb\",\"name\":\"La Gu\u00eda de Pamplona\",\"image\":{\"@type\":\"ImageObject\",\"inLanguage\":\"es\",\"@id\":\"https:\\\/\\\/secure.gravatar.com\\\/avatar\\\/b6992f131dc8d30ab0dff15446e9d346d9dbd95992de0fef795073f5ea83a81c?s=96&d=mm&r=g\",\"url\":\"https:\\\/\\\/secure.gravatar.com\\\/avatar\\\/b6992f131dc8d30ab0dff15446e9d346d9dbd95992de0fef795073f5ea83a81c?s=96&d=mm&r=g\",\"contentUrl\":\"https:\\\/\\\/secure.gravatar.com\\\/avatar\\\/b6992f131dc8d30ab0dff15446e9d346d9dbd95992de0fef795073f5ea83a81c?s=96&d=mm&r=g\",\"caption\":\"La Gu\u00eda de Pamplona\"}}]}<\/script>\n<!-- \/ Yoast SEO plugin. -->","yoast_head_json":{"title":"El Otaku Day vuelve este s\u00e1bado a la Casa de la Juventud con una tarde de actividades gratuitas centradas en la cultura japonesa","description":"La Asociaci\u00f3n Navar-Manga ha programado torneos de videojuegos y concursos de canciones o aviones de papel, adem\u00e1s de un trivial tem\u00e1tico","robots":{"index":"index","follow":"follow","max-snippet":"max-snippet:-1","max-image-preview":"max-image-preview:large","max-video-preview":"max-video-preview:-1"},"canonical":"https:\/\/www.laguiadepamplona.com\/actualidad\/el-otaku-day-vuelve-este-sabado-a-la-casa-de-la-juventud-con-una-tarde-de-actividades-gratuitas-centradas-en-la-cultura-japonesa\/","og_locale":"es_ES","og_type":"article","og_title":"El Otaku Day vuelve este s\u00e1bado a la Casa de la Juventud con una tarde de actividades gratuitas centradas en la cultura japonesa","og_description":"La Asociaci\u00f3n Navar-Manga ha programado torneos de videojuegos y concursos de canciones o aviones de papel, adem\u00e1s de un trivial tem\u00e1tico","og_url":"https:\/\/www.laguiadepamplona.com\/actualidad\/el-otaku-day-vuelve-este-sabado-a-la-casa-de-la-juventud-con-una-tarde-de-actividades-gratuitas-centradas-en-la-cultura-japonesa\/","og_site_name":"La Gu\u00eda de Pamplona","article_publisher":"https:\/\/www.facebook.com\/laguiadepamplonacom-133175176762273\/?ref=hl","article_published_time":"2023-11-09T16:17:25+00:00","og_image":[{"width":1200,"height":1200,"url":"https:\/\/www.laguiadepamplona.com\/actualidad\/wp-content\/uploads\/2023\/11\/otaku.webp","type":"image\/webp"}],"author":"La Gu\u00eda de Pamplona","twitter_card":"summary_large_image","twitter_creator":"@LaGuiadPamplona","twitter_site":"@LaGuiadPamplona","twitter_misc":{"Escrito por":"La Gu\u00eda de Pamplona","Tiempo de lectura":"3 minutos"},"schema":{"@context":"https:\/\/schema.org","@graph":[{"@type":"Article","@id":"https:\/\/www.laguiadepamplona.com\/actualidad\/el-otaku-day-vuelve-este-sabado-a-la-casa-de-la-juventud-con-una-tarde-de-actividades-gratuitas-centradas-en-la-cultura-japonesa\/#article","isPartOf":{"@id":"https:\/\/www.laguiadepamplona.com\/actualidad\/el-otaku-day-vuelve-este-sabado-a-la-casa-de-la-juventud-con-una-tarde-de-actividades-gratuitas-centradas-en-la-cultura-japonesa\/"},"author":{"name":"La Gu\u00eda de Pamplona","@id":"https:\/\/www.laguiadepamplona.com\/actualidad\/#\/schema\/person\/efe887376f0213d4657c93adc50b1fdb"},"headline":"El Otaku Day vuelve este s\u00e1bado a la Casa de la Juventud con una tarde de actividades gratuitas centradas en la cultura japonesa","datePublished":"2023-11-09T16:17:25+00:00","mainEntityOfPage":{"@id":"https:\/\/www.laguiadepamplona.com\/actualidad\/el-otaku-day-vuelve-este-sabado-a-la-casa-de-la-juventud-con-una-tarde-de-actividades-gratuitas-centradas-en-la-cultura-japonesa\/"},"wordCount":623,"commentCount":0,"publisher":{"@id":"https:\/\/www.laguiadepamplona.com\/actualidad\/#organization"},"image":{"@id":"https:\/\/www.laguiadepamplona.com\/actualidad\/el-otaku-day-vuelve-este-sabado-a-la-casa-de-la-juventud-con-una-tarde-de-actividades-gratuitas-centradas-en-la-cultura-japonesa\/#primaryimage"},"thumbnailUrl":"https:\/\/www.laguiadepamplona.com\/actualidad\/wp-content\/uploads\/2023\/11\/otaku.webp","articleSection":["Ayto Pamplona"],"inLanguage":"es","potentialAction":[{"@type":"CommentAction","name":"Comment","target":["https:\/\/www.laguiadepamplona.com\/actualidad\/el-otaku-day-vuelve-este-sabado-a-la-casa-de-la-juventud-con-una-tarde-de-actividades-gratuitas-centradas-en-la-cultura-japonesa\/#respond"]}]},{"@type":"WebPage","@id":"https:\/\/www.laguiadepamplona.com\/actualidad\/el-otaku-day-vuelve-este-sabado-a-la-casa-de-la-juventud-con-una-tarde-de-actividades-gratuitas-centradas-en-la-cultura-japonesa\/","url":"https:\/\/www.laguiadepamplona.com\/actualidad\/el-otaku-day-vuelve-este-sabado-a-la-casa-de-la-juventud-con-una-tarde-de-actividades-gratuitas-centradas-en-la-cultura-japonesa\/","name":"El Otaku Day vuelve este s\u00e1bado a la Casa de la Juventud con una tarde de actividades gratuitas centradas en la cultura japonesa","isPartOf":{"@id":"https:\/\/www.laguiadepamplona.com\/actualidad\/#website"},"primaryImageOfPage":{"@id":"https:\/\/www.laguiadepamplona.com\/actualidad\/el-otaku-day-vuelve-este-sabado-a-la-casa-de-la-juventud-con-una-tarde-de-actividades-gratuitas-centradas-en-la-cultura-japonesa\/#primaryimage"},"image":{"@id":"https:\/\/www.laguiadepamplona.com\/actualidad\/el-otaku-day-vuelve-este-sabado-a-la-casa-de-la-juventud-con-una-tarde-de-actividades-gratuitas-centradas-en-la-cultura-japonesa\/#primaryimage"},"thumbnailUrl":"https:\/\/www.laguiadepamplona.com\/actualidad\/wp-content\/uploads\/2023\/11\/otaku.webp","datePublished":"2023-11-09T16:17:25+00:00","description":"La Asociaci\u00f3n Navar-Manga ha programado torneos de videojuegos y concursos de canciones o aviones de papel, adem\u00e1s de un trivial tem\u00e1tico","breadcrumb":{"@id":"https:\/\/www.laguiadepamplona.com\/actualidad\/el-otaku-day-vuelve-este-sabado-a-la-casa-de-la-juventud-con-una-tarde-de-actividades-gratuitas-centradas-en-la-cultura-japonesa\/#breadcrumb"},"inLanguage":"es","potentialAction":[{"@type":"ReadAction","target":["https:\/\/www.laguiadepamplona.com\/actualidad\/el-otaku-day-vuelve-este-sabado-a-la-casa-de-la-juventud-con-una-tarde-de-actividades-gratuitas-centradas-en-la-cultura-japonesa\/"]}]},{"@type":"ImageObject","inLanguage":"es","@id":"https:\/\/www.laguiadepamplona.com\/actualidad\/el-otaku-day-vuelve-este-sabado-a-la-casa-de-la-juventud-con-una-tarde-de-actividades-gratuitas-centradas-en-la-cultura-japonesa\/#primaryimage","url":"https:\/\/www.laguiadepamplona.com\/actualidad\/wp-content\/uploads\/2023\/11\/otaku.webp","contentUrl":"https:\/\/www.laguiadepamplona.com\/actualidad\/wp-content\/uploads\/2023\/11\/otaku.webp","width":1200,"height":1200,"caption":"otaku"},{"@type":"BreadcrumbList","@id":"https:\/\/www.laguiadepamplona.com\/actualidad\/el-otaku-day-vuelve-este-sabado-a-la-casa-de-la-juventud-con-una-tarde-de-actividades-gratuitas-centradas-en-la-cultura-japonesa\/#breadcrumb","itemListElement":[{"@type":"ListItem","position":1,"name":"Portada","item":"https:\/\/www.laguiadepamplona.com\/actualidad\/"},{"@type":"ListItem","position":2,"name":"El Otaku Day vuelve este s\u00e1bado a la Casa de la Juventud con una tarde de actividades gratuitas centradas en la cultura japonesa"}]},{"@type":"WebSite","@id":"https:\/\/www.laguiadepamplona.com\/actualidad\/#website","url":"https:\/\/www.laguiadepamplona.com\/actualidad\/","name":"La gu\u00eda de Pamplona","description":"Noticias de Pamplona","publisher":{"@id":"https:\/\/www.laguiadepamplona.com\/actualidad\/#organization"},"potentialAction":[{"@type":"SearchAction","target":{"@type":"EntryPoint","urlTemplate":"https:\/\/www.laguiadepamplona.com\/actualidad\/?s={search_term_string}"},"query-input":{"@type":"PropertyValueSpecification","valueRequired":true,"valueName":"search_term_string"}}],"inLanguage":"es"},{"@type":"Organization","@id":"https:\/\/www.laguiadepamplona.com\/actualidad\/#organization","name":"La Gu\u00eda de Pamplona \/ Noticias","url":"https:\/\/www.laguiadepamplona.com\/actualidad\/","logo":{"@type":"ImageObject","inLanguage":"es","@id":"https:\/\/www.laguiadepamplona.com\/actualidad\/#\/schema\/logo\/image\/","url":"https:\/\/www.laguiadepamplona.com\/actualidad\/wp-content\/uploads\/2018\/11\/logo-laguiadepamplona18-web1.png","contentUrl":"https:\/\/www.laguiadepamplona.com\/actualidad\/wp-content\/uploads\/2018\/11\/logo-laguiadepamplona18-web1.png","width":600,"height":196,"caption":"La Gu\u00eda de Pamplona \/ Noticias"},"image":{"@id":"https:\/\/www.laguiadepamplona.com\/actualidad\/#\/schema\/logo\/image\/"},"sameAs":["https:\/\/www.facebook.com\/laguiadepamplonacom-133175176762273\/?ref=hl","https:\/\/x.com\/LaGuiadPamplona","https:\/\/www.instagram.com\/la_guia_de_pamplona\/","https:\/\/www.youtube.com\/user\/laguiadepamplona"]},{"@type":"Person","@id":"https:\/\/www.laguiadepamplona.com\/actualidad\/#\/schema\/person\/efe887376f0213d4657c93adc50b1fdb","name":"La Gu\u00eda de Pamplona","image":{"@type":"ImageObject","inLanguage":"es","@id":"https:\/\/secure.gravatar.com\/avatar\/b6992f131dc8d30ab0dff15446e9d346d9dbd95992de0fef795073f5ea83a81c?s=96&d=mm&r=g","url":"https:\/\/secure.gravatar.com\/avatar\/b6992f131dc8d30ab0dff15446e9d346d9dbd95992de0fef795073f5ea83a81c?s=96&d=mm&r=g","contentUrl":"https:\/\/secure.gravatar.com\/avatar\/b6992f131dc8d30ab0dff15446e9d346d9dbd95992de0fef795073f5ea83a81c?s=96&d=mm&r=g","caption":"La Gu\u00eda de Pamplona"}}]}},"post_mailing_queue_ids":[],"_links":{"self":[{"href":"https:\/\/www.laguiadepamplona.com\/actualidad\/wp-json\/wp\/v2\/posts\/47871","targetHints":{"allow":["GET"]}}],"collection":[{"href":"https:\/\/www.laguiadepamplona.com\/actualidad\/wp-json\/wp\/v2\/posts"}],"about":[{"href":"https:\/\/www.laguiadepamplona.com\/actualidad\/wp-json\/wp\/v2\/types\/post"}],"author":[{"embeddable":true,"href":"https:\/\/www.laguiadepamplona.com\/actualidad\/wp-json\/wp\/v2\/users\/1"}],"replies":[{"embeddable":true,"href":"https:\/\/www.laguiadepamplona.com\/actualidad\/wp-json\/wp\/v2\/comments?post=47871"}],"version-history":[{"count":1,"href":"https:\/\/www.laguiadepamplona.com\/actualidad\/wp-json\/wp\/v2\/posts\/47871\/revisions"}],"predecessor-version":[{"id":47873,"href":"https:\/\/www.laguiadepamplona.com\/actualidad\/wp-json\/wp\/v2\/posts\/47871\/revisions\/47873"}],"wp:featuredmedia":[{"embeddable":true,"href":"https:\/\/www.laguiadepamplona.com\/actualidad\/wp-json\/wp\/v2\/media\/47872"}],"wp:attachment":[{"href":"https:\/\/www.laguiadepamplona.com\/actualidad\/wp-json\/wp\/v2\/media?parent=47871"}],"wp:term":[{"taxonomy":"category","embeddable":true,"href":"https:\/\/www.laguiadepamplona.com\/actualidad\/wp-json\/wp\/v2\/categories?post=47871"},{"taxonomy":"post_tag","embeddable":true,"href":"https:\/\/www.laguiadepamplona.com\/actualidad\/wp-json\/wp\/v2\/tags?post=47871"}],"curies":[{"name":"wp","href":"https:\/\/api.w.org\/{rel}","templated":true}]}}