{"id":47864,"date":"2023-11-08T18:24:55","date_gmt":"2023-11-08T16:24:55","guid":{"rendered":"https:\/\/www.laguiadepamplona.com\/actualidad\/?p=47864"},"modified":"2023-11-08T18:30:57","modified_gmt":"2023-11-08T16:30:57","slug":"pamplona-celebra-este-jueves-el-30-aniversario-de-la-declaracion-de-patrimonio-mundial-de-la-unesco-del-camino-de-santiago-frances","status":"publish","type":"post","link":"https:\/\/www.laguiadepamplona.com\/actualidad\/pamplona-celebra-este-jueves-el-30-aniversario-de-la-declaracion-de-patrimonio-mundial-de-la-unesco-del-camino-de-santiago-frances\/","title":{"rendered":"Pamplona celebra este jueves el 30 aniversario de la declaraci\u00f3n de Patrimonio Mundial de la UNESCO del Camino de Santiago franc\u00e9s"},"content":{"rendered":"<h3>La alcaldesa de Pamplona y presidenta de la Asociaci\u00f3n de Municipios del Camino de Santiago participar\u00e1 en los actos previstos en Luzaide-Valcarlos<\/h3>\n<p><!--more--><\/p>\n<p>El Camino de Santiago franc\u00e9s cumple treinta a\u00f1os como Patrimonio Mundial de la UNESCO. Esta efem\u00e9ride se va a festejar ma\u00f1ana jueves en Luzaide \u2013 Valcarlos, la primera localidad por la que transita la ruta jacobea tras cruzar la frontera francesa, con un acto de celebraci\u00f3n que contar\u00e1, entre otras autoridades, con la alcaldesa de Pamplona, Cristina Ibarrola, presidenta adem\u00e1s de la Asociaci\u00f3n de Municipios de Camino de Santiago, que re\u00fane a m\u00e1s de un centenar de localidades espa\u00f1olas.<br \/>\n<script async src=\"\/\/pagead2.googlesyndication.com\/pagead\/js\/adsbygoogle.js\"><\/script><br \/>\n<!-- Noticias La Guia de Pamplona --><br \/>\n<ins class=\"adsbygoogle\"\nstyle=\"display:block\"\ndata-ad-client=\"ca-pub-6943679897239327\"\ndata-ad-slot=\"7048180777\"\ndata-ad-format=\"auto\"><\/ins><br \/>\n<script>\n(adsbygoogle = window.adsbygoogle || []).push({});\n<\/script><\/p>\n<p>La celebraci\u00f3n comenzar\u00e1 a las 13 horas en el Ayuntamiento de Luzaide \u2013 Valcarlos con la bienvenida a autoridades y personas asistentes, a cargo de su alcalde, Nicol\u00e1s Camino, y de la propia Cristina Ibarrola. Despu\u00e9s, a trav\u00e9s de tres ponencias, la jornada se adentrar\u00e1 en la realidad del Camino de Santiago como conexi\u00f3n cultural entre Navarra y Arag\u00f3n, en las figuras de las personas peregrinas y los hospitaleros y hospitaleras y, por \u00faltimo, se hablar\u00e1 sobre la devoci\u00f3n en la ruta jacobea con ejemplos de iglesias funerarias de la \u00e9poca rom\u00e1nica.<\/p>\n<p>Antes de concluir la ma\u00f1ana de celebraciones, se visitar\u00e1n la iglesia parroquial de Santiago construida en honor al santo y el centro expositivo sobre la Batalla de Roncesvalles ubicado en la Casa de las Monjas de Luzaide Valcarlos.<br \/>\n<script async src=\"\/\/pagead2.googlesyndication.com\/pagead\/js\/adsbygoogle.js\"><\/script><br \/>\n<!-- Noticias La Guia de Pamplona --><br \/>\n<ins class=\"adsbygoogle\"\nstyle=\"display:block\"\ndata-ad-client=\"ca-pub-6943679897239327\"\ndata-ad-slot=\"7048180777\"\ndata-ad-format=\"auto\"><\/ins><br \/>\n<script>\n(adsbygoogle = window.adsbygoogle || []).push({});\n<\/script><\/p>\n<p><strong>Treinta a\u00f1os de reconocimiento<\/strong><\/p>\n<p>El 11 de diciembre de 1993, en una reuni\u00f3n celebrado en Cartagena de Indias (Colombia), la UNESCO inscribi\u00f3 el Camino de Santiago franc\u00e9s en su lista de Patrimonio Mundial. El reconocimiento destaca el patrimonio construido en el recorrido desde los Pirineos a Galicia, su importancia hist\u00f3rica, los avances culturales y arquitect\u00f3nicos, su conservaci\u00f3n a lo largo de los a\u00f1os o su testimonio de la influencia de la fe entre personas de todo origen y clase social desde la \u00e9poca medieval.<\/p>\n<p><strong>En el a\u00f1o 1998, la UNESCO realiz\u00f3 una primera ampliaci\u00f3n de la declaraci\u00f3n de Patrimonio de la Humanidad a todas las rutas que ven\u00edan desde Francia<\/strong>. Se inclu\u00edan, de esta forma, rutas como el Camino de Santiago de Le Puy, el Camino de Limoges, el Camino de Tours o el Camino de Toulouse. En 2015, la UNESCO ampli\u00f3 el reconocimiento otorgado a la ruta jacobea a su paso por Espa\u00f1a para incluir los denominados <strong>Caminos de Santiago del Norte. Se trata de cuatro rutas conocidas como Camino Costero, el Camino Primitivo, el Camino Interior del Pa\u00eds Vasco y La Rioja y el Camino Lebaniego.<\/strong><br \/>\n<script async src=\"\/\/pagead2.googlesyndication.com\/pagead\/js\/adsbygoogle.js\"><\/script><br \/>\n<!-- Noticias La Guia de Pamplona --><br \/>\n<ins class=\"adsbygoogle\"\nstyle=\"display:block\"\ndata-ad-client=\"ca-pub-6943679897239327\"\ndata-ad-slot=\"7048180777\"\ndata-ad-format=\"auto\"><\/ins><br \/>\n<script>\n(adsbygoogle = window.adsbygoogle || []).push({});\n<\/script><\/p>\n<p>El Camino de Santiago fue declarado tambi\u00e9n B<em>ien de Inter\u00e9s Cultural<\/em>\u00a0en los a\u00f1os 60 (entonces se denominaban \u2018conjuntos hist\u00f3rico \u2013 art\u00edsticos\u2019), con una protecci\u00f3n que incluye lugares, monumentos, n\u00facleos urbanos y el propio camino, que a\u00fana tanto bienes materiales como inmateriales. La ruta jacobea cuenta con otros reconocimientos como la concesi\u00f3n del certificado como\u00a0<strong>Primer Itinerario Cultural Europeo<\/strong>\u00a0por el Consejo de Europa en 1987 por su contribuci\u00f3n a una historia y una identidad compartida. O la concesi\u00f3n de la categor\u00eda de Gran Itinerario Cultural Europeo en 2004 tambi\u00e9n por el Consejo de Europa. Ese mismo a\u00f1o el Camino de Santiago recibi\u00f3 el Premio Pr\u00edncipe de Asturias de la Concordia \u201cpor ser un lugar de peregrinaci\u00f3n y de encuentro entre personas y pueblos que, a trav\u00e9s de los siglos, se ha convertido en s\u00edmbolo de fraternidad y vertebrador de la conciencia europea\u201d.<\/p>\n","protected":false},"excerpt":{"rendered":"<p>La alcaldesa de Pamplona y presidenta de la Asociaci\u00f3n de Municipios del Camino de Santiago participar\u00e1 en los actos previstos en Luzaide-Valcarlos<\/p>\n","protected":false},"author":1,"featured_media":47865,"comment_status":"open","ping_status":"closed","sticky":false,"template":"","format":"standard","meta":{"footnotes":""},"categories":[2],"tags":[],"class_list":["post-47864","post","type-post","status-publish","format-standard","has-post-thumbnail","hentry","category-ayuntamiento-pamplona"],"yoast_head":"<!-- This site is optimized with the Yoast SEO plugin v27.3 - https:\/\/yoast.com\/product\/yoast-seo-wordpress\/ -->\n<title>Pamplona celebra este jueves el 30 aniversario de la declaraci\u00f3n de Patrimonio Mundial de la UNESCO del Camino de Santiago franc\u00e9s<\/title>\n<meta name=\"description\" content=\"La alcaldesa de Pamplona y presidenta de la Asociaci\u00f3n de Municipios del Camino de Santiago participar\u00e1 en los actos previstos en Luzaide-Valcarlos\" \/>\n<meta name=\"robots\" content=\"index, follow, max-snippet:-1, max-image-preview:large, max-video-preview:-1\" \/>\n<link rel=\"canonical\" href=\"https:\/\/www.laguiadepamplona.com\/actualidad\/pamplona-celebra-este-jueves-el-30-aniversario-de-la-declaracion-de-patrimonio-mundial-de-la-unesco-del-camino-de-santiago-frances\/\" \/>\n<meta property=\"og:locale\" content=\"es_ES\" \/>\n<meta property=\"og:type\" content=\"article\" \/>\n<meta property=\"og:title\" content=\"Pamplona celebra este jueves el 30 aniversario de la declaraci\u00f3n de Patrimonio Mundial de la UNESCO del Camino de Santiago franc\u00e9s\" \/>\n<meta property=\"og:description\" content=\"La alcaldesa de Pamplona y presidenta de la Asociaci\u00f3n de Municipios del Camino de Santiago participar\u00e1 en los actos previstos en Luzaide-Valcarlos\" \/>\n<meta property=\"og:url\" content=\"https:\/\/www.laguiadepamplona.com\/actualidad\/pamplona-celebra-este-jueves-el-30-aniversario-de-la-declaracion-de-patrimonio-mundial-de-la-unesco-del-camino-de-santiago-frances\/\" \/>\n<meta property=\"og:site_name\" content=\"La Gu\u00eda de Pamplona\" \/>\n<meta property=\"article:publisher\" content=\"https:\/\/www.facebook.com\/laguiadepamplonacom-133175176762273\/?ref=hl\" \/>\n<meta property=\"article:published_time\" content=\"2023-11-08T16:24:55+00:00\" \/>\n<meta property=\"article:modified_time\" content=\"2023-11-08T16:30:57+00:00\" \/>\n<meta property=\"og:image\" content=\"https:\/\/www.laguiadepamplona.com\/actualidad\/wp-content\/uploads\/2023\/11\/camino-santiago-frances.webp\" \/>\n\t<meta property=\"og:image:width\" content=\"1200\" \/>\n\t<meta property=\"og:image:height\" content=\"800\" \/>\n\t<meta property=\"og:image:type\" content=\"image\/webp\" \/>\n<meta name=\"author\" content=\"La Gu\u00eda de Pamplona\" \/>\n<meta name=\"twitter:card\" content=\"summary_large_image\" \/>\n<meta name=\"twitter:creator\" content=\"@LaGuiadPamplona\" \/>\n<meta name=\"twitter:site\" content=\"@LaGuiadPamplona\" \/>\n<meta name=\"twitter:label1\" content=\"Escrito por\" \/>\n\t<meta name=\"twitter:data1\" content=\"La Gu\u00eda de Pamplona\" \/>\n\t<meta name=\"twitter:label2\" content=\"Tiempo de lectura\" \/>\n\t<meta name=\"twitter:data2\" content=\"3 minutos\" \/>\n<script type=\"application\/ld+json\" class=\"yoast-schema-graph\">{\"@context\":\"https:\\\/\\\/schema.org\",\"@graph\":[{\"@type\":\"Article\",\"@id\":\"https:\\\/\\\/www.laguiadepamplona.com\\\/actualidad\\\/pamplona-celebra-este-jueves-el-30-aniversario-de-la-declaracion-de-patrimonio-mundial-de-la-unesco-del-camino-de-santiago-frances\\\/#article\",\"isPartOf\":{\"@id\":\"https:\\\/\\\/www.laguiadepamplona.com\\\/actualidad\\\/pamplona-celebra-este-jueves-el-30-aniversario-de-la-declaracion-de-patrimonio-mundial-de-la-unesco-del-camino-de-santiago-frances\\\/\"},\"author\":{\"name\":\"La Gu\u00eda de Pamplona\",\"@id\":\"https:\\\/\\\/www.laguiadepamplona.com\\\/actualidad\\\/#\\\/schema\\\/person\\\/efe887376f0213d4657c93adc50b1fdb\"},\"headline\":\"Pamplona celebra este jueves el 30 aniversario de la declaraci\u00f3n de Patrimonio Mundial de la UNESCO del Camino de Santiago franc\u00e9s\",\"datePublished\":\"2023-11-08T16:24:55+00:00\",\"dateModified\":\"2023-11-08T16:30:57+00:00\",\"mainEntityOfPage\":{\"@id\":\"https:\\\/\\\/www.laguiadepamplona.com\\\/actualidad\\\/pamplona-celebra-este-jueves-el-30-aniversario-de-la-declaracion-de-patrimonio-mundial-de-la-unesco-del-camino-de-santiago-frances\\\/\"},\"wordCount\":626,\"commentCount\":0,\"publisher\":{\"@id\":\"https:\\\/\\\/www.laguiadepamplona.com\\\/actualidad\\\/#organization\"},\"image\":{\"@id\":\"https:\\\/\\\/www.laguiadepamplona.com\\\/actualidad\\\/pamplona-celebra-este-jueves-el-30-aniversario-de-la-declaracion-de-patrimonio-mundial-de-la-unesco-del-camino-de-santiago-frances\\\/#primaryimage\"},\"thumbnailUrl\":\"https:\\\/\\\/www.laguiadepamplona.com\\\/actualidad\\\/wp-content\\\/uploads\\\/2023\\\/11\\\/camino-santiago-frances.webp\",\"articleSection\":[\"Ayto Pamplona\"],\"inLanguage\":\"es\",\"potentialAction\":[{\"@type\":\"CommentAction\",\"name\":\"Comment\",\"target\":[\"https:\\\/\\\/www.laguiadepamplona.com\\\/actualidad\\\/pamplona-celebra-este-jueves-el-30-aniversario-de-la-declaracion-de-patrimonio-mundial-de-la-unesco-del-camino-de-santiago-frances\\\/#respond\"]}]},{\"@type\":\"WebPage\",\"@id\":\"https:\\\/\\\/www.laguiadepamplona.com\\\/actualidad\\\/pamplona-celebra-este-jueves-el-30-aniversario-de-la-declaracion-de-patrimonio-mundial-de-la-unesco-del-camino-de-santiago-frances\\\/\",\"url\":\"https:\\\/\\\/www.laguiadepamplona.com\\\/actualidad\\\/pamplona-celebra-este-jueves-el-30-aniversario-de-la-declaracion-de-patrimonio-mundial-de-la-unesco-del-camino-de-santiago-frances\\\/\",\"name\":\"Pamplona celebra este jueves el 30 aniversario de la declaraci\u00f3n de Patrimonio Mundial de la UNESCO del Camino de Santiago franc\u00e9s\",\"isPartOf\":{\"@id\":\"https:\\\/\\\/www.laguiadepamplona.com\\\/actualidad\\\/#website\"},\"primaryImageOfPage\":{\"@id\":\"https:\\\/\\\/www.laguiadepamplona.com\\\/actualidad\\\/pamplona-celebra-este-jueves-el-30-aniversario-de-la-declaracion-de-patrimonio-mundial-de-la-unesco-del-camino-de-santiago-frances\\\/#primaryimage\"},\"image\":{\"@id\":\"https:\\\/\\\/www.laguiadepamplona.com\\\/actualidad\\\/pamplona-celebra-este-jueves-el-30-aniversario-de-la-declaracion-de-patrimonio-mundial-de-la-unesco-del-camino-de-santiago-frances\\\/#primaryimage\"},\"thumbnailUrl\":\"https:\\\/\\\/www.laguiadepamplona.com\\\/actualidad\\\/wp-content\\\/uploads\\\/2023\\\/11\\\/camino-santiago-frances.webp\",\"datePublished\":\"2023-11-08T16:24:55+00:00\",\"dateModified\":\"2023-11-08T16:30:57+00:00\",\"description\":\"La alcaldesa de Pamplona y presidenta de la Asociaci\u00f3n de Municipios del Camino de Santiago participar\u00e1 en los actos previstos en Luzaide-Valcarlos\",\"breadcrumb\":{\"@id\":\"https:\\\/\\\/www.laguiadepamplona.com\\\/actualidad\\\/pamplona-celebra-este-jueves-el-30-aniversario-de-la-declaracion-de-patrimonio-mundial-de-la-unesco-del-camino-de-santiago-frances\\\/#breadcrumb\"},\"inLanguage\":\"es\",\"potentialAction\":[{\"@type\":\"ReadAction\",\"target\":[\"https:\\\/\\\/www.laguiadepamplona.com\\\/actualidad\\\/pamplona-celebra-este-jueves-el-30-aniversario-de-la-declaracion-de-patrimonio-mundial-de-la-unesco-del-camino-de-santiago-frances\\\/\"]}]},{\"@type\":\"ImageObject\",\"inLanguage\":\"es\",\"@id\":\"https:\\\/\\\/www.laguiadepamplona.com\\\/actualidad\\\/pamplona-celebra-este-jueves-el-30-aniversario-de-la-declaracion-de-patrimonio-mundial-de-la-unesco-del-camino-de-santiago-frances\\\/#primaryimage\",\"url\":\"https:\\\/\\\/www.laguiadepamplona.com\\\/actualidad\\\/wp-content\\\/uploads\\\/2023\\\/11\\\/camino-santiago-frances.webp\",\"contentUrl\":\"https:\\\/\\\/www.laguiadepamplona.com\\\/actualidad\\\/wp-content\\\/uploads\\\/2023\\\/11\\\/camino-santiago-frances.webp\",\"width\":1200,\"height\":800,\"caption\":\"camino santiago frances\"},{\"@type\":\"BreadcrumbList\",\"@id\":\"https:\\\/\\\/www.laguiadepamplona.com\\\/actualidad\\\/pamplona-celebra-este-jueves-el-30-aniversario-de-la-declaracion-de-patrimonio-mundial-de-la-unesco-del-camino-de-santiago-frances\\\/#breadcrumb\",\"itemListElement\":[{\"@type\":\"ListItem\",\"position\":1,\"name\":\"Portada\",\"item\":\"https:\\\/\\\/www.laguiadepamplona.com\\\/actualidad\\\/\"},{\"@type\":\"ListItem\",\"position\":2,\"name\":\"Pamplona celebra este jueves el 30 aniversario de la declaraci\u00f3n de Patrimonio Mundial de la UNESCO del Camino de Santiago franc\u00e9s\"}]},{\"@type\":\"WebSite\",\"@id\":\"https:\\\/\\\/www.laguiadepamplona.com\\\/actualidad\\\/#website\",\"url\":\"https:\\\/\\\/www.laguiadepamplona.com\\\/actualidad\\\/\",\"name\":\"La gu\u00eda de Pamplona\",\"description\":\"Noticias de Pamplona\",\"publisher\":{\"@id\":\"https:\\\/\\\/www.laguiadepamplona.com\\\/actualidad\\\/#organization\"},\"potentialAction\":[{\"@type\":\"SearchAction\",\"target\":{\"@type\":\"EntryPoint\",\"urlTemplate\":\"https:\\\/\\\/www.laguiadepamplona.com\\\/actualidad\\\/?s={search_term_string}\"},\"query-input\":{\"@type\":\"PropertyValueSpecification\",\"valueRequired\":true,\"valueName\":\"search_term_string\"}}],\"inLanguage\":\"es\"},{\"@type\":\"Organization\",\"@id\":\"https:\\\/\\\/www.laguiadepamplona.com\\\/actualidad\\\/#organization\",\"name\":\"La Gu\u00eda de Pamplona \\\/ Noticias\",\"url\":\"https:\\\/\\\/www.laguiadepamplona.com\\\/actualidad\\\/\",\"logo\":{\"@type\":\"ImageObject\",\"inLanguage\":\"es\",\"@id\":\"https:\\\/\\\/www.laguiadepamplona.com\\\/actualidad\\\/#\\\/schema\\\/logo\\\/image\\\/\",\"url\":\"https:\\\/\\\/www.laguiadepamplona.com\\\/actualidad\\\/wp-content\\\/uploads\\\/2018\\\/11\\\/logo-laguiadepamplona18-web1.png\",\"contentUrl\":\"https:\\\/\\\/www.laguiadepamplona.com\\\/actualidad\\\/wp-content\\\/uploads\\\/2018\\\/11\\\/logo-laguiadepamplona18-web1.png\",\"width\":600,\"height\":196,\"caption\":\"La Gu\u00eda de Pamplona \\\/ Noticias\"},\"image\":{\"@id\":\"https:\\\/\\\/www.laguiadepamplona.com\\\/actualidad\\\/#\\\/schema\\\/logo\\\/image\\\/\"},\"sameAs\":[\"https:\\\/\\\/www.facebook.com\\\/laguiadepamplonacom-133175176762273\\\/?ref=hl\",\"https:\\\/\\\/x.com\\\/LaGuiadPamplona\",\"https:\\\/\\\/www.instagram.com\\\/la_guia_de_pamplona\\\/\",\"https:\\\/\\\/www.youtube.com\\\/user\\\/laguiadepamplona\"]},{\"@type\":\"Person\",\"@id\":\"https:\\\/\\\/www.laguiadepamplona.com\\\/actualidad\\\/#\\\/schema\\\/person\\\/efe887376f0213d4657c93adc50b1fdb\",\"name\":\"La Gu\u00eda de Pamplona\",\"image\":{\"@type\":\"ImageObject\",\"inLanguage\":\"es\",\"@id\":\"https:\\\/\\\/secure.gravatar.com\\\/avatar\\\/b6992f131dc8d30ab0dff15446e9d346d9dbd95992de0fef795073f5ea83a81c?s=96&d=mm&r=g\",\"url\":\"https:\\\/\\\/secure.gravatar.com\\\/avatar\\\/b6992f131dc8d30ab0dff15446e9d346d9dbd95992de0fef795073f5ea83a81c?s=96&d=mm&r=g\",\"contentUrl\":\"https:\\\/\\\/secure.gravatar.com\\\/avatar\\\/b6992f131dc8d30ab0dff15446e9d346d9dbd95992de0fef795073f5ea83a81c?s=96&d=mm&r=g\",\"caption\":\"La Gu\u00eda de Pamplona\"}}]}<\/script>\n<!-- \/ Yoast SEO plugin. -->","yoast_head_json":{"title":"Pamplona celebra este jueves el 30 aniversario de la declaraci\u00f3n de Patrimonio Mundial de la UNESCO del Camino de Santiago franc\u00e9s","description":"La alcaldesa de Pamplona y presidenta de la Asociaci\u00f3n de Municipios del Camino de Santiago participar\u00e1 en los actos previstos en Luzaide-Valcarlos","robots":{"index":"index","follow":"follow","max-snippet":"max-snippet:-1","max-image-preview":"max-image-preview:large","max-video-preview":"max-video-preview:-1"},"canonical":"https:\/\/www.laguiadepamplona.com\/actualidad\/pamplona-celebra-este-jueves-el-30-aniversario-de-la-declaracion-de-patrimonio-mundial-de-la-unesco-del-camino-de-santiago-frances\/","og_locale":"es_ES","og_type":"article","og_title":"Pamplona celebra este jueves el 30 aniversario de la declaraci\u00f3n de Patrimonio Mundial de la UNESCO del Camino de Santiago franc\u00e9s","og_description":"La alcaldesa de Pamplona y presidenta de la Asociaci\u00f3n de Municipios del Camino de Santiago participar\u00e1 en los actos previstos en Luzaide-Valcarlos","og_url":"https:\/\/www.laguiadepamplona.com\/actualidad\/pamplona-celebra-este-jueves-el-30-aniversario-de-la-declaracion-de-patrimonio-mundial-de-la-unesco-del-camino-de-santiago-frances\/","og_site_name":"La Gu\u00eda de Pamplona","article_publisher":"https:\/\/www.facebook.com\/laguiadepamplonacom-133175176762273\/?ref=hl","article_published_time":"2023-11-08T16:24:55+00:00","article_modified_time":"2023-11-08T16:30:57+00:00","og_image":[{"width":1200,"height":800,"url":"https:\/\/www.laguiadepamplona.com\/actualidad\/wp-content\/uploads\/2023\/11\/camino-santiago-frances.webp","type":"image\/webp"}],"author":"La Gu\u00eda de Pamplona","twitter_card":"summary_large_image","twitter_creator":"@LaGuiadPamplona","twitter_site":"@LaGuiadPamplona","twitter_misc":{"Escrito por":"La Gu\u00eda de Pamplona","Tiempo de lectura":"3 minutos"},"schema":{"@context":"https:\/\/schema.org","@graph":[{"@type":"Article","@id":"https:\/\/www.laguiadepamplona.com\/actualidad\/pamplona-celebra-este-jueves-el-30-aniversario-de-la-declaracion-de-patrimonio-mundial-de-la-unesco-del-camino-de-santiago-frances\/#article","isPartOf":{"@id":"https:\/\/www.laguiadepamplona.com\/actualidad\/pamplona-celebra-este-jueves-el-30-aniversario-de-la-declaracion-de-patrimonio-mundial-de-la-unesco-del-camino-de-santiago-frances\/"},"author":{"name":"La Gu\u00eda de Pamplona","@id":"https:\/\/www.laguiadepamplona.com\/actualidad\/#\/schema\/person\/efe887376f0213d4657c93adc50b1fdb"},"headline":"Pamplona celebra este jueves el 30 aniversario de la declaraci\u00f3n de Patrimonio Mundial de la UNESCO del Camino de Santiago franc\u00e9s","datePublished":"2023-11-08T16:24:55+00:00","dateModified":"2023-11-08T16:30:57+00:00","mainEntityOfPage":{"@id":"https:\/\/www.laguiadepamplona.com\/actualidad\/pamplona-celebra-este-jueves-el-30-aniversario-de-la-declaracion-de-patrimonio-mundial-de-la-unesco-del-camino-de-santiago-frances\/"},"wordCount":626,"commentCount":0,"publisher":{"@id":"https:\/\/www.laguiadepamplona.com\/actualidad\/#organization"},"image":{"@id":"https:\/\/www.laguiadepamplona.com\/actualidad\/pamplona-celebra-este-jueves-el-30-aniversario-de-la-declaracion-de-patrimonio-mundial-de-la-unesco-del-camino-de-santiago-frances\/#primaryimage"},"thumbnailUrl":"https:\/\/www.laguiadepamplona.com\/actualidad\/wp-content\/uploads\/2023\/11\/camino-santiago-frances.webp","articleSection":["Ayto Pamplona"],"inLanguage":"es","potentialAction":[{"@type":"CommentAction","name":"Comment","target":["https:\/\/www.laguiadepamplona.com\/actualidad\/pamplona-celebra-este-jueves-el-30-aniversario-de-la-declaracion-de-patrimonio-mundial-de-la-unesco-del-camino-de-santiago-frances\/#respond"]}]},{"@type":"WebPage","@id":"https:\/\/www.laguiadepamplona.com\/actualidad\/pamplona-celebra-este-jueves-el-30-aniversario-de-la-declaracion-de-patrimonio-mundial-de-la-unesco-del-camino-de-santiago-frances\/","url":"https:\/\/www.laguiadepamplona.com\/actualidad\/pamplona-celebra-este-jueves-el-30-aniversario-de-la-declaracion-de-patrimonio-mundial-de-la-unesco-del-camino-de-santiago-frances\/","name":"Pamplona celebra este jueves el 30 aniversario de la declaraci\u00f3n de Patrimonio Mundial de la UNESCO del Camino de Santiago franc\u00e9s","isPartOf":{"@id":"https:\/\/www.laguiadepamplona.com\/actualidad\/#website"},"primaryImageOfPage":{"@id":"https:\/\/www.laguiadepamplona.com\/actualidad\/pamplona-celebra-este-jueves-el-30-aniversario-de-la-declaracion-de-patrimonio-mundial-de-la-unesco-del-camino-de-santiago-frances\/#primaryimage"},"image":{"@id":"https:\/\/www.laguiadepamplona.com\/actualidad\/pamplona-celebra-este-jueves-el-30-aniversario-de-la-declaracion-de-patrimonio-mundial-de-la-unesco-del-camino-de-santiago-frances\/#primaryimage"},"thumbnailUrl":"https:\/\/www.laguiadepamplona.com\/actualidad\/wp-content\/uploads\/2023\/11\/camino-santiago-frances.webp","datePublished":"2023-11-08T16:24:55+00:00","dateModified":"2023-11-08T16:30:57+00:00","description":"La alcaldesa de Pamplona y presidenta de la Asociaci\u00f3n de Municipios del Camino de Santiago participar\u00e1 en los actos previstos en Luzaide-Valcarlos","breadcrumb":{"@id":"https:\/\/www.laguiadepamplona.com\/actualidad\/pamplona-celebra-este-jueves-el-30-aniversario-de-la-declaracion-de-patrimonio-mundial-de-la-unesco-del-camino-de-santiago-frances\/#breadcrumb"},"inLanguage":"es","potentialAction":[{"@type":"ReadAction","target":["https:\/\/www.laguiadepamplona.com\/actualidad\/pamplona-celebra-este-jueves-el-30-aniversario-de-la-declaracion-de-patrimonio-mundial-de-la-unesco-del-camino-de-santiago-frances\/"]}]},{"@type":"ImageObject","inLanguage":"es","@id":"https:\/\/www.laguiadepamplona.com\/actualidad\/pamplona-celebra-este-jueves-el-30-aniversario-de-la-declaracion-de-patrimonio-mundial-de-la-unesco-del-camino-de-santiago-frances\/#primaryimage","url":"https:\/\/www.laguiadepamplona.com\/actualidad\/wp-content\/uploads\/2023\/11\/camino-santiago-frances.webp","contentUrl":"https:\/\/www.laguiadepamplona.com\/actualidad\/wp-content\/uploads\/2023\/11\/camino-santiago-frances.webp","width":1200,"height":800,"caption":"camino santiago frances"},{"@type":"BreadcrumbList","@id":"https:\/\/www.laguiadepamplona.com\/actualidad\/pamplona-celebra-este-jueves-el-30-aniversario-de-la-declaracion-de-patrimonio-mundial-de-la-unesco-del-camino-de-santiago-frances\/#breadcrumb","itemListElement":[{"@type":"ListItem","position":1,"name":"Portada","item":"https:\/\/www.laguiadepamplona.com\/actualidad\/"},{"@type":"ListItem","position":2,"name":"Pamplona celebra este jueves el 30 aniversario de la declaraci\u00f3n de Patrimonio Mundial de la UNESCO del Camino de Santiago franc\u00e9s"}]},{"@type":"WebSite","@id":"https:\/\/www.laguiadepamplona.com\/actualidad\/#website","url":"https:\/\/www.laguiadepamplona.com\/actualidad\/","name":"La gu\u00eda de Pamplona","description":"Noticias de Pamplona","publisher":{"@id":"https:\/\/www.laguiadepamplona.com\/actualidad\/#organization"},"potentialAction":[{"@type":"SearchAction","target":{"@type":"EntryPoint","urlTemplate":"https:\/\/www.laguiadepamplona.com\/actualidad\/?s={search_term_string}"},"query-input":{"@type":"PropertyValueSpecification","valueRequired":true,"valueName":"search_term_string"}}],"inLanguage":"es"},{"@type":"Organization","@id":"https:\/\/www.laguiadepamplona.com\/actualidad\/#organization","name":"La Gu\u00eda de Pamplona \/ Noticias","url":"https:\/\/www.laguiadepamplona.com\/actualidad\/","logo":{"@type":"ImageObject","inLanguage":"es","@id":"https:\/\/www.laguiadepamplona.com\/actualidad\/#\/schema\/logo\/image\/","url":"https:\/\/www.laguiadepamplona.com\/actualidad\/wp-content\/uploads\/2018\/11\/logo-laguiadepamplona18-web1.png","contentUrl":"https:\/\/www.laguiadepamplona.com\/actualidad\/wp-content\/uploads\/2018\/11\/logo-laguiadepamplona18-web1.png","width":600,"height":196,"caption":"La Gu\u00eda de Pamplona \/ Noticias"},"image":{"@id":"https:\/\/www.laguiadepamplona.com\/actualidad\/#\/schema\/logo\/image\/"},"sameAs":["https:\/\/www.facebook.com\/laguiadepamplonacom-133175176762273\/?ref=hl","https:\/\/x.com\/LaGuiadPamplona","https:\/\/www.instagram.com\/la_guia_de_pamplona\/","https:\/\/www.youtube.com\/user\/laguiadepamplona"]},{"@type":"Person","@id":"https:\/\/www.laguiadepamplona.com\/actualidad\/#\/schema\/person\/efe887376f0213d4657c93adc50b1fdb","name":"La Gu\u00eda de Pamplona","image":{"@type":"ImageObject","inLanguage":"es","@id":"https:\/\/secure.gravatar.com\/avatar\/b6992f131dc8d30ab0dff15446e9d346d9dbd95992de0fef795073f5ea83a81c?s=96&d=mm&r=g","url":"https:\/\/secure.gravatar.com\/avatar\/b6992f131dc8d30ab0dff15446e9d346d9dbd95992de0fef795073f5ea83a81c?s=96&d=mm&r=g","contentUrl":"https:\/\/secure.gravatar.com\/avatar\/b6992f131dc8d30ab0dff15446e9d346d9dbd95992de0fef795073f5ea83a81c?s=96&d=mm&r=g","caption":"La Gu\u00eda de Pamplona"}}]}},"post_mailing_queue_ids":[],"_links":{"self":[{"href":"https:\/\/www.laguiadepamplona.com\/actualidad\/wp-json\/wp\/v2\/posts\/47864","targetHints":{"allow":["GET"]}}],"collection":[{"href":"https:\/\/www.laguiadepamplona.com\/actualidad\/wp-json\/wp\/v2\/posts"}],"about":[{"href":"https:\/\/www.laguiadepamplona.com\/actualidad\/wp-json\/wp\/v2\/types\/post"}],"author":[{"embeddable":true,"href":"https:\/\/www.laguiadepamplona.com\/actualidad\/wp-json\/wp\/v2\/users\/1"}],"replies":[{"embeddable":true,"href":"https:\/\/www.laguiadepamplona.com\/actualidad\/wp-json\/wp\/v2\/comments?post=47864"}],"version-history":[{"count":2,"href":"https:\/\/www.laguiadepamplona.com\/actualidad\/wp-json\/wp\/v2\/posts\/47864\/revisions"}],"predecessor-version":[{"id":47867,"href":"https:\/\/www.laguiadepamplona.com\/actualidad\/wp-json\/wp\/v2\/posts\/47864\/revisions\/47867"}],"wp:featuredmedia":[{"embeddable":true,"href":"https:\/\/www.laguiadepamplona.com\/actualidad\/wp-json\/wp\/v2\/media\/47865"}],"wp:attachment":[{"href":"https:\/\/www.laguiadepamplona.com\/actualidad\/wp-json\/wp\/v2\/media?parent=47864"}],"wp:term":[{"taxonomy":"category","embeddable":true,"href":"https:\/\/www.laguiadepamplona.com\/actualidad\/wp-json\/wp\/v2\/categories?post=47864"},{"taxonomy":"post_tag","embeddable":true,"href":"https:\/\/www.laguiadepamplona.com\/actualidad\/wp-json\/wp\/v2\/tags?post=47864"}],"curies":[{"name":"wp","href":"https:\/\/api.w.org\/{rel}","templated":true}]}}