{"id":47861,"date":"2023-11-08T18:17:52","date_gmt":"2023-11-08T16:17:52","guid":{"rendered":"https:\/\/www.laguiadepamplona.com\/actualidad\/?p=47861"},"modified":"2023-11-08T18:17:52","modified_gmt":"2023-11-08T16:17:52","slug":"la-alcaldesa-se-reune-con-la-asociacion-navarra-de-diabetes-en-visperas-de-la-celebracion-del-dia-mundial-de-la-diabetes-el-proximo-martes-14-de-noviembre","status":"publish","type":"post","link":"https:\/\/www.laguiadepamplona.com\/actualidad\/la-alcaldesa-se-reune-con-la-asociacion-navarra-de-diabetes-en-visperas-de-la-celebracion-del-dia-mundial-de-la-diabetes-el-proximo-martes-14-de-noviembre\/","title":{"rendered":"La alcaldesa se re\u00fane con la Asociaci\u00f3n Navarra de Diabetes, en v\u00edsperas de la celebraci\u00f3n del D\u00eda Mundial de la Diabetes, el pr\u00f3ximo martes 14 de noviembre"},"content":{"rendered":"<h3>Baluarte acoge este viernes y s\u00e1bado un evento con profesionales que abordan pautas para prevenir la enfermedad y conocer sus riesgos<\/h3>\n<p><!--more--><\/p>\n<p>La alcaldesa de Pamplona, Cristina Ibarrola, ha recibido a una delegaci\u00f3n de la Asociaci\u00f3n Navarra de Diabetes \u2013 ANADI, que celebra estos d\u00edas diversas actividades en torno al D\u00eda Mundial de la Diabetes, el pr\u00f3ximo 14 de noviembre. En la reuni\u00f3n han estado presentes el presidente de la Asociaci\u00f3n Navarra de Diabetes, Juancho Rem\u00f3n; el vicepresidente, Humberto P\u00e9rez; y la coordinadora, Cristina Salvador.<\/p>\n<p>La Asociaci\u00f3n Navarra de Diabetes es una entidad sin \u00e1nimo de lucro que defiende los intereses de las m\u00e1s de 37.000 personas afectadas por la enfermedad en Navarra. Dedica especial inter\u00e9s a la educaci\u00f3n, para mejorar la calidad de la vida de los enfermos y sus familias, y fomenta una visi\u00f3n positiva de la salud, con un estilo de vida saludable.<br \/>\n<script async src=\"\/\/pagead2.googlesyndication.com\/pagead\/js\/adsbygoogle.js\"><\/script><br \/>\n<!-- Noticias La Guia de Pamplona --><br \/>\n<ins class=\"adsbygoogle\"\nstyle=\"display:block\"\ndata-ad-client=\"ca-pub-6943679897239327\"\ndata-ad-slot=\"7048180777\"\ndata-ad-format=\"auto\"><\/ins><br \/>\n<script>\n(adsbygoogle = window.adsbygoogle || []).push({});\n<\/script><\/p>\n<p>Esta semana celebra un evento especial en el Palacio de Congresos y Auditorio de Navarra \u2013 Baluarte, el viernes y el s\u00e1bado, con un apartado abierto para p\u00fablico en general el s\u00e1bado 11, de 9.30 a 14.30. Los ponentes se centrar\u00e1n en la prevenci\u00f3n, los riesgos de la enfermedad y las tecnolog\u00edas que se pueden aplicar, adem\u00e1s de sus efectos en las familias y en el \u00e1mbito educativo. Paralelamente, se celebran dos talleres destinados a j\u00f3venes con diabetes tipo 1 con edades comprendidas entre los 8 y 12 a\u00f1os, y los 13 y 17, respectivamente.<\/p>\n<p>Adem\u00e1s, con motivo de la celebraci\u00f3n del D\u00eda Mundial de la Diabetes, el pr\u00f3ximo 14 de noviembre, se han preparado actividades de sensibilizaci\u00f3n que incluyen, entre otras, la iluminaci\u00f3n de la fachada de la Casa Consistorial para dar mayor visibilidad a la iniciativa.<br \/>\n<script async src=\"\/\/pagead2.googlesyndication.com\/pagead\/js\/adsbygoogle.js\"><\/script><br \/>\n<!-- Noticias La Guia de Pamplona --><br \/>\n<ins class=\"adsbygoogle\"\nstyle=\"display:block\"\ndata-ad-client=\"ca-pub-6943679897239327\"\ndata-ad-slot=\"7048180777\"\ndata-ad-format=\"auto\"><\/ins><br \/>\n<script>\n(adsbygoogle = window.adsbygoogle || []).push({});\n<\/script><\/p>\n<p>&nbsp;<\/p>\n<h3>D\u00eda Mundial de la Diabetes<\/h3>\n<ul>\n<li>10 y 11 de noviembre\n<ul>\n<li>Evento en Baluarte. M\u00e1s informaci\u00f3n en la <a href=\"https:\/\/anadi.es\/\" target=\"_blank\" rel=\"noopener\">web de ANADI<\/a><\/li>\n<\/ul>\n<\/li>\n<li>14 de noviembre\n<ul>\n<li>D\u00eda Mundial de la Diabetes. Iluminaci\u00f3n de la fachada de la Casa Consistorial<\/li>\n<\/ul>\n<\/li>\n<\/ul>\n","protected":false},"excerpt":{"rendered":"<p>Baluarte acoge este viernes y s\u00e1bado un evento con profesionales que abordan pautas para prevenir la enfermedad y conocer sus riesgos<\/p>\n","protected":false},"author":1,"featured_media":47862,"comment_status":"open","ping_status":"closed","sticky":false,"template":"","format":"standard","meta":{"footnotes":""},"categories":[2],"tags":[],"class_list":["post-47861","post","type-post","status-publish","format-standard","has-post-thumbnail","hentry","category-ayuntamiento-pamplona"],"yoast_head":"<!-- This site is optimized with the Yoast SEO plugin v27.3 - https:\/\/yoast.com\/product\/yoast-seo-wordpress\/ -->\n<title>La alcaldesa se re\u00fane con la Asociaci\u00f3n Navarra de Diabetes, en v\u00edsperas de la celebraci\u00f3n del D\u00eda Mundial de la Diabetes, el pr\u00f3ximo martes 14 de noviembre<\/title>\n<meta name=\"description\" content=\"Baluarte acoge este viernes y s\u00e1bado un evento con profesionales que abordan pautas para prevenir la enfermedad y conocer sus riesgos\u00a0\" \/>\n<meta name=\"robots\" content=\"index, follow, max-snippet:-1, max-image-preview:large, max-video-preview:-1\" \/>\n<link rel=\"canonical\" href=\"https:\/\/www.laguiadepamplona.com\/actualidad\/la-alcaldesa-se-reune-con-la-asociacion-navarra-de-diabetes-en-visperas-de-la-celebracion-del-dia-mundial-de-la-diabetes-el-proximo-martes-14-de-noviembre\/\" \/>\n<meta property=\"og:locale\" content=\"es_ES\" \/>\n<meta property=\"og:type\" content=\"article\" \/>\n<meta property=\"og:title\" content=\"La alcaldesa se re\u00fane con la Asociaci\u00f3n Navarra de Diabetes, en v\u00edsperas de la celebraci\u00f3n del D\u00eda Mundial de la Diabetes, el pr\u00f3ximo martes 14 de noviembre\" \/>\n<meta property=\"og:description\" content=\"Baluarte acoge este viernes y s\u00e1bado un evento con profesionales que abordan pautas para prevenir la enfermedad y conocer sus riesgos\u00a0\" \/>\n<meta property=\"og:url\" content=\"https:\/\/www.laguiadepamplona.com\/actualidad\/la-alcaldesa-se-reune-con-la-asociacion-navarra-de-diabetes-en-visperas-de-la-celebracion-del-dia-mundial-de-la-diabetes-el-proximo-martes-14-de-noviembre\/\" \/>\n<meta property=\"og:site_name\" content=\"La Gu\u00eda de Pamplona\" \/>\n<meta property=\"article:publisher\" content=\"https:\/\/www.facebook.com\/laguiadepamplonacom-133175176762273\/?ref=hl\" \/>\n<meta property=\"article:published_time\" content=\"2023-11-08T16:17:52+00:00\" \/>\n<meta property=\"og:image\" content=\"https:\/\/www.laguiadepamplona.com\/actualidad\/wp-content\/uploads\/2023\/11\/asociaciondiabetesnb9974_0.webp\" \/>\n\t<meta property=\"og:image:width\" content=\"1200\" \/>\n\t<meta property=\"og:image:height\" content=\"800\" \/>\n\t<meta property=\"og:image:type\" content=\"image\/webp\" \/>\n<meta name=\"author\" content=\"La Gu\u00eda de Pamplona\" \/>\n<meta name=\"twitter:card\" content=\"summary_large_image\" \/>\n<meta name=\"twitter:creator\" content=\"@LaGuiadPamplona\" \/>\n<meta name=\"twitter:site\" content=\"@LaGuiadPamplona\" \/>\n<meta name=\"twitter:label1\" content=\"Escrito por\" \/>\n\t<meta name=\"twitter:data1\" content=\"La Gu\u00eda de Pamplona\" \/>\n\t<meta name=\"twitter:label2\" content=\"Tiempo de lectura\" \/>\n\t<meta name=\"twitter:data2\" content=\"2 minutos\" \/>\n<script type=\"application\/ld+json\" class=\"yoast-schema-graph\">{\"@context\":\"https:\\\/\\\/schema.org\",\"@graph\":[{\"@type\":\"Article\",\"@id\":\"https:\\\/\\\/www.laguiadepamplona.com\\\/actualidad\\\/la-alcaldesa-se-reune-con-la-asociacion-navarra-de-diabetes-en-visperas-de-la-celebracion-del-dia-mundial-de-la-diabetes-el-proximo-martes-14-de-noviembre\\\/#article\",\"isPartOf\":{\"@id\":\"https:\\\/\\\/www.laguiadepamplona.com\\\/actualidad\\\/la-alcaldesa-se-reune-con-la-asociacion-navarra-de-diabetes-en-visperas-de-la-celebracion-del-dia-mundial-de-la-diabetes-el-proximo-martes-14-de-noviembre\\\/\"},\"author\":{\"name\":\"La Gu\u00eda de Pamplona\",\"@id\":\"https:\\\/\\\/www.laguiadepamplona.com\\\/actualidad\\\/#\\\/schema\\\/person\\\/efe887376f0213d4657c93adc50b1fdb\"},\"headline\":\"La alcaldesa se re\u00fane con la Asociaci\u00f3n Navarra de Diabetes, en v\u00edsperas de la celebraci\u00f3n del D\u00eda Mundial de la Diabetes, el pr\u00f3ximo martes 14 de noviembre\",\"datePublished\":\"2023-11-08T16:17:52+00:00\",\"mainEntityOfPage\":{\"@id\":\"https:\\\/\\\/www.laguiadepamplona.com\\\/actualidad\\\/la-alcaldesa-se-reune-con-la-asociacion-navarra-de-diabetes-en-visperas-de-la-celebracion-del-dia-mundial-de-la-diabetes-el-proximo-martes-14-de-noviembre\\\/\"},\"wordCount\":371,\"commentCount\":0,\"publisher\":{\"@id\":\"https:\\\/\\\/www.laguiadepamplona.com\\\/actualidad\\\/#organization\"},\"image\":{\"@id\":\"https:\\\/\\\/www.laguiadepamplona.com\\\/actualidad\\\/la-alcaldesa-se-reune-con-la-asociacion-navarra-de-diabetes-en-visperas-de-la-celebracion-del-dia-mundial-de-la-diabetes-el-proximo-martes-14-de-noviembre\\\/#primaryimage\"},\"thumbnailUrl\":\"https:\\\/\\\/www.laguiadepamplona.com\\\/actualidad\\\/wp-content\\\/uploads\\\/2023\\\/11\\\/asociaciondiabetesnb9974_0.webp\",\"articleSection\":[\"Ayto Pamplona\"],\"inLanguage\":\"es\",\"potentialAction\":[{\"@type\":\"CommentAction\",\"name\":\"Comment\",\"target\":[\"https:\\\/\\\/www.laguiadepamplona.com\\\/actualidad\\\/la-alcaldesa-se-reune-con-la-asociacion-navarra-de-diabetes-en-visperas-de-la-celebracion-del-dia-mundial-de-la-diabetes-el-proximo-martes-14-de-noviembre\\\/#respond\"]}]},{\"@type\":\"WebPage\",\"@id\":\"https:\\\/\\\/www.laguiadepamplona.com\\\/actualidad\\\/la-alcaldesa-se-reune-con-la-asociacion-navarra-de-diabetes-en-visperas-de-la-celebracion-del-dia-mundial-de-la-diabetes-el-proximo-martes-14-de-noviembre\\\/\",\"url\":\"https:\\\/\\\/www.laguiadepamplona.com\\\/actualidad\\\/la-alcaldesa-se-reune-con-la-asociacion-navarra-de-diabetes-en-visperas-de-la-celebracion-del-dia-mundial-de-la-diabetes-el-proximo-martes-14-de-noviembre\\\/\",\"name\":\"La alcaldesa se re\u00fane con la Asociaci\u00f3n Navarra de Diabetes, en v\u00edsperas de la celebraci\u00f3n del D\u00eda Mundial de la Diabetes, el pr\u00f3ximo martes 14 de noviembre\",\"isPartOf\":{\"@id\":\"https:\\\/\\\/www.laguiadepamplona.com\\\/actualidad\\\/#website\"},\"primaryImageOfPage\":{\"@id\":\"https:\\\/\\\/www.laguiadepamplona.com\\\/actualidad\\\/la-alcaldesa-se-reune-con-la-asociacion-navarra-de-diabetes-en-visperas-de-la-celebracion-del-dia-mundial-de-la-diabetes-el-proximo-martes-14-de-noviembre\\\/#primaryimage\"},\"image\":{\"@id\":\"https:\\\/\\\/www.laguiadepamplona.com\\\/actualidad\\\/la-alcaldesa-se-reune-con-la-asociacion-navarra-de-diabetes-en-visperas-de-la-celebracion-del-dia-mundial-de-la-diabetes-el-proximo-martes-14-de-noviembre\\\/#primaryimage\"},\"thumbnailUrl\":\"https:\\\/\\\/www.laguiadepamplona.com\\\/actualidad\\\/wp-content\\\/uploads\\\/2023\\\/11\\\/asociaciondiabetesnb9974_0.webp\",\"datePublished\":\"2023-11-08T16:17:52+00:00\",\"description\":\"Baluarte acoge este viernes y s\u00e1bado un evento con profesionales que abordan pautas para prevenir la enfermedad y conocer sus riesgos\u00a0\",\"breadcrumb\":{\"@id\":\"https:\\\/\\\/www.laguiadepamplona.com\\\/actualidad\\\/la-alcaldesa-se-reune-con-la-asociacion-navarra-de-diabetes-en-visperas-de-la-celebracion-del-dia-mundial-de-la-diabetes-el-proximo-martes-14-de-noviembre\\\/#breadcrumb\"},\"inLanguage\":\"es\",\"potentialAction\":[{\"@type\":\"ReadAction\",\"target\":[\"https:\\\/\\\/www.laguiadepamplona.com\\\/actualidad\\\/la-alcaldesa-se-reune-con-la-asociacion-navarra-de-diabetes-en-visperas-de-la-celebracion-del-dia-mundial-de-la-diabetes-el-proximo-martes-14-de-noviembre\\\/\"]}]},{\"@type\":\"ImageObject\",\"inLanguage\":\"es\",\"@id\":\"https:\\\/\\\/www.laguiadepamplona.com\\\/actualidad\\\/la-alcaldesa-se-reune-con-la-asociacion-navarra-de-diabetes-en-visperas-de-la-celebracion-del-dia-mundial-de-la-diabetes-el-proximo-martes-14-de-noviembre\\\/#primaryimage\",\"url\":\"https:\\\/\\\/www.laguiadepamplona.com\\\/actualidad\\\/wp-content\\\/uploads\\\/2023\\\/11\\\/asociaciondiabetesnb9974_0.webp\",\"contentUrl\":\"https:\\\/\\\/www.laguiadepamplona.com\\\/actualidad\\\/wp-content\\\/uploads\\\/2023\\\/11\\\/asociaciondiabetesnb9974_0.webp\",\"width\":1200,\"height\":800,\"caption\":\"asociaci\u00f3n diabetes\"},{\"@type\":\"BreadcrumbList\",\"@id\":\"https:\\\/\\\/www.laguiadepamplona.com\\\/actualidad\\\/la-alcaldesa-se-reune-con-la-asociacion-navarra-de-diabetes-en-visperas-de-la-celebracion-del-dia-mundial-de-la-diabetes-el-proximo-martes-14-de-noviembre\\\/#breadcrumb\",\"itemListElement\":[{\"@type\":\"ListItem\",\"position\":1,\"name\":\"Portada\",\"item\":\"https:\\\/\\\/www.laguiadepamplona.com\\\/actualidad\\\/\"},{\"@type\":\"ListItem\",\"position\":2,\"name\":\"La alcaldesa se re\u00fane con la Asociaci\u00f3n Navarra de Diabetes, en v\u00edsperas de la celebraci\u00f3n del D\u00eda Mundial de la Diabetes, el pr\u00f3ximo martes 14 de noviembre\"}]},{\"@type\":\"WebSite\",\"@id\":\"https:\\\/\\\/www.laguiadepamplona.com\\\/actualidad\\\/#website\",\"url\":\"https:\\\/\\\/www.laguiadepamplona.com\\\/actualidad\\\/\",\"name\":\"La gu\u00eda de Pamplona\",\"description\":\"Noticias de Pamplona\",\"publisher\":{\"@id\":\"https:\\\/\\\/www.laguiadepamplona.com\\\/actualidad\\\/#organization\"},\"potentialAction\":[{\"@type\":\"SearchAction\",\"target\":{\"@type\":\"EntryPoint\",\"urlTemplate\":\"https:\\\/\\\/www.laguiadepamplona.com\\\/actualidad\\\/?s={search_term_string}\"},\"query-input\":{\"@type\":\"PropertyValueSpecification\",\"valueRequired\":true,\"valueName\":\"search_term_string\"}}],\"inLanguage\":\"es\"},{\"@type\":\"Organization\",\"@id\":\"https:\\\/\\\/www.laguiadepamplona.com\\\/actualidad\\\/#organization\",\"name\":\"La Gu\u00eda de Pamplona \\\/ Noticias\",\"url\":\"https:\\\/\\\/www.laguiadepamplona.com\\\/actualidad\\\/\",\"logo\":{\"@type\":\"ImageObject\",\"inLanguage\":\"es\",\"@id\":\"https:\\\/\\\/www.laguiadepamplona.com\\\/actualidad\\\/#\\\/schema\\\/logo\\\/image\\\/\",\"url\":\"https:\\\/\\\/www.laguiadepamplona.com\\\/actualidad\\\/wp-content\\\/uploads\\\/2018\\\/11\\\/logo-laguiadepamplona18-web1.png\",\"contentUrl\":\"https:\\\/\\\/www.laguiadepamplona.com\\\/actualidad\\\/wp-content\\\/uploads\\\/2018\\\/11\\\/logo-laguiadepamplona18-web1.png\",\"width\":600,\"height\":196,\"caption\":\"La Gu\u00eda de Pamplona \\\/ Noticias\"},\"image\":{\"@id\":\"https:\\\/\\\/www.laguiadepamplona.com\\\/actualidad\\\/#\\\/schema\\\/logo\\\/image\\\/\"},\"sameAs\":[\"https:\\\/\\\/www.facebook.com\\\/laguiadepamplonacom-133175176762273\\\/?ref=hl\",\"https:\\\/\\\/x.com\\\/LaGuiadPamplona\",\"https:\\\/\\\/www.instagram.com\\\/la_guia_de_pamplona\\\/\",\"https:\\\/\\\/www.youtube.com\\\/user\\\/laguiadepamplona\"]},{\"@type\":\"Person\",\"@id\":\"https:\\\/\\\/www.laguiadepamplona.com\\\/actualidad\\\/#\\\/schema\\\/person\\\/efe887376f0213d4657c93adc50b1fdb\",\"name\":\"La Gu\u00eda de Pamplona\",\"image\":{\"@type\":\"ImageObject\",\"inLanguage\":\"es\",\"@id\":\"https:\\\/\\\/secure.gravatar.com\\\/avatar\\\/b6992f131dc8d30ab0dff15446e9d346d9dbd95992de0fef795073f5ea83a81c?s=96&d=mm&r=g\",\"url\":\"https:\\\/\\\/secure.gravatar.com\\\/avatar\\\/b6992f131dc8d30ab0dff15446e9d346d9dbd95992de0fef795073f5ea83a81c?s=96&d=mm&r=g\",\"contentUrl\":\"https:\\\/\\\/secure.gravatar.com\\\/avatar\\\/b6992f131dc8d30ab0dff15446e9d346d9dbd95992de0fef795073f5ea83a81c?s=96&d=mm&r=g\",\"caption\":\"La Gu\u00eda de Pamplona\"}}]}<\/script>\n<!-- \/ Yoast SEO plugin. -->","yoast_head_json":{"title":"La alcaldesa se re\u00fane con la Asociaci\u00f3n Navarra de Diabetes, en v\u00edsperas de la celebraci\u00f3n del D\u00eda Mundial de la Diabetes, el pr\u00f3ximo martes 14 de noviembre","description":"Baluarte acoge este viernes y s\u00e1bado un evento con profesionales que abordan pautas para prevenir la enfermedad y conocer sus riesgos\u00a0","robots":{"index":"index","follow":"follow","max-snippet":"max-snippet:-1","max-image-preview":"max-image-preview:large","max-video-preview":"max-video-preview:-1"},"canonical":"https:\/\/www.laguiadepamplona.com\/actualidad\/la-alcaldesa-se-reune-con-la-asociacion-navarra-de-diabetes-en-visperas-de-la-celebracion-del-dia-mundial-de-la-diabetes-el-proximo-martes-14-de-noviembre\/","og_locale":"es_ES","og_type":"article","og_title":"La alcaldesa se re\u00fane con la Asociaci\u00f3n Navarra de Diabetes, en v\u00edsperas de la celebraci\u00f3n del D\u00eda Mundial de la Diabetes, el pr\u00f3ximo martes 14 de noviembre","og_description":"Baluarte acoge este viernes y s\u00e1bado un evento con profesionales que abordan pautas para prevenir la enfermedad y conocer sus riesgos\u00a0","og_url":"https:\/\/www.laguiadepamplona.com\/actualidad\/la-alcaldesa-se-reune-con-la-asociacion-navarra-de-diabetes-en-visperas-de-la-celebracion-del-dia-mundial-de-la-diabetes-el-proximo-martes-14-de-noviembre\/","og_site_name":"La Gu\u00eda de Pamplona","article_publisher":"https:\/\/www.facebook.com\/laguiadepamplonacom-133175176762273\/?ref=hl","article_published_time":"2023-11-08T16:17:52+00:00","og_image":[{"width":1200,"height":800,"url":"https:\/\/www.laguiadepamplona.com\/actualidad\/wp-content\/uploads\/2023\/11\/asociaciondiabetesnb9974_0.webp","type":"image\/webp"}],"author":"La Gu\u00eda de Pamplona","twitter_card":"summary_large_image","twitter_creator":"@LaGuiadPamplona","twitter_site":"@LaGuiadPamplona","twitter_misc":{"Escrito por":"La Gu\u00eda de Pamplona","Tiempo de lectura":"2 minutos"},"schema":{"@context":"https:\/\/schema.org","@graph":[{"@type":"Article","@id":"https:\/\/www.laguiadepamplona.com\/actualidad\/la-alcaldesa-se-reune-con-la-asociacion-navarra-de-diabetes-en-visperas-de-la-celebracion-del-dia-mundial-de-la-diabetes-el-proximo-martes-14-de-noviembre\/#article","isPartOf":{"@id":"https:\/\/www.laguiadepamplona.com\/actualidad\/la-alcaldesa-se-reune-con-la-asociacion-navarra-de-diabetes-en-visperas-de-la-celebracion-del-dia-mundial-de-la-diabetes-el-proximo-martes-14-de-noviembre\/"},"author":{"name":"La Gu\u00eda de Pamplona","@id":"https:\/\/www.laguiadepamplona.com\/actualidad\/#\/schema\/person\/efe887376f0213d4657c93adc50b1fdb"},"headline":"La alcaldesa se re\u00fane con la Asociaci\u00f3n Navarra de Diabetes, en v\u00edsperas de la celebraci\u00f3n del D\u00eda Mundial de la Diabetes, el pr\u00f3ximo martes 14 de noviembre","datePublished":"2023-11-08T16:17:52+00:00","mainEntityOfPage":{"@id":"https:\/\/www.laguiadepamplona.com\/actualidad\/la-alcaldesa-se-reune-con-la-asociacion-navarra-de-diabetes-en-visperas-de-la-celebracion-del-dia-mundial-de-la-diabetes-el-proximo-martes-14-de-noviembre\/"},"wordCount":371,"commentCount":0,"publisher":{"@id":"https:\/\/www.laguiadepamplona.com\/actualidad\/#organization"},"image":{"@id":"https:\/\/www.laguiadepamplona.com\/actualidad\/la-alcaldesa-se-reune-con-la-asociacion-navarra-de-diabetes-en-visperas-de-la-celebracion-del-dia-mundial-de-la-diabetes-el-proximo-martes-14-de-noviembre\/#primaryimage"},"thumbnailUrl":"https:\/\/www.laguiadepamplona.com\/actualidad\/wp-content\/uploads\/2023\/11\/asociaciondiabetesnb9974_0.webp","articleSection":["Ayto Pamplona"],"inLanguage":"es","potentialAction":[{"@type":"CommentAction","name":"Comment","target":["https:\/\/www.laguiadepamplona.com\/actualidad\/la-alcaldesa-se-reune-con-la-asociacion-navarra-de-diabetes-en-visperas-de-la-celebracion-del-dia-mundial-de-la-diabetes-el-proximo-martes-14-de-noviembre\/#respond"]}]},{"@type":"WebPage","@id":"https:\/\/www.laguiadepamplona.com\/actualidad\/la-alcaldesa-se-reune-con-la-asociacion-navarra-de-diabetes-en-visperas-de-la-celebracion-del-dia-mundial-de-la-diabetes-el-proximo-martes-14-de-noviembre\/","url":"https:\/\/www.laguiadepamplona.com\/actualidad\/la-alcaldesa-se-reune-con-la-asociacion-navarra-de-diabetes-en-visperas-de-la-celebracion-del-dia-mundial-de-la-diabetes-el-proximo-martes-14-de-noviembre\/","name":"La alcaldesa se re\u00fane con la Asociaci\u00f3n Navarra de Diabetes, en v\u00edsperas de la celebraci\u00f3n del D\u00eda Mundial de la Diabetes, el pr\u00f3ximo martes 14 de noviembre","isPartOf":{"@id":"https:\/\/www.laguiadepamplona.com\/actualidad\/#website"},"primaryImageOfPage":{"@id":"https:\/\/www.laguiadepamplona.com\/actualidad\/la-alcaldesa-se-reune-con-la-asociacion-navarra-de-diabetes-en-visperas-de-la-celebracion-del-dia-mundial-de-la-diabetes-el-proximo-martes-14-de-noviembre\/#primaryimage"},"image":{"@id":"https:\/\/www.laguiadepamplona.com\/actualidad\/la-alcaldesa-se-reune-con-la-asociacion-navarra-de-diabetes-en-visperas-de-la-celebracion-del-dia-mundial-de-la-diabetes-el-proximo-martes-14-de-noviembre\/#primaryimage"},"thumbnailUrl":"https:\/\/www.laguiadepamplona.com\/actualidad\/wp-content\/uploads\/2023\/11\/asociaciondiabetesnb9974_0.webp","datePublished":"2023-11-08T16:17:52+00:00","description":"Baluarte acoge este viernes y s\u00e1bado un evento con profesionales que abordan pautas para prevenir la enfermedad y conocer sus riesgos\u00a0","breadcrumb":{"@id":"https:\/\/www.laguiadepamplona.com\/actualidad\/la-alcaldesa-se-reune-con-la-asociacion-navarra-de-diabetes-en-visperas-de-la-celebracion-del-dia-mundial-de-la-diabetes-el-proximo-martes-14-de-noviembre\/#breadcrumb"},"inLanguage":"es","potentialAction":[{"@type":"ReadAction","target":["https:\/\/www.laguiadepamplona.com\/actualidad\/la-alcaldesa-se-reune-con-la-asociacion-navarra-de-diabetes-en-visperas-de-la-celebracion-del-dia-mundial-de-la-diabetes-el-proximo-martes-14-de-noviembre\/"]}]},{"@type":"ImageObject","inLanguage":"es","@id":"https:\/\/www.laguiadepamplona.com\/actualidad\/la-alcaldesa-se-reune-con-la-asociacion-navarra-de-diabetes-en-visperas-de-la-celebracion-del-dia-mundial-de-la-diabetes-el-proximo-martes-14-de-noviembre\/#primaryimage","url":"https:\/\/www.laguiadepamplona.com\/actualidad\/wp-content\/uploads\/2023\/11\/asociaciondiabetesnb9974_0.webp","contentUrl":"https:\/\/www.laguiadepamplona.com\/actualidad\/wp-content\/uploads\/2023\/11\/asociaciondiabetesnb9974_0.webp","width":1200,"height":800,"caption":"asociaci\u00f3n diabetes"},{"@type":"BreadcrumbList","@id":"https:\/\/www.laguiadepamplona.com\/actualidad\/la-alcaldesa-se-reune-con-la-asociacion-navarra-de-diabetes-en-visperas-de-la-celebracion-del-dia-mundial-de-la-diabetes-el-proximo-martes-14-de-noviembre\/#breadcrumb","itemListElement":[{"@type":"ListItem","position":1,"name":"Portada","item":"https:\/\/www.laguiadepamplona.com\/actualidad\/"},{"@type":"ListItem","position":2,"name":"La alcaldesa se re\u00fane con la Asociaci\u00f3n Navarra de Diabetes, en v\u00edsperas de la celebraci\u00f3n del D\u00eda Mundial de la Diabetes, el pr\u00f3ximo martes 14 de noviembre"}]},{"@type":"WebSite","@id":"https:\/\/www.laguiadepamplona.com\/actualidad\/#website","url":"https:\/\/www.laguiadepamplona.com\/actualidad\/","name":"La gu\u00eda de Pamplona","description":"Noticias de Pamplona","publisher":{"@id":"https:\/\/www.laguiadepamplona.com\/actualidad\/#organization"},"potentialAction":[{"@type":"SearchAction","target":{"@type":"EntryPoint","urlTemplate":"https:\/\/www.laguiadepamplona.com\/actualidad\/?s={search_term_string}"},"query-input":{"@type":"PropertyValueSpecification","valueRequired":true,"valueName":"search_term_string"}}],"inLanguage":"es"},{"@type":"Organization","@id":"https:\/\/www.laguiadepamplona.com\/actualidad\/#organization","name":"La Gu\u00eda de Pamplona \/ Noticias","url":"https:\/\/www.laguiadepamplona.com\/actualidad\/","logo":{"@type":"ImageObject","inLanguage":"es","@id":"https:\/\/www.laguiadepamplona.com\/actualidad\/#\/schema\/logo\/image\/","url":"https:\/\/www.laguiadepamplona.com\/actualidad\/wp-content\/uploads\/2018\/11\/logo-laguiadepamplona18-web1.png","contentUrl":"https:\/\/www.laguiadepamplona.com\/actualidad\/wp-content\/uploads\/2018\/11\/logo-laguiadepamplona18-web1.png","width":600,"height":196,"caption":"La Gu\u00eda de Pamplona \/ Noticias"},"image":{"@id":"https:\/\/www.laguiadepamplona.com\/actualidad\/#\/schema\/logo\/image\/"},"sameAs":["https:\/\/www.facebook.com\/laguiadepamplonacom-133175176762273\/?ref=hl","https:\/\/x.com\/LaGuiadPamplona","https:\/\/www.instagram.com\/la_guia_de_pamplona\/","https:\/\/www.youtube.com\/user\/laguiadepamplona"]},{"@type":"Person","@id":"https:\/\/www.laguiadepamplona.com\/actualidad\/#\/schema\/person\/efe887376f0213d4657c93adc50b1fdb","name":"La Gu\u00eda de Pamplona","image":{"@type":"ImageObject","inLanguage":"es","@id":"https:\/\/secure.gravatar.com\/avatar\/b6992f131dc8d30ab0dff15446e9d346d9dbd95992de0fef795073f5ea83a81c?s=96&d=mm&r=g","url":"https:\/\/secure.gravatar.com\/avatar\/b6992f131dc8d30ab0dff15446e9d346d9dbd95992de0fef795073f5ea83a81c?s=96&d=mm&r=g","contentUrl":"https:\/\/secure.gravatar.com\/avatar\/b6992f131dc8d30ab0dff15446e9d346d9dbd95992de0fef795073f5ea83a81c?s=96&d=mm&r=g","caption":"La Gu\u00eda de Pamplona"}}]}},"post_mailing_queue_ids":[],"_links":{"self":[{"href":"https:\/\/www.laguiadepamplona.com\/actualidad\/wp-json\/wp\/v2\/posts\/47861","targetHints":{"allow":["GET"]}}],"collection":[{"href":"https:\/\/www.laguiadepamplona.com\/actualidad\/wp-json\/wp\/v2\/posts"}],"about":[{"href":"https:\/\/www.laguiadepamplona.com\/actualidad\/wp-json\/wp\/v2\/types\/post"}],"author":[{"embeddable":true,"href":"https:\/\/www.laguiadepamplona.com\/actualidad\/wp-json\/wp\/v2\/users\/1"}],"replies":[{"embeddable":true,"href":"https:\/\/www.laguiadepamplona.com\/actualidad\/wp-json\/wp\/v2\/comments?post=47861"}],"version-history":[{"count":1,"href":"https:\/\/www.laguiadepamplona.com\/actualidad\/wp-json\/wp\/v2\/posts\/47861\/revisions"}],"predecessor-version":[{"id":47863,"href":"https:\/\/www.laguiadepamplona.com\/actualidad\/wp-json\/wp\/v2\/posts\/47861\/revisions\/47863"}],"wp:featuredmedia":[{"embeddable":true,"href":"https:\/\/www.laguiadepamplona.com\/actualidad\/wp-json\/wp\/v2\/media\/47862"}],"wp:attachment":[{"href":"https:\/\/www.laguiadepamplona.com\/actualidad\/wp-json\/wp\/v2\/media?parent=47861"}],"wp:term":[{"taxonomy":"category","embeddable":true,"href":"https:\/\/www.laguiadepamplona.com\/actualidad\/wp-json\/wp\/v2\/categories?post=47861"},{"taxonomy":"post_tag","embeddable":true,"href":"https:\/\/www.laguiadepamplona.com\/actualidad\/wp-json\/wp\/v2\/tags?post=47861"}],"curies":[{"name":"wp","href":"https:\/\/api.w.org\/{rel}","templated":true}]}}