{"id":47858,"date":"2023-11-08T18:15:09","date_gmt":"2023-11-08T16:15:09","guid":{"rendered":"https:\/\/www.laguiadepamplona.com\/actualidad\/?p=47858"},"modified":"2023-11-08T18:15:09","modified_gmt":"2023-11-08T16:15:09","slug":"la-alcaldesa-cristina-ibarrola-se-reune-con-el-director-de-zona-de-auchan-retail-espana-alcampo-patxi-etxebeste","status":"publish","type":"post","link":"https:\/\/www.laguiadepamplona.com\/actualidad\/la-alcaldesa-cristina-ibarrola-se-reune-con-el-director-de-zona-de-auchan-retail-espana-alcampo-patxi-etxebeste\/","title":{"rendered":"La alcaldesa Cristina Ibarrola se re\u00fane con el director de zona de Auchan Retail Espa\u00f1a \u2013 Alcampo, Patxi Etxebeste"},"content":{"rendered":"<h3>Las dos instituciones han abordado posibles v\u00edas de colaboraci\u00f3n para mantener pr\u00e1cticas sostenibles en la ciudad<\/h3>\n<p><!--more--><\/p>\n<p>La alcaldesa de Pamplona, Cristina Ibarrola, ha recibido en su despacho al director de zona de Auchan Retail Espa\u00f1a, Patxi Etxebeste. Esta organizaci\u00f3n, a la que pertenece Alcampo, emplea a decenas de personas en sus establecimientos de Navarra, como supermercados y gasolineras, dentro de los m\u00e1s de 20.000 profesionales de su plantilla.<br \/>\n<script async src=\"\/\/pagead2.googlesyndication.com\/pagead\/js\/adsbygoogle.js\"><\/script><br \/>\n<!-- Noticias La Guia de Pamplona --><br \/>\n<ins class=\"adsbygoogle\"\nstyle=\"display:block\"\ndata-ad-client=\"ca-pub-6943679897239327\"\ndata-ad-slot=\"7048180777\"\ndata-ad-format=\"auto\"><\/ins><br \/>\n<script>\n(adsbygoogle = window.adsbygoogle || []).push({});\n<\/script><\/p>\n<p>Ambas instituciones han abordado diversos temas en esta reuni\u00f3n de trabajo y han explorado v\u00edas de colaboraci\u00f3n que sostengan pr\u00e1cticas sostenibles en beneficio de la ciudadan\u00eda. La reuni\u00f3n se integra en la ronda de contactos que la alcaldesa mantiene en estos meses con instituciones y entidades que trabajan en la comunidad.<\/p>\n","protected":false},"excerpt":{"rendered":"<p>Las dos instituciones han abordado posibles v\u00edas de colaboraci\u00f3n para mantener pr\u00e1cticas sostenibles en la ciudad<\/p>\n","protected":false},"author":1,"featured_media":47859,"comment_status":"open","ping_status":"closed","sticky":false,"template":"","format":"standard","meta":{"footnotes":""},"categories":[2],"tags":[],"class_list":["post-47858","post","type-post","status-publish","format-standard","has-post-thumbnail","hentry","category-ayuntamiento-pamplona"],"yoast_head":"<!-- This site is optimized with the Yoast SEO plugin v27.3 - https:\/\/yoast.com\/product\/yoast-seo-wordpress\/ -->\n<title>La alcaldesa Cristina Ibarrola se re\u00fane con el director de zona de Auchan Retail Espa\u00f1a \u2013 Alcampo, Patxi Etxebeste<\/title>\n<meta name=\"description\" content=\"Las dos instituciones han abordado posibles v\u00edas de colaboraci\u00f3n para mantener pr\u00e1cticas sostenibles en la ciudad\" \/>\n<meta name=\"robots\" content=\"index, follow, max-snippet:-1, max-image-preview:large, max-video-preview:-1\" \/>\n<link rel=\"canonical\" href=\"https:\/\/www.laguiadepamplona.com\/actualidad\/la-alcaldesa-cristina-ibarrola-se-reune-con-el-director-de-zona-de-auchan-retail-espana-alcampo-patxi-etxebeste\/\" \/>\n<meta property=\"og:locale\" content=\"es_ES\" \/>\n<meta property=\"og:type\" content=\"article\" \/>\n<meta property=\"og:title\" content=\"La alcaldesa Cristina Ibarrola se re\u00fane con el director de zona de Auchan Retail Espa\u00f1a \u2013 Alcampo, Patxi Etxebeste\" \/>\n<meta property=\"og:description\" content=\"Las dos instituciones han abordado posibles v\u00edas de colaboraci\u00f3n para mantener pr\u00e1cticas sostenibles en la ciudad\" \/>\n<meta property=\"og:url\" content=\"https:\/\/www.laguiadepamplona.com\/actualidad\/la-alcaldesa-cristina-ibarrola-se-reune-con-el-director-de-zona-de-auchan-retail-espana-alcampo-patxi-etxebeste\/\" \/>\n<meta property=\"og:site_name\" content=\"La Gu\u00eda de Pamplona\" \/>\n<meta property=\"article:publisher\" content=\"https:\/\/www.facebook.com\/laguiadepamplonacom-133175176762273\/?ref=hl\" \/>\n<meta property=\"article:published_time\" content=\"2023-11-08T16:15:09+00:00\" \/>\n<meta property=\"og:image\" content=\"https:\/\/www.laguiadepamplona.com\/actualidad\/wp-content\/uploads\/2023\/11\/reunionalcampopamplonanb99351.webp\" \/>\n\t<meta property=\"og:image:width\" content=\"1200\" \/>\n\t<meta property=\"og:image:height\" content=\"800\" \/>\n\t<meta property=\"og:image:type\" content=\"image\/webp\" \/>\n<meta name=\"author\" content=\"La Gu\u00eda de Pamplona\" \/>\n<meta name=\"twitter:card\" content=\"summary_large_image\" \/>\n<meta name=\"twitter:creator\" content=\"@LaGuiadPamplona\" \/>\n<meta name=\"twitter:site\" content=\"@LaGuiadPamplona\" \/>\n<meta name=\"twitter:label1\" content=\"Escrito por\" \/>\n\t<meta name=\"twitter:data1\" content=\"La Gu\u00eda de Pamplona\" \/>\n\t<meta name=\"twitter:label2\" content=\"Tiempo de lectura\" \/>\n\t<meta name=\"twitter:data2\" content=\"1 minuto\" \/>\n<script type=\"application\/ld+json\" class=\"yoast-schema-graph\">{\"@context\":\"https:\\\/\\\/schema.org\",\"@graph\":[{\"@type\":\"Article\",\"@id\":\"https:\\\/\\\/www.laguiadepamplona.com\\\/actualidad\\\/la-alcaldesa-cristina-ibarrola-se-reune-con-el-director-de-zona-de-auchan-retail-espana-alcampo-patxi-etxebeste\\\/#article\",\"isPartOf\":{\"@id\":\"https:\\\/\\\/www.laguiadepamplona.com\\\/actualidad\\\/la-alcaldesa-cristina-ibarrola-se-reune-con-el-director-de-zona-de-auchan-retail-espana-alcampo-patxi-etxebeste\\\/\"},\"author\":{\"name\":\"La Gu\u00eda de Pamplona\",\"@id\":\"https:\\\/\\\/www.laguiadepamplona.com\\\/actualidad\\\/#\\\/schema\\\/person\\\/efe887376f0213d4657c93adc50b1fdb\"},\"headline\":\"La alcaldesa Cristina Ibarrola se re\u00fane con el director de zona de Auchan Retail Espa\u00f1a \u2013 Alcampo, Patxi Etxebeste\",\"datePublished\":\"2023-11-08T16:15:09+00:00\",\"mainEntityOfPage\":{\"@id\":\"https:\\\/\\\/www.laguiadepamplona.com\\\/actualidad\\\/la-alcaldesa-cristina-ibarrola-se-reune-con-el-director-de-zona-de-auchan-retail-espana-alcampo-patxi-etxebeste\\\/\"},\"wordCount\":150,\"commentCount\":0,\"publisher\":{\"@id\":\"https:\\\/\\\/www.laguiadepamplona.com\\\/actualidad\\\/#organization\"},\"image\":{\"@id\":\"https:\\\/\\\/www.laguiadepamplona.com\\\/actualidad\\\/la-alcaldesa-cristina-ibarrola-se-reune-con-el-director-de-zona-de-auchan-retail-espana-alcampo-patxi-etxebeste\\\/#primaryimage\"},\"thumbnailUrl\":\"https:\\\/\\\/www.laguiadepamplona.com\\\/actualidad\\\/wp-content\\\/uploads\\\/2023\\\/11\\\/reunionalcampopamplonanb99351.webp\",\"articleSection\":[\"Ayto Pamplona\"],\"inLanguage\":\"es\",\"potentialAction\":[{\"@type\":\"CommentAction\",\"name\":\"Comment\",\"target\":[\"https:\\\/\\\/www.laguiadepamplona.com\\\/actualidad\\\/la-alcaldesa-cristina-ibarrola-se-reune-con-el-director-de-zona-de-auchan-retail-espana-alcampo-patxi-etxebeste\\\/#respond\"]}]},{\"@type\":\"WebPage\",\"@id\":\"https:\\\/\\\/www.laguiadepamplona.com\\\/actualidad\\\/la-alcaldesa-cristina-ibarrola-se-reune-con-el-director-de-zona-de-auchan-retail-espana-alcampo-patxi-etxebeste\\\/\",\"url\":\"https:\\\/\\\/www.laguiadepamplona.com\\\/actualidad\\\/la-alcaldesa-cristina-ibarrola-se-reune-con-el-director-de-zona-de-auchan-retail-espana-alcampo-patxi-etxebeste\\\/\",\"name\":\"La alcaldesa Cristina Ibarrola se re\u00fane con el director de zona de Auchan Retail Espa\u00f1a \u2013 Alcampo, Patxi Etxebeste\",\"isPartOf\":{\"@id\":\"https:\\\/\\\/www.laguiadepamplona.com\\\/actualidad\\\/#website\"},\"primaryImageOfPage\":{\"@id\":\"https:\\\/\\\/www.laguiadepamplona.com\\\/actualidad\\\/la-alcaldesa-cristina-ibarrola-se-reune-con-el-director-de-zona-de-auchan-retail-espana-alcampo-patxi-etxebeste\\\/#primaryimage\"},\"image\":{\"@id\":\"https:\\\/\\\/www.laguiadepamplona.com\\\/actualidad\\\/la-alcaldesa-cristina-ibarrola-se-reune-con-el-director-de-zona-de-auchan-retail-espana-alcampo-patxi-etxebeste\\\/#primaryimage\"},\"thumbnailUrl\":\"https:\\\/\\\/www.laguiadepamplona.com\\\/actualidad\\\/wp-content\\\/uploads\\\/2023\\\/11\\\/reunionalcampopamplonanb99351.webp\",\"datePublished\":\"2023-11-08T16:15:09+00:00\",\"description\":\"Las dos instituciones han abordado posibles v\u00edas de colaboraci\u00f3n para mantener pr\u00e1cticas sostenibles en la ciudad\",\"breadcrumb\":{\"@id\":\"https:\\\/\\\/www.laguiadepamplona.com\\\/actualidad\\\/la-alcaldesa-cristina-ibarrola-se-reune-con-el-director-de-zona-de-auchan-retail-espana-alcampo-patxi-etxebeste\\\/#breadcrumb\"},\"inLanguage\":\"es\",\"potentialAction\":[{\"@type\":\"ReadAction\",\"target\":[\"https:\\\/\\\/www.laguiadepamplona.com\\\/actualidad\\\/la-alcaldesa-cristina-ibarrola-se-reune-con-el-director-de-zona-de-auchan-retail-espana-alcampo-patxi-etxebeste\\\/\"]}]},{\"@type\":\"ImageObject\",\"inLanguage\":\"es\",\"@id\":\"https:\\\/\\\/www.laguiadepamplona.com\\\/actualidad\\\/la-alcaldesa-cristina-ibarrola-se-reune-con-el-director-de-zona-de-auchan-retail-espana-alcampo-patxi-etxebeste\\\/#primaryimage\",\"url\":\"https:\\\/\\\/www.laguiadepamplona.com\\\/actualidad\\\/wp-content\\\/uploads\\\/2023\\\/11\\\/reunionalcampopamplonanb99351.webp\",\"contentUrl\":\"https:\\\/\\\/www.laguiadepamplona.com\\\/actualidad\\\/wp-content\\\/uploads\\\/2023\\\/11\\\/reunionalcampopamplonanb99351.webp\",\"width\":1200,\"height\":800,\"caption\":\"reuni\u00f3n al campo\"},{\"@type\":\"BreadcrumbList\",\"@id\":\"https:\\\/\\\/www.laguiadepamplona.com\\\/actualidad\\\/la-alcaldesa-cristina-ibarrola-se-reune-con-el-director-de-zona-de-auchan-retail-espana-alcampo-patxi-etxebeste\\\/#breadcrumb\",\"itemListElement\":[{\"@type\":\"ListItem\",\"position\":1,\"name\":\"Portada\",\"item\":\"https:\\\/\\\/www.laguiadepamplona.com\\\/actualidad\\\/\"},{\"@type\":\"ListItem\",\"position\":2,\"name\":\"La alcaldesa Cristina Ibarrola se re\u00fane con el director de zona de Auchan Retail Espa\u00f1a \u2013 Alcampo, Patxi Etxebeste\"}]},{\"@type\":\"WebSite\",\"@id\":\"https:\\\/\\\/www.laguiadepamplona.com\\\/actualidad\\\/#website\",\"url\":\"https:\\\/\\\/www.laguiadepamplona.com\\\/actualidad\\\/\",\"name\":\"La gu\u00eda de Pamplona\",\"description\":\"Noticias de Pamplona\",\"publisher\":{\"@id\":\"https:\\\/\\\/www.laguiadepamplona.com\\\/actualidad\\\/#organization\"},\"potentialAction\":[{\"@type\":\"SearchAction\",\"target\":{\"@type\":\"EntryPoint\",\"urlTemplate\":\"https:\\\/\\\/www.laguiadepamplona.com\\\/actualidad\\\/?s={search_term_string}\"},\"query-input\":{\"@type\":\"PropertyValueSpecification\",\"valueRequired\":true,\"valueName\":\"search_term_string\"}}],\"inLanguage\":\"es\"},{\"@type\":\"Organization\",\"@id\":\"https:\\\/\\\/www.laguiadepamplona.com\\\/actualidad\\\/#organization\",\"name\":\"La Gu\u00eda de Pamplona \\\/ Noticias\",\"url\":\"https:\\\/\\\/www.laguiadepamplona.com\\\/actualidad\\\/\",\"logo\":{\"@type\":\"ImageObject\",\"inLanguage\":\"es\",\"@id\":\"https:\\\/\\\/www.laguiadepamplona.com\\\/actualidad\\\/#\\\/schema\\\/logo\\\/image\\\/\",\"url\":\"https:\\\/\\\/www.laguiadepamplona.com\\\/actualidad\\\/wp-content\\\/uploads\\\/2018\\\/11\\\/logo-laguiadepamplona18-web1.png\",\"contentUrl\":\"https:\\\/\\\/www.laguiadepamplona.com\\\/actualidad\\\/wp-content\\\/uploads\\\/2018\\\/11\\\/logo-laguiadepamplona18-web1.png\",\"width\":600,\"height\":196,\"caption\":\"La Gu\u00eda de Pamplona \\\/ Noticias\"},\"image\":{\"@id\":\"https:\\\/\\\/www.laguiadepamplona.com\\\/actualidad\\\/#\\\/schema\\\/logo\\\/image\\\/\"},\"sameAs\":[\"https:\\\/\\\/www.facebook.com\\\/laguiadepamplonacom-133175176762273\\\/?ref=hl\",\"https:\\\/\\\/x.com\\\/LaGuiadPamplona\",\"https:\\\/\\\/www.instagram.com\\\/la_guia_de_pamplona\\\/\",\"https:\\\/\\\/www.youtube.com\\\/user\\\/laguiadepamplona\"]},{\"@type\":\"Person\",\"@id\":\"https:\\\/\\\/www.laguiadepamplona.com\\\/actualidad\\\/#\\\/schema\\\/person\\\/efe887376f0213d4657c93adc50b1fdb\",\"name\":\"La Gu\u00eda de Pamplona\",\"image\":{\"@type\":\"ImageObject\",\"inLanguage\":\"es\",\"@id\":\"https:\\\/\\\/secure.gravatar.com\\\/avatar\\\/b6992f131dc8d30ab0dff15446e9d346d9dbd95992de0fef795073f5ea83a81c?s=96&d=mm&r=g\",\"url\":\"https:\\\/\\\/secure.gravatar.com\\\/avatar\\\/b6992f131dc8d30ab0dff15446e9d346d9dbd95992de0fef795073f5ea83a81c?s=96&d=mm&r=g\",\"contentUrl\":\"https:\\\/\\\/secure.gravatar.com\\\/avatar\\\/b6992f131dc8d30ab0dff15446e9d346d9dbd95992de0fef795073f5ea83a81c?s=96&d=mm&r=g\",\"caption\":\"La Gu\u00eda de Pamplona\"}}]}<\/script>\n<!-- \/ Yoast SEO plugin. -->","yoast_head_json":{"title":"La alcaldesa Cristina Ibarrola se re\u00fane con el director de zona de Auchan Retail Espa\u00f1a \u2013 Alcampo, Patxi Etxebeste","description":"Las dos instituciones han abordado posibles v\u00edas de colaboraci\u00f3n para mantener pr\u00e1cticas sostenibles en la ciudad","robots":{"index":"index","follow":"follow","max-snippet":"max-snippet:-1","max-image-preview":"max-image-preview:large","max-video-preview":"max-video-preview:-1"},"canonical":"https:\/\/www.laguiadepamplona.com\/actualidad\/la-alcaldesa-cristina-ibarrola-se-reune-con-el-director-de-zona-de-auchan-retail-espana-alcampo-patxi-etxebeste\/","og_locale":"es_ES","og_type":"article","og_title":"La alcaldesa Cristina Ibarrola se re\u00fane con el director de zona de Auchan Retail Espa\u00f1a \u2013 Alcampo, Patxi Etxebeste","og_description":"Las dos instituciones han abordado posibles v\u00edas de colaboraci\u00f3n para mantener pr\u00e1cticas sostenibles en la ciudad","og_url":"https:\/\/www.laguiadepamplona.com\/actualidad\/la-alcaldesa-cristina-ibarrola-se-reune-con-el-director-de-zona-de-auchan-retail-espana-alcampo-patxi-etxebeste\/","og_site_name":"La Gu\u00eda de Pamplona","article_publisher":"https:\/\/www.facebook.com\/laguiadepamplonacom-133175176762273\/?ref=hl","article_published_time":"2023-11-08T16:15:09+00:00","og_image":[{"width":1200,"height":800,"url":"https:\/\/www.laguiadepamplona.com\/actualidad\/wp-content\/uploads\/2023\/11\/reunionalcampopamplonanb99351.webp","type":"image\/webp"}],"author":"La Gu\u00eda de Pamplona","twitter_card":"summary_large_image","twitter_creator":"@LaGuiadPamplona","twitter_site":"@LaGuiadPamplona","twitter_misc":{"Escrito por":"La Gu\u00eda de Pamplona","Tiempo de lectura":"1 minuto"},"schema":{"@context":"https:\/\/schema.org","@graph":[{"@type":"Article","@id":"https:\/\/www.laguiadepamplona.com\/actualidad\/la-alcaldesa-cristina-ibarrola-se-reune-con-el-director-de-zona-de-auchan-retail-espana-alcampo-patxi-etxebeste\/#article","isPartOf":{"@id":"https:\/\/www.laguiadepamplona.com\/actualidad\/la-alcaldesa-cristina-ibarrola-se-reune-con-el-director-de-zona-de-auchan-retail-espana-alcampo-patxi-etxebeste\/"},"author":{"name":"La Gu\u00eda de Pamplona","@id":"https:\/\/www.laguiadepamplona.com\/actualidad\/#\/schema\/person\/efe887376f0213d4657c93adc50b1fdb"},"headline":"La alcaldesa Cristina Ibarrola se re\u00fane con el director de zona de Auchan Retail Espa\u00f1a \u2013 Alcampo, Patxi Etxebeste","datePublished":"2023-11-08T16:15:09+00:00","mainEntityOfPage":{"@id":"https:\/\/www.laguiadepamplona.com\/actualidad\/la-alcaldesa-cristina-ibarrola-se-reune-con-el-director-de-zona-de-auchan-retail-espana-alcampo-patxi-etxebeste\/"},"wordCount":150,"commentCount":0,"publisher":{"@id":"https:\/\/www.laguiadepamplona.com\/actualidad\/#organization"},"image":{"@id":"https:\/\/www.laguiadepamplona.com\/actualidad\/la-alcaldesa-cristina-ibarrola-se-reune-con-el-director-de-zona-de-auchan-retail-espana-alcampo-patxi-etxebeste\/#primaryimage"},"thumbnailUrl":"https:\/\/www.laguiadepamplona.com\/actualidad\/wp-content\/uploads\/2023\/11\/reunionalcampopamplonanb99351.webp","articleSection":["Ayto Pamplona"],"inLanguage":"es","potentialAction":[{"@type":"CommentAction","name":"Comment","target":["https:\/\/www.laguiadepamplona.com\/actualidad\/la-alcaldesa-cristina-ibarrola-se-reune-con-el-director-de-zona-de-auchan-retail-espana-alcampo-patxi-etxebeste\/#respond"]}]},{"@type":"WebPage","@id":"https:\/\/www.laguiadepamplona.com\/actualidad\/la-alcaldesa-cristina-ibarrola-se-reune-con-el-director-de-zona-de-auchan-retail-espana-alcampo-patxi-etxebeste\/","url":"https:\/\/www.laguiadepamplona.com\/actualidad\/la-alcaldesa-cristina-ibarrola-se-reune-con-el-director-de-zona-de-auchan-retail-espana-alcampo-patxi-etxebeste\/","name":"La alcaldesa Cristina Ibarrola se re\u00fane con el director de zona de Auchan Retail Espa\u00f1a \u2013 Alcampo, Patxi Etxebeste","isPartOf":{"@id":"https:\/\/www.laguiadepamplona.com\/actualidad\/#website"},"primaryImageOfPage":{"@id":"https:\/\/www.laguiadepamplona.com\/actualidad\/la-alcaldesa-cristina-ibarrola-se-reune-con-el-director-de-zona-de-auchan-retail-espana-alcampo-patxi-etxebeste\/#primaryimage"},"image":{"@id":"https:\/\/www.laguiadepamplona.com\/actualidad\/la-alcaldesa-cristina-ibarrola-se-reune-con-el-director-de-zona-de-auchan-retail-espana-alcampo-patxi-etxebeste\/#primaryimage"},"thumbnailUrl":"https:\/\/www.laguiadepamplona.com\/actualidad\/wp-content\/uploads\/2023\/11\/reunionalcampopamplonanb99351.webp","datePublished":"2023-11-08T16:15:09+00:00","description":"Las dos instituciones han abordado posibles v\u00edas de colaboraci\u00f3n para mantener pr\u00e1cticas sostenibles en la ciudad","breadcrumb":{"@id":"https:\/\/www.laguiadepamplona.com\/actualidad\/la-alcaldesa-cristina-ibarrola-se-reune-con-el-director-de-zona-de-auchan-retail-espana-alcampo-patxi-etxebeste\/#breadcrumb"},"inLanguage":"es","potentialAction":[{"@type":"ReadAction","target":["https:\/\/www.laguiadepamplona.com\/actualidad\/la-alcaldesa-cristina-ibarrola-se-reune-con-el-director-de-zona-de-auchan-retail-espana-alcampo-patxi-etxebeste\/"]}]},{"@type":"ImageObject","inLanguage":"es","@id":"https:\/\/www.laguiadepamplona.com\/actualidad\/la-alcaldesa-cristina-ibarrola-se-reune-con-el-director-de-zona-de-auchan-retail-espana-alcampo-patxi-etxebeste\/#primaryimage","url":"https:\/\/www.laguiadepamplona.com\/actualidad\/wp-content\/uploads\/2023\/11\/reunionalcampopamplonanb99351.webp","contentUrl":"https:\/\/www.laguiadepamplona.com\/actualidad\/wp-content\/uploads\/2023\/11\/reunionalcampopamplonanb99351.webp","width":1200,"height":800,"caption":"reuni\u00f3n al campo"},{"@type":"BreadcrumbList","@id":"https:\/\/www.laguiadepamplona.com\/actualidad\/la-alcaldesa-cristina-ibarrola-se-reune-con-el-director-de-zona-de-auchan-retail-espana-alcampo-patxi-etxebeste\/#breadcrumb","itemListElement":[{"@type":"ListItem","position":1,"name":"Portada","item":"https:\/\/www.laguiadepamplona.com\/actualidad\/"},{"@type":"ListItem","position":2,"name":"La alcaldesa Cristina Ibarrola se re\u00fane con el director de zona de Auchan Retail Espa\u00f1a \u2013 Alcampo, Patxi Etxebeste"}]},{"@type":"WebSite","@id":"https:\/\/www.laguiadepamplona.com\/actualidad\/#website","url":"https:\/\/www.laguiadepamplona.com\/actualidad\/","name":"La gu\u00eda de Pamplona","description":"Noticias de Pamplona","publisher":{"@id":"https:\/\/www.laguiadepamplona.com\/actualidad\/#organization"},"potentialAction":[{"@type":"SearchAction","target":{"@type":"EntryPoint","urlTemplate":"https:\/\/www.laguiadepamplona.com\/actualidad\/?s={search_term_string}"},"query-input":{"@type":"PropertyValueSpecification","valueRequired":true,"valueName":"search_term_string"}}],"inLanguage":"es"},{"@type":"Organization","@id":"https:\/\/www.laguiadepamplona.com\/actualidad\/#organization","name":"La Gu\u00eda de Pamplona \/ Noticias","url":"https:\/\/www.laguiadepamplona.com\/actualidad\/","logo":{"@type":"ImageObject","inLanguage":"es","@id":"https:\/\/www.laguiadepamplona.com\/actualidad\/#\/schema\/logo\/image\/","url":"https:\/\/www.laguiadepamplona.com\/actualidad\/wp-content\/uploads\/2018\/11\/logo-laguiadepamplona18-web1.png","contentUrl":"https:\/\/www.laguiadepamplona.com\/actualidad\/wp-content\/uploads\/2018\/11\/logo-laguiadepamplona18-web1.png","width":600,"height":196,"caption":"La Gu\u00eda de Pamplona \/ Noticias"},"image":{"@id":"https:\/\/www.laguiadepamplona.com\/actualidad\/#\/schema\/logo\/image\/"},"sameAs":["https:\/\/www.facebook.com\/laguiadepamplonacom-133175176762273\/?ref=hl","https:\/\/x.com\/LaGuiadPamplona","https:\/\/www.instagram.com\/la_guia_de_pamplona\/","https:\/\/www.youtube.com\/user\/laguiadepamplona"]},{"@type":"Person","@id":"https:\/\/www.laguiadepamplona.com\/actualidad\/#\/schema\/person\/efe887376f0213d4657c93adc50b1fdb","name":"La Gu\u00eda de Pamplona","image":{"@type":"ImageObject","inLanguage":"es","@id":"https:\/\/secure.gravatar.com\/avatar\/b6992f131dc8d30ab0dff15446e9d346d9dbd95992de0fef795073f5ea83a81c?s=96&d=mm&r=g","url":"https:\/\/secure.gravatar.com\/avatar\/b6992f131dc8d30ab0dff15446e9d346d9dbd95992de0fef795073f5ea83a81c?s=96&d=mm&r=g","contentUrl":"https:\/\/secure.gravatar.com\/avatar\/b6992f131dc8d30ab0dff15446e9d346d9dbd95992de0fef795073f5ea83a81c?s=96&d=mm&r=g","caption":"La Gu\u00eda de Pamplona"}}]}},"post_mailing_queue_ids":[],"_links":{"self":[{"href":"https:\/\/www.laguiadepamplona.com\/actualidad\/wp-json\/wp\/v2\/posts\/47858","targetHints":{"allow":["GET"]}}],"collection":[{"href":"https:\/\/www.laguiadepamplona.com\/actualidad\/wp-json\/wp\/v2\/posts"}],"about":[{"href":"https:\/\/www.laguiadepamplona.com\/actualidad\/wp-json\/wp\/v2\/types\/post"}],"author":[{"embeddable":true,"href":"https:\/\/www.laguiadepamplona.com\/actualidad\/wp-json\/wp\/v2\/users\/1"}],"replies":[{"embeddable":true,"href":"https:\/\/www.laguiadepamplona.com\/actualidad\/wp-json\/wp\/v2\/comments?post=47858"}],"version-history":[{"count":1,"href":"https:\/\/www.laguiadepamplona.com\/actualidad\/wp-json\/wp\/v2\/posts\/47858\/revisions"}],"predecessor-version":[{"id":47860,"href":"https:\/\/www.laguiadepamplona.com\/actualidad\/wp-json\/wp\/v2\/posts\/47858\/revisions\/47860"}],"wp:featuredmedia":[{"embeddable":true,"href":"https:\/\/www.laguiadepamplona.com\/actualidad\/wp-json\/wp\/v2\/media\/47859"}],"wp:attachment":[{"href":"https:\/\/www.laguiadepamplona.com\/actualidad\/wp-json\/wp\/v2\/media?parent=47858"}],"wp:term":[{"taxonomy":"category","embeddable":true,"href":"https:\/\/www.laguiadepamplona.com\/actualidad\/wp-json\/wp\/v2\/categories?post=47858"},{"taxonomy":"post_tag","embeddable":true,"href":"https:\/\/www.laguiadepamplona.com\/actualidad\/wp-json\/wp\/v2\/tags?post=47858"}],"curies":[{"name":"wp","href":"https:\/\/api.w.org\/{rel}","templated":true}]}}