{"id":47852,"date":"2023-11-08T18:10:54","date_gmt":"2023-11-08T16:10:54","guid":{"rendered":"https:\/\/www.laguiadepamplona.com\/actualidad\/?p=47852"},"modified":"2023-11-08T18:10:54","modified_gmt":"2023-11-08T16:10:54","slug":"el-pabellon-de-mixtos-invita-a-la-interactividad-plastica-en-la-exposicion-de-arte-pictorico-africano-el-viaje-a-los-mundos-de-vrus-vision-revolucionaria-de-utilidad-social","status":"publish","type":"post","link":"https:\/\/www.laguiadepamplona.com\/actualidad\/el-pabellon-de-mixtos-invita-a-la-interactividad-plastica-en-la-exposicion-de-arte-pictorico-africano-el-viaje-a-los-mundos-de-vrus-vision-revolucionaria-de-utilidad-social\/","title":{"rendered":"El Pabell\u00f3n de Mixtos invita a la interactividad pl\u00e1stica en la exposici\u00f3n de arte pict\u00f3rico africano \u2018El viaje a los mundos de VRUS (visi\u00f3n revolucionaria de utilidad social)\u2019"},"content":{"rendered":"<h3>La muestra, dentro del ciclo \u2018\u00c1frica Imprescindible\u2019, se compone de 88 obras con diversas t\u00e9cnicas y formatos, y se ofrece hasta el 21 de enero de 2024<\/h3>\n<p><!--more--><\/p>\n<p>La primera planta del Pabell\u00f3n de Mixtos de la Ciudadela acoge la exposici\u00f3n \u2018El viaje a los mundos de VRUS (visi\u00f3n revolucionaria de utilidad social)\u2019, un recorrido pict\u00f3rico de 88 piezas con variedad de t\u00e9cnicas y formatos. La muestra se ofrece desde este mi\u00e9rcoles hasta el 21 de enero de 2024, y forma parte de la programaci\u00f3n \u00c1frica Imprescindible, que celebra este oto\u00f1o su 23\u00aa edici\u00f3n para acercar la realidad art\u00edstica del continente a la comunidad navarra.<\/p>\n<p>La exposici\u00f3n la han presentado esta ma\u00f1ana la concejala del \u00e1rea de Cultura, Clara Garc\u00eda-Vali\u00f1o; uno de los miembros de Ojos del Mundo, en representaci\u00f3n del consorcio de \u00c1frica Imprescindible, Alfonso Noboa; el representante del Ateneo Navarro Javier Torrens; y el autor y comisario de la exposici\u00f3n, Justo Aliounedine. El autor ofrece por la tarde una visita guiada, a las 19 horas, para p\u00fablico en general. En la actualidad, forman parte del Consorcio \u00c1frica Imprescindible 8 entidades: Asamblea de Cooperaci\u00f3n por la Paz (ACPP); Fundaci\u00f3n Felipe Rinaldi; Ojos del Mundo; Oxfam Intermon; Medicus Mundi; Proclade Yanapay; Solidaridad, Educaci\u00f3n y Desarrollo (SED); y TAU Fundazioa.<br \/>\n<script async src=\"\/\/pagead2.googlesyndication.com\/pagead\/js\/adsbygoogle.js\"><\/script><br \/>\n<!-- Noticias La Guia de Pamplona --><br \/>\n<ins class=\"adsbygoogle\"\nstyle=\"display:block\"\ndata-ad-client=\"ca-pub-6943679897239327\"\ndata-ad-slot=\"7048180777\"\ndata-ad-format=\"auto\"><\/ins><br \/>\n<script>\n(adsbygoogle = window.adsbygoogle || []).push({});\n<\/script><\/p>\n<p>Las 88 piezas de la exposici\u00f3n se presentan en distintos tama\u00f1os, superficies y soportes, y est\u00e1n realizadas a bol\u00edgrafo y l\u00e1piz, utilizando t\u00e9cnica mixta, acuarelas, tinta china, acr\u00edlicos, \u00f3leos\u2026 El artista invita a la participaci\u00f3n activa del p\u00fablico con algunas obras de interpretaci\u00f3n interactiva, buscando combinar lo personal y lo comunitario. Las obras se han seleccionado entre las m\u00e1s de 1.600 que componen la producci\u00f3n de Justo Aliounedine, autor del libro manifiesto \u2018El Arte de la Interpretaci\u00f3n Interactiva\u2019, donde se recogen unas 400 obras.<\/p>\n<p>\u2018El viaje a los mundos de VRUS (visi\u00f3n revolucionaria de utilidad social)\u2019 supone una visi\u00f3n personalizada del pensamiento de los pueblos afros del siglo XXI, en relaci\u00f3n cr\u00edtica con la sociedad del occidente colectivo y las relaciones de poder ejercidas hacia los pueblos. Las obras muestran un universo complejo, que incluye opulencia y la precariedad, y la lucha interna e hist\u00f3rica de las comunidades afros, junto a los propios conflictos internos del autor autodidacta y sus contradicciones identitarias.<br \/>\n<script async src=\"\/\/pagead2.googlesyndication.com\/pagead\/js\/adsbygoogle.js\"><\/script><br \/>\n<!-- Noticias La Guia de Pamplona --><br \/>\n<ins class=\"adsbygoogle\"\nstyle=\"display:block\"\ndata-ad-client=\"ca-pub-6943679897239327\"\ndata-ad-slot=\"7048180777\"\ndata-ad-format=\"auto\"><\/ins><br \/>\n<script>\n(adsbygoogle = window.adsbygoogle || []).push({});\n<\/script><\/p>\n<p>La exposici\u00f3n se puede visitar en la primera planta del Pabell\u00f3n de Mixtos en horario, de martes a s\u00e1bado, de 11.30 a 13.30 y de 18.00 a 20.30; y los domingos y festivos, de 11.30 a 13.30 horas. Los lunes est\u00e1 cerrado. Para m\u00e1s informaci\u00f3n sobre la exposici\u00f3n, se puede consultar la <a href=\"http:\/\/www.vrus.es\/\" target=\"_blank\" rel=\"noopener\">p\u00e1gina web del autor<\/a>. El ciclo de actividades de \u00c1frica Imprescindible est\u00e1 disponible en la <a href=\"https:\/\/africaesimprescindible.org\/\" target=\"_blank\" rel=\"noopener\">p\u00e1gina web del programa<\/a>.<\/p>\n<p>El programa \u00c1frica Imprescindible recibe financiaci\u00f3n del Ayuntamiento de Pamplona, del Gobierno de Navarra y la Fundaci\u00f3n Felipe Rinaldi, y la colaboraci\u00f3n de entidades y organizaciones como Filmoteca de Navarra, Cine Moncayo, Flor de \u00c1frica, Liter\u00e1fricas, Kairaba, Fundaci\u00f3n Acci\u00f3n Solidaria de la Ribera y Tudela, Grupo de Pobreza Cero de Burlada, Casa de Cultura de Burlada y el Ateneo Navarro.<br \/>\n<script async src=\"\/\/pagead2.googlesyndication.com\/pagead\/js\/adsbygoogle.js\"><\/script><br \/>\n<!-- Noticias La Guia de Pamplona --><br \/>\n<ins class=\"adsbygoogle\"\nstyle=\"display:block\"\ndata-ad-client=\"ca-pub-6943679897239327\"\ndata-ad-slot=\"7048180777\"\ndata-ad-format=\"auto\"><\/ins><br \/>\n<script>\n(adsbygoogle = window.adsbygoogle || []).push({});\n<\/script><\/p>\n<p>&nbsp;<\/p>\n<h3>23\u00aa Edici\u00f3n \u00c1frica Imprescindible, Al Sur Del S\u00e1hara<\/h3>\n<ul>\n<li>Viaje a los mundos de VRUS (visi\u00f3n revolucionaria de utilidad social)\n<ul>\n<li>Pabell\u00f3n de Mixtos de la Ciudadela (primera planta)<\/li>\n<li>Del 8 de noviembre de 2023 al 21 de enero de 2024<\/li>\n<li>Presentaci\u00f3n y visita guiada: 19 horas, a cargo del autor y comisario de la exposici\u00f3n, Justo Alionedine<\/li>\n<\/ul>\n<\/li>\n<li>Presentaci\u00f3n y visita guiada para todos los p\u00fablicos:\n<ul>\n<li>Mi\u00e9rcoles 8 de noviembre, 19 horas, a cargo del autor y comisario de la exposici\u00f3n, Justo Alionedine<\/li>\n<li>M\u00e1s informaci\u00f3n en la <a href=\"http:\/\/www.vrus.es\/\" target=\"_blank\" rel=\"noopener\">p\u00e1gina web del autor<\/a><\/li>\n<\/ul>\n<\/li>\n<li>La exposici\u00f3n forma parte de la programaci\u00f3n \u00c1frica Imprescindible\n<ul>\n<li>M\u00e1s informaci\u00f3n en la <a href=\"https:\/\/africaesimprescindible.org\/\" target=\"_blank\" rel=\"noopener\">p\u00e1gina web del programa<\/a><\/li>\n<\/ul>\n<\/li>\n<\/ul>\n","protected":false},"excerpt":{"rendered":"<p>La muestra, dentro del ciclo \u2018\u00c1frica Imprescindible\u2019, se compone de 88 obras con diversas t\u00e9cnicas y formatos, y se ofrece hasta el 21 de enero de 2024<\/p>\n","protected":false},"author":1,"featured_media":47853,"comment_status":"open","ping_status":"closed","sticky":false,"template":"","format":"standard","meta":{"footnotes":""},"categories":[2],"tags":[],"class_list":["post-47852","post","type-post","status-publish","format-standard","has-post-thumbnail","hentry","category-ayuntamiento-pamplona"],"yoast_head":"<!-- This site is optimized with the Yoast SEO plugin v27.3 - https:\/\/yoast.com\/product\/yoast-seo-wordpress\/ -->\n<title>El Pabell\u00f3n de Mixtos invita a la interactividad pl\u00e1stica en la exposici\u00f3n de arte pict\u00f3rico africano \u2018El viaje a los mundos de VRUS (visi\u00f3n revolucionaria de utilidad social)\u2019<\/title>\n<meta name=\"description\" content=\"La muestra, dentro del ciclo \u2018\u00c1frica Imprescindible\u2019, se compone de 88 obras con diversas t\u00e9cnicas y formatos, y se ofrece hasta el 21 de enero de 2024\" \/>\n<meta name=\"robots\" content=\"index, follow, max-snippet:-1, max-image-preview:large, max-video-preview:-1\" \/>\n<link rel=\"canonical\" href=\"https:\/\/www.laguiadepamplona.com\/actualidad\/el-pabellon-de-mixtos-invita-a-la-interactividad-plastica-en-la-exposicion-de-arte-pictorico-africano-el-viaje-a-los-mundos-de-vrus-vision-revolucionaria-de-utilidad-social\/\" \/>\n<meta property=\"og:locale\" content=\"es_ES\" \/>\n<meta property=\"og:type\" content=\"article\" \/>\n<meta property=\"og:title\" content=\"El Pabell\u00f3n de Mixtos invita a la interactividad pl\u00e1stica en la exposici\u00f3n de arte pict\u00f3rico africano \u2018El viaje a los mundos de VRUS (visi\u00f3n revolucionaria de utilidad social)\u2019\" \/>\n<meta property=\"og:description\" content=\"La muestra, dentro del ciclo \u2018\u00c1frica Imprescindible\u2019, se compone de 88 obras con diversas t\u00e9cnicas y formatos, y se ofrece hasta el 21 de enero de 2024\" \/>\n<meta property=\"og:url\" content=\"https:\/\/www.laguiadepamplona.com\/actualidad\/el-pabellon-de-mixtos-invita-a-la-interactividad-plastica-en-la-exposicion-de-arte-pictorico-africano-el-viaje-a-los-mundos-de-vrus-vision-revolucionaria-de-utilidad-social\/\" \/>\n<meta property=\"og:site_name\" content=\"La Gu\u00eda de Pamplona\" \/>\n<meta property=\"article:publisher\" content=\"https:\/\/www.facebook.com\/laguiadepamplonacom-133175176762273\/?ref=hl\" \/>\n<meta property=\"article:published_time\" content=\"2023-11-08T16:10:54+00:00\" \/>\n<meta property=\"og:image\" content=\"https:\/\/www.laguiadepamplona.com\/actualidad\/wp-content\/uploads\/2023\/11\/exposicion-africano.webp\" \/>\n\t<meta property=\"og:image:width\" content=\"1200\" \/>\n\t<meta property=\"og:image:height\" content=\"541\" \/>\n\t<meta property=\"og:image:type\" content=\"image\/webp\" \/>\n<meta name=\"author\" content=\"La Gu\u00eda de Pamplona\" \/>\n<meta name=\"twitter:card\" content=\"summary_large_image\" \/>\n<meta name=\"twitter:creator\" content=\"@LaGuiadPamplona\" \/>\n<meta name=\"twitter:site\" content=\"@LaGuiadPamplona\" \/>\n<meta name=\"twitter:label1\" content=\"Escrito por\" \/>\n\t<meta name=\"twitter:data1\" content=\"La Gu\u00eda de Pamplona\" \/>\n\t<meta name=\"twitter:label2\" content=\"Tiempo de lectura\" \/>\n\t<meta name=\"twitter:data2\" content=\"3 minutos\" \/>\n<script type=\"application\/ld+json\" class=\"yoast-schema-graph\">{\"@context\":\"https:\\\/\\\/schema.org\",\"@graph\":[{\"@type\":\"Article\",\"@id\":\"https:\\\/\\\/www.laguiadepamplona.com\\\/actualidad\\\/el-pabellon-de-mixtos-invita-a-la-interactividad-plastica-en-la-exposicion-de-arte-pictorico-africano-el-viaje-a-los-mundos-de-vrus-vision-revolucionaria-de-utilidad-social\\\/#article\",\"isPartOf\":{\"@id\":\"https:\\\/\\\/www.laguiadepamplona.com\\\/actualidad\\\/el-pabellon-de-mixtos-invita-a-la-interactividad-plastica-en-la-exposicion-de-arte-pictorico-africano-el-viaje-a-los-mundos-de-vrus-vision-revolucionaria-de-utilidad-social\\\/\"},\"author\":{\"name\":\"La Gu\u00eda de Pamplona\",\"@id\":\"https:\\\/\\\/www.laguiadepamplona.com\\\/actualidad\\\/#\\\/schema\\\/person\\\/efe887376f0213d4657c93adc50b1fdb\"},\"headline\":\"El Pabell\u00f3n de Mixtos invita a la interactividad pl\u00e1stica en la exposici\u00f3n de arte pict\u00f3rico africano \u2018El viaje a los mundos de VRUS (visi\u00f3n revolucionaria de utilidad social)\u2019\",\"datePublished\":\"2023-11-08T16:10:54+00:00\",\"mainEntityOfPage\":{\"@id\":\"https:\\\/\\\/www.laguiadepamplona.com\\\/actualidad\\\/el-pabellon-de-mixtos-invita-a-la-interactividad-plastica-en-la-exposicion-de-arte-pictorico-africano-el-viaje-a-los-mundos-de-vrus-vision-revolucionaria-de-utilidad-social\\\/\"},\"wordCount\":686,\"commentCount\":0,\"publisher\":{\"@id\":\"https:\\\/\\\/www.laguiadepamplona.com\\\/actualidad\\\/#organization\"},\"image\":{\"@id\":\"https:\\\/\\\/www.laguiadepamplona.com\\\/actualidad\\\/el-pabellon-de-mixtos-invita-a-la-interactividad-plastica-en-la-exposicion-de-arte-pictorico-africano-el-viaje-a-los-mundos-de-vrus-vision-revolucionaria-de-utilidad-social\\\/#primaryimage\"},\"thumbnailUrl\":\"https:\\\/\\\/www.laguiadepamplona.com\\\/actualidad\\\/wp-content\\\/uploads\\\/2023\\\/11\\\/exposicion-africano.webp\",\"articleSection\":[\"Ayto Pamplona\"],\"inLanguage\":\"es\",\"potentialAction\":[{\"@type\":\"CommentAction\",\"name\":\"Comment\",\"target\":[\"https:\\\/\\\/www.laguiadepamplona.com\\\/actualidad\\\/el-pabellon-de-mixtos-invita-a-la-interactividad-plastica-en-la-exposicion-de-arte-pictorico-africano-el-viaje-a-los-mundos-de-vrus-vision-revolucionaria-de-utilidad-social\\\/#respond\"]}]},{\"@type\":\"WebPage\",\"@id\":\"https:\\\/\\\/www.laguiadepamplona.com\\\/actualidad\\\/el-pabellon-de-mixtos-invita-a-la-interactividad-plastica-en-la-exposicion-de-arte-pictorico-africano-el-viaje-a-los-mundos-de-vrus-vision-revolucionaria-de-utilidad-social\\\/\",\"url\":\"https:\\\/\\\/www.laguiadepamplona.com\\\/actualidad\\\/el-pabellon-de-mixtos-invita-a-la-interactividad-plastica-en-la-exposicion-de-arte-pictorico-africano-el-viaje-a-los-mundos-de-vrus-vision-revolucionaria-de-utilidad-social\\\/\",\"name\":\"El Pabell\u00f3n de Mixtos invita a la interactividad pl\u00e1stica en la exposici\u00f3n de arte pict\u00f3rico africano \u2018El viaje a los mundos de VRUS (visi\u00f3n revolucionaria de utilidad social)\u2019\",\"isPartOf\":{\"@id\":\"https:\\\/\\\/www.laguiadepamplona.com\\\/actualidad\\\/#website\"},\"primaryImageOfPage\":{\"@id\":\"https:\\\/\\\/www.laguiadepamplona.com\\\/actualidad\\\/el-pabellon-de-mixtos-invita-a-la-interactividad-plastica-en-la-exposicion-de-arte-pictorico-africano-el-viaje-a-los-mundos-de-vrus-vision-revolucionaria-de-utilidad-social\\\/#primaryimage\"},\"image\":{\"@id\":\"https:\\\/\\\/www.laguiadepamplona.com\\\/actualidad\\\/el-pabellon-de-mixtos-invita-a-la-interactividad-plastica-en-la-exposicion-de-arte-pictorico-africano-el-viaje-a-los-mundos-de-vrus-vision-revolucionaria-de-utilidad-social\\\/#primaryimage\"},\"thumbnailUrl\":\"https:\\\/\\\/www.laguiadepamplona.com\\\/actualidad\\\/wp-content\\\/uploads\\\/2023\\\/11\\\/exposicion-africano.webp\",\"datePublished\":\"2023-11-08T16:10:54+00:00\",\"description\":\"La muestra, dentro del ciclo \u2018\u00c1frica Imprescindible\u2019, se compone de 88 obras con diversas t\u00e9cnicas y formatos, y se ofrece hasta el 21 de enero de 2024\",\"breadcrumb\":{\"@id\":\"https:\\\/\\\/www.laguiadepamplona.com\\\/actualidad\\\/el-pabellon-de-mixtos-invita-a-la-interactividad-plastica-en-la-exposicion-de-arte-pictorico-africano-el-viaje-a-los-mundos-de-vrus-vision-revolucionaria-de-utilidad-social\\\/#breadcrumb\"},\"inLanguage\":\"es\",\"potentialAction\":[{\"@type\":\"ReadAction\",\"target\":[\"https:\\\/\\\/www.laguiadepamplona.com\\\/actualidad\\\/el-pabellon-de-mixtos-invita-a-la-interactividad-plastica-en-la-exposicion-de-arte-pictorico-africano-el-viaje-a-los-mundos-de-vrus-vision-revolucionaria-de-utilidad-social\\\/\"]}]},{\"@type\":\"ImageObject\",\"inLanguage\":\"es\",\"@id\":\"https:\\\/\\\/www.laguiadepamplona.com\\\/actualidad\\\/el-pabellon-de-mixtos-invita-a-la-interactividad-plastica-en-la-exposicion-de-arte-pictorico-africano-el-viaje-a-los-mundos-de-vrus-vision-revolucionaria-de-utilidad-social\\\/#primaryimage\",\"url\":\"https:\\\/\\\/www.laguiadepamplona.com\\\/actualidad\\\/wp-content\\\/uploads\\\/2023\\\/11\\\/exposicion-africano.webp\",\"contentUrl\":\"https:\\\/\\\/www.laguiadepamplona.com\\\/actualidad\\\/wp-content\\\/uploads\\\/2023\\\/11\\\/exposicion-africano.webp\",\"width\":1200,\"height\":541,\"caption\":\"exposici\u00f3n africano\"},{\"@type\":\"BreadcrumbList\",\"@id\":\"https:\\\/\\\/www.laguiadepamplona.com\\\/actualidad\\\/el-pabellon-de-mixtos-invita-a-la-interactividad-plastica-en-la-exposicion-de-arte-pictorico-africano-el-viaje-a-los-mundos-de-vrus-vision-revolucionaria-de-utilidad-social\\\/#breadcrumb\",\"itemListElement\":[{\"@type\":\"ListItem\",\"position\":1,\"name\":\"Portada\",\"item\":\"https:\\\/\\\/www.laguiadepamplona.com\\\/actualidad\\\/\"},{\"@type\":\"ListItem\",\"position\":2,\"name\":\"El Pabell\u00f3n de Mixtos invita a la interactividad pl\u00e1stica en la exposici\u00f3n de arte pict\u00f3rico africano \u2018El viaje a los mundos de VRUS (visi\u00f3n revolucionaria de utilidad social)\u2019\"}]},{\"@type\":\"WebSite\",\"@id\":\"https:\\\/\\\/www.laguiadepamplona.com\\\/actualidad\\\/#website\",\"url\":\"https:\\\/\\\/www.laguiadepamplona.com\\\/actualidad\\\/\",\"name\":\"La gu\u00eda de Pamplona\",\"description\":\"Noticias de Pamplona\",\"publisher\":{\"@id\":\"https:\\\/\\\/www.laguiadepamplona.com\\\/actualidad\\\/#organization\"},\"potentialAction\":[{\"@type\":\"SearchAction\",\"target\":{\"@type\":\"EntryPoint\",\"urlTemplate\":\"https:\\\/\\\/www.laguiadepamplona.com\\\/actualidad\\\/?s={search_term_string}\"},\"query-input\":{\"@type\":\"PropertyValueSpecification\",\"valueRequired\":true,\"valueName\":\"search_term_string\"}}],\"inLanguage\":\"es\"},{\"@type\":\"Organization\",\"@id\":\"https:\\\/\\\/www.laguiadepamplona.com\\\/actualidad\\\/#organization\",\"name\":\"La Gu\u00eda de Pamplona \\\/ Noticias\",\"url\":\"https:\\\/\\\/www.laguiadepamplona.com\\\/actualidad\\\/\",\"logo\":{\"@type\":\"ImageObject\",\"inLanguage\":\"es\",\"@id\":\"https:\\\/\\\/www.laguiadepamplona.com\\\/actualidad\\\/#\\\/schema\\\/logo\\\/image\\\/\",\"url\":\"https:\\\/\\\/www.laguiadepamplona.com\\\/actualidad\\\/wp-content\\\/uploads\\\/2018\\\/11\\\/logo-laguiadepamplona18-web1.png\",\"contentUrl\":\"https:\\\/\\\/www.laguiadepamplona.com\\\/actualidad\\\/wp-content\\\/uploads\\\/2018\\\/11\\\/logo-laguiadepamplona18-web1.png\",\"width\":600,\"height\":196,\"caption\":\"La Gu\u00eda de Pamplona \\\/ Noticias\"},\"image\":{\"@id\":\"https:\\\/\\\/www.laguiadepamplona.com\\\/actualidad\\\/#\\\/schema\\\/logo\\\/image\\\/\"},\"sameAs\":[\"https:\\\/\\\/www.facebook.com\\\/laguiadepamplonacom-133175176762273\\\/?ref=hl\",\"https:\\\/\\\/x.com\\\/LaGuiadPamplona\",\"https:\\\/\\\/www.instagram.com\\\/la_guia_de_pamplona\\\/\",\"https:\\\/\\\/www.youtube.com\\\/user\\\/laguiadepamplona\"]},{\"@type\":\"Person\",\"@id\":\"https:\\\/\\\/www.laguiadepamplona.com\\\/actualidad\\\/#\\\/schema\\\/person\\\/efe887376f0213d4657c93adc50b1fdb\",\"name\":\"La Gu\u00eda de Pamplona\",\"image\":{\"@type\":\"ImageObject\",\"inLanguage\":\"es\",\"@id\":\"https:\\\/\\\/secure.gravatar.com\\\/avatar\\\/b6992f131dc8d30ab0dff15446e9d346d9dbd95992de0fef795073f5ea83a81c?s=96&d=mm&r=g\",\"url\":\"https:\\\/\\\/secure.gravatar.com\\\/avatar\\\/b6992f131dc8d30ab0dff15446e9d346d9dbd95992de0fef795073f5ea83a81c?s=96&d=mm&r=g\",\"contentUrl\":\"https:\\\/\\\/secure.gravatar.com\\\/avatar\\\/b6992f131dc8d30ab0dff15446e9d346d9dbd95992de0fef795073f5ea83a81c?s=96&d=mm&r=g\",\"caption\":\"La Gu\u00eda de Pamplona\"}}]}<\/script>\n<!-- \/ Yoast SEO plugin. -->","yoast_head_json":{"title":"El Pabell\u00f3n de Mixtos invita a la interactividad pl\u00e1stica en la exposici\u00f3n de arte pict\u00f3rico africano \u2018El viaje a los mundos de VRUS (visi\u00f3n revolucionaria de utilidad social)\u2019","description":"La muestra, dentro del ciclo \u2018\u00c1frica Imprescindible\u2019, se compone de 88 obras con diversas t\u00e9cnicas y formatos, y se ofrece hasta el 21 de enero de 2024","robots":{"index":"index","follow":"follow","max-snippet":"max-snippet:-1","max-image-preview":"max-image-preview:large","max-video-preview":"max-video-preview:-1"},"canonical":"https:\/\/www.laguiadepamplona.com\/actualidad\/el-pabellon-de-mixtos-invita-a-la-interactividad-plastica-en-la-exposicion-de-arte-pictorico-africano-el-viaje-a-los-mundos-de-vrus-vision-revolucionaria-de-utilidad-social\/","og_locale":"es_ES","og_type":"article","og_title":"El Pabell\u00f3n de Mixtos invita a la interactividad pl\u00e1stica en la exposici\u00f3n de arte pict\u00f3rico africano \u2018El viaje a los mundos de VRUS (visi\u00f3n revolucionaria de utilidad social)\u2019","og_description":"La muestra, dentro del ciclo \u2018\u00c1frica Imprescindible\u2019, se compone de 88 obras con diversas t\u00e9cnicas y formatos, y se ofrece hasta el 21 de enero de 2024","og_url":"https:\/\/www.laguiadepamplona.com\/actualidad\/el-pabellon-de-mixtos-invita-a-la-interactividad-plastica-en-la-exposicion-de-arte-pictorico-africano-el-viaje-a-los-mundos-de-vrus-vision-revolucionaria-de-utilidad-social\/","og_site_name":"La Gu\u00eda de Pamplona","article_publisher":"https:\/\/www.facebook.com\/laguiadepamplonacom-133175176762273\/?ref=hl","article_published_time":"2023-11-08T16:10:54+00:00","og_image":[{"width":1200,"height":541,"url":"https:\/\/www.laguiadepamplona.com\/actualidad\/wp-content\/uploads\/2023\/11\/exposicion-africano.webp","type":"image\/webp"}],"author":"La Gu\u00eda de Pamplona","twitter_card":"summary_large_image","twitter_creator":"@LaGuiadPamplona","twitter_site":"@LaGuiadPamplona","twitter_misc":{"Escrito por":"La Gu\u00eda de Pamplona","Tiempo de lectura":"3 minutos"},"schema":{"@context":"https:\/\/schema.org","@graph":[{"@type":"Article","@id":"https:\/\/www.laguiadepamplona.com\/actualidad\/el-pabellon-de-mixtos-invita-a-la-interactividad-plastica-en-la-exposicion-de-arte-pictorico-africano-el-viaje-a-los-mundos-de-vrus-vision-revolucionaria-de-utilidad-social\/#article","isPartOf":{"@id":"https:\/\/www.laguiadepamplona.com\/actualidad\/el-pabellon-de-mixtos-invita-a-la-interactividad-plastica-en-la-exposicion-de-arte-pictorico-africano-el-viaje-a-los-mundos-de-vrus-vision-revolucionaria-de-utilidad-social\/"},"author":{"name":"La Gu\u00eda de Pamplona","@id":"https:\/\/www.laguiadepamplona.com\/actualidad\/#\/schema\/person\/efe887376f0213d4657c93adc50b1fdb"},"headline":"El Pabell\u00f3n de Mixtos invita a la interactividad pl\u00e1stica en la exposici\u00f3n de arte pict\u00f3rico africano \u2018El viaje a los mundos de VRUS (visi\u00f3n revolucionaria de utilidad social)\u2019","datePublished":"2023-11-08T16:10:54+00:00","mainEntityOfPage":{"@id":"https:\/\/www.laguiadepamplona.com\/actualidad\/el-pabellon-de-mixtos-invita-a-la-interactividad-plastica-en-la-exposicion-de-arte-pictorico-africano-el-viaje-a-los-mundos-de-vrus-vision-revolucionaria-de-utilidad-social\/"},"wordCount":686,"commentCount":0,"publisher":{"@id":"https:\/\/www.laguiadepamplona.com\/actualidad\/#organization"},"image":{"@id":"https:\/\/www.laguiadepamplona.com\/actualidad\/el-pabellon-de-mixtos-invita-a-la-interactividad-plastica-en-la-exposicion-de-arte-pictorico-africano-el-viaje-a-los-mundos-de-vrus-vision-revolucionaria-de-utilidad-social\/#primaryimage"},"thumbnailUrl":"https:\/\/www.laguiadepamplona.com\/actualidad\/wp-content\/uploads\/2023\/11\/exposicion-africano.webp","articleSection":["Ayto Pamplona"],"inLanguage":"es","potentialAction":[{"@type":"CommentAction","name":"Comment","target":["https:\/\/www.laguiadepamplona.com\/actualidad\/el-pabellon-de-mixtos-invita-a-la-interactividad-plastica-en-la-exposicion-de-arte-pictorico-africano-el-viaje-a-los-mundos-de-vrus-vision-revolucionaria-de-utilidad-social\/#respond"]}]},{"@type":"WebPage","@id":"https:\/\/www.laguiadepamplona.com\/actualidad\/el-pabellon-de-mixtos-invita-a-la-interactividad-plastica-en-la-exposicion-de-arte-pictorico-africano-el-viaje-a-los-mundos-de-vrus-vision-revolucionaria-de-utilidad-social\/","url":"https:\/\/www.laguiadepamplona.com\/actualidad\/el-pabellon-de-mixtos-invita-a-la-interactividad-plastica-en-la-exposicion-de-arte-pictorico-africano-el-viaje-a-los-mundos-de-vrus-vision-revolucionaria-de-utilidad-social\/","name":"El Pabell\u00f3n de Mixtos invita a la interactividad pl\u00e1stica en la exposici\u00f3n de arte pict\u00f3rico africano \u2018El viaje a los mundos de VRUS (visi\u00f3n revolucionaria de utilidad social)\u2019","isPartOf":{"@id":"https:\/\/www.laguiadepamplona.com\/actualidad\/#website"},"primaryImageOfPage":{"@id":"https:\/\/www.laguiadepamplona.com\/actualidad\/el-pabellon-de-mixtos-invita-a-la-interactividad-plastica-en-la-exposicion-de-arte-pictorico-africano-el-viaje-a-los-mundos-de-vrus-vision-revolucionaria-de-utilidad-social\/#primaryimage"},"image":{"@id":"https:\/\/www.laguiadepamplona.com\/actualidad\/el-pabellon-de-mixtos-invita-a-la-interactividad-plastica-en-la-exposicion-de-arte-pictorico-africano-el-viaje-a-los-mundos-de-vrus-vision-revolucionaria-de-utilidad-social\/#primaryimage"},"thumbnailUrl":"https:\/\/www.laguiadepamplona.com\/actualidad\/wp-content\/uploads\/2023\/11\/exposicion-africano.webp","datePublished":"2023-11-08T16:10:54+00:00","description":"La muestra, dentro del ciclo \u2018\u00c1frica Imprescindible\u2019, se compone de 88 obras con diversas t\u00e9cnicas y formatos, y se ofrece hasta el 21 de enero de 2024","breadcrumb":{"@id":"https:\/\/www.laguiadepamplona.com\/actualidad\/el-pabellon-de-mixtos-invita-a-la-interactividad-plastica-en-la-exposicion-de-arte-pictorico-africano-el-viaje-a-los-mundos-de-vrus-vision-revolucionaria-de-utilidad-social\/#breadcrumb"},"inLanguage":"es","potentialAction":[{"@type":"ReadAction","target":["https:\/\/www.laguiadepamplona.com\/actualidad\/el-pabellon-de-mixtos-invita-a-la-interactividad-plastica-en-la-exposicion-de-arte-pictorico-africano-el-viaje-a-los-mundos-de-vrus-vision-revolucionaria-de-utilidad-social\/"]}]},{"@type":"ImageObject","inLanguage":"es","@id":"https:\/\/www.laguiadepamplona.com\/actualidad\/el-pabellon-de-mixtos-invita-a-la-interactividad-plastica-en-la-exposicion-de-arte-pictorico-africano-el-viaje-a-los-mundos-de-vrus-vision-revolucionaria-de-utilidad-social\/#primaryimage","url":"https:\/\/www.laguiadepamplona.com\/actualidad\/wp-content\/uploads\/2023\/11\/exposicion-africano.webp","contentUrl":"https:\/\/www.laguiadepamplona.com\/actualidad\/wp-content\/uploads\/2023\/11\/exposicion-africano.webp","width":1200,"height":541,"caption":"exposici\u00f3n africano"},{"@type":"BreadcrumbList","@id":"https:\/\/www.laguiadepamplona.com\/actualidad\/el-pabellon-de-mixtos-invita-a-la-interactividad-plastica-en-la-exposicion-de-arte-pictorico-africano-el-viaje-a-los-mundos-de-vrus-vision-revolucionaria-de-utilidad-social\/#breadcrumb","itemListElement":[{"@type":"ListItem","position":1,"name":"Portada","item":"https:\/\/www.laguiadepamplona.com\/actualidad\/"},{"@type":"ListItem","position":2,"name":"El Pabell\u00f3n de Mixtos invita a la interactividad pl\u00e1stica en la exposici\u00f3n de arte pict\u00f3rico africano \u2018El viaje a los mundos de VRUS (visi\u00f3n revolucionaria de utilidad social)\u2019"}]},{"@type":"WebSite","@id":"https:\/\/www.laguiadepamplona.com\/actualidad\/#website","url":"https:\/\/www.laguiadepamplona.com\/actualidad\/","name":"La gu\u00eda de Pamplona","description":"Noticias de Pamplona","publisher":{"@id":"https:\/\/www.laguiadepamplona.com\/actualidad\/#organization"},"potentialAction":[{"@type":"SearchAction","target":{"@type":"EntryPoint","urlTemplate":"https:\/\/www.laguiadepamplona.com\/actualidad\/?s={search_term_string}"},"query-input":{"@type":"PropertyValueSpecification","valueRequired":true,"valueName":"search_term_string"}}],"inLanguage":"es"},{"@type":"Organization","@id":"https:\/\/www.laguiadepamplona.com\/actualidad\/#organization","name":"La Gu\u00eda de Pamplona \/ Noticias","url":"https:\/\/www.laguiadepamplona.com\/actualidad\/","logo":{"@type":"ImageObject","inLanguage":"es","@id":"https:\/\/www.laguiadepamplona.com\/actualidad\/#\/schema\/logo\/image\/","url":"https:\/\/www.laguiadepamplona.com\/actualidad\/wp-content\/uploads\/2018\/11\/logo-laguiadepamplona18-web1.png","contentUrl":"https:\/\/www.laguiadepamplona.com\/actualidad\/wp-content\/uploads\/2018\/11\/logo-laguiadepamplona18-web1.png","width":600,"height":196,"caption":"La Gu\u00eda de Pamplona \/ Noticias"},"image":{"@id":"https:\/\/www.laguiadepamplona.com\/actualidad\/#\/schema\/logo\/image\/"},"sameAs":["https:\/\/www.facebook.com\/laguiadepamplonacom-133175176762273\/?ref=hl","https:\/\/x.com\/LaGuiadPamplona","https:\/\/www.instagram.com\/la_guia_de_pamplona\/","https:\/\/www.youtube.com\/user\/laguiadepamplona"]},{"@type":"Person","@id":"https:\/\/www.laguiadepamplona.com\/actualidad\/#\/schema\/person\/efe887376f0213d4657c93adc50b1fdb","name":"La Gu\u00eda de Pamplona","image":{"@type":"ImageObject","inLanguage":"es","@id":"https:\/\/secure.gravatar.com\/avatar\/b6992f131dc8d30ab0dff15446e9d346d9dbd95992de0fef795073f5ea83a81c?s=96&d=mm&r=g","url":"https:\/\/secure.gravatar.com\/avatar\/b6992f131dc8d30ab0dff15446e9d346d9dbd95992de0fef795073f5ea83a81c?s=96&d=mm&r=g","contentUrl":"https:\/\/secure.gravatar.com\/avatar\/b6992f131dc8d30ab0dff15446e9d346d9dbd95992de0fef795073f5ea83a81c?s=96&d=mm&r=g","caption":"La Gu\u00eda de Pamplona"}}]}},"post_mailing_queue_ids":[],"_links":{"self":[{"href":"https:\/\/www.laguiadepamplona.com\/actualidad\/wp-json\/wp\/v2\/posts\/47852","targetHints":{"allow":["GET"]}}],"collection":[{"href":"https:\/\/www.laguiadepamplona.com\/actualidad\/wp-json\/wp\/v2\/posts"}],"about":[{"href":"https:\/\/www.laguiadepamplona.com\/actualidad\/wp-json\/wp\/v2\/types\/post"}],"author":[{"embeddable":true,"href":"https:\/\/www.laguiadepamplona.com\/actualidad\/wp-json\/wp\/v2\/users\/1"}],"replies":[{"embeddable":true,"href":"https:\/\/www.laguiadepamplona.com\/actualidad\/wp-json\/wp\/v2\/comments?post=47852"}],"version-history":[{"count":1,"href":"https:\/\/www.laguiadepamplona.com\/actualidad\/wp-json\/wp\/v2\/posts\/47852\/revisions"}],"predecessor-version":[{"id":47854,"href":"https:\/\/www.laguiadepamplona.com\/actualidad\/wp-json\/wp\/v2\/posts\/47852\/revisions\/47854"}],"wp:featuredmedia":[{"embeddable":true,"href":"https:\/\/www.laguiadepamplona.com\/actualidad\/wp-json\/wp\/v2\/media\/47853"}],"wp:attachment":[{"href":"https:\/\/www.laguiadepamplona.com\/actualidad\/wp-json\/wp\/v2\/media?parent=47852"}],"wp:term":[{"taxonomy":"category","embeddable":true,"href":"https:\/\/www.laguiadepamplona.com\/actualidad\/wp-json\/wp\/v2\/categories?post=47852"},{"taxonomy":"post_tag","embeddable":true,"href":"https:\/\/www.laguiadepamplona.com\/actualidad\/wp-json\/wp\/v2\/tags?post=47852"}],"curies":[{"name":"wp","href":"https:\/\/api.w.org\/{rel}","templated":true}]}}