{"id":47843,"date":"2023-11-07T14:23:36","date_gmt":"2023-11-07T12:23:36","guid":{"rendered":"https:\/\/www.laguiadepamplona.com\/actualidad\/?p=47843"},"modified":"2023-11-07T14:23:36","modified_gmt":"2023-11-07T12:23:36","slug":"una-decena-de-visitas-guiadas-daran-a-conocer-los-avances-de-pamplona-para-lograr-los-objetivos-de-la-agenda-2030","status":"publish","type":"post","link":"https:\/\/www.laguiadepamplona.com\/actualidad\/una-decena-de-visitas-guiadas-daran-a-conocer-los-avances-de-pamplona-para-lograr-los-objetivos-de-la-agenda-2030\/","title":{"rendered":"Una decena de visitas guiadas dar\u00e1n a conocer los avances de Pamplona para lograr los objetivos de la Agenda 2030"},"content":{"rendered":"<h3>Organizadas de jueves a domingo, en castellano y euskera, las personas interesadas pueden inscribirse en el tel\u00e9fono de atenci\u00f3n ciudadana 010<\/h3>\n<p><!--more--><\/p>\n<p>Dar a conocer qu\u00e9 est\u00e1 haciendo la ciudad para alcanzar los objetivos de desarrollo sostenible de la Agenda Urbana Pamplona 2030 es el objetivo que persiguen la decena de visitas guiadas organizadas por el Ayuntamiento hasta fin de mes por algunos de los proyectos de los distintos barrios. As\u00ed, se visitar\u00e1n los jardines de agua, el parque fluvial, la apuesta de Pamplona por las energ\u00edas renovables, el control de la calidad del aire o la gesti\u00f3n de residuos. Las personas interesadas en participar en alguna de las visitas, que son gratuitas, pueden inscribirse en el tel\u00e9fono de atenci\u00f3n ciudadana 010 (948 420 100 si se llama desde tel\u00e9fono m\u00f3vil o desde fuera de Pamplona).<br \/>\n<script async src=\"\/\/pagead2.googlesyndication.com\/pagead\/js\/adsbygoogle.js\"><\/script><br \/>\n<!-- Noticias La Guia de Pamplona --><br \/>\n<ins class=\"adsbygoogle\"\nstyle=\"display:block\"\ndata-ad-client=\"ca-pub-6943679897239327\"\ndata-ad-slot=\"7048180777\"\ndata-ad-format=\"auto\"><\/ins><br \/>\n<script>\n(adsbygoogle = window.adsbygoogle || []).push({});\n<\/script><\/p>\n<p>Hasta la fecha se han realizado dos visitas, que tuvieron lugar este pasado fin de semana. No obstante, quedan por delante diez m\u00e1s, que se han programado de jueves a domingo hasta final de mes. Los horarios, el idioma, los recorridos y el modo de transporte son diversos. As\u00ed, se han organizado visitas a pie y en bici el\u00e9ctrica. Se han previsto salidas en horario de ma\u00f1ana y de tarde, y se ofrecer\u00e1n los contenidos en castellano y en euskera en funci\u00f3n de las distintas citas.<\/p>\n<p>La primera de ellas ser\u00e1 este jueves, de 12 a 13 horas, cuando se visiten los nuevos jardines de lluvia que se est\u00e1n construyendo en la calle Fuente del Hierro. Las personas asistentes podr\u00e1n conocer in situ qu\u00e9 es un jard\u00edn de lluvia y qu\u00e9 papel juega como elemento de drenaje y como uso racional del agua. \u00a0Se trata, en definitiva, de buscar una ciudad m\u00e1s sostenible, propiciando las zonas verdes de f\u00e1cil adaptaci\u00f3n al clima, con menores necesidades h\u00eddricas, y creando \u00e1reas de descanso a la sombra para la ciudadan\u00eda. El viernes ser\u00e1 el turno del parque fluvial del Arga. Desde el barrio de Rochapea, a partir de las 18 horas y durante hora y media, se podr\u00e1 recorrer a pie parte del paseo, aprendiendo, a la vez, sobre las actuaciones previstas en el entorno del r\u00edo para favorecer su evoluci\u00f3n natural evitando, en la medida de lo posible, los efectos de futuras avenidas.<br \/>\n<script async src=\"\/\/pagead2.googlesyndication.com\/pagead\/js\/adsbygoogle.js\"><\/script><br \/>\n<!-- Noticias La Guia de Pamplona --><br \/>\n<ins class=\"adsbygoogle\"\nstyle=\"display:block\"\ndata-ad-client=\"ca-pub-6943679897239327\"\ndata-ad-slot=\"7048180777\"\ndata-ad-format=\"auto\"><\/ins><br \/>\n<script>\n(adsbygoogle = window.adsbygoogle || []).push({});\n<\/script><\/p>\n<p><strong>Conocer la gesti\u00f3n de residuos y el ciclo del aire<\/strong><\/p>\n<p>El fin de semana se han programado dos visitas guiadas distintas, una el s\u00e1bado y otra el domingo. El s\u00e1bado se abordar\u00e1 el ciclo de los residuos urbanos, mediante un paseo explicativo por las galer\u00edas subterr\u00e1neas que recorren buena parte de la ciudad. En este caso, se visitar\u00e1n las nuevas galer\u00edas del barrio de Lezkairu. Desde all\u00ed, la ciudadan\u00eda podr\u00e1 ahondar en la gesti\u00f3n de la basura dom\u00e9stica, que desde los contenedores se traslada a la central de recogida neum\u00e1tica del barrio. La visita continuar\u00e1 despu\u00e9s en el Centro de Tratamiento de Residuos Urbanos de G\u00f3ngora, a donde se llegar\u00e1 en autob\u00fas, para visitar las plantas de separaci\u00f3n y el vertedero exterior, y comprender la importancia de minimizar la fracci\u00f3n resto y explicar el proyecto de gesti\u00f3n de residuos en colaboraci\u00f3n con la Mancomunidad de la Comarca de Pamplona. La visita, que comenzar\u00e1 a las 10 de la ma\u00f1ana, se prolongar\u00e1 hasta las 14 horas.<\/p>\n<p>Por su parte, el domingo se ofrece la posibilidad de conocer el ciclo del aire y los sistemas de medici\u00f3n del CO2 de que dispone el Ayuntamiento de Pamplona. Para ello, se acudir\u00e1 a la Plaza Felisa Mun\u00e1rriz de la Milagrosa, donde se explicar\u00e1 para qu\u00e9 sirve la cabina de medici\u00f3n de la huella de carbono situada en el barrio. Se informar\u00e1 sobre cu\u00e1l es el origen de las emisiones de CO2 y las medidas de an\u00e1lisis, reducci\u00f3n y compensaci\u00f3n que se llevan a cabo desde el Ayuntamiento. Despu\u00e9s, en autob\u00fas, las personas asistentes visitar\u00e1n uno de los dos bosques de absorci\u00f3n propiedad municipal (situados en Mendillorri y Orkoien), cuya funci\u00f3n es equilibrar la emisi\u00f3n de gases efecto invernadero y reducir la huella de carbono de la ciudad.<br \/>\n<script async src=\"\/\/pagead2.googlesyndication.com\/pagead\/js\/adsbygoogle.js\"><\/script><br \/>\n<!-- Noticias La Guia de Pamplona --><br \/>\n<ins class=\"adsbygoogle\"\nstyle=\"display:block\"\ndata-ad-client=\"ca-pub-6943679897239327\"\ndata-ad-slot=\"7048180777\"\ndata-ad-format=\"auto\"><\/ins><br \/>\n<script>\n(adsbygoogle = window.adsbygoogle || []).push({});\n<\/script><\/p>\n<p>La pr\u00f3xima semana las visitas previstas, desde el viernes al domingo, se realizar\u00e1n todas en euskera, y abordar\u00e1n, de nuevo, los jardines de agua (s\u00e1bado 18), y un recorrido a pie o en bici el\u00e9ctrica por algunos de los proyectos estrat\u00e9gicos previstos para lograr hacer de Pamplona una ciudad m\u00e1s sostenible. El paseo a pie, el viernes 17, ir\u00e1 desde el parking de Trinitarios hasta el colegio Cardenal Ilund\u00e1in y se detendr\u00e1 en media docena de proyectos que beneficiar\u00e1n a la ciudadan\u00eda. El paso en bici, el domingo 19, visitar\u00e1 los jardines de lluvia, el corredor fluvial y la instalaci\u00f3n fotovoltaica del aparcamiento disuasorio junto al colegio Cardenal Ilund\u00e1in.<\/p>\n<p>Dos de las tres \u00faltimas visitas, programadas para el jueves 23 y el s\u00e1bado 25, repetir\u00e1n contenido, permitiendo que aquellas personas que no tuvieron oportunidad de realizarlas antes puedan conocer el ciclo del CO2 y realizar un paso en bici por los proyectos de la Agenda 2030, respectivamente. El viernes 24, por su parte, se ofrecer\u00e1 un recorrido por los proyectos de regeneraci\u00f3n energ\u00e9tica del barrio de Rochapea. Las personas interesadas conocer\u00e1n el papel de la oficina de informaci\u00f3n energ\u00e9tica y visitar\u00e1n el proyecto de reforma del Grupo San Pedro, donde se est\u00e1n realizando intervenciones de rehabilitaci\u00f3n energ\u00e9tica y de accesibilidad.<\/p>\n<p>&nbsp;<\/p>\n<p><script async src=\"\/\/pagead2.googlesyndication.com\/pagead\/js\/adsbygoogle.js\"><\/script><br \/>\n<!-- Noticias La Guia de Pamplona --><br \/>\n<ins class=\"adsbygoogle\"\nstyle=\"display:block\"\ndata-ad-client=\"ca-pub-6943679897239327\"\ndata-ad-slot=\"7048180777\"\ndata-ad-format=\"auto\"><\/ins><br \/>\n<script>\n(adsbygoogle = window.adsbygoogle || []).push({});\n<\/script><\/p>\n<h3>Visitas Guiadas<\/h3>\n<ul>\n<li><strong>Visitas<\/strong>\n<ul>\n<li>Jueves 9. <strong>Jardines de Lluvia<\/strong>. De 12 a 13 horas. En castellano<\/li>\n<li>Viernes 10. <strong>Corredor fluvial<\/strong> (Aranzadi). De 18 a 19:30 horas. En castellano<\/li>\n<li>S\u00e1bado 11. <strong>Ciclo de residuos urbanos<\/strong>. De 10 a 14 horas. En castellano<\/li>\n<li>Domingo 12. <strong>Ciclo del CO2<\/strong>. De 11 a 14 horas. En castellano<\/li>\n<li>Viernes 17. <strong>A pie por la Agenda 2030<\/strong>. De 17 a 19 horas. En euskera<\/li>\n<li>S\u00e1bado 18. <strong>Jardines de lluvia<\/strong>. De 12 a 13 horas. En euskera<\/li>\n<li>Domingo 19. <strong>En bici por la Agenda 2030<\/strong>. De 11 a 14 horas. En euskera<\/li>\n<li>Jueves 23. <strong>Ciclo del CO2<\/strong>. De 11 a 14 horas. En castellano<\/li>\n<li>Viernes 24. <strong>Regeneraci\u00f3n energ\u00e9tica de los barrios<\/strong>. De 17 a 18:30 horas. En castellano<\/li>\n<li>S\u00e1bado 25. <strong>En bici por la Agenda 2030<\/strong>. De 11 a 14 horas. En castellano<\/li>\n<\/ul>\n<\/li>\n<li>Reservas en el tel\u00e9fono de Atenci\u00f3n Ciudadana 010<\/li>\n<li>M\u00e1s informaci\u00f3n en la <a href=\"https:\/\/www.pamplona2030.es\/\" target=\"_blank\" rel=\"noopener\">web Pamplona 2030<\/a><\/li>\n<\/ul>\n","protected":false},"excerpt":{"rendered":"<p>Organizadas de jueves a domingo, en castellano y euskera, las personas interesadas pueden inscribirse en el tel\u00e9fono de atenci\u00f3n ciudadana 010<\/p>\n","protected":false},"author":1,"featured_media":47844,"comment_status":"open","ping_status":"closed","sticky":false,"template":"","format":"standard","meta":{"footnotes":""},"categories":[2],"tags":[],"class_list":["post-47843","post","type-post","status-publish","format-standard","has-post-thumbnail","hentry","category-ayuntamiento-pamplona"],"yoast_head":"<!-- This site is optimized with the Yoast SEO plugin v27.3 - https:\/\/yoast.com\/product\/yoast-seo-wordpress\/ -->\n<title>Una decena de visitas guiadas dar\u00e1n a conocer los avances de Pamplona para lograr los objetivos de la Agenda 2030<\/title>\n<meta name=\"description\" content=\"Organizadas de jueves a domingo, en castellano y euskera, las personas interesadas pueden inscribirse en el tel\u00e9fono de atenci\u00f3n ciudadana 010\" \/>\n<meta name=\"robots\" content=\"index, follow, max-snippet:-1, max-image-preview:large, max-video-preview:-1\" \/>\n<link rel=\"canonical\" href=\"https:\/\/www.laguiadepamplona.com\/actualidad\/una-decena-de-visitas-guiadas-daran-a-conocer-los-avances-de-pamplona-para-lograr-los-objetivos-de-la-agenda-2030\/\" \/>\n<meta property=\"og:locale\" content=\"es_ES\" \/>\n<meta property=\"og:type\" content=\"article\" \/>\n<meta property=\"og:title\" content=\"Una decena de visitas guiadas dar\u00e1n a conocer los avances de Pamplona para lograr los objetivos de la Agenda 2030\" \/>\n<meta property=\"og:description\" content=\"Organizadas de jueves a domingo, en castellano y euskera, las personas interesadas pueden inscribirse en el tel\u00e9fono de atenci\u00f3n ciudadana 010\" \/>\n<meta property=\"og:url\" content=\"https:\/\/www.laguiadepamplona.com\/actualidad\/una-decena-de-visitas-guiadas-daran-a-conocer-los-avances-de-pamplona-para-lograr-los-objetivos-de-la-agenda-2030\/\" \/>\n<meta property=\"og:site_name\" content=\"La Gu\u00eda de Pamplona\" \/>\n<meta property=\"article:publisher\" content=\"https:\/\/www.facebook.com\/laguiadepamplonacom-133175176762273\/?ref=hl\" \/>\n<meta property=\"article:published_time\" content=\"2023-11-07T12:23:36+00:00\" \/>\n<meta property=\"og:image\" content=\"https:\/\/www.laguiadepamplona.com\/actualidad\/wp-content\/uploads\/2023\/11\/agenda-2030.webp\" \/>\n\t<meta property=\"og:image:width\" content=\"387\" \/>\n\t<meta property=\"og:image:height\" content=\"432\" \/>\n\t<meta property=\"og:image:type\" content=\"image\/webp\" \/>\n<meta name=\"author\" content=\"La Gu\u00eda de Pamplona\" \/>\n<meta name=\"twitter:card\" content=\"summary_large_image\" \/>\n<meta name=\"twitter:creator\" content=\"@LaGuiadPamplona\" \/>\n<meta name=\"twitter:site\" content=\"@LaGuiadPamplona\" \/>\n<meta name=\"twitter:label1\" content=\"Escrito por\" \/>\n\t<meta name=\"twitter:data1\" content=\"La Gu\u00eda de Pamplona\" \/>\n\t<meta name=\"twitter:label2\" content=\"Tiempo de lectura\" \/>\n\t<meta name=\"twitter:data2\" content=\"5 minutos\" \/>\n<script type=\"application\/ld+json\" class=\"yoast-schema-graph\">{\"@context\":\"https:\\\/\\\/schema.org\",\"@graph\":[{\"@type\":\"Article\",\"@id\":\"https:\\\/\\\/www.laguiadepamplona.com\\\/actualidad\\\/una-decena-de-visitas-guiadas-daran-a-conocer-los-avances-de-pamplona-para-lograr-los-objetivos-de-la-agenda-2030\\\/#article\",\"isPartOf\":{\"@id\":\"https:\\\/\\\/www.laguiadepamplona.com\\\/actualidad\\\/una-decena-de-visitas-guiadas-daran-a-conocer-los-avances-de-pamplona-para-lograr-los-objetivos-de-la-agenda-2030\\\/\"},\"author\":{\"name\":\"La Gu\u00eda de Pamplona\",\"@id\":\"https:\\\/\\\/www.laguiadepamplona.com\\\/actualidad\\\/#\\\/schema\\\/person\\\/efe887376f0213d4657c93adc50b1fdb\"},\"headline\":\"Una decena de visitas guiadas dar\u00e1n a conocer los avances de Pamplona para lograr los objetivos de la Agenda 2030\",\"datePublished\":\"2023-11-07T12:23:36+00:00\",\"mainEntityOfPage\":{\"@id\":\"https:\\\/\\\/www.laguiadepamplona.com\\\/actualidad\\\/una-decena-de-visitas-guiadas-daran-a-conocer-los-avances-de-pamplona-para-lograr-los-objetivos-de-la-agenda-2030\\\/\"},\"wordCount\":1085,\"commentCount\":0,\"publisher\":{\"@id\":\"https:\\\/\\\/www.laguiadepamplona.com\\\/actualidad\\\/#organization\"},\"image\":{\"@id\":\"https:\\\/\\\/www.laguiadepamplona.com\\\/actualidad\\\/una-decena-de-visitas-guiadas-daran-a-conocer-los-avances-de-pamplona-para-lograr-los-objetivos-de-la-agenda-2030\\\/#primaryimage\"},\"thumbnailUrl\":\"https:\\\/\\\/www.laguiadepamplona.com\\\/actualidad\\\/wp-content\\\/uploads\\\/2023\\\/11\\\/agenda-2030.webp\",\"articleSection\":[\"Ayto Pamplona\"],\"inLanguage\":\"es\",\"potentialAction\":[{\"@type\":\"CommentAction\",\"name\":\"Comment\",\"target\":[\"https:\\\/\\\/www.laguiadepamplona.com\\\/actualidad\\\/una-decena-de-visitas-guiadas-daran-a-conocer-los-avances-de-pamplona-para-lograr-los-objetivos-de-la-agenda-2030\\\/#respond\"]}]},{\"@type\":\"WebPage\",\"@id\":\"https:\\\/\\\/www.laguiadepamplona.com\\\/actualidad\\\/una-decena-de-visitas-guiadas-daran-a-conocer-los-avances-de-pamplona-para-lograr-los-objetivos-de-la-agenda-2030\\\/\",\"url\":\"https:\\\/\\\/www.laguiadepamplona.com\\\/actualidad\\\/una-decena-de-visitas-guiadas-daran-a-conocer-los-avances-de-pamplona-para-lograr-los-objetivos-de-la-agenda-2030\\\/\",\"name\":\"Una decena de visitas guiadas dar\u00e1n a conocer los avances de Pamplona para lograr los objetivos de la Agenda 2030\",\"isPartOf\":{\"@id\":\"https:\\\/\\\/www.laguiadepamplona.com\\\/actualidad\\\/#website\"},\"primaryImageOfPage\":{\"@id\":\"https:\\\/\\\/www.laguiadepamplona.com\\\/actualidad\\\/una-decena-de-visitas-guiadas-daran-a-conocer-los-avances-de-pamplona-para-lograr-los-objetivos-de-la-agenda-2030\\\/#primaryimage\"},\"image\":{\"@id\":\"https:\\\/\\\/www.laguiadepamplona.com\\\/actualidad\\\/una-decena-de-visitas-guiadas-daran-a-conocer-los-avances-de-pamplona-para-lograr-los-objetivos-de-la-agenda-2030\\\/#primaryimage\"},\"thumbnailUrl\":\"https:\\\/\\\/www.laguiadepamplona.com\\\/actualidad\\\/wp-content\\\/uploads\\\/2023\\\/11\\\/agenda-2030.webp\",\"datePublished\":\"2023-11-07T12:23:36+00:00\",\"description\":\"Organizadas de jueves a domingo, en castellano y euskera, las personas interesadas pueden inscribirse en el tel\u00e9fono de atenci\u00f3n ciudadana 010\",\"breadcrumb\":{\"@id\":\"https:\\\/\\\/www.laguiadepamplona.com\\\/actualidad\\\/una-decena-de-visitas-guiadas-daran-a-conocer-los-avances-de-pamplona-para-lograr-los-objetivos-de-la-agenda-2030\\\/#breadcrumb\"},\"inLanguage\":\"es\",\"potentialAction\":[{\"@type\":\"ReadAction\",\"target\":[\"https:\\\/\\\/www.laguiadepamplona.com\\\/actualidad\\\/una-decena-de-visitas-guiadas-daran-a-conocer-los-avances-de-pamplona-para-lograr-los-objetivos-de-la-agenda-2030\\\/\"]}]},{\"@type\":\"ImageObject\",\"inLanguage\":\"es\",\"@id\":\"https:\\\/\\\/www.laguiadepamplona.com\\\/actualidad\\\/una-decena-de-visitas-guiadas-daran-a-conocer-los-avances-de-pamplona-para-lograr-los-objetivos-de-la-agenda-2030\\\/#primaryimage\",\"url\":\"https:\\\/\\\/www.laguiadepamplona.com\\\/actualidad\\\/wp-content\\\/uploads\\\/2023\\\/11\\\/agenda-2030.webp\",\"contentUrl\":\"https:\\\/\\\/www.laguiadepamplona.com\\\/actualidad\\\/wp-content\\\/uploads\\\/2023\\\/11\\\/agenda-2030.webp\",\"width\":387,\"height\":432,\"caption\":\"agenda\"},{\"@type\":\"BreadcrumbList\",\"@id\":\"https:\\\/\\\/www.laguiadepamplona.com\\\/actualidad\\\/una-decena-de-visitas-guiadas-daran-a-conocer-los-avances-de-pamplona-para-lograr-los-objetivos-de-la-agenda-2030\\\/#breadcrumb\",\"itemListElement\":[{\"@type\":\"ListItem\",\"position\":1,\"name\":\"Portada\",\"item\":\"https:\\\/\\\/www.laguiadepamplona.com\\\/actualidad\\\/\"},{\"@type\":\"ListItem\",\"position\":2,\"name\":\"Una decena de visitas guiadas dar\u00e1n a conocer los avances de Pamplona para lograr los objetivos de la Agenda 2030\"}]},{\"@type\":\"WebSite\",\"@id\":\"https:\\\/\\\/www.laguiadepamplona.com\\\/actualidad\\\/#website\",\"url\":\"https:\\\/\\\/www.laguiadepamplona.com\\\/actualidad\\\/\",\"name\":\"La gu\u00eda de Pamplona\",\"description\":\"Noticias de Pamplona\",\"publisher\":{\"@id\":\"https:\\\/\\\/www.laguiadepamplona.com\\\/actualidad\\\/#organization\"},\"potentialAction\":[{\"@type\":\"SearchAction\",\"target\":{\"@type\":\"EntryPoint\",\"urlTemplate\":\"https:\\\/\\\/www.laguiadepamplona.com\\\/actualidad\\\/?s={search_term_string}\"},\"query-input\":{\"@type\":\"PropertyValueSpecification\",\"valueRequired\":true,\"valueName\":\"search_term_string\"}}],\"inLanguage\":\"es\"},{\"@type\":\"Organization\",\"@id\":\"https:\\\/\\\/www.laguiadepamplona.com\\\/actualidad\\\/#organization\",\"name\":\"La Gu\u00eda de Pamplona \\\/ Noticias\",\"url\":\"https:\\\/\\\/www.laguiadepamplona.com\\\/actualidad\\\/\",\"logo\":{\"@type\":\"ImageObject\",\"inLanguage\":\"es\",\"@id\":\"https:\\\/\\\/www.laguiadepamplona.com\\\/actualidad\\\/#\\\/schema\\\/logo\\\/image\\\/\",\"url\":\"https:\\\/\\\/www.laguiadepamplona.com\\\/actualidad\\\/wp-content\\\/uploads\\\/2018\\\/11\\\/logo-laguiadepamplona18-web1.png\",\"contentUrl\":\"https:\\\/\\\/www.laguiadepamplona.com\\\/actualidad\\\/wp-content\\\/uploads\\\/2018\\\/11\\\/logo-laguiadepamplona18-web1.png\",\"width\":600,\"height\":196,\"caption\":\"La Gu\u00eda de Pamplona \\\/ Noticias\"},\"image\":{\"@id\":\"https:\\\/\\\/www.laguiadepamplona.com\\\/actualidad\\\/#\\\/schema\\\/logo\\\/image\\\/\"},\"sameAs\":[\"https:\\\/\\\/www.facebook.com\\\/laguiadepamplonacom-133175176762273\\\/?ref=hl\",\"https:\\\/\\\/x.com\\\/LaGuiadPamplona\",\"https:\\\/\\\/www.instagram.com\\\/la_guia_de_pamplona\\\/\",\"https:\\\/\\\/www.youtube.com\\\/user\\\/laguiadepamplona\"]},{\"@type\":\"Person\",\"@id\":\"https:\\\/\\\/www.laguiadepamplona.com\\\/actualidad\\\/#\\\/schema\\\/person\\\/efe887376f0213d4657c93adc50b1fdb\",\"name\":\"La Gu\u00eda de Pamplona\",\"image\":{\"@type\":\"ImageObject\",\"inLanguage\":\"es\",\"@id\":\"https:\\\/\\\/secure.gravatar.com\\\/avatar\\\/b6992f131dc8d30ab0dff15446e9d346d9dbd95992de0fef795073f5ea83a81c?s=96&d=mm&r=g\",\"url\":\"https:\\\/\\\/secure.gravatar.com\\\/avatar\\\/b6992f131dc8d30ab0dff15446e9d346d9dbd95992de0fef795073f5ea83a81c?s=96&d=mm&r=g\",\"contentUrl\":\"https:\\\/\\\/secure.gravatar.com\\\/avatar\\\/b6992f131dc8d30ab0dff15446e9d346d9dbd95992de0fef795073f5ea83a81c?s=96&d=mm&r=g\",\"caption\":\"La Gu\u00eda de Pamplona\"}}]}<\/script>\n<!-- \/ Yoast SEO plugin. -->","yoast_head_json":{"title":"Una decena de visitas guiadas dar\u00e1n a conocer los avances de Pamplona para lograr los objetivos de la Agenda 2030","description":"Organizadas de jueves a domingo, en castellano y euskera, las personas interesadas pueden inscribirse en el tel\u00e9fono de atenci\u00f3n ciudadana 010","robots":{"index":"index","follow":"follow","max-snippet":"max-snippet:-1","max-image-preview":"max-image-preview:large","max-video-preview":"max-video-preview:-1"},"canonical":"https:\/\/www.laguiadepamplona.com\/actualidad\/una-decena-de-visitas-guiadas-daran-a-conocer-los-avances-de-pamplona-para-lograr-los-objetivos-de-la-agenda-2030\/","og_locale":"es_ES","og_type":"article","og_title":"Una decena de visitas guiadas dar\u00e1n a conocer los avances de Pamplona para lograr los objetivos de la Agenda 2030","og_description":"Organizadas de jueves a domingo, en castellano y euskera, las personas interesadas pueden inscribirse en el tel\u00e9fono de atenci\u00f3n ciudadana 010","og_url":"https:\/\/www.laguiadepamplona.com\/actualidad\/una-decena-de-visitas-guiadas-daran-a-conocer-los-avances-de-pamplona-para-lograr-los-objetivos-de-la-agenda-2030\/","og_site_name":"La Gu\u00eda de Pamplona","article_publisher":"https:\/\/www.facebook.com\/laguiadepamplonacom-133175176762273\/?ref=hl","article_published_time":"2023-11-07T12:23:36+00:00","og_image":[{"width":387,"height":432,"url":"https:\/\/www.laguiadepamplona.com\/actualidad\/wp-content\/uploads\/2023\/11\/agenda-2030.webp","type":"image\/webp"}],"author":"La Gu\u00eda de Pamplona","twitter_card":"summary_large_image","twitter_creator":"@LaGuiadPamplona","twitter_site":"@LaGuiadPamplona","twitter_misc":{"Escrito por":"La Gu\u00eda de Pamplona","Tiempo de lectura":"5 minutos"},"schema":{"@context":"https:\/\/schema.org","@graph":[{"@type":"Article","@id":"https:\/\/www.laguiadepamplona.com\/actualidad\/una-decena-de-visitas-guiadas-daran-a-conocer-los-avances-de-pamplona-para-lograr-los-objetivos-de-la-agenda-2030\/#article","isPartOf":{"@id":"https:\/\/www.laguiadepamplona.com\/actualidad\/una-decena-de-visitas-guiadas-daran-a-conocer-los-avances-de-pamplona-para-lograr-los-objetivos-de-la-agenda-2030\/"},"author":{"name":"La Gu\u00eda de Pamplona","@id":"https:\/\/www.laguiadepamplona.com\/actualidad\/#\/schema\/person\/efe887376f0213d4657c93adc50b1fdb"},"headline":"Una decena de visitas guiadas dar\u00e1n a conocer los avances de Pamplona para lograr los objetivos de la Agenda 2030","datePublished":"2023-11-07T12:23:36+00:00","mainEntityOfPage":{"@id":"https:\/\/www.laguiadepamplona.com\/actualidad\/una-decena-de-visitas-guiadas-daran-a-conocer-los-avances-de-pamplona-para-lograr-los-objetivos-de-la-agenda-2030\/"},"wordCount":1085,"commentCount":0,"publisher":{"@id":"https:\/\/www.laguiadepamplona.com\/actualidad\/#organization"},"image":{"@id":"https:\/\/www.laguiadepamplona.com\/actualidad\/una-decena-de-visitas-guiadas-daran-a-conocer-los-avances-de-pamplona-para-lograr-los-objetivos-de-la-agenda-2030\/#primaryimage"},"thumbnailUrl":"https:\/\/www.laguiadepamplona.com\/actualidad\/wp-content\/uploads\/2023\/11\/agenda-2030.webp","articleSection":["Ayto Pamplona"],"inLanguage":"es","potentialAction":[{"@type":"CommentAction","name":"Comment","target":["https:\/\/www.laguiadepamplona.com\/actualidad\/una-decena-de-visitas-guiadas-daran-a-conocer-los-avances-de-pamplona-para-lograr-los-objetivos-de-la-agenda-2030\/#respond"]}]},{"@type":"WebPage","@id":"https:\/\/www.laguiadepamplona.com\/actualidad\/una-decena-de-visitas-guiadas-daran-a-conocer-los-avances-de-pamplona-para-lograr-los-objetivos-de-la-agenda-2030\/","url":"https:\/\/www.laguiadepamplona.com\/actualidad\/una-decena-de-visitas-guiadas-daran-a-conocer-los-avances-de-pamplona-para-lograr-los-objetivos-de-la-agenda-2030\/","name":"Una decena de visitas guiadas dar\u00e1n a conocer los avances de Pamplona para lograr los objetivos de la Agenda 2030","isPartOf":{"@id":"https:\/\/www.laguiadepamplona.com\/actualidad\/#website"},"primaryImageOfPage":{"@id":"https:\/\/www.laguiadepamplona.com\/actualidad\/una-decena-de-visitas-guiadas-daran-a-conocer-los-avances-de-pamplona-para-lograr-los-objetivos-de-la-agenda-2030\/#primaryimage"},"image":{"@id":"https:\/\/www.laguiadepamplona.com\/actualidad\/una-decena-de-visitas-guiadas-daran-a-conocer-los-avances-de-pamplona-para-lograr-los-objetivos-de-la-agenda-2030\/#primaryimage"},"thumbnailUrl":"https:\/\/www.laguiadepamplona.com\/actualidad\/wp-content\/uploads\/2023\/11\/agenda-2030.webp","datePublished":"2023-11-07T12:23:36+00:00","description":"Organizadas de jueves a domingo, en castellano y euskera, las personas interesadas pueden inscribirse en el tel\u00e9fono de atenci\u00f3n ciudadana 010","breadcrumb":{"@id":"https:\/\/www.laguiadepamplona.com\/actualidad\/una-decena-de-visitas-guiadas-daran-a-conocer-los-avances-de-pamplona-para-lograr-los-objetivos-de-la-agenda-2030\/#breadcrumb"},"inLanguage":"es","potentialAction":[{"@type":"ReadAction","target":["https:\/\/www.laguiadepamplona.com\/actualidad\/una-decena-de-visitas-guiadas-daran-a-conocer-los-avances-de-pamplona-para-lograr-los-objetivos-de-la-agenda-2030\/"]}]},{"@type":"ImageObject","inLanguage":"es","@id":"https:\/\/www.laguiadepamplona.com\/actualidad\/una-decena-de-visitas-guiadas-daran-a-conocer-los-avances-de-pamplona-para-lograr-los-objetivos-de-la-agenda-2030\/#primaryimage","url":"https:\/\/www.laguiadepamplona.com\/actualidad\/wp-content\/uploads\/2023\/11\/agenda-2030.webp","contentUrl":"https:\/\/www.laguiadepamplona.com\/actualidad\/wp-content\/uploads\/2023\/11\/agenda-2030.webp","width":387,"height":432,"caption":"agenda"},{"@type":"BreadcrumbList","@id":"https:\/\/www.laguiadepamplona.com\/actualidad\/una-decena-de-visitas-guiadas-daran-a-conocer-los-avances-de-pamplona-para-lograr-los-objetivos-de-la-agenda-2030\/#breadcrumb","itemListElement":[{"@type":"ListItem","position":1,"name":"Portada","item":"https:\/\/www.laguiadepamplona.com\/actualidad\/"},{"@type":"ListItem","position":2,"name":"Una decena de visitas guiadas dar\u00e1n a conocer los avances de Pamplona para lograr los objetivos de la Agenda 2030"}]},{"@type":"WebSite","@id":"https:\/\/www.laguiadepamplona.com\/actualidad\/#website","url":"https:\/\/www.laguiadepamplona.com\/actualidad\/","name":"La gu\u00eda de Pamplona","description":"Noticias de Pamplona","publisher":{"@id":"https:\/\/www.laguiadepamplona.com\/actualidad\/#organization"},"potentialAction":[{"@type":"SearchAction","target":{"@type":"EntryPoint","urlTemplate":"https:\/\/www.laguiadepamplona.com\/actualidad\/?s={search_term_string}"},"query-input":{"@type":"PropertyValueSpecification","valueRequired":true,"valueName":"search_term_string"}}],"inLanguage":"es"},{"@type":"Organization","@id":"https:\/\/www.laguiadepamplona.com\/actualidad\/#organization","name":"La Gu\u00eda de Pamplona \/ Noticias","url":"https:\/\/www.laguiadepamplona.com\/actualidad\/","logo":{"@type":"ImageObject","inLanguage":"es","@id":"https:\/\/www.laguiadepamplona.com\/actualidad\/#\/schema\/logo\/image\/","url":"https:\/\/www.laguiadepamplona.com\/actualidad\/wp-content\/uploads\/2018\/11\/logo-laguiadepamplona18-web1.png","contentUrl":"https:\/\/www.laguiadepamplona.com\/actualidad\/wp-content\/uploads\/2018\/11\/logo-laguiadepamplona18-web1.png","width":600,"height":196,"caption":"La Gu\u00eda de Pamplona \/ Noticias"},"image":{"@id":"https:\/\/www.laguiadepamplona.com\/actualidad\/#\/schema\/logo\/image\/"},"sameAs":["https:\/\/www.facebook.com\/laguiadepamplonacom-133175176762273\/?ref=hl","https:\/\/x.com\/LaGuiadPamplona","https:\/\/www.instagram.com\/la_guia_de_pamplona\/","https:\/\/www.youtube.com\/user\/laguiadepamplona"]},{"@type":"Person","@id":"https:\/\/www.laguiadepamplona.com\/actualidad\/#\/schema\/person\/efe887376f0213d4657c93adc50b1fdb","name":"La Gu\u00eda de Pamplona","image":{"@type":"ImageObject","inLanguage":"es","@id":"https:\/\/secure.gravatar.com\/avatar\/b6992f131dc8d30ab0dff15446e9d346d9dbd95992de0fef795073f5ea83a81c?s=96&d=mm&r=g","url":"https:\/\/secure.gravatar.com\/avatar\/b6992f131dc8d30ab0dff15446e9d346d9dbd95992de0fef795073f5ea83a81c?s=96&d=mm&r=g","contentUrl":"https:\/\/secure.gravatar.com\/avatar\/b6992f131dc8d30ab0dff15446e9d346d9dbd95992de0fef795073f5ea83a81c?s=96&d=mm&r=g","caption":"La Gu\u00eda de Pamplona"}}]}},"post_mailing_queue_ids":[],"_links":{"self":[{"href":"https:\/\/www.laguiadepamplona.com\/actualidad\/wp-json\/wp\/v2\/posts\/47843","targetHints":{"allow":["GET"]}}],"collection":[{"href":"https:\/\/www.laguiadepamplona.com\/actualidad\/wp-json\/wp\/v2\/posts"}],"about":[{"href":"https:\/\/www.laguiadepamplona.com\/actualidad\/wp-json\/wp\/v2\/types\/post"}],"author":[{"embeddable":true,"href":"https:\/\/www.laguiadepamplona.com\/actualidad\/wp-json\/wp\/v2\/users\/1"}],"replies":[{"embeddable":true,"href":"https:\/\/www.laguiadepamplona.com\/actualidad\/wp-json\/wp\/v2\/comments?post=47843"}],"version-history":[{"count":1,"href":"https:\/\/www.laguiadepamplona.com\/actualidad\/wp-json\/wp\/v2\/posts\/47843\/revisions"}],"predecessor-version":[{"id":47845,"href":"https:\/\/www.laguiadepamplona.com\/actualidad\/wp-json\/wp\/v2\/posts\/47843\/revisions\/47845"}],"wp:featuredmedia":[{"embeddable":true,"href":"https:\/\/www.laguiadepamplona.com\/actualidad\/wp-json\/wp\/v2\/media\/47844"}],"wp:attachment":[{"href":"https:\/\/www.laguiadepamplona.com\/actualidad\/wp-json\/wp\/v2\/media?parent=47843"}],"wp:term":[{"taxonomy":"category","embeddable":true,"href":"https:\/\/www.laguiadepamplona.com\/actualidad\/wp-json\/wp\/v2\/categories?post=47843"},{"taxonomy":"post_tag","embeddable":true,"href":"https:\/\/www.laguiadepamplona.com\/actualidad\/wp-json\/wp\/v2\/tags?post=47843"}],"curies":[{"name":"wp","href":"https:\/\/api.w.org\/{rel}","templated":true}]}}