{"id":47837,"date":"2023-11-07T14:19:09","date_gmt":"2023-11-07T12:19:09","guid":{"rendered":"https:\/\/www.laguiadepamplona.com\/actualidad\/?p=47837"},"modified":"2023-11-07T14:19:09","modified_gmt":"2023-11-07T12:19:09","slug":"aprobada-la-segunda-prorroga-del-contrato-del-servicio-de-videonoticias-que-informa-a-diario-de-forma-audiovisual-de-la-actualidad-del-ayuntamiento-de-pamplona","status":"publish","type":"post","link":"https:\/\/www.laguiadepamplona.com\/actualidad\/aprobada-la-segunda-prorroga-del-contrato-del-servicio-de-videonoticias-que-informa-a-diario-de-forma-audiovisual-de-la-actualidad-del-ayuntamiento-de-pamplona\/","title":{"rendered":"Aprobada la segunda pr\u00f3rroga del contrato del servicio de videonoticias que informa a diario, de forma audiovisual, de la actualidad del Ayuntamiento de Pamplona"},"content":{"rendered":"<h3>El contrato abarca desde el 15 de noviembre de 2023 al 14 de noviembre de 2024 e incluye la producci\u00f3n de 250 v\u00eddeos, rotulados en castellano y en euskera<\/h3>\n<p><!--more--><\/p>\n<p>La Junta de Gobierno Local del Ayuntamiento de Pamplona ha aprobado la segunda pr\u00f3rroga del contrato del servicio de videonoticias para informar sobre la actualidad municipal. El servicio consiste en la realizaci\u00f3n de v\u00eddeos informativos sobre proyectos y actuaciones que refuerzan la comunicaci\u00f3n realizada desde el Consistorio. La segunda pr\u00f3rroga anual reci\u00e9n aprobada incluye el periodo comprendido entre el 15 de noviembre de 2023 y el 14 de noviembre de 2024.<br \/>\n<script async src=\"\/\/pagead2.googlesyndication.com\/pagead\/js\/adsbygoogle.js\"><\/script><br \/>\n<!-- Noticias La Guia de Pamplona --><br \/>\n<ins class=\"adsbygoogle\"\nstyle=\"display:block\"\ndata-ad-client=\"ca-pub-6943679897239327\"\ndata-ad-slot=\"7048180777\"\ndata-ad-format=\"auto\"><\/ins><br \/>\n<script>\n(adsbygoogle = window.adsbygoogle || []).push({});\n<\/script><\/p>\n<p>El contrato est\u00e1 adjudicado a Javier No\u00e1in Sanz e Ignacio Mart\u00ednez Mart\u00ednez, en participaci\u00f3n conjunta (al 88% y el 12%, respectivamente), con un presupuesto de 52.937,5 euros. Esta cantidad se reparte en 6.617,19 euros para el a\u00f1o 2023 y 46.320,31 euros en 2024. El importe se destina a producir 250 v\u00eddeos, que se emiten de forma habitual de lunes a viernes durante todo el a\u00f1o. Estos v\u00eddeos, de un minuto de duraci\u00f3n, se emiten con rotulaci\u00f3n en castellano y euskera, facilitada desde el Servicio de Comunicaci\u00f3n municipal.<\/p>\n<p>Los contenidos, que incluyen al menos la declaraci\u00f3n de una persona relevante en la informaci\u00f3n presentada, refuerzan la comunicaci\u00f3n municipal en un formato en l\u00ednea con los h\u00e1bitos de consumo de noticias de la ciudadan\u00eda. Esta apuesta por nuevas formas de comunicar ha demostrado su eficacia aumentando la interactividad en redes sociales y p\u00e1gina web. Adem\u00e1s, facilitan a medios de comunicaci\u00f3n audiovisuales y digitales ilustrar sus informaciones sobre la actualidad municipal.<br \/>\n<script async src=\"\/\/pagead2.googlesyndication.com\/pagead\/js\/adsbygoogle.js\"><\/script><br \/>\n<!-- Noticias La Guia de Pamplona --><br \/>\n<ins class=\"adsbygoogle\"\nstyle=\"display:block\"\ndata-ad-client=\"ca-pub-6943679897239327\"\ndata-ad-slot=\"7048180777\"\ndata-ad-format=\"auto\"><\/ins><br \/>\n<script>\n(adsbygoogle = window.adsbygoogle || []).push({});\n<\/script><\/p>\n<p>Los v\u00eddeos transmiten de forma m\u00e1s directa a la ciudadan\u00eda los trabajos que realizan las distintas \u00e1reas y servicios municipales, y dejan constancia audiovisual de los eventos y proyectos que se realizan. Es un material informativo que contribuye a la transparencia de la acci\u00f3n municipal y provee fondos audiovisuales para el Archivo Municipal de Pamplona, que recopila y clasifica contenidos que reflejan la historia de la ciudad.<\/p>\n","protected":false},"excerpt":{"rendered":"<p>El contrato abarca desde el 15 de noviembre de 2023 al 14 de noviembre de 2024 e incluye la producci\u00f3n de 250 v\u00eddeos, rotulados en castellano y en euskera<\/p>\n","protected":false},"author":1,"featured_media":47838,"comment_status":"open","ping_status":"closed","sticky":false,"template":"","format":"standard","meta":{"footnotes":""},"categories":[2],"tags":[],"class_list":["post-47837","post","type-post","status-publish","format-standard","has-post-thumbnail","hentry","category-ayuntamiento-pamplona"],"yoast_head":"<!-- This site is optimized with the Yoast SEO plugin v27.3 - https:\/\/yoast.com\/product\/yoast-seo-wordpress\/ -->\n<title>Aprobada la segunda pr\u00f3rroga del contrato del servicio de videonoticias que informa a diario, de forma audiovisual, de la actualidad del Ayuntamiento de Pamplona<\/title>\n<meta name=\"description\" content=\"El contrato abarca desde el 15 de noviembre de 2023 al 14 de noviembre de 2024 e incluye la producci\u00f3n de 250 v\u00eddeos, rotulados en castellano y en euskera\" \/>\n<meta name=\"robots\" content=\"index, follow, max-snippet:-1, max-image-preview:large, max-video-preview:-1\" \/>\n<link rel=\"canonical\" href=\"https:\/\/www.laguiadepamplona.com\/actualidad\/aprobada-la-segunda-prorroga-del-contrato-del-servicio-de-videonoticias-que-informa-a-diario-de-forma-audiovisual-de-la-actualidad-del-ayuntamiento-de-pamplona\/\" \/>\n<meta property=\"og:locale\" content=\"es_ES\" \/>\n<meta property=\"og:type\" content=\"article\" \/>\n<meta property=\"og:title\" content=\"Aprobada la segunda pr\u00f3rroga del contrato del servicio de videonoticias que informa a diario, de forma audiovisual, de la actualidad del Ayuntamiento de Pamplona\" \/>\n<meta property=\"og:description\" content=\"El contrato abarca desde el 15 de noviembre de 2023 al 14 de noviembre de 2024 e incluye la producci\u00f3n de 250 v\u00eddeos, rotulados en castellano y en euskera\" \/>\n<meta property=\"og:url\" content=\"https:\/\/www.laguiadepamplona.com\/actualidad\/aprobada-la-segunda-prorroga-del-contrato-del-servicio-de-videonoticias-que-informa-a-diario-de-forma-audiovisual-de-la-actualidad-del-ayuntamiento-de-pamplona\/\" \/>\n<meta property=\"og:site_name\" content=\"La Gu\u00eda de Pamplona\" \/>\n<meta property=\"article:publisher\" content=\"https:\/\/www.facebook.com\/laguiadepamplonacom-133175176762273\/?ref=hl\" \/>\n<meta property=\"article:published_time\" content=\"2023-11-07T12:19:09+00:00\" \/>\n<meta property=\"og:image\" content=\"https:\/\/www.laguiadepamplona.com\/actualidad\/wp-content\/uploads\/2023\/11\/video-cine-camara-pelicula_1.webp\" \/>\n\t<meta property=\"og:image:width\" content=\"1200\" \/>\n\t<meta property=\"og:image:height\" content=\"675\" \/>\n\t<meta property=\"og:image:type\" content=\"image\/webp\" \/>\n<meta name=\"author\" content=\"La Gu\u00eda de Pamplona\" \/>\n<meta name=\"twitter:card\" content=\"summary_large_image\" \/>\n<meta name=\"twitter:creator\" content=\"@LaGuiadPamplona\" \/>\n<meta name=\"twitter:site\" content=\"@LaGuiadPamplona\" \/>\n<meta name=\"twitter:label1\" content=\"Escrito por\" \/>\n\t<meta name=\"twitter:data1\" content=\"La Gu\u00eda de Pamplona\" \/>\n\t<meta name=\"twitter:label2\" content=\"Tiempo de lectura\" \/>\n\t<meta name=\"twitter:data2\" content=\"2 minutos\" \/>\n<script type=\"application\/ld+json\" class=\"yoast-schema-graph\">{\"@context\":\"https:\\\/\\\/schema.org\",\"@graph\":[{\"@type\":\"Article\",\"@id\":\"https:\\\/\\\/www.laguiadepamplona.com\\\/actualidad\\\/aprobada-la-segunda-prorroga-del-contrato-del-servicio-de-videonoticias-que-informa-a-diario-de-forma-audiovisual-de-la-actualidad-del-ayuntamiento-de-pamplona\\\/#article\",\"isPartOf\":{\"@id\":\"https:\\\/\\\/www.laguiadepamplona.com\\\/actualidad\\\/aprobada-la-segunda-prorroga-del-contrato-del-servicio-de-videonoticias-que-informa-a-diario-de-forma-audiovisual-de-la-actualidad-del-ayuntamiento-de-pamplona\\\/\"},\"author\":{\"name\":\"La Gu\u00eda de Pamplona\",\"@id\":\"https:\\\/\\\/www.laguiadepamplona.com\\\/actualidad\\\/#\\\/schema\\\/person\\\/efe887376f0213d4657c93adc50b1fdb\"},\"headline\":\"Aprobada la segunda pr\u00f3rroga del contrato del servicio de videonoticias que informa a diario, de forma audiovisual, de la actualidad del Ayuntamiento de Pamplona\",\"datePublished\":\"2023-11-07T12:19:09+00:00\",\"mainEntityOfPage\":{\"@id\":\"https:\\\/\\\/www.laguiadepamplona.com\\\/actualidad\\\/aprobada-la-segunda-prorroga-del-contrato-del-servicio-de-videonoticias-que-informa-a-diario-de-forma-audiovisual-de-la-actualidad-del-ayuntamiento-de-pamplona\\\/\"},\"wordCount\":365,\"commentCount\":0,\"publisher\":{\"@id\":\"https:\\\/\\\/www.laguiadepamplona.com\\\/actualidad\\\/#organization\"},\"image\":{\"@id\":\"https:\\\/\\\/www.laguiadepamplona.com\\\/actualidad\\\/aprobada-la-segunda-prorroga-del-contrato-del-servicio-de-videonoticias-que-informa-a-diario-de-forma-audiovisual-de-la-actualidad-del-ayuntamiento-de-pamplona\\\/#primaryimage\"},\"thumbnailUrl\":\"https:\\\/\\\/www.laguiadepamplona.com\\\/actualidad\\\/wp-content\\\/uploads\\\/2023\\\/11\\\/video-cine-camara-pelicula_1.webp\",\"articleSection\":[\"Ayto Pamplona\"],\"inLanguage\":\"es\",\"potentialAction\":[{\"@type\":\"CommentAction\",\"name\":\"Comment\",\"target\":[\"https:\\\/\\\/www.laguiadepamplona.com\\\/actualidad\\\/aprobada-la-segunda-prorroga-del-contrato-del-servicio-de-videonoticias-que-informa-a-diario-de-forma-audiovisual-de-la-actualidad-del-ayuntamiento-de-pamplona\\\/#respond\"]}]},{\"@type\":\"WebPage\",\"@id\":\"https:\\\/\\\/www.laguiadepamplona.com\\\/actualidad\\\/aprobada-la-segunda-prorroga-del-contrato-del-servicio-de-videonoticias-que-informa-a-diario-de-forma-audiovisual-de-la-actualidad-del-ayuntamiento-de-pamplona\\\/\",\"url\":\"https:\\\/\\\/www.laguiadepamplona.com\\\/actualidad\\\/aprobada-la-segunda-prorroga-del-contrato-del-servicio-de-videonoticias-que-informa-a-diario-de-forma-audiovisual-de-la-actualidad-del-ayuntamiento-de-pamplona\\\/\",\"name\":\"Aprobada la segunda pr\u00f3rroga del contrato del servicio de videonoticias que informa a diario, de forma audiovisual, de la actualidad del Ayuntamiento de Pamplona\",\"isPartOf\":{\"@id\":\"https:\\\/\\\/www.laguiadepamplona.com\\\/actualidad\\\/#website\"},\"primaryImageOfPage\":{\"@id\":\"https:\\\/\\\/www.laguiadepamplona.com\\\/actualidad\\\/aprobada-la-segunda-prorroga-del-contrato-del-servicio-de-videonoticias-que-informa-a-diario-de-forma-audiovisual-de-la-actualidad-del-ayuntamiento-de-pamplona\\\/#primaryimage\"},\"image\":{\"@id\":\"https:\\\/\\\/www.laguiadepamplona.com\\\/actualidad\\\/aprobada-la-segunda-prorroga-del-contrato-del-servicio-de-videonoticias-que-informa-a-diario-de-forma-audiovisual-de-la-actualidad-del-ayuntamiento-de-pamplona\\\/#primaryimage\"},\"thumbnailUrl\":\"https:\\\/\\\/www.laguiadepamplona.com\\\/actualidad\\\/wp-content\\\/uploads\\\/2023\\\/11\\\/video-cine-camara-pelicula_1.webp\",\"datePublished\":\"2023-11-07T12:19:09+00:00\",\"description\":\"El contrato abarca desde el 15 de noviembre de 2023 al 14 de noviembre de 2024 e incluye la producci\u00f3n de 250 v\u00eddeos, rotulados en castellano y en euskera\",\"breadcrumb\":{\"@id\":\"https:\\\/\\\/www.laguiadepamplona.com\\\/actualidad\\\/aprobada-la-segunda-prorroga-del-contrato-del-servicio-de-videonoticias-que-informa-a-diario-de-forma-audiovisual-de-la-actualidad-del-ayuntamiento-de-pamplona\\\/#breadcrumb\"},\"inLanguage\":\"es\",\"potentialAction\":[{\"@type\":\"ReadAction\",\"target\":[\"https:\\\/\\\/www.laguiadepamplona.com\\\/actualidad\\\/aprobada-la-segunda-prorroga-del-contrato-del-servicio-de-videonoticias-que-informa-a-diario-de-forma-audiovisual-de-la-actualidad-del-ayuntamiento-de-pamplona\\\/\"]}]},{\"@type\":\"ImageObject\",\"inLanguage\":\"es\",\"@id\":\"https:\\\/\\\/www.laguiadepamplona.com\\\/actualidad\\\/aprobada-la-segunda-prorroga-del-contrato-del-servicio-de-videonoticias-que-informa-a-diario-de-forma-audiovisual-de-la-actualidad-del-ayuntamiento-de-pamplona\\\/#primaryimage\",\"url\":\"https:\\\/\\\/www.laguiadepamplona.com\\\/actualidad\\\/wp-content\\\/uploads\\\/2023\\\/11\\\/video-cine-camara-pelicula_1.webp\",\"contentUrl\":\"https:\\\/\\\/www.laguiadepamplona.com\\\/actualidad\\\/wp-content\\\/uploads\\\/2023\\\/11\\\/video-cine-camara-pelicula_1.webp\",\"width\":1200,\"height\":675,\"caption\":\"video c\u00e1mara cine\"},{\"@type\":\"BreadcrumbList\",\"@id\":\"https:\\\/\\\/www.laguiadepamplona.com\\\/actualidad\\\/aprobada-la-segunda-prorroga-del-contrato-del-servicio-de-videonoticias-que-informa-a-diario-de-forma-audiovisual-de-la-actualidad-del-ayuntamiento-de-pamplona\\\/#breadcrumb\",\"itemListElement\":[{\"@type\":\"ListItem\",\"position\":1,\"name\":\"Portada\",\"item\":\"https:\\\/\\\/www.laguiadepamplona.com\\\/actualidad\\\/\"},{\"@type\":\"ListItem\",\"position\":2,\"name\":\"Aprobada la segunda pr\u00f3rroga del contrato del servicio de videonoticias que informa a diario, de forma audiovisual, de la actualidad del Ayuntamiento de Pamplona\"}]},{\"@type\":\"WebSite\",\"@id\":\"https:\\\/\\\/www.laguiadepamplona.com\\\/actualidad\\\/#website\",\"url\":\"https:\\\/\\\/www.laguiadepamplona.com\\\/actualidad\\\/\",\"name\":\"La gu\u00eda de Pamplona\",\"description\":\"Noticias de Pamplona\",\"publisher\":{\"@id\":\"https:\\\/\\\/www.laguiadepamplona.com\\\/actualidad\\\/#organization\"},\"potentialAction\":[{\"@type\":\"SearchAction\",\"target\":{\"@type\":\"EntryPoint\",\"urlTemplate\":\"https:\\\/\\\/www.laguiadepamplona.com\\\/actualidad\\\/?s={search_term_string}\"},\"query-input\":{\"@type\":\"PropertyValueSpecification\",\"valueRequired\":true,\"valueName\":\"search_term_string\"}}],\"inLanguage\":\"es\"},{\"@type\":\"Organization\",\"@id\":\"https:\\\/\\\/www.laguiadepamplona.com\\\/actualidad\\\/#organization\",\"name\":\"La Gu\u00eda de Pamplona \\\/ Noticias\",\"url\":\"https:\\\/\\\/www.laguiadepamplona.com\\\/actualidad\\\/\",\"logo\":{\"@type\":\"ImageObject\",\"inLanguage\":\"es\",\"@id\":\"https:\\\/\\\/www.laguiadepamplona.com\\\/actualidad\\\/#\\\/schema\\\/logo\\\/image\\\/\",\"url\":\"https:\\\/\\\/www.laguiadepamplona.com\\\/actualidad\\\/wp-content\\\/uploads\\\/2018\\\/11\\\/logo-laguiadepamplona18-web1.png\",\"contentUrl\":\"https:\\\/\\\/www.laguiadepamplona.com\\\/actualidad\\\/wp-content\\\/uploads\\\/2018\\\/11\\\/logo-laguiadepamplona18-web1.png\",\"width\":600,\"height\":196,\"caption\":\"La Gu\u00eda de Pamplona \\\/ Noticias\"},\"image\":{\"@id\":\"https:\\\/\\\/www.laguiadepamplona.com\\\/actualidad\\\/#\\\/schema\\\/logo\\\/image\\\/\"},\"sameAs\":[\"https:\\\/\\\/www.facebook.com\\\/laguiadepamplonacom-133175176762273\\\/?ref=hl\",\"https:\\\/\\\/x.com\\\/LaGuiadPamplona\",\"https:\\\/\\\/www.instagram.com\\\/la_guia_de_pamplona\\\/\",\"https:\\\/\\\/www.youtube.com\\\/user\\\/laguiadepamplona\"]},{\"@type\":\"Person\",\"@id\":\"https:\\\/\\\/www.laguiadepamplona.com\\\/actualidad\\\/#\\\/schema\\\/person\\\/efe887376f0213d4657c93adc50b1fdb\",\"name\":\"La Gu\u00eda de Pamplona\",\"image\":{\"@type\":\"ImageObject\",\"inLanguage\":\"es\",\"@id\":\"https:\\\/\\\/secure.gravatar.com\\\/avatar\\\/b6992f131dc8d30ab0dff15446e9d346d9dbd95992de0fef795073f5ea83a81c?s=96&d=mm&r=g\",\"url\":\"https:\\\/\\\/secure.gravatar.com\\\/avatar\\\/b6992f131dc8d30ab0dff15446e9d346d9dbd95992de0fef795073f5ea83a81c?s=96&d=mm&r=g\",\"contentUrl\":\"https:\\\/\\\/secure.gravatar.com\\\/avatar\\\/b6992f131dc8d30ab0dff15446e9d346d9dbd95992de0fef795073f5ea83a81c?s=96&d=mm&r=g\",\"caption\":\"La Gu\u00eda de Pamplona\"}}]}<\/script>\n<!-- \/ Yoast SEO plugin. -->","yoast_head_json":{"title":"Aprobada la segunda pr\u00f3rroga del contrato del servicio de videonoticias que informa a diario, de forma audiovisual, de la actualidad del Ayuntamiento de Pamplona","description":"El contrato abarca desde el 15 de noviembre de 2023 al 14 de noviembre de 2024 e incluye la producci\u00f3n de 250 v\u00eddeos, rotulados en castellano y en euskera","robots":{"index":"index","follow":"follow","max-snippet":"max-snippet:-1","max-image-preview":"max-image-preview:large","max-video-preview":"max-video-preview:-1"},"canonical":"https:\/\/www.laguiadepamplona.com\/actualidad\/aprobada-la-segunda-prorroga-del-contrato-del-servicio-de-videonoticias-que-informa-a-diario-de-forma-audiovisual-de-la-actualidad-del-ayuntamiento-de-pamplona\/","og_locale":"es_ES","og_type":"article","og_title":"Aprobada la segunda pr\u00f3rroga del contrato del servicio de videonoticias que informa a diario, de forma audiovisual, de la actualidad del Ayuntamiento de Pamplona","og_description":"El contrato abarca desde el 15 de noviembre de 2023 al 14 de noviembre de 2024 e incluye la producci\u00f3n de 250 v\u00eddeos, rotulados en castellano y en euskera","og_url":"https:\/\/www.laguiadepamplona.com\/actualidad\/aprobada-la-segunda-prorroga-del-contrato-del-servicio-de-videonoticias-que-informa-a-diario-de-forma-audiovisual-de-la-actualidad-del-ayuntamiento-de-pamplona\/","og_site_name":"La Gu\u00eda de Pamplona","article_publisher":"https:\/\/www.facebook.com\/laguiadepamplonacom-133175176762273\/?ref=hl","article_published_time":"2023-11-07T12:19:09+00:00","og_image":[{"width":1200,"height":675,"url":"https:\/\/www.laguiadepamplona.com\/actualidad\/wp-content\/uploads\/2023\/11\/video-cine-camara-pelicula_1.webp","type":"image\/webp"}],"author":"La Gu\u00eda de Pamplona","twitter_card":"summary_large_image","twitter_creator":"@LaGuiadPamplona","twitter_site":"@LaGuiadPamplona","twitter_misc":{"Escrito por":"La Gu\u00eda de Pamplona","Tiempo de lectura":"2 minutos"},"schema":{"@context":"https:\/\/schema.org","@graph":[{"@type":"Article","@id":"https:\/\/www.laguiadepamplona.com\/actualidad\/aprobada-la-segunda-prorroga-del-contrato-del-servicio-de-videonoticias-que-informa-a-diario-de-forma-audiovisual-de-la-actualidad-del-ayuntamiento-de-pamplona\/#article","isPartOf":{"@id":"https:\/\/www.laguiadepamplona.com\/actualidad\/aprobada-la-segunda-prorroga-del-contrato-del-servicio-de-videonoticias-que-informa-a-diario-de-forma-audiovisual-de-la-actualidad-del-ayuntamiento-de-pamplona\/"},"author":{"name":"La Gu\u00eda de Pamplona","@id":"https:\/\/www.laguiadepamplona.com\/actualidad\/#\/schema\/person\/efe887376f0213d4657c93adc50b1fdb"},"headline":"Aprobada la segunda pr\u00f3rroga del contrato del servicio de videonoticias que informa a diario, de forma audiovisual, de la actualidad del Ayuntamiento de Pamplona","datePublished":"2023-11-07T12:19:09+00:00","mainEntityOfPage":{"@id":"https:\/\/www.laguiadepamplona.com\/actualidad\/aprobada-la-segunda-prorroga-del-contrato-del-servicio-de-videonoticias-que-informa-a-diario-de-forma-audiovisual-de-la-actualidad-del-ayuntamiento-de-pamplona\/"},"wordCount":365,"commentCount":0,"publisher":{"@id":"https:\/\/www.laguiadepamplona.com\/actualidad\/#organization"},"image":{"@id":"https:\/\/www.laguiadepamplona.com\/actualidad\/aprobada-la-segunda-prorroga-del-contrato-del-servicio-de-videonoticias-que-informa-a-diario-de-forma-audiovisual-de-la-actualidad-del-ayuntamiento-de-pamplona\/#primaryimage"},"thumbnailUrl":"https:\/\/www.laguiadepamplona.com\/actualidad\/wp-content\/uploads\/2023\/11\/video-cine-camara-pelicula_1.webp","articleSection":["Ayto Pamplona"],"inLanguage":"es","potentialAction":[{"@type":"CommentAction","name":"Comment","target":["https:\/\/www.laguiadepamplona.com\/actualidad\/aprobada-la-segunda-prorroga-del-contrato-del-servicio-de-videonoticias-que-informa-a-diario-de-forma-audiovisual-de-la-actualidad-del-ayuntamiento-de-pamplona\/#respond"]}]},{"@type":"WebPage","@id":"https:\/\/www.laguiadepamplona.com\/actualidad\/aprobada-la-segunda-prorroga-del-contrato-del-servicio-de-videonoticias-que-informa-a-diario-de-forma-audiovisual-de-la-actualidad-del-ayuntamiento-de-pamplona\/","url":"https:\/\/www.laguiadepamplona.com\/actualidad\/aprobada-la-segunda-prorroga-del-contrato-del-servicio-de-videonoticias-que-informa-a-diario-de-forma-audiovisual-de-la-actualidad-del-ayuntamiento-de-pamplona\/","name":"Aprobada la segunda pr\u00f3rroga del contrato del servicio de videonoticias que informa a diario, de forma audiovisual, de la actualidad del Ayuntamiento de Pamplona","isPartOf":{"@id":"https:\/\/www.laguiadepamplona.com\/actualidad\/#website"},"primaryImageOfPage":{"@id":"https:\/\/www.laguiadepamplona.com\/actualidad\/aprobada-la-segunda-prorroga-del-contrato-del-servicio-de-videonoticias-que-informa-a-diario-de-forma-audiovisual-de-la-actualidad-del-ayuntamiento-de-pamplona\/#primaryimage"},"image":{"@id":"https:\/\/www.laguiadepamplona.com\/actualidad\/aprobada-la-segunda-prorroga-del-contrato-del-servicio-de-videonoticias-que-informa-a-diario-de-forma-audiovisual-de-la-actualidad-del-ayuntamiento-de-pamplona\/#primaryimage"},"thumbnailUrl":"https:\/\/www.laguiadepamplona.com\/actualidad\/wp-content\/uploads\/2023\/11\/video-cine-camara-pelicula_1.webp","datePublished":"2023-11-07T12:19:09+00:00","description":"El contrato abarca desde el 15 de noviembre de 2023 al 14 de noviembre de 2024 e incluye la producci\u00f3n de 250 v\u00eddeos, rotulados en castellano y en euskera","breadcrumb":{"@id":"https:\/\/www.laguiadepamplona.com\/actualidad\/aprobada-la-segunda-prorroga-del-contrato-del-servicio-de-videonoticias-que-informa-a-diario-de-forma-audiovisual-de-la-actualidad-del-ayuntamiento-de-pamplona\/#breadcrumb"},"inLanguage":"es","potentialAction":[{"@type":"ReadAction","target":["https:\/\/www.laguiadepamplona.com\/actualidad\/aprobada-la-segunda-prorroga-del-contrato-del-servicio-de-videonoticias-que-informa-a-diario-de-forma-audiovisual-de-la-actualidad-del-ayuntamiento-de-pamplona\/"]}]},{"@type":"ImageObject","inLanguage":"es","@id":"https:\/\/www.laguiadepamplona.com\/actualidad\/aprobada-la-segunda-prorroga-del-contrato-del-servicio-de-videonoticias-que-informa-a-diario-de-forma-audiovisual-de-la-actualidad-del-ayuntamiento-de-pamplona\/#primaryimage","url":"https:\/\/www.laguiadepamplona.com\/actualidad\/wp-content\/uploads\/2023\/11\/video-cine-camara-pelicula_1.webp","contentUrl":"https:\/\/www.laguiadepamplona.com\/actualidad\/wp-content\/uploads\/2023\/11\/video-cine-camara-pelicula_1.webp","width":1200,"height":675,"caption":"video c\u00e1mara cine"},{"@type":"BreadcrumbList","@id":"https:\/\/www.laguiadepamplona.com\/actualidad\/aprobada-la-segunda-prorroga-del-contrato-del-servicio-de-videonoticias-que-informa-a-diario-de-forma-audiovisual-de-la-actualidad-del-ayuntamiento-de-pamplona\/#breadcrumb","itemListElement":[{"@type":"ListItem","position":1,"name":"Portada","item":"https:\/\/www.laguiadepamplona.com\/actualidad\/"},{"@type":"ListItem","position":2,"name":"Aprobada la segunda pr\u00f3rroga del contrato del servicio de videonoticias que informa a diario, de forma audiovisual, de la actualidad del Ayuntamiento de Pamplona"}]},{"@type":"WebSite","@id":"https:\/\/www.laguiadepamplona.com\/actualidad\/#website","url":"https:\/\/www.laguiadepamplona.com\/actualidad\/","name":"La gu\u00eda de Pamplona","description":"Noticias de Pamplona","publisher":{"@id":"https:\/\/www.laguiadepamplona.com\/actualidad\/#organization"},"potentialAction":[{"@type":"SearchAction","target":{"@type":"EntryPoint","urlTemplate":"https:\/\/www.laguiadepamplona.com\/actualidad\/?s={search_term_string}"},"query-input":{"@type":"PropertyValueSpecification","valueRequired":true,"valueName":"search_term_string"}}],"inLanguage":"es"},{"@type":"Organization","@id":"https:\/\/www.laguiadepamplona.com\/actualidad\/#organization","name":"La Gu\u00eda de Pamplona \/ Noticias","url":"https:\/\/www.laguiadepamplona.com\/actualidad\/","logo":{"@type":"ImageObject","inLanguage":"es","@id":"https:\/\/www.laguiadepamplona.com\/actualidad\/#\/schema\/logo\/image\/","url":"https:\/\/www.laguiadepamplona.com\/actualidad\/wp-content\/uploads\/2018\/11\/logo-laguiadepamplona18-web1.png","contentUrl":"https:\/\/www.laguiadepamplona.com\/actualidad\/wp-content\/uploads\/2018\/11\/logo-laguiadepamplona18-web1.png","width":600,"height":196,"caption":"La Gu\u00eda de Pamplona \/ Noticias"},"image":{"@id":"https:\/\/www.laguiadepamplona.com\/actualidad\/#\/schema\/logo\/image\/"},"sameAs":["https:\/\/www.facebook.com\/laguiadepamplonacom-133175176762273\/?ref=hl","https:\/\/x.com\/LaGuiadPamplona","https:\/\/www.instagram.com\/la_guia_de_pamplona\/","https:\/\/www.youtube.com\/user\/laguiadepamplona"]},{"@type":"Person","@id":"https:\/\/www.laguiadepamplona.com\/actualidad\/#\/schema\/person\/efe887376f0213d4657c93adc50b1fdb","name":"La Gu\u00eda de Pamplona","image":{"@type":"ImageObject","inLanguage":"es","@id":"https:\/\/secure.gravatar.com\/avatar\/b6992f131dc8d30ab0dff15446e9d346d9dbd95992de0fef795073f5ea83a81c?s=96&d=mm&r=g","url":"https:\/\/secure.gravatar.com\/avatar\/b6992f131dc8d30ab0dff15446e9d346d9dbd95992de0fef795073f5ea83a81c?s=96&d=mm&r=g","contentUrl":"https:\/\/secure.gravatar.com\/avatar\/b6992f131dc8d30ab0dff15446e9d346d9dbd95992de0fef795073f5ea83a81c?s=96&d=mm&r=g","caption":"La Gu\u00eda de Pamplona"}}]}},"post_mailing_queue_ids":[],"_links":{"self":[{"href":"https:\/\/www.laguiadepamplona.com\/actualidad\/wp-json\/wp\/v2\/posts\/47837","targetHints":{"allow":["GET"]}}],"collection":[{"href":"https:\/\/www.laguiadepamplona.com\/actualidad\/wp-json\/wp\/v2\/posts"}],"about":[{"href":"https:\/\/www.laguiadepamplona.com\/actualidad\/wp-json\/wp\/v2\/types\/post"}],"author":[{"embeddable":true,"href":"https:\/\/www.laguiadepamplona.com\/actualidad\/wp-json\/wp\/v2\/users\/1"}],"replies":[{"embeddable":true,"href":"https:\/\/www.laguiadepamplona.com\/actualidad\/wp-json\/wp\/v2\/comments?post=47837"}],"version-history":[{"count":1,"href":"https:\/\/www.laguiadepamplona.com\/actualidad\/wp-json\/wp\/v2\/posts\/47837\/revisions"}],"predecessor-version":[{"id":47839,"href":"https:\/\/www.laguiadepamplona.com\/actualidad\/wp-json\/wp\/v2\/posts\/47837\/revisions\/47839"}],"wp:featuredmedia":[{"embeddable":true,"href":"https:\/\/www.laguiadepamplona.com\/actualidad\/wp-json\/wp\/v2\/media\/47838"}],"wp:attachment":[{"href":"https:\/\/www.laguiadepamplona.com\/actualidad\/wp-json\/wp\/v2\/media?parent=47837"}],"wp:term":[{"taxonomy":"category","embeddable":true,"href":"https:\/\/www.laguiadepamplona.com\/actualidad\/wp-json\/wp\/v2\/categories?post=47837"},{"taxonomy":"post_tag","embeddable":true,"href":"https:\/\/www.laguiadepamplona.com\/actualidad\/wp-json\/wp\/v2\/tags?post=47837"}],"curies":[{"name":"wp","href":"https:\/\/api.w.org\/{rel}","templated":true}]}}