{"id":47835,"date":"2023-11-07T14:16:41","date_gmt":"2023-11-07T12:16:41","guid":{"rendered":"https:\/\/www.laguiadepamplona.com\/actualidad\/?p=47835"},"modified":"2023-11-07T14:16:41","modified_gmt":"2023-11-07T12:16:41","slug":"aprobada-la-prorroga-del-contrato-de-gestion-de-nueve-aseos-publicos-municipales-la-casa-de-banos-y-las-duchas-de-antoniutti","status":"publish","type":"post","link":"https:\/\/www.laguiadepamplona.com\/actualidad\/aprobada-la-prorroga-del-contrato-de-gestion-de-nueve-aseos-publicos-municipales-la-casa-de-banos-y-las-duchas-de-antoniutti\/","title":{"rendered":"Aprobada la pr\u00f3rroga del contrato de gesti\u00f3n de nueve aseos p\u00fablicos municipales, la Casa de Ba\u00f1os y las duchas de Antoniutti"},"content":{"rendered":"<h3>El Ayuntamiento de Pamplona invierte en la gesti\u00f3n de este servicio 958.423,62 euros<\/h3>\n<p><!--more--><\/p>\n<p>La Junta de Gobierno Local ha aprobado la segunda pr\u00f3rroga del contrato de gesti\u00f3n de nueve aseos p\u00fablicos municipales, de la Casa de Ba\u00f1os de la calle Eslava y de las duchas ubicadas en el parque de Antoniutti. El Ayuntamiento de Pamplona gasta anualmente en este contrato 958.423,62 euros. La empresa Distrivisual SL fue la adjudicataria de esta gesti\u00f3n en septiembre de 2021 y hasta octubre de 2026.<br \/>\n<script async src=\"\/\/pagead2.googlesyndication.com\/pagead\/js\/adsbygoogle.js\"><\/script><br \/>\n<!-- Noticias La Guia de Pamplona --><br \/>\n<ins class=\"adsbygoogle\"\nstyle=\"display:block\"\ndata-ad-client=\"ca-pub-6943679897239327\"\ndata-ad-slot=\"7048180777\"\ndata-ad-format=\"auto\"><\/ins><br \/>\n<script>\n(adsbygoogle = window.adsbygoogle || []).push({});\n<\/script><\/p>\n<p>Los nueve aseos que forman parte del contrato son los de la plaza del Castillo, plaza de la Cruz, Bosquecillo, plaza de los Fueros, parque de Antoniutti, Media Luna, parque del Mundo, Ciudadela y Landaben. El contrato establece los horarios de apertura seg\u00fan la \u00e9poca del a\u00f1o, el mantenimiento de las debidas condiciones de limpieza y desinfecci\u00f3n, la realizaci\u00f3n de operaciones sencillas de reparaci\u00f3n o la reposici\u00f3n del material necesario. El acceso a los nueve aseos p\u00fablicos seguir\u00e1 siendo libre y gratuita.<\/p>\n<p>La gesti\u00f3n de la Casa de Ba\u00f1os incluye la limpieza y desinfecci\u00f3n de las instalaciones, la reposici\u00f3n de material y diferentes tareas de control diario, semanal y trimestral para su funcionamiento. Se presta tambi\u00e9n un servicio de lavado y secado de ropa que, al igual que el uso de las cabinas de ducha y ba\u00f1o, est\u00e1 sujeto a un pago previo. Las duchas de Antoniutti abren \u00fanicamente durante San Ferm\u00edn, del 5 al 15 de julio. El contrato incluye el mantenimiento de las instalaciones, su limpieza y desinfecci\u00f3n, as\u00ed como el cobro de los precios p\u00fablicos determinados para su uso.<\/p>\n","protected":false},"excerpt":{"rendered":"<p>El Ayuntamiento de Pamplona invierte en la gesti\u00f3n de este servicio 958.423,62 euros<\/p>\n","protected":false},"author":1,"featured_media":42249,"comment_status":"open","ping_status":"closed","sticky":false,"template":"","format":"standard","meta":{"footnotes":""},"categories":[2],"tags":[],"class_list":["post-47835","post","type-post","status-publish","format-standard","has-post-thumbnail","hentry","category-ayuntamiento-pamplona"],"yoast_head":"<!-- This site is optimized with the Yoast SEO plugin v27.3 - https:\/\/yoast.com\/product\/yoast-seo-wordpress\/ -->\n<title>Aprobada la pr\u00f3rroga del contrato de gesti\u00f3n de nueve aseos p\u00fablicos municipales, la Casa de Ba\u00f1os y las duchas de Antoniutti<\/title>\n<meta name=\"description\" content=\"El Ayuntamiento de Pamplona invierte en la gesti\u00f3n de este servicio 958.423,62 euros\" \/>\n<meta name=\"robots\" content=\"index, follow, max-snippet:-1, max-image-preview:large, max-video-preview:-1\" \/>\n<link rel=\"canonical\" href=\"https:\/\/www.laguiadepamplona.com\/actualidad\/aprobada-la-prorroga-del-contrato-de-gestion-de-nueve-aseos-publicos-municipales-la-casa-de-banos-y-las-duchas-de-antoniutti\/\" \/>\n<meta property=\"og:locale\" content=\"es_ES\" \/>\n<meta property=\"og:type\" content=\"article\" \/>\n<meta property=\"og:title\" content=\"Aprobada la pr\u00f3rroga del contrato de gesti\u00f3n de nueve aseos p\u00fablicos municipales, la Casa de Ba\u00f1os y las duchas de Antoniutti\" \/>\n<meta property=\"og:description\" content=\"El Ayuntamiento de Pamplona invierte en la gesti\u00f3n de este servicio 958.423,62 euros\" \/>\n<meta property=\"og:url\" content=\"https:\/\/www.laguiadepamplona.com\/actualidad\/aprobada-la-prorroga-del-contrato-de-gestion-de-nueve-aseos-publicos-municipales-la-casa-de-banos-y-las-duchas-de-antoniutti\/\" \/>\n<meta property=\"og:site_name\" content=\"La Gu\u00eda de Pamplona\" \/>\n<meta property=\"article:publisher\" content=\"https:\/\/www.facebook.com\/laguiadepamplonacom-133175176762273\/?ref=hl\" \/>\n<meta property=\"article:published_time\" content=\"2023-11-07T12:16:41+00:00\" \/>\n<meta property=\"og:image\" content=\"https:\/\/www.laguiadepamplona.com\/actualidad\/wp-content\/uploads\/2022\/11\/BANO-PUBLICO-PARAGUAS_EE5A6804.webp\" \/>\n\t<meta property=\"og:image:width\" content=\"1920\" \/>\n\t<meta property=\"og:image:height\" content=\"1280\" \/>\n\t<meta property=\"og:image:type\" content=\"image\/webp\" \/>\n<meta name=\"author\" content=\"La Gu\u00eda de Pamplona\" \/>\n<meta name=\"twitter:card\" content=\"summary_large_image\" \/>\n<meta name=\"twitter:creator\" content=\"@LaGuiadPamplona\" \/>\n<meta name=\"twitter:site\" content=\"@LaGuiadPamplona\" \/>\n<meta name=\"twitter:label1\" content=\"Escrito por\" \/>\n\t<meta name=\"twitter:data1\" content=\"La Gu\u00eda de Pamplona\" \/>\n\t<meta name=\"twitter:label2\" content=\"Tiempo de lectura\" \/>\n\t<meta name=\"twitter:data2\" content=\"2 minutos\" \/>\n<script type=\"application\/ld+json\" class=\"yoast-schema-graph\">{\"@context\":\"https:\\\/\\\/schema.org\",\"@graph\":[{\"@type\":\"Article\",\"@id\":\"https:\\\/\\\/www.laguiadepamplona.com\\\/actualidad\\\/aprobada-la-prorroga-del-contrato-de-gestion-de-nueve-aseos-publicos-municipales-la-casa-de-banos-y-las-duchas-de-antoniutti\\\/#article\",\"isPartOf\":{\"@id\":\"https:\\\/\\\/www.laguiadepamplona.com\\\/actualidad\\\/aprobada-la-prorroga-del-contrato-de-gestion-de-nueve-aseos-publicos-municipales-la-casa-de-banos-y-las-duchas-de-antoniutti\\\/\"},\"author\":{\"name\":\"La Gu\u00eda de Pamplona\",\"@id\":\"https:\\\/\\\/www.laguiadepamplona.com\\\/actualidad\\\/#\\\/schema\\\/person\\\/efe887376f0213d4657c93adc50b1fdb\"},\"headline\":\"Aprobada la pr\u00f3rroga del contrato de gesti\u00f3n de nueve aseos p\u00fablicos municipales, la Casa de Ba\u00f1os y las duchas de Antoniutti\",\"datePublished\":\"2023-11-07T12:16:41+00:00\",\"mainEntityOfPage\":{\"@id\":\"https:\\\/\\\/www.laguiadepamplona.com\\\/actualidad\\\/aprobada-la-prorroga-del-contrato-de-gestion-de-nueve-aseos-publicos-municipales-la-casa-de-banos-y-las-duchas-de-antoniutti\\\/\"},\"wordCount\":304,\"commentCount\":0,\"publisher\":{\"@id\":\"https:\\\/\\\/www.laguiadepamplona.com\\\/actualidad\\\/#organization\"},\"image\":{\"@id\":\"https:\\\/\\\/www.laguiadepamplona.com\\\/actualidad\\\/aprobada-la-prorroga-del-contrato-de-gestion-de-nueve-aseos-publicos-municipales-la-casa-de-banos-y-las-duchas-de-antoniutti\\\/#primaryimage\"},\"thumbnailUrl\":\"https:\\\/\\\/www.laguiadepamplona.com\\\/actualidad\\\/wp-content\\\/uploads\\\/2022\\\/11\\\/BANO-PUBLICO-PARAGUAS_EE5A6804.webp\",\"articleSection\":[\"Ayto Pamplona\"],\"inLanguage\":\"es\",\"potentialAction\":[{\"@type\":\"CommentAction\",\"name\":\"Comment\",\"target\":[\"https:\\\/\\\/www.laguiadepamplona.com\\\/actualidad\\\/aprobada-la-prorroga-del-contrato-de-gestion-de-nueve-aseos-publicos-municipales-la-casa-de-banos-y-las-duchas-de-antoniutti\\\/#respond\"]}]},{\"@type\":\"WebPage\",\"@id\":\"https:\\\/\\\/www.laguiadepamplona.com\\\/actualidad\\\/aprobada-la-prorroga-del-contrato-de-gestion-de-nueve-aseos-publicos-municipales-la-casa-de-banos-y-las-duchas-de-antoniutti\\\/\",\"url\":\"https:\\\/\\\/www.laguiadepamplona.com\\\/actualidad\\\/aprobada-la-prorroga-del-contrato-de-gestion-de-nueve-aseos-publicos-municipales-la-casa-de-banos-y-las-duchas-de-antoniutti\\\/\",\"name\":\"Aprobada la pr\u00f3rroga del contrato de gesti\u00f3n de nueve aseos p\u00fablicos municipales, la Casa de Ba\u00f1os y las duchas de Antoniutti\",\"isPartOf\":{\"@id\":\"https:\\\/\\\/www.laguiadepamplona.com\\\/actualidad\\\/#website\"},\"primaryImageOfPage\":{\"@id\":\"https:\\\/\\\/www.laguiadepamplona.com\\\/actualidad\\\/aprobada-la-prorroga-del-contrato-de-gestion-de-nueve-aseos-publicos-municipales-la-casa-de-banos-y-las-duchas-de-antoniutti\\\/#primaryimage\"},\"image\":{\"@id\":\"https:\\\/\\\/www.laguiadepamplona.com\\\/actualidad\\\/aprobada-la-prorroga-del-contrato-de-gestion-de-nueve-aseos-publicos-municipales-la-casa-de-banos-y-las-duchas-de-antoniutti\\\/#primaryimage\"},\"thumbnailUrl\":\"https:\\\/\\\/www.laguiadepamplona.com\\\/actualidad\\\/wp-content\\\/uploads\\\/2022\\\/11\\\/BANO-PUBLICO-PARAGUAS_EE5A6804.webp\",\"datePublished\":\"2023-11-07T12:16:41+00:00\",\"description\":\"El Ayuntamiento de Pamplona invierte en la gesti\u00f3n de este servicio 958.423,62 euros\",\"breadcrumb\":{\"@id\":\"https:\\\/\\\/www.laguiadepamplona.com\\\/actualidad\\\/aprobada-la-prorroga-del-contrato-de-gestion-de-nueve-aseos-publicos-municipales-la-casa-de-banos-y-las-duchas-de-antoniutti\\\/#breadcrumb\"},\"inLanguage\":\"es\",\"potentialAction\":[{\"@type\":\"ReadAction\",\"target\":[\"https:\\\/\\\/www.laguiadepamplona.com\\\/actualidad\\\/aprobada-la-prorroga-del-contrato-de-gestion-de-nueve-aseos-publicos-municipales-la-casa-de-banos-y-las-duchas-de-antoniutti\\\/\"]}]},{\"@type\":\"ImageObject\",\"inLanguage\":\"es\",\"@id\":\"https:\\\/\\\/www.laguiadepamplona.com\\\/actualidad\\\/aprobada-la-prorroga-del-contrato-de-gestion-de-nueve-aseos-publicos-municipales-la-casa-de-banos-y-las-duchas-de-antoniutti\\\/#primaryimage\",\"url\":\"https:\\\/\\\/www.laguiadepamplona.com\\\/actualidad\\\/wp-content\\\/uploads\\\/2022\\\/11\\\/BANO-PUBLICO-PARAGUAS_EE5A6804.webp\",\"contentUrl\":\"https:\\\/\\\/www.laguiadepamplona.com\\\/actualidad\\\/wp-content\\\/uploads\\\/2022\\\/11\\\/BANO-PUBLICO-PARAGUAS_EE5A6804.webp\",\"width\":1920,\"height\":1280,\"caption\":\"ba\u00f1o publico paraguas\"},{\"@type\":\"BreadcrumbList\",\"@id\":\"https:\\\/\\\/www.laguiadepamplona.com\\\/actualidad\\\/aprobada-la-prorroga-del-contrato-de-gestion-de-nueve-aseos-publicos-municipales-la-casa-de-banos-y-las-duchas-de-antoniutti\\\/#breadcrumb\",\"itemListElement\":[{\"@type\":\"ListItem\",\"position\":1,\"name\":\"Portada\",\"item\":\"https:\\\/\\\/www.laguiadepamplona.com\\\/actualidad\\\/\"},{\"@type\":\"ListItem\",\"position\":2,\"name\":\"Aprobada la pr\u00f3rroga del contrato de gesti\u00f3n de nueve aseos p\u00fablicos municipales, la Casa de Ba\u00f1os y las duchas de Antoniutti\"}]},{\"@type\":\"WebSite\",\"@id\":\"https:\\\/\\\/www.laguiadepamplona.com\\\/actualidad\\\/#website\",\"url\":\"https:\\\/\\\/www.laguiadepamplona.com\\\/actualidad\\\/\",\"name\":\"La gu\u00eda de Pamplona\",\"description\":\"Noticias de Pamplona\",\"publisher\":{\"@id\":\"https:\\\/\\\/www.laguiadepamplona.com\\\/actualidad\\\/#organization\"},\"potentialAction\":[{\"@type\":\"SearchAction\",\"target\":{\"@type\":\"EntryPoint\",\"urlTemplate\":\"https:\\\/\\\/www.laguiadepamplona.com\\\/actualidad\\\/?s={search_term_string}\"},\"query-input\":{\"@type\":\"PropertyValueSpecification\",\"valueRequired\":true,\"valueName\":\"search_term_string\"}}],\"inLanguage\":\"es\"},{\"@type\":\"Organization\",\"@id\":\"https:\\\/\\\/www.laguiadepamplona.com\\\/actualidad\\\/#organization\",\"name\":\"La Gu\u00eda de Pamplona \\\/ Noticias\",\"url\":\"https:\\\/\\\/www.laguiadepamplona.com\\\/actualidad\\\/\",\"logo\":{\"@type\":\"ImageObject\",\"inLanguage\":\"es\",\"@id\":\"https:\\\/\\\/www.laguiadepamplona.com\\\/actualidad\\\/#\\\/schema\\\/logo\\\/image\\\/\",\"url\":\"https:\\\/\\\/www.laguiadepamplona.com\\\/actualidad\\\/wp-content\\\/uploads\\\/2018\\\/11\\\/logo-laguiadepamplona18-web1.png\",\"contentUrl\":\"https:\\\/\\\/www.laguiadepamplona.com\\\/actualidad\\\/wp-content\\\/uploads\\\/2018\\\/11\\\/logo-laguiadepamplona18-web1.png\",\"width\":600,\"height\":196,\"caption\":\"La Gu\u00eda de Pamplona \\\/ Noticias\"},\"image\":{\"@id\":\"https:\\\/\\\/www.laguiadepamplona.com\\\/actualidad\\\/#\\\/schema\\\/logo\\\/image\\\/\"},\"sameAs\":[\"https:\\\/\\\/www.facebook.com\\\/laguiadepamplonacom-133175176762273\\\/?ref=hl\",\"https:\\\/\\\/x.com\\\/LaGuiadPamplona\",\"https:\\\/\\\/www.instagram.com\\\/la_guia_de_pamplona\\\/\",\"https:\\\/\\\/www.youtube.com\\\/user\\\/laguiadepamplona\"]},{\"@type\":\"Person\",\"@id\":\"https:\\\/\\\/www.laguiadepamplona.com\\\/actualidad\\\/#\\\/schema\\\/person\\\/efe887376f0213d4657c93adc50b1fdb\",\"name\":\"La Gu\u00eda de Pamplona\",\"image\":{\"@type\":\"ImageObject\",\"inLanguage\":\"es\",\"@id\":\"https:\\\/\\\/secure.gravatar.com\\\/avatar\\\/b6992f131dc8d30ab0dff15446e9d346d9dbd95992de0fef795073f5ea83a81c?s=96&d=mm&r=g\",\"url\":\"https:\\\/\\\/secure.gravatar.com\\\/avatar\\\/b6992f131dc8d30ab0dff15446e9d346d9dbd95992de0fef795073f5ea83a81c?s=96&d=mm&r=g\",\"contentUrl\":\"https:\\\/\\\/secure.gravatar.com\\\/avatar\\\/b6992f131dc8d30ab0dff15446e9d346d9dbd95992de0fef795073f5ea83a81c?s=96&d=mm&r=g\",\"caption\":\"La Gu\u00eda de Pamplona\"}}]}<\/script>\n<!-- \/ Yoast SEO plugin. -->","yoast_head_json":{"title":"Aprobada la pr\u00f3rroga del contrato de gesti\u00f3n de nueve aseos p\u00fablicos municipales, la Casa de Ba\u00f1os y las duchas de Antoniutti","description":"El Ayuntamiento de Pamplona invierte en la gesti\u00f3n de este servicio 958.423,62 euros","robots":{"index":"index","follow":"follow","max-snippet":"max-snippet:-1","max-image-preview":"max-image-preview:large","max-video-preview":"max-video-preview:-1"},"canonical":"https:\/\/www.laguiadepamplona.com\/actualidad\/aprobada-la-prorroga-del-contrato-de-gestion-de-nueve-aseos-publicos-municipales-la-casa-de-banos-y-las-duchas-de-antoniutti\/","og_locale":"es_ES","og_type":"article","og_title":"Aprobada la pr\u00f3rroga del contrato de gesti\u00f3n de nueve aseos p\u00fablicos municipales, la Casa de Ba\u00f1os y las duchas de Antoniutti","og_description":"El Ayuntamiento de Pamplona invierte en la gesti\u00f3n de este servicio 958.423,62 euros","og_url":"https:\/\/www.laguiadepamplona.com\/actualidad\/aprobada-la-prorroga-del-contrato-de-gestion-de-nueve-aseos-publicos-municipales-la-casa-de-banos-y-las-duchas-de-antoniutti\/","og_site_name":"La Gu\u00eda de Pamplona","article_publisher":"https:\/\/www.facebook.com\/laguiadepamplonacom-133175176762273\/?ref=hl","article_published_time":"2023-11-07T12:16:41+00:00","og_image":[{"width":1920,"height":1280,"url":"https:\/\/www.laguiadepamplona.com\/actualidad\/wp-content\/uploads\/2022\/11\/BANO-PUBLICO-PARAGUAS_EE5A6804.webp","type":"image\/webp"}],"author":"La Gu\u00eda de Pamplona","twitter_card":"summary_large_image","twitter_creator":"@LaGuiadPamplona","twitter_site":"@LaGuiadPamplona","twitter_misc":{"Escrito por":"La Gu\u00eda de Pamplona","Tiempo de lectura":"2 minutos"},"schema":{"@context":"https:\/\/schema.org","@graph":[{"@type":"Article","@id":"https:\/\/www.laguiadepamplona.com\/actualidad\/aprobada-la-prorroga-del-contrato-de-gestion-de-nueve-aseos-publicos-municipales-la-casa-de-banos-y-las-duchas-de-antoniutti\/#article","isPartOf":{"@id":"https:\/\/www.laguiadepamplona.com\/actualidad\/aprobada-la-prorroga-del-contrato-de-gestion-de-nueve-aseos-publicos-municipales-la-casa-de-banos-y-las-duchas-de-antoniutti\/"},"author":{"name":"La Gu\u00eda de Pamplona","@id":"https:\/\/www.laguiadepamplona.com\/actualidad\/#\/schema\/person\/efe887376f0213d4657c93adc50b1fdb"},"headline":"Aprobada la pr\u00f3rroga del contrato de gesti\u00f3n de nueve aseos p\u00fablicos municipales, la Casa de Ba\u00f1os y las duchas de Antoniutti","datePublished":"2023-11-07T12:16:41+00:00","mainEntityOfPage":{"@id":"https:\/\/www.laguiadepamplona.com\/actualidad\/aprobada-la-prorroga-del-contrato-de-gestion-de-nueve-aseos-publicos-municipales-la-casa-de-banos-y-las-duchas-de-antoniutti\/"},"wordCount":304,"commentCount":0,"publisher":{"@id":"https:\/\/www.laguiadepamplona.com\/actualidad\/#organization"},"image":{"@id":"https:\/\/www.laguiadepamplona.com\/actualidad\/aprobada-la-prorroga-del-contrato-de-gestion-de-nueve-aseos-publicos-municipales-la-casa-de-banos-y-las-duchas-de-antoniutti\/#primaryimage"},"thumbnailUrl":"https:\/\/www.laguiadepamplona.com\/actualidad\/wp-content\/uploads\/2022\/11\/BANO-PUBLICO-PARAGUAS_EE5A6804.webp","articleSection":["Ayto Pamplona"],"inLanguage":"es","potentialAction":[{"@type":"CommentAction","name":"Comment","target":["https:\/\/www.laguiadepamplona.com\/actualidad\/aprobada-la-prorroga-del-contrato-de-gestion-de-nueve-aseos-publicos-municipales-la-casa-de-banos-y-las-duchas-de-antoniutti\/#respond"]}]},{"@type":"WebPage","@id":"https:\/\/www.laguiadepamplona.com\/actualidad\/aprobada-la-prorroga-del-contrato-de-gestion-de-nueve-aseos-publicos-municipales-la-casa-de-banos-y-las-duchas-de-antoniutti\/","url":"https:\/\/www.laguiadepamplona.com\/actualidad\/aprobada-la-prorroga-del-contrato-de-gestion-de-nueve-aseos-publicos-municipales-la-casa-de-banos-y-las-duchas-de-antoniutti\/","name":"Aprobada la pr\u00f3rroga del contrato de gesti\u00f3n de nueve aseos p\u00fablicos municipales, la Casa de Ba\u00f1os y las duchas de Antoniutti","isPartOf":{"@id":"https:\/\/www.laguiadepamplona.com\/actualidad\/#website"},"primaryImageOfPage":{"@id":"https:\/\/www.laguiadepamplona.com\/actualidad\/aprobada-la-prorroga-del-contrato-de-gestion-de-nueve-aseos-publicos-municipales-la-casa-de-banos-y-las-duchas-de-antoniutti\/#primaryimage"},"image":{"@id":"https:\/\/www.laguiadepamplona.com\/actualidad\/aprobada-la-prorroga-del-contrato-de-gestion-de-nueve-aseos-publicos-municipales-la-casa-de-banos-y-las-duchas-de-antoniutti\/#primaryimage"},"thumbnailUrl":"https:\/\/www.laguiadepamplona.com\/actualidad\/wp-content\/uploads\/2022\/11\/BANO-PUBLICO-PARAGUAS_EE5A6804.webp","datePublished":"2023-11-07T12:16:41+00:00","description":"El Ayuntamiento de Pamplona invierte en la gesti\u00f3n de este servicio 958.423,62 euros","breadcrumb":{"@id":"https:\/\/www.laguiadepamplona.com\/actualidad\/aprobada-la-prorroga-del-contrato-de-gestion-de-nueve-aseos-publicos-municipales-la-casa-de-banos-y-las-duchas-de-antoniutti\/#breadcrumb"},"inLanguage":"es","potentialAction":[{"@type":"ReadAction","target":["https:\/\/www.laguiadepamplona.com\/actualidad\/aprobada-la-prorroga-del-contrato-de-gestion-de-nueve-aseos-publicos-municipales-la-casa-de-banos-y-las-duchas-de-antoniutti\/"]}]},{"@type":"ImageObject","inLanguage":"es","@id":"https:\/\/www.laguiadepamplona.com\/actualidad\/aprobada-la-prorroga-del-contrato-de-gestion-de-nueve-aseos-publicos-municipales-la-casa-de-banos-y-las-duchas-de-antoniutti\/#primaryimage","url":"https:\/\/www.laguiadepamplona.com\/actualidad\/wp-content\/uploads\/2022\/11\/BANO-PUBLICO-PARAGUAS_EE5A6804.webp","contentUrl":"https:\/\/www.laguiadepamplona.com\/actualidad\/wp-content\/uploads\/2022\/11\/BANO-PUBLICO-PARAGUAS_EE5A6804.webp","width":1920,"height":1280,"caption":"ba\u00f1o publico paraguas"},{"@type":"BreadcrumbList","@id":"https:\/\/www.laguiadepamplona.com\/actualidad\/aprobada-la-prorroga-del-contrato-de-gestion-de-nueve-aseos-publicos-municipales-la-casa-de-banos-y-las-duchas-de-antoniutti\/#breadcrumb","itemListElement":[{"@type":"ListItem","position":1,"name":"Portada","item":"https:\/\/www.laguiadepamplona.com\/actualidad\/"},{"@type":"ListItem","position":2,"name":"Aprobada la pr\u00f3rroga del contrato de gesti\u00f3n de nueve aseos p\u00fablicos municipales, la Casa de Ba\u00f1os y las duchas de Antoniutti"}]},{"@type":"WebSite","@id":"https:\/\/www.laguiadepamplona.com\/actualidad\/#website","url":"https:\/\/www.laguiadepamplona.com\/actualidad\/","name":"La gu\u00eda de Pamplona","description":"Noticias de Pamplona","publisher":{"@id":"https:\/\/www.laguiadepamplona.com\/actualidad\/#organization"},"potentialAction":[{"@type":"SearchAction","target":{"@type":"EntryPoint","urlTemplate":"https:\/\/www.laguiadepamplona.com\/actualidad\/?s={search_term_string}"},"query-input":{"@type":"PropertyValueSpecification","valueRequired":true,"valueName":"search_term_string"}}],"inLanguage":"es"},{"@type":"Organization","@id":"https:\/\/www.laguiadepamplona.com\/actualidad\/#organization","name":"La Gu\u00eda de Pamplona \/ Noticias","url":"https:\/\/www.laguiadepamplona.com\/actualidad\/","logo":{"@type":"ImageObject","inLanguage":"es","@id":"https:\/\/www.laguiadepamplona.com\/actualidad\/#\/schema\/logo\/image\/","url":"https:\/\/www.laguiadepamplona.com\/actualidad\/wp-content\/uploads\/2018\/11\/logo-laguiadepamplona18-web1.png","contentUrl":"https:\/\/www.laguiadepamplona.com\/actualidad\/wp-content\/uploads\/2018\/11\/logo-laguiadepamplona18-web1.png","width":600,"height":196,"caption":"La Gu\u00eda de Pamplona \/ Noticias"},"image":{"@id":"https:\/\/www.laguiadepamplona.com\/actualidad\/#\/schema\/logo\/image\/"},"sameAs":["https:\/\/www.facebook.com\/laguiadepamplonacom-133175176762273\/?ref=hl","https:\/\/x.com\/LaGuiadPamplona","https:\/\/www.instagram.com\/la_guia_de_pamplona\/","https:\/\/www.youtube.com\/user\/laguiadepamplona"]},{"@type":"Person","@id":"https:\/\/www.laguiadepamplona.com\/actualidad\/#\/schema\/person\/efe887376f0213d4657c93adc50b1fdb","name":"La Gu\u00eda de Pamplona","image":{"@type":"ImageObject","inLanguage":"es","@id":"https:\/\/secure.gravatar.com\/avatar\/b6992f131dc8d30ab0dff15446e9d346d9dbd95992de0fef795073f5ea83a81c?s=96&d=mm&r=g","url":"https:\/\/secure.gravatar.com\/avatar\/b6992f131dc8d30ab0dff15446e9d346d9dbd95992de0fef795073f5ea83a81c?s=96&d=mm&r=g","contentUrl":"https:\/\/secure.gravatar.com\/avatar\/b6992f131dc8d30ab0dff15446e9d346d9dbd95992de0fef795073f5ea83a81c?s=96&d=mm&r=g","caption":"La Gu\u00eda de Pamplona"}}]}},"post_mailing_queue_ids":[],"_links":{"self":[{"href":"https:\/\/www.laguiadepamplona.com\/actualidad\/wp-json\/wp\/v2\/posts\/47835","targetHints":{"allow":["GET"]}}],"collection":[{"href":"https:\/\/www.laguiadepamplona.com\/actualidad\/wp-json\/wp\/v2\/posts"}],"about":[{"href":"https:\/\/www.laguiadepamplona.com\/actualidad\/wp-json\/wp\/v2\/types\/post"}],"author":[{"embeddable":true,"href":"https:\/\/www.laguiadepamplona.com\/actualidad\/wp-json\/wp\/v2\/users\/1"}],"replies":[{"embeddable":true,"href":"https:\/\/www.laguiadepamplona.com\/actualidad\/wp-json\/wp\/v2\/comments?post=47835"}],"version-history":[{"count":1,"href":"https:\/\/www.laguiadepamplona.com\/actualidad\/wp-json\/wp\/v2\/posts\/47835\/revisions"}],"predecessor-version":[{"id":47836,"href":"https:\/\/www.laguiadepamplona.com\/actualidad\/wp-json\/wp\/v2\/posts\/47835\/revisions\/47836"}],"wp:featuredmedia":[{"embeddable":true,"href":"https:\/\/www.laguiadepamplona.com\/actualidad\/wp-json\/wp\/v2\/media\/42249"}],"wp:attachment":[{"href":"https:\/\/www.laguiadepamplona.com\/actualidad\/wp-json\/wp\/v2\/media?parent=47835"}],"wp:term":[{"taxonomy":"category","embeddable":true,"href":"https:\/\/www.laguiadepamplona.com\/actualidad\/wp-json\/wp\/v2\/categories?post=47835"},{"taxonomy":"post_tag","embeddable":true,"href":"https:\/\/www.laguiadepamplona.com\/actualidad\/wp-json\/wp\/v2\/tags?post=47835"}],"curies":[{"name":"wp","href":"https:\/\/api.w.org\/{rel}","templated":true}]}}