{"id":47833,"date":"2023-11-07T14:15:12","date_gmt":"2023-11-07T12:15:12","guid":{"rendered":"https:\/\/www.laguiadepamplona.com\/actualidad\/?p=47833"},"modified":"2023-11-07T14:15:12","modified_gmt":"2023-11-07T12:15:12","slug":"el-ayuntamiento-de-pamplona-adelanta-la-convocatoria-del-programa-bonotaxi-para-que-las-personas-beneficiarias-reciban-las-ayudas-al-transporte-desde-el-mes-de-enero","status":"publish","type":"post","link":"https:\/\/www.laguiadepamplona.com\/actualidad\/el-ayuntamiento-de-pamplona-adelanta-la-convocatoria-del-programa-bonotaxi-para-que-las-personas-beneficiarias-reciban-las-ayudas-al-transporte-desde-el-mes-de-enero\/","title":{"rendered":"El Ayuntamiento de Pamplona adelanta la convocatoria del programa Bonotaxi para que las personas beneficiarias reciban las ayudas al transporte desde el mes de enero"},"content":{"rendered":"<h3>Se dota a la convocatoria desde el inicio de un presupuesto de 267.000 euros para no tramitar ampliaciones de cr\u00e9dito como suele ser habitual cada a\u00f1o<\/h3>\n<p><!--more--><\/p>\n<p>A mediados del mes de noviembre, se publicar\u00e1 en el Bolet\u00edn Oficial de Navarra la convocatoria de ayudas al transporte que el Ayuntamiento de Pamplona concede a trav\u00e9s del programa Bonotaxi a personas con dificultades de movilidad. La publicaci\u00f3n se va a adelantar casi dos meses para que las ayudas puedan llegar ya en el mes de enero. Este mes y medio de margen servir\u00e1 para valorar las solicitudes que se presenten y conceder las ayudas.<\/p>\n<p>Hasta ahora, la convocatoria se publicaba en enero y, con los tr\u00e1mites administrativos de presentaci\u00f3n de solicitudes, valoraci\u00f3n y concesi\u00f3n, la puesta en marcha del programa se dilataba hasta febrero o marzo. Las personas usuarias del programa no contaban con la ayuda municipal durante esos dos o tres meses, por lo que se les dificultaba su movilidad e independencia. Un total de 728 personas se beneficiaron durante 2022 de las ayudas al transporte a trav\u00e9s de la convocatoria del programa Bonotaxi, un 30% m\u00e1s de personas que en 2019 cuando accedieron al programa 568 personas. En este 2023, sin finalizar a\u00fan el a\u00f1o, la previsi\u00f3n de las personas usuarias se mantiene en torno a esa cifra.<\/p>\n<p>El concejal delegado de Servicios Sociales, Deporte y Salud, Ra\u00fal Armend\u00e1riz, ha presentado esta ma\u00f1ana las novedades de esta convocatoria de ayudas. Junto al adelanto de plazos, el Ayuntamiento de Pamplona ha introducido mejoras en el baremo de concesi\u00f3n. Se ha modificado el baremo de ingresos en las unidades familiares de m\u00e1s de un miembro para que familias que hasta ahora se quedaban fuera pueden resultar beneficiarias y verse favorecidas en su movilidad y accesibilidad.<br \/>\n<script async src=\"\/\/pagead2.googlesyndication.com\/pagead\/js\/adsbygoogle.js\"><\/script><br \/>\n<!-- Noticias La Guia de Pamplona --><br \/>\n<ins class=\"adsbygoogle\"\nstyle=\"display:block\"\ndata-ad-client=\"ca-pub-6943679897239327\"\ndata-ad-slot=\"7048180777\"\ndata-ad-format=\"auto\"><\/ins><br \/>\n<script>\n(adsbygoogle = window.adsbygoogle || []).push({});\n<\/script><\/p>\n<p><strong>Favorecer el transporte a personas con dificultades de movilidad<\/strong><\/p>\n<p>La convocatoria cuenta con un presupuesto de 267.000 euros desde el inicio de su tramitaci\u00f3n. De esta forma, se genera desde el primer momento el cr\u00e9dito suficiente para cubrir las ayudas durante el ejercicio completo. En a\u00f1os anteriores y en este 2023, ha sido necesario ampliar con distintas cantidades el presupuesto inicial de 190.000 euros de la convocatoria para poder financiar el programa. En 2023 se ha aprobado un gasto total de 267.800 euros.<\/p>\n<p>La finalidad de estas ayudas es favorecer el desplazamiento en la ciudad a personas con dificultades de movilidad para que puedan desarrollar una vida independiente y, en consecuencia, disfrutar de los mismos derechos en las mismas condiciones que el resto de la ciudadan\u00eda. La convocatoria regula la concesi\u00f3n de esas ayudas individuales en forma de tarjeta bono-taxi para la utilizaci\u00f3n de un medio de transporte adaptado (taxi).<\/p>\n<p>El plazo de presentaci\u00f3n de solicitudes comenzar\u00e1 una vez que se publique la convocatoria en el Bolet\u00edn Oficial de Navarra. El Ayuntamiento de Pamplona se ha puesto en contacto con COCEMFE, que gestiona el programa Bonotaxi, para que comunique y d\u00e9 a conocer a las personas usuarias el adelanto de la convocatoria para poder ir preparando las solicitudes de renovaci\u00f3n.<br \/>\n<script async src=\"\/\/pagead2.googlesyndication.com\/pagead\/js\/adsbygoogle.js\"><\/script><br \/>\n<!-- Noticias La Guia de Pamplona --><br \/>\n<ins class=\"adsbygoogle\"\nstyle=\"display:block\"\ndata-ad-client=\"ca-pub-6943679897239327\"\ndata-ad-slot=\"7048180777\"\ndata-ad-format=\"auto\"><\/ins><br \/>\n<script>\n(adsbygoogle = window.adsbygoogle || []).push({});\n<\/script><\/p>\n<p><strong>Requisitos para la convocatoria<\/strong><\/p>\n<p>Pueden concurrir a la convocatoria personas empadronadas en Pamplona desde el 1 de enero del 2023 afectadas por una discapacidad que, en grado igual o superior al 33%, le dificulte gravemente el acceso a los transportes colectivos, y as\u00ed se acredite en el Certificado Oficial de Discapacidad emitido por la Agencia Navarra para la Autonom\u00eda de las Personas (ANAP). Las personas beneficiarias deben permanecer de alta en el Padr\u00f3n mientras se perciba la ayuda.<\/p>\n<p>No deben poseer carn\u00e9 de conducir o, habi\u00e9ndolo pose\u00eddo, no encontrarse en condiciones f\u00edsicas para conducir a causa de la discapacidad, acreditando dicha circunstancia mediante certificado m\u00e9dico. Tampoco deben tener veh\u00edculo propio adaptado para la conducci\u00f3n por persona con discapacidad motora, en el supuesto de solicitantes mayores de 18 a\u00f1os. Los \u00faltimos requisitos tienen que ver con cuestiones econ\u00f3micas, pues los ingresos m\u00e1ximos anuales de la unidad familiar en el \u00faltimo ejercicio declarado para el IRPF, deben situarse en determinados baremos. La unidad familiar no debe superar un patrimonio superior a 150.000 euros, exceptuando el valor de su vivienda habitual.<\/p>\n<p>La cuant\u00eda m\u00e1xima para cada persona beneficiaria se establece en un m\u00e1ximo por mes y se determina en funci\u00f3n de dificultad de acceso a los transportes colectivos. Se establece un m\u00e1ximo de 103 euros de ayudas y un m\u00ednimo de 62 euros. En el caso de que la persona beneficiaria viva en un centro residencial, las cuant\u00edas no podr\u00e1n superar los 86 y los 52 euros, respectivamente. Se conceder\u00e1 un 25% adicional si se acredita la necesidad diaria de utilizar el taxi para acudir a un centro de trabajo o a un centro de estudios de ense\u00f1anza reglada postobligatoria, siempre y cuando el centro no ofrezca la posibilidad de un medio de transporte adaptado. Se reducir\u00e1 un 10% la cuant\u00eda mensual m\u00e1xima cuando las personas beneficiarias sean titulares de tarjeta de aparcamiento para personas con discapacidad.<br \/>\n<script async src=\"\/\/pagead2.googlesyndication.com\/pagead\/js\/adsbygoogle.js\"><\/script><br \/>\n<!-- Noticias La Guia de Pamplona --><br \/>\n<ins class=\"adsbygoogle\"\nstyle=\"display:block\"\ndata-ad-client=\"ca-pub-6943679897239327\"\ndata-ad-slot=\"7048180777\"\ndata-ad-format=\"auto\"><\/ins><br \/>\n<script>\n(adsbygoogle = window.adsbygoogle || []).push({});\n<\/script><\/p>\n<p><strong>Tarjeta monedero para el pago del transporte<\/strong><\/p>\n<p>La subvenci\u00f3n se concreta a trav\u00e9s de una tarjeta electr\u00f3nica que utilizar\u00e1n las personas beneficiarias en sus desplazamientos personales, haciendo uso del servicio p\u00fablico de taxi, desde el 1 de enero al 31 de diciembre, de acuerdo a una serie de condiciones. Los bono-taxi ser\u00e1n de uso personal e intransferible y se expedir\u00e1n en forma de tarjeta monedero electr\u00f3nica por la entidad colaboradora entre las personas beneficiarias de esta convocatoria.<\/p>\n<p>A la petici\u00f3n del taxi, la persona beneficiaria deber\u00e1 advertir con antelaci\u00f3n de la utilizaci\u00f3n de la tarjeta monedero. Se ver\u00e1 obligada a presentar, a solicitud de los taxistas, su identificaci\u00f3n personal mediante presentaci\u00f3n del DNI o cualquier otro documento que acredite su identificaci\u00f3n. El bono taxi podr\u00e1 utilizarse en cualquier tipo de taxi adaptado y\/o accesible del servicio de taxi de la comarca de Pamplona. Podr\u00e1 utilizarse para desplazamientos dentro del t\u00e9rmino municipal y para desplazamientos dentro del \u00c1rea interurbana del Transporte P\u00fablico de la Comarca de Pamplona.<\/p>\n<p>La persona beneficiaria estar\u00e1 obligada a comunicar los cambios que se produzcan en su situaci\u00f3n y que afecten al derecho de acceso al programa. Las cuant\u00edas bono-taxis correspondientes a cada mes tendr\u00e1n validez hasta el \u00faltimo d\u00eda del mes natural en el que se incluyan, hasta el 31 de diciembre de 2024. En la resoluci\u00f3n emitida por el centro de reconocimiento de discapacidad deber\u00e1 constar la dificultad de la persona solicitante para utilizar el transporte colectivo.<\/p>\n","protected":false},"excerpt":{"rendered":"<p>Se dota a la convocatoria desde el inicio de un presupuesto de 267.000 euros para no tramitar ampliaciones de cr\u00e9dito como suele ser habitual cada a\u00f1o<\/p>\n","protected":false},"author":1,"featured_media":42679,"comment_status":"open","ping_status":"closed","sticky":false,"template":"","format":"standard","meta":{"footnotes":""},"categories":[2],"tags":[],"class_list":["post-47833","post","type-post","status-publish","format-standard","has-post-thumbnail","hentry","category-ayuntamiento-pamplona"],"yoast_head":"<!-- This site is optimized with the Yoast SEO plugin v27.3 - https:\/\/yoast.com\/product\/yoast-seo-wordpress\/ -->\n<title>El Ayuntamiento de Pamplona adelanta la convocatoria del programa Bonotaxi para que las personas beneficiarias reciban las ayudas al transporte desde el mes de enero<\/title>\n<meta name=\"description\" content=\"Se dota a la convocatoria desde el inicio de un presupuesto de 267.000 euros para no tramitar ampliaciones de cr\u00e9dito como suele ser habitual cada a\u00f1o\" \/>\n<meta name=\"robots\" content=\"index, follow, max-snippet:-1, max-image-preview:large, max-video-preview:-1\" \/>\n<link rel=\"canonical\" href=\"https:\/\/www.laguiadepamplona.com\/actualidad\/el-ayuntamiento-de-pamplona-adelanta-la-convocatoria-del-programa-bonotaxi-para-que-las-personas-beneficiarias-reciban-las-ayudas-al-transporte-desde-el-mes-de-enero\/\" \/>\n<meta property=\"og:locale\" content=\"es_ES\" \/>\n<meta property=\"og:type\" content=\"article\" \/>\n<meta property=\"og:title\" content=\"El Ayuntamiento de Pamplona adelanta la convocatoria del programa Bonotaxi para que las personas beneficiarias reciban las ayudas al transporte desde el mes de enero\" \/>\n<meta property=\"og:description\" content=\"Se dota a la convocatoria desde el inicio de un presupuesto de 267.000 euros para no tramitar ampliaciones de cr\u00e9dito como suele ser habitual cada a\u00f1o\" \/>\n<meta property=\"og:url\" content=\"https:\/\/www.laguiadepamplona.com\/actualidad\/el-ayuntamiento-de-pamplona-adelanta-la-convocatoria-del-programa-bonotaxi-para-que-las-personas-beneficiarias-reciban-las-ayudas-al-transporte-desde-el-mes-de-enero\/\" \/>\n<meta property=\"og:site_name\" content=\"La Gu\u00eda de Pamplona\" \/>\n<meta property=\"article:publisher\" content=\"https:\/\/www.facebook.com\/laguiadepamplonacom-133175176762273\/?ref=hl\" \/>\n<meta property=\"article:published_time\" content=\"2023-11-07T12:15:12+00:00\" \/>\n<meta property=\"og:image\" content=\"https:\/\/www.laguiadepamplona.com\/actualidad\/wp-content\/uploads\/2023\/01\/q5a2624bonotaxi23-01-23.webp\" \/>\n\t<meta property=\"og:image:width\" content=\"1920\" \/>\n\t<meta property=\"og:image:height\" content=\"1281\" \/>\n\t<meta property=\"og:image:type\" content=\"image\/webp\" \/>\n<meta name=\"author\" content=\"La Gu\u00eda de Pamplona\" \/>\n<meta name=\"twitter:card\" content=\"summary_large_image\" \/>\n<meta name=\"twitter:creator\" content=\"@LaGuiadPamplona\" \/>\n<meta name=\"twitter:site\" content=\"@LaGuiadPamplona\" \/>\n<meta name=\"twitter:label1\" content=\"Escrito por\" \/>\n\t<meta name=\"twitter:data1\" content=\"La Gu\u00eda de Pamplona\" \/>\n\t<meta name=\"twitter:label2\" content=\"Tiempo de lectura\" \/>\n\t<meta name=\"twitter:data2\" content=\"5 minutos\" \/>\n<script type=\"application\/ld+json\" class=\"yoast-schema-graph\">{\"@context\":\"https:\\\/\\\/schema.org\",\"@graph\":[{\"@type\":\"Article\",\"@id\":\"https:\\\/\\\/www.laguiadepamplona.com\\\/actualidad\\\/el-ayuntamiento-de-pamplona-adelanta-la-convocatoria-del-programa-bonotaxi-para-que-las-personas-beneficiarias-reciban-las-ayudas-al-transporte-desde-el-mes-de-enero\\\/#article\",\"isPartOf\":{\"@id\":\"https:\\\/\\\/www.laguiadepamplona.com\\\/actualidad\\\/el-ayuntamiento-de-pamplona-adelanta-la-convocatoria-del-programa-bonotaxi-para-que-las-personas-beneficiarias-reciban-las-ayudas-al-transporte-desde-el-mes-de-enero\\\/\"},\"author\":{\"name\":\"La Gu\u00eda de Pamplona\",\"@id\":\"https:\\\/\\\/www.laguiadepamplona.com\\\/actualidad\\\/#\\\/schema\\\/person\\\/efe887376f0213d4657c93adc50b1fdb\"},\"headline\":\"El Ayuntamiento de Pamplona adelanta la convocatoria del programa Bonotaxi para que las personas beneficiarias reciban las ayudas al transporte desde el mes de enero\",\"datePublished\":\"2023-11-07T12:15:12+00:00\",\"mainEntityOfPage\":{\"@id\":\"https:\\\/\\\/www.laguiadepamplona.com\\\/actualidad\\\/el-ayuntamiento-de-pamplona-adelanta-la-convocatoria-del-programa-bonotaxi-para-que-las-personas-beneficiarias-reciban-las-ayudas-al-transporte-desde-el-mes-de-enero\\\/\"},\"wordCount\":1129,\"commentCount\":0,\"publisher\":{\"@id\":\"https:\\\/\\\/www.laguiadepamplona.com\\\/actualidad\\\/#organization\"},\"image\":{\"@id\":\"https:\\\/\\\/www.laguiadepamplona.com\\\/actualidad\\\/el-ayuntamiento-de-pamplona-adelanta-la-convocatoria-del-programa-bonotaxi-para-que-las-personas-beneficiarias-reciban-las-ayudas-al-transporte-desde-el-mes-de-enero\\\/#primaryimage\"},\"thumbnailUrl\":\"https:\\\/\\\/www.laguiadepamplona.com\\\/actualidad\\\/wp-content\\\/uploads\\\/2023\\\/01\\\/q5a2624bonotaxi23-01-23.webp\",\"articleSection\":[\"Ayto Pamplona\"],\"inLanguage\":\"es\",\"potentialAction\":[{\"@type\":\"CommentAction\",\"name\":\"Comment\",\"target\":[\"https:\\\/\\\/www.laguiadepamplona.com\\\/actualidad\\\/el-ayuntamiento-de-pamplona-adelanta-la-convocatoria-del-programa-bonotaxi-para-que-las-personas-beneficiarias-reciban-las-ayudas-al-transporte-desde-el-mes-de-enero\\\/#respond\"]}]},{\"@type\":\"WebPage\",\"@id\":\"https:\\\/\\\/www.laguiadepamplona.com\\\/actualidad\\\/el-ayuntamiento-de-pamplona-adelanta-la-convocatoria-del-programa-bonotaxi-para-que-las-personas-beneficiarias-reciban-las-ayudas-al-transporte-desde-el-mes-de-enero\\\/\",\"url\":\"https:\\\/\\\/www.laguiadepamplona.com\\\/actualidad\\\/el-ayuntamiento-de-pamplona-adelanta-la-convocatoria-del-programa-bonotaxi-para-que-las-personas-beneficiarias-reciban-las-ayudas-al-transporte-desde-el-mes-de-enero\\\/\",\"name\":\"El Ayuntamiento de Pamplona adelanta la convocatoria del programa Bonotaxi para que las personas beneficiarias reciban las ayudas al transporte desde el mes de enero\",\"isPartOf\":{\"@id\":\"https:\\\/\\\/www.laguiadepamplona.com\\\/actualidad\\\/#website\"},\"primaryImageOfPage\":{\"@id\":\"https:\\\/\\\/www.laguiadepamplona.com\\\/actualidad\\\/el-ayuntamiento-de-pamplona-adelanta-la-convocatoria-del-programa-bonotaxi-para-que-las-personas-beneficiarias-reciban-las-ayudas-al-transporte-desde-el-mes-de-enero\\\/#primaryimage\"},\"image\":{\"@id\":\"https:\\\/\\\/www.laguiadepamplona.com\\\/actualidad\\\/el-ayuntamiento-de-pamplona-adelanta-la-convocatoria-del-programa-bonotaxi-para-que-las-personas-beneficiarias-reciban-las-ayudas-al-transporte-desde-el-mes-de-enero\\\/#primaryimage\"},\"thumbnailUrl\":\"https:\\\/\\\/www.laguiadepamplona.com\\\/actualidad\\\/wp-content\\\/uploads\\\/2023\\\/01\\\/q5a2624bonotaxi23-01-23.webp\",\"datePublished\":\"2023-11-07T12:15:12+00:00\",\"description\":\"Se dota a la convocatoria desde el inicio de un presupuesto de 267.000 euros para no tramitar ampliaciones de cr\u00e9dito como suele ser habitual cada a\u00f1o\",\"breadcrumb\":{\"@id\":\"https:\\\/\\\/www.laguiadepamplona.com\\\/actualidad\\\/el-ayuntamiento-de-pamplona-adelanta-la-convocatoria-del-programa-bonotaxi-para-que-las-personas-beneficiarias-reciban-las-ayudas-al-transporte-desde-el-mes-de-enero\\\/#breadcrumb\"},\"inLanguage\":\"es\",\"potentialAction\":[{\"@type\":\"ReadAction\",\"target\":[\"https:\\\/\\\/www.laguiadepamplona.com\\\/actualidad\\\/el-ayuntamiento-de-pamplona-adelanta-la-convocatoria-del-programa-bonotaxi-para-que-las-personas-beneficiarias-reciban-las-ayudas-al-transporte-desde-el-mes-de-enero\\\/\"]}]},{\"@type\":\"ImageObject\",\"inLanguage\":\"es\",\"@id\":\"https:\\\/\\\/www.laguiadepamplona.com\\\/actualidad\\\/el-ayuntamiento-de-pamplona-adelanta-la-convocatoria-del-programa-bonotaxi-para-que-las-personas-beneficiarias-reciban-las-ayudas-al-transporte-desde-el-mes-de-enero\\\/#primaryimage\",\"url\":\"https:\\\/\\\/www.laguiadepamplona.com\\\/actualidad\\\/wp-content\\\/uploads\\\/2023\\\/01\\\/q5a2624bonotaxi23-01-23.webp\",\"contentUrl\":\"https:\\\/\\\/www.laguiadepamplona.com\\\/actualidad\\\/wp-content\\\/uploads\\\/2023\\\/01\\\/q5a2624bonotaxi23-01-23.webp\",\"width\":1920,\"height\":1281,\"caption\":\"bono taxi\"},{\"@type\":\"BreadcrumbList\",\"@id\":\"https:\\\/\\\/www.laguiadepamplona.com\\\/actualidad\\\/el-ayuntamiento-de-pamplona-adelanta-la-convocatoria-del-programa-bonotaxi-para-que-las-personas-beneficiarias-reciban-las-ayudas-al-transporte-desde-el-mes-de-enero\\\/#breadcrumb\",\"itemListElement\":[{\"@type\":\"ListItem\",\"position\":1,\"name\":\"Portada\",\"item\":\"https:\\\/\\\/www.laguiadepamplona.com\\\/actualidad\\\/\"},{\"@type\":\"ListItem\",\"position\":2,\"name\":\"El Ayuntamiento de Pamplona adelanta la convocatoria del programa Bonotaxi para que las personas beneficiarias reciban las ayudas al transporte desde el mes de enero\"}]},{\"@type\":\"WebSite\",\"@id\":\"https:\\\/\\\/www.laguiadepamplona.com\\\/actualidad\\\/#website\",\"url\":\"https:\\\/\\\/www.laguiadepamplona.com\\\/actualidad\\\/\",\"name\":\"La gu\u00eda de Pamplona\",\"description\":\"Noticias de Pamplona\",\"publisher\":{\"@id\":\"https:\\\/\\\/www.laguiadepamplona.com\\\/actualidad\\\/#organization\"},\"potentialAction\":[{\"@type\":\"SearchAction\",\"target\":{\"@type\":\"EntryPoint\",\"urlTemplate\":\"https:\\\/\\\/www.laguiadepamplona.com\\\/actualidad\\\/?s={search_term_string}\"},\"query-input\":{\"@type\":\"PropertyValueSpecification\",\"valueRequired\":true,\"valueName\":\"search_term_string\"}}],\"inLanguage\":\"es\"},{\"@type\":\"Organization\",\"@id\":\"https:\\\/\\\/www.laguiadepamplona.com\\\/actualidad\\\/#organization\",\"name\":\"La Gu\u00eda de Pamplona \\\/ Noticias\",\"url\":\"https:\\\/\\\/www.laguiadepamplona.com\\\/actualidad\\\/\",\"logo\":{\"@type\":\"ImageObject\",\"inLanguage\":\"es\",\"@id\":\"https:\\\/\\\/www.laguiadepamplona.com\\\/actualidad\\\/#\\\/schema\\\/logo\\\/image\\\/\",\"url\":\"https:\\\/\\\/www.laguiadepamplona.com\\\/actualidad\\\/wp-content\\\/uploads\\\/2018\\\/11\\\/logo-laguiadepamplona18-web1.png\",\"contentUrl\":\"https:\\\/\\\/www.laguiadepamplona.com\\\/actualidad\\\/wp-content\\\/uploads\\\/2018\\\/11\\\/logo-laguiadepamplona18-web1.png\",\"width\":600,\"height\":196,\"caption\":\"La Gu\u00eda de Pamplona \\\/ Noticias\"},\"image\":{\"@id\":\"https:\\\/\\\/www.laguiadepamplona.com\\\/actualidad\\\/#\\\/schema\\\/logo\\\/image\\\/\"},\"sameAs\":[\"https:\\\/\\\/www.facebook.com\\\/laguiadepamplonacom-133175176762273\\\/?ref=hl\",\"https:\\\/\\\/x.com\\\/LaGuiadPamplona\",\"https:\\\/\\\/www.instagram.com\\\/la_guia_de_pamplona\\\/\",\"https:\\\/\\\/www.youtube.com\\\/user\\\/laguiadepamplona\"]},{\"@type\":\"Person\",\"@id\":\"https:\\\/\\\/www.laguiadepamplona.com\\\/actualidad\\\/#\\\/schema\\\/person\\\/efe887376f0213d4657c93adc50b1fdb\",\"name\":\"La Gu\u00eda de Pamplona\",\"image\":{\"@type\":\"ImageObject\",\"inLanguage\":\"es\",\"@id\":\"https:\\\/\\\/secure.gravatar.com\\\/avatar\\\/b6992f131dc8d30ab0dff15446e9d346d9dbd95992de0fef795073f5ea83a81c?s=96&d=mm&r=g\",\"url\":\"https:\\\/\\\/secure.gravatar.com\\\/avatar\\\/b6992f131dc8d30ab0dff15446e9d346d9dbd95992de0fef795073f5ea83a81c?s=96&d=mm&r=g\",\"contentUrl\":\"https:\\\/\\\/secure.gravatar.com\\\/avatar\\\/b6992f131dc8d30ab0dff15446e9d346d9dbd95992de0fef795073f5ea83a81c?s=96&d=mm&r=g\",\"caption\":\"La Gu\u00eda de Pamplona\"}}]}<\/script>\n<!-- \/ Yoast SEO plugin. -->","yoast_head_json":{"title":"El Ayuntamiento de Pamplona adelanta la convocatoria del programa Bonotaxi para que las personas beneficiarias reciban las ayudas al transporte desde el mes de enero","description":"Se dota a la convocatoria desde el inicio de un presupuesto de 267.000 euros para no tramitar ampliaciones de cr\u00e9dito como suele ser habitual cada a\u00f1o","robots":{"index":"index","follow":"follow","max-snippet":"max-snippet:-1","max-image-preview":"max-image-preview:large","max-video-preview":"max-video-preview:-1"},"canonical":"https:\/\/www.laguiadepamplona.com\/actualidad\/el-ayuntamiento-de-pamplona-adelanta-la-convocatoria-del-programa-bonotaxi-para-que-las-personas-beneficiarias-reciban-las-ayudas-al-transporte-desde-el-mes-de-enero\/","og_locale":"es_ES","og_type":"article","og_title":"El Ayuntamiento de Pamplona adelanta la convocatoria del programa Bonotaxi para que las personas beneficiarias reciban las ayudas al transporte desde el mes de enero","og_description":"Se dota a la convocatoria desde el inicio de un presupuesto de 267.000 euros para no tramitar ampliaciones de cr\u00e9dito como suele ser habitual cada a\u00f1o","og_url":"https:\/\/www.laguiadepamplona.com\/actualidad\/el-ayuntamiento-de-pamplona-adelanta-la-convocatoria-del-programa-bonotaxi-para-que-las-personas-beneficiarias-reciban-las-ayudas-al-transporte-desde-el-mes-de-enero\/","og_site_name":"La Gu\u00eda de Pamplona","article_publisher":"https:\/\/www.facebook.com\/laguiadepamplonacom-133175176762273\/?ref=hl","article_published_time":"2023-11-07T12:15:12+00:00","og_image":[{"width":1920,"height":1281,"url":"https:\/\/www.laguiadepamplona.com\/actualidad\/wp-content\/uploads\/2023\/01\/q5a2624bonotaxi23-01-23.webp","type":"image\/webp"}],"author":"La Gu\u00eda de Pamplona","twitter_card":"summary_large_image","twitter_creator":"@LaGuiadPamplona","twitter_site":"@LaGuiadPamplona","twitter_misc":{"Escrito por":"La Gu\u00eda de Pamplona","Tiempo de lectura":"5 minutos"},"schema":{"@context":"https:\/\/schema.org","@graph":[{"@type":"Article","@id":"https:\/\/www.laguiadepamplona.com\/actualidad\/el-ayuntamiento-de-pamplona-adelanta-la-convocatoria-del-programa-bonotaxi-para-que-las-personas-beneficiarias-reciban-las-ayudas-al-transporte-desde-el-mes-de-enero\/#article","isPartOf":{"@id":"https:\/\/www.laguiadepamplona.com\/actualidad\/el-ayuntamiento-de-pamplona-adelanta-la-convocatoria-del-programa-bonotaxi-para-que-las-personas-beneficiarias-reciban-las-ayudas-al-transporte-desde-el-mes-de-enero\/"},"author":{"name":"La Gu\u00eda de Pamplona","@id":"https:\/\/www.laguiadepamplona.com\/actualidad\/#\/schema\/person\/efe887376f0213d4657c93adc50b1fdb"},"headline":"El Ayuntamiento de Pamplona adelanta la convocatoria del programa Bonotaxi para que las personas beneficiarias reciban las ayudas al transporte desde el mes de enero","datePublished":"2023-11-07T12:15:12+00:00","mainEntityOfPage":{"@id":"https:\/\/www.laguiadepamplona.com\/actualidad\/el-ayuntamiento-de-pamplona-adelanta-la-convocatoria-del-programa-bonotaxi-para-que-las-personas-beneficiarias-reciban-las-ayudas-al-transporte-desde-el-mes-de-enero\/"},"wordCount":1129,"commentCount":0,"publisher":{"@id":"https:\/\/www.laguiadepamplona.com\/actualidad\/#organization"},"image":{"@id":"https:\/\/www.laguiadepamplona.com\/actualidad\/el-ayuntamiento-de-pamplona-adelanta-la-convocatoria-del-programa-bonotaxi-para-que-las-personas-beneficiarias-reciban-las-ayudas-al-transporte-desde-el-mes-de-enero\/#primaryimage"},"thumbnailUrl":"https:\/\/www.laguiadepamplona.com\/actualidad\/wp-content\/uploads\/2023\/01\/q5a2624bonotaxi23-01-23.webp","articleSection":["Ayto Pamplona"],"inLanguage":"es","potentialAction":[{"@type":"CommentAction","name":"Comment","target":["https:\/\/www.laguiadepamplona.com\/actualidad\/el-ayuntamiento-de-pamplona-adelanta-la-convocatoria-del-programa-bonotaxi-para-que-las-personas-beneficiarias-reciban-las-ayudas-al-transporte-desde-el-mes-de-enero\/#respond"]}]},{"@type":"WebPage","@id":"https:\/\/www.laguiadepamplona.com\/actualidad\/el-ayuntamiento-de-pamplona-adelanta-la-convocatoria-del-programa-bonotaxi-para-que-las-personas-beneficiarias-reciban-las-ayudas-al-transporte-desde-el-mes-de-enero\/","url":"https:\/\/www.laguiadepamplona.com\/actualidad\/el-ayuntamiento-de-pamplona-adelanta-la-convocatoria-del-programa-bonotaxi-para-que-las-personas-beneficiarias-reciban-las-ayudas-al-transporte-desde-el-mes-de-enero\/","name":"El Ayuntamiento de Pamplona adelanta la convocatoria del programa Bonotaxi para que las personas beneficiarias reciban las ayudas al transporte desde el mes de enero","isPartOf":{"@id":"https:\/\/www.laguiadepamplona.com\/actualidad\/#website"},"primaryImageOfPage":{"@id":"https:\/\/www.laguiadepamplona.com\/actualidad\/el-ayuntamiento-de-pamplona-adelanta-la-convocatoria-del-programa-bonotaxi-para-que-las-personas-beneficiarias-reciban-las-ayudas-al-transporte-desde-el-mes-de-enero\/#primaryimage"},"image":{"@id":"https:\/\/www.laguiadepamplona.com\/actualidad\/el-ayuntamiento-de-pamplona-adelanta-la-convocatoria-del-programa-bonotaxi-para-que-las-personas-beneficiarias-reciban-las-ayudas-al-transporte-desde-el-mes-de-enero\/#primaryimage"},"thumbnailUrl":"https:\/\/www.laguiadepamplona.com\/actualidad\/wp-content\/uploads\/2023\/01\/q5a2624bonotaxi23-01-23.webp","datePublished":"2023-11-07T12:15:12+00:00","description":"Se dota a la convocatoria desde el inicio de un presupuesto de 267.000 euros para no tramitar ampliaciones de cr\u00e9dito como suele ser habitual cada a\u00f1o","breadcrumb":{"@id":"https:\/\/www.laguiadepamplona.com\/actualidad\/el-ayuntamiento-de-pamplona-adelanta-la-convocatoria-del-programa-bonotaxi-para-que-las-personas-beneficiarias-reciban-las-ayudas-al-transporte-desde-el-mes-de-enero\/#breadcrumb"},"inLanguage":"es","potentialAction":[{"@type":"ReadAction","target":["https:\/\/www.laguiadepamplona.com\/actualidad\/el-ayuntamiento-de-pamplona-adelanta-la-convocatoria-del-programa-bonotaxi-para-que-las-personas-beneficiarias-reciban-las-ayudas-al-transporte-desde-el-mes-de-enero\/"]}]},{"@type":"ImageObject","inLanguage":"es","@id":"https:\/\/www.laguiadepamplona.com\/actualidad\/el-ayuntamiento-de-pamplona-adelanta-la-convocatoria-del-programa-bonotaxi-para-que-las-personas-beneficiarias-reciban-las-ayudas-al-transporte-desde-el-mes-de-enero\/#primaryimage","url":"https:\/\/www.laguiadepamplona.com\/actualidad\/wp-content\/uploads\/2023\/01\/q5a2624bonotaxi23-01-23.webp","contentUrl":"https:\/\/www.laguiadepamplona.com\/actualidad\/wp-content\/uploads\/2023\/01\/q5a2624bonotaxi23-01-23.webp","width":1920,"height":1281,"caption":"bono taxi"},{"@type":"BreadcrumbList","@id":"https:\/\/www.laguiadepamplona.com\/actualidad\/el-ayuntamiento-de-pamplona-adelanta-la-convocatoria-del-programa-bonotaxi-para-que-las-personas-beneficiarias-reciban-las-ayudas-al-transporte-desde-el-mes-de-enero\/#breadcrumb","itemListElement":[{"@type":"ListItem","position":1,"name":"Portada","item":"https:\/\/www.laguiadepamplona.com\/actualidad\/"},{"@type":"ListItem","position":2,"name":"El Ayuntamiento de Pamplona adelanta la convocatoria del programa Bonotaxi para que las personas beneficiarias reciban las ayudas al transporte desde el mes de enero"}]},{"@type":"WebSite","@id":"https:\/\/www.laguiadepamplona.com\/actualidad\/#website","url":"https:\/\/www.laguiadepamplona.com\/actualidad\/","name":"La gu\u00eda de Pamplona","description":"Noticias de Pamplona","publisher":{"@id":"https:\/\/www.laguiadepamplona.com\/actualidad\/#organization"},"potentialAction":[{"@type":"SearchAction","target":{"@type":"EntryPoint","urlTemplate":"https:\/\/www.laguiadepamplona.com\/actualidad\/?s={search_term_string}"},"query-input":{"@type":"PropertyValueSpecification","valueRequired":true,"valueName":"search_term_string"}}],"inLanguage":"es"},{"@type":"Organization","@id":"https:\/\/www.laguiadepamplona.com\/actualidad\/#organization","name":"La Gu\u00eda de Pamplona \/ Noticias","url":"https:\/\/www.laguiadepamplona.com\/actualidad\/","logo":{"@type":"ImageObject","inLanguage":"es","@id":"https:\/\/www.laguiadepamplona.com\/actualidad\/#\/schema\/logo\/image\/","url":"https:\/\/www.laguiadepamplona.com\/actualidad\/wp-content\/uploads\/2018\/11\/logo-laguiadepamplona18-web1.png","contentUrl":"https:\/\/www.laguiadepamplona.com\/actualidad\/wp-content\/uploads\/2018\/11\/logo-laguiadepamplona18-web1.png","width":600,"height":196,"caption":"La Gu\u00eda de Pamplona \/ Noticias"},"image":{"@id":"https:\/\/www.laguiadepamplona.com\/actualidad\/#\/schema\/logo\/image\/"},"sameAs":["https:\/\/www.facebook.com\/laguiadepamplonacom-133175176762273\/?ref=hl","https:\/\/x.com\/LaGuiadPamplona","https:\/\/www.instagram.com\/la_guia_de_pamplona\/","https:\/\/www.youtube.com\/user\/laguiadepamplona"]},{"@type":"Person","@id":"https:\/\/www.laguiadepamplona.com\/actualidad\/#\/schema\/person\/efe887376f0213d4657c93adc50b1fdb","name":"La Gu\u00eda de Pamplona","image":{"@type":"ImageObject","inLanguage":"es","@id":"https:\/\/secure.gravatar.com\/avatar\/b6992f131dc8d30ab0dff15446e9d346d9dbd95992de0fef795073f5ea83a81c?s=96&d=mm&r=g","url":"https:\/\/secure.gravatar.com\/avatar\/b6992f131dc8d30ab0dff15446e9d346d9dbd95992de0fef795073f5ea83a81c?s=96&d=mm&r=g","contentUrl":"https:\/\/secure.gravatar.com\/avatar\/b6992f131dc8d30ab0dff15446e9d346d9dbd95992de0fef795073f5ea83a81c?s=96&d=mm&r=g","caption":"La Gu\u00eda de Pamplona"}}]}},"post_mailing_queue_ids":[],"_links":{"self":[{"href":"https:\/\/www.laguiadepamplona.com\/actualidad\/wp-json\/wp\/v2\/posts\/47833","targetHints":{"allow":["GET"]}}],"collection":[{"href":"https:\/\/www.laguiadepamplona.com\/actualidad\/wp-json\/wp\/v2\/posts"}],"about":[{"href":"https:\/\/www.laguiadepamplona.com\/actualidad\/wp-json\/wp\/v2\/types\/post"}],"author":[{"embeddable":true,"href":"https:\/\/www.laguiadepamplona.com\/actualidad\/wp-json\/wp\/v2\/users\/1"}],"replies":[{"embeddable":true,"href":"https:\/\/www.laguiadepamplona.com\/actualidad\/wp-json\/wp\/v2\/comments?post=47833"}],"version-history":[{"count":1,"href":"https:\/\/www.laguiadepamplona.com\/actualidad\/wp-json\/wp\/v2\/posts\/47833\/revisions"}],"predecessor-version":[{"id":47834,"href":"https:\/\/www.laguiadepamplona.com\/actualidad\/wp-json\/wp\/v2\/posts\/47833\/revisions\/47834"}],"wp:featuredmedia":[{"embeddable":true,"href":"https:\/\/www.laguiadepamplona.com\/actualidad\/wp-json\/wp\/v2\/media\/42679"}],"wp:attachment":[{"href":"https:\/\/www.laguiadepamplona.com\/actualidad\/wp-json\/wp\/v2\/media?parent=47833"}],"wp:term":[{"taxonomy":"category","embeddable":true,"href":"https:\/\/www.laguiadepamplona.com\/actualidad\/wp-json\/wp\/v2\/categories?post=47833"},{"taxonomy":"post_tag","embeddable":true,"href":"https:\/\/www.laguiadepamplona.com\/actualidad\/wp-json\/wp\/v2\/tags?post=47833"}],"curies":[{"name":"wp","href":"https:\/\/api.w.org\/{rel}","templated":true}]}}