{"id":47827,"date":"2023-11-06T20:20:16","date_gmt":"2023-11-06T18:20:16","guid":{"rendered":"https:\/\/www.laguiadepamplona.com\/actualidad\/?p=47827"},"modified":"2023-11-06T20:20:16","modified_gmt":"2023-11-06T18:20:16","slug":"propuesta-de-actividades-organizadas-por-el-ayuntamiento-de-pamplona-del-7-al-9-de-noviembre-con-plazas-libres","status":"publish","type":"post","link":"https:\/\/www.laguiadepamplona.com\/actualidad\/propuesta-de-actividades-organizadas-por-el-ayuntamiento-de-pamplona-del-7-al-9-de-noviembre-con-plazas-libres\/","title":{"rendered":"Propuesta de actividades organizadas por el Ayuntamiento de Pamplona del 7 al 9 de noviembre con plazas libres"},"content":{"rendered":"<p><!--more--><\/p>\n<p><strong>MARTES 7 DE NOVIEMBRE<\/strong><\/p>\n<p><a href=\"https:\/\/www.pamplona.es\/actualidad\/eventos\/club-de-lectura-inclusiva-civivox-milagrosa\">Club de lectura inclusiva. Civivox Milagrosa<\/a>, 12 horas. Entrada libre, previa inscripci\u00f3n en el 010, la red Civivox o <a href=\"http:\/\/www.pamplonaescultura.es\">www.pamplonaescultura.es<\/a><\/p>\n<p>Club de lectura inclusiva de car\u00e1cter quincenal para p\u00fablico adulto en general y personas con discapacidad intelectual o s\u00edndrome de Down. Dinamizado por profesionales de la Asociaci\u00f3n S\u00edndrome de Down de Navarra.<\/p>\n<p>&nbsp;<\/p>\n<p><a href=\"https:\/\/www.pamplona.es\/actualidad\/eventos\/ciclo-de-la-sociedad-de-ciencias-naturales-gorosti-charla-biblioteca-publica-de\">Ciclo de la Sociedad de Ciencias Naturales Gorosti. Paseo bot\u00e1nico. Biblioteca P\u00fablica de Txantrea<\/a><strong>, 17 horas. Entrada libre, hasta completar el aforo<\/strong><\/p>\n<p><strong>Gorosti cumple 40 a\u00f1os<\/strong>\u00a0y para celebrarlo dar\u00e1 una serie de charlas del 6 al 10 de noviembre sobre diferente tem\u00e1tica, pero siempre relacionadas con la naturaleza. Paseo bot\u00e1nico de la mano de F\u00e9lix Rey. Salida desde la propia biblioteca. Charla sobre bot\u00e1nica, a las 18 horas, con F\u00e9lix Rey.<\/p>\n<p>&nbsp;<\/p>\n<p><a href=\"https:\/\/www.pamplona.es\/actualidad\/eventos\/cafeteando-tarde-de-juegos-casa-de-la-juventud-21\">Cafeteando. Tarde de juegos. Casa de la Juventud<\/a>, 18.30 horas. Entrada libre, hasta completar el aforo<\/p>\n<p>Se propone para la tarde de martes el juego \u00a1Solo baila!, en el que se proyectar\u00e1n videos de diferentes bailes para imitar los pasos de la coreograf\u00eda. Se pretende que quienes participen pasen un rato entretenido, divirti\u00e9ndose y ech\u00e1ndose unas risas.<\/p>\n<p>&nbsp;<\/p>\n<p><a href=\"https:\/\/www.pamplona.es\/actualidad\/eventos\/fisioterapia-y-salud-conferencia-bronquiolitis-y-la-importancia-de-la\">Fisioterapia y salud. Conferencia. Ejercicio terap\u00e9utico y fisioterapia cardio-respiratoria en etapas adultas y tercera edad. Civivox Iturrama<\/a>, 19.30 horas. Entrada libre, hasta completar el aforo<\/p>\n<p>Cada vez pacientes m\u00e1s j\u00f3venes sufren enfermedades cardiovasculares, que disminuyen su calidad de vida. Con esta charla pretendemos mostrar los beneficios que se pueden obtener del ejercicio terap\u00e9utico prescrito por los profesionales sanitarios adecuados, con el objetivo de prevenir y controlar los factores de riesgo cardiovasculares. Tambi\u00e9n explicaremos la importancia de la rehabilitaci\u00f3n card\u00edaca, una vez que el evento cardiovascular ha sucedido. Actividad especialmente dirigida a personas en etapas adultas y tercera edad. Con Ana Ariz, fisioterapeuta.<\/p>\n<p>&nbsp;<br \/>\n<script async src=\"\/\/pagead2.googlesyndication.com\/pagead\/js\/adsbygoogle.js\"><\/script><br \/>\n<!-- Noticias La Guia de Pamplona --><br \/>\n<ins class=\"adsbygoogle\"\nstyle=\"display:block\"\ndata-ad-client=\"ca-pub-6943679897239327\"\ndata-ad-slot=\"7048180777\"\ndata-ad-format=\"auto\"><\/ins><br \/>\n<script>\n(adsbygoogle = window.adsbygoogle || []).push({});\n<\/script><\/p>\n<p><strong>MI\u00c9RCOLES 8 DE NOVIEMBRE<\/strong><\/p>\n<p><a href=\"https:\/\/www.pamplona.es\/actualidad\/eventos\/animacion-la-lectura-club-de-lectura-en-euskera-kristalezko-begi-bat-de-miren\">Animaci\u00f3n a la lectura. \u2018Juntos y revueltos\u2019. Biblioteca P\u00fablica de Mendillorri<\/a>, 18 horas. Inscripci\u00f3n previa en la propia biblioteca<\/p>\n<p>Sesi\u00f3n de dinamizaci\u00f3n del cuento a desarrollar por la autora del libro \u2018Juntos y revueltos\u2019, Mercedes Corretge. Actividad en colaboraci\u00f3n con la Fundaci\u00f3n Secretariado Gitano Navarra y subvencionada por el Departamento de Pol\u00edticas de Migratorias del Gobierno de Navarra. Para p\u00fablico infantil de 6 a 10 a\u00f1os.<\/p>\n<p><a href=\"https:\/\/www.pamplona.es\/actualidad\/eventos\/presentacion-de-libro-y-el-ganador-es-otro-de-jose-ramon-franco-leon-biblioteca\">Presentaci\u00f3n de libro. \u2018\u00bfY el ganador es? Otro\u2019, de Jos\u00e9 Ram\u00f3n Franco Le\u00f3n. Biblioteca P\u00fablica de San Francisco<\/a>, 18.30 horas. Inscripciones en la biblioteca, en el tel\u00e9fono 948 210 524 o en <a href=\"mailto:biblisfr@navarra.es\">biblisfr@navarra.es<\/a><\/p>\n<p>Jos\u00e9 Ram\u00f3n Franco Le\u00f3n, nacido en Pamplona, nos presenta su novela \u2018\u00bfY el ganador es? Otro\u2019. Novela polifac\u00e9tica e \u00edntima, el autor nos sumerge en su universo personal para que lo acompa\u00f1emos en su recorrido vital a trav\u00e9s de sus sue\u00f1os y desencantos permanentes.<\/p>\n<p>&nbsp;<\/p>\n<p><a href=\"https:\/\/www.pamplona.es\/actualidad\/eventos\/animacion-la-lectura-tertulia-de-comic-biblioteca-publica-de-yamaguchi\">Animaci\u00f3n a la lectura. Tertulia de c\u00f3mic. Biblioteca P\u00fablica de Yamaguchi<\/a>, 19 horas. Entrada libre con la condici\u00f3n de conocer alguna de las obras a comentar<\/p>\n<p>Se comentar\u00e1n los siguientes c\u00f3mics: \u20181984\u2019 de Fido Nesti, y \u2018Orwell\u2019 de Pierre Christin y S\u00e9bastien Verdier. Coordina el ciclo Jes\u00fas Garc\u00eda Salguero. El tema del mes es la figura de George <strong>Orwell.<\/strong><\/p>\n<p>&nbsp;<\/p>\n<p><a href=\"https:\/\/www.pamplona.es\/actualidad\/eventos\/ciclo-de-la-sociedad-de-ciencias-naturales-gorosti-conferencia-biblioteca-0\">Ciclo de la Sociedad de Ciencias Naturales Gorosti. Conferencia. Biblioteca P\u00fablica de Txantrea<\/a><strong>, 19 horas. Entrada libre, hasta completar el aforo<\/strong><\/p>\n<p><strong>Gorosti cumple 40 a\u00f1os<\/strong>\u00a0y para celebrarlo dar\u00e1 una serie de charlas del 6 al 10 de noviembre sobre diferente tem\u00e1tica, pero siempre relacionadas con la naturaleza. Marion Stefanie Disenowski y el bi\u00f3logo Jon Miguel nos hablar\u00e1n sobre la diversidad de mariposas de la Cuenca y nos hablar\u00e1n tambi\u00e9n del proyecto de creaci\u00f3n de un oasis de mariposas en Berriozar.<\/p>\n<p>&nbsp;<\/p>\n<p><a href=\"https:\/\/www.pamplona.es\/actualidad\/eventos\/antzerki-aroa-teatro-en-euskera-memoria-de-itziar-manero-escuela-navarra-de\">Antzerki Aroa. Teatro en euskera. \u2018Memoria\u2019, de Itziar Manero. Escuela Navarra de Teatro<\/a>, 19 horas. Entrada: 8 euros, en <a href=\"http:\/\/www.laescueladeteatro.com\">www.laescueladeteatro.com<\/a> o en la taquilla de la ENT desde una hora antes<\/p>\n<p>Memoria es una obra de teatro en euskera sobre la memoria y su p\u00e9rdida. Un intento de registrar los recuerdos de una abuela. Una carrera contra el tiempo y la enfermedad. Una contrarreloj contra el olvido. Memoria es tambi\u00e9n un encuentro entre una abuela y una nieta. Un intento de hacerse preguntas, conocerse, cuidarse y despedirse antes de que los recuerdos de la abuela desaparezcan. \u00bfQu\u00e9 ocurre cuando se pierde la memoria de una persona? \u00bfA d\u00f3nde van sus recuerdos? \u00bfCon qu\u00e9 nos quedamos sus descendientes?<\/p>\n<p>&nbsp;<br \/>\n<script async src=\"\/\/pagead2.googlesyndication.com\/pagead\/js\/adsbygoogle.js\"><\/script><br \/>\n<!-- Noticias La Guia de Pamplona --><br \/>\n<ins class=\"adsbygoogle\"\nstyle=\"display:block\"\ndata-ad-client=\"ca-pub-6943679897239327\"\ndata-ad-slot=\"7048180777\"\ndata-ad-format=\"auto\"><\/ins><br \/>\n<script>\n(adsbygoogle = window.adsbygoogle || []).push({});\n<\/script><\/p>\n<p><strong>JUEVES 9 DE NOVIEMBRE<\/strong><\/p>\n<p><a href=\"https:\/\/www.pamplona.es\/actualidad\/eventos\/club-de-lectura-facil-confabuladas-civivox-iturrama-2\">Club de lectura f\u00e1cil. Confabuladas. Civivox Iturrama,<\/a> 11 horas. Entrada libre, previa inscripci\u00f3n en el 010, la red Civivox o <a href=\"http:\/\/www.pamplonaescultura.es\">www.pamplonaescultura.es<\/a><\/p>\n<p>El club de lectura f\u00e1cil es un club integrador, de car\u00e1cter mensual, en el que participan personas con diversas capacidades y se utiliza material adaptado a la lectura f\u00e1cil. Ciclo en colaboraci\u00f3n con Las Gafas de Escribir y ANFAS. Coordina Beatriz Cantero.<\/p>\n<p><a href=\"https:\/\/www.pamplona.es\/actualidad\/eventos\/cuentacuentos-hay-hay-dragones-biblioteca-publica-de-milagrosa\">Cuentacuentos. \u2018Hay, hay\u2026 \u00a1dragones!\u2019 Biblioteca P\u00fablica de Milagrosa<\/a>, 18 horas. Inscripci\u00f3n previa en la biblioteca, en el 948 24 54 60 o en <a href=\"mailto:biblimil@navarra.es\">biblimil@navarra.es<\/a><\/p>\n<p>Durante una hora, Loli Franc\u00e9s contar\u00e1 nuevos y apasionantes cuentos bajo el t\u00edtulo de \u2018<strong>Hay, hay\u2026 \u00a1dragones<\/strong>!\u2019. Sesi\u00f3n dirigida a p\u00fablico infantil de 4 a 8 a\u00f1os.<\/p>\n<p>&nbsp;<\/p>\n<p><a href=\"https:\/\/www.pamplona.es\/actualidad\/eventos\/cuentacuentos-amaia-y-martin-en-la-fiesta-de-la-verdura-biblioteca-publica-de\">Cuentacuentos. \u2018Amaia y Mart\u00edn en la Fiesta de la Verdura\u2019. Biblioteca P\u00fablica de San Francisco<\/a>, 18 horas. Inscripciones en la biblioteca, en el 948 210 524 o en <a href=\"mailto:biblisfr@navarra.es\">biblisfr@navarra.es<\/a><\/p>\n<p>Kamishibai Reyno Gourmet bajo el t\u00edtulo de \u2018<strong>Amaia y Mart\u00edn en la fiesta de la verdura, un viaje a la huerta m\u00e1gica de Navarra<\/strong>\u2019, con texto de Itziar Anc\u00edn e ilustraciones de Leire Urbeltz. Sesi\u00f3n de cuentacuentos infantil con teatro Kamishibai de la mano de la narradora In\u00e9s Bengoa dentro de la programaci\u00f3n del proyecto Biblioteca de Semillas.<\/p>\n<p>&nbsp;<\/p>\n<p><a href=\"https:\/\/www.pamplona.es\/actualidad\/eventos\/cafeteando-el-jueves-me-entero-registro-de-contratos-de-alquiler-de-gobierno-de\">Cafeteando. El jueves me entero\u2026 Registro de Contratos de Alquiler de Gobierno de Navarra. Casa de la Juventud<\/a>, 19 horas. Entrada libre, hasta completar el aforo<\/p>\n<p>Este a\u00f1o se ha puesto en funcionamiento un registro para los contratos de arrendamiento de viviendas de Navarra. Su principal objetivo es disponer de informaci\u00f3n sobre los precios de los arrendamientos y adoptar medidas para su regulaci\u00f3n. Se deben registrar en \u00e9l contrato en vigor. La charla est\u00e1 dirigida a quienes quieran saber m\u00e1s sobre el procedimiento y los beneficios de inscribir un contrato en este nuevo registro.<\/p>\n<p>&nbsp;<\/p>\n<p><a href=\"https:\/\/www.pamplona.es\/actualidad\/eventos\/ciclo-de-la-sociedad-de-ciencias-naturales-gorosti-conferencia-biblioteca-1\">Ciclo de la Sociedad de Ciencias Naturales Gorosti. Conferencia. Biblioteca P\u00fablica de Txantrea<\/a><strong>, 19 horas. Entrada libre, hasta completar el aforo<\/strong><\/p>\n<p><strong>Gorosti cumple 40 a\u00f1os<\/strong>\u00a0y para celebrarlo dar\u00e1 una serie de charlas del 6 al 10 de noviembre sobre diferente tem\u00e1tica, pero siempre relacionadas con la naturaleza. El grupo de Ornitolog\u00eda de Gorosti nos presentar\u00e1 los proyectos de seguimiento de aves de navarra que se llevan a cabo desde la sociedad.<\/p>\n<p>&nbsp;<\/p>\n<p><a href=\"https:\/\/www.pamplona.es\/actualidad\/eventos\/danz-espacio-de-danza-proyeccion-cineforum-temps-de-llum\">Ciencia y evoluci\u00f3n. Cinef\u00f3rum. \u2018Des-extinci\u00f3n\u2019, de Turkana Films. Civivox Iturrama<\/a>, 19.30 horas. Entrada libre, hasta completar el aforo<\/p>\n<p>Los avances de la ciencia confirman que la des-extinci\u00f3n es posible y se ha empezado a trabajar para llevarla a cabo con los mamuts y otras especies de las que encontramos restos bien conservados. Partiendo de este anzuelo irresistible, el documental recorre los principales escenarios donde tiene lugar este reto cient\u00edfico. Presenta David Galicia, profesor de la Facultad de Ciencias de la UN. En colaboraci\u00f3n con el Museo de Ciencias Universidad de Navarra.<\/p>\n<p>&nbsp;<\/p>\n<p><a href=\"https:\/\/www.pamplona.es\/actualidad\/eventos\/la-risa-lista-monologo-el-dedo-en-la-llaga-con-elena-beltran-civivox-condestable\">La risa lista. Mon\u00f3logo. \u2018El dedo en la llaga\u2019, con Elena Beltr\u00e1n. Civivox Condestable<\/a>, 20 horas. Entrada: 3 euros, con inscripci\u00f3n previa en el tel\u00e9fono 010, la red Civivox y <a href=\"http:\/\/www.pamplonaescultura.es\">www.pamplonaescultura.es<\/a><\/p>\n<p>Si antes de dormir te asaltan todas tus malas decisiones: apps de citas, ligues traum\u00e1ticos, fotos privadas, infecciones de transmisi\u00f3n sexual, la primera vez que te pusiste un tamp\u00f3n, dudas religiosas&#8230; Y te debates entre ahogarte en culpa cat\u00f3lica o hacerte c\u00f3mica y guionista, Elena Beltr\u00e1n te recomienda lo segundo. Aunque ella hace las dos cosas. No es que siendo c\u00f3mica vayas a superar el trauma, pero por lo menos podr\u00e1s cont\u00e1rselo a la gente y con suerte re\u00edros un poco, como en \u2018El dedo en la llaga\u2019.<\/p>\n<p>&nbsp;<\/p>\n<p><a href=\"https:\/\/www.pamplona.es\/actualidad\/eventos\/xxv-muestra-de-teatro-de-aqui-diez-mil-quinientos-ochenta-y-cinco-con-zerokotan\">XXV Muestra de Teatro de Aqu\u00ed. \u2018Diez mil quinientos ochenta y cinco\u2019, con Zerokotan. Civivox San Jorge<\/a>, 20 horas. Entrada libre, previa inscripci\u00f3n en el 010, la red Civivox o <a href=\"http:\/\/www.pamplonaescultura.es\">www.pamplonaescultura.es<\/a><\/p>\n<p>Hay palabras tot\u00e9micas que pueden ser muy dolorosas si no sentimos que su significado se adec\u00faa a nuestra percepci\u00f3n de las mismas. Estas palabras tienen que ver con lo m\u00e1s \u00edntimo, con nuestras primeras vivencias: madre, padre, familia\u2026 Creaci\u00f3n esc\u00e9nica surgida del poemario con el mismo t\u00edtulo, Diez mil quinientos ochenta y cinco d\u00edas.<\/p>\n","protected":false},"excerpt":{"rendered":"","protected":false},"author":1,"featured_media":36074,"comment_status":"open","ping_status":"closed","sticky":false,"template":"","format":"standard","meta":{"footnotes":""},"categories":[2],"tags":[],"class_list":["post-47827","post","type-post","status-publish","format-standard","has-post-thumbnail","hentry","category-ayuntamiento-pamplona"],"yoast_head":"<!-- This site is optimized with the Yoast SEO plugin v27.3 - https:\/\/yoast.com\/product\/yoast-seo-wordpress\/ -->\n<title>Propuesta de actividades organizadas por el Ayuntamiento de Pamplona del 7 al 9 de noviembre con plazas libres<\/title>\n<meta name=\"robots\" content=\"index, follow, max-snippet:-1, max-image-preview:large, max-video-preview:-1\" \/>\n<link rel=\"canonical\" href=\"https:\/\/www.laguiadepamplona.com\/actualidad\/propuesta-de-actividades-organizadas-por-el-ayuntamiento-de-pamplona-del-7-al-9-de-noviembre-con-plazas-libres\/\" \/>\n<meta property=\"og:locale\" content=\"es_ES\" \/>\n<meta property=\"og:type\" content=\"article\" \/>\n<meta property=\"og:title\" content=\"Propuesta de actividades organizadas por el Ayuntamiento de Pamplona del 7 al 9 de noviembre con plazas libres\" \/>\n<meta property=\"og:url\" content=\"https:\/\/www.laguiadepamplona.com\/actualidad\/propuesta-de-actividades-organizadas-por-el-ayuntamiento-de-pamplona-del-7-al-9-de-noviembre-con-plazas-libres\/\" \/>\n<meta property=\"og:site_name\" content=\"La Gu\u00eda de Pamplona\" \/>\n<meta property=\"article:publisher\" content=\"https:\/\/www.facebook.com\/laguiadepamplonacom-133175176762273\/?ref=hl\" \/>\n<meta property=\"article:published_time\" content=\"2023-11-06T18:20:16+00:00\" \/>\n<meta property=\"og:image\" content=\"https:\/\/www.laguiadepamplona.com\/actualidad\/wp-content\/uploads\/2021\/08\/ayuntamiento-pamplona2.jpg\" \/>\n\t<meta property=\"og:image:width\" content=\"1920\" \/>\n\t<meta property=\"og:image:height\" content=\"1080\" \/>\n\t<meta property=\"og:image:type\" content=\"image\/jpeg\" \/>\n<meta name=\"author\" content=\"La Gu\u00eda de Pamplona\" \/>\n<meta name=\"twitter:card\" content=\"summary_large_image\" \/>\n<meta name=\"twitter:creator\" content=\"@LaGuiadPamplona\" \/>\n<meta name=\"twitter:site\" content=\"@LaGuiadPamplona\" \/>\n<meta name=\"twitter:label1\" content=\"Escrito por\" \/>\n\t<meta name=\"twitter:data1\" content=\"La Gu\u00eda de Pamplona\" \/>\n\t<meta name=\"twitter:label2\" content=\"Tiempo de lectura\" \/>\n\t<meta name=\"twitter:data2\" content=\"7 minutos\" \/>\n<script type=\"application\/ld+json\" class=\"yoast-schema-graph\">{\"@context\":\"https:\\\/\\\/schema.org\",\"@graph\":[{\"@type\":\"Article\",\"@id\":\"https:\\\/\\\/www.laguiadepamplona.com\\\/actualidad\\\/propuesta-de-actividades-organizadas-por-el-ayuntamiento-de-pamplona-del-7-al-9-de-noviembre-con-plazas-libres\\\/#article\",\"isPartOf\":{\"@id\":\"https:\\\/\\\/www.laguiadepamplona.com\\\/actualidad\\\/propuesta-de-actividades-organizadas-por-el-ayuntamiento-de-pamplona-del-7-al-9-de-noviembre-con-plazas-libres\\\/\"},\"author\":{\"name\":\"La Gu\u00eda de Pamplona\",\"@id\":\"https:\\\/\\\/www.laguiadepamplona.com\\\/actualidad\\\/#\\\/schema\\\/person\\\/efe887376f0213d4657c93adc50b1fdb\"},\"headline\":\"Propuesta de actividades organizadas por el Ayuntamiento de Pamplona del 7 al 9 de noviembre con plazas libres\",\"datePublished\":\"2023-11-06T18:20:16+00:00\",\"mainEntityOfPage\":{\"@id\":\"https:\\\/\\\/www.laguiadepamplona.com\\\/actualidad\\\/propuesta-de-actividades-organizadas-por-el-ayuntamiento-de-pamplona-del-7-al-9-de-noviembre-con-plazas-libres\\\/\"},\"wordCount\":1478,\"commentCount\":0,\"publisher\":{\"@id\":\"https:\\\/\\\/www.laguiadepamplona.com\\\/actualidad\\\/#organization\"},\"image\":{\"@id\":\"https:\\\/\\\/www.laguiadepamplona.com\\\/actualidad\\\/propuesta-de-actividades-organizadas-por-el-ayuntamiento-de-pamplona-del-7-al-9-de-noviembre-con-plazas-libres\\\/#primaryimage\"},\"thumbnailUrl\":\"https:\\\/\\\/www.laguiadepamplona.com\\\/actualidad\\\/wp-content\\\/uploads\\\/2021\\\/08\\\/ayuntamiento-pamplona2.jpg\",\"articleSection\":[\"Ayto Pamplona\"],\"inLanguage\":\"es\",\"potentialAction\":[{\"@type\":\"CommentAction\",\"name\":\"Comment\",\"target\":[\"https:\\\/\\\/www.laguiadepamplona.com\\\/actualidad\\\/propuesta-de-actividades-organizadas-por-el-ayuntamiento-de-pamplona-del-7-al-9-de-noviembre-con-plazas-libres\\\/#respond\"]}]},{\"@type\":\"WebPage\",\"@id\":\"https:\\\/\\\/www.laguiadepamplona.com\\\/actualidad\\\/propuesta-de-actividades-organizadas-por-el-ayuntamiento-de-pamplona-del-7-al-9-de-noviembre-con-plazas-libres\\\/\",\"url\":\"https:\\\/\\\/www.laguiadepamplona.com\\\/actualidad\\\/propuesta-de-actividades-organizadas-por-el-ayuntamiento-de-pamplona-del-7-al-9-de-noviembre-con-plazas-libres\\\/\",\"name\":\"Propuesta de actividades organizadas por el Ayuntamiento de Pamplona del 7 al 9 de noviembre con plazas libres\",\"isPartOf\":{\"@id\":\"https:\\\/\\\/www.laguiadepamplona.com\\\/actualidad\\\/#website\"},\"primaryImageOfPage\":{\"@id\":\"https:\\\/\\\/www.laguiadepamplona.com\\\/actualidad\\\/propuesta-de-actividades-organizadas-por-el-ayuntamiento-de-pamplona-del-7-al-9-de-noviembre-con-plazas-libres\\\/#primaryimage\"},\"image\":{\"@id\":\"https:\\\/\\\/www.laguiadepamplona.com\\\/actualidad\\\/propuesta-de-actividades-organizadas-por-el-ayuntamiento-de-pamplona-del-7-al-9-de-noviembre-con-plazas-libres\\\/#primaryimage\"},\"thumbnailUrl\":\"https:\\\/\\\/www.laguiadepamplona.com\\\/actualidad\\\/wp-content\\\/uploads\\\/2021\\\/08\\\/ayuntamiento-pamplona2.jpg\",\"datePublished\":\"2023-11-06T18:20:16+00:00\",\"breadcrumb\":{\"@id\":\"https:\\\/\\\/www.laguiadepamplona.com\\\/actualidad\\\/propuesta-de-actividades-organizadas-por-el-ayuntamiento-de-pamplona-del-7-al-9-de-noviembre-con-plazas-libres\\\/#breadcrumb\"},\"inLanguage\":\"es\",\"potentialAction\":[{\"@type\":\"ReadAction\",\"target\":[\"https:\\\/\\\/www.laguiadepamplona.com\\\/actualidad\\\/propuesta-de-actividades-organizadas-por-el-ayuntamiento-de-pamplona-del-7-al-9-de-noviembre-con-plazas-libres\\\/\"]}]},{\"@type\":\"ImageObject\",\"inLanguage\":\"es\",\"@id\":\"https:\\\/\\\/www.laguiadepamplona.com\\\/actualidad\\\/propuesta-de-actividades-organizadas-por-el-ayuntamiento-de-pamplona-del-7-al-9-de-noviembre-con-plazas-libres\\\/#primaryimage\",\"url\":\"https:\\\/\\\/www.laguiadepamplona.com\\\/actualidad\\\/wp-content\\\/uploads\\\/2021\\\/08\\\/ayuntamiento-pamplona2.jpg\",\"contentUrl\":\"https:\\\/\\\/www.laguiadepamplona.com\\\/actualidad\\\/wp-content\\\/uploads\\\/2021\\\/08\\\/ayuntamiento-pamplona2.jpg\",\"width\":1920,\"height\":1080,\"caption\":\"ayuntamiento pamplona\"},{\"@type\":\"BreadcrumbList\",\"@id\":\"https:\\\/\\\/www.laguiadepamplona.com\\\/actualidad\\\/propuesta-de-actividades-organizadas-por-el-ayuntamiento-de-pamplona-del-7-al-9-de-noviembre-con-plazas-libres\\\/#breadcrumb\",\"itemListElement\":[{\"@type\":\"ListItem\",\"position\":1,\"name\":\"Portada\",\"item\":\"https:\\\/\\\/www.laguiadepamplona.com\\\/actualidad\\\/\"},{\"@type\":\"ListItem\",\"position\":2,\"name\":\"Propuesta de actividades organizadas por el Ayuntamiento de Pamplona del 7 al 9 de noviembre con plazas libres\"}]},{\"@type\":\"WebSite\",\"@id\":\"https:\\\/\\\/www.laguiadepamplona.com\\\/actualidad\\\/#website\",\"url\":\"https:\\\/\\\/www.laguiadepamplona.com\\\/actualidad\\\/\",\"name\":\"La gu\u00eda de Pamplona\",\"description\":\"Noticias de Pamplona\",\"publisher\":{\"@id\":\"https:\\\/\\\/www.laguiadepamplona.com\\\/actualidad\\\/#organization\"},\"potentialAction\":[{\"@type\":\"SearchAction\",\"target\":{\"@type\":\"EntryPoint\",\"urlTemplate\":\"https:\\\/\\\/www.laguiadepamplona.com\\\/actualidad\\\/?s={search_term_string}\"},\"query-input\":{\"@type\":\"PropertyValueSpecification\",\"valueRequired\":true,\"valueName\":\"search_term_string\"}}],\"inLanguage\":\"es\"},{\"@type\":\"Organization\",\"@id\":\"https:\\\/\\\/www.laguiadepamplona.com\\\/actualidad\\\/#organization\",\"name\":\"La Gu\u00eda de Pamplona \\\/ Noticias\",\"url\":\"https:\\\/\\\/www.laguiadepamplona.com\\\/actualidad\\\/\",\"logo\":{\"@type\":\"ImageObject\",\"inLanguage\":\"es\",\"@id\":\"https:\\\/\\\/www.laguiadepamplona.com\\\/actualidad\\\/#\\\/schema\\\/logo\\\/image\\\/\",\"url\":\"https:\\\/\\\/www.laguiadepamplona.com\\\/actualidad\\\/wp-content\\\/uploads\\\/2018\\\/11\\\/logo-laguiadepamplona18-web1.png\",\"contentUrl\":\"https:\\\/\\\/www.laguiadepamplona.com\\\/actualidad\\\/wp-content\\\/uploads\\\/2018\\\/11\\\/logo-laguiadepamplona18-web1.png\",\"width\":600,\"height\":196,\"caption\":\"La Gu\u00eda de Pamplona \\\/ Noticias\"},\"image\":{\"@id\":\"https:\\\/\\\/www.laguiadepamplona.com\\\/actualidad\\\/#\\\/schema\\\/logo\\\/image\\\/\"},\"sameAs\":[\"https:\\\/\\\/www.facebook.com\\\/laguiadepamplonacom-133175176762273\\\/?ref=hl\",\"https:\\\/\\\/x.com\\\/LaGuiadPamplona\",\"https:\\\/\\\/www.instagram.com\\\/la_guia_de_pamplona\\\/\",\"https:\\\/\\\/www.youtube.com\\\/user\\\/laguiadepamplona\"]},{\"@type\":\"Person\",\"@id\":\"https:\\\/\\\/www.laguiadepamplona.com\\\/actualidad\\\/#\\\/schema\\\/person\\\/efe887376f0213d4657c93adc50b1fdb\",\"name\":\"La Gu\u00eda de Pamplona\",\"image\":{\"@type\":\"ImageObject\",\"inLanguage\":\"es\",\"@id\":\"https:\\\/\\\/secure.gravatar.com\\\/avatar\\\/b6992f131dc8d30ab0dff15446e9d346d9dbd95992de0fef795073f5ea83a81c?s=96&d=mm&r=g\",\"url\":\"https:\\\/\\\/secure.gravatar.com\\\/avatar\\\/b6992f131dc8d30ab0dff15446e9d346d9dbd95992de0fef795073f5ea83a81c?s=96&d=mm&r=g\",\"contentUrl\":\"https:\\\/\\\/secure.gravatar.com\\\/avatar\\\/b6992f131dc8d30ab0dff15446e9d346d9dbd95992de0fef795073f5ea83a81c?s=96&d=mm&r=g\",\"caption\":\"La Gu\u00eda de Pamplona\"}}]}<\/script>\n<!-- \/ Yoast SEO plugin. -->","yoast_head_json":{"title":"Propuesta de actividades organizadas por el Ayuntamiento de Pamplona del 7 al 9 de noviembre con plazas libres","robots":{"index":"index","follow":"follow","max-snippet":"max-snippet:-1","max-image-preview":"max-image-preview:large","max-video-preview":"max-video-preview:-1"},"canonical":"https:\/\/www.laguiadepamplona.com\/actualidad\/propuesta-de-actividades-organizadas-por-el-ayuntamiento-de-pamplona-del-7-al-9-de-noviembre-con-plazas-libres\/","og_locale":"es_ES","og_type":"article","og_title":"Propuesta de actividades organizadas por el Ayuntamiento de Pamplona del 7 al 9 de noviembre con plazas libres","og_url":"https:\/\/www.laguiadepamplona.com\/actualidad\/propuesta-de-actividades-organizadas-por-el-ayuntamiento-de-pamplona-del-7-al-9-de-noviembre-con-plazas-libres\/","og_site_name":"La Gu\u00eda de Pamplona","article_publisher":"https:\/\/www.facebook.com\/laguiadepamplonacom-133175176762273\/?ref=hl","article_published_time":"2023-11-06T18:20:16+00:00","og_image":[{"width":1920,"height":1080,"url":"https:\/\/www.laguiadepamplona.com\/actualidad\/wp-content\/uploads\/2021\/08\/ayuntamiento-pamplona2.jpg","type":"image\/jpeg"}],"author":"La Gu\u00eda de Pamplona","twitter_card":"summary_large_image","twitter_creator":"@LaGuiadPamplona","twitter_site":"@LaGuiadPamplona","twitter_misc":{"Escrito por":"La Gu\u00eda de Pamplona","Tiempo de lectura":"7 minutos"},"schema":{"@context":"https:\/\/schema.org","@graph":[{"@type":"Article","@id":"https:\/\/www.laguiadepamplona.com\/actualidad\/propuesta-de-actividades-organizadas-por-el-ayuntamiento-de-pamplona-del-7-al-9-de-noviembre-con-plazas-libres\/#article","isPartOf":{"@id":"https:\/\/www.laguiadepamplona.com\/actualidad\/propuesta-de-actividades-organizadas-por-el-ayuntamiento-de-pamplona-del-7-al-9-de-noviembre-con-plazas-libres\/"},"author":{"name":"La Gu\u00eda de Pamplona","@id":"https:\/\/www.laguiadepamplona.com\/actualidad\/#\/schema\/person\/efe887376f0213d4657c93adc50b1fdb"},"headline":"Propuesta de actividades organizadas por el Ayuntamiento de Pamplona del 7 al 9 de noviembre con plazas libres","datePublished":"2023-11-06T18:20:16+00:00","mainEntityOfPage":{"@id":"https:\/\/www.laguiadepamplona.com\/actualidad\/propuesta-de-actividades-organizadas-por-el-ayuntamiento-de-pamplona-del-7-al-9-de-noviembre-con-plazas-libres\/"},"wordCount":1478,"commentCount":0,"publisher":{"@id":"https:\/\/www.laguiadepamplona.com\/actualidad\/#organization"},"image":{"@id":"https:\/\/www.laguiadepamplona.com\/actualidad\/propuesta-de-actividades-organizadas-por-el-ayuntamiento-de-pamplona-del-7-al-9-de-noviembre-con-plazas-libres\/#primaryimage"},"thumbnailUrl":"https:\/\/www.laguiadepamplona.com\/actualidad\/wp-content\/uploads\/2021\/08\/ayuntamiento-pamplona2.jpg","articleSection":["Ayto Pamplona"],"inLanguage":"es","potentialAction":[{"@type":"CommentAction","name":"Comment","target":["https:\/\/www.laguiadepamplona.com\/actualidad\/propuesta-de-actividades-organizadas-por-el-ayuntamiento-de-pamplona-del-7-al-9-de-noviembre-con-plazas-libres\/#respond"]}]},{"@type":"WebPage","@id":"https:\/\/www.laguiadepamplona.com\/actualidad\/propuesta-de-actividades-organizadas-por-el-ayuntamiento-de-pamplona-del-7-al-9-de-noviembre-con-plazas-libres\/","url":"https:\/\/www.laguiadepamplona.com\/actualidad\/propuesta-de-actividades-organizadas-por-el-ayuntamiento-de-pamplona-del-7-al-9-de-noviembre-con-plazas-libres\/","name":"Propuesta de actividades organizadas por el Ayuntamiento de Pamplona del 7 al 9 de noviembre con plazas libres","isPartOf":{"@id":"https:\/\/www.laguiadepamplona.com\/actualidad\/#website"},"primaryImageOfPage":{"@id":"https:\/\/www.laguiadepamplona.com\/actualidad\/propuesta-de-actividades-organizadas-por-el-ayuntamiento-de-pamplona-del-7-al-9-de-noviembre-con-plazas-libres\/#primaryimage"},"image":{"@id":"https:\/\/www.laguiadepamplona.com\/actualidad\/propuesta-de-actividades-organizadas-por-el-ayuntamiento-de-pamplona-del-7-al-9-de-noviembre-con-plazas-libres\/#primaryimage"},"thumbnailUrl":"https:\/\/www.laguiadepamplona.com\/actualidad\/wp-content\/uploads\/2021\/08\/ayuntamiento-pamplona2.jpg","datePublished":"2023-11-06T18:20:16+00:00","breadcrumb":{"@id":"https:\/\/www.laguiadepamplona.com\/actualidad\/propuesta-de-actividades-organizadas-por-el-ayuntamiento-de-pamplona-del-7-al-9-de-noviembre-con-plazas-libres\/#breadcrumb"},"inLanguage":"es","potentialAction":[{"@type":"ReadAction","target":["https:\/\/www.laguiadepamplona.com\/actualidad\/propuesta-de-actividades-organizadas-por-el-ayuntamiento-de-pamplona-del-7-al-9-de-noviembre-con-plazas-libres\/"]}]},{"@type":"ImageObject","inLanguage":"es","@id":"https:\/\/www.laguiadepamplona.com\/actualidad\/propuesta-de-actividades-organizadas-por-el-ayuntamiento-de-pamplona-del-7-al-9-de-noviembre-con-plazas-libres\/#primaryimage","url":"https:\/\/www.laguiadepamplona.com\/actualidad\/wp-content\/uploads\/2021\/08\/ayuntamiento-pamplona2.jpg","contentUrl":"https:\/\/www.laguiadepamplona.com\/actualidad\/wp-content\/uploads\/2021\/08\/ayuntamiento-pamplona2.jpg","width":1920,"height":1080,"caption":"ayuntamiento pamplona"},{"@type":"BreadcrumbList","@id":"https:\/\/www.laguiadepamplona.com\/actualidad\/propuesta-de-actividades-organizadas-por-el-ayuntamiento-de-pamplona-del-7-al-9-de-noviembre-con-plazas-libres\/#breadcrumb","itemListElement":[{"@type":"ListItem","position":1,"name":"Portada","item":"https:\/\/www.laguiadepamplona.com\/actualidad\/"},{"@type":"ListItem","position":2,"name":"Propuesta de actividades organizadas por el Ayuntamiento de Pamplona del 7 al 9 de noviembre con plazas libres"}]},{"@type":"WebSite","@id":"https:\/\/www.laguiadepamplona.com\/actualidad\/#website","url":"https:\/\/www.laguiadepamplona.com\/actualidad\/","name":"La gu\u00eda de Pamplona","description":"Noticias de Pamplona","publisher":{"@id":"https:\/\/www.laguiadepamplona.com\/actualidad\/#organization"},"potentialAction":[{"@type":"SearchAction","target":{"@type":"EntryPoint","urlTemplate":"https:\/\/www.laguiadepamplona.com\/actualidad\/?s={search_term_string}"},"query-input":{"@type":"PropertyValueSpecification","valueRequired":true,"valueName":"search_term_string"}}],"inLanguage":"es"},{"@type":"Organization","@id":"https:\/\/www.laguiadepamplona.com\/actualidad\/#organization","name":"La Gu\u00eda de Pamplona \/ Noticias","url":"https:\/\/www.laguiadepamplona.com\/actualidad\/","logo":{"@type":"ImageObject","inLanguage":"es","@id":"https:\/\/www.laguiadepamplona.com\/actualidad\/#\/schema\/logo\/image\/","url":"https:\/\/www.laguiadepamplona.com\/actualidad\/wp-content\/uploads\/2018\/11\/logo-laguiadepamplona18-web1.png","contentUrl":"https:\/\/www.laguiadepamplona.com\/actualidad\/wp-content\/uploads\/2018\/11\/logo-laguiadepamplona18-web1.png","width":600,"height":196,"caption":"La Gu\u00eda de Pamplona \/ Noticias"},"image":{"@id":"https:\/\/www.laguiadepamplona.com\/actualidad\/#\/schema\/logo\/image\/"},"sameAs":["https:\/\/www.facebook.com\/laguiadepamplonacom-133175176762273\/?ref=hl","https:\/\/x.com\/LaGuiadPamplona","https:\/\/www.instagram.com\/la_guia_de_pamplona\/","https:\/\/www.youtube.com\/user\/laguiadepamplona"]},{"@type":"Person","@id":"https:\/\/www.laguiadepamplona.com\/actualidad\/#\/schema\/person\/efe887376f0213d4657c93adc50b1fdb","name":"La Gu\u00eda de Pamplona","image":{"@type":"ImageObject","inLanguage":"es","@id":"https:\/\/secure.gravatar.com\/avatar\/b6992f131dc8d30ab0dff15446e9d346d9dbd95992de0fef795073f5ea83a81c?s=96&d=mm&r=g","url":"https:\/\/secure.gravatar.com\/avatar\/b6992f131dc8d30ab0dff15446e9d346d9dbd95992de0fef795073f5ea83a81c?s=96&d=mm&r=g","contentUrl":"https:\/\/secure.gravatar.com\/avatar\/b6992f131dc8d30ab0dff15446e9d346d9dbd95992de0fef795073f5ea83a81c?s=96&d=mm&r=g","caption":"La Gu\u00eda de Pamplona"}}]}},"post_mailing_queue_ids":[],"_links":{"self":[{"href":"https:\/\/www.laguiadepamplona.com\/actualidad\/wp-json\/wp\/v2\/posts\/47827","targetHints":{"allow":["GET"]}}],"collection":[{"href":"https:\/\/www.laguiadepamplona.com\/actualidad\/wp-json\/wp\/v2\/posts"}],"about":[{"href":"https:\/\/www.laguiadepamplona.com\/actualidad\/wp-json\/wp\/v2\/types\/post"}],"author":[{"embeddable":true,"href":"https:\/\/www.laguiadepamplona.com\/actualidad\/wp-json\/wp\/v2\/users\/1"}],"replies":[{"embeddable":true,"href":"https:\/\/www.laguiadepamplona.com\/actualidad\/wp-json\/wp\/v2\/comments?post=47827"}],"version-history":[{"count":1,"href":"https:\/\/www.laguiadepamplona.com\/actualidad\/wp-json\/wp\/v2\/posts\/47827\/revisions"}],"predecessor-version":[{"id":47828,"href":"https:\/\/www.laguiadepamplona.com\/actualidad\/wp-json\/wp\/v2\/posts\/47827\/revisions\/47828"}],"wp:featuredmedia":[{"embeddable":true,"href":"https:\/\/www.laguiadepamplona.com\/actualidad\/wp-json\/wp\/v2\/media\/36074"}],"wp:attachment":[{"href":"https:\/\/www.laguiadepamplona.com\/actualidad\/wp-json\/wp\/v2\/media?parent=47827"}],"wp:term":[{"taxonomy":"category","embeddable":true,"href":"https:\/\/www.laguiadepamplona.com\/actualidad\/wp-json\/wp\/v2\/categories?post=47827"},{"taxonomy":"post_tag","embeddable":true,"href":"https:\/\/www.laguiadepamplona.com\/actualidad\/wp-json\/wp\/v2\/tags?post=47827"}],"curies":[{"name":"wp","href":"https:\/\/api.w.org\/{rel}","templated":true}]}}