{"id":47824,"date":"2023-11-06T20:19:16","date_gmt":"2023-11-06T18:19:16","guid":{"rendered":"https:\/\/www.laguiadepamplona.com\/actualidad\/?p=47824"},"modified":"2023-11-06T20:19:16","modified_gmt":"2023-11-06T18:19:16","slug":"pamplona-estrena-su-bosque-olimpico-con-mas-de-mil-especies-autoctonas-de-arboles-y-arbustos-en-una-parcela-entre-los-barrios-de-mendillorri-y-lezkairu","status":"publish","type":"post","link":"https:\/\/www.laguiadepamplona.com\/actualidad\/pamplona-estrena-su-bosque-olimpico-con-mas-de-mil-especies-autoctonas-de-arboles-y-arbustos-en-una-parcela-entre-los-barrios-de-mendillorri-y-lezkairu\/","title":{"rendered":"Pamplona estrena su \u2018Bosque Ol\u00edmpico\u2019, con m\u00e1s de mil especies aut\u00f3ctonas de \u00e1rboles y arbustos en una parcela entre los barrios de Mendillorri y Lezkairu"},"content":{"rendered":"<h3>Cinco ciudades espa\u00f1olas fueron seleccionadas en este proyecto, impulsado por la FEMP y el COE, que busca compensar la huella de carbono<\/h3>\n<p><!--more--><\/p>\n<p>Deporte y sostenibilidad se unen en el \u2018Bosque Ol\u00edmpico Espa\u00f1ol de Pamplona\u2019, inaugurado esta ma\u00f1ana entre Mendillorri y Lezkairu. M\u00e1s de mil \u00e1rboles y arbustos conforman esta nueva zona verde forestal de la ciudad creada para compensar la huella de carbono. La iniciativa est\u00e1 impulsada por el Comit\u00e9 Ol\u00edmpico Espa\u00f1ol (COE), la Federaci\u00f3n Espa\u00f1ola de Municipios y Provincias (FEMP) y el Banco Santander.<br \/>\n<script async src=\"\/\/pagead2.googlesyndication.com\/pagead\/js\/adsbygoogle.js\"><\/script><br \/>\n<!-- Noticias La Guia de Pamplona --><br \/>\n<ins class=\"adsbygoogle\"\nstyle=\"display:block\"\ndata-ad-client=\"ca-pub-6943679897239327\"\ndata-ad-slot=\"7048180777\"\ndata-ad-format=\"auto\"><\/ins><br \/>\n<script>\n(adsbygoogle = window.adsbygoogle || []).push({});\n<\/script><\/p>\n<p>Pamplona se ha convertido as\u00ed en una de las cinco ciudades espa\u00f1olas con un \u2018Bosque Ol\u00edmpico\u2019, junto a Las Palmas de Gran Canaria, Rivas \u2013 Vaciamadrid, Camponaraya (Le\u00f3n) y Onda (Castell\u00f3n), tras haber sido seleccionada a trav\u00e9s de una convocatoria a la que se presentaron casi una treintena de localidades. Esa convocatoria buscaba proyectos de forestaci\u00f3n o reforestaci\u00f3n, alineados con los compromisos de la Agenda 2030 y de los Objetivos de Desarrollo Sostenible (ODS). Las emisiones de CO<sub>2<\/sub> que absorban esos nuevos bosques paliar\u00e1n la huella de carbono generada por los deportistas y las deportistas espa\u00f1olas durante los pasados Juegos Ol\u00edmpicos de Tokio en 2021.<\/p>\n<p>La alcaldesa de Pamplona, Cristina Ibarrola; el presidente del Comit\u00e9 Ol\u00edmpico Espa\u00f1ol, Alejandro Blanco; la directora territorial del Banco Santander, Patricia Arias; y miembros de la Corporaci\u00f3n municipal, han participado en el acto de inauguraci\u00f3n de este \u2018Bosque Ol\u00edmpico\u2019 por el que podr\u00e1 pasear ya la ciudadan\u00eda. El acto ha contado con la presencia tambi\u00e9n de deportistas navarros ol\u00edmpicos y paral\u00edmpicos como Miguel Indur\u00e1in, Nerea Pena, Izaskun Os\u00e9s, Carmen Rubio, Naiara Egozkue, Mari Lacruz o Jon Moncayola.<\/p>\n<p>Para sumarse al compromiso de sostenibilidad que defiende esta iniciativa, las autoridades y deportistas han aportado en un alveolo forestal la tierra necesaria para depositar un plant\u00f3n forestal que, con el paso del tiempo, se convertir\u00e1 en un \u00e1rbol m\u00e1s de este \u2018Bosque Ol\u00edmpico Espa\u00f1ol de Pamplona\u2019. Despu\u00e9s, en el recorrido que han realizado por el bosque, han ido apadrinando algunos de los \u00e1rboles ya plantados con unas tarjetas identificativas.<br \/>\n<script async src=\"\/\/pagead2.googlesyndication.com\/pagead\/js\/adsbygoogle.js\"><\/script><br \/>\n<!-- Noticias La Guia de Pamplona --><br \/>\n<ins class=\"adsbygoogle\"\nstyle=\"display:block\"\ndata-ad-client=\"ca-pub-6943679897239327\"\ndata-ad-slot=\"7048180777\"\ndata-ad-format=\"auto\"><\/ins><br \/>\n<script>\n(adsbygoogle = window.adsbygoogle || []).push({});\n<\/script><\/p>\n<p><strong>Caracter\u00edsticas del \u2018Bosque Ol\u00edmpico Espa\u00f1ol de Pamplona\u2019<\/strong><\/p>\n<p>El Bosque Ol\u00edmpico Espa\u00f1ol de Pamplona cuenta con m\u00e1s de mil ejemplares de especias aut\u00f3ctonas de \u00e1rboles y arbusto. Entre otros, se han plantado robles, encinas, arces menores, almeces, pinos, cornejos, espinos o enebros. Esta nueva zona verde forestal compensar\u00e1 135 toneladas de CO<sub>2<\/sub> y generar\u00e1 espacios de sombra en el trayecto peatonal existente entre Mendillorri y Lezkairu. La plantaci\u00f3n la han asumido \u00edntegramente por el COE, la FEMP y el Banco Santander. El Ayuntamiento de Pamplona se encargar\u00e1 de su cuidado durante los pr\u00f3ximos cinco a\u00f1os y se ha comprometido a mantenerlo durante un m\u00ednimo de 30 a\u00f1os.<\/p>\n<p>El bosque se ha previsto en esa parcela para mejorar tambi\u00e9n las condiciones de tr\u00e1nsito por el sendero peatonal que cubre el desnivel existente en esa zona entre los barrios de Mendillorri y Lezkairu, desde la calle de las Aguas hasta la variante de enlace con la PA-30, y tambi\u00e9n en su conexi\u00f3n con el parque de Mugartea en el t\u00e9rmino municipal del Valle de Aranguren. Adem\u00e1s, se ha mejorado el acceso a la parte este de Mendillorri, en el entorno de la calle Monte Campamento, paralela a la ronda, donde se ha creado una pantalla vegetal, recuperando la zona para pasear o circular de forma sostenible.<br \/>\n<script async src=\"\/\/pagead2.googlesyndication.com\/pagead\/js\/adsbygoogle.js\"><\/script><br \/>\n<!-- Noticias La Guia de Pamplona --><br \/>\n<ins class=\"adsbygoogle\"\nstyle=\"display:block\"\ndata-ad-client=\"ca-pub-6943679897239327\"\ndata-ad-slot=\"7048180777\"\ndata-ad-format=\"auto\"><\/ins><br \/>\n<script>\n(adsbygoogle = window.adsbygoogle || []).push({});\n<\/script><\/p>\n<p>Los bosques plantados en las cinco localidades espa\u00f1olas se incluir\u00e1n en el proyecto MapMyTree de la Uni\u00f3n Europea. <a href=\"https:\/\/forest.eea.europa.eu\/3-billion-trees\/introduction\" target=\"_blank\" rel=\"noopener\">MapMyTree<\/a> es una herramienta tecnol\u00f3gica al servicio de una iniciativa internacional, dentro del Pacto Verde Europeo y la Estrategia de Biodiversidad de la UE para 2030, con el compromiso de plantar al menos 3.000 millones de \u00e1rboles en la UE hasta esa fecha. Iniciativas como esta se enmarcan en la Estrategia Go Green Pamplona, que agrupa acciones y actuaciones en pro de la sostenibilidad y contra el cambio clim\u00e1tico.<\/p>\n","protected":false},"excerpt":{"rendered":"<p>Cinco ciudades espa\u00f1olas fueron seleccionadas en este proyecto, impulsado por la FEMP y el COE, que busca compensar la huella de carbono<\/p>\n","protected":false},"author":1,"featured_media":47825,"comment_status":"open","ping_status":"closed","sticky":false,"template":"","format":"standard","meta":{"footnotes":""},"categories":[2],"tags":[],"class_list":["post-47824","post","type-post","status-publish","format-standard","has-post-thumbnail","hentry","category-ayuntamiento-pamplona"],"yoast_head":"<!-- This site is optimized with the Yoast SEO plugin v27.3 - https:\/\/yoast.com\/product\/yoast-seo-wordpress\/ -->\n<title>Pamplona estrena su \u2018Bosque Ol\u00edmpico\u2019, con m\u00e1s de mil especies aut\u00f3ctonas de \u00e1rboles y arbustos en una parcela entre los barrios de Mendillorri y Lezkairu<\/title>\n<meta name=\"description\" content=\"Cinco ciudades espa\u00f1olas fueron seleccionadas en este proyecto, impulsado por la FEMP y el COE, que busca compensar la huella de carbono\" \/>\n<meta name=\"robots\" content=\"index, follow, max-snippet:-1, max-image-preview:large, max-video-preview:-1\" \/>\n<link rel=\"canonical\" href=\"https:\/\/www.laguiadepamplona.com\/actualidad\/pamplona-estrena-su-bosque-olimpico-con-mas-de-mil-especies-autoctonas-de-arboles-y-arbustos-en-una-parcela-entre-los-barrios-de-mendillorri-y-lezkairu\/\" \/>\n<meta property=\"og:locale\" content=\"es_ES\" \/>\n<meta property=\"og:type\" content=\"article\" \/>\n<meta property=\"og:title\" content=\"Pamplona estrena su \u2018Bosque Ol\u00edmpico\u2019, con m\u00e1s de mil especies aut\u00f3ctonas de \u00e1rboles y arbustos en una parcela entre los barrios de Mendillorri y Lezkairu\" \/>\n<meta property=\"og:description\" content=\"Cinco ciudades espa\u00f1olas fueron seleccionadas en este proyecto, impulsado por la FEMP y el COE, que busca compensar la huella de carbono\" \/>\n<meta property=\"og:url\" content=\"https:\/\/www.laguiadepamplona.com\/actualidad\/pamplona-estrena-su-bosque-olimpico-con-mas-de-mil-especies-autoctonas-de-arboles-y-arbustos-en-una-parcela-entre-los-barrios-de-mendillorri-y-lezkairu\/\" \/>\n<meta property=\"og:site_name\" content=\"La Gu\u00eda de Pamplona\" \/>\n<meta property=\"article:publisher\" content=\"https:\/\/www.facebook.com\/laguiadepamplonacom-133175176762273\/?ref=hl\" \/>\n<meta property=\"article:published_time\" content=\"2023-11-06T18:19:16+00:00\" \/>\n<meta property=\"og:image\" content=\"https:\/\/www.laguiadepamplona.com\/actualidad\/wp-content\/uploads\/2023\/11\/20231106bosqueolimpicoq5a5159.webp\" \/>\n\t<meta property=\"og:image:width\" content=\"1200\" \/>\n\t<meta property=\"og:image:height\" content=\"800\" \/>\n\t<meta property=\"og:image:type\" content=\"image\/webp\" \/>\n<meta name=\"author\" content=\"La Gu\u00eda de Pamplona\" \/>\n<meta name=\"twitter:card\" content=\"summary_large_image\" \/>\n<meta name=\"twitter:creator\" content=\"@LaGuiadPamplona\" \/>\n<meta name=\"twitter:site\" content=\"@LaGuiadPamplona\" \/>\n<meta name=\"twitter:label1\" content=\"Escrito por\" \/>\n\t<meta name=\"twitter:data1\" content=\"La Gu\u00eda de Pamplona\" \/>\n\t<meta name=\"twitter:label2\" content=\"Tiempo de lectura\" \/>\n\t<meta name=\"twitter:data2\" content=\"3 minutos\" \/>\n<script type=\"application\/ld+json\" class=\"yoast-schema-graph\">{\"@context\":\"https:\\\/\\\/schema.org\",\"@graph\":[{\"@type\":\"Article\",\"@id\":\"https:\\\/\\\/www.laguiadepamplona.com\\\/actualidad\\\/pamplona-estrena-su-bosque-olimpico-con-mas-de-mil-especies-autoctonas-de-arboles-y-arbustos-en-una-parcela-entre-los-barrios-de-mendillorri-y-lezkairu\\\/#article\",\"isPartOf\":{\"@id\":\"https:\\\/\\\/www.laguiadepamplona.com\\\/actualidad\\\/pamplona-estrena-su-bosque-olimpico-con-mas-de-mil-especies-autoctonas-de-arboles-y-arbustos-en-una-parcela-entre-los-barrios-de-mendillorri-y-lezkairu\\\/\"},\"author\":{\"name\":\"La Gu\u00eda de Pamplona\",\"@id\":\"https:\\\/\\\/www.laguiadepamplona.com\\\/actualidad\\\/#\\\/schema\\\/person\\\/efe887376f0213d4657c93adc50b1fdb\"},\"headline\":\"Pamplona estrena su \u2018Bosque Ol\u00edmpico\u2019, con m\u00e1s de mil especies aut\u00f3ctonas de \u00e1rboles y arbustos en una parcela entre los barrios de Mendillorri y Lezkairu\",\"datePublished\":\"2023-11-06T18:19:16+00:00\",\"mainEntityOfPage\":{\"@id\":\"https:\\\/\\\/www.laguiadepamplona.com\\\/actualidad\\\/pamplona-estrena-su-bosque-olimpico-con-mas-de-mil-especies-autoctonas-de-arboles-y-arbustos-en-una-parcela-entre-los-barrios-de-mendillorri-y-lezkairu\\\/\"},\"wordCount\":716,\"commentCount\":0,\"publisher\":{\"@id\":\"https:\\\/\\\/www.laguiadepamplona.com\\\/actualidad\\\/#organization\"},\"image\":{\"@id\":\"https:\\\/\\\/www.laguiadepamplona.com\\\/actualidad\\\/pamplona-estrena-su-bosque-olimpico-con-mas-de-mil-especies-autoctonas-de-arboles-y-arbustos-en-una-parcela-entre-los-barrios-de-mendillorri-y-lezkairu\\\/#primaryimage\"},\"thumbnailUrl\":\"https:\\\/\\\/www.laguiadepamplona.com\\\/actualidad\\\/wp-content\\\/uploads\\\/2023\\\/11\\\/20231106bosqueolimpicoq5a5159.webp\",\"articleSection\":[\"Ayto Pamplona\"],\"inLanguage\":\"es\",\"potentialAction\":[{\"@type\":\"CommentAction\",\"name\":\"Comment\",\"target\":[\"https:\\\/\\\/www.laguiadepamplona.com\\\/actualidad\\\/pamplona-estrena-su-bosque-olimpico-con-mas-de-mil-especies-autoctonas-de-arboles-y-arbustos-en-una-parcela-entre-los-barrios-de-mendillorri-y-lezkairu\\\/#respond\"]}]},{\"@type\":\"WebPage\",\"@id\":\"https:\\\/\\\/www.laguiadepamplona.com\\\/actualidad\\\/pamplona-estrena-su-bosque-olimpico-con-mas-de-mil-especies-autoctonas-de-arboles-y-arbustos-en-una-parcela-entre-los-barrios-de-mendillorri-y-lezkairu\\\/\",\"url\":\"https:\\\/\\\/www.laguiadepamplona.com\\\/actualidad\\\/pamplona-estrena-su-bosque-olimpico-con-mas-de-mil-especies-autoctonas-de-arboles-y-arbustos-en-una-parcela-entre-los-barrios-de-mendillorri-y-lezkairu\\\/\",\"name\":\"Pamplona estrena su \u2018Bosque Ol\u00edmpico\u2019, con m\u00e1s de mil especies aut\u00f3ctonas de \u00e1rboles y arbustos en una parcela entre los barrios de Mendillorri y Lezkairu\",\"isPartOf\":{\"@id\":\"https:\\\/\\\/www.laguiadepamplona.com\\\/actualidad\\\/#website\"},\"primaryImageOfPage\":{\"@id\":\"https:\\\/\\\/www.laguiadepamplona.com\\\/actualidad\\\/pamplona-estrena-su-bosque-olimpico-con-mas-de-mil-especies-autoctonas-de-arboles-y-arbustos-en-una-parcela-entre-los-barrios-de-mendillorri-y-lezkairu\\\/#primaryimage\"},\"image\":{\"@id\":\"https:\\\/\\\/www.laguiadepamplona.com\\\/actualidad\\\/pamplona-estrena-su-bosque-olimpico-con-mas-de-mil-especies-autoctonas-de-arboles-y-arbustos-en-una-parcela-entre-los-barrios-de-mendillorri-y-lezkairu\\\/#primaryimage\"},\"thumbnailUrl\":\"https:\\\/\\\/www.laguiadepamplona.com\\\/actualidad\\\/wp-content\\\/uploads\\\/2023\\\/11\\\/20231106bosqueolimpicoq5a5159.webp\",\"datePublished\":\"2023-11-06T18:19:16+00:00\",\"description\":\"Cinco ciudades espa\u00f1olas fueron seleccionadas en este proyecto, impulsado por la FEMP y el COE, que busca compensar la huella de carbono\",\"breadcrumb\":{\"@id\":\"https:\\\/\\\/www.laguiadepamplona.com\\\/actualidad\\\/pamplona-estrena-su-bosque-olimpico-con-mas-de-mil-especies-autoctonas-de-arboles-y-arbustos-en-una-parcela-entre-los-barrios-de-mendillorri-y-lezkairu\\\/#breadcrumb\"},\"inLanguage\":\"es\",\"potentialAction\":[{\"@type\":\"ReadAction\",\"target\":[\"https:\\\/\\\/www.laguiadepamplona.com\\\/actualidad\\\/pamplona-estrena-su-bosque-olimpico-con-mas-de-mil-especies-autoctonas-de-arboles-y-arbustos-en-una-parcela-entre-los-barrios-de-mendillorri-y-lezkairu\\\/\"]}]},{\"@type\":\"ImageObject\",\"inLanguage\":\"es\",\"@id\":\"https:\\\/\\\/www.laguiadepamplona.com\\\/actualidad\\\/pamplona-estrena-su-bosque-olimpico-con-mas-de-mil-especies-autoctonas-de-arboles-y-arbustos-en-una-parcela-entre-los-barrios-de-mendillorri-y-lezkairu\\\/#primaryimage\",\"url\":\"https:\\\/\\\/www.laguiadepamplona.com\\\/actualidad\\\/wp-content\\\/uploads\\\/2023\\\/11\\\/20231106bosqueolimpicoq5a5159.webp\",\"contentUrl\":\"https:\\\/\\\/www.laguiadepamplona.com\\\/actualidad\\\/wp-content\\\/uploads\\\/2023\\\/11\\\/20231106bosqueolimpicoq5a5159.webp\",\"width\":1200,\"height\":800,\"caption\":\"bosque ol\u00edmpico\"},{\"@type\":\"BreadcrumbList\",\"@id\":\"https:\\\/\\\/www.laguiadepamplona.com\\\/actualidad\\\/pamplona-estrena-su-bosque-olimpico-con-mas-de-mil-especies-autoctonas-de-arboles-y-arbustos-en-una-parcela-entre-los-barrios-de-mendillorri-y-lezkairu\\\/#breadcrumb\",\"itemListElement\":[{\"@type\":\"ListItem\",\"position\":1,\"name\":\"Portada\",\"item\":\"https:\\\/\\\/www.laguiadepamplona.com\\\/actualidad\\\/\"},{\"@type\":\"ListItem\",\"position\":2,\"name\":\"Pamplona estrena su \u2018Bosque Ol\u00edmpico\u2019, con m\u00e1s de mil especies aut\u00f3ctonas de \u00e1rboles y arbustos en una parcela entre los barrios de Mendillorri y Lezkairu\"}]},{\"@type\":\"WebSite\",\"@id\":\"https:\\\/\\\/www.laguiadepamplona.com\\\/actualidad\\\/#website\",\"url\":\"https:\\\/\\\/www.laguiadepamplona.com\\\/actualidad\\\/\",\"name\":\"La gu\u00eda de Pamplona\",\"description\":\"Noticias de Pamplona\",\"publisher\":{\"@id\":\"https:\\\/\\\/www.laguiadepamplona.com\\\/actualidad\\\/#organization\"},\"potentialAction\":[{\"@type\":\"SearchAction\",\"target\":{\"@type\":\"EntryPoint\",\"urlTemplate\":\"https:\\\/\\\/www.laguiadepamplona.com\\\/actualidad\\\/?s={search_term_string}\"},\"query-input\":{\"@type\":\"PropertyValueSpecification\",\"valueRequired\":true,\"valueName\":\"search_term_string\"}}],\"inLanguage\":\"es\"},{\"@type\":\"Organization\",\"@id\":\"https:\\\/\\\/www.laguiadepamplona.com\\\/actualidad\\\/#organization\",\"name\":\"La Gu\u00eda de Pamplona \\\/ Noticias\",\"url\":\"https:\\\/\\\/www.laguiadepamplona.com\\\/actualidad\\\/\",\"logo\":{\"@type\":\"ImageObject\",\"inLanguage\":\"es\",\"@id\":\"https:\\\/\\\/www.laguiadepamplona.com\\\/actualidad\\\/#\\\/schema\\\/logo\\\/image\\\/\",\"url\":\"https:\\\/\\\/www.laguiadepamplona.com\\\/actualidad\\\/wp-content\\\/uploads\\\/2018\\\/11\\\/logo-laguiadepamplona18-web1.png\",\"contentUrl\":\"https:\\\/\\\/www.laguiadepamplona.com\\\/actualidad\\\/wp-content\\\/uploads\\\/2018\\\/11\\\/logo-laguiadepamplona18-web1.png\",\"width\":600,\"height\":196,\"caption\":\"La Gu\u00eda de Pamplona \\\/ Noticias\"},\"image\":{\"@id\":\"https:\\\/\\\/www.laguiadepamplona.com\\\/actualidad\\\/#\\\/schema\\\/logo\\\/image\\\/\"},\"sameAs\":[\"https:\\\/\\\/www.facebook.com\\\/laguiadepamplonacom-133175176762273\\\/?ref=hl\",\"https:\\\/\\\/x.com\\\/LaGuiadPamplona\",\"https:\\\/\\\/www.instagram.com\\\/la_guia_de_pamplona\\\/\",\"https:\\\/\\\/www.youtube.com\\\/user\\\/laguiadepamplona\"]},{\"@type\":\"Person\",\"@id\":\"https:\\\/\\\/www.laguiadepamplona.com\\\/actualidad\\\/#\\\/schema\\\/person\\\/efe887376f0213d4657c93adc50b1fdb\",\"name\":\"La Gu\u00eda de Pamplona\",\"image\":{\"@type\":\"ImageObject\",\"inLanguage\":\"es\",\"@id\":\"https:\\\/\\\/secure.gravatar.com\\\/avatar\\\/b6992f131dc8d30ab0dff15446e9d346d9dbd95992de0fef795073f5ea83a81c?s=96&d=mm&r=g\",\"url\":\"https:\\\/\\\/secure.gravatar.com\\\/avatar\\\/b6992f131dc8d30ab0dff15446e9d346d9dbd95992de0fef795073f5ea83a81c?s=96&d=mm&r=g\",\"contentUrl\":\"https:\\\/\\\/secure.gravatar.com\\\/avatar\\\/b6992f131dc8d30ab0dff15446e9d346d9dbd95992de0fef795073f5ea83a81c?s=96&d=mm&r=g\",\"caption\":\"La Gu\u00eda de Pamplona\"}}]}<\/script>\n<!-- \/ Yoast SEO plugin. -->","yoast_head_json":{"title":"Pamplona estrena su \u2018Bosque Ol\u00edmpico\u2019, con m\u00e1s de mil especies aut\u00f3ctonas de \u00e1rboles y arbustos en una parcela entre los barrios de Mendillorri y Lezkairu","description":"Cinco ciudades espa\u00f1olas fueron seleccionadas en este proyecto, impulsado por la FEMP y el COE, que busca compensar la huella de carbono","robots":{"index":"index","follow":"follow","max-snippet":"max-snippet:-1","max-image-preview":"max-image-preview:large","max-video-preview":"max-video-preview:-1"},"canonical":"https:\/\/www.laguiadepamplona.com\/actualidad\/pamplona-estrena-su-bosque-olimpico-con-mas-de-mil-especies-autoctonas-de-arboles-y-arbustos-en-una-parcela-entre-los-barrios-de-mendillorri-y-lezkairu\/","og_locale":"es_ES","og_type":"article","og_title":"Pamplona estrena su \u2018Bosque Ol\u00edmpico\u2019, con m\u00e1s de mil especies aut\u00f3ctonas de \u00e1rboles y arbustos en una parcela entre los barrios de Mendillorri y Lezkairu","og_description":"Cinco ciudades espa\u00f1olas fueron seleccionadas en este proyecto, impulsado por la FEMP y el COE, que busca compensar la huella de carbono","og_url":"https:\/\/www.laguiadepamplona.com\/actualidad\/pamplona-estrena-su-bosque-olimpico-con-mas-de-mil-especies-autoctonas-de-arboles-y-arbustos-en-una-parcela-entre-los-barrios-de-mendillorri-y-lezkairu\/","og_site_name":"La Gu\u00eda de Pamplona","article_publisher":"https:\/\/www.facebook.com\/laguiadepamplonacom-133175176762273\/?ref=hl","article_published_time":"2023-11-06T18:19:16+00:00","og_image":[{"width":1200,"height":800,"url":"https:\/\/www.laguiadepamplona.com\/actualidad\/wp-content\/uploads\/2023\/11\/20231106bosqueolimpicoq5a5159.webp","type":"image\/webp"}],"author":"La Gu\u00eda de Pamplona","twitter_card":"summary_large_image","twitter_creator":"@LaGuiadPamplona","twitter_site":"@LaGuiadPamplona","twitter_misc":{"Escrito por":"La Gu\u00eda de Pamplona","Tiempo de lectura":"3 minutos"},"schema":{"@context":"https:\/\/schema.org","@graph":[{"@type":"Article","@id":"https:\/\/www.laguiadepamplona.com\/actualidad\/pamplona-estrena-su-bosque-olimpico-con-mas-de-mil-especies-autoctonas-de-arboles-y-arbustos-en-una-parcela-entre-los-barrios-de-mendillorri-y-lezkairu\/#article","isPartOf":{"@id":"https:\/\/www.laguiadepamplona.com\/actualidad\/pamplona-estrena-su-bosque-olimpico-con-mas-de-mil-especies-autoctonas-de-arboles-y-arbustos-en-una-parcela-entre-los-barrios-de-mendillorri-y-lezkairu\/"},"author":{"name":"La Gu\u00eda de Pamplona","@id":"https:\/\/www.laguiadepamplona.com\/actualidad\/#\/schema\/person\/efe887376f0213d4657c93adc50b1fdb"},"headline":"Pamplona estrena su \u2018Bosque Ol\u00edmpico\u2019, con m\u00e1s de mil especies aut\u00f3ctonas de \u00e1rboles y arbustos en una parcela entre los barrios de Mendillorri y Lezkairu","datePublished":"2023-11-06T18:19:16+00:00","mainEntityOfPage":{"@id":"https:\/\/www.laguiadepamplona.com\/actualidad\/pamplona-estrena-su-bosque-olimpico-con-mas-de-mil-especies-autoctonas-de-arboles-y-arbustos-en-una-parcela-entre-los-barrios-de-mendillorri-y-lezkairu\/"},"wordCount":716,"commentCount":0,"publisher":{"@id":"https:\/\/www.laguiadepamplona.com\/actualidad\/#organization"},"image":{"@id":"https:\/\/www.laguiadepamplona.com\/actualidad\/pamplona-estrena-su-bosque-olimpico-con-mas-de-mil-especies-autoctonas-de-arboles-y-arbustos-en-una-parcela-entre-los-barrios-de-mendillorri-y-lezkairu\/#primaryimage"},"thumbnailUrl":"https:\/\/www.laguiadepamplona.com\/actualidad\/wp-content\/uploads\/2023\/11\/20231106bosqueolimpicoq5a5159.webp","articleSection":["Ayto Pamplona"],"inLanguage":"es","potentialAction":[{"@type":"CommentAction","name":"Comment","target":["https:\/\/www.laguiadepamplona.com\/actualidad\/pamplona-estrena-su-bosque-olimpico-con-mas-de-mil-especies-autoctonas-de-arboles-y-arbustos-en-una-parcela-entre-los-barrios-de-mendillorri-y-lezkairu\/#respond"]}]},{"@type":"WebPage","@id":"https:\/\/www.laguiadepamplona.com\/actualidad\/pamplona-estrena-su-bosque-olimpico-con-mas-de-mil-especies-autoctonas-de-arboles-y-arbustos-en-una-parcela-entre-los-barrios-de-mendillorri-y-lezkairu\/","url":"https:\/\/www.laguiadepamplona.com\/actualidad\/pamplona-estrena-su-bosque-olimpico-con-mas-de-mil-especies-autoctonas-de-arboles-y-arbustos-en-una-parcela-entre-los-barrios-de-mendillorri-y-lezkairu\/","name":"Pamplona estrena su \u2018Bosque Ol\u00edmpico\u2019, con m\u00e1s de mil especies aut\u00f3ctonas de \u00e1rboles y arbustos en una parcela entre los barrios de Mendillorri y Lezkairu","isPartOf":{"@id":"https:\/\/www.laguiadepamplona.com\/actualidad\/#website"},"primaryImageOfPage":{"@id":"https:\/\/www.laguiadepamplona.com\/actualidad\/pamplona-estrena-su-bosque-olimpico-con-mas-de-mil-especies-autoctonas-de-arboles-y-arbustos-en-una-parcela-entre-los-barrios-de-mendillorri-y-lezkairu\/#primaryimage"},"image":{"@id":"https:\/\/www.laguiadepamplona.com\/actualidad\/pamplona-estrena-su-bosque-olimpico-con-mas-de-mil-especies-autoctonas-de-arboles-y-arbustos-en-una-parcela-entre-los-barrios-de-mendillorri-y-lezkairu\/#primaryimage"},"thumbnailUrl":"https:\/\/www.laguiadepamplona.com\/actualidad\/wp-content\/uploads\/2023\/11\/20231106bosqueolimpicoq5a5159.webp","datePublished":"2023-11-06T18:19:16+00:00","description":"Cinco ciudades espa\u00f1olas fueron seleccionadas en este proyecto, impulsado por la FEMP y el COE, que busca compensar la huella de carbono","breadcrumb":{"@id":"https:\/\/www.laguiadepamplona.com\/actualidad\/pamplona-estrena-su-bosque-olimpico-con-mas-de-mil-especies-autoctonas-de-arboles-y-arbustos-en-una-parcela-entre-los-barrios-de-mendillorri-y-lezkairu\/#breadcrumb"},"inLanguage":"es","potentialAction":[{"@type":"ReadAction","target":["https:\/\/www.laguiadepamplona.com\/actualidad\/pamplona-estrena-su-bosque-olimpico-con-mas-de-mil-especies-autoctonas-de-arboles-y-arbustos-en-una-parcela-entre-los-barrios-de-mendillorri-y-lezkairu\/"]}]},{"@type":"ImageObject","inLanguage":"es","@id":"https:\/\/www.laguiadepamplona.com\/actualidad\/pamplona-estrena-su-bosque-olimpico-con-mas-de-mil-especies-autoctonas-de-arboles-y-arbustos-en-una-parcela-entre-los-barrios-de-mendillorri-y-lezkairu\/#primaryimage","url":"https:\/\/www.laguiadepamplona.com\/actualidad\/wp-content\/uploads\/2023\/11\/20231106bosqueolimpicoq5a5159.webp","contentUrl":"https:\/\/www.laguiadepamplona.com\/actualidad\/wp-content\/uploads\/2023\/11\/20231106bosqueolimpicoq5a5159.webp","width":1200,"height":800,"caption":"bosque ol\u00edmpico"},{"@type":"BreadcrumbList","@id":"https:\/\/www.laguiadepamplona.com\/actualidad\/pamplona-estrena-su-bosque-olimpico-con-mas-de-mil-especies-autoctonas-de-arboles-y-arbustos-en-una-parcela-entre-los-barrios-de-mendillorri-y-lezkairu\/#breadcrumb","itemListElement":[{"@type":"ListItem","position":1,"name":"Portada","item":"https:\/\/www.laguiadepamplona.com\/actualidad\/"},{"@type":"ListItem","position":2,"name":"Pamplona estrena su \u2018Bosque Ol\u00edmpico\u2019, con m\u00e1s de mil especies aut\u00f3ctonas de \u00e1rboles y arbustos en una parcela entre los barrios de Mendillorri y Lezkairu"}]},{"@type":"WebSite","@id":"https:\/\/www.laguiadepamplona.com\/actualidad\/#website","url":"https:\/\/www.laguiadepamplona.com\/actualidad\/","name":"La gu\u00eda de Pamplona","description":"Noticias de Pamplona","publisher":{"@id":"https:\/\/www.laguiadepamplona.com\/actualidad\/#organization"},"potentialAction":[{"@type":"SearchAction","target":{"@type":"EntryPoint","urlTemplate":"https:\/\/www.laguiadepamplona.com\/actualidad\/?s={search_term_string}"},"query-input":{"@type":"PropertyValueSpecification","valueRequired":true,"valueName":"search_term_string"}}],"inLanguage":"es"},{"@type":"Organization","@id":"https:\/\/www.laguiadepamplona.com\/actualidad\/#organization","name":"La Gu\u00eda de Pamplona \/ Noticias","url":"https:\/\/www.laguiadepamplona.com\/actualidad\/","logo":{"@type":"ImageObject","inLanguage":"es","@id":"https:\/\/www.laguiadepamplona.com\/actualidad\/#\/schema\/logo\/image\/","url":"https:\/\/www.laguiadepamplona.com\/actualidad\/wp-content\/uploads\/2018\/11\/logo-laguiadepamplona18-web1.png","contentUrl":"https:\/\/www.laguiadepamplona.com\/actualidad\/wp-content\/uploads\/2018\/11\/logo-laguiadepamplona18-web1.png","width":600,"height":196,"caption":"La Gu\u00eda de Pamplona \/ Noticias"},"image":{"@id":"https:\/\/www.laguiadepamplona.com\/actualidad\/#\/schema\/logo\/image\/"},"sameAs":["https:\/\/www.facebook.com\/laguiadepamplonacom-133175176762273\/?ref=hl","https:\/\/x.com\/LaGuiadPamplona","https:\/\/www.instagram.com\/la_guia_de_pamplona\/","https:\/\/www.youtube.com\/user\/laguiadepamplona"]},{"@type":"Person","@id":"https:\/\/www.laguiadepamplona.com\/actualidad\/#\/schema\/person\/efe887376f0213d4657c93adc50b1fdb","name":"La Gu\u00eda de Pamplona","image":{"@type":"ImageObject","inLanguage":"es","@id":"https:\/\/secure.gravatar.com\/avatar\/b6992f131dc8d30ab0dff15446e9d346d9dbd95992de0fef795073f5ea83a81c?s=96&d=mm&r=g","url":"https:\/\/secure.gravatar.com\/avatar\/b6992f131dc8d30ab0dff15446e9d346d9dbd95992de0fef795073f5ea83a81c?s=96&d=mm&r=g","contentUrl":"https:\/\/secure.gravatar.com\/avatar\/b6992f131dc8d30ab0dff15446e9d346d9dbd95992de0fef795073f5ea83a81c?s=96&d=mm&r=g","caption":"La Gu\u00eda de Pamplona"}}]}},"post_mailing_queue_ids":[],"_links":{"self":[{"href":"https:\/\/www.laguiadepamplona.com\/actualidad\/wp-json\/wp\/v2\/posts\/47824","targetHints":{"allow":["GET"]}}],"collection":[{"href":"https:\/\/www.laguiadepamplona.com\/actualidad\/wp-json\/wp\/v2\/posts"}],"about":[{"href":"https:\/\/www.laguiadepamplona.com\/actualidad\/wp-json\/wp\/v2\/types\/post"}],"author":[{"embeddable":true,"href":"https:\/\/www.laguiadepamplona.com\/actualidad\/wp-json\/wp\/v2\/users\/1"}],"replies":[{"embeddable":true,"href":"https:\/\/www.laguiadepamplona.com\/actualidad\/wp-json\/wp\/v2\/comments?post=47824"}],"version-history":[{"count":1,"href":"https:\/\/www.laguiadepamplona.com\/actualidad\/wp-json\/wp\/v2\/posts\/47824\/revisions"}],"predecessor-version":[{"id":47826,"href":"https:\/\/www.laguiadepamplona.com\/actualidad\/wp-json\/wp\/v2\/posts\/47824\/revisions\/47826"}],"wp:featuredmedia":[{"embeddable":true,"href":"https:\/\/www.laguiadepamplona.com\/actualidad\/wp-json\/wp\/v2\/media\/47825"}],"wp:attachment":[{"href":"https:\/\/www.laguiadepamplona.com\/actualidad\/wp-json\/wp\/v2\/media?parent=47824"}],"wp:term":[{"taxonomy":"category","embeddable":true,"href":"https:\/\/www.laguiadepamplona.com\/actualidad\/wp-json\/wp\/v2\/categories?post=47824"},{"taxonomy":"post_tag","embeddable":true,"href":"https:\/\/www.laguiadepamplona.com\/actualidad\/wp-json\/wp\/v2\/tags?post=47824"}],"curies":[{"name":"wp","href":"https:\/\/api.w.org\/{rel}","templated":true}]}}