{"id":47814,"date":"2023-11-06T13:04:58","date_gmt":"2023-11-06T11:04:58","guid":{"rendered":"https:\/\/www.laguiadepamplona.com\/actualidad\/?p=47814"},"modified":"2023-11-06T13:04:58","modified_gmt":"2023-11-06T11:04:58","slug":"la-ciudad-celebra-el-dia-de-pamplona-el-29-de-noviembre-con-una-propuesta-musical-suelta-de-farolillos-y-reparto-de-3-000-pulseras-fluorescentes-en-el-encendido-de-las-luces","status":"publish","type":"post","link":"https:\/\/www.laguiadepamplona.com\/actualidad\/la-ciudad-celebra-el-dia-de-pamplona-el-29-de-noviembre-con-una-propuesta-musical-suelta-de-farolillos-y-reparto-de-3-000-pulseras-fluorescentes-en-el-encendido-de-las-luces\/","title":{"rendered":"La ciudad celebra el D\u00eda de Pamplona el 29 de noviembre con una propuesta musical, suelta de farolillos y reparto de 3.000 pulseras fluorescentes en el encendido de las luces"},"content":{"rendered":"<h3>Adem\u00e1s de conciertos, la Comparsa de Gigantes y Cabezudos bailar\u00e1 en el interior de San Saturnino por el 600 aniversario del Privilegio de la Uni\u00f3n<\/h3>\n<p><!--more--><\/p>\n<p>El pr\u00f3ximo 29 de noviembre la ciudad celebrar\u00e1 el D\u00eda de Pamplona con una completa programaci\u00f3n, que incluye un novedoso estreno musical desde los balcones de la fachada consistorial y un particular juego de luces con la suelta de farolillos luminosos, haciendo un gui\u00f1o a la ciudad hermana de Bayona. Todo ello adem\u00e1s de la tradicional procesi\u00f3n y salida de la Comparsa de Gigantes y Cabezudos, los conciertos de Iv\u00e1n Ferreiro, de Javier Erro junto a Coral Paz de Ziganda Abesbatza, y La Pamplonesa.<\/p>\n<p>Este d\u00eda coincidir\u00e1, adem\u00e1s, con el encendido de la iluminaci\u00f3n navide\u00f1a en toda la ciudad, que en esta ocasi\u00f3n correr\u00e1 a cargo de personas voluntarias del programa municipal Pamplonistas. Para reforzar este car\u00e1cter participativo en esta apertura de los festejos navide\u00f1os, las personas voluntarias repartir\u00e1n 3.000 pulseras fluorescentes entre las personas asistentes, de modo que el efecto de luz se extienda desde la fachada hasta el cielo y el suelo.<\/p>\n<p>La alcaldesa de Pamplona, Cristina Ibarrola, y el director del \u00e1rea de Cultura, Rudy Goroskieta, han presentado esta ma\u00f1ana en rueda de prensa la programaci\u00f3n en torno al D\u00eda de Pamplona organizada por el Ayuntamiento. \u00c9sta comenzar\u00e1 ya la v\u00edspera y tiene como principal novedad la propuesta musical en directo desde los balcones de la Casa Consistorial con Demode Quartet, y conciertos en la Sala Zentral y en el Auditorio Baluarte, adem\u00e1s de en el Teatro Gayarre.<br \/>\n<script async src=\"\/\/pagead2.googlesyndication.com\/pagead\/js\/adsbygoogle.js\"><\/script><br \/>\n<!-- Noticias La Guia de Pamplona --><br \/>\n<ins class=\"adsbygoogle\"\nstyle=\"display:block\"\ndata-ad-client=\"ca-pub-6943679897239327\"\ndata-ad-slot=\"7048180777\"\ndata-ad-format=\"auto\"><\/ins><br \/>\n<script>\n(adsbygoogle = window.adsbygoogle || []).push({});\n<\/script><\/p>\n<p><strong>Tarde de luces por la ciudad y farolillos desde la Vuelta del Castillo<\/strong><\/p>\n<p>Como viene siendo habitual, el d\u00eda de San Saturnino supondr\u00e1 el pistoletazo de salida para la programaci\u00f3n navide\u00f1a, con la inauguraci\u00f3n, a las 17.30 horas, del bel\u00e9n creado por la Asociaci\u00f3n de Belenistas de Pamplona e instalado en el zagu\u00e1n de la Casa Consistorial, y el tradicional encendido de las luces de Navidad, previsto para las 18 horas, en la Plaza Consistorial. Para acompa\u00f1ar al encendido, integrantes del programa municipal de voluntariado Pamplonistas repartir\u00e1 3.000 pulseras fluorescentes entre las personas congregadas en la plaza, de modo que el efecto de luz sea un continuo desde la fachada hasta el cielo y el suelo.<\/p>\n<p>Precisamente, en esta ocasi\u00f3n, el encendido correr\u00e1 a cargo de varias personas voluntarias de Pamplonistas, que prestan su tiempo para ayudar al vecindario y a mejorar la ciudad. Ellas ser\u00e1n las encargadas de pulsar el bot\u00f3n que llene de luz la ciudad, donde se han instalado 152 arcos en diferentes calles de los Ensanches y 102 arcos en diversas zonas del Casco Antiguo. A todo ello se suman, adem\u00e1s, otras decoraciones en espacios como las plazas de la Libertad, de la Cruz, Pr\u00edncipe de Viana, Merindades, San Francisco, Recoletas y Teatro Gayarre, y nueve figuras transitables de luz que se instalar\u00e1n en distintos puntos de la ciudad.<\/p>\n<p>Las luces y decoraci\u00f3n navide\u00f1as permanecer\u00e1n encendidas hasta el 6 de enero, con el horario habitual de encendido, entre las 17.45 horas y las 23 horas. En d\u00edas especiales, como los viernes y s\u00e1bados de diciembre y enero, la iluminaci\u00f3n se apagar\u00e1 a la 1 de la madrugada y en las v\u00edsperas de los festivos navide\u00f1os, el 24 y 31 de diciembre y el 5 de enero, esas luces se apagar\u00e1n a las 2 de la madrugada.<\/p>\n<p>El encendido de luces estar\u00e1 acompa\u00f1ado por una actuaci\u00f3n en directo del grupo musical Demode Quartet, que cantar\u00e1n <em>a capella<\/em> desde los balcones de la Casa Consistorial varios villancicos. Los integrantes realizar\u00e1n, en un primer momento, las intervenciones individuales en distintos balcones, para despu\u00e9s reunirse todos en el balc\u00f3n central donde ofrecer\u00e1n un concierto de alrededor de media hora.<\/p>\n<p>De ah\u00ed, la fiesta del D\u00eda de Pamplona se trasladar\u00e1 a la Vuelta del Castillo, en el entorno de la estaci\u00f3n de autobuses, donde, a las 19 horas, el Ayuntamiento ha organizado una suelta de farolillos de luz, con los que la ciudadan\u00eda pamplonesa pueda lanzar al cielo sus deseos para Pamplona. De esta forma, el Consistorio realiza un gui\u00f1o a su ciudad hermana de Bayona, que a\u00f1o tras a\u00f1o abre las fiestas navide\u00f1as con un espect\u00e1culo de farolillos. Para la ocasi\u00f3n, se repartir\u00e1n 3.000 farolillos biodegradables, el mismo d\u00eda 29, desde las 16 horas, en la Plaza Consistorial y en la Vuelta del Castillo, a la altura de la estaci\u00f3n de autobuses.<\/p>\n<p>La celebraci\u00f3n de este espect\u00e1culo de farolillos estar\u00e1 supeditada, en cualquier caso, a las condiciones climatol\u00f3gicas, tanto de lluvia como de viento, para poder realizarla con seguridad para las personas asistentes y para la ciudad. En cualquier caso, se dispondr\u00e1 de medios se emergencias y seguridad en el lugar, donde habr\u00e1 personal de bomberos y ambulancia. Adem\u00e1s, una vez concluido el acto, se habilitar\u00e1 un dispositivo especial para la retirada de aquellos farolillos que caigan por la ciudad.<br \/>\n<script async src=\"\/\/pagead2.googlesyndication.com\/pagead\/js\/adsbygoogle.js\"><\/script><br \/>\n<!-- Noticias La Guia de Pamplona --><br \/>\n<ins class=\"adsbygoogle\"\nstyle=\"display:block\"\ndata-ad-client=\"ca-pub-6943679897239327\"\ndata-ad-slot=\"7048180777\"\ndata-ad-format=\"auto\"><\/ins><br \/>\n<script>\n(adsbygoogle = window.adsbygoogle || []).push({});\n<\/script><\/p>\n<p><strong>La m\u00fasica, protagonista<\/strong><\/p>\n<p>En la v\u00edspera de San Saturnino, el martes 28, la sala Zentral acoger\u00e1, a las 21 horas, el concierto del cantante y compositor gallego Iv\u00e1n Ferreiro, quien fuera miembro de la banda Los Piratas y una de las voces m\u00e1s reconocibles de la escena indie espa\u00f1ola. Las entradas se podr\u00e1n comprar en <a href=\"https:\/\/www.zentralpamplona.com\/\" target=\"_blank\" rel=\"noopener\">la web de Zentral<\/a> a un precio de 10 euros m\u00e1s gastos de gesti\u00f3n. El d\u00eda 29, por su parte, Baluarte acoger\u00e1, a partir de las 19.30 horas, el concierto \u2018Abestu gure Queen. Tributo a Queen\u2019, dirigido por Mari Paz Arizkun e interpretado por Javier Erro, el coro Paz de Ziganda Helduen abesbatza &amp; Rockband y la solista Mar\u00eda Echeverr\u00eda. La coral est\u00e1 compuesta por profesorado, padres y madres de la ikastola de Villava. En este caso, las entradas costar\u00e1n siete euros y podr\u00e1n adquirirse directamente en la <a href=\"https:\/\/www.baluarte.com\/es\/\" target=\"_blank\" rel=\"noopener\">web<\/a> y las taquillas de Baluarte.<\/p>\n<p>A estas novedades se suman el ya tradicional concierto de La Pamplonesa por la festividad de San Saturnino en el Teatro Gayarre, que este a\u00f1o cuenta con dos citas, el d\u00eda 28 a las 20 horas y el 29 a las 19 horas. En ambas citas la banda, dirigida por J. Vicent Egea, interpretar\u00e1 \u2018Bailes de Zarzuela\u2019, en colaboraci\u00f3n con la Escuela de Danza de Navarra.<br \/>\n<script async src=\"\/\/pagead2.googlesyndication.com\/pagead\/js\/adsbygoogle.js\"><\/script><br \/>\n<!-- Noticias La Guia de Pamplona --><br \/>\n<ins class=\"adsbygoogle\"\nstyle=\"display:block\"\ndata-ad-client=\"ca-pub-6943679897239327\"\ndata-ad-slot=\"7048180777\"\ndata-ad-format=\"auto\"><\/ins><br \/>\n<script>\n(adsbygoogle = window.adsbygoogle || []).push({});\n<\/script><\/p>\n<p><strong>Los Gigantes bailar\u00e1n en el interior de la iglesia de San Saturnino<\/strong><\/p>\n<p>El d\u00eda grande de Pamplona supondr\u00e1, un a\u00f1o m\u00e1s, la salida de la Comparsa de Gigantes y Cabezudos, en la que ser\u00e1 su \u00faltimo recorrido del a\u00f1o tras Sanfermines, la celebraci\u00f3n del Privilegio de la Uni\u00f3n y San Ferm\u00edn de Aldapa. Acompa\u00f1ados de los gaiteros y txistularis municipales y de La Pamplonesa, la Comparsa saldr\u00e1 a las 9.30 horas de la estaci\u00f3n de autobuses en direcci\u00f3n a la Plaza Consistorial, para recoger a la Corporaci\u00f3n en Cuerpo de Ciudad. Para llegar a este punto, la Comparsa recorrer\u00e1 la plaza de La Paz, la avenida Yanguas y Miranda, la calle Garc\u00eda Xim\u00e9nez, la avenida San Ignacio, el Paseo Sarasate, la Plaza del Castillo, Chapitela y Mercaderes, hasta llegar a la puerta de la Casa Consistorial para acompa\u00f1ar a la comitiva oficial.<\/p>\n<p>En torno a las 10.15 horas, la Corporaci\u00f3n municipal en Cuerpo de Ciudad se desplazar\u00e1 a la Iglesia de San Saturnino, para recoger al santo e iniciar la procesi\u00f3n que discurrir\u00e1 por las calles San Saturnino, Mayor, Paseo del Doctor Arazuri y calle Nueva, para regresar a la iglesia de San Saturnino. Como novedad, y con motivo del 600 Aniversario del Privilegio de la Uni\u00f3n, antes de la celebraci\u00f3n religiosa, los gigantes acceder\u00e1n al interior de la iglesia donde, acompa\u00f1ados de los gaiteros municipales, bailar\u00e1n \u2018Angula\u2019 antes del comienzo de la misa, en torno a las 11 horas. Al interior de la iglesia acceder\u00e1n tambi\u00e9n el cabezudo Alcalde, el kiliki Coletas y un zaldiko en representaci\u00f3n de todas las figuras municipales.<\/p>\n<p>Tras la misa, la Corporaci\u00f3n municipal en Cuerpo de Ciudad volver\u00e1 a la Casa Consistorial, hacia las 12.15 horas. Como es tradici\u00f3n, en ese momento la Comparsa y el grupo Duguna de dantzaris municipales terminar\u00e1n el acto bailando en la Plaza Consistorial. Por su parte, la Comparsa de Gigantes y Cabezudos iniciar\u00e1 el regreso a su sede por las calles Mercaderes, Chapitela, Plaza del Castillo, Avenida Carlos III, avenida Roncesvalles, Garc\u00eda Xim\u00e9nez, calle Tudela, Conde Oliveto, Plaza de La Paz y estaci\u00f3n de autobuses.<br \/>\n<script async src=\"\/\/pagead2.googlesyndication.com\/pagead\/js\/adsbygoogle.js\"><\/script><br \/>\n<!-- Noticias La Guia de Pamplona --><br \/>\n<ins class=\"adsbygoogle\"\nstyle=\"display:block\"\ndata-ad-client=\"ca-pub-6943679897239327\"\ndata-ad-slot=\"7048180777\"\ndata-ad-format=\"auto\"><\/ins><br \/>\n<script>\n(adsbygoogle = window.adsbygoogle || []).push({});\n<\/script><\/p>\n<p><strong>M\u00e1s informaci\u00f3n en el canal de Whatsapp<\/strong><\/p>\n<p>Toda la informaci\u00f3n actualizada sobre la programaci\u00f3n del D\u00eda de Pamplona estar\u00e1 disponible en el nuevo canal de Whatsapp del Ayuntamiento de Pamplona. Para darse de alta en este sistema, totalmente gratuito, solo es necesario pinchar en este enlace <a href=\"https:\/\/whatsapp.com\/channel\/0029VaDLb7zEAKWIDM53sA46\" target=\"_blank\" rel=\"noopener\">https:\/\/whatsapp.com\/channel\/0029VaDLb7zEAKWIDM53sA46<\/a> para las comunicaciones en castellano, o en este <a href=\"https:\/\/whatsapp.com\/channel\/0029VaDUQjFBA1eqdFavYq34\" target=\"_blank\" rel=\"noopener\">https:\/\/whatsapp.com\/channel\/0029VaDUQjFBA1eqdFavYq34<\/a> si se desean recibir los mensajes en euskera. Se puede acceder tambi\u00e9n a estos dos enlaces a trav\u00e9s de la web municipal pamplona.es. Despu\u00e9s, ya en el chat del canal del Ayuntamiento, deber\u00e1 pinchar sobre el s\u00edmbolo de la campana tachada que aparece en la parte superior para que \u00e9sta aparezca sin el tachado y los mensajes le puedan llegar de manera correcta.<\/p>\n<p>Cada d\u00eda a trav\u00e9s de este nuevo canal de WhatsApp la ciudadan\u00eda podr\u00e1 consultar directamente en su m\u00f3vil, sin necesidad de bajarse ni instalar ninguna aplicaci\u00f3n extra, todas las noticias que se generen en torno al Ayuntamiento y a la ciudad, as\u00ed como la informaci\u00f3n de servicio p\u00fablico de Pamplona.<br \/>\n<script async src=\"\/\/pagead2.googlesyndication.com\/pagead\/js\/adsbygoogle.js\"><\/script><br \/>\n<!-- Noticias La Guia de Pamplona --><br \/>\n<ins class=\"adsbygoogle\"\nstyle=\"display:block\"\ndata-ad-client=\"ca-pub-6943679897239327\"\ndata-ad-slot=\"7048180777\"\ndata-ad-format=\"auto\"><\/ins><br \/>\n<script>\n(adsbygoogle = window.adsbygoogle || []).push({});\n<\/script><\/p>\n<p>&nbsp;<\/p>\n<h3>Programaci\u00f3n D\u00eda de Pamplona<\/h3>\n<ul>\n<li><strong>D\u00eda 28<\/strong>\n<ul>\n<li>Concierto de Iv\u00e1n Ferreiro. A las 21 horas en la Sala Zentral. Entradas: 10 euros en la <a href=\"\/www.zentralpamplona.com\/\" target=\"_blank\" rel=\"noopener\">web de Zentral<\/a>.<\/li>\n<li>Concierto de La Pamplonesa, en colaboraci\u00f3n con la Escuela de Danza de Navarra. A las 20 horas en el Teatro Gayarre, en colaboraci\u00f3n con la Escuela de Danza de Navarra. Entradas entre 5 y 10 euros, en la web del <a href=\"https:\/\/teatrogayarre.com\/\" target=\"_blank\" rel=\"noopener\">teatro Gayarre<\/a>.<\/li>\n<\/ul>\n<\/li>\n<p><script async src=\"\/\/pagead2.googlesyndication.com\/pagead\/js\/adsbygoogle.js\"><\/script><br \/>\n<!-- Noticias La Guia de Pamplona --><br \/>\n<ins class=\"adsbygoogle\"\nstyle=\"display:block\"\ndata-ad-client=\"ca-pub-6943679897239327\"\ndata-ad-slot=\"7048180777\"\ndata-ad-format=\"auto\"><\/ins><br \/>\n<script>\n(adsbygoogle = window.adsbygoogle || []).push({});\n<\/script><\/p>\n<li><strong>D\u00eda 29<\/strong>\n<ul>\n<li>A las 9.30 horas. Salida de la Comparsa de Gigantes y Cabezudos desde la estaci\u00f3n de autobuses, por la Plaza de La Paz, la avenida Yanguas y Miranda, la calle Garc\u00eda Xim\u00e9nez, la avenida San Ignacio, el Paseo Sarasate, la Plaza del Castillo, Chapitela y Mercaderes, hasta llegar a la Plaza Consistorial.<\/li>\n<li>A las 10.15 horas. Salida de la Corporaci\u00f3n Municipal en Cuerpo de Ciudad en procesi\u00f3n por las calles San Saturnino, Mayor, Paseo del Doctor Arazuri y calle Nueva, para regresar a la iglesia de San Saturnino.<\/li>\n<li>A las 11 horas aproximadamente. Llegada a la iglesia San Saturnino. Baile de los gigantes de Pamplona en el interior de la iglesia antes del comienzo de la misa.<\/li>\n<li>A las 12.15 horas aproximadamente. Actuaci\u00f3n en la Plaza Consistorial de la Comparsa y el grupo Duguna de dantzaris municipales. Regreso de la Comparsa de Gigantes y Cabezudos a su sede por las calles Mercaderes, Chapitela, Plaza del Castillo, Avenida Carlos III, avenida Roncesvalles, Garc\u00eda Xim\u00e9nez, calle Tudela, Conde Oliveto, Plaza de La Paz y estaci\u00f3n de autobuses.<\/li>\n<li>A las 17.30 horas. Inauguraci\u00f3n del bel\u00e9n del zagu\u00e1n de la Casa Consistorial.<\/li>\n<li>A las 18 horas. Encendido de las luces de Navidad y actuaci\u00f3n de Demode Quartet desde los balcones de la Casa Consistorial.<\/li>\n<li>A las 19 horas. Suelta de 3.000 farolillos de luz, con los que la ciudadan\u00eda pamplonesa pueda lanzar al cielo sus deseos para Pamplona. En la Vuelta del Castillo, en la explanada junto a la estaci\u00f3n de autobuses.<\/li>\n<li>A las 19 horas. Concierto de La Pamplonesa, en colaboraci\u00f3n con la Escuela de Danza de Navarra, en el Teatro Gayarre, Entradas entre 5 y 10 euros, en la web del <a href=\"https:\/\/teatrogayarre.com\/\" target=\"_blank\" rel=\"noopener\">teatro Gayarre<\/a>.<\/li>\n<li>A las 19.30 horas. Concierto \u2018Abestu gure Queen. Tributo a Queen\u2019, interpretado por Javier Erro y el coro Paz de Ziganda Helduen Abesbatza &amp; Rockband, y su solista Mar\u00eda Echeverr\u00eda, en Baluarte. Entradas a 7 euros en la web y taquilla de Baluarte.<\/li>\n<\/ul>\n<\/li>\n<\/ul>\n","protected":false},"excerpt":{"rendered":"<p>Adem\u00e1s de conciertos, la Comparsa de Gigantes y Cabezudos bailar\u00e1 en el interior de San Saturnino por el 600 aniversario del Privilegio de la Uni\u00f3n<\/p>\n","protected":false},"author":1,"featured_media":47815,"comment_status":"open","ping_status":"closed","sticky":false,"template":"","format":"standard","meta":{"footnotes":""},"categories":[2],"tags":[],"class_list":["post-47814","post","type-post","status-publish","format-standard","has-post-thumbnail","hentry","category-ayuntamiento-pamplona"],"yoast_head":"<!-- This site is optimized with the Yoast SEO plugin v27.3 - https:\/\/yoast.com\/product\/yoast-seo-wordpress\/ -->\n<title>La ciudad celebra el D\u00eda de Pamplona el 29 de noviembre con una propuesta musical, suelta de farolillos y reparto de 3.000 pulseras fluorescentes en el encendido de las luces<\/title>\n<meta name=\"description\" content=\"Adem\u00e1s de conciertos, la Comparsa de Gigantes y Cabezudos bailar\u00e1 en el interior de San Saturnino por el 600 aniversario del Privilegio de la Uni\u00f3n\" \/>\n<meta name=\"robots\" content=\"index, follow, max-snippet:-1, max-image-preview:large, max-video-preview:-1\" \/>\n<link rel=\"canonical\" href=\"https:\/\/www.laguiadepamplona.com\/actualidad\/la-ciudad-celebra-el-dia-de-pamplona-el-29-de-noviembre-con-una-propuesta-musical-suelta-de-farolillos-y-reparto-de-3-000-pulseras-fluorescentes-en-el-encendido-de-las-luces\/\" \/>\n<meta property=\"og:locale\" content=\"es_ES\" \/>\n<meta property=\"og:type\" content=\"article\" \/>\n<meta property=\"og:title\" content=\"La ciudad celebra el D\u00eda de Pamplona el 29 de noviembre con una propuesta musical, suelta de farolillos y reparto de 3.000 pulseras fluorescentes en el encendido de las luces\" \/>\n<meta property=\"og:description\" content=\"Adem\u00e1s de conciertos, la Comparsa de Gigantes y Cabezudos bailar\u00e1 en el interior de San Saturnino por el 600 aniversario del Privilegio de la Uni\u00f3n\" \/>\n<meta property=\"og:url\" content=\"https:\/\/www.laguiadepamplona.com\/actualidad\/la-ciudad-celebra-el-dia-de-pamplona-el-29-de-noviembre-con-una-propuesta-musical-suelta-de-farolillos-y-reparto-de-3-000-pulseras-fluorescentes-en-el-encendido-de-las-luces\/\" \/>\n<meta property=\"og:site_name\" content=\"La Gu\u00eda de Pamplona\" \/>\n<meta property=\"article:publisher\" content=\"https:\/\/www.facebook.com\/laguiadepamplonacom-133175176762273\/?ref=hl\" \/>\n<meta property=\"article:published_time\" content=\"2023-11-06T11:04:58+00:00\" \/>\n<meta property=\"og:image\" content=\"https:\/\/www.laguiadepamplona.com\/actualidad\/wp-content\/uploads\/2023\/11\/Q5A0746lucesnavidad22-11-29.webp\" \/>\n\t<meta property=\"og:image:width\" content=\"1200\" \/>\n\t<meta property=\"og:image:height\" content=\"800\" \/>\n\t<meta property=\"og:image:type\" content=\"image\/webp\" \/>\n<meta name=\"author\" content=\"La Gu\u00eda de Pamplona\" \/>\n<meta name=\"twitter:card\" content=\"summary_large_image\" \/>\n<meta name=\"twitter:creator\" content=\"@LaGuiadPamplona\" \/>\n<meta name=\"twitter:site\" content=\"@LaGuiadPamplona\" \/>\n<meta name=\"twitter:label1\" content=\"Escrito por\" \/>\n\t<meta name=\"twitter:data1\" content=\"La Gu\u00eda de Pamplona\" \/>\n\t<meta name=\"twitter:label2\" content=\"Tiempo de lectura\" \/>\n\t<meta name=\"twitter:data2\" content=\"9 minutos\" \/>\n<script type=\"application\/ld+json\" class=\"yoast-schema-graph\">{\"@context\":\"https:\\\/\\\/schema.org\",\"@graph\":[{\"@type\":\"Article\",\"@id\":\"https:\\\/\\\/www.laguiadepamplona.com\\\/actualidad\\\/la-ciudad-celebra-el-dia-de-pamplona-el-29-de-noviembre-con-una-propuesta-musical-suelta-de-farolillos-y-reparto-de-3-000-pulseras-fluorescentes-en-el-encendido-de-las-luces\\\/#article\",\"isPartOf\":{\"@id\":\"https:\\\/\\\/www.laguiadepamplona.com\\\/actualidad\\\/la-ciudad-celebra-el-dia-de-pamplona-el-29-de-noviembre-con-una-propuesta-musical-suelta-de-farolillos-y-reparto-de-3-000-pulseras-fluorescentes-en-el-encendido-de-las-luces\\\/\"},\"author\":{\"name\":\"La Gu\u00eda de Pamplona\",\"@id\":\"https:\\\/\\\/www.laguiadepamplona.com\\\/actualidad\\\/#\\\/schema\\\/person\\\/efe887376f0213d4657c93adc50b1fdb\"},\"headline\":\"La ciudad celebra el D\u00eda de Pamplona el 29 de noviembre con una propuesta musical, suelta de farolillos y reparto de 3.000 pulseras fluorescentes en el encendido de las luces\",\"datePublished\":\"2023-11-06T11:04:58+00:00\",\"mainEntityOfPage\":{\"@id\":\"https:\\\/\\\/www.laguiadepamplona.com\\\/actualidad\\\/la-ciudad-celebra-el-dia-de-pamplona-el-29-de-noviembre-con-una-propuesta-musical-suelta-de-farolillos-y-reparto-de-3-000-pulseras-fluorescentes-en-el-encendido-de-las-luces\\\/\"},\"wordCount\":2075,\"commentCount\":0,\"publisher\":{\"@id\":\"https:\\\/\\\/www.laguiadepamplona.com\\\/actualidad\\\/#organization\"},\"image\":{\"@id\":\"https:\\\/\\\/www.laguiadepamplona.com\\\/actualidad\\\/la-ciudad-celebra-el-dia-de-pamplona-el-29-de-noviembre-con-una-propuesta-musical-suelta-de-farolillos-y-reparto-de-3-000-pulseras-fluorescentes-en-el-encendido-de-las-luces\\\/#primaryimage\"},\"thumbnailUrl\":\"https:\\\/\\\/www.laguiadepamplona.com\\\/actualidad\\\/wp-content\\\/uploads\\\/2023\\\/11\\\/Q5A0746lucesnavidad22-11-29.webp\",\"articleSection\":[\"Ayto Pamplona\"],\"inLanguage\":\"es\",\"potentialAction\":[{\"@type\":\"CommentAction\",\"name\":\"Comment\",\"target\":[\"https:\\\/\\\/www.laguiadepamplona.com\\\/actualidad\\\/la-ciudad-celebra-el-dia-de-pamplona-el-29-de-noviembre-con-una-propuesta-musical-suelta-de-farolillos-y-reparto-de-3-000-pulseras-fluorescentes-en-el-encendido-de-las-luces\\\/#respond\"]}]},{\"@type\":\"WebPage\",\"@id\":\"https:\\\/\\\/www.laguiadepamplona.com\\\/actualidad\\\/la-ciudad-celebra-el-dia-de-pamplona-el-29-de-noviembre-con-una-propuesta-musical-suelta-de-farolillos-y-reparto-de-3-000-pulseras-fluorescentes-en-el-encendido-de-las-luces\\\/\",\"url\":\"https:\\\/\\\/www.laguiadepamplona.com\\\/actualidad\\\/la-ciudad-celebra-el-dia-de-pamplona-el-29-de-noviembre-con-una-propuesta-musical-suelta-de-farolillos-y-reparto-de-3-000-pulseras-fluorescentes-en-el-encendido-de-las-luces\\\/\",\"name\":\"La ciudad celebra el D\u00eda de Pamplona el 29 de noviembre con una propuesta musical, suelta de farolillos y reparto de 3.000 pulseras fluorescentes en el encendido de las luces\",\"isPartOf\":{\"@id\":\"https:\\\/\\\/www.laguiadepamplona.com\\\/actualidad\\\/#website\"},\"primaryImageOfPage\":{\"@id\":\"https:\\\/\\\/www.laguiadepamplona.com\\\/actualidad\\\/la-ciudad-celebra-el-dia-de-pamplona-el-29-de-noviembre-con-una-propuesta-musical-suelta-de-farolillos-y-reparto-de-3-000-pulseras-fluorescentes-en-el-encendido-de-las-luces\\\/#primaryimage\"},\"image\":{\"@id\":\"https:\\\/\\\/www.laguiadepamplona.com\\\/actualidad\\\/la-ciudad-celebra-el-dia-de-pamplona-el-29-de-noviembre-con-una-propuesta-musical-suelta-de-farolillos-y-reparto-de-3-000-pulseras-fluorescentes-en-el-encendido-de-las-luces\\\/#primaryimage\"},\"thumbnailUrl\":\"https:\\\/\\\/www.laguiadepamplona.com\\\/actualidad\\\/wp-content\\\/uploads\\\/2023\\\/11\\\/Q5A0746lucesnavidad22-11-29.webp\",\"datePublished\":\"2023-11-06T11:04:58+00:00\",\"description\":\"Adem\u00e1s de conciertos, la Comparsa de Gigantes y Cabezudos bailar\u00e1 en el interior de San Saturnino por el 600 aniversario del Privilegio de la Uni\u00f3n\",\"breadcrumb\":{\"@id\":\"https:\\\/\\\/www.laguiadepamplona.com\\\/actualidad\\\/la-ciudad-celebra-el-dia-de-pamplona-el-29-de-noviembre-con-una-propuesta-musical-suelta-de-farolillos-y-reparto-de-3-000-pulseras-fluorescentes-en-el-encendido-de-las-luces\\\/#breadcrumb\"},\"inLanguage\":\"es\",\"potentialAction\":[{\"@type\":\"ReadAction\",\"target\":[\"https:\\\/\\\/www.laguiadepamplona.com\\\/actualidad\\\/la-ciudad-celebra-el-dia-de-pamplona-el-29-de-noviembre-con-una-propuesta-musical-suelta-de-farolillos-y-reparto-de-3-000-pulseras-fluorescentes-en-el-encendido-de-las-luces\\\/\"]}]},{\"@type\":\"ImageObject\",\"inLanguage\":\"es\",\"@id\":\"https:\\\/\\\/www.laguiadepamplona.com\\\/actualidad\\\/la-ciudad-celebra-el-dia-de-pamplona-el-29-de-noviembre-con-una-propuesta-musical-suelta-de-farolillos-y-reparto-de-3-000-pulseras-fluorescentes-en-el-encendido-de-las-luces\\\/#primaryimage\",\"url\":\"https:\\\/\\\/www.laguiadepamplona.com\\\/actualidad\\\/wp-content\\\/uploads\\\/2023\\\/11\\\/Q5A0746lucesnavidad22-11-29.webp\",\"contentUrl\":\"https:\\\/\\\/www.laguiadepamplona.com\\\/actualidad\\\/wp-content\\\/uploads\\\/2023\\\/11\\\/Q5A0746lucesnavidad22-11-29.webp\",\"width\":1200,\"height\":800,\"caption\":\"luces de navidad\"},{\"@type\":\"BreadcrumbList\",\"@id\":\"https:\\\/\\\/www.laguiadepamplona.com\\\/actualidad\\\/la-ciudad-celebra-el-dia-de-pamplona-el-29-de-noviembre-con-una-propuesta-musical-suelta-de-farolillos-y-reparto-de-3-000-pulseras-fluorescentes-en-el-encendido-de-las-luces\\\/#breadcrumb\",\"itemListElement\":[{\"@type\":\"ListItem\",\"position\":1,\"name\":\"Portada\",\"item\":\"https:\\\/\\\/www.laguiadepamplona.com\\\/actualidad\\\/\"},{\"@type\":\"ListItem\",\"position\":2,\"name\":\"La ciudad celebra el D\u00eda de Pamplona el 29 de noviembre con una propuesta musical, suelta de farolillos y reparto de 3.000 pulseras fluorescentes en el encendido de las luces\"}]},{\"@type\":\"WebSite\",\"@id\":\"https:\\\/\\\/www.laguiadepamplona.com\\\/actualidad\\\/#website\",\"url\":\"https:\\\/\\\/www.laguiadepamplona.com\\\/actualidad\\\/\",\"name\":\"La gu\u00eda de Pamplona\",\"description\":\"Noticias de Pamplona\",\"publisher\":{\"@id\":\"https:\\\/\\\/www.laguiadepamplona.com\\\/actualidad\\\/#organization\"},\"potentialAction\":[{\"@type\":\"SearchAction\",\"target\":{\"@type\":\"EntryPoint\",\"urlTemplate\":\"https:\\\/\\\/www.laguiadepamplona.com\\\/actualidad\\\/?s={search_term_string}\"},\"query-input\":{\"@type\":\"PropertyValueSpecification\",\"valueRequired\":true,\"valueName\":\"search_term_string\"}}],\"inLanguage\":\"es\"},{\"@type\":\"Organization\",\"@id\":\"https:\\\/\\\/www.laguiadepamplona.com\\\/actualidad\\\/#organization\",\"name\":\"La Gu\u00eda de Pamplona \\\/ Noticias\",\"url\":\"https:\\\/\\\/www.laguiadepamplona.com\\\/actualidad\\\/\",\"logo\":{\"@type\":\"ImageObject\",\"inLanguage\":\"es\",\"@id\":\"https:\\\/\\\/www.laguiadepamplona.com\\\/actualidad\\\/#\\\/schema\\\/logo\\\/image\\\/\",\"url\":\"https:\\\/\\\/www.laguiadepamplona.com\\\/actualidad\\\/wp-content\\\/uploads\\\/2018\\\/11\\\/logo-laguiadepamplona18-web1.png\",\"contentUrl\":\"https:\\\/\\\/www.laguiadepamplona.com\\\/actualidad\\\/wp-content\\\/uploads\\\/2018\\\/11\\\/logo-laguiadepamplona18-web1.png\",\"width\":600,\"height\":196,\"caption\":\"La Gu\u00eda de Pamplona \\\/ Noticias\"},\"image\":{\"@id\":\"https:\\\/\\\/www.laguiadepamplona.com\\\/actualidad\\\/#\\\/schema\\\/logo\\\/image\\\/\"},\"sameAs\":[\"https:\\\/\\\/www.facebook.com\\\/laguiadepamplonacom-133175176762273\\\/?ref=hl\",\"https:\\\/\\\/x.com\\\/LaGuiadPamplona\",\"https:\\\/\\\/www.instagram.com\\\/la_guia_de_pamplona\\\/\",\"https:\\\/\\\/www.youtube.com\\\/user\\\/laguiadepamplona\"]},{\"@type\":\"Person\",\"@id\":\"https:\\\/\\\/www.laguiadepamplona.com\\\/actualidad\\\/#\\\/schema\\\/person\\\/efe887376f0213d4657c93adc50b1fdb\",\"name\":\"La Gu\u00eda de Pamplona\",\"image\":{\"@type\":\"ImageObject\",\"inLanguage\":\"es\",\"@id\":\"https:\\\/\\\/secure.gravatar.com\\\/avatar\\\/b6992f131dc8d30ab0dff15446e9d346d9dbd95992de0fef795073f5ea83a81c?s=96&d=mm&r=g\",\"url\":\"https:\\\/\\\/secure.gravatar.com\\\/avatar\\\/b6992f131dc8d30ab0dff15446e9d346d9dbd95992de0fef795073f5ea83a81c?s=96&d=mm&r=g\",\"contentUrl\":\"https:\\\/\\\/secure.gravatar.com\\\/avatar\\\/b6992f131dc8d30ab0dff15446e9d346d9dbd95992de0fef795073f5ea83a81c?s=96&d=mm&r=g\",\"caption\":\"La Gu\u00eda de Pamplona\"}}]}<\/script>\n<!-- \/ Yoast SEO plugin. -->","yoast_head_json":{"title":"La ciudad celebra el D\u00eda de Pamplona el 29 de noviembre con una propuesta musical, suelta de farolillos y reparto de 3.000 pulseras fluorescentes en el encendido de las luces","description":"Adem\u00e1s de conciertos, la Comparsa de Gigantes y Cabezudos bailar\u00e1 en el interior de San Saturnino por el 600 aniversario del Privilegio de la Uni\u00f3n","robots":{"index":"index","follow":"follow","max-snippet":"max-snippet:-1","max-image-preview":"max-image-preview:large","max-video-preview":"max-video-preview:-1"},"canonical":"https:\/\/www.laguiadepamplona.com\/actualidad\/la-ciudad-celebra-el-dia-de-pamplona-el-29-de-noviembre-con-una-propuesta-musical-suelta-de-farolillos-y-reparto-de-3-000-pulseras-fluorescentes-en-el-encendido-de-las-luces\/","og_locale":"es_ES","og_type":"article","og_title":"La ciudad celebra el D\u00eda de Pamplona el 29 de noviembre con una propuesta musical, suelta de farolillos y reparto de 3.000 pulseras fluorescentes en el encendido de las luces","og_description":"Adem\u00e1s de conciertos, la Comparsa de Gigantes y Cabezudos bailar\u00e1 en el interior de San Saturnino por el 600 aniversario del Privilegio de la Uni\u00f3n","og_url":"https:\/\/www.laguiadepamplona.com\/actualidad\/la-ciudad-celebra-el-dia-de-pamplona-el-29-de-noviembre-con-una-propuesta-musical-suelta-de-farolillos-y-reparto-de-3-000-pulseras-fluorescentes-en-el-encendido-de-las-luces\/","og_site_name":"La Gu\u00eda de Pamplona","article_publisher":"https:\/\/www.facebook.com\/laguiadepamplonacom-133175176762273\/?ref=hl","article_published_time":"2023-11-06T11:04:58+00:00","og_image":[{"width":1200,"height":800,"url":"https:\/\/www.laguiadepamplona.com\/actualidad\/wp-content\/uploads\/2023\/11\/Q5A0746lucesnavidad22-11-29.webp","type":"image\/webp"}],"author":"La Gu\u00eda de Pamplona","twitter_card":"summary_large_image","twitter_creator":"@LaGuiadPamplona","twitter_site":"@LaGuiadPamplona","twitter_misc":{"Escrito por":"La Gu\u00eda de Pamplona","Tiempo de lectura":"9 minutos"},"schema":{"@context":"https:\/\/schema.org","@graph":[{"@type":"Article","@id":"https:\/\/www.laguiadepamplona.com\/actualidad\/la-ciudad-celebra-el-dia-de-pamplona-el-29-de-noviembre-con-una-propuesta-musical-suelta-de-farolillos-y-reparto-de-3-000-pulseras-fluorescentes-en-el-encendido-de-las-luces\/#article","isPartOf":{"@id":"https:\/\/www.laguiadepamplona.com\/actualidad\/la-ciudad-celebra-el-dia-de-pamplona-el-29-de-noviembre-con-una-propuesta-musical-suelta-de-farolillos-y-reparto-de-3-000-pulseras-fluorescentes-en-el-encendido-de-las-luces\/"},"author":{"name":"La Gu\u00eda de Pamplona","@id":"https:\/\/www.laguiadepamplona.com\/actualidad\/#\/schema\/person\/efe887376f0213d4657c93adc50b1fdb"},"headline":"La ciudad celebra el D\u00eda de Pamplona el 29 de noviembre con una propuesta musical, suelta de farolillos y reparto de 3.000 pulseras fluorescentes en el encendido de las luces","datePublished":"2023-11-06T11:04:58+00:00","mainEntityOfPage":{"@id":"https:\/\/www.laguiadepamplona.com\/actualidad\/la-ciudad-celebra-el-dia-de-pamplona-el-29-de-noviembre-con-una-propuesta-musical-suelta-de-farolillos-y-reparto-de-3-000-pulseras-fluorescentes-en-el-encendido-de-las-luces\/"},"wordCount":2075,"commentCount":0,"publisher":{"@id":"https:\/\/www.laguiadepamplona.com\/actualidad\/#organization"},"image":{"@id":"https:\/\/www.laguiadepamplona.com\/actualidad\/la-ciudad-celebra-el-dia-de-pamplona-el-29-de-noviembre-con-una-propuesta-musical-suelta-de-farolillos-y-reparto-de-3-000-pulseras-fluorescentes-en-el-encendido-de-las-luces\/#primaryimage"},"thumbnailUrl":"https:\/\/www.laguiadepamplona.com\/actualidad\/wp-content\/uploads\/2023\/11\/Q5A0746lucesnavidad22-11-29.webp","articleSection":["Ayto Pamplona"],"inLanguage":"es","potentialAction":[{"@type":"CommentAction","name":"Comment","target":["https:\/\/www.laguiadepamplona.com\/actualidad\/la-ciudad-celebra-el-dia-de-pamplona-el-29-de-noviembre-con-una-propuesta-musical-suelta-de-farolillos-y-reparto-de-3-000-pulseras-fluorescentes-en-el-encendido-de-las-luces\/#respond"]}]},{"@type":"WebPage","@id":"https:\/\/www.laguiadepamplona.com\/actualidad\/la-ciudad-celebra-el-dia-de-pamplona-el-29-de-noviembre-con-una-propuesta-musical-suelta-de-farolillos-y-reparto-de-3-000-pulseras-fluorescentes-en-el-encendido-de-las-luces\/","url":"https:\/\/www.laguiadepamplona.com\/actualidad\/la-ciudad-celebra-el-dia-de-pamplona-el-29-de-noviembre-con-una-propuesta-musical-suelta-de-farolillos-y-reparto-de-3-000-pulseras-fluorescentes-en-el-encendido-de-las-luces\/","name":"La ciudad celebra el D\u00eda de Pamplona el 29 de noviembre con una propuesta musical, suelta de farolillos y reparto de 3.000 pulseras fluorescentes en el encendido de las luces","isPartOf":{"@id":"https:\/\/www.laguiadepamplona.com\/actualidad\/#website"},"primaryImageOfPage":{"@id":"https:\/\/www.laguiadepamplona.com\/actualidad\/la-ciudad-celebra-el-dia-de-pamplona-el-29-de-noviembre-con-una-propuesta-musical-suelta-de-farolillos-y-reparto-de-3-000-pulseras-fluorescentes-en-el-encendido-de-las-luces\/#primaryimage"},"image":{"@id":"https:\/\/www.laguiadepamplona.com\/actualidad\/la-ciudad-celebra-el-dia-de-pamplona-el-29-de-noviembre-con-una-propuesta-musical-suelta-de-farolillos-y-reparto-de-3-000-pulseras-fluorescentes-en-el-encendido-de-las-luces\/#primaryimage"},"thumbnailUrl":"https:\/\/www.laguiadepamplona.com\/actualidad\/wp-content\/uploads\/2023\/11\/Q5A0746lucesnavidad22-11-29.webp","datePublished":"2023-11-06T11:04:58+00:00","description":"Adem\u00e1s de conciertos, la Comparsa de Gigantes y Cabezudos bailar\u00e1 en el interior de San Saturnino por el 600 aniversario del Privilegio de la Uni\u00f3n","breadcrumb":{"@id":"https:\/\/www.laguiadepamplona.com\/actualidad\/la-ciudad-celebra-el-dia-de-pamplona-el-29-de-noviembre-con-una-propuesta-musical-suelta-de-farolillos-y-reparto-de-3-000-pulseras-fluorescentes-en-el-encendido-de-las-luces\/#breadcrumb"},"inLanguage":"es","potentialAction":[{"@type":"ReadAction","target":["https:\/\/www.laguiadepamplona.com\/actualidad\/la-ciudad-celebra-el-dia-de-pamplona-el-29-de-noviembre-con-una-propuesta-musical-suelta-de-farolillos-y-reparto-de-3-000-pulseras-fluorescentes-en-el-encendido-de-las-luces\/"]}]},{"@type":"ImageObject","inLanguage":"es","@id":"https:\/\/www.laguiadepamplona.com\/actualidad\/la-ciudad-celebra-el-dia-de-pamplona-el-29-de-noviembre-con-una-propuesta-musical-suelta-de-farolillos-y-reparto-de-3-000-pulseras-fluorescentes-en-el-encendido-de-las-luces\/#primaryimage","url":"https:\/\/www.laguiadepamplona.com\/actualidad\/wp-content\/uploads\/2023\/11\/Q5A0746lucesnavidad22-11-29.webp","contentUrl":"https:\/\/www.laguiadepamplona.com\/actualidad\/wp-content\/uploads\/2023\/11\/Q5A0746lucesnavidad22-11-29.webp","width":1200,"height":800,"caption":"luces de navidad"},{"@type":"BreadcrumbList","@id":"https:\/\/www.laguiadepamplona.com\/actualidad\/la-ciudad-celebra-el-dia-de-pamplona-el-29-de-noviembre-con-una-propuesta-musical-suelta-de-farolillos-y-reparto-de-3-000-pulseras-fluorescentes-en-el-encendido-de-las-luces\/#breadcrumb","itemListElement":[{"@type":"ListItem","position":1,"name":"Portada","item":"https:\/\/www.laguiadepamplona.com\/actualidad\/"},{"@type":"ListItem","position":2,"name":"La ciudad celebra el D\u00eda de Pamplona el 29 de noviembre con una propuesta musical, suelta de farolillos y reparto de 3.000 pulseras fluorescentes en el encendido de las luces"}]},{"@type":"WebSite","@id":"https:\/\/www.laguiadepamplona.com\/actualidad\/#website","url":"https:\/\/www.laguiadepamplona.com\/actualidad\/","name":"La gu\u00eda de Pamplona","description":"Noticias de Pamplona","publisher":{"@id":"https:\/\/www.laguiadepamplona.com\/actualidad\/#organization"},"potentialAction":[{"@type":"SearchAction","target":{"@type":"EntryPoint","urlTemplate":"https:\/\/www.laguiadepamplona.com\/actualidad\/?s={search_term_string}"},"query-input":{"@type":"PropertyValueSpecification","valueRequired":true,"valueName":"search_term_string"}}],"inLanguage":"es"},{"@type":"Organization","@id":"https:\/\/www.laguiadepamplona.com\/actualidad\/#organization","name":"La Gu\u00eda de Pamplona \/ Noticias","url":"https:\/\/www.laguiadepamplona.com\/actualidad\/","logo":{"@type":"ImageObject","inLanguage":"es","@id":"https:\/\/www.laguiadepamplona.com\/actualidad\/#\/schema\/logo\/image\/","url":"https:\/\/www.laguiadepamplona.com\/actualidad\/wp-content\/uploads\/2018\/11\/logo-laguiadepamplona18-web1.png","contentUrl":"https:\/\/www.laguiadepamplona.com\/actualidad\/wp-content\/uploads\/2018\/11\/logo-laguiadepamplona18-web1.png","width":600,"height":196,"caption":"La Gu\u00eda de Pamplona \/ Noticias"},"image":{"@id":"https:\/\/www.laguiadepamplona.com\/actualidad\/#\/schema\/logo\/image\/"},"sameAs":["https:\/\/www.facebook.com\/laguiadepamplonacom-133175176762273\/?ref=hl","https:\/\/x.com\/LaGuiadPamplona","https:\/\/www.instagram.com\/la_guia_de_pamplona\/","https:\/\/www.youtube.com\/user\/laguiadepamplona"]},{"@type":"Person","@id":"https:\/\/www.laguiadepamplona.com\/actualidad\/#\/schema\/person\/efe887376f0213d4657c93adc50b1fdb","name":"La Gu\u00eda de Pamplona","image":{"@type":"ImageObject","inLanguage":"es","@id":"https:\/\/secure.gravatar.com\/avatar\/b6992f131dc8d30ab0dff15446e9d346d9dbd95992de0fef795073f5ea83a81c?s=96&d=mm&r=g","url":"https:\/\/secure.gravatar.com\/avatar\/b6992f131dc8d30ab0dff15446e9d346d9dbd95992de0fef795073f5ea83a81c?s=96&d=mm&r=g","contentUrl":"https:\/\/secure.gravatar.com\/avatar\/b6992f131dc8d30ab0dff15446e9d346d9dbd95992de0fef795073f5ea83a81c?s=96&d=mm&r=g","caption":"La Gu\u00eda de Pamplona"}}]}},"post_mailing_queue_ids":[],"_links":{"self":[{"href":"https:\/\/www.laguiadepamplona.com\/actualidad\/wp-json\/wp\/v2\/posts\/47814","targetHints":{"allow":["GET"]}}],"collection":[{"href":"https:\/\/www.laguiadepamplona.com\/actualidad\/wp-json\/wp\/v2\/posts"}],"about":[{"href":"https:\/\/www.laguiadepamplona.com\/actualidad\/wp-json\/wp\/v2\/types\/post"}],"author":[{"embeddable":true,"href":"https:\/\/www.laguiadepamplona.com\/actualidad\/wp-json\/wp\/v2\/users\/1"}],"replies":[{"embeddable":true,"href":"https:\/\/www.laguiadepamplona.com\/actualidad\/wp-json\/wp\/v2\/comments?post=47814"}],"version-history":[{"count":1,"href":"https:\/\/www.laguiadepamplona.com\/actualidad\/wp-json\/wp\/v2\/posts\/47814\/revisions"}],"predecessor-version":[{"id":47816,"href":"https:\/\/www.laguiadepamplona.com\/actualidad\/wp-json\/wp\/v2\/posts\/47814\/revisions\/47816"}],"wp:featuredmedia":[{"embeddable":true,"href":"https:\/\/www.laguiadepamplona.com\/actualidad\/wp-json\/wp\/v2\/media\/47815"}],"wp:attachment":[{"href":"https:\/\/www.laguiadepamplona.com\/actualidad\/wp-json\/wp\/v2\/media?parent=47814"}],"wp:term":[{"taxonomy":"category","embeddable":true,"href":"https:\/\/www.laguiadepamplona.com\/actualidad\/wp-json\/wp\/v2\/categories?post=47814"},{"taxonomy":"post_tag","embeddable":true,"href":"https:\/\/www.laguiadepamplona.com\/actualidad\/wp-json\/wp\/v2\/tags?post=47814"}],"curies":[{"name":"wp","href":"https:\/\/api.w.org\/{rel}","templated":true}]}}