{"id":47809,"date":"2023-11-03T18:34:23","date_gmt":"2023-11-03T16:34:23","guid":{"rendered":"https:\/\/www.laguiadepamplona.com\/actualidad\/?p=47809"},"modified":"2023-11-03T18:37:17","modified_gmt":"2023-11-03T16:37:17","slug":"cuarenta-personas-se-interesan-por-el-programa-de-apoyo-al-relevo-generacional-en-el-comercio-impulsado-por-el-ayuntamiento-de-pamplona-cein-y-las-asociaciones-del-sector","status":"publish","type":"post","link":"https:\/\/www.laguiadepamplona.com\/actualidad\/cuarenta-personas-se-interesan-por-el-programa-de-apoyo-al-relevo-generacional-en-el-comercio-impulsado-por-el-ayuntamiento-de-pamplona-cein-y-las-asociaciones-del-sector\/","title":{"rendered":"Cuarenta personas se interesan por el programa de apoyo al relevo generacional en el comercio impulsado por el Ayuntamiento de Pamplona, CEIN y las asociaciones del sector"},"content":{"rendered":"<h3>Este lunes se celebra una jornada informativa en Condestable, con el objetivo de informar a las personas interesadas<\/h3>\n<p><!--more--><\/p>\n<p>Cerca de cuarenta personas participar\u00e1n este lunes en la jornada \u2018Relevo generacional en el comercio\u2019, impulsada por el Ayuntamiento de Pamplona, CEIN y las asociaciones de comerciantes con el objetivo de impulsar la continuidad de los negocios mediante el traspaso y la entrada de nuevas generaciones. La jornada, que se celebrar\u00e1 en el Palacio de Condestable de 14 a 16.30 horas, abordar\u00e1 aspectos t\u00e9cnicos referidos a los traspasos y ofrecer\u00e1 el testimonio de experiencias de \u00e9xito. La directora del \u00e1rea de Promoci\u00f3n Tur\u00edstica y Comercial del Ayuntamiento de Pamplona, Amparo Miqueleiz, atender\u00e1 a los medios de comunicaci\u00f3n a las 13.45 horas, en el Patio de Condestable.<\/p>\n<p>Entre los prop\u00f3sitos que han llevado a las personas interesadas a participar en la jornada, una veintena busca informaci\u00f3n general sobre el programa de apoyo al relevo generacional. Adem\u00e1s, otras quince est\u00e1n interesadas en traspasar sus negocios y cuatro m\u00e1s, en adquirir uno. Esta cita servir\u00e1, de hecho, para ponerles en contacto y supondr\u00e1 el primer paso para realizar un acompa\u00f1amiento posterior, en el que ofrecer un asesoramiento personalizado a aquellas personas que tengan inter\u00e9s en traspasar o en adquirir un negocio.<\/p>\n<p><script async src=\"\/\/pagead2.googlesyndication.com\/pagead\/js\/adsbygoogle.js\"><\/script><br \/>\n<!-- Noticias La Guia de Pamplona --><br \/>\n<ins class=\"adsbygoogle\"\nstyle=\"display:block\"\ndata-ad-client=\"ca-pub-6943679897239327\"\ndata-ad-slot=\"7048180777\"\ndata-ad-format=\"auto\"><\/ins><br \/>\n<script>\n(adsbygoogle = window.adsbygoogle || []).push({});\n<\/script><\/p>\n<p>A\u00fan es posible inscribirse en la jornada, que es gratuita, a trav\u00e9s del formulario online <a href=\"https:\/\/ceinnavarra.typeform.com\/to\/nkWEvBr6#nombreizena=xxxxx\" target=\"_blank\" rel=\"noopener\">https:\/\/ceinnavarra.typeform.com\/to\/nkWEvBr6#nombreizena=xxxxx<\/a>. La jornada est\u00e1 planteada en horario de mediod\u00eda, para facilitar la asistencia de comerciantes. Es por ello que arrancar\u00e1 a las 14 horas, con la presencia de directora del \u00e1rea de Promoci\u00f3n Tur\u00edstica y Comercial del Ayuntamiento de Pamplona, Amparo Miqueleiz, y la directora gerente de CEIN, Mar\u00eda Sanz de Galdeano. La sesi\u00f3n ofrecer\u00e1 una ponencia sobre las claves de \u00e9xito para el relevo en un comercio y otra sobre aspectos que hay que tener en cuenta a la hora de realizar un traspaso. Tras \u00e9stas, se dar\u00e1 el punto de vista de una emprendedora, Dharlenys Abreu Su\u00e1rez, que asumi\u00f3 el traspaso de un comercio de panader\u00eda y reposter\u00eda. La jornada concluir\u00e1 con una mesa redonda en la que participar\u00e1n los gerentes de la Asociaci\u00f3n de Comerciantes de Navarra, la Asociaci\u00f3n de Comercio, Hosteler\u00eda y Servicios del Casco Antiguo de Pamplona y la Asociaci\u00f3n de Empresarios del Comercio, Hosteler\u00eda y Servicios Ensanche \u00c1rea Comercial.<\/p>\n<p>El programa confeccionado por el Ayuntamiento de Pamplona, CEIN y las asociaciones de comerciantes busca impulsar la continuidad en el comercio de proximidad y de cercan\u00eda, como elemento clave para revitalizar la ciudad. Ante el cierre de establecimientos por la jubilaci\u00f3n de sus propietarios, esta iniciativa pretende facilitar un relevo en los negocios, de forma que nuevos emprendedores puedan asumir la gesti\u00f3n de comercios consolidados. Para ello, ofrece un acompa\u00f1amiento personalizado posterior a quienes deseen iniciar un negocio en el sector comercial. Y, en el caso de que el inter\u00e9s se transforme en un acuerdo de traspaso, se brinda capacitaci\u00f3n y formaci\u00f3n sobre la planificaci\u00f3n, an\u00e1lisis y gesti\u00f3n de establecimientos comerciales.<br \/>\n<script async src=\"\/\/pagead2.googlesyndication.com\/pagead\/js\/adsbygoogle.js\"><\/script><br \/>\n<!-- Noticias La Guia de Pamplona --><br \/>\n<ins class=\"adsbygoogle\"\nstyle=\"display:block\"\ndata-ad-client=\"ca-pub-6943679897239327\"\ndata-ad-slot=\"7048180777\"\ndata-ad-format=\"auto\"><\/ins><br \/>\n<script>\n(adsbygoogle = window.adsbygoogle || []).push({});\n<\/script><\/p>\n<p>&nbsp;<\/p>\n<h3>Programa de la jornada<\/h3>\n<ul>\n<li><strong>14:00 &#8211; 14:05 horas. Apertura<\/strong>\n<ul>\n<li>Amparo Miqueleiz. Directora del \u00c1rea de Promoci\u00f3n Tur\u00edstica y Comercial del Ayuntamiento de Pamplona<\/li>\n<li>Mar\u00eda Sanz de Galdeano. Directora gerente de CEIN<\/li>\n<\/ul>\n<\/li>\n<li><strong>14:05 &#8211; 14:45 horas. Ponencia: Claves de \u00e9xito para el relevo de un comercio<\/strong>\n<ul>\n<li>Asier Berraondo. Socio Director de Negocio en YCG Digital Partner. Especialista en comercio<\/li>\n<\/ul>\n<\/li>\n<li><strong>14:45 &#8211; 15:30 horas. Bloque 1. Qu\u00e9 tienes que tener en cuenta en un traspaso<\/strong>\n<ul>\n<li>Eva Fontecha. Responsable de Proyectos en C\u00e1mara de Comercio de Navarra<\/li>\n<\/ul>\n<\/li>\n<li><strong>15:30 &#8211; 16:00 horas. Bloque 2. Buenas pr\u00e1cticas: Experiencias de traspaso de comercio<\/strong>\n<ul>\n<li>Dharlenys Abreu Su\u00e1rez. Panakery<\/li>\n<\/ul>\n<\/li>\n<li><strong>16:00 &#8211; 16:30 horas. Mesa redonda con asociaciones de comercio<\/strong>\n<ul>\n<li>Carlos Albillo. Gerente de la Asociaci\u00f3n de Comercio, Hosteler\u00eda y Servicios del Casco Antiguo de Pamplona<\/li>\n<li>Inma Elcano. Gerente de la Asociaci\u00f3n de Comerciantes de Navarra<\/li>\n<li>Mar\u00eda Jes\u00fas Alonso. Gerente de la Asociaci\u00f3n de Empresarios del Comercio, Hosteler\u00eda y Servicios del Ensanche de Pamplona, Ensanche \u00c1rea Comercial<\/li>\n<\/ul>\n<\/li>\n<\/ul>\n","protected":false},"excerpt":{"rendered":"<p>Este lunes se celebra una jornada informativa en Condestable, con el objetivo de informar a las personas interesadas<\/p>\n","protected":false},"author":1,"featured_media":47810,"comment_status":"open","ping_status":"closed","sticky":false,"template":"","format":"standard","meta":{"footnotes":""},"categories":[2],"tags":[],"class_list":["post-47809","post","type-post","status-publish","format-standard","has-post-thumbnail","hentry","category-ayuntamiento-pamplona"],"yoast_head":"<!-- This site is optimized with the Yoast SEO plugin v27.3 - https:\/\/yoast.com\/product\/yoast-seo-wordpress\/ -->\n<title>Cuarenta personas se interesan por el programa de apoyo al relevo generacional en el comercio impulsado por el Ayuntamiento de Pamplona, CEIN y las asociaciones del sector<\/title>\n<meta name=\"description\" content=\"Este lunes se celebra una jornada informativa en Condestable, con el objetivo de informar a las personas interesadas\" \/>\n<meta name=\"robots\" content=\"index, follow, max-snippet:-1, max-image-preview:large, max-video-preview:-1\" \/>\n<link rel=\"canonical\" href=\"https:\/\/www.laguiadepamplona.com\/actualidad\/cuarenta-personas-se-interesan-por-el-programa-de-apoyo-al-relevo-generacional-en-el-comercio-impulsado-por-el-ayuntamiento-de-pamplona-cein-y-las-asociaciones-del-sector\/\" \/>\n<meta property=\"og:locale\" content=\"es_ES\" \/>\n<meta property=\"og:type\" content=\"article\" \/>\n<meta property=\"og:title\" content=\"Cuarenta personas se interesan por el programa de apoyo al relevo generacional en el comercio impulsado por el Ayuntamiento de Pamplona, CEIN y las asociaciones del sector\" \/>\n<meta property=\"og:description\" content=\"Este lunes se celebra una jornada informativa en Condestable, con el objetivo de informar a las personas interesadas\" \/>\n<meta property=\"og:url\" content=\"https:\/\/www.laguiadepamplona.com\/actualidad\/cuarenta-personas-se-interesan-por-el-programa-de-apoyo-al-relevo-generacional-en-el-comercio-impulsado-por-el-ayuntamiento-de-pamplona-cein-y-las-asociaciones-del-sector\/\" \/>\n<meta property=\"og:site_name\" content=\"La Gu\u00eda de Pamplona\" \/>\n<meta property=\"article:publisher\" content=\"https:\/\/www.facebook.com\/laguiadepamplonacom-133175176762273\/?ref=hl\" \/>\n<meta property=\"article:published_time\" content=\"2023-11-03T16:34:23+00:00\" \/>\n<meta property=\"article:modified_time\" content=\"2023-11-03T16:37:17+00:00\" \/>\n<meta property=\"og:image\" content=\"https:\/\/www.laguiadepamplona.com\/actualidad\/wp-content\/uploads\/2023\/11\/relevo-generacional-en-comercios.webp\" \/>\n\t<meta property=\"og:image:width\" content=\"1200\" \/>\n\t<meta property=\"og:image:height\" content=\"675\" \/>\n\t<meta property=\"og:image:type\" content=\"image\/webp\" \/>\n<meta name=\"author\" content=\"La Gu\u00eda de Pamplona\" \/>\n<meta name=\"twitter:card\" content=\"summary_large_image\" \/>\n<meta name=\"twitter:creator\" content=\"@LaGuiadPamplona\" \/>\n<meta name=\"twitter:site\" content=\"@LaGuiadPamplona\" \/>\n<meta name=\"twitter:label1\" content=\"Escrito por\" \/>\n\t<meta name=\"twitter:data1\" content=\"La Gu\u00eda de Pamplona\" \/>\n\t<meta name=\"twitter:label2\" content=\"Tiempo de lectura\" \/>\n\t<meta name=\"twitter:data2\" content=\"3 minutos\" \/>\n<script type=\"application\/ld+json\" class=\"yoast-schema-graph\">{\"@context\":\"https:\\\/\\\/schema.org\",\"@graph\":[{\"@type\":\"Article\",\"@id\":\"https:\\\/\\\/www.laguiadepamplona.com\\\/actualidad\\\/cuarenta-personas-se-interesan-por-el-programa-de-apoyo-al-relevo-generacional-en-el-comercio-impulsado-por-el-ayuntamiento-de-pamplona-cein-y-las-asociaciones-del-sector\\\/#article\",\"isPartOf\":{\"@id\":\"https:\\\/\\\/www.laguiadepamplona.com\\\/actualidad\\\/cuarenta-personas-se-interesan-por-el-programa-de-apoyo-al-relevo-generacional-en-el-comercio-impulsado-por-el-ayuntamiento-de-pamplona-cein-y-las-asociaciones-del-sector\\\/\"},\"author\":{\"name\":\"La Gu\u00eda de Pamplona\",\"@id\":\"https:\\\/\\\/www.laguiadepamplona.com\\\/actualidad\\\/#\\\/schema\\\/person\\\/efe887376f0213d4657c93adc50b1fdb\"},\"headline\":\"Cuarenta personas se interesan por el programa de apoyo al relevo generacional en el comercio impulsado por el Ayuntamiento de Pamplona, CEIN y las asociaciones del sector\",\"datePublished\":\"2023-11-03T16:34:23+00:00\",\"dateModified\":\"2023-11-03T16:37:17+00:00\",\"mainEntityOfPage\":{\"@id\":\"https:\\\/\\\/www.laguiadepamplona.com\\\/actualidad\\\/cuarenta-personas-se-interesan-por-el-programa-de-apoyo-al-relevo-generacional-en-el-comercio-impulsado-por-el-ayuntamiento-de-pamplona-cein-y-las-asociaciones-del-sector\\\/\"},\"wordCount\":715,\"commentCount\":0,\"publisher\":{\"@id\":\"https:\\\/\\\/www.laguiadepamplona.com\\\/actualidad\\\/#organization\"},\"image\":{\"@id\":\"https:\\\/\\\/www.laguiadepamplona.com\\\/actualidad\\\/cuarenta-personas-se-interesan-por-el-programa-de-apoyo-al-relevo-generacional-en-el-comercio-impulsado-por-el-ayuntamiento-de-pamplona-cein-y-las-asociaciones-del-sector\\\/#primaryimage\"},\"thumbnailUrl\":\"https:\\\/\\\/www.laguiadepamplona.com\\\/actualidad\\\/wp-content\\\/uploads\\\/2023\\\/11\\\/relevo-generacional-en-comercios.webp\",\"articleSection\":[\"Ayto Pamplona\"],\"inLanguage\":\"es\",\"potentialAction\":[{\"@type\":\"CommentAction\",\"name\":\"Comment\",\"target\":[\"https:\\\/\\\/www.laguiadepamplona.com\\\/actualidad\\\/cuarenta-personas-se-interesan-por-el-programa-de-apoyo-al-relevo-generacional-en-el-comercio-impulsado-por-el-ayuntamiento-de-pamplona-cein-y-las-asociaciones-del-sector\\\/#respond\"]}]},{\"@type\":\"WebPage\",\"@id\":\"https:\\\/\\\/www.laguiadepamplona.com\\\/actualidad\\\/cuarenta-personas-se-interesan-por-el-programa-de-apoyo-al-relevo-generacional-en-el-comercio-impulsado-por-el-ayuntamiento-de-pamplona-cein-y-las-asociaciones-del-sector\\\/\",\"url\":\"https:\\\/\\\/www.laguiadepamplona.com\\\/actualidad\\\/cuarenta-personas-se-interesan-por-el-programa-de-apoyo-al-relevo-generacional-en-el-comercio-impulsado-por-el-ayuntamiento-de-pamplona-cein-y-las-asociaciones-del-sector\\\/\",\"name\":\"Cuarenta personas se interesan por el programa de apoyo al relevo generacional en el comercio impulsado por el Ayuntamiento de Pamplona, CEIN y las asociaciones del sector\",\"isPartOf\":{\"@id\":\"https:\\\/\\\/www.laguiadepamplona.com\\\/actualidad\\\/#website\"},\"primaryImageOfPage\":{\"@id\":\"https:\\\/\\\/www.laguiadepamplona.com\\\/actualidad\\\/cuarenta-personas-se-interesan-por-el-programa-de-apoyo-al-relevo-generacional-en-el-comercio-impulsado-por-el-ayuntamiento-de-pamplona-cein-y-las-asociaciones-del-sector\\\/#primaryimage\"},\"image\":{\"@id\":\"https:\\\/\\\/www.laguiadepamplona.com\\\/actualidad\\\/cuarenta-personas-se-interesan-por-el-programa-de-apoyo-al-relevo-generacional-en-el-comercio-impulsado-por-el-ayuntamiento-de-pamplona-cein-y-las-asociaciones-del-sector\\\/#primaryimage\"},\"thumbnailUrl\":\"https:\\\/\\\/www.laguiadepamplona.com\\\/actualidad\\\/wp-content\\\/uploads\\\/2023\\\/11\\\/relevo-generacional-en-comercios.webp\",\"datePublished\":\"2023-11-03T16:34:23+00:00\",\"dateModified\":\"2023-11-03T16:37:17+00:00\",\"description\":\"Este lunes se celebra una jornada informativa en Condestable, con el objetivo de informar a las personas interesadas\",\"breadcrumb\":{\"@id\":\"https:\\\/\\\/www.laguiadepamplona.com\\\/actualidad\\\/cuarenta-personas-se-interesan-por-el-programa-de-apoyo-al-relevo-generacional-en-el-comercio-impulsado-por-el-ayuntamiento-de-pamplona-cein-y-las-asociaciones-del-sector\\\/#breadcrumb\"},\"inLanguage\":\"es\",\"potentialAction\":[{\"@type\":\"ReadAction\",\"target\":[\"https:\\\/\\\/www.laguiadepamplona.com\\\/actualidad\\\/cuarenta-personas-se-interesan-por-el-programa-de-apoyo-al-relevo-generacional-en-el-comercio-impulsado-por-el-ayuntamiento-de-pamplona-cein-y-las-asociaciones-del-sector\\\/\"]}]},{\"@type\":\"ImageObject\",\"inLanguage\":\"es\",\"@id\":\"https:\\\/\\\/www.laguiadepamplona.com\\\/actualidad\\\/cuarenta-personas-se-interesan-por-el-programa-de-apoyo-al-relevo-generacional-en-el-comercio-impulsado-por-el-ayuntamiento-de-pamplona-cein-y-las-asociaciones-del-sector\\\/#primaryimage\",\"url\":\"https:\\\/\\\/www.laguiadepamplona.com\\\/actualidad\\\/wp-content\\\/uploads\\\/2023\\\/11\\\/relevo-generacional-en-comercios.webp\",\"contentUrl\":\"https:\\\/\\\/www.laguiadepamplona.com\\\/actualidad\\\/wp-content\\\/uploads\\\/2023\\\/11\\\/relevo-generacional-en-comercios.webp\",\"width\":1200,\"height\":675,\"caption\":\"tienda denda\"},{\"@type\":\"BreadcrumbList\",\"@id\":\"https:\\\/\\\/www.laguiadepamplona.com\\\/actualidad\\\/cuarenta-personas-se-interesan-por-el-programa-de-apoyo-al-relevo-generacional-en-el-comercio-impulsado-por-el-ayuntamiento-de-pamplona-cein-y-las-asociaciones-del-sector\\\/#breadcrumb\",\"itemListElement\":[{\"@type\":\"ListItem\",\"position\":1,\"name\":\"Portada\",\"item\":\"https:\\\/\\\/www.laguiadepamplona.com\\\/actualidad\\\/\"},{\"@type\":\"ListItem\",\"position\":2,\"name\":\"Cuarenta personas se interesan por el programa de apoyo al relevo generacional en el comercio impulsado por el Ayuntamiento de Pamplona, CEIN y las asociaciones del sector\"}]},{\"@type\":\"WebSite\",\"@id\":\"https:\\\/\\\/www.laguiadepamplona.com\\\/actualidad\\\/#website\",\"url\":\"https:\\\/\\\/www.laguiadepamplona.com\\\/actualidad\\\/\",\"name\":\"La gu\u00eda de Pamplona\",\"description\":\"Noticias de Pamplona\",\"publisher\":{\"@id\":\"https:\\\/\\\/www.laguiadepamplona.com\\\/actualidad\\\/#organization\"},\"potentialAction\":[{\"@type\":\"SearchAction\",\"target\":{\"@type\":\"EntryPoint\",\"urlTemplate\":\"https:\\\/\\\/www.laguiadepamplona.com\\\/actualidad\\\/?s={search_term_string}\"},\"query-input\":{\"@type\":\"PropertyValueSpecification\",\"valueRequired\":true,\"valueName\":\"search_term_string\"}}],\"inLanguage\":\"es\"},{\"@type\":\"Organization\",\"@id\":\"https:\\\/\\\/www.laguiadepamplona.com\\\/actualidad\\\/#organization\",\"name\":\"La Gu\u00eda de Pamplona \\\/ Noticias\",\"url\":\"https:\\\/\\\/www.laguiadepamplona.com\\\/actualidad\\\/\",\"logo\":{\"@type\":\"ImageObject\",\"inLanguage\":\"es\",\"@id\":\"https:\\\/\\\/www.laguiadepamplona.com\\\/actualidad\\\/#\\\/schema\\\/logo\\\/image\\\/\",\"url\":\"https:\\\/\\\/www.laguiadepamplona.com\\\/actualidad\\\/wp-content\\\/uploads\\\/2018\\\/11\\\/logo-laguiadepamplona18-web1.png\",\"contentUrl\":\"https:\\\/\\\/www.laguiadepamplona.com\\\/actualidad\\\/wp-content\\\/uploads\\\/2018\\\/11\\\/logo-laguiadepamplona18-web1.png\",\"width\":600,\"height\":196,\"caption\":\"La Gu\u00eda de Pamplona \\\/ Noticias\"},\"image\":{\"@id\":\"https:\\\/\\\/www.laguiadepamplona.com\\\/actualidad\\\/#\\\/schema\\\/logo\\\/image\\\/\"},\"sameAs\":[\"https:\\\/\\\/www.facebook.com\\\/laguiadepamplonacom-133175176762273\\\/?ref=hl\",\"https:\\\/\\\/x.com\\\/LaGuiadPamplona\",\"https:\\\/\\\/www.instagram.com\\\/la_guia_de_pamplona\\\/\",\"https:\\\/\\\/www.youtube.com\\\/user\\\/laguiadepamplona\"]},{\"@type\":\"Person\",\"@id\":\"https:\\\/\\\/www.laguiadepamplona.com\\\/actualidad\\\/#\\\/schema\\\/person\\\/efe887376f0213d4657c93adc50b1fdb\",\"name\":\"La Gu\u00eda de Pamplona\",\"image\":{\"@type\":\"ImageObject\",\"inLanguage\":\"es\",\"@id\":\"https:\\\/\\\/secure.gravatar.com\\\/avatar\\\/b6992f131dc8d30ab0dff15446e9d346d9dbd95992de0fef795073f5ea83a81c?s=96&d=mm&r=g\",\"url\":\"https:\\\/\\\/secure.gravatar.com\\\/avatar\\\/b6992f131dc8d30ab0dff15446e9d346d9dbd95992de0fef795073f5ea83a81c?s=96&d=mm&r=g\",\"contentUrl\":\"https:\\\/\\\/secure.gravatar.com\\\/avatar\\\/b6992f131dc8d30ab0dff15446e9d346d9dbd95992de0fef795073f5ea83a81c?s=96&d=mm&r=g\",\"caption\":\"La Gu\u00eda de Pamplona\"}}]}<\/script>\n<!-- \/ Yoast SEO plugin. -->","yoast_head_json":{"title":"Cuarenta personas se interesan por el programa de apoyo al relevo generacional en el comercio impulsado por el Ayuntamiento de Pamplona, CEIN y las asociaciones del sector","description":"Este lunes se celebra una jornada informativa en Condestable, con el objetivo de informar a las personas interesadas","robots":{"index":"index","follow":"follow","max-snippet":"max-snippet:-1","max-image-preview":"max-image-preview:large","max-video-preview":"max-video-preview:-1"},"canonical":"https:\/\/www.laguiadepamplona.com\/actualidad\/cuarenta-personas-se-interesan-por-el-programa-de-apoyo-al-relevo-generacional-en-el-comercio-impulsado-por-el-ayuntamiento-de-pamplona-cein-y-las-asociaciones-del-sector\/","og_locale":"es_ES","og_type":"article","og_title":"Cuarenta personas se interesan por el programa de apoyo al relevo generacional en el comercio impulsado por el Ayuntamiento de Pamplona, CEIN y las asociaciones del sector","og_description":"Este lunes se celebra una jornada informativa en Condestable, con el objetivo de informar a las personas interesadas","og_url":"https:\/\/www.laguiadepamplona.com\/actualidad\/cuarenta-personas-se-interesan-por-el-programa-de-apoyo-al-relevo-generacional-en-el-comercio-impulsado-por-el-ayuntamiento-de-pamplona-cein-y-las-asociaciones-del-sector\/","og_site_name":"La Gu\u00eda de Pamplona","article_publisher":"https:\/\/www.facebook.com\/laguiadepamplonacom-133175176762273\/?ref=hl","article_published_time":"2023-11-03T16:34:23+00:00","article_modified_time":"2023-11-03T16:37:17+00:00","og_image":[{"width":1200,"height":675,"url":"https:\/\/www.laguiadepamplona.com\/actualidad\/wp-content\/uploads\/2023\/11\/relevo-generacional-en-comercios.webp","type":"image\/webp"}],"author":"La Gu\u00eda de Pamplona","twitter_card":"summary_large_image","twitter_creator":"@LaGuiadPamplona","twitter_site":"@LaGuiadPamplona","twitter_misc":{"Escrito por":"La Gu\u00eda de Pamplona","Tiempo de lectura":"3 minutos"},"schema":{"@context":"https:\/\/schema.org","@graph":[{"@type":"Article","@id":"https:\/\/www.laguiadepamplona.com\/actualidad\/cuarenta-personas-se-interesan-por-el-programa-de-apoyo-al-relevo-generacional-en-el-comercio-impulsado-por-el-ayuntamiento-de-pamplona-cein-y-las-asociaciones-del-sector\/#article","isPartOf":{"@id":"https:\/\/www.laguiadepamplona.com\/actualidad\/cuarenta-personas-se-interesan-por-el-programa-de-apoyo-al-relevo-generacional-en-el-comercio-impulsado-por-el-ayuntamiento-de-pamplona-cein-y-las-asociaciones-del-sector\/"},"author":{"name":"La Gu\u00eda de Pamplona","@id":"https:\/\/www.laguiadepamplona.com\/actualidad\/#\/schema\/person\/efe887376f0213d4657c93adc50b1fdb"},"headline":"Cuarenta personas se interesan por el programa de apoyo al relevo generacional en el comercio impulsado por el Ayuntamiento de Pamplona, CEIN y las asociaciones del sector","datePublished":"2023-11-03T16:34:23+00:00","dateModified":"2023-11-03T16:37:17+00:00","mainEntityOfPage":{"@id":"https:\/\/www.laguiadepamplona.com\/actualidad\/cuarenta-personas-se-interesan-por-el-programa-de-apoyo-al-relevo-generacional-en-el-comercio-impulsado-por-el-ayuntamiento-de-pamplona-cein-y-las-asociaciones-del-sector\/"},"wordCount":715,"commentCount":0,"publisher":{"@id":"https:\/\/www.laguiadepamplona.com\/actualidad\/#organization"},"image":{"@id":"https:\/\/www.laguiadepamplona.com\/actualidad\/cuarenta-personas-se-interesan-por-el-programa-de-apoyo-al-relevo-generacional-en-el-comercio-impulsado-por-el-ayuntamiento-de-pamplona-cein-y-las-asociaciones-del-sector\/#primaryimage"},"thumbnailUrl":"https:\/\/www.laguiadepamplona.com\/actualidad\/wp-content\/uploads\/2023\/11\/relevo-generacional-en-comercios.webp","articleSection":["Ayto Pamplona"],"inLanguage":"es","potentialAction":[{"@type":"CommentAction","name":"Comment","target":["https:\/\/www.laguiadepamplona.com\/actualidad\/cuarenta-personas-se-interesan-por-el-programa-de-apoyo-al-relevo-generacional-en-el-comercio-impulsado-por-el-ayuntamiento-de-pamplona-cein-y-las-asociaciones-del-sector\/#respond"]}]},{"@type":"WebPage","@id":"https:\/\/www.laguiadepamplona.com\/actualidad\/cuarenta-personas-se-interesan-por-el-programa-de-apoyo-al-relevo-generacional-en-el-comercio-impulsado-por-el-ayuntamiento-de-pamplona-cein-y-las-asociaciones-del-sector\/","url":"https:\/\/www.laguiadepamplona.com\/actualidad\/cuarenta-personas-se-interesan-por-el-programa-de-apoyo-al-relevo-generacional-en-el-comercio-impulsado-por-el-ayuntamiento-de-pamplona-cein-y-las-asociaciones-del-sector\/","name":"Cuarenta personas se interesan por el programa de apoyo al relevo generacional en el comercio impulsado por el Ayuntamiento de Pamplona, CEIN y las asociaciones del sector","isPartOf":{"@id":"https:\/\/www.laguiadepamplona.com\/actualidad\/#website"},"primaryImageOfPage":{"@id":"https:\/\/www.laguiadepamplona.com\/actualidad\/cuarenta-personas-se-interesan-por-el-programa-de-apoyo-al-relevo-generacional-en-el-comercio-impulsado-por-el-ayuntamiento-de-pamplona-cein-y-las-asociaciones-del-sector\/#primaryimage"},"image":{"@id":"https:\/\/www.laguiadepamplona.com\/actualidad\/cuarenta-personas-se-interesan-por-el-programa-de-apoyo-al-relevo-generacional-en-el-comercio-impulsado-por-el-ayuntamiento-de-pamplona-cein-y-las-asociaciones-del-sector\/#primaryimage"},"thumbnailUrl":"https:\/\/www.laguiadepamplona.com\/actualidad\/wp-content\/uploads\/2023\/11\/relevo-generacional-en-comercios.webp","datePublished":"2023-11-03T16:34:23+00:00","dateModified":"2023-11-03T16:37:17+00:00","description":"Este lunes se celebra una jornada informativa en Condestable, con el objetivo de informar a las personas interesadas","breadcrumb":{"@id":"https:\/\/www.laguiadepamplona.com\/actualidad\/cuarenta-personas-se-interesan-por-el-programa-de-apoyo-al-relevo-generacional-en-el-comercio-impulsado-por-el-ayuntamiento-de-pamplona-cein-y-las-asociaciones-del-sector\/#breadcrumb"},"inLanguage":"es","potentialAction":[{"@type":"ReadAction","target":["https:\/\/www.laguiadepamplona.com\/actualidad\/cuarenta-personas-se-interesan-por-el-programa-de-apoyo-al-relevo-generacional-en-el-comercio-impulsado-por-el-ayuntamiento-de-pamplona-cein-y-las-asociaciones-del-sector\/"]}]},{"@type":"ImageObject","inLanguage":"es","@id":"https:\/\/www.laguiadepamplona.com\/actualidad\/cuarenta-personas-se-interesan-por-el-programa-de-apoyo-al-relevo-generacional-en-el-comercio-impulsado-por-el-ayuntamiento-de-pamplona-cein-y-las-asociaciones-del-sector\/#primaryimage","url":"https:\/\/www.laguiadepamplona.com\/actualidad\/wp-content\/uploads\/2023\/11\/relevo-generacional-en-comercios.webp","contentUrl":"https:\/\/www.laguiadepamplona.com\/actualidad\/wp-content\/uploads\/2023\/11\/relevo-generacional-en-comercios.webp","width":1200,"height":675,"caption":"tienda denda"},{"@type":"BreadcrumbList","@id":"https:\/\/www.laguiadepamplona.com\/actualidad\/cuarenta-personas-se-interesan-por-el-programa-de-apoyo-al-relevo-generacional-en-el-comercio-impulsado-por-el-ayuntamiento-de-pamplona-cein-y-las-asociaciones-del-sector\/#breadcrumb","itemListElement":[{"@type":"ListItem","position":1,"name":"Portada","item":"https:\/\/www.laguiadepamplona.com\/actualidad\/"},{"@type":"ListItem","position":2,"name":"Cuarenta personas se interesan por el programa de apoyo al relevo generacional en el comercio impulsado por el Ayuntamiento de Pamplona, CEIN y las asociaciones del sector"}]},{"@type":"WebSite","@id":"https:\/\/www.laguiadepamplona.com\/actualidad\/#website","url":"https:\/\/www.laguiadepamplona.com\/actualidad\/","name":"La gu\u00eda de Pamplona","description":"Noticias de Pamplona","publisher":{"@id":"https:\/\/www.laguiadepamplona.com\/actualidad\/#organization"},"potentialAction":[{"@type":"SearchAction","target":{"@type":"EntryPoint","urlTemplate":"https:\/\/www.laguiadepamplona.com\/actualidad\/?s={search_term_string}"},"query-input":{"@type":"PropertyValueSpecification","valueRequired":true,"valueName":"search_term_string"}}],"inLanguage":"es"},{"@type":"Organization","@id":"https:\/\/www.laguiadepamplona.com\/actualidad\/#organization","name":"La Gu\u00eda de Pamplona \/ Noticias","url":"https:\/\/www.laguiadepamplona.com\/actualidad\/","logo":{"@type":"ImageObject","inLanguage":"es","@id":"https:\/\/www.laguiadepamplona.com\/actualidad\/#\/schema\/logo\/image\/","url":"https:\/\/www.laguiadepamplona.com\/actualidad\/wp-content\/uploads\/2018\/11\/logo-laguiadepamplona18-web1.png","contentUrl":"https:\/\/www.laguiadepamplona.com\/actualidad\/wp-content\/uploads\/2018\/11\/logo-laguiadepamplona18-web1.png","width":600,"height":196,"caption":"La Gu\u00eda de Pamplona \/ Noticias"},"image":{"@id":"https:\/\/www.laguiadepamplona.com\/actualidad\/#\/schema\/logo\/image\/"},"sameAs":["https:\/\/www.facebook.com\/laguiadepamplonacom-133175176762273\/?ref=hl","https:\/\/x.com\/LaGuiadPamplona","https:\/\/www.instagram.com\/la_guia_de_pamplona\/","https:\/\/www.youtube.com\/user\/laguiadepamplona"]},{"@type":"Person","@id":"https:\/\/www.laguiadepamplona.com\/actualidad\/#\/schema\/person\/efe887376f0213d4657c93adc50b1fdb","name":"La Gu\u00eda de Pamplona","image":{"@type":"ImageObject","inLanguage":"es","@id":"https:\/\/secure.gravatar.com\/avatar\/b6992f131dc8d30ab0dff15446e9d346d9dbd95992de0fef795073f5ea83a81c?s=96&d=mm&r=g","url":"https:\/\/secure.gravatar.com\/avatar\/b6992f131dc8d30ab0dff15446e9d346d9dbd95992de0fef795073f5ea83a81c?s=96&d=mm&r=g","contentUrl":"https:\/\/secure.gravatar.com\/avatar\/b6992f131dc8d30ab0dff15446e9d346d9dbd95992de0fef795073f5ea83a81c?s=96&d=mm&r=g","caption":"La Gu\u00eda de Pamplona"}}]}},"post_mailing_queue_ids":[],"_links":{"self":[{"href":"https:\/\/www.laguiadepamplona.com\/actualidad\/wp-json\/wp\/v2\/posts\/47809","targetHints":{"allow":["GET"]}}],"collection":[{"href":"https:\/\/www.laguiadepamplona.com\/actualidad\/wp-json\/wp\/v2\/posts"}],"about":[{"href":"https:\/\/www.laguiadepamplona.com\/actualidad\/wp-json\/wp\/v2\/types\/post"}],"author":[{"embeddable":true,"href":"https:\/\/www.laguiadepamplona.com\/actualidad\/wp-json\/wp\/v2\/users\/1"}],"replies":[{"embeddable":true,"href":"https:\/\/www.laguiadepamplona.com\/actualidad\/wp-json\/wp\/v2\/comments?post=47809"}],"version-history":[{"count":3,"href":"https:\/\/www.laguiadepamplona.com\/actualidad\/wp-json\/wp\/v2\/posts\/47809\/revisions"}],"predecessor-version":[{"id":47813,"href":"https:\/\/www.laguiadepamplona.com\/actualidad\/wp-json\/wp\/v2\/posts\/47809\/revisions\/47813"}],"wp:featuredmedia":[{"embeddable":true,"href":"https:\/\/www.laguiadepamplona.com\/actualidad\/wp-json\/wp\/v2\/media\/47810"}],"wp:attachment":[{"href":"https:\/\/www.laguiadepamplona.com\/actualidad\/wp-json\/wp\/v2\/media?parent=47809"}],"wp:term":[{"taxonomy":"category","embeddable":true,"href":"https:\/\/www.laguiadepamplona.com\/actualidad\/wp-json\/wp\/v2\/categories?post=47809"},{"taxonomy":"post_tag","embeddable":true,"href":"https:\/\/www.laguiadepamplona.com\/actualidad\/wp-json\/wp\/v2\/tags?post=47809"}],"curies":[{"name":"wp","href":"https:\/\/api.w.org\/{rel}","templated":true}]}}