{"id":47806,"date":"2023-11-03T18:31:28","date_gmt":"2023-11-03T16:31:28","guid":{"rendered":"https:\/\/www.laguiadepamplona.com\/actualidad\/?p=47806"},"modified":"2023-11-03T18:31:28","modified_gmt":"2023-11-03T16:31:28","slug":"la-alcaldesa-de-pamplona-se-reune-con-el-presidente-de-la-academia-navarra-de-gastronomia","status":"publish","type":"post","link":"https:\/\/www.laguiadepamplona.com\/actualidad\/la-alcaldesa-de-pamplona-se-reune-con-el-presidente-de-la-academia-navarra-de-gastronomia\/","title":{"rendered":"La alcaldesa de Pamplona se re\u00fane con el presidente de la Academia Navarra de Gastronom\u00eda"},"content":{"rendered":"<p><!--more--><\/p>\n<p>La alcaldesa de Pamplona, Cristina Ibarrola, se ha reunido esta ma\u00f1ana en su despacho de la Casa Consistorial con el presidente de la Academia Navarra de Gastronom\u00eda, Mart\u00edn Sarobe. Al encuentro han asistido tambi\u00e9n la vicepresidenta de la academia, Ana Laguna, y la directora de Promoci\u00f3n Tur\u00edstica y Comercial del Ayuntamiento de Pamplona, Amparo Miqueleiz.<br \/>\n<script async src=\"\/\/pagead2.googlesyndication.com\/pagead\/js\/adsbygoogle.js\"><\/script><br \/>\n<!-- Noticias La Guia de Pamplona --><br \/>\n<ins class=\"adsbygoogle\"\nstyle=\"display:block\"\ndata-ad-client=\"ca-pub-6943679897239327\"\ndata-ad-slot=\"7048180777\"\ndata-ad-format=\"auto\"><\/ins><br \/>\n<script>\n(adsbygoogle = window.adsbygoogle || []).push({});\n<\/script><\/p>\n<p><strong>La Academia<\/strong>\u00a0Navarra de Gastronom\u00eda trabaja desde 2003 en favor del patrimonio gastron\u00f3mico. Tiene por objeto la investigaci\u00f3n y la pr\u00e1ctica de las cocinas y actividades gastron\u00f3micas propias de su \u00e1mbito. Adem\u00e1s, busca divulgar sus excelencias y propiciar su estima y expansi\u00f3n; cuidar de la pureza de sus tradiciones y dar a conocer, en Espa\u00f1a y en el extranjero, las caracter\u00edsticas y aspectos m\u00e1s relevantes de la gastronom\u00eda navarra. Para ello, organizan actos p\u00fablicos y culturales, conceden premios o editan publicaciones.<\/p>\n","protected":false},"excerpt":{"rendered":"","protected":false},"author":1,"featured_media":47807,"comment_status":"open","ping_status":"closed","sticky":false,"template":"","format":"standard","meta":{"footnotes":""},"categories":[2],"tags":[],"class_list":["post-47806","post","type-post","status-publish","format-standard","has-post-thumbnail","hentry","category-ayuntamiento-pamplona"],"yoast_head":"<!-- This site is optimized with the Yoast SEO plugin v27.3 - https:\/\/yoast.com\/product\/yoast-seo-wordpress\/ -->\n<title>La alcaldesa de Pamplona se re\u00fane con el presidente de la Academia Navarra de Gastronom\u00eda<\/title>\n<meta name=\"description\" content=\"Al encuentro han asistido tambi\u00e9n la vicepresidenta de la academia, Ana Laguna, y Comercial del Ayuntamiento, Amparo Miqueleiz.\" \/>\n<meta name=\"robots\" content=\"index, follow, max-snippet:-1, max-image-preview:large, max-video-preview:-1\" \/>\n<link rel=\"canonical\" href=\"https:\/\/www.laguiadepamplona.com\/actualidad\/la-alcaldesa-de-pamplona-se-reune-con-el-presidente-de-la-academia-navarra-de-gastronomia\/\" \/>\n<meta property=\"og:locale\" content=\"es_ES\" \/>\n<meta property=\"og:type\" content=\"article\" \/>\n<meta property=\"og:title\" content=\"La alcaldesa de Pamplona se re\u00fane con el presidente de la Academia Navarra de Gastronom\u00eda\" \/>\n<meta property=\"og:description\" content=\"Al encuentro han asistido tambi\u00e9n la vicepresidenta de la academia, Ana Laguna, y Comercial del Ayuntamiento, Amparo Miqueleiz.\" \/>\n<meta property=\"og:url\" content=\"https:\/\/www.laguiadepamplona.com\/actualidad\/la-alcaldesa-de-pamplona-se-reune-con-el-presidente-de-la-academia-navarra-de-gastronomia\/\" \/>\n<meta property=\"og:site_name\" content=\"La Gu\u00eda de Pamplona\" \/>\n<meta property=\"article:publisher\" content=\"https:\/\/www.facebook.com\/laguiadepamplonacom-133175176762273\/?ref=hl\" \/>\n<meta property=\"article:published_time\" content=\"2023-11-03T16:31:28+00:00\" \/>\n<meta property=\"og:image\" content=\"https:\/\/www.laguiadepamplona.com\/actualidad\/wp-content\/uploads\/2023\/11\/reunion-alcaldesa-presidente-academia-navarra-gastronomia.webp\" \/>\n\t<meta property=\"og:image:width\" content=\"1200\" \/>\n\t<meta property=\"og:image:height\" content=\"900\" \/>\n\t<meta property=\"og:image:type\" content=\"image\/webp\" \/>\n<meta name=\"author\" content=\"La Gu\u00eda de Pamplona\" \/>\n<meta name=\"twitter:card\" content=\"summary_large_image\" \/>\n<meta name=\"twitter:creator\" content=\"@LaGuiadPamplona\" \/>\n<meta name=\"twitter:site\" content=\"@LaGuiadPamplona\" \/>\n<meta name=\"twitter:label1\" content=\"Escrito por\" \/>\n\t<meta name=\"twitter:data1\" content=\"La Gu\u00eda de Pamplona\" \/>\n\t<meta name=\"twitter:label2\" content=\"Tiempo de lectura\" \/>\n\t<meta name=\"twitter:data2\" content=\"1 minuto\" \/>\n<script type=\"application\/ld+json\" class=\"yoast-schema-graph\">{\"@context\":\"https:\\\/\\\/schema.org\",\"@graph\":[{\"@type\":\"Article\",\"@id\":\"https:\\\/\\\/www.laguiadepamplona.com\\\/actualidad\\\/la-alcaldesa-de-pamplona-se-reune-con-el-presidente-de-la-academia-navarra-de-gastronomia\\\/#article\",\"isPartOf\":{\"@id\":\"https:\\\/\\\/www.laguiadepamplona.com\\\/actualidad\\\/la-alcaldesa-de-pamplona-se-reune-con-el-presidente-de-la-academia-navarra-de-gastronomia\\\/\"},\"author\":{\"name\":\"La Gu\u00eda de Pamplona\",\"@id\":\"https:\\\/\\\/www.laguiadepamplona.com\\\/actualidad\\\/#\\\/schema\\\/person\\\/efe887376f0213d4657c93adc50b1fdb\"},\"headline\":\"La alcaldesa de Pamplona se re\u00fane con el presidente de la Academia Navarra de Gastronom\u00eda\",\"datePublished\":\"2023-11-03T16:31:28+00:00\",\"mainEntityOfPage\":{\"@id\":\"https:\\\/\\\/www.laguiadepamplona.com\\\/actualidad\\\/la-alcaldesa-de-pamplona-se-reune-con-el-presidente-de-la-academia-navarra-de-gastronomia\\\/\"},\"wordCount\":170,\"commentCount\":0,\"publisher\":{\"@id\":\"https:\\\/\\\/www.laguiadepamplona.com\\\/actualidad\\\/#organization\"},\"image\":{\"@id\":\"https:\\\/\\\/www.laguiadepamplona.com\\\/actualidad\\\/la-alcaldesa-de-pamplona-se-reune-con-el-presidente-de-la-academia-navarra-de-gastronomia\\\/#primaryimage\"},\"thumbnailUrl\":\"https:\\\/\\\/www.laguiadepamplona.com\\\/actualidad\\\/wp-content\\\/uploads\\\/2023\\\/11\\\/reunion-alcaldesa-presidente-academia-navarra-gastronomia.webp\",\"articleSection\":[\"Ayto Pamplona\"],\"inLanguage\":\"es\",\"potentialAction\":[{\"@type\":\"CommentAction\",\"name\":\"Comment\",\"target\":[\"https:\\\/\\\/www.laguiadepamplona.com\\\/actualidad\\\/la-alcaldesa-de-pamplona-se-reune-con-el-presidente-de-la-academia-navarra-de-gastronomia\\\/#respond\"]}]},{\"@type\":\"WebPage\",\"@id\":\"https:\\\/\\\/www.laguiadepamplona.com\\\/actualidad\\\/la-alcaldesa-de-pamplona-se-reune-con-el-presidente-de-la-academia-navarra-de-gastronomia\\\/\",\"url\":\"https:\\\/\\\/www.laguiadepamplona.com\\\/actualidad\\\/la-alcaldesa-de-pamplona-se-reune-con-el-presidente-de-la-academia-navarra-de-gastronomia\\\/\",\"name\":\"La alcaldesa de Pamplona se re\u00fane con el presidente de la Academia Navarra de Gastronom\u00eda\",\"isPartOf\":{\"@id\":\"https:\\\/\\\/www.laguiadepamplona.com\\\/actualidad\\\/#website\"},\"primaryImageOfPage\":{\"@id\":\"https:\\\/\\\/www.laguiadepamplona.com\\\/actualidad\\\/la-alcaldesa-de-pamplona-se-reune-con-el-presidente-de-la-academia-navarra-de-gastronomia\\\/#primaryimage\"},\"image\":{\"@id\":\"https:\\\/\\\/www.laguiadepamplona.com\\\/actualidad\\\/la-alcaldesa-de-pamplona-se-reune-con-el-presidente-de-la-academia-navarra-de-gastronomia\\\/#primaryimage\"},\"thumbnailUrl\":\"https:\\\/\\\/www.laguiadepamplona.com\\\/actualidad\\\/wp-content\\\/uploads\\\/2023\\\/11\\\/reunion-alcaldesa-presidente-academia-navarra-gastronomia.webp\",\"datePublished\":\"2023-11-03T16:31:28+00:00\",\"description\":\"Al encuentro han asistido tambi\u00e9n la vicepresidenta de la academia, Ana Laguna, y Comercial del Ayuntamiento, Amparo Miqueleiz.\",\"breadcrumb\":{\"@id\":\"https:\\\/\\\/www.laguiadepamplona.com\\\/actualidad\\\/la-alcaldesa-de-pamplona-se-reune-con-el-presidente-de-la-academia-navarra-de-gastronomia\\\/#breadcrumb\"},\"inLanguage\":\"es\",\"potentialAction\":[{\"@type\":\"ReadAction\",\"target\":[\"https:\\\/\\\/www.laguiadepamplona.com\\\/actualidad\\\/la-alcaldesa-de-pamplona-se-reune-con-el-presidente-de-la-academia-navarra-de-gastronomia\\\/\"]}]},{\"@type\":\"ImageObject\",\"inLanguage\":\"es\",\"@id\":\"https:\\\/\\\/www.laguiadepamplona.com\\\/actualidad\\\/la-alcaldesa-de-pamplona-se-reune-con-el-presidente-de-la-academia-navarra-de-gastronomia\\\/#primaryimage\",\"url\":\"https:\\\/\\\/www.laguiadepamplona.com\\\/actualidad\\\/wp-content\\\/uploads\\\/2023\\\/11\\\/reunion-alcaldesa-presidente-academia-navarra-gastronomia.webp\",\"contentUrl\":\"https:\\\/\\\/www.laguiadepamplona.com\\\/actualidad\\\/wp-content\\\/uploads\\\/2023\\\/11\\\/reunion-alcaldesa-presidente-academia-navarra-gastronomia.webp\",\"width\":1200,\"height\":900,\"caption\":\"reuni\u00f3n alcadesa\"},{\"@type\":\"BreadcrumbList\",\"@id\":\"https:\\\/\\\/www.laguiadepamplona.com\\\/actualidad\\\/la-alcaldesa-de-pamplona-se-reune-con-el-presidente-de-la-academia-navarra-de-gastronomia\\\/#breadcrumb\",\"itemListElement\":[{\"@type\":\"ListItem\",\"position\":1,\"name\":\"Portada\",\"item\":\"https:\\\/\\\/www.laguiadepamplona.com\\\/actualidad\\\/\"},{\"@type\":\"ListItem\",\"position\":2,\"name\":\"La alcaldesa de Pamplona se re\u00fane con el presidente de la Academia Navarra de Gastronom\u00eda\"}]},{\"@type\":\"WebSite\",\"@id\":\"https:\\\/\\\/www.laguiadepamplona.com\\\/actualidad\\\/#website\",\"url\":\"https:\\\/\\\/www.laguiadepamplona.com\\\/actualidad\\\/\",\"name\":\"La gu\u00eda de Pamplona\",\"description\":\"Noticias de Pamplona\",\"publisher\":{\"@id\":\"https:\\\/\\\/www.laguiadepamplona.com\\\/actualidad\\\/#organization\"},\"potentialAction\":[{\"@type\":\"SearchAction\",\"target\":{\"@type\":\"EntryPoint\",\"urlTemplate\":\"https:\\\/\\\/www.laguiadepamplona.com\\\/actualidad\\\/?s={search_term_string}\"},\"query-input\":{\"@type\":\"PropertyValueSpecification\",\"valueRequired\":true,\"valueName\":\"search_term_string\"}}],\"inLanguage\":\"es\"},{\"@type\":\"Organization\",\"@id\":\"https:\\\/\\\/www.laguiadepamplona.com\\\/actualidad\\\/#organization\",\"name\":\"La Gu\u00eda de Pamplona \\\/ Noticias\",\"url\":\"https:\\\/\\\/www.laguiadepamplona.com\\\/actualidad\\\/\",\"logo\":{\"@type\":\"ImageObject\",\"inLanguage\":\"es\",\"@id\":\"https:\\\/\\\/www.laguiadepamplona.com\\\/actualidad\\\/#\\\/schema\\\/logo\\\/image\\\/\",\"url\":\"https:\\\/\\\/www.laguiadepamplona.com\\\/actualidad\\\/wp-content\\\/uploads\\\/2018\\\/11\\\/logo-laguiadepamplona18-web1.png\",\"contentUrl\":\"https:\\\/\\\/www.laguiadepamplona.com\\\/actualidad\\\/wp-content\\\/uploads\\\/2018\\\/11\\\/logo-laguiadepamplona18-web1.png\",\"width\":600,\"height\":196,\"caption\":\"La Gu\u00eda de Pamplona \\\/ Noticias\"},\"image\":{\"@id\":\"https:\\\/\\\/www.laguiadepamplona.com\\\/actualidad\\\/#\\\/schema\\\/logo\\\/image\\\/\"},\"sameAs\":[\"https:\\\/\\\/www.facebook.com\\\/laguiadepamplonacom-133175176762273\\\/?ref=hl\",\"https:\\\/\\\/x.com\\\/LaGuiadPamplona\",\"https:\\\/\\\/www.instagram.com\\\/la_guia_de_pamplona\\\/\",\"https:\\\/\\\/www.youtube.com\\\/user\\\/laguiadepamplona\"]},{\"@type\":\"Person\",\"@id\":\"https:\\\/\\\/www.laguiadepamplona.com\\\/actualidad\\\/#\\\/schema\\\/person\\\/efe887376f0213d4657c93adc50b1fdb\",\"name\":\"La Gu\u00eda de Pamplona\",\"image\":{\"@type\":\"ImageObject\",\"inLanguage\":\"es\",\"@id\":\"https:\\\/\\\/secure.gravatar.com\\\/avatar\\\/b6992f131dc8d30ab0dff15446e9d346d9dbd95992de0fef795073f5ea83a81c?s=96&d=mm&r=g\",\"url\":\"https:\\\/\\\/secure.gravatar.com\\\/avatar\\\/b6992f131dc8d30ab0dff15446e9d346d9dbd95992de0fef795073f5ea83a81c?s=96&d=mm&r=g\",\"contentUrl\":\"https:\\\/\\\/secure.gravatar.com\\\/avatar\\\/b6992f131dc8d30ab0dff15446e9d346d9dbd95992de0fef795073f5ea83a81c?s=96&d=mm&r=g\",\"caption\":\"La Gu\u00eda de Pamplona\"}}]}<\/script>\n<!-- \/ Yoast SEO plugin. -->","yoast_head_json":{"title":"La alcaldesa de Pamplona se re\u00fane con el presidente de la Academia Navarra de Gastronom\u00eda","description":"Al encuentro han asistido tambi\u00e9n la vicepresidenta de la academia, Ana Laguna, y Comercial del Ayuntamiento, Amparo Miqueleiz.","robots":{"index":"index","follow":"follow","max-snippet":"max-snippet:-1","max-image-preview":"max-image-preview:large","max-video-preview":"max-video-preview:-1"},"canonical":"https:\/\/www.laguiadepamplona.com\/actualidad\/la-alcaldesa-de-pamplona-se-reune-con-el-presidente-de-la-academia-navarra-de-gastronomia\/","og_locale":"es_ES","og_type":"article","og_title":"La alcaldesa de Pamplona se re\u00fane con el presidente de la Academia Navarra de Gastronom\u00eda","og_description":"Al encuentro han asistido tambi\u00e9n la vicepresidenta de la academia, Ana Laguna, y Comercial del Ayuntamiento, Amparo Miqueleiz.","og_url":"https:\/\/www.laguiadepamplona.com\/actualidad\/la-alcaldesa-de-pamplona-se-reune-con-el-presidente-de-la-academia-navarra-de-gastronomia\/","og_site_name":"La Gu\u00eda de Pamplona","article_publisher":"https:\/\/www.facebook.com\/laguiadepamplonacom-133175176762273\/?ref=hl","article_published_time":"2023-11-03T16:31:28+00:00","og_image":[{"width":1200,"height":900,"url":"https:\/\/www.laguiadepamplona.com\/actualidad\/wp-content\/uploads\/2023\/11\/reunion-alcaldesa-presidente-academia-navarra-gastronomia.webp","type":"image\/webp"}],"author":"La Gu\u00eda de Pamplona","twitter_card":"summary_large_image","twitter_creator":"@LaGuiadPamplona","twitter_site":"@LaGuiadPamplona","twitter_misc":{"Escrito por":"La Gu\u00eda de Pamplona","Tiempo de lectura":"1 minuto"},"schema":{"@context":"https:\/\/schema.org","@graph":[{"@type":"Article","@id":"https:\/\/www.laguiadepamplona.com\/actualidad\/la-alcaldesa-de-pamplona-se-reune-con-el-presidente-de-la-academia-navarra-de-gastronomia\/#article","isPartOf":{"@id":"https:\/\/www.laguiadepamplona.com\/actualidad\/la-alcaldesa-de-pamplona-se-reune-con-el-presidente-de-la-academia-navarra-de-gastronomia\/"},"author":{"name":"La Gu\u00eda de Pamplona","@id":"https:\/\/www.laguiadepamplona.com\/actualidad\/#\/schema\/person\/efe887376f0213d4657c93adc50b1fdb"},"headline":"La alcaldesa de Pamplona se re\u00fane con el presidente de la Academia Navarra de Gastronom\u00eda","datePublished":"2023-11-03T16:31:28+00:00","mainEntityOfPage":{"@id":"https:\/\/www.laguiadepamplona.com\/actualidad\/la-alcaldesa-de-pamplona-se-reune-con-el-presidente-de-la-academia-navarra-de-gastronomia\/"},"wordCount":170,"commentCount":0,"publisher":{"@id":"https:\/\/www.laguiadepamplona.com\/actualidad\/#organization"},"image":{"@id":"https:\/\/www.laguiadepamplona.com\/actualidad\/la-alcaldesa-de-pamplona-se-reune-con-el-presidente-de-la-academia-navarra-de-gastronomia\/#primaryimage"},"thumbnailUrl":"https:\/\/www.laguiadepamplona.com\/actualidad\/wp-content\/uploads\/2023\/11\/reunion-alcaldesa-presidente-academia-navarra-gastronomia.webp","articleSection":["Ayto Pamplona"],"inLanguage":"es","potentialAction":[{"@type":"CommentAction","name":"Comment","target":["https:\/\/www.laguiadepamplona.com\/actualidad\/la-alcaldesa-de-pamplona-se-reune-con-el-presidente-de-la-academia-navarra-de-gastronomia\/#respond"]}]},{"@type":"WebPage","@id":"https:\/\/www.laguiadepamplona.com\/actualidad\/la-alcaldesa-de-pamplona-se-reune-con-el-presidente-de-la-academia-navarra-de-gastronomia\/","url":"https:\/\/www.laguiadepamplona.com\/actualidad\/la-alcaldesa-de-pamplona-se-reune-con-el-presidente-de-la-academia-navarra-de-gastronomia\/","name":"La alcaldesa de Pamplona se re\u00fane con el presidente de la Academia Navarra de Gastronom\u00eda","isPartOf":{"@id":"https:\/\/www.laguiadepamplona.com\/actualidad\/#website"},"primaryImageOfPage":{"@id":"https:\/\/www.laguiadepamplona.com\/actualidad\/la-alcaldesa-de-pamplona-se-reune-con-el-presidente-de-la-academia-navarra-de-gastronomia\/#primaryimage"},"image":{"@id":"https:\/\/www.laguiadepamplona.com\/actualidad\/la-alcaldesa-de-pamplona-se-reune-con-el-presidente-de-la-academia-navarra-de-gastronomia\/#primaryimage"},"thumbnailUrl":"https:\/\/www.laguiadepamplona.com\/actualidad\/wp-content\/uploads\/2023\/11\/reunion-alcaldesa-presidente-academia-navarra-gastronomia.webp","datePublished":"2023-11-03T16:31:28+00:00","description":"Al encuentro han asistido tambi\u00e9n la vicepresidenta de la academia, Ana Laguna, y Comercial del Ayuntamiento, Amparo Miqueleiz.","breadcrumb":{"@id":"https:\/\/www.laguiadepamplona.com\/actualidad\/la-alcaldesa-de-pamplona-se-reune-con-el-presidente-de-la-academia-navarra-de-gastronomia\/#breadcrumb"},"inLanguage":"es","potentialAction":[{"@type":"ReadAction","target":["https:\/\/www.laguiadepamplona.com\/actualidad\/la-alcaldesa-de-pamplona-se-reune-con-el-presidente-de-la-academia-navarra-de-gastronomia\/"]}]},{"@type":"ImageObject","inLanguage":"es","@id":"https:\/\/www.laguiadepamplona.com\/actualidad\/la-alcaldesa-de-pamplona-se-reune-con-el-presidente-de-la-academia-navarra-de-gastronomia\/#primaryimage","url":"https:\/\/www.laguiadepamplona.com\/actualidad\/wp-content\/uploads\/2023\/11\/reunion-alcaldesa-presidente-academia-navarra-gastronomia.webp","contentUrl":"https:\/\/www.laguiadepamplona.com\/actualidad\/wp-content\/uploads\/2023\/11\/reunion-alcaldesa-presidente-academia-navarra-gastronomia.webp","width":1200,"height":900,"caption":"reuni\u00f3n alcadesa"},{"@type":"BreadcrumbList","@id":"https:\/\/www.laguiadepamplona.com\/actualidad\/la-alcaldesa-de-pamplona-se-reune-con-el-presidente-de-la-academia-navarra-de-gastronomia\/#breadcrumb","itemListElement":[{"@type":"ListItem","position":1,"name":"Portada","item":"https:\/\/www.laguiadepamplona.com\/actualidad\/"},{"@type":"ListItem","position":2,"name":"La alcaldesa de Pamplona se re\u00fane con el presidente de la Academia Navarra de Gastronom\u00eda"}]},{"@type":"WebSite","@id":"https:\/\/www.laguiadepamplona.com\/actualidad\/#website","url":"https:\/\/www.laguiadepamplona.com\/actualidad\/","name":"La gu\u00eda de Pamplona","description":"Noticias de Pamplona","publisher":{"@id":"https:\/\/www.laguiadepamplona.com\/actualidad\/#organization"},"potentialAction":[{"@type":"SearchAction","target":{"@type":"EntryPoint","urlTemplate":"https:\/\/www.laguiadepamplona.com\/actualidad\/?s={search_term_string}"},"query-input":{"@type":"PropertyValueSpecification","valueRequired":true,"valueName":"search_term_string"}}],"inLanguage":"es"},{"@type":"Organization","@id":"https:\/\/www.laguiadepamplona.com\/actualidad\/#organization","name":"La Gu\u00eda de Pamplona \/ Noticias","url":"https:\/\/www.laguiadepamplona.com\/actualidad\/","logo":{"@type":"ImageObject","inLanguage":"es","@id":"https:\/\/www.laguiadepamplona.com\/actualidad\/#\/schema\/logo\/image\/","url":"https:\/\/www.laguiadepamplona.com\/actualidad\/wp-content\/uploads\/2018\/11\/logo-laguiadepamplona18-web1.png","contentUrl":"https:\/\/www.laguiadepamplona.com\/actualidad\/wp-content\/uploads\/2018\/11\/logo-laguiadepamplona18-web1.png","width":600,"height":196,"caption":"La Gu\u00eda de Pamplona \/ Noticias"},"image":{"@id":"https:\/\/www.laguiadepamplona.com\/actualidad\/#\/schema\/logo\/image\/"},"sameAs":["https:\/\/www.facebook.com\/laguiadepamplonacom-133175176762273\/?ref=hl","https:\/\/x.com\/LaGuiadPamplona","https:\/\/www.instagram.com\/la_guia_de_pamplona\/","https:\/\/www.youtube.com\/user\/laguiadepamplona"]},{"@type":"Person","@id":"https:\/\/www.laguiadepamplona.com\/actualidad\/#\/schema\/person\/efe887376f0213d4657c93adc50b1fdb","name":"La Gu\u00eda de Pamplona","image":{"@type":"ImageObject","inLanguage":"es","@id":"https:\/\/secure.gravatar.com\/avatar\/b6992f131dc8d30ab0dff15446e9d346d9dbd95992de0fef795073f5ea83a81c?s=96&d=mm&r=g","url":"https:\/\/secure.gravatar.com\/avatar\/b6992f131dc8d30ab0dff15446e9d346d9dbd95992de0fef795073f5ea83a81c?s=96&d=mm&r=g","contentUrl":"https:\/\/secure.gravatar.com\/avatar\/b6992f131dc8d30ab0dff15446e9d346d9dbd95992de0fef795073f5ea83a81c?s=96&d=mm&r=g","caption":"La Gu\u00eda de Pamplona"}}]}},"post_mailing_queue_ids":[],"_links":{"self":[{"href":"https:\/\/www.laguiadepamplona.com\/actualidad\/wp-json\/wp\/v2\/posts\/47806","targetHints":{"allow":["GET"]}}],"collection":[{"href":"https:\/\/www.laguiadepamplona.com\/actualidad\/wp-json\/wp\/v2\/posts"}],"about":[{"href":"https:\/\/www.laguiadepamplona.com\/actualidad\/wp-json\/wp\/v2\/types\/post"}],"author":[{"embeddable":true,"href":"https:\/\/www.laguiadepamplona.com\/actualidad\/wp-json\/wp\/v2\/users\/1"}],"replies":[{"embeddable":true,"href":"https:\/\/www.laguiadepamplona.com\/actualidad\/wp-json\/wp\/v2\/comments?post=47806"}],"version-history":[{"count":1,"href":"https:\/\/www.laguiadepamplona.com\/actualidad\/wp-json\/wp\/v2\/posts\/47806\/revisions"}],"predecessor-version":[{"id":47808,"href":"https:\/\/www.laguiadepamplona.com\/actualidad\/wp-json\/wp\/v2\/posts\/47806\/revisions\/47808"}],"wp:featuredmedia":[{"embeddable":true,"href":"https:\/\/www.laguiadepamplona.com\/actualidad\/wp-json\/wp\/v2\/media\/47807"}],"wp:attachment":[{"href":"https:\/\/www.laguiadepamplona.com\/actualidad\/wp-json\/wp\/v2\/media?parent=47806"}],"wp:term":[{"taxonomy":"category","embeddable":true,"href":"https:\/\/www.laguiadepamplona.com\/actualidad\/wp-json\/wp\/v2\/categories?post=47806"},{"taxonomy":"post_tag","embeddable":true,"href":"https:\/\/www.laguiadepamplona.com\/actualidad\/wp-json\/wp\/v2\/tags?post=47806"}],"curies":[{"name":"wp","href":"https:\/\/api.w.org\/{rel}","templated":true}]}}