{"id":47801,"date":"2023-11-03T18:24:36","date_gmt":"2023-11-03T16:24:36","guid":{"rendered":"https:\/\/www.laguiadepamplona.com\/actualidad\/?p=47801"},"modified":"2023-11-03T18:24:36","modified_gmt":"2023-11-03T16:24:36","slug":"san-juan-y-el-ensanche-los-primeros-barrios-que-reciben-este-fin-de-semana-la-exposicion-itinerante-la-agenda-urbana-en-mi-barrio","status":"publish","type":"post","link":"https:\/\/www.laguiadepamplona.com\/actualidad\/san-juan-y-el-ensanche-los-primeros-barrios-que-reciben-este-fin-de-semana-la-exposicion-itinerante-la-agenda-urbana-en-mi-barrio\/","title":{"rendered":"San Juan y el Ensanche, los primeros barrios que reciben este fin de semana la exposici\u00f3n itinerante \u2018La Agenda Urbana en mi barrio\u2019"},"content":{"rendered":"<h3>Pamplona dedica el mes de noviembre a dar a conocer las actividades de la Agenda Urbana de Pamplona 2023 por una ciudad m\u00e1s sostenible e inclusiva<\/h3>\n<p><!--more--><\/p>\n<p>Los barrios de San Juan y el Ensanche son los primeros que reciben este fin de semana la exposici\u00f3n que explica los principales contenidos y valores de la Agenda Urbana de Pamplona 2023. La ciudadan\u00eda tiene a su disposici\u00f3n varios paneles explicativos, reunidos con el t\u00edtulo \u2018La Agenda Urbana en mi barrio\u2019, que indican los principales hitos en la confecci\u00f3n de la Agenda, las cinco claves para alcanzar los objetivos estrat\u00e9gicos y el trabajo colaborativo de Ayuntamiento y agentes locales para avanzar en los 17 Objetivos de Desarrollo Sostenible (ODS) de Naciones Unidas.<br \/>\n<script async src=\"\/\/pagead2.googlesyndication.com\/pagead\/js\/adsbygoogle.js\"><\/script><br \/>\n<!-- Noticias La Guia de Pamplona --><br \/>\n<ins class=\"adsbygoogle\"\nstyle=\"display:block\"\ndata-ad-client=\"ca-pub-6943679897239327\"\ndata-ad-slot=\"7048180777\"\ndata-ad-format=\"auto\"><\/ins><br \/>\n<script>\n(adsbygoogle = window.adsbygoogle || []).push({});\n<\/script><\/p>\n<p>La exposici\u00f3n se concibe como un espacio festivo en el que, adem\u00e1s de mostrar los 57 proyectos estrat\u00e9gicos que desarrollan los ODS en la ciudad, se puede conocer m\u00e1s a trav\u00e9s de los agentes locales y municipales que en cada barrio han contribuido al proyecto. Este viernes, en la plaza Monasterio de Azuelo de San Juan, en horario de 16.30 a 19.30, varios agentes explicar\u00e1n su experiencia y las personas que se acerquen podr\u00e1n obtener un peque\u00f1o obsequio, adem\u00e1s de alguna sorpresa.<\/p>\n<p>El s\u00e1bado la actividad se traslada al Ensanche, al cruce entre las avenidas de Carlos III y Roncesvalles, a la altura del Monumento al Encierro. En este caso, el horario ser\u00e1 de 11 a 14 horas y de 16.30 a 19.30. En caso de lluvia intensa, hay previstos espacios cubiertos alternativos. La siguiente cita ser\u00e1 en Milagrosa, el lunes, y los centros educativos interesados pueden solicitar visitas guiadas, que se celebran en horario de 11 a 14.<br \/>\n<script async src=\"\/\/pagead2.googlesyndication.com\/pagead\/js\/adsbygoogle.js\"><\/script><br \/>\n<!-- Noticias La Guia de Pamplona --><br \/>\n<ins class=\"adsbygoogle\"\nstyle=\"display:block\"\ndata-ad-client=\"ca-pub-6943679897239327\"\ndata-ad-slot=\"7048180777\"\ndata-ad-format=\"auto\"><\/ins><br \/>\n<script>\n(adsbygoogle = window.adsbygoogle || []).push({});\n<\/script><\/p>\n<p><strong>Visitas guiadas<\/strong><\/p>\n<p>Adem\u00e1s de la exposici\u00f3n, este fin de semana acoge las primeras visitas guiadas gratuitas a proyectos estrat\u00e9gicos de la ciudad. Este s\u00e1bado se ofrece un paseo a pie entre el aparcamiento disuasorio de Trinitarios y el colegio Cardenal Ilund\u00e1in, en horario de 11 a 13 horas; y el domingo la propuesta es un recorrido en bicicleta el\u00e9ctrica, de 11 a 14 horas, desde el campus de la Universidad de Navarra hasta el colegio Cardenal Ilund\u00e1in, pasando por Trinitarios y el parque del Runa, entre otros enclaves. Las bicicletas el\u00e9ctricas las facilita la organizaci\u00f3n. Las visitas se reservan en el tel\u00e9fono de Atenci\u00f3n Ciudadana 010.<br \/>\n<script async src=\"\/\/pagead2.googlesyndication.com\/pagead\/js\/adsbygoogle.js\"><\/script><br \/>\n<!-- Noticias La Guia de Pamplona --><br \/>\n<ins class=\"adsbygoogle\"\nstyle=\"display:block\"\ndata-ad-client=\"ca-pub-6943679897239327\"\ndata-ad-slot=\"7048180777\"\ndata-ad-format=\"auto\"><\/ins><br \/>\n<script>\n(adsbygoogle = window.adsbygoogle || []).push({});\n<\/script><\/p>\n<p><strong>Una referencia a largo plazo<\/strong><\/p>\n<p>La Agenda Urbana Pamplona 2030, aprobada en abril de 2021, en una Hoja de Ruta para avanzar hacia un modelo de ciudad que mejore la calidad de vida de toda la ciudadan\u00eda logrando una Pamplona m\u00e1s amable, ecol\u00f3gica, respetuosa con el clima, equitativa, justa, igualitaria, solidaria, inclusiva e innovadora. En la Agenda han participado, adem\u00e1s de la ciudadan\u00eda, m\u00e1s de 100 instituciones sociales y econ\u00f3micas para desarrollar 57 proyectos estrat\u00e9gicos, englobados en 29 objetivos principales que se definen en el marco de 5 grandes dimensiones.<br \/>\n<script async src=\"\/\/pagead2.googlesyndication.com\/pagead\/js\/adsbygoogle.js\"><\/script><br \/>\n<!-- Noticias La Guia de Pamplona --><br \/>\n<ins class=\"adsbygoogle\"\nstyle=\"display:block\"\ndata-ad-client=\"ca-pub-6943679897239327\"\ndata-ad-slot=\"7048180777\"\ndata-ad-format=\"auto\"><\/ins><br \/>\n<script>\n(adsbygoogle = window.adsbygoogle || []).push({});\n<\/script><\/p>\n<p>&nbsp;<\/p>\n<h3>\u2018La Agenda Urbana en mi Barrio\u2019<\/h3>\n<ul>\n<li><span style=\"color: #ff0000;\"><strong>Horario de lunes a viernes de 16.30 a 19.30 y s\u00e1bados, de 11 a 14 horas y de 16.30 a 19.30<\/strong><\/span>\n<ul>\n<li><strong>San Juan<\/strong>: viernes 3 de noviembre, plaza Monasterio de Azuelo<\/li>\n<li><strong>Ensanche<\/strong>: s\u00e1bado 4 de noviembre, avenida Carlos III (a la altura del Monumento al Encierro)<\/li>\n<li><strong>Milagrosa<\/strong>: lunes 6 de noviembre, plaza Alfredo Florist\u00e1n<\/li>\n<li><strong>Buztintxuri<\/strong>: mi\u00e9rcoles 8 de noviembre, plaza de los Gigantes<\/li>\n<li><strong>Rochapea<\/strong>: viernes 10 de noviembre, paseo Anelier<\/li>\n<li><strong>Ermitaga\u00f1a \u2013 Mendebaldea<\/strong>: s\u00e1bado 11 de noviembre, plaza Yamaguchi (frente al Planetario)<\/li>\n<li><strong>Mendillorri<\/strong>: lunes 13 de noviembre, calle Concejo de Sarriguren (junto al Civivox)<\/li>\n<li><strong>Etxabakoitz<\/strong>: mi\u00e9rcoles 15 de noviembre, Mirador de Bara\u00f1\u00e1in (junto al Centro de D\u00eda Pilar Gogorcena)<\/li>\n<li><strong>Lezkairu<\/strong>: viernes 17 de noviembre, plaza Maravillas Lamberto<\/li>\n<li><strong>Iturrama<\/strong>: s\u00e1bado 18 de noviembre, Bulevar de Iturrama (plaza de los Cuadros)<\/li>\n<li><strong>Txantrea<\/strong>: lunes 20 de noviembre, junto a la Biblioteca P\u00fablica (plaza Arriurdi\u00f1eta)<\/li>\n<li><strong>San Jorge<\/strong>: mi\u00e9rcoles 22 de noviembre, paseo Sandua (junto al Civivox)<\/li>\n<li><strong>Azpilaga\u00f1a<\/strong>: viernes 24 de noviembre, plaza de Manuel Turrillas<\/li>\n<li><strong>Casco Viejo<\/strong>: domingo 26 de noviembre, Plaza del Castillo, celebraci\u00f3n del evento \u2018Gracias 2030\u2019, en horario de 10.30 a 14.30<\/li>\n<\/ul>\n<\/li>\n<\/ul>\n<p>&nbsp;<\/p>\n<ul>\n<li><span style=\"color: #ff0000;\"><strong>Visitas guiadas gratuitas (reservas en el tel\u00e9fono 010)<\/strong><\/span>:\n<ul>\n<li>A pie por la Agenda 2030: 4 y 17 de noviembre<\/li>\n<li>En bici el\u00e9ctrica por la Agenda 2030: 5, 19 y 25 de noviembre (las bicicletas el\u00e9ctricas las facilita la organizaci\u00f3n)<\/li>\n<li>Jardines de lluvia: 9 y 18 de noviembre<\/li>\n<li>Corredor fluvial de Aranzadi: viernes 10 de noviembre<\/li>\n<li>Ciclo de residuos urbanos: 11 de noviembre<\/li>\n<li>Ciclo del CO2: 12 y 23 de noviembre<\/li>\n<li>Regeneraci\u00f3n energ\u00e9tica de barrios: viernes 24 de noviembre<\/li>\n<\/ul>\n<\/li>\n<\/ul>\n<p>&nbsp;<\/p>\n<ul>\n<li><strong>M\u00e1s informaci\u00f3n en la <a href=\"https:\/\/www.pamplona2030.es\/\" target=\"_blank\" rel=\"noopener\">web Pamplona 2030<\/a><\/strong><\/li>\n<\/ul>\n","protected":false},"excerpt":{"rendered":"<p>Pamplona dedica el mes de noviembre a dar a conocer las actividades de la Agenda Urbana de Pamplona 2023 por una ciudad m\u00e1s sostenible e inclusiva<\/p>\n","protected":false},"author":1,"featured_media":47802,"comment_status":"open","ping_status":"closed","sticky":false,"template":"","format":"standard","meta":{"footnotes":""},"categories":[2],"tags":[],"class_list":["post-47801","post","type-post","status-publish","format-standard","has-post-thumbnail","hentry","category-ayuntamiento-pamplona"],"yoast_head":"<!-- This site is optimized with the Yoast SEO plugin v27.3 - https:\/\/yoast.com\/product\/yoast-seo-wordpress\/ -->\n<title>San Juan y el Ensanche, los primeros barrios que reciben este fin de semana la exposici\u00f3n itinerante \u2018La Agenda Urbana en mi barrio\u2019<\/title>\n<meta name=\"description\" content=\"Pamplona dedica el mes de noviembre a dar a conocer las actividades de la Agenda Urbana de Pamplona 2023 por una ciudad m\u00e1s sostenible e inclusiva\u00a0\" \/>\n<meta name=\"robots\" content=\"index, follow, max-snippet:-1, max-image-preview:large, max-video-preview:-1\" \/>\n<link rel=\"canonical\" href=\"https:\/\/www.laguiadepamplona.com\/actualidad\/san-juan-y-el-ensanche-los-primeros-barrios-que-reciben-este-fin-de-semana-la-exposicion-itinerante-la-agenda-urbana-en-mi-barrio\/\" \/>\n<meta property=\"og:locale\" content=\"es_ES\" \/>\n<meta property=\"og:type\" content=\"article\" \/>\n<meta property=\"og:title\" content=\"San Juan y el Ensanche, los primeros barrios que reciben este fin de semana la exposici\u00f3n itinerante \u2018La Agenda Urbana en mi barrio\u2019\" \/>\n<meta property=\"og:description\" content=\"Pamplona dedica el mes de noviembre a dar a conocer las actividades de la Agenda Urbana de Pamplona 2023 por una ciudad m\u00e1s sostenible e inclusiva\u00a0\" \/>\n<meta property=\"og:url\" content=\"https:\/\/www.laguiadepamplona.com\/actualidad\/san-juan-y-el-ensanche-los-primeros-barrios-que-reciben-este-fin-de-semana-la-exposicion-itinerante-la-agenda-urbana-en-mi-barrio\/\" \/>\n<meta property=\"og:site_name\" content=\"La Gu\u00eda de Pamplona\" \/>\n<meta property=\"article:publisher\" content=\"https:\/\/www.facebook.com\/laguiadepamplonacom-133175176762273\/?ref=hl\" \/>\n<meta property=\"article:published_time\" content=\"2023-11-03T16:24:36+00:00\" \/>\n<meta property=\"og:image\" content=\"https:\/\/www.laguiadepamplona.com\/actualidad\/wp-content\/uploads\/2023\/11\/foto-agenda-2030.webp\" \/>\n\t<meta property=\"og:image:width\" content=\"1200\" \/>\n\t<meta property=\"og:image:height\" content=\"643\" \/>\n\t<meta property=\"og:image:type\" content=\"image\/webp\" \/>\n<meta name=\"author\" content=\"La Gu\u00eda de Pamplona\" \/>\n<meta name=\"twitter:card\" content=\"summary_large_image\" \/>\n<meta name=\"twitter:creator\" content=\"@LaGuiadPamplona\" \/>\n<meta name=\"twitter:site\" content=\"@LaGuiadPamplona\" \/>\n<meta name=\"twitter:label1\" content=\"Escrito por\" \/>\n\t<meta name=\"twitter:data1\" content=\"La Gu\u00eda de Pamplona\" \/>\n\t<meta name=\"twitter:label2\" content=\"Tiempo de lectura\" \/>\n\t<meta name=\"twitter:data2\" content=\"4 minutos\" \/>\n<script type=\"application\/ld+json\" class=\"yoast-schema-graph\">{\"@context\":\"https:\\\/\\\/schema.org\",\"@graph\":[{\"@type\":\"Article\",\"@id\":\"https:\\\/\\\/www.laguiadepamplona.com\\\/actualidad\\\/san-juan-y-el-ensanche-los-primeros-barrios-que-reciben-este-fin-de-semana-la-exposicion-itinerante-la-agenda-urbana-en-mi-barrio\\\/#article\",\"isPartOf\":{\"@id\":\"https:\\\/\\\/www.laguiadepamplona.com\\\/actualidad\\\/san-juan-y-el-ensanche-los-primeros-barrios-que-reciben-este-fin-de-semana-la-exposicion-itinerante-la-agenda-urbana-en-mi-barrio\\\/\"},\"author\":{\"name\":\"La Gu\u00eda de Pamplona\",\"@id\":\"https:\\\/\\\/www.laguiadepamplona.com\\\/actualidad\\\/#\\\/schema\\\/person\\\/efe887376f0213d4657c93adc50b1fdb\"},\"headline\":\"San Juan y el Ensanche, los primeros barrios que reciben este fin de semana la exposici\u00f3n itinerante \u2018La Agenda Urbana en mi barrio\u2019\",\"datePublished\":\"2023-11-03T16:24:36+00:00\",\"mainEntityOfPage\":{\"@id\":\"https:\\\/\\\/www.laguiadepamplona.com\\\/actualidad\\\/san-juan-y-el-ensanche-los-primeros-barrios-que-reciben-este-fin-de-semana-la-exposicion-itinerante-la-agenda-urbana-en-mi-barrio\\\/\"},\"wordCount\":769,\"commentCount\":0,\"publisher\":{\"@id\":\"https:\\\/\\\/www.laguiadepamplona.com\\\/actualidad\\\/#organization\"},\"image\":{\"@id\":\"https:\\\/\\\/www.laguiadepamplona.com\\\/actualidad\\\/san-juan-y-el-ensanche-los-primeros-barrios-que-reciben-este-fin-de-semana-la-exposicion-itinerante-la-agenda-urbana-en-mi-barrio\\\/#primaryimage\"},\"thumbnailUrl\":\"https:\\\/\\\/www.laguiadepamplona.com\\\/actualidad\\\/wp-content\\\/uploads\\\/2023\\\/11\\\/foto-agenda-2030.webp\",\"articleSection\":[\"Ayto Pamplona\"],\"inLanguage\":\"es\",\"potentialAction\":[{\"@type\":\"CommentAction\",\"name\":\"Comment\",\"target\":[\"https:\\\/\\\/www.laguiadepamplona.com\\\/actualidad\\\/san-juan-y-el-ensanche-los-primeros-barrios-que-reciben-este-fin-de-semana-la-exposicion-itinerante-la-agenda-urbana-en-mi-barrio\\\/#respond\"]}]},{\"@type\":\"WebPage\",\"@id\":\"https:\\\/\\\/www.laguiadepamplona.com\\\/actualidad\\\/san-juan-y-el-ensanche-los-primeros-barrios-que-reciben-este-fin-de-semana-la-exposicion-itinerante-la-agenda-urbana-en-mi-barrio\\\/\",\"url\":\"https:\\\/\\\/www.laguiadepamplona.com\\\/actualidad\\\/san-juan-y-el-ensanche-los-primeros-barrios-que-reciben-este-fin-de-semana-la-exposicion-itinerante-la-agenda-urbana-en-mi-barrio\\\/\",\"name\":\"San Juan y el Ensanche, los primeros barrios que reciben este fin de semana la exposici\u00f3n itinerante \u2018La Agenda Urbana en mi barrio\u2019\",\"isPartOf\":{\"@id\":\"https:\\\/\\\/www.laguiadepamplona.com\\\/actualidad\\\/#website\"},\"primaryImageOfPage\":{\"@id\":\"https:\\\/\\\/www.laguiadepamplona.com\\\/actualidad\\\/san-juan-y-el-ensanche-los-primeros-barrios-que-reciben-este-fin-de-semana-la-exposicion-itinerante-la-agenda-urbana-en-mi-barrio\\\/#primaryimage\"},\"image\":{\"@id\":\"https:\\\/\\\/www.laguiadepamplona.com\\\/actualidad\\\/san-juan-y-el-ensanche-los-primeros-barrios-que-reciben-este-fin-de-semana-la-exposicion-itinerante-la-agenda-urbana-en-mi-barrio\\\/#primaryimage\"},\"thumbnailUrl\":\"https:\\\/\\\/www.laguiadepamplona.com\\\/actualidad\\\/wp-content\\\/uploads\\\/2023\\\/11\\\/foto-agenda-2030.webp\",\"datePublished\":\"2023-11-03T16:24:36+00:00\",\"description\":\"Pamplona dedica el mes de noviembre a dar a conocer las actividades de la Agenda Urbana de Pamplona 2023 por una ciudad m\u00e1s sostenible e inclusiva\u00a0\",\"breadcrumb\":{\"@id\":\"https:\\\/\\\/www.laguiadepamplona.com\\\/actualidad\\\/san-juan-y-el-ensanche-los-primeros-barrios-que-reciben-este-fin-de-semana-la-exposicion-itinerante-la-agenda-urbana-en-mi-barrio\\\/#breadcrumb\"},\"inLanguage\":\"es\",\"potentialAction\":[{\"@type\":\"ReadAction\",\"target\":[\"https:\\\/\\\/www.laguiadepamplona.com\\\/actualidad\\\/san-juan-y-el-ensanche-los-primeros-barrios-que-reciben-este-fin-de-semana-la-exposicion-itinerante-la-agenda-urbana-en-mi-barrio\\\/\"]}]},{\"@type\":\"ImageObject\",\"inLanguage\":\"es\",\"@id\":\"https:\\\/\\\/www.laguiadepamplona.com\\\/actualidad\\\/san-juan-y-el-ensanche-los-primeros-barrios-que-reciben-este-fin-de-semana-la-exposicion-itinerante-la-agenda-urbana-en-mi-barrio\\\/#primaryimage\",\"url\":\"https:\\\/\\\/www.laguiadepamplona.com\\\/actualidad\\\/wp-content\\\/uploads\\\/2023\\\/11\\\/foto-agenda-2030.webp\",\"contentUrl\":\"https:\\\/\\\/www.laguiadepamplona.com\\\/actualidad\\\/wp-content\\\/uploads\\\/2023\\\/11\\\/foto-agenda-2030.webp\",\"width\":1200,\"height\":643,\"caption\":\"agenda 2030\"},{\"@type\":\"BreadcrumbList\",\"@id\":\"https:\\\/\\\/www.laguiadepamplona.com\\\/actualidad\\\/san-juan-y-el-ensanche-los-primeros-barrios-que-reciben-este-fin-de-semana-la-exposicion-itinerante-la-agenda-urbana-en-mi-barrio\\\/#breadcrumb\",\"itemListElement\":[{\"@type\":\"ListItem\",\"position\":1,\"name\":\"Portada\",\"item\":\"https:\\\/\\\/www.laguiadepamplona.com\\\/actualidad\\\/\"},{\"@type\":\"ListItem\",\"position\":2,\"name\":\"San Juan y el Ensanche, los primeros barrios que reciben este fin de semana la exposici\u00f3n itinerante \u2018La Agenda Urbana en mi barrio\u2019\"}]},{\"@type\":\"WebSite\",\"@id\":\"https:\\\/\\\/www.laguiadepamplona.com\\\/actualidad\\\/#website\",\"url\":\"https:\\\/\\\/www.laguiadepamplona.com\\\/actualidad\\\/\",\"name\":\"La gu\u00eda de Pamplona\",\"description\":\"Noticias de Pamplona\",\"publisher\":{\"@id\":\"https:\\\/\\\/www.laguiadepamplona.com\\\/actualidad\\\/#organization\"},\"potentialAction\":[{\"@type\":\"SearchAction\",\"target\":{\"@type\":\"EntryPoint\",\"urlTemplate\":\"https:\\\/\\\/www.laguiadepamplona.com\\\/actualidad\\\/?s={search_term_string}\"},\"query-input\":{\"@type\":\"PropertyValueSpecification\",\"valueRequired\":true,\"valueName\":\"search_term_string\"}}],\"inLanguage\":\"es\"},{\"@type\":\"Organization\",\"@id\":\"https:\\\/\\\/www.laguiadepamplona.com\\\/actualidad\\\/#organization\",\"name\":\"La Gu\u00eda de Pamplona \\\/ Noticias\",\"url\":\"https:\\\/\\\/www.laguiadepamplona.com\\\/actualidad\\\/\",\"logo\":{\"@type\":\"ImageObject\",\"inLanguage\":\"es\",\"@id\":\"https:\\\/\\\/www.laguiadepamplona.com\\\/actualidad\\\/#\\\/schema\\\/logo\\\/image\\\/\",\"url\":\"https:\\\/\\\/www.laguiadepamplona.com\\\/actualidad\\\/wp-content\\\/uploads\\\/2018\\\/11\\\/logo-laguiadepamplona18-web1.png\",\"contentUrl\":\"https:\\\/\\\/www.laguiadepamplona.com\\\/actualidad\\\/wp-content\\\/uploads\\\/2018\\\/11\\\/logo-laguiadepamplona18-web1.png\",\"width\":600,\"height\":196,\"caption\":\"La Gu\u00eda de Pamplona \\\/ Noticias\"},\"image\":{\"@id\":\"https:\\\/\\\/www.laguiadepamplona.com\\\/actualidad\\\/#\\\/schema\\\/logo\\\/image\\\/\"},\"sameAs\":[\"https:\\\/\\\/www.facebook.com\\\/laguiadepamplonacom-133175176762273\\\/?ref=hl\",\"https:\\\/\\\/x.com\\\/LaGuiadPamplona\",\"https:\\\/\\\/www.instagram.com\\\/la_guia_de_pamplona\\\/\",\"https:\\\/\\\/www.youtube.com\\\/user\\\/laguiadepamplona\"]},{\"@type\":\"Person\",\"@id\":\"https:\\\/\\\/www.laguiadepamplona.com\\\/actualidad\\\/#\\\/schema\\\/person\\\/efe887376f0213d4657c93adc50b1fdb\",\"name\":\"La Gu\u00eda de Pamplona\",\"image\":{\"@type\":\"ImageObject\",\"inLanguage\":\"es\",\"@id\":\"https:\\\/\\\/secure.gravatar.com\\\/avatar\\\/b6992f131dc8d30ab0dff15446e9d346d9dbd95992de0fef795073f5ea83a81c?s=96&d=mm&r=g\",\"url\":\"https:\\\/\\\/secure.gravatar.com\\\/avatar\\\/b6992f131dc8d30ab0dff15446e9d346d9dbd95992de0fef795073f5ea83a81c?s=96&d=mm&r=g\",\"contentUrl\":\"https:\\\/\\\/secure.gravatar.com\\\/avatar\\\/b6992f131dc8d30ab0dff15446e9d346d9dbd95992de0fef795073f5ea83a81c?s=96&d=mm&r=g\",\"caption\":\"La Gu\u00eda de Pamplona\"}}]}<\/script>\n<!-- \/ Yoast SEO plugin. -->","yoast_head_json":{"title":"San Juan y el Ensanche, los primeros barrios que reciben este fin de semana la exposici\u00f3n itinerante \u2018La Agenda Urbana en mi barrio\u2019","description":"Pamplona dedica el mes de noviembre a dar a conocer las actividades de la Agenda Urbana de Pamplona 2023 por una ciudad m\u00e1s sostenible e inclusiva\u00a0","robots":{"index":"index","follow":"follow","max-snippet":"max-snippet:-1","max-image-preview":"max-image-preview:large","max-video-preview":"max-video-preview:-1"},"canonical":"https:\/\/www.laguiadepamplona.com\/actualidad\/san-juan-y-el-ensanche-los-primeros-barrios-que-reciben-este-fin-de-semana-la-exposicion-itinerante-la-agenda-urbana-en-mi-barrio\/","og_locale":"es_ES","og_type":"article","og_title":"San Juan y el Ensanche, los primeros barrios que reciben este fin de semana la exposici\u00f3n itinerante \u2018La Agenda Urbana en mi barrio\u2019","og_description":"Pamplona dedica el mes de noviembre a dar a conocer las actividades de la Agenda Urbana de Pamplona 2023 por una ciudad m\u00e1s sostenible e inclusiva\u00a0","og_url":"https:\/\/www.laguiadepamplona.com\/actualidad\/san-juan-y-el-ensanche-los-primeros-barrios-que-reciben-este-fin-de-semana-la-exposicion-itinerante-la-agenda-urbana-en-mi-barrio\/","og_site_name":"La Gu\u00eda de Pamplona","article_publisher":"https:\/\/www.facebook.com\/laguiadepamplonacom-133175176762273\/?ref=hl","article_published_time":"2023-11-03T16:24:36+00:00","og_image":[{"width":1200,"height":643,"url":"https:\/\/www.laguiadepamplona.com\/actualidad\/wp-content\/uploads\/2023\/11\/foto-agenda-2030.webp","type":"image\/webp"}],"author":"La Gu\u00eda de Pamplona","twitter_card":"summary_large_image","twitter_creator":"@LaGuiadPamplona","twitter_site":"@LaGuiadPamplona","twitter_misc":{"Escrito por":"La Gu\u00eda de Pamplona","Tiempo de lectura":"4 minutos"},"schema":{"@context":"https:\/\/schema.org","@graph":[{"@type":"Article","@id":"https:\/\/www.laguiadepamplona.com\/actualidad\/san-juan-y-el-ensanche-los-primeros-barrios-que-reciben-este-fin-de-semana-la-exposicion-itinerante-la-agenda-urbana-en-mi-barrio\/#article","isPartOf":{"@id":"https:\/\/www.laguiadepamplona.com\/actualidad\/san-juan-y-el-ensanche-los-primeros-barrios-que-reciben-este-fin-de-semana-la-exposicion-itinerante-la-agenda-urbana-en-mi-barrio\/"},"author":{"name":"La Gu\u00eda de Pamplona","@id":"https:\/\/www.laguiadepamplona.com\/actualidad\/#\/schema\/person\/efe887376f0213d4657c93adc50b1fdb"},"headline":"San Juan y el Ensanche, los primeros barrios que reciben este fin de semana la exposici\u00f3n itinerante \u2018La Agenda Urbana en mi barrio\u2019","datePublished":"2023-11-03T16:24:36+00:00","mainEntityOfPage":{"@id":"https:\/\/www.laguiadepamplona.com\/actualidad\/san-juan-y-el-ensanche-los-primeros-barrios-que-reciben-este-fin-de-semana-la-exposicion-itinerante-la-agenda-urbana-en-mi-barrio\/"},"wordCount":769,"commentCount":0,"publisher":{"@id":"https:\/\/www.laguiadepamplona.com\/actualidad\/#organization"},"image":{"@id":"https:\/\/www.laguiadepamplona.com\/actualidad\/san-juan-y-el-ensanche-los-primeros-barrios-que-reciben-este-fin-de-semana-la-exposicion-itinerante-la-agenda-urbana-en-mi-barrio\/#primaryimage"},"thumbnailUrl":"https:\/\/www.laguiadepamplona.com\/actualidad\/wp-content\/uploads\/2023\/11\/foto-agenda-2030.webp","articleSection":["Ayto Pamplona"],"inLanguage":"es","potentialAction":[{"@type":"CommentAction","name":"Comment","target":["https:\/\/www.laguiadepamplona.com\/actualidad\/san-juan-y-el-ensanche-los-primeros-barrios-que-reciben-este-fin-de-semana-la-exposicion-itinerante-la-agenda-urbana-en-mi-barrio\/#respond"]}]},{"@type":"WebPage","@id":"https:\/\/www.laguiadepamplona.com\/actualidad\/san-juan-y-el-ensanche-los-primeros-barrios-que-reciben-este-fin-de-semana-la-exposicion-itinerante-la-agenda-urbana-en-mi-barrio\/","url":"https:\/\/www.laguiadepamplona.com\/actualidad\/san-juan-y-el-ensanche-los-primeros-barrios-que-reciben-este-fin-de-semana-la-exposicion-itinerante-la-agenda-urbana-en-mi-barrio\/","name":"San Juan y el Ensanche, los primeros barrios que reciben este fin de semana la exposici\u00f3n itinerante \u2018La Agenda Urbana en mi barrio\u2019","isPartOf":{"@id":"https:\/\/www.laguiadepamplona.com\/actualidad\/#website"},"primaryImageOfPage":{"@id":"https:\/\/www.laguiadepamplona.com\/actualidad\/san-juan-y-el-ensanche-los-primeros-barrios-que-reciben-este-fin-de-semana-la-exposicion-itinerante-la-agenda-urbana-en-mi-barrio\/#primaryimage"},"image":{"@id":"https:\/\/www.laguiadepamplona.com\/actualidad\/san-juan-y-el-ensanche-los-primeros-barrios-que-reciben-este-fin-de-semana-la-exposicion-itinerante-la-agenda-urbana-en-mi-barrio\/#primaryimage"},"thumbnailUrl":"https:\/\/www.laguiadepamplona.com\/actualidad\/wp-content\/uploads\/2023\/11\/foto-agenda-2030.webp","datePublished":"2023-11-03T16:24:36+00:00","description":"Pamplona dedica el mes de noviembre a dar a conocer las actividades de la Agenda Urbana de Pamplona 2023 por una ciudad m\u00e1s sostenible e inclusiva\u00a0","breadcrumb":{"@id":"https:\/\/www.laguiadepamplona.com\/actualidad\/san-juan-y-el-ensanche-los-primeros-barrios-que-reciben-este-fin-de-semana-la-exposicion-itinerante-la-agenda-urbana-en-mi-barrio\/#breadcrumb"},"inLanguage":"es","potentialAction":[{"@type":"ReadAction","target":["https:\/\/www.laguiadepamplona.com\/actualidad\/san-juan-y-el-ensanche-los-primeros-barrios-que-reciben-este-fin-de-semana-la-exposicion-itinerante-la-agenda-urbana-en-mi-barrio\/"]}]},{"@type":"ImageObject","inLanguage":"es","@id":"https:\/\/www.laguiadepamplona.com\/actualidad\/san-juan-y-el-ensanche-los-primeros-barrios-que-reciben-este-fin-de-semana-la-exposicion-itinerante-la-agenda-urbana-en-mi-barrio\/#primaryimage","url":"https:\/\/www.laguiadepamplona.com\/actualidad\/wp-content\/uploads\/2023\/11\/foto-agenda-2030.webp","contentUrl":"https:\/\/www.laguiadepamplona.com\/actualidad\/wp-content\/uploads\/2023\/11\/foto-agenda-2030.webp","width":1200,"height":643,"caption":"agenda 2030"},{"@type":"BreadcrumbList","@id":"https:\/\/www.laguiadepamplona.com\/actualidad\/san-juan-y-el-ensanche-los-primeros-barrios-que-reciben-este-fin-de-semana-la-exposicion-itinerante-la-agenda-urbana-en-mi-barrio\/#breadcrumb","itemListElement":[{"@type":"ListItem","position":1,"name":"Portada","item":"https:\/\/www.laguiadepamplona.com\/actualidad\/"},{"@type":"ListItem","position":2,"name":"San Juan y el Ensanche, los primeros barrios que reciben este fin de semana la exposici\u00f3n itinerante \u2018La Agenda Urbana en mi barrio\u2019"}]},{"@type":"WebSite","@id":"https:\/\/www.laguiadepamplona.com\/actualidad\/#website","url":"https:\/\/www.laguiadepamplona.com\/actualidad\/","name":"La gu\u00eda de Pamplona","description":"Noticias de Pamplona","publisher":{"@id":"https:\/\/www.laguiadepamplona.com\/actualidad\/#organization"},"potentialAction":[{"@type":"SearchAction","target":{"@type":"EntryPoint","urlTemplate":"https:\/\/www.laguiadepamplona.com\/actualidad\/?s={search_term_string}"},"query-input":{"@type":"PropertyValueSpecification","valueRequired":true,"valueName":"search_term_string"}}],"inLanguage":"es"},{"@type":"Organization","@id":"https:\/\/www.laguiadepamplona.com\/actualidad\/#organization","name":"La Gu\u00eda de Pamplona \/ Noticias","url":"https:\/\/www.laguiadepamplona.com\/actualidad\/","logo":{"@type":"ImageObject","inLanguage":"es","@id":"https:\/\/www.laguiadepamplona.com\/actualidad\/#\/schema\/logo\/image\/","url":"https:\/\/www.laguiadepamplona.com\/actualidad\/wp-content\/uploads\/2018\/11\/logo-laguiadepamplona18-web1.png","contentUrl":"https:\/\/www.laguiadepamplona.com\/actualidad\/wp-content\/uploads\/2018\/11\/logo-laguiadepamplona18-web1.png","width":600,"height":196,"caption":"La Gu\u00eda de Pamplona \/ Noticias"},"image":{"@id":"https:\/\/www.laguiadepamplona.com\/actualidad\/#\/schema\/logo\/image\/"},"sameAs":["https:\/\/www.facebook.com\/laguiadepamplonacom-133175176762273\/?ref=hl","https:\/\/x.com\/LaGuiadPamplona","https:\/\/www.instagram.com\/la_guia_de_pamplona\/","https:\/\/www.youtube.com\/user\/laguiadepamplona"]},{"@type":"Person","@id":"https:\/\/www.laguiadepamplona.com\/actualidad\/#\/schema\/person\/efe887376f0213d4657c93adc50b1fdb","name":"La Gu\u00eda de Pamplona","image":{"@type":"ImageObject","inLanguage":"es","@id":"https:\/\/secure.gravatar.com\/avatar\/b6992f131dc8d30ab0dff15446e9d346d9dbd95992de0fef795073f5ea83a81c?s=96&d=mm&r=g","url":"https:\/\/secure.gravatar.com\/avatar\/b6992f131dc8d30ab0dff15446e9d346d9dbd95992de0fef795073f5ea83a81c?s=96&d=mm&r=g","contentUrl":"https:\/\/secure.gravatar.com\/avatar\/b6992f131dc8d30ab0dff15446e9d346d9dbd95992de0fef795073f5ea83a81c?s=96&d=mm&r=g","caption":"La Gu\u00eda de Pamplona"}}]}},"post_mailing_queue_ids":[],"_links":{"self":[{"href":"https:\/\/www.laguiadepamplona.com\/actualidad\/wp-json\/wp\/v2\/posts\/47801","targetHints":{"allow":["GET"]}}],"collection":[{"href":"https:\/\/www.laguiadepamplona.com\/actualidad\/wp-json\/wp\/v2\/posts"}],"about":[{"href":"https:\/\/www.laguiadepamplona.com\/actualidad\/wp-json\/wp\/v2\/types\/post"}],"author":[{"embeddable":true,"href":"https:\/\/www.laguiadepamplona.com\/actualidad\/wp-json\/wp\/v2\/users\/1"}],"replies":[{"embeddable":true,"href":"https:\/\/www.laguiadepamplona.com\/actualidad\/wp-json\/wp\/v2\/comments?post=47801"}],"version-history":[{"count":1,"href":"https:\/\/www.laguiadepamplona.com\/actualidad\/wp-json\/wp\/v2\/posts\/47801\/revisions"}],"predecessor-version":[{"id":47803,"href":"https:\/\/www.laguiadepamplona.com\/actualidad\/wp-json\/wp\/v2\/posts\/47801\/revisions\/47803"}],"wp:featuredmedia":[{"embeddable":true,"href":"https:\/\/www.laguiadepamplona.com\/actualidad\/wp-json\/wp\/v2\/media\/47802"}],"wp:attachment":[{"href":"https:\/\/www.laguiadepamplona.com\/actualidad\/wp-json\/wp\/v2\/media?parent=47801"}],"wp:term":[{"taxonomy":"category","embeddable":true,"href":"https:\/\/www.laguiadepamplona.com\/actualidad\/wp-json\/wp\/v2\/categories?post=47801"},{"taxonomy":"post_tag","embeddable":true,"href":"https:\/\/www.laguiadepamplona.com\/actualidad\/wp-json\/wp\/v2\/tags?post=47801"}],"curies":[{"name":"wp","href":"https:\/\/api.w.org\/{rel}","templated":true}]}}