{"id":47798,"date":"2023-11-03T14:12:19","date_gmt":"2023-11-03T12:12:19","guid":{"rendered":"https:\/\/www.laguiadepamplona.com\/actualidad\/?p=47798"},"modified":"2023-11-03T14:12:19","modified_gmt":"2023-11-03T12:12:19","slug":"mas-de-3-800-personas-han-visitado-la-exposicion-conmemorativa-de-los-600-anos-del-privilegio-de-la-union-que-esta-abierta-hasta-el-30-de-noviembre-en-condestable","status":"publish","type":"post","link":"https:\/\/www.laguiadepamplona.com\/actualidad\/mas-de-3-800-personas-han-visitado-la-exposicion-conmemorativa-de-los-600-anos-del-privilegio-de-la-union-que-esta-abierta-hasta-el-30-de-noviembre-en-condestable\/","title":{"rendered":"M\u00e1s de 3.800 personas han visitado la exposici\u00f3n conmemorativa de los 600 a\u00f1os del Privilegio de la Uni\u00f3n, que est\u00e1 abierta hasta el 30 de noviembre en Condestable"},"content":{"rendered":"<h3>Las visitas guiadas gratuitas a la muestra \u2018A vida de paz et concordia\u2019, cuyo cat\u00e1logo est\u00e1 ya a la venta, se pueden reservar en el tel\u00e9fono 010<\/h3>\n<p><!--more--><\/p>\n<p>M\u00e1s de 3.800 personas han visitado ya la exposici\u00f3n \u2018A vida de paz et concordia\u2019, que recoge los 600 a\u00f1os de la firma del Privilegio de la Uni\u00f3n. La Sala G\u00f3tica del Palacio del Condestable expone 36 piezas de distinta naturaleza (pergaminos, sellos, paneles), pertenecientes al Archivo Municipal o a la Casa Consistorial, adem\u00e1s de un pergamino del Archivo de la Catedral de Pamplona, en un recorrido a trav\u00e9s de once vitrinas ilustradas con paneles gr\u00e1ficos. La muestra est\u00e1 abierta a toda la ciudadan\u00eda hasta el 30 de noviembre.<\/p>\n<p>La exposici\u00f3n se puede visitar libremente, en horario de lunes a domingo, de 10.00 a 13.30 horas y de 17.00 a 20.00 horas. Adem\u00e1s, el Ayuntamiento ofrece visitas guiadas gratuitas los fines de semana de noviembre, previa inscripci\u00f3n en el tel\u00e9fono de Atenci\u00f3n Ciudadana 010. Las visitas tienen una duraci\u00f3n estimada de una hora y se realizan en grupos de 20 personas como m\u00e1ximo. Este s\u00e1bado, se puede reservar una visita en euskera a las 12 horas, que se une a las ya programadas en castellano los s\u00e1bados, a las 18.00, y los domingos, a las 12.00. El \u00faltimo d\u00eda de la exposici\u00f3n, el jueves 30 de noviembre, est\u00e1 prevista una visita guiada a las 12 horas.<br \/>\n<script async src=\"\/\/pagead2.googlesyndication.com\/pagead\/js\/adsbygoogle.js\"><\/script><br \/>\n<!-- Noticias La Guia de Pamplona --><br \/>\n<ins class=\"adsbygoogle\"\nstyle=\"display:block\"\ndata-ad-client=\"ca-pub-6943679897239327\"\ndata-ad-slot=\"7048180777\"\ndata-ad-format=\"auto\"><\/ins><br \/>\n<script>\n(adsbygoogle = window.adsbygoogle || []).push({});\n<\/script><\/p>\n<p>Hasta el momento, se han realizado 11 visitas guiadas a las que han asistido un total de 219 personas. Todas ellas han conocido la trascendencia del Privilegio de la Uni\u00f3n como instrumento de pacificaci\u00f3n y unificaci\u00f3n de las tres poblaciones de la ciudad, lo que supuso el nacimiento de la ciudad moderna de Pamplona. De hecho, el elemento m\u00e1s destacado de la muestra es el propio Privilegio de la Uni\u00f3n, en torno al cual gira toda la exposici\u00f3n.<\/p>\n<p>El cat\u00e1logo de esta muestra est\u00e1 ya disponible, al precio de 6 euros, en Civivox Condestable, donde se puede adquirir en efectivo, y en la segunda planta de Casa Marceliano, donde adem\u00e1s se puede pagar con tarjeta. El cat\u00e1logo cuenta con m\u00e1s de 100 p\u00e1ginas que reproducen, a todo color y en edici\u00f3n biling\u00fce, los elementos m\u00e1s representativos de la exposici\u00f3n, de notable valor hist\u00f3rico y testimonial.<\/p>\n<p>El sexto centenario del Privilegio de la Uni\u00f3n se ha celebrado a trav\u00e9s de numerosos actos por toda la ciudad y a\u00fan tiene pendiente una celebraci\u00f3n este s\u00e1bado, en torno a la m\u00fasica: La Pamplonesa realiza un concierto extraordinario basado en composiciones encargadas por el Ayuntamiento de Pamplona, entre ellas, la marcha Unida por el Privilegio, de Sa\u00fcl G\u00f3mez Soler, y el estreno absoluto de Privillegio Et Union, de J. Rafael Pascual-Vilaplana, en la que participa el Orfe\u00f3n Pamplon\u00e9s.<br \/>\n<script async src=\"\/\/pagead2.googlesyndication.com\/pagead\/js\/adsbygoogle.js\"><\/script><br \/>\n<!-- Noticias La Guia de Pamplona --><br \/>\n<ins class=\"adsbygoogle\"\nstyle=\"display:block\"\ndata-ad-client=\"ca-pub-6943679897239327\"\ndata-ad-slot=\"7048180777\"\ndata-ad-format=\"auto\"><\/ins><br \/>\n<script>\n(adsbygoogle = window.adsbygoogle || []).push({});\n<\/script><\/p>\n<p>&nbsp;<\/p>\n<h3>600 a\u00f1os del Privilegio de la Uni\u00f3n<\/h3>\n<ul>\n<li>Exposici\u00f3n \u2018A vida de paz et concordia\u2019\n<ul>\n<li>Hasta el 30 de noviembre<\/li>\n<li>Horario: de lunes a domingo, de 10.00 a 13.30 horas y de 17.00 a 20.00 horas<\/li>\n<\/ul>\n<\/li>\n<li>Visitas guiadas gratuitas (reservas en el tel\u00e9fono 010)\n<ul>\n<li>S\u00e1bado 4 de noviembre: a las 12 horas (en euskera)<\/li>\n<li>S\u00e1bados 4, 11, 18 y 25: a las 18.00 horas<\/li>\n<li>Domingos 5, 12, 19 y 26: a las 12.00 horas<\/li>\n<li>Jueves 30 de noviembre (\u00faltimo d\u00eda): a las 12 horas<\/li>\n<\/ul>\n<\/li>\n<li>Concierto extraordinario de La Pamplonesa\n<ul>\n<li>S\u00e1bado 4 de noviembre: 20 horas. Teatro Gayarre<\/li>\n<li>Estreno absoluto de Privillegio Et Union, de J. Rafael Pascual-Vilaplana, obra encargada por el Ayuntamiento en la que participa el Orfe\u00f3n Pamplon\u00e9s<\/li>\n<\/ul>\n<\/li>\n<\/ul>\n","protected":false},"excerpt":{"rendered":"<p>Las visitas guiadas gratuitas a la muestra \u2018A vida de paz et concordia\u2019, cuyo cat\u00e1logo est\u00e1 ya a la venta, se pueden reservar en el tel\u00e9fono 010<\/p>\n","protected":false},"author":1,"featured_media":47799,"comment_status":"open","ping_status":"closed","sticky":false,"template":"","format":"standard","meta":{"footnotes":""},"categories":[2],"tags":[],"class_list":["post-47798","post","type-post","status-publish","format-standard","has-post-thumbnail","hentry","category-ayuntamiento-pamplona"],"yoast_head":"<!-- This site is optimized with the Yoast SEO plugin v27.3 - https:\/\/yoast.com\/product\/yoast-seo-wordpress\/ -->\n<title>M\u00e1s de 3.800 personas han visitado la exposici\u00f3n conmemorativa de los 600 a\u00f1os del Privilegio de la Uni\u00f3n, que est\u00e1 abierta hasta el 30 de noviembre en Condestable<\/title>\n<meta name=\"description\" content=\"Las visitas guiadas gratuitas a la muestra \u2018A vida de paz et concordia\u2019, cuyo cat\u00e1logo est\u00e1 ya a la venta, se pueden reservar en el tel\u00e9fono 010\" \/>\n<meta name=\"robots\" content=\"index, follow, max-snippet:-1, max-image-preview:large, max-video-preview:-1\" \/>\n<link rel=\"canonical\" href=\"https:\/\/www.laguiadepamplona.com\/actualidad\/mas-de-3-800-personas-han-visitado-la-exposicion-conmemorativa-de-los-600-anos-del-privilegio-de-la-union-que-esta-abierta-hasta-el-30-de-noviembre-en-condestable\/\" \/>\n<meta property=\"og:locale\" content=\"es_ES\" \/>\n<meta property=\"og:type\" content=\"article\" \/>\n<meta property=\"og:title\" content=\"M\u00e1s de 3.800 personas han visitado la exposici\u00f3n conmemorativa de los 600 a\u00f1os del Privilegio de la Uni\u00f3n, que est\u00e1 abierta hasta el 30 de noviembre en Condestable\" \/>\n<meta property=\"og:description\" content=\"Las visitas guiadas gratuitas a la muestra \u2018A vida de paz et concordia\u2019, cuyo cat\u00e1logo est\u00e1 ya a la venta, se pueden reservar en el tel\u00e9fono 010\" \/>\n<meta property=\"og:url\" content=\"https:\/\/www.laguiadepamplona.com\/actualidad\/mas-de-3-800-personas-han-visitado-la-exposicion-conmemorativa-de-los-600-anos-del-privilegio-de-la-union-que-esta-abierta-hasta-el-30-de-noviembre-en-condestable\/\" \/>\n<meta property=\"og:site_name\" content=\"La Gu\u00eda de Pamplona\" \/>\n<meta property=\"article:publisher\" content=\"https:\/\/www.facebook.com\/laguiadepamplonacom-133175176762273\/?ref=hl\" \/>\n<meta property=\"article:published_time\" content=\"2023-11-03T12:12:19+00:00\" \/>\n<meta property=\"og:image\" content=\"https:\/\/www.laguiadepamplona.com\/actualidad\/wp-content\/uploads\/2023\/11\/EXPO-CONDESTABLE_E5A7187.webp\" \/>\n\t<meta property=\"og:image:width\" content=\"1200\" \/>\n\t<meta property=\"og:image:height\" content=\"800\" \/>\n\t<meta property=\"og:image:type\" content=\"image\/webp\" \/>\n<meta name=\"author\" content=\"La Gu\u00eda de Pamplona\" \/>\n<meta name=\"twitter:card\" content=\"summary_large_image\" \/>\n<meta name=\"twitter:creator\" content=\"@LaGuiadPamplona\" \/>\n<meta name=\"twitter:site\" content=\"@LaGuiadPamplona\" \/>\n<meta name=\"twitter:label1\" content=\"Escrito por\" \/>\n\t<meta name=\"twitter:data1\" content=\"La Gu\u00eda de Pamplona\" \/>\n\t<meta name=\"twitter:label2\" content=\"Tiempo de lectura\" \/>\n\t<meta name=\"twitter:data2\" content=\"3 minutos\" \/>\n<script type=\"application\/ld+json\" class=\"yoast-schema-graph\">{\"@context\":\"https:\\\/\\\/schema.org\",\"@graph\":[{\"@type\":\"Article\",\"@id\":\"https:\\\/\\\/www.laguiadepamplona.com\\\/actualidad\\\/mas-de-3-800-personas-han-visitado-la-exposicion-conmemorativa-de-los-600-anos-del-privilegio-de-la-union-que-esta-abierta-hasta-el-30-de-noviembre-en-condestable\\\/#article\",\"isPartOf\":{\"@id\":\"https:\\\/\\\/www.laguiadepamplona.com\\\/actualidad\\\/mas-de-3-800-personas-han-visitado-la-exposicion-conmemorativa-de-los-600-anos-del-privilegio-de-la-union-que-esta-abierta-hasta-el-30-de-noviembre-en-condestable\\\/\"},\"author\":{\"name\":\"La Gu\u00eda de Pamplona\",\"@id\":\"https:\\\/\\\/www.laguiadepamplona.com\\\/actualidad\\\/#\\\/schema\\\/person\\\/efe887376f0213d4657c93adc50b1fdb\"},\"headline\":\"M\u00e1s de 3.800 personas han visitado la exposici\u00f3n conmemorativa de los 600 a\u00f1os del Privilegio de la Uni\u00f3n, que est\u00e1 abierta hasta el 30 de noviembre en Condestable\",\"datePublished\":\"2023-11-03T12:12:19+00:00\",\"mainEntityOfPage\":{\"@id\":\"https:\\\/\\\/www.laguiadepamplona.com\\\/actualidad\\\/mas-de-3-800-personas-han-visitado-la-exposicion-conmemorativa-de-los-600-anos-del-privilegio-de-la-union-que-esta-abierta-hasta-el-30-de-noviembre-en-condestable\\\/\"},\"wordCount\":620,\"commentCount\":0,\"publisher\":{\"@id\":\"https:\\\/\\\/www.laguiadepamplona.com\\\/actualidad\\\/#organization\"},\"image\":{\"@id\":\"https:\\\/\\\/www.laguiadepamplona.com\\\/actualidad\\\/mas-de-3-800-personas-han-visitado-la-exposicion-conmemorativa-de-los-600-anos-del-privilegio-de-la-union-que-esta-abierta-hasta-el-30-de-noviembre-en-condestable\\\/#primaryimage\"},\"thumbnailUrl\":\"https:\\\/\\\/www.laguiadepamplona.com\\\/actualidad\\\/wp-content\\\/uploads\\\/2023\\\/11\\\/EXPO-CONDESTABLE_E5A7187.webp\",\"articleSection\":[\"Ayto Pamplona\"],\"inLanguage\":\"es\",\"potentialAction\":[{\"@type\":\"CommentAction\",\"name\":\"Comment\",\"target\":[\"https:\\\/\\\/www.laguiadepamplona.com\\\/actualidad\\\/mas-de-3-800-personas-han-visitado-la-exposicion-conmemorativa-de-los-600-anos-del-privilegio-de-la-union-que-esta-abierta-hasta-el-30-de-noviembre-en-condestable\\\/#respond\"]}]},{\"@type\":\"WebPage\",\"@id\":\"https:\\\/\\\/www.laguiadepamplona.com\\\/actualidad\\\/mas-de-3-800-personas-han-visitado-la-exposicion-conmemorativa-de-los-600-anos-del-privilegio-de-la-union-que-esta-abierta-hasta-el-30-de-noviembre-en-condestable\\\/\",\"url\":\"https:\\\/\\\/www.laguiadepamplona.com\\\/actualidad\\\/mas-de-3-800-personas-han-visitado-la-exposicion-conmemorativa-de-los-600-anos-del-privilegio-de-la-union-que-esta-abierta-hasta-el-30-de-noviembre-en-condestable\\\/\",\"name\":\"M\u00e1s de 3.800 personas han visitado la exposici\u00f3n conmemorativa de los 600 a\u00f1os del Privilegio de la Uni\u00f3n, que est\u00e1 abierta hasta el 30 de noviembre en Condestable\",\"isPartOf\":{\"@id\":\"https:\\\/\\\/www.laguiadepamplona.com\\\/actualidad\\\/#website\"},\"primaryImageOfPage\":{\"@id\":\"https:\\\/\\\/www.laguiadepamplona.com\\\/actualidad\\\/mas-de-3-800-personas-han-visitado-la-exposicion-conmemorativa-de-los-600-anos-del-privilegio-de-la-union-que-esta-abierta-hasta-el-30-de-noviembre-en-condestable\\\/#primaryimage\"},\"image\":{\"@id\":\"https:\\\/\\\/www.laguiadepamplona.com\\\/actualidad\\\/mas-de-3-800-personas-han-visitado-la-exposicion-conmemorativa-de-los-600-anos-del-privilegio-de-la-union-que-esta-abierta-hasta-el-30-de-noviembre-en-condestable\\\/#primaryimage\"},\"thumbnailUrl\":\"https:\\\/\\\/www.laguiadepamplona.com\\\/actualidad\\\/wp-content\\\/uploads\\\/2023\\\/11\\\/EXPO-CONDESTABLE_E5A7187.webp\",\"datePublished\":\"2023-11-03T12:12:19+00:00\",\"description\":\"Las visitas guiadas gratuitas a la muestra \u2018A vida de paz et concordia\u2019, cuyo cat\u00e1logo est\u00e1 ya a la venta, se pueden reservar en el tel\u00e9fono 010\",\"breadcrumb\":{\"@id\":\"https:\\\/\\\/www.laguiadepamplona.com\\\/actualidad\\\/mas-de-3-800-personas-han-visitado-la-exposicion-conmemorativa-de-los-600-anos-del-privilegio-de-la-union-que-esta-abierta-hasta-el-30-de-noviembre-en-condestable\\\/#breadcrumb\"},\"inLanguage\":\"es\",\"potentialAction\":[{\"@type\":\"ReadAction\",\"target\":[\"https:\\\/\\\/www.laguiadepamplona.com\\\/actualidad\\\/mas-de-3-800-personas-han-visitado-la-exposicion-conmemorativa-de-los-600-anos-del-privilegio-de-la-union-que-esta-abierta-hasta-el-30-de-noviembre-en-condestable\\\/\"]}]},{\"@type\":\"ImageObject\",\"inLanguage\":\"es\",\"@id\":\"https:\\\/\\\/www.laguiadepamplona.com\\\/actualidad\\\/mas-de-3-800-personas-han-visitado-la-exposicion-conmemorativa-de-los-600-anos-del-privilegio-de-la-union-que-esta-abierta-hasta-el-30-de-noviembre-en-condestable\\\/#primaryimage\",\"url\":\"https:\\\/\\\/www.laguiadepamplona.com\\\/actualidad\\\/wp-content\\\/uploads\\\/2023\\\/11\\\/EXPO-CONDESTABLE_E5A7187.webp\",\"contentUrl\":\"https:\\\/\\\/www.laguiadepamplona.com\\\/actualidad\\\/wp-content\\\/uploads\\\/2023\\\/11\\\/EXPO-CONDESTABLE_E5A7187.webp\",\"width\":1200,\"height\":800,\"caption\":\"expo condestable\"},{\"@type\":\"BreadcrumbList\",\"@id\":\"https:\\\/\\\/www.laguiadepamplona.com\\\/actualidad\\\/mas-de-3-800-personas-han-visitado-la-exposicion-conmemorativa-de-los-600-anos-del-privilegio-de-la-union-que-esta-abierta-hasta-el-30-de-noviembre-en-condestable\\\/#breadcrumb\",\"itemListElement\":[{\"@type\":\"ListItem\",\"position\":1,\"name\":\"Portada\",\"item\":\"https:\\\/\\\/www.laguiadepamplona.com\\\/actualidad\\\/\"},{\"@type\":\"ListItem\",\"position\":2,\"name\":\"M\u00e1s de 3.800 personas han visitado la exposici\u00f3n conmemorativa de los 600 a\u00f1os del Privilegio de la Uni\u00f3n, que est\u00e1 abierta hasta el 30 de noviembre en Condestable\"}]},{\"@type\":\"WebSite\",\"@id\":\"https:\\\/\\\/www.laguiadepamplona.com\\\/actualidad\\\/#website\",\"url\":\"https:\\\/\\\/www.laguiadepamplona.com\\\/actualidad\\\/\",\"name\":\"La gu\u00eda de Pamplona\",\"description\":\"Noticias de Pamplona\",\"publisher\":{\"@id\":\"https:\\\/\\\/www.laguiadepamplona.com\\\/actualidad\\\/#organization\"},\"potentialAction\":[{\"@type\":\"SearchAction\",\"target\":{\"@type\":\"EntryPoint\",\"urlTemplate\":\"https:\\\/\\\/www.laguiadepamplona.com\\\/actualidad\\\/?s={search_term_string}\"},\"query-input\":{\"@type\":\"PropertyValueSpecification\",\"valueRequired\":true,\"valueName\":\"search_term_string\"}}],\"inLanguage\":\"es\"},{\"@type\":\"Organization\",\"@id\":\"https:\\\/\\\/www.laguiadepamplona.com\\\/actualidad\\\/#organization\",\"name\":\"La Gu\u00eda de Pamplona \\\/ Noticias\",\"url\":\"https:\\\/\\\/www.laguiadepamplona.com\\\/actualidad\\\/\",\"logo\":{\"@type\":\"ImageObject\",\"inLanguage\":\"es\",\"@id\":\"https:\\\/\\\/www.laguiadepamplona.com\\\/actualidad\\\/#\\\/schema\\\/logo\\\/image\\\/\",\"url\":\"https:\\\/\\\/www.laguiadepamplona.com\\\/actualidad\\\/wp-content\\\/uploads\\\/2018\\\/11\\\/logo-laguiadepamplona18-web1.png\",\"contentUrl\":\"https:\\\/\\\/www.laguiadepamplona.com\\\/actualidad\\\/wp-content\\\/uploads\\\/2018\\\/11\\\/logo-laguiadepamplona18-web1.png\",\"width\":600,\"height\":196,\"caption\":\"La Gu\u00eda de Pamplona \\\/ Noticias\"},\"image\":{\"@id\":\"https:\\\/\\\/www.laguiadepamplona.com\\\/actualidad\\\/#\\\/schema\\\/logo\\\/image\\\/\"},\"sameAs\":[\"https:\\\/\\\/www.facebook.com\\\/laguiadepamplonacom-133175176762273\\\/?ref=hl\",\"https:\\\/\\\/x.com\\\/LaGuiadPamplona\",\"https:\\\/\\\/www.instagram.com\\\/la_guia_de_pamplona\\\/\",\"https:\\\/\\\/www.youtube.com\\\/user\\\/laguiadepamplona\"]},{\"@type\":\"Person\",\"@id\":\"https:\\\/\\\/www.laguiadepamplona.com\\\/actualidad\\\/#\\\/schema\\\/person\\\/efe887376f0213d4657c93adc50b1fdb\",\"name\":\"La Gu\u00eda de Pamplona\",\"image\":{\"@type\":\"ImageObject\",\"inLanguage\":\"es\",\"@id\":\"https:\\\/\\\/secure.gravatar.com\\\/avatar\\\/b6992f131dc8d30ab0dff15446e9d346d9dbd95992de0fef795073f5ea83a81c?s=96&d=mm&r=g\",\"url\":\"https:\\\/\\\/secure.gravatar.com\\\/avatar\\\/b6992f131dc8d30ab0dff15446e9d346d9dbd95992de0fef795073f5ea83a81c?s=96&d=mm&r=g\",\"contentUrl\":\"https:\\\/\\\/secure.gravatar.com\\\/avatar\\\/b6992f131dc8d30ab0dff15446e9d346d9dbd95992de0fef795073f5ea83a81c?s=96&d=mm&r=g\",\"caption\":\"La Gu\u00eda de Pamplona\"}}]}<\/script>\n<!-- \/ Yoast SEO plugin. -->","yoast_head_json":{"title":"M\u00e1s de 3.800 personas han visitado la exposici\u00f3n conmemorativa de los 600 a\u00f1os del Privilegio de la Uni\u00f3n, que est\u00e1 abierta hasta el 30 de noviembre en Condestable","description":"Las visitas guiadas gratuitas a la muestra \u2018A vida de paz et concordia\u2019, cuyo cat\u00e1logo est\u00e1 ya a la venta, se pueden reservar en el tel\u00e9fono 010","robots":{"index":"index","follow":"follow","max-snippet":"max-snippet:-1","max-image-preview":"max-image-preview:large","max-video-preview":"max-video-preview:-1"},"canonical":"https:\/\/www.laguiadepamplona.com\/actualidad\/mas-de-3-800-personas-han-visitado-la-exposicion-conmemorativa-de-los-600-anos-del-privilegio-de-la-union-que-esta-abierta-hasta-el-30-de-noviembre-en-condestable\/","og_locale":"es_ES","og_type":"article","og_title":"M\u00e1s de 3.800 personas han visitado la exposici\u00f3n conmemorativa de los 600 a\u00f1os del Privilegio de la Uni\u00f3n, que est\u00e1 abierta hasta el 30 de noviembre en Condestable","og_description":"Las visitas guiadas gratuitas a la muestra \u2018A vida de paz et concordia\u2019, cuyo cat\u00e1logo est\u00e1 ya a la venta, se pueden reservar en el tel\u00e9fono 010","og_url":"https:\/\/www.laguiadepamplona.com\/actualidad\/mas-de-3-800-personas-han-visitado-la-exposicion-conmemorativa-de-los-600-anos-del-privilegio-de-la-union-que-esta-abierta-hasta-el-30-de-noviembre-en-condestable\/","og_site_name":"La Gu\u00eda de Pamplona","article_publisher":"https:\/\/www.facebook.com\/laguiadepamplonacom-133175176762273\/?ref=hl","article_published_time":"2023-11-03T12:12:19+00:00","og_image":[{"width":1200,"height":800,"url":"https:\/\/www.laguiadepamplona.com\/actualidad\/wp-content\/uploads\/2023\/11\/EXPO-CONDESTABLE_E5A7187.webp","type":"image\/webp"}],"author":"La Gu\u00eda de Pamplona","twitter_card":"summary_large_image","twitter_creator":"@LaGuiadPamplona","twitter_site":"@LaGuiadPamplona","twitter_misc":{"Escrito por":"La Gu\u00eda de Pamplona","Tiempo de lectura":"3 minutos"},"schema":{"@context":"https:\/\/schema.org","@graph":[{"@type":"Article","@id":"https:\/\/www.laguiadepamplona.com\/actualidad\/mas-de-3-800-personas-han-visitado-la-exposicion-conmemorativa-de-los-600-anos-del-privilegio-de-la-union-que-esta-abierta-hasta-el-30-de-noviembre-en-condestable\/#article","isPartOf":{"@id":"https:\/\/www.laguiadepamplona.com\/actualidad\/mas-de-3-800-personas-han-visitado-la-exposicion-conmemorativa-de-los-600-anos-del-privilegio-de-la-union-que-esta-abierta-hasta-el-30-de-noviembre-en-condestable\/"},"author":{"name":"La Gu\u00eda de Pamplona","@id":"https:\/\/www.laguiadepamplona.com\/actualidad\/#\/schema\/person\/efe887376f0213d4657c93adc50b1fdb"},"headline":"M\u00e1s de 3.800 personas han visitado la exposici\u00f3n conmemorativa de los 600 a\u00f1os del Privilegio de la Uni\u00f3n, que est\u00e1 abierta hasta el 30 de noviembre en Condestable","datePublished":"2023-11-03T12:12:19+00:00","mainEntityOfPage":{"@id":"https:\/\/www.laguiadepamplona.com\/actualidad\/mas-de-3-800-personas-han-visitado-la-exposicion-conmemorativa-de-los-600-anos-del-privilegio-de-la-union-que-esta-abierta-hasta-el-30-de-noviembre-en-condestable\/"},"wordCount":620,"commentCount":0,"publisher":{"@id":"https:\/\/www.laguiadepamplona.com\/actualidad\/#organization"},"image":{"@id":"https:\/\/www.laguiadepamplona.com\/actualidad\/mas-de-3-800-personas-han-visitado-la-exposicion-conmemorativa-de-los-600-anos-del-privilegio-de-la-union-que-esta-abierta-hasta-el-30-de-noviembre-en-condestable\/#primaryimage"},"thumbnailUrl":"https:\/\/www.laguiadepamplona.com\/actualidad\/wp-content\/uploads\/2023\/11\/EXPO-CONDESTABLE_E5A7187.webp","articleSection":["Ayto Pamplona"],"inLanguage":"es","potentialAction":[{"@type":"CommentAction","name":"Comment","target":["https:\/\/www.laguiadepamplona.com\/actualidad\/mas-de-3-800-personas-han-visitado-la-exposicion-conmemorativa-de-los-600-anos-del-privilegio-de-la-union-que-esta-abierta-hasta-el-30-de-noviembre-en-condestable\/#respond"]}]},{"@type":"WebPage","@id":"https:\/\/www.laguiadepamplona.com\/actualidad\/mas-de-3-800-personas-han-visitado-la-exposicion-conmemorativa-de-los-600-anos-del-privilegio-de-la-union-que-esta-abierta-hasta-el-30-de-noviembre-en-condestable\/","url":"https:\/\/www.laguiadepamplona.com\/actualidad\/mas-de-3-800-personas-han-visitado-la-exposicion-conmemorativa-de-los-600-anos-del-privilegio-de-la-union-que-esta-abierta-hasta-el-30-de-noviembre-en-condestable\/","name":"M\u00e1s de 3.800 personas han visitado la exposici\u00f3n conmemorativa de los 600 a\u00f1os del Privilegio de la Uni\u00f3n, que est\u00e1 abierta hasta el 30 de noviembre en Condestable","isPartOf":{"@id":"https:\/\/www.laguiadepamplona.com\/actualidad\/#website"},"primaryImageOfPage":{"@id":"https:\/\/www.laguiadepamplona.com\/actualidad\/mas-de-3-800-personas-han-visitado-la-exposicion-conmemorativa-de-los-600-anos-del-privilegio-de-la-union-que-esta-abierta-hasta-el-30-de-noviembre-en-condestable\/#primaryimage"},"image":{"@id":"https:\/\/www.laguiadepamplona.com\/actualidad\/mas-de-3-800-personas-han-visitado-la-exposicion-conmemorativa-de-los-600-anos-del-privilegio-de-la-union-que-esta-abierta-hasta-el-30-de-noviembre-en-condestable\/#primaryimage"},"thumbnailUrl":"https:\/\/www.laguiadepamplona.com\/actualidad\/wp-content\/uploads\/2023\/11\/EXPO-CONDESTABLE_E5A7187.webp","datePublished":"2023-11-03T12:12:19+00:00","description":"Las visitas guiadas gratuitas a la muestra \u2018A vida de paz et concordia\u2019, cuyo cat\u00e1logo est\u00e1 ya a la venta, se pueden reservar en el tel\u00e9fono 010","breadcrumb":{"@id":"https:\/\/www.laguiadepamplona.com\/actualidad\/mas-de-3-800-personas-han-visitado-la-exposicion-conmemorativa-de-los-600-anos-del-privilegio-de-la-union-que-esta-abierta-hasta-el-30-de-noviembre-en-condestable\/#breadcrumb"},"inLanguage":"es","potentialAction":[{"@type":"ReadAction","target":["https:\/\/www.laguiadepamplona.com\/actualidad\/mas-de-3-800-personas-han-visitado-la-exposicion-conmemorativa-de-los-600-anos-del-privilegio-de-la-union-que-esta-abierta-hasta-el-30-de-noviembre-en-condestable\/"]}]},{"@type":"ImageObject","inLanguage":"es","@id":"https:\/\/www.laguiadepamplona.com\/actualidad\/mas-de-3-800-personas-han-visitado-la-exposicion-conmemorativa-de-los-600-anos-del-privilegio-de-la-union-que-esta-abierta-hasta-el-30-de-noviembre-en-condestable\/#primaryimage","url":"https:\/\/www.laguiadepamplona.com\/actualidad\/wp-content\/uploads\/2023\/11\/EXPO-CONDESTABLE_E5A7187.webp","contentUrl":"https:\/\/www.laguiadepamplona.com\/actualidad\/wp-content\/uploads\/2023\/11\/EXPO-CONDESTABLE_E5A7187.webp","width":1200,"height":800,"caption":"expo condestable"},{"@type":"BreadcrumbList","@id":"https:\/\/www.laguiadepamplona.com\/actualidad\/mas-de-3-800-personas-han-visitado-la-exposicion-conmemorativa-de-los-600-anos-del-privilegio-de-la-union-que-esta-abierta-hasta-el-30-de-noviembre-en-condestable\/#breadcrumb","itemListElement":[{"@type":"ListItem","position":1,"name":"Portada","item":"https:\/\/www.laguiadepamplona.com\/actualidad\/"},{"@type":"ListItem","position":2,"name":"M\u00e1s de 3.800 personas han visitado la exposici\u00f3n conmemorativa de los 600 a\u00f1os del Privilegio de la Uni\u00f3n, que est\u00e1 abierta hasta el 30 de noviembre en Condestable"}]},{"@type":"WebSite","@id":"https:\/\/www.laguiadepamplona.com\/actualidad\/#website","url":"https:\/\/www.laguiadepamplona.com\/actualidad\/","name":"La gu\u00eda de Pamplona","description":"Noticias de Pamplona","publisher":{"@id":"https:\/\/www.laguiadepamplona.com\/actualidad\/#organization"},"potentialAction":[{"@type":"SearchAction","target":{"@type":"EntryPoint","urlTemplate":"https:\/\/www.laguiadepamplona.com\/actualidad\/?s={search_term_string}"},"query-input":{"@type":"PropertyValueSpecification","valueRequired":true,"valueName":"search_term_string"}}],"inLanguage":"es"},{"@type":"Organization","@id":"https:\/\/www.laguiadepamplona.com\/actualidad\/#organization","name":"La Gu\u00eda de Pamplona \/ Noticias","url":"https:\/\/www.laguiadepamplona.com\/actualidad\/","logo":{"@type":"ImageObject","inLanguage":"es","@id":"https:\/\/www.laguiadepamplona.com\/actualidad\/#\/schema\/logo\/image\/","url":"https:\/\/www.laguiadepamplona.com\/actualidad\/wp-content\/uploads\/2018\/11\/logo-laguiadepamplona18-web1.png","contentUrl":"https:\/\/www.laguiadepamplona.com\/actualidad\/wp-content\/uploads\/2018\/11\/logo-laguiadepamplona18-web1.png","width":600,"height":196,"caption":"La Gu\u00eda de Pamplona \/ Noticias"},"image":{"@id":"https:\/\/www.laguiadepamplona.com\/actualidad\/#\/schema\/logo\/image\/"},"sameAs":["https:\/\/www.facebook.com\/laguiadepamplonacom-133175176762273\/?ref=hl","https:\/\/x.com\/LaGuiadPamplona","https:\/\/www.instagram.com\/la_guia_de_pamplona\/","https:\/\/www.youtube.com\/user\/laguiadepamplona"]},{"@type":"Person","@id":"https:\/\/www.laguiadepamplona.com\/actualidad\/#\/schema\/person\/efe887376f0213d4657c93adc50b1fdb","name":"La Gu\u00eda de Pamplona","image":{"@type":"ImageObject","inLanguage":"es","@id":"https:\/\/secure.gravatar.com\/avatar\/b6992f131dc8d30ab0dff15446e9d346d9dbd95992de0fef795073f5ea83a81c?s=96&d=mm&r=g","url":"https:\/\/secure.gravatar.com\/avatar\/b6992f131dc8d30ab0dff15446e9d346d9dbd95992de0fef795073f5ea83a81c?s=96&d=mm&r=g","contentUrl":"https:\/\/secure.gravatar.com\/avatar\/b6992f131dc8d30ab0dff15446e9d346d9dbd95992de0fef795073f5ea83a81c?s=96&d=mm&r=g","caption":"La Gu\u00eda de Pamplona"}}]}},"post_mailing_queue_ids":[],"_links":{"self":[{"href":"https:\/\/www.laguiadepamplona.com\/actualidad\/wp-json\/wp\/v2\/posts\/47798","targetHints":{"allow":["GET"]}}],"collection":[{"href":"https:\/\/www.laguiadepamplona.com\/actualidad\/wp-json\/wp\/v2\/posts"}],"about":[{"href":"https:\/\/www.laguiadepamplona.com\/actualidad\/wp-json\/wp\/v2\/types\/post"}],"author":[{"embeddable":true,"href":"https:\/\/www.laguiadepamplona.com\/actualidad\/wp-json\/wp\/v2\/users\/1"}],"replies":[{"embeddable":true,"href":"https:\/\/www.laguiadepamplona.com\/actualidad\/wp-json\/wp\/v2\/comments?post=47798"}],"version-history":[{"count":1,"href":"https:\/\/www.laguiadepamplona.com\/actualidad\/wp-json\/wp\/v2\/posts\/47798\/revisions"}],"predecessor-version":[{"id":47800,"href":"https:\/\/www.laguiadepamplona.com\/actualidad\/wp-json\/wp\/v2\/posts\/47798\/revisions\/47800"}],"wp:featuredmedia":[{"embeddable":true,"href":"https:\/\/www.laguiadepamplona.com\/actualidad\/wp-json\/wp\/v2\/media\/47799"}],"wp:attachment":[{"href":"https:\/\/www.laguiadepamplona.com\/actualidad\/wp-json\/wp\/v2\/media?parent=47798"}],"wp:term":[{"taxonomy":"category","embeddable":true,"href":"https:\/\/www.laguiadepamplona.com\/actualidad\/wp-json\/wp\/v2\/categories?post=47798"},{"taxonomy":"post_tag","embeddable":true,"href":"https:\/\/www.laguiadepamplona.com\/actualidad\/wp-json\/wp\/v2\/tags?post=47798"}],"curies":[{"name":"wp","href":"https:\/\/api.w.org\/{rel}","templated":true}]}}