{"id":47795,"date":"2023-11-03T14:10:43","date_gmt":"2023-11-03T12:10:43","guid":{"rendered":"https:\/\/www.laguiadepamplona.com\/actualidad\/?p=47795"},"modified":"2023-11-03T14:10:43","modified_gmt":"2023-11-03T12:10:43","slug":"el-ayuntamiento-de-pamplona-colabora-en-la-atencion-a-dos-menores-de-los-campamentos-de-refugiados-saharauis-que-han-recibido-atencion-sanitaria","status":"publish","type":"post","link":"https:\/\/www.laguiadepamplona.com\/actualidad\/el-ayuntamiento-de-pamplona-colabora-en-la-atencion-a-dos-menores-de-los-campamentos-de-refugiados-saharauis-que-han-recibido-atencion-sanitaria\/","title":{"rendered":"El Ayuntamiento de Pamplona colabora en la atenci\u00f3n a dos menores de los campamentos de refugiados saharauis que han recibido atenci\u00f3n sanitaria"},"content":{"rendered":"<h3>Se ha cedido una vivienda de forma temporal a la Asociaci\u00f3n Navarra de Amigos del S\u00e1hara para alojar a los menores con dos monitores<\/h3>\n<p><!--more--><\/p>\n<p>El Ayuntamiento de Pamplona est\u00e1 colaborando con la Asociaci\u00f3n Navarra de Amigos del S\u00e1hara en la atenci\u00f3n a dos menores de los campamentos de refugiados que se han sometido a intervenciones quir\u00fargicas y tratamientos m\u00e9dicos. El Ayuntamiento les ha facilitado alojamiento, cediendo de forma temporal una vivienda en el Grupo San Pedro en la que est\u00e1n acompa\u00f1ados de dos monitores de la asociaci\u00f3n.<br \/>\n<script async src=\"\/\/pagead2.googlesyndication.com\/pagead\/js\/adsbygoogle.js\"><\/script><br \/>\n<!-- Noticias La Guia de Pamplona --><br \/>\n<ins class=\"adsbygoogle\"\nstyle=\"display:block\"\ndata-ad-client=\"ca-pub-6943679897239327\"\ndata-ad-slot=\"7048180777\"\ndata-ad-format=\"auto\"><\/ins><br \/>\n<script>\n(adsbygoogle = window.adsbygoogle || []).push({});\n<\/script><\/p>\n<p>Esta necesidad la dio a conocer la Asociaci\u00f3n Navarra de Amigos del S\u00e1hara en la recepci\u00f3n que en verano se les hizo en el Ayuntamiento de Pamplona, coincidiendo con la visita de una delegaci\u00f3n de ni\u00f1os y ni\u00f1as saharauis. Las condiciones sanitarias en los campos de refugiados son muy precarias, con escasez de m\u00e9dicos y de material sanitario, por lo que los menores no pueden acceder a servicios m\u00ednimos que les garanticen una m\u00ednima calidad de vida si tienen cualquier problema de salud grave.<\/p>\n<p>El concejal delegado de Servicios Sociales, Deporte y Salud, Ra\u00fal Armend\u00e1riz, y la directora de Servicios Sociales, Olivia Elizari, han visitado a los dos menores para ver c\u00f3mo se han adaptado a su nuevo hogar. Adem\u00e1s, el Ayuntamiento de Pamplona les ha invitado, junto a sus monitores, al partido de f\u00fatbol que Osasuna jugar\u00e1 el pr\u00f3ximo 11 de noviembre antes Las Palmas.<br \/>\n<script async src=\"\/\/pagead2.googlesyndication.com\/pagead\/js\/adsbygoogle.js\"><\/script><br \/>\n<!-- Noticias La Guia de Pamplona --><br \/>\n<ins class=\"adsbygoogle\"\nstyle=\"display:block\"\ndata-ad-client=\"ca-pub-6943679897239327\"\ndata-ad-slot=\"7048180777\"\ndata-ad-format=\"auto\"><\/ins><br \/>\n<script>\n(adsbygoogle = window.adsbygoogle || []).push({});\n<\/script><\/p>\n<p>El Ayuntamiento de Pamplona, a trav\u00e9s del \u00e1rea de Servicios Sociales, se puso en contacto con las personas responsables de la Asociaci\u00f3n Navarra de Amigos del S\u00e1hara y se ha organizado una vivienda municipal en el Grupo San Pedro. La vivienda est\u00e1 adaptada a las necesidades de los menores para poder dar respuesta a su situaci\u00f3n hasta principios de diciembre, fecha en la que tienen prevista la vuelta con sus familias.<\/p>\n","protected":false},"excerpt":{"rendered":"<p>Se ha cedido una vivienda de forma temporal a la Asociaci\u00f3n Navarra de Amigos del S\u00e1hara para alojar a los menores con dos monitores<\/p>\n","protected":false},"author":1,"featured_media":47796,"comment_status":"open","ping_status":"closed","sticky":false,"template":"","format":"standard","meta":{"footnotes":""},"categories":[2],"tags":[],"class_list":["post-47795","post","type-post","status-publish","format-standard","has-post-thumbnail","hentry","category-ayuntamiento-pamplona"],"yoast_head":"<!-- This site is optimized with the Yoast SEO plugin v27.3 - https:\/\/yoast.com\/product\/yoast-seo-wordpress\/ -->\n<title>El Ayuntamiento de Pamplona colabora en la atenci\u00f3n a dos menores de los campamentos de refugiados saharauis que han recibido atenci\u00f3n sanitaria<\/title>\n<meta name=\"description\" content=\"Se ha cedido una vivienda de forma temporal a la Asociaci\u00f3n Navarra de Amigos del S\u00e1hara para alojar a los menores con dos monitores\" \/>\n<meta name=\"robots\" content=\"index, follow, max-snippet:-1, max-image-preview:large, max-video-preview:-1\" \/>\n<link rel=\"canonical\" href=\"https:\/\/www.laguiadepamplona.com\/actualidad\/el-ayuntamiento-de-pamplona-colabora-en-la-atencion-a-dos-menores-de-los-campamentos-de-refugiados-saharauis-que-han-recibido-atencion-sanitaria\/\" \/>\n<meta property=\"og:locale\" content=\"es_ES\" \/>\n<meta property=\"og:type\" content=\"article\" \/>\n<meta property=\"og:title\" content=\"El Ayuntamiento de Pamplona colabora en la atenci\u00f3n a dos menores de los campamentos de refugiados saharauis que han recibido atenci\u00f3n sanitaria\" \/>\n<meta property=\"og:description\" content=\"Se ha cedido una vivienda de forma temporal a la Asociaci\u00f3n Navarra de Amigos del S\u00e1hara para alojar a los menores con dos monitores\" \/>\n<meta property=\"og:url\" content=\"https:\/\/www.laguiadepamplona.com\/actualidad\/el-ayuntamiento-de-pamplona-colabora-en-la-atencion-a-dos-menores-de-los-campamentos-de-refugiados-saharauis-que-han-recibido-atencion-sanitaria\/\" \/>\n<meta property=\"og:site_name\" content=\"La Gu\u00eda de Pamplona\" \/>\n<meta property=\"article:publisher\" content=\"https:\/\/www.facebook.com\/laguiadepamplonacom-133175176762273\/?ref=hl\" \/>\n<meta property=\"article:published_time\" content=\"2023-11-03T12:10:43+00:00\" \/>\n<meta property=\"og:image\" content=\"https:\/\/www.laguiadepamplona.com\/actualidad\/wp-content\/uploads\/2023\/11\/20231102pisosaharauisq5a1985.webp\" \/>\n\t<meta property=\"og:image:width\" content=\"1200\" \/>\n\t<meta property=\"og:image:height\" content=\"800\" \/>\n\t<meta property=\"og:image:type\" content=\"image\/webp\" \/>\n<meta name=\"author\" content=\"La Gu\u00eda de Pamplona\" \/>\n<meta name=\"twitter:card\" content=\"summary_large_image\" \/>\n<meta name=\"twitter:creator\" content=\"@LaGuiadPamplona\" \/>\n<meta name=\"twitter:site\" content=\"@LaGuiadPamplona\" \/>\n<meta name=\"twitter:label1\" content=\"Escrito por\" \/>\n\t<meta name=\"twitter:data1\" content=\"La Gu\u00eda de Pamplona\" \/>\n\t<meta name=\"twitter:label2\" content=\"Tiempo de lectura\" \/>\n\t<meta name=\"twitter:data2\" content=\"2 minutos\" \/>\n<script type=\"application\/ld+json\" class=\"yoast-schema-graph\">{\"@context\":\"https:\\\/\\\/schema.org\",\"@graph\":[{\"@type\":\"Article\",\"@id\":\"https:\\\/\\\/www.laguiadepamplona.com\\\/actualidad\\\/el-ayuntamiento-de-pamplona-colabora-en-la-atencion-a-dos-menores-de-los-campamentos-de-refugiados-saharauis-que-han-recibido-atencion-sanitaria\\\/#article\",\"isPartOf\":{\"@id\":\"https:\\\/\\\/www.laguiadepamplona.com\\\/actualidad\\\/el-ayuntamiento-de-pamplona-colabora-en-la-atencion-a-dos-menores-de-los-campamentos-de-refugiados-saharauis-que-han-recibido-atencion-sanitaria\\\/\"},\"author\":{\"name\":\"La Gu\u00eda de Pamplona\",\"@id\":\"https:\\\/\\\/www.laguiadepamplona.com\\\/actualidad\\\/#\\\/schema\\\/person\\\/efe887376f0213d4657c93adc50b1fdb\"},\"headline\":\"El Ayuntamiento de Pamplona colabora en la atenci\u00f3n a dos menores de los campamentos de refugiados saharauis que han recibido atenci\u00f3n sanitaria\",\"datePublished\":\"2023-11-03T12:10:43+00:00\",\"mainEntityOfPage\":{\"@id\":\"https:\\\/\\\/www.laguiadepamplona.com\\\/actualidad\\\/el-ayuntamiento-de-pamplona-colabora-en-la-atencion-a-dos-menores-de-los-campamentos-de-refugiados-saharauis-que-han-recibido-atencion-sanitaria\\\/\"},\"wordCount\":356,\"commentCount\":0,\"publisher\":{\"@id\":\"https:\\\/\\\/www.laguiadepamplona.com\\\/actualidad\\\/#organization\"},\"image\":{\"@id\":\"https:\\\/\\\/www.laguiadepamplona.com\\\/actualidad\\\/el-ayuntamiento-de-pamplona-colabora-en-la-atencion-a-dos-menores-de-los-campamentos-de-refugiados-saharauis-que-han-recibido-atencion-sanitaria\\\/#primaryimage\"},\"thumbnailUrl\":\"https:\\\/\\\/www.laguiadepamplona.com\\\/actualidad\\\/wp-content\\\/uploads\\\/2023\\\/11\\\/20231102pisosaharauisq5a1985.webp\",\"articleSection\":[\"Ayto Pamplona\"],\"inLanguage\":\"es\",\"potentialAction\":[{\"@type\":\"CommentAction\",\"name\":\"Comment\",\"target\":[\"https:\\\/\\\/www.laguiadepamplona.com\\\/actualidad\\\/el-ayuntamiento-de-pamplona-colabora-en-la-atencion-a-dos-menores-de-los-campamentos-de-refugiados-saharauis-que-han-recibido-atencion-sanitaria\\\/#respond\"]}]},{\"@type\":\"WebPage\",\"@id\":\"https:\\\/\\\/www.laguiadepamplona.com\\\/actualidad\\\/el-ayuntamiento-de-pamplona-colabora-en-la-atencion-a-dos-menores-de-los-campamentos-de-refugiados-saharauis-que-han-recibido-atencion-sanitaria\\\/\",\"url\":\"https:\\\/\\\/www.laguiadepamplona.com\\\/actualidad\\\/el-ayuntamiento-de-pamplona-colabora-en-la-atencion-a-dos-menores-de-los-campamentos-de-refugiados-saharauis-que-han-recibido-atencion-sanitaria\\\/\",\"name\":\"El Ayuntamiento de Pamplona colabora en la atenci\u00f3n a dos menores de los campamentos de refugiados saharauis que han recibido atenci\u00f3n sanitaria\",\"isPartOf\":{\"@id\":\"https:\\\/\\\/www.laguiadepamplona.com\\\/actualidad\\\/#website\"},\"primaryImageOfPage\":{\"@id\":\"https:\\\/\\\/www.laguiadepamplona.com\\\/actualidad\\\/el-ayuntamiento-de-pamplona-colabora-en-la-atencion-a-dos-menores-de-los-campamentos-de-refugiados-saharauis-que-han-recibido-atencion-sanitaria\\\/#primaryimage\"},\"image\":{\"@id\":\"https:\\\/\\\/www.laguiadepamplona.com\\\/actualidad\\\/el-ayuntamiento-de-pamplona-colabora-en-la-atencion-a-dos-menores-de-los-campamentos-de-refugiados-saharauis-que-han-recibido-atencion-sanitaria\\\/#primaryimage\"},\"thumbnailUrl\":\"https:\\\/\\\/www.laguiadepamplona.com\\\/actualidad\\\/wp-content\\\/uploads\\\/2023\\\/11\\\/20231102pisosaharauisq5a1985.webp\",\"datePublished\":\"2023-11-03T12:10:43+00:00\",\"description\":\"Se ha cedido una vivienda de forma temporal a la Asociaci\u00f3n Navarra de Amigos del S\u00e1hara para alojar a los menores con dos monitores\",\"breadcrumb\":{\"@id\":\"https:\\\/\\\/www.laguiadepamplona.com\\\/actualidad\\\/el-ayuntamiento-de-pamplona-colabora-en-la-atencion-a-dos-menores-de-los-campamentos-de-refugiados-saharauis-que-han-recibido-atencion-sanitaria\\\/#breadcrumb\"},\"inLanguage\":\"es\",\"potentialAction\":[{\"@type\":\"ReadAction\",\"target\":[\"https:\\\/\\\/www.laguiadepamplona.com\\\/actualidad\\\/el-ayuntamiento-de-pamplona-colabora-en-la-atencion-a-dos-menores-de-los-campamentos-de-refugiados-saharauis-que-han-recibido-atencion-sanitaria\\\/\"]}]},{\"@type\":\"ImageObject\",\"inLanguage\":\"es\",\"@id\":\"https:\\\/\\\/www.laguiadepamplona.com\\\/actualidad\\\/el-ayuntamiento-de-pamplona-colabora-en-la-atencion-a-dos-menores-de-los-campamentos-de-refugiados-saharauis-que-han-recibido-atencion-sanitaria\\\/#primaryimage\",\"url\":\"https:\\\/\\\/www.laguiadepamplona.com\\\/actualidad\\\/wp-content\\\/uploads\\\/2023\\\/11\\\/20231102pisosaharauisq5a1985.webp\",\"contentUrl\":\"https:\\\/\\\/www.laguiadepamplona.com\\\/actualidad\\\/wp-content\\\/uploads\\\/2023\\\/11\\\/20231102pisosaharauisq5a1985.webp\",\"width\":1200,\"height\":800,\"caption\":\"piso saharaui\"},{\"@type\":\"BreadcrumbList\",\"@id\":\"https:\\\/\\\/www.laguiadepamplona.com\\\/actualidad\\\/el-ayuntamiento-de-pamplona-colabora-en-la-atencion-a-dos-menores-de-los-campamentos-de-refugiados-saharauis-que-han-recibido-atencion-sanitaria\\\/#breadcrumb\",\"itemListElement\":[{\"@type\":\"ListItem\",\"position\":1,\"name\":\"Portada\",\"item\":\"https:\\\/\\\/www.laguiadepamplona.com\\\/actualidad\\\/\"},{\"@type\":\"ListItem\",\"position\":2,\"name\":\"El Ayuntamiento de Pamplona colabora en la atenci\u00f3n a dos menores de los campamentos de refugiados saharauis que han recibido atenci\u00f3n sanitaria\"}]},{\"@type\":\"WebSite\",\"@id\":\"https:\\\/\\\/www.laguiadepamplona.com\\\/actualidad\\\/#website\",\"url\":\"https:\\\/\\\/www.laguiadepamplona.com\\\/actualidad\\\/\",\"name\":\"La gu\u00eda de Pamplona\",\"description\":\"Noticias de Pamplona\",\"publisher\":{\"@id\":\"https:\\\/\\\/www.laguiadepamplona.com\\\/actualidad\\\/#organization\"},\"potentialAction\":[{\"@type\":\"SearchAction\",\"target\":{\"@type\":\"EntryPoint\",\"urlTemplate\":\"https:\\\/\\\/www.laguiadepamplona.com\\\/actualidad\\\/?s={search_term_string}\"},\"query-input\":{\"@type\":\"PropertyValueSpecification\",\"valueRequired\":true,\"valueName\":\"search_term_string\"}}],\"inLanguage\":\"es\"},{\"@type\":\"Organization\",\"@id\":\"https:\\\/\\\/www.laguiadepamplona.com\\\/actualidad\\\/#organization\",\"name\":\"La Gu\u00eda de Pamplona \\\/ Noticias\",\"url\":\"https:\\\/\\\/www.laguiadepamplona.com\\\/actualidad\\\/\",\"logo\":{\"@type\":\"ImageObject\",\"inLanguage\":\"es\",\"@id\":\"https:\\\/\\\/www.laguiadepamplona.com\\\/actualidad\\\/#\\\/schema\\\/logo\\\/image\\\/\",\"url\":\"https:\\\/\\\/www.laguiadepamplona.com\\\/actualidad\\\/wp-content\\\/uploads\\\/2018\\\/11\\\/logo-laguiadepamplona18-web1.png\",\"contentUrl\":\"https:\\\/\\\/www.laguiadepamplona.com\\\/actualidad\\\/wp-content\\\/uploads\\\/2018\\\/11\\\/logo-laguiadepamplona18-web1.png\",\"width\":600,\"height\":196,\"caption\":\"La Gu\u00eda de Pamplona \\\/ Noticias\"},\"image\":{\"@id\":\"https:\\\/\\\/www.laguiadepamplona.com\\\/actualidad\\\/#\\\/schema\\\/logo\\\/image\\\/\"},\"sameAs\":[\"https:\\\/\\\/www.facebook.com\\\/laguiadepamplonacom-133175176762273\\\/?ref=hl\",\"https:\\\/\\\/x.com\\\/LaGuiadPamplona\",\"https:\\\/\\\/www.instagram.com\\\/la_guia_de_pamplona\\\/\",\"https:\\\/\\\/www.youtube.com\\\/user\\\/laguiadepamplona\"]},{\"@type\":\"Person\",\"@id\":\"https:\\\/\\\/www.laguiadepamplona.com\\\/actualidad\\\/#\\\/schema\\\/person\\\/efe887376f0213d4657c93adc50b1fdb\",\"name\":\"La Gu\u00eda de Pamplona\",\"image\":{\"@type\":\"ImageObject\",\"inLanguage\":\"es\",\"@id\":\"https:\\\/\\\/secure.gravatar.com\\\/avatar\\\/b6992f131dc8d30ab0dff15446e9d346d9dbd95992de0fef795073f5ea83a81c?s=96&d=mm&r=g\",\"url\":\"https:\\\/\\\/secure.gravatar.com\\\/avatar\\\/b6992f131dc8d30ab0dff15446e9d346d9dbd95992de0fef795073f5ea83a81c?s=96&d=mm&r=g\",\"contentUrl\":\"https:\\\/\\\/secure.gravatar.com\\\/avatar\\\/b6992f131dc8d30ab0dff15446e9d346d9dbd95992de0fef795073f5ea83a81c?s=96&d=mm&r=g\",\"caption\":\"La Gu\u00eda de Pamplona\"}}]}<\/script>\n<!-- \/ Yoast SEO plugin. -->","yoast_head_json":{"title":"El Ayuntamiento de Pamplona colabora en la atenci\u00f3n a dos menores de los campamentos de refugiados saharauis que han recibido atenci\u00f3n sanitaria","description":"Se ha cedido una vivienda de forma temporal a la Asociaci\u00f3n Navarra de Amigos del S\u00e1hara para alojar a los menores con dos monitores","robots":{"index":"index","follow":"follow","max-snippet":"max-snippet:-1","max-image-preview":"max-image-preview:large","max-video-preview":"max-video-preview:-1"},"canonical":"https:\/\/www.laguiadepamplona.com\/actualidad\/el-ayuntamiento-de-pamplona-colabora-en-la-atencion-a-dos-menores-de-los-campamentos-de-refugiados-saharauis-que-han-recibido-atencion-sanitaria\/","og_locale":"es_ES","og_type":"article","og_title":"El Ayuntamiento de Pamplona colabora en la atenci\u00f3n a dos menores de los campamentos de refugiados saharauis que han recibido atenci\u00f3n sanitaria","og_description":"Se ha cedido una vivienda de forma temporal a la Asociaci\u00f3n Navarra de Amigos del S\u00e1hara para alojar a los menores con dos monitores","og_url":"https:\/\/www.laguiadepamplona.com\/actualidad\/el-ayuntamiento-de-pamplona-colabora-en-la-atencion-a-dos-menores-de-los-campamentos-de-refugiados-saharauis-que-han-recibido-atencion-sanitaria\/","og_site_name":"La Gu\u00eda de Pamplona","article_publisher":"https:\/\/www.facebook.com\/laguiadepamplonacom-133175176762273\/?ref=hl","article_published_time":"2023-11-03T12:10:43+00:00","og_image":[{"width":1200,"height":800,"url":"https:\/\/www.laguiadepamplona.com\/actualidad\/wp-content\/uploads\/2023\/11\/20231102pisosaharauisq5a1985.webp","type":"image\/webp"}],"author":"La Gu\u00eda de Pamplona","twitter_card":"summary_large_image","twitter_creator":"@LaGuiadPamplona","twitter_site":"@LaGuiadPamplona","twitter_misc":{"Escrito por":"La Gu\u00eda de Pamplona","Tiempo de lectura":"2 minutos"},"schema":{"@context":"https:\/\/schema.org","@graph":[{"@type":"Article","@id":"https:\/\/www.laguiadepamplona.com\/actualidad\/el-ayuntamiento-de-pamplona-colabora-en-la-atencion-a-dos-menores-de-los-campamentos-de-refugiados-saharauis-que-han-recibido-atencion-sanitaria\/#article","isPartOf":{"@id":"https:\/\/www.laguiadepamplona.com\/actualidad\/el-ayuntamiento-de-pamplona-colabora-en-la-atencion-a-dos-menores-de-los-campamentos-de-refugiados-saharauis-que-han-recibido-atencion-sanitaria\/"},"author":{"name":"La Gu\u00eda de Pamplona","@id":"https:\/\/www.laguiadepamplona.com\/actualidad\/#\/schema\/person\/efe887376f0213d4657c93adc50b1fdb"},"headline":"El Ayuntamiento de Pamplona colabora en la atenci\u00f3n a dos menores de los campamentos de refugiados saharauis que han recibido atenci\u00f3n sanitaria","datePublished":"2023-11-03T12:10:43+00:00","mainEntityOfPage":{"@id":"https:\/\/www.laguiadepamplona.com\/actualidad\/el-ayuntamiento-de-pamplona-colabora-en-la-atencion-a-dos-menores-de-los-campamentos-de-refugiados-saharauis-que-han-recibido-atencion-sanitaria\/"},"wordCount":356,"commentCount":0,"publisher":{"@id":"https:\/\/www.laguiadepamplona.com\/actualidad\/#organization"},"image":{"@id":"https:\/\/www.laguiadepamplona.com\/actualidad\/el-ayuntamiento-de-pamplona-colabora-en-la-atencion-a-dos-menores-de-los-campamentos-de-refugiados-saharauis-que-han-recibido-atencion-sanitaria\/#primaryimage"},"thumbnailUrl":"https:\/\/www.laguiadepamplona.com\/actualidad\/wp-content\/uploads\/2023\/11\/20231102pisosaharauisq5a1985.webp","articleSection":["Ayto Pamplona"],"inLanguage":"es","potentialAction":[{"@type":"CommentAction","name":"Comment","target":["https:\/\/www.laguiadepamplona.com\/actualidad\/el-ayuntamiento-de-pamplona-colabora-en-la-atencion-a-dos-menores-de-los-campamentos-de-refugiados-saharauis-que-han-recibido-atencion-sanitaria\/#respond"]}]},{"@type":"WebPage","@id":"https:\/\/www.laguiadepamplona.com\/actualidad\/el-ayuntamiento-de-pamplona-colabora-en-la-atencion-a-dos-menores-de-los-campamentos-de-refugiados-saharauis-que-han-recibido-atencion-sanitaria\/","url":"https:\/\/www.laguiadepamplona.com\/actualidad\/el-ayuntamiento-de-pamplona-colabora-en-la-atencion-a-dos-menores-de-los-campamentos-de-refugiados-saharauis-que-han-recibido-atencion-sanitaria\/","name":"El Ayuntamiento de Pamplona colabora en la atenci\u00f3n a dos menores de los campamentos de refugiados saharauis que han recibido atenci\u00f3n sanitaria","isPartOf":{"@id":"https:\/\/www.laguiadepamplona.com\/actualidad\/#website"},"primaryImageOfPage":{"@id":"https:\/\/www.laguiadepamplona.com\/actualidad\/el-ayuntamiento-de-pamplona-colabora-en-la-atencion-a-dos-menores-de-los-campamentos-de-refugiados-saharauis-que-han-recibido-atencion-sanitaria\/#primaryimage"},"image":{"@id":"https:\/\/www.laguiadepamplona.com\/actualidad\/el-ayuntamiento-de-pamplona-colabora-en-la-atencion-a-dos-menores-de-los-campamentos-de-refugiados-saharauis-que-han-recibido-atencion-sanitaria\/#primaryimage"},"thumbnailUrl":"https:\/\/www.laguiadepamplona.com\/actualidad\/wp-content\/uploads\/2023\/11\/20231102pisosaharauisq5a1985.webp","datePublished":"2023-11-03T12:10:43+00:00","description":"Se ha cedido una vivienda de forma temporal a la Asociaci\u00f3n Navarra de Amigos del S\u00e1hara para alojar a los menores con dos monitores","breadcrumb":{"@id":"https:\/\/www.laguiadepamplona.com\/actualidad\/el-ayuntamiento-de-pamplona-colabora-en-la-atencion-a-dos-menores-de-los-campamentos-de-refugiados-saharauis-que-han-recibido-atencion-sanitaria\/#breadcrumb"},"inLanguage":"es","potentialAction":[{"@type":"ReadAction","target":["https:\/\/www.laguiadepamplona.com\/actualidad\/el-ayuntamiento-de-pamplona-colabora-en-la-atencion-a-dos-menores-de-los-campamentos-de-refugiados-saharauis-que-han-recibido-atencion-sanitaria\/"]}]},{"@type":"ImageObject","inLanguage":"es","@id":"https:\/\/www.laguiadepamplona.com\/actualidad\/el-ayuntamiento-de-pamplona-colabora-en-la-atencion-a-dos-menores-de-los-campamentos-de-refugiados-saharauis-que-han-recibido-atencion-sanitaria\/#primaryimage","url":"https:\/\/www.laguiadepamplona.com\/actualidad\/wp-content\/uploads\/2023\/11\/20231102pisosaharauisq5a1985.webp","contentUrl":"https:\/\/www.laguiadepamplona.com\/actualidad\/wp-content\/uploads\/2023\/11\/20231102pisosaharauisq5a1985.webp","width":1200,"height":800,"caption":"piso saharaui"},{"@type":"BreadcrumbList","@id":"https:\/\/www.laguiadepamplona.com\/actualidad\/el-ayuntamiento-de-pamplona-colabora-en-la-atencion-a-dos-menores-de-los-campamentos-de-refugiados-saharauis-que-han-recibido-atencion-sanitaria\/#breadcrumb","itemListElement":[{"@type":"ListItem","position":1,"name":"Portada","item":"https:\/\/www.laguiadepamplona.com\/actualidad\/"},{"@type":"ListItem","position":2,"name":"El Ayuntamiento de Pamplona colabora en la atenci\u00f3n a dos menores de los campamentos de refugiados saharauis que han recibido atenci\u00f3n sanitaria"}]},{"@type":"WebSite","@id":"https:\/\/www.laguiadepamplona.com\/actualidad\/#website","url":"https:\/\/www.laguiadepamplona.com\/actualidad\/","name":"La gu\u00eda de Pamplona","description":"Noticias de Pamplona","publisher":{"@id":"https:\/\/www.laguiadepamplona.com\/actualidad\/#organization"},"potentialAction":[{"@type":"SearchAction","target":{"@type":"EntryPoint","urlTemplate":"https:\/\/www.laguiadepamplona.com\/actualidad\/?s={search_term_string}"},"query-input":{"@type":"PropertyValueSpecification","valueRequired":true,"valueName":"search_term_string"}}],"inLanguage":"es"},{"@type":"Organization","@id":"https:\/\/www.laguiadepamplona.com\/actualidad\/#organization","name":"La Gu\u00eda de Pamplona \/ Noticias","url":"https:\/\/www.laguiadepamplona.com\/actualidad\/","logo":{"@type":"ImageObject","inLanguage":"es","@id":"https:\/\/www.laguiadepamplona.com\/actualidad\/#\/schema\/logo\/image\/","url":"https:\/\/www.laguiadepamplona.com\/actualidad\/wp-content\/uploads\/2018\/11\/logo-laguiadepamplona18-web1.png","contentUrl":"https:\/\/www.laguiadepamplona.com\/actualidad\/wp-content\/uploads\/2018\/11\/logo-laguiadepamplona18-web1.png","width":600,"height":196,"caption":"La Gu\u00eda de Pamplona \/ Noticias"},"image":{"@id":"https:\/\/www.laguiadepamplona.com\/actualidad\/#\/schema\/logo\/image\/"},"sameAs":["https:\/\/www.facebook.com\/laguiadepamplonacom-133175176762273\/?ref=hl","https:\/\/x.com\/LaGuiadPamplona","https:\/\/www.instagram.com\/la_guia_de_pamplona\/","https:\/\/www.youtube.com\/user\/laguiadepamplona"]},{"@type":"Person","@id":"https:\/\/www.laguiadepamplona.com\/actualidad\/#\/schema\/person\/efe887376f0213d4657c93adc50b1fdb","name":"La Gu\u00eda de Pamplona","image":{"@type":"ImageObject","inLanguage":"es","@id":"https:\/\/secure.gravatar.com\/avatar\/b6992f131dc8d30ab0dff15446e9d346d9dbd95992de0fef795073f5ea83a81c?s=96&d=mm&r=g","url":"https:\/\/secure.gravatar.com\/avatar\/b6992f131dc8d30ab0dff15446e9d346d9dbd95992de0fef795073f5ea83a81c?s=96&d=mm&r=g","contentUrl":"https:\/\/secure.gravatar.com\/avatar\/b6992f131dc8d30ab0dff15446e9d346d9dbd95992de0fef795073f5ea83a81c?s=96&d=mm&r=g","caption":"La Gu\u00eda de Pamplona"}}]}},"post_mailing_queue_ids":[],"_links":{"self":[{"href":"https:\/\/www.laguiadepamplona.com\/actualidad\/wp-json\/wp\/v2\/posts\/47795","targetHints":{"allow":["GET"]}}],"collection":[{"href":"https:\/\/www.laguiadepamplona.com\/actualidad\/wp-json\/wp\/v2\/posts"}],"about":[{"href":"https:\/\/www.laguiadepamplona.com\/actualidad\/wp-json\/wp\/v2\/types\/post"}],"author":[{"embeddable":true,"href":"https:\/\/www.laguiadepamplona.com\/actualidad\/wp-json\/wp\/v2\/users\/1"}],"replies":[{"embeddable":true,"href":"https:\/\/www.laguiadepamplona.com\/actualidad\/wp-json\/wp\/v2\/comments?post=47795"}],"version-history":[{"count":1,"href":"https:\/\/www.laguiadepamplona.com\/actualidad\/wp-json\/wp\/v2\/posts\/47795\/revisions"}],"predecessor-version":[{"id":47797,"href":"https:\/\/www.laguiadepamplona.com\/actualidad\/wp-json\/wp\/v2\/posts\/47795\/revisions\/47797"}],"wp:featuredmedia":[{"embeddable":true,"href":"https:\/\/www.laguiadepamplona.com\/actualidad\/wp-json\/wp\/v2\/media\/47796"}],"wp:attachment":[{"href":"https:\/\/www.laguiadepamplona.com\/actualidad\/wp-json\/wp\/v2\/media?parent=47795"}],"wp:term":[{"taxonomy":"category","embeddable":true,"href":"https:\/\/www.laguiadepamplona.com\/actualidad\/wp-json\/wp\/v2\/categories?post=47795"},{"taxonomy":"post_tag","embeddable":true,"href":"https:\/\/www.laguiadepamplona.com\/actualidad\/wp-json\/wp\/v2\/tags?post=47795"}],"curies":[{"name":"wp","href":"https:\/\/api.w.org\/{rel}","templated":true}]}}