{"id":47792,"date":"2023-11-03T14:08:33","date_gmt":"2023-11-03T12:08:33","guid":{"rendered":"https:\/\/www.laguiadepamplona.com\/actualidad\/?p=47792"},"modified":"2023-11-03T14:08:33","modified_gmt":"2023-11-03T12:08:33","slug":"pamplona-entra-en-la-junta-directiva-de-la-red-de-ciudades-que-caminan-y-el-ano-que-viene-la-ciudad-albergara-su-undecimo-congreso-internacional","status":"publish","type":"post","link":"https:\/\/www.laguiadepamplona.com\/actualidad\/pamplona-entra-en-la-junta-directiva-de-la-red-de-ciudades-que-caminan-y-el-ano-que-viene-la-ciudad-albergara-su-undecimo-congreso-internacional\/","title":{"rendered":"Pamplona entra en la junta directiva de la Red de Ciudades que Caminan y el a\u00f1o que viene la ciudad albergar\u00e1 su und\u00e9cimo congreso internacional"},"content":{"rendered":"<h3>Pamplona, reciente ganadora del premio que otorga la Red, ha sido invitada a exponer sus buenas pr\u00e1cticas este mes en la ciudad portuguesa de Oporto<\/h3>\n<p><!--more--><\/p>\n<p>Pamplona ha entrado a formar parte de la junta directiva de la Red de Ciudades que Caminan, un espacio de trabajo para el fomento de la movilidad peatonal en los espacios urbanos de la que forman parte 80 ciudades y tres diputaciones. La asociaci\u00f3n, que tiene vocaci\u00f3n internacional, desarrolla su actividad en consonancia con los principios recogidos por la Carta de los Derechos del Peat\u00f3n y la Carta Internacional del Caminar. Su objetivo es beneficiar los desplazamientos a pie y la estancia peatonal en el espacio p\u00fablico, contribuir as\u00ed de manera directa a mejorar la cohesi\u00f3n social de los municipios, y alcanzar la igualdad de oportunidades en el uso y el disfrute de dicho espacio p\u00fablico, actualmente dominado por los coches.<br \/>\n<script async src=\"\/\/pagead2.googlesyndication.com\/pagead\/js\/adsbygoogle.js\"><\/script><br \/>\n<!-- Noticias La Guia de Pamplona --><br \/>\n<ins class=\"adsbygoogle\"\nstyle=\"display:block\"\ndata-ad-client=\"ca-pub-6943679897239327\"\ndata-ad-slot=\"7048180777\"\ndata-ad-format=\"auto\"><\/ins><br \/>\n<script>\n(adsbygoogle = window.adsbygoogle || []).push({});\n<\/script><\/p>\n<p>En ese sentido la Red quiere difundir la llamada cultura del caminar, presionando en favor de que las ciudades puedan llegar a ser espacios con prioridad peatonal en todos sus barrios adem\u00e1s de en los centros urbanos. Tambi\u00e9n se busca hacer visibles los \u00e9xitos y los avances de las ciudades en materia de movilidad peatonal, que como definen los principios de la Red es la m\u00e1s \u201cnatural\u201d de todas las formas de moverse, y, en general, fomentar un cambio en la forma de entender el espacio p\u00fablico para mejorar la calidad de vida urbana.<\/p>\n<p>La Red realiza funciones de apoyo a las entidades territoriales asociadas, unas tareas que se estructuran en cuatro \u00e1reas: aprendizaje en red a trav\u00e9s de jornadas y acciones formativas diversas, campa\u00f1as y recursos como el metrominuto que se elabora para todas y cada una de las ciudades, cooperaci\u00f3n institucional y difusi\u00f3n de buenas pr\u00e1cticas. Entre sus momentos anuales m\u00e1s importantes est\u00e1 la organizaci\u00f3n de un congreso en el que se dan cita el personal t\u00e9cnico y responsables pol\u00edticos de las \u00e1reas implicadas. El a\u00f1o que viene, en oto\u00f1o, ser\u00e1 Pamplona la encargada de organizar esta cita que cumplir\u00e1 su und\u00e9cima edici\u00f3n. La decisi\u00f3n la ha tomado la asamblea de la Red por unanimidad en su \u00faltima reuni\u00f3n anual ordinaria celebrada este pasado mes de octubre en Valladolid, que ha sido este a\u00f1o la ciudad anfitriona tanto del congreso como de dicha asamblea general de la Red.<br \/>\n<script async src=\"\/\/pagead2.googlesyndication.com\/pagead\/js\/adsbygoogle.js\"><\/script><br \/>\n<!-- Noticias La Guia de Pamplona --><br \/>\n<ins class=\"adsbygoogle\"\nstyle=\"display:block\"\ndata-ad-client=\"ca-pub-6943679897239327\"\ndata-ad-slot=\"7048180777\"\ndata-ad-format=\"auto\"><\/ins><br \/>\n<script>\n(adsbygoogle = window.adsbygoogle || []).push({});\n<\/script><\/p>\n<p>Pamplona ser\u00e1 una de las vocal\u00edas de la junta directiva de la Red, un \u00f3rgano que seguir\u00e1 estando presidido por la ciudad de Pontevedra. La representaci\u00f3n de la ciudad en la Red la ostentar\u00e1 Aitor Silgado, como concejal especial de Desarrollo Sostenible y Proyectos Estrat\u00e9gicos.<\/p>\n<p>Por otra parte, este mes Pamplona ha sido invitada por la Red de Ciudades que Caminan de Portugal. La Red portuguesa celebra los d\u00edas 16 y 17 su congreso anual en la ciudad de Oporto y el Ayuntamiento de Pamplona ha sido citado para explicar \u2018Ciudad caminable e integradora\u2019, un proyecto premiado en la categor\u00eda de ciudades de m\u00e1s de 100.000 habitantes.<br \/>\n<script async src=\"\/\/pagead2.googlesyndication.com\/pagead\/js\/adsbygoogle.js\"><\/script><br \/>\n<!-- Noticias La Guia de Pamplona --><br \/>\n<ins class=\"adsbygoogle\"\nstyle=\"display:block\"\ndata-ad-client=\"ca-pub-6943679897239327\"\ndata-ad-slot=\"7048180777\"\ndata-ad-format=\"auto\"><\/ins><br \/>\n<script>\n(adsbygoogle = window.adsbygoogle || []).push({});\n<\/script><\/p>\n<p>El proyecto recoge un gran cat\u00e1logo de actuaciones con distintas l\u00edneas de trabajo e intervenciones urbanas en distintos barrios, destacando la reurbanizaci\u00f3n de la Milagrosa, cuyo objetivo ha sido restringir el tr\u00e1fico motorizado de paso y el aparcamiento, y conquistar las calzadas como espacios caminables y para la convivencia en distintos barrios.<\/p>\n","protected":false},"excerpt":{"rendered":"<p>Pamplona, reciente ganadora del premio que otorga la Red, ha sido invitada a exponer sus buenas pr\u00e1cticas este mes en la ciudad portuguesa de Oporto<\/p>\n","protected":false},"author":1,"featured_media":47793,"comment_status":"open","ping_status":"closed","sticky":false,"template":"","format":"standard","meta":{"footnotes":""},"categories":[2],"tags":[],"class_list":["post-47792","post","type-post","status-publish","format-standard","has-post-thumbnail","hentry","category-ayuntamiento-pamplona"],"yoast_head":"<!-- This site is optimized with the Yoast SEO plugin v27.3 - https:\/\/yoast.com\/product\/yoast-seo-wordpress\/ -->\n<title>Pamplona entra en la junta directiva de la Red de Ciudades que Caminan y el a\u00f1o que viene la ciudad albergar\u00e1 su und\u00e9cimo congreso internacional<\/title>\n<meta name=\"description\" content=\"Pamplona, reciente ganadora del premio que otorga la Red, ha sido invitada a exponer sus buenas pr\u00e1cticas este mes en la ciudad portuguesa de Oporto\" \/>\n<meta name=\"robots\" content=\"index, follow, max-snippet:-1, max-image-preview:large, max-video-preview:-1\" \/>\n<link rel=\"canonical\" href=\"https:\/\/www.laguiadepamplona.com\/actualidad\/pamplona-entra-en-la-junta-directiva-de-la-red-de-ciudades-que-caminan-y-el-ano-que-viene-la-ciudad-albergara-su-undecimo-congreso-internacional\/\" \/>\n<meta property=\"og:locale\" content=\"es_ES\" \/>\n<meta property=\"og:type\" content=\"article\" \/>\n<meta property=\"og:title\" content=\"Pamplona entra en la junta directiva de la Red de Ciudades que Caminan y el a\u00f1o que viene la ciudad albergar\u00e1 su und\u00e9cimo congreso internacional\" \/>\n<meta property=\"og:description\" content=\"Pamplona, reciente ganadora del premio que otorga la Red, ha sido invitada a exponer sus buenas pr\u00e1cticas este mes en la ciudad portuguesa de Oporto\" \/>\n<meta property=\"og:url\" content=\"https:\/\/www.laguiadepamplona.com\/actualidad\/pamplona-entra-en-la-junta-directiva-de-la-red-de-ciudades-que-caminan-y-el-ano-que-viene-la-ciudad-albergara-su-undecimo-congreso-internacional\/\" \/>\n<meta property=\"og:site_name\" content=\"La Gu\u00eda de Pamplona\" \/>\n<meta property=\"article:publisher\" content=\"https:\/\/www.facebook.com\/laguiadepamplonacom-133175176762273\/?ref=hl\" \/>\n<meta property=\"article:published_time\" content=\"2023-11-03T12:08:33+00:00\" \/>\n<meta property=\"og:image\" content=\"https:\/\/www.laguiadepamplona.com\/actualidad\/wp-content\/uploads\/2023\/11\/zona_comercial_comercios_calle_comedias-1.webp\" \/>\n\t<meta property=\"og:image:width\" content=\"1200\" \/>\n\t<meta property=\"og:image:height\" content=\"800\" \/>\n\t<meta property=\"og:image:type\" content=\"image\/webp\" \/>\n<meta name=\"author\" content=\"La Gu\u00eda de Pamplona\" \/>\n<meta name=\"twitter:card\" content=\"summary_large_image\" \/>\n<meta name=\"twitter:creator\" content=\"@LaGuiadPamplona\" \/>\n<meta name=\"twitter:site\" content=\"@LaGuiadPamplona\" \/>\n<meta name=\"twitter:label1\" content=\"Escrito por\" \/>\n\t<meta name=\"twitter:data1\" content=\"La Gu\u00eda de Pamplona\" \/>\n\t<meta name=\"twitter:label2\" content=\"Tiempo de lectura\" \/>\n\t<meta name=\"twitter:data2\" content=\"3 minutos\" \/>\n<script type=\"application\/ld+json\" class=\"yoast-schema-graph\">{\"@context\":\"https:\\\/\\\/schema.org\",\"@graph\":[{\"@type\":\"Article\",\"@id\":\"https:\\\/\\\/www.laguiadepamplona.com\\\/actualidad\\\/pamplona-entra-en-la-junta-directiva-de-la-red-de-ciudades-que-caminan-y-el-ano-que-viene-la-ciudad-albergara-su-undecimo-congreso-internacional\\\/#article\",\"isPartOf\":{\"@id\":\"https:\\\/\\\/www.laguiadepamplona.com\\\/actualidad\\\/pamplona-entra-en-la-junta-directiva-de-la-red-de-ciudades-que-caminan-y-el-ano-que-viene-la-ciudad-albergara-su-undecimo-congreso-internacional\\\/\"},\"author\":{\"name\":\"La Gu\u00eda de Pamplona\",\"@id\":\"https:\\\/\\\/www.laguiadepamplona.com\\\/actualidad\\\/#\\\/schema\\\/person\\\/efe887376f0213d4657c93adc50b1fdb\"},\"headline\":\"Pamplona entra en la junta directiva de la Red de Ciudades que Caminan y el a\u00f1o que viene la ciudad albergar\u00e1 su und\u00e9cimo congreso internacional\",\"datePublished\":\"2023-11-03T12:08:33+00:00\",\"mainEntityOfPage\":{\"@id\":\"https:\\\/\\\/www.laguiadepamplona.com\\\/actualidad\\\/pamplona-entra-en-la-junta-directiva-de-la-red-de-ciudades-que-caminan-y-el-ano-que-viene-la-ciudad-albergara-su-undecimo-congreso-internacional\\\/\"},\"wordCount\":605,\"commentCount\":0,\"publisher\":{\"@id\":\"https:\\\/\\\/www.laguiadepamplona.com\\\/actualidad\\\/#organization\"},\"image\":{\"@id\":\"https:\\\/\\\/www.laguiadepamplona.com\\\/actualidad\\\/pamplona-entra-en-la-junta-directiva-de-la-red-de-ciudades-que-caminan-y-el-ano-que-viene-la-ciudad-albergara-su-undecimo-congreso-internacional\\\/#primaryimage\"},\"thumbnailUrl\":\"https:\\\/\\\/www.laguiadepamplona.com\\\/actualidad\\\/wp-content\\\/uploads\\\/2023\\\/11\\\/zona_comercial_comercios_calle_comedias-1.webp\",\"articleSection\":[\"Ayto Pamplona\"],\"inLanguage\":\"es\",\"potentialAction\":[{\"@type\":\"CommentAction\",\"name\":\"Comment\",\"target\":[\"https:\\\/\\\/www.laguiadepamplona.com\\\/actualidad\\\/pamplona-entra-en-la-junta-directiva-de-la-red-de-ciudades-que-caminan-y-el-ano-que-viene-la-ciudad-albergara-su-undecimo-congreso-internacional\\\/#respond\"]}]},{\"@type\":\"WebPage\",\"@id\":\"https:\\\/\\\/www.laguiadepamplona.com\\\/actualidad\\\/pamplona-entra-en-la-junta-directiva-de-la-red-de-ciudades-que-caminan-y-el-ano-que-viene-la-ciudad-albergara-su-undecimo-congreso-internacional\\\/\",\"url\":\"https:\\\/\\\/www.laguiadepamplona.com\\\/actualidad\\\/pamplona-entra-en-la-junta-directiva-de-la-red-de-ciudades-que-caminan-y-el-ano-que-viene-la-ciudad-albergara-su-undecimo-congreso-internacional\\\/\",\"name\":\"Pamplona entra en la junta directiva de la Red de Ciudades que Caminan y el a\u00f1o que viene la ciudad albergar\u00e1 su und\u00e9cimo congreso internacional\",\"isPartOf\":{\"@id\":\"https:\\\/\\\/www.laguiadepamplona.com\\\/actualidad\\\/#website\"},\"primaryImageOfPage\":{\"@id\":\"https:\\\/\\\/www.laguiadepamplona.com\\\/actualidad\\\/pamplona-entra-en-la-junta-directiva-de-la-red-de-ciudades-que-caminan-y-el-ano-que-viene-la-ciudad-albergara-su-undecimo-congreso-internacional\\\/#primaryimage\"},\"image\":{\"@id\":\"https:\\\/\\\/www.laguiadepamplona.com\\\/actualidad\\\/pamplona-entra-en-la-junta-directiva-de-la-red-de-ciudades-que-caminan-y-el-ano-que-viene-la-ciudad-albergara-su-undecimo-congreso-internacional\\\/#primaryimage\"},\"thumbnailUrl\":\"https:\\\/\\\/www.laguiadepamplona.com\\\/actualidad\\\/wp-content\\\/uploads\\\/2023\\\/11\\\/zona_comercial_comercios_calle_comedias-1.webp\",\"datePublished\":\"2023-11-03T12:08:33+00:00\",\"description\":\"Pamplona, reciente ganadora del premio que otorga la Red, ha sido invitada a exponer sus buenas pr\u00e1cticas este mes en la ciudad portuguesa de Oporto\",\"breadcrumb\":{\"@id\":\"https:\\\/\\\/www.laguiadepamplona.com\\\/actualidad\\\/pamplona-entra-en-la-junta-directiva-de-la-red-de-ciudades-que-caminan-y-el-ano-que-viene-la-ciudad-albergara-su-undecimo-congreso-internacional\\\/#breadcrumb\"},\"inLanguage\":\"es\",\"potentialAction\":[{\"@type\":\"ReadAction\",\"target\":[\"https:\\\/\\\/www.laguiadepamplona.com\\\/actualidad\\\/pamplona-entra-en-la-junta-directiva-de-la-red-de-ciudades-que-caminan-y-el-ano-que-viene-la-ciudad-albergara-su-undecimo-congreso-internacional\\\/\"]}]},{\"@type\":\"ImageObject\",\"inLanguage\":\"es\",\"@id\":\"https:\\\/\\\/www.laguiadepamplona.com\\\/actualidad\\\/pamplona-entra-en-la-junta-directiva-de-la-red-de-ciudades-que-caminan-y-el-ano-que-viene-la-ciudad-albergara-su-undecimo-congreso-internacional\\\/#primaryimage\",\"url\":\"https:\\\/\\\/www.laguiadepamplona.com\\\/actualidad\\\/wp-content\\\/uploads\\\/2023\\\/11\\\/zona_comercial_comercios_calle_comedias-1.webp\",\"contentUrl\":\"https:\\\/\\\/www.laguiadepamplona.com\\\/actualidad\\\/wp-content\\\/uploads\\\/2023\\\/11\\\/zona_comercial_comercios_calle_comedias-1.webp\",\"width\":1200,\"height\":800,\"caption\":\"zona comercial\"},{\"@type\":\"BreadcrumbList\",\"@id\":\"https:\\\/\\\/www.laguiadepamplona.com\\\/actualidad\\\/pamplona-entra-en-la-junta-directiva-de-la-red-de-ciudades-que-caminan-y-el-ano-que-viene-la-ciudad-albergara-su-undecimo-congreso-internacional\\\/#breadcrumb\",\"itemListElement\":[{\"@type\":\"ListItem\",\"position\":1,\"name\":\"Portada\",\"item\":\"https:\\\/\\\/www.laguiadepamplona.com\\\/actualidad\\\/\"},{\"@type\":\"ListItem\",\"position\":2,\"name\":\"Pamplona entra en la junta directiva de la Red de Ciudades que Caminan y el a\u00f1o que viene la ciudad albergar\u00e1 su und\u00e9cimo congreso internacional\"}]},{\"@type\":\"WebSite\",\"@id\":\"https:\\\/\\\/www.laguiadepamplona.com\\\/actualidad\\\/#website\",\"url\":\"https:\\\/\\\/www.laguiadepamplona.com\\\/actualidad\\\/\",\"name\":\"La gu\u00eda de Pamplona\",\"description\":\"Noticias de Pamplona\",\"publisher\":{\"@id\":\"https:\\\/\\\/www.laguiadepamplona.com\\\/actualidad\\\/#organization\"},\"potentialAction\":[{\"@type\":\"SearchAction\",\"target\":{\"@type\":\"EntryPoint\",\"urlTemplate\":\"https:\\\/\\\/www.laguiadepamplona.com\\\/actualidad\\\/?s={search_term_string}\"},\"query-input\":{\"@type\":\"PropertyValueSpecification\",\"valueRequired\":true,\"valueName\":\"search_term_string\"}}],\"inLanguage\":\"es\"},{\"@type\":\"Organization\",\"@id\":\"https:\\\/\\\/www.laguiadepamplona.com\\\/actualidad\\\/#organization\",\"name\":\"La Gu\u00eda de Pamplona \\\/ Noticias\",\"url\":\"https:\\\/\\\/www.laguiadepamplona.com\\\/actualidad\\\/\",\"logo\":{\"@type\":\"ImageObject\",\"inLanguage\":\"es\",\"@id\":\"https:\\\/\\\/www.laguiadepamplona.com\\\/actualidad\\\/#\\\/schema\\\/logo\\\/image\\\/\",\"url\":\"https:\\\/\\\/www.laguiadepamplona.com\\\/actualidad\\\/wp-content\\\/uploads\\\/2018\\\/11\\\/logo-laguiadepamplona18-web1.png\",\"contentUrl\":\"https:\\\/\\\/www.laguiadepamplona.com\\\/actualidad\\\/wp-content\\\/uploads\\\/2018\\\/11\\\/logo-laguiadepamplona18-web1.png\",\"width\":600,\"height\":196,\"caption\":\"La Gu\u00eda de Pamplona \\\/ Noticias\"},\"image\":{\"@id\":\"https:\\\/\\\/www.laguiadepamplona.com\\\/actualidad\\\/#\\\/schema\\\/logo\\\/image\\\/\"},\"sameAs\":[\"https:\\\/\\\/www.facebook.com\\\/laguiadepamplonacom-133175176762273\\\/?ref=hl\",\"https:\\\/\\\/x.com\\\/LaGuiadPamplona\",\"https:\\\/\\\/www.instagram.com\\\/la_guia_de_pamplona\\\/\",\"https:\\\/\\\/www.youtube.com\\\/user\\\/laguiadepamplona\"]},{\"@type\":\"Person\",\"@id\":\"https:\\\/\\\/www.laguiadepamplona.com\\\/actualidad\\\/#\\\/schema\\\/person\\\/efe887376f0213d4657c93adc50b1fdb\",\"name\":\"La Gu\u00eda de Pamplona\",\"image\":{\"@type\":\"ImageObject\",\"inLanguage\":\"es\",\"@id\":\"https:\\\/\\\/secure.gravatar.com\\\/avatar\\\/b6992f131dc8d30ab0dff15446e9d346d9dbd95992de0fef795073f5ea83a81c?s=96&d=mm&r=g\",\"url\":\"https:\\\/\\\/secure.gravatar.com\\\/avatar\\\/b6992f131dc8d30ab0dff15446e9d346d9dbd95992de0fef795073f5ea83a81c?s=96&d=mm&r=g\",\"contentUrl\":\"https:\\\/\\\/secure.gravatar.com\\\/avatar\\\/b6992f131dc8d30ab0dff15446e9d346d9dbd95992de0fef795073f5ea83a81c?s=96&d=mm&r=g\",\"caption\":\"La Gu\u00eda de Pamplona\"}}]}<\/script>\n<!-- \/ Yoast SEO plugin. -->","yoast_head_json":{"title":"Pamplona entra en la junta directiva de la Red de Ciudades que Caminan y el a\u00f1o que viene la ciudad albergar\u00e1 su und\u00e9cimo congreso internacional","description":"Pamplona, reciente ganadora del premio que otorga la Red, ha sido invitada a exponer sus buenas pr\u00e1cticas este mes en la ciudad portuguesa de Oporto","robots":{"index":"index","follow":"follow","max-snippet":"max-snippet:-1","max-image-preview":"max-image-preview:large","max-video-preview":"max-video-preview:-1"},"canonical":"https:\/\/www.laguiadepamplona.com\/actualidad\/pamplona-entra-en-la-junta-directiva-de-la-red-de-ciudades-que-caminan-y-el-ano-que-viene-la-ciudad-albergara-su-undecimo-congreso-internacional\/","og_locale":"es_ES","og_type":"article","og_title":"Pamplona entra en la junta directiva de la Red de Ciudades que Caminan y el a\u00f1o que viene la ciudad albergar\u00e1 su und\u00e9cimo congreso internacional","og_description":"Pamplona, reciente ganadora del premio que otorga la Red, ha sido invitada a exponer sus buenas pr\u00e1cticas este mes en la ciudad portuguesa de Oporto","og_url":"https:\/\/www.laguiadepamplona.com\/actualidad\/pamplona-entra-en-la-junta-directiva-de-la-red-de-ciudades-que-caminan-y-el-ano-que-viene-la-ciudad-albergara-su-undecimo-congreso-internacional\/","og_site_name":"La Gu\u00eda de Pamplona","article_publisher":"https:\/\/www.facebook.com\/laguiadepamplonacom-133175176762273\/?ref=hl","article_published_time":"2023-11-03T12:08:33+00:00","og_image":[{"width":1200,"height":800,"url":"https:\/\/www.laguiadepamplona.com\/actualidad\/wp-content\/uploads\/2023\/11\/zona_comercial_comercios_calle_comedias-1.webp","type":"image\/webp"}],"author":"La Gu\u00eda de Pamplona","twitter_card":"summary_large_image","twitter_creator":"@LaGuiadPamplona","twitter_site":"@LaGuiadPamplona","twitter_misc":{"Escrito por":"La Gu\u00eda de Pamplona","Tiempo de lectura":"3 minutos"},"schema":{"@context":"https:\/\/schema.org","@graph":[{"@type":"Article","@id":"https:\/\/www.laguiadepamplona.com\/actualidad\/pamplona-entra-en-la-junta-directiva-de-la-red-de-ciudades-que-caminan-y-el-ano-que-viene-la-ciudad-albergara-su-undecimo-congreso-internacional\/#article","isPartOf":{"@id":"https:\/\/www.laguiadepamplona.com\/actualidad\/pamplona-entra-en-la-junta-directiva-de-la-red-de-ciudades-que-caminan-y-el-ano-que-viene-la-ciudad-albergara-su-undecimo-congreso-internacional\/"},"author":{"name":"La Gu\u00eda de Pamplona","@id":"https:\/\/www.laguiadepamplona.com\/actualidad\/#\/schema\/person\/efe887376f0213d4657c93adc50b1fdb"},"headline":"Pamplona entra en la junta directiva de la Red de Ciudades que Caminan y el a\u00f1o que viene la ciudad albergar\u00e1 su und\u00e9cimo congreso internacional","datePublished":"2023-11-03T12:08:33+00:00","mainEntityOfPage":{"@id":"https:\/\/www.laguiadepamplona.com\/actualidad\/pamplona-entra-en-la-junta-directiva-de-la-red-de-ciudades-que-caminan-y-el-ano-que-viene-la-ciudad-albergara-su-undecimo-congreso-internacional\/"},"wordCount":605,"commentCount":0,"publisher":{"@id":"https:\/\/www.laguiadepamplona.com\/actualidad\/#organization"},"image":{"@id":"https:\/\/www.laguiadepamplona.com\/actualidad\/pamplona-entra-en-la-junta-directiva-de-la-red-de-ciudades-que-caminan-y-el-ano-que-viene-la-ciudad-albergara-su-undecimo-congreso-internacional\/#primaryimage"},"thumbnailUrl":"https:\/\/www.laguiadepamplona.com\/actualidad\/wp-content\/uploads\/2023\/11\/zona_comercial_comercios_calle_comedias-1.webp","articleSection":["Ayto Pamplona"],"inLanguage":"es","potentialAction":[{"@type":"CommentAction","name":"Comment","target":["https:\/\/www.laguiadepamplona.com\/actualidad\/pamplona-entra-en-la-junta-directiva-de-la-red-de-ciudades-que-caminan-y-el-ano-que-viene-la-ciudad-albergara-su-undecimo-congreso-internacional\/#respond"]}]},{"@type":"WebPage","@id":"https:\/\/www.laguiadepamplona.com\/actualidad\/pamplona-entra-en-la-junta-directiva-de-la-red-de-ciudades-que-caminan-y-el-ano-que-viene-la-ciudad-albergara-su-undecimo-congreso-internacional\/","url":"https:\/\/www.laguiadepamplona.com\/actualidad\/pamplona-entra-en-la-junta-directiva-de-la-red-de-ciudades-que-caminan-y-el-ano-que-viene-la-ciudad-albergara-su-undecimo-congreso-internacional\/","name":"Pamplona entra en la junta directiva de la Red de Ciudades que Caminan y el a\u00f1o que viene la ciudad albergar\u00e1 su und\u00e9cimo congreso internacional","isPartOf":{"@id":"https:\/\/www.laguiadepamplona.com\/actualidad\/#website"},"primaryImageOfPage":{"@id":"https:\/\/www.laguiadepamplona.com\/actualidad\/pamplona-entra-en-la-junta-directiva-de-la-red-de-ciudades-que-caminan-y-el-ano-que-viene-la-ciudad-albergara-su-undecimo-congreso-internacional\/#primaryimage"},"image":{"@id":"https:\/\/www.laguiadepamplona.com\/actualidad\/pamplona-entra-en-la-junta-directiva-de-la-red-de-ciudades-que-caminan-y-el-ano-que-viene-la-ciudad-albergara-su-undecimo-congreso-internacional\/#primaryimage"},"thumbnailUrl":"https:\/\/www.laguiadepamplona.com\/actualidad\/wp-content\/uploads\/2023\/11\/zona_comercial_comercios_calle_comedias-1.webp","datePublished":"2023-11-03T12:08:33+00:00","description":"Pamplona, reciente ganadora del premio que otorga la Red, ha sido invitada a exponer sus buenas pr\u00e1cticas este mes en la ciudad portuguesa de Oporto","breadcrumb":{"@id":"https:\/\/www.laguiadepamplona.com\/actualidad\/pamplona-entra-en-la-junta-directiva-de-la-red-de-ciudades-que-caminan-y-el-ano-que-viene-la-ciudad-albergara-su-undecimo-congreso-internacional\/#breadcrumb"},"inLanguage":"es","potentialAction":[{"@type":"ReadAction","target":["https:\/\/www.laguiadepamplona.com\/actualidad\/pamplona-entra-en-la-junta-directiva-de-la-red-de-ciudades-que-caminan-y-el-ano-que-viene-la-ciudad-albergara-su-undecimo-congreso-internacional\/"]}]},{"@type":"ImageObject","inLanguage":"es","@id":"https:\/\/www.laguiadepamplona.com\/actualidad\/pamplona-entra-en-la-junta-directiva-de-la-red-de-ciudades-que-caminan-y-el-ano-que-viene-la-ciudad-albergara-su-undecimo-congreso-internacional\/#primaryimage","url":"https:\/\/www.laguiadepamplona.com\/actualidad\/wp-content\/uploads\/2023\/11\/zona_comercial_comercios_calle_comedias-1.webp","contentUrl":"https:\/\/www.laguiadepamplona.com\/actualidad\/wp-content\/uploads\/2023\/11\/zona_comercial_comercios_calle_comedias-1.webp","width":1200,"height":800,"caption":"zona comercial"},{"@type":"BreadcrumbList","@id":"https:\/\/www.laguiadepamplona.com\/actualidad\/pamplona-entra-en-la-junta-directiva-de-la-red-de-ciudades-que-caminan-y-el-ano-que-viene-la-ciudad-albergara-su-undecimo-congreso-internacional\/#breadcrumb","itemListElement":[{"@type":"ListItem","position":1,"name":"Portada","item":"https:\/\/www.laguiadepamplona.com\/actualidad\/"},{"@type":"ListItem","position":2,"name":"Pamplona entra en la junta directiva de la Red de Ciudades que Caminan y el a\u00f1o que viene la ciudad albergar\u00e1 su und\u00e9cimo congreso internacional"}]},{"@type":"WebSite","@id":"https:\/\/www.laguiadepamplona.com\/actualidad\/#website","url":"https:\/\/www.laguiadepamplona.com\/actualidad\/","name":"La gu\u00eda de Pamplona","description":"Noticias de Pamplona","publisher":{"@id":"https:\/\/www.laguiadepamplona.com\/actualidad\/#organization"},"potentialAction":[{"@type":"SearchAction","target":{"@type":"EntryPoint","urlTemplate":"https:\/\/www.laguiadepamplona.com\/actualidad\/?s={search_term_string}"},"query-input":{"@type":"PropertyValueSpecification","valueRequired":true,"valueName":"search_term_string"}}],"inLanguage":"es"},{"@type":"Organization","@id":"https:\/\/www.laguiadepamplona.com\/actualidad\/#organization","name":"La Gu\u00eda de Pamplona \/ Noticias","url":"https:\/\/www.laguiadepamplona.com\/actualidad\/","logo":{"@type":"ImageObject","inLanguage":"es","@id":"https:\/\/www.laguiadepamplona.com\/actualidad\/#\/schema\/logo\/image\/","url":"https:\/\/www.laguiadepamplona.com\/actualidad\/wp-content\/uploads\/2018\/11\/logo-laguiadepamplona18-web1.png","contentUrl":"https:\/\/www.laguiadepamplona.com\/actualidad\/wp-content\/uploads\/2018\/11\/logo-laguiadepamplona18-web1.png","width":600,"height":196,"caption":"La Gu\u00eda de Pamplona \/ Noticias"},"image":{"@id":"https:\/\/www.laguiadepamplona.com\/actualidad\/#\/schema\/logo\/image\/"},"sameAs":["https:\/\/www.facebook.com\/laguiadepamplonacom-133175176762273\/?ref=hl","https:\/\/x.com\/LaGuiadPamplona","https:\/\/www.instagram.com\/la_guia_de_pamplona\/","https:\/\/www.youtube.com\/user\/laguiadepamplona"]},{"@type":"Person","@id":"https:\/\/www.laguiadepamplona.com\/actualidad\/#\/schema\/person\/efe887376f0213d4657c93adc50b1fdb","name":"La Gu\u00eda de Pamplona","image":{"@type":"ImageObject","inLanguage":"es","@id":"https:\/\/secure.gravatar.com\/avatar\/b6992f131dc8d30ab0dff15446e9d346d9dbd95992de0fef795073f5ea83a81c?s=96&d=mm&r=g","url":"https:\/\/secure.gravatar.com\/avatar\/b6992f131dc8d30ab0dff15446e9d346d9dbd95992de0fef795073f5ea83a81c?s=96&d=mm&r=g","contentUrl":"https:\/\/secure.gravatar.com\/avatar\/b6992f131dc8d30ab0dff15446e9d346d9dbd95992de0fef795073f5ea83a81c?s=96&d=mm&r=g","caption":"La Gu\u00eda de Pamplona"}}]}},"post_mailing_queue_ids":[],"_links":{"self":[{"href":"https:\/\/www.laguiadepamplona.com\/actualidad\/wp-json\/wp\/v2\/posts\/47792","targetHints":{"allow":["GET"]}}],"collection":[{"href":"https:\/\/www.laguiadepamplona.com\/actualidad\/wp-json\/wp\/v2\/posts"}],"about":[{"href":"https:\/\/www.laguiadepamplona.com\/actualidad\/wp-json\/wp\/v2\/types\/post"}],"author":[{"embeddable":true,"href":"https:\/\/www.laguiadepamplona.com\/actualidad\/wp-json\/wp\/v2\/users\/1"}],"replies":[{"embeddable":true,"href":"https:\/\/www.laguiadepamplona.com\/actualidad\/wp-json\/wp\/v2\/comments?post=47792"}],"version-history":[{"count":1,"href":"https:\/\/www.laguiadepamplona.com\/actualidad\/wp-json\/wp\/v2\/posts\/47792\/revisions"}],"predecessor-version":[{"id":47794,"href":"https:\/\/www.laguiadepamplona.com\/actualidad\/wp-json\/wp\/v2\/posts\/47792\/revisions\/47794"}],"wp:featuredmedia":[{"embeddable":true,"href":"https:\/\/www.laguiadepamplona.com\/actualidad\/wp-json\/wp\/v2\/media\/47793"}],"wp:attachment":[{"href":"https:\/\/www.laguiadepamplona.com\/actualidad\/wp-json\/wp\/v2\/media?parent=47792"}],"wp:term":[{"taxonomy":"category","embeddable":true,"href":"https:\/\/www.laguiadepamplona.com\/actualidad\/wp-json\/wp\/v2\/categories?post=47792"},{"taxonomy":"post_tag","embeddable":true,"href":"https:\/\/www.laguiadepamplona.com\/actualidad\/wp-json\/wp\/v2\/tags?post=47792"}],"curies":[{"name":"wp","href":"https:\/\/api.w.org\/{rel}","templated":true}]}}