{"id":47789,"date":"2023-11-03T14:06:55","date_gmt":"2023-11-03T12:06:55","guid":{"rendered":"https:\/\/www.laguiadepamplona.com\/actualidad\/?p=47789"},"modified":"2023-11-03T14:06:55","modified_gmt":"2023-11-03T12:06:55","slug":"la-alcaldesa-cristina-ibarrola-se-reune-con-el-presidente-de-la-asociacion-de-ayuda-en-carretera-dya-navarra-peio-jimenez","status":"publish","type":"post","link":"https:\/\/www.laguiadepamplona.com\/actualidad\/la-alcaldesa-cristina-ibarrola-se-reune-con-el-presidente-de-la-asociacion-de-ayuda-en-carretera-dya-navarra-peio-jimenez\/","title":{"rendered":"La alcaldesa Cristina Ibarrola se re\u00fane con el presidente de la asociaci\u00f3n de ayuda en carretera DYA Navarra, Peio Jim\u00e9nez"},"content":{"rendered":"<h3>Las dos instituciones mantienen un acuerdo de colaboraci\u00f3n para fomentar el bienestar de la ciudadan\u00eda, sobre todo de las personas en dificultad<\/h3>\n<p><!--more--><\/p>\n<p>La alcaldesa de Pamplona, Cristina Ibarrola, se ha reunido con el presidente de la asociaci\u00f3n de ayuda en carretera DYA Navarra, Peio Jim\u00e9nez, para tratar diversos asuntos de inter\u00e9s en torno a la seguridad y el bienestar de la ciudadan\u00eda. En la reuni\u00f3n han participado tambi\u00e9n el concejal de Seguridad Ciudadana, Javier Labairu, y el gerente de DYA Navarra, Javier Mendia.<br \/>\n<script async src=\"\/\/pagead2.googlesyndication.com\/pagead\/js\/adsbygoogle.js\"><\/script><br \/>\n<!-- Noticias La Guia de Pamplona --><br \/>\n<ins class=\"adsbygoogle\"\nstyle=\"display:block\"\ndata-ad-client=\"ca-pub-6943679897239327\"\ndata-ad-slot=\"7048180777\"\ndata-ad-format=\"auto\"><\/ins><br \/>\n<script>\n(adsbygoogle = window.adsbygoogle || []).push({});\n<\/script><\/p>\n<p>La reuni\u00f3n se enmarca en la rueda de contactos que Alcald\u00eda mantiene con diversas instituciones y asociaciones de la ciudad, para establecer programas de colaboraci\u00f3n. DYA Navarra es una asociaci\u00f3n sin \u00e1nimo de lucro, creada en 1977, que presta auxilio en las carreteras a trav\u00e9s del voluntariado. Forma parte de la red del 112 de Gobierno de Navarra.<\/p>\n<p>Adem\u00e1s de su labor de asistencia, DYA Navarra forma a sus voluntarios y tambi\u00e9n a entidades p\u00fablicas y privadas, tanto en materia sanitaria como de prevenci\u00f3n. En los \u00faltimos a\u00f1os, su \u00e1rea de atenci\u00f3n social ha crecido notablemente. Entre las acciones que realiza, mantiene un convenio de colaboraci\u00f3n con el Ayuntamiento de Pamplona para realizar el programa \u2018Sube y baja\u2019, dirigido a personas con necesidades de movilidad para potenciar su autonom\u00eda e impedir su aislamiento.<\/p>\n","protected":false},"excerpt":{"rendered":"<p>Las dos instituciones mantienen un acuerdo de colaboraci\u00f3n para fomentar el bienestar de la ciudadan\u00eda, sobre todo de las personas en dificultad<\/p>\n","protected":false},"author":1,"featured_media":47790,"comment_status":"open","ping_status":"closed","sticky":false,"template":"","format":"standard","meta":{"footnotes":""},"categories":[2],"tags":[],"class_list":["post-47789","post","type-post","status-publish","format-standard","has-post-thumbnail","hentry","category-ayuntamiento-pamplona"],"yoast_head":"<!-- This site is optimized with the Yoast SEO plugin v27.3 - https:\/\/yoast.com\/product\/yoast-seo-wordpress\/ -->\n<title>La alcaldesa Cristina Ibarrola se re\u00fane con el presidente de la asociaci\u00f3n de ayuda en carretera DYA Navarra, Peio Jim\u00e9nez<\/title>\n<meta name=\"description\" content=\"Las dos instituciones mantienen un acuerdo de colaboraci\u00f3n para fomentar el bienestar de la ciudadan\u00eda, sobre todo de las personas en dificultad\" \/>\n<meta name=\"robots\" content=\"index, follow, max-snippet:-1, max-image-preview:large, max-video-preview:-1\" \/>\n<link rel=\"canonical\" href=\"https:\/\/www.laguiadepamplona.com\/actualidad\/la-alcaldesa-cristina-ibarrola-se-reune-con-el-presidente-de-la-asociacion-de-ayuda-en-carretera-dya-navarra-peio-jimenez\/\" \/>\n<meta property=\"og:locale\" content=\"es_ES\" \/>\n<meta property=\"og:type\" content=\"article\" \/>\n<meta property=\"og:title\" content=\"La alcaldesa Cristina Ibarrola se re\u00fane con el presidente de la asociaci\u00f3n de ayuda en carretera DYA Navarra, Peio Jim\u00e9nez\" \/>\n<meta property=\"og:description\" content=\"Las dos instituciones mantienen un acuerdo de colaboraci\u00f3n para fomentar el bienestar de la ciudadan\u00eda, sobre todo de las personas en dificultad\" \/>\n<meta property=\"og:url\" content=\"https:\/\/www.laguiadepamplona.com\/actualidad\/la-alcaldesa-cristina-ibarrola-se-reune-con-el-presidente-de-la-asociacion-de-ayuda-en-carretera-dya-navarra-peio-jimenez\/\" \/>\n<meta property=\"og:site_name\" content=\"La Gu\u00eda de Pamplona\" \/>\n<meta property=\"article:publisher\" content=\"https:\/\/www.facebook.com\/laguiadepamplonacom-133175176762273\/?ref=hl\" \/>\n<meta property=\"article:published_time\" content=\"2023-11-03T12:06:55+00:00\" \/>\n<meta property=\"og:image\" content=\"https:\/\/www.laguiadepamplona.com\/actualidad\/wp-content\/uploads\/2023\/11\/presidentedeladyanb1685.webp\" \/>\n\t<meta property=\"og:image:width\" content=\"1200\" \/>\n\t<meta property=\"og:image:height\" content=\"800\" \/>\n\t<meta property=\"og:image:type\" content=\"image\/webp\" \/>\n<meta name=\"author\" content=\"La Gu\u00eda de Pamplona\" \/>\n<meta name=\"twitter:card\" content=\"summary_large_image\" \/>\n<meta name=\"twitter:creator\" content=\"@LaGuiadPamplona\" \/>\n<meta name=\"twitter:site\" content=\"@LaGuiadPamplona\" \/>\n<meta name=\"twitter:label1\" content=\"Escrito por\" \/>\n\t<meta name=\"twitter:data1\" content=\"La Gu\u00eda de Pamplona\" \/>\n\t<meta name=\"twitter:label2\" content=\"Tiempo de lectura\" \/>\n\t<meta name=\"twitter:data2\" content=\"1 minuto\" \/>\n<script type=\"application\/ld+json\" class=\"yoast-schema-graph\">{\"@context\":\"https:\\\/\\\/schema.org\",\"@graph\":[{\"@type\":\"Article\",\"@id\":\"https:\\\/\\\/www.laguiadepamplona.com\\\/actualidad\\\/la-alcaldesa-cristina-ibarrola-se-reune-con-el-presidente-de-la-asociacion-de-ayuda-en-carretera-dya-navarra-peio-jimenez\\\/#article\",\"isPartOf\":{\"@id\":\"https:\\\/\\\/www.laguiadepamplona.com\\\/actualidad\\\/la-alcaldesa-cristina-ibarrola-se-reune-con-el-presidente-de-la-asociacion-de-ayuda-en-carretera-dya-navarra-peio-jimenez\\\/\"},\"author\":{\"name\":\"La Gu\u00eda de Pamplona\",\"@id\":\"https:\\\/\\\/www.laguiadepamplona.com\\\/actualidad\\\/#\\\/schema\\\/person\\\/efe887376f0213d4657c93adc50b1fdb\"},\"headline\":\"La alcaldesa Cristina Ibarrola se re\u00fane con el presidente de la asociaci\u00f3n de ayuda en carretera DYA Navarra, Peio Jim\u00e9nez\",\"datePublished\":\"2023-11-03T12:06:55+00:00\",\"mainEntityOfPage\":{\"@id\":\"https:\\\/\\\/www.laguiadepamplona.com\\\/actualidad\\\/la-alcaldesa-cristina-ibarrola-se-reune-con-el-presidente-de-la-asociacion-de-ayuda-en-carretera-dya-navarra-peio-jimenez\\\/\"},\"wordCount\":258,\"commentCount\":0,\"publisher\":{\"@id\":\"https:\\\/\\\/www.laguiadepamplona.com\\\/actualidad\\\/#organization\"},\"image\":{\"@id\":\"https:\\\/\\\/www.laguiadepamplona.com\\\/actualidad\\\/la-alcaldesa-cristina-ibarrola-se-reune-con-el-presidente-de-la-asociacion-de-ayuda-en-carretera-dya-navarra-peio-jimenez\\\/#primaryimage\"},\"thumbnailUrl\":\"https:\\\/\\\/www.laguiadepamplona.com\\\/actualidad\\\/wp-content\\\/uploads\\\/2023\\\/11\\\/presidentedeladyanb1685.webp\",\"articleSection\":[\"Ayto Pamplona\"],\"inLanguage\":\"es\",\"potentialAction\":[{\"@type\":\"CommentAction\",\"name\":\"Comment\",\"target\":[\"https:\\\/\\\/www.laguiadepamplona.com\\\/actualidad\\\/la-alcaldesa-cristina-ibarrola-se-reune-con-el-presidente-de-la-asociacion-de-ayuda-en-carretera-dya-navarra-peio-jimenez\\\/#respond\"]}]},{\"@type\":\"WebPage\",\"@id\":\"https:\\\/\\\/www.laguiadepamplona.com\\\/actualidad\\\/la-alcaldesa-cristina-ibarrola-se-reune-con-el-presidente-de-la-asociacion-de-ayuda-en-carretera-dya-navarra-peio-jimenez\\\/\",\"url\":\"https:\\\/\\\/www.laguiadepamplona.com\\\/actualidad\\\/la-alcaldesa-cristina-ibarrola-se-reune-con-el-presidente-de-la-asociacion-de-ayuda-en-carretera-dya-navarra-peio-jimenez\\\/\",\"name\":\"La alcaldesa Cristina Ibarrola se re\u00fane con el presidente de la asociaci\u00f3n de ayuda en carretera DYA Navarra, Peio Jim\u00e9nez\",\"isPartOf\":{\"@id\":\"https:\\\/\\\/www.laguiadepamplona.com\\\/actualidad\\\/#website\"},\"primaryImageOfPage\":{\"@id\":\"https:\\\/\\\/www.laguiadepamplona.com\\\/actualidad\\\/la-alcaldesa-cristina-ibarrola-se-reune-con-el-presidente-de-la-asociacion-de-ayuda-en-carretera-dya-navarra-peio-jimenez\\\/#primaryimage\"},\"image\":{\"@id\":\"https:\\\/\\\/www.laguiadepamplona.com\\\/actualidad\\\/la-alcaldesa-cristina-ibarrola-se-reune-con-el-presidente-de-la-asociacion-de-ayuda-en-carretera-dya-navarra-peio-jimenez\\\/#primaryimage\"},\"thumbnailUrl\":\"https:\\\/\\\/www.laguiadepamplona.com\\\/actualidad\\\/wp-content\\\/uploads\\\/2023\\\/11\\\/presidentedeladyanb1685.webp\",\"datePublished\":\"2023-11-03T12:06:55+00:00\",\"description\":\"Las dos instituciones mantienen un acuerdo de colaboraci\u00f3n para fomentar el bienestar de la ciudadan\u00eda, sobre todo de las personas en dificultad\",\"breadcrumb\":{\"@id\":\"https:\\\/\\\/www.laguiadepamplona.com\\\/actualidad\\\/la-alcaldesa-cristina-ibarrola-se-reune-con-el-presidente-de-la-asociacion-de-ayuda-en-carretera-dya-navarra-peio-jimenez\\\/#breadcrumb\"},\"inLanguage\":\"es\",\"potentialAction\":[{\"@type\":\"ReadAction\",\"target\":[\"https:\\\/\\\/www.laguiadepamplona.com\\\/actualidad\\\/la-alcaldesa-cristina-ibarrola-se-reune-con-el-presidente-de-la-asociacion-de-ayuda-en-carretera-dya-navarra-peio-jimenez\\\/\"]}]},{\"@type\":\"ImageObject\",\"inLanguage\":\"es\",\"@id\":\"https:\\\/\\\/www.laguiadepamplona.com\\\/actualidad\\\/la-alcaldesa-cristina-ibarrola-se-reune-con-el-presidente-de-la-asociacion-de-ayuda-en-carretera-dya-navarra-peio-jimenez\\\/#primaryimage\",\"url\":\"https:\\\/\\\/www.laguiadepamplona.com\\\/actualidad\\\/wp-content\\\/uploads\\\/2023\\\/11\\\/presidentedeladyanb1685.webp\",\"contentUrl\":\"https:\\\/\\\/www.laguiadepamplona.com\\\/actualidad\\\/wp-content\\\/uploads\\\/2023\\\/11\\\/presidentedeladyanb1685.webp\",\"width\":1200,\"height\":800,\"caption\":\"presidente DYA\"},{\"@type\":\"BreadcrumbList\",\"@id\":\"https:\\\/\\\/www.laguiadepamplona.com\\\/actualidad\\\/la-alcaldesa-cristina-ibarrola-se-reune-con-el-presidente-de-la-asociacion-de-ayuda-en-carretera-dya-navarra-peio-jimenez\\\/#breadcrumb\",\"itemListElement\":[{\"@type\":\"ListItem\",\"position\":1,\"name\":\"Portada\",\"item\":\"https:\\\/\\\/www.laguiadepamplona.com\\\/actualidad\\\/\"},{\"@type\":\"ListItem\",\"position\":2,\"name\":\"La alcaldesa Cristina Ibarrola se re\u00fane con el presidente de la asociaci\u00f3n de ayuda en carretera DYA Navarra, Peio Jim\u00e9nez\"}]},{\"@type\":\"WebSite\",\"@id\":\"https:\\\/\\\/www.laguiadepamplona.com\\\/actualidad\\\/#website\",\"url\":\"https:\\\/\\\/www.laguiadepamplona.com\\\/actualidad\\\/\",\"name\":\"La gu\u00eda de Pamplona\",\"description\":\"Noticias de Pamplona\",\"publisher\":{\"@id\":\"https:\\\/\\\/www.laguiadepamplona.com\\\/actualidad\\\/#organization\"},\"potentialAction\":[{\"@type\":\"SearchAction\",\"target\":{\"@type\":\"EntryPoint\",\"urlTemplate\":\"https:\\\/\\\/www.laguiadepamplona.com\\\/actualidad\\\/?s={search_term_string}\"},\"query-input\":{\"@type\":\"PropertyValueSpecification\",\"valueRequired\":true,\"valueName\":\"search_term_string\"}}],\"inLanguage\":\"es\"},{\"@type\":\"Organization\",\"@id\":\"https:\\\/\\\/www.laguiadepamplona.com\\\/actualidad\\\/#organization\",\"name\":\"La Gu\u00eda de Pamplona \\\/ Noticias\",\"url\":\"https:\\\/\\\/www.laguiadepamplona.com\\\/actualidad\\\/\",\"logo\":{\"@type\":\"ImageObject\",\"inLanguage\":\"es\",\"@id\":\"https:\\\/\\\/www.laguiadepamplona.com\\\/actualidad\\\/#\\\/schema\\\/logo\\\/image\\\/\",\"url\":\"https:\\\/\\\/www.laguiadepamplona.com\\\/actualidad\\\/wp-content\\\/uploads\\\/2018\\\/11\\\/logo-laguiadepamplona18-web1.png\",\"contentUrl\":\"https:\\\/\\\/www.laguiadepamplona.com\\\/actualidad\\\/wp-content\\\/uploads\\\/2018\\\/11\\\/logo-laguiadepamplona18-web1.png\",\"width\":600,\"height\":196,\"caption\":\"La Gu\u00eda de Pamplona \\\/ Noticias\"},\"image\":{\"@id\":\"https:\\\/\\\/www.laguiadepamplona.com\\\/actualidad\\\/#\\\/schema\\\/logo\\\/image\\\/\"},\"sameAs\":[\"https:\\\/\\\/www.facebook.com\\\/laguiadepamplonacom-133175176762273\\\/?ref=hl\",\"https:\\\/\\\/x.com\\\/LaGuiadPamplona\",\"https:\\\/\\\/www.instagram.com\\\/la_guia_de_pamplona\\\/\",\"https:\\\/\\\/www.youtube.com\\\/user\\\/laguiadepamplona\"]},{\"@type\":\"Person\",\"@id\":\"https:\\\/\\\/www.laguiadepamplona.com\\\/actualidad\\\/#\\\/schema\\\/person\\\/efe887376f0213d4657c93adc50b1fdb\",\"name\":\"La Gu\u00eda de Pamplona\",\"image\":{\"@type\":\"ImageObject\",\"inLanguage\":\"es\",\"@id\":\"https:\\\/\\\/secure.gravatar.com\\\/avatar\\\/b6992f131dc8d30ab0dff15446e9d346d9dbd95992de0fef795073f5ea83a81c?s=96&d=mm&r=g\",\"url\":\"https:\\\/\\\/secure.gravatar.com\\\/avatar\\\/b6992f131dc8d30ab0dff15446e9d346d9dbd95992de0fef795073f5ea83a81c?s=96&d=mm&r=g\",\"contentUrl\":\"https:\\\/\\\/secure.gravatar.com\\\/avatar\\\/b6992f131dc8d30ab0dff15446e9d346d9dbd95992de0fef795073f5ea83a81c?s=96&d=mm&r=g\",\"caption\":\"La Gu\u00eda de Pamplona\"}}]}<\/script>\n<!-- \/ Yoast SEO plugin. -->","yoast_head_json":{"title":"La alcaldesa Cristina Ibarrola se re\u00fane con el presidente de la asociaci\u00f3n de ayuda en carretera DYA Navarra, Peio Jim\u00e9nez","description":"Las dos instituciones mantienen un acuerdo de colaboraci\u00f3n para fomentar el bienestar de la ciudadan\u00eda, sobre todo de las personas en dificultad","robots":{"index":"index","follow":"follow","max-snippet":"max-snippet:-1","max-image-preview":"max-image-preview:large","max-video-preview":"max-video-preview:-1"},"canonical":"https:\/\/www.laguiadepamplona.com\/actualidad\/la-alcaldesa-cristina-ibarrola-se-reune-con-el-presidente-de-la-asociacion-de-ayuda-en-carretera-dya-navarra-peio-jimenez\/","og_locale":"es_ES","og_type":"article","og_title":"La alcaldesa Cristina Ibarrola se re\u00fane con el presidente de la asociaci\u00f3n de ayuda en carretera DYA Navarra, Peio Jim\u00e9nez","og_description":"Las dos instituciones mantienen un acuerdo de colaboraci\u00f3n para fomentar el bienestar de la ciudadan\u00eda, sobre todo de las personas en dificultad","og_url":"https:\/\/www.laguiadepamplona.com\/actualidad\/la-alcaldesa-cristina-ibarrola-se-reune-con-el-presidente-de-la-asociacion-de-ayuda-en-carretera-dya-navarra-peio-jimenez\/","og_site_name":"La Gu\u00eda de Pamplona","article_publisher":"https:\/\/www.facebook.com\/laguiadepamplonacom-133175176762273\/?ref=hl","article_published_time":"2023-11-03T12:06:55+00:00","og_image":[{"width":1200,"height":800,"url":"https:\/\/www.laguiadepamplona.com\/actualidad\/wp-content\/uploads\/2023\/11\/presidentedeladyanb1685.webp","type":"image\/webp"}],"author":"La Gu\u00eda de Pamplona","twitter_card":"summary_large_image","twitter_creator":"@LaGuiadPamplona","twitter_site":"@LaGuiadPamplona","twitter_misc":{"Escrito por":"La Gu\u00eda de Pamplona","Tiempo de lectura":"1 minuto"},"schema":{"@context":"https:\/\/schema.org","@graph":[{"@type":"Article","@id":"https:\/\/www.laguiadepamplona.com\/actualidad\/la-alcaldesa-cristina-ibarrola-se-reune-con-el-presidente-de-la-asociacion-de-ayuda-en-carretera-dya-navarra-peio-jimenez\/#article","isPartOf":{"@id":"https:\/\/www.laguiadepamplona.com\/actualidad\/la-alcaldesa-cristina-ibarrola-se-reune-con-el-presidente-de-la-asociacion-de-ayuda-en-carretera-dya-navarra-peio-jimenez\/"},"author":{"name":"La Gu\u00eda de Pamplona","@id":"https:\/\/www.laguiadepamplona.com\/actualidad\/#\/schema\/person\/efe887376f0213d4657c93adc50b1fdb"},"headline":"La alcaldesa Cristina Ibarrola se re\u00fane con el presidente de la asociaci\u00f3n de ayuda en carretera DYA Navarra, Peio Jim\u00e9nez","datePublished":"2023-11-03T12:06:55+00:00","mainEntityOfPage":{"@id":"https:\/\/www.laguiadepamplona.com\/actualidad\/la-alcaldesa-cristina-ibarrola-se-reune-con-el-presidente-de-la-asociacion-de-ayuda-en-carretera-dya-navarra-peio-jimenez\/"},"wordCount":258,"commentCount":0,"publisher":{"@id":"https:\/\/www.laguiadepamplona.com\/actualidad\/#organization"},"image":{"@id":"https:\/\/www.laguiadepamplona.com\/actualidad\/la-alcaldesa-cristina-ibarrola-se-reune-con-el-presidente-de-la-asociacion-de-ayuda-en-carretera-dya-navarra-peio-jimenez\/#primaryimage"},"thumbnailUrl":"https:\/\/www.laguiadepamplona.com\/actualidad\/wp-content\/uploads\/2023\/11\/presidentedeladyanb1685.webp","articleSection":["Ayto Pamplona"],"inLanguage":"es","potentialAction":[{"@type":"CommentAction","name":"Comment","target":["https:\/\/www.laguiadepamplona.com\/actualidad\/la-alcaldesa-cristina-ibarrola-se-reune-con-el-presidente-de-la-asociacion-de-ayuda-en-carretera-dya-navarra-peio-jimenez\/#respond"]}]},{"@type":"WebPage","@id":"https:\/\/www.laguiadepamplona.com\/actualidad\/la-alcaldesa-cristina-ibarrola-se-reune-con-el-presidente-de-la-asociacion-de-ayuda-en-carretera-dya-navarra-peio-jimenez\/","url":"https:\/\/www.laguiadepamplona.com\/actualidad\/la-alcaldesa-cristina-ibarrola-se-reune-con-el-presidente-de-la-asociacion-de-ayuda-en-carretera-dya-navarra-peio-jimenez\/","name":"La alcaldesa Cristina Ibarrola se re\u00fane con el presidente de la asociaci\u00f3n de ayuda en carretera DYA Navarra, Peio Jim\u00e9nez","isPartOf":{"@id":"https:\/\/www.laguiadepamplona.com\/actualidad\/#website"},"primaryImageOfPage":{"@id":"https:\/\/www.laguiadepamplona.com\/actualidad\/la-alcaldesa-cristina-ibarrola-se-reune-con-el-presidente-de-la-asociacion-de-ayuda-en-carretera-dya-navarra-peio-jimenez\/#primaryimage"},"image":{"@id":"https:\/\/www.laguiadepamplona.com\/actualidad\/la-alcaldesa-cristina-ibarrola-se-reune-con-el-presidente-de-la-asociacion-de-ayuda-en-carretera-dya-navarra-peio-jimenez\/#primaryimage"},"thumbnailUrl":"https:\/\/www.laguiadepamplona.com\/actualidad\/wp-content\/uploads\/2023\/11\/presidentedeladyanb1685.webp","datePublished":"2023-11-03T12:06:55+00:00","description":"Las dos instituciones mantienen un acuerdo de colaboraci\u00f3n para fomentar el bienestar de la ciudadan\u00eda, sobre todo de las personas en dificultad","breadcrumb":{"@id":"https:\/\/www.laguiadepamplona.com\/actualidad\/la-alcaldesa-cristina-ibarrola-se-reune-con-el-presidente-de-la-asociacion-de-ayuda-en-carretera-dya-navarra-peio-jimenez\/#breadcrumb"},"inLanguage":"es","potentialAction":[{"@type":"ReadAction","target":["https:\/\/www.laguiadepamplona.com\/actualidad\/la-alcaldesa-cristina-ibarrola-se-reune-con-el-presidente-de-la-asociacion-de-ayuda-en-carretera-dya-navarra-peio-jimenez\/"]}]},{"@type":"ImageObject","inLanguage":"es","@id":"https:\/\/www.laguiadepamplona.com\/actualidad\/la-alcaldesa-cristina-ibarrola-se-reune-con-el-presidente-de-la-asociacion-de-ayuda-en-carretera-dya-navarra-peio-jimenez\/#primaryimage","url":"https:\/\/www.laguiadepamplona.com\/actualidad\/wp-content\/uploads\/2023\/11\/presidentedeladyanb1685.webp","contentUrl":"https:\/\/www.laguiadepamplona.com\/actualidad\/wp-content\/uploads\/2023\/11\/presidentedeladyanb1685.webp","width":1200,"height":800,"caption":"presidente DYA"},{"@type":"BreadcrumbList","@id":"https:\/\/www.laguiadepamplona.com\/actualidad\/la-alcaldesa-cristina-ibarrola-se-reune-con-el-presidente-de-la-asociacion-de-ayuda-en-carretera-dya-navarra-peio-jimenez\/#breadcrumb","itemListElement":[{"@type":"ListItem","position":1,"name":"Portada","item":"https:\/\/www.laguiadepamplona.com\/actualidad\/"},{"@type":"ListItem","position":2,"name":"La alcaldesa Cristina Ibarrola se re\u00fane con el presidente de la asociaci\u00f3n de ayuda en carretera DYA Navarra, Peio Jim\u00e9nez"}]},{"@type":"WebSite","@id":"https:\/\/www.laguiadepamplona.com\/actualidad\/#website","url":"https:\/\/www.laguiadepamplona.com\/actualidad\/","name":"La gu\u00eda de Pamplona","description":"Noticias de Pamplona","publisher":{"@id":"https:\/\/www.laguiadepamplona.com\/actualidad\/#organization"},"potentialAction":[{"@type":"SearchAction","target":{"@type":"EntryPoint","urlTemplate":"https:\/\/www.laguiadepamplona.com\/actualidad\/?s={search_term_string}"},"query-input":{"@type":"PropertyValueSpecification","valueRequired":true,"valueName":"search_term_string"}}],"inLanguage":"es"},{"@type":"Organization","@id":"https:\/\/www.laguiadepamplona.com\/actualidad\/#organization","name":"La Gu\u00eda de Pamplona \/ Noticias","url":"https:\/\/www.laguiadepamplona.com\/actualidad\/","logo":{"@type":"ImageObject","inLanguage":"es","@id":"https:\/\/www.laguiadepamplona.com\/actualidad\/#\/schema\/logo\/image\/","url":"https:\/\/www.laguiadepamplona.com\/actualidad\/wp-content\/uploads\/2018\/11\/logo-laguiadepamplona18-web1.png","contentUrl":"https:\/\/www.laguiadepamplona.com\/actualidad\/wp-content\/uploads\/2018\/11\/logo-laguiadepamplona18-web1.png","width":600,"height":196,"caption":"La Gu\u00eda de Pamplona \/ Noticias"},"image":{"@id":"https:\/\/www.laguiadepamplona.com\/actualidad\/#\/schema\/logo\/image\/"},"sameAs":["https:\/\/www.facebook.com\/laguiadepamplonacom-133175176762273\/?ref=hl","https:\/\/x.com\/LaGuiadPamplona","https:\/\/www.instagram.com\/la_guia_de_pamplona\/","https:\/\/www.youtube.com\/user\/laguiadepamplona"]},{"@type":"Person","@id":"https:\/\/www.laguiadepamplona.com\/actualidad\/#\/schema\/person\/efe887376f0213d4657c93adc50b1fdb","name":"La Gu\u00eda de Pamplona","image":{"@type":"ImageObject","inLanguage":"es","@id":"https:\/\/secure.gravatar.com\/avatar\/b6992f131dc8d30ab0dff15446e9d346d9dbd95992de0fef795073f5ea83a81c?s=96&d=mm&r=g","url":"https:\/\/secure.gravatar.com\/avatar\/b6992f131dc8d30ab0dff15446e9d346d9dbd95992de0fef795073f5ea83a81c?s=96&d=mm&r=g","contentUrl":"https:\/\/secure.gravatar.com\/avatar\/b6992f131dc8d30ab0dff15446e9d346d9dbd95992de0fef795073f5ea83a81c?s=96&d=mm&r=g","caption":"La Gu\u00eda de Pamplona"}}]}},"post_mailing_queue_ids":[],"_links":{"self":[{"href":"https:\/\/www.laguiadepamplona.com\/actualidad\/wp-json\/wp\/v2\/posts\/47789","targetHints":{"allow":["GET"]}}],"collection":[{"href":"https:\/\/www.laguiadepamplona.com\/actualidad\/wp-json\/wp\/v2\/posts"}],"about":[{"href":"https:\/\/www.laguiadepamplona.com\/actualidad\/wp-json\/wp\/v2\/types\/post"}],"author":[{"embeddable":true,"href":"https:\/\/www.laguiadepamplona.com\/actualidad\/wp-json\/wp\/v2\/users\/1"}],"replies":[{"embeddable":true,"href":"https:\/\/www.laguiadepamplona.com\/actualidad\/wp-json\/wp\/v2\/comments?post=47789"}],"version-history":[{"count":1,"href":"https:\/\/www.laguiadepamplona.com\/actualidad\/wp-json\/wp\/v2\/posts\/47789\/revisions"}],"predecessor-version":[{"id":47791,"href":"https:\/\/www.laguiadepamplona.com\/actualidad\/wp-json\/wp\/v2\/posts\/47789\/revisions\/47791"}],"wp:featuredmedia":[{"embeddable":true,"href":"https:\/\/www.laguiadepamplona.com\/actualidad\/wp-json\/wp\/v2\/media\/47790"}],"wp:attachment":[{"href":"https:\/\/www.laguiadepamplona.com\/actualidad\/wp-json\/wp\/v2\/media?parent=47789"}],"wp:term":[{"taxonomy":"category","embeddable":true,"href":"https:\/\/www.laguiadepamplona.com\/actualidad\/wp-json\/wp\/v2\/categories?post=47789"},{"taxonomy":"post_tag","embeddable":true,"href":"https:\/\/www.laguiadepamplona.com\/actualidad\/wp-json\/wp\/v2\/tags?post=47789"}],"curies":[{"name":"wp","href":"https:\/\/api.w.org\/{rel}","templated":true}]}}