{"id":47786,"date":"2023-11-02T21:16:15","date_gmt":"2023-11-02T19:16:15","guid":{"rendered":"https:\/\/www.laguiadepamplona.com\/actualidad\/?p=47786"},"modified":"2023-11-02T21:16:15","modified_gmt":"2023-11-02T19:16:15","slug":"la-alcaldesa-de-pamplona-recibe-a-la-delegada-en-navarra-de-la-fundacion-la-caixa-impulsora-del-programa-en-colaboracion-siempre-acompanados","status":"publish","type":"post","link":"https:\/\/www.laguiadepamplona.com\/actualidad\/la-alcaldesa-de-pamplona-recibe-a-la-delegada-en-navarra-de-la-fundacion-la-caixa-impulsora-del-programa-en-colaboracion-siempre-acompanados\/","title":{"rendered":"La alcaldesa de Pamplona recibe a la delegada en Navarra de la Fundaci\u00f3n La Caixa, impulsora del programa en colaboraci\u00f3n \u2018Siempre acompa\u00f1ados\u2019"},"content":{"rendered":"<h3>En lo que va de a\u00f1o 155 personas de San Juan, Iturrama y Txantrea han participado en esta iniciativa activa contra la soledad<\/h3>\n<p><!--more--><\/p>\n<p>Esta ma\u00f1ana la alcaldesa de Pamplona, Cristina Ibarrola, se ha reunido con la delegada en Navarra de la Fundaci\u00f3n La Caixa, Izaskun Azcona. La ciudad y la fundaci\u00f3n trabajan desde 2021 en \u2018Siempre acompa\u00f1ados\u2019, un programa conjunto para abordar los nuevos desaf\u00edos que se presentan en la vejez poniendo a la persona en el centro como sujeto activo de su situaci\u00f3n y proceso de envejecimiento. A la reuni\u00f3n han asistido tambi\u00e9n el concejal delegado de Relaciones Ciudadanas, Participaci\u00f3n y Mayores, Carlos Salvador, y la directora de la misma \u00e1rea, Conchi Mateo, as\u00ed como el director del Programa de Personas Mayores de la fundaci\u00f3n, David Velasco, y la t\u00e9cnica de la misma entidad, Mariona Mercader.<br \/>\n<script async src=\"\/\/pagead2.googlesyndication.com\/pagead\/js\/adsbygoogle.js\"><\/script><br \/>\n<!-- Noticias La Guia de Pamplona --><br \/>\n<ins class=\"adsbygoogle\"\nstyle=\"display:block\"\ndata-ad-client=\"ca-pub-6943679897239327\"\ndata-ad-slot=\"7048180777\"\ndata-ad-format=\"auto\"><\/ins><br \/>\n<script>\n(adsbygoogle = window.adsbygoogle || []).push({});\n<\/script><\/p>\n<p>El Programa de Personas Mayores tiene como objetivo enfrentar distintos retos de las personas en esta franja de edad, especialmente la soledad, en un momento en que el aumento de la esperanza de vida, los cambios en las formas y los modelos de familia, y una organizaci\u00f3n diferente del uso del tiempo, plantean una realidad cada vez m\u00e1s compleja. La intervenci\u00f3n se contempla desde la creaci\u00f3n de alianzas y el trabajo en red dentro de la comunidad, y busca adem\u00e1s sensibilizar a la ciudadan\u00eda para afrontar estas situaciones, minimizando el sentimiento de soledad en las personas mayores.<\/p>\n<p>Este a\u00f1o las actuaciones iniciadas en San Juan tras la pandemia por COVID-19 se ampliaron a los barrios de Txantrea e Iturrama. En septiembre eran ya 155 las personas que estaban incluidas en ese recurso. En la actualidad, adem\u00e1s de en Pamplona, el programa est\u00e1 presente en otras 12 ciudades: Jerez, Murcia, Granada, M\u00e1laga, Palma de Mallorca, Sabadell, Terrassa, Tortosa, Girona, T\u00e0rrega, Santa Coloma de Gramenet y Lleida.<br \/>\n<script async src=\"\/\/pagead2.googlesyndication.com\/pagead\/js\/adsbygoogle.js\"><\/script><br \/>\n<!-- Noticias La Guia de Pamplona --><br \/>\n<ins class=\"adsbygoogle\"\nstyle=\"display:block\"\ndata-ad-client=\"ca-pub-6943679897239327\"\ndata-ad-slot=\"7048180777\"\ndata-ad-format=\"auto\"><\/ins><br \/>\n<script>\n(adsbygoogle = window.adsbygoogle || []).push({});\n<\/script><\/p>\n<p>Seg\u00fan las cifras, hacer frente a la soledad y mejorar las relaciones sociales aporta beneficios poderosos: la reducci\u00f3n del sufrimiento psicol\u00f3gico (depresi\u00f3n, ansiedad\u2026); una mayor adaptaci\u00f3n psicol\u00f3gica frente a las situaciones de estr\u00e9s cr\u00f3nico (como el cuidado), las p\u00e9rdidas y la enfermedad; la mejora de la salud y de la esperanza de vida; una mayor calidad de vida, y una disminuci\u00f3n de las probabilidades de enfermar y padecer demencia.<\/p>\n","protected":false},"excerpt":{"rendered":"<p>En lo que va de a\u00f1o 155 personas de San Juan, Iturrama y Txantrea han participado en esta iniciativa activa contra la soledad<\/p>\n","protected":false},"author":1,"featured_media":47787,"comment_status":"open","ping_status":"closed","sticky":false,"template":"","format":"standard","meta":{"footnotes":""},"categories":[2],"tags":[],"class_list":["post-47786","post","type-post","status-publish","format-standard","has-post-thumbnail","hentry","category-ayuntamiento-pamplona"],"yoast_head":"<!-- This site is optimized with the Yoast SEO plugin v27.3 - https:\/\/yoast.com\/product\/yoast-seo-wordpress\/ -->\n<title>La alcaldesa de Pamplona recibe a la delegada en Navarra de la Fundaci\u00f3n La Caixa, impulsora del programa en colaboraci\u00f3n \u2018Siempre acompa\u00f1ados\u2019<\/title>\n<meta name=\"description\" content=\"En lo que va de a\u00f1o 155 personas de San Juan, Iturrama y Txantrea han participado en esta iniciativa activa contra la soledad\" \/>\n<meta name=\"robots\" content=\"index, follow, max-snippet:-1, max-image-preview:large, max-video-preview:-1\" \/>\n<link rel=\"canonical\" href=\"https:\/\/www.laguiadepamplona.com\/actualidad\/la-alcaldesa-de-pamplona-recibe-a-la-delegada-en-navarra-de-la-fundacion-la-caixa-impulsora-del-programa-en-colaboracion-siempre-acompanados\/\" \/>\n<meta property=\"og:locale\" content=\"es_ES\" \/>\n<meta property=\"og:type\" content=\"article\" \/>\n<meta property=\"og:title\" content=\"La alcaldesa de Pamplona recibe a la delegada en Navarra de la Fundaci\u00f3n La Caixa, impulsora del programa en colaboraci\u00f3n \u2018Siempre acompa\u00f1ados\u2019\" \/>\n<meta property=\"og:description\" content=\"En lo que va de a\u00f1o 155 personas de San Juan, Iturrama y Txantrea han participado en esta iniciativa activa contra la soledad\" \/>\n<meta property=\"og:url\" content=\"https:\/\/www.laguiadepamplona.com\/actualidad\/la-alcaldesa-de-pamplona-recibe-a-la-delegada-en-navarra-de-la-fundacion-la-caixa-impulsora-del-programa-en-colaboracion-siempre-acompanados\/\" \/>\n<meta property=\"og:site_name\" content=\"La Gu\u00eda de Pamplona\" \/>\n<meta property=\"article:publisher\" content=\"https:\/\/www.facebook.com\/laguiadepamplonacom-133175176762273\/?ref=hl\" \/>\n<meta property=\"article:published_time\" content=\"2023-11-02T19:16:15+00:00\" \/>\n<meta property=\"og:image\" content=\"https:\/\/www.laguiadepamplona.com\/actualidad\/wp-content\/uploads\/2023\/11\/lacaixanb1602.webp\" \/>\n\t<meta property=\"og:image:width\" content=\"1200\" \/>\n\t<meta property=\"og:image:height\" content=\"800\" \/>\n\t<meta property=\"og:image:type\" content=\"image\/webp\" \/>\n<meta name=\"author\" content=\"La Gu\u00eda de Pamplona\" \/>\n<meta name=\"twitter:card\" content=\"summary_large_image\" \/>\n<meta name=\"twitter:creator\" content=\"@LaGuiadPamplona\" \/>\n<meta name=\"twitter:site\" content=\"@LaGuiadPamplona\" \/>\n<meta name=\"twitter:label1\" content=\"Escrito por\" \/>\n\t<meta name=\"twitter:data1\" content=\"La Gu\u00eda de Pamplona\" \/>\n\t<meta name=\"twitter:label2\" content=\"Tiempo de lectura\" \/>\n\t<meta name=\"twitter:data2\" content=\"2 minutos\" \/>\n<script type=\"application\/ld+json\" class=\"yoast-schema-graph\">{\"@context\":\"https:\\\/\\\/schema.org\",\"@graph\":[{\"@type\":\"Article\",\"@id\":\"https:\\\/\\\/www.laguiadepamplona.com\\\/actualidad\\\/la-alcaldesa-de-pamplona-recibe-a-la-delegada-en-navarra-de-la-fundacion-la-caixa-impulsora-del-programa-en-colaboracion-siempre-acompanados\\\/#article\",\"isPartOf\":{\"@id\":\"https:\\\/\\\/www.laguiadepamplona.com\\\/actualidad\\\/la-alcaldesa-de-pamplona-recibe-a-la-delegada-en-navarra-de-la-fundacion-la-caixa-impulsora-del-programa-en-colaboracion-siempre-acompanados\\\/\"},\"author\":{\"name\":\"La Gu\u00eda de Pamplona\",\"@id\":\"https:\\\/\\\/www.laguiadepamplona.com\\\/actualidad\\\/#\\\/schema\\\/person\\\/efe887376f0213d4657c93adc50b1fdb\"},\"headline\":\"La alcaldesa de Pamplona recibe a la delegada en Navarra de la Fundaci\u00f3n La Caixa, impulsora del programa en colaboraci\u00f3n \u2018Siempre acompa\u00f1ados\u2019\",\"datePublished\":\"2023-11-02T19:16:15+00:00\",\"mainEntityOfPage\":{\"@id\":\"https:\\\/\\\/www.laguiadepamplona.com\\\/actualidad\\\/la-alcaldesa-de-pamplona-recibe-a-la-delegada-en-navarra-de-la-fundacion-la-caixa-impulsora-del-programa-en-colaboracion-siempre-acompanados\\\/\"},\"wordCount\":424,\"commentCount\":0,\"publisher\":{\"@id\":\"https:\\\/\\\/www.laguiadepamplona.com\\\/actualidad\\\/#organization\"},\"image\":{\"@id\":\"https:\\\/\\\/www.laguiadepamplona.com\\\/actualidad\\\/la-alcaldesa-de-pamplona-recibe-a-la-delegada-en-navarra-de-la-fundacion-la-caixa-impulsora-del-programa-en-colaboracion-siempre-acompanados\\\/#primaryimage\"},\"thumbnailUrl\":\"https:\\\/\\\/www.laguiadepamplona.com\\\/actualidad\\\/wp-content\\\/uploads\\\/2023\\\/11\\\/lacaixanb1602.webp\",\"articleSection\":[\"Ayto Pamplona\"],\"inLanguage\":\"es\",\"potentialAction\":[{\"@type\":\"CommentAction\",\"name\":\"Comment\",\"target\":[\"https:\\\/\\\/www.laguiadepamplona.com\\\/actualidad\\\/la-alcaldesa-de-pamplona-recibe-a-la-delegada-en-navarra-de-la-fundacion-la-caixa-impulsora-del-programa-en-colaboracion-siempre-acompanados\\\/#respond\"]}]},{\"@type\":\"WebPage\",\"@id\":\"https:\\\/\\\/www.laguiadepamplona.com\\\/actualidad\\\/la-alcaldesa-de-pamplona-recibe-a-la-delegada-en-navarra-de-la-fundacion-la-caixa-impulsora-del-programa-en-colaboracion-siempre-acompanados\\\/\",\"url\":\"https:\\\/\\\/www.laguiadepamplona.com\\\/actualidad\\\/la-alcaldesa-de-pamplona-recibe-a-la-delegada-en-navarra-de-la-fundacion-la-caixa-impulsora-del-programa-en-colaboracion-siempre-acompanados\\\/\",\"name\":\"La alcaldesa de Pamplona recibe a la delegada en Navarra de la Fundaci\u00f3n La Caixa, impulsora del programa en colaboraci\u00f3n \u2018Siempre acompa\u00f1ados\u2019\",\"isPartOf\":{\"@id\":\"https:\\\/\\\/www.laguiadepamplona.com\\\/actualidad\\\/#website\"},\"primaryImageOfPage\":{\"@id\":\"https:\\\/\\\/www.laguiadepamplona.com\\\/actualidad\\\/la-alcaldesa-de-pamplona-recibe-a-la-delegada-en-navarra-de-la-fundacion-la-caixa-impulsora-del-programa-en-colaboracion-siempre-acompanados\\\/#primaryimage\"},\"image\":{\"@id\":\"https:\\\/\\\/www.laguiadepamplona.com\\\/actualidad\\\/la-alcaldesa-de-pamplona-recibe-a-la-delegada-en-navarra-de-la-fundacion-la-caixa-impulsora-del-programa-en-colaboracion-siempre-acompanados\\\/#primaryimage\"},\"thumbnailUrl\":\"https:\\\/\\\/www.laguiadepamplona.com\\\/actualidad\\\/wp-content\\\/uploads\\\/2023\\\/11\\\/lacaixanb1602.webp\",\"datePublished\":\"2023-11-02T19:16:15+00:00\",\"description\":\"En lo que va de a\u00f1o 155 personas de San Juan, Iturrama y Txantrea han participado en esta iniciativa activa contra la soledad\",\"breadcrumb\":{\"@id\":\"https:\\\/\\\/www.laguiadepamplona.com\\\/actualidad\\\/la-alcaldesa-de-pamplona-recibe-a-la-delegada-en-navarra-de-la-fundacion-la-caixa-impulsora-del-programa-en-colaboracion-siempre-acompanados\\\/#breadcrumb\"},\"inLanguage\":\"es\",\"potentialAction\":[{\"@type\":\"ReadAction\",\"target\":[\"https:\\\/\\\/www.laguiadepamplona.com\\\/actualidad\\\/la-alcaldesa-de-pamplona-recibe-a-la-delegada-en-navarra-de-la-fundacion-la-caixa-impulsora-del-programa-en-colaboracion-siempre-acompanados\\\/\"]}]},{\"@type\":\"ImageObject\",\"inLanguage\":\"es\",\"@id\":\"https:\\\/\\\/www.laguiadepamplona.com\\\/actualidad\\\/la-alcaldesa-de-pamplona-recibe-a-la-delegada-en-navarra-de-la-fundacion-la-caixa-impulsora-del-programa-en-colaboracion-siempre-acompanados\\\/#primaryimage\",\"url\":\"https:\\\/\\\/www.laguiadepamplona.com\\\/actualidad\\\/wp-content\\\/uploads\\\/2023\\\/11\\\/lacaixanb1602.webp\",\"contentUrl\":\"https:\\\/\\\/www.laguiadepamplona.com\\\/actualidad\\\/wp-content\\\/uploads\\\/2023\\\/11\\\/lacaixanb1602.webp\",\"width\":1200,\"height\":800,\"caption\":\"la caixa\"},{\"@type\":\"BreadcrumbList\",\"@id\":\"https:\\\/\\\/www.laguiadepamplona.com\\\/actualidad\\\/la-alcaldesa-de-pamplona-recibe-a-la-delegada-en-navarra-de-la-fundacion-la-caixa-impulsora-del-programa-en-colaboracion-siempre-acompanados\\\/#breadcrumb\",\"itemListElement\":[{\"@type\":\"ListItem\",\"position\":1,\"name\":\"Portada\",\"item\":\"https:\\\/\\\/www.laguiadepamplona.com\\\/actualidad\\\/\"},{\"@type\":\"ListItem\",\"position\":2,\"name\":\"La alcaldesa de Pamplona recibe a la delegada en Navarra de la Fundaci\u00f3n La Caixa, impulsora del programa en colaboraci\u00f3n \u2018Siempre acompa\u00f1ados\u2019\"}]},{\"@type\":\"WebSite\",\"@id\":\"https:\\\/\\\/www.laguiadepamplona.com\\\/actualidad\\\/#website\",\"url\":\"https:\\\/\\\/www.laguiadepamplona.com\\\/actualidad\\\/\",\"name\":\"La gu\u00eda de Pamplona\",\"description\":\"Noticias de Pamplona\",\"publisher\":{\"@id\":\"https:\\\/\\\/www.laguiadepamplona.com\\\/actualidad\\\/#organization\"},\"potentialAction\":[{\"@type\":\"SearchAction\",\"target\":{\"@type\":\"EntryPoint\",\"urlTemplate\":\"https:\\\/\\\/www.laguiadepamplona.com\\\/actualidad\\\/?s={search_term_string}\"},\"query-input\":{\"@type\":\"PropertyValueSpecification\",\"valueRequired\":true,\"valueName\":\"search_term_string\"}}],\"inLanguage\":\"es\"},{\"@type\":\"Organization\",\"@id\":\"https:\\\/\\\/www.laguiadepamplona.com\\\/actualidad\\\/#organization\",\"name\":\"La Gu\u00eda de Pamplona \\\/ Noticias\",\"url\":\"https:\\\/\\\/www.laguiadepamplona.com\\\/actualidad\\\/\",\"logo\":{\"@type\":\"ImageObject\",\"inLanguage\":\"es\",\"@id\":\"https:\\\/\\\/www.laguiadepamplona.com\\\/actualidad\\\/#\\\/schema\\\/logo\\\/image\\\/\",\"url\":\"https:\\\/\\\/www.laguiadepamplona.com\\\/actualidad\\\/wp-content\\\/uploads\\\/2018\\\/11\\\/logo-laguiadepamplona18-web1.png\",\"contentUrl\":\"https:\\\/\\\/www.laguiadepamplona.com\\\/actualidad\\\/wp-content\\\/uploads\\\/2018\\\/11\\\/logo-laguiadepamplona18-web1.png\",\"width\":600,\"height\":196,\"caption\":\"La Gu\u00eda de Pamplona \\\/ Noticias\"},\"image\":{\"@id\":\"https:\\\/\\\/www.laguiadepamplona.com\\\/actualidad\\\/#\\\/schema\\\/logo\\\/image\\\/\"},\"sameAs\":[\"https:\\\/\\\/www.facebook.com\\\/laguiadepamplonacom-133175176762273\\\/?ref=hl\",\"https:\\\/\\\/x.com\\\/LaGuiadPamplona\",\"https:\\\/\\\/www.instagram.com\\\/la_guia_de_pamplona\\\/\",\"https:\\\/\\\/www.youtube.com\\\/user\\\/laguiadepamplona\"]},{\"@type\":\"Person\",\"@id\":\"https:\\\/\\\/www.laguiadepamplona.com\\\/actualidad\\\/#\\\/schema\\\/person\\\/efe887376f0213d4657c93adc50b1fdb\",\"name\":\"La Gu\u00eda de Pamplona\",\"image\":{\"@type\":\"ImageObject\",\"inLanguage\":\"es\",\"@id\":\"https:\\\/\\\/secure.gravatar.com\\\/avatar\\\/b6992f131dc8d30ab0dff15446e9d346d9dbd95992de0fef795073f5ea83a81c?s=96&d=mm&r=g\",\"url\":\"https:\\\/\\\/secure.gravatar.com\\\/avatar\\\/b6992f131dc8d30ab0dff15446e9d346d9dbd95992de0fef795073f5ea83a81c?s=96&d=mm&r=g\",\"contentUrl\":\"https:\\\/\\\/secure.gravatar.com\\\/avatar\\\/b6992f131dc8d30ab0dff15446e9d346d9dbd95992de0fef795073f5ea83a81c?s=96&d=mm&r=g\",\"caption\":\"La Gu\u00eda de Pamplona\"}}]}<\/script>\n<!-- \/ Yoast SEO plugin. -->","yoast_head_json":{"title":"La alcaldesa de Pamplona recibe a la delegada en Navarra de la Fundaci\u00f3n La Caixa, impulsora del programa en colaboraci\u00f3n \u2018Siempre acompa\u00f1ados\u2019","description":"En lo que va de a\u00f1o 155 personas de San Juan, Iturrama y Txantrea han participado en esta iniciativa activa contra la soledad","robots":{"index":"index","follow":"follow","max-snippet":"max-snippet:-1","max-image-preview":"max-image-preview:large","max-video-preview":"max-video-preview:-1"},"canonical":"https:\/\/www.laguiadepamplona.com\/actualidad\/la-alcaldesa-de-pamplona-recibe-a-la-delegada-en-navarra-de-la-fundacion-la-caixa-impulsora-del-programa-en-colaboracion-siempre-acompanados\/","og_locale":"es_ES","og_type":"article","og_title":"La alcaldesa de Pamplona recibe a la delegada en Navarra de la Fundaci\u00f3n La Caixa, impulsora del programa en colaboraci\u00f3n \u2018Siempre acompa\u00f1ados\u2019","og_description":"En lo que va de a\u00f1o 155 personas de San Juan, Iturrama y Txantrea han participado en esta iniciativa activa contra la soledad","og_url":"https:\/\/www.laguiadepamplona.com\/actualidad\/la-alcaldesa-de-pamplona-recibe-a-la-delegada-en-navarra-de-la-fundacion-la-caixa-impulsora-del-programa-en-colaboracion-siempre-acompanados\/","og_site_name":"La Gu\u00eda de Pamplona","article_publisher":"https:\/\/www.facebook.com\/laguiadepamplonacom-133175176762273\/?ref=hl","article_published_time":"2023-11-02T19:16:15+00:00","og_image":[{"width":1200,"height":800,"url":"https:\/\/www.laguiadepamplona.com\/actualidad\/wp-content\/uploads\/2023\/11\/lacaixanb1602.webp","type":"image\/webp"}],"author":"La Gu\u00eda de Pamplona","twitter_card":"summary_large_image","twitter_creator":"@LaGuiadPamplona","twitter_site":"@LaGuiadPamplona","twitter_misc":{"Escrito por":"La Gu\u00eda de Pamplona","Tiempo de lectura":"2 minutos"},"schema":{"@context":"https:\/\/schema.org","@graph":[{"@type":"Article","@id":"https:\/\/www.laguiadepamplona.com\/actualidad\/la-alcaldesa-de-pamplona-recibe-a-la-delegada-en-navarra-de-la-fundacion-la-caixa-impulsora-del-programa-en-colaboracion-siempre-acompanados\/#article","isPartOf":{"@id":"https:\/\/www.laguiadepamplona.com\/actualidad\/la-alcaldesa-de-pamplona-recibe-a-la-delegada-en-navarra-de-la-fundacion-la-caixa-impulsora-del-programa-en-colaboracion-siempre-acompanados\/"},"author":{"name":"La Gu\u00eda de Pamplona","@id":"https:\/\/www.laguiadepamplona.com\/actualidad\/#\/schema\/person\/efe887376f0213d4657c93adc50b1fdb"},"headline":"La alcaldesa de Pamplona recibe a la delegada en Navarra de la Fundaci\u00f3n La Caixa, impulsora del programa en colaboraci\u00f3n \u2018Siempre acompa\u00f1ados\u2019","datePublished":"2023-11-02T19:16:15+00:00","mainEntityOfPage":{"@id":"https:\/\/www.laguiadepamplona.com\/actualidad\/la-alcaldesa-de-pamplona-recibe-a-la-delegada-en-navarra-de-la-fundacion-la-caixa-impulsora-del-programa-en-colaboracion-siempre-acompanados\/"},"wordCount":424,"commentCount":0,"publisher":{"@id":"https:\/\/www.laguiadepamplona.com\/actualidad\/#organization"},"image":{"@id":"https:\/\/www.laguiadepamplona.com\/actualidad\/la-alcaldesa-de-pamplona-recibe-a-la-delegada-en-navarra-de-la-fundacion-la-caixa-impulsora-del-programa-en-colaboracion-siempre-acompanados\/#primaryimage"},"thumbnailUrl":"https:\/\/www.laguiadepamplona.com\/actualidad\/wp-content\/uploads\/2023\/11\/lacaixanb1602.webp","articleSection":["Ayto Pamplona"],"inLanguage":"es","potentialAction":[{"@type":"CommentAction","name":"Comment","target":["https:\/\/www.laguiadepamplona.com\/actualidad\/la-alcaldesa-de-pamplona-recibe-a-la-delegada-en-navarra-de-la-fundacion-la-caixa-impulsora-del-programa-en-colaboracion-siempre-acompanados\/#respond"]}]},{"@type":"WebPage","@id":"https:\/\/www.laguiadepamplona.com\/actualidad\/la-alcaldesa-de-pamplona-recibe-a-la-delegada-en-navarra-de-la-fundacion-la-caixa-impulsora-del-programa-en-colaboracion-siempre-acompanados\/","url":"https:\/\/www.laguiadepamplona.com\/actualidad\/la-alcaldesa-de-pamplona-recibe-a-la-delegada-en-navarra-de-la-fundacion-la-caixa-impulsora-del-programa-en-colaboracion-siempre-acompanados\/","name":"La alcaldesa de Pamplona recibe a la delegada en Navarra de la Fundaci\u00f3n La Caixa, impulsora del programa en colaboraci\u00f3n \u2018Siempre acompa\u00f1ados\u2019","isPartOf":{"@id":"https:\/\/www.laguiadepamplona.com\/actualidad\/#website"},"primaryImageOfPage":{"@id":"https:\/\/www.laguiadepamplona.com\/actualidad\/la-alcaldesa-de-pamplona-recibe-a-la-delegada-en-navarra-de-la-fundacion-la-caixa-impulsora-del-programa-en-colaboracion-siempre-acompanados\/#primaryimage"},"image":{"@id":"https:\/\/www.laguiadepamplona.com\/actualidad\/la-alcaldesa-de-pamplona-recibe-a-la-delegada-en-navarra-de-la-fundacion-la-caixa-impulsora-del-programa-en-colaboracion-siempre-acompanados\/#primaryimage"},"thumbnailUrl":"https:\/\/www.laguiadepamplona.com\/actualidad\/wp-content\/uploads\/2023\/11\/lacaixanb1602.webp","datePublished":"2023-11-02T19:16:15+00:00","description":"En lo que va de a\u00f1o 155 personas de San Juan, Iturrama y Txantrea han participado en esta iniciativa activa contra la soledad","breadcrumb":{"@id":"https:\/\/www.laguiadepamplona.com\/actualidad\/la-alcaldesa-de-pamplona-recibe-a-la-delegada-en-navarra-de-la-fundacion-la-caixa-impulsora-del-programa-en-colaboracion-siempre-acompanados\/#breadcrumb"},"inLanguage":"es","potentialAction":[{"@type":"ReadAction","target":["https:\/\/www.laguiadepamplona.com\/actualidad\/la-alcaldesa-de-pamplona-recibe-a-la-delegada-en-navarra-de-la-fundacion-la-caixa-impulsora-del-programa-en-colaboracion-siempre-acompanados\/"]}]},{"@type":"ImageObject","inLanguage":"es","@id":"https:\/\/www.laguiadepamplona.com\/actualidad\/la-alcaldesa-de-pamplona-recibe-a-la-delegada-en-navarra-de-la-fundacion-la-caixa-impulsora-del-programa-en-colaboracion-siempre-acompanados\/#primaryimage","url":"https:\/\/www.laguiadepamplona.com\/actualidad\/wp-content\/uploads\/2023\/11\/lacaixanb1602.webp","contentUrl":"https:\/\/www.laguiadepamplona.com\/actualidad\/wp-content\/uploads\/2023\/11\/lacaixanb1602.webp","width":1200,"height":800,"caption":"la caixa"},{"@type":"BreadcrumbList","@id":"https:\/\/www.laguiadepamplona.com\/actualidad\/la-alcaldesa-de-pamplona-recibe-a-la-delegada-en-navarra-de-la-fundacion-la-caixa-impulsora-del-programa-en-colaboracion-siempre-acompanados\/#breadcrumb","itemListElement":[{"@type":"ListItem","position":1,"name":"Portada","item":"https:\/\/www.laguiadepamplona.com\/actualidad\/"},{"@type":"ListItem","position":2,"name":"La alcaldesa de Pamplona recibe a la delegada en Navarra de la Fundaci\u00f3n La Caixa, impulsora del programa en colaboraci\u00f3n \u2018Siempre acompa\u00f1ados\u2019"}]},{"@type":"WebSite","@id":"https:\/\/www.laguiadepamplona.com\/actualidad\/#website","url":"https:\/\/www.laguiadepamplona.com\/actualidad\/","name":"La gu\u00eda de Pamplona","description":"Noticias de Pamplona","publisher":{"@id":"https:\/\/www.laguiadepamplona.com\/actualidad\/#organization"},"potentialAction":[{"@type":"SearchAction","target":{"@type":"EntryPoint","urlTemplate":"https:\/\/www.laguiadepamplona.com\/actualidad\/?s={search_term_string}"},"query-input":{"@type":"PropertyValueSpecification","valueRequired":true,"valueName":"search_term_string"}}],"inLanguage":"es"},{"@type":"Organization","@id":"https:\/\/www.laguiadepamplona.com\/actualidad\/#organization","name":"La Gu\u00eda de Pamplona \/ Noticias","url":"https:\/\/www.laguiadepamplona.com\/actualidad\/","logo":{"@type":"ImageObject","inLanguage":"es","@id":"https:\/\/www.laguiadepamplona.com\/actualidad\/#\/schema\/logo\/image\/","url":"https:\/\/www.laguiadepamplona.com\/actualidad\/wp-content\/uploads\/2018\/11\/logo-laguiadepamplona18-web1.png","contentUrl":"https:\/\/www.laguiadepamplona.com\/actualidad\/wp-content\/uploads\/2018\/11\/logo-laguiadepamplona18-web1.png","width":600,"height":196,"caption":"La Gu\u00eda de Pamplona \/ Noticias"},"image":{"@id":"https:\/\/www.laguiadepamplona.com\/actualidad\/#\/schema\/logo\/image\/"},"sameAs":["https:\/\/www.facebook.com\/laguiadepamplonacom-133175176762273\/?ref=hl","https:\/\/x.com\/LaGuiadPamplona","https:\/\/www.instagram.com\/la_guia_de_pamplona\/","https:\/\/www.youtube.com\/user\/laguiadepamplona"]},{"@type":"Person","@id":"https:\/\/www.laguiadepamplona.com\/actualidad\/#\/schema\/person\/efe887376f0213d4657c93adc50b1fdb","name":"La Gu\u00eda de Pamplona","image":{"@type":"ImageObject","inLanguage":"es","@id":"https:\/\/secure.gravatar.com\/avatar\/b6992f131dc8d30ab0dff15446e9d346d9dbd95992de0fef795073f5ea83a81c?s=96&d=mm&r=g","url":"https:\/\/secure.gravatar.com\/avatar\/b6992f131dc8d30ab0dff15446e9d346d9dbd95992de0fef795073f5ea83a81c?s=96&d=mm&r=g","contentUrl":"https:\/\/secure.gravatar.com\/avatar\/b6992f131dc8d30ab0dff15446e9d346d9dbd95992de0fef795073f5ea83a81c?s=96&d=mm&r=g","caption":"La Gu\u00eda de Pamplona"}}]}},"post_mailing_queue_ids":[],"_links":{"self":[{"href":"https:\/\/www.laguiadepamplona.com\/actualidad\/wp-json\/wp\/v2\/posts\/47786","targetHints":{"allow":["GET"]}}],"collection":[{"href":"https:\/\/www.laguiadepamplona.com\/actualidad\/wp-json\/wp\/v2\/posts"}],"about":[{"href":"https:\/\/www.laguiadepamplona.com\/actualidad\/wp-json\/wp\/v2\/types\/post"}],"author":[{"embeddable":true,"href":"https:\/\/www.laguiadepamplona.com\/actualidad\/wp-json\/wp\/v2\/users\/1"}],"replies":[{"embeddable":true,"href":"https:\/\/www.laguiadepamplona.com\/actualidad\/wp-json\/wp\/v2\/comments?post=47786"}],"version-history":[{"count":1,"href":"https:\/\/www.laguiadepamplona.com\/actualidad\/wp-json\/wp\/v2\/posts\/47786\/revisions"}],"predecessor-version":[{"id":47788,"href":"https:\/\/www.laguiadepamplona.com\/actualidad\/wp-json\/wp\/v2\/posts\/47786\/revisions\/47788"}],"wp:featuredmedia":[{"embeddable":true,"href":"https:\/\/www.laguiadepamplona.com\/actualidad\/wp-json\/wp\/v2\/media\/47787"}],"wp:attachment":[{"href":"https:\/\/www.laguiadepamplona.com\/actualidad\/wp-json\/wp\/v2\/media?parent=47786"}],"wp:term":[{"taxonomy":"category","embeddable":true,"href":"https:\/\/www.laguiadepamplona.com\/actualidad\/wp-json\/wp\/v2\/categories?post=47786"},{"taxonomy":"post_tag","embeddable":true,"href":"https:\/\/www.laguiadepamplona.com\/actualidad\/wp-json\/wp\/v2\/tags?post=47786"}],"curies":[{"name":"wp","href":"https:\/\/api.w.org\/{rel}","templated":true}]}}