{"id":47769,"date":"2023-11-02T14:20:10","date_gmt":"2023-11-02T12:20:10","guid":{"rendered":"https:\/\/www.laguiadepamplona.com\/actualidad\/?p=47769"},"modified":"2023-11-02T14:20:10","modified_gmt":"2023-11-02T12:20:10","slug":"las-iii-jornadas-de-la-agenda-urbana-de-pamplona-estrategia-2030-abren-este-jueves-el-programa-de-difusion-de-los-principales-valores-de-la-estrategia-municipal","status":"publish","type":"post","link":"https:\/\/www.laguiadepamplona.com\/actualidad\/las-iii-jornadas-de-la-agenda-urbana-de-pamplona-estrategia-2030-abren-este-jueves-el-programa-de-difusion-de-los-principales-valores-de-la-estrategia-municipal\/","title":{"rendered":"Las III Jornadas de la Agenda Urbana de Pamplona \u2013 Estrategia 2030 abren este jueves el programa de difusi\u00f3n de los principales valores de la estrategia municipal"},"content":{"rendered":"<h3 class=\"1Titulo1\"><span style=\"font-size: 12pt;\">El evento acoge nuevas adhesiones al Pacto Local por el Desarrollo y presenta actuaciones de Pamplona y ciudades como Zaragoza o Donostia<\/span><\/h3>\n<p class=\"MsoNormal\"><!--more--><\/p>\n<p class=\"3Texto\">La campa\u00f1a institucional para dar a conocer las claves de la Agenda Urbana de Pamplona 2030 se ha inaugurado este jueves con la celebraci\u00f3n de las III Jornadas de la Agenda Urbana de Pamplona \u2013 Estrategia 2030, en la Sala de Armas de la Ciudadela. La alcaldesa de Pamplona, Cristina Ibarrola, ha abierto la jornada, en la que se han firmado nuevas adhesiones al programa y se ha conocido el trabajo de Pamplona y de otras ciudades cercanas, como Zaragoza o Donostia \u2013 San Sebasti\u00e1n. La jornada se ha retransmitido en <i>streaming<\/i> a trav\u00e9s de este <a href=\"https:\/\/youtube.com\/live\/9z4GEDB3pWo\" target=\"_blank\" rel=\"noopener\">enlace<\/a>.<\/p>\n<p class=\"3Texto\">Entre las nuevas adhesiones al Pacto Local por el Desarrollo de la Agencia Urbana de Pamplona se cuentan Estibaliz Erauzquin Bilbao (NAITEC), Adriana Eransus Azpilicueta\u00a0\u00a0\u00a0\u00a0\u00a0\u00a0\u00a0\u00a0\u00a0\u00a0 (AJE Navarra \u2013 LaBajera), Natalia Bellosta (INTIA), Idoia Madariaga (Nasuvinsa), Pablo Ayesa (Cener), Mar Gonzalez Paredes (TRACASA), Luis Maeztu Martinez (CITI Navarra \u2013 Hub tecnol\u00f3gico), Francisco P\u00e9rez Esparza (Animsa) y Javier Aguirre (Asociaci\u00f3n enredarse).<\/p>\n<p><script async src=\"\/\/pagead2.googlesyndication.com\/pagead\/js\/adsbygoogle.js\"><\/script><br \/>\n<!-- Noticias La Guia de Pamplona --><br \/>\n<ins class=\"adsbygoogle\"\nstyle=\"display:block\"\ndata-ad-client=\"ca-pub-6943679897239327\"\ndata-ad-slot=\"7048180777\"\ndata-ad-format=\"auto\"><\/ins><br \/>\n<script>\n(adsbygoogle = window.adsbygoogle || []).push({});\n<\/script><\/p>\n<p class=\"3Texto\">Todas estas entidades se unen al proceso para hacer de Pamplona una ciudad m\u00e1s amable, ecol\u00f3gica, respetuosa con el clima, equitativa, justa, igualitaria, solidaria, inclusiva e innovadora. Estas son las claves resultado de la Agenda Urbana de Pamplona 2030, una hoja de ruta para la ciudad siguiendo la Agenda 2030 de Naciones Unidas y los 17 Objetivos de Desarrollo Sostenible, la Agenda Urbana Europea y la Agenda Urbana Espa\u00f1ola.<\/p>\n<p class=\"3Texto\">Estos objetivos se desarrollan en 57 proyectos estrat\u00e9gicos englobados en 29 objetivos principales que se definen en el marco de 5 grandes dimensiones: cambio clim\u00e1tico y sostenibilidad; inclusi\u00f3n social y equilibrio entre barrios; gesti\u00f3n p\u00fablica innovadora; cultura y turismo; y econom\u00eda de conocimiento e innovaci\u00f3n. Durante todo el mes de noviembre, una campa\u00f1a institucional busca dar a conocer el programa a toda la ciudadan\u00eda.<\/p>\n<p class=\"4Ladillo\"><strong>Visitas y exposiciones<\/strong><\/p>\n<p class=\"3Texto\">Adem\u00e1s de las jornadas, la campa\u00f1a de difusi\u00f3n incluye, entre otras, visitas guiadas y una exposici\u00f3n itinerante por los barrios de Pamplona. Las visitas guiadas gratuitas dan a conocer algunos de los 57 proyectos estrat\u00e9gicos que se desarrollan en la ciudad, como los jardines de lluvia, instalaciones fotovoltaicas o el corredor fluvial y ciclista en torno al r\u00edo Arga. Las visitas se reservan en el tel\u00e9fono 010 y se dirigen a toda la ciudadan\u00eda.<\/p>\n<p class=\"3Texto\">Las exposiciones de los barrios se conciben como un espacio festivo que da a conocer los principales hitos en la creaci\u00f3n de la Agenda Urbana de Pamplona 2030, aprobada en 2021 fruto del consenso de los grupos municipales y con implicaci\u00f3n de ciudadan\u00eda y m\u00e1s de 100 entidades institucionales, sociales y econ\u00f3micas. La primera parada de la exposici\u00f3n itinerante es este viernes, en la plaza Monasterio de Azuelo del barrio de San Juan, en horario de ma\u00f1ana para los centros educativos, <strong><span style=\"font-family: 'Arial',sans-serif; font-weight: normal;\">de 11 a 14 horas,<\/span><\/strong> y de tarde, de 16.30 a 19.30, para ciudadan\u00eda en general.<\/p>\n<p class=\"4Ladillo\">\n<p><script async src=\"\/\/pagead2.googlesyndication.com\/pagead\/js\/adsbygoogle.js\"><\/script><br \/>\n<!-- Noticias La Guia de Pamplona --><br \/>\n<ins class=\"adsbygoogle\"\nstyle=\"display:block\"\ndata-ad-client=\"ca-pub-6943679897239327\"\ndata-ad-slot=\"7048180777\"\ndata-ad-format=\"auto\"><\/ins><br \/>\n<script>\n(adsbygoogle = window.adsbygoogle || []).push({});\n<\/script><\/p>\n<h3 class=\"5TituloApoyodedatos\">Agenda Urbana de Pamplona 2030<\/h3>\n<p class=\"6Textoapoyodatos\" style=\"margin-left: 0cm; text-indent: 0cm; mso-list: l0 level1 lfo1;\"><!-- [if !supportLists]--><span style=\"color: #ff0000;\"><strong><span style=\"font-family: Symbol; mso-fareast-font-family: Symbol; mso-bidi-font-family: Symbol;\"><span style=\"mso-list: Ignore;\">\u00b7<span style=\"font-style: normal; font-variant: normal; font-kerning: auto; font-optical-sizing: auto; font-feature-settings: normal; font-variation-settings: normal; font-stretch: normal; font-size: 7pt; line-height: normal; font-family: 'Times New Roman';\">\u00a0\u00a0\u00a0\u00a0\u00a0\u00a0\u00a0\u00a0\u00a0\u00a0\u00a0\u00a0\u00a0\u00a0\u00a0\u00a0\u00a0 <\/span><\/span><\/span><!--[endif]-->III Jornadas de la Agenda Urbana de Pamplona \u2013 Estrategia 2030. Entidades firmantes:<\/strong><\/span><\/p>\n<p class=\"7texto2apoyodatos\" style=\"mso-list: l0 level2 lfo1;\"><!-- [if !supportLists]--><span style=\"font-family: 'Courier New'; mso-fareast-font-family: 'Courier New';\"><span style=\"mso-list: Ignore;\">o<span style=\"font: 7.0pt 'Times New Roman';\">\u00a0\u00a0\u00a0 <\/span><\/span><\/span><!--[endif]-->Estibaliz Erauzquin Bilbao (NAITEC)<\/p>\n<p class=\"7texto2apoyodatos\" style=\"mso-list: l0 level2 lfo1;\"><!-- [if !supportLists]--><span style=\"font-family: 'Courier New'; mso-fareast-font-family: 'Courier New';\"><span style=\"mso-list: Ignore;\">o<span style=\"font: 7.0pt 'Times New Roman';\">\u00a0\u00a0\u00a0 <\/span><\/span><\/span><!--[endif]-->Adriana Eransus Azpilicueta\u00a0 (AJE Navarra \u2013 LaBajera)<\/p>\n<p class=\"7texto2apoyodatos\" style=\"mso-list: l0 level2 lfo1;\"><!-- [if !supportLists]--><span style=\"font-family: 'Courier New'; mso-fareast-font-family: 'Courier New';\"><span style=\"mso-list: Ignore;\">o<span style=\"font: 7.0pt 'Times New Roman';\">\u00a0\u00a0\u00a0 <\/span><\/span><\/span><!--[endif]-->Natalia Bellosta (INTIA)<\/p>\n<p class=\"7texto2apoyodatos\" style=\"mso-list: l0 level2 lfo1;\"><!-- [if !supportLists]--><span style=\"font-family: 'Courier New'; mso-fareast-font-family: 'Courier New';\"><span style=\"mso-list: Ignore;\">o<span style=\"font: 7.0pt 'Times New Roman';\">\u00a0\u00a0\u00a0 <\/span><\/span><\/span><!--[endif]-->Idoia Madariaga (Nasuvinsa)<\/p>\n<p class=\"7texto2apoyodatos\" style=\"mso-list: l0 level2 lfo1;\"><!-- [if !supportLists]--><span style=\"font-family: 'Courier New'; mso-fareast-font-family: 'Courier New';\"><span style=\"mso-list: Ignore;\">o<span style=\"font: 7.0pt 'Times New Roman';\">\u00a0\u00a0\u00a0 <\/span><\/span><\/span><!--[endif]-->Pablo Ayesa (Cener)<\/p>\n<p class=\"7texto2apoyodatos\" style=\"mso-list: l0 level2 lfo1;\"><!-- [if !supportLists]--><span style=\"font-family: 'Courier New'; mso-fareast-font-family: 'Courier New';\"><span style=\"mso-list: Ignore;\">o<span style=\"font: 7.0pt 'Times New Roman';\">\u00a0\u00a0\u00a0 <\/span><\/span><\/span><!--[endif]-->Mar Gonzalez Paredes (TRACASA)<\/p>\n<p class=\"7texto2apoyodatos\" style=\"mso-list: l0 level2 lfo1;\"><!-- [if !supportLists]--><span style=\"font-family: 'Courier New'; mso-fareast-font-family: 'Courier New';\"><span style=\"mso-list: Ignore;\">o<span style=\"font: 7.0pt 'Times New Roman';\">\u00a0\u00a0\u00a0 <\/span><\/span><\/span><!--[endif]-->Luis Maeztu Martinez (CITI Navarra \u2013 Hub tecnol\u00f3gico)<\/p>\n<p class=\"7texto2apoyodatos\" style=\"mso-list: l0 level2 lfo1;\"><!-- [if !supportLists]--><span style=\"font-family: 'Courier New'; mso-fareast-font-family: 'Courier New';\"><span style=\"mso-list: Ignore;\">o<span style=\"font: 7.0pt 'Times New Roman';\">\u00a0\u00a0\u00a0 <\/span><\/span><\/span><!--[endif]-->Francisco Perez Esparza (Animsa)<\/p>\n<p class=\"7texto2apoyodatos\" style=\"mso-list: l0 level2 lfo1;\"><!-- [if !supportLists]--><span style=\"font-family: 'Courier New'; mso-fareast-font-family: 'Courier New';\"><span style=\"mso-list: Ignore;\">o<span style=\"font: 7.0pt 'Times New Roman';\">\u00a0\u00a0\u00a0 <\/span><\/span><\/span><!--[endif]-->Javier Aguirre (Asociaci\u00f3n enredarse)<\/p>\n<p class=\"7texto2apoyodatos\" style=\"text-indent: 0cm; mso-list: none;\">\n<p class=\"6Textoapoyodatos\" style=\"margin-left: 0cm; text-indent: 0cm; mso-list: l0 level1 lfo1;\"><!-- [if !supportLists]--><span style=\"color: #ff0000;\"><strong><span style=\"font-family: Symbol; mso-fareast-font-family: Symbol; mso-bidi-font-family: Symbol;\"><span style=\"mso-list: Ignore;\">\u00b7<span style=\"font-style: normal; font-variant: normal; font-kerning: auto; font-optical-sizing: auto; font-feature-settings: normal; font-variation-settings: normal; font-stretch: normal; font-size: 7pt; line-height: normal; font-family: 'Times New Roman';\">\u00a0\u00a0\u00a0\u00a0\u00a0\u00a0\u00a0\u00a0\u00a0\u00a0\u00a0\u00a0\u00a0\u00a0\u00a0\u00a0\u00a0 <\/span><\/span><\/span><!--[endif]-->Exposiciones en los barrios de Pamplona: horario de lunes a viernes de 16.30 a 19.30 y s\u00e1bados, de 12 a 14 horas y de 16.30 a 19.30<\/strong><\/span><\/p>\n<p class=\"7texto2apoyodatos\" style=\"mso-list: l0 level2 lfo1;\"><!-- [if !supportLists]--><span style=\"font-family: 'Courier New'; mso-fareast-font-family: 'Courier New';\"><span style=\"mso-list: Ignore;\">o<span style=\"font: 7.0pt 'Times New Roman';\">\u00a0\u00a0\u00a0 <\/span><\/span><\/span><!--[endif]-->Viernes 3 de noviembre: <b>San Juan<\/b>, plaza Monasterio de Azuelo<\/p>\n<p class=\"7texto2apoyodatos\" style=\"mso-list: l0 level2 lfo1;\"><!-- [if !supportLists]--><span style=\"font-family: 'Courier New'; mso-fareast-font-family: 'Courier New';\"><span style=\"mso-list: Ignore;\">o<span style=\"font: 7.0pt 'Times New Roman';\">\u00a0\u00a0\u00a0 <\/span><\/span><\/span><!--[endif]-->S\u00e1bado 4 de noviembre: <b>Ensanche<\/b>, avenida Carlos III (cruce con avenida Roncesvalles, a la altura del monumento del encierro)<\/p>\n<p class=\"7texto2apoyodatos\" style=\"mso-list: l0 level2 lfo1;\"><!-- [if !supportLists]--><span style=\"font-family: 'Courier New'; mso-fareast-font-family: 'Courier New';\"><span style=\"mso-list: Ignore;\">o<span style=\"font: 7.0pt 'Times New Roman';\">\u00a0\u00a0\u00a0 <\/span><\/span><\/span><!--[endif]-->Lunes 6 de noviembre: <b>Milagrosa<\/b>, plaza Alfredo Florist\u00e1n<\/p>\n<p class=\"7texto2apoyodatos\" style=\"mso-list: l0 level2 lfo1;\"><!-- [if !supportLists]--><span style=\"font-family: 'Courier New'; mso-fareast-font-family: 'Courier New';\"><span style=\"mso-list: Ignore;\">o<span style=\"font: 7.0pt 'Times New Roman';\">\u00a0\u00a0\u00a0 <\/span><\/span><\/span><!--[endif]-->Mi\u00e9rcoles 8 de noviembre: <b>Buztintxuri<\/b>, plaza de los Gigantes<\/p>\n<p class=\"7texto2apoyodatos\" style=\"mso-list: l0 level2 lfo1;\"><!-- [if !supportLists]--><span style=\"font-family: 'Courier New'; mso-fareast-font-family: 'Courier New';\"><span style=\"mso-list: Ignore;\">o<span style=\"font: 7.0pt 'Times New Roman';\">\u00a0\u00a0\u00a0 <\/span><\/span><\/span><!--[endif]-->Viernes 10 de noviembre: <b>Rochapea<\/b>, paseo Anelier<\/p>\n<p class=\"7texto2apoyodatos\" style=\"mso-list: l0 level2 lfo1;\"><!-- [if !supportLists]--><span style=\"font-family: 'Courier New'; mso-fareast-font-family: 'Courier New';\"><span style=\"mso-list: Ignore;\">o<span style=\"font: 7.0pt 'Times New Roman';\">\u00a0\u00a0\u00a0 <\/span><\/span><\/span><!--[endif]-->S\u00e1bado 11 de noviembre: <b>Ermitaga\u00f1a<\/b>, plaza Yamaguchi, frente al planetario<\/p>\n<p class=\"7texto2apoyodatos\" style=\"mso-list: l0 level2 lfo1;\"><!-- [if !supportLists]--><span style=\"font-family: 'Courier New'; mso-fareast-font-family: 'Courier New';\"><span style=\"mso-list: Ignore;\">o<span style=\"font: 7.0pt 'Times New Roman';\">\u00a0\u00a0\u00a0 <\/span><\/span><\/span><!--[endif]-->Lunes 13 de noviembre: <b>Mendillorri<\/b>, calle Concejo de Sarriguren, junto al Civivox<\/p>\n<p class=\"7texto2apoyodatos\" style=\"mso-list: l0 level2 lfo1;\"><!-- [if !supportLists]--><span style=\"font-family: 'Courier New'; mso-fareast-font-family: 'Courier New';\"><span style=\"mso-list: Ignore;\">o<span style=\"font: 7.0pt 'Times New Roman';\">\u00a0\u00a0\u00a0 <\/span><\/span><\/span><!--[endif]-->Mi\u00e9rcoles 15 de noviembre: <b>Etxabakoitz<\/b>, Mirador de Bara\u00f1\u00e1in<\/p>\n<p class=\"7texto2apoyodatos\" style=\"mso-list: l0 level2 lfo1;\"><!-- [if !supportLists]--><span style=\"font-family: 'Courier New'; mso-fareast-font-family: 'Courier New';\"><span style=\"mso-list: Ignore;\">o<span style=\"font: 7.0pt 'Times New Roman';\">\u00a0\u00a0\u00a0 <\/span><\/span><\/span><!--[endif]-->Viernes 17 de noviembre:\u00a0 <b>Lezkairu<\/b>, plaza Maravillas Lamberto<\/p>\n<p class=\"7texto2apoyodatos\" style=\"mso-list: l0 level2 lfo1;\"><!-- [if !supportLists]--><span style=\"font-family: 'Courier New'; mso-fareast-font-family: 'Courier New';\"><span style=\"mso-list: Ignore;\">o<span style=\"font: 7.0pt 'Times New Roman';\">\u00a0\u00a0\u00a0 <\/span><\/span><\/span><!--[endif]-->S\u00e1bado 18 de noviembre: <b><span style=\"color: black;\">Iturrama<\/span><\/b><span style=\"color: black;\">, bulevar de Iturrama<\/span><\/p>\n<p class=\"7texto2apoyodatos\" style=\"mso-list: l0 level2 lfo1;\"><!-- [if !supportLists]--><span style=\"font-family: 'Courier New'; mso-fareast-font-family: 'Courier New';\"><span style=\"mso-list: Ignore;\">o<span style=\"font: 7.0pt 'Times New Roman';\">\u00a0\u00a0\u00a0 <\/span><\/span><\/span><!--[endif]-->Lunes 20 de noviembre: <b>Txantrea<\/b>, plaza de Arriurdi\u00f1eta<\/p>\n<p class=\"7texto2apoyodatos\" style=\"mso-list: l0 level2 lfo1;\"><!-- [if !supportLists]--><span style=\"font-family: 'Courier New'; mso-fareast-font-family: 'Courier New';\"><span style=\"mso-list: Ignore;\">o<span style=\"font: 7.0pt 'Times New Roman';\">\u00a0\u00a0\u00a0 <\/span><\/span><\/span><!--[endif]-->Mi\u00e9rcoles 22 de noviembre: <b>San Jorge<\/b>, plaza Doctor Gortari<\/p>\n<p class=\"7texto2apoyodatos\" style=\"mso-list: l0 level2 lfo1;\"><!-- [if !supportLists]--><span style=\"font-family: 'Courier New'; mso-fareast-font-family: 'Courier New';\"><span style=\"mso-list: Ignore;\">o<span style=\"font: 7.0pt 'Times New Roman';\">\u00a0\u00a0\u00a0 <\/span><\/span><\/span><!--[endif]-->Viernes 24 de noviembre: <b>Azpilaga\u00f1a<\/b>, plaza Manuel Turrillas<\/p>\n<p class=\"7texto2apoyodatos\" style=\"mso-list: l0 level2 lfo1;\"><!-- [if !supportLists]--><span style=\"font-family: 'Courier New'; mso-fareast-font-family: 'Courier New';\"><span style=\"mso-list: Ignore;\">o<span style=\"font: 7.0pt 'Times New Roman';\">\u00a0\u00a0\u00a0 <\/span><\/span><\/span><!--[endif]-->Domingo 26 de noviembre: <b>Casco Viejo<\/b>, Plaza del Castillo, celebraci\u00f3n del evento \u2018Gracias 2030\u2019, en horario de 10.30 a 14.30<\/p>\n<p class=\"6Textoapoyodatos\" style=\"mso-list: none;\">\n<p class=\"6Textoapoyodatos\" style=\"margin-left: 0cm; text-indent: 0cm; mso-list: l0 level1 lfo1;\"><!-- [if !supportLists]--><span style=\"color: #ff0000;\"><strong><span style=\"font-family: Symbol; mso-fareast-font-family: Symbol; mso-bidi-font-family: Symbol;\"><span style=\"mso-list: Ignore;\">\u00b7<span style=\"font-style: normal; font-variant: normal; font-kerning: auto; font-optical-sizing: auto; font-feature-settings: normal; font-variation-settings: normal; font-stretch: normal; font-size: 7pt; line-height: normal; font-family: 'Times New Roman';\">\u00a0\u00a0\u00a0\u00a0\u00a0\u00a0\u00a0\u00a0\u00a0\u00a0\u00a0\u00a0\u00a0\u00a0\u00a0\u00a0\u00a0 <\/span><\/span><\/span><!--[endif]-->Visitas guiadas gratuitas (reservas en el tel\u00e9fono 010):<\/strong><\/span><\/p>\n<p class=\"7texto2apoyodatos\" style=\"mso-list: l0 level2 lfo1;\"><!-- [if !supportLists]--><span style=\"font-family: 'Courier New'; mso-fareast-font-family: 'Courier New';\"><span style=\"mso-list: Ignore;\">o<span style=\"font: 7.0pt 'Times New Roman';\">\u00a0\u00a0\u00a0 <\/span><\/span><\/span><!--[endif]-->En bici el\u00e9ctrica por la Agenda 2030: 5, 19 y 25 de noviembre (las bicicletas el\u00e9ctricas las facilita la organizaci\u00f3n)<\/p>\n<p class=\"7texto2apoyodatos\" style=\"mso-list: l0 level2 lfo1;\"><!-- [if !supportLists]--><span style=\"font-family: 'Courier New'; mso-fareast-font-family: 'Courier New';\"><span style=\"mso-list: Ignore;\">o<span style=\"font: 7.0pt 'Times New Roman';\">\u00a0\u00a0\u00a0 <\/span><\/span><\/span><!--[endif]-->A pie por la Agenda 2030: 4 y 17 de noviembre<\/p>\n<p class=\"7texto2apoyodatos\" style=\"mso-list: l0 level2 lfo1;\"><!-- [if !supportLists]--><span style=\"font-family: 'Courier New'; mso-fareast-font-family: 'Courier New';\"><span style=\"mso-list: Ignore;\">o<span style=\"font: 7.0pt 'Times New Roman';\">\u00a0\u00a0\u00a0 <\/span><\/span><\/span><!--[endif]-->Jardines de lluvia: 9 y 18 de noviembre<\/p>\n<p class=\"7texto2apoyodatos\" style=\"mso-list: l0 level2 lfo1;\"><!-- [if !supportLists]--><span style=\"font-family: 'Courier New'; mso-fareast-font-family: 'Courier New';\"><span style=\"mso-list: Ignore;\">o<span style=\"font: 7.0pt 'Times New Roman';\">\u00a0\u00a0\u00a0 <\/span><\/span><\/span><!--[endif]-->Ciclo del CO2: 12 y 23 de noviembre<\/p>\n<p class=\"7texto2apoyodatos\" style=\"mso-list: l0 level2 lfo1;\"><!-- [if !supportLists]--><span style=\"font-family: 'Courier New'; mso-fareast-font-family: 'Courier New';\"><span style=\"mso-list: Ignore;\">o<span style=\"font: 7.0pt 'Times New Roman';\">\u00a0\u00a0\u00a0 <\/span><\/span><\/span><!--[endif]-->Regeneraci\u00f3n energ\u00e9tica de barrios: viernes 24 de noviembre<\/p>\n<p class=\"7texto2apoyodatos\" style=\"mso-list: l0 level2 lfo1;\"><!-- [if !supportLists]--><span style=\"font-family: 'Courier New'; mso-fareast-font-family: 'Courier New';\"><span style=\"mso-list: Ignore;\">o<span style=\"font: 7.0pt 'Times New Roman';\">\u00a0\u00a0\u00a0 <\/span><\/span><\/span><!--[endif]-->Corredor fluvial de Aranzadi: viernes 10 de noviembre<\/p>\n<p class=\"7texto2apoyodatos\" style=\"mso-list: l0 level2 lfo1;\"><!-- [if !supportLists]--><span style=\"font-family: 'Courier New'; mso-fareast-font-family: 'Courier New';\"><span style=\"mso-list: Ignore;\">o<span style=\"font: 7.0pt 'Times New Roman';\">\u00a0\u00a0\u00a0 <\/span><\/span><\/span><!--[endif]-->Ciclo de residuos urbanos: 11 de noviembre<\/p>\n<p class=\"7texto2apoyodatos\" style=\"mso-list: none;\">\n<p class=\"6Textoapoyodatos\" style=\"margin-left: 0cm; text-indent: 0cm; mso-list: l0 level1 lfo1;\"><!-- [if !supportLists]--><span style=\"font-family: Symbol; mso-fareast-font-family: Symbol; mso-bidi-font-family: Symbol;\"><span style=\"mso-list: Ignore;\">\u00b7<span style=\"font: 7.0pt 'Times New Roman';\">\u00a0\u00a0\u00a0\u00a0\u00a0\u00a0\u00a0\u00a0\u00a0\u00a0\u00a0\u00a0\u00a0\u00a0\u00a0\u00a0\u00a0 <\/span><\/span><\/span><!--[endif]-->M\u00e1s informaci\u00f3n en la <a href=\"https:\/\/www.pamplona2030.es\/\" target=\"_blank\" rel=\"noopener\">web Pamplona 2030<\/a><\/p>\n","protected":false},"excerpt":{"rendered":"<p>El evento acoge nuevas adhesiones al Pacto Local por el Desarrollo y presenta actuaciones de Pamplona y ciudades como Zaragoza o Donostia<\/p>\n","protected":false},"author":1,"featured_media":47770,"comment_status":"open","ping_status":"closed","sticky":false,"template":"","format":"standard","meta":{"footnotes":""},"categories":[2],"tags":[],"class_list":["post-47769","post","type-post","status-publish","format-standard","has-post-thumbnail","hentry","category-ayuntamiento-pamplona"],"yoast_head":"<!-- This site is optimized with the Yoast SEO plugin v27.3 - https:\/\/yoast.com\/product\/yoast-seo-wordpress\/ -->\n<title>Las III Jornadas de la Agenda Urbana de Pamplona \u2013 Estrategia 2030 abren este jueves el programa de difusi\u00f3n de los principales valores de la estrategia municipal<\/title>\n<meta name=\"description\" content=\"El evento acoge nuevas adhesiones al Pacto Local por el Desarrollo y presenta actuaciones de Pamplona y ciudades como Zaragoza o Donostia\" \/>\n<meta name=\"robots\" content=\"index, follow, max-snippet:-1, max-image-preview:large, max-video-preview:-1\" \/>\n<link rel=\"canonical\" href=\"https:\/\/www.laguiadepamplona.com\/actualidad\/las-iii-jornadas-de-la-agenda-urbana-de-pamplona-estrategia-2030-abren-este-jueves-el-programa-de-difusion-de-los-principales-valores-de-la-estrategia-municipal\/\" \/>\n<meta property=\"og:locale\" content=\"es_ES\" \/>\n<meta property=\"og:type\" content=\"article\" \/>\n<meta property=\"og:title\" content=\"Las III Jornadas de la Agenda Urbana de Pamplona \u2013 Estrategia 2030 abren este jueves el programa de difusi\u00f3n de los principales valores de la estrategia municipal\" \/>\n<meta property=\"og:description\" content=\"El evento acoge nuevas adhesiones al Pacto Local por el Desarrollo y presenta actuaciones de Pamplona y ciudades como Zaragoza o Donostia\" \/>\n<meta property=\"og:url\" content=\"https:\/\/www.laguiadepamplona.com\/actualidad\/las-iii-jornadas-de-la-agenda-urbana-de-pamplona-estrategia-2030-abren-este-jueves-el-programa-de-difusion-de-los-principales-valores-de-la-estrategia-municipal\/\" \/>\n<meta property=\"og:site_name\" content=\"La Gu\u00eda de Pamplona\" \/>\n<meta property=\"article:publisher\" content=\"https:\/\/www.facebook.com\/laguiadepamplonacom-133175176762273\/?ref=hl\" \/>\n<meta property=\"article:published_time\" content=\"2023-11-02T12:20:10+00:00\" \/>\n<meta property=\"og:image\" content=\"https:\/\/www.laguiadepamplona.com\/actualidad\/wp-content\/uploads\/2023\/11\/firma-nuevas-adhesiones-agenda-2030nb1484_0.webp\" \/>\n\t<meta property=\"og:image:width\" content=\"1200\" \/>\n\t<meta property=\"og:image:height\" content=\"800\" \/>\n\t<meta property=\"og:image:type\" content=\"image\/webp\" \/>\n<meta name=\"author\" content=\"La Gu\u00eda de Pamplona\" \/>\n<meta name=\"twitter:card\" content=\"summary_large_image\" \/>\n<meta name=\"twitter:creator\" content=\"@LaGuiadPamplona\" \/>\n<meta name=\"twitter:site\" content=\"@LaGuiadPamplona\" \/>\n<meta name=\"twitter:label1\" content=\"Escrito por\" \/>\n\t<meta name=\"twitter:data1\" content=\"La Gu\u00eda de Pamplona\" \/>\n\t<meta name=\"twitter:label2\" content=\"Tiempo de lectura\" \/>\n\t<meta name=\"twitter:data2\" content=\"4 minutos\" \/>\n<script type=\"application\/ld+json\" class=\"yoast-schema-graph\">{\"@context\":\"https:\\\/\\\/schema.org\",\"@graph\":[{\"@type\":\"Article\",\"@id\":\"https:\\\/\\\/www.laguiadepamplona.com\\\/actualidad\\\/las-iii-jornadas-de-la-agenda-urbana-de-pamplona-estrategia-2030-abren-este-jueves-el-programa-de-difusion-de-los-principales-valores-de-la-estrategia-municipal\\\/#article\",\"isPartOf\":{\"@id\":\"https:\\\/\\\/www.laguiadepamplona.com\\\/actualidad\\\/las-iii-jornadas-de-la-agenda-urbana-de-pamplona-estrategia-2030-abren-este-jueves-el-programa-de-difusion-de-los-principales-valores-de-la-estrategia-municipal\\\/\"},\"author\":{\"name\":\"La Gu\u00eda de Pamplona\",\"@id\":\"https:\\\/\\\/www.laguiadepamplona.com\\\/actualidad\\\/#\\\/schema\\\/person\\\/efe887376f0213d4657c93adc50b1fdb\"},\"headline\":\"Las III Jornadas de la Agenda Urbana de Pamplona \u2013 Estrategia 2030 abren este jueves el programa de difusi\u00f3n de los principales valores de la estrategia municipal\",\"datePublished\":\"2023-11-02T12:20:10+00:00\",\"mainEntityOfPage\":{\"@id\":\"https:\\\/\\\/www.laguiadepamplona.com\\\/actualidad\\\/las-iii-jornadas-de-la-agenda-urbana-de-pamplona-estrategia-2030-abren-este-jueves-el-programa-de-difusion-de-los-principales-valores-de-la-estrategia-municipal\\\/\"},\"wordCount\":848,\"commentCount\":0,\"publisher\":{\"@id\":\"https:\\\/\\\/www.laguiadepamplona.com\\\/actualidad\\\/#organization\"},\"image\":{\"@id\":\"https:\\\/\\\/www.laguiadepamplona.com\\\/actualidad\\\/las-iii-jornadas-de-la-agenda-urbana-de-pamplona-estrategia-2030-abren-este-jueves-el-programa-de-difusion-de-los-principales-valores-de-la-estrategia-municipal\\\/#primaryimage\"},\"thumbnailUrl\":\"https:\\\/\\\/www.laguiadepamplona.com\\\/actualidad\\\/wp-content\\\/uploads\\\/2023\\\/11\\\/firma-nuevas-adhesiones-agenda-2030nb1484_0.webp\",\"articleSection\":[\"Ayto Pamplona\"],\"inLanguage\":\"es\",\"potentialAction\":[{\"@type\":\"CommentAction\",\"name\":\"Comment\",\"target\":[\"https:\\\/\\\/www.laguiadepamplona.com\\\/actualidad\\\/las-iii-jornadas-de-la-agenda-urbana-de-pamplona-estrategia-2030-abren-este-jueves-el-programa-de-difusion-de-los-principales-valores-de-la-estrategia-municipal\\\/#respond\"]}]},{\"@type\":\"WebPage\",\"@id\":\"https:\\\/\\\/www.laguiadepamplona.com\\\/actualidad\\\/las-iii-jornadas-de-la-agenda-urbana-de-pamplona-estrategia-2030-abren-este-jueves-el-programa-de-difusion-de-los-principales-valores-de-la-estrategia-municipal\\\/\",\"url\":\"https:\\\/\\\/www.laguiadepamplona.com\\\/actualidad\\\/las-iii-jornadas-de-la-agenda-urbana-de-pamplona-estrategia-2030-abren-este-jueves-el-programa-de-difusion-de-los-principales-valores-de-la-estrategia-municipal\\\/\",\"name\":\"Las III Jornadas de la Agenda Urbana de Pamplona \u2013 Estrategia 2030 abren este jueves el programa de difusi\u00f3n de los principales valores de la estrategia municipal\",\"isPartOf\":{\"@id\":\"https:\\\/\\\/www.laguiadepamplona.com\\\/actualidad\\\/#website\"},\"primaryImageOfPage\":{\"@id\":\"https:\\\/\\\/www.laguiadepamplona.com\\\/actualidad\\\/las-iii-jornadas-de-la-agenda-urbana-de-pamplona-estrategia-2030-abren-este-jueves-el-programa-de-difusion-de-los-principales-valores-de-la-estrategia-municipal\\\/#primaryimage\"},\"image\":{\"@id\":\"https:\\\/\\\/www.laguiadepamplona.com\\\/actualidad\\\/las-iii-jornadas-de-la-agenda-urbana-de-pamplona-estrategia-2030-abren-este-jueves-el-programa-de-difusion-de-los-principales-valores-de-la-estrategia-municipal\\\/#primaryimage\"},\"thumbnailUrl\":\"https:\\\/\\\/www.laguiadepamplona.com\\\/actualidad\\\/wp-content\\\/uploads\\\/2023\\\/11\\\/firma-nuevas-adhesiones-agenda-2030nb1484_0.webp\",\"datePublished\":\"2023-11-02T12:20:10+00:00\",\"description\":\"El evento acoge nuevas adhesiones al Pacto Local por el Desarrollo y presenta actuaciones de Pamplona y ciudades como Zaragoza o Donostia\",\"breadcrumb\":{\"@id\":\"https:\\\/\\\/www.laguiadepamplona.com\\\/actualidad\\\/las-iii-jornadas-de-la-agenda-urbana-de-pamplona-estrategia-2030-abren-este-jueves-el-programa-de-difusion-de-los-principales-valores-de-la-estrategia-municipal\\\/#breadcrumb\"},\"inLanguage\":\"es\",\"potentialAction\":[{\"@type\":\"ReadAction\",\"target\":[\"https:\\\/\\\/www.laguiadepamplona.com\\\/actualidad\\\/las-iii-jornadas-de-la-agenda-urbana-de-pamplona-estrategia-2030-abren-este-jueves-el-programa-de-difusion-de-los-principales-valores-de-la-estrategia-municipal\\\/\"]}]},{\"@type\":\"ImageObject\",\"inLanguage\":\"es\",\"@id\":\"https:\\\/\\\/www.laguiadepamplona.com\\\/actualidad\\\/las-iii-jornadas-de-la-agenda-urbana-de-pamplona-estrategia-2030-abren-este-jueves-el-programa-de-difusion-de-los-principales-valores-de-la-estrategia-municipal\\\/#primaryimage\",\"url\":\"https:\\\/\\\/www.laguiadepamplona.com\\\/actualidad\\\/wp-content\\\/uploads\\\/2023\\\/11\\\/firma-nuevas-adhesiones-agenda-2030nb1484_0.webp\",\"contentUrl\":\"https:\\\/\\\/www.laguiadepamplona.com\\\/actualidad\\\/wp-content\\\/uploads\\\/2023\\\/11\\\/firma-nuevas-adhesiones-agenda-2030nb1484_0.webp\",\"width\":1200,\"height\":800,\"caption\":\"agenda 2030\"},{\"@type\":\"BreadcrumbList\",\"@id\":\"https:\\\/\\\/www.laguiadepamplona.com\\\/actualidad\\\/las-iii-jornadas-de-la-agenda-urbana-de-pamplona-estrategia-2030-abren-este-jueves-el-programa-de-difusion-de-los-principales-valores-de-la-estrategia-municipal\\\/#breadcrumb\",\"itemListElement\":[{\"@type\":\"ListItem\",\"position\":1,\"name\":\"Portada\",\"item\":\"https:\\\/\\\/www.laguiadepamplona.com\\\/actualidad\\\/\"},{\"@type\":\"ListItem\",\"position\":2,\"name\":\"Las III Jornadas de la Agenda Urbana de Pamplona \u2013 Estrategia 2030 abren este jueves el programa de difusi\u00f3n de los principales valores de la estrategia municipal\"}]},{\"@type\":\"WebSite\",\"@id\":\"https:\\\/\\\/www.laguiadepamplona.com\\\/actualidad\\\/#website\",\"url\":\"https:\\\/\\\/www.laguiadepamplona.com\\\/actualidad\\\/\",\"name\":\"La gu\u00eda de Pamplona\",\"description\":\"Noticias de Pamplona\",\"publisher\":{\"@id\":\"https:\\\/\\\/www.laguiadepamplona.com\\\/actualidad\\\/#organization\"},\"potentialAction\":[{\"@type\":\"SearchAction\",\"target\":{\"@type\":\"EntryPoint\",\"urlTemplate\":\"https:\\\/\\\/www.laguiadepamplona.com\\\/actualidad\\\/?s={search_term_string}\"},\"query-input\":{\"@type\":\"PropertyValueSpecification\",\"valueRequired\":true,\"valueName\":\"search_term_string\"}}],\"inLanguage\":\"es\"},{\"@type\":\"Organization\",\"@id\":\"https:\\\/\\\/www.laguiadepamplona.com\\\/actualidad\\\/#organization\",\"name\":\"La Gu\u00eda de Pamplona \\\/ Noticias\",\"url\":\"https:\\\/\\\/www.laguiadepamplona.com\\\/actualidad\\\/\",\"logo\":{\"@type\":\"ImageObject\",\"inLanguage\":\"es\",\"@id\":\"https:\\\/\\\/www.laguiadepamplona.com\\\/actualidad\\\/#\\\/schema\\\/logo\\\/image\\\/\",\"url\":\"https:\\\/\\\/www.laguiadepamplona.com\\\/actualidad\\\/wp-content\\\/uploads\\\/2018\\\/11\\\/logo-laguiadepamplona18-web1.png\",\"contentUrl\":\"https:\\\/\\\/www.laguiadepamplona.com\\\/actualidad\\\/wp-content\\\/uploads\\\/2018\\\/11\\\/logo-laguiadepamplona18-web1.png\",\"width\":600,\"height\":196,\"caption\":\"La Gu\u00eda de Pamplona \\\/ Noticias\"},\"image\":{\"@id\":\"https:\\\/\\\/www.laguiadepamplona.com\\\/actualidad\\\/#\\\/schema\\\/logo\\\/image\\\/\"},\"sameAs\":[\"https:\\\/\\\/www.facebook.com\\\/laguiadepamplonacom-133175176762273\\\/?ref=hl\",\"https:\\\/\\\/x.com\\\/LaGuiadPamplona\",\"https:\\\/\\\/www.instagram.com\\\/la_guia_de_pamplona\\\/\",\"https:\\\/\\\/www.youtube.com\\\/user\\\/laguiadepamplona\"]},{\"@type\":\"Person\",\"@id\":\"https:\\\/\\\/www.laguiadepamplona.com\\\/actualidad\\\/#\\\/schema\\\/person\\\/efe887376f0213d4657c93adc50b1fdb\",\"name\":\"La Gu\u00eda de Pamplona\",\"image\":{\"@type\":\"ImageObject\",\"inLanguage\":\"es\",\"@id\":\"https:\\\/\\\/secure.gravatar.com\\\/avatar\\\/b6992f131dc8d30ab0dff15446e9d346d9dbd95992de0fef795073f5ea83a81c?s=96&d=mm&r=g\",\"url\":\"https:\\\/\\\/secure.gravatar.com\\\/avatar\\\/b6992f131dc8d30ab0dff15446e9d346d9dbd95992de0fef795073f5ea83a81c?s=96&d=mm&r=g\",\"contentUrl\":\"https:\\\/\\\/secure.gravatar.com\\\/avatar\\\/b6992f131dc8d30ab0dff15446e9d346d9dbd95992de0fef795073f5ea83a81c?s=96&d=mm&r=g\",\"caption\":\"La Gu\u00eda de Pamplona\"}}]}<\/script>\n<!-- \/ Yoast SEO plugin. -->","yoast_head_json":{"title":"Las III Jornadas de la Agenda Urbana de Pamplona \u2013 Estrategia 2030 abren este jueves el programa de difusi\u00f3n de los principales valores de la estrategia municipal","description":"El evento acoge nuevas adhesiones al Pacto Local por el Desarrollo y presenta actuaciones de Pamplona y ciudades como Zaragoza o Donostia","robots":{"index":"index","follow":"follow","max-snippet":"max-snippet:-1","max-image-preview":"max-image-preview:large","max-video-preview":"max-video-preview:-1"},"canonical":"https:\/\/www.laguiadepamplona.com\/actualidad\/las-iii-jornadas-de-la-agenda-urbana-de-pamplona-estrategia-2030-abren-este-jueves-el-programa-de-difusion-de-los-principales-valores-de-la-estrategia-municipal\/","og_locale":"es_ES","og_type":"article","og_title":"Las III Jornadas de la Agenda Urbana de Pamplona \u2013 Estrategia 2030 abren este jueves el programa de difusi\u00f3n de los principales valores de la estrategia municipal","og_description":"El evento acoge nuevas adhesiones al Pacto Local por el Desarrollo y presenta actuaciones de Pamplona y ciudades como Zaragoza o Donostia","og_url":"https:\/\/www.laguiadepamplona.com\/actualidad\/las-iii-jornadas-de-la-agenda-urbana-de-pamplona-estrategia-2030-abren-este-jueves-el-programa-de-difusion-de-los-principales-valores-de-la-estrategia-municipal\/","og_site_name":"La Gu\u00eda de Pamplona","article_publisher":"https:\/\/www.facebook.com\/laguiadepamplonacom-133175176762273\/?ref=hl","article_published_time":"2023-11-02T12:20:10+00:00","og_image":[{"width":1200,"height":800,"url":"https:\/\/www.laguiadepamplona.com\/actualidad\/wp-content\/uploads\/2023\/11\/firma-nuevas-adhesiones-agenda-2030nb1484_0.webp","type":"image\/webp"}],"author":"La Gu\u00eda de Pamplona","twitter_card":"summary_large_image","twitter_creator":"@LaGuiadPamplona","twitter_site":"@LaGuiadPamplona","twitter_misc":{"Escrito por":"La Gu\u00eda de Pamplona","Tiempo de lectura":"4 minutos"},"schema":{"@context":"https:\/\/schema.org","@graph":[{"@type":"Article","@id":"https:\/\/www.laguiadepamplona.com\/actualidad\/las-iii-jornadas-de-la-agenda-urbana-de-pamplona-estrategia-2030-abren-este-jueves-el-programa-de-difusion-de-los-principales-valores-de-la-estrategia-municipal\/#article","isPartOf":{"@id":"https:\/\/www.laguiadepamplona.com\/actualidad\/las-iii-jornadas-de-la-agenda-urbana-de-pamplona-estrategia-2030-abren-este-jueves-el-programa-de-difusion-de-los-principales-valores-de-la-estrategia-municipal\/"},"author":{"name":"La Gu\u00eda de Pamplona","@id":"https:\/\/www.laguiadepamplona.com\/actualidad\/#\/schema\/person\/efe887376f0213d4657c93adc50b1fdb"},"headline":"Las III Jornadas de la Agenda Urbana de Pamplona \u2013 Estrategia 2030 abren este jueves el programa de difusi\u00f3n de los principales valores de la estrategia municipal","datePublished":"2023-11-02T12:20:10+00:00","mainEntityOfPage":{"@id":"https:\/\/www.laguiadepamplona.com\/actualidad\/las-iii-jornadas-de-la-agenda-urbana-de-pamplona-estrategia-2030-abren-este-jueves-el-programa-de-difusion-de-los-principales-valores-de-la-estrategia-municipal\/"},"wordCount":848,"commentCount":0,"publisher":{"@id":"https:\/\/www.laguiadepamplona.com\/actualidad\/#organization"},"image":{"@id":"https:\/\/www.laguiadepamplona.com\/actualidad\/las-iii-jornadas-de-la-agenda-urbana-de-pamplona-estrategia-2030-abren-este-jueves-el-programa-de-difusion-de-los-principales-valores-de-la-estrategia-municipal\/#primaryimage"},"thumbnailUrl":"https:\/\/www.laguiadepamplona.com\/actualidad\/wp-content\/uploads\/2023\/11\/firma-nuevas-adhesiones-agenda-2030nb1484_0.webp","articleSection":["Ayto Pamplona"],"inLanguage":"es","potentialAction":[{"@type":"CommentAction","name":"Comment","target":["https:\/\/www.laguiadepamplona.com\/actualidad\/las-iii-jornadas-de-la-agenda-urbana-de-pamplona-estrategia-2030-abren-este-jueves-el-programa-de-difusion-de-los-principales-valores-de-la-estrategia-municipal\/#respond"]}]},{"@type":"WebPage","@id":"https:\/\/www.laguiadepamplona.com\/actualidad\/las-iii-jornadas-de-la-agenda-urbana-de-pamplona-estrategia-2030-abren-este-jueves-el-programa-de-difusion-de-los-principales-valores-de-la-estrategia-municipal\/","url":"https:\/\/www.laguiadepamplona.com\/actualidad\/las-iii-jornadas-de-la-agenda-urbana-de-pamplona-estrategia-2030-abren-este-jueves-el-programa-de-difusion-de-los-principales-valores-de-la-estrategia-municipal\/","name":"Las III Jornadas de la Agenda Urbana de Pamplona \u2013 Estrategia 2030 abren este jueves el programa de difusi\u00f3n de los principales valores de la estrategia municipal","isPartOf":{"@id":"https:\/\/www.laguiadepamplona.com\/actualidad\/#website"},"primaryImageOfPage":{"@id":"https:\/\/www.laguiadepamplona.com\/actualidad\/las-iii-jornadas-de-la-agenda-urbana-de-pamplona-estrategia-2030-abren-este-jueves-el-programa-de-difusion-de-los-principales-valores-de-la-estrategia-municipal\/#primaryimage"},"image":{"@id":"https:\/\/www.laguiadepamplona.com\/actualidad\/las-iii-jornadas-de-la-agenda-urbana-de-pamplona-estrategia-2030-abren-este-jueves-el-programa-de-difusion-de-los-principales-valores-de-la-estrategia-municipal\/#primaryimage"},"thumbnailUrl":"https:\/\/www.laguiadepamplona.com\/actualidad\/wp-content\/uploads\/2023\/11\/firma-nuevas-adhesiones-agenda-2030nb1484_0.webp","datePublished":"2023-11-02T12:20:10+00:00","description":"El evento acoge nuevas adhesiones al Pacto Local por el Desarrollo y presenta actuaciones de Pamplona y ciudades como Zaragoza o Donostia","breadcrumb":{"@id":"https:\/\/www.laguiadepamplona.com\/actualidad\/las-iii-jornadas-de-la-agenda-urbana-de-pamplona-estrategia-2030-abren-este-jueves-el-programa-de-difusion-de-los-principales-valores-de-la-estrategia-municipal\/#breadcrumb"},"inLanguage":"es","potentialAction":[{"@type":"ReadAction","target":["https:\/\/www.laguiadepamplona.com\/actualidad\/las-iii-jornadas-de-la-agenda-urbana-de-pamplona-estrategia-2030-abren-este-jueves-el-programa-de-difusion-de-los-principales-valores-de-la-estrategia-municipal\/"]}]},{"@type":"ImageObject","inLanguage":"es","@id":"https:\/\/www.laguiadepamplona.com\/actualidad\/las-iii-jornadas-de-la-agenda-urbana-de-pamplona-estrategia-2030-abren-este-jueves-el-programa-de-difusion-de-los-principales-valores-de-la-estrategia-municipal\/#primaryimage","url":"https:\/\/www.laguiadepamplona.com\/actualidad\/wp-content\/uploads\/2023\/11\/firma-nuevas-adhesiones-agenda-2030nb1484_0.webp","contentUrl":"https:\/\/www.laguiadepamplona.com\/actualidad\/wp-content\/uploads\/2023\/11\/firma-nuevas-adhesiones-agenda-2030nb1484_0.webp","width":1200,"height":800,"caption":"agenda 2030"},{"@type":"BreadcrumbList","@id":"https:\/\/www.laguiadepamplona.com\/actualidad\/las-iii-jornadas-de-la-agenda-urbana-de-pamplona-estrategia-2030-abren-este-jueves-el-programa-de-difusion-de-los-principales-valores-de-la-estrategia-municipal\/#breadcrumb","itemListElement":[{"@type":"ListItem","position":1,"name":"Portada","item":"https:\/\/www.laguiadepamplona.com\/actualidad\/"},{"@type":"ListItem","position":2,"name":"Las III Jornadas de la Agenda Urbana de Pamplona \u2013 Estrategia 2030 abren este jueves el programa de difusi\u00f3n de los principales valores de la estrategia municipal"}]},{"@type":"WebSite","@id":"https:\/\/www.laguiadepamplona.com\/actualidad\/#website","url":"https:\/\/www.laguiadepamplona.com\/actualidad\/","name":"La gu\u00eda de Pamplona","description":"Noticias de Pamplona","publisher":{"@id":"https:\/\/www.laguiadepamplona.com\/actualidad\/#organization"},"potentialAction":[{"@type":"SearchAction","target":{"@type":"EntryPoint","urlTemplate":"https:\/\/www.laguiadepamplona.com\/actualidad\/?s={search_term_string}"},"query-input":{"@type":"PropertyValueSpecification","valueRequired":true,"valueName":"search_term_string"}}],"inLanguage":"es"},{"@type":"Organization","@id":"https:\/\/www.laguiadepamplona.com\/actualidad\/#organization","name":"La Gu\u00eda de Pamplona \/ Noticias","url":"https:\/\/www.laguiadepamplona.com\/actualidad\/","logo":{"@type":"ImageObject","inLanguage":"es","@id":"https:\/\/www.laguiadepamplona.com\/actualidad\/#\/schema\/logo\/image\/","url":"https:\/\/www.laguiadepamplona.com\/actualidad\/wp-content\/uploads\/2018\/11\/logo-laguiadepamplona18-web1.png","contentUrl":"https:\/\/www.laguiadepamplona.com\/actualidad\/wp-content\/uploads\/2018\/11\/logo-laguiadepamplona18-web1.png","width":600,"height":196,"caption":"La Gu\u00eda de Pamplona \/ Noticias"},"image":{"@id":"https:\/\/www.laguiadepamplona.com\/actualidad\/#\/schema\/logo\/image\/"},"sameAs":["https:\/\/www.facebook.com\/laguiadepamplonacom-133175176762273\/?ref=hl","https:\/\/x.com\/LaGuiadPamplona","https:\/\/www.instagram.com\/la_guia_de_pamplona\/","https:\/\/www.youtube.com\/user\/laguiadepamplona"]},{"@type":"Person","@id":"https:\/\/www.laguiadepamplona.com\/actualidad\/#\/schema\/person\/efe887376f0213d4657c93adc50b1fdb","name":"La Gu\u00eda de Pamplona","image":{"@type":"ImageObject","inLanguage":"es","@id":"https:\/\/secure.gravatar.com\/avatar\/b6992f131dc8d30ab0dff15446e9d346d9dbd95992de0fef795073f5ea83a81c?s=96&d=mm&r=g","url":"https:\/\/secure.gravatar.com\/avatar\/b6992f131dc8d30ab0dff15446e9d346d9dbd95992de0fef795073f5ea83a81c?s=96&d=mm&r=g","contentUrl":"https:\/\/secure.gravatar.com\/avatar\/b6992f131dc8d30ab0dff15446e9d346d9dbd95992de0fef795073f5ea83a81c?s=96&d=mm&r=g","caption":"La Gu\u00eda de Pamplona"}}]}},"post_mailing_queue_ids":[],"_links":{"self":[{"href":"https:\/\/www.laguiadepamplona.com\/actualidad\/wp-json\/wp\/v2\/posts\/47769","targetHints":{"allow":["GET"]}}],"collection":[{"href":"https:\/\/www.laguiadepamplona.com\/actualidad\/wp-json\/wp\/v2\/posts"}],"about":[{"href":"https:\/\/www.laguiadepamplona.com\/actualidad\/wp-json\/wp\/v2\/types\/post"}],"author":[{"embeddable":true,"href":"https:\/\/www.laguiadepamplona.com\/actualidad\/wp-json\/wp\/v2\/users\/1"}],"replies":[{"embeddable":true,"href":"https:\/\/www.laguiadepamplona.com\/actualidad\/wp-json\/wp\/v2\/comments?post=47769"}],"version-history":[{"count":1,"href":"https:\/\/www.laguiadepamplona.com\/actualidad\/wp-json\/wp\/v2\/posts\/47769\/revisions"}],"predecessor-version":[{"id":47771,"href":"https:\/\/www.laguiadepamplona.com\/actualidad\/wp-json\/wp\/v2\/posts\/47769\/revisions\/47771"}],"wp:featuredmedia":[{"embeddable":true,"href":"https:\/\/www.laguiadepamplona.com\/actualidad\/wp-json\/wp\/v2\/media\/47770"}],"wp:attachment":[{"href":"https:\/\/www.laguiadepamplona.com\/actualidad\/wp-json\/wp\/v2\/media?parent=47769"}],"wp:term":[{"taxonomy":"category","embeddable":true,"href":"https:\/\/www.laguiadepamplona.com\/actualidad\/wp-json\/wp\/v2\/categories?post=47769"},{"taxonomy":"post_tag","embeddable":true,"href":"https:\/\/www.laguiadepamplona.com\/actualidad\/wp-json\/wp\/v2\/tags?post=47769"}],"curies":[{"name":"wp","href":"https:\/\/api.w.org\/{rel}","templated":true}]}}