{"id":47762,"date":"2023-10-27T17:36:21","date_gmt":"2023-10-27T15:36:21","guid":{"rendered":"https:\/\/www.laguiadepamplona.com\/actualidad\/?p=47762"},"modified":"2023-10-27T17:36:21","modified_gmt":"2023-10-27T15:36:21","slug":"el-plazo-para-presentar-fotografias-originales-al-concurso-enfoca-pamplona-concluye-este-martes-a-las-23-horas","status":"publish","type":"post","link":"https:\/\/www.laguiadepamplona.com\/actualidad\/el-plazo-para-presentar-fotografias-originales-al-concurso-enfoca-pamplona-concluye-este-martes-a-las-23-horas\/","title":{"rendered":"El plazo para presentar fotograf\u00edas originales al concurso Enfoca Pamplona concluye este martes a las 23 horas"},"content":{"rendered":"<h3>La presentaci\u00f3n de candidaturas debe hacerse de forma online a trav\u00e9s de la web <a href=\"http:\/\/www.pamplonaescultura.es\" target=\"_blank\" rel=\"noopener\">www.pamplonaescultura.es<\/a><\/h3>\n<p><!--more--><\/p>\n<p>Este martes, a las 23 horas, se cierra el plazo para presentar fotograf\u00edas al concurso Enfoca Pamplona, organizado por el Ayuntamiento a trav\u00e9s de la red Civivox. Las fotos que se presenten al concurso optan tambi\u00e9n a ilustrar el calendario municipal de 2024. Los originales se presentan de manera telem\u00e1tica en la web <a href=\"http:\/\/www.pamplonaescultura.es\" target=\"_blank\" rel=\"noopener\">www.pamplonaescultura.es<\/a>.<\/p>\n<p>Las condiciones del concurso establecen que cada persona participante podr\u00e1 registrar en formato digital un m\u00e1ximo de tres fotograf\u00edas in\u00e9ditas, por lo que no se admiten instant\u00e1neas ya publicadas o premiadas anteriormente. Deber\u00e1n presentarse en formato JPEG, con una resoluci\u00f3n de al menos 720 ppp y un m\u00e1ximo de 2 MB. El tama\u00f1o ser\u00e1 de 794 x 1077 px para formato vertical o 1077 x 794 px para formato horizontal. Las im\u00e1genes presentadas con estas medidas se utilizar\u00e1n \u00fanicamente para su valoraci\u00f3n por parte del jurado.<br \/>\n<script async src=\"\/\/pagead2.googlesyndication.com\/pagead\/js\/adsbygoogle.js\"><\/script><br \/>\n<!-- Noticias La Guia de Pamplona --><br \/>\n<ins class=\"adsbygoogle\"\nstyle=\"display:block\"\ndata-ad-client=\"ca-pub-6943679897239327\"\ndata-ad-slot=\"7048180777\"\ndata-ad-format=\"auto\"><\/ins><br \/>\n<script>\n(adsbygoogle = window.adsbygoogle || []).push({});\n<\/script><\/p>\n<p>Las fotograf\u00edas que resulten premiadas o seleccionadas deber\u00e1n presentarse en alta resoluci\u00f3n, posteriormente, cuando lo requiera la organizaci\u00f3n, con un tama\u00f1o m\u00e1ximo de 2 MB y 28&#215;38 cent\u00edmetros (vertical u horizontal). Entre los criterios establecidos para la selecci\u00f3n se encuentran la composici\u00f3n, la diversidad de los puntos de vista y el patrimonio de la ciudad. Al certamen del pasado a\u00f1o concurrieron 457 fotograf\u00edas in\u00e9ditas presentadas por 179 personas.<\/p>\n<p>Para presentar las fotograf\u00edas se requerir\u00e1 cumplimentar un formulario en el que, adem\u00e1s de datos personales, se debe indicar la fecha de realizaci\u00f3n de la fotograf\u00eda, el lugar exacto y una breve descripci\u00f3n, para facilitar el trabajo del jurado. Quien presenta las fotos se hace responsable de la autorizaci\u00f3n y\/o consentimiento de la persona o personas que aparezcan en ellas.<br \/>\n<script async src=\"\/\/pagead2.googlesyndication.com\/pagead\/js\/adsbygoogle.js\"><\/script><br \/>\n<!-- Noticias La Guia de Pamplona --><br \/>\n<ins class=\"adsbygoogle\"\nstyle=\"display:block\"\ndata-ad-client=\"ca-pub-6943679897239327\"\ndata-ad-slot=\"7048180777\"\ndata-ad-format=\"auto\"><\/ins><br \/>\n<script>\n(adsbygoogle = window.adsbygoogle || []).push({});\n<\/script><\/p>\n<p>Profesionales de la fotograf\u00eda y personal t\u00e9cnico del Ayuntamiento de Pamplona integran el jurado t\u00e9cnico del concurso, que contempla dos tipos de premios. Por una parte, est\u00e1n los premios del concurso Enfoca Pamplona, que otorgan 900, 600 y 500 euros a las tres mejores fotograf\u00edas presentadas. Por otra parte, se conceder\u00e1n doce premios de 150 euros para las im\u00e1genes que ilustrar\u00e1n en calendario municipal de 2024. Si el jurado lo considera oportuno, podr\u00e1 conceder hasta un m\u00e1ximo de cinco menciones especiales.<\/p>\n","protected":false},"excerpt":{"rendered":"<p>La presentaci\u00f3n de candidaturas debe hacerse de forma online a trav\u00e9s de la web www.pamplonaescultura.es<\/p>\n","protected":false},"author":1,"featured_media":27018,"comment_status":"open","ping_status":"closed","sticky":false,"template":"","format":"standard","meta":{"footnotes":""},"categories":[2],"tags":[],"class_list":["post-47762","post","type-post","status-publish","format-standard","has-post-thumbnail","hentry","category-ayuntamiento-pamplona"],"yoast_head":"<!-- This site is optimized with the Yoast SEO plugin v27.3 - https:\/\/yoast.com\/product\/yoast-seo-wordpress\/ -->\n<title>El plazo para presentar fotograf\u00edas originales al concurso Enfoca Pamplona concluye este martes a las 23 horas<\/title>\n<meta name=\"description\" content=\"La presentaci\u00f3n de candidaturas debe hacerse de forma online a trav\u00e9s de la web www.pamplonaescultura.es\" \/>\n<meta name=\"robots\" content=\"index, follow, max-snippet:-1, max-image-preview:large, max-video-preview:-1\" \/>\n<link rel=\"canonical\" href=\"https:\/\/www.laguiadepamplona.com\/actualidad\/el-plazo-para-presentar-fotografias-originales-al-concurso-enfoca-pamplona-concluye-este-martes-a-las-23-horas\/\" \/>\n<meta property=\"og:locale\" content=\"es_ES\" \/>\n<meta property=\"og:type\" content=\"article\" \/>\n<meta property=\"og:title\" content=\"El plazo para presentar fotograf\u00edas originales al concurso Enfoca Pamplona concluye este martes a las 23 horas\" \/>\n<meta property=\"og:description\" content=\"La presentaci\u00f3n de candidaturas debe hacerse de forma online a trav\u00e9s de la web www.pamplonaescultura.es\" \/>\n<meta property=\"og:url\" content=\"https:\/\/www.laguiadepamplona.com\/actualidad\/el-plazo-para-presentar-fotografias-originales-al-concurso-enfoca-pamplona-concluye-este-martes-a-las-23-horas\/\" \/>\n<meta property=\"og:site_name\" content=\"La Gu\u00eda de Pamplona\" \/>\n<meta property=\"article:publisher\" content=\"https:\/\/www.facebook.com\/laguiadepamplonacom-133175176762273\/?ref=hl\" \/>\n<meta property=\"article:published_time\" content=\"2023-10-27T15:36:21+00:00\" \/>\n<meta property=\"og:image\" content=\"https:\/\/www.laguiadepamplona.com\/actualidad\/wp-content\/uploads\/2019\/12\/fotografia.jpg\" \/>\n\t<meta property=\"og:image:width\" content=\"1280\" \/>\n\t<meta property=\"og:image:height\" content=\"853\" \/>\n\t<meta property=\"og:image:type\" content=\"image\/jpeg\" \/>\n<meta name=\"author\" content=\"La Gu\u00eda de Pamplona\" \/>\n<meta name=\"twitter:card\" content=\"summary_large_image\" \/>\n<meta name=\"twitter:creator\" content=\"@LaGuiadPamplona\" \/>\n<meta name=\"twitter:site\" content=\"@LaGuiadPamplona\" \/>\n<meta name=\"twitter:label1\" content=\"Escrito por\" \/>\n\t<meta name=\"twitter:data1\" content=\"La Gu\u00eda de Pamplona\" \/>\n\t<meta name=\"twitter:label2\" content=\"Tiempo de lectura\" \/>\n\t<meta name=\"twitter:data2\" content=\"2 minutos\" \/>\n<script type=\"application\/ld+json\" class=\"yoast-schema-graph\">{\"@context\":\"https:\\\/\\\/schema.org\",\"@graph\":[{\"@type\":\"Article\",\"@id\":\"https:\\\/\\\/www.laguiadepamplona.com\\\/actualidad\\\/el-plazo-para-presentar-fotografias-originales-al-concurso-enfoca-pamplona-concluye-este-martes-a-las-23-horas\\\/#article\",\"isPartOf\":{\"@id\":\"https:\\\/\\\/www.laguiadepamplona.com\\\/actualidad\\\/el-plazo-para-presentar-fotografias-originales-al-concurso-enfoca-pamplona-concluye-este-martes-a-las-23-horas\\\/\"},\"author\":{\"name\":\"La Gu\u00eda de Pamplona\",\"@id\":\"https:\\\/\\\/www.laguiadepamplona.com\\\/actualidad\\\/#\\\/schema\\\/person\\\/efe887376f0213d4657c93adc50b1fdb\"},\"headline\":\"El plazo para presentar fotograf\u00edas originales al concurso Enfoca Pamplona concluye este martes a las 23 horas\",\"datePublished\":\"2023-10-27T15:36:21+00:00\",\"mainEntityOfPage\":{\"@id\":\"https:\\\/\\\/www.laguiadepamplona.com\\\/actualidad\\\/el-plazo-para-presentar-fotografias-originales-al-concurso-enfoca-pamplona-concluye-este-martes-a-las-23-horas\\\/\"},\"wordCount\":414,\"commentCount\":0,\"publisher\":{\"@id\":\"https:\\\/\\\/www.laguiadepamplona.com\\\/actualidad\\\/#organization\"},\"image\":{\"@id\":\"https:\\\/\\\/www.laguiadepamplona.com\\\/actualidad\\\/el-plazo-para-presentar-fotografias-originales-al-concurso-enfoca-pamplona-concluye-este-martes-a-las-23-horas\\\/#primaryimage\"},\"thumbnailUrl\":\"https:\\\/\\\/www.laguiadepamplona.com\\\/actualidad\\\/wp-content\\\/uploads\\\/2019\\\/12\\\/fotografia.jpg\",\"articleSection\":[\"Ayto Pamplona\"],\"inLanguage\":\"es\",\"potentialAction\":[{\"@type\":\"CommentAction\",\"name\":\"Comment\",\"target\":[\"https:\\\/\\\/www.laguiadepamplona.com\\\/actualidad\\\/el-plazo-para-presentar-fotografias-originales-al-concurso-enfoca-pamplona-concluye-este-martes-a-las-23-horas\\\/#respond\"]}]},{\"@type\":\"WebPage\",\"@id\":\"https:\\\/\\\/www.laguiadepamplona.com\\\/actualidad\\\/el-plazo-para-presentar-fotografias-originales-al-concurso-enfoca-pamplona-concluye-este-martes-a-las-23-horas\\\/\",\"url\":\"https:\\\/\\\/www.laguiadepamplona.com\\\/actualidad\\\/el-plazo-para-presentar-fotografias-originales-al-concurso-enfoca-pamplona-concluye-este-martes-a-las-23-horas\\\/\",\"name\":\"El plazo para presentar fotograf\u00edas originales al concurso Enfoca Pamplona concluye este martes a las 23 horas\",\"isPartOf\":{\"@id\":\"https:\\\/\\\/www.laguiadepamplona.com\\\/actualidad\\\/#website\"},\"primaryImageOfPage\":{\"@id\":\"https:\\\/\\\/www.laguiadepamplona.com\\\/actualidad\\\/el-plazo-para-presentar-fotografias-originales-al-concurso-enfoca-pamplona-concluye-este-martes-a-las-23-horas\\\/#primaryimage\"},\"image\":{\"@id\":\"https:\\\/\\\/www.laguiadepamplona.com\\\/actualidad\\\/el-plazo-para-presentar-fotografias-originales-al-concurso-enfoca-pamplona-concluye-este-martes-a-las-23-horas\\\/#primaryimage\"},\"thumbnailUrl\":\"https:\\\/\\\/www.laguiadepamplona.com\\\/actualidad\\\/wp-content\\\/uploads\\\/2019\\\/12\\\/fotografia.jpg\",\"datePublished\":\"2023-10-27T15:36:21+00:00\",\"description\":\"La presentaci\u00f3n de candidaturas debe hacerse de forma online a trav\u00e9s de la web www.pamplonaescultura.es\",\"breadcrumb\":{\"@id\":\"https:\\\/\\\/www.laguiadepamplona.com\\\/actualidad\\\/el-plazo-para-presentar-fotografias-originales-al-concurso-enfoca-pamplona-concluye-este-martes-a-las-23-horas\\\/#breadcrumb\"},\"inLanguage\":\"es\",\"potentialAction\":[{\"@type\":\"ReadAction\",\"target\":[\"https:\\\/\\\/www.laguiadepamplona.com\\\/actualidad\\\/el-plazo-para-presentar-fotografias-originales-al-concurso-enfoca-pamplona-concluye-este-martes-a-las-23-horas\\\/\"]}]},{\"@type\":\"ImageObject\",\"inLanguage\":\"es\",\"@id\":\"https:\\\/\\\/www.laguiadepamplona.com\\\/actualidad\\\/el-plazo-para-presentar-fotografias-originales-al-concurso-enfoca-pamplona-concluye-este-martes-a-las-23-horas\\\/#primaryimage\",\"url\":\"https:\\\/\\\/www.laguiadepamplona.com\\\/actualidad\\\/wp-content\\\/uploads\\\/2019\\\/12\\\/fotografia.jpg\",\"contentUrl\":\"https:\\\/\\\/www.laguiadepamplona.com\\\/actualidad\\\/wp-content\\\/uploads\\\/2019\\\/12\\\/fotografia.jpg\",\"width\":1280,\"height\":853,\"caption\":\"fotograf\u00eda\"},{\"@type\":\"BreadcrumbList\",\"@id\":\"https:\\\/\\\/www.laguiadepamplona.com\\\/actualidad\\\/el-plazo-para-presentar-fotografias-originales-al-concurso-enfoca-pamplona-concluye-este-martes-a-las-23-horas\\\/#breadcrumb\",\"itemListElement\":[{\"@type\":\"ListItem\",\"position\":1,\"name\":\"Portada\",\"item\":\"https:\\\/\\\/www.laguiadepamplona.com\\\/actualidad\\\/\"},{\"@type\":\"ListItem\",\"position\":2,\"name\":\"El plazo para presentar fotograf\u00edas originales al concurso Enfoca Pamplona concluye este martes a las 23 horas\"}]},{\"@type\":\"WebSite\",\"@id\":\"https:\\\/\\\/www.laguiadepamplona.com\\\/actualidad\\\/#website\",\"url\":\"https:\\\/\\\/www.laguiadepamplona.com\\\/actualidad\\\/\",\"name\":\"La gu\u00eda de Pamplona\",\"description\":\"Noticias de Pamplona\",\"publisher\":{\"@id\":\"https:\\\/\\\/www.laguiadepamplona.com\\\/actualidad\\\/#organization\"},\"potentialAction\":[{\"@type\":\"SearchAction\",\"target\":{\"@type\":\"EntryPoint\",\"urlTemplate\":\"https:\\\/\\\/www.laguiadepamplona.com\\\/actualidad\\\/?s={search_term_string}\"},\"query-input\":{\"@type\":\"PropertyValueSpecification\",\"valueRequired\":true,\"valueName\":\"search_term_string\"}}],\"inLanguage\":\"es\"},{\"@type\":\"Organization\",\"@id\":\"https:\\\/\\\/www.laguiadepamplona.com\\\/actualidad\\\/#organization\",\"name\":\"La Gu\u00eda de Pamplona \\\/ Noticias\",\"url\":\"https:\\\/\\\/www.laguiadepamplona.com\\\/actualidad\\\/\",\"logo\":{\"@type\":\"ImageObject\",\"inLanguage\":\"es\",\"@id\":\"https:\\\/\\\/www.laguiadepamplona.com\\\/actualidad\\\/#\\\/schema\\\/logo\\\/image\\\/\",\"url\":\"https:\\\/\\\/www.laguiadepamplona.com\\\/actualidad\\\/wp-content\\\/uploads\\\/2018\\\/11\\\/logo-laguiadepamplona18-web1.png\",\"contentUrl\":\"https:\\\/\\\/www.laguiadepamplona.com\\\/actualidad\\\/wp-content\\\/uploads\\\/2018\\\/11\\\/logo-laguiadepamplona18-web1.png\",\"width\":600,\"height\":196,\"caption\":\"La Gu\u00eda de Pamplona \\\/ Noticias\"},\"image\":{\"@id\":\"https:\\\/\\\/www.laguiadepamplona.com\\\/actualidad\\\/#\\\/schema\\\/logo\\\/image\\\/\"},\"sameAs\":[\"https:\\\/\\\/www.facebook.com\\\/laguiadepamplonacom-133175176762273\\\/?ref=hl\",\"https:\\\/\\\/x.com\\\/LaGuiadPamplona\",\"https:\\\/\\\/www.instagram.com\\\/la_guia_de_pamplona\\\/\",\"https:\\\/\\\/www.youtube.com\\\/user\\\/laguiadepamplona\"]},{\"@type\":\"Person\",\"@id\":\"https:\\\/\\\/www.laguiadepamplona.com\\\/actualidad\\\/#\\\/schema\\\/person\\\/efe887376f0213d4657c93adc50b1fdb\",\"name\":\"La Gu\u00eda de Pamplona\",\"image\":{\"@type\":\"ImageObject\",\"inLanguage\":\"es\",\"@id\":\"https:\\\/\\\/secure.gravatar.com\\\/avatar\\\/b6992f131dc8d30ab0dff15446e9d346d9dbd95992de0fef795073f5ea83a81c?s=96&d=mm&r=g\",\"url\":\"https:\\\/\\\/secure.gravatar.com\\\/avatar\\\/b6992f131dc8d30ab0dff15446e9d346d9dbd95992de0fef795073f5ea83a81c?s=96&d=mm&r=g\",\"contentUrl\":\"https:\\\/\\\/secure.gravatar.com\\\/avatar\\\/b6992f131dc8d30ab0dff15446e9d346d9dbd95992de0fef795073f5ea83a81c?s=96&d=mm&r=g\",\"caption\":\"La Gu\u00eda de Pamplona\"}}]}<\/script>\n<!-- \/ Yoast SEO plugin. -->","yoast_head_json":{"title":"El plazo para presentar fotograf\u00edas originales al concurso Enfoca Pamplona concluye este martes a las 23 horas","description":"La presentaci\u00f3n de candidaturas debe hacerse de forma online a trav\u00e9s de la web www.pamplonaescultura.es","robots":{"index":"index","follow":"follow","max-snippet":"max-snippet:-1","max-image-preview":"max-image-preview:large","max-video-preview":"max-video-preview:-1"},"canonical":"https:\/\/www.laguiadepamplona.com\/actualidad\/el-plazo-para-presentar-fotografias-originales-al-concurso-enfoca-pamplona-concluye-este-martes-a-las-23-horas\/","og_locale":"es_ES","og_type":"article","og_title":"El plazo para presentar fotograf\u00edas originales al concurso Enfoca Pamplona concluye este martes a las 23 horas","og_description":"La presentaci\u00f3n de candidaturas debe hacerse de forma online a trav\u00e9s de la web www.pamplonaescultura.es","og_url":"https:\/\/www.laguiadepamplona.com\/actualidad\/el-plazo-para-presentar-fotografias-originales-al-concurso-enfoca-pamplona-concluye-este-martes-a-las-23-horas\/","og_site_name":"La Gu\u00eda de Pamplona","article_publisher":"https:\/\/www.facebook.com\/laguiadepamplonacom-133175176762273\/?ref=hl","article_published_time":"2023-10-27T15:36:21+00:00","og_image":[{"width":1280,"height":853,"url":"https:\/\/www.laguiadepamplona.com\/actualidad\/wp-content\/uploads\/2019\/12\/fotografia.jpg","type":"image\/jpeg"}],"author":"La Gu\u00eda de Pamplona","twitter_card":"summary_large_image","twitter_creator":"@LaGuiadPamplona","twitter_site":"@LaGuiadPamplona","twitter_misc":{"Escrito por":"La Gu\u00eda de Pamplona","Tiempo de lectura":"2 minutos"},"schema":{"@context":"https:\/\/schema.org","@graph":[{"@type":"Article","@id":"https:\/\/www.laguiadepamplona.com\/actualidad\/el-plazo-para-presentar-fotografias-originales-al-concurso-enfoca-pamplona-concluye-este-martes-a-las-23-horas\/#article","isPartOf":{"@id":"https:\/\/www.laguiadepamplona.com\/actualidad\/el-plazo-para-presentar-fotografias-originales-al-concurso-enfoca-pamplona-concluye-este-martes-a-las-23-horas\/"},"author":{"name":"La Gu\u00eda de Pamplona","@id":"https:\/\/www.laguiadepamplona.com\/actualidad\/#\/schema\/person\/efe887376f0213d4657c93adc50b1fdb"},"headline":"El plazo para presentar fotograf\u00edas originales al concurso Enfoca Pamplona concluye este martes a las 23 horas","datePublished":"2023-10-27T15:36:21+00:00","mainEntityOfPage":{"@id":"https:\/\/www.laguiadepamplona.com\/actualidad\/el-plazo-para-presentar-fotografias-originales-al-concurso-enfoca-pamplona-concluye-este-martes-a-las-23-horas\/"},"wordCount":414,"commentCount":0,"publisher":{"@id":"https:\/\/www.laguiadepamplona.com\/actualidad\/#organization"},"image":{"@id":"https:\/\/www.laguiadepamplona.com\/actualidad\/el-plazo-para-presentar-fotografias-originales-al-concurso-enfoca-pamplona-concluye-este-martes-a-las-23-horas\/#primaryimage"},"thumbnailUrl":"https:\/\/www.laguiadepamplona.com\/actualidad\/wp-content\/uploads\/2019\/12\/fotografia.jpg","articleSection":["Ayto Pamplona"],"inLanguage":"es","potentialAction":[{"@type":"CommentAction","name":"Comment","target":["https:\/\/www.laguiadepamplona.com\/actualidad\/el-plazo-para-presentar-fotografias-originales-al-concurso-enfoca-pamplona-concluye-este-martes-a-las-23-horas\/#respond"]}]},{"@type":"WebPage","@id":"https:\/\/www.laguiadepamplona.com\/actualidad\/el-plazo-para-presentar-fotografias-originales-al-concurso-enfoca-pamplona-concluye-este-martes-a-las-23-horas\/","url":"https:\/\/www.laguiadepamplona.com\/actualidad\/el-plazo-para-presentar-fotografias-originales-al-concurso-enfoca-pamplona-concluye-este-martes-a-las-23-horas\/","name":"El plazo para presentar fotograf\u00edas originales al concurso Enfoca Pamplona concluye este martes a las 23 horas","isPartOf":{"@id":"https:\/\/www.laguiadepamplona.com\/actualidad\/#website"},"primaryImageOfPage":{"@id":"https:\/\/www.laguiadepamplona.com\/actualidad\/el-plazo-para-presentar-fotografias-originales-al-concurso-enfoca-pamplona-concluye-este-martes-a-las-23-horas\/#primaryimage"},"image":{"@id":"https:\/\/www.laguiadepamplona.com\/actualidad\/el-plazo-para-presentar-fotografias-originales-al-concurso-enfoca-pamplona-concluye-este-martes-a-las-23-horas\/#primaryimage"},"thumbnailUrl":"https:\/\/www.laguiadepamplona.com\/actualidad\/wp-content\/uploads\/2019\/12\/fotografia.jpg","datePublished":"2023-10-27T15:36:21+00:00","description":"La presentaci\u00f3n de candidaturas debe hacerse de forma online a trav\u00e9s de la web www.pamplonaescultura.es","breadcrumb":{"@id":"https:\/\/www.laguiadepamplona.com\/actualidad\/el-plazo-para-presentar-fotografias-originales-al-concurso-enfoca-pamplona-concluye-este-martes-a-las-23-horas\/#breadcrumb"},"inLanguage":"es","potentialAction":[{"@type":"ReadAction","target":["https:\/\/www.laguiadepamplona.com\/actualidad\/el-plazo-para-presentar-fotografias-originales-al-concurso-enfoca-pamplona-concluye-este-martes-a-las-23-horas\/"]}]},{"@type":"ImageObject","inLanguage":"es","@id":"https:\/\/www.laguiadepamplona.com\/actualidad\/el-plazo-para-presentar-fotografias-originales-al-concurso-enfoca-pamplona-concluye-este-martes-a-las-23-horas\/#primaryimage","url":"https:\/\/www.laguiadepamplona.com\/actualidad\/wp-content\/uploads\/2019\/12\/fotografia.jpg","contentUrl":"https:\/\/www.laguiadepamplona.com\/actualidad\/wp-content\/uploads\/2019\/12\/fotografia.jpg","width":1280,"height":853,"caption":"fotograf\u00eda"},{"@type":"BreadcrumbList","@id":"https:\/\/www.laguiadepamplona.com\/actualidad\/el-plazo-para-presentar-fotografias-originales-al-concurso-enfoca-pamplona-concluye-este-martes-a-las-23-horas\/#breadcrumb","itemListElement":[{"@type":"ListItem","position":1,"name":"Portada","item":"https:\/\/www.laguiadepamplona.com\/actualidad\/"},{"@type":"ListItem","position":2,"name":"El plazo para presentar fotograf\u00edas originales al concurso Enfoca Pamplona concluye este martes a las 23 horas"}]},{"@type":"WebSite","@id":"https:\/\/www.laguiadepamplona.com\/actualidad\/#website","url":"https:\/\/www.laguiadepamplona.com\/actualidad\/","name":"La gu\u00eda de Pamplona","description":"Noticias de Pamplona","publisher":{"@id":"https:\/\/www.laguiadepamplona.com\/actualidad\/#organization"},"potentialAction":[{"@type":"SearchAction","target":{"@type":"EntryPoint","urlTemplate":"https:\/\/www.laguiadepamplona.com\/actualidad\/?s={search_term_string}"},"query-input":{"@type":"PropertyValueSpecification","valueRequired":true,"valueName":"search_term_string"}}],"inLanguage":"es"},{"@type":"Organization","@id":"https:\/\/www.laguiadepamplona.com\/actualidad\/#organization","name":"La Gu\u00eda de Pamplona \/ Noticias","url":"https:\/\/www.laguiadepamplona.com\/actualidad\/","logo":{"@type":"ImageObject","inLanguage":"es","@id":"https:\/\/www.laguiadepamplona.com\/actualidad\/#\/schema\/logo\/image\/","url":"https:\/\/www.laguiadepamplona.com\/actualidad\/wp-content\/uploads\/2018\/11\/logo-laguiadepamplona18-web1.png","contentUrl":"https:\/\/www.laguiadepamplona.com\/actualidad\/wp-content\/uploads\/2018\/11\/logo-laguiadepamplona18-web1.png","width":600,"height":196,"caption":"La Gu\u00eda de Pamplona \/ Noticias"},"image":{"@id":"https:\/\/www.laguiadepamplona.com\/actualidad\/#\/schema\/logo\/image\/"},"sameAs":["https:\/\/www.facebook.com\/laguiadepamplonacom-133175176762273\/?ref=hl","https:\/\/x.com\/LaGuiadPamplona","https:\/\/www.instagram.com\/la_guia_de_pamplona\/","https:\/\/www.youtube.com\/user\/laguiadepamplona"]},{"@type":"Person","@id":"https:\/\/www.laguiadepamplona.com\/actualidad\/#\/schema\/person\/efe887376f0213d4657c93adc50b1fdb","name":"La Gu\u00eda de Pamplona","image":{"@type":"ImageObject","inLanguage":"es","@id":"https:\/\/secure.gravatar.com\/avatar\/b6992f131dc8d30ab0dff15446e9d346d9dbd95992de0fef795073f5ea83a81c?s=96&d=mm&r=g","url":"https:\/\/secure.gravatar.com\/avatar\/b6992f131dc8d30ab0dff15446e9d346d9dbd95992de0fef795073f5ea83a81c?s=96&d=mm&r=g","contentUrl":"https:\/\/secure.gravatar.com\/avatar\/b6992f131dc8d30ab0dff15446e9d346d9dbd95992de0fef795073f5ea83a81c?s=96&d=mm&r=g","caption":"La Gu\u00eda de Pamplona"}}]}},"post_mailing_queue_ids":[],"_links":{"self":[{"href":"https:\/\/www.laguiadepamplona.com\/actualidad\/wp-json\/wp\/v2\/posts\/47762","targetHints":{"allow":["GET"]}}],"collection":[{"href":"https:\/\/www.laguiadepamplona.com\/actualidad\/wp-json\/wp\/v2\/posts"}],"about":[{"href":"https:\/\/www.laguiadepamplona.com\/actualidad\/wp-json\/wp\/v2\/types\/post"}],"author":[{"embeddable":true,"href":"https:\/\/www.laguiadepamplona.com\/actualidad\/wp-json\/wp\/v2\/users\/1"}],"replies":[{"embeddable":true,"href":"https:\/\/www.laguiadepamplona.com\/actualidad\/wp-json\/wp\/v2\/comments?post=47762"}],"version-history":[{"count":1,"href":"https:\/\/www.laguiadepamplona.com\/actualidad\/wp-json\/wp\/v2\/posts\/47762\/revisions"}],"predecessor-version":[{"id":47763,"href":"https:\/\/www.laguiadepamplona.com\/actualidad\/wp-json\/wp\/v2\/posts\/47762\/revisions\/47763"}],"wp:featuredmedia":[{"embeddable":true,"href":"https:\/\/www.laguiadepamplona.com\/actualidad\/wp-json\/wp\/v2\/media\/27018"}],"wp:attachment":[{"href":"https:\/\/www.laguiadepamplona.com\/actualidad\/wp-json\/wp\/v2\/media?parent=47762"}],"wp:term":[{"taxonomy":"category","embeddable":true,"href":"https:\/\/www.laguiadepamplona.com\/actualidad\/wp-json\/wp\/v2\/categories?post=47762"},{"taxonomy":"post_tag","embeddable":true,"href":"https:\/\/www.laguiadepamplona.com\/actualidad\/wp-json\/wp\/v2\/tags?post=47762"}],"curies":[{"name":"wp","href":"https:\/\/api.w.org\/{rel}","templated":true}]}}