{"id":47759,"date":"2023-10-27T17:35:08","date_gmt":"2023-10-27T15:35:08","guid":{"rendered":"https:\/\/www.laguiadepamplona.com\/actualidad\/?p=47759"},"modified":"2023-10-27T17:35:08","modified_gmt":"2023-10-27T15:35:08","slug":"la-alcaldesa-de-pamplona-se-reune-con-una-representacion-de-la-asociacion-adhi-navarra-que-trabaja-en-deficit-de-atencion-hiperactividad-e-impulsividad","status":"publish","type":"post","link":"https:\/\/www.laguiadepamplona.com\/actualidad\/la-alcaldesa-de-pamplona-se-reune-con-una-representacion-de-la-asociacion-adhi-navarra-que-trabaja-en-deficit-de-atencion-hiperactividad-e-impulsividad\/","title":{"rendered":"La alcaldesa de Pamplona se re\u00fane con una representaci\u00f3n de la asociaci\u00f3n ADHI Navarra, que trabaja en d\u00e9ficit de atenci\u00f3n, hiperactividad e impulsividad"},"content":{"rendered":"<h3>Hoy, d\u00eda nacional dedicado a esa dolencia, las asociaciones federadas impulsan la campa\u00f1a #TDAHparatodalavida, vinculada al color naranja<\/h3>\n<p><!--more--><\/p>\n<p>La alcaldesa de Pamplona, Cristina Ibarrola, ha mantenido este mediod\u00eda un encuentro con la junta directiva de la Asociaci\u00f3n ADHI Navarra, una entidad que trabaja en el tratamiento y estudio del D\u00e9ficit de Atenci\u00f3n, Hiperactividad e Impulsividad (TDAH). Seg\u00fan sus datos, m\u00e1s de un 5% de la poblaci\u00f3n escolar tiene dificultades de atenci\u00f3n, conducta y aprendizaje dentro del aula y 2\/3 de las personas adultas est\u00e1n afectadas. Al acto han acudido la vicepresidenta de ADHI, Silvia Salda\u00f1a; el secretario de la asociaci\u00f3n, Emilio Cabezas; la socia fundadora y directora de programas Maria Jes\u00fas Torres y la psicopedagoga Amalia S\u00e1nchez.<br \/>\n<script async src=\"\/\/pagead2.googlesyndication.com\/pagead\/js\/adsbygoogle.js\"><\/script><br \/>\n<!-- Noticias La Guia de Pamplona --><br \/>\n<ins class=\"adsbygoogle\"\nstyle=\"display:block\"\ndata-ad-client=\"ca-pub-6943679897239327\"\ndata-ad-slot=\"7048180777\"\ndata-ad-format=\"auto\"><\/ins><br \/>\n<script>\n(adsbygoogle = window.adsbygoogle || []).push({});\n<\/script><\/p>\n<p>Hoy 27 de octubre, es el d\u00eda nacional dedicado a la visibilizaci\u00f3n y a la sensibilizaci\u00f3n social sobre esa dolencia por lo que esta noche iluminando la fachada de la Casa Consistorial de color naranja el Ayuntamiento de Pamplona se sumar\u00e1 a la campa\u00f1a #TDAHparatodalavida. Esta iniciativa, emprendida por la Federaci\u00f3n Espa\u00f1ola de Asociaciones de Ayuda al D\u00e9ficit de Atenci\u00f3n e Hiperactividad (FEAADAH) que agrupa a 58 agrupaciones del pa\u00eds, busca la difusi\u00f3n en redes de las iluminaciones que se produzcan, bajo el hashtag que da nombre a la campa\u00f1a.<\/p>\n<p>La asociaci\u00f3n navarra se constituy\u00f3 en 1998 para orientar, asesorar, investigar y colaborar con profesionales dedicados al estudio del TDAH, as\u00ed como para colaborar con personas afectadas directa o indirectamente por ese trastorno. Reclama de la sociedad que se tome en serio una dolencia que es un trastorno neurobiol\u00f3gico y con un mapa gen\u00e9tico identificado cuyos efectos se pueden combatir mediante un diagn\u00f3stico temprano y una intervenci\u00f3n personalizada y multidisciplinar a lo largo de la vida.<br \/>\n<script async src=\"\/\/pagead2.googlesyndication.com\/pagead\/js\/adsbygoogle.js\"><\/script><br \/>\n<!-- Noticias La Guia de Pamplona --><br \/>\n<ins class=\"adsbygoogle\"\nstyle=\"display:block\"\ndata-ad-client=\"ca-pub-6943679897239327\"\ndata-ad-slot=\"7048180777\"\ndata-ad-format=\"auto\"><\/ins><br \/>\n<script>\n(adsbygoogle = window.adsbygoogle || []).push({});\n<\/script><\/p>\n<p>Y recuerda, en su manifiesto que \u201clas personas con TDAH viven desde su ni\u00f1ez en un entorno hostil que percibe el TDAH como algo \u201cpoco grave\u201d y casi \u201cinsignificante\u201d que \u201cya se pasar\u00e1\u201d. Pues NO, no se pasa y es lo suficientemente grave como para multiplicar los riesgos en la adolescencia y la edad adulta de: accidentes, consumos, otros trastornos psiqui\u00e1tricos, actos delictivos, inestabilidad laboral\u2026\u201d<\/p>\n","protected":false},"excerpt":{"rendered":"<p>Hoy, d\u00eda nacional dedicado a esa dolencia, las asociaciones federadas impulsan la campa\u00f1a #TDAHparatodalavida, vinculada al color naranja<\/p>\n","protected":false},"author":1,"featured_media":47760,"comment_status":"open","ping_status":"closed","sticky":false,"template":"","format":"standard","meta":{"footnotes":""},"categories":[2],"tags":[],"class_list":["post-47759","post","type-post","status-publish","format-standard","has-post-thumbnail","hentry","category-ayuntamiento-pamplona"],"yoast_head":"<!-- This site is optimized with the Yoast SEO plugin v27.3 - https:\/\/yoast.com\/product\/yoast-seo-wordpress\/ -->\n<title>La alcaldesa de Pamplona se re\u00fane con una representaci\u00f3n de la asociaci\u00f3n ADHI Navarra, que trabaja en d\u00e9ficit de atenci\u00f3n, hiperactividad e impulsividad<\/title>\n<meta name=\"description\" content=\"Hoy, d\u00eda nacional dedicado a esa dolencia, las asociaciones federadas impulsan la campa\u00f1a #TDAHparatodalavida, vinculada al color naranja\" \/>\n<meta name=\"robots\" content=\"index, follow, max-snippet:-1, max-image-preview:large, max-video-preview:-1\" \/>\n<link rel=\"canonical\" href=\"https:\/\/www.laguiadepamplona.com\/actualidad\/la-alcaldesa-de-pamplona-se-reune-con-una-representacion-de-la-asociacion-adhi-navarra-que-trabaja-en-deficit-de-atencion-hiperactividad-e-impulsividad\/\" \/>\n<meta property=\"og:locale\" content=\"es_ES\" \/>\n<meta property=\"og:type\" content=\"article\" \/>\n<meta property=\"og:title\" content=\"La alcaldesa de Pamplona se re\u00fane con una representaci\u00f3n de la asociaci\u00f3n ADHI Navarra, que trabaja en d\u00e9ficit de atenci\u00f3n, hiperactividad e impulsividad\" \/>\n<meta property=\"og:description\" content=\"Hoy, d\u00eda nacional dedicado a esa dolencia, las asociaciones federadas impulsan la campa\u00f1a #TDAHparatodalavida, vinculada al color naranja\" \/>\n<meta property=\"og:url\" content=\"https:\/\/www.laguiadepamplona.com\/actualidad\/la-alcaldesa-de-pamplona-se-reune-con-una-representacion-de-la-asociacion-adhi-navarra-que-trabaja-en-deficit-de-atencion-hiperactividad-e-impulsividad\/\" \/>\n<meta property=\"og:site_name\" content=\"La Gu\u00eda de Pamplona\" \/>\n<meta property=\"article:publisher\" content=\"https:\/\/www.facebook.com\/laguiadepamplonacom-133175176762273\/?ref=hl\" \/>\n<meta property=\"article:published_time\" content=\"2023-10-27T15:35:08+00:00\" \/>\n<meta property=\"og:image\" content=\"https:\/\/www.laguiadepamplona.com\/actualidad\/wp-content\/uploads\/2023\/10\/ASOCI-ADI_NB_1134.webp\" \/>\n\t<meta property=\"og:image:width\" content=\"1200\" \/>\n\t<meta property=\"og:image:height\" content=\"800\" \/>\n\t<meta property=\"og:image:type\" content=\"image\/webp\" \/>\n<meta name=\"author\" content=\"La Gu\u00eda de Pamplona\" \/>\n<meta name=\"twitter:card\" content=\"summary_large_image\" \/>\n<meta name=\"twitter:creator\" content=\"@LaGuiadPamplona\" \/>\n<meta name=\"twitter:site\" content=\"@LaGuiadPamplona\" \/>\n<meta name=\"twitter:label1\" content=\"Escrito por\" \/>\n\t<meta name=\"twitter:data1\" content=\"La Gu\u00eda de Pamplona\" \/>\n\t<meta name=\"twitter:label2\" content=\"Tiempo de lectura\" \/>\n\t<meta name=\"twitter:data2\" content=\"2 minutos\" \/>\n<script type=\"application\/ld+json\" class=\"yoast-schema-graph\">{\"@context\":\"https:\\\/\\\/schema.org\",\"@graph\":[{\"@type\":\"Article\",\"@id\":\"https:\\\/\\\/www.laguiadepamplona.com\\\/actualidad\\\/la-alcaldesa-de-pamplona-se-reune-con-una-representacion-de-la-asociacion-adhi-navarra-que-trabaja-en-deficit-de-atencion-hiperactividad-e-impulsividad\\\/#article\",\"isPartOf\":{\"@id\":\"https:\\\/\\\/www.laguiadepamplona.com\\\/actualidad\\\/la-alcaldesa-de-pamplona-se-reune-con-una-representacion-de-la-asociacion-adhi-navarra-que-trabaja-en-deficit-de-atencion-hiperactividad-e-impulsividad\\\/\"},\"author\":{\"name\":\"La Gu\u00eda de Pamplona\",\"@id\":\"https:\\\/\\\/www.laguiadepamplona.com\\\/actualidad\\\/#\\\/schema\\\/person\\\/efe887376f0213d4657c93adc50b1fdb\"},\"headline\":\"La alcaldesa de Pamplona se re\u00fane con una representaci\u00f3n de la asociaci\u00f3n ADHI Navarra, que trabaja en d\u00e9ficit de atenci\u00f3n, hiperactividad e impulsividad\",\"datePublished\":\"2023-10-27T15:35:08+00:00\",\"mainEntityOfPage\":{\"@id\":\"https:\\\/\\\/www.laguiadepamplona.com\\\/actualidad\\\/la-alcaldesa-de-pamplona-se-reune-con-una-representacion-de-la-asociacion-adhi-navarra-que-trabaja-en-deficit-de-atencion-hiperactividad-e-impulsividad\\\/\"},\"wordCount\":404,\"commentCount\":0,\"publisher\":{\"@id\":\"https:\\\/\\\/www.laguiadepamplona.com\\\/actualidad\\\/#organization\"},\"image\":{\"@id\":\"https:\\\/\\\/www.laguiadepamplona.com\\\/actualidad\\\/la-alcaldesa-de-pamplona-se-reune-con-una-representacion-de-la-asociacion-adhi-navarra-que-trabaja-en-deficit-de-atencion-hiperactividad-e-impulsividad\\\/#primaryimage\"},\"thumbnailUrl\":\"https:\\\/\\\/www.laguiadepamplona.com\\\/actualidad\\\/wp-content\\\/uploads\\\/2023\\\/10\\\/ASOCI-ADI_NB_1134.webp\",\"articleSection\":[\"Ayto Pamplona\"],\"inLanguage\":\"es\",\"potentialAction\":[{\"@type\":\"CommentAction\",\"name\":\"Comment\",\"target\":[\"https:\\\/\\\/www.laguiadepamplona.com\\\/actualidad\\\/la-alcaldesa-de-pamplona-se-reune-con-una-representacion-de-la-asociacion-adhi-navarra-que-trabaja-en-deficit-de-atencion-hiperactividad-e-impulsividad\\\/#respond\"]}]},{\"@type\":\"WebPage\",\"@id\":\"https:\\\/\\\/www.laguiadepamplona.com\\\/actualidad\\\/la-alcaldesa-de-pamplona-se-reune-con-una-representacion-de-la-asociacion-adhi-navarra-que-trabaja-en-deficit-de-atencion-hiperactividad-e-impulsividad\\\/\",\"url\":\"https:\\\/\\\/www.laguiadepamplona.com\\\/actualidad\\\/la-alcaldesa-de-pamplona-se-reune-con-una-representacion-de-la-asociacion-adhi-navarra-que-trabaja-en-deficit-de-atencion-hiperactividad-e-impulsividad\\\/\",\"name\":\"La alcaldesa de Pamplona se re\u00fane con una representaci\u00f3n de la asociaci\u00f3n ADHI Navarra, que trabaja en d\u00e9ficit de atenci\u00f3n, hiperactividad e impulsividad\",\"isPartOf\":{\"@id\":\"https:\\\/\\\/www.laguiadepamplona.com\\\/actualidad\\\/#website\"},\"primaryImageOfPage\":{\"@id\":\"https:\\\/\\\/www.laguiadepamplona.com\\\/actualidad\\\/la-alcaldesa-de-pamplona-se-reune-con-una-representacion-de-la-asociacion-adhi-navarra-que-trabaja-en-deficit-de-atencion-hiperactividad-e-impulsividad\\\/#primaryimage\"},\"image\":{\"@id\":\"https:\\\/\\\/www.laguiadepamplona.com\\\/actualidad\\\/la-alcaldesa-de-pamplona-se-reune-con-una-representacion-de-la-asociacion-adhi-navarra-que-trabaja-en-deficit-de-atencion-hiperactividad-e-impulsividad\\\/#primaryimage\"},\"thumbnailUrl\":\"https:\\\/\\\/www.laguiadepamplona.com\\\/actualidad\\\/wp-content\\\/uploads\\\/2023\\\/10\\\/ASOCI-ADI_NB_1134.webp\",\"datePublished\":\"2023-10-27T15:35:08+00:00\",\"description\":\"Hoy, d\u00eda nacional dedicado a esa dolencia, las asociaciones federadas impulsan la campa\u00f1a #TDAHparatodalavida, vinculada al color naranja\",\"breadcrumb\":{\"@id\":\"https:\\\/\\\/www.laguiadepamplona.com\\\/actualidad\\\/la-alcaldesa-de-pamplona-se-reune-con-una-representacion-de-la-asociacion-adhi-navarra-que-trabaja-en-deficit-de-atencion-hiperactividad-e-impulsividad\\\/#breadcrumb\"},\"inLanguage\":\"es\",\"potentialAction\":[{\"@type\":\"ReadAction\",\"target\":[\"https:\\\/\\\/www.laguiadepamplona.com\\\/actualidad\\\/la-alcaldesa-de-pamplona-se-reune-con-una-representacion-de-la-asociacion-adhi-navarra-que-trabaja-en-deficit-de-atencion-hiperactividad-e-impulsividad\\\/\"]}]},{\"@type\":\"ImageObject\",\"inLanguage\":\"es\",\"@id\":\"https:\\\/\\\/www.laguiadepamplona.com\\\/actualidad\\\/la-alcaldesa-de-pamplona-se-reune-con-una-representacion-de-la-asociacion-adhi-navarra-que-trabaja-en-deficit-de-atencion-hiperactividad-e-impulsividad\\\/#primaryimage\",\"url\":\"https:\\\/\\\/www.laguiadepamplona.com\\\/actualidad\\\/wp-content\\\/uploads\\\/2023\\\/10\\\/ASOCI-ADI_NB_1134.webp\",\"contentUrl\":\"https:\\\/\\\/www.laguiadepamplona.com\\\/actualidad\\\/wp-content\\\/uploads\\\/2023\\\/10\\\/ASOCI-ADI_NB_1134.webp\",\"width\":1200,\"height\":800,\"caption\":\"adhi\"},{\"@type\":\"BreadcrumbList\",\"@id\":\"https:\\\/\\\/www.laguiadepamplona.com\\\/actualidad\\\/la-alcaldesa-de-pamplona-se-reune-con-una-representacion-de-la-asociacion-adhi-navarra-que-trabaja-en-deficit-de-atencion-hiperactividad-e-impulsividad\\\/#breadcrumb\",\"itemListElement\":[{\"@type\":\"ListItem\",\"position\":1,\"name\":\"Portada\",\"item\":\"https:\\\/\\\/www.laguiadepamplona.com\\\/actualidad\\\/\"},{\"@type\":\"ListItem\",\"position\":2,\"name\":\"La alcaldesa de Pamplona se re\u00fane con una representaci\u00f3n de la asociaci\u00f3n ADHI Navarra, que trabaja en d\u00e9ficit de atenci\u00f3n, hiperactividad e impulsividad\"}]},{\"@type\":\"WebSite\",\"@id\":\"https:\\\/\\\/www.laguiadepamplona.com\\\/actualidad\\\/#website\",\"url\":\"https:\\\/\\\/www.laguiadepamplona.com\\\/actualidad\\\/\",\"name\":\"La gu\u00eda de Pamplona\",\"description\":\"Noticias de Pamplona\",\"publisher\":{\"@id\":\"https:\\\/\\\/www.laguiadepamplona.com\\\/actualidad\\\/#organization\"},\"potentialAction\":[{\"@type\":\"SearchAction\",\"target\":{\"@type\":\"EntryPoint\",\"urlTemplate\":\"https:\\\/\\\/www.laguiadepamplona.com\\\/actualidad\\\/?s={search_term_string}\"},\"query-input\":{\"@type\":\"PropertyValueSpecification\",\"valueRequired\":true,\"valueName\":\"search_term_string\"}}],\"inLanguage\":\"es\"},{\"@type\":\"Organization\",\"@id\":\"https:\\\/\\\/www.laguiadepamplona.com\\\/actualidad\\\/#organization\",\"name\":\"La Gu\u00eda de Pamplona \\\/ Noticias\",\"url\":\"https:\\\/\\\/www.laguiadepamplona.com\\\/actualidad\\\/\",\"logo\":{\"@type\":\"ImageObject\",\"inLanguage\":\"es\",\"@id\":\"https:\\\/\\\/www.laguiadepamplona.com\\\/actualidad\\\/#\\\/schema\\\/logo\\\/image\\\/\",\"url\":\"https:\\\/\\\/www.laguiadepamplona.com\\\/actualidad\\\/wp-content\\\/uploads\\\/2018\\\/11\\\/logo-laguiadepamplona18-web1.png\",\"contentUrl\":\"https:\\\/\\\/www.laguiadepamplona.com\\\/actualidad\\\/wp-content\\\/uploads\\\/2018\\\/11\\\/logo-laguiadepamplona18-web1.png\",\"width\":600,\"height\":196,\"caption\":\"La Gu\u00eda de Pamplona \\\/ Noticias\"},\"image\":{\"@id\":\"https:\\\/\\\/www.laguiadepamplona.com\\\/actualidad\\\/#\\\/schema\\\/logo\\\/image\\\/\"},\"sameAs\":[\"https:\\\/\\\/www.facebook.com\\\/laguiadepamplonacom-133175176762273\\\/?ref=hl\",\"https:\\\/\\\/x.com\\\/LaGuiadPamplona\",\"https:\\\/\\\/www.instagram.com\\\/la_guia_de_pamplona\\\/\",\"https:\\\/\\\/www.youtube.com\\\/user\\\/laguiadepamplona\"]},{\"@type\":\"Person\",\"@id\":\"https:\\\/\\\/www.laguiadepamplona.com\\\/actualidad\\\/#\\\/schema\\\/person\\\/efe887376f0213d4657c93adc50b1fdb\",\"name\":\"La Gu\u00eda de Pamplona\",\"image\":{\"@type\":\"ImageObject\",\"inLanguage\":\"es\",\"@id\":\"https:\\\/\\\/secure.gravatar.com\\\/avatar\\\/b6992f131dc8d30ab0dff15446e9d346d9dbd95992de0fef795073f5ea83a81c?s=96&d=mm&r=g\",\"url\":\"https:\\\/\\\/secure.gravatar.com\\\/avatar\\\/b6992f131dc8d30ab0dff15446e9d346d9dbd95992de0fef795073f5ea83a81c?s=96&d=mm&r=g\",\"contentUrl\":\"https:\\\/\\\/secure.gravatar.com\\\/avatar\\\/b6992f131dc8d30ab0dff15446e9d346d9dbd95992de0fef795073f5ea83a81c?s=96&d=mm&r=g\",\"caption\":\"La Gu\u00eda de Pamplona\"}}]}<\/script>\n<!-- \/ Yoast SEO plugin. -->","yoast_head_json":{"title":"La alcaldesa de Pamplona se re\u00fane con una representaci\u00f3n de la asociaci\u00f3n ADHI Navarra, que trabaja en d\u00e9ficit de atenci\u00f3n, hiperactividad e impulsividad","description":"Hoy, d\u00eda nacional dedicado a esa dolencia, las asociaciones federadas impulsan la campa\u00f1a #TDAHparatodalavida, vinculada al color naranja","robots":{"index":"index","follow":"follow","max-snippet":"max-snippet:-1","max-image-preview":"max-image-preview:large","max-video-preview":"max-video-preview:-1"},"canonical":"https:\/\/www.laguiadepamplona.com\/actualidad\/la-alcaldesa-de-pamplona-se-reune-con-una-representacion-de-la-asociacion-adhi-navarra-que-trabaja-en-deficit-de-atencion-hiperactividad-e-impulsividad\/","og_locale":"es_ES","og_type":"article","og_title":"La alcaldesa de Pamplona se re\u00fane con una representaci\u00f3n de la asociaci\u00f3n ADHI Navarra, que trabaja en d\u00e9ficit de atenci\u00f3n, hiperactividad e impulsividad","og_description":"Hoy, d\u00eda nacional dedicado a esa dolencia, las asociaciones federadas impulsan la campa\u00f1a #TDAHparatodalavida, vinculada al color naranja","og_url":"https:\/\/www.laguiadepamplona.com\/actualidad\/la-alcaldesa-de-pamplona-se-reune-con-una-representacion-de-la-asociacion-adhi-navarra-que-trabaja-en-deficit-de-atencion-hiperactividad-e-impulsividad\/","og_site_name":"La Gu\u00eda de Pamplona","article_publisher":"https:\/\/www.facebook.com\/laguiadepamplonacom-133175176762273\/?ref=hl","article_published_time":"2023-10-27T15:35:08+00:00","og_image":[{"width":1200,"height":800,"url":"https:\/\/www.laguiadepamplona.com\/actualidad\/wp-content\/uploads\/2023\/10\/ASOCI-ADI_NB_1134.webp","type":"image\/webp"}],"author":"La Gu\u00eda de Pamplona","twitter_card":"summary_large_image","twitter_creator":"@LaGuiadPamplona","twitter_site":"@LaGuiadPamplona","twitter_misc":{"Escrito por":"La Gu\u00eda de Pamplona","Tiempo de lectura":"2 minutos"},"schema":{"@context":"https:\/\/schema.org","@graph":[{"@type":"Article","@id":"https:\/\/www.laguiadepamplona.com\/actualidad\/la-alcaldesa-de-pamplona-se-reune-con-una-representacion-de-la-asociacion-adhi-navarra-que-trabaja-en-deficit-de-atencion-hiperactividad-e-impulsividad\/#article","isPartOf":{"@id":"https:\/\/www.laguiadepamplona.com\/actualidad\/la-alcaldesa-de-pamplona-se-reune-con-una-representacion-de-la-asociacion-adhi-navarra-que-trabaja-en-deficit-de-atencion-hiperactividad-e-impulsividad\/"},"author":{"name":"La Gu\u00eda de Pamplona","@id":"https:\/\/www.laguiadepamplona.com\/actualidad\/#\/schema\/person\/efe887376f0213d4657c93adc50b1fdb"},"headline":"La alcaldesa de Pamplona se re\u00fane con una representaci\u00f3n de la asociaci\u00f3n ADHI Navarra, que trabaja en d\u00e9ficit de atenci\u00f3n, hiperactividad e impulsividad","datePublished":"2023-10-27T15:35:08+00:00","mainEntityOfPage":{"@id":"https:\/\/www.laguiadepamplona.com\/actualidad\/la-alcaldesa-de-pamplona-se-reune-con-una-representacion-de-la-asociacion-adhi-navarra-que-trabaja-en-deficit-de-atencion-hiperactividad-e-impulsividad\/"},"wordCount":404,"commentCount":0,"publisher":{"@id":"https:\/\/www.laguiadepamplona.com\/actualidad\/#organization"},"image":{"@id":"https:\/\/www.laguiadepamplona.com\/actualidad\/la-alcaldesa-de-pamplona-se-reune-con-una-representacion-de-la-asociacion-adhi-navarra-que-trabaja-en-deficit-de-atencion-hiperactividad-e-impulsividad\/#primaryimage"},"thumbnailUrl":"https:\/\/www.laguiadepamplona.com\/actualidad\/wp-content\/uploads\/2023\/10\/ASOCI-ADI_NB_1134.webp","articleSection":["Ayto Pamplona"],"inLanguage":"es","potentialAction":[{"@type":"CommentAction","name":"Comment","target":["https:\/\/www.laguiadepamplona.com\/actualidad\/la-alcaldesa-de-pamplona-se-reune-con-una-representacion-de-la-asociacion-adhi-navarra-que-trabaja-en-deficit-de-atencion-hiperactividad-e-impulsividad\/#respond"]}]},{"@type":"WebPage","@id":"https:\/\/www.laguiadepamplona.com\/actualidad\/la-alcaldesa-de-pamplona-se-reune-con-una-representacion-de-la-asociacion-adhi-navarra-que-trabaja-en-deficit-de-atencion-hiperactividad-e-impulsividad\/","url":"https:\/\/www.laguiadepamplona.com\/actualidad\/la-alcaldesa-de-pamplona-se-reune-con-una-representacion-de-la-asociacion-adhi-navarra-que-trabaja-en-deficit-de-atencion-hiperactividad-e-impulsividad\/","name":"La alcaldesa de Pamplona se re\u00fane con una representaci\u00f3n de la asociaci\u00f3n ADHI Navarra, que trabaja en d\u00e9ficit de atenci\u00f3n, hiperactividad e impulsividad","isPartOf":{"@id":"https:\/\/www.laguiadepamplona.com\/actualidad\/#website"},"primaryImageOfPage":{"@id":"https:\/\/www.laguiadepamplona.com\/actualidad\/la-alcaldesa-de-pamplona-se-reune-con-una-representacion-de-la-asociacion-adhi-navarra-que-trabaja-en-deficit-de-atencion-hiperactividad-e-impulsividad\/#primaryimage"},"image":{"@id":"https:\/\/www.laguiadepamplona.com\/actualidad\/la-alcaldesa-de-pamplona-se-reune-con-una-representacion-de-la-asociacion-adhi-navarra-que-trabaja-en-deficit-de-atencion-hiperactividad-e-impulsividad\/#primaryimage"},"thumbnailUrl":"https:\/\/www.laguiadepamplona.com\/actualidad\/wp-content\/uploads\/2023\/10\/ASOCI-ADI_NB_1134.webp","datePublished":"2023-10-27T15:35:08+00:00","description":"Hoy, d\u00eda nacional dedicado a esa dolencia, las asociaciones federadas impulsan la campa\u00f1a #TDAHparatodalavida, vinculada al color naranja","breadcrumb":{"@id":"https:\/\/www.laguiadepamplona.com\/actualidad\/la-alcaldesa-de-pamplona-se-reune-con-una-representacion-de-la-asociacion-adhi-navarra-que-trabaja-en-deficit-de-atencion-hiperactividad-e-impulsividad\/#breadcrumb"},"inLanguage":"es","potentialAction":[{"@type":"ReadAction","target":["https:\/\/www.laguiadepamplona.com\/actualidad\/la-alcaldesa-de-pamplona-se-reune-con-una-representacion-de-la-asociacion-adhi-navarra-que-trabaja-en-deficit-de-atencion-hiperactividad-e-impulsividad\/"]}]},{"@type":"ImageObject","inLanguage":"es","@id":"https:\/\/www.laguiadepamplona.com\/actualidad\/la-alcaldesa-de-pamplona-se-reune-con-una-representacion-de-la-asociacion-adhi-navarra-que-trabaja-en-deficit-de-atencion-hiperactividad-e-impulsividad\/#primaryimage","url":"https:\/\/www.laguiadepamplona.com\/actualidad\/wp-content\/uploads\/2023\/10\/ASOCI-ADI_NB_1134.webp","contentUrl":"https:\/\/www.laguiadepamplona.com\/actualidad\/wp-content\/uploads\/2023\/10\/ASOCI-ADI_NB_1134.webp","width":1200,"height":800,"caption":"adhi"},{"@type":"BreadcrumbList","@id":"https:\/\/www.laguiadepamplona.com\/actualidad\/la-alcaldesa-de-pamplona-se-reune-con-una-representacion-de-la-asociacion-adhi-navarra-que-trabaja-en-deficit-de-atencion-hiperactividad-e-impulsividad\/#breadcrumb","itemListElement":[{"@type":"ListItem","position":1,"name":"Portada","item":"https:\/\/www.laguiadepamplona.com\/actualidad\/"},{"@type":"ListItem","position":2,"name":"La alcaldesa de Pamplona se re\u00fane con una representaci\u00f3n de la asociaci\u00f3n ADHI Navarra, que trabaja en d\u00e9ficit de atenci\u00f3n, hiperactividad e impulsividad"}]},{"@type":"WebSite","@id":"https:\/\/www.laguiadepamplona.com\/actualidad\/#website","url":"https:\/\/www.laguiadepamplona.com\/actualidad\/","name":"La gu\u00eda de Pamplona","description":"Noticias de Pamplona","publisher":{"@id":"https:\/\/www.laguiadepamplona.com\/actualidad\/#organization"},"potentialAction":[{"@type":"SearchAction","target":{"@type":"EntryPoint","urlTemplate":"https:\/\/www.laguiadepamplona.com\/actualidad\/?s={search_term_string}"},"query-input":{"@type":"PropertyValueSpecification","valueRequired":true,"valueName":"search_term_string"}}],"inLanguage":"es"},{"@type":"Organization","@id":"https:\/\/www.laguiadepamplona.com\/actualidad\/#organization","name":"La Gu\u00eda de Pamplona \/ Noticias","url":"https:\/\/www.laguiadepamplona.com\/actualidad\/","logo":{"@type":"ImageObject","inLanguage":"es","@id":"https:\/\/www.laguiadepamplona.com\/actualidad\/#\/schema\/logo\/image\/","url":"https:\/\/www.laguiadepamplona.com\/actualidad\/wp-content\/uploads\/2018\/11\/logo-laguiadepamplona18-web1.png","contentUrl":"https:\/\/www.laguiadepamplona.com\/actualidad\/wp-content\/uploads\/2018\/11\/logo-laguiadepamplona18-web1.png","width":600,"height":196,"caption":"La Gu\u00eda de Pamplona \/ Noticias"},"image":{"@id":"https:\/\/www.laguiadepamplona.com\/actualidad\/#\/schema\/logo\/image\/"},"sameAs":["https:\/\/www.facebook.com\/laguiadepamplonacom-133175176762273\/?ref=hl","https:\/\/x.com\/LaGuiadPamplona","https:\/\/www.instagram.com\/la_guia_de_pamplona\/","https:\/\/www.youtube.com\/user\/laguiadepamplona"]},{"@type":"Person","@id":"https:\/\/www.laguiadepamplona.com\/actualidad\/#\/schema\/person\/efe887376f0213d4657c93adc50b1fdb","name":"La Gu\u00eda de Pamplona","image":{"@type":"ImageObject","inLanguage":"es","@id":"https:\/\/secure.gravatar.com\/avatar\/b6992f131dc8d30ab0dff15446e9d346d9dbd95992de0fef795073f5ea83a81c?s=96&d=mm&r=g","url":"https:\/\/secure.gravatar.com\/avatar\/b6992f131dc8d30ab0dff15446e9d346d9dbd95992de0fef795073f5ea83a81c?s=96&d=mm&r=g","contentUrl":"https:\/\/secure.gravatar.com\/avatar\/b6992f131dc8d30ab0dff15446e9d346d9dbd95992de0fef795073f5ea83a81c?s=96&d=mm&r=g","caption":"La Gu\u00eda de Pamplona"}}]}},"post_mailing_queue_ids":[],"_links":{"self":[{"href":"https:\/\/www.laguiadepamplona.com\/actualidad\/wp-json\/wp\/v2\/posts\/47759","targetHints":{"allow":["GET"]}}],"collection":[{"href":"https:\/\/www.laguiadepamplona.com\/actualidad\/wp-json\/wp\/v2\/posts"}],"about":[{"href":"https:\/\/www.laguiadepamplona.com\/actualidad\/wp-json\/wp\/v2\/types\/post"}],"author":[{"embeddable":true,"href":"https:\/\/www.laguiadepamplona.com\/actualidad\/wp-json\/wp\/v2\/users\/1"}],"replies":[{"embeddable":true,"href":"https:\/\/www.laguiadepamplona.com\/actualidad\/wp-json\/wp\/v2\/comments?post=47759"}],"version-history":[{"count":1,"href":"https:\/\/www.laguiadepamplona.com\/actualidad\/wp-json\/wp\/v2\/posts\/47759\/revisions"}],"predecessor-version":[{"id":47761,"href":"https:\/\/www.laguiadepamplona.com\/actualidad\/wp-json\/wp\/v2\/posts\/47759\/revisions\/47761"}],"wp:featuredmedia":[{"embeddable":true,"href":"https:\/\/www.laguiadepamplona.com\/actualidad\/wp-json\/wp\/v2\/media\/47760"}],"wp:attachment":[{"href":"https:\/\/www.laguiadepamplona.com\/actualidad\/wp-json\/wp\/v2\/media?parent=47759"}],"wp:term":[{"taxonomy":"category","embeddable":true,"href":"https:\/\/www.laguiadepamplona.com\/actualidad\/wp-json\/wp\/v2\/categories?post=47759"},{"taxonomy":"post_tag","embeddable":true,"href":"https:\/\/www.laguiadepamplona.com\/actualidad\/wp-json\/wp\/v2\/tags?post=47759"}],"curies":[{"name":"wp","href":"https:\/\/api.w.org\/{rel}","templated":true}]}}