{"id":47756,"date":"2023-10-27T17:33:17","date_gmt":"2023-10-27T15:33:17","guid":{"rendered":"https:\/\/www.laguiadepamplona.com\/actualidad\/?p=47756"},"modified":"2023-10-27T17:33:17","modified_gmt":"2023-10-27T15:33:17","slug":"el-ayuntamiento-recibe-a-una-delegacion-de-medios-de-comunicacion-estadounidenses-que-visita-navarra-para-conocer-productos-con-denominacion-de-origen","status":"publish","type":"post","link":"https:\/\/www.laguiadepamplona.com\/actualidad\/el-ayuntamiento-recibe-a-una-delegacion-de-medios-de-comunicacion-estadounidenses-que-visita-navarra-para-conocer-productos-con-denominacion-de-origen\/","title":{"rendered":"El Ayuntamiento recibe a una delegaci\u00f3n de medios de comunicaci\u00f3n estadounidenses que visita Navarra para conocer productos con denominaci\u00f3n de origen"},"content":{"rendered":"<h3>El concejal Carlos Salvador ha dado la bienvenida a las personas participantes, que han conocido diversas estancias de la Casa Consistorial<\/h3>\n<p><!--more--><\/p>\n<p>El vicealcalde de Pamplona y concejal delegado de Relaciones Ciudadanas, Participaci\u00f3n y Mayores, y Educaci\u00f3n, Igualdad y Diversidad Cultural, Carlos Salvador, ha recibido esta ma\u00f1ana a una delegaci\u00f3n de medios de comunicaci\u00f3n estadounidenses que visitan Pamplona de la mano de la Denominaci\u00f3n de Origen Navarra. Estos profesionales pertenecen a los principales medios norteamericanos del sector del vino, la gastronom\u00eda y los viajes.<br \/>\n<script async src=\"\/\/pagead2.googlesyndication.com\/pagead\/js\/adsbygoogle.js\"><\/script><br \/>\n<!-- Noticias La Guia de Pamplona --><br \/>\n<ins class=\"adsbygoogle\"\nstyle=\"display:block\"\ndata-ad-client=\"ca-pub-6943679897239327\"\ndata-ad-slot=\"7048180777\"\ndata-ad-format=\"auto\"><\/ins><br \/>\n<script>\n(adsbygoogle = window.adsbygoogle || []).push({});\n<\/script><\/p>\n<p>Los comunicadores han conocido varias estancias de la Casa Consistorial, entre ellas el Sal\u00f3n de Recepciones y el balc\u00f3n desde el que se lanza el cohete anunciador de las fiestas de San Ferm\u00edn. A continuaci\u00f3n, han realizado una visita guiada por las calles del Casco Viejo, donde han podido degustar las especialidades gastron\u00f3micas locales. La estancia de estos medios hace posible dar a conocer productos de calidad certificada en sus pa\u00edses de origen.<\/p>\n","protected":false},"excerpt":{"rendered":"<p>El concejal Carlos Salvador ha dado la bienvenida a las personas participantes, que han conocido diversas estancias de la Casa Consistorial<\/p>\n","protected":false},"author":1,"featured_media":47757,"comment_status":"open","ping_status":"closed","sticky":false,"template":"","format":"standard","meta":{"footnotes":""},"categories":[2],"tags":[],"class_list":["post-47756","post","type-post","status-publish","format-standard","has-post-thumbnail","hentry","category-ayuntamiento-pamplona"],"yoast_head":"<!-- This site is optimized with the Yoast SEO plugin v27.3 - https:\/\/yoast.com\/product\/yoast-seo-wordpress\/ -->\n<title>El Ayuntamiento recibe a una delegaci\u00f3n de medios de comunicaci\u00f3n estadounidenses que visita Navarra para conocer productos con denominaci\u00f3n de origen<\/title>\n<meta name=\"description\" content=\"El concejal Carlos Salvador ha dado la bienvenida a las personas participantes, que han conocido diversas estancias de la Casa Consistorial\" \/>\n<meta name=\"robots\" content=\"index, follow, max-snippet:-1, max-image-preview:large, max-video-preview:-1\" \/>\n<link rel=\"canonical\" href=\"https:\/\/www.laguiadepamplona.com\/actualidad\/el-ayuntamiento-recibe-a-una-delegacion-de-medios-de-comunicacion-estadounidenses-que-visita-navarra-para-conocer-productos-con-denominacion-de-origen\/\" \/>\n<meta property=\"og:locale\" content=\"es_ES\" \/>\n<meta property=\"og:type\" content=\"article\" \/>\n<meta property=\"og:title\" content=\"El Ayuntamiento recibe a una delegaci\u00f3n de medios de comunicaci\u00f3n estadounidenses que visita Navarra para conocer productos con denominaci\u00f3n de origen\" \/>\n<meta property=\"og:description\" content=\"El concejal Carlos Salvador ha dado la bienvenida a las personas participantes, que han conocido diversas estancias de la Casa Consistorial\" \/>\n<meta property=\"og:url\" content=\"https:\/\/www.laguiadepamplona.com\/actualidad\/el-ayuntamiento-recibe-a-una-delegacion-de-medios-de-comunicacion-estadounidenses-que-visita-navarra-para-conocer-productos-con-denominacion-de-origen\/\" \/>\n<meta property=\"og:site_name\" content=\"La Gu\u00eda de Pamplona\" \/>\n<meta property=\"article:publisher\" content=\"https:\/\/www.facebook.com\/laguiadepamplonacom-133175176762273\/?ref=hl\" \/>\n<meta property=\"article:published_time\" content=\"2023-10-27T15:33:17+00:00\" \/>\n<meta property=\"og:image\" content=\"https:\/\/www.laguiadepamplona.com\/actualidad\/wp-content\/uploads\/2023\/10\/DO-NA_PRENSA-EEUU_NB_1093.webp\" \/>\n\t<meta property=\"og:image:width\" content=\"1200\" \/>\n\t<meta property=\"og:image:height\" content=\"800\" \/>\n\t<meta property=\"og:image:type\" content=\"image\/webp\" \/>\n<meta name=\"author\" content=\"La Gu\u00eda de Pamplona\" \/>\n<meta name=\"twitter:card\" content=\"summary_large_image\" \/>\n<meta name=\"twitter:creator\" content=\"@LaGuiadPamplona\" \/>\n<meta name=\"twitter:site\" content=\"@LaGuiadPamplona\" \/>\n<meta name=\"twitter:label1\" content=\"Escrito por\" \/>\n\t<meta name=\"twitter:data1\" content=\"La Gu\u00eda de Pamplona\" \/>\n\t<meta name=\"twitter:label2\" content=\"Tiempo de lectura\" \/>\n\t<meta name=\"twitter:data2\" content=\"1 minuto\" \/>\n<script type=\"application\/ld+json\" class=\"yoast-schema-graph\">{\"@context\":\"https:\\\/\\\/schema.org\",\"@graph\":[{\"@type\":\"Article\",\"@id\":\"https:\\\/\\\/www.laguiadepamplona.com\\\/actualidad\\\/el-ayuntamiento-recibe-a-una-delegacion-de-medios-de-comunicacion-estadounidenses-que-visita-navarra-para-conocer-productos-con-denominacion-de-origen\\\/#article\",\"isPartOf\":{\"@id\":\"https:\\\/\\\/www.laguiadepamplona.com\\\/actualidad\\\/el-ayuntamiento-recibe-a-una-delegacion-de-medios-de-comunicacion-estadounidenses-que-visita-navarra-para-conocer-productos-con-denominacion-de-origen\\\/\"},\"author\":{\"name\":\"La Gu\u00eda de Pamplona\",\"@id\":\"https:\\\/\\\/www.laguiadepamplona.com\\\/actualidad\\\/#\\\/schema\\\/person\\\/efe887376f0213d4657c93adc50b1fdb\"},\"headline\":\"El Ayuntamiento recibe a una delegaci\u00f3n de medios de comunicaci\u00f3n estadounidenses que visita Navarra para conocer productos con denominaci\u00f3n de origen\",\"datePublished\":\"2023-10-27T15:33:17+00:00\",\"mainEntityOfPage\":{\"@id\":\"https:\\\/\\\/www.laguiadepamplona.com\\\/actualidad\\\/el-ayuntamiento-recibe-a-una-delegacion-de-medios-de-comunicacion-estadounidenses-que-visita-navarra-para-conocer-productos-con-denominacion-de-origen\\\/\"},\"wordCount\":193,\"commentCount\":0,\"publisher\":{\"@id\":\"https:\\\/\\\/www.laguiadepamplona.com\\\/actualidad\\\/#organization\"},\"image\":{\"@id\":\"https:\\\/\\\/www.laguiadepamplona.com\\\/actualidad\\\/el-ayuntamiento-recibe-a-una-delegacion-de-medios-de-comunicacion-estadounidenses-que-visita-navarra-para-conocer-productos-con-denominacion-de-origen\\\/#primaryimage\"},\"thumbnailUrl\":\"https:\\\/\\\/www.laguiadepamplona.com\\\/actualidad\\\/wp-content\\\/uploads\\\/2023\\\/10\\\/DO-NA_PRENSA-EEUU_NB_1093.webp\",\"articleSection\":[\"Ayto Pamplona\"],\"inLanguage\":\"es\",\"potentialAction\":[{\"@type\":\"CommentAction\",\"name\":\"Comment\",\"target\":[\"https:\\\/\\\/www.laguiadepamplona.com\\\/actualidad\\\/el-ayuntamiento-recibe-a-una-delegacion-de-medios-de-comunicacion-estadounidenses-que-visita-navarra-para-conocer-productos-con-denominacion-de-origen\\\/#respond\"]}]},{\"@type\":\"WebPage\",\"@id\":\"https:\\\/\\\/www.laguiadepamplona.com\\\/actualidad\\\/el-ayuntamiento-recibe-a-una-delegacion-de-medios-de-comunicacion-estadounidenses-que-visita-navarra-para-conocer-productos-con-denominacion-de-origen\\\/\",\"url\":\"https:\\\/\\\/www.laguiadepamplona.com\\\/actualidad\\\/el-ayuntamiento-recibe-a-una-delegacion-de-medios-de-comunicacion-estadounidenses-que-visita-navarra-para-conocer-productos-con-denominacion-de-origen\\\/\",\"name\":\"El Ayuntamiento recibe a una delegaci\u00f3n de medios de comunicaci\u00f3n estadounidenses que visita Navarra para conocer productos con denominaci\u00f3n de origen\",\"isPartOf\":{\"@id\":\"https:\\\/\\\/www.laguiadepamplona.com\\\/actualidad\\\/#website\"},\"primaryImageOfPage\":{\"@id\":\"https:\\\/\\\/www.laguiadepamplona.com\\\/actualidad\\\/el-ayuntamiento-recibe-a-una-delegacion-de-medios-de-comunicacion-estadounidenses-que-visita-navarra-para-conocer-productos-con-denominacion-de-origen\\\/#primaryimage\"},\"image\":{\"@id\":\"https:\\\/\\\/www.laguiadepamplona.com\\\/actualidad\\\/el-ayuntamiento-recibe-a-una-delegacion-de-medios-de-comunicacion-estadounidenses-que-visita-navarra-para-conocer-productos-con-denominacion-de-origen\\\/#primaryimage\"},\"thumbnailUrl\":\"https:\\\/\\\/www.laguiadepamplona.com\\\/actualidad\\\/wp-content\\\/uploads\\\/2023\\\/10\\\/DO-NA_PRENSA-EEUU_NB_1093.webp\",\"datePublished\":\"2023-10-27T15:33:17+00:00\",\"description\":\"El concejal Carlos Salvador ha dado la bienvenida a las personas participantes, que han conocido diversas estancias de la Casa Consistorial\",\"breadcrumb\":{\"@id\":\"https:\\\/\\\/www.laguiadepamplona.com\\\/actualidad\\\/el-ayuntamiento-recibe-a-una-delegacion-de-medios-de-comunicacion-estadounidenses-que-visita-navarra-para-conocer-productos-con-denominacion-de-origen\\\/#breadcrumb\"},\"inLanguage\":\"es\",\"potentialAction\":[{\"@type\":\"ReadAction\",\"target\":[\"https:\\\/\\\/www.laguiadepamplona.com\\\/actualidad\\\/el-ayuntamiento-recibe-a-una-delegacion-de-medios-de-comunicacion-estadounidenses-que-visita-navarra-para-conocer-productos-con-denominacion-de-origen\\\/\"]}]},{\"@type\":\"ImageObject\",\"inLanguage\":\"es\",\"@id\":\"https:\\\/\\\/www.laguiadepamplona.com\\\/actualidad\\\/el-ayuntamiento-recibe-a-una-delegacion-de-medios-de-comunicacion-estadounidenses-que-visita-navarra-para-conocer-productos-con-denominacion-de-origen\\\/#primaryimage\",\"url\":\"https:\\\/\\\/www.laguiadepamplona.com\\\/actualidad\\\/wp-content\\\/uploads\\\/2023\\\/10\\\/DO-NA_PRENSA-EEUU_NB_1093.webp\",\"contentUrl\":\"https:\\\/\\\/www.laguiadepamplona.com\\\/actualidad\\\/wp-content\\\/uploads\\\/2023\\\/10\\\/DO-NA_PRENSA-EEUU_NB_1093.webp\",\"width\":1200,\"height\":800,\"caption\":\"delegaci\u00f3n EEUU prensa\"},{\"@type\":\"BreadcrumbList\",\"@id\":\"https:\\\/\\\/www.laguiadepamplona.com\\\/actualidad\\\/el-ayuntamiento-recibe-a-una-delegacion-de-medios-de-comunicacion-estadounidenses-que-visita-navarra-para-conocer-productos-con-denominacion-de-origen\\\/#breadcrumb\",\"itemListElement\":[{\"@type\":\"ListItem\",\"position\":1,\"name\":\"Portada\",\"item\":\"https:\\\/\\\/www.laguiadepamplona.com\\\/actualidad\\\/\"},{\"@type\":\"ListItem\",\"position\":2,\"name\":\"El Ayuntamiento recibe a una delegaci\u00f3n de medios de comunicaci\u00f3n estadounidenses que visita Navarra para conocer productos con denominaci\u00f3n de origen\"}]},{\"@type\":\"WebSite\",\"@id\":\"https:\\\/\\\/www.laguiadepamplona.com\\\/actualidad\\\/#website\",\"url\":\"https:\\\/\\\/www.laguiadepamplona.com\\\/actualidad\\\/\",\"name\":\"La gu\u00eda de Pamplona\",\"description\":\"Noticias de Pamplona\",\"publisher\":{\"@id\":\"https:\\\/\\\/www.laguiadepamplona.com\\\/actualidad\\\/#organization\"},\"potentialAction\":[{\"@type\":\"SearchAction\",\"target\":{\"@type\":\"EntryPoint\",\"urlTemplate\":\"https:\\\/\\\/www.laguiadepamplona.com\\\/actualidad\\\/?s={search_term_string}\"},\"query-input\":{\"@type\":\"PropertyValueSpecification\",\"valueRequired\":true,\"valueName\":\"search_term_string\"}}],\"inLanguage\":\"es\"},{\"@type\":\"Organization\",\"@id\":\"https:\\\/\\\/www.laguiadepamplona.com\\\/actualidad\\\/#organization\",\"name\":\"La Gu\u00eda de Pamplona \\\/ Noticias\",\"url\":\"https:\\\/\\\/www.laguiadepamplona.com\\\/actualidad\\\/\",\"logo\":{\"@type\":\"ImageObject\",\"inLanguage\":\"es\",\"@id\":\"https:\\\/\\\/www.laguiadepamplona.com\\\/actualidad\\\/#\\\/schema\\\/logo\\\/image\\\/\",\"url\":\"https:\\\/\\\/www.laguiadepamplona.com\\\/actualidad\\\/wp-content\\\/uploads\\\/2018\\\/11\\\/logo-laguiadepamplona18-web1.png\",\"contentUrl\":\"https:\\\/\\\/www.laguiadepamplona.com\\\/actualidad\\\/wp-content\\\/uploads\\\/2018\\\/11\\\/logo-laguiadepamplona18-web1.png\",\"width\":600,\"height\":196,\"caption\":\"La Gu\u00eda de Pamplona \\\/ Noticias\"},\"image\":{\"@id\":\"https:\\\/\\\/www.laguiadepamplona.com\\\/actualidad\\\/#\\\/schema\\\/logo\\\/image\\\/\"},\"sameAs\":[\"https:\\\/\\\/www.facebook.com\\\/laguiadepamplonacom-133175176762273\\\/?ref=hl\",\"https:\\\/\\\/x.com\\\/LaGuiadPamplona\",\"https:\\\/\\\/www.instagram.com\\\/la_guia_de_pamplona\\\/\",\"https:\\\/\\\/www.youtube.com\\\/user\\\/laguiadepamplona\"]},{\"@type\":\"Person\",\"@id\":\"https:\\\/\\\/www.laguiadepamplona.com\\\/actualidad\\\/#\\\/schema\\\/person\\\/efe887376f0213d4657c93adc50b1fdb\",\"name\":\"La Gu\u00eda de Pamplona\",\"image\":{\"@type\":\"ImageObject\",\"inLanguage\":\"es\",\"@id\":\"https:\\\/\\\/secure.gravatar.com\\\/avatar\\\/b6992f131dc8d30ab0dff15446e9d346d9dbd95992de0fef795073f5ea83a81c?s=96&d=mm&r=g\",\"url\":\"https:\\\/\\\/secure.gravatar.com\\\/avatar\\\/b6992f131dc8d30ab0dff15446e9d346d9dbd95992de0fef795073f5ea83a81c?s=96&d=mm&r=g\",\"contentUrl\":\"https:\\\/\\\/secure.gravatar.com\\\/avatar\\\/b6992f131dc8d30ab0dff15446e9d346d9dbd95992de0fef795073f5ea83a81c?s=96&d=mm&r=g\",\"caption\":\"La Gu\u00eda de Pamplona\"}}]}<\/script>\n<!-- \/ Yoast SEO plugin. -->","yoast_head_json":{"title":"El Ayuntamiento recibe a una delegaci\u00f3n de medios de comunicaci\u00f3n estadounidenses que visita Navarra para conocer productos con denominaci\u00f3n de origen","description":"El concejal Carlos Salvador ha dado la bienvenida a las personas participantes, que han conocido diversas estancias de la Casa Consistorial","robots":{"index":"index","follow":"follow","max-snippet":"max-snippet:-1","max-image-preview":"max-image-preview:large","max-video-preview":"max-video-preview:-1"},"canonical":"https:\/\/www.laguiadepamplona.com\/actualidad\/el-ayuntamiento-recibe-a-una-delegacion-de-medios-de-comunicacion-estadounidenses-que-visita-navarra-para-conocer-productos-con-denominacion-de-origen\/","og_locale":"es_ES","og_type":"article","og_title":"El Ayuntamiento recibe a una delegaci\u00f3n de medios de comunicaci\u00f3n estadounidenses que visita Navarra para conocer productos con denominaci\u00f3n de origen","og_description":"El concejal Carlos Salvador ha dado la bienvenida a las personas participantes, que han conocido diversas estancias de la Casa Consistorial","og_url":"https:\/\/www.laguiadepamplona.com\/actualidad\/el-ayuntamiento-recibe-a-una-delegacion-de-medios-de-comunicacion-estadounidenses-que-visita-navarra-para-conocer-productos-con-denominacion-de-origen\/","og_site_name":"La Gu\u00eda de Pamplona","article_publisher":"https:\/\/www.facebook.com\/laguiadepamplonacom-133175176762273\/?ref=hl","article_published_time":"2023-10-27T15:33:17+00:00","og_image":[{"width":1200,"height":800,"url":"https:\/\/www.laguiadepamplona.com\/actualidad\/wp-content\/uploads\/2023\/10\/DO-NA_PRENSA-EEUU_NB_1093.webp","type":"image\/webp"}],"author":"La Gu\u00eda de Pamplona","twitter_card":"summary_large_image","twitter_creator":"@LaGuiadPamplona","twitter_site":"@LaGuiadPamplona","twitter_misc":{"Escrito por":"La Gu\u00eda de Pamplona","Tiempo de lectura":"1 minuto"},"schema":{"@context":"https:\/\/schema.org","@graph":[{"@type":"Article","@id":"https:\/\/www.laguiadepamplona.com\/actualidad\/el-ayuntamiento-recibe-a-una-delegacion-de-medios-de-comunicacion-estadounidenses-que-visita-navarra-para-conocer-productos-con-denominacion-de-origen\/#article","isPartOf":{"@id":"https:\/\/www.laguiadepamplona.com\/actualidad\/el-ayuntamiento-recibe-a-una-delegacion-de-medios-de-comunicacion-estadounidenses-que-visita-navarra-para-conocer-productos-con-denominacion-de-origen\/"},"author":{"name":"La Gu\u00eda de Pamplona","@id":"https:\/\/www.laguiadepamplona.com\/actualidad\/#\/schema\/person\/efe887376f0213d4657c93adc50b1fdb"},"headline":"El Ayuntamiento recibe a una delegaci\u00f3n de medios de comunicaci\u00f3n estadounidenses que visita Navarra para conocer productos con denominaci\u00f3n de origen","datePublished":"2023-10-27T15:33:17+00:00","mainEntityOfPage":{"@id":"https:\/\/www.laguiadepamplona.com\/actualidad\/el-ayuntamiento-recibe-a-una-delegacion-de-medios-de-comunicacion-estadounidenses-que-visita-navarra-para-conocer-productos-con-denominacion-de-origen\/"},"wordCount":193,"commentCount":0,"publisher":{"@id":"https:\/\/www.laguiadepamplona.com\/actualidad\/#organization"},"image":{"@id":"https:\/\/www.laguiadepamplona.com\/actualidad\/el-ayuntamiento-recibe-a-una-delegacion-de-medios-de-comunicacion-estadounidenses-que-visita-navarra-para-conocer-productos-con-denominacion-de-origen\/#primaryimage"},"thumbnailUrl":"https:\/\/www.laguiadepamplona.com\/actualidad\/wp-content\/uploads\/2023\/10\/DO-NA_PRENSA-EEUU_NB_1093.webp","articleSection":["Ayto Pamplona"],"inLanguage":"es","potentialAction":[{"@type":"CommentAction","name":"Comment","target":["https:\/\/www.laguiadepamplona.com\/actualidad\/el-ayuntamiento-recibe-a-una-delegacion-de-medios-de-comunicacion-estadounidenses-que-visita-navarra-para-conocer-productos-con-denominacion-de-origen\/#respond"]}]},{"@type":"WebPage","@id":"https:\/\/www.laguiadepamplona.com\/actualidad\/el-ayuntamiento-recibe-a-una-delegacion-de-medios-de-comunicacion-estadounidenses-que-visita-navarra-para-conocer-productos-con-denominacion-de-origen\/","url":"https:\/\/www.laguiadepamplona.com\/actualidad\/el-ayuntamiento-recibe-a-una-delegacion-de-medios-de-comunicacion-estadounidenses-que-visita-navarra-para-conocer-productos-con-denominacion-de-origen\/","name":"El Ayuntamiento recibe a una delegaci\u00f3n de medios de comunicaci\u00f3n estadounidenses que visita Navarra para conocer productos con denominaci\u00f3n de origen","isPartOf":{"@id":"https:\/\/www.laguiadepamplona.com\/actualidad\/#website"},"primaryImageOfPage":{"@id":"https:\/\/www.laguiadepamplona.com\/actualidad\/el-ayuntamiento-recibe-a-una-delegacion-de-medios-de-comunicacion-estadounidenses-que-visita-navarra-para-conocer-productos-con-denominacion-de-origen\/#primaryimage"},"image":{"@id":"https:\/\/www.laguiadepamplona.com\/actualidad\/el-ayuntamiento-recibe-a-una-delegacion-de-medios-de-comunicacion-estadounidenses-que-visita-navarra-para-conocer-productos-con-denominacion-de-origen\/#primaryimage"},"thumbnailUrl":"https:\/\/www.laguiadepamplona.com\/actualidad\/wp-content\/uploads\/2023\/10\/DO-NA_PRENSA-EEUU_NB_1093.webp","datePublished":"2023-10-27T15:33:17+00:00","description":"El concejal Carlos Salvador ha dado la bienvenida a las personas participantes, que han conocido diversas estancias de la Casa Consistorial","breadcrumb":{"@id":"https:\/\/www.laguiadepamplona.com\/actualidad\/el-ayuntamiento-recibe-a-una-delegacion-de-medios-de-comunicacion-estadounidenses-que-visita-navarra-para-conocer-productos-con-denominacion-de-origen\/#breadcrumb"},"inLanguage":"es","potentialAction":[{"@type":"ReadAction","target":["https:\/\/www.laguiadepamplona.com\/actualidad\/el-ayuntamiento-recibe-a-una-delegacion-de-medios-de-comunicacion-estadounidenses-que-visita-navarra-para-conocer-productos-con-denominacion-de-origen\/"]}]},{"@type":"ImageObject","inLanguage":"es","@id":"https:\/\/www.laguiadepamplona.com\/actualidad\/el-ayuntamiento-recibe-a-una-delegacion-de-medios-de-comunicacion-estadounidenses-que-visita-navarra-para-conocer-productos-con-denominacion-de-origen\/#primaryimage","url":"https:\/\/www.laguiadepamplona.com\/actualidad\/wp-content\/uploads\/2023\/10\/DO-NA_PRENSA-EEUU_NB_1093.webp","contentUrl":"https:\/\/www.laguiadepamplona.com\/actualidad\/wp-content\/uploads\/2023\/10\/DO-NA_PRENSA-EEUU_NB_1093.webp","width":1200,"height":800,"caption":"delegaci\u00f3n EEUU prensa"},{"@type":"BreadcrumbList","@id":"https:\/\/www.laguiadepamplona.com\/actualidad\/el-ayuntamiento-recibe-a-una-delegacion-de-medios-de-comunicacion-estadounidenses-que-visita-navarra-para-conocer-productos-con-denominacion-de-origen\/#breadcrumb","itemListElement":[{"@type":"ListItem","position":1,"name":"Portada","item":"https:\/\/www.laguiadepamplona.com\/actualidad\/"},{"@type":"ListItem","position":2,"name":"El Ayuntamiento recibe a una delegaci\u00f3n de medios de comunicaci\u00f3n estadounidenses que visita Navarra para conocer productos con denominaci\u00f3n de origen"}]},{"@type":"WebSite","@id":"https:\/\/www.laguiadepamplona.com\/actualidad\/#website","url":"https:\/\/www.laguiadepamplona.com\/actualidad\/","name":"La gu\u00eda de Pamplona","description":"Noticias de Pamplona","publisher":{"@id":"https:\/\/www.laguiadepamplona.com\/actualidad\/#organization"},"potentialAction":[{"@type":"SearchAction","target":{"@type":"EntryPoint","urlTemplate":"https:\/\/www.laguiadepamplona.com\/actualidad\/?s={search_term_string}"},"query-input":{"@type":"PropertyValueSpecification","valueRequired":true,"valueName":"search_term_string"}}],"inLanguage":"es"},{"@type":"Organization","@id":"https:\/\/www.laguiadepamplona.com\/actualidad\/#organization","name":"La Gu\u00eda de Pamplona \/ Noticias","url":"https:\/\/www.laguiadepamplona.com\/actualidad\/","logo":{"@type":"ImageObject","inLanguage":"es","@id":"https:\/\/www.laguiadepamplona.com\/actualidad\/#\/schema\/logo\/image\/","url":"https:\/\/www.laguiadepamplona.com\/actualidad\/wp-content\/uploads\/2018\/11\/logo-laguiadepamplona18-web1.png","contentUrl":"https:\/\/www.laguiadepamplona.com\/actualidad\/wp-content\/uploads\/2018\/11\/logo-laguiadepamplona18-web1.png","width":600,"height":196,"caption":"La Gu\u00eda de Pamplona \/ Noticias"},"image":{"@id":"https:\/\/www.laguiadepamplona.com\/actualidad\/#\/schema\/logo\/image\/"},"sameAs":["https:\/\/www.facebook.com\/laguiadepamplonacom-133175176762273\/?ref=hl","https:\/\/x.com\/LaGuiadPamplona","https:\/\/www.instagram.com\/la_guia_de_pamplona\/","https:\/\/www.youtube.com\/user\/laguiadepamplona"]},{"@type":"Person","@id":"https:\/\/www.laguiadepamplona.com\/actualidad\/#\/schema\/person\/efe887376f0213d4657c93adc50b1fdb","name":"La Gu\u00eda de Pamplona","image":{"@type":"ImageObject","inLanguage":"es","@id":"https:\/\/secure.gravatar.com\/avatar\/b6992f131dc8d30ab0dff15446e9d346d9dbd95992de0fef795073f5ea83a81c?s=96&d=mm&r=g","url":"https:\/\/secure.gravatar.com\/avatar\/b6992f131dc8d30ab0dff15446e9d346d9dbd95992de0fef795073f5ea83a81c?s=96&d=mm&r=g","contentUrl":"https:\/\/secure.gravatar.com\/avatar\/b6992f131dc8d30ab0dff15446e9d346d9dbd95992de0fef795073f5ea83a81c?s=96&d=mm&r=g","caption":"La Gu\u00eda de Pamplona"}}]}},"post_mailing_queue_ids":[],"_links":{"self":[{"href":"https:\/\/www.laguiadepamplona.com\/actualidad\/wp-json\/wp\/v2\/posts\/47756","targetHints":{"allow":["GET"]}}],"collection":[{"href":"https:\/\/www.laguiadepamplona.com\/actualidad\/wp-json\/wp\/v2\/posts"}],"about":[{"href":"https:\/\/www.laguiadepamplona.com\/actualidad\/wp-json\/wp\/v2\/types\/post"}],"author":[{"embeddable":true,"href":"https:\/\/www.laguiadepamplona.com\/actualidad\/wp-json\/wp\/v2\/users\/1"}],"replies":[{"embeddable":true,"href":"https:\/\/www.laguiadepamplona.com\/actualidad\/wp-json\/wp\/v2\/comments?post=47756"}],"version-history":[{"count":1,"href":"https:\/\/www.laguiadepamplona.com\/actualidad\/wp-json\/wp\/v2\/posts\/47756\/revisions"}],"predecessor-version":[{"id":47758,"href":"https:\/\/www.laguiadepamplona.com\/actualidad\/wp-json\/wp\/v2\/posts\/47756\/revisions\/47758"}],"wp:featuredmedia":[{"embeddable":true,"href":"https:\/\/www.laguiadepamplona.com\/actualidad\/wp-json\/wp\/v2\/media\/47757"}],"wp:attachment":[{"href":"https:\/\/www.laguiadepamplona.com\/actualidad\/wp-json\/wp\/v2\/media?parent=47756"}],"wp:term":[{"taxonomy":"category","embeddable":true,"href":"https:\/\/www.laguiadepamplona.com\/actualidad\/wp-json\/wp\/v2\/categories?post=47756"},{"taxonomy":"post_tag","embeddable":true,"href":"https:\/\/www.laguiadepamplona.com\/actualidad\/wp-json\/wp\/v2\/tags?post=47756"}],"curies":[{"name":"wp","href":"https:\/\/api.w.org\/{rel}","templated":true}]}}