{"id":47753,"date":"2023-10-27T17:30:30","date_gmt":"2023-10-27T15:30:30","guid":{"rendered":"https:\/\/www.laguiadepamplona.com\/actualidad\/?p=47753"},"modified":"2023-10-27T17:30:52","modified_gmt":"2023-10-27T15:30:52","slug":"el-ayuntamiento-de-pamplona-organiza-el-lunes-un-taller-participativo-para-dar-a-conocer-las-modificaciones-urbanisticas-propuestas-para-la-plaza-de-santa-ana","status":"publish","type":"post","link":"https:\/\/www.laguiadepamplona.com\/actualidad\/el-ayuntamiento-de-pamplona-organiza-el-lunes-un-taller-participativo-para-dar-a-conocer-las-modificaciones-urbanisticas-propuestas-para-la-plaza-de-santa-ana\/","title":{"rendered":"El Ayuntamiento de Pamplona organiza el lunes un taller participativo para dar a conocer las modificaciones urban\u00edsticas propuestas para la plaza de Santa Ana"},"content":{"rendered":"<h3>El Plan de Intervenci\u00f3n Global 6, que as\u00ed se llama el documento, se aprob\u00f3 en 2007 y se estima conveniente revisar algunos de sus aspectos<\/h3>\n<p><!--more--><\/p>\n<p>El Ayuntamiento de Pamplona, a trav\u00e9s de Pamplona Centro Hist\u00f3rico, va a plantear modificaciones en la planificaci\u00f3n urban\u00edstica del \u00e1mbito de la plaza de Santa Ana, que afecta a las manzanas de su entorno en las calles Jarauta, Mayor y Eslava. Se van a revisar los usos comerciales y de aparcamiento, adem\u00e1s de aspectos de renovaci\u00f3n de edificios, de un Plan de Intervenci\u00f3n Global de la zona (denominado PIG 6) que data de 2007. Este lunes, a las 18.30 horas en la sala de Calderer\u00eda 11, un taller abierto a la ciudadan\u00eda culminar\u00e1 el proceso participativo emprendido hace unos meses.<br \/>\n<script async src=\"\/\/pagead2.googlesyndication.com\/pagead\/js\/adsbygoogle.js\"><\/script><br \/>\n<!-- Noticias La Guia de Pamplona --><br \/>\n<ins class=\"adsbygoogle\"\nstyle=\"display:block\"\ndata-ad-client=\"ca-pub-6943679897239327\"\ndata-ad-slot=\"7048180777\"\ndata-ad-format=\"auto\"><\/ins><br \/>\n<script>\n(adsbygoogle = window.adsbygoogle || []).push({});\n<\/script><\/p>\n<p>El documento original preve\u00eda en la plaza de Santa Ana la ejecuci\u00f3n de dos s\u00f3tanos de galer\u00eda comercial (s\u00f3tano -1 y -2) y otras dos plantas de s\u00f3tano de aparcamiento con 154 plazas para residentes (s\u00f3tano -3 y -4). Desde el 2007, el modelo de movilidad ha cambiado sustancialmente hacia una reducci\u00f3n del tr\u00e1fico en el centro hist\u00f3rico. Se ha planteado la posibilidad de construir un aparcamiento en las huertas de Santo Domingo, con el que se evitar\u00eda el tr\u00e1fico rodado por el Casco Antiguo que provocar\u00eda un parking en la plaza de Santa Ana. Tambi\u00e9n ha habido cambios en el sector comercial, por lo que se quiere replantear esa galer\u00eda comercial, que podr\u00eda afectar negativamente al actual tejido comercial del barrio.<\/p>\n<p>Posteriormente a la definici\u00f3n de las previsiones iniciales que recoge el documento de 2007, durante la ejecuci\u00f3n de las obras de rehabilitaci\u00f3n del Palacio del Condestable, se test\u00f3 la existencia de restos arqueol\u00f3gicos en el subsuelo de la plaza.\u00a0 Estos factores de protecci\u00f3n del patrimonio deber\u00e1n tenerse en cuenta para valorarse en la decisi\u00f3n definitiva que se adopte. Tambi\u00e9n se proponen varias modificaciones urban\u00edsticas a la propuesta de 2007, que afectan a los edificios de la manzana con el objetivo de facilitar la gesti\u00f3n y viabilizar la ejecuci\u00f3n de lo previsto, afectando principalmente a ajustes en la configuraci\u00f3n del frente de los edificios que dan a la plaza interior.<br \/>\n<script async src=\"\/\/pagead2.googlesyndication.com\/pagead\/js\/adsbygoogle.js\"><\/script><br \/>\n<!-- Noticias La Guia de Pamplona --><br \/>\n<ins class=\"adsbygoogle\"\nstyle=\"display:block\"\ndata-ad-client=\"ca-pub-6943679897239327\"\ndata-ad-slot=\"7048180777\"\ndata-ad-format=\"auto\"><\/ins><br \/>\n<script>\n(adsbygoogle = window.adsbygoogle || []).push({});\n<\/script><\/p>\n<p>Se mantiene la previsi\u00f3n de demolici\u00f3n de algunos edificios y de construcci\u00f3n en su lugar de nuevas promociones de viviendas, gestionadas por el Ayuntamiento de Pamplona o PCH, para el realojo de las personas propietarias de los edificios originales. De manera concreta, se modifica la previsi\u00f3n para la renovaci\u00f3n del conjunto de los edificios de Jarauta 7, 9, 11, 13, 15-17, 19 y 21, que estaba prevista ser ejecutada en una \u00fanica fase, para su ejecuci\u00f3n progresiva en tres fases. Los edificios que la integran est\u00e1n en su mayor\u00eda adquiridos por PCH y se prev\u00e9 la construcci\u00f3n de unas 40 viviendas protegidas para realojos.<\/p>\n","protected":false},"excerpt":{"rendered":"<p>El Plan de Intervenci\u00f3n Global 6, que as\u00ed se llama el documento, se aprob\u00f3 en 2007 y se estima conveniente revisar algunos de sus aspectos<\/p>\n","protected":false},"author":1,"featured_media":47755,"comment_status":"open","ping_status":"closed","sticky":false,"template":"","format":"standard","meta":{"footnotes":""},"categories":[2],"tags":[],"class_list":["post-47753","post","type-post","status-publish","format-standard","has-post-thumbnail","hentry","category-ayuntamiento-pamplona"],"yoast_head":"<!-- This site is optimized with the Yoast SEO plugin v27.3 - https:\/\/yoast.com\/product\/yoast-seo-wordpress\/ -->\n<title>El Ayuntamiento de Pamplona organiza el lunes un taller participativo para dar a conocer las modificaciones urban\u00edsticas propuestas para la plaza de Santa Ana<\/title>\n<meta name=\"description\" content=\"El Plan de Intervenci\u00f3n Global 6, que as\u00ed se llama el documento, se aprob\u00f3 en 2007 y se estima conveniente revisar algunos de sus aspectos\" \/>\n<meta name=\"robots\" content=\"index, follow, max-snippet:-1, max-image-preview:large, max-video-preview:-1\" \/>\n<link rel=\"canonical\" href=\"https:\/\/www.laguiadepamplona.com\/actualidad\/el-ayuntamiento-de-pamplona-organiza-el-lunes-un-taller-participativo-para-dar-a-conocer-las-modificaciones-urbanisticas-propuestas-para-la-plaza-de-santa-ana\/\" \/>\n<meta property=\"og:locale\" content=\"es_ES\" \/>\n<meta property=\"og:type\" content=\"article\" \/>\n<meta property=\"og:title\" content=\"El Ayuntamiento de Pamplona organiza el lunes un taller participativo para dar a conocer las modificaciones urban\u00edsticas propuestas para la plaza de Santa Ana\" \/>\n<meta property=\"og:description\" content=\"El Plan de Intervenci\u00f3n Global 6, que as\u00ed se llama el documento, se aprob\u00f3 en 2007 y se estima conveniente revisar algunos de sus aspectos\" \/>\n<meta property=\"og:url\" content=\"https:\/\/www.laguiadepamplona.com\/actualidad\/el-ayuntamiento-de-pamplona-organiza-el-lunes-un-taller-participativo-para-dar-a-conocer-las-modificaciones-urbanisticas-propuestas-para-la-plaza-de-santa-ana\/\" \/>\n<meta property=\"og:site_name\" content=\"La Gu\u00eda de Pamplona\" \/>\n<meta property=\"article:publisher\" content=\"https:\/\/www.facebook.com\/laguiadepamplonacom-133175176762273\/?ref=hl\" \/>\n<meta property=\"article:published_time\" content=\"2023-10-27T15:30:30+00:00\" \/>\n<meta property=\"article:modified_time\" content=\"2023-10-27T15:30:52+00:00\" \/>\n<meta property=\"og:image\" content=\"https:\/\/www.laguiadepamplona.com\/actualidad\/wp-content\/uploads\/2023\/10\/231027plazasantaanaaerea.jpg\" \/>\n\t<meta property=\"og:image:width\" content=\"446\" \/>\n\t<meta property=\"og:image:height\" content=\"300\" \/>\n\t<meta property=\"og:image:type\" content=\"image\/jpeg\" \/>\n<meta name=\"author\" content=\"La Gu\u00eda de Pamplona\" \/>\n<meta name=\"twitter:card\" content=\"summary_large_image\" \/>\n<meta name=\"twitter:creator\" content=\"@LaGuiadPamplona\" \/>\n<meta name=\"twitter:site\" content=\"@LaGuiadPamplona\" \/>\n<meta name=\"twitter:label1\" content=\"Escrito por\" \/>\n\t<meta name=\"twitter:data1\" content=\"La Gu\u00eda de Pamplona\" \/>\n\t<meta name=\"twitter:label2\" content=\"Tiempo de lectura\" \/>\n\t<meta name=\"twitter:data2\" content=\"3 minutos\" \/>\n<script type=\"application\/ld+json\" class=\"yoast-schema-graph\">{\"@context\":\"https:\\\/\\\/schema.org\",\"@graph\":[{\"@type\":\"Article\",\"@id\":\"https:\\\/\\\/www.laguiadepamplona.com\\\/actualidad\\\/el-ayuntamiento-de-pamplona-organiza-el-lunes-un-taller-participativo-para-dar-a-conocer-las-modificaciones-urbanisticas-propuestas-para-la-plaza-de-santa-ana\\\/#article\",\"isPartOf\":{\"@id\":\"https:\\\/\\\/www.laguiadepamplona.com\\\/actualidad\\\/el-ayuntamiento-de-pamplona-organiza-el-lunes-un-taller-participativo-para-dar-a-conocer-las-modificaciones-urbanisticas-propuestas-para-la-plaza-de-santa-ana\\\/\"},\"author\":{\"name\":\"La Gu\u00eda de Pamplona\",\"@id\":\"https:\\\/\\\/www.laguiadepamplona.com\\\/actualidad\\\/#\\\/schema\\\/person\\\/efe887376f0213d4657c93adc50b1fdb\"},\"headline\":\"El Ayuntamiento de Pamplona organiza el lunes un taller participativo para dar a conocer las modificaciones urban\u00edsticas propuestas para la plaza de Santa Ana\",\"datePublished\":\"2023-10-27T15:30:30+00:00\",\"dateModified\":\"2023-10-27T15:30:52+00:00\",\"mainEntityOfPage\":{\"@id\":\"https:\\\/\\\/www.laguiadepamplona.com\\\/actualidad\\\/el-ayuntamiento-de-pamplona-organiza-el-lunes-un-taller-participativo-para-dar-a-conocer-las-modificaciones-urbanisticas-propuestas-para-la-plaza-de-santa-ana\\\/\"},\"wordCount\":515,\"commentCount\":0,\"publisher\":{\"@id\":\"https:\\\/\\\/www.laguiadepamplona.com\\\/actualidad\\\/#organization\"},\"image\":{\"@id\":\"https:\\\/\\\/www.laguiadepamplona.com\\\/actualidad\\\/el-ayuntamiento-de-pamplona-organiza-el-lunes-un-taller-participativo-para-dar-a-conocer-las-modificaciones-urbanisticas-propuestas-para-la-plaza-de-santa-ana\\\/#primaryimage\"},\"thumbnailUrl\":\"https:\\\/\\\/www.laguiadepamplona.com\\\/actualidad\\\/wp-content\\\/uploads\\\/2023\\\/10\\\/231027plazasantaanaaerea.jpg\",\"articleSection\":[\"Ayto Pamplona\"],\"inLanguage\":\"es\",\"potentialAction\":[{\"@type\":\"CommentAction\",\"name\":\"Comment\",\"target\":[\"https:\\\/\\\/www.laguiadepamplona.com\\\/actualidad\\\/el-ayuntamiento-de-pamplona-organiza-el-lunes-un-taller-participativo-para-dar-a-conocer-las-modificaciones-urbanisticas-propuestas-para-la-plaza-de-santa-ana\\\/#respond\"]}]},{\"@type\":\"WebPage\",\"@id\":\"https:\\\/\\\/www.laguiadepamplona.com\\\/actualidad\\\/el-ayuntamiento-de-pamplona-organiza-el-lunes-un-taller-participativo-para-dar-a-conocer-las-modificaciones-urbanisticas-propuestas-para-la-plaza-de-santa-ana\\\/\",\"url\":\"https:\\\/\\\/www.laguiadepamplona.com\\\/actualidad\\\/el-ayuntamiento-de-pamplona-organiza-el-lunes-un-taller-participativo-para-dar-a-conocer-las-modificaciones-urbanisticas-propuestas-para-la-plaza-de-santa-ana\\\/\",\"name\":\"El Ayuntamiento de Pamplona organiza el lunes un taller participativo para dar a conocer las modificaciones urban\u00edsticas propuestas para la plaza de Santa Ana\",\"isPartOf\":{\"@id\":\"https:\\\/\\\/www.laguiadepamplona.com\\\/actualidad\\\/#website\"},\"primaryImageOfPage\":{\"@id\":\"https:\\\/\\\/www.laguiadepamplona.com\\\/actualidad\\\/el-ayuntamiento-de-pamplona-organiza-el-lunes-un-taller-participativo-para-dar-a-conocer-las-modificaciones-urbanisticas-propuestas-para-la-plaza-de-santa-ana\\\/#primaryimage\"},\"image\":{\"@id\":\"https:\\\/\\\/www.laguiadepamplona.com\\\/actualidad\\\/el-ayuntamiento-de-pamplona-organiza-el-lunes-un-taller-participativo-para-dar-a-conocer-las-modificaciones-urbanisticas-propuestas-para-la-plaza-de-santa-ana\\\/#primaryimage\"},\"thumbnailUrl\":\"https:\\\/\\\/www.laguiadepamplona.com\\\/actualidad\\\/wp-content\\\/uploads\\\/2023\\\/10\\\/231027plazasantaanaaerea.jpg\",\"datePublished\":\"2023-10-27T15:30:30+00:00\",\"dateModified\":\"2023-10-27T15:30:52+00:00\",\"description\":\"El Plan de Intervenci\u00f3n Global 6, que as\u00ed se llama el documento, se aprob\u00f3 en 2007 y se estima conveniente revisar algunos de sus aspectos\",\"breadcrumb\":{\"@id\":\"https:\\\/\\\/www.laguiadepamplona.com\\\/actualidad\\\/el-ayuntamiento-de-pamplona-organiza-el-lunes-un-taller-participativo-para-dar-a-conocer-las-modificaciones-urbanisticas-propuestas-para-la-plaza-de-santa-ana\\\/#breadcrumb\"},\"inLanguage\":\"es\",\"potentialAction\":[{\"@type\":\"ReadAction\",\"target\":[\"https:\\\/\\\/www.laguiadepamplona.com\\\/actualidad\\\/el-ayuntamiento-de-pamplona-organiza-el-lunes-un-taller-participativo-para-dar-a-conocer-las-modificaciones-urbanisticas-propuestas-para-la-plaza-de-santa-ana\\\/\"]}]},{\"@type\":\"ImageObject\",\"inLanguage\":\"es\",\"@id\":\"https:\\\/\\\/www.laguiadepamplona.com\\\/actualidad\\\/el-ayuntamiento-de-pamplona-organiza-el-lunes-un-taller-participativo-para-dar-a-conocer-las-modificaciones-urbanisticas-propuestas-para-la-plaza-de-santa-ana\\\/#primaryimage\",\"url\":\"https:\\\/\\\/www.laguiadepamplona.com\\\/actualidad\\\/wp-content\\\/uploads\\\/2023\\\/10\\\/231027plazasantaanaaerea.jpg\",\"contentUrl\":\"https:\\\/\\\/www.laguiadepamplona.com\\\/actualidad\\\/wp-content\\\/uploads\\\/2023\\\/10\\\/231027plazasantaanaaerea.jpg\",\"width\":446,\"height\":300,\"caption\":\"plaza santa ana\"},{\"@type\":\"BreadcrumbList\",\"@id\":\"https:\\\/\\\/www.laguiadepamplona.com\\\/actualidad\\\/el-ayuntamiento-de-pamplona-organiza-el-lunes-un-taller-participativo-para-dar-a-conocer-las-modificaciones-urbanisticas-propuestas-para-la-plaza-de-santa-ana\\\/#breadcrumb\",\"itemListElement\":[{\"@type\":\"ListItem\",\"position\":1,\"name\":\"Portada\",\"item\":\"https:\\\/\\\/www.laguiadepamplona.com\\\/actualidad\\\/\"},{\"@type\":\"ListItem\",\"position\":2,\"name\":\"El Ayuntamiento de Pamplona organiza el lunes un taller participativo para dar a conocer las modificaciones urban\u00edsticas propuestas para la plaza de Santa Ana\"}]},{\"@type\":\"WebSite\",\"@id\":\"https:\\\/\\\/www.laguiadepamplona.com\\\/actualidad\\\/#website\",\"url\":\"https:\\\/\\\/www.laguiadepamplona.com\\\/actualidad\\\/\",\"name\":\"La gu\u00eda de Pamplona\",\"description\":\"Noticias de Pamplona\",\"publisher\":{\"@id\":\"https:\\\/\\\/www.laguiadepamplona.com\\\/actualidad\\\/#organization\"},\"potentialAction\":[{\"@type\":\"SearchAction\",\"target\":{\"@type\":\"EntryPoint\",\"urlTemplate\":\"https:\\\/\\\/www.laguiadepamplona.com\\\/actualidad\\\/?s={search_term_string}\"},\"query-input\":{\"@type\":\"PropertyValueSpecification\",\"valueRequired\":true,\"valueName\":\"search_term_string\"}}],\"inLanguage\":\"es\"},{\"@type\":\"Organization\",\"@id\":\"https:\\\/\\\/www.laguiadepamplona.com\\\/actualidad\\\/#organization\",\"name\":\"La Gu\u00eda de Pamplona \\\/ Noticias\",\"url\":\"https:\\\/\\\/www.laguiadepamplona.com\\\/actualidad\\\/\",\"logo\":{\"@type\":\"ImageObject\",\"inLanguage\":\"es\",\"@id\":\"https:\\\/\\\/www.laguiadepamplona.com\\\/actualidad\\\/#\\\/schema\\\/logo\\\/image\\\/\",\"url\":\"https:\\\/\\\/www.laguiadepamplona.com\\\/actualidad\\\/wp-content\\\/uploads\\\/2018\\\/11\\\/logo-laguiadepamplona18-web1.png\",\"contentUrl\":\"https:\\\/\\\/www.laguiadepamplona.com\\\/actualidad\\\/wp-content\\\/uploads\\\/2018\\\/11\\\/logo-laguiadepamplona18-web1.png\",\"width\":600,\"height\":196,\"caption\":\"La Gu\u00eda de Pamplona \\\/ Noticias\"},\"image\":{\"@id\":\"https:\\\/\\\/www.laguiadepamplona.com\\\/actualidad\\\/#\\\/schema\\\/logo\\\/image\\\/\"},\"sameAs\":[\"https:\\\/\\\/www.facebook.com\\\/laguiadepamplonacom-133175176762273\\\/?ref=hl\",\"https:\\\/\\\/x.com\\\/LaGuiadPamplona\",\"https:\\\/\\\/www.instagram.com\\\/la_guia_de_pamplona\\\/\",\"https:\\\/\\\/www.youtube.com\\\/user\\\/laguiadepamplona\"]},{\"@type\":\"Person\",\"@id\":\"https:\\\/\\\/www.laguiadepamplona.com\\\/actualidad\\\/#\\\/schema\\\/person\\\/efe887376f0213d4657c93adc50b1fdb\",\"name\":\"La Gu\u00eda de Pamplona\",\"image\":{\"@type\":\"ImageObject\",\"inLanguage\":\"es\",\"@id\":\"https:\\\/\\\/secure.gravatar.com\\\/avatar\\\/b6992f131dc8d30ab0dff15446e9d346d9dbd95992de0fef795073f5ea83a81c?s=96&d=mm&r=g\",\"url\":\"https:\\\/\\\/secure.gravatar.com\\\/avatar\\\/b6992f131dc8d30ab0dff15446e9d346d9dbd95992de0fef795073f5ea83a81c?s=96&d=mm&r=g\",\"contentUrl\":\"https:\\\/\\\/secure.gravatar.com\\\/avatar\\\/b6992f131dc8d30ab0dff15446e9d346d9dbd95992de0fef795073f5ea83a81c?s=96&d=mm&r=g\",\"caption\":\"La Gu\u00eda de Pamplona\"}}]}<\/script>\n<!-- \/ Yoast SEO plugin. -->","yoast_head_json":{"title":"El Ayuntamiento de Pamplona organiza el lunes un taller participativo para dar a conocer las modificaciones urban\u00edsticas propuestas para la plaza de Santa Ana","description":"El Plan de Intervenci\u00f3n Global 6, que as\u00ed se llama el documento, se aprob\u00f3 en 2007 y se estima conveniente revisar algunos de sus aspectos","robots":{"index":"index","follow":"follow","max-snippet":"max-snippet:-1","max-image-preview":"max-image-preview:large","max-video-preview":"max-video-preview:-1"},"canonical":"https:\/\/www.laguiadepamplona.com\/actualidad\/el-ayuntamiento-de-pamplona-organiza-el-lunes-un-taller-participativo-para-dar-a-conocer-las-modificaciones-urbanisticas-propuestas-para-la-plaza-de-santa-ana\/","og_locale":"es_ES","og_type":"article","og_title":"El Ayuntamiento de Pamplona organiza el lunes un taller participativo para dar a conocer las modificaciones urban\u00edsticas propuestas para la plaza de Santa Ana","og_description":"El Plan de Intervenci\u00f3n Global 6, que as\u00ed se llama el documento, se aprob\u00f3 en 2007 y se estima conveniente revisar algunos de sus aspectos","og_url":"https:\/\/www.laguiadepamplona.com\/actualidad\/el-ayuntamiento-de-pamplona-organiza-el-lunes-un-taller-participativo-para-dar-a-conocer-las-modificaciones-urbanisticas-propuestas-para-la-plaza-de-santa-ana\/","og_site_name":"La Gu\u00eda de Pamplona","article_publisher":"https:\/\/www.facebook.com\/laguiadepamplonacom-133175176762273\/?ref=hl","article_published_time":"2023-10-27T15:30:30+00:00","article_modified_time":"2023-10-27T15:30:52+00:00","og_image":[{"width":446,"height":300,"url":"https:\/\/www.laguiadepamplona.com\/actualidad\/wp-content\/uploads\/2023\/10\/231027plazasantaanaaerea.jpg","type":"image\/jpeg"}],"author":"La Gu\u00eda de Pamplona","twitter_card":"summary_large_image","twitter_creator":"@LaGuiadPamplona","twitter_site":"@LaGuiadPamplona","twitter_misc":{"Escrito por":"La Gu\u00eda de Pamplona","Tiempo de lectura":"3 minutos"},"schema":{"@context":"https:\/\/schema.org","@graph":[{"@type":"Article","@id":"https:\/\/www.laguiadepamplona.com\/actualidad\/el-ayuntamiento-de-pamplona-organiza-el-lunes-un-taller-participativo-para-dar-a-conocer-las-modificaciones-urbanisticas-propuestas-para-la-plaza-de-santa-ana\/#article","isPartOf":{"@id":"https:\/\/www.laguiadepamplona.com\/actualidad\/el-ayuntamiento-de-pamplona-organiza-el-lunes-un-taller-participativo-para-dar-a-conocer-las-modificaciones-urbanisticas-propuestas-para-la-plaza-de-santa-ana\/"},"author":{"name":"La Gu\u00eda de Pamplona","@id":"https:\/\/www.laguiadepamplona.com\/actualidad\/#\/schema\/person\/efe887376f0213d4657c93adc50b1fdb"},"headline":"El Ayuntamiento de Pamplona organiza el lunes un taller participativo para dar a conocer las modificaciones urban\u00edsticas propuestas para la plaza de Santa Ana","datePublished":"2023-10-27T15:30:30+00:00","dateModified":"2023-10-27T15:30:52+00:00","mainEntityOfPage":{"@id":"https:\/\/www.laguiadepamplona.com\/actualidad\/el-ayuntamiento-de-pamplona-organiza-el-lunes-un-taller-participativo-para-dar-a-conocer-las-modificaciones-urbanisticas-propuestas-para-la-plaza-de-santa-ana\/"},"wordCount":515,"commentCount":0,"publisher":{"@id":"https:\/\/www.laguiadepamplona.com\/actualidad\/#organization"},"image":{"@id":"https:\/\/www.laguiadepamplona.com\/actualidad\/el-ayuntamiento-de-pamplona-organiza-el-lunes-un-taller-participativo-para-dar-a-conocer-las-modificaciones-urbanisticas-propuestas-para-la-plaza-de-santa-ana\/#primaryimage"},"thumbnailUrl":"https:\/\/www.laguiadepamplona.com\/actualidad\/wp-content\/uploads\/2023\/10\/231027plazasantaanaaerea.jpg","articleSection":["Ayto Pamplona"],"inLanguage":"es","potentialAction":[{"@type":"CommentAction","name":"Comment","target":["https:\/\/www.laguiadepamplona.com\/actualidad\/el-ayuntamiento-de-pamplona-organiza-el-lunes-un-taller-participativo-para-dar-a-conocer-las-modificaciones-urbanisticas-propuestas-para-la-plaza-de-santa-ana\/#respond"]}]},{"@type":"WebPage","@id":"https:\/\/www.laguiadepamplona.com\/actualidad\/el-ayuntamiento-de-pamplona-organiza-el-lunes-un-taller-participativo-para-dar-a-conocer-las-modificaciones-urbanisticas-propuestas-para-la-plaza-de-santa-ana\/","url":"https:\/\/www.laguiadepamplona.com\/actualidad\/el-ayuntamiento-de-pamplona-organiza-el-lunes-un-taller-participativo-para-dar-a-conocer-las-modificaciones-urbanisticas-propuestas-para-la-plaza-de-santa-ana\/","name":"El Ayuntamiento de Pamplona organiza el lunes un taller participativo para dar a conocer las modificaciones urban\u00edsticas propuestas para la plaza de Santa Ana","isPartOf":{"@id":"https:\/\/www.laguiadepamplona.com\/actualidad\/#website"},"primaryImageOfPage":{"@id":"https:\/\/www.laguiadepamplona.com\/actualidad\/el-ayuntamiento-de-pamplona-organiza-el-lunes-un-taller-participativo-para-dar-a-conocer-las-modificaciones-urbanisticas-propuestas-para-la-plaza-de-santa-ana\/#primaryimage"},"image":{"@id":"https:\/\/www.laguiadepamplona.com\/actualidad\/el-ayuntamiento-de-pamplona-organiza-el-lunes-un-taller-participativo-para-dar-a-conocer-las-modificaciones-urbanisticas-propuestas-para-la-plaza-de-santa-ana\/#primaryimage"},"thumbnailUrl":"https:\/\/www.laguiadepamplona.com\/actualidad\/wp-content\/uploads\/2023\/10\/231027plazasantaanaaerea.jpg","datePublished":"2023-10-27T15:30:30+00:00","dateModified":"2023-10-27T15:30:52+00:00","description":"El Plan de Intervenci\u00f3n Global 6, que as\u00ed se llama el documento, se aprob\u00f3 en 2007 y se estima conveniente revisar algunos de sus aspectos","breadcrumb":{"@id":"https:\/\/www.laguiadepamplona.com\/actualidad\/el-ayuntamiento-de-pamplona-organiza-el-lunes-un-taller-participativo-para-dar-a-conocer-las-modificaciones-urbanisticas-propuestas-para-la-plaza-de-santa-ana\/#breadcrumb"},"inLanguage":"es","potentialAction":[{"@type":"ReadAction","target":["https:\/\/www.laguiadepamplona.com\/actualidad\/el-ayuntamiento-de-pamplona-organiza-el-lunes-un-taller-participativo-para-dar-a-conocer-las-modificaciones-urbanisticas-propuestas-para-la-plaza-de-santa-ana\/"]}]},{"@type":"ImageObject","inLanguage":"es","@id":"https:\/\/www.laguiadepamplona.com\/actualidad\/el-ayuntamiento-de-pamplona-organiza-el-lunes-un-taller-participativo-para-dar-a-conocer-las-modificaciones-urbanisticas-propuestas-para-la-plaza-de-santa-ana\/#primaryimage","url":"https:\/\/www.laguiadepamplona.com\/actualidad\/wp-content\/uploads\/2023\/10\/231027plazasantaanaaerea.jpg","contentUrl":"https:\/\/www.laguiadepamplona.com\/actualidad\/wp-content\/uploads\/2023\/10\/231027plazasantaanaaerea.jpg","width":446,"height":300,"caption":"plaza santa ana"},{"@type":"BreadcrumbList","@id":"https:\/\/www.laguiadepamplona.com\/actualidad\/el-ayuntamiento-de-pamplona-organiza-el-lunes-un-taller-participativo-para-dar-a-conocer-las-modificaciones-urbanisticas-propuestas-para-la-plaza-de-santa-ana\/#breadcrumb","itemListElement":[{"@type":"ListItem","position":1,"name":"Portada","item":"https:\/\/www.laguiadepamplona.com\/actualidad\/"},{"@type":"ListItem","position":2,"name":"El Ayuntamiento de Pamplona organiza el lunes un taller participativo para dar a conocer las modificaciones urban\u00edsticas propuestas para la plaza de Santa Ana"}]},{"@type":"WebSite","@id":"https:\/\/www.laguiadepamplona.com\/actualidad\/#website","url":"https:\/\/www.laguiadepamplona.com\/actualidad\/","name":"La gu\u00eda de Pamplona","description":"Noticias de Pamplona","publisher":{"@id":"https:\/\/www.laguiadepamplona.com\/actualidad\/#organization"},"potentialAction":[{"@type":"SearchAction","target":{"@type":"EntryPoint","urlTemplate":"https:\/\/www.laguiadepamplona.com\/actualidad\/?s={search_term_string}"},"query-input":{"@type":"PropertyValueSpecification","valueRequired":true,"valueName":"search_term_string"}}],"inLanguage":"es"},{"@type":"Organization","@id":"https:\/\/www.laguiadepamplona.com\/actualidad\/#organization","name":"La Gu\u00eda de Pamplona \/ Noticias","url":"https:\/\/www.laguiadepamplona.com\/actualidad\/","logo":{"@type":"ImageObject","inLanguage":"es","@id":"https:\/\/www.laguiadepamplona.com\/actualidad\/#\/schema\/logo\/image\/","url":"https:\/\/www.laguiadepamplona.com\/actualidad\/wp-content\/uploads\/2018\/11\/logo-laguiadepamplona18-web1.png","contentUrl":"https:\/\/www.laguiadepamplona.com\/actualidad\/wp-content\/uploads\/2018\/11\/logo-laguiadepamplona18-web1.png","width":600,"height":196,"caption":"La Gu\u00eda de Pamplona \/ Noticias"},"image":{"@id":"https:\/\/www.laguiadepamplona.com\/actualidad\/#\/schema\/logo\/image\/"},"sameAs":["https:\/\/www.facebook.com\/laguiadepamplonacom-133175176762273\/?ref=hl","https:\/\/x.com\/LaGuiadPamplona","https:\/\/www.instagram.com\/la_guia_de_pamplona\/","https:\/\/www.youtube.com\/user\/laguiadepamplona"]},{"@type":"Person","@id":"https:\/\/www.laguiadepamplona.com\/actualidad\/#\/schema\/person\/efe887376f0213d4657c93adc50b1fdb","name":"La Gu\u00eda de Pamplona","image":{"@type":"ImageObject","inLanguage":"es","@id":"https:\/\/secure.gravatar.com\/avatar\/b6992f131dc8d30ab0dff15446e9d346d9dbd95992de0fef795073f5ea83a81c?s=96&d=mm&r=g","url":"https:\/\/secure.gravatar.com\/avatar\/b6992f131dc8d30ab0dff15446e9d346d9dbd95992de0fef795073f5ea83a81c?s=96&d=mm&r=g","contentUrl":"https:\/\/secure.gravatar.com\/avatar\/b6992f131dc8d30ab0dff15446e9d346d9dbd95992de0fef795073f5ea83a81c?s=96&d=mm&r=g","caption":"La Gu\u00eda de Pamplona"}}]}},"post_mailing_queue_ids":[],"_links":{"self":[{"href":"https:\/\/www.laguiadepamplona.com\/actualidad\/wp-json\/wp\/v2\/posts\/47753","targetHints":{"allow":["GET"]}}],"collection":[{"href":"https:\/\/www.laguiadepamplona.com\/actualidad\/wp-json\/wp\/v2\/posts"}],"about":[{"href":"https:\/\/www.laguiadepamplona.com\/actualidad\/wp-json\/wp\/v2\/types\/post"}],"author":[{"embeddable":true,"href":"https:\/\/www.laguiadepamplona.com\/actualidad\/wp-json\/wp\/v2\/users\/1"}],"replies":[{"embeddable":true,"href":"https:\/\/www.laguiadepamplona.com\/actualidad\/wp-json\/wp\/v2\/comments?post=47753"}],"version-history":[{"count":1,"href":"https:\/\/www.laguiadepamplona.com\/actualidad\/wp-json\/wp\/v2\/posts\/47753\/revisions"}],"predecessor-version":[{"id":47754,"href":"https:\/\/www.laguiadepamplona.com\/actualidad\/wp-json\/wp\/v2\/posts\/47753\/revisions\/47754"}],"wp:featuredmedia":[{"embeddable":true,"href":"https:\/\/www.laguiadepamplona.com\/actualidad\/wp-json\/wp\/v2\/media\/47755"}],"wp:attachment":[{"href":"https:\/\/www.laguiadepamplona.com\/actualidad\/wp-json\/wp\/v2\/media?parent=47753"}],"wp:term":[{"taxonomy":"category","embeddable":true,"href":"https:\/\/www.laguiadepamplona.com\/actualidad\/wp-json\/wp\/v2\/categories?post=47753"},{"taxonomy":"post_tag","embeddable":true,"href":"https:\/\/www.laguiadepamplona.com\/actualidad\/wp-json\/wp\/v2\/tags?post=47753"}],"curies":[{"name":"wp","href":"https:\/\/api.w.org\/{rel}","templated":true}]}}