{"id":47751,"date":"2023-10-27T17:28:08","date_gmt":"2023-10-27T15:28:08","guid":{"rendered":"https:\/\/www.laguiadepamplona.com\/actualidad\/?p=47751"},"modified":"2023-10-27T17:28:08","modified_gmt":"2023-10-27T15:28:08","slug":"el-ayuntamiento-de-pamplona-y-la-fundacion-memora-colaboraran-en-proyectos-de-mejora-de-la-atencion-a-mayores-dentro-del-programa-ciudades-que-cuidan","status":"publish","type":"post","link":"https:\/\/www.laguiadepamplona.com\/actualidad\/el-ayuntamiento-de-pamplona-y-la-fundacion-memora-colaboraran-en-proyectos-de-mejora-de-la-atencion-a-mayores-dentro-del-programa-ciudades-que-cuidan\/","title":{"rendered":"El Ayuntamiento de Pamplona y la Fundaci\u00f3n M\u00e9mora colaborar\u00e1n en proyectos de mejora de la atenci\u00f3n a mayores dentro del programa \u2018Ciudades que cuidan\u2019"},"content":{"rendered":"<h3>Ambas entidades han firmado un protocolo de colaboraci\u00f3n para los pr\u00f3ximos tres a\u00f1os<\/h3>\n<p><!--more--><\/p>\n<p>El Ayuntamiento de Pamplona y la Fundaci\u00f3n M\u00e9mora han firmado un protocolo de colaboraci\u00f3n dentro del proyecto \u2018Ciudades que Cuidan\u2019, que busca compartir conocimientos sobre las personas mayores y establecer sinergias entre ambas entidades. La alcaldesa de Pamplona, Cristina Ibarrola, y el presidente de la Fundaci\u00f3n M\u00e9mora, Santiago de Torres, han rubricado este acuerdo que tiene una vigencia de tres a\u00f1os.<\/p>\n<p>El programa \u2018Ciudades que cuidan\u2019 tiene como objetivo crear ciudades que sean capaces de tener una visi\u00f3n amplia y transversal para estructurar y dar respuesta a las necesidades que surgen por el envejecimiento y sobre envejecimiento de la poblaci\u00f3n, con especial \u00e9nfasis en atender el final de la vida, centr\u00e1ndose en evitar la muerta en situaci\u00f3n de pobreza y soledad no deseada. Esta finalidad se aborda desde la Fundaci\u00f3n M\u00e9mora a trav\u00e9s de cuatro \u00e1reas de trabajo: un Observatorio de la Muerte en Soledad, una Unidad de Gesti\u00f3n del Conocimiento, la construcci\u00f3n del modelo de \u2018Ciudades que cuidan\u2019 y el desarrollo de un Sistema de Evaluaci\u00f3n de una Ciudad que Cuida\u2019.<br \/>\n<script async src=\"\/\/pagead2.googlesyndication.com\/pagead\/js\/adsbygoogle.js\"><\/script><br \/>\n<!-- Noticias La Guia de Pamplona --><br \/>\n<ins class=\"adsbygoogle\"\nstyle=\"display:block\"\ndata-ad-client=\"ca-pub-6943679897239327\"\ndata-ad-slot=\"7048180777\"\ndata-ad-format=\"auto\"><\/ins><br \/>\n<script>\n(adsbygoogle = window.adsbygoogle || []).push({});\n<\/script><\/p>\n<p>El protocolo firmado establece un marco de colaboraci\u00f3n continuada para estudiar y ejecutar proyectos de mejora del proceso final de vida y, en especial, el desarrollo del modelo \u2018Ciudades que cuidan\u2019. La colaboraci\u00f3n podr\u00e1 hacerse efectiva a trav\u00e9s de la participaci\u00f3n activa en el Observatorio de Ciudades que Cuidan y en la Unidad de Gesti\u00f3n del Conocimiento, aportando el Ayuntamiento de Pamplona el conocimiento especializada; a trav\u00e9s de la realizaci\u00f3n de una autoevaluaci\u00f3n del modelo de \u2018Ciudad que Cuida\u2019; y a trav\u00e9s de la aplicaci\u00f3n en Pamplona del conocimiento adquirido en el desarrollo del modelo \u2018Ciudades que Cuidan\u2019.<\/p>\n<p>Esas distintas modalidades de colaboraci\u00f3n ser\u00e1n objeto de convenios espec\u00edficos que reflejar\u00e1n las actuaciones que se vayan a realizar y la cronolog\u00eda de su desarrollo, as\u00ed como los medios que se asignen y la financiaci\u00f3n, si fuera necesaria. El protocolo no tiene aparejados compromisos econ\u00f3micos. Se crear\u00e1 una comisi\u00f3n de seguimiento para mantener la colaboraci\u00f3n y prever los convenios que se puedan llevar a cabo.<br \/>\n<script async src=\"\/\/pagead2.googlesyndication.com\/pagead\/js\/adsbygoogle.js\"><\/script><br \/>\n<!-- Noticias La Guia de Pamplona --><br \/>\n<ins class=\"adsbygoogle\"\nstyle=\"display:block\"\ndata-ad-client=\"ca-pub-6943679897239327\"\ndata-ad-slot=\"7048180777\"\ndata-ad-format=\"auto\"><\/ins><br \/>\n<script>\n(adsbygoogle = window.adsbygoogle || []).push({});\n<\/script><\/p>\n<p><strong>Pamplona te cuida<\/strong><\/p>\n<p>La Fundaci\u00f3n M\u00e9mora tiene entre sus objetivos proporcionar ayuda a la sociedad, dando soporte y mejorando la atenci\u00f3n a las personas y las familias en situaci\u00f3n de proceso final de la vida. Trata de facilitar la asunci\u00f3n, concienciaci\u00f3n y sensibilizaci\u00f3n de las personas frente al hecho de morir, entendiendo la muerte como parte natural del final de la vida para que se pueda abordar de la forma personalmente menos dram\u00e1tica y socialmente m\u00e1s solidaria, a cuyo fin desarrolla actuaciones concretas de car\u00e1cter divulgativo, formativo, de investigaci\u00f3n o de soporte al proceso final de la vida.<\/p>\n<p>El Ayuntamiento de Pamplona tiene entre sus atribuciones el desarrollo de estrategias para impulsar a la ciudad como referente en \u2018econom\u00eda del envejecimiento\u2019. Asimismo, el Ayuntamiento trata de favorecer la independencia y autonom\u00eda personal para que las personas mayores permanezcan en su entorno habitual, proponer medidas para mejorar el cuidado de personas mayores y su participaci\u00f3n activa en la ciudad, contribuyendo a la gesti\u00f3n de las redes y pactos de mayores de cada barrio o desarrollar, promover y mejorar el programa municipal \u2018Pamplona te cuida\u2019 con prestaciones y servicios municipales para mayores de 65 a\u00f1os.<\/p>\n","protected":false},"excerpt":{"rendered":"<p>Ambas entidades han firmado un protocolo de colaboraci\u00f3n para los pr\u00f3ximos tres a\u00f1os<\/p>\n","protected":false},"author":1,"featured_media":37580,"comment_status":"open","ping_status":"closed","sticky":false,"template":"","format":"standard","meta":{"footnotes":""},"categories":[2],"tags":[],"class_list":["post-47751","post","type-post","status-publish","format-standard","has-post-thumbnail","hentry","category-ayuntamiento-pamplona"],"yoast_head":"<!-- This site is optimized with the Yoast SEO plugin v27.3 - https:\/\/yoast.com\/product\/yoast-seo-wordpress\/ -->\n<title>El Ayuntamiento de Pamplona y la Fundaci\u00f3n M\u00e9mora colaborar\u00e1n en proyectos de mejora de la atenci\u00f3n a mayores dentro del programa \u2018Ciudades que cuidan\u2019<\/title>\n<meta name=\"description\" content=\"Ambas entidades han firmado un protocolo de colaboraci\u00f3n para los pr\u00f3ximos tres a\u00f1os\" \/>\n<meta name=\"robots\" content=\"index, follow, max-snippet:-1, max-image-preview:large, max-video-preview:-1\" \/>\n<link rel=\"canonical\" href=\"https:\/\/www.laguiadepamplona.com\/actualidad\/el-ayuntamiento-de-pamplona-y-la-fundacion-memora-colaboraran-en-proyectos-de-mejora-de-la-atencion-a-mayores-dentro-del-programa-ciudades-que-cuidan\/\" \/>\n<meta property=\"og:locale\" content=\"es_ES\" \/>\n<meta property=\"og:type\" content=\"article\" \/>\n<meta property=\"og:title\" content=\"El Ayuntamiento de Pamplona y la Fundaci\u00f3n M\u00e9mora colaborar\u00e1n en proyectos de mejora de la atenci\u00f3n a mayores dentro del programa \u2018Ciudades que cuidan\u2019\" \/>\n<meta property=\"og:description\" content=\"Ambas entidades han firmado un protocolo de colaboraci\u00f3n para los pr\u00f3ximos tres a\u00f1os\" \/>\n<meta property=\"og:url\" content=\"https:\/\/www.laguiadepamplona.com\/actualidad\/el-ayuntamiento-de-pamplona-y-la-fundacion-memora-colaboraran-en-proyectos-de-mejora-de-la-atencion-a-mayores-dentro-del-programa-ciudades-que-cuidan\/\" \/>\n<meta property=\"og:site_name\" content=\"La Gu\u00eda de Pamplona\" \/>\n<meta property=\"article:publisher\" content=\"https:\/\/www.facebook.com\/laguiadepamplonacom-133175176762273\/?ref=hl\" \/>\n<meta property=\"article:published_time\" content=\"2023-10-27T15:28:08+00:00\" \/>\n<meta property=\"og:image\" content=\"https:\/\/www.laguiadepamplona.com\/actualidad\/wp-content\/uploads\/2021\/11\/adultos-mayores-hands-g25ab469ab_1920.jpg\" \/>\n\t<meta property=\"og:image:width\" content=\"1920\" \/>\n\t<meta property=\"og:image:height\" content=\"1280\" \/>\n\t<meta property=\"og:image:type\" content=\"image\/jpeg\" \/>\n<meta name=\"author\" content=\"La Gu\u00eda de Pamplona\" \/>\n<meta name=\"twitter:card\" content=\"summary_large_image\" \/>\n<meta name=\"twitter:creator\" content=\"@LaGuiadPamplona\" \/>\n<meta name=\"twitter:site\" content=\"@LaGuiadPamplona\" \/>\n<meta name=\"twitter:label1\" content=\"Escrito por\" \/>\n\t<meta name=\"twitter:data1\" content=\"La Gu\u00eda de Pamplona\" \/>\n\t<meta name=\"twitter:label2\" content=\"Tiempo de lectura\" \/>\n\t<meta name=\"twitter:data2\" content=\"3 minutos\" \/>\n<script type=\"application\/ld+json\" class=\"yoast-schema-graph\">{\"@context\":\"https:\\\/\\\/schema.org\",\"@graph\":[{\"@type\":\"Article\",\"@id\":\"https:\\\/\\\/www.laguiadepamplona.com\\\/actualidad\\\/el-ayuntamiento-de-pamplona-y-la-fundacion-memora-colaboraran-en-proyectos-de-mejora-de-la-atencion-a-mayores-dentro-del-programa-ciudades-que-cuidan\\\/#article\",\"isPartOf\":{\"@id\":\"https:\\\/\\\/www.laguiadepamplona.com\\\/actualidad\\\/el-ayuntamiento-de-pamplona-y-la-fundacion-memora-colaboraran-en-proyectos-de-mejora-de-la-atencion-a-mayores-dentro-del-programa-ciudades-que-cuidan\\\/\"},\"author\":{\"name\":\"La Gu\u00eda de Pamplona\",\"@id\":\"https:\\\/\\\/www.laguiadepamplona.com\\\/actualidad\\\/#\\\/schema\\\/person\\\/efe887376f0213d4657c93adc50b1fdb\"},\"headline\":\"El Ayuntamiento de Pamplona y la Fundaci\u00f3n M\u00e9mora colaborar\u00e1n en proyectos de mejora de la atenci\u00f3n a mayores dentro del programa \u2018Ciudades que cuidan\u2019\",\"datePublished\":\"2023-10-27T15:28:08+00:00\",\"mainEntityOfPage\":{\"@id\":\"https:\\\/\\\/www.laguiadepamplona.com\\\/actualidad\\\/el-ayuntamiento-de-pamplona-y-la-fundacion-memora-colaboraran-en-proyectos-de-mejora-de-la-atencion-a-mayores-dentro-del-programa-ciudades-que-cuidan\\\/\"},\"wordCount\":622,\"commentCount\":0,\"publisher\":{\"@id\":\"https:\\\/\\\/www.laguiadepamplona.com\\\/actualidad\\\/#organization\"},\"image\":{\"@id\":\"https:\\\/\\\/www.laguiadepamplona.com\\\/actualidad\\\/el-ayuntamiento-de-pamplona-y-la-fundacion-memora-colaboraran-en-proyectos-de-mejora-de-la-atencion-a-mayores-dentro-del-programa-ciudades-que-cuidan\\\/#primaryimage\"},\"thumbnailUrl\":\"https:\\\/\\\/www.laguiadepamplona.com\\\/actualidad\\\/wp-content\\\/uploads\\\/2021\\\/11\\\/adultos-mayores-hands-g25ab469ab_1920.jpg\",\"articleSection\":[\"Ayto Pamplona\"],\"inLanguage\":\"es\",\"potentialAction\":[{\"@type\":\"CommentAction\",\"name\":\"Comment\",\"target\":[\"https:\\\/\\\/www.laguiadepamplona.com\\\/actualidad\\\/el-ayuntamiento-de-pamplona-y-la-fundacion-memora-colaboraran-en-proyectos-de-mejora-de-la-atencion-a-mayores-dentro-del-programa-ciudades-que-cuidan\\\/#respond\"]}]},{\"@type\":\"WebPage\",\"@id\":\"https:\\\/\\\/www.laguiadepamplona.com\\\/actualidad\\\/el-ayuntamiento-de-pamplona-y-la-fundacion-memora-colaboraran-en-proyectos-de-mejora-de-la-atencion-a-mayores-dentro-del-programa-ciudades-que-cuidan\\\/\",\"url\":\"https:\\\/\\\/www.laguiadepamplona.com\\\/actualidad\\\/el-ayuntamiento-de-pamplona-y-la-fundacion-memora-colaboraran-en-proyectos-de-mejora-de-la-atencion-a-mayores-dentro-del-programa-ciudades-que-cuidan\\\/\",\"name\":\"El Ayuntamiento de Pamplona y la Fundaci\u00f3n M\u00e9mora colaborar\u00e1n en proyectos de mejora de la atenci\u00f3n a mayores dentro del programa \u2018Ciudades que cuidan\u2019\",\"isPartOf\":{\"@id\":\"https:\\\/\\\/www.laguiadepamplona.com\\\/actualidad\\\/#website\"},\"primaryImageOfPage\":{\"@id\":\"https:\\\/\\\/www.laguiadepamplona.com\\\/actualidad\\\/el-ayuntamiento-de-pamplona-y-la-fundacion-memora-colaboraran-en-proyectos-de-mejora-de-la-atencion-a-mayores-dentro-del-programa-ciudades-que-cuidan\\\/#primaryimage\"},\"image\":{\"@id\":\"https:\\\/\\\/www.laguiadepamplona.com\\\/actualidad\\\/el-ayuntamiento-de-pamplona-y-la-fundacion-memora-colaboraran-en-proyectos-de-mejora-de-la-atencion-a-mayores-dentro-del-programa-ciudades-que-cuidan\\\/#primaryimage\"},\"thumbnailUrl\":\"https:\\\/\\\/www.laguiadepamplona.com\\\/actualidad\\\/wp-content\\\/uploads\\\/2021\\\/11\\\/adultos-mayores-hands-g25ab469ab_1920.jpg\",\"datePublished\":\"2023-10-27T15:28:08+00:00\",\"description\":\"Ambas entidades han firmado un protocolo de colaboraci\u00f3n para los pr\u00f3ximos tres a\u00f1os\",\"breadcrumb\":{\"@id\":\"https:\\\/\\\/www.laguiadepamplona.com\\\/actualidad\\\/el-ayuntamiento-de-pamplona-y-la-fundacion-memora-colaboraran-en-proyectos-de-mejora-de-la-atencion-a-mayores-dentro-del-programa-ciudades-que-cuidan\\\/#breadcrumb\"},\"inLanguage\":\"es\",\"potentialAction\":[{\"@type\":\"ReadAction\",\"target\":[\"https:\\\/\\\/www.laguiadepamplona.com\\\/actualidad\\\/el-ayuntamiento-de-pamplona-y-la-fundacion-memora-colaboraran-en-proyectos-de-mejora-de-la-atencion-a-mayores-dentro-del-programa-ciudades-que-cuidan\\\/\"]}]},{\"@type\":\"ImageObject\",\"inLanguage\":\"es\",\"@id\":\"https:\\\/\\\/www.laguiadepamplona.com\\\/actualidad\\\/el-ayuntamiento-de-pamplona-y-la-fundacion-memora-colaboraran-en-proyectos-de-mejora-de-la-atencion-a-mayores-dentro-del-programa-ciudades-que-cuidan\\\/#primaryimage\",\"url\":\"https:\\\/\\\/www.laguiadepamplona.com\\\/actualidad\\\/wp-content\\\/uploads\\\/2021\\\/11\\\/adultos-mayores-hands-g25ab469ab_1920.jpg\",\"contentUrl\":\"https:\\\/\\\/www.laguiadepamplona.com\\\/actualidad\\\/wp-content\\\/uploads\\\/2021\\\/11\\\/adultos-mayores-hands-g25ab469ab_1920.jpg\",\"width\":1920,\"height\":1280,\"caption\":\"asistencia mayores\"},{\"@type\":\"BreadcrumbList\",\"@id\":\"https:\\\/\\\/www.laguiadepamplona.com\\\/actualidad\\\/el-ayuntamiento-de-pamplona-y-la-fundacion-memora-colaboraran-en-proyectos-de-mejora-de-la-atencion-a-mayores-dentro-del-programa-ciudades-que-cuidan\\\/#breadcrumb\",\"itemListElement\":[{\"@type\":\"ListItem\",\"position\":1,\"name\":\"Portada\",\"item\":\"https:\\\/\\\/www.laguiadepamplona.com\\\/actualidad\\\/\"},{\"@type\":\"ListItem\",\"position\":2,\"name\":\"El Ayuntamiento de Pamplona y la Fundaci\u00f3n M\u00e9mora colaborar\u00e1n en proyectos de mejora de la atenci\u00f3n a mayores dentro del programa \u2018Ciudades que cuidan\u2019\"}]},{\"@type\":\"WebSite\",\"@id\":\"https:\\\/\\\/www.laguiadepamplona.com\\\/actualidad\\\/#website\",\"url\":\"https:\\\/\\\/www.laguiadepamplona.com\\\/actualidad\\\/\",\"name\":\"La gu\u00eda de Pamplona\",\"description\":\"Noticias de Pamplona\",\"publisher\":{\"@id\":\"https:\\\/\\\/www.laguiadepamplona.com\\\/actualidad\\\/#organization\"},\"potentialAction\":[{\"@type\":\"SearchAction\",\"target\":{\"@type\":\"EntryPoint\",\"urlTemplate\":\"https:\\\/\\\/www.laguiadepamplona.com\\\/actualidad\\\/?s={search_term_string}\"},\"query-input\":{\"@type\":\"PropertyValueSpecification\",\"valueRequired\":true,\"valueName\":\"search_term_string\"}}],\"inLanguage\":\"es\"},{\"@type\":\"Organization\",\"@id\":\"https:\\\/\\\/www.laguiadepamplona.com\\\/actualidad\\\/#organization\",\"name\":\"La Gu\u00eda de Pamplona \\\/ Noticias\",\"url\":\"https:\\\/\\\/www.laguiadepamplona.com\\\/actualidad\\\/\",\"logo\":{\"@type\":\"ImageObject\",\"inLanguage\":\"es\",\"@id\":\"https:\\\/\\\/www.laguiadepamplona.com\\\/actualidad\\\/#\\\/schema\\\/logo\\\/image\\\/\",\"url\":\"https:\\\/\\\/www.laguiadepamplona.com\\\/actualidad\\\/wp-content\\\/uploads\\\/2018\\\/11\\\/logo-laguiadepamplona18-web1.png\",\"contentUrl\":\"https:\\\/\\\/www.laguiadepamplona.com\\\/actualidad\\\/wp-content\\\/uploads\\\/2018\\\/11\\\/logo-laguiadepamplona18-web1.png\",\"width\":600,\"height\":196,\"caption\":\"La Gu\u00eda de Pamplona \\\/ Noticias\"},\"image\":{\"@id\":\"https:\\\/\\\/www.laguiadepamplona.com\\\/actualidad\\\/#\\\/schema\\\/logo\\\/image\\\/\"},\"sameAs\":[\"https:\\\/\\\/www.facebook.com\\\/laguiadepamplonacom-133175176762273\\\/?ref=hl\",\"https:\\\/\\\/x.com\\\/LaGuiadPamplona\",\"https:\\\/\\\/www.instagram.com\\\/la_guia_de_pamplona\\\/\",\"https:\\\/\\\/www.youtube.com\\\/user\\\/laguiadepamplona\"]},{\"@type\":\"Person\",\"@id\":\"https:\\\/\\\/www.laguiadepamplona.com\\\/actualidad\\\/#\\\/schema\\\/person\\\/efe887376f0213d4657c93adc50b1fdb\",\"name\":\"La Gu\u00eda de Pamplona\",\"image\":{\"@type\":\"ImageObject\",\"inLanguage\":\"es\",\"@id\":\"https:\\\/\\\/secure.gravatar.com\\\/avatar\\\/b6992f131dc8d30ab0dff15446e9d346d9dbd95992de0fef795073f5ea83a81c?s=96&d=mm&r=g\",\"url\":\"https:\\\/\\\/secure.gravatar.com\\\/avatar\\\/b6992f131dc8d30ab0dff15446e9d346d9dbd95992de0fef795073f5ea83a81c?s=96&d=mm&r=g\",\"contentUrl\":\"https:\\\/\\\/secure.gravatar.com\\\/avatar\\\/b6992f131dc8d30ab0dff15446e9d346d9dbd95992de0fef795073f5ea83a81c?s=96&d=mm&r=g\",\"caption\":\"La Gu\u00eda de Pamplona\"}}]}<\/script>\n<!-- \/ Yoast SEO plugin. -->","yoast_head_json":{"title":"El Ayuntamiento de Pamplona y la Fundaci\u00f3n M\u00e9mora colaborar\u00e1n en proyectos de mejora de la atenci\u00f3n a mayores dentro del programa \u2018Ciudades que cuidan\u2019","description":"Ambas entidades han firmado un protocolo de colaboraci\u00f3n para los pr\u00f3ximos tres a\u00f1os","robots":{"index":"index","follow":"follow","max-snippet":"max-snippet:-1","max-image-preview":"max-image-preview:large","max-video-preview":"max-video-preview:-1"},"canonical":"https:\/\/www.laguiadepamplona.com\/actualidad\/el-ayuntamiento-de-pamplona-y-la-fundacion-memora-colaboraran-en-proyectos-de-mejora-de-la-atencion-a-mayores-dentro-del-programa-ciudades-que-cuidan\/","og_locale":"es_ES","og_type":"article","og_title":"El Ayuntamiento de Pamplona y la Fundaci\u00f3n M\u00e9mora colaborar\u00e1n en proyectos de mejora de la atenci\u00f3n a mayores dentro del programa \u2018Ciudades que cuidan\u2019","og_description":"Ambas entidades han firmado un protocolo de colaboraci\u00f3n para los pr\u00f3ximos tres a\u00f1os","og_url":"https:\/\/www.laguiadepamplona.com\/actualidad\/el-ayuntamiento-de-pamplona-y-la-fundacion-memora-colaboraran-en-proyectos-de-mejora-de-la-atencion-a-mayores-dentro-del-programa-ciudades-que-cuidan\/","og_site_name":"La Gu\u00eda de Pamplona","article_publisher":"https:\/\/www.facebook.com\/laguiadepamplonacom-133175176762273\/?ref=hl","article_published_time":"2023-10-27T15:28:08+00:00","og_image":[{"width":1920,"height":1280,"url":"https:\/\/www.laguiadepamplona.com\/actualidad\/wp-content\/uploads\/2021\/11\/adultos-mayores-hands-g25ab469ab_1920.jpg","type":"image\/jpeg"}],"author":"La Gu\u00eda de Pamplona","twitter_card":"summary_large_image","twitter_creator":"@LaGuiadPamplona","twitter_site":"@LaGuiadPamplona","twitter_misc":{"Escrito por":"La Gu\u00eda de Pamplona","Tiempo de lectura":"3 minutos"},"schema":{"@context":"https:\/\/schema.org","@graph":[{"@type":"Article","@id":"https:\/\/www.laguiadepamplona.com\/actualidad\/el-ayuntamiento-de-pamplona-y-la-fundacion-memora-colaboraran-en-proyectos-de-mejora-de-la-atencion-a-mayores-dentro-del-programa-ciudades-que-cuidan\/#article","isPartOf":{"@id":"https:\/\/www.laguiadepamplona.com\/actualidad\/el-ayuntamiento-de-pamplona-y-la-fundacion-memora-colaboraran-en-proyectos-de-mejora-de-la-atencion-a-mayores-dentro-del-programa-ciudades-que-cuidan\/"},"author":{"name":"La Gu\u00eda de Pamplona","@id":"https:\/\/www.laguiadepamplona.com\/actualidad\/#\/schema\/person\/efe887376f0213d4657c93adc50b1fdb"},"headline":"El Ayuntamiento de Pamplona y la Fundaci\u00f3n M\u00e9mora colaborar\u00e1n en proyectos de mejora de la atenci\u00f3n a mayores dentro del programa \u2018Ciudades que cuidan\u2019","datePublished":"2023-10-27T15:28:08+00:00","mainEntityOfPage":{"@id":"https:\/\/www.laguiadepamplona.com\/actualidad\/el-ayuntamiento-de-pamplona-y-la-fundacion-memora-colaboraran-en-proyectos-de-mejora-de-la-atencion-a-mayores-dentro-del-programa-ciudades-que-cuidan\/"},"wordCount":622,"commentCount":0,"publisher":{"@id":"https:\/\/www.laguiadepamplona.com\/actualidad\/#organization"},"image":{"@id":"https:\/\/www.laguiadepamplona.com\/actualidad\/el-ayuntamiento-de-pamplona-y-la-fundacion-memora-colaboraran-en-proyectos-de-mejora-de-la-atencion-a-mayores-dentro-del-programa-ciudades-que-cuidan\/#primaryimage"},"thumbnailUrl":"https:\/\/www.laguiadepamplona.com\/actualidad\/wp-content\/uploads\/2021\/11\/adultos-mayores-hands-g25ab469ab_1920.jpg","articleSection":["Ayto Pamplona"],"inLanguage":"es","potentialAction":[{"@type":"CommentAction","name":"Comment","target":["https:\/\/www.laguiadepamplona.com\/actualidad\/el-ayuntamiento-de-pamplona-y-la-fundacion-memora-colaboraran-en-proyectos-de-mejora-de-la-atencion-a-mayores-dentro-del-programa-ciudades-que-cuidan\/#respond"]}]},{"@type":"WebPage","@id":"https:\/\/www.laguiadepamplona.com\/actualidad\/el-ayuntamiento-de-pamplona-y-la-fundacion-memora-colaboraran-en-proyectos-de-mejora-de-la-atencion-a-mayores-dentro-del-programa-ciudades-que-cuidan\/","url":"https:\/\/www.laguiadepamplona.com\/actualidad\/el-ayuntamiento-de-pamplona-y-la-fundacion-memora-colaboraran-en-proyectos-de-mejora-de-la-atencion-a-mayores-dentro-del-programa-ciudades-que-cuidan\/","name":"El Ayuntamiento de Pamplona y la Fundaci\u00f3n M\u00e9mora colaborar\u00e1n en proyectos de mejora de la atenci\u00f3n a mayores dentro del programa \u2018Ciudades que cuidan\u2019","isPartOf":{"@id":"https:\/\/www.laguiadepamplona.com\/actualidad\/#website"},"primaryImageOfPage":{"@id":"https:\/\/www.laguiadepamplona.com\/actualidad\/el-ayuntamiento-de-pamplona-y-la-fundacion-memora-colaboraran-en-proyectos-de-mejora-de-la-atencion-a-mayores-dentro-del-programa-ciudades-que-cuidan\/#primaryimage"},"image":{"@id":"https:\/\/www.laguiadepamplona.com\/actualidad\/el-ayuntamiento-de-pamplona-y-la-fundacion-memora-colaboraran-en-proyectos-de-mejora-de-la-atencion-a-mayores-dentro-del-programa-ciudades-que-cuidan\/#primaryimage"},"thumbnailUrl":"https:\/\/www.laguiadepamplona.com\/actualidad\/wp-content\/uploads\/2021\/11\/adultos-mayores-hands-g25ab469ab_1920.jpg","datePublished":"2023-10-27T15:28:08+00:00","description":"Ambas entidades han firmado un protocolo de colaboraci\u00f3n para los pr\u00f3ximos tres a\u00f1os","breadcrumb":{"@id":"https:\/\/www.laguiadepamplona.com\/actualidad\/el-ayuntamiento-de-pamplona-y-la-fundacion-memora-colaboraran-en-proyectos-de-mejora-de-la-atencion-a-mayores-dentro-del-programa-ciudades-que-cuidan\/#breadcrumb"},"inLanguage":"es","potentialAction":[{"@type":"ReadAction","target":["https:\/\/www.laguiadepamplona.com\/actualidad\/el-ayuntamiento-de-pamplona-y-la-fundacion-memora-colaboraran-en-proyectos-de-mejora-de-la-atencion-a-mayores-dentro-del-programa-ciudades-que-cuidan\/"]}]},{"@type":"ImageObject","inLanguage":"es","@id":"https:\/\/www.laguiadepamplona.com\/actualidad\/el-ayuntamiento-de-pamplona-y-la-fundacion-memora-colaboraran-en-proyectos-de-mejora-de-la-atencion-a-mayores-dentro-del-programa-ciudades-que-cuidan\/#primaryimage","url":"https:\/\/www.laguiadepamplona.com\/actualidad\/wp-content\/uploads\/2021\/11\/adultos-mayores-hands-g25ab469ab_1920.jpg","contentUrl":"https:\/\/www.laguiadepamplona.com\/actualidad\/wp-content\/uploads\/2021\/11\/adultos-mayores-hands-g25ab469ab_1920.jpg","width":1920,"height":1280,"caption":"asistencia mayores"},{"@type":"BreadcrumbList","@id":"https:\/\/www.laguiadepamplona.com\/actualidad\/el-ayuntamiento-de-pamplona-y-la-fundacion-memora-colaboraran-en-proyectos-de-mejora-de-la-atencion-a-mayores-dentro-del-programa-ciudades-que-cuidan\/#breadcrumb","itemListElement":[{"@type":"ListItem","position":1,"name":"Portada","item":"https:\/\/www.laguiadepamplona.com\/actualidad\/"},{"@type":"ListItem","position":2,"name":"El Ayuntamiento de Pamplona y la Fundaci\u00f3n M\u00e9mora colaborar\u00e1n en proyectos de mejora de la atenci\u00f3n a mayores dentro del programa \u2018Ciudades que cuidan\u2019"}]},{"@type":"WebSite","@id":"https:\/\/www.laguiadepamplona.com\/actualidad\/#website","url":"https:\/\/www.laguiadepamplona.com\/actualidad\/","name":"La gu\u00eda de Pamplona","description":"Noticias de Pamplona","publisher":{"@id":"https:\/\/www.laguiadepamplona.com\/actualidad\/#organization"},"potentialAction":[{"@type":"SearchAction","target":{"@type":"EntryPoint","urlTemplate":"https:\/\/www.laguiadepamplona.com\/actualidad\/?s={search_term_string}"},"query-input":{"@type":"PropertyValueSpecification","valueRequired":true,"valueName":"search_term_string"}}],"inLanguage":"es"},{"@type":"Organization","@id":"https:\/\/www.laguiadepamplona.com\/actualidad\/#organization","name":"La Gu\u00eda de Pamplona \/ Noticias","url":"https:\/\/www.laguiadepamplona.com\/actualidad\/","logo":{"@type":"ImageObject","inLanguage":"es","@id":"https:\/\/www.laguiadepamplona.com\/actualidad\/#\/schema\/logo\/image\/","url":"https:\/\/www.laguiadepamplona.com\/actualidad\/wp-content\/uploads\/2018\/11\/logo-laguiadepamplona18-web1.png","contentUrl":"https:\/\/www.laguiadepamplona.com\/actualidad\/wp-content\/uploads\/2018\/11\/logo-laguiadepamplona18-web1.png","width":600,"height":196,"caption":"La Gu\u00eda de Pamplona \/ Noticias"},"image":{"@id":"https:\/\/www.laguiadepamplona.com\/actualidad\/#\/schema\/logo\/image\/"},"sameAs":["https:\/\/www.facebook.com\/laguiadepamplonacom-133175176762273\/?ref=hl","https:\/\/x.com\/LaGuiadPamplona","https:\/\/www.instagram.com\/la_guia_de_pamplona\/","https:\/\/www.youtube.com\/user\/laguiadepamplona"]},{"@type":"Person","@id":"https:\/\/www.laguiadepamplona.com\/actualidad\/#\/schema\/person\/efe887376f0213d4657c93adc50b1fdb","name":"La Gu\u00eda de Pamplona","image":{"@type":"ImageObject","inLanguage":"es","@id":"https:\/\/secure.gravatar.com\/avatar\/b6992f131dc8d30ab0dff15446e9d346d9dbd95992de0fef795073f5ea83a81c?s=96&d=mm&r=g","url":"https:\/\/secure.gravatar.com\/avatar\/b6992f131dc8d30ab0dff15446e9d346d9dbd95992de0fef795073f5ea83a81c?s=96&d=mm&r=g","contentUrl":"https:\/\/secure.gravatar.com\/avatar\/b6992f131dc8d30ab0dff15446e9d346d9dbd95992de0fef795073f5ea83a81c?s=96&d=mm&r=g","caption":"La Gu\u00eda de Pamplona"}}]}},"post_mailing_queue_ids":[],"_links":{"self":[{"href":"https:\/\/www.laguiadepamplona.com\/actualidad\/wp-json\/wp\/v2\/posts\/47751","targetHints":{"allow":["GET"]}}],"collection":[{"href":"https:\/\/www.laguiadepamplona.com\/actualidad\/wp-json\/wp\/v2\/posts"}],"about":[{"href":"https:\/\/www.laguiadepamplona.com\/actualidad\/wp-json\/wp\/v2\/types\/post"}],"author":[{"embeddable":true,"href":"https:\/\/www.laguiadepamplona.com\/actualidad\/wp-json\/wp\/v2\/users\/1"}],"replies":[{"embeddable":true,"href":"https:\/\/www.laguiadepamplona.com\/actualidad\/wp-json\/wp\/v2\/comments?post=47751"}],"version-history":[{"count":1,"href":"https:\/\/www.laguiadepamplona.com\/actualidad\/wp-json\/wp\/v2\/posts\/47751\/revisions"}],"predecessor-version":[{"id":47752,"href":"https:\/\/www.laguiadepamplona.com\/actualidad\/wp-json\/wp\/v2\/posts\/47751\/revisions\/47752"}],"wp:featuredmedia":[{"embeddable":true,"href":"https:\/\/www.laguiadepamplona.com\/actualidad\/wp-json\/wp\/v2\/media\/37580"}],"wp:attachment":[{"href":"https:\/\/www.laguiadepamplona.com\/actualidad\/wp-json\/wp\/v2\/media?parent=47751"}],"wp:term":[{"taxonomy":"category","embeddable":true,"href":"https:\/\/www.laguiadepamplona.com\/actualidad\/wp-json\/wp\/v2\/categories?post=47751"},{"taxonomy":"post_tag","embeddable":true,"href":"https:\/\/www.laguiadepamplona.com\/actualidad\/wp-json\/wp\/v2\/tags?post=47751"}],"curies":[{"name":"wp","href":"https:\/\/api.w.org\/{rel}","templated":true}]}}