{"id":47747,"date":"2023-10-27T17:24:41","date_gmt":"2023-10-27T15:24:41","guid":{"rendered":"https:\/\/www.laguiadepamplona.com\/actualidad\/?p=47747"},"modified":"2023-10-27T17:24:41","modified_gmt":"2023-10-27T15:24:41","slug":"sigue-aumentando-el-numero-de-cremaciones-con-respecto-a-las-inhumaciones-hasta-alcanzar-el-82-de-todos-los-servicios-funerarios-desde-enero-a-septiembre","status":"publish","type":"post","link":"https:\/\/www.laguiadepamplona.com\/actualidad\/sigue-aumentando-el-numero-de-cremaciones-con-respecto-a-las-inhumaciones-hasta-alcanzar-el-82-de-todos-los-servicios-funerarios-desde-enero-a-septiembre\/","title":{"rendered":"Sigue aumentando el n\u00famero de cremaciones con respecto a las inhumaciones, hasta alcanzar el 82% de todos los servicios funerarios desde enero a septiembre"},"content":{"rendered":"<h3>El cementerio municipal de San Jos\u00e9 ha realizado en los primeros nueve meses 2.220 servicios, 204 m\u00e1s que un a\u00f1o antes<\/h3>\n<p><!--more--><\/p>\n<p>El n\u00famero de cremaciones sigue aumentando a\u00f1o tras a\u00f1os, hasta representar en la actualidad ocho de cada diez servicios funerarios. As\u00ed se desprende de los datos recogidos por el cementerio municipal de San Jos\u00e9 de Pamplona, que de enero a septiembre ha realizado 2.220 servicios, de los que el 82,29% fueron cremaciones y 17,71% inhumaciones. Es la primera vez que las incineraciones superan el 80%. De hecho, la cifra es muy superior a la registrada hace una d\u00e9cada, cuando las cremaciones <script async src=\"\/\/pagead2.googlesyndication.com\/pagead\/js\/adsbygoogle.js\"><\/script><br \/>\n<!-- Noticias La Guia de Pamplona --><br \/>\n<ins class=\"adsbygoogle\"\nstyle=\"display:block\"\ndata-ad-client=\"ca-pub-6943679897239327\"\ndata-ad-slot=\"7048180777\"\ndata-ad-format=\"auto\"><\/ins><br \/>\n<script>\n(adsbygoogle = window.adsbygoogle || []).push({});\n<\/script><br \/>\nsupon\u00edan un 69,4% de todos los servicios funerarios del cementerio municipal, y supera tambi\u00e9n la de todo el a\u00f1o pasado, cuando supusieron el 78,18%.<\/p>\n<p>En total, hasta el pasado 30 de septiembre, se realizaron 1.826 cremaciones. Las inhumaciones, por tanto, fueron 394. De estas \u00faltimas, la mayor\u00eda, 240, se realizaron en nichos. A ellas se sumaron 135 enterramientos en panteones y 19 en fosas. Las cifras en estos tres casos se han reducido paulatinamente. Quiz\u00e1s los descensos m\u00e1s llamativos han sido en nichos, que en la actualidad representan pr\u00e1cticamente la mitad que hace quince a\u00f1os. Si en 2007 se realizaron 695 inhumaciones en nichos, en 2022 se quedaron en 383 (un 45% menos), y en estos primeros nueve meses la cifra est\u00e1 en 240. En el caso de los panteones, en este mismo periodo de tiempo de 2007 a 2022, la reducci\u00f3n ha sido m\u00e1s contenida, apenas un 20%, al pasar de 244 a 197 inhumaciones. En lo que se refiere a fosas en tierra, \u00e9stas han descendido un 18% en quince a\u00f1os, si bien se trata de un enterramiento menos habitual.<\/p>\n<p>Para dar respuesta la creciente demanda de incineraciones, el Ayuntamiento de Pamplona inici\u00f3 en 2021 la renovaci\u00f3n escalonada de los dos hornos crematorios, para mejorar la eficiencia energ\u00e9tica y la productividad, ya que los actuales databan de principios del siglo XX. As\u00ed, esta primavera volvieron a funcionar los nuevos hornos, permitiendo incrementar el n\u00famero de incineraciones.\u00a0 La renovaci\u00f3n del segundo horno, aprobada en agosto de 2022, ha supuesto una inversi\u00f3n de total de 298.140,66 euros, entre 2022 y 2023, a los que se unen los 337.012 euros del primer horno sustituido y la obra civil necesaria para acoger ambos elementos.<\/p>\n<p>Adem\u00e1s de esta inversi\u00f3n, el cementerio municipal de San Jos\u00e9 ha reparado este \u00faltimo a\u00f1o dos bloques de nichos deteriorados y ha reformado parte del pavimento del camposanto, para lo que se han destinado 85.000 euros. Asimismo, se han realizado varios trabajos para la reparaci\u00f3n del porche de la entrada principal y del porche de la puerta del r\u00edo, as\u00ed como la sustituci\u00f3n de las puertas met\u00e1licas laterales, todo ello por un importe de 40.000 euros.<br \/>\n<script async src=\"\/\/pagead2.googlesyndication.com\/pagead\/js\/adsbygoogle.js\"><\/script><br \/>\n<!-- Noticias La Guia de Pamplona --><br \/>\n<ins class=\"adsbygoogle\"\nstyle=\"display:block\"\ndata-ad-client=\"ca-pub-6943679897239327\"\ndata-ad-slot=\"7048180777\"\ndata-ad-format=\"auto\"><\/ins><br \/>\n<script>\n(adsbygoogle = window.adsbygoogle || []).push({});\n<\/script><\/p>\n<p><strong>Horario de cara a Todos los Santos<\/strong><\/p>\n<p>Con motivo de la festividad de Todos los Santos, el pr\u00f3ximo d\u00eda 1 de noviembre, y ante el previsible incremento de visitantes al cementerio, la puerta principal permanecer\u00e1 abierta hasta el d\u00eda 2 en horario de verano, desde las 8 de la ma\u00f1ana hasta las 19 horas, mientras que el resto de puertas se cerrar\u00e1n a las 18.30 horas. A partir del 3 de noviembre y hasta el 31 de marzo, entra en vigor el horario de invierno, en el que la puerta principal se cierra a las 18.00 y el resto de puertas, a las 17.30.<br \/>\n<script async src=\"\/\/pagead2.googlesyndication.com\/pagead\/js\/adsbygoogle.js\"><\/script><br \/>\n<!-- Noticias La Guia de Pamplona --><br \/>\n<ins class=\"adsbygoogle\"\nstyle=\"display:block\"\ndata-ad-client=\"ca-pub-6943679897239327\"\ndata-ad-slot=\"7048180777\"\ndata-ad-format=\"auto\"><\/ins><br \/>\n<script>\n(adsbygoogle = window.adsbygoogle || []).push({});\n<\/script><\/p>\n<p>&nbsp;<\/p>\n<h3>Hist\u00f3rico del Cementerio<\/h3>\n<p>&nbsp;<\/p>\n<table>\n<tbody>\n<tr>\n<td width=\"160\"><strong>\u00a0<\/strong><\/td>\n<td width=\"79\"><strong>Cremaciones<\/strong><\/td>\n<td width=\"103\"><strong>Nichos<\/strong><\/td>\n<td width=\"88\"><strong>Panteones<\/strong><\/td>\n<td width=\"110\"><strong>Fosas de tierra<\/strong><\/td>\n<td width=\"93\"><strong>Total<\/strong><\/td>\n<\/tr>\n<tr>\n<td width=\"160\"><strong>2006<\/strong><\/td>\n<td width=\"79\">969<\/td>\n<td width=\"103\">739<\/td>\n<td width=\"88\">229<\/td>\n<td width=\"110\">38<\/td>\n<td width=\"93\">1.975<\/td>\n<\/tr>\n<tr>\n<td width=\"160\"><strong>2007<\/strong><\/td>\n<td width=\"79\">1.181<\/td>\n<td width=\"103\">695<\/td>\n<td width=\"88\">244<\/td>\n<td width=\"110\">35<\/td>\n<td width=\"93\">2.155<\/td>\n<\/tr>\n<tr>\n<td width=\"160\"><strong>2008<\/strong><\/td>\n<td width=\"79\">1.263<\/td>\n<td width=\"103\">632<\/td>\n<td width=\"88\">221<\/td>\n<td width=\"110\">37<\/td>\n<td width=\"93\">2.153<\/td>\n<\/tr>\n<tr>\n<td width=\"160\"><strong>2009<\/strong><\/td>\n<td width=\"79\">1.346<\/td>\n<td width=\"103\">622<\/td>\n<td width=\"88\">245<\/td>\n<td width=\"110\">30<\/td>\n<td width=\"93\">2.244<\/td>\n<\/tr>\n<tr>\n<td width=\"160\"><strong>2010<\/strong><\/td>\n<td width=\"79\">1.336<\/td>\n<td width=\"103\">534<\/td>\n<td width=\"88\">218<\/td>\n<td width=\"110\">29<\/td>\n<td width=\"93\">2.117<\/td>\n<\/tr>\n<tr>\n<td width=\"160\"><strong>2011<\/strong><\/td>\n<td width=\"79\">1.440<\/td>\n<td width=\"103\">560<\/td>\n<td width=\"88\">220<\/td>\n<td width=\"110\">17<\/td>\n<td width=\"93\">2.237<\/td>\n<\/tr>\n<tr>\n<td width=\"160\"><strong>2012<\/strong><\/td>\n<td width=\"79\">1.500<\/td>\n<td width=\"103\">510<\/td>\n<td width=\"88\">197<\/td>\n<td width=\"110\">20<\/td>\n<td width=\"93\">2.227<\/td>\n<\/tr>\n<tr>\n<td width=\"160\"><strong>2013<\/strong><\/td>\n<td width=\"79\">1.568<\/td>\n<td width=\"103\">481<\/td>\n<td width=\"88\">189<\/td>\n<td width=\"110\">19<\/td>\n<td width=\"93\">2.257<\/td>\n<\/tr>\n<tr>\n<td width=\"160\"><strong>2014<\/strong><\/td>\n<td width=\"79\">1.786<\/td>\n<td width=\"103\">500<\/td>\n<td width=\"88\">234<\/td>\n<td width=\"110\">20<\/td>\n<td width=\"93\">2.540<\/td>\n<\/tr>\n<tr>\n<td width=\"160\"><strong>2015<\/strong><\/td>\n<td width=\"79\">1.888<\/td>\n<td width=\"103\">457<\/td>\n<td width=\"88\">214<\/td>\n<td width=\"110\">15<\/td>\n<td width=\"93\">2.573<\/td>\n<\/tr>\n<tr>\n<td width=\"160\"><strong>2016<\/strong><\/td>\n<td width=\"79\">2.078<\/td>\n<td width=\"103\">427<\/td>\n<td width=\"88\">184<\/td>\n<td width=\"110\">8<\/td>\n<td width=\"93\">2.697<\/td>\n<\/tr>\n<tr>\n<td width=\"160\"><strong>2017<\/strong><\/td>\n<td width=\"79\">2.033<\/td>\n<td width=\"103\">435<\/td>\n<td width=\"88\">183<\/td>\n<td width=\"110\">24<\/td>\n<td width=\"93\">2.675<\/td>\n<\/tr>\n<tr>\n<td width=\"160\"><strong>2018<\/strong><\/td>\n<td width=\"79\">2.171<\/td>\n<td width=\"103\">420<\/td>\n<td width=\"88\">180<\/td>\n<td width=\"110\">32<\/td>\n<td width=\"93\">2.803<\/td>\n<\/tr>\n<tr>\n<td width=\"160\"><strong>2019 <\/strong><\/td>\n<td width=\"79\">2.162<\/td>\n<td width=\"103\">363<\/td>\n<td width=\"88\">191<\/td>\n<td width=\"110\">37<\/td>\n<td width=\"93\">2.753<\/td>\n<\/tr>\n<tr>\n<td width=\"160\"><strong>2020<\/strong><\/td>\n<td width=\"79\">2.402<\/td>\n<td width=\"103\">466<\/td>\n<td width=\"88\">218<\/td>\n<td width=\"110\">46<\/td>\n<td width=\"93\">3.132<\/td>\n<\/tr>\n<tr>\n<td width=\"160\"><strong>2021<\/strong><\/td>\n<td width=\"79\">2.072<\/td>\n<td width=\"103\">364<\/td>\n<td width=\"88\">198<\/td>\n<td width=\"110\">33<\/td>\n<td width=\"93\">2.667<\/td>\n<\/tr>\n<tr>\n<td width=\"160\"><strong>2022 <\/strong><\/td>\n<td width=\"79\">2.182<\/td>\n<td width=\"103\">383<\/td>\n<td width=\"88\">197<\/td>\n<td width=\"110\">29<\/td>\n<td width=\"93\">2.791<\/td>\n<\/tr>\n<tr>\n<td width=\"160\"><strong>2023 (hasta 30 sept)<\/strong><\/td>\n<td width=\"79\">1.826<\/td>\n<td width=\"103\">240<\/td>\n<td width=\"88\">135<\/td>\n<td width=\"110\">19<\/td>\n<td width=\"93\">2.220<\/td>\n<\/tr>\n<\/tbody>\n<\/table>\n<p>&nbsp;<br \/>\n<script async src=\"\/\/pagead2.googlesyndication.com\/pagead\/js\/adsbygoogle.js\"><\/script><br \/>\n<!-- Noticias La Guia de Pamplona --><br \/>\n<ins class=\"adsbygoogle\"\nstyle=\"display:block\"\ndata-ad-client=\"ca-pub-6943679897239327\"\ndata-ad-slot=\"7048180777\"\ndata-ad-format=\"auto\"><\/ins><br \/>\n<script>\n(adsbygoogle = window.adsbygoogle || []).push({});\n<\/script><\/p>\n<p>&nbsp;<\/p>\n<p><span style=\"color: #ff0000;\"><strong>Horarios del Cementerio<\/strong><\/span><\/p>\n<ul>\n<li><strong>Del 1 de abril al 2 de noviembre<\/strong>\n<ul>\n<li>Horario de verano: Apertura a las 8. La puerta principal se cierra a las 19.00 mientras que el resto de puertas se cierran a las 18.30.<\/li>\n<\/ul>\n<\/li>\n<li><strong>Del 3 de noviembre al 31 de marzo<\/strong>:\n<ul>\n<li>Horario de invierno: Apertura a las 8. La puerta principal se cierra a las 18.00 mientras que el resto de puertas se cierran a las 17.30.<\/li>\n<\/ul>\n<\/li>\n<\/ul>\n","protected":false},"excerpt":{"rendered":"<p>El cementerio municipal de San Jos\u00e9 ha realizado en los primeros nueve meses 2.220 servicios, 204 m\u00e1s que un a\u00f1o antes<\/p>\n","protected":false},"author":1,"featured_media":36018,"comment_status":"open","ping_status":"closed","sticky":false,"template":"","format":"standard","meta":{"footnotes":""},"categories":[2],"tags":[],"class_list":["post-47747","post","type-post","status-publish","format-standard","has-post-thumbnail","hentry","category-ayuntamiento-pamplona"],"yoast_head":"<!-- This site is optimized with the Yoast SEO plugin v27.3 - https:\/\/yoast.com\/product\/yoast-seo-wordpress\/ -->\n<title>Sigue aumentando el n\u00famero de cremaciones con respecto a las inhumaciones, hasta alcanzar el 82% de todos los servicios funerarios desde enero a septiembre<\/title>\n<meta name=\"description\" content=\"El cementerio municipal de San Jos\u00e9 ha realizado en los primeros nueve meses 2.220 servicios, 204 m\u00e1s que un a\u00f1o antes\" \/>\n<meta name=\"robots\" content=\"index, follow, max-snippet:-1, max-image-preview:large, max-video-preview:-1\" \/>\n<link rel=\"canonical\" href=\"https:\/\/www.laguiadepamplona.com\/actualidad\/sigue-aumentando-el-numero-de-cremaciones-con-respecto-a-las-inhumaciones-hasta-alcanzar-el-82-de-todos-los-servicios-funerarios-desde-enero-a-septiembre\/\" \/>\n<meta property=\"og:locale\" content=\"es_ES\" \/>\n<meta property=\"og:type\" content=\"article\" \/>\n<meta property=\"og:title\" content=\"Sigue aumentando el n\u00famero de cremaciones con respecto a las inhumaciones, hasta alcanzar el 82% de todos los servicios funerarios desde enero a septiembre\" \/>\n<meta property=\"og:description\" content=\"El cementerio municipal de San Jos\u00e9 ha realizado en los primeros nueve meses 2.220 servicios, 204 m\u00e1s que un a\u00f1o antes\" \/>\n<meta property=\"og:url\" content=\"https:\/\/www.laguiadepamplona.com\/actualidad\/sigue-aumentando-el-numero-de-cremaciones-con-respecto-a-las-inhumaciones-hasta-alcanzar-el-82-de-todos-los-servicios-funerarios-desde-enero-a-septiembre\/\" \/>\n<meta property=\"og:site_name\" content=\"La Gu\u00eda de Pamplona\" \/>\n<meta property=\"article:publisher\" content=\"https:\/\/www.facebook.com\/laguiadepamplonacom-133175176762273\/?ref=hl\" \/>\n<meta property=\"article:published_time\" content=\"2023-10-27T15:24:41+00:00\" \/>\n<meta property=\"og:image\" content=\"https:\/\/www.laguiadepamplona.com\/actualidad\/wp-content\/uploads\/2021\/07\/cementerio_JMG4903.jpg\" \/>\n\t<meta property=\"og:image:width\" content=\"1920\" \/>\n\t<meta property=\"og:image:height\" content=\"1280\" \/>\n\t<meta property=\"og:image:type\" content=\"image\/jpeg\" \/>\n<meta name=\"author\" content=\"La Gu\u00eda de Pamplona\" \/>\n<meta name=\"twitter:card\" content=\"summary_large_image\" \/>\n<meta name=\"twitter:creator\" content=\"@LaGuiadPamplona\" \/>\n<meta name=\"twitter:site\" content=\"@LaGuiadPamplona\" \/>\n<meta name=\"twitter:label1\" content=\"Escrito por\" \/>\n\t<meta name=\"twitter:data1\" content=\"La Gu\u00eda de Pamplona\" \/>\n\t<meta name=\"twitter:label2\" content=\"Tiempo de lectura\" \/>\n\t<meta name=\"twitter:data2\" content=\"4 minutos\" \/>\n<script type=\"application\/ld+json\" class=\"yoast-schema-graph\">{\"@context\":\"https:\\\/\\\/schema.org\",\"@graph\":[{\"@type\":\"Article\",\"@id\":\"https:\\\/\\\/www.laguiadepamplona.com\\\/actualidad\\\/sigue-aumentando-el-numero-de-cremaciones-con-respecto-a-las-inhumaciones-hasta-alcanzar-el-82-de-todos-los-servicios-funerarios-desde-enero-a-septiembre\\\/#article\",\"isPartOf\":{\"@id\":\"https:\\\/\\\/www.laguiadepamplona.com\\\/actualidad\\\/sigue-aumentando-el-numero-de-cremaciones-con-respecto-a-las-inhumaciones-hasta-alcanzar-el-82-de-todos-los-servicios-funerarios-desde-enero-a-septiembre\\\/\"},\"author\":{\"name\":\"La Gu\u00eda de Pamplona\",\"@id\":\"https:\\\/\\\/www.laguiadepamplona.com\\\/actualidad\\\/#\\\/schema\\\/person\\\/efe887376f0213d4657c93adc50b1fdb\"},\"headline\":\"Sigue aumentando el n\u00famero de cremaciones con respecto a las inhumaciones, hasta alcanzar el 82% de todos los servicios funerarios desde enero a septiembre\",\"datePublished\":\"2023-10-27T15:24:41+00:00\",\"mainEntityOfPage\":{\"@id\":\"https:\\\/\\\/www.laguiadepamplona.com\\\/actualidad\\\/sigue-aumentando-el-numero-de-cremaciones-con-respecto-a-las-inhumaciones-hasta-alcanzar-el-82-de-todos-los-servicios-funerarios-desde-enero-a-septiembre\\\/\"},\"wordCount\":657,\"commentCount\":0,\"publisher\":{\"@id\":\"https:\\\/\\\/www.laguiadepamplona.com\\\/actualidad\\\/#organization\"},\"image\":{\"@id\":\"https:\\\/\\\/www.laguiadepamplona.com\\\/actualidad\\\/sigue-aumentando-el-numero-de-cremaciones-con-respecto-a-las-inhumaciones-hasta-alcanzar-el-82-de-todos-los-servicios-funerarios-desde-enero-a-septiembre\\\/#primaryimage\"},\"thumbnailUrl\":\"https:\\\/\\\/www.laguiadepamplona.com\\\/actualidad\\\/wp-content\\\/uploads\\\/2021\\\/07\\\/cementerio_JMG4903.jpg\",\"articleSection\":[\"Ayto Pamplona\"],\"inLanguage\":\"es\",\"potentialAction\":[{\"@type\":\"CommentAction\",\"name\":\"Comment\",\"target\":[\"https:\\\/\\\/www.laguiadepamplona.com\\\/actualidad\\\/sigue-aumentando-el-numero-de-cremaciones-con-respecto-a-las-inhumaciones-hasta-alcanzar-el-82-de-todos-los-servicios-funerarios-desde-enero-a-septiembre\\\/#respond\"]}]},{\"@type\":\"WebPage\",\"@id\":\"https:\\\/\\\/www.laguiadepamplona.com\\\/actualidad\\\/sigue-aumentando-el-numero-de-cremaciones-con-respecto-a-las-inhumaciones-hasta-alcanzar-el-82-de-todos-los-servicios-funerarios-desde-enero-a-septiembre\\\/\",\"url\":\"https:\\\/\\\/www.laguiadepamplona.com\\\/actualidad\\\/sigue-aumentando-el-numero-de-cremaciones-con-respecto-a-las-inhumaciones-hasta-alcanzar-el-82-de-todos-los-servicios-funerarios-desde-enero-a-septiembre\\\/\",\"name\":\"Sigue aumentando el n\u00famero de cremaciones con respecto a las inhumaciones, hasta alcanzar el 82% de todos los servicios funerarios desde enero a septiembre\",\"isPartOf\":{\"@id\":\"https:\\\/\\\/www.laguiadepamplona.com\\\/actualidad\\\/#website\"},\"primaryImageOfPage\":{\"@id\":\"https:\\\/\\\/www.laguiadepamplona.com\\\/actualidad\\\/sigue-aumentando-el-numero-de-cremaciones-con-respecto-a-las-inhumaciones-hasta-alcanzar-el-82-de-todos-los-servicios-funerarios-desde-enero-a-septiembre\\\/#primaryimage\"},\"image\":{\"@id\":\"https:\\\/\\\/www.laguiadepamplona.com\\\/actualidad\\\/sigue-aumentando-el-numero-de-cremaciones-con-respecto-a-las-inhumaciones-hasta-alcanzar-el-82-de-todos-los-servicios-funerarios-desde-enero-a-septiembre\\\/#primaryimage\"},\"thumbnailUrl\":\"https:\\\/\\\/www.laguiadepamplona.com\\\/actualidad\\\/wp-content\\\/uploads\\\/2021\\\/07\\\/cementerio_JMG4903.jpg\",\"datePublished\":\"2023-10-27T15:24:41+00:00\",\"description\":\"El cementerio municipal de San Jos\u00e9 ha realizado en los primeros nueve meses 2.220 servicios, 204 m\u00e1s que un a\u00f1o antes\",\"breadcrumb\":{\"@id\":\"https:\\\/\\\/www.laguiadepamplona.com\\\/actualidad\\\/sigue-aumentando-el-numero-de-cremaciones-con-respecto-a-las-inhumaciones-hasta-alcanzar-el-82-de-todos-los-servicios-funerarios-desde-enero-a-septiembre\\\/#breadcrumb\"},\"inLanguage\":\"es\",\"potentialAction\":[{\"@type\":\"ReadAction\",\"target\":[\"https:\\\/\\\/www.laguiadepamplona.com\\\/actualidad\\\/sigue-aumentando-el-numero-de-cremaciones-con-respecto-a-las-inhumaciones-hasta-alcanzar-el-82-de-todos-los-servicios-funerarios-desde-enero-a-septiembre\\\/\"]}]},{\"@type\":\"ImageObject\",\"inLanguage\":\"es\",\"@id\":\"https:\\\/\\\/www.laguiadepamplona.com\\\/actualidad\\\/sigue-aumentando-el-numero-de-cremaciones-con-respecto-a-las-inhumaciones-hasta-alcanzar-el-82-de-todos-los-servicios-funerarios-desde-enero-a-septiembre\\\/#primaryimage\",\"url\":\"https:\\\/\\\/www.laguiadepamplona.com\\\/actualidad\\\/wp-content\\\/uploads\\\/2021\\\/07\\\/cementerio_JMG4903.jpg\",\"contentUrl\":\"https:\\\/\\\/www.laguiadepamplona.com\\\/actualidad\\\/wp-content\\\/uploads\\\/2021\\\/07\\\/cementerio_JMG4903.jpg\",\"width\":1920,\"height\":1280},{\"@type\":\"BreadcrumbList\",\"@id\":\"https:\\\/\\\/www.laguiadepamplona.com\\\/actualidad\\\/sigue-aumentando-el-numero-de-cremaciones-con-respecto-a-las-inhumaciones-hasta-alcanzar-el-82-de-todos-los-servicios-funerarios-desde-enero-a-septiembre\\\/#breadcrumb\",\"itemListElement\":[{\"@type\":\"ListItem\",\"position\":1,\"name\":\"Portada\",\"item\":\"https:\\\/\\\/www.laguiadepamplona.com\\\/actualidad\\\/\"},{\"@type\":\"ListItem\",\"position\":2,\"name\":\"Sigue aumentando el n\u00famero de cremaciones con respecto a las inhumaciones, hasta alcanzar el 82% de todos los servicios funerarios desde enero a septiembre\"}]},{\"@type\":\"WebSite\",\"@id\":\"https:\\\/\\\/www.laguiadepamplona.com\\\/actualidad\\\/#website\",\"url\":\"https:\\\/\\\/www.laguiadepamplona.com\\\/actualidad\\\/\",\"name\":\"La gu\u00eda de Pamplona\",\"description\":\"Noticias de Pamplona\",\"publisher\":{\"@id\":\"https:\\\/\\\/www.laguiadepamplona.com\\\/actualidad\\\/#organization\"},\"potentialAction\":[{\"@type\":\"SearchAction\",\"target\":{\"@type\":\"EntryPoint\",\"urlTemplate\":\"https:\\\/\\\/www.laguiadepamplona.com\\\/actualidad\\\/?s={search_term_string}\"},\"query-input\":{\"@type\":\"PropertyValueSpecification\",\"valueRequired\":true,\"valueName\":\"search_term_string\"}}],\"inLanguage\":\"es\"},{\"@type\":\"Organization\",\"@id\":\"https:\\\/\\\/www.laguiadepamplona.com\\\/actualidad\\\/#organization\",\"name\":\"La Gu\u00eda de Pamplona \\\/ Noticias\",\"url\":\"https:\\\/\\\/www.laguiadepamplona.com\\\/actualidad\\\/\",\"logo\":{\"@type\":\"ImageObject\",\"inLanguage\":\"es\",\"@id\":\"https:\\\/\\\/www.laguiadepamplona.com\\\/actualidad\\\/#\\\/schema\\\/logo\\\/image\\\/\",\"url\":\"https:\\\/\\\/www.laguiadepamplona.com\\\/actualidad\\\/wp-content\\\/uploads\\\/2018\\\/11\\\/logo-laguiadepamplona18-web1.png\",\"contentUrl\":\"https:\\\/\\\/www.laguiadepamplona.com\\\/actualidad\\\/wp-content\\\/uploads\\\/2018\\\/11\\\/logo-laguiadepamplona18-web1.png\",\"width\":600,\"height\":196,\"caption\":\"La Gu\u00eda de Pamplona \\\/ Noticias\"},\"image\":{\"@id\":\"https:\\\/\\\/www.laguiadepamplona.com\\\/actualidad\\\/#\\\/schema\\\/logo\\\/image\\\/\"},\"sameAs\":[\"https:\\\/\\\/www.facebook.com\\\/laguiadepamplonacom-133175176762273\\\/?ref=hl\",\"https:\\\/\\\/x.com\\\/LaGuiadPamplona\",\"https:\\\/\\\/www.instagram.com\\\/la_guia_de_pamplona\\\/\",\"https:\\\/\\\/www.youtube.com\\\/user\\\/laguiadepamplona\"]},{\"@type\":\"Person\",\"@id\":\"https:\\\/\\\/www.laguiadepamplona.com\\\/actualidad\\\/#\\\/schema\\\/person\\\/efe887376f0213d4657c93adc50b1fdb\",\"name\":\"La Gu\u00eda de Pamplona\",\"image\":{\"@type\":\"ImageObject\",\"inLanguage\":\"es\",\"@id\":\"https:\\\/\\\/secure.gravatar.com\\\/avatar\\\/b6992f131dc8d30ab0dff15446e9d346d9dbd95992de0fef795073f5ea83a81c?s=96&d=mm&r=g\",\"url\":\"https:\\\/\\\/secure.gravatar.com\\\/avatar\\\/b6992f131dc8d30ab0dff15446e9d346d9dbd95992de0fef795073f5ea83a81c?s=96&d=mm&r=g\",\"contentUrl\":\"https:\\\/\\\/secure.gravatar.com\\\/avatar\\\/b6992f131dc8d30ab0dff15446e9d346d9dbd95992de0fef795073f5ea83a81c?s=96&d=mm&r=g\",\"caption\":\"La Gu\u00eda de Pamplona\"}}]}<\/script>\n<!-- \/ Yoast SEO plugin. -->","yoast_head_json":{"title":"Sigue aumentando el n\u00famero de cremaciones con respecto a las inhumaciones, hasta alcanzar el 82% de todos los servicios funerarios desde enero a septiembre","description":"El cementerio municipal de San Jos\u00e9 ha realizado en los primeros nueve meses 2.220 servicios, 204 m\u00e1s que un a\u00f1o antes","robots":{"index":"index","follow":"follow","max-snippet":"max-snippet:-1","max-image-preview":"max-image-preview:large","max-video-preview":"max-video-preview:-1"},"canonical":"https:\/\/www.laguiadepamplona.com\/actualidad\/sigue-aumentando-el-numero-de-cremaciones-con-respecto-a-las-inhumaciones-hasta-alcanzar-el-82-de-todos-los-servicios-funerarios-desde-enero-a-septiembre\/","og_locale":"es_ES","og_type":"article","og_title":"Sigue aumentando el n\u00famero de cremaciones con respecto a las inhumaciones, hasta alcanzar el 82% de todos los servicios funerarios desde enero a septiembre","og_description":"El cementerio municipal de San Jos\u00e9 ha realizado en los primeros nueve meses 2.220 servicios, 204 m\u00e1s que un a\u00f1o antes","og_url":"https:\/\/www.laguiadepamplona.com\/actualidad\/sigue-aumentando-el-numero-de-cremaciones-con-respecto-a-las-inhumaciones-hasta-alcanzar-el-82-de-todos-los-servicios-funerarios-desde-enero-a-septiembre\/","og_site_name":"La Gu\u00eda de Pamplona","article_publisher":"https:\/\/www.facebook.com\/laguiadepamplonacom-133175176762273\/?ref=hl","article_published_time":"2023-10-27T15:24:41+00:00","og_image":[{"width":1920,"height":1280,"url":"https:\/\/www.laguiadepamplona.com\/actualidad\/wp-content\/uploads\/2021\/07\/cementerio_JMG4903.jpg","type":"image\/jpeg"}],"author":"La Gu\u00eda de Pamplona","twitter_card":"summary_large_image","twitter_creator":"@LaGuiadPamplona","twitter_site":"@LaGuiadPamplona","twitter_misc":{"Escrito por":"La Gu\u00eda de Pamplona","Tiempo de lectura":"4 minutos"},"schema":{"@context":"https:\/\/schema.org","@graph":[{"@type":"Article","@id":"https:\/\/www.laguiadepamplona.com\/actualidad\/sigue-aumentando-el-numero-de-cremaciones-con-respecto-a-las-inhumaciones-hasta-alcanzar-el-82-de-todos-los-servicios-funerarios-desde-enero-a-septiembre\/#article","isPartOf":{"@id":"https:\/\/www.laguiadepamplona.com\/actualidad\/sigue-aumentando-el-numero-de-cremaciones-con-respecto-a-las-inhumaciones-hasta-alcanzar-el-82-de-todos-los-servicios-funerarios-desde-enero-a-septiembre\/"},"author":{"name":"La Gu\u00eda de Pamplona","@id":"https:\/\/www.laguiadepamplona.com\/actualidad\/#\/schema\/person\/efe887376f0213d4657c93adc50b1fdb"},"headline":"Sigue aumentando el n\u00famero de cremaciones con respecto a las inhumaciones, hasta alcanzar el 82% de todos los servicios funerarios desde enero a septiembre","datePublished":"2023-10-27T15:24:41+00:00","mainEntityOfPage":{"@id":"https:\/\/www.laguiadepamplona.com\/actualidad\/sigue-aumentando-el-numero-de-cremaciones-con-respecto-a-las-inhumaciones-hasta-alcanzar-el-82-de-todos-los-servicios-funerarios-desde-enero-a-septiembre\/"},"wordCount":657,"commentCount":0,"publisher":{"@id":"https:\/\/www.laguiadepamplona.com\/actualidad\/#organization"},"image":{"@id":"https:\/\/www.laguiadepamplona.com\/actualidad\/sigue-aumentando-el-numero-de-cremaciones-con-respecto-a-las-inhumaciones-hasta-alcanzar-el-82-de-todos-los-servicios-funerarios-desde-enero-a-septiembre\/#primaryimage"},"thumbnailUrl":"https:\/\/www.laguiadepamplona.com\/actualidad\/wp-content\/uploads\/2021\/07\/cementerio_JMG4903.jpg","articleSection":["Ayto Pamplona"],"inLanguage":"es","potentialAction":[{"@type":"CommentAction","name":"Comment","target":["https:\/\/www.laguiadepamplona.com\/actualidad\/sigue-aumentando-el-numero-de-cremaciones-con-respecto-a-las-inhumaciones-hasta-alcanzar-el-82-de-todos-los-servicios-funerarios-desde-enero-a-septiembre\/#respond"]}]},{"@type":"WebPage","@id":"https:\/\/www.laguiadepamplona.com\/actualidad\/sigue-aumentando-el-numero-de-cremaciones-con-respecto-a-las-inhumaciones-hasta-alcanzar-el-82-de-todos-los-servicios-funerarios-desde-enero-a-septiembre\/","url":"https:\/\/www.laguiadepamplona.com\/actualidad\/sigue-aumentando-el-numero-de-cremaciones-con-respecto-a-las-inhumaciones-hasta-alcanzar-el-82-de-todos-los-servicios-funerarios-desde-enero-a-septiembre\/","name":"Sigue aumentando el n\u00famero de cremaciones con respecto a las inhumaciones, hasta alcanzar el 82% de todos los servicios funerarios desde enero a septiembre","isPartOf":{"@id":"https:\/\/www.laguiadepamplona.com\/actualidad\/#website"},"primaryImageOfPage":{"@id":"https:\/\/www.laguiadepamplona.com\/actualidad\/sigue-aumentando-el-numero-de-cremaciones-con-respecto-a-las-inhumaciones-hasta-alcanzar-el-82-de-todos-los-servicios-funerarios-desde-enero-a-septiembre\/#primaryimage"},"image":{"@id":"https:\/\/www.laguiadepamplona.com\/actualidad\/sigue-aumentando-el-numero-de-cremaciones-con-respecto-a-las-inhumaciones-hasta-alcanzar-el-82-de-todos-los-servicios-funerarios-desde-enero-a-septiembre\/#primaryimage"},"thumbnailUrl":"https:\/\/www.laguiadepamplona.com\/actualidad\/wp-content\/uploads\/2021\/07\/cementerio_JMG4903.jpg","datePublished":"2023-10-27T15:24:41+00:00","description":"El cementerio municipal de San Jos\u00e9 ha realizado en los primeros nueve meses 2.220 servicios, 204 m\u00e1s que un a\u00f1o antes","breadcrumb":{"@id":"https:\/\/www.laguiadepamplona.com\/actualidad\/sigue-aumentando-el-numero-de-cremaciones-con-respecto-a-las-inhumaciones-hasta-alcanzar-el-82-de-todos-los-servicios-funerarios-desde-enero-a-septiembre\/#breadcrumb"},"inLanguage":"es","potentialAction":[{"@type":"ReadAction","target":["https:\/\/www.laguiadepamplona.com\/actualidad\/sigue-aumentando-el-numero-de-cremaciones-con-respecto-a-las-inhumaciones-hasta-alcanzar-el-82-de-todos-los-servicios-funerarios-desde-enero-a-septiembre\/"]}]},{"@type":"ImageObject","inLanguage":"es","@id":"https:\/\/www.laguiadepamplona.com\/actualidad\/sigue-aumentando-el-numero-de-cremaciones-con-respecto-a-las-inhumaciones-hasta-alcanzar-el-82-de-todos-los-servicios-funerarios-desde-enero-a-septiembre\/#primaryimage","url":"https:\/\/www.laguiadepamplona.com\/actualidad\/wp-content\/uploads\/2021\/07\/cementerio_JMG4903.jpg","contentUrl":"https:\/\/www.laguiadepamplona.com\/actualidad\/wp-content\/uploads\/2021\/07\/cementerio_JMG4903.jpg","width":1920,"height":1280},{"@type":"BreadcrumbList","@id":"https:\/\/www.laguiadepamplona.com\/actualidad\/sigue-aumentando-el-numero-de-cremaciones-con-respecto-a-las-inhumaciones-hasta-alcanzar-el-82-de-todos-los-servicios-funerarios-desde-enero-a-septiembre\/#breadcrumb","itemListElement":[{"@type":"ListItem","position":1,"name":"Portada","item":"https:\/\/www.laguiadepamplona.com\/actualidad\/"},{"@type":"ListItem","position":2,"name":"Sigue aumentando el n\u00famero de cremaciones con respecto a las inhumaciones, hasta alcanzar el 82% de todos los servicios funerarios desde enero a septiembre"}]},{"@type":"WebSite","@id":"https:\/\/www.laguiadepamplona.com\/actualidad\/#website","url":"https:\/\/www.laguiadepamplona.com\/actualidad\/","name":"La gu\u00eda de Pamplona","description":"Noticias de Pamplona","publisher":{"@id":"https:\/\/www.laguiadepamplona.com\/actualidad\/#organization"},"potentialAction":[{"@type":"SearchAction","target":{"@type":"EntryPoint","urlTemplate":"https:\/\/www.laguiadepamplona.com\/actualidad\/?s={search_term_string}"},"query-input":{"@type":"PropertyValueSpecification","valueRequired":true,"valueName":"search_term_string"}}],"inLanguage":"es"},{"@type":"Organization","@id":"https:\/\/www.laguiadepamplona.com\/actualidad\/#organization","name":"La Gu\u00eda de Pamplona \/ Noticias","url":"https:\/\/www.laguiadepamplona.com\/actualidad\/","logo":{"@type":"ImageObject","inLanguage":"es","@id":"https:\/\/www.laguiadepamplona.com\/actualidad\/#\/schema\/logo\/image\/","url":"https:\/\/www.laguiadepamplona.com\/actualidad\/wp-content\/uploads\/2018\/11\/logo-laguiadepamplona18-web1.png","contentUrl":"https:\/\/www.laguiadepamplona.com\/actualidad\/wp-content\/uploads\/2018\/11\/logo-laguiadepamplona18-web1.png","width":600,"height":196,"caption":"La Gu\u00eda de Pamplona \/ Noticias"},"image":{"@id":"https:\/\/www.laguiadepamplona.com\/actualidad\/#\/schema\/logo\/image\/"},"sameAs":["https:\/\/www.facebook.com\/laguiadepamplonacom-133175176762273\/?ref=hl","https:\/\/x.com\/LaGuiadPamplona","https:\/\/www.instagram.com\/la_guia_de_pamplona\/","https:\/\/www.youtube.com\/user\/laguiadepamplona"]},{"@type":"Person","@id":"https:\/\/www.laguiadepamplona.com\/actualidad\/#\/schema\/person\/efe887376f0213d4657c93adc50b1fdb","name":"La Gu\u00eda de Pamplona","image":{"@type":"ImageObject","inLanguage":"es","@id":"https:\/\/secure.gravatar.com\/avatar\/b6992f131dc8d30ab0dff15446e9d346d9dbd95992de0fef795073f5ea83a81c?s=96&d=mm&r=g","url":"https:\/\/secure.gravatar.com\/avatar\/b6992f131dc8d30ab0dff15446e9d346d9dbd95992de0fef795073f5ea83a81c?s=96&d=mm&r=g","contentUrl":"https:\/\/secure.gravatar.com\/avatar\/b6992f131dc8d30ab0dff15446e9d346d9dbd95992de0fef795073f5ea83a81c?s=96&d=mm&r=g","caption":"La Gu\u00eda de Pamplona"}}]}},"post_mailing_queue_ids":[],"_links":{"self":[{"href":"https:\/\/www.laguiadepamplona.com\/actualidad\/wp-json\/wp\/v2\/posts\/47747","targetHints":{"allow":["GET"]}}],"collection":[{"href":"https:\/\/www.laguiadepamplona.com\/actualidad\/wp-json\/wp\/v2\/posts"}],"about":[{"href":"https:\/\/www.laguiadepamplona.com\/actualidad\/wp-json\/wp\/v2\/types\/post"}],"author":[{"embeddable":true,"href":"https:\/\/www.laguiadepamplona.com\/actualidad\/wp-json\/wp\/v2\/users\/1"}],"replies":[{"embeddable":true,"href":"https:\/\/www.laguiadepamplona.com\/actualidad\/wp-json\/wp\/v2\/comments?post=47747"}],"version-history":[{"count":1,"href":"https:\/\/www.laguiadepamplona.com\/actualidad\/wp-json\/wp\/v2\/posts\/47747\/revisions"}],"predecessor-version":[{"id":47748,"href":"https:\/\/www.laguiadepamplona.com\/actualidad\/wp-json\/wp\/v2\/posts\/47747\/revisions\/47748"}],"wp:featuredmedia":[{"embeddable":true,"href":"https:\/\/www.laguiadepamplona.com\/actualidad\/wp-json\/wp\/v2\/media\/36018"}],"wp:attachment":[{"href":"https:\/\/www.laguiadepamplona.com\/actualidad\/wp-json\/wp\/v2\/media?parent=47747"}],"wp:term":[{"taxonomy":"category","embeddable":true,"href":"https:\/\/www.laguiadepamplona.com\/actualidad\/wp-json\/wp\/v2\/categories?post=47747"},{"taxonomy":"post_tag","embeddable":true,"href":"https:\/\/www.laguiadepamplona.com\/actualidad\/wp-json\/wp\/v2\/tags?post=47747"}],"curies":[{"name":"wp","href":"https:\/\/api.w.org\/{rel}","templated":true}]}}