{"id":47745,"date":"2023-10-27T17:22:59","date_gmt":"2023-10-27T15:22:59","guid":{"rendered":"https:\/\/www.laguiadepamplona.com\/actualidad\/?p=47745"},"modified":"2023-10-27T17:22:59","modified_gmt":"2023-10-27T15:22:59","slug":"ayuntamiento-de-pamplona-cein-y-asociaciones-de-comerciantes-lanzan-un-programa-de-apoyo-al-sector-para-mantener-la-actividad-a-traves-del-relevo-generacional","status":"publish","type":"post","link":"https:\/\/www.laguiadepamplona.com\/actualidad\/ayuntamiento-de-pamplona-cein-y-asociaciones-de-comerciantes-lanzan-un-programa-de-apoyo-al-sector-para-mantener-la-actividad-a-traves-del-relevo-generacional\/","title":{"rendered":"Ayuntamiento de Pamplona, CEIN y asociaciones de comerciantes lanzan un programa de apoyo al sector para mantener la actividad a trav\u00e9s del relevo generacional"},"content":{"rendered":"<h3>El programa contempla una jornada el 6 de noviembre en Condestable y un posterior acompa\u00f1amiento personalizado para las personas interesadas<\/h3>\n<p><!--more--><\/p>\n<p>La jornada \u2018Relevo generacional en comercio\u2019 se celebrar\u00e1 el lunes 6 de noviembre en el Palacio del Condestable. El Ayuntamiento de Pamplona, CEIN y las asociaciones de comerciantes de la ciudad han organizado esta jornada para informar y orientar a personas emprendedoras y con inter\u00e9s en ser relevo de un comercio de Pamplona. Las inscripciones son gratuitas y se pueden realizar de forma online a trav\u00e9s de un formulario al que se puede acceder en <a href=\"https:\/\/ceinnavarra.typeform.com\/to\/nkWEvBr6#nombreizena=xxxxx\" target=\"_blank\" rel=\"noopener\">https:\/\/ceinnavarra.typeform.com\/to\/nkWEvBr6#nombreizena=xxxxx<\/a>.<\/p>\n<p>El programa va m\u00e1s all\u00e1, pues a la informaci\u00f3n se le une un acompa\u00f1amiento personalizado posterior. Se busca, por tanto, implicar en el relevo generacional tanto a personas emprendedoras como a personas propietarias de comercios con inter\u00e9s por el traspaso o por la continuidad de su negocio para contribuir a renovar y fortalecer la actividad econ\u00f3mica en Pamplona. Se trata de brindar apoyo y capacitaci\u00f3n a quienes deseen iniciar un negocio en el sector comercial, as\u00ed como facilitar que los comercios existentes permitan la incorporaci\u00f3n de nuevas generaciones en el relevo del propio negocio.<br \/>\n<script async src=\"\/\/pagead2.googlesyndication.com\/pagead\/js\/adsbygoogle.js\"><\/script><br \/>\n<!-- Noticias La Guia de Pamplona --><br \/>\n<ins class=\"adsbygoogle\"\nstyle=\"display:block\"\ndata-ad-client=\"ca-pub-6943679897239327\"\ndata-ad-slot=\"7048180777\"\ndata-ad-format=\"auto\"><\/ins><br \/>\n<script>\n(adsbygoogle = window.adsbygoogle || []).push({});\n<\/script><\/p>\n<p>La jornada tendr\u00e1 lugar de 14 a 16.30 horas para facilitar la participaci\u00f3n de personas del sector comercial. Tras la apertura institucional, se impartir\u00e1 una ponencia sobre las claves de \u00e9xito para lograr el relevo de un comercio. A continuaci\u00f3n, se analizar\u00e1 aspectos a tener en cuenta para realizar un traspaso y se conocer\u00e1n experiencias de buenas pr\u00e1cticas. La formaci\u00f3n concluir\u00e1 con una mesa redonda con asociaciones de comercio de Pamplona.<\/p>\n<p>Tras la jornada, se contactar\u00e1 con las personas que tengan inter\u00e9s en realizar un traspaso o una adquisici\u00f3n para ofrecerles asesoramiento personal especializado. Para quienes al inter\u00e9s a\u00f1adan la posibilidad real de un relevo, se les plantear\u00e1 un acompa\u00f1amiento espec\u00edfico que trate de contribuir al \u00e9xito de ese relevo. Un relevo generacional exitoso requiere de planificaci\u00f3n y de un an\u00e1lisis de todo el proceso, incluyendo an\u00e1lisis de necesidad como futuras personas propietarias, comunicaci\u00f3n o entendimiento del sector comercial.<br \/>\n<script async src=\"\/\/pagead2.googlesyndication.com\/pagead\/js\/adsbygoogle.js\"><\/script><br \/>\n<!-- Noticias La Guia de Pamplona --><br \/>\n<ins class=\"adsbygoogle\"\nstyle=\"display:block\"\ndata-ad-client=\"ca-pub-6943679897239327\"\ndata-ad-slot=\"7048180777\"\ndata-ad-format=\"auto\"><\/ins><br \/>\n<script>\n(adsbygoogle = window.adsbygoogle || []).push({});\n<\/script><\/p>\n<p>&nbsp;<\/p>\n<h3>Programa de la jornada<\/h3>\n<ul>\n<li><strong>14:00 &#8211; 14:05 horas. Apertura<\/strong>\n<ul>\n<li>Amparo Miquel\u00e9iz. Directora del \u00c1rea de Promoci\u00f3n Tur\u00edstica y Comercial del Ayuntamiento de Pamplona<\/li>\n<li>Mar\u00eda Sanz de Galdeano. Directora gerente de CEIN<\/li>\n<\/ul>\n<\/li>\n<li><strong>14:05 &#8211; 14:45 horas. Ponencia: Claves de \u00e9xito para el relevo de un comercio<\/strong>\n<ul>\n<li>Asier Berraondo. Socio Director de Negocio en YCG Digital Partner. Especialista en comercio<\/li>\n<\/ul>\n<\/li>\n<li><strong>14:45 &#8211; 15:30 horas. Bloque 1. Qu\u00e9 tienes que tener en cuenta en un traspaso<\/strong>\n<ul>\n<li>Eva Fontecha. Responsable de Proyectos en C\u00e1mara de Comercio de Navarra<\/li>\n<\/ul>\n<\/li>\n<li><strong>15:30 &#8211; 16:00 horas. Bloque 2. Buenas pr\u00e1cticas: Experiencias de traspaso de comercio<\/strong>\n<ul>\n<li>Dharlenys Abreu Su\u00e1rez. Panakery<\/li>\n<\/ul>\n<\/li>\n<li><strong>16:00 &#8211; 16:30 horas. Mesa redonda con asociaciones de comercio<\/strong>\n<ul>\n<li>Carlos Albillo. Gerente de la Asociaci\u00f3n de Comercio, Hosteler\u00eda y Servicios del Casco Antiguo de Pamplona<\/li>\n<li>Inma Elcano. Gerente de la Asociaci\u00f3n de Comerciantes de Navarra<\/li>\n<li>Mar\u00eda Jes\u00fas Alonso. Gerente de la Asociaci\u00f3n de Empresarios del Comercio, Hosteler\u00eda y Servicios del Ensanche de Pamplona, Ensanche \u00c1rea Comercial<\/li>\n<\/ul>\n<\/li>\n<\/ul>\n","protected":false},"excerpt":{"rendered":"<p>El programa contempla una jornada el 6 de noviembre en Condestable y un posterior acompa\u00f1amiento personalizado para las personas interesadas<\/p>\n","protected":false},"author":1,"featured_media":14999,"comment_status":"open","ping_status":"closed","sticky":false,"template":"","format":"standard","meta":{"footnotes":""},"categories":[2],"tags":[],"class_list":["post-47745","post","type-post","status-publish","format-standard","has-post-thumbnail","hentry","category-ayuntamiento-pamplona"],"yoast_head":"<!-- This site is optimized with the Yoast SEO plugin v27.3 - https:\/\/yoast.com\/product\/yoast-seo-wordpress\/ -->\n<title>Ayuntamiento de Pamplona, CEIN y asociaciones de comerciantes lanzan un programa de apoyo al sector para mantener la actividad a trav\u00e9s del relevo generacional<\/title>\n<meta name=\"description\" content=\"El programa contempla una jornada el 6 de noviembre en Condestable y un posterior acompa\u00f1amiento personalizado para las personas interesadas\" \/>\n<meta name=\"robots\" content=\"index, follow, max-snippet:-1, max-image-preview:large, max-video-preview:-1\" \/>\n<link rel=\"canonical\" href=\"https:\/\/www.laguiadepamplona.com\/actualidad\/ayuntamiento-de-pamplona-cein-y-asociaciones-de-comerciantes-lanzan-un-programa-de-apoyo-al-sector-para-mantener-la-actividad-a-traves-del-relevo-generacional\/\" \/>\n<meta property=\"og:locale\" content=\"es_ES\" \/>\n<meta property=\"og:type\" content=\"article\" \/>\n<meta property=\"og:title\" content=\"Ayuntamiento de Pamplona, CEIN y asociaciones de comerciantes lanzan un programa de apoyo al sector para mantener la actividad a trav\u00e9s del relevo generacional\" \/>\n<meta property=\"og:description\" content=\"El programa contempla una jornada el 6 de noviembre en Condestable y un posterior acompa\u00f1amiento personalizado para las personas interesadas\" \/>\n<meta property=\"og:url\" content=\"https:\/\/www.laguiadepamplona.com\/actualidad\/ayuntamiento-de-pamplona-cein-y-asociaciones-de-comerciantes-lanzan-un-programa-de-apoyo-al-sector-para-mantener-la-actividad-a-traves-del-relevo-generacional\/\" \/>\n<meta property=\"og:site_name\" content=\"La Gu\u00eda de Pamplona\" \/>\n<meta property=\"article:publisher\" content=\"https:\/\/www.facebook.com\/laguiadepamplonacom-133175176762273\/?ref=hl\" \/>\n<meta property=\"article:published_time\" content=\"2023-10-27T15:22:59+00:00\" \/>\n<meta property=\"og:image\" content=\"https:\/\/www.laguiadepamplona.com\/actualidad\/wp-content\/uploads\/2017\/11\/Edificio-CEIN-04.jpg\" \/>\n\t<meta property=\"og:image:width\" content=\"805\" \/>\n\t<meta property=\"og:image:height\" content=\"350\" \/>\n\t<meta property=\"og:image:type\" content=\"image\/jpeg\" \/>\n<meta name=\"author\" content=\"La Gu\u00eda de Pamplona\" \/>\n<meta name=\"twitter:card\" content=\"summary_large_image\" \/>\n<meta name=\"twitter:creator\" content=\"@LaGuiadPamplona\" \/>\n<meta name=\"twitter:site\" content=\"@LaGuiadPamplona\" \/>\n<meta name=\"twitter:label1\" content=\"Escrito por\" \/>\n\t<meta name=\"twitter:data1\" content=\"La Gu\u00eda de Pamplona\" \/>\n\t<meta name=\"twitter:label2\" content=\"Tiempo de lectura\" \/>\n\t<meta name=\"twitter:data2\" content=\"3 minutos\" \/>\n<script type=\"application\/ld+json\" class=\"yoast-schema-graph\">{\"@context\":\"https:\\\/\\\/schema.org\",\"@graph\":[{\"@type\":\"Article\",\"@id\":\"https:\\\/\\\/www.laguiadepamplona.com\\\/actualidad\\\/ayuntamiento-de-pamplona-cein-y-asociaciones-de-comerciantes-lanzan-un-programa-de-apoyo-al-sector-para-mantener-la-actividad-a-traves-del-relevo-generacional\\\/#article\",\"isPartOf\":{\"@id\":\"https:\\\/\\\/www.laguiadepamplona.com\\\/actualidad\\\/ayuntamiento-de-pamplona-cein-y-asociaciones-de-comerciantes-lanzan-un-programa-de-apoyo-al-sector-para-mantener-la-actividad-a-traves-del-relevo-generacional\\\/\"},\"author\":{\"name\":\"La Gu\u00eda de Pamplona\",\"@id\":\"https:\\\/\\\/www.laguiadepamplona.com\\\/actualidad\\\/#\\\/schema\\\/person\\\/efe887376f0213d4657c93adc50b1fdb\"},\"headline\":\"Ayuntamiento de Pamplona, CEIN y asociaciones de comerciantes lanzan un programa de apoyo al sector para mantener la actividad a trav\u00e9s del relevo generacional\",\"datePublished\":\"2023-10-27T15:22:59+00:00\",\"mainEntityOfPage\":{\"@id\":\"https:\\\/\\\/www.laguiadepamplona.com\\\/actualidad\\\/ayuntamiento-de-pamplona-cein-y-asociaciones-de-comerciantes-lanzan-un-programa-de-apoyo-al-sector-para-mantener-la-actividad-a-traves-del-relevo-generacional\\\/\"},\"wordCount\":553,\"commentCount\":0,\"publisher\":{\"@id\":\"https:\\\/\\\/www.laguiadepamplona.com\\\/actualidad\\\/#organization\"},\"image\":{\"@id\":\"https:\\\/\\\/www.laguiadepamplona.com\\\/actualidad\\\/ayuntamiento-de-pamplona-cein-y-asociaciones-de-comerciantes-lanzan-un-programa-de-apoyo-al-sector-para-mantener-la-actividad-a-traves-del-relevo-generacional\\\/#primaryimage\"},\"thumbnailUrl\":\"https:\\\/\\\/www.laguiadepamplona.com\\\/actualidad\\\/wp-content\\\/uploads\\\/2017\\\/11\\\/Edificio-CEIN-04.jpg\",\"articleSection\":[\"Ayto Pamplona\"],\"inLanguage\":\"es\",\"potentialAction\":[{\"@type\":\"CommentAction\",\"name\":\"Comment\",\"target\":[\"https:\\\/\\\/www.laguiadepamplona.com\\\/actualidad\\\/ayuntamiento-de-pamplona-cein-y-asociaciones-de-comerciantes-lanzan-un-programa-de-apoyo-al-sector-para-mantener-la-actividad-a-traves-del-relevo-generacional\\\/#respond\"]}]},{\"@type\":\"WebPage\",\"@id\":\"https:\\\/\\\/www.laguiadepamplona.com\\\/actualidad\\\/ayuntamiento-de-pamplona-cein-y-asociaciones-de-comerciantes-lanzan-un-programa-de-apoyo-al-sector-para-mantener-la-actividad-a-traves-del-relevo-generacional\\\/\",\"url\":\"https:\\\/\\\/www.laguiadepamplona.com\\\/actualidad\\\/ayuntamiento-de-pamplona-cein-y-asociaciones-de-comerciantes-lanzan-un-programa-de-apoyo-al-sector-para-mantener-la-actividad-a-traves-del-relevo-generacional\\\/\",\"name\":\"Ayuntamiento de Pamplona, CEIN y asociaciones de comerciantes lanzan un programa de apoyo al sector para mantener la actividad a trav\u00e9s del relevo generacional\",\"isPartOf\":{\"@id\":\"https:\\\/\\\/www.laguiadepamplona.com\\\/actualidad\\\/#website\"},\"primaryImageOfPage\":{\"@id\":\"https:\\\/\\\/www.laguiadepamplona.com\\\/actualidad\\\/ayuntamiento-de-pamplona-cein-y-asociaciones-de-comerciantes-lanzan-un-programa-de-apoyo-al-sector-para-mantener-la-actividad-a-traves-del-relevo-generacional\\\/#primaryimage\"},\"image\":{\"@id\":\"https:\\\/\\\/www.laguiadepamplona.com\\\/actualidad\\\/ayuntamiento-de-pamplona-cein-y-asociaciones-de-comerciantes-lanzan-un-programa-de-apoyo-al-sector-para-mantener-la-actividad-a-traves-del-relevo-generacional\\\/#primaryimage\"},\"thumbnailUrl\":\"https:\\\/\\\/www.laguiadepamplona.com\\\/actualidad\\\/wp-content\\\/uploads\\\/2017\\\/11\\\/Edificio-CEIN-04.jpg\",\"datePublished\":\"2023-10-27T15:22:59+00:00\",\"description\":\"El programa contempla una jornada el 6 de noviembre en Condestable y un posterior acompa\u00f1amiento personalizado para las personas interesadas\",\"breadcrumb\":{\"@id\":\"https:\\\/\\\/www.laguiadepamplona.com\\\/actualidad\\\/ayuntamiento-de-pamplona-cein-y-asociaciones-de-comerciantes-lanzan-un-programa-de-apoyo-al-sector-para-mantener-la-actividad-a-traves-del-relevo-generacional\\\/#breadcrumb\"},\"inLanguage\":\"es\",\"potentialAction\":[{\"@type\":\"ReadAction\",\"target\":[\"https:\\\/\\\/www.laguiadepamplona.com\\\/actualidad\\\/ayuntamiento-de-pamplona-cein-y-asociaciones-de-comerciantes-lanzan-un-programa-de-apoyo-al-sector-para-mantener-la-actividad-a-traves-del-relevo-generacional\\\/\"]}]},{\"@type\":\"ImageObject\",\"inLanguage\":\"es\",\"@id\":\"https:\\\/\\\/www.laguiadepamplona.com\\\/actualidad\\\/ayuntamiento-de-pamplona-cein-y-asociaciones-de-comerciantes-lanzan-un-programa-de-apoyo-al-sector-para-mantener-la-actividad-a-traves-del-relevo-generacional\\\/#primaryimage\",\"url\":\"https:\\\/\\\/www.laguiadepamplona.com\\\/actualidad\\\/wp-content\\\/uploads\\\/2017\\\/11\\\/Edificio-CEIN-04.jpg\",\"contentUrl\":\"https:\\\/\\\/www.laguiadepamplona.com\\\/actualidad\\\/wp-content\\\/uploads\\\/2017\\\/11\\\/Edificio-CEIN-04.jpg\",\"width\":805,\"height\":350,\"caption\":\"cein\"},{\"@type\":\"BreadcrumbList\",\"@id\":\"https:\\\/\\\/www.laguiadepamplona.com\\\/actualidad\\\/ayuntamiento-de-pamplona-cein-y-asociaciones-de-comerciantes-lanzan-un-programa-de-apoyo-al-sector-para-mantener-la-actividad-a-traves-del-relevo-generacional\\\/#breadcrumb\",\"itemListElement\":[{\"@type\":\"ListItem\",\"position\":1,\"name\":\"Portada\",\"item\":\"https:\\\/\\\/www.laguiadepamplona.com\\\/actualidad\\\/\"},{\"@type\":\"ListItem\",\"position\":2,\"name\":\"Ayuntamiento de Pamplona, CEIN y asociaciones de comerciantes lanzan un programa de apoyo al sector para mantener la actividad a trav\u00e9s del relevo generacional\"}]},{\"@type\":\"WebSite\",\"@id\":\"https:\\\/\\\/www.laguiadepamplona.com\\\/actualidad\\\/#website\",\"url\":\"https:\\\/\\\/www.laguiadepamplona.com\\\/actualidad\\\/\",\"name\":\"La gu\u00eda de Pamplona\",\"description\":\"Noticias de Pamplona\",\"publisher\":{\"@id\":\"https:\\\/\\\/www.laguiadepamplona.com\\\/actualidad\\\/#organization\"},\"potentialAction\":[{\"@type\":\"SearchAction\",\"target\":{\"@type\":\"EntryPoint\",\"urlTemplate\":\"https:\\\/\\\/www.laguiadepamplona.com\\\/actualidad\\\/?s={search_term_string}\"},\"query-input\":{\"@type\":\"PropertyValueSpecification\",\"valueRequired\":true,\"valueName\":\"search_term_string\"}}],\"inLanguage\":\"es\"},{\"@type\":\"Organization\",\"@id\":\"https:\\\/\\\/www.laguiadepamplona.com\\\/actualidad\\\/#organization\",\"name\":\"La Gu\u00eda de Pamplona \\\/ Noticias\",\"url\":\"https:\\\/\\\/www.laguiadepamplona.com\\\/actualidad\\\/\",\"logo\":{\"@type\":\"ImageObject\",\"inLanguage\":\"es\",\"@id\":\"https:\\\/\\\/www.laguiadepamplona.com\\\/actualidad\\\/#\\\/schema\\\/logo\\\/image\\\/\",\"url\":\"https:\\\/\\\/www.laguiadepamplona.com\\\/actualidad\\\/wp-content\\\/uploads\\\/2018\\\/11\\\/logo-laguiadepamplona18-web1.png\",\"contentUrl\":\"https:\\\/\\\/www.laguiadepamplona.com\\\/actualidad\\\/wp-content\\\/uploads\\\/2018\\\/11\\\/logo-laguiadepamplona18-web1.png\",\"width\":600,\"height\":196,\"caption\":\"La Gu\u00eda de Pamplona \\\/ Noticias\"},\"image\":{\"@id\":\"https:\\\/\\\/www.laguiadepamplona.com\\\/actualidad\\\/#\\\/schema\\\/logo\\\/image\\\/\"},\"sameAs\":[\"https:\\\/\\\/www.facebook.com\\\/laguiadepamplonacom-133175176762273\\\/?ref=hl\",\"https:\\\/\\\/x.com\\\/LaGuiadPamplona\",\"https:\\\/\\\/www.instagram.com\\\/la_guia_de_pamplona\\\/\",\"https:\\\/\\\/www.youtube.com\\\/user\\\/laguiadepamplona\"]},{\"@type\":\"Person\",\"@id\":\"https:\\\/\\\/www.laguiadepamplona.com\\\/actualidad\\\/#\\\/schema\\\/person\\\/efe887376f0213d4657c93adc50b1fdb\",\"name\":\"La Gu\u00eda de Pamplona\",\"image\":{\"@type\":\"ImageObject\",\"inLanguage\":\"es\",\"@id\":\"https:\\\/\\\/secure.gravatar.com\\\/avatar\\\/b6992f131dc8d30ab0dff15446e9d346d9dbd95992de0fef795073f5ea83a81c?s=96&d=mm&r=g\",\"url\":\"https:\\\/\\\/secure.gravatar.com\\\/avatar\\\/b6992f131dc8d30ab0dff15446e9d346d9dbd95992de0fef795073f5ea83a81c?s=96&d=mm&r=g\",\"contentUrl\":\"https:\\\/\\\/secure.gravatar.com\\\/avatar\\\/b6992f131dc8d30ab0dff15446e9d346d9dbd95992de0fef795073f5ea83a81c?s=96&d=mm&r=g\",\"caption\":\"La Gu\u00eda de Pamplona\"}}]}<\/script>\n<!-- \/ Yoast SEO plugin. -->","yoast_head_json":{"title":"Ayuntamiento de Pamplona, CEIN y asociaciones de comerciantes lanzan un programa de apoyo al sector para mantener la actividad a trav\u00e9s del relevo generacional","description":"El programa contempla una jornada el 6 de noviembre en Condestable y un posterior acompa\u00f1amiento personalizado para las personas interesadas","robots":{"index":"index","follow":"follow","max-snippet":"max-snippet:-1","max-image-preview":"max-image-preview:large","max-video-preview":"max-video-preview:-1"},"canonical":"https:\/\/www.laguiadepamplona.com\/actualidad\/ayuntamiento-de-pamplona-cein-y-asociaciones-de-comerciantes-lanzan-un-programa-de-apoyo-al-sector-para-mantener-la-actividad-a-traves-del-relevo-generacional\/","og_locale":"es_ES","og_type":"article","og_title":"Ayuntamiento de Pamplona, CEIN y asociaciones de comerciantes lanzan un programa de apoyo al sector para mantener la actividad a trav\u00e9s del relevo generacional","og_description":"El programa contempla una jornada el 6 de noviembre en Condestable y un posterior acompa\u00f1amiento personalizado para las personas interesadas","og_url":"https:\/\/www.laguiadepamplona.com\/actualidad\/ayuntamiento-de-pamplona-cein-y-asociaciones-de-comerciantes-lanzan-un-programa-de-apoyo-al-sector-para-mantener-la-actividad-a-traves-del-relevo-generacional\/","og_site_name":"La Gu\u00eda de Pamplona","article_publisher":"https:\/\/www.facebook.com\/laguiadepamplonacom-133175176762273\/?ref=hl","article_published_time":"2023-10-27T15:22:59+00:00","og_image":[{"width":805,"height":350,"url":"https:\/\/www.laguiadepamplona.com\/actualidad\/wp-content\/uploads\/2017\/11\/Edificio-CEIN-04.jpg","type":"image\/jpeg"}],"author":"La Gu\u00eda de Pamplona","twitter_card":"summary_large_image","twitter_creator":"@LaGuiadPamplona","twitter_site":"@LaGuiadPamplona","twitter_misc":{"Escrito por":"La Gu\u00eda de Pamplona","Tiempo de lectura":"3 minutos"},"schema":{"@context":"https:\/\/schema.org","@graph":[{"@type":"Article","@id":"https:\/\/www.laguiadepamplona.com\/actualidad\/ayuntamiento-de-pamplona-cein-y-asociaciones-de-comerciantes-lanzan-un-programa-de-apoyo-al-sector-para-mantener-la-actividad-a-traves-del-relevo-generacional\/#article","isPartOf":{"@id":"https:\/\/www.laguiadepamplona.com\/actualidad\/ayuntamiento-de-pamplona-cein-y-asociaciones-de-comerciantes-lanzan-un-programa-de-apoyo-al-sector-para-mantener-la-actividad-a-traves-del-relevo-generacional\/"},"author":{"name":"La Gu\u00eda de Pamplona","@id":"https:\/\/www.laguiadepamplona.com\/actualidad\/#\/schema\/person\/efe887376f0213d4657c93adc50b1fdb"},"headline":"Ayuntamiento de Pamplona, CEIN y asociaciones de comerciantes lanzan un programa de apoyo al sector para mantener la actividad a trav\u00e9s del relevo generacional","datePublished":"2023-10-27T15:22:59+00:00","mainEntityOfPage":{"@id":"https:\/\/www.laguiadepamplona.com\/actualidad\/ayuntamiento-de-pamplona-cein-y-asociaciones-de-comerciantes-lanzan-un-programa-de-apoyo-al-sector-para-mantener-la-actividad-a-traves-del-relevo-generacional\/"},"wordCount":553,"commentCount":0,"publisher":{"@id":"https:\/\/www.laguiadepamplona.com\/actualidad\/#organization"},"image":{"@id":"https:\/\/www.laguiadepamplona.com\/actualidad\/ayuntamiento-de-pamplona-cein-y-asociaciones-de-comerciantes-lanzan-un-programa-de-apoyo-al-sector-para-mantener-la-actividad-a-traves-del-relevo-generacional\/#primaryimage"},"thumbnailUrl":"https:\/\/www.laguiadepamplona.com\/actualidad\/wp-content\/uploads\/2017\/11\/Edificio-CEIN-04.jpg","articleSection":["Ayto Pamplona"],"inLanguage":"es","potentialAction":[{"@type":"CommentAction","name":"Comment","target":["https:\/\/www.laguiadepamplona.com\/actualidad\/ayuntamiento-de-pamplona-cein-y-asociaciones-de-comerciantes-lanzan-un-programa-de-apoyo-al-sector-para-mantener-la-actividad-a-traves-del-relevo-generacional\/#respond"]}]},{"@type":"WebPage","@id":"https:\/\/www.laguiadepamplona.com\/actualidad\/ayuntamiento-de-pamplona-cein-y-asociaciones-de-comerciantes-lanzan-un-programa-de-apoyo-al-sector-para-mantener-la-actividad-a-traves-del-relevo-generacional\/","url":"https:\/\/www.laguiadepamplona.com\/actualidad\/ayuntamiento-de-pamplona-cein-y-asociaciones-de-comerciantes-lanzan-un-programa-de-apoyo-al-sector-para-mantener-la-actividad-a-traves-del-relevo-generacional\/","name":"Ayuntamiento de Pamplona, CEIN y asociaciones de comerciantes lanzan un programa de apoyo al sector para mantener la actividad a trav\u00e9s del relevo generacional","isPartOf":{"@id":"https:\/\/www.laguiadepamplona.com\/actualidad\/#website"},"primaryImageOfPage":{"@id":"https:\/\/www.laguiadepamplona.com\/actualidad\/ayuntamiento-de-pamplona-cein-y-asociaciones-de-comerciantes-lanzan-un-programa-de-apoyo-al-sector-para-mantener-la-actividad-a-traves-del-relevo-generacional\/#primaryimage"},"image":{"@id":"https:\/\/www.laguiadepamplona.com\/actualidad\/ayuntamiento-de-pamplona-cein-y-asociaciones-de-comerciantes-lanzan-un-programa-de-apoyo-al-sector-para-mantener-la-actividad-a-traves-del-relevo-generacional\/#primaryimage"},"thumbnailUrl":"https:\/\/www.laguiadepamplona.com\/actualidad\/wp-content\/uploads\/2017\/11\/Edificio-CEIN-04.jpg","datePublished":"2023-10-27T15:22:59+00:00","description":"El programa contempla una jornada el 6 de noviembre en Condestable y un posterior acompa\u00f1amiento personalizado para las personas interesadas","breadcrumb":{"@id":"https:\/\/www.laguiadepamplona.com\/actualidad\/ayuntamiento-de-pamplona-cein-y-asociaciones-de-comerciantes-lanzan-un-programa-de-apoyo-al-sector-para-mantener-la-actividad-a-traves-del-relevo-generacional\/#breadcrumb"},"inLanguage":"es","potentialAction":[{"@type":"ReadAction","target":["https:\/\/www.laguiadepamplona.com\/actualidad\/ayuntamiento-de-pamplona-cein-y-asociaciones-de-comerciantes-lanzan-un-programa-de-apoyo-al-sector-para-mantener-la-actividad-a-traves-del-relevo-generacional\/"]}]},{"@type":"ImageObject","inLanguage":"es","@id":"https:\/\/www.laguiadepamplona.com\/actualidad\/ayuntamiento-de-pamplona-cein-y-asociaciones-de-comerciantes-lanzan-un-programa-de-apoyo-al-sector-para-mantener-la-actividad-a-traves-del-relevo-generacional\/#primaryimage","url":"https:\/\/www.laguiadepamplona.com\/actualidad\/wp-content\/uploads\/2017\/11\/Edificio-CEIN-04.jpg","contentUrl":"https:\/\/www.laguiadepamplona.com\/actualidad\/wp-content\/uploads\/2017\/11\/Edificio-CEIN-04.jpg","width":805,"height":350,"caption":"cein"},{"@type":"BreadcrumbList","@id":"https:\/\/www.laguiadepamplona.com\/actualidad\/ayuntamiento-de-pamplona-cein-y-asociaciones-de-comerciantes-lanzan-un-programa-de-apoyo-al-sector-para-mantener-la-actividad-a-traves-del-relevo-generacional\/#breadcrumb","itemListElement":[{"@type":"ListItem","position":1,"name":"Portada","item":"https:\/\/www.laguiadepamplona.com\/actualidad\/"},{"@type":"ListItem","position":2,"name":"Ayuntamiento de Pamplona, CEIN y asociaciones de comerciantes lanzan un programa de apoyo al sector para mantener la actividad a trav\u00e9s del relevo generacional"}]},{"@type":"WebSite","@id":"https:\/\/www.laguiadepamplona.com\/actualidad\/#website","url":"https:\/\/www.laguiadepamplona.com\/actualidad\/","name":"La gu\u00eda de Pamplona","description":"Noticias de Pamplona","publisher":{"@id":"https:\/\/www.laguiadepamplona.com\/actualidad\/#organization"},"potentialAction":[{"@type":"SearchAction","target":{"@type":"EntryPoint","urlTemplate":"https:\/\/www.laguiadepamplona.com\/actualidad\/?s={search_term_string}"},"query-input":{"@type":"PropertyValueSpecification","valueRequired":true,"valueName":"search_term_string"}}],"inLanguage":"es"},{"@type":"Organization","@id":"https:\/\/www.laguiadepamplona.com\/actualidad\/#organization","name":"La Gu\u00eda de Pamplona \/ Noticias","url":"https:\/\/www.laguiadepamplona.com\/actualidad\/","logo":{"@type":"ImageObject","inLanguage":"es","@id":"https:\/\/www.laguiadepamplona.com\/actualidad\/#\/schema\/logo\/image\/","url":"https:\/\/www.laguiadepamplona.com\/actualidad\/wp-content\/uploads\/2018\/11\/logo-laguiadepamplona18-web1.png","contentUrl":"https:\/\/www.laguiadepamplona.com\/actualidad\/wp-content\/uploads\/2018\/11\/logo-laguiadepamplona18-web1.png","width":600,"height":196,"caption":"La Gu\u00eda de Pamplona \/ Noticias"},"image":{"@id":"https:\/\/www.laguiadepamplona.com\/actualidad\/#\/schema\/logo\/image\/"},"sameAs":["https:\/\/www.facebook.com\/laguiadepamplonacom-133175176762273\/?ref=hl","https:\/\/x.com\/LaGuiadPamplona","https:\/\/www.instagram.com\/la_guia_de_pamplona\/","https:\/\/www.youtube.com\/user\/laguiadepamplona"]},{"@type":"Person","@id":"https:\/\/www.laguiadepamplona.com\/actualidad\/#\/schema\/person\/efe887376f0213d4657c93adc50b1fdb","name":"La Gu\u00eda de Pamplona","image":{"@type":"ImageObject","inLanguage":"es","@id":"https:\/\/secure.gravatar.com\/avatar\/b6992f131dc8d30ab0dff15446e9d346d9dbd95992de0fef795073f5ea83a81c?s=96&d=mm&r=g","url":"https:\/\/secure.gravatar.com\/avatar\/b6992f131dc8d30ab0dff15446e9d346d9dbd95992de0fef795073f5ea83a81c?s=96&d=mm&r=g","contentUrl":"https:\/\/secure.gravatar.com\/avatar\/b6992f131dc8d30ab0dff15446e9d346d9dbd95992de0fef795073f5ea83a81c?s=96&d=mm&r=g","caption":"La Gu\u00eda de Pamplona"}}]}},"post_mailing_queue_ids":[],"_links":{"self":[{"href":"https:\/\/www.laguiadepamplona.com\/actualidad\/wp-json\/wp\/v2\/posts\/47745","targetHints":{"allow":["GET"]}}],"collection":[{"href":"https:\/\/www.laguiadepamplona.com\/actualidad\/wp-json\/wp\/v2\/posts"}],"about":[{"href":"https:\/\/www.laguiadepamplona.com\/actualidad\/wp-json\/wp\/v2\/types\/post"}],"author":[{"embeddable":true,"href":"https:\/\/www.laguiadepamplona.com\/actualidad\/wp-json\/wp\/v2\/users\/1"}],"replies":[{"embeddable":true,"href":"https:\/\/www.laguiadepamplona.com\/actualidad\/wp-json\/wp\/v2\/comments?post=47745"}],"version-history":[{"count":1,"href":"https:\/\/www.laguiadepamplona.com\/actualidad\/wp-json\/wp\/v2\/posts\/47745\/revisions"}],"predecessor-version":[{"id":47746,"href":"https:\/\/www.laguiadepamplona.com\/actualidad\/wp-json\/wp\/v2\/posts\/47745\/revisions\/47746"}],"wp:featuredmedia":[{"embeddable":true,"href":"https:\/\/www.laguiadepamplona.com\/actualidad\/wp-json\/wp\/v2\/media\/14999"}],"wp:attachment":[{"href":"https:\/\/www.laguiadepamplona.com\/actualidad\/wp-json\/wp\/v2\/media?parent=47745"}],"wp:term":[{"taxonomy":"category","embeddable":true,"href":"https:\/\/www.laguiadepamplona.com\/actualidad\/wp-json\/wp\/v2\/categories?post=47745"},{"taxonomy":"post_tag","embeddable":true,"href":"https:\/\/www.laguiadepamplona.com\/actualidad\/wp-json\/wp\/v2\/tags?post=47745"}],"curies":[{"name":"wp","href":"https:\/\/api.w.org\/{rel}","templated":true}]}}