{"id":47742,"date":"2023-10-26T16:13:59","date_gmt":"2023-10-26T14:13:59","guid":{"rendered":"https:\/\/www.laguiadepamplona.com\/actualidad\/?p=47742"},"modified":"2023-10-26T16:13:59","modified_gmt":"2023-10-26T14:13:59","slug":"las-federaciones-y-clubes-deportivos-conocen-las-lineas-estrategicas-del-ayuntamiento-de-pamplona-para-los-proximos-anos","status":"publish","type":"post","link":"https:\/\/www.laguiadepamplona.com\/actualidad\/las-federaciones-y-clubes-deportivos-conocen-las-lineas-estrategicas-del-ayuntamiento-de-pamplona-para-los-proximos-anos\/","title":{"rendered":"Las federaciones y clubes deportivos conocen las l\u00edneas estrat\u00e9gicas del Ayuntamiento de Pamplona para los pr\u00f3ximos a\u00f1os"},"content":{"rendered":"<h3>El concejal Ra\u00fal Armend\u00e1riz ha destacado la labor de estas entidades para afianzar la pr\u00e1ctica deportiva desde edades tempranas<\/h3>\n<p><!--more--><\/p>\n<p>Un total de veinticinco federaciones, clubes y entidades y organizadores de eventos deportivos han participado esta ma\u00f1ana en un encuentro con el concejal de Servicios Sociales, Deporte y Salud, Ra\u00fal Armend\u00e1riz para conocer las l\u00edneas estrat\u00e9gicas del Ayuntamiento de Pamplona en el \u00e1mbito deportivo. En este sentido, Armend\u00e1riz ha resaltado el papel inclusivo e integrador del deporte y ha resaltado la funci\u00f3n de los clubes y federaciones para afianzar la pr\u00e1ctica deportiva desde edades tempranas.<br \/>\n<script async src=\"\/\/pagead2.googlesyndication.com\/pagead\/js\/adsbygoogle.js\"><\/script><br \/>\n<!-- Noticias La Guia de Pamplona --><br \/>\n<ins class=\"adsbygoogle\"\nstyle=\"display:block\"\ndata-ad-client=\"ca-pub-6943679897239327\"\ndata-ad-slot=\"7048180777\"\ndata-ad-format=\"auto\"><\/ins><br \/>\n<script>\n(adsbygoogle = window.adsbygoogle || []).push({});\n<\/script><\/p>\n<p>En el encuentro, que se ha celebrado en el estadio de El Sadar, han participado nueve federaciones navarras de diversos deportes. En concreto, las de ajedrez, atletismo, baloncesto, f\u00fatbol, golf, halterofilia, nataci\u00f3n, p\u00e1del y pelota vasca. Asimismo, han acudido diecis\u00e9is clubes y asociaciones, entre ellos el Club Atl\u00e9tico Osasuna, los cubles deportivos Amaya, Nataci\u00f3n y Rochapea, adem\u00e1s de representantes de otros deportes como el Club de Pirag\u00fcismo, el Club Ciclista Ermitaga\u00f1a o el Club de B\u00e9isbol y S\u00f3ftbol.<\/p>\n<p>A todos ellos, desde el Ayuntamiento se les ha trasladado la intenci\u00f3n de trabajar durante esta legislatura en la promoci\u00f3n del deporte como herramienta b\u00e1sica para mejorar la integraci\u00f3n social, la salud y el bienestar, en todas las edades. Y hacerlo, adem\u00e1s, en coordinaci\u00f3n con todo el tejido deportivo de la ciudad a trav\u00e9s de una mayor interlocuci\u00f3n entre las partes, cuyo ejemplo es esta reuni\u00f3n. En ella, el Consistorio ha trasladado su apoyo a las federaciones y clubes en su labor diaria y el impulso del deporte base, para convertir a la ciudad en un referente nacional en materia deportiva, incluyendo el deporte femenino. Para ello, el Consistorio ha iniciado un plan de modernizaci\u00f3n de las instalaciones deportivas p\u00fablicas, donde entrenan y compiten muchos de los clubes y asociaciones deportivas de la ciudad. De momento, los trabajos se han centrado en el front\u00f3n Labrit, gracias a las subvenciones recibidas de los fondos europeos Next Generation, pero que prev\u00e9 extenderse al resto de instalaciones, que ya tienen cierta antig\u00fcedad.<\/p>\n","protected":false},"excerpt":{"rendered":"<p>El concejal Ra\u00fal Armend\u00e1riz ha destacado la labor de estas entidades para afianzar la pr\u00e1ctica deportiva desde edades tempranas<\/p>\n","protected":false},"author":1,"featured_media":47743,"comment_status":"open","ping_status":"closed","sticky":false,"template":"","format":"standard","meta":{"footnotes":""},"categories":[2],"tags":[],"class_list":["post-47742","post","type-post","status-publish","format-standard","has-post-thumbnail","hentry","category-ayuntamiento-pamplona"],"yoast_head":"<!-- This site is optimized with the Yoast SEO plugin v27.3 - https:\/\/yoast.com\/product\/yoast-seo-wordpress\/ -->\n<title>Las federaciones y clubes deportivos conocen las l\u00edneas estrat\u00e9gicas del Ayuntamiento de Pamplona para los pr\u00f3ximos a\u00f1os<\/title>\n<meta name=\"description\" content=\"El concejal Ra\u00fal Armend\u00e1riz ha destacado la labor de estas entidades para afianzar la pr\u00e1ctica deportiva desde edades tempranas\" \/>\n<meta name=\"robots\" content=\"index, follow, max-snippet:-1, max-image-preview:large, max-video-preview:-1\" \/>\n<link rel=\"canonical\" href=\"https:\/\/www.laguiadepamplona.com\/actualidad\/las-federaciones-y-clubes-deportivos-conocen-las-lineas-estrategicas-del-ayuntamiento-de-pamplona-para-los-proximos-anos\/\" \/>\n<meta property=\"og:locale\" content=\"es_ES\" \/>\n<meta property=\"og:type\" content=\"article\" \/>\n<meta property=\"og:title\" content=\"Las federaciones y clubes deportivos conocen las l\u00edneas estrat\u00e9gicas del Ayuntamiento de Pamplona para los pr\u00f3ximos a\u00f1os\" \/>\n<meta property=\"og:description\" content=\"El concejal Ra\u00fal Armend\u00e1riz ha destacado la labor de estas entidades para afianzar la pr\u00e1ctica deportiva desde edades tempranas\" \/>\n<meta property=\"og:url\" content=\"https:\/\/www.laguiadepamplona.com\/actualidad\/las-federaciones-y-clubes-deportivos-conocen-las-lineas-estrategicas-del-ayuntamiento-de-pamplona-para-los-proximos-anos\/\" \/>\n<meta property=\"og:site_name\" content=\"La Gu\u00eda de Pamplona\" \/>\n<meta property=\"article:publisher\" content=\"https:\/\/www.facebook.com\/laguiadepamplonacom-133175176762273\/?ref=hl\" \/>\n<meta property=\"article:published_time\" content=\"2023-10-26T14:13:59+00:00\" \/>\n<meta property=\"og:image\" content=\"https:\/\/www.laguiadepamplona.com\/actualidad\/wp-content\/uploads\/2023\/10\/2023_10_26-Agentes-deportivos_Q5A6694.webp\" \/>\n\t<meta property=\"og:image:width\" content=\"1200\" \/>\n\t<meta property=\"og:image:height\" content=\"800\" \/>\n\t<meta property=\"og:image:type\" content=\"image\/webp\" \/>\n<meta name=\"author\" content=\"La Gu\u00eda de Pamplona\" \/>\n<meta name=\"twitter:card\" content=\"summary_large_image\" \/>\n<meta name=\"twitter:creator\" content=\"@LaGuiadPamplona\" \/>\n<meta name=\"twitter:site\" content=\"@LaGuiadPamplona\" \/>\n<meta name=\"twitter:label1\" content=\"Escrito por\" \/>\n\t<meta name=\"twitter:data1\" content=\"La Gu\u00eda de Pamplona\" \/>\n\t<meta name=\"twitter:label2\" content=\"Tiempo de lectura\" \/>\n\t<meta name=\"twitter:data2\" content=\"2 minutos\" \/>\n<script type=\"application\/ld+json\" class=\"yoast-schema-graph\">{\"@context\":\"https:\\\/\\\/schema.org\",\"@graph\":[{\"@type\":\"Article\",\"@id\":\"https:\\\/\\\/www.laguiadepamplona.com\\\/actualidad\\\/las-federaciones-y-clubes-deportivos-conocen-las-lineas-estrategicas-del-ayuntamiento-de-pamplona-para-los-proximos-anos\\\/#article\",\"isPartOf\":{\"@id\":\"https:\\\/\\\/www.laguiadepamplona.com\\\/actualidad\\\/las-federaciones-y-clubes-deportivos-conocen-las-lineas-estrategicas-del-ayuntamiento-de-pamplona-para-los-proximos-anos\\\/\"},\"author\":{\"name\":\"La Gu\u00eda de Pamplona\",\"@id\":\"https:\\\/\\\/www.laguiadepamplona.com\\\/actualidad\\\/#\\\/schema\\\/person\\\/efe887376f0213d4657c93adc50b1fdb\"},\"headline\":\"Las federaciones y clubes deportivos conocen las l\u00edneas estrat\u00e9gicas del Ayuntamiento de Pamplona para los pr\u00f3ximos a\u00f1os\",\"datePublished\":\"2023-10-26T14:13:59+00:00\",\"mainEntityOfPage\":{\"@id\":\"https:\\\/\\\/www.laguiadepamplona.com\\\/actualidad\\\/las-federaciones-y-clubes-deportivos-conocen-las-lineas-estrategicas-del-ayuntamiento-de-pamplona-para-los-proximos-anos\\\/\"},\"wordCount\":397,\"commentCount\":0,\"publisher\":{\"@id\":\"https:\\\/\\\/www.laguiadepamplona.com\\\/actualidad\\\/#organization\"},\"image\":{\"@id\":\"https:\\\/\\\/www.laguiadepamplona.com\\\/actualidad\\\/las-federaciones-y-clubes-deportivos-conocen-las-lineas-estrategicas-del-ayuntamiento-de-pamplona-para-los-proximos-anos\\\/#primaryimage\"},\"thumbnailUrl\":\"https:\\\/\\\/www.laguiadepamplona.com\\\/actualidad\\\/wp-content\\\/uploads\\\/2023\\\/10\\\/2023_10_26-Agentes-deportivos_Q5A6694.webp\",\"articleSection\":[\"Ayto Pamplona\"],\"inLanguage\":\"es\",\"potentialAction\":[{\"@type\":\"CommentAction\",\"name\":\"Comment\",\"target\":[\"https:\\\/\\\/www.laguiadepamplona.com\\\/actualidad\\\/las-federaciones-y-clubes-deportivos-conocen-las-lineas-estrategicas-del-ayuntamiento-de-pamplona-para-los-proximos-anos\\\/#respond\"]}]},{\"@type\":\"WebPage\",\"@id\":\"https:\\\/\\\/www.laguiadepamplona.com\\\/actualidad\\\/las-federaciones-y-clubes-deportivos-conocen-las-lineas-estrategicas-del-ayuntamiento-de-pamplona-para-los-proximos-anos\\\/\",\"url\":\"https:\\\/\\\/www.laguiadepamplona.com\\\/actualidad\\\/las-federaciones-y-clubes-deportivos-conocen-las-lineas-estrategicas-del-ayuntamiento-de-pamplona-para-los-proximos-anos\\\/\",\"name\":\"Las federaciones y clubes deportivos conocen las l\u00edneas estrat\u00e9gicas del Ayuntamiento de Pamplona para los pr\u00f3ximos a\u00f1os\",\"isPartOf\":{\"@id\":\"https:\\\/\\\/www.laguiadepamplona.com\\\/actualidad\\\/#website\"},\"primaryImageOfPage\":{\"@id\":\"https:\\\/\\\/www.laguiadepamplona.com\\\/actualidad\\\/las-federaciones-y-clubes-deportivos-conocen-las-lineas-estrategicas-del-ayuntamiento-de-pamplona-para-los-proximos-anos\\\/#primaryimage\"},\"image\":{\"@id\":\"https:\\\/\\\/www.laguiadepamplona.com\\\/actualidad\\\/las-federaciones-y-clubes-deportivos-conocen-las-lineas-estrategicas-del-ayuntamiento-de-pamplona-para-los-proximos-anos\\\/#primaryimage\"},\"thumbnailUrl\":\"https:\\\/\\\/www.laguiadepamplona.com\\\/actualidad\\\/wp-content\\\/uploads\\\/2023\\\/10\\\/2023_10_26-Agentes-deportivos_Q5A6694.webp\",\"datePublished\":\"2023-10-26T14:13:59+00:00\",\"description\":\"El concejal Ra\u00fal Armend\u00e1riz ha destacado la labor de estas entidades para afianzar la pr\u00e1ctica deportiva desde edades tempranas\",\"breadcrumb\":{\"@id\":\"https:\\\/\\\/www.laguiadepamplona.com\\\/actualidad\\\/las-federaciones-y-clubes-deportivos-conocen-las-lineas-estrategicas-del-ayuntamiento-de-pamplona-para-los-proximos-anos\\\/#breadcrumb\"},\"inLanguage\":\"es\",\"potentialAction\":[{\"@type\":\"ReadAction\",\"target\":[\"https:\\\/\\\/www.laguiadepamplona.com\\\/actualidad\\\/las-federaciones-y-clubes-deportivos-conocen-las-lineas-estrategicas-del-ayuntamiento-de-pamplona-para-los-proximos-anos\\\/\"]}]},{\"@type\":\"ImageObject\",\"inLanguage\":\"es\",\"@id\":\"https:\\\/\\\/www.laguiadepamplona.com\\\/actualidad\\\/las-federaciones-y-clubes-deportivos-conocen-las-lineas-estrategicas-del-ayuntamiento-de-pamplona-para-los-proximos-anos\\\/#primaryimage\",\"url\":\"https:\\\/\\\/www.laguiadepamplona.com\\\/actualidad\\\/wp-content\\\/uploads\\\/2023\\\/10\\\/2023_10_26-Agentes-deportivos_Q5A6694.webp\",\"contentUrl\":\"https:\\\/\\\/www.laguiadepamplona.com\\\/actualidad\\\/wp-content\\\/uploads\\\/2023\\\/10\\\/2023_10_26-Agentes-deportivos_Q5A6694.webp\",\"width\":1200,\"height\":800,\"caption\":\"agenda deportivos\"},{\"@type\":\"BreadcrumbList\",\"@id\":\"https:\\\/\\\/www.laguiadepamplona.com\\\/actualidad\\\/las-federaciones-y-clubes-deportivos-conocen-las-lineas-estrategicas-del-ayuntamiento-de-pamplona-para-los-proximos-anos\\\/#breadcrumb\",\"itemListElement\":[{\"@type\":\"ListItem\",\"position\":1,\"name\":\"Portada\",\"item\":\"https:\\\/\\\/www.laguiadepamplona.com\\\/actualidad\\\/\"},{\"@type\":\"ListItem\",\"position\":2,\"name\":\"Las federaciones y clubes deportivos conocen las l\u00edneas estrat\u00e9gicas del Ayuntamiento de Pamplona para los pr\u00f3ximos a\u00f1os\"}]},{\"@type\":\"WebSite\",\"@id\":\"https:\\\/\\\/www.laguiadepamplona.com\\\/actualidad\\\/#website\",\"url\":\"https:\\\/\\\/www.laguiadepamplona.com\\\/actualidad\\\/\",\"name\":\"La gu\u00eda de Pamplona\",\"description\":\"Noticias de Pamplona\",\"publisher\":{\"@id\":\"https:\\\/\\\/www.laguiadepamplona.com\\\/actualidad\\\/#organization\"},\"potentialAction\":[{\"@type\":\"SearchAction\",\"target\":{\"@type\":\"EntryPoint\",\"urlTemplate\":\"https:\\\/\\\/www.laguiadepamplona.com\\\/actualidad\\\/?s={search_term_string}\"},\"query-input\":{\"@type\":\"PropertyValueSpecification\",\"valueRequired\":true,\"valueName\":\"search_term_string\"}}],\"inLanguage\":\"es\"},{\"@type\":\"Organization\",\"@id\":\"https:\\\/\\\/www.laguiadepamplona.com\\\/actualidad\\\/#organization\",\"name\":\"La Gu\u00eda de Pamplona \\\/ Noticias\",\"url\":\"https:\\\/\\\/www.laguiadepamplona.com\\\/actualidad\\\/\",\"logo\":{\"@type\":\"ImageObject\",\"inLanguage\":\"es\",\"@id\":\"https:\\\/\\\/www.laguiadepamplona.com\\\/actualidad\\\/#\\\/schema\\\/logo\\\/image\\\/\",\"url\":\"https:\\\/\\\/www.laguiadepamplona.com\\\/actualidad\\\/wp-content\\\/uploads\\\/2018\\\/11\\\/logo-laguiadepamplona18-web1.png\",\"contentUrl\":\"https:\\\/\\\/www.laguiadepamplona.com\\\/actualidad\\\/wp-content\\\/uploads\\\/2018\\\/11\\\/logo-laguiadepamplona18-web1.png\",\"width\":600,\"height\":196,\"caption\":\"La Gu\u00eda de Pamplona \\\/ Noticias\"},\"image\":{\"@id\":\"https:\\\/\\\/www.laguiadepamplona.com\\\/actualidad\\\/#\\\/schema\\\/logo\\\/image\\\/\"},\"sameAs\":[\"https:\\\/\\\/www.facebook.com\\\/laguiadepamplonacom-133175176762273\\\/?ref=hl\",\"https:\\\/\\\/x.com\\\/LaGuiadPamplona\",\"https:\\\/\\\/www.instagram.com\\\/la_guia_de_pamplona\\\/\",\"https:\\\/\\\/www.youtube.com\\\/user\\\/laguiadepamplona\"]},{\"@type\":\"Person\",\"@id\":\"https:\\\/\\\/www.laguiadepamplona.com\\\/actualidad\\\/#\\\/schema\\\/person\\\/efe887376f0213d4657c93adc50b1fdb\",\"name\":\"La Gu\u00eda de Pamplona\",\"image\":{\"@type\":\"ImageObject\",\"inLanguage\":\"es\",\"@id\":\"https:\\\/\\\/secure.gravatar.com\\\/avatar\\\/b6992f131dc8d30ab0dff15446e9d346d9dbd95992de0fef795073f5ea83a81c?s=96&d=mm&r=g\",\"url\":\"https:\\\/\\\/secure.gravatar.com\\\/avatar\\\/b6992f131dc8d30ab0dff15446e9d346d9dbd95992de0fef795073f5ea83a81c?s=96&d=mm&r=g\",\"contentUrl\":\"https:\\\/\\\/secure.gravatar.com\\\/avatar\\\/b6992f131dc8d30ab0dff15446e9d346d9dbd95992de0fef795073f5ea83a81c?s=96&d=mm&r=g\",\"caption\":\"La Gu\u00eda de Pamplona\"}}]}<\/script>\n<!-- \/ Yoast SEO plugin. -->","yoast_head_json":{"title":"Las federaciones y clubes deportivos conocen las l\u00edneas estrat\u00e9gicas del Ayuntamiento de Pamplona para los pr\u00f3ximos a\u00f1os","description":"El concejal Ra\u00fal Armend\u00e1riz ha destacado la labor de estas entidades para afianzar la pr\u00e1ctica deportiva desde edades tempranas","robots":{"index":"index","follow":"follow","max-snippet":"max-snippet:-1","max-image-preview":"max-image-preview:large","max-video-preview":"max-video-preview:-1"},"canonical":"https:\/\/www.laguiadepamplona.com\/actualidad\/las-federaciones-y-clubes-deportivos-conocen-las-lineas-estrategicas-del-ayuntamiento-de-pamplona-para-los-proximos-anos\/","og_locale":"es_ES","og_type":"article","og_title":"Las federaciones y clubes deportivos conocen las l\u00edneas estrat\u00e9gicas del Ayuntamiento de Pamplona para los pr\u00f3ximos a\u00f1os","og_description":"El concejal Ra\u00fal Armend\u00e1riz ha destacado la labor de estas entidades para afianzar la pr\u00e1ctica deportiva desde edades tempranas","og_url":"https:\/\/www.laguiadepamplona.com\/actualidad\/las-federaciones-y-clubes-deportivos-conocen-las-lineas-estrategicas-del-ayuntamiento-de-pamplona-para-los-proximos-anos\/","og_site_name":"La Gu\u00eda de Pamplona","article_publisher":"https:\/\/www.facebook.com\/laguiadepamplonacom-133175176762273\/?ref=hl","article_published_time":"2023-10-26T14:13:59+00:00","og_image":[{"width":1200,"height":800,"url":"https:\/\/www.laguiadepamplona.com\/actualidad\/wp-content\/uploads\/2023\/10\/2023_10_26-Agentes-deportivos_Q5A6694.webp","type":"image\/webp"}],"author":"La Gu\u00eda de Pamplona","twitter_card":"summary_large_image","twitter_creator":"@LaGuiadPamplona","twitter_site":"@LaGuiadPamplona","twitter_misc":{"Escrito por":"La Gu\u00eda de Pamplona","Tiempo de lectura":"2 minutos"},"schema":{"@context":"https:\/\/schema.org","@graph":[{"@type":"Article","@id":"https:\/\/www.laguiadepamplona.com\/actualidad\/las-federaciones-y-clubes-deportivos-conocen-las-lineas-estrategicas-del-ayuntamiento-de-pamplona-para-los-proximos-anos\/#article","isPartOf":{"@id":"https:\/\/www.laguiadepamplona.com\/actualidad\/las-federaciones-y-clubes-deportivos-conocen-las-lineas-estrategicas-del-ayuntamiento-de-pamplona-para-los-proximos-anos\/"},"author":{"name":"La Gu\u00eda de Pamplona","@id":"https:\/\/www.laguiadepamplona.com\/actualidad\/#\/schema\/person\/efe887376f0213d4657c93adc50b1fdb"},"headline":"Las federaciones y clubes deportivos conocen las l\u00edneas estrat\u00e9gicas del Ayuntamiento de Pamplona para los pr\u00f3ximos a\u00f1os","datePublished":"2023-10-26T14:13:59+00:00","mainEntityOfPage":{"@id":"https:\/\/www.laguiadepamplona.com\/actualidad\/las-federaciones-y-clubes-deportivos-conocen-las-lineas-estrategicas-del-ayuntamiento-de-pamplona-para-los-proximos-anos\/"},"wordCount":397,"commentCount":0,"publisher":{"@id":"https:\/\/www.laguiadepamplona.com\/actualidad\/#organization"},"image":{"@id":"https:\/\/www.laguiadepamplona.com\/actualidad\/las-federaciones-y-clubes-deportivos-conocen-las-lineas-estrategicas-del-ayuntamiento-de-pamplona-para-los-proximos-anos\/#primaryimage"},"thumbnailUrl":"https:\/\/www.laguiadepamplona.com\/actualidad\/wp-content\/uploads\/2023\/10\/2023_10_26-Agentes-deportivos_Q5A6694.webp","articleSection":["Ayto Pamplona"],"inLanguage":"es","potentialAction":[{"@type":"CommentAction","name":"Comment","target":["https:\/\/www.laguiadepamplona.com\/actualidad\/las-federaciones-y-clubes-deportivos-conocen-las-lineas-estrategicas-del-ayuntamiento-de-pamplona-para-los-proximos-anos\/#respond"]}]},{"@type":"WebPage","@id":"https:\/\/www.laguiadepamplona.com\/actualidad\/las-federaciones-y-clubes-deportivos-conocen-las-lineas-estrategicas-del-ayuntamiento-de-pamplona-para-los-proximos-anos\/","url":"https:\/\/www.laguiadepamplona.com\/actualidad\/las-federaciones-y-clubes-deportivos-conocen-las-lineas-estrategicas-del-ayuntamiento-de-pamplona-para-los-proximos-anos\/","name":"Las federaciones y clubes deportivos conocen las l\u00edneas estrat\u00e9gicas del Ayuntamiento de Pamplona para los pr\u00f3ximos a\u00f1os","isPartOf":{"@id":"https:\/\/www.laguiadepamplona.com\/actualidad\/#website"},"primaryImageOfPage":{"@id":"https:\/\/www.laguiadepamplona.com\/actualidad\/las-federaciones-y-clubes-deportivos-conocen-las-lineas-estrategicas-del-ayuntamiento-de-pamplona-para-los-proximos-anos\/#primaryimage"},"image":{"@id":"https:\/\/www.laguiadepamplona.com\/actualidad\/las-federaciones-y-clubes-deportivos-conocen-las-lineas-estrategicas-del-ayuntamiento-de-pamplona-para-los-proximos-anos\/#primaryimage"},"thumbnailUrl":"https:\/\/www.laguiadepamplona.com\/actualidad\/wp-content\/uploads\/2023\/10\/2023_10_26-Agentes-deportivos_Q5A6694.webp","datePublished":"2023-10-26T14:13:59+00:00","description":"El concejal Ra\u00fal Armend\u00e1riz ha destacado la labor de estas entidades para afianzar la pr\u00e1ctica deportiva desde edades tempranas","breadcrumb":{"@id":"https:\/\/www.laguiadepamplona.com\/actualidad\/las-federaciones-y-clubes-deportivos-conocen-las-lineas-estrategicas-del-ayuntamiento-de-pamplona-para-los-proximos-anos\/#breadcrumb"},"inLanguage":"es","potentialAction":[{"@type":"ReadAction","target":["https:\/\/www.laguiadepamplona.com\/actualidad\/las-federaciones-y-clubes-deportivos-conocen-las-lineas-estrategicas-del-ayuntamiento-de-pamplona-para-los-proximos-anos\/"]}]},{"@type":"ImageObject","inLanguage":"es","@id":"https:\/\/www.laguiadepamplona.com\/actualidad\/las-federaciones-y-clubes-deportivos-conocen-las-lineas-estrategicas-del-ayuntamiento-de-pamplona-para-los-proximos-anos\/#primaryimage","url":"https:\/\/www.laguiadepamplona.com\/actualidad\/wp-content\/uploads\/2023\/10\/2023_10_26-Agentes-deportivos_Q5A6694.webp","contentUrl":"https:\/\/www.laguiadepamplona.com\/actualidad\/wp-content\/uploads\/2023\/10\/2023_10_26-Agentes-deportivos_Q5A6694.webp","width":1200,"height":800,"caption":"agenda deportivos"},{"@type":"BreadcrumbList","@id":"https:\/\/www.laguiadepamplona.com\/actualidad\/las-federaciones-y-clubes-deportivos-conocen-las-lineas-estrategicas-del-ayuntamiento-de-pamplona-para-los-proximos-anos\/#breadcrumb","itemListElement":[{"@type":"ListItem","position":1,"name":"Portada","item":"https:\/\/www.laguiadepamplona.com\/actualidad\/"},{"@type":"ListItem","position":2,"name":"Las federaciones y clubes deportivos conocen las l\u00edneas estrat\u00e9gicas del Ayuntamiento de Pamplona para los pr\u00f3ximos a\u00f1os"}]},{"@type":"WebSite","@id":"https:\/\/www.laguiadepamplona.com\/actualidad\/#website","url":"https:\/\/www.laguiadepamplona.com\/actualidad\/","name":"La gu\u00eda de Pamplona","description":"Noticias de Pamplona","publisher":{"@id":"https:\/\/www.laguiadepamplona.com\/actualidad\/#organization"},"potentialAction":[{"@type":"SearchAction","target":{"@type":"EntryPoint","urlTemplate":"https:\/\/www.laguiadepamplona.com\/actualidad\/?s={search_term_string}"},"query-input":{"@type":"PropertyValueSpecification","valueRequired":true,"valueName":"search_term_string"}}],"inLanguage":"es"},{"@type":"Organization","@id":"https:\/\/www.laguiadepamplona.com\/actualidad\/#organization","name":"La Gu\u00eda de Pamplona \/ Noticias","url":"https:\/\/www.laguiadepamplona.com\/actualidad\/","logo":{"@type":"ImageObject","inLanguage":"es","@id":"https:\/\/www.laguiadepamplona.com\/actualidad\/#\/schema\/logo\/image\/","url":"https:\/\/www.laguiadepamplona.com\/actualidad\/wp-content\/uploads\/2018\/11\/logo-laguiadepamplona18-web1.png","contentUrl":"https:\/\/www.laguiadepamplona.com\/actualidad\/wp-content\/uploads\/2018\/11\/logo-laguiadepamplona18-web1.png","width":600,"height":196,"caption":"La Gu\u00eda de Pamplona \/ Noticias"},"image":{"@id":"https:\/\/www.laguiadepamplona.com\/actualidad\/#\/schema\/logo\/image\/"},"sameAs":["https:\/\/www.facebook.com\/laguiadepamplonacom-133175176762273\/?ref=hl","https:\/\/x.com\/LaGuiadPamplona","https:\/\/www.instagram.com\/la_guia_de_pamplona\/","https:\/\/www.youtube.com\/user\/laguiadepamplona"]},{"@type":"Person","@id":"https:\/\/www.laguiadepamplona.com\/actualidad\/#\/schema\/person\/efe887376f0213d4657c93adc50b1fdb","name":"La Gu\u00eda de Pamplona","image":{"@type":"ImageObject","inLanguage":"es","@id":"https:\/\/secure.gravatar.com\/avatar\/b6992f131dc8d30ab0dff15446e9d346d9dbd95992de0fef795073f5ea83a81c?s=96&d=mm&r=g","url":"https:\/\/secure.gravatar.com\/avatar\/b6992f131dc8d30ab0dff15446e9d346d9dbd95992de0fef795073f5ea83a81c?s=96&d=mm&r=g","contentUrl":"https:\/\/secure.gravatar.com\/avatar\/b6992f131dc8d30ab0dff15446e9d346d9dbd95992de0fef795073f5ea83a81c?s=96&d=mm&r=g","caption":"La Gu\u00eda de Pamplona"}}]}},"post_mailing_queue_ids":[],"_links":{"self":[{"href":"https:\/\/www.laguiadepamplona.com\/actualidad\/wp-json\/wp\/v2\/posts\/47742","targetHints":{"allow":["GET"]}}],"collection":[{"href":"https:\/\/www.laguiadepamplona.com\/actualidad\/wp-json\/wp\/v2\/posts"}],"about":[{"href":"https:\/\/www.laguiadepamplona.com\/actualidad\/wp-json\/wp\/v2\/types\/post"}],"author":[{"embeddable":true,"href":"https:\/\/www.laguiadepamplona.com\/actualidad\/wp-json\/wp\/v2\/users\/1"}],"replies":[{"embeddable":true,"href":"https:\/\/www.laguiadepamplona.com\/actualidad\/wp-json\/wp\/v2\/comments?post=47742"}],"version-history":[{"count":1,"href":"https:\/\/www.laguiadepamplona.com\/actualidad\/wp-json\/wp\/v2\/posts\/47742\/revisions"}],"predecessor-version":[{"id":47744,"href":"https:\/\/www.laguiadepamplona.com\/actualidad\/wp-json\/wp\/v2\/posts\/47742\/revisions\/47744"}],"wp:featuredmedia":[{"embeddable":true,"href":"https:\/\/www.laguiadepamplona.com\/actualidad\/wp-json\/wp\/v2\/media\/47743"}],"wp:attachment":[{"href":"https:\/\/www.laguiadepamplona.com\/actualidad\/wp-json\/wp\/v2\/media?parent=47742"}],"wp:term":[{"taxonomy":"category","embeddable":true,"href":"https:\/\/www.laguiadepamplona.com\/actualidad\/wp-json\/wp\/v2\/categories?post=47742"},{"taxonomy":"post_tag","embeddable":true,"href":"https:\/\/www.laguiadepamplona.com\/actualidad\/wp-json\/wp\/v2\/tags?post=47742"}],"curies":[{"name":"wp","href":"https:\/\/api.w.org\/{rel}","templated":true}]}}