{"id":47736,"date":"2023-10-26T13:18:37","date_gmt":"2023-10-26T11:18:37","guid":{"rendered":"https:\/\/www.laguiadepamplona.com\/actualidad\/?p=47736"},"modified":"2023-10-26T13:18:37","modified_gmt":"2023-10-26T11:18:37","slug":"propuesta-de-actividades-organizadas-por-el-ayuntamiento-de-pamplona-del-27-al-30-de-octubre-con-plazas-libres","status":"publish","type":"post","link":"https:\/\/www.laguiadepamplona.com\/actualidad\/propuesta-de-actividades-organizadas-por-el-ayuntamiento-de-pamplona-del-27-al-30-de-octubre-con-plazas-libres\/","title":{"rendered":"Propuesta de actividades organizadas por el Ayuntamiento de Pamplona del 27 al 30 de octubre con plazas libres"},"content":{"rendered":"<p><!--more--><\/p>\n<p><strong>VIERNES 27 DE OCTUBRE<\/strong><\/p>\n<p><a href=\"https:\/\/www.pamplona.es\/actualidad\/eventos\/mercadillo-de-intercambio-sin-dinero-museo-de-educacion-ambiental-octubre\">Escuela de Sostenibilidad. Mercadillo de intercambio sin dinero. Museo de Educaci\u00f3n Ambiental<\/a>, de 10 a 13 horas. Libre participaci\u00f3n<\/p>\n<p>Se ofrece una alternativa a la compra, impulsando la reutilizaci\u00f3n. As\u00ed, se contribuye al cuidado del entorno, ya que se ahorra en materia prima y energ\u00eda. Se puede encontrar desde ropa, calzado, abalorios, libros, juguetes, etc. Las personas participantes traer\u00e1n objetos en buen estado que ya no utilicen y que puedan ser de inter\u00e9s para otras personas. Podr\u00e1n intercambiar hasta un m\u00e1ximo de seis objetos por semana por otros objetos de valor similar. El intercambio estar\u00e1 supervisado por el equipo de educaci\u00f3n ambiental, garantizando que el cambio sea equitativo y se haga de forma ordenada.<\/p>\n<p><a href=\"https:\/\/www.pamplona.es\/actualidad\/eventos\/taller-castanada-decora-castanas-en-la-biblioteca-biblioteca-publica-de-san\">Taller. Casta\u00f1ada: decora casta\u00f1as en la biblioteca. Biblioteca P\u00fablica de San Francisco<\/a>, 17.30 horas. Inscripciones en la biblioteca, en el 948 210 524 o en <a href=\"mailto:biblisfr@navarra.es\">biblisfr@navarra.es<\/a><\/p>\n<p>Taller de manualidades inspirado en tradiciones en torno a la fiesta de Todos los Santos en el que los ni\u00f1os y ni\u00f1as podr\u00e1n encontrar en la biblioteca casta\u00f1as y pinturas para decorarlas y crear sus propios dise\u00f1os. Para p\u00fablico infantil entre 5 y 8 a\u00f1os.<\/p>\n<p><a href=\"XII%20Festival%20Internacional%20de%20Cine%20Fant\u00e1stico%20y%20de%20Terror%20de%20Navarra%20-%20Casa%20de%20la%20Juventud\">XII Festival Internacional de Cine Fant\u00e1stico y de Terror de Navarra. Proyecciones y otras actividades. Casa de la Juventud, a partir de las 18 horas. Entrada libre, hasta completar el aforo<\/a><\/p>\n<p>A las 18 horas, tendr\u00e1n lugar actividades comoun karaoke con disfraces y el escape room \u2018El s\u00f3tano de la locura\u2019A partir de las 19 horas, se proyectar\u00e1n los cortometrajes \u2018Solo hay una\u2019, \u2018Sincopat\u2019, \u2018Wordlines III\u2019, \u2018Cementerio de coches\u2019, \u2018Las almendras amargas\u2019, \u2018Sacrificio\u2019 y \u2018Solo un ensayo\u2019.<br \/>\n<script async src=\"\/\/pagead2.googlesyndication.com\/pagead\/js\/adsbygoogle.js\"><\/script><br \/>\n<!-- Noticias La Guia de Pamplona --><br \/>\n<ins class=\"adsbygoogle\"\nstyle=\"display:block\"\ndata-ad-client=\"ca-pub-6943679897239327\"\ndata-ad-slot=\"7048180777\"\ndata-ad-format=\"auto\"><\/ins><br \/>\n<script>\n(adsbygoogle = window.adsbygoogle || []).push({});\n<\/script><\/p>\n<p><a href=\"https:\/\/www.pamplona.es\/actualidad\/eventos\/antzerki-aroa-23-teatro-en-euskera-zeozertan-dabil-baina-ez-dakit-zertan-ent\">Antzerki Aroa. Teatro en euskera. \u201cZeozertan dabil baina ez dakit zertan\u201d, de Metrokoadroka. Escuela Navarra de Teatro<\/a>, 19 horas. Entrada: 8 euros, en <a href=\"http:\/\/www.laescueladeteatro.com\">www.laescueladeteatro.com<\/a> o en la taquilla de la ENT desde una hora antes<\/p>\n<p>Una casa, cualquier casa. Un sal\u00f3n, cualquier sal\u00f3n. Tres amigos, pregunt\u00e1ndose: \u00bfsomos una familia? Comienza la obra y el p\u00fablico no tendr\u00e1 claro cu\u00e1l es la relaci\u00f3n entre estas tres presencias. Poco a poco ir\u00e1 desvel\u00e1ndose, por medio de sus acciones, qu\u00e9 se esconde bajo sus risas enlatadas. Sobre esta base un aluvi\u00f3n de preguntas, contradicciones y momentos humor\u00edsticos entretejen un viaje esc\u00e9nico inesperado. Metrokoadroka kolektiboa lleva a escena una pieza que transita entre la sitcom y la poes\u00eda visual.<\/p>\n<p><a href=\"https:\/\/www.pamplona.es\/actualidad\/eventos\/festival-internacional-de-cine-de-navarra-niff-civican\">Festival After Cage. Concierto did\u00e1ctico. \u2018Antonio Tromboncino\u2019. Escuela de M\u00fasica Joaqu\u00edn Maya<\/a>, 19 horas. Entrada libre, hasta completar el aforo<\/p>\n<p>El encuentro para todos los p\u00fablicos ofrece la creaci\u00f3n de Antonio Jim\u00e9nez, \u2018Tromboncino\u2019, para m\u00fasico de viento-actor en el cual, a trav\u00e9s de una historia imaginaria con composiciones propias, presenta instrumentos como la trompa alpina, didjerid\u00fa, conchas de mar y objetos como tuber\u00edas, grifos de agua o mangueras de jard\u00edn.\u00a0<strong>Antonio Jim\u00e9nez Marin<\/strong>\u00a0es un m\u00fasico dedicado a la exploraci\u00f3n de las posibilidades del instrumento que ha llevado sus performances a los m\u00e1s destacados festivales del mundo.<\/p>\n<p><a href=\"https:\/\/www.pamplona.es\/actualidad\/eventos\/microstable-vi-festival-de-micro-artes-escenicas-de-pamplona-sesion-oficial\">Microstable. VI Festival de Micro Artes Esc\u00e9nicas de Pamplona. Sesi\u00f3n oficial. \u2018Benditas\u2019 de El Mono Habitado, \u2018H2O\u2019 de La Trapecista y \u2018Pasado magia y futuro\u2019 de CIA Itzal Teatro Magia e Iban Alguea. Civivox Condestable<\/a>, 19.30, 20 y 20.30 horas. Entrada: 10 euros\/sesi\u00f3n, con inscripci\u00f3n previa en el tel\u00e9fono 010, la red Civivox y <a href=\"http:\/\/www.pamplonaescultura.es\">www.pamplonaescultura.es<\/a><\/p>\n<p>En \u2018Benditas\u2019, dos pastoras se encuentran en el campo con sus reba\u00f1os cuando tienen, o creen tener, una aparici\u00f3n mariana. Dos mujeres y un resplandor en una conversaci\u00f3n sobre lo humano y lo divino que pasar\u00e1 por el reproche, pero tambi\u00e9n por la comprensi\u00f3n y la camarader\u00eda. A trav\u00e9s de un lenguaje elaborado de poes\u00eda visual a\u00e9rea, \u2018H2O\u2019 nos sumerge en un mundo tranquilo. En una atm\u00f3sfera de sensaciones de suspensi\u00f3n y de apnea acu\u00e1ticas, que transmiten calma y belleza. En \u2018Pasado magia y futuro\u2019, haremos un viaje m\u00e1gico en el tiempo al Londres de 1930 para conocer a un olvidado mago, James. Buscaremos el componente imprescindible para que la MAGIA, no los trucos, perviva. James presentar\u00e1 su m\u00e1quina con la que por todos los medios intentar\u00e1 viajar al pasado y al futuro, recorrer\u00e1 libros e imposibles para averiguar el secreto m\u00e1s profundo de la magia.<br \/>\n<script async src=\"\/\/pagead2.googlesyndication.com\/pagead\/js\/adsbygoogle.js\"><\/script><br \/>\n<!-- Noticias La Guia de Pamplona --><br \/>\n<ins class=\"adsbygoogle\"\nstyle=\"display:block\"\ndata-ad-client=\"ca-pub-6943679897239327\"\ndata-ad-slot=\"7048180777\"\ndata-ad-format=\"auto\"><\/ins><br \/>\n<script>\n(adsbygoogle = window.adsbygoogle || []).push({});\n<\/script><\/p>\n<p>&nbsp;<\/p>\n<p><strong>S\u00c1BADO 28 DE OCTUBRE<\/strong><\/p>\n<p><a href=\"Cuentos%20y%20mucho%20m\u00e1s.-Cuentacuentos.-Cuentos%20al%20comp\u00e1s%20de%20cuatro%20por%20cuatro-%20Civivox%20Condestable\">Cuentos y mucho m\u00e1s. Cuentacuentos. \u00a1\u00a1\u00a1Ven que te cuento!!! Civivox Ensanche, 12 horas, y Civivox Milagrosa<\/a>, 18 horas. Entrada libre, previa inscripci\u00f3n en el 010, la red Civivox y <a href=\"http:\/\/www.pamplonaescultura.es\">www.pamplonaescultura.es<\/a><\/p>\n<p>Te cuento un cuento peque\u00f1o y otro m\u00e1s largo. Te cuento un cuento de susto y otro de risa\u2026 Te cuento muchos cuentos. Cuentos con mil a\u00f1os y otros reci\u00e9n nacidos. Tambi\u00e9n muchas palabras, silencios e imaginaci\u00f3n. \u00bfVienes? \u00a1Que te cuento! Con Estitxu Arroyo, Dirigido a p\u00fablico infantil mayor de 3 a\u00f1os.<\/p>\n<p><a href=\"https:\/\/www.pamplona.es\/actualidad\/eventos\/tarde-de-ocio-de-terror-actividades-variadas-casa-de-la-juventud\">Tarde de ocio de terror. Actividades variadas. Casa de la Juventud<\/a>, de 17.15 a 21 horas. Entrada libre<\/p>\n<p>En esta aterradora velada, organizada por la Asociaci\u00f3n L&amp;T, encontrar\u00e1s juegos de mesa de tem\u00e1tica macabra, podr\u00e1s crear videos terror\u00edficos, descubrir\u00e1s el rol en vivo y podr\u00e1s realizar escalofriantes escapes rooms.<br \/>\n<script async src=\"\/\/pagead2.googlesyndication.com\/pagead\/js\/adsbygoogle.js\"><\/script><br \/>\n<!-- Noticias La Guia de Pamplona --><br \/>\n<ins class=\"adsbygoogle\"\nstyle=\"display:block\"\ndata-ad-client=\"ca-pub-6943679897239327\"\ndata-ad-slot=\"7048180777\"\ndata-ad-format=\"auto\"><\/ins><br \/>\n<script>\n(adsbygoogle = window.adsbygoogle || []).push({});\n<\/script><\/p>\n<p><a href=\"XII%20Festival%20Internacional%20de%20Cine%20Fant\u00e1stico%20y%20de%20Terror%20de%20Navarra%20-%20Casa%20de%20la%20Juventud\">XII Festival Internacional de Cine Fant\u00e1stico y de Terror de Navarra. Proyecci\u00f3n y entrega de premios. Casa de la Juventud<\/a>, a partir de las 19 horas. Entrada libre, hasta completar el aforo<\/p>\n<p>La \u00faltima jornada del festival concluir\u00e1 con la proyecci\u00f3n de \u2018La autopsia de Jane Doe\u2019, un filme que se desarrolla \u00edntegramente en los bajos de una empresa funeraria familiar de una peque\u00f1a localidad donde, una la noche, hay que realizar una autopsia a un cad\u00e1ver extra\u00f1o. Padre e hijo tratar\u00e1n de saber cu\u00e1l es la causa de la muerte, aparentemente natural. Tras la proyecci\u00f3n de la pel\u00edcula, se anunciar\u00e1n los cortos ganadores y se realizar\u00e1 la entrega de premios.<\/p>\n<p><a href=\"https:\/\/www.pamplona.es\/actualidad\/eventos\/microstable-vi-festival-de-micro-artes-escenicas-de-pamplona-sesion-oficial-0\">Microstable. VI Festival de Micro Artes Esc\u00e9nicas de Pamplona. Sesi\u00f3n oficial. \u2018Tropismos\u2019 de Toni Guti\u00e9rrez, \u2018Llagas\u2019 de Serendipity Teatro y \u2018Lavanderas de Lorca\u2019 de Arantxa Villanueva Compa\u00f1\u00eda de Danza. Civivox Condestable<\/a>, 19.30, 20 y 20.30 horas. Entrada: 10 euros\/sesi\u00f3n, con inscripci\u00f3n previa en el tel\u00e9fono 010, la red Civivox y <a href=\"http:\/\/www.pamplonaescultura.es\">www.pamplonaescultura.es<\/a><\/p>\n<p>\u2018Tropismos\u2019 es arte circense. Un cuerpo que brota, se abre, se enreda, nace y se balancea con el viento. Se convierte en p\u00e1jaro, insecto y mono. Otro ser vivo. Hecho de hombre, de vegetal, de alma y de animal. Una mezcla de impulsos an\u00edmicos, animal\u00edsticos, instintivos. En \u2018Llagas\u2019, Manuel es un cura que atraviesa una gran crisis personal y espiritual. Su \u00fanico apoyo es el Cristo de madera con el que habla diariamente en busca de respuestas. En \u2018Lavanderas de Lorca\u2019, el propio Lorca nos invita a reflexionar sobre la situaci\u00f3n de las mujeres de todos los tiempos. Acompa\u00f1amos a sus protagonistas al r\u00edo donde lavaban sus penas y planteamos al p\u00fablico el ejercicio de comparar aquellas vivencias con sucesos actuales.<br \/>\n<script async src=\"\/\/pagead2.googlesyndication.com\/pagead\/js\/adsbygoogle.js\"><\/script><br \/>\n<!-- Noticias La Guia de Pamplona --><br \/>\n<ins class=\"adsbygoogle\"\nstyle=\"display:block\"\ndata-ad-client=\"ca-pub-6943679897239327\"\ndata-ad-slot=\"7048180777\"\ndata-ad-format=\"auto\"><\/ins><br \/>\n<script>\n(adsbygoogle = window.adsbygoogle || []).push({});\n<\/script><\/p>\n<p>&nbsp;<\/p>\n<p><strong>DOMINGO 29 DE OCTUBRE<\/strong><\/p>\n<p><a href=\"https:\/\/www.pamplona.es\/actualidad\/eventos\/microstable-vi-festival-de-micro-artes-escenicas-de-pamplona-sesion-especial\">Microstable. VI Festival de Micro Artes Esc\u00e9nicas de Pamplona. Sesi\u00f3n especial familiar. \u2018Madelein\u2019 de Compagnie des Vents et Mar\u00e9es, \u2018Amico\u2019 de Amico Teatro y \u2018Tropismos\u2019 de Toni Guti\u00e9rrez. Civivox Condestable<\/a>, 11.30, 12 y 12.30 horas. Entrada: 3 euros\/sesi\u00f3n, con inscripci\u00f3n previa en el tel\u00e9fono 010, la red Civivox y <a href=\"http:\/\/www.pamplonaescultura.es\">www.pamplonaescultura.es<\/a><\/p>\n<p>\u2018Madelein\u2019 es humor visual sin palabras. Un payaso espera. Desbordante de tonter\u00edas. Un payaso espera. La soledad se escapa al abrir la maleta. Un payaso espera. El humor y la poes\u00eda se encuentran. Un payaso espera. Compartiendo con el p\u00fablico una absurda intimidad, de locura y risas. En \u2018Amico\u2019, dos actores a trav\u00e9s de un lenguaje coreogr\u00e1fico y de teatro gestual llenan su particular universo de humor, danza y acrobacia celebrando as\u00ed su amistad y la de sus personajes. \u2018Tropismos\u2019 es arte circense. Un cuerpo que brota, se abre, se enreda, nace y se balancea con el viento. Se convierte en p\u00e1jaro, insecto y mono. Otro ser vivo. Hecho de hombre, de vegetal, de alma y de animal. Una mezcla de impulsos an\u00edmicos, animal\u00edsticos, instintivos.<\/p>\n<p><a href=\"https:\/\/www.pamplona.es\/actualidad\/eventos\/microstable-vi-festival-de-micro-artes-escenicas-de-pamplona-sesion-oficial-1\">Microstable. VI Festival de Micro Artes Esc\u00e9nicas de Pamplona. Sesi\u00f3n oficial. \u2018Exorcismus\u2019 de Tinoni Creaciones, \u2018Oportunidades\u2019 de la Compa\u00f1\u00eda Profesional Laura Laiglesia y \u2018Oroimen\u2019 de Akira Yoshida Michel. Civivox Condestable<\/a>, 19.30, 20 y 20.30 horas. Entrada: 10 euros\/sesi\u00f3n, con inscripci\u00f3n previa en el tel\u00e9fono 010, la red Civivox y <a href=\"http:\/\/www.pamplonaescultura.es\">www.pamplonaescultura.es<\/a><br \/>\n<script async src=\"\/\/pagead2.googlesyndication.com\/pagead\/js\/adsbygoogle.js\"><\/script><br \/>\n<!-- Noticias La Guia de Pamplona --><br \/>\n<ins class=\"adsbygoogle\"\nstyle=\"display:block\"\ndata-ad-client=\"ca-pub-6943679897239327\"\ndata-ad-slot=\"7048180777\"\ndata-ad-format=\"auto\"><\/ins><br \/>\n<script>\n(adsbygoogle = window.adsbygoogle || []).push({});\n<\/script><\/p>\n<p>En \u2018Exorcismus\u2019, Lucifer ha venido con ganas de poseer y esta vez no va a dejar que el poder de cristo le obligue. Una comedia musical terror\u00edfica que querr\u00edan ver todos los demonios. En \u2018Oportunidades\u2019, dos hermanas se ven envueltas en una \u2018aventura\u2019 del todo inveros\u00edmil pero cierta, un hecho posiblemente ilegal, alentadas por la \u00faltima voluntad de su madre, ya muerta. Escondidas en un probador de se\u00f1oras de la sexta planta de El Corte Ingl\u00e9s susurran una discusi\u00f3n que esclarece las personalidades de ambas hermanas, las relaciones con los hombres de la familia, el car\u00e1cter de una madre abnegada. \u2018Oroimen\u2019 es una obra de danza que reflexiona sobre un solitario en un viaje rememorativo a trav\u00e9s de la memoria de las acciones vividas por las manos; el tacto, la juventud, el amor, la vida, la muerte.<\/p>\n","protected":false},"excerpt":{"rendered":"","protected":false},"author":1,"featured_media":41391,"comment_status":"open","ping_status":"closed","sticky":false,"template":"","format":"standard","meta":{"footnotes":""},"categories":[2],"tags":[],"class_list":["post-47736","post","type-post","status-publish","format-standard","has-post-thumbnail","hentry","category-ayuntamiento-pamplona"],"yoast_head":"<!-- This site is optimized with the Yoast SEO plugin v27.3 - https:\/\/yoast.com\/product\/yoast-seo-wordpress\/ -->\n<title>Propuesta de actividades organizadas por el Ayuntamiento de Pamplona del 27 al 30 de octubre con plazas libres<\/title>\n<meta name=\"robots\" content=\"index, follow, max-snippet:-1, max-image-preview:large, max-video-preview:-1\" \/>\n<link rel=\"canonical\" href=\"https:\/\/www.laguiadepamplona.com\/actualidad\/propuesta-de-actividades-organizadas-por-el-ayuntamiento-de-pamplona-del-27-al-30-de-octubre-con-plazas-libres\/\" \/>\n<meta property=\"og:locale\" content=\"es_ES\" \/>\n<meta property=\"og:type\" content=\"article\" \/>\n<meta property=\"og:title\" content=\"Propuesta de actividades organizadas por el Ayuntamiento de Pamplona del 27 al 30 de octubre con plazas libres\" \/>\n<meta property=\"og:url\" content=\"https:\/\/www.laguiadepamplona.com\/actualidad\/propuesta-de-actividades-organizadas-por-el-ayuntamiento-de-pamplona-del-27-al-30-de-octubre-con-plazas-libres\/\" \/>\n<meta property=\"og:site_name\" content=\"La Gu\u00eda de Pamplona\" \/>\n<meta property=\"article:publisher\" content=\"https:\/\/www.facebook.com\/laguiadepamplonacom-133175176762273\/?ref=hl\" \/>\n<meta property=\"article:published_time\" content=\"2023-10-26T11:18:37+00:00\" \/>\n<meta property=\"og:image\" content=\"https:\/\/www.laguiadepamplona.com\/actualidad\/wp-content\/uploads\/2022\/08\/reloj_ayuntamiento.webp\" \/>\n\t<meta property=\"og:image:width\" content=\"1920\" \/>\n\t<meta property=\"og:image:height\" content=\"1245\" \/>\n\t<meta property=\"og:image:type\" content=\"image\/webp\" \/>\n<meta name=\"author\" content=\"La Gu\u00eda de Pamplona\" \/>\n<meta name=\"twitter:card\" content=\"summary_large_image\" \/>\n<meta name=\"twitter:creator\" content=\"@LaGuiadPamplona\" \/>\n<meta name=\"twitter:site\" content=\"@LaGuiadPamplona\" \/>\n<meta name=\"twitter:label1\" content=\"Escrito por\" \/>\n\t<meta name=\"twitter:data1\" content=\"La Gu\u00eda de Pamplona\" \/>\n\t<meta name=\"twitter:label2\" content=\"Tiempo de lectura\" \/>\n\t<meta name=\"twitter:data2\" content=\"7 minutos\" \/>\n<script type=\"application\/ld+json\" class=\"yoast-schema-graph\">{\"@context\":\"https:\\\/\\\/schema.org\",\"@graph\":[{\"@type\":\"Article\",\"@id\":\"https:\\\/\\\/www.laguiadepamplona.com\\\/actualidad\\\/propuesta-de-actividades-organizadas-por-el-ayuntamiento-de-pamplona-del-27-al-30-de-octubre-con-plazas-libres\\\/#article\",\"isPartOf\":{\"@id\":\"https:\\\/\\\/www.laguiadepamplona.com\\\/actualidad\\\/propuesta-de-actividades-organizadas-por-el-ayuntamiento-de-pamplona-del-27-al-30-de-octubre-con-plazas-libres\\\/\"},\"author\":{\"name\":\"La Gu\u00eda de Pamplona\",\"@id\":\"https:\\\/\\\/www.laguiadepamplona.com\\\/actualidad\\\/#\\\/schema\\\/person\\\/efe887376f0213d4657c93adc50b1fdb\"},\"headline\":\"Propuesta de actividades organizadas por el Ayuntamiento de Pamplona del 27 al 30 de octubre con plazas libres\",\"datePublished\":\"2023-10-26T11:18:37+00:00\",\"mainEntityOfPage\":{\"@id\":\"https:\\\/\\\/www.laguiadepamplona.com\\\/actualidad\\\/propuesta-de-actividades-organizadas-por-el-ayuntamiento-de-pamplona-del-27-al-30-de-octubre-con-plazas-libres\\\/\"},\"wordCount\":1599,\"commentCount\":0,\"publisher\":{\"@id\":\"https:\\\/\\\/www.laguiadepamplona.com\\\/actualidad\\\/#organization\"},\"image\":{\"@id\":\"https:\\\/\\\/www.laguiadepamplona.com\\\/actualidad\\\/propuesta-de-actividades-organizadas-por-el-ayuntamiento-de-pamplona-del-27-al-30-de-octubre-con-plazas-libres\\\/#primaryimage\"},\"thumbnailUrl\":\"https:\\\/\\\/www.laguiadepamplona.com\\\/actualidad\\\/wp-content\\\/uploads\\\/2022\\\/08\\\/reloj_ayuntamiento.webp\",\"articleSection\":[\"Ayto Pamplona\"],\"inLanguage\":\"es\",\"potentialAction\":[{\"@type\":\"CommentAction\",\"name\":\"Comment\",\"target\":[\"https:\\\/\\\/www.laguiadepamplona.com\\\/actualidad\\\/propuesta-de-actividades-organizadas-por-el-ayuntamiento-de-pamplona-del-27-al-30-de-octubre-con-plazas-libres\\\/#respond\"]}]},{\"@type\":\"WebPage\",\"@id\":\"https:\\\/\\\/www.laguiadepamplona.com\\\/actualidad\\\/propuesta-de-actividades-organizadas-por-el-ayuntamiento-de-pamplona-del-27-al-30-de-octubre-con-plazas-libres\\\/\",\"url\":\"https:\\\/\\\/www.laguiadepamplona.com\\\/actualidad\\\/propuesta-de-actividades-organizadas-por-el-ayuntamiento-de-pamplona-del-27-al-30-de-octubre-con-plazas-libres\\\/\",\"name\":\"Propuesta de actividades organizadas por el Ayuntamiento de Pamplona del 27 al 30 de octubre con plazas libres\",\"isPartOf\":{\"@id\":\"https:\\\/\\\/www.laguiadepamplona.com\\\/actualidad\\\/#website\"},\"primaryImageOfPage\":{\"@id\":\"https:\\\/\\\/www.laguiadepamplona.com\\\/actualidad\\\/propuesta-de-actividades-organizadas-por-el-ayuntamiento-de-pamplona-del-27-al-30-de-octubre-con-plazas-libres\\\/#primaryimage\"},\"image\":{\"@id\":\"https:\\\/\\\/www.laguiadepamplona.com\\\/actualidad\\\/propuesta-de-actividades-organizadas-por-el-ayuntamiento-de-pamplona-del-27-al-30-de-octubre-con-plazas-libres\\\/#primaryimage\"},\"thumbnailUrl\":\"https:\\\/\\\/www.laguiadepamplona.com\\\/actualidad\\\/wp-content\\\/uploads\\\/2022\\\/08\\\/reloj_ayuntamiento.webp\",\"datePublished\":\"2023-10-26T11:18:37+00:00\",\"breadcrumb\":{\"@id\":\"https:\\\/\\\/www.laguiadepamplona.com\\\/actualidad\\\/propuesta-de-actividades-organizadas-por-el-ayuntamiento-de-pamplona-del-27-al-30-de-octubre-con-plazas-libres\\\/#breadcrumb\"},\"inLanguage\":\"es\",\"potentialAction\":[{\"@type\":\"ReadAction\",\"target\":[\"https:\\\/\\\/www.laguiadepamplona.com\\\/actualidad\\\/propuesta-de-actividades-organizadas-por-el-ayuntamiento-de-pamplona-del-27-al-30-de-octubre-con-plazas-libres\\\/\"]}]},{\"@type\":\"ImageObject\",\"inLanguage\":\"es\",\"@id\":\"https:\\\/\\\/www.laguiadepamplona.com\\\/actualidad\\\/propuesta-de-actividades-organizadas-por-el-ayuntamiento-de-pamplona-del-27-al-30-de-octubre-con-plazas-libres\\\/#primaryimage\",\"url\":\"https:\\\/\\\/www.laguiadepamplona.com\\\/actualidad\\\/wp-content\\\/uploads\\\/2022\\\/08\\\/reloj_ayuntamiento.webp\",\"contentUrl\":\"https:\\\/\\\/www.laguiadepamplona.com\\\/actualidad\\\/wp-content\\\/uploads\\\/2022\\\/08\\\/reloj_ayuntamiento.webp\",\"width\":1920,\"height\":1245,\"caption\":\"ayuntamiento\"},{\"@type\":\"BreadcrumbList\",\"@id\":\"https:\\\/\\\/www.laguiadepamplona.com\\\/actualidad\\\/propuesta-de-actividades-organizadas-por-el-ayuntamiento-de-pamplona-del-27-al-30-de-octubre-con-plazas-libres\\\/#breadcrumb\",\"itemListElement\":[{\"@type\":\"ListItem\",\"position\":1,\"name\":\"Portada\",\"item\":\"https:\\\/\\\/www.laguiadepamplona.com\\\/actualidad\\\/\"},{\"@type\":\"ListItem\",\"position\":2,\"name\":\"Propuesta de actividades organizadas por el Ayuntamiento de Pamplona del 27 al 30 de octubre con plazas libres\"}]},{\"@type\":\"WebSite\",\"@id\":\"https:\\\/\\\/www.laguiadepamplona.com\\\/actualidad\\\/#website\",\"url\":\"https:\\\/\\\/www.laguiadepamplona.com\\\/actualidad\\\/\",\"name\":\"La gu\u00eda de Pamplona\",\"description\":\"Noticias de Pamplona\",\"publisher\":{\"@id\":\"https:\\\/\\\/www.laguiadepamplona.com\\\/actualidad\\\/#organization\"},\"potentialAction\":[{\"@type\":\"SearchAction\",\"target\":{\"@type\":\"EntryPoint\",\"urlTemplate\":\"https:\\\/\\\/www.laguiadepamplona.com\\\/actualidad\\\/?s={search_term_string}\"},\"query-input\":{\"@type\":\"PropertyValueSpecification\",\"valueRequired\":true,\"valueName\":\"search_term_string\"}}],\"inLanguage\":\"es\"},{\"@type\":\"Organization\",\"@id\":\"https:\\\/\\\/www.laguiadepamplona.com\\\/actualidad\\\/#organization\",\"name\":\"La Gu\u00eda de Pamplona \\\/ Noticias\",\"url\":\"https:\\\/\\\/www.laguiadepamplona.com\\\/actualidad\\\/\",\"logo\":{\"@type\":\"ImageObject\",\"inLanguage\":\"es\",\"@id\":\"https:\\\/\\\/www.laguiadepamplona.com\\\/actualidad\\\/#\\\/schema\\\/logo\\\/image\\\/\",\"url\":\"https:\\\/\\\/www.laguiadepamplona.com\\\/actualidad\\\/wp-content\\\/uploads\\\/2018\\\/11\\\/logo-laguiadepamplona18-web1.png\",\"contentUrl\":\"https:\\\/\\\/www.laguiadepamplona.com\\\/actualidad\\\/wp-content\\\/uploads\\\/2018\\\/11\\\/logo-laguiadepamplona18-web1.png\",\"width\":600,\"height\":196,\"caption\":\"La Gu\u00eda de Pamplona \\\/ Noticias\"},\"image\":{\"@id\":\"https:\\\/\\\/www.laguiadepamplona.com\\\/actualidad\\\/#\\\/schema\\\/logo\\\/image\\\/\"},\"sameAs\":[\"https:\\\/\\\/www.facebook.com\\\/laguiadepamplonacom-133175176762273\\\/?ref=hl\",\"https:\\\/\\\/x.com\\\/LaGuiadPamplona\",\"https:\\\/\\\/www.instagram.com\\\/la_guia_de_pamplona\\\/\",\"https:\\\/\\\/www.youtube.com\\\/user\\\/laguiadepamplona\"]},{\"@type\":\"Person\",\"@id\":\"https:\\\/\\\/www.laguiadepamplona.com\\\/actualidad\\\/#\\\/schema\\\/person\\\/efe887376f0213d4657c93adc50b1fdb\",\"name\":\"La Gu\u00eda de Pamplona\",\"image\":{\"@type\":\"ImageObject\",\"inLanguage\":\"es\",\"@id\":\"https:\\\/\\\/secure.gravatar.com\\\/avatar\\\/b6992f131dc8d30ab0dff15446e9d346d9dbd95992de0fef795073f5ea83a81c?s=96&d=mm&r=g\",\"url\":\"https:\\\/\\\/secure.gravatar.com\\\/avatar\\\/b6992f131dc8d30ab0dff15446e9d346d9dbd95992de0fef795073f5ea83a81c?s=96&d=mm&r=g\",\"contentUrl\":\"https:\\\/\\\/secure.gravatar.com\\\/avatar\\\/b6992f131dc8d30ab0dff15446e9d346d9dbd95992de0fef795073f5ea83a81c?s=96&d=mm&r=g\",\"caption\":\"La Gu\u00eda de Pamplona\"}}]}<\/script>\n<!-- \/ Yoast SEO plugin. -->","yoast_head_json":{"title":"Propuesta de actividades organizadas por el Ayuntamiento de Pamplona del 27 al 30 de octubre con plazas libres","robots":{"index":"index","follow":"follow","max-snippet":"max-snippet:-1","max-image-preview":"max-image-preview:large","max-video-preview":"max-video-preview:-1"},"canonical":"https:\/\/www.laguiadepamplona.com\/actualidad\/propuesta-de-actividades-organizadas-por-el-ayuntamiento-de-pamplona-del-27-al-30-de-octubre-con-plazas-libres\/","og_locale":"es_ES","og_type":"article","og_title":"Propuesta de actividades organizadas por el Ayuntamiento de Pamplona del 27 al 30 de octubre con plazas libres","og_url":"https:\/\/www.laguiadepamplona.com\/actualidad\/propuesta-de-actividades-organizadas-por-el-ayuntamiento-de-pamplona-del-27-al-30-de-octubre-con-plazas-libres\/","og_site_name":"La Gu\u00eda de Pamplona","article_publisher":"https:\/\/www.facebook.com\/laguiadepamplonacom-133175176762273\/?ref=hl","article_published_time":"2023-10-26T11:18:37+00:00","og_image":[{"width":1920,"height":1245,"url":"https:\/\/www.laguiadepamplona.com\/actualidad\/wp-content\/uploads\/2022\/08\/reloj_ayuntamiento.webp","type":"image\/webp"}],"author":"La Gu\u00eda de Pamplona","twitter_card":"summary_large_image","twitter_creator":"@LaGuiadPamplona","twitter_site":"@LaGuiadPamplona","twitter_misc":{"Escrito por":"La Gu\u00eda de Pamplona","Tiempo de lectura":"7 minutos"},"schema":{"@context":"https:\/\/schema.org","@graph":[{"@type":"Article","@id":"https:\/\/www.laguiadepamplona.com\/actualidad\/propuesta-de-actividades-organizadas-por-el-ayuntamiento-de-pamplona-del-27-al-30-de-octubre-con-plazas-libres\/#article","isPartOf":{"@id":"https:\/\/www.laguiadepamplona.com\/actualidad\/propuesta-de-actividades-organizadas-por-el-ayuntamiento-de-pamplona-del-27-al-30-de-octubre-con-plazas-libres\/"},"author":{"name":"La Gu\u00eda de Pamplona","@id":"https:\/\/www.laguiadepamplona.com\/actualidad\/#\/schema\/person\/efe887376f0213d4657c93adc50b1fdb"},"headline":"Propuesta de actividades organizadas por el Ayuntamiento de Pamplona del 27 al 30 de octubre con plazas libres","datePublished":"2023-10-26T11:18:37+00:00","mainEntityOfPage":{"@id":"https:\/\/www.laguiadepamplona.com\/actualidad\/propuesta-de-actividades-organizadas-por-el-ayuntamiento-de-pamplona-del-27-al-30-de-octubre-con-plazas-libres\/"},"wordCount":1599,"commentCount":0,"publisher":{"@id":"https:\/\/www.laguiadepamplona.com\/actualidad\/#organization"},"image":{"@id":"https:\/\/www.laguiadepamplona.com\/actualidad\/propuesta-de-actividades-organizadas-por-el-ayuntamiento-de-pamplona-del-27-al-30-de-octubre-con-plazas-libres\/#primaryimage"},"thumbnailUrl":"https:\/\/www.laguiadepamplona.com\/actualidad\/wp-content\/uploads\/2022\/08\/reloj_ayuntamiento.webp","articleSection":["Ayto Pamplona"],"inLanguage":"es","potentialAction":[{"@type":"CommentAction","name":"Comment","target":["https:\/\/www.laguiadepamplona.com\/actualidad\/propuesta-de-actividades-organizadas-por-el-ayuntamiento-de-pamplona-del-27-al-30-de-octubre-con-plazas-libres\/#respond"]}]},{"@type":"WebPage","@id":"https:\/\/www.laguiadepamplona.com\/actualidad\/propuesta-de-actividades-organizadas-por-el-ayuntamiento-de-pamplona-del-27-al-30-de-octubre-con-plazas-libres\/","url":"https:\/\/www.laguiadepamplona.com\/actualidad\/propuesta-de-actividades-organizadas-por-el-ayuntamiento-de-pamplona-del-27-al-30-de-octubre-con-plazas-libres\/","name":"Propuesta de actividades organizadas por el Ayuntamiento de Pamplona del 27 al 30 de octubre con plazas libres","isPartOf":{"@id":"https:\/\/www.laguiadepamplona.com\/actualidad\/#website"},"primaryImageOfPage":{"@id":"https:\/\/www.laguiadepamplona.com\/actualidad\/propuesta-de-actividades-organizadas-por-el-ayuntamiento-de-pamplona-del-27-al-30-de-octubre-con-plazas-libres\/#primaryimage"},"image":{"@id":"https:\/\/www.laguiadepamplona.com\/actualidad\/propuesta-de-actividades-organizadas-por-el-ayuntamiento-de-pamplona-del-27-al-30-de-octubre-con-plazas-libres\/#primaryimage"},"thumbnailUrl":"https:\/\/www.laguiadepamplona.com\/actualidad\/wp-content\/uploads\/2022\/08\/reloj_ayuntamiento.webp","datePublished":"2023-10-26T11:18:37+00:00","breadcrumb":{"@id":"https:\/\/www.laguiadepamplona.com\/actualidad\/propuesta-de-actividades-organizadas-por-el-ayuntamiento-de-pamplona-del-27-al-30-de-octubre-con-plazas-libres\/#breadcrumb"},"inLanguage":"es","potentialAction":[{"@type":"ReadAction","target":["https:\/\/www.laguiadepamplona.com\/actualidad\/propuesta-de-actividades-organizadas-por-el-ayuntamiento-de-pamplona-del-27-al-30-de-octubre-con-plazas-libres\/"]}]},{"@type":"ImageObject","inLanguage":"es","@id":"https:\/\/www.laguiadepamplona.com\/actualidad\/propuesta-de-actividades-organizadas-por-el-ayuntamiento-de-pamplona-del-27-al-30-de-octubre-con-plazas-libres\/#primaryimage","url":"https:\/\/www.laguiadepamplona.com\/actualidad\/wp-content\/uploads\/2022\/08\/reloj_ayuntamiento.webp","contentUrl":"https:\/\/www.laguiadepamplona.com\/actualidad\/wp-content\/uploads\/2022\/08\/reloj_ayuntamiento.webp","width":1920,"height":1245,"caption":"ayuntamiento"},{"@type":"BreadcrumbList","@id":"https:\/\/www.laguiadepamplona.com\/actualidad\/propuesta-de-actividades-organizadas-por-el-ayuntamiento-de-pamplona-del-27-al-30-de-octubre-con-plazas-libres\/#breadcrumb","itemListElement":[{"@type":"ListItem","position":1,"name":"Portada","item":"https:\/\/www.laguiadepamplona.com\/actualidad\/"},{"@type":"ListItem","position":2,"name":"Propuesta de actividades organizadas por el Ayuntamiento de Pamplona del 27 al 30 de octubre con plazas libres"}]},{"@type":"WebSite","@id":"https:\/\/www.laguiadepamplona.com\/actualidad\/#website","url":"https:\/\/www.laguiadepamplona.com\/actualidad\/","name":"La gu\u00eda de Pamplona","description":"Noticias de Pamplona","publisher":{"@id":"https:\/\/www.laguiadepamplona.com\/actualidad\/#organization"},"potentialAction":[{"@type":"SearchAction","target":{"@type":"EntryPoint","urlTemplate":"https:\/\/www.laguiadepamplona.com\/actualidad\/?s={search_term_string}"},"query-input":{"@type":"PropertyValueSpecification","valueRequired":true,"valueName":"search_term_string"}}],"inLanguage":"es"},{"@type":"Organization","@id":"https:\/\/www.laguiadepamplona.com\/actualidad\/#organization","name":"La Gu\u00eda de Pamplona \/ Noticias","url":"https:\/\/www.laguiadepamplona.com\/actualidad\/","logo":{"@type":"ImageObject","inLanguage":"es","@id":"https:\/\/www.laguiadepamplona.com\/actualidad\/#\/schema\/logo\/image\/","url":"https:\/\/www.laguiadepamplona.com\/actualidad\/wp-content\/uploads\/2018\/11\/logo-laguiadepamplona18-web1.png","contentUrl":"https:\/\/www.laguiadepamplona.com\/actualidad\/wp-content\/uploads\/2018\/11\/logo-laguiadepamplona18-web1.png","width":600,"height":196,"caption":"La Gu\u00eda de Pamplona \/ Noticias"},"image":{"@id":"https:\/\/www.laguiadepamplona.com\/actualidad\/#\/schema\/logo\/image\/"},"sameAs":["https:\/\/www.facebook.com\/laguiadepamplonacom-133175176762273\/?ref=hl","https:\/\/x.com\/LaGuiadPamplona","https:\/\/www.instagram.com\/la_guia_de_pamplona\/","https:\/\/www.youtube.com\/user\/laguiadepamplona"]},{"@type":"Person","@id":"https:\/\/www.laguiadepamplona.com\/actualidad\/#\/schema\/person\/efe887376f0213d4657c93adc50b1fdb","name":"La Gu\u00eda de Pamplona","image":{"@type":"ImageObject","inLanguage":"es","@id":"https:\/\/secure.gravatar.com\/avatar\/b6992f131dc8d30ab0dff15446e9d346d9dbd95992de0fef795073f5ea83a81c?s=96&d=mm&r=g","url":"https:\/\/secure.gravatar.com\/avatar\/b6992f131dc8d30ab0dff15446e9d346d9dbd95992de0fef795073f5ea83a81c?s=96&d=mm&r=g","contentUrl":"https:\/\/secure.gravatar.com\/avatar\/b6992f131dc8d30ab0dff15446e9d346d9dbd95992de0fef795073f5ea83a81c?s=96&d=mm&r=g","caption":"La Gu\u00eda de Pamplona"}}]}},"post_mailing_queue_ids":[],"_links":{"self":[{"href":"https:\/\/www.laguiadepamplona.com\/actualidad\/wp-json\/wp\/v2\/posts\/47736","targetHints":{"allow":["GET"]}}],"collection":[{"href":"https:\/\/www.laguiadepamplona.com\/actualidad\/wp-json\/wp\/v2\/posts"}],"about":[{"href":"https:\/\/www.laguiadepamplona.com\/actualidad\/wp-json\/wp\/v2\/types\/post"}],"author":[{"embeddable":true,"href":"https:\/\/www.laguiadepamplona.com\/actualidad\/wp-json\/wp\/v2\/users\/1"}],"replies":[{"embeddable":true,"href":"https:\/\/www.laguiadepamplona.com\/actualidad\/wp-json\/wp\/v2\/comments?post=47736"}],"version-history":[{"count":1,"href":"https:\/\/www.laguiadepamplona.com\/actualidad\/wp-json\/wp\/v2\/posts\/47736\/revisions"}],"predecessor-version":[{"id":47737,"href":"https:\/\/www.laguiadepamplona.com\/actualidad\/wp-json\/wp\/v2\/posts\/47736\/revisions\/47737"}],"wp:featuredmedia":[{"embeddable":true,"href":"https:\/\/www.laguiadepamplona.com\/actualidad\/wp-json\/wp\/v2\/media\/41391"}],"wp:attachment":[{"href":"https:\/\/www.laguiadepamplona.com\/actualidad\/wp-json\/wp\/v2\/media?parent=47736"}],"wp:term":[{"taxonomy":"category","embeddable":true,"href":"https:\/\/www.laguiadepamplona.com\/actualidad\/wp-json\/wp\/v2\/categories?post=47736"},{"taxonomy":"post_tag","embeddable":true,"href":"https:\/\/www.laguiadepamplona.com\/actualidad\/wp-json\/wp\/v2\/tags?post=47736"}],"curies":[{"name":"wp","href":"https:\/\/api.w.org\/{rel}","templated":true}]}}