{"id":47734,"date":"2023-10-26T13:17:07","date_gmt":"2023-10-26T11:17:07","guid":{"rendered":"https:\/\/www.laguiadepamplona.com\/actualidad\/?p=47734"},"modified":"2023-10-26T13:23:24","modified_gmt":"2023-10-26T11:23:24","slug":"la-alcaldesa-de-pamplona-recibe-al-presidente-de-la-media-luna-roja-saharaui-que-acude-a-la-casa-consistorial-a-agradecer-casi-tres-decadas-de-apoyo","status":"publish","type":"post","link":"https:\/\/www.laguiadepamplona.com\/actualidad\/la-alcaldesa-de-pamplona-recibe-al-presidente-de-la-media-luna-roja-saharaui-que-acude-a-la-casa-consistorial-a-agradecer-casi-tres-decadas-de-apoyo\/","title":{"rendered":"La alcaldesa de Pamplona recibe al presidente de la Media Luna Roja Saharaui, que acude a la Casa Consistorial a agradecer casi tres d\u00e9cadas de apoyo"},"content":{"rendered":"<h3>El Ayuntamiento apoya a la poblaci\u00f3n saharaui a trav\u00e9s de proyectos de cooperaci\u00f3n al desarrollo, ayuda humanitaria y cesi\u00f3n de infraestructuras<\/h3>\n<p><!--more--><\/p>\n<p>La alcaldesa de Pamplona, Cristina Ibarrola ha recibido esta ma\u00f1ana al presidente de la Media Luna Roja Saharaui, Buhubeini Yahia. Yahia, que coordina toda la ayuda exterior a la poblaci\u00f3n saharaui y es el interlocutor de las distintas entidades financiadoras, se ha acercado a la Casa Consistorial para agradecer la ayuda prestada por Ayuntamiento de Pamplona a lo largo de los a\u00f1os. Despu\u00e9s, ha mantenido una reuni\u00f3n con el director de Relaciones Institucionales y Acci\u00f3n Exterior con Consistorio, Edu Gozalo.<\/p>\n<p>El encuentro se ha producido a propuesta de la ATTsF (Asociaci\u00f3n de Trabajadores y T\u00e9cnicos sin Fronteras) con motivo del 20 aniversario de trabajo de la ONGD. Desde 1996 y dentro de las actuaciones impulsadas desde el Programa Municipal de Cooperaci\u00f3n Internacional al Desarrollo, se vienen apoyando diferentes iniciativas de solidaridad y apoyo humanitario dirigidas al pueblo saharaui.<br \/>\n<script async src=\"\/\/pagead2.googlesyndication.com\/pagead\/js\/adsbygoogle.js\"><\/script><br \/>\n<!-- Noticias La Guia de Pamplona --><br \/>\n<ins class=\"adsbygoogle\"\nstyle=\"display:block\"\ndata-ad-client=\"ca-pub-6943679897239327\"\ndata-ad-slot=\"7048180777\"\ndata-ad-format=\"auto\"><\/ins><br \/>\n<script>\n(adsbygoogle = window.adsbygoogle || []).push({});\n<\/script><\/p>\n<p>En los tres \u00faltimos a\u00f1os de subvenciones ya resueltas 2020, 2021 y 2022, Pamplona ha subvencionado en la zona un total de siete proyectos, por un importe de 189.672 euros. Todos los proyectos se han financiado a trav\u00e9s de las entidades ATTsF y ANARASD (Asociaci\u00f3n Navarra de amigos y amigas de la Rep\u00fablica \u00c1rabe Saharaui Democr\u00e1tica) en convocatorias p\u00fablicas, tanto de proyectos de cooperaci\u00f3n internacional al desarrollo, como de actuaciones de emergencia humanitaria. La primera entidad trabaja en proyectos relacionados con log\u00edstica para el acceso al agua, alimentos y saneamiento para la poblaci\u00f3n refugiada, y la segunda se centra en proyectos relacionados con salud y suministro de leche infantil.<\/p>\n<p>En todos los proyectos apoyados, la parte social local responsable de la ejecuci\u00f3n del proyecto en el terreno es la Media Luna Roja Saharaui, una organizaci\u00f3n surgida en 1975 que canaliza todos los proyectos de cooperaci\u00f3n internacional en estrecha colaboraci\u00f3n con el Ministerio de Cooperaci\u00f3n de la RASD (Rep\u00fablica \u00c1rabe Saharaui Democr\u00e1tica).<\/p>\n<p>Adem\u00e1s del apoyo a trav\u00e9s de subvenciones, el Ayuntamiento de Pamplona en 1997 cedi\u00f3 el uso de una vivienda para atender a las personas implicadas en el \u00e1mbito del Pueblo Saharaui, el alojamiento de los monitores del Programa Vacaciones en Paz y para servir de alojamiento provisional a las personas saharauis que acudan en Navarra en el cumplimiento de alguna obligaci\u00f3n. Pamplona, adem\u00e1s, participa del Fondo Local Navarro de Cooperaci\u00f3n para el desarrollo de la Federaci\u00f3n Navarra de Municipios y Concejos, desde el que tambi\u00e9n se apoyan econ\u00f3micamente proyectos en el Sahara.<br \/>\n<script async src=\"\/\/pagead2.googlesyndication.com\/pagead\/js\/adsbygoogle.js\"><\/script><br \/>\n<!-- Noticias La Guia de Pamplona --><br \/>\n<ins class=\"adsbygoogle\"\nstyle=\"display:block\"\ndata-ad-client=\"ca-pub-6943679897239327\"\ndata-ad-slot=\"7048180777\"\ndata-ad-format=\"auto\"><\/ins><br \/>\n<script>\n(adsbygoogle = window.adsbygoogle || []).push({});\n<\/script><\/p>\n<p><strong>El destino de las ayudas<\/strong><\/p>\n<p>A trav\u00e9s de la Asociaci\u00f3n de T\u00e9cnicos y Trabajadores Sin Fronteras, desde el a\u00f1o 2003 se apoya la base de transportes para la distribuci\u00f3n de ayuda a las personas refugiadas saharauis. La log\u00edstica es un problema. La distribuci\u00f3n de la ayuda adecuada, r\u00e1pida y segura y contar con una disponibilidad permanente de veh\u00edculos adecuados oblig\u00f3 a poner en marcha una base de transportes con veh\u00edculos asignados y con un personal capacitado. Estos proyectos han ido evolucionando hacia una mayor complejidad, contribuyendo a atender la log\u00edstica para el acceso al agua, alimentos y saneamiento para la poblaci\u00f3n refugiada.<\/p>\n<p>En el caso de la Asociaci\u00f3n Navarra de amigos y amigas de la Rep\u00fablica \u00c1rabe Saharaui Democr\u00e1tica dos han sido las v\u00edas de apoyo. Por un lado, desde el a\u00f1o 2001, proyectos de salud con la poblaci\u00f3n saharaui refugiada: desde atenci\u00f3n directa a formaci\u00f3n de los sanitarios locales. Por otro, desde las partidas para emergencia humanitaria, se atiende \u00a1la situaci\u00f3n cr\u00f3nica de crisis alimentaria, algo que afecta especialmente a los menores, mediante el l env\u00edo de leche infantil, a modo de refuerzo nutricional en menores de dos a\u00f1os.<\/p>\n<p>Gracias a la aportaci\u00f3n del Ayuntamiento, adem\u00e1s de afrontar proyectos de gran necesidad (transporte del agua, salud de la ciudadan\u00eda, emergencias), pueden trabajar en innovaci\u00f3n, como por ejemplo la construcci\u00f3n de recambios en impresi\u00f3n 3D para los camiones cisterna.<\/p>\n","protected":false},"excerpt":{"rendered":"<p>El Ayuntamiento apoya a la poblaci\u00f3n saharaui a trav\u00e9s de proyectos de cooperaci\u00f3n al desarrollo, ayuda humanitaria y cesi\u00f3n de infraestructuras<\/p>\n","protected":false},"author":1,"featured_media":47738,"comment_status":"open","ping_status":"closed","sticky":false,"template":"","format":"standard","meta":{"footnotes":""},"categories":[2],"tags":[],"class_list":["post-47734","post","type-post","status-publish","format-standard","has-post-thumbnail","hentry","category-ayuntamiento-pamplona"],"yoast_head":"<!-- This site is optimized with the Yoast SEO plugin v27.3 - https:\/\/yoast.com\/product\/yoast-seo-wordpress\/ -->\n<title>La alcaldesa de Pamplona recibe al presidente de la Media Luna Roja Saharaui, que acude a la Casa Consistorial a agradecer casi tres d\u00e9cadas de apoyo<\/title>\n<meta name=\"description\" content=\"El Ayuntamiento apoya a la poblaci\u00f3n saharaui a trav\u00e9s de proyectos de cooperaci\u00f3n al desarrollo, ayuda humanitaria y cesi\u00f3n de infraestructuras\" \/>\n<meta name=\"robots\" content=\"index, follow, max-snippet:-1, max-image-preview:large, max-video-preview:-1\" \/>\n<link rel=\"canonical\" href=\"https:\/\/www.laguiadepamplona.com\/actualidad\/la-alcaldesa-de-pamplona-recibe-al-presidente-de-la-media-luna-roja-saharaui-que-acude-a-la-casa-consistorial-a-agradecer-casi-tres-decadas-de-apoyo\/\" \/>\n<meta property=\"og:locale\" content=\"es_ES\" \/>\n<meta property=\"og:type\" content=\"article\" \/>\n<meta property=\"og:title\" content=\"La alcaldesa de Pamplona recibe al presidente de la Media Luna Roja Saharaui, que acude a la Casa Consistorial a agradecer casi tres d\u00e9cadas de apoyo\" \/>\n<meta property=\"og:description\" content=\"El Ayuntamiento apoya a la poblaci\u00f3n saharaui a trav\u00e9s de proyectos de cooperaci\u00f3n al desarrollo, ayuda humanitaria y cesi\u00f3n de infraestructuras\" \/>\n<meta property=\"og:url\" content=\"https:\/\/www.laguiadepamplona.com\/actualidad\/la-alcaldesa-de-pamplona-recibe-al-presidente-de-la-media-luna-roja-saharaui-que-acude-a-la-casa-consistorial-a-agradecer-casi-tres-decadas-de-apoyo\/\" \/>\n<meta property=\"og:site_name\" content=\"La Gu\u00eda de Pamplona\" \/>\n<meta property=\"article:publisher\" content=\"https:\/\/www.facebook.com\/laguiadepamplonacom-133175176762273\/?ref=hl\" \/>\n<meta property=\"article:published_time\" content=\"2023-10-26T11:17:07+00:00\" \/>\n<meta property=\"article:modified_time\" content=\"2023-10-26T11:23:24+00:00\" \/>\n<meta property=\"og:image\" content=\"https:\/\/www.laguiadepamplona.com\/actualidad\/wp-content\/uploads\/2023\/10\/2023_10_26-Media-Luna-Saharaui_Q5A6403-copia.webp\" \/>\n\t<meta property=\"og:image:width\" content=\"1200\" \/>\n\t<meta property=\"og:image:height\" content=\"800\" \/>\n\t<meta property=\"og:image:type\" content=\"image\/webp\" \/>\n<meta name=\"author\" content=\"La Gu\u00eda de Pamplona\" \/>\n<meta name=\"twitter:card\" content=\"summary_large_image\" \/>\n<meta name=\"twitter:creator\" content=\"@LaGuiadPamplona\" \/>\n<meta name=\"twitter:site\" content=\"@LaGuiadPamplona\" \/>\n<meta name=\"twitter:label1\" content=\"Escrito por\" \/>\n\t<meta name=\"twitter:data1\" content=\"La Gu\u00eda de Pamplona\" \/>\n\t<meta name=\"twitter:label2\" content=\"Tiempo de lectura\" \/>\n\t<meta name=\"twitter:data2\" content=\"3 minutos\" \/>\n<script type=\"application\/ld+json\" class=\"yoast-schema-graph\">{\"@context\":\"https:\\\/\\\/schema.org\",\"@graph\":[{\"@type\":\"Article\",\"@id\":\"https:\\\/\\\/www.laguiadepamplona.com\\\/actualidad\\\/la-alcaldesa-de-pamplona-recibe-al-presidente-de-la-media-luna-roja-saharaui-que-acude-a-la-casa-consistorial-a-agradecer-casi-tres-decadas-de-apoyo\\\/#article\",\"isPartOf\":{\"@id\":\"https:\\\/\\\/www.laguiadepamplona.com\\\/actualidad\\\/la-alcaldesa-de-pamplona-recibe-al-presidente-de-la-media-luna-roja-saharaui-que-acude-a-la-casa-consistorial-a-agradecer-casi-tres-decadas-de-apoyo\\\/\"},\"author\":{\"name\":\"La Gu\u00eda de Pamplona\",\"@id\":\"https:\\\/\\\/www.laguiadepamplona.com\\\/actualidad\\\/#\\\/schema\\\/person\\\/efe887376f0213d4657c93adc50b1fdb\"},\"headline\":\"La alcaldesa de Pamplona recibe al presidente de la Media Luna Roja Saharaui, que acude a la Casa Consistorial a agradecer casi tres d\u00e9cadas de apoyo\",\"datePublished\":\"2023-10-26T11:17:07+00:00\",\"dateModified\":\"2023-10-26T11:23:24+00:00\",\"mainEntityOfPage\":{\"@id\":\"https:\\\/\\\/www.laguiadepamplona.com\\\/actualidad\\\/la-alcaldesa-de-pamplona-recibe-al-presidente-de-la-media-luna-roja-saharaui-que-acude-a-la-casa-consistorial-a-agradecer-casi-tres-decadas-de-apoyo\\\/\"},\"wordCount\":725,\"commentCount\":0,\"publisher\":{\"@id\":\"https:\\\/\\\/www.laguiadepamplona.com\\\/actualidad\\\/#organization\"},\"image\":{\"@id\":\"https:\\\/\\\/www.laguiadepamplona.com\\\/actualidad\\\/la-alcaldesa-de-pamplona-recibe-al-presidente-de-la-media-luna-roja-saharaui-que-acude-a-la-casa-consistorial-a-agradecer-casi-tres-decadas-de-apoyo\\\/#primaryimage\"},\"thumbnailUrl\":\"https:\\\/\\\/www.laguiadepamplona.com\\\/actualidad\\\/wp-content\\\/uploads\\\/2023\\\/10\\\/2023_10_26-Media-Luna-Saharaui_Q5A6403-copia.webp\",\"articleSection\":[\"Ayto Pamplona\"],\"inLanguage\":\"es\",\"potentialAction\":[{\"@type\":\"CommentAction\",\"name\":\"Comment\",\"target\":[\"https:\\\/\\\/www.laguiadepamplona.com\\\/actualidad\\\/la-alcaldesa-de-pamplona-recibe-al-presidente-de-la-media-luna-roja-saharaui-que-acude-a-la-casa-consistorial-a-agradecer-casi-tres-decadas-de-apoyo\\\/#respond\"]}]},{\"@type\":\"WebPage\",\"@id\":\"https:\\\/\\\/www.laguiadepamplona.com\\\/actualidad\\\/la-alcaldesa-de-pamplona-recibe-al-presidente-de-la-media-luna-roja-saharaui-que-acude-a-la-casa-consistorial-a-agradecer-casi-tres-decadas-de-apoyo\\\/\",\"url\":\"https:\\\/\\\/www.laguiadepamplona.com\\\/actualidad\\\/la-alcaldesa-de-pamplona-recibe-al-presidente-de-la-media-luna-roja-saharaui-que-acude-a-la-casa-consistorial-a-agradecer-casi-tres-decadas-de-apoyo\\\/\",\"name\":\"La alcaldesa de Pamplona recibe al presidente de la Media Luna Roja Saharaui, que acude a la Casa Consistorial a agradecer casi tres d\u00e9cadas de apoyo\",\"isPartOf\":{\"@id\":\"https:\\\/\\\/www.laguiadepamplona.com\\\/actualidad\\\/#website\"},\"primaryImageOfPage\":{\"@id\":\"https:\\\/\\\/www.laguiadepamplona.com\\\/actualidad\\\/la-alcaldesa-de-pamplona-recibe-al-presidente-de-la-media-luna-roja-saharaui-que-acude-a-la-casa-consistorial-a-agradecer-casi-tres-decadas-de-apoyo\\\/#primaryimage\"},\"image\":{\"@id\":\"https:\\\/\\\/www.laguiadepamplona.com\\\/actualidad\\\/la-alcaldesa-de-pamplona-recibe-al-presidente-de-la-media-luna-roja-saharaui-que-acude-a-la-casa-consistorial-a-agradecer-casi-tres-decadas-de-apoyo\\\/#primaryimage\"},\"thumbnailUrl\":\"https:\\\/\\\/www.laguiadepamplona.com\\\/actualidad\\\/wp-content\\\/uploads\\\/2023\\\/10\\\/2023_10_26-Media-Luna-Saharaui_Q5A6403-copia.webp\",\"datePublished\":\"2023-10-26T11:17:07+00:00\",\"dateModified\":\"2023-10-26T11:23:24+00:00\",\"description\":\"El Ayuntamiento apoya a la poblaci\u00f3n saharaui a trav\u00e9s de proyectos de cooperaci\u00f3n al desarrollo, ayuda humanitaria y cesi\u00f3n de infraestructuras\",\"breadcrumb\":{\"@id\":\"https:\\\/\\\/www.laguiadepamplona.com\\\/actualidad\\\/la-alcaldesa-de-pamplona-recibe-al-presidente-de-la-media-luna-roja-saharaui-que-acude-a-la-casa-consistorial-a-agradecer-casi-tres-decadas-de-apoyo\\\/#breadcrumb\"},\"inLanguage\":\"es\",\"potentialAction\":[{\"@type\":\"ReadAction\",\"target\":[\"https:\\\/\\\/www.laguiadepamplona.com\\\/actualidad\\\/la-alcaldesa-de-pamplona-recibe-al-presidente-de-la-media-luna-roja-saharaui-que-acude-a-la-casa-consistorial-a-agradecer-casi-tres-decadas-de-apoyo\\\/\"]}]},{\"@type\":\"ImageObject\",\"inLanguage\":\"es\",\"@id\":\"https:\\\/\\\/www.laguiadepamplona.com\\\/actualidad\\\/la-alcaldesa-de-pamplona-recibe-al-presidente-de-la-media-luna-roja-saharaui-que-acude-a-la-casa-consistorial-a-agradecer-casi-tres-decadas-de-apoyo\\\/#primaryimage\",\"url\":\"https:\\\/\\\/www.laguiadepamplona.com\\\/actualidad\\\/wp-content\\\/uploads\\\/2023\\\/10\\\/2023_10_26-Media-Luna-Saharaui_Q5A6403-copia.webp\",\"contentUrl\":\"https:\\\/\\\/www.laguiadepamplona.com\\\/actualidad\\\/wp-content\\\/uploads\\\/2023\\\/10\\\/2023_10_26-Media-Luna-Saharaui_Q5A6403-copia.webp\",\"width\":1200,\"height\":800},{\"@type\":\"BreadcrumbList\",\"@id\":\"https:\\\/\\\/www.laguiadepamplona.com\\\/actualidad\\\/la-alcaldesa-de-pamplona-recibe-al-presidente-de-la-media-luna-roja-saharaui-que-acude-a-la-casa-consistorial-a-agradecer-casi-tres-decadas-de-apoyo\\\/#breadcrumb\",\"itemListElement\":[{\"@type\":\"ListItem\",\"position\":1,\"name\":\"Portada\",\"item\":\"https:\\\/\\\/www.laguiadepamplona.com\\\/actualidad\\\/\"},{\"@type\":\"ListItem\",\"position\":2,\"name\":\"La alcaldesa de Pamplona recibe al presidente de la Media Luna Roja Saharaui, que acude a la Casa Consistorial a agradecer casi tres d\u00e9cadas de apoyo\"}]},{\"@type\":\"WebSite\",\"@id\":\"https:\\\/\\\/www.laguiadepamplona.com\\\/actualidad\\\/#website\",\"url\":\"https:\\\/\\\/www.laguiadepamplona.com\\\/actualidad\\\/\",\"name\":\"La gu\u00eda de Pamplona\",\"description\":\"Noticias de Pamplona\",\"publisher\":{\"@id\":\"https:\\\/\\\/www.laguiadepamplona.com\\\/actualidad\\\/#organization\"},\"potentialAction\":[{\"@type\":\"SearchAction\",\"target\":{\"@type\":\"EntryPoint\",\"urlTemplate\":\"https:\\\/\\\/www.laguiadepamplona.com\\\/actualidad\\\/?s={search_term_string}\"},\"query-input\":{\"@type\":\"PropertyValueSpecification\",\"valueRequired\":true,\"valueName\":\"search_term_string\"}}],\"inLanguage\":\"es\"},{\"@type\":\"Organization\",\"@id\":\"https:\\\/\\\/www.laguiadepamplona.com\\\/actualidad\\\/#organization\",\"name\":\"La Gu\u00eda de Pamplona \\\/ Noticias\",\"url\":\"https:\\\/\\\/www.laguiadepamplona.com\\\/actualidad\\\/\",\"logo\":{\"@type\":\"ImageObject\",\"inLanguage\":\"es\",\"@id\":\"https:\\\/\\\/www.laguiadepamplona.com\\\/actualidad\\\/#\\\/schema\\\/logo\\\/image\\\/\",\"url\":\"https:\\\/\\\/www.laguiadepamplona.com\\\/actualidad\\\/wp-content\\\/uploads\\\/2018\\\/11\\\/logo-laguiadepamplona18-web1.png\",\"contentUrl\":\"https:\\\/\\\/www.laguiadepamplona.com\\\/actualidad\\\/wp-content\\\/uploads\\\/2018\\\/11\\\/logo-laguiadepamplona18-web1.png\",\"width\":600,\"height\":196,\"caption\":\"La Gu\u00eda de Pamplona \\\/ Noticias\"},\"image\":{\"@id\":\"https:\\\/\\\/www.laguiadepamplona.com\\\/actualidad\\\/#\\\/schema\\\/logo\\\/image\\\/\"},\"sameAs\":[\"https:\\\/\\\/www.facebook.com\\\/laguiadepamplonacom-133175176762273\\\/?ref=hl\",\"https:\\\/\\\/x.com\\\/LaGuiadPamplona\",\"https:\\\/\\\/www.instagram.com\\\/la_guia_de_pamplona\\\/\",\"https:\\\/\\\/www.youtube.com\\\/user\\\/laguiadepamplona\"]},{\"@type\":\"Person\",\"@id\":\"https:\\\/\\\/www.laguiadepamplona.com\\\/actualidad\\\/#\\\/schema\\\/person\\\/efe887376f0213d4657c93adc50b1fdb\",\"name\":\"La Gu\u00eda de Pamplona\",\"image\":{\"@type\":\"ImageObject\",\"inLanguage\":\"es\",\"@id\":\"https:\\\/\\\/secure.gravatar.com\\\/avatar\\\/b6992f131dc8d30ab0dff15446e9d346d9dbd95992de0fef795073f5ea83a81c?s=96&d=mm&r=g\",\"url\":\"https:\\\/\\\/secure.gravatar.com\\\/avatar\\\/b6992f131dc8d30ab0dff15446e9d346d9dbd95992de0fef795073f5ea83a81c?s=96&d=mm&r=g\",\"contentUrl\":\"https:\\\/\\\/secure.gravatar.com\\\/avatar\\\/b6992f131dc8d30ab0dff15446e9d346d9dbd95992de0fef795073f5ea83a81c?s=96&d=mm&r=g\",\"caption\":\"La Gu\u00eda de Pamplona\"}}]}<\/script>\n<!-- \/ Yoast SEO plugin. -->","yoast_head_json":{"title":"La alcaldesa de Pamplona recibe al presidente de la Media Luna Roja Saharaui, que acude a la Casa Consistorial a agradecer casi tres d\u00e9cadas de apoyo","description":"El Ayuntamiento apoya a la poblaci\u00f3n saharaui a trav\u00e9s de proyectos de cooperaci\u00f3n al desarrollo, ayuda humanitaria y cesi\u00f3n de infraestructuras","robots":{"index":"index","follow":"follow","max-snippet":"max-snippet:-1","max-image-preview":"max-image-preview:large","max-video-preview":"max-video-preview:-1"},"canonical":"https:\/\/www.laguiadepamplona.com\/actualidad\/la-alcaldesa-de-pamplona-recibe-al-presidente-de-la-media-luna-roja-saharaui-que-acude-a-la-casa-consistorial-a-agradecer-casi-tres-decadas-de-apoyo\/","og_locale":"es_ES","og_type":"article","og_title":"La alcaldesa de Pamplona recibe al presidente de la Media Luna Roja Saharaui, que acude a la Casa Consistorial a agradecer casi tres d\u00e9cadas de apoyo","og_description":"El Ayuntamiento apoya a la poblaci\u00f3n saharaui a trav\u00e9s de proyectos de cooperaci\u00f3n al desarrollo, ayuda humanitaria y cesi\u00f3n de infraestructuras","og_url":"https:\/\/www.laguiadepamplona.com\/actualidad\/la-alcaldesa-de-pamplona-recibe-al-presidente-de-la-media-luna-roja-saharaui-que-acude-a-la-casa-consistorial-a-agradecer-casi-tres-decadas-de-apoyo\/","og_site_name":"La Gu\u00eda de Pamplona","article_publisher":"https:\/\/www.facebook.com\/laguiadepamplonacom-133175176762273\/?ref=hl","article_published_time":"2023-10-26T11:17:07+00:00","article_modified_time":"2023-10-26T11:23:24+00:00","og_image":[{"width":1200,"height":800,"url":"https:\/\/www.laguiadepamplona.com\/actualidad\/wp-content\/uploads\/2023\/10\/2023_10_26-Media-Luna-Saharaui_Q5A6403-copia.webp","type":"image\/webp"}],"author":"La Gu\u00eda de Pamplona","twitter_card":"summary_large_image","twitter_creator":"@LaGuiadPamplona","twitter_site":"@LaGuiadPamplona","twitter_misc":{"Escrito por":"La Gu\u00eda de Pamplona","Tiempo de lectura":"3 minutos"},"schema":{"@context":"https:\/\/schema.org","@graph":[{"@type":"Article","@id":"https:\/\/www.laguiadepamplona.com\/actualidad\/la-alcaldesa-de-pamplona-recibe-al-presidente-de-la-media-luna-roja-saharaui-que-acude-a-la-casa-consistorial-a-agradecer-casi-tres-decadas-de-apoyo\/#article","isPartOf":{"@id":"https:\/\/www.laguiadepamplona.com\/actualidad\/la-alcaldesa-de-pamplona-recibe-al-presidente-de-la-media-luna-roja-saharaui-que-acude-a-la-casa-consistorial-a-agradecer-casi-tres-decadas-de-apoyo\/"},"author":{"name":"La Gu\u00eda de Pamplona","@id":"https:\/\/www.laguiadepamplona.com\/actualidad\/#\/schema\/person\/efe887376f0213d4657c93adc50b1fdb"},"headline":"La alcaldesa de Pamplona recibe al presidente de la Media Luna Roja Saharaui, que acude a la Casa Consistorial a agradecer casi tres d\u00e9cadas de apoyo","datePublished":"2023-10-26T11:17:07+00:00","dateModified":"2023-10-26T11:23:24+00:00","mainEntityOfPage":{"@id":"https:\/\/www.laguiadepamplona.com\/actualidad\/la-alcaldesa-de-pamplona-recibe-al-presidente-de-la-media-luna-roja-saharaui-que-acude-a-la-casa-consistorial-a-agradecer-casi-tres-decadas-de-apoyo\/"},"wordCount":725,"commentCount":0,"publisher":{"@id":"https:\/\/www.laguiadepamplona.com\/actualidad\/#organization"},"image":{"@id":"https:\/\/www.laguiadepamplona.com\/actualidad\/la-alcaldesa-de-pamplona-recibe-al-presidente-de-la-media-luna-roja-saharaui-que-acude-a-la-casa-consistorial-a-agradecer-casi-tres-decadas-de-apoyo\/#primaryimage"},"thumbnailUrl":"https:\/\/www.laguiadepamplona.com\/actualidad\/wp-content\/uploads\/2023\/10\/2023_10_26-Media-Luna-Saharaui_Q5A6403-copia.webp","articleSection":["Ayto Pamplona"],"inLanguage":"es","potentialAction":[{"@type":"CommentAction","name":"Comment","target":["https:\/\/www.laguiadepamplona.com\/actualidad\/la-alcaldesa-de-pamplona-recibe-al-presidente-de-la-media-luna-roja-saharaui-que-acude-a-la-casa-consistorial-a-agradecer-casi-tres-decadas-de-apoyo\/#respond"]}]},{"@type":"WebPage","@id":"https:\/\/www.laguiadepamplona.com\/actualidad\/la-alcaldesa-de-pamplona-recibe-al-presidente-de-la-media-luna-roja-saharaui-que-acude-a-la-casa-consistorial-a-agradecer-casi-tres-decadas-de-apoyo\/","url":"https:\/\/www.laguiadepamplona.com\/actualidad\/la-alcaldesa-de-pamplona-recibe-al-presidente-de-la-media-luna-roja-saharaui-que-acude-a-la-casa-consistorial-a-agradecer-casi-tres-decadas-de-apoyo\/","name":"La alcaldesa de Pamplona recibe al presidente de la Media Luna Roja Saharaui, que acude a la Casa Consistorial a agradecer casi tres d\u00e9cadas de apoyo","isPartOf":{"@id":"https:\/\/www.laguiadepamplona.com\/actualidad\/#website"},"primaryImageOfPage":{"@id":"https:\/\/www.laguiadepamplona.com\/actualidad\/la-alcaldesa-de-pamplona-recibe-al-presidente-de-la-media-luna-roja-saharaui-que-acude-a-la-casa-consistorial-a-agradecer-casi-tres-decadas-de-apoyo\/#primaryimage"},"image":{"@id":"https:\/\/www.laguiadepamplona.com\/actualidad\/la-alcaldesa-de-pamplona-recibe-al-presidente-de-la-media-luna-roja-saharaui-que-acude-a-la-casa-consistorial-a-agradecer-casi-tres-decadas-de-apoyo\/#primaryimage"},"thumbnailUrl":"https:\/\/www.laguiadepamplona.com\/actualidad\/wp-content\/uploads\/2023\/10\/2023_10_26-Media-Luna-Saharaui_Q5A6403-copia.webp","datePublished":"2023-10-26T11:17:07+00:00","dateModified":"2023-10-26T11:23:24+00:00","description":"El Ayuntamiento apoya a la poblaci\u00f3n saharaui a trav\u00e9s de proyectos de cooperaci\u00f3n al desarrollo, ayuda humanitaria y cesi\u00f3n de infraestructuras","breadcrumb":{"@id":"https:\/\/www.laguiadepamplona.com\/actualidad\/la-alcaldesa-de-pamplona-recibe-al-presidente-de-la-media-luna-roja-saharaui-que-acude-a-la-casa-consistorial-a-agradecer-casi-tres-decadas-de-apoyo\/#breadcrumb"},"inLanguage":"es","potentialAction":[{"@type":"ReadAction","target":["https:\/\/www.laguiadepamplona.com\/actualidad\/la-alcaldesa-de-pamplona-recibe-al-presidente-de-la-media-luna-roja-saharaui-que-acude-a-la-casa-consistorial-a-agradecer-casi-tres-decadas-de-apoyo\/"]}]},{"@type":"ImageObject","inLanguage":"es","@id":"https:\/\/www.laguiadepamplona.com\/actualidad\/la-alcaldesa-de-pamplona-recibe-al-presidente-de-la-media-luna-roja-saharaui-que-acude-a-la-casa-consistorial-a-agradecer-casi-tres-decadas-de-apoyo\/#primaryimage","url":"https:\/\/www.laguiadepamplona.com\/actualidad\/wp-content\/uploads\/2023\/10\/2023_10_26-Media-Luna-Saharaui_Q5A6403-copia.webp","contentUrl":"https:\/\/www.laguiadepamplona.com\/actualidad\/wp-content\/uploads\/2023\/10\/2023_10_26-Media-Luna-Saharaui_Q5A6403-copia.webp","width":1200,"height":800},{"@type":"BreadcrumbList","@id":"https:\/\/www.laguiadepamplona.com\/actualidad\/la-alcaldesa-de-pamplona-recibe-al-presidente-de-la-media-luna-roja-saharaui-que-acude-a-la-casa-consistorial-a-agradecer-casi-tres-decadas-de-apoyo\/#breadcrumb","itemListElement":[{"@type":"ListItem","position":1,"name":"Portada","item":"https:\/\/www.laguiadepamplona.com\/actualidad\/"},{"@type":"ListItem","position":2,"name":"La alcaldesa de Pamplona recibe al presidente de la Media Luna Roja Saharaui, que acude a la Casa Consistorial a agradecer casi tres d\u00e9cadas de apoyo"}]},{"@type":"WebSite","@id":"https:\/\/www.laguiadepamplona.com\/actualidad\/#website","url":"https:\/\/www.laguiadepamplona.com\/actualidad\/","name":"La gu\u00eda de Pamplona","description":"Noticias de Pamplona","publisher":{"@id":"https:\/\/www.laguiadepamplona.com\/actualidad\/#organization"},"potentialAction":[{"@type":"SearchAction","target":{"@type":"EntryPoint","urlTemplate":"https:\/\/www.laguiadepamplona.com\/actualidad\/?s={search_term_string}"},"query-input":{"@type":"PropertyValueSpecification","valueRequired":true,"valueName":"search_term_string"}}],"inLanguage":"es"},{"@type":"Organization","@id":"https:\/\/www.laguiadepamplona.com\/actualidad\/#organization","name":"La Gu\u00eda de Pamplona \/ Noticias","url":"https:\/\/www.laguiadepamplona.com\/actualidad\/","logo":{"@type":"ImageObject","inLanguage":"es","@id":"https:\/\/www.laguiadepamplona.com\/actualidad\/#\/schema\/logo\/image\/","url":"https:\/\/www.laguiadepamplona.com\/actualidad\/wp-content\/uploads\/2018\/11\/logo-laguiadepamplona18-web1.png","contentUrl":"https:\/\/www.laguiadepamplona.com\/actualidad\/wp-content\/uploads\/2018\/11\/logo-laguiadepamplona18-web1.png","width":600,"height":196,"caption":"La Gu\u00eda de Pamplona \/ Noticias"},"image":{"@id":"https:\/\/www.laguiadepamplona.com\/actualidad\/#\/schema\/logo\/image\/"},"sameAs":["https:\/\/www.facebook.com\/laguiadepamplonacom-133175176762273\/?ref=hl","https:\/\/x.com\/LaGuiadPamplona","https:\/\/www.instagram.com\/la_guia_de_pamplona\/","https:\/\/www.youtube.com\/user\/laguiadepamplona"]},{"@type":"Person","@id":"https:\/\/www.laguiadepamplona.com\/actualidad\/#\/schema\/person\/efe887376f0213d4657c93adc50b1fdb","name":"La Gu\u00eda de Pamplona","image":{"@type":"ImageObject","inLanguage":"es","@id":"https:\/\/secure.gravatar.com\/avatar\/b6992f131dc8d30ab0dff15446e9d346d9dbd95992de0fef795073f5ea83a81c?s=96&d=mm&r=g","url":"https:\/\/secure.gravatar.com\/avatar\/b6992f131dc8d30ab0dff15446e9d346d9dbd95992de0fef795073f5ea83a81c?s=96&d=mm&r=g","contentUrl":"https:\/\/secure.gravatar.com\/avatar\/b6992f131dc8d30ab0dff15446e9d346d9dbd95992de0fef795073f5ea83a81c?s=96&d=mm&r=g","caption":"La Gu\u00eda de Pamplona"}}]}},"post_mailing_queue_ids":[],"_links":{"self":[{"href":"https:\/\/www.laguiadepamplona.com\/actualidad\/wp-json\/wp\/v2\/posts\/47734","targetHints":{"allow":["GET"]}}],"collection":[{"href":"https:\/\/www.laguiadepamplona.com\/actualidad\/wp-json\/wp\/v2\/posts"}],"about":[{"href":"https:\/\/www.laguiadepamplona.com\/actualidad\/wp-json\/wp\/v2\/types\/post"}],"author":[{"embeddable":true,"href":"https:\/\/www.laguiadepamplona.com\/actualidad\/wp-json\/wp\/v2\/users\/1"}],"replies":[{"embeddable":true,"href":"https:\/\/www.laguiadepamplona.com\/actualidad\/wp-json\/wp\/v2\/comments?post=47734"}],"version-history":[{"count":1,"href":"https:\/\/www.laguiadepamplona.com\/actualidad\/wp-json\/wp\/v2\/posts\/47734\/revisions"}],"predecessor-version":[{"id":47735,"href":"https:\/\/www.laguiadepamplona.com\/actualidad\/wp-json\/wp\/v2\/posts\/47734\/revisions\/47735"}],"wp:featuredmedia":[{"embeddable":true,"href":"https:\/\/www.laguiadepamplona.com\/actualidad\/wp-json\/wp\/v2\/media\/47738"}],"wp:attachment":[{"href":"https:\/\/www.laguiadepamplona.com\/actualidad\/wp-json\/wp\/v2\/media?parent=47734"}],"wp:term":[{"taxonomy":"category","embeddable":true,"href":"https:\/\/www.laguiadepamplona.com\/actualidad\/wp-json\/wp\/v2\/categories?post=47734"},{"taxonomy":"post_tag","embeddable":true,"href":"https:\/\/www.laguiadepamplona.com\/actualidad\/wp-json\/wp\/v2\/tags?post=47734"}],"curies":[{"name":"wp","href":"https:\/\/api.w.org\/{rel}","templated":true}]}}