{"id":47732,"date":"2023-10-26T13:13:06","date_gmt":"2023-10-26T11:13:06","guid":{"rendered":"https:\/\/www.laguiadepamplona.com\/actualidad\/?p=47732"},"modified":"2023-10-26T13:13:06","modified_gmt":"2023-10-26T11:13:06","slug":"se-mantienen-abiertos-los-accesos-habituales-para-vehiculos-al-cementerio-por-la-calle-biurdana-y-la-avenida-de-navarra-en-estos-dias-en-torno-a-todos-los-santos","status":"publish","type":"post","link":"https:\/\/www.laguiadepamplona.com\/actualidad\/se-mantienen-abiertos-los-accesos-habituales-para-vehiculos-al-cementerio-por-la-calle-biurdana-y-la-avenida-de-navarra-en-estos-dias-en-torno-a-todos-los-santos\/","title":{"rendered":"Se mantienen abiertos los accesos habituales para veh\u00edculos al cementerio, por la calle Biurdana y la avenida de Navarra, en estos d\u00edas en torno a Todos los Santos"},"content":{"rendered":"<h3>La salida de la zona se realizar\u00e1 por el vial que llega a la calle Miluze y la zona naranja funcionar\u00e1 con normalidad, excepto el festivo 1 de noviembre<\/h3>\n<p><!--more--><\/p>\n<p>El acceso de veh\u00edculos al cementerio de San Jos\u00e9 durante estos pr\u00f3ximos d\u00edas en torno a la celebraci\u00f3n de Todos los Santos se mantendr\u00e1 como habitualmente desde la rotonda de la calle Biurdana con la calle Orkoien y desde la avenida de Navarra. Polic\u00eda Municipal ha preparado un dispositivo especial de control de accesos y salidas, que cuenta con la principal novedad de la zona naranja en el aparcamiento del propio cementerio, puesta en marcha este a\u00f1o, y que funcionar\u00e1 con normalidad, excepto el mi\u00e9rcoles 1 de noviembre que, el ser festivo, no estar\u00e1 operativa.<br \/>\n<script async src=\"\/\/pagead2.googlesyndication.com\/pagead\/js\/adsbygoogle.js\"><\/script><br \/>\n<!-- Noticias La Guia de Pamplona --><br \/>\n<ins class=\"adsbygoogle\"\nstyle=\"display:block\"\ndata-ad-client=\"ca-pub-6943679897239327\"\ndata-ad-slot=\"7048180777\"\ndata-ad-format=\"auto\"><\/ins><br \/>\n<script>\n(adsbygoogle = window.adsbygoogle || []).push({});\n<\/script><\/p>\n<p>Por tanto, se podr\u00e1 acceder y estacionar los veh\u00edculos en el aparcamiento de la puerta principal del cementerio cualquier d\u00eda. En caso de que se llene ese aparcamiento, se establecer\u00e1n medidas especiales para controlar la circulaci\u00f3n en la zona. Se impedir\u00e1 entonces el acceso a ese aparcamiento desde la avenida de Navarra y se impedir\u00e1 tambi\u00e9n la circulaci\u00f3n desde la \u2018puerta del r\u00edo\u2019 hacia la puerta principal. As\u00ed las cosas, los veh\u00edculos deber\u00e1n abandonar la zona por la carretera de Miluze.<\/p>\n<p>Durante todos estos d\u00edas, se prohibir\u00e1 el acceso al vial que rodea el cementerio por su parte trasera desde la parte m\u00e1s cercana a las piscinas municipales de San Jorge. Para circular por ese vial, se acceder\u00e1 desde el aparcamiento de la puerta principal con una \u00fanica direcci\u00f3n hasta salir por la zona del Aquavox San Jorge. No se podr\u00e1 acceder a la zona del cementerio desde la entrada por la calle Miluze, ya que se quiere que solo tenga un sentido de circulaci\u00f3n estos d\u00edas. Ese vial se utilizar\u00e1 como salida del tr\u00e1fico que acceda a la zona del cementerio por la calle Biurdana o por la avenida de Navarra.<br \/>\n<script async src=\"\/\/pagead2.googlesyndication.com\/pagead\/js\/adsbygoogle.js\"><\/script><br \/>\n<!-- Noticias La Guia de Pamplona --><br \/>\n<ins class=\"adsbygoogle\"\nstyle=\"display:block\"\ndata-ad-client=\"ca-pub-6943679897239327\"\ndata-ad-slot=\"7048180777\"\ndata-ad-format=\"auto\"><\/ins><br \/>\n<script>\n(adsbygoogle = window.adsbygoogle || []).push({});\n<\/script><\/p>\n<p>Entre la puerta principal del cementerio y el crematorio, se se\u00f1alizar\u00e1 una zona reservada en el aparcamiento para los diferentes gremios que pueden necesitar acudir durante estas jornadas como florister\u00edas, marmolistas, alba\u00f1iles\u2026 El resto del aparcamiento seguir\u00e1 funcionando de la misma manera que el resto del a\u00f1o como zona naranja, con la primera hora de estacionamiento gratuita. El aparcamiento disuasorio junto a la avenida de Navarra estar\u00e1 tambi\u00e9n abierto para que puedan estacionar veh\u00edculos.<\/p>\n","protected":false},"excerpt":{"rendered":"<p>La salida de la zona se realizar\u00e1 por el vial que llega a la calle Miluze y la zona naranja funcionar\u00e1 con normalidad, excepto el festivo 1 de noviembre<\/p>\n","protected":false},"author":1,"featured_media":36018,"comment_status":"open","ping_status":"closed","sticky":false,"template":"","format":"standard","meta":{"footnotes":""},"categories":[2],"tags":[],"class_list":["post-47732","post","type-post","status-publish","format-standard","has-post-thumbnail","hentry","category-ayuntamiento-pamplona"],"yoast_head":"<!-- This site is optimized with the Yoast SEO plugin v27.3 - https:\/\/yoast.com\/product\/yoast-seo-wordpress\/ -->\n<title>Se mantienen abiertos los accesos habituales para veh\u00edculos al cementerio, por la calle Biurdana y la avenida de Navarra, en estos d\u00edas en torno a Todos los Santos<\/title>\n<meta name=\"description\" content=\"La salida de la zona se realizar\u00e1 por el vial que llega a la calle Miluze y la zona naranja funcionar\u00e1 con normalidad, excepto el festivo 1 de noviembre\" \/>\n<meta name=\"robots\" content=\"index, follow, max-snippet:-1, max-image-preview:large, max-video-preview:-1\" \/>\n<link rel=\"canonical\" href=\"https:\/\/www.laguiadepamplona.com\/actualidad\/se-mantienen-abiertos-los-accesos-habituales-para-vehiculos-al-cementerio-por-la-calle-biurdana-y-la-avenida-de-navarra-en-estos-dias-en-torno-a-todos-los-santos\/\" \/>\n<meta property=\"og:locale\" content=\"es_ES\" \/>\n<meta property=\"og:type\" content=\"article\" \/>\n<meta property=\"og:title\" content=\"Se mantienen abiertos los accesos habituales para veh\u00edculos al cementerio, por la calle Biurdana y la avenida de Navarra, en estos d\u00edas en torno a Todos los Santos\" \/>\n<meta property=\"og:description\" content=\"La salida de la zona se realizar\u00e1 por el vial que llega a la calle Miluze y la zona naranja funcionar\u00e1 con normalidad, excepto el festivo 1 de noviembre\" \/>\n<meta property=\"og:url\" content=\"https:\/\/www.laguiadepamplona.com\/actualidad\/se-mantienen-abiertos-los-accesos-habituales-para-vehiculos-al-cementerio-por-la-calle-biurdana-y-la-avenida-de-navarra-en-estos-dias-en-torno-a-todos-los-santos\/\" \/>\n<meta property=\"og:site_name\" content=\"La Gu\u00eda de Pamplona\" \/>\n<meta property=\"article:publisher\" content=\"https:\/\/www.facebook.com\/laguiadepamplonacom-133175176762273\/?ref=hl\" \/>\n<meta property=\"article:published_time\" content=\"2023-10-26T11:13:06+00:00\" \/>\n<meta property=\"og:image\" content=\"https:\/\/www.laguiadepamplona.com\/actualidad\/wp-content\/uploads\/2021\/07\/cementerio_JMG4903.jpg\" \/>\n\t<meta property=\"og:image:width\" content=\"1920\" \/>\n\t<meta property=\"og:image:height\" content=\"1280\" \/>\n\t<meta property=\"og:image:type\" content=\"image\/jpeg\" \/>\n<meta name=\"author\" content=\"La Gu\u00eda de Pamplona\" \/>\n<meta name=\"twitter:card\" content=\"summary_large_image\" \/>\n<meta name=\"twitter:creator\" content=\"@LaGuiadPamplona\" \/>\n<meta name=\"twitter:site\" content=\"@LaGuiadPamplona\" \/>\n<meta name=\"twitter:label1\" content=\"Escrito por\" \/>\n\t<meta name=\"twitter:data1\" content=\"La Gu\u00eda de Pamplona\" \/>\n\t<meta name=\"twitter:label2\" content=\"Tiempo de lectura\" \/>\n\t<meta name=\"twitter:data2\" content=\"2 minutos\" \/>\n<script type=\"application\/ld+json\" class=\"yoast-schema-graph\">{\"@context\":\"https:\\\/\\\/schema.org\",\"@graph\":[{\"@type\":\"Article\",\"@id\":\"https:\\\/\\\/www.laguiadepamplona.com\\\/actualidad\\\/se-mantienen-abiertos-los-accesos-habituales-para-vehiculos-al-cementerio-por-la-calle-biurdana-y-la-avenida-de-navarra-en-estos-dias-en-torno-a-todos-los-santos\\\/#article\",\"isPartOf\":{\"@id\":\"https:\\\/\\\/www.laguiadepamplona.com\\\/actualidad\\\/se-mantienen-abiertos-los-accesos-habituales-para-vehiculos-al-cementerio-por-la-calle-biurdana-y-la-avenida-de-navarra-en-estos-dias-en-torno-a-todos-los-santos\\\/\"},\"author\":{\"name\":\"La Gu\u00eda de Pamplona\",\"@id\":\"https:\\\/\\\/www.laguiadepamplona.com\\\/actualidad\\\/#\\\/schema\\\/person\\\/efe887376f0213d4657c93adc50b1fdb\"},\"headline\":\"Se mantienen abiertos los accesos habituales para veh\u00edculos al cementerio, por la calle Biurdana y la avenida de Navarra, en estos d\u00edas en torno a Todos los Santos\",\"datePublished\":\"2023-10-26T11:13:06+00:00\",\"mainEntityOfPage\":{\"@id\":\"https:\\\/\\\/www.laguiadepamplona.com\\\/actualidad\\\/se-mantienen-abiertos-los-accesos-habituales-para-vehiculos-al-cementerio-por-la-calle-biurdana-y-la-avenida-de-navarra-en-estos-dias-en-torno-a-todos-los-santos\\\/\"},\"wordCount\":446,\"commentCount\":0,\"publisher\":{\"@id\":\"https:\\\/\\\/www.laguiadepamplona.com\\\/actualidad\\\/#organization\"},\"image\":{\"@id\":\"https:\\\/\\\/www.laguiadepamplona.com\\\/actualidad\\\/se-mantienen-abiertos-los-accesos-habituales-para-vehiculos-al-cementerio-por-la-calle-biurdana-y-la-avenida-de-navarra-en-estos-dias-en-torno-a-todos-los-santos\\\/#primaryimage\"},\"thumbnailUrl\":\"https:\\\/\\\/www.laguiadepamplona.com\\\/actualidad\\\/wp-content\\\/uploads\\\/2021\\\/07\\\/cementerio_JMG4903.jpg\",\"articleSection\":[\"Ayto Pamplona\"],\"inLanguage\":\"es\",\"potentialAction\":[{\"@type\":\"CommentAction\",\"name\":\"Comment\",\"target\":[\"https:\\\/\\\/www.laguiadepamplona.com\\\/actualidad\\\/se-mantienen-abiertos-los-accesos-habituales-para-vehiculos-al-cementerio-por-la-calle-biurdana-y-la-avenida-de-navarra-en-estos-dias-en-torno-a-todos-los-santos\\\/#respond\"]}]},{\"@type\":\"WebPage\",\"@id\":\"https:\\\/\\\/www.laguiadepamplona.com\\\/actualidad\\\/se-mantienen-abiertos-los-accesos-habituales-para-vehiculos-al-cementerio-por-la-calle-biurdana-y-la-avenida-de-navarra-en-estos-dias-en-torno-a-todos-los-santos\\\/\",\"url\":\"https:\\\/\\\/www.laguiadepamplona.com\\\/actualidad\\\/se-mantienen-abiertos-los-accesos-habituales-para-vehiculos-al-cementerio-por-la-calle-biurdana-y-la-avenida-de-navarra-en-estos-dias-en-torno-a-todos-los-santos\\\/\",\"name\":\"Se mantienen abiertos los accesos habituales para veh\u00edculos al cementerio, por la calle Biurdana y la avenida de Navarra, en estos d\u00edas en torno a Todos los Santos\",\"isPartOf\":{\"@id\":\"https:\\\/\\\/www.laguiadepamplona.com\\\/actualidad\\\/#website\"},\"primaryImageOfPage\":{\"@id\":\"https:\\\/\\\/www.laguiadepamplona.com\\\/actualidad\\\/se-mantienen-abiertos-los-accesos-habituales-para-vehiculos-al-cementerio-por-la-calle-biurdana-y-la-avenida-de-navarra-en-estos-dias-en-torno-a-todos-los-santos\\\/#primaryimage\"},\"image\":{\"@id\":\"https:\\\/\\\/www.laguiadepamplona.com\\\/actualidad\\\/se-mantienen-abiertos-los-accesos-habituales-para-vehiculos-al-cementerio-por-la-calle-biurdana-y-la-avenida-de-navarra-en-estos-dias-en-torno-a-todos-los-santos\\\/#primaryimage\"},\"thumbnailUrl\":\"https:\\\/\\\/www.laguiadepamplona.com\\\/actualidad\\\/wp-content\\\/uploads\\\/2021\\\/07\\\/cementerio_JMG4903.jpg\",\"datePublished\":\"2023-10-26T11:13:06+00:00\",\"description\":\"La salida de la zona se realizar\u00e1 por el vial que llega a la calle Miluze y la zona naranja funcionar\u00e1 con normalidad, excepto el festivo 1 de noviembre\",\"breadcrumb\":{\"@id\":\"https:\\\/\\\/www.laguiadepamplona.com\\\/actualidad\\\/se-mantienen-abiertos-los-accesos-habituales-para-vehiculos-al-cementerio-por-la-calle-biurdana-y-la-avenida-de-navarra-en-estos-dias-en-torno-a-todos-los-santos\\\/#breadcrumb\"},\"inLanguage\":\"es\",\"potentialAction\":[{\"@type\":\"ReadAction\",\"target\":[\"https:\\\/\\\/www.laguiadepamplona.com\\\/actualidad\\\/se-mantienen-abiertos-los-accesos-habituales-para-vehiculos-al-cementerio-por-la-calle-biurdana-y-la-avenida-de-navarra-en-estos-dias-en-torno-a-todos-los-santos\\\/\"]}]},{\"@type\":\"ImageObject\",\"inLanguage\":\"es\",\"@id\":\"https:\\\/\\\/www.laguiadepamplona.com\\\/actualidad\\\/se-mantienen-abiertos-los-accesos-habituales-para-vehiculos-al-cementerio-por-la-calle-biurdana-y-la-avenida-de-navarra-en-estos-dias-en-torno-a-todos-los-santos\\\/#primaryimage\",\"url\":\"https:\\\/\\\/www.laguiadepamplona.com\\\/actualidad\\\/wp-content\\\/uploads\\\/2021\\\/07\\\/cementerio_JMG4903.jpg\",\"contentUrl\":\"https:\\\/\\\/www.laguiadepamplona.com\\\/actualidad\\\/wp-content\\\/uploads\\\/2021\\\/07\\\/cementerio_JMG4903.jpg\",\"width\":1920,\"height\":1280},{\"@type\":\"BreadcrumbList\",\"@id\":\"https:\\\/\\\/www.laguiadepamplona.com\\\/actualidad\\\/se-mantienen-abiertos-los-accesos-habituales-para-vehiculos-al-cementerio-por-la-calle-biurdana-y-la-avenida-de-navarra-en-estos-dias-en-torno-a-todos-los-santos\\\/#breadcrumb\",\"itemListElement\":[{\"@type\":\"ListItem\",\"position\":1,\"name\":\"Portada\",\"item\":\"https:\\\/\\\/www.laguiadepamplona.com\\\/actualidad\\\/\"},{\"@type\":\"ListItem\",\"position\":2,\"name\":\"Se mantienen abiertos los accesos habituales para veh\u00edculos al cementerio, por la calle Biurdana y la avenida de Navarra, en estos d\u00edas en torno a Todos los Santos\"}]},{\"@type\":\"WebSite\",\"@id\":\"https:\\\/\\\/www.laguiadepamplona.com\\\/actualidad\\\/#website\",\"url\":\"https:\\\/\\\/www.laguiadepamplona.com\\\/actualidad\\\/\",\"name\":\"La gu\u00eda de Pamplona\",\"description\":\"Noticias de Pamplona\",\"publisher\":{\"@id\":\"https:\\\/\\\/www.laguiadepamplona.com\\\/actualidad\\\/#organization\"},\"potentialAction\":[{\"@type\":\"SearchAction\",\"target\":{\"@type\":\"EntryPoint\",\"urlTemplate\":\"https:\\\/\\\/www.laguiadepamplona.com\\\/actualidad\\\/?s={search_term_string}\"},\"query-input\":{\"@type\":\"PropertyValueSpecification\",\"valueRequired\":true,\"valueName\":\"search_term_string\"}}],\"inLanguage\":\"es\"},{\"@type\":\"Organization\",\"@id\":\"https:\\\/\\\/www.laguiadepamplona.com\\\/actualidad\\\/#organization\",\"name\":\"La Gu\u00eda de Pamplona \\\/ Noticias\",\"url\":\"https:\\\/\\\/www.laguiadepamplona.com\\\/actualidad\\\/\",\"logo\":{\"@type\":\"ImageObject\",\"inLanguage\":\"es\",\"@id\":\"https:\\\/\\\/www.laguiadepamplona.com\\\/actualidad\\\/#\\\/schema\\\/logo\\\/image\\\/\",\"url\":\"https:\\\/\\\/www.laguiadepamplona.com\\\/actualidad\\\/wp-content\\\/uploads\\\/2018\\\/11\\\/logo-laguiadepamplona18-web1.png\",\"contentUrl\":\"https:\\\/\\\/www.laguiadepamplona.com\\\/actualidad\\\/wp-content\\\/uploads\\\/2018\\\/11\\\/logo-laguiadepamplona18-web1.png\",\"width\":600,\"height\":196,\"caption\":\"La Gu\u00eda de Pamplona \\\/ Noticias\"},\"image\":{\"@id\":\"https:\\\/\\\/www.laguiadepamplona.com\\\/actualidad\\\/#\\\/schema\\\/logo\\\/image\\\/\"},\"sameAs\":[\"https:\\\/\\\/www.facebook.com\\\/laguiadepamplonacom-133175176762273\\\/?ref=hl\",\"https:\\\/\\\/x.com\\\/LaGuiadPamplona\",\"https:\\\/\\\/www.instagram.com\\\/la_guia_de_pamplona\\\/\",\"https:\\\/\\\/www.youtube.com\\\/user\\\/laguiadepamplona\"]},{\"@type\":\"Person\",\"@id\":\"https:\\\/\\\/www.laguiadepamplona.com\\\/actualidad\\\/#\\\/schema\\\/person\\\/efe887376f0213d4657c93adc50b1fdb\",\"name\":\"La Gu\u00eda de Pamplona\",\"image\":{\"@type\":\"ImageObject\",\"inLanguage\":\"es\",\"@id\":\"https:\\\/\\\/secure.gravatar.com\\\/avatar\\\/b6992f131dc8d30ab0dff15446e9d346d9dbd95992de0fef795073f5ea83a81c?s=96&d=mm&r=g\",\"url\":\"https:\\\/\\\/secure.gravatar.com\\\/avatar\\\/b6992f131dc8d30ab0dff15446e9d346d9dbd95992de0fef795073f5ea83a81c?s=96&d=mm&r=g\",\"contentUrl\":\"https:\\\/\\\/secure.gravatar.com\\\/avatar\\\/b6992f131dc8d30ab0dff15446e9d346d9dbd95992de0fef795073f5ea83a81c?s=96&d=mm&r=g\",\"caption\":\"La Gu\u00eda de Pamplona\"}}]}<\/script>\n<!-- \/ Yoast SEO plugin. -->","yoast_head_json":{"title":"Se mantienen abiertos los accesos habituales para veh\u00edculos al cementerio, por la calle Biurdana y la avenida de Navarra, en estos d\u00edas en torno a Todos los Santos","description":"La salida de la zona se realizar\u00e1 por el vial que llega a la calle Miluze y la zona naranja funcionar\u00e1 con normalidad, excepto el festivo 1 de noviembre","robots":{"index":"index","follow":"follow","max-snippet":"max-snippet:-1","max-image-preview":"max-image-preview:large","max-video-preview":"max-video-preview:-1"},"canonical":"https:\/\/www.laguiadepamplona.com\/actualidad\/se-mantienen-abiertos-los-accesos-habituales-para-vehiculos-al-cementerio-por-la-calle-biurdana-y-la-avenida-de-navarra-en-estos-dias-en-torno-a-todos-los-santos\/","og_locale":"es_ES","og_type":"article","og_title":"Se mantienen abiertos los accesos habituales para veh\u00edculos al cementerio, por la calle Biurdana y la avenida de Navarra, en estos d\u00edas en torno a Todos los Santos","og_description":"La salida de la zona se realizar\u00e1 por el vial que llega a la calle Miluze y la zona naranja funcionar\u00e1 con normalidad, excepto el festivo 1 de noviembre","og_url":"https:\/\/www.laguiadepamplona.com\/actualidad\/se-mantienen-abiertos-los-accesos-habituales-para-vehiculos-al-cementerio-por-la-calle-biurdana-y-la-avenida-de-navarra-en-estos-dias-en-torno-a-todos-los-santos\/","og_site_name":"La Gu\u00eda de Pamplona","article_publisher":"https:\/\/www.facebook.com\/laguiadepamplonacom-133175176762273\/?ref=hl","article_published_time":"2023-10-26T11:13:06+00:00","og_image":[{"width":1920,"height":1280,"url":"https:\/\/www.laguiadepamplona.com\/actualidad\/wp-content\/uploads\/2021\/07\/cementerio_JMG4903.jpg","type":"image\/jpeg"}],"author":"La Gu\u00eda de Pamplona","twitter_card":"summary_large_image","twitter_creator":"@LaGuiadPamplona","twitter_site":"@LaGuiadPamplona","twitter_misc":{"Escrito por":"La Gu\u00eda de Pamplona","Tiempo de lectura":"2 minutos"},"schema":{"@context":"https:\/\/schema.org","@graph":[{"@type":"Article","@id":"https:\/\/www.laguiadepamplona.com\/actualidad\/se-mantienen-abiertos-los-accesos-habituales-para-vehiculos-al-cementerio-por-la-calle-biurdana-y-la-avenida-de-navarra-en-estos-dias-en-torno-a-todos-los-santos\/#article","isPartOf":{"@id":"https:\/\/www.laguiadepamplona.com\/actualidad\/se-mantienen-abiertos-los-accesos-habituales-para-vehiculos-al-cementerio-por-la-calle-biurdana-y-la-avenida-de-navarra-en-estos-dias-en-torno-a-todos-los-santos\/"},"author":{"name":"La Gu\u00eda de Pamplona","@id":"https:\/\/www.laguiadepamplona.com\/actualidad\/#\/schema\/person\/efe887376f0213d4657c93adc50b1fdb"},"headline":"Se mantienen abiertos los accesos habituales para veh\u00edculos al cementerio, por la calle Biurdana y la avenida de Navarra, en estos d\u00edas en torno a Todos los Santos","datePublished":"2023-10-26T11:13:06+00:00","mainEntityOfPage":{"@id":"https:\/\/www.laguiadepamplona.com\/actualidad\/se-mantienen-abiertos-los-accesos-habituales-para-vehiculos-al-cementerio-por-la-calle-biurdana-y-la-avenida-de-navarra-en-estos-dias-en-torno-a-todos-los-santos\/"},"wordCount":446,"commentCount":0,"publisher":{"@id":"https:\/\/www.laguiadepamplona.com\/actualidad\/#organization"},"image":{"@id":"https:\/\/www.laguiadepamplona.com\/actualidad\/se-mantienen-abiertos-los-accesos-habituales-para-vehiculos-al-cementerio-por-la-calle-biurdana-y-la-avenida-de-navarra-en-estos-dias-en-torno-a-todos-los-santos\/#primaryimage"},"thumbnailUrl":"https:\/\/www.laguiadepamplona.com\/actualidad\/wp-content\/uploads\/2021\/07\/cementerio_JMG4903.jpg","articleSection":["Ayto Pamplona"],"inLanguage":"es","potentialAction":[{"@type":"CommentAction","name":"Comment","target":["https:\/\/www.laguiadepamplona.com\/actualidad\/se-mantienen-abiertos-los-accesos-habituales-para-vehiculos-al-cementerio-por-la-calle-biurdana-y-la-avenida-de-navarra-en-estos-dias-en-torno-a-todos-los-santos\/#respond"]}]},{"@type":"WebPage","@id":"https:\/\/www.laguiadepamplona.com\/actualidad\/se-mantienen-abiertos-los-accesos-habituales-para-vehiculos-al-cementerio-por-la-calle-biurdana-y-la-avenida-de-navarra-en-estos-dias-en-torno-a-todos-los-santos\/","url":"https:\/\/www.laguiadepamplona.com\/actualidad\/se-mantienen-abiertos-los-accesos-habituales-para-vehiculos-al-cementerio-por-la-calle-biurdana-y-la-avenida-de-navarra-en-estos-dias-en-torno-a-todos-los-santos\/","name":"Se mantienen abiertos los accesos habituales para veh\u00edculos al cementerio, por la calle Biurdana y la avenida de Navarra, en estos d\u00edas en torno a Todos los Santos","isPartOf":{"@id":"https:\/\/www.laguiadepamplona.com\/actualidad\/#website"},"primaryImageOfPage":{"@id":"https:\/\/www.laguiadepamplona.com\/actualidad\/se-mantienen-abiertos-los-accesos-habituales-para-vehiculos-al-cementerio-por-la-calle-biurdana-y-la-avenida-de-navarra-en-estos-dias-en-torno-a-todos-los-santos\/#primaryimage"},"image":{"@id":"https:\/\/www.laguiadepamplona.com\/actualidad\/se-mantienen-abiertos-los-accesos-habituales-para-vehiculos-al-cementerio-por-la-calle-biurdana-y-la-avenida-de-navarra-en-estos-dias-en-torno-a-todos-los-santos\/#primaryimage"},"thumbnailUrl":"https:\/\/www.laguiadepamplona.com\/actualidad\/wp-content\/uploads\/2021\/07\/cementerio_JMG4903.jpg","datePublished":"2023-10-26T11:13:06+00:00","description":"La salida de la zona se realizar\u00e1 por el vial que llega a la calle Miluze y la zona naranja funcionar\u00e1 con normalidad, excepto el festivo 1 de noviembre","breadcrumb":{"@id":"https:\/\/www.laguiadepamplona.com\/actualidad\/se-mantienen-abiertos-los-accesos-habituales-para-vehiculos-al-cementerio-por-la-calle-biurdana-y-la-avenida-de-navarra-en-estos-dias-en-torno-a-todos-los-santos\/#breadcrumb"},"inLanguage":"es","potentialAction":[{"@type":"ReadAction","target":["https:\/\/www.laguiadepamplona.com\/actualidad\/se-mantienen-abiertos-los-accesos-habituales-para-vehiculos-al-cementerio-por-la-calle-biurdana-y-la-avenida-de-navarra-en-estos-dias-en-torno-a-todos-los-santos\/"]}]},{"@type":"ImageObject","inLanguage":"es","@id":"https:\/\/www.laguiadepamplona.com\/actualidad\/se-mantienen-abiertos-los-accesos-habituales-para-vehiculos-al-cementerio-por-la-calle-biurdana-y-la-avenida-de-navarra-en-estos-dias-en-torno-a-todos-los-santos\/#primaryimage","url":"https:\/\/www.laguiadepamplona.com\/actualidad\/wp-content\/uploads\/2021\/07\/cementerio_JMG4903.jpg","contentUrl":"https:\/\/www.laguiadepamplona.com\/actualidad\/wp-content\/uploads\/2021\/07\/cementerio_JMG4903.jpg","width":1920,"height":1280},{"@type":"BreadcrumbList","@id":"https:\/\/www.laguiadepamplona.com\/actualidad\/se-mantienen-abiertos-los-accesos-habituales-para-vehiculos-al-cementerio-por-la-calle-biurdana-y-la-avenida-de-navarra-en-estos-dias-en-torno-a-todos-los-santos\/#breadcrumb","itemListElement":[{"@type":"ListItem","position":1,"name":"Portada","item":"https:\/\/www.laguiadepamplona.com\/actualidad\/"},{"@type":"ListItem","position":2,"name":"Se mantienen abiertos los accesos habituales para veh\u00edculos al cementerio, por la calle Biurdana y la avenida de Navarra, en estos d\u00edas en torno a Todos los Santos"}]},{"@type":"WebSite","@id":"https:\/\/www.laguiadepamplona.com\/actualidad\/#website","url":"https:\/\/www.laguiadepamplona.com\/actualidad\/","name":"La gu\u00eda de Pamplona","description":"Noticias de Pamplona","publisher":{"@id":"https:\/\/www.laguiadepamplona.com\/actualidad\/#organization"},"potentialAction":[{"@type":"SearchAction","target":{"@type":"EntryPoint","urlTemplate":"https:\/\/www.laguiadepamplona.com\/actualidad\/?s={search_term_string}"},"query-input":{"@type":"PropertyValueSpecification","valueRequired":true,"valueName":"search_term_string"}}],"inLanguage":"es"},{"@type":"Organization","@id":"https:\/\/www.laguiadepamplona.com\/actualidad\/#organization","name":"La Gu\u00eda de Pamplona \/ Noticias","url":"https:\/\/www.laguiadepamplona.com\/actualidad\/","logo":{"@type":"ImageObject","inLanguage":"es","@id":"https:\/\/www.laguiadepamplona.com\/actualidad\/#\/schema\/logo\/image\/","url":"https:\/\/www.laguiadepamplona.com\/actualidad\/wp-content\/uploads\/2018\/11\/logo-laguiadepamplona18-web1.png","contentUrl":"https:\/\/www.laguiadepamplona.com\/actualidad\/wp-content\/uploads\/2018\/11\/logo-laguiadepamplona18-web1.png","width":600,"height":196,"caption":"La Gu\u00eda de Pamplona \/ Noticias"},"image":{"@id":"https:\/\/www.laguiadepamplona.com\/actualidad\/#\/schema\/logo\/image\/"},"sameAs":["https:\/\/www.facebook.com\/laguiadepamplonacom-133175176762273\/?ref=hl","https:\/\/x.com\/LaGuiadPamplona","https:\/\/www.instagram.com\/la_guia_de_pamplona\/","https:\/\/www.youtube.com\/user\/laguiadepamplona"]},{"@type":"Person","@id":"https:\/\/www.laguiadepamplona.com\/actualidad\/#\/schema\/person\/efe887376f0213d4657c93adc50b1fdb","name":"La Gu\u00eda de Pamplona","image":{"@type":"ImageObject","inLanguage":"es","@id":"https:\/\/secure.gravatar.com\/avatar\/b6992f131dc8d30ab0dff15446e9d346d9dbd95992de0fef795073f5ea83a81c?s=96&d=mm&r=g","url":"https:\/\/secure.gravatar.com\/avatar\/b6992f131dc8d30ab0dff15446e9d346d9dbd95992de0fef795073f5ea83a81c?s=96&d=mm&r=g","contentUrl":"https:\/\/secure.gravatar.com\/avatar\/b6992f131dc8d30ab0dff15446e9d346d9dbd95992de0fef795073f5ea83a81c?s=96&d=mm&r=g","caption":"La Gu\u00eda de Pamplona"}}]}},"post_mailing_queue_ids":[],"_links":{"self":[{"href":"https:\/\/www.laguiadepamplona.com\/actualidad\/wp-json\/wp\/v2\/posts\/47732","targetHints":{"allow":["GET"]}}],"collection":[{"href":"https:\/\/www.laguiadepamplona.com\/actualidad\/wp-json\/wp\/v2\/posts"}],"about":[{"href":"https:\/\/www.laguiadepamplona.com\/actualidad\/wp-json\/wp\/v2\/types\/post"}],"author":[{"embeddable":true,"href":"https:\/\/www.laguiadepamplona.com\/actualidad\/wp-json\/wp\/v2\/users\/1"}],"replies":[{"embeddable":true,"href":"https:\/\/www.laguiadepamplona.com\/actualidad\/wp-json\/wp\/v2\/comments?post=47732"}],"version-history":[{"count":1,"href":"https:\/\/www.laguiadepamplona.com\/actualidad\/wp-json\/wp\/v2\/posts\/47732\/revisions"}],"predecessor-version":[{"id":47733,"href":"https:\/\/www.laguiadepamplona.com\/actualidad\/wp-json\/wp\/v2\/posts\/47732\/revisions\/47733"}],"wp:featuredmedia":[{"embeddable":true,"href":"https:\/\/www.laguiadepamplona.com\/actualidad\/wp-json\/wp\/v2\/media\/36018"}],"wp:attachment":[{"href":"https:\/\/www.laguiadepamplona.com\/actualidad\/wp-json\/wp\/v2\/media?parent=47732"}],"wp:term":[{"taxonomy":"category","embeddable":true,"href":"https:\/\/www.laguiadepamplona.com\/actualidad\/wp-json\/wp\/v2\/categories?post=47732"},{"taxonomy":"post_tag","embeddable":true,"href":"https:\/\/www.laguiadepamplona.com\/actualidad\/wp-json\/wp\/v2\/tags?post=47732"}],"curies":[{"name":"wp","href":"https:\/\/api.w.org\/{rel}","templated":true}]}}