{"id":47727,"date":"2023-10-26T13:03:53","date_gmt":"2023-10-26T11:03:53","guid":{"rendered":"https:\/\/www.laguiadepamplona.com\/actualidad\/?p=47727"},"modified":"2023-10-26T13:03:53","modified_gmt":"2023-10-26T11:03:53","slug":"continua-el-xii-festival-internacional-de-cine-fantastico-y-de-terror-de-navarra-que-culminara-el-sabado-en-una-gala-de-premios-con-animacion-y-una-tarde-de-terror","status":"publish","type":"post","link":"https:\/\/www.laguiadepamplona.com\/actualidad\/continua-el-xii-festival-internacional-de-cine-fantastico-y-de-terror-de-navarra-que-culminara-el-sabado-en-una-gala-de-premios-con-animacion-y-una-tarde-de-terror\/","title":{"rendered":"Continua el XII Festival Internacional de Cine Fant\u00e1stico y de Terror de Navarra que culminar\u00e1 el s\u00e1bado en una gala de premios con animaci\u00f3n y una \u2018Tarde de terror\u2019"},"content":{"rendered":"<h3>Para las sesiones de rol y los escapes del 28 de octubre es necesario inscribirse en la Casa de la Juventud, presencialmente o por tel\u00e9fono<\/h3>\n<p><!--more--><\/p>\n<p>Ha arrancado ya en la Casa de la Juventud el Festival Internacional de Cine Fant\u00e1stico y de Terror de Navarra, una cita con entrada libre que cumple este a\u00f1o su duod\u00e9cima edici\u00f3n y que se extender\u00e1 hasta el 28 de octubre. Esta tarde a partir de las 19 horas, con entrada libre se proyectar\u00e1n los cortometrajes \u2018Cuando haces pop\u2019, \u2018Amanece la noche m\u00e1s larga\u2019, \u2018Mi criaturita\u2019, \u2018Coleccionismo\u2019, \u2018White butterflies\u2019, \u2018Osito\u2019 y \u2018Arrivederci Par\u00eds\u2019. En la sesi\u00f3n del viernes los cortometrajes a concurso ser\u00e1n siete. Por un lado \u2018Las almendras amargas\u2019, \u2018Sacrificio\u2019, \u2018Solo un ensayo\u2019 y \u2018Cementerio de coches\u2019. En cada sesi\u00f3n el director del festival Miguel Su\u00e1rez del Cerro se encarga de introducir las piezas, pero ma\u00f1ana estar\u00e1n presentes en la sesi\u00f3n los equipos de los otros tres cortometrajes del d\u00eda: \u2018Solo hay una\u2019, \u2018Sincopat\u2019, \u2018Worldlines III\u2019, que ser\u00e1n quienes se encarguen de hablar con el p\u00fablico.<\/p>\n<p>El s\u00e1bado tendr\u00e1 lugar la sesi\u00f3n de clausura y el anuncio de los premios en una gala que ir\u00e1 precedida por un espect\u00e1culo de animaci\u00f3n cargo de la compa\u00f1\u00eda LaVaBo, formada por Vanesa Crist\u00f3bal Anto\u00f1anzas y Boris D\u00edaz Monllor, con letras originales y una recopilaci\u00f3n musical. Ese d\u00eda en el Sal\u00f3n de Actos a las 19 horas se proyectar\u00e1 el largometraje \u2018La autopsia de Jane Doe\u2019 (Reino Unido, 2016, 86\u2019).<br \/>\n<script async src=\"\/\/pagead2.googlesyndication.com\/pagead\/js\/adsbygoogle.js\"><\/script><br \/>\n<!-- Noticias La Guia de Pamplona --><br \/>\n<ins class=\"adsbygoogle\"\nstyle=\"display:block\"\ndata-ad-client=\"ca-pub-6943679897239327\"\ndata-ad-slot=\"7048180777\"\ndata-ad-format=\"auto\"><\/ins><br \/>\n<script>\n(adsbygoogle = window.adsbygoogle || []).push({});\n<\/script><\/p>\n<p>Alrededor del festival todas las tardes desde las 18 horas hay actividades complementarias vinculadas a Halloween. Al concurso \u2018Que te sea leve\u2019, vinculado al peso de objetos, esta tarde se unir\u00e1 el taller \u2018Dise\u00f1a tu propia mascara\u2019 con bichos, sangre, telara\u00f1as\u2019 y ma\u00f1ana, un karaoke tem\u00e1tico. El viernes tambi\u00e9n habr\u00e1 dos pases (17 y 18 horas) el scape room \u2018El s\u00f3tano de la locura\u2019, preparado por Sp\u00e9culum Vitae. Y ya est\u00e1 abierto el plazo para inscribirse de forma gratuita en las sesiones de escape y en los pases de rol en vivo de la \u2018Tarde de ocio\u2019 (s\u00e1bado 28 de octubre). Se puede hace presencialmente en la Casa de la Juventud o llamando al tel\u00e9fono 948 233 512 hasta el mismo d\u00eda. Como es habitual en estas las actividades est\u00e1n a cargo de una asociaci\u00f3n juvenil, \u2018Learn &amp; Teach\u2019 y la Casa perfectamente ambientada como marco de actividades Halloween.<\/p>\n<p>Desde las 17.15 horas y hasta las 21 horas, quienes acudan a la calle Sang\u00fcesa 30 podr\u00e1n participar en partidas de juegos de mesa y videojuegos de miedo y, por primera vez en un taller de reels \u201cTerro-reel-ficos.\u00a0 Cada hora habr\u00e1 pases del rol en vivo \u201cMisterios de noche\u201d (m\u00e1ximo 20 personas por grupo) con un argumento de asesinatos, cr\u00edmenes y accidentes y tambi\u00e9n est\u00e1n programadas dos tipos de sesiones de escape de 30 minutos de duraci\u00f3n: \u2018El Santuario del Crep\u00fasculo de Plata\u2019 y \u2018Misi\u00f3n IA- mposible\u2019. La primera sobre cuerpos desfigurados y desapariciones sospechosas que requieren un ritual y la segunda sobre una evoluci\u00f3n equivocada de la Inteligencia Artificial Neutral a la que hay que destruir, salt\u00e1ndose todos sus protocolos de seguridad. Los pases ser\u00e1n cada 45 minutos en grupos de seis personas.<br \/>\n<script async src=\"\/\/pagead2.googlesyndication.com\/pagead\/js\/adsbygoogle.js\"><\/script><br \/>\n<!-- Noticias La Guia de Pamplona --><br \/>\n<ins class=\"adsbygoogle\"\nstyle=\"display:block\"\ndata-ad-client=\"ca-pub-6943679897239327\"\ndata-ad-slot=\"7048180777\"\ndata-ad-format=\"auto\"><\/ins><br \/>\n<script>\n(adsbygoogle = window.adsbygoogle || []).push({});\n<\/script><\/p>\n<p>&nbsp;<\/p>\n<h3><strong>Programaci\u00f3n XII Festival Internacional de Cine Fant\u00e1stico y de Terror de Navarra<\/strong><\/h3>\n<p>Hasta el 28 de octubre<\/p>\n<p>Casa de la Juventud (Sal\u00f3n de Actos), a las 19 horas<\/p>\n<p><strong>Jueves, 26 de octubre <\/strong><\/p>\n<ul>\n<li><u>Cortometrajes<\/u>: \u2018Cuando haces pop\u2019, \u2018Amanece la noche m\u00e1s larga\u2019, \u2018Mi criaturita\u2019, \u2018Coleccionismo\u2019, \u2018White butterflies\u2019, \u2018Osito\u2019 y \u2018Arrivederci Par\u00eds\u2019<\/li>\n<\/ul>\n<p><strong>Viernes, 27 de octubre <\/strong><\/p>\n<ul>\n<li><u>Cortometrajes<\/u>: \u2018Solo hay una\u2019, \u2018Sincopat\u2019, \u2018Wordlines III\u2019, \u2018Cementerio de coches\u2019, \u2018Las almendras amargas\u2019, \u2018Sacrificio\u2019 y \u2018Solo un ensayo\u2019<\/li>\n<\/ul>\n<p><strong>S\u00e1bado, 27 de octubre <\/strong><\/p>\n<ul>\n<li><u>Largometraje<\/u>: \u2018La autopsia de Jane Doe\u2019, de Andr\u00e9 \u00d8vredal<\/li>\n<li><u>Espect\u00e1culo de animaci\u00f3n<\/u>. Compa\u00f1\u00eda LaVaBo, formada por Vanesa Crist\u00f3bal Anto\u00f1anzas y Boris D\u00edaz Monllor<\/li>\n<li><u>Gala de entrega de premios <\/u><\/li>\n<\/ul>\n<p>&nbsp;<\/p>\n<p>El Jurado 2023 est\u00e1 integrado por la periodista y escritora Paula Lozano, la cineasta Carla Calder\u00f3n, la productora Ana Isabel Martins, el actor Albert Fernando Bermejo, la promotora cultural Brenda Ram\u00edrez y el locutor Luis Ortiz Escalante. Habr\u00e1, adem\u00e1s, un Premio del P\u00fablico.<\/p>\n<p><strong>Actividades Complementarias al Festival<\/strong> (Hasta el 27 de octubre. a las 18 horas)<\/p>\n<p><strong>Jueves, 26 de octubre <\/strong><\/p>\n<p>Taller \u2018Dise\u00f1a tu propia mascara\u2019 con bichos, sangre, telara\u00f1as\u2026<\/p>\n<p><strong>Viernes, 27 de octubre <\/strong><\/p>\n<p>El cl\u00e1sico Karaoke de la Casa pero disfrazados para jugar a truco o trato.<\/p>\n<p>Escape Room: El s\u00f3tano de la locura<\/p>\n<p><strong>Tarde de Ocio de Terror con la Asociaci\u00f3n Learn &amp;Teach. (28 de octubre)<\/strong><\/p>\n<p>Horario: 17:15 &#8211; 21:00<\/p>\n<p><strong>Juegos de mesa macabros<\/strong>. Sum\u00e9rgete en el emocionante mundo del terror y enfr\u00e9ntate a tus peores pesadillas con esta serie de juegos.<\/p>\n<p><strong>Videojuegos espeluznantes<\/strong>. \u00bfTe crees muy valiente? Cont\u00e9n la respiraci\u00f3n \u00a1Qu\u00e9 empiece la partida!<\/p>\n<p><strong>Terro-reel-ficos:<\/strong> \u00a1Prep\u00e1rate para desatar el miedo! Crea el mejor video de terror de la temporada.<\/p>\n<p><strong>Escapa de la Casa<\/strong>*: 30 minutos fren\u00e9ticos para resolver los enigmas y conseguir escapar de nuestras salas.<\/p>\n<p><em>El Santuario del Crep\u00fasculo de Plata<\/em><\/p>\n<p><em>Misi\u00f3n IA-mposible<\/em><\/p>\n<p>*Pases cada 45 minutos. Grupos de 6 personas por orden de inscripci\u00f3n.<\/p>\n<p><strong>Rol en vivo<\/strong> \u201c<em>Misterios de noche<\/em>*. Saca tus dotes de investigador a relucir en este macabro juego de asesinatos, cr\u00edmenes y accidentes. Pases cada hora, m\u00e1ximo 20 personas.<\/p>\n<p>&nbsp;<\/p>\n<p><span style=\"color: #ff0000;\"><strong>*Inscripci\u00f3n previa hasta el 28 de octubre.<\/strong><\/span><\/p>\n<p><span style=\"color: #ff0000;\"><strong>M\u00e1s informaci\u00f3n en el tel\u00e9fono 948233512 o en la Casa de la Juventud (C\/ Sang\u00fcesa 30).<\/strong><\/span><\/p>\n","protected":false},"excerpt":{"rendered":"<p>Para las sesiones de rol y los escapes del 28 de octubre es necesario inscribirse en la Casa de la Juventud, presencialmente o por tel\u00e9fono<\/p>\n","protected":false},"author":1,"featured_media":47639,"comment_status":"open","ping_status":"closed","sticky":false,"template":"","format":"standard","meta":{"footnotes":""},"categories":[2],"tags":[],"class_list":["post-47727","post","type-post","status-publish","format-standard","has-post-thumbnail","hentry","category-ayuntamiento-pamplona"],"yoast_head":"<!-- This site is optimized with the Yoast SEO plugin v27.3 - https:\/\/yoast.com\/product\/yoast-seo-wordpress\/ -->\n<title>Continua el XII Festival Internacional de Cine Fant\u00e1stico y de Terror de Navarra que culminar\u00e1 el s\u00e1bado en una gala de premios con animaci\u00f3n y una \u2018Tarde de terror\u2019<\/title>\n<meta name=\"description\" content=\"Para las sesiones de rol y los escapes del 28 de octubre es necesario inscribirse en la Casa de la Juventud, presencialmente o por tel\u00e9fono\" \/>\n<meta name=\"robots\" content=\"index, follow, max-snippet:-1, max-image-preview:large, max-video-preview:-1\" \/>\n<link rel=\"canonical\" href=\"https:\/\/www.laguiadepamplona.com\/actualidad\/continua-el-xii-festival-internacional-de-cine-fantastico-y-de-terror-de-navarra-que-culminara-el-sabado-en-una-gala-de-premios-con-animacion-y-una-tarde-de-terror\/\" \/>\n<meta property=\"og:locale\" content=\"es_ES\" \/>\n<meta property=\"og:type\" content=\"article\" \/>\n<meta property=\"og:title\" content=\"Continua el XII Festival Internacional de Cine Fant\u00e1stico y de Terror de Navarra que culminar\u00e1 el s\u00e1bado en una gala de premios con animaci\u00f3n y una \u2018Tarde de terror\u2019\" \/>\n<meta property=\"og:description\" content=\"Para las sesiones de rol y los escapes del 28 de octubre es necesario inscribirse en la Casa de la Juventud, presencialmente o por tel\u00e9fono\" \/>\n<meta property=\"og:url\" content=\"https:\/\/www.laguiadepamplona.com\/actualidad\/continua-el-xii-festival-internacional-de-cine-fantastico-y-de-terror-de-navarra-que-culminara-el-sabado-en-una-gala-de-premios-con-animacion-y-una-tarde-de-terror\/\" \/>\n<meta property=\"og:site_name\" content=\"La Gu\u00eda de Pamplona\" \/>\n<meta property=\"article:publisher\" content=\"https:\/\/www.facebook.com\/laguiadepamplonacom-133175176762273\/?ref=hl\" \/>\n<meta property=\"article:published_time\" content=\"2023-10-26T11:03:53+00:00\" \/>\n<meta property=\"og:image\" content=\"https:\/\/www.laguiadepamplona.com\/actualidad\/wp-content\/uploads\/2023\/10\/casa-juventud-halloween-festival-cine-terror.webp\" \/>\n\t<meta property=\"og:image:width\" content=\"1200\" \/>\n\t<meta property=\"og:image:height\" content=\"800\" \/>\n\t<meta property=\"og:image:type\" content=\"image\/webp\" \/>\n<meta name=\"author\" content=\"La Gu\u00eda de Pamplona\" \/>\n<meta name=\"twitter:card\" content=\"summary_large_image\" \/>\n<meta name=\"twitter:creator\" content=\"@LaGuiadPamplona\" \/>\n<meta name=\"twitter:site\" content=\"@LaGuiadPamplona\" \/>\n<meta name=\"twitter:label1\" content=\"Escrito por\" \/>\n\t<meta name=\"twitter:data1\" content=\"La Gu\u00eda de Pamplona\" \/>\n\t<meta name=\"twitter:label2\" content=\"Tiempo de lectura\" \/>\n\t<meta name=\"twitter:data2\" content=\"5 minutos\" \/>\n<script type=\"application\/ld+json\" class=\"yoast-schema-graph\">{\"@context\":\"https:\\\/\\\/schema.org\",\"@graph\":[{\"@type\":\"Article\",\"@id\":\"https:\\\/\\\/www.laguiadepamplona.com\\\/actualidad\\\/continua-el-xii-festival-internacional-de-cine-fantastico-y-de-terror-de-navarra-que-culminara-el-sabado-en-una-gala-de-premios-con-animacion-y-una-tarde-de-terror\\\/#article\",\"isPartOf\":{\"@id\":\"https:\\\/\\\/www.laguiadepamplona.com\\\/actualidad\\\/continua-el-xii-festival-internacional-de-cine-fantastico-y-de-terror-de-navarra-que-culminara-el-sabado-en-una-gala-de-premios-con-animacion-y-una-tarde-de-terror\\\/\"},\"author\":{\"name\":\"La Gu\u00eda de Pamplona\",\"@id\":\"https:\\\/\\\/www.laguiadepamplona.com\\\/actualidad\\\/#\\\/schema\\\/person\\\/efe887376f0213d4657c93adc50b1fdb\"},\"headline\":\"Continua el XII Festival Internacional de Cine Fant\u00e1stico y de Terror de Navarra que culminar\u00e1 el s\u00e1bado en una gala de premios con animaci\u00f3n y una \u2018Tarde de terror\u2019\",\"datePublished\":\"2023-10-26T11:03:53+00:00\",\"mainEntityOfPage\":{\"@id\":\"https:\\\/\\\/www.laguiadepamplona.com\\\/actualidad\\\/continua-el-xii-festival-internacional-de-cine-fantastico-y-de-terror-de-navarra-que-culminara-el-sabado-en-una-gala-de-premios-con-animacion-y-una-tarde-de-terror\\\/\"},\"wordCount\":965,\"commentCount\":0,\"publisher\":{\"@id\":\"https:\\\/\\\/www.laguiadepamplona.com\\\/actualidad\\\/#organization\"},\"image\":{\"@id\":\"https:\\\/\\\/www.laguiadepamplona.com\\\/actualidad\\\/continua-el-xii-festival-internacional-de-cine-fantastico-y-de-terror-de-navarra-que-culminara-el-sabado-en-una-gala-de-premios-con-animacion-y-una-tarde-de-terror\\\/#primaryimage\"},\"thumbnailUrl\":\"https:\\\/\\\/www.laguiadepamplona.com\\\/actualidad\\\/wp-content\\\/uploads\\\/2023\\\/10\\\/casa-juventud-halloween-festival-cine-terror.webp\",\"articleSection\":[\"Ayto Pamplona\"],\"inLanguage\":\"es\",\"potentialAction\":[{\"@type\":\"CommentAction\",\"name\":\"Comment\",\"target\":[\"https:\\\/\\\/www.laguiadepamplona.com\\\/actualidad\\\/continua-el-xii-festival-internacional-de-cine-fantastico-y-de-terror-de-navarra-que-culminara-el-sabado-en-una-gala-de-premios-con-animacion-y-una-tarde-de-terror\\\/#respond\"]}]},{\"@type\":\"WebPage\",\"@id\":\"https:\\\/\\\/www.laguiadepamplona.com\\\/actualidad\\\/continua-el-xii-festival-internacional-de-cine-fantastico-y-de-terror-de-navarra-que-culminara-el-sabado-en-una-gala-de-premios-con-animacion-y-una-tarde-de-terror\\\/\",\"url\":\"https:\\\/\\\/www.laguiadepamplona.com\\\/actualidad\\\/continua-el-xii-festival-internacional-de-cine-fantastico-y-de-terror-de-navarra-que-culminara-el-sabado-en-una-gala-de-premios-con-animacion-y-una-tarde-de-terror\\\/\",\"name\":\"Continua el XII Festival Internacional de Cine Fant\u00e1stico y de Terror de Navarra que culminar\u00e1 el s\u00e1bado en una gala de premios con animaci\u00f3n y una \u2018Tarde de terror\u2019\",\"isPartOf\":{\"@id\":\"https:\\\/\\\/www.laguiadepamplona.com\\\/actualidad\\\/#website\"},\"primaryImageOfPage\":{\"@id\":\"https:\\\/\\\/www.laguiadepamplona.com\\\/actualidad\\\/continua-el-xii-festival-internacional-de-cine-fantastico-y-de-terror-de-navarra-que-culminara-el-sabado-en-una-gala-de-premios-con-animacion-y-una-tarde-de-terror\\\/#primaryimage\"},\"image\":{\"@id\":\"https:\\\/\\\/www.laguiadepamplona.com\\\/actualidad\\\/continua-el-xii-festival-internacional-de-cine-fantastico-y-de-terror-de-navarra-que-culminara-el-sabado-en-una-gala-de-premios-con-animacion-y-una-tarde-de-terror\\\/#primaryimage\"},\"thumbnailUrl\":\"https:\\\/\\\/www.laguiadepamplona.com\\\/actualidad\\\/wp-content\\\/uploads\\\/2023\\\/10\\\/casa-juventud-halloween-festival-cine-terror.webp\",\"datePublished\":\"2023-10-26T11:03:53+00:00\",\"description\":\"Para las sesiones de rol y los escapes del 28 de octubre es necesario inscribirse en la Casa de la Juventud, presencialmente o por tel\u00e9fono\",\"breadcrumb\":{\"@id\":\"https:\\\/\\\/www.laguiadepamplona.com\\\/actualidad\\\/continua-el-xii-festival-internacional-de-cine-fantastico-y-de-terror-de-navarra-que-culminara-el-sabado-en-una-gala-de-premios-con-animacion-y-una-tarde-de-terror\\\/#breadcrumb\"},\"inLanguage\":\"es\",\"potentialAction\":[{\"@type\":\"ReadAction\",\"target\":[\"https:\\\/\\\/www.laguiadepamplona.com\\\/actualidad\\\/continua-el-xii-festival-internacional-de-cine-fantastico-y-de-terror-de-navarra-que-culminara-el-sabado-en-una-gala-de-premios-con-animacion-y-una-tarde-de-terror\\\/\"]}]},{\"@type\":\"ImageObject\",\"inLanguage\":\"es\",\"@id\":\"https:\\\/\\\/www.laguiadepamplona.com\\\/actualidad\\\/continua-el-xii-festival-internacional-de-cine-fantastico-y-de-terror-de-navarra-que-culminara-el-sabado-en-una-gala-de-premios-con-animacion-y-una-tarde-de-terror\\\/#primaryimage\",\"url\":\"https:\\\/\\\/www.laguiadepamplona.com\\\/actualidad\\\/wp-content\\\/uploads\\\/2023\\\/10\\\/casa-juventud-halloween-festival-cine-terror.webp\",\"contentUrl\":\"https:\\\/\\\/www.laguiadepamplona.com\\\/actualidad\\\/wp-content\\\/uploads\\\/2023\\\/10\\\/casa-juventud-halloween-festival-cine-terror.webp\",\"width\":1200,\"height\":800,\"caption\":\"casa juventud halloween\"},{\"@type\":\"BreadcrumbList\",\"@id\":\"https:\\\/\\\/www.laguiadepamplona.com\\\/actualidad\\\/continua-el-xii-festival-internacional-de-cine-fantastico-y-de-terror-de-navarra-que-culminara-el-sabado-en-una-gala-de-premios-con-animacion-y-una-tarde-de-terror\\\/#breadcrumb\",\"itemListElement\":[{\"@type\":\"ListItem\",\"position\":1,\"name\":\"Portada\",\"item\":\"https:\\\/\\\/www.laguiadepamplona.com\\\/actualidad\\\/\"},{\"@type\":\"ListItem\",\"position\":2,\"name\":\"Continua el XII Festival Internacional de Cine Fant\u00e1stico y de Terror de Navarra que culminar\u00e1 el s\u00e1bado en una gala de premios con animaci\u00f3n y una \u2018Tarde de terror\u2019\"}]},{\"@type\":\"WebSite\",\"@id\":\"https:\\\/\\\/www.laguiadepamplona.com\\\/actualidad\\\/#website\",\"url\":\"https:\\\/\\\/www.laguiadepamplona.com\\\/actualidad\\\/\",\"name\":\"La gu\u00eda de Pamplona\",\"description\":\"Noticias de Pamplona\",\"publisher\":{\"@id\":\"https:\\\/\\\/www.laguiadepamplona.com\\\/actualidad\\\/#organization\"},\"potentialAction\":[{\"@type\":\"SearchAction\",\"target\":{\"@type\":\"EntryPoint\",\"urlTemplate\":\"https:\\\/\\\/www.laguiadepamplona.com\\\/actualidad\\\/?s={search_term_string}\"},\"query-input\":{\"@type\":\"PropertyValueSpecification\",\"valueRequired\":true,\"valueName\":\"search_term_string\"}}],\"inLanguage\":\"es\"},{\"@type\":\"Organization\",\"@id\":\"https:\\\/\\\/www.laguiadepamplona.com\\\/actualidad\\\/#organization\",\"name\":\"La Gu\u00eda de Pamplona \\\/ Noticias\",\"url\":\"https:\\\/\\\/www.laguiadepamplona.com\\\/actualidad\\\/\",\"logo\":{\"@type\":\"ImageObject\",\"inLanguage\":\"es\",\"@id\":\"https:\\\/\\\/www.laguiadepamplona.com\\\/actualidad\\\/#\\\/schema\\\/logo\\\/image\\\/\",\"url\":\"https:\\\/\\\/www.laguiadepamplona.com\\\/actualidad\\\/wp-content\\\/uploads\\\/2018\\\/11\\\/logo-laguiadepamplona18-web1.png\",\"contentUrl\":\"https:\\\/\\\/www.laguiadepamplona.com\\\/actualidad\\\/wp-content\\\/uploads\\\/2018\\\/11\\\/logo-laguiadepamplona18-web1.png\",\"width\":600,\"height\":196,\"caption\":\"La Gu\u00eda de Pamplona \\\/ Noticias\"},\"image\":{\"@id\":\"https:\\\/\\\/www.laguiadepamplona.com\\\/actualidad\\\/#\\\/schema\\\/logo\\\/image\\\/\"},\"sameAs\":[\"https:\\\/\\\/www.facebook.com\\\/laguiadepamplonacom-133175176762273\\\/?ref=hl\",\"https:\\\/\\\/x.com\\\/LaGuiadPamplona\",\"https:\\\/\\\/www.instagram.com\\\/la_guia_de_pamplona\\\/\",\"https:\\\/\\\/www.youtube.com\\\/user\\\/laguiadepamplona\"]},{\"@type\":\"Person\",\"@id\":\"https:\\\/\\\/www.laguiadepamplona.com\\\/actualidad\\\/#\\\/schema\\\/person\\\/efe887376f0213d4657c93adc50b1fdb\",\"name\":\"La Gu\u00eda de Pamplona\",\"image\":{\"@type\":\"ImageObject\",\"inLanguage\":\"es\",\"@id\":\"https:\\\/\\\/secure.gravatar.com\\\/avatar\\\/b6992f131dc8d30ab0dff15446e9d346d9dbd95992de0fef795073f5ea83a81c?s=96&d=mm&r=g\",\"url\":\"https:\\\/\\\/secure.gravatar.com\\\/avatar\\\/b6992f131dc8d30ab0dff15446e9d346d9dbd95992de0fef795073f5ea83a81c?s=96&d=mm&r=g\",\"contentUrl\":\"https:\\\/\\\/secure.gravatar.com\\\/avatar\\\/b6992f131dc8d30ab0dff15446e9d346d9dbd95992de0fef795073f5ea83a81c?s=96&d=mm&r=g\",\"caption\":\"La Gu\u00eda de Pamplona\"}}]}<\/script>\n<!-- \/ Yoast SEO plugin. -->","yoast_head_json":{"title":"Continua el XII Festival Internacional de Cine Fant\u00e1stico y de Terror de Navarra que culminar\u00e1 el s\u00e1bado en una gala de premios con animaci\u00f3n y una \u2018Tarde de terror\u2019","description":"Para las sesiones de rol y los escapes del 28 de octubre es necesario inscribirse en la Casa de la Juventud, presencialmente o por tel\u00e9fono","robots":{"index":"index","follow":"follow","max-snippet":"max-snippet:-1","max-image-preview":"max-image-preview:large","max-video-preview":"max-video-preview:-1"},"canonical":"https:\/\/www.laguiadepamplona.com\/actualidad\/continua-el-xii-festival-internacional-de-cine-fantastico-y-de-terror-de-navarra-que-culminara-el-sabado-en-una-gala-de-premios-con-animacion-y-una-tarde-de-terror\/","og_locale":"es_ES","og_type":"article","og_title":"Continua el XII Festival Internacional de Cine Fant\u00e1stico y de Terror de Navarra que culminar\u00e1 el s\u00e1bado en una gala de premios con animaci\u00f3n y una \u2018Tarde de terror\u2019","og_description":"Para las sesiones de rol y los escapes del 28 de octubre es necesario inscribirse en la Casa de la Juventud, presencialmente o por tel\u00e9fono","og_url":"https:\/\/www.laguiadepamplona.com\/actualidad\/continua-el-xii-festival-internacional-de-cine-fantastico-y-de-terror-de-navarra-que-culminara-el-sabado-en-una-gala-de-premios-con-animacion-y-una-tarde-de-terror\/","og_site_name":"La Gu\u00eda de Pamplona","article_publisher":"https:\/\/www.facebook.com\/laguiadepamplonacom-133175176762273\/?ref=hl","article_published_time":"2023-10-26T11:03:53+00:00","og_image":[{"width":1200,"height":800,"url":"https:\/\/www.laguiadepamplona.com\/actualidad\/wp-content\/uploads\/2023\/10\/casa-juventud-halloween-festival-cine-terror.webp","type":"image\/webp"}],"author":"La Gu\u00eda de Pamplona","twitter_card":"summary_large_image","twitter_creator":"@LaGuiadPamplona","twitter_site":"@LaGuiadPamplona","twitter_misc":{"Escrito por":"La Gu\u00eda de Pamplona","Tiempo de lectura":"5 minutos"},"schema":{"@context":"https:\/\/schema.org","@graph":[{"@type":"Article","@id":"https:\/\/www.laguiadepamplona.com\/actualidad\/continua-el-xii-festival-internacional-de-cine-fantastico-y-de-terror-de-navarra-que-culminara-el-sabado-en-una-gala-de-premios-con-animacion-y-una-tarde-de-terror\/#article","isPartOf":{"@id":"https:\/\/www.laguiadepamplona.com\/actualidad\/continua-el-xii-festival-internacional-de-cine-fantastico-y-de-terror-de-navarra-que-culminara-el-sabado-en-una-gala-de-premios-con-animacion-y-una-tarde-de-terror\/"},"author":{"name":"La Gu\u00eda de Pamplona","@id":"https:\/\/www.laguiadepamplona.com\/actualidad\/#\/schema\/person\/efe887376f0213d4657c93adc50b1fdb"},"headline":"Continua el XII Festival Internacional de Cine Fant\u00e1stico y de Terror de Navarra que culminar\u00e1 el s\u00e1bado en una gala de premios con animaci\u00f3n y una \u2018Tarde de terror\u2019","datePublished":"2023-10-26T11:03:53+00:00","mainEntityOfPage":{"@id":"https:\/\/www.laguiadepamplona.com\/actualidad\/continua-el-xii-festival-internacional-de-cine-fantastico-y-de-terror-de-navarra-que-culminara-el-sabado-en-una-gala-de-premios-con-animacion-y-una-tarde-de-terror\/"},"wordCount":965,"commentCount":0,"publisher":{"@id":"https:\/\/www.laguiadepamplona.com\/actualidad\/#organization"},"image":{"@id":"https:\/\/www.laguiadepamplona.com\/actualidad\/continua-el-xii-festival-internacional-de-cine-fantastico-y-de-terror-de-navarra-que-culminara-el-sabado-en-una-gala-de-premios-con-animacion-y-una-tarde-de-terror\/#primaryimage"},"thumbnailUrl":"https:\/\/www.laguiadepamplona.com\/actualidad\/wp-content\/uploads\/2023\/10\/casa-juventud-halloween-festival-cine-terror.webp","articleSection":["Ayto Pamplona"],"inLanguage":"es","potentialAction":[{"@type":"CommentAction","name":"Comment","target":["https:\/\/www.laguiadepamplona.com\/actualidad\/continua-el-xii-festival-internacional-de-cine-fantastico-y-de-terror-de-navarra-que-culminara-el-sabado-en-una-gala-de-premios-con-animacion-y-una-tarde-de-terror\/#respond"]}]},{"@type":"WebPage","@id":"https:\/\/www.laguiadepamplona.com\/actualidad\/continua-el-xii-festival-internacional-de-cine-fantastico-y-de-terror-de-navarra-que-culminara-el-sabado-en-una-gala-de-premios-con-animacion-y-una-tarde-de-terror\/","url":"https:\/\/www.laguiadepamplona.com\/actualidad\/continua-el-xii-festival-internacional-de-cine-fantastico-y-de-terror-de-navarra-que-culminara-el-sabado-en-una-gala-de-premios-con-animacion-y-una-tarde-de-terror\/","name":"Continua el XII Festival Internacional de Cine Fant\u00e1stico y de Terror de Navarra que culminar\u00e1 el s\u00e1bado en una gala de premios con animaci\u00f3n y una \u2018Tarde de terror\u2019","isPartOf":{"@id":"https:\/\/www.laguiadepamplona.com\/actualidad\/#website"},"primaryImageOfPage":{"@id":"https:\/\/www.laguiadepamplona.com\/actualidad\/continua-el-xii-festival-internacional-de-cine-fantastico-y-de-terror-de-navarra-que-culminara-el-sabado-en-una-gala-de-premios-con-animacion-y-una-tarde-de-terror\/#primaryimage"},"image":{"@id":"https:\/\/www.laguiadepamplona.com\/actualidad\/continua-el-xii-festival-internacional-de-cine-fantastico-y-de-terror-de-navarra-que-culminara-el-sabado-en-una-gala-de-premios-con-animacion-y-una-tarde-de-terror\/#primaryimage"},"thumbnailUrl":"https:\/\/www.laguiadepamplona.com\/actualidad\/wp-content\/uploads\/2023\/10\/casa-juventud-halloween-festival-cine-terror.webp","datePublished":"2023-10-26T11:03:53+00:00","description":"Para las sesiones de rol y los escapes del 28 de octubre es necesario inscribirse en la Casa de la Juventud, presencialmente o por tel\u00e9fono","breadcrumb":{"@id":"https:\/\/www.laguiadepamplona.com\/actualidad\/continua-el-xii-festival-internacional-de-cine-fantastico-y-de-terror-de-navarra-que-culminara-el-sabado-en-una-gala-de-premios-con-animacion-y-una-tarde-de-terror\/#breadcrumb"},"inLanguage":"es","potentialAction":[{"@type":"ReadAction","target":["https:\/\/www.laguiadepamplona.com\/actualidad\/continua-el-xii-festival-internacional-de-cine-fantastico-y-de-terror-de-navarra-que-culminara-el-sabado-en-una-gala-de-premios-con-animacion-y-una-tarde-de-terror\/"]}]},{"@type":"ImageObject","inLanguage":"es","@id":"https:\/\/www.laguiadepamplona.com\/actualidad\/continua-el-xii-festival-internacional-de-cine-fantastico-y-de-terror-de-navarra-que-culminara-el-sabado-en-una-gala-de-premios-con-animacion-y-una-tarde-de-terror\/#primaryimage","url":"https:\/\/www.laguiadepamplona.com\/actualidad\/wp-content\/uploads\/2023\/10\/casa-juventud-halloween-festival-cine-terror.webp","contentUrl":"https:\/\/www.laguiadepamplona.com\/actualidad\/wp-content\/uploads\/2023\/10\/casa-juventud-halloween-festival-cine-terror.webp","width":1200,"height":800,"caption":"casa juventud halloween"},{"@type":"BreadcrumbList","@id":"https:\/\/www.laguiadepamplona.com\/actualidad\/continua-el-xii-festival-internacional-de-cine-fantastico-y-de-terror-de-navarra-que-culminara-el-sabado-en-una-gala-de-premios-con-animacion-y-una-tarde-de-terror\/#breadcrumb","itemListElement":[{"@type":"ListItem","position":1,"name":"Portada","item":"https:\/\/www.laguiadepamplona.com\/actualidad\/"},{"@type":"ListItem","position":2,"name":"Continua el XII Festival Internacional de Cine Fant\u00e1stico y de Terror de Navarra que culminar\u00e1 el s\u00e1bado en una gala de premios con animaci\u00f3n y una \u2018Tarde de terror\u2019"}]},{"@type":"WebSite","@id":"https:\/\/www.laguiadepamplona.com\/actualidad\/#website","url":"https:\/\/www.laguiadepamplona.com\/actualidad\/","name":"La gu\u00eda de Pamplona","description":"Noticias de Pamplona","publisher":{"@id":"https:\/\/www.laguiadepamplona.com\/actualidad\/#organization"},"potentialAction":[{"@type":"SearchAction","target":{"@type":"EntryPoint","urlTemplate":"https:\/\/www.laguiadepamplona.com\/actualidad\/?s={search_term_string}"},"query-input":{"@type":"PropertyValueSpecification","valueRequired":true,"valueName":"search_term_string"}}],"inLanguage":"es"},{"@type":"Organization","@id":"https:\/\/www.laguiadepamplona.com\/actualidad\/#organization","name":"La Gu\u00eda de Pamplona \/ Noticias","url":"https:\/\/www.laguiadepamplona.com\/actualidad\/","logo":{"@type":"ImageObject","inLanguage":"es","@id":"https:\/\/www.laguiadepamplona.com\/actualidad\/#\/schema\/logo\/image\/","url":"https:\/\/www.laguiadepamplona.com\/actualidad\/wp-content\/uploads\/2018\/11\/logo-laguiadepamplona18-web1.png","contentUrl":"https:\/\/www.laguiadepamplona.com\/actualidad\/wp-content\/uploads\/2018\/11\/logo-laguiadepamplona18-web1.png","width":600,"height":196,"caption":"La Gu\u00eda de Pamplona \/ Noticias"},"image":{"@id":"https:\/\/www.laguiadepamplona.com\/actualidad\/#\/schema\/logo\/image\/"},"sameAs":["https:\/\/www.facebook.com\/laguiadepamplonacom-133175176762273\/?ref=hl","https:\/\/x.com\/LaGuiadPamplona","https:\/\/www.instagram.com\/la_guia_de_pamplona\/","https:\/\/www.youtube.com\/user\/laguiadepamplona"]},{"@type":"Person","@id":"https:\/\/www.laguiadepamplona.com\/actualidad\/#\/schema\/person\/efe887376f0213d4657c93adc50b1fdb","name":"La Gu\u00eda de Pamplona","image":{"@type":"ImageObject","inLanguage":"es","@id":"https:\/\/secure.gravatar.com\/avatar\/b6992f131dc8d30ab0dff15446e9d346d9dbd95992de0fef795073f5ea83a81c?s=96&d=mm&r=g","url":"https:\/\/secure.gravatar.com\/avatar\/b6992f131dc8d30ab0dff15446e9d346d9dbd95992de0fef795073f5ea83a81c?s=96&d=mm&r=g","contentUrl":"https:\/\/secure.gravatar.com\/avatar\/b6992f131dc8d30ab0dff15446e9d346d9dbd95992de0fef795073f5ea83a81c?s=96&d=mm&r=g","caption":"La Gu\u00eda de Pamplona"}}]}},"post_mailing_queue_ids":[],"_links":{"self":[{"href":"https:\/\/www.laguiadepamplona.com\/actualidad\/wp-json\/wp\/v2\/posts\/47727","targetHints":{"allow":["GET"]}}],"collection":[{"href":"https:\/\/www.laguiadepamplona.com\/actualidad\/wp-json\/wp\/v2\/posts"}],"about":[{"href":"https:\/\/www.laguiadepamplona.com\/actualidad\/wp-json\/wp\/v2\/types\/post"}],"author":[{"embeddable":true,"href":"https:\/\/www.laguiadepamplona.com\/actualidad\/wp-json\/wp\/v2\/users\/1"}],"replies":[{"embeddable":true,"href":"https:\/\/www.laguiadepamplona.com\/actualidad\/wp-json\/wp\/v2\/comments?post=47727"}],"version-history":[{"count":1,"href":"https:\/\/www.laguiadepamplona.com\/actualidad\/wp-json\/wp\/v2\/posts\/47727\/revisions"}],"predecessor-version":[{"id":47728,"href":"https:\/\/www.laguiadepamplona.com\/actualidad\/wp-json\/wp\/v2\/posts\/47727\/revisions\/47728"}],"wp:featuredmedia":[{"embeddable":true,"href":"https:\/\/www.laguiadepamplona.com\/actualidad\/wp-json\/wp\/v2\/media\/47639"}],"wp:attachment":[{"href":"https:\/\/www.laguiadepamplona.com\/actualidad\/wp-json\/wp\/v2\/media?parent=47727"}],"wp:term":[{"taxonomy":"category","embeddable":true,"href":"https:\/\/www.laguiadepamplona.com\/actualidad\/wp-json\/wp\/v2\/categories?post=47727"},{"taxonomy":"post_tag","embeddable":true,"href":"https:\/\/www.laguiadepamplona.com\/actualidad\/wp-json\/wp\/v2\/tags?post=47727"}],"curies":[{"name":"wp","href":"https:\/\/api.w.org\/{rel}","templated":true}]}}