{"id":47723,"date":"2023-10-25T17:10:43","date_gmt":"2023-10-25T15:10:43","guid":{"rendered":"https:\/\/www.laguiadepamplona.com\/actualidad\/?p=47723"},"modified":"2023-10-25T17:10:43","modified_gmt":"2023-10-25T15:10:43","slug":"tres-recitales-de-poesia-en-euskera-con-musica-en-directo-propuesta-de-otono-del-ayuntamiento-de-pamplona-en-colaboracion-con-ateneo-navarro","status":"publish","type":"post","link":"https:\/\/www.laguiadepamplona.com\/actualidad\/tres-recitales-de-poesia-en-euskera-con-musica-en-directo-propuesta-de-otono-del-ayuntamiento-de-pamplona-en-colaboracion-con-ateneo-navarro\/","title":{"rendered":"Tres recitales de poes\u00eda en euskera con m\u00fasica en directo, propuesta de oto\u00f1o del Ayuntamiento de Pamplona en colaboraci\u00f3n con Ateneo Navarro"},"content":{"rendered":"<h3>La primera cita, este jueves a las 19.30 en Civivox Condestable, combina los versos de \u2018Arkanbele Kantak\u2019 con improvisaci\u00f3n musical e im\u00e1genes<\/h3>\n<p><!--more--><\/p>\n<p>La propuesta cultural de oto\u00f1o del Ayuntamiento de Pamplona en colaboraci\u00f3n con Ateneo Navarro ofrece tres recitales de poes\u00eda en euskera, con m\u00fasica en directo, para los meses de octubre, noviembre y diciembre. Las tres actividades se celebran en el sal\u00f3n de actos del Palacio del Condestable, a las 19.30 horas, con entrada gratuita hasta completar aforo.<\/p>\n<p>Este jueves se abre el ciclo con \u2018Arkanbele Kantak: hitza, musika eta irudia\u2019, propuesta en la que Mikel Taberna, autor del libro \u2018Arkanbele Kantak\u2019, recita una selecci\u00f3n de sus poemas, acompa\u00f1ado por improvisaciones a la guitarra de Joseba Irazoki. Esta actuaci\u00f3n se completa con una proyecci\u00f3n de im\u00e1genes elaboradas expresamente para la cita y que ser\u00e1n pautadas por Oier Fuentes \u2018Katubi\u2019.<br \/>\n<script async src=\"\/\/pagead2.googlesyndication.com\/pagead\/js\/adsbygoogle.js\"><\/script><br \/>\n<!-- Noticias La Guia de Pamplona --><br \/>\n<ins class=\"adsbygoogle\"\nstyle=\"display:block\"\ndata-ad-client=\"ca-pub-6943679897239327\"\ndata-ad-slot=\"7048180777\"\ndata-ad-format=\"auto\"><\/ins><br \/>\n<script>\n(adsbygoogle = window.adsbygoogle || []).push({});\n<\/script><\/p>\n<p>Los tres int\u00e9rpretes atesoran una larga experiencia en el \u00e1rea de la cultura. El escritor y traductor lesakarra Mikel Taberna public\u00f3 en 2021 los poemas de \u2018Arkanbele Kantak\u2019 y ha ganado diversos premios en su faceta de cuentista y poeta. El m\u00fasico de Bera Joseba Irazoki tiene una veintena de trabajos discogr\u00e1ficos publicados y ha realizado colaboraciones con grupos y versiones de otros m\u00fasicos. Oier Fuentes es ingeniero de telecomunicaciones especializado en audiovisuales y se dedica al montaje y postproducci\u00f3n de ficci\u00f3n y documentales.<\/p>\n<p>La segunda apuesta de esta programaci\u00f3n se celebrar\u00e1 el martes 14 de noviembre, con el t\u00edtulo de \u2018Alaska\u2019, nombre de un hotel abandonado al borde del camino. La poeta Castillo Suarez dar\u00e1 voz a los versos, acompa\u00f1ada por el pianista, arreglista y compositor Juantxo Zeberio. Cierra el ciclo, el martes 12 de diciembre, \u2018Etxe bat\u2019, obra en torno a los espacios de una casa, de la mano de la escritora Yolanda Arrieta y el cantante, pianista y compositor Peru Galbete.<br \/>\n<script async src=\"\/\/pagead2.googlesyndication.com\/pagead\/js\/adsbygoogle.js\"><\/script><br \/>\n<!-- Noticias La Guia de Pamplona --><br \/>\n<ins class=\"adsbygoogle\"\nstyle=\"display:block\"\ndata-ad-client=\"ca-pub-6943679897239327\"\ndata-ad-slot=\"7048180777\"\ndata-ad-format=\"auto\"><\/ins><br \/>\n<script>\n(adsbygoogle = window.adsbygoogle || []).push({});\n<\/script><\/p>\n<p>&nbsp;<\/p>\n<h3>Tres Recitales de Poes\u00eda en Directo. Palacio del Condestable. 19.30 Horas<\/h3>\n<ul>\n<li>Jueves 26 de octubre: \u2018Arkanbele Kantak: hitza, musika eta irudia\u2019\n<ul>\n<li>Int\u00e9rpretes: Mikel Taberna (texto y voz), Joseba Irazoki (guitarra y voz), Oier Fuentes (im\u00e1genes)<\/li>\n<\/ul>\n<\/li>\n<li>Martes 14 de noviembre: \u2018Alaska\u2019\n<ul>\n<li>Int\u00e9rpretes: Castillo Suarez (texto y voz), Juantxo Zeberio (m\u00fasica original y piano)<\/li>\n<\/ul>\n<\/li>\n<li>Martes 12 de diciembre: \u2018Etxe Bat\u2019\n<ul>\n<li>Int\u00e9rpretes: Yolanda Arrieta (texto y voz), Peru Galbete (m\u00fasica e instrumentos)<\/li>\n<\/ul>\n<\/li>\n<\/ul>\n","protected":false},"excerpt":{"rendered":"<p>La primera cita, este jueves a las 19.30 en Civivox Condestable, combina los versos de \u2018Arkanbele Kantak\u2019 con improvisaci\u00f3n musical e im\u00e1genes<\/p>\n","protected":false},"author":1,"featured_media":35192,"comment_status":"open","ping_status":"closed","sticky":false,"template":"","format":"standard","meta":{"footnotes":""},"categories":[2],"tags":[],"class_list":["post-47723","post","type-post","status-publish","format-standard","has-post-thumbnail","hentry","category-ayuntamiento-pamplona"],"yoast_head":"<!-- This site is optimized with the Yoast SEO plugin v27.3 - https:\/\/yoast.com\/product\/yoast-seo-wordpress\/ -->\n<title>Tres recitales de poes\u00eda en euskera con m\u00fasica en directo, propuesta de oto\u00f1o del Ayuntamiento de Pamplona en colaboraci\u00f3n con Ateneo Navarro<\/title>\n<meta name=\"description\" content=\"La primera cita, este jueves a las 19.30 en Civivox Condestable, combina los versos de \u2018Arkanbele Kantak\u2019 con improvisaci\u00f3n musical e im\u00e1genes\" \/>\n<meta name=\"robots\" content=\"index, follow, max-snippet:-1, max-image-preview:large, max-video-preview:-1\" \/>\n<link rel=\"canonical\" href=\"https:\/\/www.laguiadepamplona.com\/actualidad\/tres-recitales-de-poesia-en-euskera-con-musica-en-directo-propuesta-de-otono-del-ayuntamiento-de-pamplona-en-colaboracion-con-ateneo-navarro\/\" \/>\n<meta property=\"og:locale\" content=\"es_ES\" \/>\n<meta property=\"og:type\" content=\"article\" \/>\n<meta property=\"og:title\" content=\"Tres recitales de poes\u00eda en euskera con m\u00fasica en directo, propuesta de oto\u00f1o del Ayuntamiento de Pamplona en colaboraci\u00f3n con Ateneo Navarro\" \/>\n<meta property=\"og:description\" content=\"La primera cita, este jueves a las 19.30 en Civivox Condestable, combina los versos de \u2018Arkanbele Kantak\u2019 con improvisaci\u00f3n musical e im\u00e1genes\" \/>\n<meta property=\"og:url\" content=\"https:\/\/www.laguiadepamplona.com\/actualidad\/tres-recitales-de-poesia-en-euskera-con-musica-en-directo-propuesta-de-otono-del-ayuntamiento-de-pamplona-en-colaboracion-con-ateneo-navarro\/\" \/>\n<meta property=\"og:site_name\" content=\"La Gu\u00eda de Pamplona\" \/>\n<meta property=\"article:publisher\" content=\"https:\/\/www.facebook.com\/laguiadepamplonacom-133175176762273\/?ref=hl\" \/>\n<meta property=\"article:published_time\" content=\"2023-10-25T15:10:43+00:00\" \/>\n<meta property=\"og:image\" content=\"https:\/\/www.laguiadepamplona.com\/actualidad\/wp-content\/uploads\/2021\/06\/CIVIVOX-CONDESTABLE_3.jpg\" \/>\n\t<meta property=\"og:image:width\" content=\"1920\" \/>\n\t<meta property=\"og:image:height\" content=\"1280\" \/>\n\t<meta property=\"og:image:type\" content=\"image\/jpeg\" \/>\n<meta name=\"author\" content=\"La Gu\u00eda de Pamplona\" \/>\n<meta name=\"twitter:card\" content=\"summary_large_image\" \/>\n<meta name=\"twitter:creator\" content=\"@LaGuiadPamplona\" \/>\n<meta name=\"twitter:site\" content=\"@LaGuiadPamplona\" \/>\n<meta name=\"twitter:label1\" content=\"Escrito por\" \/>\n\t<meta name=\"twitter:data1\" content=\"La Gu\u00eda de Pamplona\" \/>\n\t<meta name=\"twitter:label2\" content=\"Tiempo de lectura\" \/>\n\t<meta name=\"twitter:data2\" content=\"2 minutos\" \/>\n<script type=\"application\/ld+json\" class=\"yoast-schema-graph\">{\"@context\":\"https:\\\/\\\/schema.org\",\"@graph\":[{\"@type\":\"Article\",\"@id\":\"https:\\\/\\\/www.laguiadepamplona.com\\\/actualidad\\\/tres-recitales-de-poesia-en-euskera-con-musica-en-directo-propuesta-de-otono-del-ayuntamiento-de-pamplona-en-colaboracion-con-ateneo-navarro\\\/#article\",\"isPartOf\":{\"@id\":\"https:\\\/\\\/www.laguiadepamplona.com\\\/actualidad\\\/tres-recitales-de-poesia-en-euskera-con-musica-en-directo-propuesta-de-otono-del-ayuntamiento-de-pamplona-en-colaboracion-con-ateneo-navarro\\\/\"},\"author\":{\"name\":\"La Gu\u00eda de Pamplona\",\"@id\":\"https:\\\/\\\/www.laguiadepamplona.com\\\/actualidad\\\/#\\\/schema\\\/person\\\/efe887376f0213d4657c93adc50b1fdb\"},\"headline\":\"Tres recitales de poes\u00eda en euskera con m\u00fasica en directo, propuesta de oto\u00f1o del Ayuntamiento de Pamplona en colaboraci\u00f3n con Ateneo Navarro\",\"datePublished\":\"2023-10-25T15:10:43+00:00\",\"mainEntityOfPage\":{\"@id\":\"https:\\\/\\\/www.laguiadepamplona.com\\\/actualidad\\\/tres-recitales-de-poesia-en-euskera-con-musica-en-directo-propuesta-de-otono-del-ayuntamiento-de-pamplona-en-colaboracion-con-ateneo-navarro\\\/\"},\"wordCount\":420,\"commentCount\":0,\"publisher\":{\"@id\":\"https:\\\/\\\/www.laguiadepamplona.com\\\/actualidad\\\/#organization\"},\"image\":{\"@id\":\"https:\\\/\\\/www.laguiadepamplona.com\\\/actualidad\\\/tres-recitales-de-poesia-en-euskera-con-musica-en-directo-propuesta-de-otono-del-ayuntamiento-de-pamplona-en-colaboracion-con-ateneo-navarro\\\/#primaryimage\"},\"thumbnailUrl\":\"https:\\\/\\\/www.laguiadepamplona.com\\\/actualidad\\\/wp-content\\\/uploads\\\/2021\\\/06\\\/CIVIVOX-CONDESTABLE_3.jpg\",\"articleSection\":[\"Ayto Pamplona\"],\"inLanguage\":\"es\",\"potentialAction\":[{\"@type\":\"CommentAction\",\"name\":\"Comment\",\"target\":[\"https:\\\/\\\/www.laguiadepamplona.com\\\/actualidad\\\/tres-recitales-de-poesia-en-euskera-con-musica-en-directo-propuesta-de-otono-del-ayuntamiento-de-pamplona-en-colaboracion-con-ateneo-navarro\\\/#respond\"]}]},{\"@type\":\"WebPage\",\"@id\":\"https:\\\/\\\/www.laguiadepamplona.com\\\/actualidad\\\/tres-recitales-de-poesia-en-euskera-con-musica-en-directo-propuesta-de-otono-del-ayuntamiento-de-pamplona-en-colaboracion-con-ateneo-navarro\\\/\",\"url\":\"https:\\\/\\\/www.laguiadepamplona.com\\\/actualidad\\\/tres-recitales-de-poesia-en-euskera-con-musica-en-directo-propuesta-de-otono-del-ayuntamiento-de-pamplona-en-colaboracion-con-ateneo-navarro\\\/\",\"name\":\"Tres recitales de poes\u00eda en euskera con m\u00fasica en directo, propuesta de oto\u00f1o del Ayuntamiento de Pamplona en colaboraci\u00f3n con Ateneo Navarro\",\"isPartOf\":{\"@id\":\"https:\\\/\\\/www.laguiadepamplona.com\\\/actualidad\\\/#website\"},\"primaryImageOfPage\":{\"@id\":\"https:\\\/\\\/www.laguiadepamplona.com\\\/actualidad\\\/tres-recitales-de-poesia-en-euskera-con-musica-en-directo-propuesta-de-otono-del-ayuntamiento-de-pamplona-en-colaboracion-con-ateneo-navarro\\\/#primaryimage\"},\"image\":{\"@id\":\"https:\\\/\\\/www.laguiadepamplona.com\\\/actualidad\\\/tres-recitales-de-poesia-en-euskera-con-musica-en-directo-propuesta-de-otono-del-ayuntamiento-de-pamplona-en-colaboracion-con-ateneo-navarro\\\/#primaryimage\"},\"thumbnailUrl\":\"https:\\\/\\\/www.laguiadepamplona.com\\\/actualidad\\\/wp-content\\\/uploads\\\/2021\\\/06\\\/CIVIVOX-CONDESTABLE_3.jpg\",\"datePublished\":\"2023-10-25T15:10:43+00:00\",\"description\":\"La primera cita, este jueves a las 19.30 en Civivox Condestable, combina los versos de \u2018Arkanbele Kantak\u2019 con improvisaci\u00f3n musical e im\u00e1genes\",\"breadcrumb\":{\"@id\":\"https:\\\/\\\/www.laguiadepamplona.com\\\/actualidad\\\/tres-recitales-de-poesia-en-euskera-con-musica-en-directo-propuesta-de-otono-del-ayuntamiento-de-pamplona-en-colaboracion-con-ateneo-navarro\\\/#breadcrumb\"},\"inLanguage\":\"es\",\"potentialAction\":[{\"@type\":\"ReadAction\",\"target\":[\"https:\\\/\\\/www.laguiadepamplona.com\\\/actualidad\\\/tres-recitales-de-poesia-en-euskera-con-musica-en-directo-propuesta-de-otono-del-ayuntamiento-de-pamplona-en-colaboracion-con-ateneo-navarro\\\/\"]}]},{\"@type\":\"ImageObject\",\"inLanguage\":\"es\",\"@id\":\"https:\\\/\\\/www.laguiadepamplona.com\\\/actualidad\\\/tres-recitales-de-poesia-en-euskera-con-musica-en-directo-propuesta-de-otono-del-ayuntamiento-de-pamplona-en-colaboracion-con-ateneo-navarro\\\/#primaryimage\",\"url\":\"https:\\\/\\\/www.laguiadepamplona.com\\\/actualidad\\\/wp-content\\\/uploads\\\/2021\\\/06\\\/CIVIVOX-CONDESTABLE_3.jpg\",\"contentUrl\":\"https:\\\/\\\/www.laguiadepamplona.com\\\/actualidad\\\/wp-content\\\/uploads\\\/2021\\\/06\\\/CIVIVOX-CONDESTABLE_3.jpg\",\"width\":1920,\"height\":1280,\"caption\":\"civivox condestable\"},{\"@type\":\"BreadcrumbList\",\"@id\":\"https:\\\/\\\/www.laguiadepamplona.com\\\/actualidad\\\/tres-recitales-de-poesia-en-euskera-con-musica-en-directo-propuesta-de-otono-del-ayuntamiento-de-pamplona-en-colaboracion-con-ateneo-navarro\\\/#breadcrumb\",\"itemListElement\":[{\"@type\":\"ListItem\",\"position\":1,\"name\":\"Portada\",\"item\":\"https:\\\/\\\/www.laguiadepamplona.com\\\/actualidad\\\/\"},{\"@type\":\"ListItem\",\"position\":2,\"name\":\"Tres recitales de poes\u00eda en euskera con m\u00fasica en directo, propuesta de oto\u00f1o del Ayuntamiento de Pamplona en colaboraci\u00f3n con Ateneo Navarro\"}]},{\"@type\":\"WebSite\",\"@id\":\"https:\\\/\\\/www.laguiadepamplona.com\\\/actualidad\\\/#website\",\"url\":\"https:\\\/\\\/www.laguiadepamplona.com\\\/actualidad\\\/\",\"name\":\"La gu\u00eda de Pamplona\",\"description\":\"Noticias de Pamplona\",\"publisher\":{\"@id\":\"https:\\\/\\\/www.laguiadepamplona.com\\\/actualidad\\\/#organization\"},\"potentialAction\":[{\"@type\":\"SearchAction\",\"target\":{\"@type\":\"EntryPoint\",\"urlTemplate\":\"https:\\\/\\\/www.laguiadepamplona.com\\\/actualidad\\\/?s={search_term_string}\"},\"query-input\":{\"@type\":\"PropertyValueSpecification\",\"valueRequired\":true,\"valueName\":\"search_term_string\"}}],\"inLanguage\":\"es\"},{\"@type\":\"Organization\",\"@id\":\"https:\\\/\\\/www.laguiadepamplona.com\\\/actualidad\\\/#organization\",\"name\":\"La Gu\u00eda de Pamplona \\\/ Noticias\",\"url\":\"https:\\\/\\\/www.laguiadepamplona.com\\\/actualidad\\\/\",\"logo\":{\"@type\":\"ImageObject\",\"inLanguage\":\"es\",\"@id\":\"https:\\\/\\\/www.laguiadepamplona.com\\\/actualidad\\\/#\\\/schema\\\/logo\\\/image\\\/\",\"url\":\"https:\\\/\\\/www.laguiadepamplona.com\\\/actualidad\\\/wp-content\\\/uploads\\\/2018\\\/11\\\/logo-laguiadepamplona18-web1.png\",\"contentUrl\":\"https:\\\/\\\/www.laguiadepamplona.com\\\/actualidad\\\/wp-content\\\/uploads\\\/2018\\\/11\\\/logo-laguiadepamplona18-web1.png\",\"width\":600,\"height\":196,\"caption\":\"La Gu\u00eda de Pamplona \\\/ Noticias\"},\"image\":{\"@id\":\"https:\\\/\\\/www.laguiadepamplona.com\\\/actualidad\\\/#\\\/schema\\\/logo\\\/image\\\/\"},\"sameAs\":[\"https:\\\/\\\/www.facebook.com\\\/laguiadepamplonacom-133175176762273\\\/?ref=hl\",\"https:\\\/\\\/x.com\\\/LaGuiadPamplona\",\"https:\\\/\\\/www.instagram.com\\\/la_guia_de_pamplona\\\/\",\"https:\\\/\\\/www.youtube.com\\\/user\\\/laguiadepamplona\"]},{\"@type\":\"Person\",\"@id\":\"https:\\\/\\\/www.laguiadepamplona.com\\\/actualidad\\\/#\\\/schema\\\/person\\\/efe887376f0213d4657c93adc50b1fdb\",\"name\":\"La Gu\u00eda de Pamplona\",\"image\":{\"@type\":\"ImageObject\",\"inLanguage\":\"es\",\"@id\":\"https:\\\/\\\/secure.gravatar.com\\\/avatar\\\/b6992f131dc8d30ab0dff15446e9d346d9dbd95992de0fef795073f5ea83a81c?s=96&d=mm&r=g\",\"url\":\"https:\\\/\\\/secure.gravatar.com\\\/avatar\\\/b6992f131dc8d30ab0dff15446e9d346d9dbd95992de0fef795073f5ea83a81c?s=96&d=mm&r=g\",\"contentUrl\":\"https:\\\/\\\/secure.gravatar.com\\\/avatar\\\/b6992f131dc8d30ab0dff15446e9d346d9dbd95992de0fef795073f5ea83a81c?s=96&d=mm&r=g\",\"caption\":\"La Gu\u00eda de Pamplona\"}}]}<\/script>\n<!-- \/ Yoast SEO plugin. -->","yoast_head_json":{"title":"Tres recitales de poes\u00eda en euskera con m\u00fasica en directo, propuesta de oto\u00f1o del Ayuntamiento de Pamplona en colaboraci\u00f3n con Ateneo Navarro","description":"La primera cita, este jueves a las 19.30 en Civivox Condestable, combina los versos de \u2018Arkanbele Kantak\u2019 con improvisaci\u00f3n musical e im\u00e1genes","robots":{"index":"index","follow":"follow","max-snippet":"max-snippet:-1","max-image-preview":"max-image-preview:large","max-video-preview":"max-video-preview:-1"},"canonical":"https:\/\/www.laguiadepamplona.com\/actualidad\/tres-recitales-de-poesia-en-euskera-con-musica-en-directo-propuesta-de-otono-del-ayuntamiento-de-pamplona-en-colaboracion-con-ateneo-navarro\/","og_locale":"es_ES","og_type":"article","og_title":"Tres recitales de poes\u00eda en euskera con m\u00fasica en directo, propuesta de oto\u00f1o del Ayuntamiento de Pamplona en colaboraci\u00f3n con Ateneo Navarro","og_description":"La primera cita, este jueves a las 19.30 en Civivox Condestable, combina los versos de \u2018Arkanbele Kantak\u2019 con improvisaci\u00f3n musical e im\u00e1genes","og_url":"https:\/\/www.laguiadepamplona.com\/actualidad\/tres-recitales-de-poesia-en-euskera-con-musica-en-directo-propuesta-de-otono-del-ayuntamiento-de-pamplona-en-colaboracion-con-ateneo-navarro\/","og_site_name":"La Gu\u00eda de Pamplona","article_publisher":"https:\/\/www.facebook.com\/laguiadepamplonacom-133175176762273\/?ref=hl","article_published_time":"2023-10-25T15:10:43+00:00","og_image":[{"width":1920,"height":1280,"url":"https:\/\/www.laguiadepamplona.com\/actualidad\/wp-content\/uploads\/2021\/06\/CIVIVOX-CONDESTABLE_3.jpg","type":"image\/jpeg"}],"author":"La Gu\u00eda de Pamplona","twitter_card":"summary_large_image","twitter_creator":"@LaGuiadPamplona","twitter_site":"@LaGuiadPamplona","twitter_misc":{"Escrito por":"La Gu\u00eda de Pamplona","Tiempo de lectura":"2 minutos"},"schema":{"@context":"https:\/\/schema.org","@graph":[{"@type":"Article","@id":"https:\/\/www.laguiadepamplona.com\/actualidad\/tres-recitales-de-poesia-en-euskera-con-musica-en-directo-propuesta-de-otono-del-ayuntamiento-de-pamplona-en-colaboracion-con-ateneo-navarro\/#article","isPartOf":{"@id":"https:\/\/www.laguiadepamplona.com\/actualidad\/tres-recitales-de-poesia-en-euskera-con-musica-en-directo-propuesta-de-otono-del-ayuntamiento-de-pamplona-en-colaboracion-con-ateneo-navarro\/"},"author":{"name":"La Gu\u00eda de Pamplona","@id":"https:\/\/www.laguiadepamplona.com\/actualidad\/#\/schema\/person\/efe887376f0213d4657c93adc50b1fdb"},"headline":"Tres recitales de poes\u00eda en euskera con m\u00fasica en directo, propuesta de oto\u00f1o del Ayuntamiento de Pamplona en colaboraci\u00f3n con Ateneo Navarro","datePublished":"2023-10-25T15:10:43+00:00","mainEntityOfPage":{"@id":"https:\/\/www.laguiadepamplona.com\/actualidad\/tres-recitales-de-poesia-en-euskera-con-musica-en-directo-propuesta-de-otono-del-ayuntamiento-de-pamplona-en-colaboracion-con-ateneo-navarro\/"},"wordCount":420,"commentCount":0,"publisher":{"@id":"https:\/\/www.laguiadepamplona.com\/actualidad\/#organization"},"image":{"@id":"https:\/\/www.laguiadepamplona.com\/actualidad\/tres-recitales-de-poesia-en-euskera-con-musica-en-directo-propuesta-de-otono-del-ayuntamiento-de-pamplona-en-colaboracion-con-ateneo-navarro\/#primaryimage"},"thumbnailUrl":"https:\/\/www.laguiadepamplona.com\/actualidad\/wp-content\/uploads\/2021\/06\/CIVIVOX-CONDESTABLE_3.jpg","articleSection":["Ayto Pamplona"],"inLanguage":"es","potentialAction":[{"@type":"CommentAction","name":"Comment","target":["https:\/\/www.laguiadepamplona.com\/actualidad\/tres-recitales-de-poesia-en-euskera-con-musica-en-directo-propuesta-de-otono-del-ayuntamiento-de-pamplona-en-colaboracion-con-ateneo-navarro\/#respond"]}]},{"@type":"WebPage","@id":"https:\/\/www.laguiadepamplona.com\/actualidad\/tres-recitales-de-poesia-en-euskera-con-musica-en-directo-propuesta-de-otono-del-ayuntamiento-de-pamplona-en-colaboracion-con-ateneo-navarro\/","url":"https:\/\/www.laguiadepamplona.com\/actualidad\/tres-recitales-de-poesia-en-euskera-con-musica-en-directo-propuesta-de-otono-del-ayuntamiento-de-pamplona-en-colaboracion-con-ateneo-navarro\/","name":"Tres recitales de poes\u00eda en euskera con m\u00fasica en directo, propuesta de oto\u00f1o del Ayuntamiento de Pamplona en colaboraci\u00f3n con Ateneo Navarro","isPartOf":{"@id":"https:\/\/www.laguiadepamplona.com\/actualidad\/#website"},"primaryImageOfPage":{"@id":"https:\/\/www.laguiadepamplona.com\/actualidad\/tres-recitales-de-poesia-en-euskera-con-musica-en-directo-propuesta-de-otono-del-ayuntamiento-de-pamplona-en-colaboracion-con-ateneo-navarro\/#primaryimage"},"image":{"@id":"https:\/\/www.laguiadepamplona.com\/actualidad\/tres-recitales-de-poesia-en-euskera-con-musica-en-directo-propuesta-de-otono-del-ayuntamiento-de-pamplona-en-colaboracion-con-ateneo-navarro\/#primaryimage"},"thumbnailUrl":"https:\/\/www.laguiadepamplona.com\/actualidad\/wp-content\/uploads\/2021\/06\/CIVIVOX-CONDESTABLE_3.jpg","datePublished":"2023-10-25T15:10:43+00:00","description":"La primera cita, este jueves a las 19.30 en Civivox Condestable, combina los versos de \u2018Arkanbele Kantak\u2019 con improvisaci\u00f3n musical e im\u00e1genes","breadcrumb":{"@id":"https:\/\/www.laguiadepamplona.com\/actualidad\/tres-recitales-de-poesia-en-euskera-con-musica-en-directo-propuesta-de-otono-del-ayuntamiento-de-pamplona-en-colaboracion-con-ateneo-navarro\/#breadcrumb"},"inLanguage":"es","potentialAction":[{"@type":"ReadAction","target":["https:\/\/www.laguiadepamplona.com\/actualidad\/tres-recitales-de-poesia-en-euskera-con-musica-en-directo-propuesta-de-otono-del-ayuntamiento-de-pamplona-en-colaboracion-con-ateneo-navarro\/"]}]},{"@type":"ImageObject","inLanguage":"es","@id":"https:\/\/www.laguiadepamplona.com\/actualidad\/tres-recitales-de-poesia-en-euskera-con-musica-en-directo-propuesta-de-otono-del-ayuntamiento-de-pamplona-en-colaboracion-con-ateneo-navarro\/#primaryimage","url":"https:\/\/www.laguiadepamplona.com\/actualidad\/wp-content\/uploads\/2021\/06\/CIVIVOX-CONDESTABLE_3.jpg","contentUrl":"https:\/\/www.laguiadepamplona.com\/actualidad\/wp-content\/uploads\/2021\/06\/CIVIVOX-CONDESTABLE_3.jpg","width":1920,"height":1280,"caption":"civivox condestable"},{"@type":"BreadcrumbList","@id":"https:\/\/www.laguiadepamplona.com\/actualidad\/tres-recitales-de-poesia-en-euskera-con-musica-en-directo-propuesta-de-otono-del-ayuntamiento-de-pamplona-en-colaboracion-con-ateneo-navarro\/#breadcrumb","itemListElement":[{"@type":"ListItem","position":1,"name":"Portada","item":"https:\/\/www.laguiadepamplona.com\/actualidad\/"},{"@type":"ListItem","position":2,"name":"Tres recitales de poes\u00eda en euskera con m\u00fasica en directo, propuesta de oto\u00f1o del Ayuntamiento de Pamplona en colaboraci\u00f3n con Ateneo Navarro"}]},{"@type":"WebSite","@id":"https:\/\/www.laguiadepamplona.com\/actualidad\/#website","url":"https:\/\/www.laguiadepamplona.com\/actualidad\/","name":"La gu\u00eda de Pamplona","description":"Noticias de Pamplona","publisher":{"@id":"https:\/\/www.laguiadepamplona.com\/actualidad\/#organization"},"potentialAction":[{"@type":"SearchAction","target":{"@type":"EntryPoint","urlTemplate":"https:\/\/www.laguiadepamplona.com\/actualidad\/?s={search_term_string}"},"query-input":{"@type":"PropertyValueSpecification","valueRequired":true,"valueName":"search_term_string"}}],"inLanguage":"es"},{"@type":"Organization","@id":"https:\/\/www.laguiadepamplona.com\/actualidad\/#organization","name":"La Gu\u00eda de Pamplona \/ Noticias","url":"https:\/\/www.laguiadepamplona.com\/actualidad\/","logo":{"@type":"ImageObject","inLanguage":"es","@id":"https:\/\/www.laguiadepamplona.com\/actualidad\/#\/schema\/logo\/image\/","url":"https:\/\/www.laguiadepamplona.com\/actualidad\/wp-content\/uploads\/2018\/11\/logo-laguiadepamplona18-web1.png","contentUrl":"https:\/\/www.laguiadepamplona.com\/actualidad\/wp-content\/uploads\/2018\/11\/logo-laguiadepamplona18-web1.png","width":600,"height":196,"caption":"La Gu\u00eda de Pamplona \/ Noticias"},"image":{"@id":"https:\/\/www.laguiadepamplona.com\/actualidad\/#\/schema\/logo\/image\/"},"sameAs":["https:\/\/www.facebook.com\/laguiadepamplonacom-133175176762273\/?ref=hl","https:\/\/x.com\/LaGuiadPamplona","https:\/\/www.instagram.com\/la_guia_de_pamplona\/","https:\/\/www.youtube.com\/user\/laguiadepamplona"]},{"@type":"Person","@id":"https:\/\/www.laguiadepamplona.com\/actualidad\/#\/schema\/person\/efe887376f0213d4657c93adc50b1fdb","name":"La Gu\u00eda de Pamplona","image":{"@type":"ImageObject","inLanguage":"es","@id":"https:\/\/secure.gravatar.com\/avatar\/b6992f131dc8d30ab0dff15446e9d346d9dbd95992de0fef795073f5ea83a81c?s=96&d=mm&r=g","url":"https:\/\/secure.gravatar.com\/avatar\/b6992f131dc8d30ab0dff15446e9d346d9dbd95992de0fef795073f5ea83a81c?s=96&d=mm&r=g","contentUrl":"https:\/\/secure.gravatar.com\/avatar\/b6992f131dc8d30ab0dff15446e9d346d9dbd95992de0fef795073f5ea83a81c?s=96&d=mm&r=g","caption":"La Gu\u00eda de Pamplona"}}]}},"post_mailing_queue_ids":[],"_links":{"self":[{"href":"https:\/\/www.laguiadepamplona.com\/actualidad\/wp-json\/wp\/v2\/posts\/47723","targetHints":{"allow":["GET"]}}],"collection":[{"href":"https:\/\/www.laguiadepamplona.com\/actualidad\/wp-json\/wp\/v2\/posts"}],"about":[{"href":"https:\/\/www.laguiadepamplona.com\/actualidad\/wp-json\/wp\/v2\/types\/post"}],"author":[{"embeddable":true,"href":"https:\/\/www.laguiadepamplona.com\/actualidad\/wp-json\/wp\/v2\/users\/1"}],"replies":[{"embeddable":true,"href":"https:\/\/www.laguiadepamplona.com\/actualidad\/wp-json\/wp\/v2\/comments?post=47723"}],"version-history":[{"count":1,"href":"https:\/\/www.laguiadepamplona.com\/actualidad\/wp-json\/wp\/v2\/posts\/47723\/revisions"}],"predecessor-version":[{"id":47724,"href":"https:\/\/www.laguiadepamplona.com\/actualidad\/wp-json\/wp\/v2\/posts\/47723\/revisions\/47724"}],"wp:featuredmedia":[{"embeddable":true,"href":"https:\/\/www.laguiadepamplona.com\/actualidad\/wp-json\/wp\/v2\/media\/35192"}],"wp:attachment":[{"href":"https:\/\/www.laguiadepamplona.com\/actualidad\/wp-json\/wp\/v2\/media?parent=47723"}],"wp:term":[{"taxonomy":"category","embeddable":true,"href":"https:\/\/www.laguiadepamplona.com\/actualidad\/wp-json\/wp\/v2\/categories?post=47723"},{"taxonomy":"post_tag","embeddable":true,"href":"https:\/\/www.laguiadepamplona.com\/actualidad\/wp-json\/wp\/v2\/tags?post=47723"}],"curies":[{"name":"wp","href":"https:\/\/api.w.org\/{rel}","templated":true}]}}