{"id":47720,"date":"2023-10-25T17:08:53","date_gmt":"2023-10-25T15:08:53","guid":{"rendered":"https:\/\/www.laguiadepamplona.com\/actualidad\/?p=47720"},"modified":"2023-10-25T17:08:53","modified_gmt":"2023-10-25T15:08:53","slug":"alumnado-del-centro-integrado-maria-ana-sanz-colabora-con-el-ayuntamiento-de-pamplona-para-ensenar-a-mayores-de-65-anos-a-utilizar-el-telefono-movil","status":"publish","type":"post","link":"https:\/\/www.laguiadepamplona.com\/actualidad\/alumnado-del-centro-integrado-maria-ana-sanz-colabora-con-el-ayuntamiento-de-pamplona-para-ensenar-a-mayores-de-65-anos-a-utilizar-el-telefono-movil\/","title":{"rendered":"Alumnado del centro integrado Mar\u00eda Ana Sanz colabora con el Ayuntamiento de Pamplona para ense\u00f1ar a mayores de 65 a\u00f1os a utilizar el tel\u00e9fono m\u00f3vil"},"content":{"rendered":"<h3>La actividad, que se enmarca en la propuesta de la Red de Mayores de Txantrea, comenzar\u00e1 el 2 de noviembre y ya est\u00e1 abierta la inscripci\u00f3n<\/h3>\n<p><!--more--><\/p>\n<p>Estudiantes que pasan a ser profesores y personas mayores que aprenden de veintea\u00f1eros. As\u00ed podr\u00eda describirse la actividad que el Ayuntamiento de Pamplona y el Centro Integrado Mar\u00eda Ana Sanz han puesto en marcha para el mes de noviembre. Pero la actividad \u2018Aprende a utilizar tu m\u00f3vil\u2019 va m\u00e1s all\u00e1. Adem\u00e1s de ayudar a las personas mayores a manejarse con el tel\u00e9fono m\u00f3vil, con las distintas aplicaciones y sus funcionalidades, este taller supondr\u00e1 un intercambio de experiencias y un aprendizaje mutuo, los mayores de los m\u00e1s j\u00f3venes y los j\u00f3venes de los mayores.<br \/>\n<script async src=\"\/\/pagead2.googlesyndication.com\/pagead\/js\/adsbygoogle.js\"><\/script><br \/>\n<!-- Noticias La Guia de Pamplona --><br \/>\n<ins class=\"adsbygoogle\"\nstyle=\"display:block\"\ndata-ad-client=\"ca-pub-6943679897239327\"\ndata-ad-slot=\"7048180777\"\ndata-ad-format=\"auto\"><\/ins><br \/>\n<script>\n(adsbygoogle = window.adsbygoogle || []).push({});\n<\/script><\/p>\n<p>Con ese objetivo se ha organizado esta actividad, en la que alumnado voluntario del centro Mar\u00eda Ana Sanz pondr\u00e1n a disposici\u00f3n de los mayores sus conocimientos sobre los tel\u00e9fonos m\u00f3viles. El proyecto se ha articulado para poder trabajar por parejas intergeneracionales, compuestas por un estudiante del grado de educaci\u00f3n especial de Inform\u00e1tica y una persona mayor de 65 a\u00f1os. Este trabajo por parejas permite ofrecer una atenci\u00f3n m\u00e1s personalizada y fomenta las relaciones entre ambos, logrando un aprendizaje colaborativo y contribuyendo adem\u00e1s al envejecimiento activo.<\/p>\n<p>El taller forma parte de las actividades propuestas por la Red de Mayores de Txantrea y se desarrollar\u00e1 los jueves 2, 9, 23 y 30 de noviembre, en horario de ma\u00f1ana, de 11:30 a 13 horas, en el centro comunitario del barrio, ubicado en Salesianas. Las personas interesadas en participar deben inscribirse en el propio centro (ubicado en la calle Cuenca de Pamplona, 24) de martes a viernes de 9 a 14 horas, o bien llamando al tel\u00e9fono 610124844. Tambi\u00e9n es posible hacerlo a trav\u00e9s del correo electr\u00f3nico <a href=\"mailto:redesdemayorestxantrea@pamplona.es\">redesdemayorestxantrea@pamplona.es<\/a>. Como se trata de una actividad personalizada, las plazas quedar\u00e1n limitadas al n\u00famero de alumnado que imparte el taller.<\/p>\n<p>Dado que el proyecto tiene un enfoque global, estudiantes del CI Mar\u00eda Ana Sanz se han implicado desde el comienzo en esta iniciativa, hasta el punto de que han dise\u00f1ado ellos mismo los carteles y se han encargado de repartirlos por el barrio. Adem\u00e1s, est\u00e1n dise\u00f1ando las sesiones, con el acompa\u00f1amiento de dos profesoras.<br \/>\n<script async src=\"\/\/pagead2.googlesyndication.com\/pagead\/js\/adsbygoogle.js\"><\/script><br \/>\n<!-- Noticias La Guia de Pamplona --><br \/>\n<ins class=\"adsbygoogle\"\nstyle=\"display:block\"\ndata-ad-client=\"ca-pub-6943679897239327\"\ndata-ad-slot=\"7048180777\"\ndata-ad-format=\"auto\"><\/ins><br \/>\n<script>\n(adsbygoogle = window.adsbygoogle || []).push({});\n<\/script><\/p>\n<p>&nbsp;<\/p>\n<h3>Taller Intergeneracional \u2018Aprende a Utilizar tu M\u00f3vil\u2019<\/h3>\n<ul>\n<li>Horario: los d\u00edas 2,9, 23 y 30 de noviembre de 11:30 a 13 horas<\/li>\n<li>Lugar: Centro Comunitario Txantrea, en Salesianas (C\/Cuenca de Pamplona, 24)<\/li>\n<li>Inscripciones:\n<ul>\n<li>En el Centro Comuntario Txantrea, de martes a viernes de 9 a 14 horas<\/li>\n<li>En el tel\u00e9fono 610124844<\/li>\n<li>En el correo electr\u00f3nico <a href=\"mailto:redesdemayorestxantrea@pamplona.es\">redesdemayorestxantrea@pamplona.es<\/a><\/li>\n<\/ul>\n<\/li>\n<li>Impartido por alumnado del Centro Integrado Mar\u00eda Ana Sanz<\/li>\n<li>Dirigido a personas mayores de 65 a\u00f1os<\/li>\n<\/ul>\n","protected":false},"excerpt":{"rendered":"<p>La actividad, que se enmarca en la propuesta de la Red de Mayores de Txantrea, comenzar\u00e1 el 2 de noviembre y ya est\u00e1 abierta la inscripci\u00f3n<\/p>\n","protected":false},"author":1,"featured_media":47721,"comment_status":"open","ping_status":"closed","sticky":false,"template":"","format":"standard","meta":{"footnotes":""},"categories":[2],"tags":[],"class_list":["post-47720","post","type-post","status-publish","format-standard","has-post-thumbnail","hentry","category-ayuntamiento-pamplona"],"yoast_head":"<!-- This site is optimized with the Yoast SEO plugin v27.3 - https:\/\/yoast.com\/product\/yoast-seo-wordpress\/ -->\n<title>Alumnado del centro integrado Mar\u00eda Ana Sanz colabora con el Ayuntamiento de Pamplona para ense\u00f1ar a mayores de 65 a\u00f1os a utilizar el tel\u00e9fono m\u00f3vil<\/title>\n<meta name=\"description\" content=\"La actividad, que se enmarca en la propuesta de la Red de Mayores de Txantrea, comenzar\u00e1 el 2 de noviembre y ya est\u00e1 abierta la inscripci\u00f3n\" \/>\n<meta name=\"robots\" content=\"index, follow, max-snippet:-1, max-image-preview:large, max-video-preview:-1\" \/>\n<link rel=\"canonical\" href=\"https:\/\/www.laguiadepamplona.com\/actualidad\/alumnado-del-centro-integrado-maria-ana-sanz-colabora-con-el-ayuntamiento-de-pamplona-para-ensenar-a-mayores-de-65-anos-a-utilizar-el-telefono-movil\/\" \/>\n<meta property=\"og:locale\" content=\"es_ES\" \/>\n<meta property=\"og:type\" content=\"article\" \/>\n<meta property=\"og:title\" content=\"Alumnado del centro integrado Mar\u00eda Ana Sanz colabora con el Ayuntamiento de Pamplona para ense\u00f1ar a mayores de 65 a\u00f1os a utilizar el tel\u00e9fono m\u00f3vil\" \/>\n<meta property=\"og:description\" content=\"La actividad, que se enmarca en la propuesta de la Red de Mayores de Txantrea, comenzar\u00e1 el 2 de noviembre y ya est\u00e1 abierta la inscripci\u00f3n\" \/>\n<meta property=\"og:url\" content=\"https:\/\/www.laguiadepamplona.com\/actualidad\/alumnado-del-centro-integrado-maria-ana-sanz-colabora-con-el-ayuntamiento-de-pamplona-para-ensenar-a-mayores-de-65-anos-a-utilizar-el-telefono-movil\/\" \/>\n<meta property=\"og:site_name\" content=\"La Gu\u00eda de Pamplona\" \/>\n<meta property=\"article:publisher\" content=\"https:\/\/www.facebook.com\/laguiadepamplonacom-133175176762273\/?ref=hl\" \/>\n<meta property=\"article:published_time\" content=\"2023-10-25T15:08:53+00:00\" \/>\n<meta property=\"og:image\" content=\"https:\/\/www.laguiadepamplona.com\/actualidad\/wp-content\/uploads\/2023\/10\/mayorestelefono.jpg\" \/>\n\t<meta property=\"og:image:width\" content=\"1000\" \/>\n\t<meta property=\"og:image:height\" content=\"667\" \/>\n\t<meta property=\"og:image:type\" content=\"image\/jpeg\" \/>\n<meta name=\"author\" content=\"La Gu\u00eda de Pamplona\" \/>\n<meta name=\"twitter:card\" content=\"summary_large_image\" \/>\n<meta name=\"twitter:creator\" content=\"@LaGuiadPamplona\" \/>\n<meta name=\"twitter:site\" content=\"@LaGuiadPamplona\" \/>\n<meta name=\"twitter:label1\" content=\"Escrito por\" \/>\n\t<meta name=\"twitter:data1\" content=\"La Gu\u00eda de Pamplona\" \/>\n\t<meta name=\"twitter:label2\" content=\"Tiempo de lectura\" \/>\n\t<meta name=\"twitter:data2\" content=\"3 minutos\" \/>\n<script type=\"application\/ld+json\" class=\"yoast-schema-graph\">{\"@context\":\"https:\\\/\\\/schema.org\",\"@graph\":[{\"@type\":\"Article\",\"@id\":\"https:\\\/\\\/www.laguiadepamplona.com\\\/actualidad\\\/alumnado-del-centro-integrado-maria-ana-sanz-colabora-con-el-ayuntamiento-de-pamplona-para-ensenar-a-mayores-de-65-anos-a-utilizar-el-telefono-movil\\\/#article\",\"isPartOf\":{\"@id\":\"https:\\\/\\\/www.laguiadepamplona.com\\\/actualidad\\\/alumnado-del-centro-integrado-maria-ana-sanz-colabora-con-el-ayuntamiento-de-pamplona-para-ensenar-a-mayores-de-65-anos-a-utilizar-el-telefono-movil\\\/\"},\"author\":{\"name\":\"La Gu\u00eda de Pamplona\",\"@id\":\"https:\\\/\\\/www.laguiadepamplona.com\\\/actualidad\\\/#\\\/schema\\\/person\\\/efe887376f0213d4657c93adc50b1fdb\"},\"headline\":\"Alumnado del centro integrado Mar\u00eda Ana Sanz colabora con el Ayuntamiento de Pamplona para ense\u00f1ar a mayores de 65 a\u00f1os a utilizar el tel\u00e9fono m\u00f3vil\",\"datePublished\":\"2023-10-25T15:08:53+00:00\",\"mainEntityOfPage\":{\"@id\":\"https:\\\/\\\/www.laguiadepamplona.com\\\/actualidad\\\/alumnado-del-centro-integrado-maria-ana-sanz-colabora-con-el-ayuntamiento-de-pamplona-para-ensenar-a-mayores-de-65-anos-a-utilizar-el-telefono-movil\\\/\"},\"wordCount\":492,\"commentCount\":0,\"publisher\":{\"@id\":\"https:\\\/\\\/www.laguiadepamplona.com\\\/actualidad\\\/#organization\"},\"image\":{\"@id\":\"https:\\\/\\\/www.laguiadepamplona.com\\\/actualidad\\\/alumnado-del-centro-integrado-maria-ana-sanz-colabora-con-el-ayuntamiento-de-pamplona-para-ensenar-a-mayores-de-65-anos-a-utilizar-el-telefono-movil\\\/#primaryimage\"},\"thumbnailUrl\":\"https:\\\/\\\/www.laguiadepamplona.com\\\/actualidad\\\/wp-content\\\/uploads\\\/2023\\\/10\\\/mayorestelefono.jpg\",\"articleSection\":[\"Ayto Pamplona\"],\"inLanguage\":\"es\",\"potentialAction\":[{\"@type\":\"CommentAction\",\"name\":\"Comment\",\"target\":[\"https:\\\/\\\/www.laguiadepamplona.com\\\/actualidad\\\/alumnado-del-centro-integrado-maria-ana-sanz-colabora-con-el-ayuntamiento-de-pamplona-para-ensenar-a-mayores-de-65-anos-a-utilizar-el-telefono-movil\\\/#respond\"]}]},{\"@type\":\"WebPage\",\"@id\":\"https:\\\/\\\/www.laguiadepamplona.com\\\/actualidad\\\/alumnado-del-centro-integrado-maria-ana-sanz-colabora-con-el-ayuntamiento-de-pamplona-para-ensenar-a-mayores-de-65-anos-a-utilizar-el-telefono-movil\\\/\",\"url\":\"https:\\\/\\\/www.laguiadepamplona.com\\\/actualidad\\\/alumnado-del-centro-integrado-maria-ana-sanz-colabora-con-el-ayuntamiento-de-pamplona-para-ensenar-a-mayores-de-65-anos-a-utilizar-el-telefono-movil\\\/\",\"name\":\"Alumnado del centro integrado Mar\u00eda Ana Sanz colabora con el Ayuntamiento de Pamplona para ense\u00f1ar a mayores de 65 a\u00f1os a utilizar el tel\u00e9fono m\u00f3vil\",\"isPartOf\":{\"@id\":\"https:\\\/\\\/www.laguiadepamplona.com\\\/actualidad\\\/#website\"},\"primaryImageOfPage\":{\"@id\":\"https:\\\/\\\/www.laguiadepamplona.com\\\/actualidad\\\/alumnado-del-centro-integrado-maria-ana-sanz-colabora-con-el-ayuntamiento-de-pamplona-para-ensenar-a-mayores-de-65-anos-a-utilizar-el-telefono-movil\\\/#primaryimage\"},\"image\":{\"@id\":\"https:\\\/\\\/www.laguiadepamplona.com\\\/actualidad\\\/alumnado-del-centro-integrado-maria-ana-sanz-colabora-con-el-ayuntamiento-de-pamplona-para-ensenar-a-mayores-de-65-anos-a-utilizar-el-telefono-movil\\\/#primaryimage\"},\"thumbnailUrl\":\"https:\\\/\\\/www.laguiadepamplona.com\\\/actualidad\\\/wp-content\\\/uploads\\\/2023\\\/10\\\/mayorestelefono.jpg\",\"datePublished\":\"2023-10-25T15:08:53+00:00\",\"description\":\"La actividad, que se enmarca en la propuesta de la Red de Mayores de Txantrea, comenzar\u00e1 el 2 de noviembre y ya est\u00e1 abierta la inscripci\u00f3n\",\"breadcrumb\":{\"@id\":\"https:\\\/\\\/www.laguiadepamplona.com\\\/actualidad\\\/alumnado-del-centro-integrado-maria-ana-sanz-colabora-con-el-ayuntamiento-de-pamplona-para-ensenar-a-mayores-de-65-anos-a-utilizar-el-telefono-movil\\\/#breadcrumb\"},\"inLanguage\":\"es\",\"potentialAction\":[{\"@type\":\"ReadAction\",\"target\":[\"https:\\\/\\\/www.laguiadepamplona.com\\\/actualidad\\\/alumnado-del-centro-integrado-maria-ana-sanz-colabora-con-el-ayuntamiento-de-pamplona-para-ensenar-a-mayores-de-65-anos-a-utilizar-el-telefono-movil\\\/\"]}]},{\"@type\":\"ImageObject\",\"inLanguage\":\"es\",\"@id\":\"https:\\\/\\\/www.laguiadepamplona.com\\\/actualidad\\\/alumnado-del-centro-integrado-maria-ana-sanz-colabora-con-el-ayuntamiento-de-pamplona-para-ensenar-a-mayores-de-65-anos-a-utilizar-el-telefono-movil\\\/#primaryimage\",\"url\":\"https:\\\/\\\/www.laguiadepamplona.com\\\/actualidad\\\/wp-content\\\/uploads\\\/2023\\\/10\\\/mayorestelefono.jpg\",\"contentUrl\":\"https:\\\/\\\/www.laguiadepamplona.com\\\/actualidad\\\/wp-content\\\/uploads\\\/2023\\\/10\\\/mayorestelefono.jpg\",\"width\":1000,\"height\":667,\"caption\":\"mayores tel\u00e9fono\"},{\"@type\":\"BreadcrumbList\",\"@id\":\"https:\\\/\\\/www.laguiadepamplona.com\\\/actualidad\\\/alumnado-del-centro-integrado-maria-ana-sanz-colabora-con-el-ayuntamiento-de-pamplona-para-ensenar-a-mayores-de-65-anos-a-utilizar-el-telefono-movil\\\/#breadcrumb\",\"itemListElement\":[{\"@type\":\"ListItem\",\"position\":1,\"name\":\"Portada\",\"item\":\"https:\\\/\\\/www.laguiadepamplona.com\\\/actualidad\\\/\"},{\"@type\":\"ListItem\",\"position\":2,\"name\":\"Alumnado del centro integrado Mar\u00eda Ana Sanz colabora con el Ayuntamiento de Pamplona para ense\u00f1ar a mayores de 65 a\u00f1os a utilizar el tel\u00e9fono m\u00f3vil\"}]},{\"@type\":\"WebSite\",\"@id\":\"https:\\\/\\\/www.laguiadepamplona.com\\\/actualidad\\\/#website\",\"url\":\"https:\\\/\\\/www.laguiadepamplona.com\\\/actualidad\\\/\",\"name\":\"La gu\u00eda de Pamplona\",\"description\":\"Noticias de Pamplona\",\"publisher\":{\"@id\":\"https:\\\/\\\/www.laguiadepamplona.com\\\/actualidad\\\/#organization\"},\"potentialAction\":[{\"@type\":\"SearchAction\",\"target\":{\"@type\":\"EntryPoint\",\"urlTemplate\":\"https:\\\/\\\/www.laguiadepamplona.com\\\/actualidad\\\/?s={search_term_string}\"},\"query-input\":{\"@type\":\"PropertyValueSpecification\",\"valueRequired\":true,\"valueName\":\"search_term_string\"}}],\"inLanguage\":\"es\"},{\"@type\":\"Organization\",\"@id\":\"https:\\\/\\\/www.laguiadepamplona.com\\\/actualidad\\\/#organization\",\"name\":\"La Gu\u00eda de Pamplona \\\/ Noticias\",\"url\":\"https:\\\/\\\/www.laguiadepamplona.com\\\/actualidad\\\/\",\"logo\":{\"@type\":\"ImageObject\",\"inLanguage\":\"es\",\"@id\":\"https:\\\/\\\/www.laguiadepamplona.com\\\/actualidad\\\/#\\\/schema\\\/logo\\\/image\\\/\",\"url\":\"https:\\\/\\\/www.laguiadepamplona.com\\\/actualidad\\\/wp-content\\\/uploads\\\/2018\\\/11\\\/logo-laguiadepamplona18-web1.png\",\"contentUrl\":\"https:\\\/\\\/www.laguiadepamplona.com\\\/actualidad\\\/wp-content\\\/uploads\\\/2018\\\/11\\\/logo-laguiadepamplona18-web1.png\",\"width\":600,\"height\":196,\"caption\":\"La Gu\u00eda de Pamplona \\\/ Noticias\"},\"image\":{\"@id\":\"https:\\\/\\\/www.laguiadepamplona.com\\\/actualidad\\\/#\\\/schema\\\/logo\\\/image\\\/\"},\"sameAs\":[\"https:\\\/\\\/www.facebook.com\\\/laguiadepamplonacom-133175176762273\\\/?ref=hl\",\"https:\\\/\\\/x.com\\\/LaGuiadPamplona\",\"https:\\\/\\\/www.instagram.com\\\/la_guia_de_pamplona\\\/\",\"https:\\\/\\\/www.youtube.com\\\/user\\\/laguiadepamplona\"]},{\"@type\":\"Person\",\"@id\":\"https:\\\/\\\/www.laguiadepamplona.com\\\/actualidad\\\/#\\\/schema\\\/person\\\/efe887376f0213d4657c93adc50b1fdb\",\"name\":\"La Gu\u00eda de Pamplona\",\"image\":{\"@type\":\"ImageObject\",\"inLanguage\":\"es\",\"@id\":\"https:\\\/\\\/secure.gravatar.com\\\/avatar\\\/b6992f131dc8d30ab0dff15446e9d346d9dbd95992de0fef795073f5ea83a81c?s=96&d=mm&r=g\",\"url\":\"https:\\\/\\\/secure.gravatar.com\\\/avatar\\\/b6992f131dc8d30ab0dff15446e9d346d9dbd95992de0fef795073f5ea83a81c?s=96&d=mm&r=g\",\"contentUrl\":\"https:\\\/\\\/secure.gravatar.com\\\/avatar\\\/b6992f131dc8d30ab0dff15446e9d346d9dbd95992de0fef795073f5ea83a81c?s=96&d=mm&r=g\",\"caption\":\"La Gu\u00eda de Pamplona\"}}]}<\/script>\n<!-- \/ Yoast SEO plugin. -->","yoast_head_json":{"title":"Alumnado del centro integrado Mar\u00eda Ana Sanz colabora con el Ayuntamiento de Pamplona para ense\u00f1ar a mayores de 65 a\u00f1os a utilizar el tel\u00e9fono m\u00f3vil","description":"La actividad, que se enmarca en la propuesta de la Red de Mayores de Txantrea, comenzar\u00e1 el 2 de noviembre y ya est\u00e1 abierta la inscripci\u00f3n","robots":{"index":"index","follow":"follow","max-snippet":"max-snippet:-1","max-image-preview":"max-image-preview:large","max-video-preview":"max-video-preview:-1"},"canonical":"https:\/\/www.laguiadepamplona.com\/actualidad\/alumnado-del-centro-integrado-maria-ana-sanz-colabora-con-el-ayuntamiento-de-pamplona-para-ensenar-a-mayores-de-65-anos-a-utilizar-el-telefono-movil\/","og_locale":"es_ES","og_type":"article","og_title":"Alumnado del centro integrado Mar\u00eda Ana Sanz colabora con el Ayuntamiento de Pamplona para ense\u00f1ar a mayores de 65 a\u00f1os a utilizar el tel\u00e9fono m\u00f3vil","og_description":"La actividad, que se enmarca en la propuesta de la Red de Mayores de Txantrea, comenzar\u00e1 el 2 de noviembre y ya est\u00e1 abierta la inscripci\u00f3n","og_url":"https:\/\/www.laguiadepamplona.com\/actualidad\/alumnado-del-centro-integrado-maria-ana-sanz-colabora-con-el-ayuntamiento-de-pamplona-para-ensenar-a-mayores-de-65-anos-a-utilizar-el-telefono-movil\/","og_site_name":"La Gu\u00eda de Pamplona","article_publisher":"https:\/\/www.facebook.com\/laguiadepamplonacom-133175176762273\/?ref=hl","article_published_time":"2023-10-25T15:08:53+00:00","og_image":[{"width":1000,"height":667,"url":"https:\/\/www.laguiadepamplona.com\/actualidad\/wp-content\/uploads\/2023\/10\/mayorestelefono.jpg","type":"image\/jpeg"}],"author":"La Gu\u00eda de Pamplona","twitter_card":"summary_large_image","twitter_creator":"@LaGuiadPamplona","twitter_site":"@LaGuiadPamplona","twitter_misc":{"Escrito por":"La Gu\u00eda de Pamplona","Tiempo de lectura":"3 minutos"},"schema":{"@context":"https:\/\/schema.org","@graph":[{"@type":"Article","@id":"https:\/\/www.laguiadepamplona.com\/actualidad\/alumnado-del-centro-integrado-maria-ana-sanz-colabora-con-el-ayuntamiento-de-pamplona-para-ensenar-a-mayores-de-65-anos-a-utilizar-el-telefono-movil\/#article","isPartOf":{"@id":"https:\/\/www.laguiadepamplona.com\/actualidad\/alumnado-del-centro-integrado-maria-ana-sanz-colabora-con-el-ayuntamiento-de-pamplona-para-ensenar-a-mayores-de-65-anos-a-utilizar-el-telefono-movil\/"},"author":{"name":"La Gu\u00eda de Pamplona","@id":"https:\/\/www.laguiadepamplona.com\/actualidad\/#\/schema\/person\/efe887376f0213d4657c93adc50b1fdb"},"headline":"Alumnado del centro integrado Mar\u00eda Ana Sanz colabora con el Ayuntamiento de Pamplona para ense\u00f1ar a mayores de 65 a\u00f1os a utilizar el tel\u00e9fono m\u00f3vil","datePublished":"2023-10-25T15:08:53+00:00","mainEntityOfPage":{"@id":"https:\/\/www.laguiadepamplona.com\/actualidad\/alumnado-del-centro-integrado-maria-ana-sanz-colabora-con-el-ayuntamiento-de-pamplona-para-ensenar-a-mayores-de-65-anos-a-utilizar-el-telefono-movil\/"},"wordCount":492,"commentCount":0,"publisher":{"@id":"https:\/\/www.laguiadepamplona.com\/actualidad\/#organization"},"image":{"@id":"https:\/\/www.laguiadepamplona.com\/actualidad\/alumnado-del-centro-integrado-maria-ana-sanz-colabora-con-el-ayuntamiento-de-pamplona-para-ensenar-a-mayores-de-65-anos-a-utilizar-el-telefono-movil\/#primaryimage"},"thumbnailUrl":"https:\/\/www.laguiadepamplona.com\/actualidad\/wp-content\/uploads\/2023\/10\/mayorestelefono.jpg","articleSection":["Ayto Pamplona"],"inLanguage":"es","potentialAction":[{"@type":"CommentAction","name":"Comment","target":["https:\/\/www.laguiadepamplona.com\/actualidad\/alumnado-del-centro-integrado-maria-ana-sanz-colabora-con-el-ayuntamiento-de-pamplona-para-ensenar-a-mayores-de-65-anos-a-utilizar-el-telefono-movil\/#respond"]}]},{"@type":"WebPage","@id":"https:\/\/www.laguiadepamplona.com\/actualidad\/alumnado-del-centro-integrado-maria-ana-sanz-colabora-con-el-ayuntamiento-de-pamplona-para-ensenar-a-mayores-de-65-anos-a-utilizar-el-telefono-movil\/","url":"https:\/\/www.laguiadepamplona.com\/actualidad\/alumnado-del-centro-integrado-maria-ana-sanz-colabora-con-el-ayuntamiento-de-pamplona-para-ensenar-a-mayores-de-65-anos-a-utilizar-el-telefono-movil\/","name":"Alumnado del centro integrado Mar\u00eda Ana Sanz colabora con el Ayuntamiento de Pamplona para ense\u00f1ar a mayores de 65 a\u00f1os a utilizar el tel\u00e9fono m\u00f3vil","isPartOf":{"@id":"https:\/\/www.laguiadepamplona.com\/actualidad\/#website"},"primaryImageOfPage":{"@id":"https:\/\/www.laguiadepamplona.com\/actualidad\/alumnado-del-centro-integrado-maria-ana-sanz-colabora-con-el-ayuntamiento-de-pamplona-para-ensenar-a-mayores-de-65-anos-a-utilizar-el-telefono-movil\/#primaryimage"},"image":{"@id":"https:\/\/www.laguiadepamplona.com\/actualidad\/alumnado-del-centro-integrado-maria-ana-sanz-colabora-con-el-ayuntamiento-de-pamplona-para-ensenar-a-mayores-de-65-anos-a-utilizar-el-telefono-movil\/#primaryimage"},"thumbnailUrl":"https:\/\/www.laguiadepamplona.com\/actualidad\/wp-content\/uploads\/2023\/10\/mayorestelefono.jpg","datePublished":"2023-10-25T15:08:53+00:00","description":"La actividad, que se enmarca en la propuesta de la Red de Mayores de Txantrea, comenzar\u00e1 el 2 de noviembre y ya est\u00e1 abierta la inscripci\u00f3n","breadcrumb":{"@id":"https:\/\/www.laguiadepamplona.com\/actualidad\/alumnado-del-centro-integrado-maria-ana-sanz-colabora-con-el-ayuntamiento-de-pamplona-para-ensenar-a-mayores-de-65-anos-a-utilizar-el-telefono-movil\/#breadcrumb"},"inLanguage":"es","potentialAction":[{"@type":"ReadAction","target":["https:\/\/www.laguiadepamplona.com\/actualidad\/alumnado-del-centro-integrado-maria-ana-sanz-colabora-con-el-ayuntamiento-de-pamplona-para-ensenar-a-mayores-de-65-anos-a-utilizar-el-telefono-movil\/"]}]},{"@type":"ImageObject","inLanguage":"es","@id":"https:\/\/www.laguiadepamplona.com\/actualidad\/alumnado-del-centro-integrado-maria-ana-sanz-colabora-con-el-ayuntamiento-de-pamplona-para-ensenar-a-mayores-de-65-anos-a-utilizar-el-telefono-movil\/#primaryimage","url":"https:\/\/www.laguiadepamplona.com\/actualidad\/wp-content\/uploads\/2023\/10\/mayorestelefono.jpg","contentUrl":"https:\/\/www.laguiadepamplona.com\/actualidad\/wp-content\/uploads\/2023\/10\/mayorestelefono.jpg","width":1000,"height":667,"caption":"mayores tel\u00e9fono"},{"@type":"BreadcrumbList","@id":"https:\/\/www.laguiadepamplona.com\/actualidad\/alumnado-del-centro-integrado-maria-ana-sanz-colabora-con-el-ayuntamiento-de-pamplona-para-ensenar-a-mayores-de-65-anos-a-utilizar-el-telefono-movil\/#breadcrumb","itemListElement":[{"@type":"ListItem","position":1,"name":"Portada","item":"https:\/\/www.laguiadepamplona.com\/actualidad\/"},{"@type":"ListItem","position":2,"name":"Alumnado del centro integrado Mar\u00eda Ana Sanz colabora con el Ayuntamiento de Pamplona para ense\u00f1ar a mayores de 65 a\u00f1os a utilizar el tel\u00e9fono m\u00f3vil"}]},{"@type":"WebSite","@id":"https:\/\/www.laguiadepamplona.com\/actualidad\/#website","url":"https:\/\/www.laguiadepamplona.com\/actualidad\/","name":"La gu\u00eda de Pamplona","description":"Noticias de Pamplona","publisher":{"@id":"https:\/\/www.laguiadepamplona.com\/actualidad\/#organization"},"potentialAction":[{"@type":"SearchAction","target":{"@type":"EntryPoint","urlTemplate":"https:\/\/www.laguiadepamplona.com\/actualidad\/?s={search_term_string}"},"query-input":{"@type":"PropertyValueSpecification","valueRequired":true,"valueName":"search_term_string"}}],"inLanguage":"es"},{"@type":"Organization","@id":"https:\/\/www.laguiadepamplona.com\/actualidad\/#organization","name":"La Gu\u00eda de Pamplona \/ Noticias","url":"https:\/\/www.laguiadepamplona.com\/actualidad\/","logo":{"@type":"ImageObject","inLanguage":"es","@id":"https:\/\/www.laguiadepamplona.com\/actualidad\/#\/schema\/logo\/image\/","url":"https:\/\/www.laguiadepamplona.com\/actualidad\/wp-content\/uploads\/2018\/11\/logo-laguiadepamplona18-web1.png","contentUrl":"https:\/\/www.laguiadepamplona.com\/actualidad\/wp-content\/uploads\/2018\/11\/logo-laguiadepamplona18-web1.png","width":600,"height":196,"caption":"La Gu\u00eda de Pamplona \/ Noticias"},"image":{"@id":"https:\/\/www.laguiadepamplona.com\/actualidad\/#\/schema\/logo\/image\/"},"sameAs":["https:\/\/www.facebook.com\/laguiadepamplonacom-133175176762273\/?ref=hl","https:\/\/x.com\/LaGuiadPamplona","https:\/\/www.instagram.com\/la_guia_de_pamplona\/","https:\/\/www.youtube.com\/user\/laguiadepamplona"]},{"@type":"Person","@id":"https:\/\/www.laguiadepamplona.com\/actualidad\/#\/schema\/person\/efe887376f0213d4657c93adc50b1fdb","name":"La Gu\u00eda de Pamplona","image":{"@type":"ImageObject","inLanguage":"es","@id":"https:\/\/secure.gravatar.com\/avatar\/b6992f131dc8d30ab0dff15446e9d346d9dbd95992de0fef795073f5ea83a81c?s=96&d=mm&r=g","url":"https:\/\/secure.gravatar.com\/avatar\/b6992f131dc8d30ab0dff15446e9d346d9dbd95992de0fef795073f5ea83a81c?s=96&d=mm&r=g","contentUrl":"https:\/\/secure.gravatar.com\/avatar\/b6992f131dc8d30ab0dff15446e9d346d9dbd95992de0fef795073f5ea83a81c?s=96&d=mm&r=g","caption":"La Gu\u00eda de Pamplona"}}]}},"post_mailing_queue_ids":[],"_links":{"self":[{"href":"https:\/\/www.laguiadepamplona.com\/actualidad\/wp-json\/wp\/v2\/posts\/47720","targetHints":{"allow":["GET"]}}],"collection":[{"href":"https:\/\/www.laguiadepamplona.com\/actualidad\/wp-json\/wp\/v2\/posts"}],"about":[{"href":"https:\/\/www.laguiadepamplona.com\/actualidad\/wp-json\/wp\/v2\/types\/post"}],"author":[{"embeddable":true,"href":"https:\/\/www.laguiadepamplona.com\/actualidad\/wp-json\/wp\/v2\/users\/1"}],"replies":[{"embeddable":true,"href":"https:\/\/www.laguiadepamplona.com\/actualidad\/wp-json\/wp\/v2\/comments?post=47720"}],"version-history":[{"count":1,"href":"https:\/\/www.laguiadepamplona.com\/actualidad\/wp-json\/wp\/v2\/posts\/47720\/revisions"}],"predecessor-version":[{"id":47722,"href":"https:\/\/www.laguiadepamplona.com\/actualidad\/wp-json\/wp\/v2\/posts\/47720\/revisions\/47722"}],"wp:featuredmedia":[{"embeddable":true,"href":"https:\/\/www.laguiadepamplona.com\/actualidad\/wp-json\/wp\/v2\/media\/47721"}],"wp:attachment":[{"href":"https:\/\/www.laguiadepamplona.com\/actualidad\/wp-json\/wp\/v2\/media?parent=47720"}],"wp:term":[{"taxonomy":"category","embeddable":true,"href":"https:\/\/www.laguiadepamplona.com\/actualidad\/wp-json\/wp\/v2\/categories?post=47720"},{"taxonomy":"post_tag","embeddable":true,"href":"https:\/\/www.laguiadepamplona.com\/actualidad\/wp-json\/wp\/v2\/tags?post=47720"}],"curies":[{"name":"wp","href":"https:\/\/api.w.org\/{rel}","templated":true}]}}