{"id":47718,"date":"2023-10-25T16:56:07","date_gmt":"2023-10-25T14:56:07","guid":{"rendered":"https:\/\/www.laguiadepamplona.com\/actualidad\/?p=47718"},"modified":"2023-10-25T16:56:07","modified_gmt":"2023-10-25T14:56:07","slug":"el-festival-de-micro-artes-escenicas-microstable-llega-este-jueves-a-pamplona-con-catorce-propuestas-de-teatro-circo-y-danza-para-todos-los-publicos","status":"publish","type":"post","link":"https:\/\/www.laguiadepamplona.com\/actualidad\/el-festival-de-micro-artes-escenicas-microstable-llega-este-jueves-a-pamplona-con-catorce-propuestas-de-teatro-circo-y-danza-para-todos-los-publicos\/","title":{"rendered":"El Festival de Micro Artes Esc\u00e9nicas Microstable llega este jueves a Pamplona con catorce propuestas de teatro, circo y danza para todos los p\u00fablicos"},"content":{"rendered":"<h3>La Plaza del Castillo y Civivox Condestable son escenario de las sesiones, que se complementan con un espacio infantil y un encuentro profesional<\/h3>\n<p><!--more--><\/p>\n<p>La sexta edici\u00f3n del Festival de Micro Artes Esc\u00e9nicas de Pamplona, Microstable 2023, arranca este jueves por la tarde en la Plaza del Castillo con la propuesta inaugural gratuita \u2018Olvido Flores. Las maravillas de J\u00fapiter\u2019. Esta obra es la primera de las 14 representaciones del programa de arte esc\u00e9nico contempor\u00e1neo, que se ofrece en varias sesiones en el Palacio del Condestable, hasta el domingo. Toda la informaci\u00f3n se detalla en la <a href=\"https:\/\/www.pamplonaescultura.es\/programas\/microstable-2023-festival-de-micro-artes-escenicas\/\" target=\"_blank\" rel=\"noopener\">web de Cultura<\/a>, donde se pueden adquirir las entradas, tambi\u00e9n disponibles en el tel\u00e9fono 010 y de forma presencial en la red Civivox.<\/p>\n<p>La Nave Producciones Teatrales SL, en colaboraci\u00f3n con el Ayuntamiento de Pamplona y Gobierno de Navarra, desarrolla el programa presentado esta ma\u00f1ana por la concejala delegada de Cultura y Turismo, Clara Garc\u00eda-Vali\u00f1o, junto a la directora de Producciones La Nave Teatro, Marta Juaniz, y la actriz Laura Laiglesia, directora de \u2018Oportunidades\u2019, una de las obras representadas dentro del Festival.<br \/>\n<script async src=\"\/\/pagead2.googlesyndication.com\/pagead\/js\/adsbygoogle.js\"><\/script><br \/>\n<!-- Noticias La Guia de Pamplona --><br \/>\n<ins class=\"adsbygoogle\"\nstyle=\"display:block\"\ndata-ad-client=\"ca-pub-6943679897239327\"\ndata-ad-slot=\"7048180777\"\ndata-ad-format=\"auto\"><\/ins><br \/>\n<script>\n(adsbygoogle = window.adsbygoogle || []).push({});\n<\/script><\/p>\n<p>Las funciones de Microstable son peque\u00f1as representaciones esc\u00e9nicas de menos de 20 minutos, con tres compa\u00f1\u00edas distintas por jornada en horario de tarde. Cada una de las 9 compa\u00f1\u00edas act\u00faa un solo d\u00eda y realiza tres pases de su espect\u00e1culo (a las 19.30, 20.00 y 20.30, excepto en la primera jornada, con cuatro pases gratuitos a las 18.00, 19.00, 20.00 y 21.00 horas). La organizaci\u00f3n se ha asegurado de que cada jornada cuente con una propuesta art\u00edstica diversa perteneciente a uno de los campos dentro de las esc\u00e9nicas, con espect\u00e1culos de teatro, circo o danza. El precio es de 10 euros por sesi\u00f3n, incluye los tres espect\u00e1culos del d\u00eda, y requiere inscripci\u00f3n previa.<\/p>\n<p>Adem\u00e1s, la edici\u00f3n de este a\u00f1o cuenta con la novedad de Txikistable, una jornada dominical dedicada al p\u00fablico infantil y familiar. Las ni\u00f1as y ni\u00f1os mayores de 5 a\u00f1os podr\u00e1n acceder a tres sesiones, en horario de ma\u00f1ana (11.30, 12.30 y 12. 30 horas), de magia, teatro y circo. El precio de estas funciones es de 3 euros por sesi\u00f3n, con inscripci\u00f3n previa.<br \/>\n<script async src=\"\/\/pagead2.googlesyndication.com\/pagead\/js\/adsbygoogle.js\"><\/script><br \/>\n<!-- Noticias La Guia de Pamplona --><br \/>\n<ins class=\"adsbygoogle\"\nstyle=\"display:block\"\ndata-ad-client=\"ca-pub-6943679897239327\"\ndata-ad-slot=\"7048180777\"\ndata-ad-format=\"auto\"><\/ins><br \/>\n<script>\n(adsbygoogle = window.adsbygoogle || []).push({});\n<\/script><\/p>\n<p>Otra de las actividades que complementa el festival es La Cabina Fant\u00e1stica, iniciativa que alberga el zagu\u00e1n del Condestable inspirada en los \u2018Cuentos por tel\u00e9fono\u2019, del escritor Gianni Rodari. Esta cabina, creada para el Festival de Literatura Infantil e Ilustraci\u00f3n Brif Braf Bruf que se celebra en el barrio de Txantrea, permite escuchar de manera aleatoria hasta 99 cuentos. La cabina se dirige a todos los p\u00fablicos y est\u00e1 disponible de 17.30 a 21.00 horas durante todo el festival.<\/p>\n<p>Por \u00faltimo, el s\u00e1bado 28 a las 12.30 horas, paralelamente a la exhibici\u00f3n de artes esc\u00e9nicas, el festival abre un encuentro de profesionales con el t\u00edtulo \u2018Encuentros Microstable: Crear, Creer, Crecer\u2019. Esta cita tiene como prop\u00f3sito explorar y celebrar las innovadoras iniciativas en las artes esc\u00e9nicas que est\u00e1n surgiendo en Navarra y comunidades vecinas como Pa\u00eds Vasco y La Rioja. La cita se concibe como un espacio de di\u00e1logo y colaboraci\u00f3n de agentes culturales, artistas y programadores.<br \/>\n<script async src=\"\/\/pagead2.googlesyndication.com\/pagead\/js\/adsbygoogle.js\"><\/script><br \/>\n<!-- Noticias La Guia de Pamplona --><br \/>\n<ins class=\"adsbygoogle\"\nstyle=\"display:block\"\ndata-ad-client=\"ca-pub-6943679897239327\"\ndata-ad-slot=\"7048180777\"\ndata-ad-format=\"auto\"><\/ins><br \/>\n<script>\n(adsbygoogle = window.adsbygoogle || []).push({});\n<\/script><\/p>\n<p>&nbsp;<\/p>\n<h3>Microstable 2023. Las Funciones<\/h3>\n<p><strong>SECCI\u00d3N OFICIAL<\/strong><\/p>\n<ul>\n<li>Jueves 26 de octubre: Olvido Flores. Las maravillas de J\u00fapiter\n<ul>\n<li>Compa\u00f1\u00eda:\u00a0 Estefan\u00eda de Paz<\/li>\n<li>Lugar: Plaza del Castillo<\/li>\n<li>Horario: 18.00, 19.00, 20.00 y 21.00<\/li>\n<li>Cuatro pases gratuitos, con inscripci\u00f3n previa<\/li>\n<\/ul>\n<\/li>\n<li>Viernes 27 de octubre: Benditas (teatro), H2O (circo \u2013 danza), Pasado Magia y Futuro (magia)\n<ul>\n<li>Compa\u00f1\u00edas: El mono habitado, La trapecionista e Itzal Teatro Magia \u2013 Iban Alguea<\/li>\n<li>Lugar: Palacio del Condestable<\/li>\n<li>Horario: 19.30, 20.00 y 20.30<\/li>\n<li>Precio: 10 euros por sesi\u00f3n, con inscripci\u00f3n previa<\/li>\n<\/ul>\n<\/li>\n<li>S\u00e1bado 28 de octubre: Tropismos (circo \u2013 cuerda lisa), Llagas (teatro) y Lavanderas de Lorca (danza \u2013 teatro)\n<ul>\n<li>Compa\u00f1\u00edas: Toni Guti\u00e9rrez, Serendipity Teatro y Arantxa Villanueva Compa\u00f1\u00eda de Danza<\/li>\n<li>Lugar: Palacio del Condestable<\/li>\n<li>Horario: 19.30, 20.00 y 20.30<\/li>\n<li>Precio: 10 euros por sesi\u00f3n, con inscripci\u00f3n previa<\/li>\n<\/ul>\n<\/li>\n<li>Domingo 29 de octubre: Exorcismus (teatro musical), Oportunidades (teatro) y Oroimen (danza)\n<ul>\n<li>Compa\u00f1\u00edas: Tinoni Creaciones, Compa\u00f1\u00eda Profesional Laura Laiglesia y Akira Yoshida Michel<\/li>\n<li>Lugar: Palacio del Condestable<\/li>\n<li>Horario: 19.30, 20.00 y 20.30<\/li>\n<li>Precio: 10 euros por sesi\u00f3n, con inscripci\u00f3n previa<\/li>\n<\/ul>\n<\/li>\n<\/ul>\n<p>&nbsp;<br \/>\n<script async src=\"\/\/pagead2.googlesyndication.com\/pagead\/js\/adsbygoogle.js\"><\/script><br \/>\n<!-- Noticias La Guia de Pamplona --><br \/>\n<ins class=\"adsbygoogle\"\nstyle=\"display:block\"\ndata-ad-client=\"ca-pub-6943679897239327\"\ndata-ad-slot=\"7048180777\"\ndata-ad-format=\"auto\"><\/ins><br \/>\n<script>\n(adsbygoogle = window.adsbygoogle || []).push({});\n<\/script><\/p>\n<p><strong>SECCI\u00d3N ESPECIAL FAMILIAR (para mayores de 5 a\u00f1os)<\/strong><\/p>\n<ul>\n<li>Domingo 29 de octubre: Madelein (humor visual sin palabras), Amico (teatro gestual \u2013 danza \u2013 humor) y Tropismos (circo \u2013 cuerda lisa)\n<ul>\n<li>Compa\u00f1\u00edas: Compagnie des Vents et Mar\u00e9es, Amico Teatro y Toni Guti\u00e9rrez<\/li>\n<li>Lugar: Palacio del Condestable<\/li>\n<li>Horario: 11.30, 12.30 y 12. 30<\/li>\n<li>Precio: 3 euros por sesi\u00f3n, con inscripci\u00f3n previa<\/li>\n<\/ul>\n<\/li>\n<\/ul>\n<p>&nbsp;<\/p>\n<p><strong>LA CABINA FANT\u00c1STICA (para todos los p\u00fablicos)<\/strong><\/p>\n<ul>\n<li>Del jueves 26 a domingo 29 de octubre: espacio de cuentos a demanda creado para el Festival de Literatura Infantil e Ilustraci\u00f3n Brif Braf Bruf\n<ul>\n<li>Lugar: zagu\u00e1n del Palacio del Condestable<\/li>\n<li>Horario: de 17.30 a 21.00<\/li>\n<li>Espacio gratuito para todos los p\u00fablicos. Entrada libre<\/li>\n<\/ul>\n<\/li>\n<\/ul>\n<p>&nbsp;<br \/>\n<script async src=\"\/\/pagead2.googlesyndication.com\/pagead\/js\/adsbygoogle.js\"><\/script><br \/>\n<!-- Noticias La Guia de Pamplona --><br \/>\n<ins class=\"adsbygoogle\"\nstyle=\"display:block\"\ndata-ad-client=\"ca-pub-6943679897239327\"\ndata-ad-slot=\"7048180777\"\ndata-ad-format=\"auto\"><\/ins><br \/>\n<script>\n(adsbygoogle = window.adsbygoogle || []).push({});\n<\/script><\/p>\n<p><strong>ENCUENTRO PROFESIONAL<\/strong><\/p>\n<ul>\n<li>S\u00e1bado 28 de octubre: Encuentros Microstable: Crear, Creer, Crecer\n<ul>\n<li>Lugar: Palacio del Condestable<\/li>\n<li>Horario: 30 horas<\/li>\n<li>Espacio de di\u00e1logo y colaboraci\u00f3n para agentes culturales, artistas y programadores<\/li>\n<\/ul>\n<\/li>\n<\/ul>\n","protected":false},"excerpt":{"rendered":"<p>La Plaza del Castillo y Civivox Condestable son escenario de las sesiones, que se complementan con un espacio infantil y un encuentro profesional<\/p>\n","protected":false},"author":1,"featured_media":17390,"comment_status":"open","ping_status":"closed","sticky":false,"template":"","format":"standard","meta":{"footnotes":""},"categories":[2],"tags":[],"class_list":["post-47718","post","type-post","status-publish","format-standard","has-post-thumbnail","hentry","category-ayuntamiento-pamplona"],"yoast_head":"<!-- This site is optimized with the Yoast SEO plugin v27.3 - https:\/\/yoast.com\/product\/yoast-seo-wordpress\/ -->\n<title>El Festival de Micro Artes Esc\u00e9nicas Microstable llega este jueves a Pamplona con catorce propuestas de teatro, circo y danza para todos los p\u00fablicos<\/title>\n<meta name=\"description\" content=\"La Plaza del Castillo y Civivox Condestable son escenario de las sesiones, que se complementan con un espacio infantil y un encuentro profesional\" \/>\n<meta name=\"robots\" content=\"index, follow, max-snippet:-1, max-image-preview:large, max-video-preview:-1\" \/>\n<link rel=\"canonical\" href=\"https:\/\/www.laguiadepamplona.com\/actualidad\/el-festival-de-micro-artes-escenicas-microstable-llega-este-jueves-a-pamplona-con-catorce-propuestas-de-teatro-circo-y-danza-para-todos-los-publicos\/\" \/>\n<meta property=\"og:locale\" content=\"es_ES\" \/>\n<meta property=\"og:type\" content=\"article\" \/>\n<meta property=\"og:title\" content=\"El Festival de Micro Artes Esc\u00e9nicas Microstable llega este jueves a Pamplona con catorce propuestas de teatro, circo y danza para todos los p\u00fablicos\" \/>\n<meta property=\"og:description\" content=\"La Plaza del Castillo y Civivox Condestable son escenario de las sesiones, que se complementan con un espacio infantil y un encuentro profesional\" \/>\n<meta property=\"og:url\" content=\"https:\/\/www.laguiadepamplona.com\/actualidad\/el-festival-de-micro-artes-escenicas-microstable-llega-este-jueves-a-pamplona-con-catorce-propuestas-de-teatro-circo-y-danza-para-todos-los-publicos\/\" \/>\n<meta property=\"og:site_name\" content=\"La Gu\u00eda de Pamplona\" \/>\n<meta property=\"article:publisher\" content=\"https:\/\/www.facebook.com\/laguiadepamplonacom-133175176762273\/?ref=hl\" \/>\n<meta property=\"article:published_time\" content=\"2023-10-25T14:56:07+00:00\" \/>\n<meta property=\"og:image\" content=\"https:\/\/www.laguiadepamplona.com\/actualidad\/wp-content\/uploads\/2018\/05\/palacio-condestable.jpg\" \/>\n\t<meta property=\"og:image:width\" content=\"950\" \/>\n\t<meta property=\"og:image:height\" content=\"634\" \/>\n\t<meta property=\"og:image:type\" content=\"image\/jpeg\" \/>\n<meta name=\"author\" content=\"La Gu\u00eda de Pamplona\" \/>\n<meta name=\"twitter:card\" content=\"summary_large_image\" \/>\n<meta name=\"twitter:creator\" content=\"@LaGuiadPamplona\" \/>\n<meta name=\"twitter:site\" content=\"@LaGuiadPamplona\" \/>\n<meta name=\"twitter:label1\" content=\"Escrito por\" \/>\n\t<meta name=\"twitter:data1\" content=\"La Gu\u00eda de Pamplona\" \/>\n\t<meta name=\"twitter:label2\" content=\"Tiempo de lectura\" \/>\n\t<meta name=\"twitter:data2\" content=\"4 minutos\" \/>\n<script type=\"application\/ld+json\" class=\"yoast-schema-graph\">{\"@context\":\"https:\\\/\\\/schema.org\",\"@graph\":[{\"@type\":\"Article\",\"@id\":\"https:\\\/\\\/www.laguiadepamplona.com\\\/actualidad\\\/el-festival-de-micro-artes-escenicas-microstable-llega-este-jueves-a-pamplona-con-catorce-propuestas-de-teatro-circo-y-danza-para-todos-los-publicos\\\/#article\",\"isPartOf\":{\"@id\":\"https:\\\/\\\/www.laguiadepamplona.com\\\/actualidad\\\/el-festival-de-micro-artes-escenicas-microstable-llega-este-jueves-a-pamplona-con-catorce-propuestas-de-teatro-circo-y-danza-para-todos-los-publicos\\\/\"},\"author\":{\"name\":\"La Gu\u00eda de Pamplona\",\"@id\":\"https:\\\/\\\/www.laguiadepamplona.com\\\/actualidad\\\/#\\\/schema\\\/person\\\/efe887376f0213d4657c93adc50b1fdb\"},\"headline\":\"El Festival de Micro Artes Esc\u00e9nicas Microstable llega este jueves a Pamplona con catorce propuestas de teatro, circo y danza para todos los p\u00fablicos\",\"datePublished\":\"2023-10-25T14:56:07+00:00\",\"mainEntityOfPage\":{\"@id\":\"https:\\\/\\\/www.laguiadepamplona.com\\\/actualidad\\\/el-festival-de-micro-artes-escenicas-microstable-llega-este-jueves-a-pamplona-con-catorce-propuestas-de-teatro-circo-y-danza-para-todos-los-publicos\\\/\"},\"wordCount\":866,\"commentCount\":0,\"publisher\":{\"@id\":\"https:\\\/\\\/www.laguiadepamplona.com\\\/actualidad\\\/#organization\"},\"image\":{\"@id\":\"https:\\\/\\\/www.laguiadepamplona.com\\\/actualidad\\\/el-festival-de-micro-artes-escenicas-microstable-llega-este-jueves-a-pamplona-con-catorce-propuestas-de-teatro-circo-y-danza-para-todos-los-publicos\\\/#primaryimage\"},\"thumbnailUrl\":\"https:\\\/\\\/www.laguiadepamplona.com\\\/actualidad\\\/wp-content\\\/uploads\\\/2018\\\/05\\\/palacio-condestable.jpg\",\"articleSection\":[\"Ayto Pamplona\"],\"inLanguage\":\"es\",\"potentialAction\":[{\"@type\":\"CommentAction\",\"name\":\"Comment\",\"target\":[\"https:\\\/\\\/www.laguiadepamplona.com\\\/actualidad\\\/el-festival-de-micro-artes-escenicas-microstable-llega-este-jueves-a-pamplona-con-catorce-propuestas-de-teatro-circo-y-danza-para-todos-los-publicos\\\/#respond\"]}]},{\"@type\":\"WebPage\",\"@id\":\"https:\\\/\\\/www.laguiadepamplona.com\\\/actualidad\\\/el-festival-de-micro-artes-escenicas-microstable-llega-este-jueves-a-pamplona-con-catorce-propuestas-de-teatro-circo-y-danza-para-todos-los-publicos\\\/\",\"url\":\"https:\\\/\\\/www.laguiadepamplona.com\\\/actualidad\\\/el-festival-de-micro-artes-escenicas-microstable-llega-este-jueves-a-pamplona-con-catorce-propuestas-de-teatro-circo-y-danza-para-todos-los-publicos\\\/\",\"name\":\"El Festival de Micro Artes Esc\u00e9nicas Microstable llega este jueves a Pamplona con catorce propuestas de teatro, circo y danza para todos los p\u00fablicos\",\"isPartOf\":{\"@id\":\"https:\\\/\\\/www.laguiadepamplona.com\\\/actualidad\\\/#website\"},\"primaryImageOfPage\":{\"@id\":\"https:\\\/\\\/www.laguiadepamplona.com\\\/actualidad\\\/el-festival-de-micro-artes-escenicas-microstable-llega-este-jueves-a-pamplona-con-catorce-propuestas-de-teatro-circo-y-danza-para-todos-los-publicos\\\/#primaryimage\"},\"image\":{\"@id\":\"https:\\\/\\\/www.laguiadepamplona.com\\\/actualidad\\\/el-festival-de-micro-artes-escenicas-microstable-llega-este-jueves-a-pamplona-con-catorce-propuestas-de-teatro-circo-y-danza-para-todos-los-publicos\\\/#primaryimage\"},\"thumbnailUrl\":\"https:\\\/\\\/www.laguiadepamplona.com\\\/actualidad\\\/wp-content\\\/uploads\\\/2018\\\/05\\\/palacio-condestable.jpg\",\"datePublished\":\"2023-10-25T14:56:07+00:00\",\"description\":\"La Plaza del Castillo y Civivox Condestable son escenario de las sesiones, que se complementan con un espacio infantil y un encuentro profesional\",\"breadcrumb\":{\"@id\":\"https:\\\/\\\/www.laguiadepamplona.com\\\/actualidad\\\/el-festival-de-micro-artes-escenicas-microstable-llega-este-jueves-a-pamplona-con-catorce-propuestas-de-teatro-circo-y-danza-para-todos-los-publicos\\\/#breadcrumb\"},\"inLanguage\":\"es\",\"potentialAction\":[{\"@type\":\"ReadAction\",\"target\":[\"https:\\\/\\\/www.laguiadepamplona.com\\\/actualidad\\\/el-festival-de-micro-artes-escenicas-microstable-llega-este-jueves-a-pamplona-con-catorce-propuestas-de-teatro-circo-y-danza-para-todos-los-publicos\\\/\"]}]},{\"@type\":\"ImageObject\",\"inLanguage\":\"es\",\"@id\":\"https:\\\/\\\/www.laguiadepamplona.com\\\/actualidad\\\/el-festival-de-micro-artes-escenicas-microstable-llega-este-jueves-a-pamplona-con-catorce-propuestas-de-teatro-circo-y-danza-para-todos-los-publicos\\\/#primaryimage\",\"url\":\"https:\\\/\\\/www.laguiadepamplona.com\\\/actualidad\\\/wp-content\\\/uploads\\\/2018\\\/05\\\/palacio-condestable.jpg\",\"contentUrl\":\"https:\\\/\\\/www.laguiadepamplona.com\\\/actualidad\\\/wp-content\\\/uploads\\\/2018\\\/05\\\/palacio-condestable.jpg\",\"width\":950,\"height\":634,\"caption\":\"civivox condestable\"},{\"@type\":\"BreadcrumbList\",\"@id\":\"https:\\\/\\\/www.laguiadepamplona.com\\\/actualidad\\\/el-festival-de-micro-artes-escenicas-microstable-llega-este-jueves-a-pamplona-con-catorce-propuestas-de-teatro-circo-y-danza-para-todos-los-publicos\\\/#breadcrumb\",\"itemListElement\":[{\"@type\":\"ListItem\",\"position\":1,\"name\":\"Portada\",\"item\":\"https:\\\/\\\/www.laguiadepamplona.com\\\/actualidad\\\/\"},{\"@type\":\"ListItem\",\"position\":2,\"name\":\"El Festival de Micro Artes Esc\u00e9nicas Microstable llega este jueves a Pamplona con catorce propuestas de teatro, circo y danza para todos los p\u00fablicos\"}]},{\"@type\":\"WebSite\",\"@id\":\"https:\\\/\\\/www.laguiadepamplona.com\\\/actualidad\\\/#website\",\"url\":\"https:\\\/\\\/www.laguiadepamplona.com\\\/actualidad\\\/\",\"name\":\"La gu\u00eda de Pamplona\",\"description\":\"Noticias de Pamplona\",\"publisher\":{\"@id\":\"https:\\\/\\\/www.laguiadepamplona.com\\\/actualidad\\\/#organization\"},\"potentialAction\":[{\"@type\":\"SearchAction\",\"target\":{\"@type\":\"EntryPoint\",\"urlTemplate\":\"https:\\\/\\\/www.laguiadepamplona.com\\\/actualidad\\\/?s={search_term_string}\"},\"query-input\":{\"@type\":\"PropertyValueSpecification\",\"valueRequired\":true,\"valueName\":\"search_term_string\"}}],\"inLanguage\":\"es\"},{\"@type\":\"Organization\",\"@id\":\"https:\\\/\\\/www.laguiadepamplona.com\\\/actualidad\\\/#organization\",\"name\":\"La Gu\u00eda de Pamplona \\\/ Noticias\",\"url\":\"https:\\\/\\\/www.laguiadepamplona.com\\\/actualidad\\\/\",\"logo\":{\"@type\":\"ImageObject\",\"inLanguage\":\"es\",\"@id\":\"https:\\\/\\\/www.laguiadepamplona.com\\\/actualidad\\\/#\\\/schema\\\/logo\\\/image\\\/\",\"url\":\"https:\\\/\\\/www.laguiadepamplona.com\\\/actualidad\\\/wp-content\\\/uploads\\\/2018\\\/11\\\/logo-laguiadepamplona18-web1.png\",\"contentUrl\":\"https:\\\/\\\/www.laguiadepamplona.com\\\/actualidad\\\/wp-content\\\/uploads\\\/2018\\\/11\\\/logo-laguiadepamplona18-web1.png\",\"width\":600,\"height\":196,\"caption\":\"La Gu\u00eda de Pamplona \\\/ Noticias\"},\"image\":{\"@id\":\"https:\\\/\\\/www.laguiadepamplona.com\\\/actualidad\\\/#\\\/schema\\\/logo\\\/image\\\/\"},\"sameAs\":[\"https:\\\/\\\/www.facebook.com\\\/laguiadepamplonacom-133175176762273\\\/?ref=hl\",\"https:\\\/\\\/x.com\\\/LaGuiadPamplona\",\"https:\\\/\\\/www.instagram.com\\\/la_guia_de_pamplona\\\/\",\"https:\\\/\\\/www.youtube.com\\\/user\\\/laguiadepamplona\"]},{\"@type\":\"Person\",\"@id\":\"https:\\\/\\\/www.laguiadepamplona.com\\\/actualidad\\\/#\\\/schema\\\/person\\\/efe887376f0213d4657c93adc50b1fdb\",\"name\":\"La Gu\u00eda de Pamplona\",\"image\":{\"@type\":\"ImageObject\",\"inLanguage\":\"es\",\"@id\":\"https:\\\/\\\/secure.gravatar.com\\\/avatar\\\/b6992f131dc8d30ab0dff15446e9d346d9dbd95992de0fef795073f5ea83a81c?s=96&d=mm&r=g\",\"url\":\"https:\\\/\\\/secure.gravatar.com\\\/avatar\\\/b6992f131dc8d30ab0dff15446e9d346d9dbd95992de0fef795073f5ea83a81c?s=96&d=mm&r=g\",\"contentUrl\":\"https:\\\/\\\/secure.gravatar.com\\\/avatar\\\/b6992f131dc8d30ab0dff15446e9d346d9dbd95992de0fef795073f5ea83a81c?s=96&d=mm&r=g\",\"caption\":\"La Gu\u00eda de Pamplona\"}}]}<\/script>\n<!-- \/ Yoast SEO plugin. -->","yoast_head_json":{"title":"El Festival de Micro Artes Esc\u00e9nicas Microstable llega este jueves a Pamplona con catorce propuestas de teatro, circo y danza para todos los p\u00fablicos","description":"La Plaza del Castillo y Civivox Condestable son escenario de las sesiones, que se complementan con un espacio infantil y un encuentro profesional","robots":{"index":"index","follow":"follow","max-snippet":"max-snippet:-1","max-image-preview":"max-image-preview:large","max-video-preview":"max-video-preview:-1"},"canonical":"https:\/\/www.laguiadepamplona.com\/actualidad\/el-festival-de-micro-artes-escenicas-microstable-llega-este-jueves-a-pamplona-con-catorce-propuestas-de-teatro-circo-y-danza-para-todos-los-publicos\/","og_locale":"es_ES","og_type":"article","og_title":"El Festival de Micro Artes Esc\u00e9nicas Microstable llega este jueves a Pamplona con catorce propuestas de teatro, circo y danza para todos los p\u00fablicos","og_description":"La Plaza del Castillo y Civivox Condestable son escenario de las sesiones, que se complementan con un espacio infantil y un encuentro profesional","og_url":"https:\/\/www.laguiadepamplona.com\/actualidad\/el-festival-de-micro-artes-escenicas-microstable-llega-este-jueves-a-pamplona-con-catorce-propuestas-de-teatro-circo-y-danza-para-todos-los-publicos\/","og_site_name":"La Gu\u00eda de Pamplona","article_publisher":"https:\/\/www.facebook.com\/laguiadepamplonacom-133175176762273\/?ref=hl","article_published_time":"2023-10-25T14:56:07+00:00","og_image":[{"width":950,"height":634,"url":"https:\/\/www.laguiadepamplona.com\/actualidad\/wp-content\/uploads\/2018\/05\/palacio-condestable.jpg","type":"image\/jpeg"}],"author":"La Gu\u00eda de Pamplona","twitter_card":"summary_large_image","twitter_creator":"@LaGuiadPamplona","twitter_site":"@LaGuiadPamplona","twitter_misc":{"Escrito por":"La Gu\u00eda de Pamplona","Tiempo de lectura":"4 minutos"},"schema":{"@context":"https:\/\/schema.org","@graph":[{"@type":"Article","@id":"https:\/\/www.laguiadepamplona.com\/actualidad\/el-festival-de-micro-artes-escenicas-microstable-llega-este-jueves-a-pamplona-con-catorce-propuestas-de-teatro-circo-y-danza-para-todos-los-publicos\/#article","isPartOf":{"@id":"https:\/\/www.laguiadepamplona.com\/actualidad\/el-festival-de-micro-artes-escenicas-microstable-llega-este-jueves-a-pamplona-con-catorce-propuestas-de-teatro-circo-y-danza-para-todos-los-publicos\/"},"author":{"name":"La Gu\u00eda de Pamplona","@id":"https:\/\/www.laguiadepamplona.com\/actualidad\/#\/schema\/person\/efe887376f0213d4657c93adc50b1fdb"},"headline":"El Festival de Micro Artes Esc\u00e9nicas Microstable llega este jueves a Pamplona con catorce propuestas de teatro, circo y danza para todos los p\u00fablicos","datePublished":"2023-10-25T14:56:07+00:00","mainEntityOfPage":{"@id":"https:\/\/www.laguiadepamplona.com\/actualidad\/el-festival-de-micro-artes-escenicas-microstable-llega-este-jueves-a-pamplona-con-catorce-propuestas-de-teatro-circo-y-danza-para-todos-los-publicos\/"},"wordCount":866,"commentCount":0,"publisher":{"@id":"https:\/\/www.laguiadepamplona.com\/actualidad\/#organization"},"image":{"@id":"https:\/\/www.laguiadepamplona.com\/actualidad\/el-festival-de-micro-artes-escenicas-microstable-llega-este-jueves-a-pamplona-con-catorce-propuestas-de-teatro-circo-y-danza-para-todos-los-publicos\/#primaryimage"},"thumbnailUrl":"https:\/\/www.laguiadepamplona.com\/actualidad\/wp-content\/uploads\/2018\/05\/palacio-condestable.jpg","articleSection":["Ayto Pamplona"],"inLanguage":"es","potentialAction":[{"@type":"CommentAction","name":"Comment","target":["https:\/\/www.laguiadepamplona.com\/actualidad\/el-festival-de-micro-artes-escenicas-microstable-llega-este-jueves-a-pamplona-con-catorce-propuestas-de-teatro-circo-y-danza-para-todos-los-publicos\/#respond"]}]},{"@type":"WebPage","@id":"https:\/\/www.laguiadepamplona.com\/actualidad\/el-festival-de-micro-artes-escenicas-microstable-llega-este-jueves-a-pamplona-con-catorce-propuestas-de-teatro-circo-y-danza-para-todos-los-publicos\/","url":"https:\/\/www.laguiadepamplona.com\/actualidad\/el-festival-de-micro-artes-escenicas-microstable-llega-este-jueves-a-pamplona-con-catorce-propuestas-de-teatro-circo-y-danza-para-todos-los-publicos\/","name":"El Festival de Micro Artes Esc\u00e9nicas Microstable llega este jueves a Pamplona con catorce propuestas de teatro, circo y danza para todos los p\u00fablicos","isPartOf":{"@id":"https:\/\/www.laguiadepamplona.com\/actualidad\/#website"},"primaryImageOfPage":{"@id":"https:\/\/www.laguiadepamplona.com\/actualidad\/el-festival-de-micro-artes-escenicas-microstable-llega-este-jueves-a-pamplona-con-catorce-propuestas-de-teatro-circo-y-danza-para-todos-los-publicos\/#primaryimage"},"image":{"@id":"https:\/\/www.laguiadepamplona.com\/actualidad\/el-festival-de-micro-artes-escenicas-microstable-llega-este-jueves-a-pamplona-con-catorce-propuestas-de-teatro-circo-y-danza-para-todos-los-publicos\/#primaryimage"},"thumbnailUrl":"https:\/\/www.laguiadepamplona.com\/actualidad\/wp-content\/uploads\/2018\/05\/palacio-condestable.jpg","datePublished":"2023-10-25T14:56:07+00:00","description":"La Plaza del Castillo y Civivox Condestable son escenario de las sesiones, que se complementan con un espacio infantil y un encuentro profesional","breadcrumb":{"@id":"https:\/\/www.laguiadepamplona.com\/actualidad\/el-festival-de-micro-artes-escenicas-microstable-llega-este-jueves-a-pamplona-con-catorce-propuestas-de-teatro-circo-y-danza-para-todos-los-publicos\/#breadcrumb"},"inLanguage":"es","potentialAction":[{"@type":"ReadAction","target":["https:\/\/www.laguiadepamplona.com\/actualidad\/el-festival-de-micro-artes-escenicas-microstable-llega-este-jueves-a-pamplona-con-catorce-propuestas-de-teatro-circo-y-danza-para-todos-los-publicos\/"]}]},{"@type":"ImageObject","inLanguage":"es","@id":"https:\/\/www.laguiadepamplona.com\/actualidad\/el-festival-de-micro-artes-escenicas-microstable-llega-este-jueves-a-pamplona-con-catorce-propuestas-de-teatro-circo-y-danza-para-todos-los-publicos\/#primaryimage","url":"https:\/\/www.laguiadepamplona.com\/actualidad\/wp-content\/uploads\/2018\/05\/palacio-condestable.jpg","contentUrl":"https:\/\/www.laguiadepamplona.com\/actualidad\/wp-content\/uploads\/2018\/05\/palacio-condestable.jpg","width":950,"height":634,"caption":"civivox condestable"},{"@type":"BreadcrumbList","@id":"https:\/\/www.laguiadepamplona.com\/actualidad\/el-festival-de-micro-artes-escenicas-microstable-llega-este-jueves-a-pamplona-con-catorce-propuestas-de-teatro-circo-y-danza-para-todos-los-publicos\/#breadcrumb","itemListElement":[{"@type":"ListItem","position":1,"name":"Portada","item":"https:\/\/www.laguiadepamplona.com\/actualidad\/"},{"@type":"ListItem","position":2,"name":"El Festival de Micro Artes Esc\u00e9nicas Microstable llega este jueves a Pamplona con catorce propuestas de teatro, circo y danza para todos los p\u00fablicos"}]},{"@type":"WebSite","@id":"https:\/\/www.laguiadepamplona.com\/actualidad\/#website","url":"https:\/\/www.laguiadepamplona.com\/actualidad\/","name":"La gu\u00eda de Pamplona","description":"Noticias de Pamplona","publisher":{"@id":"https:\/\/www.laguiadepamplona.com\/actualidad\/#organization"},"potentialAction":[{"@type":"SearchAction","target":{"@type":"EntryPoint","urlTemplate":"https:\/\/www.laguiadepamplona.com\/actualidad\/?s={search_term_string}"},"query-input":{"@type":"PropertyValueSpecification","valueRequired":true,"valueName":"search_term_string"}}],"inLanguage":"es"},{"@type":"Organization","@id":"https:\/\/www.laguiadepamplona.com\/actualidad\/#organization","name":"La Gu\u00eda de Pamplona \/ Noticias","url":"https:\/\/www.laguiadepamplona.com\/actualidad\/","logo":{"@type":"ImageObject","inLanguage":"es","@id":"https:\/\/www.laguiadepamplona.com\/actualidad\/#\/schema\/logo\/image\/","url":"https:\/\/www.laguiadepamplona.com\/actualidad\/wp-content\/uploads\/2018\/11\/logo-laguiadepamplona18-web1.png","contentUrl":"https:\/\/www.laguiadepamplona.com\/actualidad\/wp-content\/uploads\/2018\/11\/logo-laguiadepamplona18-web1.png","width":600,"height":196,"caption":"La Gu\u00eda de Pamplona \/ Noticias"},"image":{"@id":"https:\/\/www.laguiadepamplona.com\/actualidad\/#\/schema\/logo\/image\/"},"sameAs":["https:\/\/www.facebook.com\/laguiadepamplonacom-133175176762273\/?ref=hl","https:\/\/x.com\/LaGuiadPamplona","https:\/\/www.instagram.com\/la_guia_de_pamplona\/","https:\/\/www.youtube.com\/user\/laguiadepamplona"]},{"@type":"Person","@id":"https:\/\/www.laguiadepamplona.com\/actualidad\/#\/schema\/person\/efe887376f0213d4657c93adc50b1fdb","name":"La Gu\u00eda de Pamplona","image":{"@type":"ImageObject","inLanguage":"es","@id":"https:\/\/secure.gravatar.com\/avatar\/b6992f131dc8d30ab0dff15446e9d346d9dbd95992de0fef795073f5ea83a81c?s=96&d=mm&r=g","url":"https:\/\/secure.gravatar.com\/avatar\/b6992f131dc8d30ab0dff15446e9d346d9dbd95992de0fef795073f5ea83a81c?s=96&d=mm&r=g","contentUrl":"https:\/\/secure.gravatar.com\/avatar\/b6992f131dc8d30ab0dff15446e9d346d9dbd95992de0fef795073f5ea83a81c?s=96&d=mm&r=g","caption":"La Gu\u00eda de Pamplona"}}]}},"post_mailing_queue_ids":[],"_links":{"self":[{"href":"https:\/\/www.laguiadepamplona.com\/actualidad\/wp-json\/wp\/v2\/posts\/47718","targetHints":{"allow":["GET"]}}],"collection":[{"href":"https:\/\/www.laguiadepamplona.com\/actualidad\/wp-json\/wp\/v2\/posts"}],"about":[{"href":"https:\/\/www.laguiadepamplona.com\/actualidad\/wp-json\/wp\/v2\/types\/post"}],"author":[{"embeddable":true,"href":"https:\/\/www.laguiadepamplona.com\/actualidad\/wp-json\/wp\/v2\/users\/1"}],"replies":[{"embeddable":true,"href":"https:\/\/www.laguiadepamplona.com\/actualidad\/wp-json\/wp\/v2\/comments?post=47718"}],"version-history":[{"count":1,"href":"https:\/\/www.laguiadepamplona.com\/actualidad\/wp-json\/wp\/v2\/posts\/47718\/revisions"}],"predecessor-version":[{"id":47719,"href":"https:\/\/www.laguiadepamplona.com\/actualidad\/wp-json\/wp\/v2\/posts\/47718\/revisions\/47719"}],"wp:featuredmedia":[{"embeddable":true,"href":"https:\/\/www.laguiadepamplona.com\/actualidad\/wp-json\/wp\/v2\/media\/17390"}],"wp:attachment":[{"href":"https:\/\/www.laguiadepamplona.com\/actualidad\/wp-json\/wp\/v2\/media?parent=47718"}],"wp:term":[{"taxonomy":"category","embeddable":true,"href":"https:\/\/www.laguiadepamplona.com\/actualidad\/wp-json\/wp\/v2\/categories?post=47718"},{"taxonomy":"post_tag","embeddable":true,"href":"https:\/\/www.laguiadepamplona.com\/actualidad\/wp-json\/wp\/v2\/tags?post=47718"}],"curies":[{"name":"wp","href":"https:\/\/api.w.org\/{rel}","templated":true}]}}