{"id":47715,"date":"2023-10-25T16:53:56","date_gmt":"2023-10-25T14:53:56","guid":{"rendered":"https:\/\/www.laguiadepamplona.com\/actualidad\/?p=47715"},"modified":"2023-10-25T16:53:56","modified_gmt":"2023-10-25T14:53:56","slug":"pamplona-acogera-en-2025-el-torneo-internacional-de-rugby-mixed-ability","status":"publish","type":"post","link":"https:\/\/www.laguiadepamplona.com\/actualidad\/pamplona-acogera-en-2025-el-torneo-internacional-de-rugby-mixed-ability\/","title":{"rendered":"Pamplona acoger\u00e1 en 2025 el Torneo Internacional de Rugby Mixed Ability"},"content":{"rendered":"<h3>Esta disciplina incluye personas con y sin discapacidad, para promover la inclusi\u00f3n y la eliminaci\u00f3n de barreras en el mundo del deporte<\/h3>\n<p><!--more--><\/p>\n<p>Pamplona se convertir\u00e1 en 2025 en la sede del Torneo Internacional de Rugby Mixed Ability (IMART), una disciplina que incluye entre sus jugadores a personas con y sin discapacidad, que juegan bajo unas mismas reglas no adaptadas. Se trata, en definitiva, de propiciar la pr\u00e1ctica deportiva y la competici\u00f3n sin clasificar ni segregar a las personas por sus capacidades. La organizaci\u00f3n sin \u00e1nimo de lucro International Mixed Ability Sports (IMAS), organizadora del evento, ha anunciado la decisi\u00f3n esta misma ma\u00f1ana.<br \/>\n<script async src=\"\/\/pagead2.googlesyndication.com\/pagead\/js\/adsbygoogle.js\"><\/script><br \/>\n<!-- Noticias La Guia de Pamplona --><br \/>\n<ins class=\"adsbygoogle\"\nstyle=\"display:block\"\ndata-ad-client=\"ca-pub-6943679897239327\"\ndata-ad-slot=\"7048180777\"\ndata-ad-format=\"auto\"><\/ins><br \/>\n<script>\n(adsbygoogle = window.adsbygoogle || []).push({});\n<\/script><\/p>\n<p>La capital navarra coge as\u00ed el relevo de la ciudad irlandesa de Cork, que fue sede del torneo en 2022. La candidatura para albergar el torneo en la que ser\u00e1 su d\u00e9cima edici\u00f3n ha estado liderada por Iru\u00f1a Rugby Club y apoyada por el Ayuntamiento de Pamplona, el Gobierno de Navarra, el Instituto del Deporte de Navarra, la Federaci\u00f3n Navarra de Rugby y la Universidad P\u00fablica de Navarra (UPNA). De hecho, ser\u00e1n las infraestructuras deportivas de este centro universitario las que acoger\u00e1n los partidos de rugby y todas las dem\u00e1s actividades deportivas de exhibici\u00f3n que se realicen en torno al torneo. Desde el Ayuntamiento de Pamplona, la alcaldesa Cristina Ibarrola ha reconocido que convertirse en sede de este torneo es \u201cun orgullo para la ciudad y un reconocimiento a nuestro firme compromiso con los valores de inclusi\u00f3n, integraci\u00f3n, diversidad y convivencia\u201d.<\/p>\n<p>El proceso de inscripci\u00f3n de participantes el torneo 2025 se abrir\u00e1 a finales de este a\u00f1o. Al margen del rugby, se desarrollar\u00e1n competiciones paralelas en deportes adicionales como remo, baloncesto y la cuarta Conferencia Internacional IMAS. Los equipos interesados pueden solicitar m\u00e1s informaci\u00f3n a trav\u00e9s del correo electr\u00f3nico <a href=\"mailto:imart@mixedabilitysports.org\">imart@mixedabilitysports.org<\/a><br \/>\n<script async src=\"\/\/pagead2.googlesyndication.com\/pagead\/js\/adsbygoogle.js\"><\/script><br \/>\n<!-- Noticias La Guia de Pamplona --><br \/>\n<ins class=\"adsbygoogle\"\nstyle=\"display:block\"\ndata-ad-client=\"ca-pub-6943679897239327\"\ndata-ad-slot=\"7048180777\"\ndata-ad-format=\"auto\"><\/ins><br \/>\n<script>\n(adsbygoogle = window.adsbygoogle || []).push({});\n<\/script><\/p>\n<p>Con el objetivo de promover el deporte inclusivo y mejorar la comprensi\u00f3n de la sociedad en torno a la diversidad, IMAS trabaja con clubes y entrenadores deportivos, \u00f3rganos rectores nacionales, profesionales de la salud, instituciones educativas y empresas. En esta labor, la organizaci\u00f3n sin \u00e1nimo de lucro ofrece formaci\u00f3n y capacitaci\u00f3n educativa sobre la inclusi\u00f3n en el mundo del deporte, y apoya la creaci\u00f3n de iniciativas deportivas comunitarias de Mixed Ability. De esta forma, promueve la igualdad y la eliminaci\u00f3n de barreras para las personas con discapacidad, tanto f\u00edsica como ps\u00edquica, a trav\u00e9s de la pr\u00e1ctica deportiva.<\/p>\n<p>Tras Pamplona, ser\u00e1 Ontario (Canad\u00e1) la ciudad que acoja el campeonato IMART 2028, viajando por primera vez fuera de Europa.<\/p>\n","protected":false},"excerpt":{"rendered":"<p>Esta disciplina incluye personas con y sin discapacidad, para promover la inclusi\u00f3n y la eliminaci\u00f3n de barreras en el mundo del deporte<\/p>\n","protected":false},"author":1,"featured_media":47716,"comment_status":"open","ping_status":"closed","sticky":false,"template":"","format":"standard","meta":{"footnotes":""},"categories":[2],"tags":[],"class_list":["post-47715","post","type-post","status-publish","format-standard","has-post-thumbnail","hentry","category-ayuntamiento-pamplona"],"yoast_head":"<!-- This site is optimized with the Yoast SEO plugin v27.3 - https:\/\/yoast.com\/product\/yoast-seo-wordpress\/ -->\n<title>Pamplona acoger\u00e1 en 2025 el Torneo Internacional de Rugby Mixed Ability<\/title>\n<meta name=\"description\" content=\"Esta disciplina incluye personas con y sin discapacidad, para promover la inclusi\u00f3n y la eliminaci\u00f3n de barreras en el mundo del deporte\" \/>\n<meta name=\"robots\" content=\"index, follow, max-snippet:-1, max-image-preview:large, max-video-preview:-1\" \/>\n<link rel=\"canonical\" href=\"https:\/\/www.laguiadepamplona.com\/actualidad\/pamplona-acogera-en-2025-el-torneo-internacional-de-rugby-mixed-ability\/\" \/>\n<meta property=\"og:locale\" content=\"es_ES\" \/>\n<meta property=\"og:type\" content=\"article\" \/>\n<meta property=\"og:title\" content=\"Pamplona acoger\u00e1 en 2025 el Torneo Internacional de Rugby Mixed Ability\" \/>\n<meta property=\"og:description\" content=\"Esta disciplina incluye personas con y sin discapacidad, para promover la inclusi\u00f3n y la eliminaci\u00f3n de barreras en el mundo del deporte\" \/>\n<meta property=\"og:url\" content=\"https:\/\/www.laguiadepamplona.com\/actualidad\/pamplona-acogera-en-2025-el-torneo-internacional-de-rugby-mixed-ability\/\" \/>\n<meta property=\"og:site_name\" content=\"La Gu\u00eda de Pamplona\" \/>\n<meta property=\"article:publisher\" content=\"https:\/\/www.facebook.com\/laguiadepamplonacom-133175176762273\/?ref=hl\" \/>\n<meta property=\"article:published_time\" content=\"2023-10-25T14:53:56+00:00\" \/>\n<meta property=\"og:image\" content=\"https:\/\/www.laguiadepamplona.com\/actualidad\/wp-content\/uploads\/2023\/10\/campeonato-rugby-mixed-ability.webp\" \/>\n\t<meta property=\"og:image:width\" content=\"1024\" \/>\n\t<meta property=\"og:image:height\" content=\"683\" \/>\n\t<meta property=\"og:image:type\" content=\"image\/webp\" \/>\n<meta name=\"author\" content=\"La Gu\u00eda de Pamplona\" \/>\n<meta name=\"twitter:card\" content=\"summary_large_image\" \/>\n<meta name=\"twitter:creator\" content=\"@LaGuiadPamplona\" \/>\n<meta name=\"twitter:site\" content=\"@LaGuiadPamplona\" \/>\n<meta name=\"twitter:label1\" content=\"Escrito por\" \/>\n\t<meta name=\"twitter:data1\" content=\"La Gu\u00eda de Pamplona\" \/>\n\t<meta name=\"twitter:label2\" content=\"Tiempo de lectura\" \/>\n\t<meta name=\"twitter:data2\" content=\"2 minutos\" \/>\n<script type=\"application\/ld+json\" class=\"yoast-schema-graph\">{\"@context\":\"https:\\\/\\\/schema.org\",\"@graph\":[{\"@type\":\"Article\",\"@id\":\"https:\\\/\\\/www.laguiadepamplona.com\\\/actualidad\\\/pamplona-acogera-en-2025-el-torneo-internacional-de-rugby-mixed-ability\\\/#article\",\"isPartOf\":{\"@id\":\"https:\\\/\\\/www.laguiadepamplona.com\\\/actualidad\\\/pamplona-acogera-en-2025-el-torneo-internacional-de-rugby-mixed-ability\\\/\"},\"author\":{\"name\":\"La Gu\u00eda de Pamplona\",\"@id\":\"https:\\\/\\\/www.laguiadepamplona.com\\\/actualidad\\\/#\\\/schema\\\/person\\\/efe887376f0213d4657c93adc50b1fdb\"},\"headline\":\"Pamplona acoger\u00e1 en 2025 el Torneo Internacional de Rugby Mixed Ability\",\"datePublished\":\"2023-10-25T14:53:56+00:00\",\"mainEntityOfPage\":{\"@id\":\"https:\\\/\\\/www.laguiadepamplona.com\\\/actualidad\\\/pamplona-acogera-en-2025-el-torneo-internacional-de-rugby-mixed-ability\\\/\"},\"wordCount\":453,\"commentCount\":0,\"publisher\":{\"@id\":\"https:\\\/\\\/www.laguiadepamplona.com\\\/actualidad\\\/#organization\"},\"image\":{\"@id\":\"https:\\\/\\\/www.laguiadepamplona.com\\\/actualidad\\\/pamplona-acogera-en-2025-el-torneo-internacional-de-rugby-mixed-ability\\\/#primaryimage\"},\"thumbnailUrl\":\"https:\\\/\\\/www.laguiadepamplona.com\\\/actualidad\\\/wp-content\\\/uploads\\\/2023\\\/10\\\/campeonato-rugby-mixed-ability.webp\",\"articleSection\":[\"Ayto Pamplona\"],\"inLanguage\":\"es\",\"potentialAction\":[{\"@type\":\"CommentAction\",\"name\":\"Comment\",\"target\":[\"https:\\\/\\\/www.laguiadepamplona.com\\\/actualidad\\\/pamplona-acogera-en-2025-el-torneo-internacional-de-rugby-mixed-ability\\\/#respond\"]}]},{\"@type\":\"WebPage\",\"@id\":\"https:\\\/\\\/www.laguiadepamplona.com\\\/actualidad\\\/pamplona-acogera-en-2025-el-torneo-internacional-de-rugby-mixed-ability\\\/\",\"url\":\"https:\\\/\\\/www.laguiadepamplona.com\\\/actualidad\\\/pamplona-acogera-en-2025-el-torneo-internacional-de-rugby-mixed-ability\\\/\",\"name\":\"Pamplona acoger\u00e1 en 2025 el Torneo Internacional de Rugby Mixed Ability\",\"isPartOf\":{\"@id\":\"https:\\\/\\\/www.laguiadepamplona.com\\\/actualidad\\\/#website\"},\"primaryImageOfPage\":{\"@id\":\"https:\\\/\\\/www.laguiadepamplona.com\\\/actualidad\\\/pamplona-acogera-en-2025-el-torneo-internacional-de-rugby-mixed-ability\\\/#primaryimage\"},\"image\":{\"@id\":\"https:\\\/\\\/www.laguiadepamplona.com\\\/actualidad\\\/pamplona-acogera-en-2025-el-torneo-internacional-de-rugby-mixed-ability\\\/#primaryimage\"},\"thumbnailUrl\":\"https:\\\/\\\/www.laguiadepamplona.com\\\/actualidad\\\/wp-content\\\/uploads\\\/2023\\\/10\\\/campeonato-rugby-mixed-ability.webp\",\"datePublished\":\"2023-10-25T14:53:56+00:00\",\"description\":\"Esta disciplina incluye personas con y sin discapacidad, para promover la inclusi\u00f3n y la eliminaci\u00f3n de barreras en el mundo del deporte\",\"breadcrumb\":{\"@id\":\"https:\\\/\\\/www.laguiadepamplona.com\\\/actualidad\\\/pamplona-acogera-en-2025-el-torneo-internacional-de-rugby-mixed-ability\\\/#breadcrumb\"},\"inLanguage\":\"es\",\"potentialAction\":[{\"@type\":\"ReadAction\",\"target\":[\"https:\\\/\\\/www.laguiadepamplona.com\\\/actualidad\\\/pamplona-acogera-en-2025-el-torneo-internacional-de-rugby-mixed-ability\\\/\"]}]},{\"@type\":\"ImageObject\",\"inLanguage\":\"es\",\"@id\":\"https:\\\/\\\/www.laguiadepamplona.com\\\/actualidad\\\/pamplona-acogera-en-2025-el-torneo-internacional-de-rugby-mixed-ability\\\/#primaryimage\",\"url\":\"https:\\\/\\\/www.laguiadepamplona.com\\\/actualidad\\\/wp-content\\\/uploads\\\/2023\\\/10\\\/campeonato-rugby-mixed-ability.webp\",\"contentUrl\":\"https:\\\/\\\/www.laguiadepamplona.com\\\/actualidad\\\/wp-content\\\/uploads\\\/2023\\\/10\\\/campeonato-rugby-mixed-ability.webp\",\"width\":1024,\"height\":683,\"caption\":\"campeonato rugby mixed ability\"},{\"@type\":\"BreadcrumbList\",\"@id\":\"https:\\\/\\\/www.laguiadepamplona.com\\\/actualidad\\\/pamplona-acogera-en-2025-el-torneo-internacional-de-rugby-mixed-ability\\\/#breadcrumb\",\"itemListElement\":[{\"@type\":\"ListItem\",\"position\":1,\"name\":\"Portada\",\"item\":\"https:\\\/\\\/www.laguiadepamplona.com\\\/actualidad\\\/\"},{\"@type\":\"ListItem\",\"position\":2,\"name\":\"Pamplona acoger\u00e1 en 2025 el Torneo Internacional de Rugby Mixed Ability\"}]},{\"@type\":\"WebSite\",\"@id\":\"https:\\\/\\\/www.laguiadepamplona.com\\\/actualidad\\\/#website\",\"url\":\"https:\\\/\\\/www.laguiadepamplona.com\\\/actualidad\\\/\",\"name\":\"La gu\u00eda de Pamplona\",\"description\":\"Noticias de Pamplona\",\"publisher\":{\"@id\":\"https:\\\/\\\/www.laguiadepamplona.com\\\/actualidad\\\/#organization\"},\"potentialAction\":[{\"@type\":\"SearchAction\",\"target\":{\"@type\":\"EntryPoint\",\"urlTemplate\":\"https:\\\/\\\/www.laguiadepamplona.com\\\/actualidad\\\/?s={search_term_string}\"},\"query-input\":{\"@type\":\"PropertyValueSpecification\",\"valueRequired\":true,\"valueName\":\"search_term_string\"}}],\"inLanguage\":\"es\"},{\"@type\":\"Organization\",\"@id\":\"https:\\\/\\\/www.laguiadepamplona.com\\\/actualidad\\\/#organization\",\"name\":\"La Gu\u00eda de Pamplona \\\/ Noticias\",\"url\":\"https:\\\/\\\/www.laguiadepamplona.com\\\/actualidad\\\/\",\"logo\":{\"@type\":\"ImageObject\",\"inLanguage\":\"es\",\"@id\":\"https:\\\/\\\/www.laguiadepamplona.com\\\/actualidad\\\/#\\\/schema\\\/logo\\\/image\\\/\",\"url\":\"https:\\\/\\\/www.laguiadepamplona.com\\\/actualidad\\\/wp-content\\\/uploads\\\/2018\\\/11\\\/logo-laguiadepamplona18-web1.png\",\"contentUrl\":\"https:\\\/\\\/www.laguiadepamplona.com\\\/actualidad\\\/wp-content\\\/uploads\\\/2018\\\/11\\\/logo-laguiadepamplona18-web1.png\",\"width\":600,\"height\":196,\"caption\":\"La Gu\u00eda de Pamplona \\\/ Noticias\"},\"image\":{\"@id\":\"https:\\\/\\\/www.laguiadepamplona.com\\\/actualidad\\\/#\\\/schema\\\/logo\\\/image\\\/\"},\"sameAs\":[\"https:\\\/\\\/www.facebook.com\\\/laguiadepamplonacom-133175176762273\\\/?ref=hl\",\"https:\\\/\\\/x.com\\\/LaGuiadPamplona\",\"https:\\\/\\\/www.instagram.com\\\/la_guia_de_pamplona\\\/\",\"https:\\\/\\\/www.youtube.com\\\/user\\\/laguiadepamplona\"]},{\"@type\":\"Person\",\"@id\":\"https:\\\/\\\/www.laguiadepamplona.com\\\/actualidad\\\/#\\\/schema\\\/person\\\/efe887376f0213d4657c93adc50b1fdb\",\"name\":\"La Gu\u00eda de Pamplona\",\"image\":{\"@type\":\"ImageObject\",\"inLanguage\":\"es\",\"@id\":\"https:\\\/\\\/secure.gravatar.com\\\/avatar\\\/b6992f131dc8d30ab0dff15446e9d346d9dbd95992de0fef795073f5ea83a81c?s=96&d=mm&r=g\",\"url\":\"https:\\\/\\\/secure.gravatar.com\\\/avatar\\\/b6992f131dc8d30ab0dff15446e9d346d9dbd95992de0fef795073f5ea83a81c?s=96&d=mm&r=g\",\"contentUrl\":\"https:\\\/\\\/secure.gravatar.com\\\/avatar\\\/b6992f131dc8d30ab0dff15446e9d346d9dbd95992de0fef795073f5ea83a81c?s=96&d=mm&r=g\",\"caption\":\"La Gu\u00eda de Pamplona\"}}]}<\/script>\n<!-- \/ Yoast SEO plugin. -->","yoast_head_json":{"title":"Pamplona acoger\u00e1 en 2025 el Torneo Internacional de Rugby Mixed Ability","description":"Esta disciplina incluye personas con y sin discapacidad, para promover la inclusi\u00f3n y la eliminaci\u00f3n de barreras en el mundo del deporte","robots":{"index":"index","follow":"follow","max-snippet":"max-snippet:-1","max-image-preview":"max-image-preview:large","max-video-preview":"max-video-preview:-1"},"canonical":"https:\/\/www.laguiadepamplona.com\/actualidad\/pamplona-acogera-en-2025-el-torneo-internacional-de-rugby-mixed-ability\/","og_locale":"es_ES","og_type":"article","og_title":"Pamplona acoger\u00e1 en 2025 el Torneo Internacional de Rugby Mixed Ability","og_description":"Esta disciplina incluye personas con y sin discapacidad, para promover la inclusi\u00f3n y la eliminaci\u00f3n de barreras en el mundo del deporte","og_url":"https:\/\/www.laguiadepamplona.com\/actualidad\/pamplona-acogera-en-2025-el-torneo-internacional-de-rugby-mixed-ability\/","og_site_name":"La Gu\u00eda de Pamplona","article_publisher":"https:\/\/www.facebook.com\/laguiadepamplonacom-133175176762273\/?ref=hl","article_published_time":"2023-10-25T14:53:56+00:00","og_image":[{"width":1024,"height":683,"url":"https:\/\/www.laguiadepamplona.com\/actualidad\/wp-content\/uploads\/2023\/10\/campeonato-rugby-mixed-ability.webp","type":"image\/webp"}],"author":"La Gu\u00eda de Pamplona","twitter_card":"summary_large_image","twitter_creator":"@LaGuiadPamplona","twitter_site":"@LaGuiadPamplona","twitter_misc":{"Escrito por":"La Gu\u00eda de Pamplona","Tiempo de lectura":"2 minutos"},"schema":{"@context":"https:\/\/schema.org","@graph":[{"@type":"Article","@id":"https:\/\/www.laguiadepamplona.com\/actualidad\/pamplona-acogera-en-2025-el-torneo-internacional-de-rugby-mixed-ability\/#article","isPartOf":{"@id":"https:\/\/www.laguiadepamplona.com\/actualidad\/pamplona-acogera-en-2025-el-torneo-internacional-de-rugby-mixed-ability\/"},"author":{"name":"La Gu\u00eda de Pamplona","@id":"https:\/\/www.laguiadepamplona.com\/actualidad\/#\/schema\/person\/efe887376f0213d4657c93adc50b1fdb"},"headline":"Pamplona acoger\u00e1 en 2025 el Torneo Internacional de Rugby Mixed Ability","datePublished":"2023-10-25T14:53:56+00:00","mainEntityOfPage":{"@id":"https:\/\/www.laguiadepamplona.com\/actualidad\/pamplona-acogera-en-2025-el-torneo-internacional-de-rugby-mixed-ability\/"},"wordCount":453,"commentCount":0,"publisher":{"@id":"https:\/\/www.laguiadepamplona.com\/actualidad\/#organization"},"image":{"@id":"https:\/\/www.laguiadepamplona.com\/actualidad\/pamplona-acogera-en-2025-el-torneo-internacional-de-rugby-mixed-ability\/#primaryimage"},"thumbnailUrl":"https:\/\/www.laguiadepamplona.com\/actualidad\/wp-content\/uploads\/2023\/10\/campeonato-rugby-mixed-ability.webp","articleSection":["Ayto Pamplona"],"inLanguage":"es","potentialAction":[{"@type":"CommentAction","name":"Comment","target":["https:\/\/www.laguiadepamplona.com\/actualidad\/pamplona-acogera-en-2025-el-torneo-internacional-de-rugby-mixed-ability\/#respond"]}]},{"@type":"WebPage","@id":"https:\/\/www.laguiadepamplona.com\/actualidad\/pamplona-acogera-en-2025-el-torneo-internacional-de-rugby-mixed-ability\/","url":"https:\/\/www.laguiadepamplona.com\/actualidad\/pamplona-acogera-en-2025-el-torneo-internacional-de-rugby-mixed-ability\/","name":"Pamplona acoger\u00e1 en 2025 el Torneo Internacional de Rugby Mixed Ability","isPartOf":{"@id":"https:\/\/www.laguiadepamplona.com\/actualidad\/#website"},"primaryImageOfPage":{"@id":"https:\/\/www.laguiadepamplona.com\/actualidad\/pamplona-acogera-en-2025-el-torneo-internacional-de-rugby-mixed-ability\/#primaryimage"},"image":{"@id":"https:\/\/www.laguiadepamplona.com\/actualidad\/pamplona-acogera-en-2025-el-torneo-internacional-de-rugby-mixed-ability\/#primaryimage"},"thumbnailUrl":"https:\/\/www.laguiadepamplona.com\/actualidad\/wp-content\/uploads\/2023\/10\/campeonato-rugby-mixed-ability.webp","datePublished":"2023-10-25T14:53:56+00:00","description":"Esta disciplina incluye personas con y sin discapacidad, para promover la inclusi\u00f3n y la eliminaci\u00f3n de barreras en el mundo del deporte","breadcrumb":{"@id":"https:\/\/www.laguiadepamplona.com\/actualidad\/pamplona-acogera-en-2025-el-torneo-internacional-de-rugby-mixed-ability\/#breadcrumb"},"inLanguage":"es","potentialAction":[{"@type":"ReadAction","target":["https:\/\/www.laguiadepamplona.com\/actualidad\/pamplona-acogera-en-2025-el-torneo-internacional-de-rugby-mixed-ability\/"]}]},{"@type":"ImageObject","inLanguage":"es","@id":"https:\/\/www.laguiadepamplona.com\/actualidad\/pamplona-acogera-en-2025-el-torneo-internacional-de-rugby-mixed-ability\/#primaryimage","url":"https:\/\/www.laguiadepamplona.com\/actualidad\/wp-content\/uploads\/2023\/10\/campeonato-rugby-mixed-ability.webp","contentUrl":"https:\/\/www.laguiadepamplona.com\/actualidad\/wp-content\/uploads\/2023\/10\/campeonato-rugby-mixed-ability.webp","width":1024,"height":683,"caption":"campeonato rugby mixed ability"},{"@type":"BreadcrumbList","@id":"https:\/\/www.laguiadepamplona.com\/actualidad\/pamplona-acogera-en-2025-el-torneo-internacional-de-rugby-mixed-ability\/#breadcrumb","itemListElement":[{"@type":"ListItem","position":1,"name":"Portada","item":"https:\/\/www.laguiadepamplona.com\/actualidad\/"},{"@type":"ListItem","position":2,"name":"Pamplona acoger\u00e1 en 2025 el Torneo Internacional de Rugby Mixed Ability"}]},{"@type":"WebSite","@id":"https:\/\/www.laguiadepamplona.com\/actualidad\/#website","url":"https:\/\/www.laguiadepamplona.com\/actualidad\/","name":"La gu\u00eda de Pamplona","description":"Noticias de Pamplona","publisher":{"@id":"https:\/\/www.laguiadepamplona.com\/actualidad\/#organization"},"potentialAction":[{"@type":"SearchAction","target":{"@type":"EntryPoint","urlTemplate":"https:\/\/www.laguiadepamplona.com\/actualidad\/?s={search_term_string}"},"query-input":{"@type":"PropertyValueSpecification","valueRequired":true,"valueName":"search_term_string"}}],"inLanguage":"es"},{"@type":"Organization","@id":"https:\/\/www.laguiadepamplona.com\/actualidad\/#organization","name":"La Gu\u00eda de Pamplona \/ Noticias","url":"https:\/\/www.laguiadepamplona.com\/actualidad\/","logo":{"@type":"ImageObject","inLanguage":"es","@id":"https:\/\/www.laguiadepamplona.com\/actualidad\/#\/schema\/logo\/image\/","url":"https:\/\/www.laguiadepamplona.com\/actualidad\/wp-content\/uploads\/2018\/11\/logo-laguiadepamplona18-web1.png","contentUrl":"https:\/\/www.laguiadepamplona.com\/actualidad\/wp-content\/uploads\/2018\/11\/logo-laguiadepamplona18-web1.png","width":600,"height":196,"caption":"La Gu\u00eda de Pamplona \/ Noticias"},"image":{"@id":"https:\/\/www.laguiadepamplona.com\/actualidad\/#\/schema\/logo\/image\/"},"sameAs":["https:\/\/www.facebook.com\/laguiadepamplonacom-133175176762273\/?ref=hl","https:\/\/x.com\/LaGuiadPamplona","https:\/\/www.instagram.com\/la_guia_de_pamplona\/","https:\/\/www.youtube.com\/user\/laguiadepamplona"]},{"@type":"Person","@id":"https:\/\/www.laguiadepamplona.com\/actualidad\/#\/schema\/person\/efe887376f0213d4657c93adc50b1fdb","name":"La Gu\u00eda de Pamplona","image":{"@type":"ImageObject","inLanguage":"es","@id":"https:\/\/secure.gravatar.com\/avatar\/b6992f131dc8d30ab0dff15446e9d346d9dbd95992de0fef795073f5ea83a81c?s=96&d=mm&r=g","url":"https:\/\/secure.gravatar.com\/avatar\/b6992f131dc8d30ab0dff15446e9d346d9dbd95992de0fef795073f5ea83a81c?s=96&d=mm&r=g","contentUrl":"https:\/\/secure.gravatar.com\/avatar\/b6992f131dc8d30ab0dff15446e9d346d9dbd95992de0fef795073f5ea83a81c?s=96&d=mm&r=g","caption":"La Gu\u00eda de Pamplona"}}]}},"post_mailing_queue_ids":[],"_links":{"self":[{"href":"https:\/\/www.laguiadepamplona.com\/actualidad\/wp-json\/wp\/v2\/posts\/47715","targetHints":{"allow":["GET"]}}],"collection":[{"href":"https:\/\/www.laguiadepamplona.com\/actualidad\/wp-json\/wp\/v2\/posts"}],"about":[{"href":"https:\/\/www.laguiadepamplona.com\/actualidad\/wp-json\/wp\/v2\/types\/post"}],"author":[{"embeddable":true,"href":"https:\/\/www.laguiadepamplona.com\/actualidad\/wp-json\/wp\/v2\/users\/1"}],"replies":[{"embeddable":true,"href":"https:\/\/www.laguiadepamplona.com\/actualidad\/wp-json\/wp\/v2\/comments?post=47715"}],"version-history":[{"count":1,"href":"https:\/\/www.laguiadepamplona.com\/actualidad\/wp-json\/wp\/v2\/posts\/47715\/revisions"}],"predecessor-version":[{"id":47717,"href":"https:\/\/www.laguiadepamplona.com\/actualidad\/wp-json\/wp\/v2\/posts\/47715\/revisions\/47717"}],"wp:featuredmedia":[{"embeddable":true,"href":"https:\/\/www.laguiadepamplona.com\/actualidad\/wp-json\/wp\/v2\/media\/47716"}],"wp:attachment":[{"href":"https:\/\/www.laguiadepamplona.com\/actualidad\/wp-json\/wp\/v2\/media?parent=47715"}],"wp:term":[{"taxonomy":"category","embeddable":true,"href":"https:\/\/www.laguiadepamplona.com\/actualidad\/wp-json\/wp\/v2\/categories?post=47715"},{"taxonomy":"post_tag","embeddable":true,"href":"https:\/\/www.laguiadepamplona.com\/actualidad\/wp-json\/wp\/v2\/tags?post=47715"}],"curies":[{"name":"wp","href":"https:\/\/api.w.org\/{rel}","templated":true}]}}